{"id":1171725,"date":"2023-02-15T06:45:00","date_gmt":"2023-02-15T09:45:00","guid":{"rendered":"https:\/\/www.estrategiaconcursos.com.br\/blog\/?p=1171725"},"modified":"2023-12-11T10:40:22","modified_gmt":"2023-12-11T13:40:22","slug":"concurso-inss-convocacao-curso-de-formacao","status":"publish","type":"post","link":"https:\/\/www.estrategiaconcursos.com.br\/blog\/concurso-inss-convocacao-curso-de-formacao\/","title":{"rendered":"Concurso INSS: saiu a convoca\u00e7\u00e3o para o curso de forma\u00e7\u00e3o!"},"content":{"rendered":"\n<p>Um dos certames mais importantes do Brasil, o <strong>concurso INSS<\/strong>, teve o resultado final da primeira etapa divulgado&nbsp;e, consequentemente, a <strong>convoca\u00e7\u00e3o para a matr\u00edcula no curso de forma\u00e7\u00e3o<\/strong>. Veja:<\/p>\n\n\n\n<ul class=\"wp-block-list\">\n<li><a href=\"https:\/\/dhg1h5j42swfq.cloudfront.net\/2023\/02\/15091632\/ed_14_inss_22_res_final_1_etapa_conv_cf.pdf\" target=\"_blank\" rel=\"noreferrer noopener nofollow\"><strong>Resultado final 1\u00ba etapa e convoca\u00e7\u00e3o<\/strong><\/a><\/li>\n\n\n\n<li><strong><a href=\"https:\/\/dhg1h5j42swfq.cloudfront.net\/2023\/02\/15144306\/inss_comunicado___link.pdf\" target=\"_blank\" rel=\"noreferrer noopener nofollow\">Nova data de matr\u00edcula<\/a><\/strong><\/li>\n<\/ul>\n\n\n\n<p>Conforme anunciado pelo&nbsp;<a href=\"https:\/\/www.cebraspe.org.br\/concursos\/INSS_22\" target=\"_blank\" rel=\"noreferrer noopener\">Cebraspe<\/a>, o curso de forma\u00e7\u00e3o ser\u00e1 de car\u00e1ter classificat\u00f3rio e eliminat\u00f3rio e corresponde a segunda etapa do certame. Ele ser\u00e1 ministrado nas seguintes cidades: <\/p>\n\n\n\n<ul class=\"wp-block-list\">\n<li>Bel\u00e9m\/PA, Belo Horizonte\/MG, Bras\u00edlia\/DF, Florian\u00f3polis\/SC, Fortaleza\/CE, Jo\u00e3o Pessoa\/PB, Manaus\/AM, Rio de Janeiro\/RJ e S\u00e3o Paulo\/SP.<\/li>\n<\/ul>\n\n\n\n<p>A carga hor\u00e1ria ser\u00e1 de <strong>180 horas presenciais<\/strong>, em tempo integral, com atividades desenvolvidas no turno diurno. As provas poder\u00e3o ser aplicadas aos s\u00e1bados, domingos e\/ou feriados. Inclusive, a etapa ser\u00e1 realizada entre os dias&nbsp;<strong>6 de mar\u00e7o e 5 de abril<\/strong>.&nbsp;<\/p>\n\n\n\n<p>Ser\u00e1 <strong>eliminado <\/strong>o candidato que:<\/p>\n\n\n\n<ul class=\"wp-block-list\">\n<li><strong>a)<\/strong> deixar de efetuar a matr\u00edcula no curso de forma\u00e7\u00e3o;<\/li>\n\n\n\n<li><strong>b)<\/strong> solicitar cancelamento de matr\u00edcula ou desligamento do curso de forma\u00e7\u00e3o ou dele se afastar por qualquer motivo;<\/li>\n\n\n\n<li><strong>c)<\/strong> n\u00e3o obtiver frequ\u00eancia integral em todas as disciplinas, salvo o m\u00e1ximo de 25% de faltas justificadas dentro da legalidade prevista;<\/li>\n\n\n\n<li><strong>d)<\/strong> obtiver nota final no curso de forma\u00e7\u00e3o inferior ao m\u00ednimo de pontos estabelecido neste edital;<\/li>\n\n\n\n<li><strong>e) <\/strong>n\u00e3o cumprir as atividades de avalia\u00e7\u00e3o do curso de forma\u00e7\u00e3o; e<\/li>\n\n\n\n<li><strong>f)<\/strong> n\u00e3o satisfizer os demais requisitos legais, regulamentares e(ou) regimentais.<\/li>\n<\/ul>\n\n\n\n<h3 class=\"wp-block-heading\">Matr\u00edcula do curso de forma\u00e7\u00e3o do concurso INSS<\/h3>\n\n\n\n<p>A matr\u00edcula ser\u00e1 efetuada, exclusivamente, por meio do site da banca, no per\u00edodo de <strong>10h do dia 16 de fevereiro e 16h do dia 17 de fevereiro <\/strong>(hor\u00e1rio oficial de Bras\u00edlia\/DF). <\/p>\n\n\n\n<p>Os candidatos dever\u00e3o enviar a imagem da documenta\u00e7\u00e3o relacionada a seguir:<\/p>\n\n\n\n<ul class=\"wp-block-list\">\n<li><strong>a)<\/strong> comprova\u00e7\u00e3o do requisito, por meio da apresenta\u00e7\u00e3o de certificado, devidamente registrado, de conclus\u00e3o de curso de ensino m\u00e9dio ou curso t\u00e9cnico equivalente, expedido por institui\u00e7\u00e3o de ensino reconhecida pelo \u00f3rg\u00e3o competente ou declara\u00e7\u00e3o, expedida por institui\u00e7\u00e3o de ensino reconhecida pelo \u00f3rg\u00e3o competente, de que o candidato ter\u00e1 condi\u00e7\u00f5es de implementar o requisito de escolaridade at\u00e9 o \u00faltimo dia do curso de forma\u00e7\u00e3o;<\/li>\n\n\n\n<li><strong>b)<\/strong> documento de identidade, conforme previsto no subitem 13.10 do edital de abertura;<\/li>\n\n\n\n<li><strong>c) <\/strong>t\u00edtulo de eleitor com comprovante de vota\u00e7\u00e3o na \u00faltima elei\u00e7\u00e3o e(ou) justificativa de n\u00e3o-vota\u00e7\u00e3o, em ambos os turnos, se for o caso;<\/li>\n\n\n\n<li><strong>d) <\/strong>CPF; e<\/li>\n\n\n\n<li><strong>e) <\/strong>comprovante de quita\u00e7\u00e3o com as obriga\u00e7\u00f5es militares, para os candidatos do sexo masculino.<\/li>\n<\/ul>\n\n\n\n<p class=\"has-background\" style=\"background-color:#ecf1f1\"><strong>Importante: ao efetuar a matr\u00edcula, o candidato dever\u00e1 imprimir o comprovante de matr\u00edcula e entreg\u00e1-lo pessoalmente no dia 06\/03, das 7h \u00e0s 8h (hor\u00e1rio de Bras\u00edlia), no local de realiza\u00e7\u00e3o do curso de forma\u00e7\u00e3o. Tamb\u00e9m ser\u00e1 necess\u00e1rio apresentar o documento de identidade original.<\/strong><\/p>\n\n\n\n<h3 class=\"has-text-align-left wp-block-heading\">Como funciona o curso de forma\u00e7\u00e3o do concurso INSS?<\/h3>\n\n\n\n<p>A avalia\u00e7\u00e3o consistir\u00e1 de prova objetiva, composta de 120 itens para julgamento certo ou errado, e de prova discursiva, composta de duas quest\u00f5es discursivas, a serem respondidas em at\u00e9 15 linhas, acerca dos conte\u00fados ministrados no curso. <\/p>\n\n\n\n<p>Durante o curso de forma\u00e7\u00e3o, o candidato regularmente matriculado far\u00e1 jus, a t\u00edtulo de aux\u00edlio financeiro, a 50% por cento da remunera\u00e7\u00e3o da classe\/padr\u00e3o inicial do cargo e, no caso de o candidato ser servidor da Administra\u00e7\u00e3o P\u00fablica Federal, ser-lhe-\u00e1 facultado optar pela percep\u00e7\u00e3o do vencimento e das vantagens de seu cargo efetivo.<\/p>\n\n\n\n<p class=\"has-text-align-center\"><em>Para mais detalhes do concurso INSS, cuja convoca\u00e7\u00e3o para o curso de forma\u00e7\u00e3o foi divulgada, acesse o link abaixo. Preparamos um artigo completo, separado por t\u00f3picos, para facilitar a sua compreens\u00e3o:<\/em><\/p>\n\n\n\n<p class=\"has-text-align-center has-background\" style=\"background-color:#ededed;font-size:clamp(14.642px, 0.915rem + ((1vw - 3.2px) * 0.721), 22px);\"><strong>Saiba mais: <a href=\"https:\/\/www.estrategiaconcursos.com.br\/blog\/concurso-inss\/\" target=\"_blank\" rel=\"noreferrer noopener\">concurso INSS<\/a><\/strong><\/p>\n\n\n\n<div class=\"container\" id=\"boxes\">\n  <div class=\"row\">\n\n    <div class=\"col-sm\">\n      <div class=\"banner-adm\" id=\"box-assinatura\">\n        <h3 class=\"titulo-assinatura\">Concurso INSS<\/h3>\n        <p class=\"subtitulo-assinatura\">Conhe\u00e7a os cursos<\/p>\n        <div class=\"box-botao\">\n          <a class=\"btn-assinatura\" target=\"_blank\" href=\"https:\/\/www.estrategiaconcursos.com.br\/cursosPorConcurso\/inss-tecnico-do-seguro-social-101\/\" role=\"button\" rel=\"noopener noreferrer\">Conhe\u00e7a mais<\/a>\n        <\/div>\n      <\/div>\n     \n    <\/div>\n\n  <\/div>\n<\/div>\n\n\n\n<h2 class=\"has-text-align-center wp-block-heading\" id=\"h-quer-saber-tudo-sobre-concursos-previstos-confira-nossos-artigos\">Quer saber tudo sobre concursos previstos?<br \/>Confira nossos artigos!<\/h2>\n\n\n\n<ul class=\"wp-block-list\">\n<li><a href=\"https:\/\/www.estrategiaconcursos.com.br\/blog\/concursos-abertos\/\" target=\"_blank\" rel=\"noreferrer noopener\">Concursos Abertos<\/a><\/li>\n\n\n\n<li><a href=\"https:\/\/www.estrategiaconcursos.com.br\/blog\/concursos-2023\/\" target=\"_blank\" rel=\"noreferrer noopener\">Concursos 2023<\/a><\/li>\n<\/ul>\n","protected":false},"excerpt":{"rendered":"<p>Um dos certames mais importantes do Brasil, o concurso INSS, teve o resultado final da primeira etapa divulgado&nbsp;e, consequentemente, a convoca\u00e7\u00e3o para a matr\u00edcula no curso de forma\u00e7\u00e3o. Veja: Conforme anunciado pelo&nbsp;Cebraspe, o curso de forma\u00e7\u00e3o ser\u00e1 de car\u00e1ter classificat\u00f3rio e eliminat\u00f3rio e corresponde a segunda etapa do certame. Ele ser\u00e1 ministrado nas seguintes cidades: [&hellip;]<\/p>\n","protected":false},"author":2018,"featured_media":1121177,"comment_status":"open","ping_status":"closed","sticky":false,"template":"","format":"standard","meta":{"post_tipo":"news","footnotes":""},"categories":[220191,220219],"tags":[],"tax_estado":[219963],"class_list":["post-1171725","post","type-post","status-publish","format-standard","has-post-thumbnail","hentry","category-previdenciaria","category-noticias","tax_estado-concursos-federais"],"acf":[],"yoast_head":"<!-- This site is optimized with the Yoast SEO Premium plugin v27.2 (Yoast SEO v27.2) - https:\/\/yoast.com\/product\/yoast-seo-premium-wordpress\/ -->\n<title>Concurso INSS: saiu a convoca\u00e7\u00e3o para o curso de forma\u00e7\u00e3o!<\/title>\n<meta name=\"description\" content=\"Concurso INSS: divulgado o resultado final da primeira etapa\u00a0e, consequentemente, a convoca\u00e7\u00e3o para a matr\u00edcula no curso de forma\u00e7\u00e3o. Veja!\" \/>\n<meta name=\"robots\" content=\"index, follow, max-snippet:-1, max-image-preview:large, max-video-preview:-1\" \/>\n<link rel=\"canonical\" href=\"https:\/\/www.estrategiaconcursos.com.br\/blog\/concurso-inss-convocacao-curso-de-formacao\/\" \/>\n<meta property=\"og:locale\" content=\"pt_BR\" \/>\n<meta property=\"og:type\" content=\"article\" \/>\n<meta property=\"og:title\" content=\"Concurso INSS: saiu a convoca\u00e7\u00e3o para o curso de forma\u00e7\u00e3o!\" \/>\n<meta property=\"og:description\" content=\"Concurso INSS: divulgado o resultado final da primeira etapa\u00a0e, consequentemente, a convoca\u00e7\u00e3o para a matr\u00edcula no curso de forma\u00e7\u00e3o. Veja!\" \/>\n<meta property=\"og:url\" content=\"https:\/\/www.estrategiaconcursos.com.br\/blog\/concurso-inss-convocacao-curso-de-formacao\/\" \/>\n<meta property=\"og:site_name\" content=\"Estrat\u00e9gia Concursos\" \/>\n<meta property=\"article:published_time\" content=\"2023-02-15T09:45:00+00:00\" \/>\n<meta property=\"article:modified_time\" content=\"2023-12-11T13:40:22+00:00\" \/>\n<meta property=\"og:image\" content=\"https:\/\/dhg1h5j42swfq.cloudfront.net\/2022\/11\/07162326\/inss-1024x536-1.jpg\" \/>\n\t<meta property=\"og:image:width\" content=\"1024\" \/>\n\t<meta property=\"og:image:height\" content=\"536\" \/>\n\t<meta property=\"og:image:type\" content=\"image\/jpeg\" \/>\n<meta name=\"author\" content=\"B\u00e1rbara Carvalho Santos\" \/>\n<meta name=\"twitter:card\" content=\"summary_large_image\" \/>\n<meta name=\"twitter:creator\" content=\"@EstratConcursos\" \/>\n<meta name=\"twitter:site\" content=\"@EstratConcursos\" \/>\n<meta name=\"twitter:label1\" content=\"Escrito por\" \/>\n\t<meta name=\"twitter:data1\" content=\"B\u00e1rbara Carvalho Santos\" \/>\n\t<meta name=\"twitter:label2\" content=\"Est. tempo de leitura\" \/>\n\t<meta name=\"twitter:data2\" content=\"3 minutos\" \/>\n<script type=\"application\/ld+json\" class=\"yoast-schema-graph\">{\"@context\":\"https:\/\/schema.org\",\"@graph\":[{\"@type\":\"NewsArticle\",\"@id\":\"https:\/\/www.estrategiaconcursos.com.br\/blog\/concurso-inss-convocacao-curso-de-formacao\/#article\",\"isPartOf\":{\"@id\":\"https:\/\/www.estrategiaconcursos.com.br\/blog\/concurso-inss-convocacao-curso-de-formacao\/\"},\"author\":{\"name\":\"B\u00e1rbara Carvalho Santos\",\"@id\":\"https:\/\/www.estrategiaconcursos.com.br\/blog\/#\/schema\/person\/e3882259fa157d54c44c21f4ee4e0e60\"},\"headline\":\"Concurso INSS: saiu a convoca\u00e7\u00e3o para o curso de forma\u00e7\u00e3o!\",\"datePublished\":\"2023-02-15T09:45:00+00:00\",\"dateModified\":\"2023-12-11T13:40:22+00:00\",\"mainEntityOfPage\":{\"@id\":\"https:\/\/www.estrategiaconcursos.com.br\/blog\/concurso-inss-convocacao-curso-de-formacao\/\"},\"wordCount\":681,\"commentCount\":0,\"publisher\":{\"@id\":\"https:\/\/www.estrategiaconcursos.com.br\/blog\/#organization\"},\"image\":{\"@id\":\"https:\/\/www.estrategiaconcursos.com.br\/blog\/concurso-inss-convocacao-curso-de-formacao\/#primaryimage\"},\"thumbnailUrl\":\"https:\/\/dhg1h5j42swfq.cloudfront.net\/2022\/11\/07162326\/inss-1024x536-1.jpg\",\"articleSection\":[\"Previdenci\u00e1ria (INSS, PREVIC)\",\"\u00daltimas not\u00edcias\"],\"inLanguage\":\"pt-BR\",\"potentialAction\":[{\"@type\":\"CommentAction\",\"name\":\"Comment\",\"target\":[\"https:\/\/www.estrategiaconcursos.com.br\/blog\/concurso-inss-convocacao-curso-de-formacao\/#respond\"]}],\"copyrightYear\":\"2023\",\"copyrightHolder\":{\"@id\":\"https:\/\/www.estrategiaconcursos.com.br\/blog\/#organization\"}},{\"@type\":\"WebPage\",\"@id\":\"https:\/\/www.estrategiaconcursos.com.br\/blog\/concurso-inss-convocacao-curso-de-formacao\/\",\"url\":\"https:\/\/www.estrategiaconcursos.com.br\/blog\/concurso-inss-convocacao-curso-de-formacao\/\",\"name\":\"Concurso INSS: saiu a convoca\u00e7\u00e3o para o curso de forma\u00e7\u00e3o!\",\"isPartOf\":{\"@id\":\"https:\/\/www.estrategiaconcursos.com.br\/blog\/#website\"},\"primaryImageOfPage\":{\"@id\":\"https:\/\/www.estrategiaconcursos.com.br\/blog\/concurso-inss-convocacao-curso-de-formacao\/#primaryimage\"},\"image\":{\"@id\":\"https:\/\/www.estrategiaconcursos.com.br\/blog\/concurso-inss-convocacao-curso-de-formacao\/#primaryimage\"},\"thumbnailUrl\":\"https:\/\/dhg1h5j42swfq.cloudfront.net\/2022\/11\/07162326\/inss-1024x536-1.jpg\",\"datePublished\":\"2023-02-15T09:45:00+00:00\",\"dateModified\":\"2023-12-11T13:40:22+00:00\",\"description\":\"Concurso INSS: divulgado o resultado final da primeira etapa\u00a0e, consequentemente, a convoca\u00e7\u00e3o para a matr\u00edcula no curso de forma\u00e7\u00e3o. Veja!\",\"breadcrumb\":{\"@id\":\"https:\/\/www.estrategiaconcursos.com.br\/blog\/concurso-inss-convocacao-curso-de-formacao\/#breadcrumb\"},\"inLanguage\":\"pt-BR\",\"potentialAction\":[{\"@type\":\"ReadAction\",\"target\":[\"https:\/\/www.estrategiaconcursos.com.br\/blog\/concurso-inss-convocacao-curso-de-formacao\/\"]}]},{\"@type\":\"ImageObject\",\"inLanguage\":\"pt-BR\",\"@id\":\"https:\/\/www.estrategiaconcursos.com.br\/blog\/concurso-inss-convocacao-curso-de-formacao\/#primaryimage\",\"url\":\"https:\/\/dhg1h5j42swfq.cloudfront.net\/2022\/11\/07162326\/inss-1024x536-1.jpg\",\"contentUrl\":\"https:\/\/dhg1h5j42swfq.cloudfront.net\/2022\/11\/07162326\/inss-1024x536-1.jpg\",\"width\":1024,\"height\":536,\"caption\":\"Convoca\u00e7\u00e3o de 300 excedentes do INSS j\u00e1 tem data!\"},{\"@type\":\"BreadcrumbList\",\"@id\":\"https:\/\/www.estrategiaconcursos.com.br\/blog\/concurso-inss-convocacao-curso-de-formacao\/#breadcrumb\",\"itemListElement\":[{\"@type\":\"ListItem\",\"position\":1,\"name\":\"In\u00edcio\",\"item\":\"https:\/\/www.estrategiaconcursos.com.br\/blog\/\"},{\"@type\":\"ListItem\",\"position\":2,\"name\":\"Concurso INSS: saiu a convoca\u00e7\u00e3o para o curso de forma\u00e7\u00e3o!\"}]},{\"@type\":\"WebSite\",\"@id\":\"https:\/\/www.estrategiaconcursos.com.br\/blog\/#website\",\"url\":\"https:\/\/www.estrategiaconcursos.com.br\/blog\/\",\"name\":\"Estrat\u00e9gia Concursos\",\"description\":\"O blog da Estrat\u00e9gia Concursos traz not\u00edcias sobre concursos e artigos de professores oferecendo cursos para concursos (pdf + videaulas) no site.\",\"publisher\":{\"@id\":\"https:\/\/www.estrategiaconcursos.com.br\/blog\/#organization\"},\"potentialAction\":[{\"@type\":\"SearchAction\",\"target\":{\"@type\":\"EntryPoint\",\"urlTemplate\":\"https:\/\/www.estrategiaconcursos.com.br\/blog\/?s={search_term_string}\"},\"query-input\":{\"@type\":\"PropertyValueSpecification\",\"valueRequired\":true,\"valueName\":\"search_term_string\"}}],\"inLanguage\":\"pt-BR\"},{\"@type\":\"Organization\",\"@id\":\"https:\/\/www.estrategiaconcursos.com.br\/blog\/#organization\",\"name\":\"Estrat\u00e9gia Concursos\",\"url\":\"https:\/\/www.estrategiaconcursos.com.br\/blog\/\",\"logo\":{\"@type\":\"ImageObject\",\"inLanguage\":\"pt-BR\",\"@id\":\"https:\/\/www.estrategiaconcursos.com.br\/blog\/#\/schema\/logo\/image\/\",\"url\":\"https:\/\/dhg1h5j42swfq.cloudfront.net\/2025\/06\/03203428\/logo_concursos-1.jpg\",\"contentUrl\":\"https:\/\/dhg1h5j42swfq.cloudfront.net\/2025\/06\/03203428\/logo_concursos-1.jpg\",\"width\":230,\"height\":60,\"caption\":\"Estrat\u00e9gia Concursos\"},\"image\":{\"@id\":\"https:\/\/www.estrategiaconcursos.com.br\/blog\/#\/schema\/logo\/image\/\"},\"sameAs\":[\"https:\/\/x.com\/EstratConcursos\"]},{\"@type\":\"Person\",\"@id\":\"https:\/\/www.estrategiaconcursos.com.br\/blog\/#\/schema\/person\/e3882259fa157d54c44c21f4ee4e0e60\",\"name\":\"B\u00e1rbara Carvalho Santos\",\"image\":{\"@type\":\"ImageObject\",\"inLanguage\":\"pt-BR\",\"@id\":\"https:\/\/secure.gravatar.com\/avatar\/353300f73140f779692b9be2b39f434d1341e4e34c7f55bd5a990fe29ef352eb?s=96&d=mm&r=g\",\"url\":\"https:\/\/secure.gravatar.com\/avatar\/353300f73140f779692b9be2b39f434d1341e4e34c7f55bd5a990fe29ef352eb?s=96&d=mm&r=g\",\"contentUrl\":\"https:\/\/secure.gravatar.com\/avatar\/353300f73140f779692b9be2b39f434d1341e4e34c7f55bd5a990fe29ef352eb?s=96&d=mm&r=g\",\"caption\":\"B\u00e1rbara Carvalho Santos\"},\"description\":\"M\u00e3e e jornalista formada pela UNIP, possui ampla experi\u00eancia na cobertura de entretenimento em grandes ve\u00edculos, como o site da CNN, RedeTV! e Estrat\u00e9gia Educacional. Atuou tamb\u00e9m em ag\u00eancias de marketing, produtoras musicais e assessorias de imprensa, com foco especial no trabalho com personalidades p\u00fablicas. Atualmente, integra a equipe do Estrat\u00e9gia Concursos, onde \u00e9 respons\u00e1vel pela produ\u00e7\u00e3o de conte\u00fados estrat\u00e9gicos voltados para o setor de concursos p\u00fablicos, com destaque para a \u00e1rea fiscal, gest\u00e3o, controle, concursos administrativos e Minist\u00e9rios participantes do CNU, al\u00e9m de diversos \u00f3rg\u00e3os federais. Tem como miss\u00e3o transformar informa\u00e7\u00f5es complexas em conte\u00fados acess\u00edveis, relevantes e de alto valor para quem sonha com uma carreira no servi\u00e7o p\u00fablico.\",\"url\":\"https:\/\/www.estrategiaconcursos.com.br\/blog\/author\/barbara-santos\/\"}]}<\/script>\n<!-- \/ Yoast SEO Premium plugin. -->","yoast_head_json":{"title":"Concurso INSS: saiu a convoca\u00e7\u00e3o para o curso de forma\u00e7\u00e3o!","description":"Concurso INSS: divulgado o resultado final da primeira etapa\u00a0e, consequentemente, a convoca\u00e7\u00e3o para a matr\u00edcula no curso de forma\u00e7\u00e3o. Veja!","robots":{"index":"index","follow":"follow","max-snippet":"max-snippet:-1","max-image-preview":"max-image-preview:large","max-video-preview":"max-video-preview:-1"},"canonical":"https:\/\/www.estrategiaconcursos.com.br\/blog\/concurso-inss-convocacao-curso-de-formacao\/","og_locale":"pt_BR","og_type":"article","og_title":"Concurso INSS: saiu a convoca\u00e7\u00e3o para o curso de forma\u00e7\u00e3o!","og_description":"Concurso INSS: divulgado o resultado final da primeira etapa\u00a0e, consequentemente, a convoca\u00e7\u00e3o para a matr\u00edcula no curso de forma\u00e7\u00e3o. Veja!","og_url":"https:\/\/www.estrategiaconcursos.com.br\/blog\/concurso-inss-convocacao-curso-de-formacao\/","og_site_name":"Estrat\u00e9gia Concursos","article_published_time":"2023-02-15T09:45:00+00:00","article_modified_time":"2023-12-11T13:40:22+00:00","og_image":[{"width":1024,"height":536,"url":"https:\/\/dhg1h5j42swfq.cloudfront.net\/2022\/11\/07162326\/inss-1024x536-1.jpg","type":"image\/jpeg"}],"author":"B\u00e1rbara Carvalho Santos","twitter_card":"summary_large_image","twitter_creator":"@EstratConcursos","twitter_site":"@EstratConcursos","twitter_misc":{"Escrito por":"B\u00e1rbara Carvalho Santos","Est. tempo de leitura":"3 minutos"},"schema":{"@context":"https:\/\/schema.org","@graph":[{"@type":"NewsArticle","@id":"https:\/\/www.estrategiaconcursos.com.br\/blog\/concurso-inss-convocacao-curso-de-formacao\/#article","isPartOf":{"@id":"https:\/\/www.estrategiaconcursos.com.br\/blog\/concurso-inss-convocacao-curso-de-formacao\/"},"author":{"name":"B\u00e1rbara Carvalho Santos","@id":"https:\/\/www.estrategiaconcursos.com.br\/blog\/#\/schema\/person\/e3882259fa157d54c44c21f4ee4e0e60"},"headline":"Concurso INSS: saiu a convoca\u00e7\u00e3o para o curso de forma\u00e7\u00e3o!","datePublished":"2023-02-15T09:45:00+00:00","dateModified":"2023-12-11T13:40:22+00:00","mainEntityOfPage":{"@id":"https:\/\/www.estrategiaconcursos.com.br\/blog\/concurso-inss-convocacao-curso-de-formacao\/"},"wordCount":681,"commentCount":0,"publisher":{"@id":"https:\/\/www.estrategiaconcursos.com.br\/blog\/#organization"},"image":{"@id":"https:\/\/www.estrategiaconcursos.com.br\/blog\/concurso-inss-convocacao-curso-de-formacao\/#primaryimage"},"thumbnailUrl":"https:\/\/dhg1h5j42swfq.cloudfront.net\/2022\/11\/07162326\/inss-1024x536-1.jpg","articleSection":["Previdenci\u00e1ria (INSS, PREVIC)","\u00daltimas not\u00edcias"],"inLanguage":"pt-BR","potentialAction":[{"@type":"CommentAction","name":"Comment","target":["https:\/\/www.estrategiaconcursos.com.br\/blog\/concurso-inss-convocacao-curso-de-formacao\/#respond"]}],"copyrightYear":"2023","copyrightHolder":{"@id":"https:\/\/www.estrategiaconcursos.com.br\/blog\/#organization"}},{"@type":"WebPage","@id":"https:\/\/www.estrategiaconcursos.com.br\/blog\/concurso-inss-convocacao-curso-de-formacao\/","url":"https:\/\/www.estrategiaconcursos.com.br\/blog\/concurso-inss-convocacao-curso-de-formacao\/","name":"Concurso INSS: saiu a convoca\u00e7\u00e3o para o curso de forma\u00e7\u00e3o!","isPartOf":{"@id":"https:\/\/www.estrategiaconcursos.com.br\/blog\/#website"},"primaryImageOfPage":{"@id":"https:\/\/www.estrategiaconcursos.com.br\/blog\/concurso-inss-convocacao-curso-de-formacao\/#primaryimage"},"image":{"@id":"https:\/\/www.estrategiaconcursos.com.br\/blog\/concurso-inss-convocacao-curso-de-formacao\/#primaryimage"},"thumbnailUrl":"https:\/\/dhg1h5j42swfq.cloudfront.net\/2022\/11\/07162326\/inss-1024x536-1.jpg","datePublished":"2023-02-15T09:45:00+00:00","dateModified":"2023-12-11T13:40:22+00:00","description":"Concurso INSS: divulgado o resultado final da primeira etapa\u00a0e, consequentemente, a convoca\u00e7\u00e3o para a matr\u00edcula no curso de forma\u00e7\u00e3o. Veja!","breadcrumb":{"@id":"https:\/\/www.estrategiaconcursos.com.br\/blog\/concurso-inss-convocacao-curso-de-formacao\/#breadcrumb"},"inLanguage":"pt-BR","potentialAction":[{"@type":"ReadAction","target":["https:\/\/www.estrategiaconcursos.com.br\/blog\/concurso-inss-convocacao-curso-de-formacao\/"]}]},{"@type":"ImageObject","inLanguage":"pt-BR","@id":"https:\/\/www.estrategiaconcursos.com.br\/blog\/concurso-inss-convocacao-curso-de-formacao\/#primaryimage","url":"https:\/\/dhg1h5j42swfq.cloudfront.net\/2022\/11\/07162326\/inss-1024x536-1.jpg","contentUrl":"https:\/\/dhg1h5j42swfq.cloudfront.net\/2022\/11\/07162326\/inss-1024x536-1.jpg","width":1024,"height":536,"caption":"Convoca\u00e7\u00e3o de 300 excedentes do INSS j\u00e1 tem data!"},{"@type":"BreadcrumbList","@id":"https:\/\/www.estrategiaconcursos.com.br\/blog\/concurso-inss-convocacao-curso-de-formacao\/#breadcrumb","itemListElement":[{"@type":"ListItem","position":1,"name":"In\u00edcio","item":"https:\/\/www.estrategiaconcursos.com.br\/blog\/"},{"@type":"ListItem","position":2,"name":"Concurso INSS: saiu a convoca\u00e7\u00e3o para o curso de forma\u00e7\u00e3o!"}]},{"@type":"WebSite","@id":"https:\/\/www.estrategiaconcursos.com.br\/blog\/#website","url":"https:\/\/www.estrategiaconcursos.com.br\/blog\/","name":"Estrat\u00e9gia Concursos","description":"O blog da Estrat\u00e9gia Concursos traz not\u00edcias sobre concursos e artigos de professores oferecendo cursos para concursos (pdf + videaulas) no site.","publisher":{"@id":"https:\/\/www.estrategiaconcursos.com.br\/blog\/#organization"},"potentialAction":[{"@type":"SearchAction","target":{"@type":"EntryPoint","urlTemplate":"https:\/\/www.estrategiaconcursos.com.br\/blog\/?s={search_term_string}"},"query-input":{"@type":"PropertyValueSpecification","valueRequired":true,"valueName":"search_term_string"}}],"inLanguage":"pt-BR"},{"@type":"Organization","@id":"https:\/\/www.estrategiaconcursos.com.br\/blog\/#organization","name":"Estrat\u00e9gia Concursos","url":"https:\/\/www.estrategiaconcursos.com.br\/blog\/","logo":{"@type":"ImageObject","inLanguage":"pt-BR","@id":"https:\/\/www.estrategiaconcursos.com.br\/blog\/#\/schema\/logo\/image\/","url":"https:\/\/dhg1h5j42swfq.cloudfront.net\/2025\/06\/03203428\/logo_concursos-1.jpg","contentUrl":"https:\/\/dhg1h5j42swfq.cloudfront.net\/2025\/06\/03203428\/logo_concursos-1.jpg","width":230,"height":60,"caption":"Estrat\u00e9gia Concursos"},"image":{"@id":"https:\/\/www.estrategiaconcursos.com.br\/blog\/#\/schema\/logo\/image\/"},"sameAs":["https:\/\/x.com\/EstratConcursos"]},{"@type":"Person","@id":"https:\/\/www.estrategiaconcursos.com.br\/blog\/#\/schema\/person\/e3882259fa157d54c44c21f4ee4e0e60","name":"B\u00e1rbara Carvalho Santos","image":{"@type":"ImageObject","inLanguage":"pt-BR","@id":"https:\/\/secure.gravatar.com\/avatar\/353300f73140f779692b9be2b39f434d1341e4e34c7f55bd5a990fe29ef352eb?s=96&d=mm&r=g","url":"https:\/\/secure.gravatar.com\/avatar\/353300f73140f779692b9be2b39f434d1341e4e34c7f55bd5a990fe29ef352eb?s=96&d=mm&r=g","contentUrl":"https:\/\/secure.gravatar.com\/avatar\/353300f73140f779692b9be2b39f434d1341e4e34c7f55bd5a990fe29ef352eb?s=96&d=mm&r=g","caption":"B\u00e1rbara Carvalho Santos"},"description":"M\u00e3e e jornalista formada pela UNIP, possui ampla experi\u00eancia na cobertura de entretenimento em grandes ve\u00edculos, como o site da CNN, RedeTV! e Estrat\u00e9gia Educacional. Atuou tamb\u00e9m em ag\u00eancias de marketing, produtoras musicais e assessorias de imprensa, com foco especial no trabalho com personalidades p\u00fablicas. Atualmente, integra a equipe do Estrat\u00e9gia Concursos, onde \u00e9 respons\u00e1vel pela produ\u00e7\u00e3o de conte\u00fados estrat\u00e9gicos voltados para o setor de concursos p\u00fablicos, com destaque para a \u00e1rea fiscal, gest\u00e3o, controle, concursos administrativos e Minist\u00e9rios participantes do CNU, al\u00e9m de diversos \u00f3rg\u00e3os federais. Tem como miss\u00e3o transformar informa\u00e7\u00f5es complexas em conte\u00fados acess\u00edveis, relevantes e de alto valor para quem sonha com uma carreira no servi\u00e7o p\u00fablico.","url":"https:\/\/www.estrategiaconcursos.com.br\/blog\/author\/barbara-santos\/"}]}},"_links":{"self":[{"href":"https:\/\/www.estrategiaconcursos.com.br\/blog\/wp-json\/wp\/v2\/posts\/1171725","targetHints":{"allow":["GET"]}}],"collection":[{"href":"https:\/\/www.estrategiaconcursos.com.br\/blog\/wp-json\/wp\/v2\/posts"}],"about":[{"href":"https:\/\/www.estrategiaconcursos.com.br\/blog\/wp-json\/wp\/v2\/types\/post"}],"author":[{"embeddable":true,"href":"https:\/\/www.estrategiaconcursos.com.br\/blog\/wp-json\/wp\/v2\/users\/2018"}],"replies":[{"embeddable":true,"href":"https:\/\/www.estrategiaconcursos.com.br\/blog\/wp-json\/wp\/v2\/comments?post=1171725"}],"version-history":[{"count":10,"href":"https:\/\/www.estrategiaconcursos.com.br\/blog\/wp-json\/wp\/v2\/posts\/1171725\/revisions"}],"predecessor-version":[{"id":1172207,"href":"https:\/\/www.estrategiaconcursos.com.br\/blog\/wp-json\/wp\/v2\/posts\/1171725\/revisions\/1172207"}],"wp:featuredmedia":[{"embeddable":true,"href":"https:\/\/www.estrategiaconcursos.com.br\/blog\/wp-json\/wp\/v2\/media\/1121177"}],"wp:attachment":[{"href":"https:\/\/www.estrategiaconcursos.com.br\/blog\/wp-json\/wp\/v2\/media?parent=1171725"}],"wp:term":[{"taxonomy":"category","embeddable":true,"href":"https:\/\/www.estrategiaconcursos.com.br\/blog\/wp-json\/wp\/v2\/categories?post=1171725"},{"taxonomy":"post_tag","embeddable":true,"href":"https:\/\/www.estrategiaconcursos.com.br\/blog\/wp-json\/wp\/v2\/tags?post=1171725"},{"taxonomy":"tax_estado","embeddable":true,"href":"https:\/\/www.estrategiaconcursos.com.br\/blog\/wp-json\/wp\/v2\/tax_estado?post=1171725"}],"curies":[{"name":"wp","href":"https:\/\/api.w.org\/{rel}","templated":true}]}}