{"id":11706,"date":"2013-10-23T14:28:43","date_gmt":"2013-10-23T17:28:43","guid":{"rendered":"https:\/\/www.estrategiaconcursos.com.br\/blog\/?p=11706"},"modified":"2023-06-22T16:53:29","modified_gmt":"2023-06-22T19:53:29","slug":"comentarios-as-questoes-de-economia-do-bacen-parte-ii","status":"publish","type":"post","link":"https:\/\/www.estrategiaconcursos.com.br\/blog\/comentarios-as-questoes-de-economia-do-bacen-parte-ii\/","title":{"rendered":"Coment\u00e1rios \u00e0s quest\u00f5es de Economia do BACEN &#8211; Parte II"},"content":{"rendered":"<p>Ol\u00e1 caros(as) amigos(as),<\/p>\n<p>Aqui estamos novamente! Agora, vamos comentar as quest\u00f5es restantes da prova de Economia do BACEN.<\/p>\n<p><strong>CADERNO DE QUEST\u00d5ES \u2013 TIPO I \u2013 CONHECIMENTOS B\u00c1SICOS PARA O CARGO DE ANALISTA \u2013 \u00c1REA 06<\/strong><\/p>\n<p><strong>Julgue os pro\u0301ximos itens, relativos aos regimes cambiais e seus efeitos sobre a economia.<\/strong><\/p>\n<p>__________________________________________________________<\/p>\n<p><strong>40 Em um regime com ca\u0302mbio fixo, a expansa\u0303o dos gastos do governo implica o aumento da renda e das reservas internacionais de equili\u0301brio a retrac\u0327a\u0303o das exportac\u0327o\u0303es li\u0301quidas.<\/strong><\/p>\n<p>Coment\u00e1rios:<\/p>\n<p>CABE RECURSO<\/p>\n<p>Na aus\u00eancia de maior especifica\u00e7\u00e3o da quest\u00e3o, vamos trabalhar com <span style=\"text-decoration: underline;\"><strong>a regra geral<\/strong><\/span>, qual seja: uma situa\u00e7\u00e3o de <span style=\"text-decoration: underline;\">curto prazo<\/span>, e a hip\u00f3tese de um <span style=\"text-decoration: underline;\">pa\u00eds pequeno<\/span> (perante o mundo) e <span style=\"text-decoration: underline;\">com livre movimenta\u00e7\u00e3o de capitais<\/span>.<\/p>\n<p>Em um regime cambial fixo, a expans\u00e3o dos gastos do governo (pol\u00edtica fiscal expansiva) desloca a curva IS para a direita. A taxa de juros interna aumentar\u00e1, atraindo capital estrangeiro para o pa\u00eds. Como o c\u00e2mbio \u00e9 fixo, a autoridade monet\u00e1ria dever\u00e1 comprar esse excesso de moeda estrangeira, decorrente da entrada de capitais. Isto far\u00e1 com que o n\u00edvel de reservas internacionais aumente. At\u00e9 a\u00ed, a quest\u00e3o est\u00e1 correta.<\/p>\n<p>No entanto, <em>ceteris paribus<\/em>,\u00a0<strong>n\u00e3o haver\u00e1 retra\u00e7\u00e3o das exporta\u00e7\u00f5es l\u00edquidas, pois a taxa de c\u00e2mbio n\u00e3o muda, uma vez que o c\u00e2mbio \u00e9 fixo <\/strong>(o governo compra d\u00f3lares e ocorre o aumento das reservas internacionais, justamente para evitar a desvaloriza\u00e7\u00e3o da moeda nacional perante a moeda estrangeira).<\/p>\n<p>Abaixo, reproduzo um quadro-resumo, extra\u00eddo de <strong>Macroeconomia, N. GREGORY MANKIW,<\/strong> 7a. edi\u00e7\u00e3o, p\u00e1gina 275 (clique na figura para ampliar):<\/p>\n<p style=\"text-align: center;\"><a href=\"https:\/\/dhg1h5j42swfq.cloudfront.net\/2013\/10\/Captura-de-Tela-2013-10-23-\u00e0s-13.36.36.png\"><img loading=\"lazy\" decoding=\"async\" class=\"size-medium wp-image-11707 aligncenter\" src=\"https:\/\/dhg1h5j42swfq.cloudfront.net\/2013\/10\/Captura-de-Tela-2013-10-23-\u00e0s-13.36.36-300x125.png\" alt=\"nx\" width=\"300\" height=\"125\" \/><\/a><\/p>\n<p>Observe que, com taxa de c\u00e2mbio fixa, a expans\u00e3o fiscal (e a monet\u00e1ria tamb\u00e9m) <strong>n\u00e3o afeta o valor de NX<\/strong> (que s\u00e3o justamente as exporta\u00e7\u00f5es l\u00edquidas).<\/p>\n<p>Ademais, por oportuno salientar, a quest\u00e3o apresenta uma incoer\u00eancia em sua reda\u00e7\u00e3o, na parte final do texto. Observe o trecho &#8220;&#8230;\u00a0implica o aumento da renda e das reservas internacionais de equili\u0301brio <span style=\"text-decoration: underline;\"><strong>a<\/strong> <\/span>retrac\u0327a\u0303o das exportac\u0327o\u0303es li\u0301quidas&#8221;. Ficou faltando algum conectivo antes da express\u00e3o &#8220;a retra\u00e7\u00e3o das exporta\u00e7\u00f5es l\u00edquidas&#8221;.\u00a0Isto acaba por inviabilizar o entendimento adequado da quest\u00e3o. Sendo assim, pedimos a anula\u00e7\u00e3o da quest\u00e3o, devido a falhas na elabora\u00e7\u00e3o e transposi\u00e7\u00e3o do enunciado para o caderno de provas.<\/p>\n<p>Gabarito: Certo<\/p>\n<p><strong>Solicita\u00e7\u00e3o: Altera\u00e7\u00e3o para Errado<\/strong><\/p>\n<p>________________________________________________<\/p>\n<p><strong>41 No regime de ca\u0302mbio flutuante, a expansa\u0303o do sala\u0301rio nominal na\u0303o e\u0301 capaz de afetar o produto de equili\u0301brio da economia.<\/strong><\/p>\n<p>Coment\u00e1rios:<\/p>\n<p>Segundo literatura adotada pela banca, em quest\u00f5es anteriores (quest\u00f5es 34 a 37), um aumento de sal\u00e1rio nominal desloca a curva LM para a esquerda (efeito Keynes). Esta foi, talvez, a maior dificuldade desta quest\u00e3o.<\/p>\n<p>Isto acontece porque o aumento de sal\u00e1rio (w) faz os pre\u00e7os aumentarem (na an\u00e1lise OA-DA, a curva OA vai para a esquerda, aumentando os pre\u00e7os).<\/p>\n<p>O aumento de pre\u00e7os, por sua vez, reduz a oferta real de moeda (M\/P), fazendo com que a curva LM v\u00e1 para a esquerda. Relembremos uma passagem &#8211; j\u00e1 trazida nos coment\u00e1rios da quest\u00e3o 37 &#8211; de <strong>Macroeconomic Theory, THOMAS SARGENT<\/strong>, p\u00e1gina 61:<\/p>\n<p>\u201c<em><strong>An increase in the money wage (the Keynes effect)<\/strong>: An increase in\u00a0<strong>w<\/strong>\u00a0causes the\u00a0<strong>LM<\/strong>\u00a0curve to shift to the left&#8230;<\/em> &#8221;<\/p>\n<p>Na pr\u00e1tica, ent\u00e3o, o aumento de sal\u00e1rio nominal pode ser comparado a uma pol\u00edtica monet\u00e1ria restritiva (que desloca a curva LM para a esquerda). N\u00f3s sabemos que, no regime cambial flutuante, a pol\u00edtica monet\u00e1ria \u00e9 <strong>eficaz para alterar o produto<\/strong>. Sendo assim, a quest\u00e3o \u00e9 errada.<\/p>\n<p>Gabarito: Errado<\/p>\n<p>_____________________________________<\/p>\n<p><strong>42 Em um regime com ca\u0302mbio fixo, o aumento do sala\u0301rio nominal decorrente de poli\u0301tica governamental acarreta tanto apreciac\u0327a\u0303o da taxa real de ca\u0302mbio quanto reduc\u0327a\u0303o das exportac\u0327o\u0303es li\u0301quidas.\u00a0<\/strong><\/p>\n<p>Coment\u00e1rios:<\/p>\n<p>CABE RECURSO<\/p>\n<p>Segundo literatura adotada pela banca, em quest\u00f5es anteriores, um aumento de sal\u00e1rio nominal desloca a curva LM para a esquerda (efeito Keynes). Segundo SARGENT:<\/p>\n<p>\u201c<em><strong>An increase in the money wage (the Keynes effect)<\/strong>: An increase in\u00a0<strong>w<\/strong>\u00a0causes the\u00a0<strong>LM<\/strong>\u00a0curve to shift to the left&#8230;<\/em>\u00a0&#8221;<\/p>\n<p>Ent\u00e3o, o aumento de sal\u00e1rio nominal pode ser comparado a uma pol\u00edtica monet\u00e1ria restritiva (que desloca a curva LM para a esquerda). N\u00f3s sabemos que, no regime cambial fixo, a taxa <strong>nominal<\/strong> de c\u00e2mbio n\u00e3o muda. No entanto, a quest\u00e3o fala em taxa <strong>real<\/strong> de c\u00e2mbio (que depende do diferencial de pre\u00e7os entre os pa\u00edses).<\/p>\n<p>Pois bem, na aus\u00eancia de maiores especifica\u00e7\u00f5es, em regra, trabalhamos com <span style=\"text-decoration: underline;\">o curto prazo<\/span>. Se a banca quiser que o candidato trabalhe com o longo prazo, o enunciado deve ser expresso neste sentido. Se n\u00e3o houver especifica\u00e7\u00e3o, em regra, usa-se o curto prazo.<\/p>\n<p><span style=\"text-decoration: underline;\">No curto prazo, os pre\u00e7os s\u00e3o considerados r\u00edgidos, de tal forma que a taxa nominal de c\u00e2mbio \u00e9 igual \u00e0 taxa real.<\/span><\/p>\n<p>Segundo <strong>KRUGMAN E OBSTFELD, Economia Internacional,<\/strong> 8a. edi\u00e7\u00e3o, p\u00e1gina 358:<\/p>\n<p>&#8220;N\u00e3o existe aprecia\u00e7\u00e3o real no curto prazo, como ocorre sob taxas flutuantes de c\u00e2mbio&#8221;.<\/p>\n<p>Desta forma, com c\u00e2mbio fixo, o deslocamento da LM (decorrente do aumento de sal\u00e1rio nominal) n\u00e3o altera a taxa de c\u00e2mbio (real ou nominal), simplesmente porque o c\u00e2mbio \u00e9 fixo.<\/p>\n<p>Outro erro da assertiva est\u00e1 no fato de que, quando utilizamos regime cambial fixo, o termo correto n\u00e3o \u00e9 aprecia\u00e7\u00e3o real da taxa de c\u00e2mbio, mas sim <strong>valoriza\u00e7\u00e3o<\/strong> real da taxa de c\u00e2mbio. Isto, por si s\u00f3, j\u00e1 torna a assertiva errada.<\/p>\n<p>Segundo <strong>BLANCHARD, Macroeconomia<\/strong>, 4a. edi\u00e7\u00e3o, p\u00e1gina 405:<\/p>\n<p>&#8220;Uma diminui\u00e7\u00e3o da taxa de c\u00e2mbio sob um regime de taxa de c\u00e2mbio fixa \u00e9 chamada de <strong>desvaloriza\u00e7\u00e3o<\/strong>, em vez de deprecia\u00e7\u00e3o, e um aumento da taxa de c\u00e2mbio sob um regime de taxa de c\u00e2mbio fixa \u00e9 chamado de <strong>valoriza\u00e7\u00e3o<\/strong>, em vez de aprecia\u00e7\u00e3o.&#8221; (<strong>destaques do AUTOR<\/strong>).<\/p>\n<p>Sendo assim, pedimos a altera\u00e7\u00e3o de gabarito: de Certo para Errado<\/p>\n<p>Gabarito: Certo<\/p>\n<p><strong>Solicita\u00e7\u00e3o: Altera\u00e7\u00e3o para Errado<\/strong><\/p>\n<p>_____________________________________________<\/p>\n<div title=\"Page 5\">\n<div>\n<div>\n<p><strong>No que se refere ao plano real e a\u0300 economia brasileira po\u0301s-estabilizac\u0327a\u0303o, julgue o item abaixo.<\/strong><\/p>\n<p><strong>43 De acordo com o regime de metas de inflac\u0327a\u0303o, adotado no Brasil no referido peri\u0301odo de tempo, caso o valor do IPCA acumulado nos u\u0301ltimos dozes meses superasse o teto da meta, o presidente do BACEN deveria escrever carta aberta ao ministro da fazenda justificando o descumprimento, bem como apresentando as provide\u0302ncias a ser tomadas para o retorno da inflac\u0327a\u0303o ao patamar estabelecido.\u00a0<\/strong><\/p>\n<p>Coment\u00e1rios:<\/p>\n<p>Nesta quest\u00e3o, a banca cobrou uma quest\u00e3o muito mais de &#8220;Direito&#8221; do que de &#8220;Economia&#8221;. Pela literalidade do Decreto 3.088\/1999, que implantou o Regime de Metas de Infla\u00e7\u00e3o, temos o seguinte:<\/p>\n<p>Art. 4o. &#8211; Considera-se que a meta foi cumprida quando a varia\u00e7\u00e3o acumulada da infla\u00e7\u00e3o &#8211; medida pelo \u00edndice de pre\u00e7os referido no artigo anterior, <strong>relativa ao per\u00edodo de janeiro a dezembro de cada ano calend\u00e1rio<\/strong> &#8211; situar-se na faixa do seu respectivo intervalo de toler\u00e2ncia.<\/p>\n<p>Assim, a quest\u00e3o \u00e9 errada mesmo, conforme gabarito da banca, pois a varia\u00e7\u00e3o de pre\u00e7os a ser verificada <strong>n\u00e3o \u00e9 dos \u00faltimos doze meses<\/strong>, mas sim do per\u00edodo de janeiro a dezembro de cada ano calend\u00e1rio.<\/p>\n<\/div>\n<\/div>\n<\/div>\n<p>Gabarito: Errado<\/p>\n<p>____________________________________________________<\/p>\n<div title=\"Page 5\">\n<p><strong>A respeito das crises financeiras internacionais ocorridas a partir de 2007, julgue os itens subsecutivos.\u00a0<\/strong><\/p>\n<p><strong>44. No auge da crise da di\u0301vida soberana dos pai\u0301ses europeus, o Brasil apresentou a sua mais alta taxa de crescimento do produto interno bruto em relac\u0327a\u0303o a das u\u0301ltimas de\u0301cadas.\u00a0<\/strong><\/p>\n<p>Coment\u00e1rios:<\/p>\n<p>CABE RECURSO<\/p>\n<p>A crise da d\u00edvida soberana dos pa\u00edses europeus pode ser conceituada com a crise da <strong>d\u00edvida p\u00fablica<\/strong> de v\u00e1rios pa\u00edses da Uni\u00e3o Europ\u00e9ia (<span style=\"text-decoration: underline;\">n\u00e3o \u00e9 uma crise do PIB dos pa\u00edses, mas sim de suas d\u00edvidas<\/span>, e a consequente capacidade de cada pa\u00eds continuar pagando sua d\u00edvida).<\/p>\n<p>Neste rumo, o auge da crise da d\u00edvida soberana dos pa\u00edses europeus ocorreu em <strong>2010<\/strong>. Neste mesmo ano, <strong>o PIB brasileiro cresceu 7,5%<\/strong>; um crescimento expressivo, portanto.<\/p>\n<p>No entanto, a quest\u00e3o n\u00e3o deixa claro o que vem a ser &#8220;\u00faltimas d\u00e9cadas&#8221;. Ser\u00e3o 02, 03, 04 d\u00e9cadas? Enfim, <span style=\"text-decoration: underline;\">n\u00e3o se sabe. \u00c9 muito subjetivo<\/span>.<\/p>\n<p>Se considerarmos, como &#8220;\u00faltimas d\u00e9cadas&#8221;, apenas as d\u00e9cadas dos anos 2000 e 1990, a quest\u00e3o \u00e9 correta, pois o crescimento de 2010 (7,5%) foi maior do que em qualquer ano daquelas d\u00e9cadas (2000 e 1990).<\/p>\n<p>No entanto, se considerarmos a d\u00e9cada de <strong>1980<\/strong>, a quest\u00e3o j\u00e1 passa a ser errada. Por exemplo, <strong>em 1985, o PIB do Brasil cresceu 7,8%<\/strong> (fonte: IBGE); portanto, mais que em 2010 (7,5%).<\/p>\n<p>Desta forma, pela alta carga de subjetividade do termo &#8220;\u00faltimas d\u00e9cadas&#8221;, pedimos a anula\u00e7\u00e3o da quest\u00e3o, pois, mesmo para o candidato que sabia os dados de crescimento do PIB das \u00faltimas d\u00e9cadas, n\u00e3o era poss\u00edvel inferir com grau de certeza sobre a corre\u00e7\u00e3o ou n\u00e3o da assertiva.<\/p>\n<p>Gabarito: Certo<\/p>\n<p><strong>Solicita\u00e7\u00e3o: Anula\u00e7\u00e3o da quest\u00e3o<\/strong><\/p>\n<p>_______________________________________________<\/p>\n<p><strong>45. As operac\u0327o\u0303es efetuadas fora de balanc\u0327o dos bancos foi um dos elementos que afetou a crise financeira do subprime. No entanto, apesar dos efeitos danosos sobre a economia, essas operac\u0327o\u0303es sa\u0303o legais do ponto de vista regulato\u0301rio.\u00a0<\/strong><\/p>\n<p>Coment\u00e1rios:<\/p>\n<p>Esta foi, talvez, a quest\u00e3o mais &#8220;limpa&#8221; da prova ;-)<\/p>\n<p>Temos como exemplo destas opera\u00e7\u00f5es efetuadas fora de balan\u00e7o dos bancos, a cria\u00e7\u00e3o dos SIV (os &#8220;bancos virtuais&#8221;). Com eles, era poss\u00edvel elevar os \u00edndices de alavancagem das institui\u00e7\u00f5es de cr\u00e9dito e, assim, driblar as exig\u00eancias regulat\u00f3rias. Era algo <span style=\"text-decoration: underline;\">legal<\/span>, previsto dentro das leis, apesar de ter provocado s\u00e9rios danos \u00e0 economia.<\/p>\n<p>Gabarito: Certo<\/p>\n<p>______________________________<\/p>\n<p>Bem pessoal, \u00e9 isso!<\/p>\n<p>Desejo a todos n\u00f3s sucesso nos recursos. Vamos torcer pelo bom senso do examinador ;-)<\/p>\n<p>Abra\u00e7os!<\/p>\n<p>Heber Carvalho<\/p>\n<\/div>\n","protected":false},"excerpt":{"rendered":"<p>Ol\u00e1 caros(as) amigos(as), Aqui estamos novamente! Agora, vamos comentar as quest\u00f5es restantes da prova de Economia do BACEN. CADERNO DE QUEST\u00d5ES \u2013 TIPO I \u2013 CONHECIMENTOS B\u00c1SICOS PARA O CARGO DE ANALISTA \u2013 \u00c1REA 06 Julgue os pro\u0301ximos itens, relativos aos regimes cambiais e seus efeitos sobre a economia. __________________________________________________________ 40 Em um regime com [&hellip;]<\/p>\n","protected":false},"author":13,"featured_media":0,"comment_status":"open","ping_status":"open","sticky":false,"template":"","format":"standard","meta":{"post_tipo":"article","footnotes":""},"categories":[1],"tags":[282,280,278],"tax_estado":[],"class_list":["post-11706","post","type-post","status-publish","format-standard","hentry","category-cursos-e-concursos","tag-comentarios-analista-bacen","tag-comentarios-prova-bacen","tag-concurso-bacen"],"acf":[],"yoast_head":"<!-- This site is optimized with the Yoast SEO Premium plugin v27.2 (Yoast SEO v27.2) - https:\/\/yoast.com\/product\/yoast-seo-premium-wordpress\/ -->\n<title>Coment\u00e1rios \u00e0s quest\u00f5es de Economia do BACEN - Parte II<\/title>\n<meta name=\"robots\" content=\"index, follow, max-snippet:-1, max-image-preview:large, max-video-preview:-1\" \/>\n<link rel=\"canonical\" href=\"https:\/\/www.estrategiaconcursos.com.br\/blog\/comentarios-as-questoes-de-economia-do-bacen-parte-ii\/\" \/>\n<meta property=\"og:locale\" content=\"pt_BR\" \/>\n<meta property=\"og:type\" content=\"article\" \/>\n<meta property=\"og:title\" content=\"Coment\u00e1rios \u00e0s quest\u00f5es de Economia do BACEN - Parte II\" \/>\n<meta property=\"og:description\" content=\"Ol\u00e1 caros(as) amigos(as), Aqui estamos novamente! Agora, vamos comentar as quest\u00f5es restantes da prova de Economia do BACEN. CADERNO DE QUEST\u00d5ES \u2013 TIPO I \u2013 CONHECIMENTOS B\u00c1SICOS PARA O CARGO DE ANALISTA \u2013 \u00c1REA 06 Julgue os pro\u0301ximos itens, relativos aos regimes cambiais e seus efeitos sobre a economia. __________________________________________________________ 40 Em um regime com [&hellip;]\" \/>\n<meta property=\"og:url\" content=\"https:\/\/www.estrategiaconcursos.com.br\/blog\/comentarios-as-questoes-de-economia-do-bacen-parte-ii\/\" \/>\n<meta property=\"og:site_name\" content=\"Estrat\u00e9gia Concursos\" \/>\n<meta property=\"article:author\" content=\"https:\/\/www.facebook.com\/heber.economia\" \/>\n<meta property=\"article:published_time\" content=\"2013-10-23T17:28:43+00:00\" \/>\n<meta property=\"article:modified_time\" content=\"2023-06-22T19:53:29+00:00\" \/>\n<meta name=\"author\" content=\"Heber Carvalho\" \/>\n<meta name=\"twitter:card\" content=\"summary_large_image\" \/>\n<meta name=\"twitter:creator\" content=\"@https:\/\/twitter.com\/EstratConcursos\" \/>\n<meta name=\"twitter:site\" content=\"@EstratConcursos\" \/>\n<meta name=\"twitter:label1\" content=\"Escrito por\" \/>\n\t<meta name=\"twitter:data1\" content=\"Heber Carvalho\" \/>\n\t<meta name=\"twitter:label2\" content=\"Est. tempo de leitura\" \/>\n\t<meta name=\"twitter:data2\" content=\"9 minutos\" \/>\n<script type=\"application\/ld+json\" class=\"yoast-schema-graph\">{\"@context\":\"https:\/\/schema.org\",\"@graph\":[{\"@type\":\"NewsArticle\",\"@id\":\"https:\/\/www.estrategiaconcursos.com.br\/blog\/comentarios-as-questoes-de-economia-do-bacen-parte-ii\/#article\",\"isPartOf\":{\"@id\":\"https:\/\/www.estrategiaconcursos.com.br\/blog\/comentarios-as-questoes-de-economia-do-bacen-parte-ii\/\"},\"author\":{\"name\":\"Heber Carvalho\",\"@id\":\"https:\/\/www.estrategiaconcursos.com.br\/blog\/#\/schema\/person\/555176e5fb81029706226eaf88b58f77\"},\"headline\":\"Coment\u00e1rios \u00e0s quest\u00f5es de Economia do BACEN &#8211; Parte II\",\"datePublished\":\"2013-10-23T17:28:43+00:00\",\"dateModified\":\"2023-06-22T19:53:29+00:00\",\"mainEntityOfPage\":{\"@id\":\"https:\/\/www.estrategiaconcursos.com.br\/blog\/comentarios-as-questoes-de-economia-do-bacen-parte-ii\/\"},\"wordCount\":1724,\"commentCount\":1,\"publisher\":{\"@id\":\"https:\/\/www.estrategiaconcursos.com.br\/blog\/#organization\"},\"keywords\":[\"coment\u00e1rios analista bacen\",\"coment\u00e1rios prova bacen\",\"concurso bacen\"],\"articleSection\":[\"Concursos P\u00fablicos\"],\"inLanguage\":\"pt-BR\",\"potentialAction\":[{\"@type\":\"CommentAction\",\"name\":\"Comment\",\"target\":[\"https:\/\/www.estrategiaconcursos.com.br\/blog\/comentarios-as-questoes-de-economia-do-bacen-parte-ii\/#respond\"]}],\"copyrightYear\":\"2013\",\"copyrightHolder\":{\"@id\":\"https:\/\/www.estrategiaconcursos.com.br\/blog\/#organization\"}},{\"@type\":\"WebPage\",\"@id\":\"https:\/\/www.estrategiaconcursos.com.br\/blog\/comentarios-as-questoes-de-economia-do-bacen-parte-ii\/\",\"url\":\"https:\/\/www.estrategiaconcursos.com.br\/blog\/comentarios-as-questoes-de-economia-do-bacen-parte-ii\/\",\"name\":\"Coment\u00e1rios \u00e0s quest\u00f5es de Economia do BACEN - Parte II\",\"isPartOf\":{\"@id\":\"https:\/\/www.estrategiaconcursos.com.br\/blog\/#website\"},\"datePublished\":\"2013-10-23T17:28:43+00:00\",\"dateModified\":\"2023-06-22T19:53:29+00:00\",\"breadcrumb\":{\"@id\":\"https:\/\/www.estrategiaconcursos.com.br\/blog\/comentarios-as-questoes-de-economia-do-bacen-parte-ii\/#breadcrumb\"},\"inLanguage\":\"pt-BR\",\"potentialAction\":[{\"@type\":\"ReadAction\",\"target\":[\"https:\/\/www.estrategiaconcursos.com.br\/blog\/comentarios-as-questoes-de-economia-do-bacen-parte-ii\/\"]}]},{\"@type\":\"BreadcrumbList\",\"@id\":\"https:\/\/www.estrategiaconcursos.com.br\/blog\/comentarios-as-questoes-de-economia-do-bacen-parte-ii\/#breadcrumb\",\"itemListElement\":[{\"@type\":\"ListItem\",\"position\":1,\"name\":\"In\u00edcio\",\"item\":\"https:\/\/www.estrategiaconcursos.com.br\/blog\/\"},{\"@type\":\"ListItem\",\"position\":2,\"name\":\"Coment\u00e1rios \u00e0s quest\u00f5es de Economia do BACEN &#8211; Parte II\"}]},{\"@type\":\"WebSite\",\"@id\":\"https:\/\/www.estrategiaconcursos.com.br\/blog\/#website\",\"url\":\"https:\/\/www.estrategiaconcursos.com.br\/blog\/\",\"name\":\"Estrat\u00e9gia Concursos\",\"description\":\"O blog da Estrat\u00e9gia Concursos traz not\u00edcias sobre concursos e artigos de professores oferecendo cursos para concursos (pdf + videaulas) no site.\",\"publisher\":{\"@id\":\"https:\/\/www.estrategiaconcursos.com.br\/blog\/#organization\"},\"potentialAction\":[{\"@type\":\"SearchAction\",\"target\":{\"@type\":\"EntryPoint\",\"urlTemplate\":\"https:\/\/www.estrategiaconcursos.com.br\/blog\/?s={search_term_string}\"},\"query-input\":{\"@type\":\"PropertyValueSpecification\",\"valueRequired\":true,\"valueName\":\"search_term_string\"}}],\"inLanguage\":\"pt-BR\"},{\"@type\":\"Organization\",\"@id\":\"https:\/\/www.estrategiaconcursos.com.br\/blog\/#organization\",\"name\":\"Estrat\u00e9gia Concursos\",\"url\":\"https:\/\/www.estrategiaconcursos.com.br\/blog\/\",\"logo\":{\"@type\":\"ImageObject\",\"inLanguage\":\"pt-BR\",\"@id\":\"https:\/\/www.estrategiaconcursos.com.br\/blog\/#\/schema\/logo\/image\/\",\"url\":\"https:\/\/dhg1h5j42swfq.cloudfront.net\/2025\/06\/03203428\/logo_concursos-1.jpg\",\"contentUrl\":\"https:\/\/dhg1h5j42swfq.cloudfront.net\/2025\/06\/03203428\/logo_concursos-1.jpg\",\"width\":230,\"height\":60,\"caption\":\"Estrat\u00e9gia Concursos\"},\"image\":{\"@id\":\"https:\/\/www.estrategiaconcursos.com.br\/blog\/#\/schema\/logo\/image\/\"},\"sameAs\":[\"https:\/\/x.com\/EstratConcursos\"]},{\"@type\":\"Person\",\"@id\":\"https:\/\/www.estrategiaconcursos.com.br\/blog\/#\/schema\/person\/555176e5fb81029706226eaf88b58f77\",\"name\":\"Heber Carvalho\",\"image\":{\"@type\":\"ImageObject\",\"inLanguage\":\"pt-BR\",\"@id\":\"https:\/\/secure.gravatar.com\/avatar\/7fb00f951b5b5ef6352d915a4dd32e75828f1e329e22967291a52e461270e40a?s=96&d=mm&r=g\",\"url\":\"https:\/\/secure.gravatar.com\/avatar\/7fb00f951b5b5ef6352d915a4dd32e75828f1e329e22967291a52e461270e40a?s=96&d=mm&r=g\",\"contentUrl\":\"https:\/\/secure.gravatar.com\/avatar\/7fb00f951b5b5ef6352d915a4dd32e75828f1e329e22967291a52e461270e40a?s=96&d=mm&r=g\",\"caption\":\"Heber Carvalho\"},\"sameAs\":[\"https:\/\/www.facebook.com\/heber.economia\",\"https:\/\/x.com\/https:\/\/twitter.com\/EstratConcursos\"],\"url\":\"https:\/\/www.estrategiaconcursos.com.br\/blog\/author\/hebercarvalhoestrategiaconcursos-com-br\/\"}]}<\/script>\n<!-- \/ Yoast SEO Premium plugin. -->","yoast_head_json":{"title":"Coment\u00e1rios \u00e0s quest\u00f5es de Economia do BACEN - Parte II","robots":{"index":"index","follow":"follow","max-snippet":"max-snippet:-1","max-image-preview":"max-image-preview:large","max-video-preview":"max-video-preview:-1"},"canonical":"https:\/\/www.estrategiaconcursos.com.br\/blog\/comentarios-as-questoes-de-economia-do-bacen-parte-ii\/","og_locale":"pt_BR","og_type":"article","og_title":"Coment\u00e1rios \u00e0s quest\u00f5es de Economia do BACEN - Parte II","og_description":"Ol\u00e1 caros(as) amigos(as), Aqui estamos novamente! Agora, vamos comentar as quest\u00f5es restantes da prova de Economia do BACEN. CADERNO DE QUEST\u00d5ES \u2013 TIPO I \u2013 CONHECIMENTOS B\u00c1SICOS PARA O CARGO DE ANALISTA \u2013 \u00c1REA 06 Julgue os pro\u0301ximos itens, relativos aos regimes cambiais e seus efeitos sobre a economia. __________________________________________________________ 40 Em um regime com [&hellip;]","og_url":"https:\/\/www.estrategiaconcursos.com.br\/blog\/comentarios-as-questoes-de-economia-do-bacen-parte-ii\/","og_site_name":"Estrat\u00e9gia Concursos","article_author":"https:\/\/www.facebook.com\/heber.economia","article_published_time":"2013-10-23T17:28:43+00:00","article_modified_time":"2023-06-22T19:53:29+00:00","author":"Heber Carvalho","twitter_card":"summary_large_image","twitter_creator":"@https:\/\/twitter.com\/EstratConcursos","twitter_site":"@EstratConcursos","twitter_misc":{"Escrito por":"Heber Carvalho","Est. tempo de leitura":"9 minutos"},"schema":{"@context":"https:\/\/schema.org","@graph":[{"@type":"NewsArticle","@id":"https:\/\/www.estrategiaconcursos.com.br\/blog\/comentarios-as-questoes-de-economia-do-bacen-parte-ii\/#article","isPartOf":{"@id":"https:\/\/www.estrategiaconcursos.com.br\/blog\/comentarios-as-questoes-de-economia-do-bacen-parte-ii\/"},"author":{"name":"Heber Carvalho","@id":"https:\/\/www.estrategiaconcursos.com.br\/blog\/#\/schema\/person\/555176e5fb81029706226eaf88b58f77"},"headline":"Coment\u00e1rios \u00e0s quest\u00f5es de Economia do BACEN &#8211; Parte II","datePublished":"2013-10-23T17:28:43+00:00","dateModified":"2023-06-22T19:53:29+00:00","mainEntityOfPage":{"@id":"https:\/\/www.estrategiaconcursos.com.br\/blog\/comentarios-as-questoes-de-economia-do-bacen-parte-ii\/"},"wordCount":1724,"commentCount":1,"publisher":{"@id":"https:\/\/www.estrategiaconcursos.com.br\/blog\/#organization"},"keywords":["coment\u00e1rios analista bacen","coment\u00e1rios prova bacen","concurso bacen"],"articleSection":["Concursos P\u00fablicos"],"inLanguage":"pt-BR","potentialAction":[{"@type":"CommentAction","name":"Comment","target":["https:\/\/www.estrategiaconcursos.com.br\/blog\/comentarios-as-questoes-de-economia-do-bacen-parte-ii\/#respond"]}],"copyrightYear":"2013","copyrightHolder":{"@id":"https:\/\/www.estrategiaconcursos.com.br\/blog\/#organization"}},{"@type":"WebPage","@id":"https:\/\/www.estrategiaconcursos.com.br\/blog\/comentarios-as-questoes-de-economia-do-bacen-parte-ii\/","url":"https:\/\/www.estrategiaconcursos.com.br\/blog\/comentarios-as-questoes-de-economia-do-bacen-parte-ii\/","name":"Coment\u00e1rios \u00e0s quest\u00f5es de Economia do BACEN - Parte II","isPartOf":{"@id":"https:\/\/www.estrategiaconcursos.com.br\/blog\/#website"},"datePublished":"2013-10-23T17:28:43+00:00","dateModified":"2023-06-22T19:53:29+00:00","breadcrumb":{"@id":"https:\/\/www.estrategiaconcursos.com.br\/blog\/comentarios-as-questoes-de-economia-do-bacen-parte-ii\/#breadcrumb"},"inLanguage":"pt-BR","potentialAction":[{"@type":"ReadAction","target":["https:\/\/www.estrategiaconcursos.com.br\/blog\/comentarios-as-questoes-de-economia-do-bacen-parte-ii\/"]}]},{"@type":"BreadcrumbList","@id":"https:\/\/www.estrategiaconcursos.com.br\/blog\/comentarios-as-questoes-de-economia-do-bacen-parte-ii\/#breadcrumb","itemListElement":[{"@type":"ListItem","position":1,"name":"In\u00edcio","item":"https:\/\/www.estrategiaconcursos.com.br\/blog\/"},{"@type":"ListItem","position":2,"name":"Coment\u00e1rios \u00e0s quest\u00f5es de Economia do BACEN &#8211; Parte II"}]},{"@type":"WebSite","@id":"https:\/\/www.estrategiaconcursos.com.br\/blog\/#website","url":"https:\/\/www.estrategiaconcursos.com.br\/blog\/","name":"Estrat\u00e9gia Concursos","description":"O blog da Estrat\u00e9gia Concursos traz not\u00edcias sobre concursos e artigos de professores oferecendo cursos para concursos (pdf + videaulas) no site.","publisher":{"@id":"https:\/\/www.estrategiaconcursos.com.br\/blog\/#organization"},"potentialAction":[{"@type":"SearchAction","target":{"@type":"EntryPoint","urlTemplate":"https:\/\/www.estrategiaconcursos.com.br\/blog\/?s={search_term_string}"},"query-input":{"@type":"PropertyValueSpecification","valueRequired":true,"valueName":"search_term_string"}}],"inLanguage":"pt-BR"},{"@type":"Organization","@id":"https:\/\/www.estrategiaconcursos.com.br\/blog\/#organization","name":"Estrat\u00e9gia Concursos","url":"https:\/\/www.estrategiaconcursos.com.br\/blog\/","logo":{"@type":"ImageObject","inLanguage":"pt-BR","@id":"https:\/\/www.estrategiaconcursos.com.br\/blog\/#\/schema\/logo\/image\/","url":"https:\/\/dhg1h5j42swfq.cloudfront.net\/2025\/06\/03203428\/logo_concursos-1.jpg","contentUrl":"https:\/\/dhg1h5j42swfq.cloudfront.net\/2025\/06\/03203428\/logo_concursos-1.jpg","width":230,"height":60,"caption":"Estrat\u00e9gia Concursos"},"image":{"@id":"https:\/\/www.estrategiaconcursos.com.br\/blog\/#\/schema\/logo\/image\/"},"sameAs":["https:\/\/x.com\/EstratConcursos"]},{"@type":"Person","@id":"https:\/\/www.estrategiaconcursos.com.br\/blog\/#\/schema\/person\/555176e5fb81029706226eaf88b58f77","name":"Heber Carvalho","image":{"@type":"ImageObject","inLanguage":"pt-BR","@id":"https:\/\/secure.gravatar.com\/avatar\/7fb00f951b5b5ef6352d915a4dd32e75828f1e329e22967291a52e461270e40a?s=96&d=mm&r=g","url":"https:\/\/secure.gravatar.com\/avatar\/7fb00f951b5b5ef6352d915a4dd32e75828f1e329e22967291a52e461270e40a?s=96&d=mm&r=g","contentUrl":"https:\/\/secure.gravatar.com\/avatar\/7fb00f951b5b5ef6352d915a4dd32e75828f1e329e22967291a52e461270e40a?s=96&d=mm&r=g","caption":"Heber Carvalho"},"sameAs":["https:\/\/www.facebook.com\/heber.economia","https:\/\/x.com\/https:\/\/twitter.com\/EstratConcursos"],"url":"https:\/\/www.estrategiaconcursos.com.br\/blog\/author\/hebercarvalhoestrategiaconcursos-com-br\/"}]}},"_links":{"self":[{"href":"https:\/\/www.estrategiaconcursos.com.br\/blog\/wp-json\/wp\/v2\/posts\/11706","targetHints":{"allow":["GET"]}}],"collection":[{"href":"https:\/\/www.estrategiaconcursos.com.br\/blog\/wp-json\/wp\/v2\/posts"}],"about":[{"href":"https:\/\/www.estrategiaconcursos.com.br\/blog\/wp-json\/wp\/v2\/types\/post"}],"author":[{"embeddable":true,"href":"https:\/\/www.estrategiaconcursos.com.br\/blog\/wp-json\/wp\/v2\/users\/13"}],"replies":[{"embeddable":true,"href":"https:\/\/www.estrategiaconcursos.com.br\/blog\/wp-json\/wp\/v2\/comments?post=11706"}],"version-history":[{"count":4,"href":"https:\/\/www.estrategiaconcursos.com.br\/blog\/wp-json\/wp\/v2\/posts\/11706\/revisions"}],"predecessor-version":[{"id":1237510,"href":"https:\/\/www.estrategiaconcursos.com.br\/blog\/wp-json\/wp\/v2\/posts\/11706\/revisions\/1237510"}],"wp:attachment":[{"href":"https:\/\/www.estrategiaconcursos.com.br\/blog\/wp-json\/wp\/v2\/media?parent=11706"}],"wp:term":[{"taxonomy":"category","embeddable":true,"href":"https:\/\/www.estrategiaconcursos.com.br\/blog\/wp-json\/wp\/v2\/categories?post=11706"},{"taxonomy":"post_tag","embeddable":true,"href":"https:\/\/www.estrategiaconcursos.com.br\/blog\/wp-json\/wp\/v2\/tags?post=11706"},{"taxonomy":"tax_estado","embeddable":true,"href":"https:\/\/www.estrategiaconcursos.com.br\/blog\/wp-json\/wp\/v2\/tax_estado?post=11706"}],"curies":[{"name":"wp","href":"https:\/\/api.w.org\/{rel}","templated":true}]}}