{"id":1169155,"date":"2023-03-09T08:00:00","date_gmt":"2023-03-09T11:00:00","guid":{"rendered":"https:\/\/www.estrategiaconcursos.com.br\/blog\/?p=1169155"},"modified":"2023-03-09T08:09:08","modified_gmt":"2023-03-09T11:09:08","slug":"poder-constituinte-pm-mg","status":"publish","type":"post","link":"https:\/\/www.estrategiaconcursos.com.br\/blog\/poder-constituinte-pm-mg\/","title":{"rendered":"Poder Constituinte para PM-MG"},"content":{"rendered":"\n<p><strong>QAP, combatente?!<\/strong> Como voc\u00ea est\u00e1? A princ\u00edpio,<strong> \u00e9 essencial que tenhamos conhecimento acerca das constantes cobran\u00e7as em quest\u00f5es sobre o poder constituinte para PM-MG<\/strong>. Assim, precisamos estar com esse tema bastante sedimentado, pois <strong>\u00e9 prov\u00e1vel que seja cobrado novamente pelo CRS<\/strong>.<\/p>\n\n\n\n<p>Ademais, buscaremos aperfei\u00e7oar a did\u00e1tica desse material, visando <strong>destacar os itens de maior recorr\u00eancia em quest\u00f5es<\/strong>, com o aux\u00edlio \u2013 por exemplo \u2013 de t\u00f3picos e quadros-resumo.<\/p>\n\n\n\n<p>Dessa forma, de in\u00edcio, apresentaremos <strong>conte\u00fados introdut\u00f3rios<\/strong> a respeito do poder constituinte para PM-MG, como <strong>conceito<\/strong> e <strong>titularidade<\/strong>.<\/p>\n\n\n\n<p>Outrossim, trataremos das <strong>principais esp\u00e9cies de poder constituinte<\/strong>: <strong>origin\u00e1rio<\/strong>, <strong>derivado<\/strong> (e suas subesp\u00e9cies) e <strong>difuso<\/strong>. Nesse sentido, explicaremos as acep\u00e7\u00f5es e caracter\u00edsticas a respeito dessa tem\u00e1tica.<\/p>\n\n\n\n<p>Enfim, combatente, <strong>vamos nessa!<\/strong><\/p>\n\n\n\n<figure class=\"wp-block-image aligncenter size-full\"><img loading=\"lazy\" decoding=\"async\" width=\"720\" height=\"405\" src=\"https:\/\/dhg1h5j42swfq.cloudfront.net\/2021\/02\/25104339\/constituicao-federal-do-brasil-de-1988-1.jpg\" alt=\"Poder Constituinte para PM\/MG\" class=\"wp-image-680019\" srcset=\"https:\/\/dhg1h5j42swfq.cloudfront.net\/2021\/02\/25104339\/constituicao-federal-do-brasil-de-1988-1.jpg 720w, https:\/\/dhg1h5j42swfq.cloudfront.net\/2021\/02\/25104339\/constituicao-federal-do-brasil-de-1988-1-300x169.jpg 300w, https:\/\/dhg1h5j42swfq.cloudfront.net\/2021\/02\/25104339\/constituicao-federal-do-brasil-de-1988-1-610x343.jpg 610w\" sizes=\"auto, (max-width: 720px) 100vw, 720px\" \/><\/figure>\n\n\n\n<h2 class=\"wp-block-heading\" id=\"h-nocoes-gerais-acerca-do-poder-constituinte-para-pm-mg\">No\u00e7\u00f5es gerais acerca do Poder Constituinte para PM-MG<\/h2>\n\n\n\n<p>Estrategista, esse tema \u00e9 de extrema relev\u00e2ncia para a CRS, banca organizadora do seu concurso, uma vez que foi objeto de quest\u00f5es em oportunidades anteriores. Nesse sentido, por ser um assunto que \u00e9 cobrado com recorr\u00eancia, \u00e9 conveniente que o combatente esteja atento as peculiaridades do tema.<\/p>\n\n\n\n<p>A princ\u00edpio, devemos saber que <strong>a Constitui\u00e7\u00e3o de um pa\u00eds<\/strong>, normal fundamental que d\u00e1 base a todo ordenamento jur\u00eddico, <strong>n\u00e3o surge do nada, mas \u00e9 proveniente de um movimento popular ou usurpador<\/strong>.<\/p>\n\n\n\n<p>Por essa via, \u00e9 poss\u00edvel afirmar que o poder constituinte emergiria de um processo democr\u00e1tico ou autocr\u00e1tico que \u2013 a depender do caso \u2013 seria inaugural de um novo Estado ou n\u00e3o fundacional. Isto \u00e9, haveria um movimento de ruptura com a ordem constitucional anterior, mas n\u00e3o a cria\u00e7\u00e3o de um novo poder estatal.<\/p>\n\n\n\n<p>Al\u00e9m disso, com o decorrer dos anos, \u00e9 natural que as normas estejam em desarmonia com a realidade cultural da \u00e9poca. Nesse cond\u00e3o, podemos dizer que o Estado se utiliza de instrumentos presentes em seu texto constitucional para modernizar tais dispositivos que porventura destoem dos anseios populares atuais.<\/p>\n\n\n\n<p>Assim sendo, concurseiro, a respeito do poder constituinte para PM-MG, tenhamos em mente que:<\/p>\n\n\n\n<ul class=\"wp-block-list\">\n<li>\u00e9 aquele poder que <strong>cria ou atualiza normas constitucionais<\/strong>, o qual \u00e9 <strong>exercido por um legislador constituinte<\/strong>.<\/li>\n<\/ul>\n\n\n\n<p>Nessa perspectiva, saibamos que <strong>essa teoria est\u00e1 relacionada ao constitucionalismo moderno<\/strong>, momento em que a Constitui\u00e7\u00e3o passou a ser concebida como <strong>documento escrito, solene e r\u00edgido<\/strong>.<\/p>\n\n\n\n<p>Ademais, o <strong>primeiro estudioso<\/strong> que esbo\u00e7ou a citada teoria foi <strong>o abade franc\u00eas Emmanuel Siey\u00e8s, no s\u00e9culo XVIII, na obra \u201cO que \u00e9 o Terceiro Estado?\u201d<\/strong>.<\/p>\n\n\n\n<p>Por fim, conhecemos as concep\u00e7\u00f5es introdut\u00f3rias acerca do poder constituinte para PM-MG, de modo que podemos avan\u00e7ar no conte\u00fado, passando \u2013 a seguir \u2013 a conhecer as esp\u00e9cies do referido poder.<\/p>\n\n\n\n<h2 class=\"wp-block-heading\" id=\"h-topicos-fundamentais-sobre-o-poder-constituinte-originario\">T\u00f3picos fundamentais sobre o Poder Constituinte Origin\u00e1rio<\/h2>\n\n\n\n<p>Combatente, saibamos que o poder constituinte que inaugura uma nova ordem jur\u00eddica \u00e9 extraordin\u00e1rio, visto que o habitual \u00e9 a preserva\u00e7\u00e3o do direito posto ou apenas a sua atualiza\u00e7\u00e3o. No entanto, para <strong>o poder constituinte origin\u00e1rio<\/strong>, consoante Bernardo Gon\u00e7alves Fernandes, devemos saber que:<\/p>\n\n\n\n<ul class=\"wp-block-list\">\n<li>Consiste em uma <strong>prerrogativa extraordin\u00e1ria<\/strong>, que <strong>ocorre em um momento extraordin\u00e1rio<\/strong>, e visa \u00e0<strong> desconstitui\u00e7\u00e3o da ordem anterior<\/strong> para a <strong>forma\u00e7\u00e3o de uma nova ordem constitucional<\/strong>.<\/li>\n<\/ul>\n\n\n\n<p>Outrossim, <strong>a titularidade desse poder pertence ao povo<\/strong>, por\u00e9m <strong>o seu exerc\u00edcio poderia ocorrer por meio de um processo democr\u00e1tico ou n\u00e3o<\/strong>. Nesse sentido, temos que saber:<\/p>\n\n\n\n<ul class=\"wp-block-list\">\n<li>Para o <strong>exerc\u00edcio democr\u00e1tico do poder constituinte origin\u00e1rio<\/strong>, \u00e9 poss\u00edvel que esse se desenvolva por um <strong>modelo representativo ou direto<\/strong>. No primeiro, elegem-se representantes do povo para compor uma Assembleia Constituinte, ao passo que no segundo a pr\u00f3pria popula\u00e7\u00e3o participa diretamente no processo de forma\u00e7\u00e3o.<\/li>\n\n\n\n<li><strong>Em rela\u00e7\u00e3o ao n\u00e3o democr\u00e1tico, h\u00e1 o exerc\u00edcio autocr\u00e1tico<\/strong>, dado que a vontade popular foi usurpada e, em seu lugar, impingiu-se um texto constitucional formado a partir da vontade um ou alguns poucos que se apoderaram do poder constituinte origin\u00e1rio.<\/li>\n<\/ul>\n\n\n\n<p>Al\u00e9m disso, <strong>quanto \u00e0 dimens\u00e3o<\/strong>, o poder constituinte origin\u00e1rio pode ser:<\/p>\n\n\n\n<ul class=\"wp-block-list\">\n<li><strong>Material<\/strong>: consiste no conjunto de <strong>for\u00e7as pol\u00edtico-sociais que ir\u00e3o produzir o conte\u00fado<\/strong> de uma nova Constitui\u00e7\u00e3o, a partir da ruptura jur\u00eddico-pol\u00edtica.<\/li>\n\n\n\n<li><strong>Formal<\/strong>: busca <strong>formalizar a ideia de direito constru\u00eddo<\/strong>. Ou seja, \u00e9 o grupo incumbido de redigir a Constitui\u00e7\u00e3o.<\/li>\n<\/ul>\n\n\n\n<p>Ademais, quanto \u00e0 manifesta\u00e7\u00e3o hist\u00f3rica, \u00e9 poss\u00edvel a classifica\u00e7\u00e3o desse poder em:<\/p>\n\n\n\n<ul class=\"wp-block-list\">\n<li><strong>Fundacional<\/strong>: h\u00e1 o <strong>fomento de um novo Estado nacional<\/strong> que vai necessitar de uma Constitui\u00e7\u00e3o.<\/li>\n\n\n\n<li><strong>N\u00e3o fundacional<\/strong>: surge em <strong>Estados nacionais j\u00e1 existentes e que possuem Constitui\u00e7\u00e3o<\/strong>. Nesse passo, o movimento de ruptura permite que surja um novo Poder Constituinte Origin\u00e1rio.<\/li>\n<\/ul>\n\n\n\n<p>Enfim, a seguir, vamos conhecer outro t\u00f3pico de bastante relev\u00e2ncia sobre o poder constituinte para PM-MG.<\/p>\n\n\n\n<h3 class=\"wp-block-heading\" id=\"h-caracteristicas\"><em>Caracter\u00edsticas<\/em><\/h3>\n\n\n\n<p>Estrategista, <strong>os elementos caracterizadores s\u00e3o de extrema import\u00e2ncia<\/strong> para a sua prova. Dessa forma, esteja atento a esse conte\u00fado e as informa\u00e7\u00f5es trazidas nos t\u00f3picos a seguir.<\/p>\n\n\n\n<ul class=\"wp-block-list\">\n<li><strong>Inicial<\/strong>: inaugura uma <strong>nova ordem jur\u00eddica e pol\u00edtica<\/strong>, rompendo com a anterior.<\/li>\n\n\n\n<li><strong>Ilimitado<\/strong>: sob a concep\u00e7\u00e3o da teoria positivista, entende-se por <strong>ilimitado do ponto de vista do Direito Positivo anterior<\/strong>, uma vez que \u00e9 <strong>marco inicial para a cria\u00e7\u00e3o de uma nova ordem jur\u00eddica<\/strong>.<\/li>\n\n\n\n<li><strong>Incondicionado<\/strong>: <strong>n\u00e3o guarda condi\u00e7\u00f5es ou termos prefixados<\/strong> para a cria\u00e7\u00e3o da nova ordem constitucional.<\/li>\n\n\n\n<li><strong>Aut\u00f4nomo<\/strong>: <strong>fixa as bases<\/strong> em que a nova Constitui\u00e7\u00e3o ser\u00e1 estabelecida e qual o direito a ser implementado.<\/li>\n\n\n\n<li><strong>Permanente<\/strong>: <strong>n\u00e3o se exaure com a elabora\u00e7\u00e3o da nova Constitui\u00e7\u00e3o<\/strong>. Ou seja, continua presente, ainda que estado de lat\u00eancia.<\/li>\n\n\n\n<li><strong>Pr\u00e9-jur\u00eddico<\/strong>: <strong>\u00e9 preexistente a elabora\u00e7\u00e3o do documento formal<\/strong>, n\u00e3o possuindo \u2013 dessa forma \u2013 limita\u00e7\u00f5es jur\u00eddicas para sua cria\u00e7\u00e3o.<\/li>\n\n\n\n<li><strong>Poder de fato ou pol\u00edtico<\/strong>: <strong>funda a si pr\u00f3prio<\/strong>, visto que o direito se expressa de forma m\u00e1xima na Constitui\u00e7\u00e3o.<\/li>\n<\/ul>\n\n\n\n<h2 class=\"wp-block-heading\" id=\"h-poder-constituinte-para-pm-mg-pontos-essenciais-sobre-o-derivado\">Poder Constituinte para PM-MG: pontos essenciais sobre o Derivado<\/h2>\n\n\n\n<p>A princ\u00edpio, \u00e9 conveniente que partamos das no\u00e7\u00f5es gerais desse poder, uma vez que tais acep\u00e7\u00f5es estar\u00e3o presentes \u2013 direta ou indiretamente \u2013 nas demais subesp\u00e9cies. Nesse sentido, saibamos que o poder constituinte derivado possui cinco <strong>caracter\u00edsticas<\/strong>:<\/p>\n\n\n\n<ul class=\"wp-block-list\">\n<li><strong>Derivado<\/strong>: <strong>adv\u00e9m de uma ordem jur\u00eddica e pol\u00edtica existente<\/strong>.<\/li>\n\n\n\n<li><strong>Limitado<\/strong>: <strong>limita-se do ponto de vista do direito positivo ao direito posto<\/strong> pela ordem jur\u00eddica e pol\u00edtica em vigor.<\/li>\n\n\n\n<li><strong>Condicionado<\/strong>: <strong>guarda condi\u00e7\u00f5es ou termos prefixados<\/strong> com a ordem constitucional posta.<\/li>\n\n\n\n<li><strong>Subordinado<\/strong>: <strong>possui as bases fixadas<\/strong> na Constitui\u00e7\u00e3o estabelecida e no direito implementado.<\/li>\n\n\n\n<li><strong>Poder<\/strong> <strong>Jur\u00eddico<\/strong>: <strong>est\u00e1 determinado na ordem jur\u00eddica<\/strong>. Portanto, n\u00e3o funda a si a pr\u00f3prio, uma vez que sua express\u00e3o se desdobra a partir da ordem constitucional vigente.<\/li>\n<\/ul>\n\n\n\n<p>Ademais, concurseiro, precisamos tamb\u00e9m estar atentos ao conceito, uma vez que pode ser arguido, de formas diversas, pelo examinador. Assim sendo, em linhas gerais, <strong>consiste em um poder jur\u00eddico, criado pelo Poder Constituinte Origin\u00e1rio, para atualizar as normas constitucionais ou para dar origem \u00e0 Constitui\u00e7\u00e3o dos estados-membros<\/strong>.<\/p>\n\n\n\n<h3 class=\"wp-block-heading\" id=\"h-reformador\">Reformador<\/h3>\n\n\n\n<p>Estrategista, em rela\u00e7\u00e3o \u00e0 essa subesp\u00e9cie, expressa-se por uma <strong>altera\u00e7\u00e3o formal na Constitui\u00e7\u00e3o por meio de um Projeto de Emenda \u00e0 Constitui\u00e7\u00e3o<\/strong>. Na Constitui\u00e7\u00e3o Cidad\u00e3, os <strong>limites expl\u00edcitos<\/strong> a esse poder est\u00e3o previstos no <strong>artigo 60<\/strong>.<\/p>\n\n\n\n<ul class=\"wp-block-list\">\n<li><strong><em>Caput<\/em><\/strong>: limita\u00e7\u00e3o formal subjetiva;<\/li>\n\n\n\n<li><strong><em>\u00a7 1\u00ba<\/em><\/strong>: limita\u00e7\u00e3o circunstancial;<\/li>\n\n\n\n<li><strong><em>\u00a7\u00a7 2\u00ba, 3\u00ba e 5\u00ba<\/em><\/strong>: limita\u00e7\u00e3o formal objetiva;<\/li>\n\n\n\n<li><strong><em>\u00a7 4\u00ba<\/em><\/strong>: limita\u00e7\u00e3o material ou cl\u00e1usulas p\u00e9treas.<\/li>\n<\/ul>\n\n\n\n<p>Al\u00e9m disso, devemos saber que \u2013 diferentemente da Constitui\u00e7\u00e3o do Brasil Imp\u00e9rio (1824) \u2013 a atual Constituinte n\u00e3o possui limita\u00e7\u00e3o temporal.<\/p>\n\n\n\n<h3 class=\"wp-block-heading\" id=\"h-revisor\">Revisor<\/h3>\n\n\n\n<p>Combatente, no tocante a essa subesp\u00e9cie, assim como a anterior, <strong>busca a atualiza\u00e7\u00e3o da Constitui\u00e7\u00e3o<\/strong>. Entretanto, por meio de um <strong>processo mais simples e c\u00e9lere<\/strong>, quando comparado com o de reforma da Constitui\u00e7\u00e3o.<\/p>\n\n\n\n<p>Nesse sentido, saibamos que esse poder <strong>j\u00e1 foi exaurido na Constitui\u00e7\u00e3o Cidad\u00e3, consoante o artigo 3\u00ba dos Atos das Disposi\u00e7\u00f5es Constitucionais Transit\u00f3rias<\/strong>.<\/p>\n\n\n\n<figure class=\"wp-block-table aligncenter\"><table class=\"has-cyan-bluish-gray-background-color has-background\"><tbody><tr><td class=\"has-text-align-center\" data-align=\"center\"><strong>REFORMADOR<\/strong><\/td><td class=\"has-text-align-center\" data-align=\"center\"><strong>REVISOR<\/strong><\/td><\/tr><tr><td class=\"has-text-align-center\" data-align=\"center\">&#8211; Est\u00e1 <strong>previsto permanentemente<\/strong> na Constitui\u00e7\u00e3o;<br \/>&#8211; D\u00e1-se por <strong>processo rigoroso<\/strong> (PEC votada em dois turnos, em sess\u00e3o bicameral e com qu\u00f3rum de 3\/5).<\/td><td class=\"has-text-align-center\" data-align=\"center\">&#8211; N\u00e3o est\u00e1 previsto de modo permanente na Constitui\u00e7\u00e3o, mas de forma <strong>transit\u00f3ria<\/strong> (\u00fanica);<br \/>&#8211; Ocorre por meio de <strong>processo simplificado<\/strong>.<\/td><\/tr><\/tbody><\/table><\/figure>\n\n\n\n<h3 class=\"wp-block-heading\" id=\"h-decorrente\">Decorrente<\/h3>\n\n\n\n<p>Por fim, concurseiro, a \u00faltima subesp\u00e9cie do poder constituinte derivado. Essa <strong>guarda rela\u00e7\u00e3o com os estados-membros que comp\u00f5em a federa\u00e7\u00e3o<\/strong>, uma vez que <strong>possibilita a institui\u00e7\u00e3o de Constitui\u00e7\u00f5es estaduais<\/strong> por esses entes. Contudo, para o fomento dessas Constituintes, <strong>\u00e9 essencial que sejam os observados os seguintes princ\u00edpios<\/strong>:<\/p>\n\n\n\n<ul class=\"wp-block-list\">\n<li><strong>Sens\u00edveis<\/strong>: o <strong>descumprimento<\/strong> desses preceitos enseja a san\u00e7\u00e3o pol\u00edtica de <strong>interven\u00e7\u00e3o federal<\/strong>. Por exemplo, o artigo 34, inciso VII, da Constitui\u00e7\u00e3o Federal de 1988.<\/li>\n\n\n\n<li><strong>Estabelecidos ou organizativos<\/strong>: s\u00e3o normas, relativas \u00e0 compet\u00eancia e ordena\u00e7\u00e3o da administra\u00e7\u00e3o p\u00fablica, que <strong>os Estados devem observar na elabora\u00e7\u00e3o e reforma<\/strong> da Constitui\u00e7\u00f5es estaduais. A t\u00edtulo exemplificativo, os artigos 24, 25 e 37 da Constitui\u00e7\u00e3o Cidad\u00e3.<\/li>\n\n\n\n<li><strong>Extens\u00edveis<\/strong>: consiste em <strong>normas centrais e comuns \u00e0 Uni\u00e3o e aos demais entes federativos<\/strong>, as quais possuem <strong>obrigatoriedade em sua observa\u00e7\u00e3o<\/strong>. S\u00e3o exemplos os artigos 1\u00ba, inciso I a IV, 3\u00ba, 5\u00ba, entre outros.<\/li>\n<\/ul>\n\n\n\n<figure class=\"wp-block-table aligncenter\"><table class=\"has-cyan-bluish-gray-background-color has-background\"><tbody><tr><td class=\"has-text-align-center\" data-align=\"center\"><strong>DISTRITO FEDERAL<\/strong><br \/>A Lei Org\u00e2nica do DF possui <strong>natureza h\u00edbrida<\/strong>, j\u00e1 que acumula atribui\u00e7\u00f5es dos Estados e Munic\u00edpios. Logo, <strong>\u00e9 representa\u00e7\u00e3o do Poder Constituinte Derivado Decorrente<\/strong>.<\/td><td class=\"has-text-align-center\" data-align=\"center\"><strong>MUNIC\u00cdPIOS<\/strong><br \/>Por outro lado, as Leis Org\u00e2nicas dos Munic\u00edpios n\u00e3o s\u00e3o express\u00e3o da mencionada subesp\u00e9cie. Ent\u00e3o, <strong>n\u00e3o h\u00e1 a manifesta\u00e7\u00e3o desse poder nesses entes<\/strong>.<\/td><\/tr><\/tbody><\/table><\/figure>\n\n\n\n<p>Enfim, Estrategista, exaurimos nesse t\u00f3pico, os conte\u00fados primordiais acerca do Poder Constituinte para PM-MG. Dessa maneira, a seguir, vamos adentrar na \u00faltima esp\u00e9cie com relev\u00e2ncia para a sua prova.<\/p>\n\n\n\n<h2 class=\"wp-block-heading\" id=\"h-tematica-relevante-a-respeito-do-poder-constituinte-para-pm-mg-mutacao-constitucional\">Tem\u00e1tica relevante a respeito do Poder Constituinte para PM\/MG: muta\u00e7\u00e3o constitucional<\/h2>\n\n\n\n<p>Combatente, o <strong>poder constituinte difuso<\/strong> se traduz pela <strong>altera\u00e7\u00e3o informal da Constitui\u00e7\u00e3o<\/strong>. Ou seja, <strong>n\u00e3o h\u00e1 modifica\u00e7\u00e3o expressa do texto constitucional, mas uma altera\u00e7\u00e3o do entendimento anterior<\/strong>.<\/p>\n\n\n\n<p>Nesse sentido, relaciona-se estritamente com a <strong>muta\u00e7\u00e3o constitucional<\/strong>, uma vez que esse instituto jur\u00eddico consiste em um <strong>mecanismo informal por meio do qual s\u00e3o fomentadas novas interpreta\u00e7\u00f5es de dispositivos constitucionais, com mudan\u00e7as do sentido, sem que se opere qualquer modifica\u00e7\u00e3o no texto constitucional<\/strong>.<\/p>\n\n\n\n<p>Outrossim, por n\u00e3o estar regulamentado na Constitui\u00e7\u00e3o Federal, trata-se de um <strong>poder de fato<\/strong>. Isto \u00e9, antes <strong>surge de um fato social, pol\u00edtico ou jur\u00eddico que se manifesta por meio da muta\u00e7\u00e3o constitucional<\/strong>.<\/p>\n\n\n\n<h2 class=\"wp-block-heading\" id=\"h-consideracoes-finais\">Considera\u00e7\u00f5es Finais<\/h2>\n\n\n\n<p>Dessa maneira, concurseiro, <strong>trouxemos elementos basilares para que voc\u00ea tenha maior assertividade em quest\u00f5es acerca do poder constituinte para PM-MG<\/strong>.<\/p>\n\n\n\n<p>Nesse sentido, tornamos esse assunto bastante did\u00e1tico, uma vez que \u2013 al\u00e9m da objetividade \u2013 utilizamos t\u00f3picos e quadros-resumo que, certamente, servir\u00e3o para revis\u00f5es futuras sobre o tema.<\/p>\n\n\n\n<p>Al\u00e9m disso, Estrategista, <a href=\"https:\/\/concursos.estrategia.com\/\" target=\"_blank\" rel=\"noreferrer noopener\">\u00e9 primordial que fa\u00e7amos quest\u00f5es e conhe\u00e7amos o m\u00e9todo de cobran\u00e7a da banca examinadora que ser\u00e1 enfrentada<\/a>. Portanto, <strong>ao encerrar esse material, revise-o quantas vezes quiser e fa\u00e7a bastantes quest\u00f5es!<\/strong><\/p>\n\n\n\n<p>Por fim, Estrategista-combatente, <a href=\"https:\/\/www.estrategiaconcursos.com.br\/cursosPorConcurso\/policia-militar-de-minas-gerais-pm-mg\/?utm_source=google&amp;utm_medium=cpc&amp;utm_campaign=ec-pol-vd-gsh-pmmg&amp;gclid=CjwKCAiA_6yfBhBNEiwAkmXy51kxgDjQF8-nykM1NOXXU0YCQxcm3zyHhlYk0I7zF_agm77hwzl71RoCLYoQAvD_BwE\" target=\"_blank\" rel=\"noreferrer noopener\">quer se aprofundar ainda mais nessa tem\u00e1tica e nos demais pontos do seu edital?! Venha conosco!<\/a><\/p>\n\n\n\n<p><strong>Desejo muita resili\u00eancia nos estudos e perseveran\u00e7a em seus objetivos!<\/strong><\/p>\n\n\n\n<p><strong>A vit\u00f3ria \u00e9 certa para quem n\u00e3o desiste!<\/strong><\/p>\n\n\n\n<p><strong>Bons estudos!<\/strong><\/p>\n\n\n\n<p class=\"has-text-align-center\" id=\"h-quer-saber-tudo-sobre-concursos-previstos\"><strong>Quer saber quais ser\u00e3o os pr\u00f3ximos concursos?<\/strong><\/p>\n\n\n\n<p class=\"has-text-align-center\"><strong>Confira nossos artigos!<\/strong><\/p>\n\n\n\n<p class=\"has-text-align-center has-white-color has-pale-cyan-blue-background-color has-text-color has-background\"><a href=\"https:\/\/www.estrategiaconcursos.com.br\/blog\/concursos-abertos\/\" target=\"_blank\" rel=\"noreferrer noopener\">Concursos abertos<\/a><\/p>\n\n\n\n<p class=\"has-text-align-center has-white-color has-pale-cyan-blue-background-color has-text-color has-background\"><a href=\"https:\/\/www.estrategiaconcursos.com.br\/blog\/concursos-2023\/\" target=\"_blank\" rel=\"noreferrer noopener\">Concursos 2023<\/a><\/p>\n","protected":false},"excerpt":{"rendered":"<p>QAP, combatente?! Como voc\u00ea est\u00e1? A princ\u00edpio, \u00e9 essencial que tenhamos conhecimento acerca das constantes cobran\u00e7as em quest\u00f5es sobre o poder constituinte para PM-MG. Assim, precisamos estar com esse tema bastante sedimentado, pois \u00e9 prov\u00e1vel que seja cobrado novamente pelo CRS. Ademais, buscaremos aperfei\u00e7oar a did\u00e1tica desse material, visando destacar os itens de maior recorr\u00eancia [&hellip;]<\/p>\n","protected":false},"author":2566,"featured_media":680019,"comment_status":"open","ping_status":"closed","sticky":false,"template":"","format":"standard","meta":{"post_tipo":"article","footnotes":""},"categories":[1,220186,220187],"tags":[],"tax_estado":[219974],"class_list":["post-1169155","post","type-post","status-publish","format-standard","has-post-thumbnail","hentry","category-cursos-e-concursos","category-policial-oficial","category-policial-pracas","tax_estado-mg"],"acf":[],"yoast_head":"<!-- This site is optimized with the Yoast SEO Premium plugin v27.2 (Yoast SEO v27.2) - https:\/\/yoast.com\/product\/yoast-seo-premium-wordpress\/ -->\n<title>Poder Constituinte para PM-MG<\/title>\n<meta name=\"description\" content=\"Saiba os principais t\u00f3picos que aumentar\u00e3o o seu \u00edndice de assertividade nas quest\u00f5es acerca do Poder Constituinte para PM-MG!\" \/>\n<meta name=\"robots\" content=\"index, follow, max-snippet:-1, max-image-preview:large, max-video-preview:-1\" \/>\n<link rel=\"canonical\" href=\"https:\/\/www.estrategiaconcursos.com.br\/blog\/poder-constituinte-pm-mg\/\" \/>\n<meta property=\"og:locale\" content=\"pt_BR\" \/>\n<meta property=\"og:type\" content=\"article\" \/>\n<meta property=\"og:title\" content=\"Poder Constituinte para PM-MG\" \/>\n<meta property=\"og:description\" content=\"Saiba os principais t\u00f3picos que aumentar\u00e3o o seu \u00edndice de assertividade nas quest\u00f5es acerca do Poder Constituinte para PM-MG!\" \/>\n<meta property=\"og:url\" content=\"https:\/\/www.estrategiaconcursos.com.br\/blog\/poder-constituinte-pm-mg\/\" \/>\n<meta property=\"og:site_name\" content=\"Estrat\u00e9gia Concursos\" \/>\n<meta property=\"article:published_time\" content=\"2023-03-09T11:00:00+00:00\" \/>\n<meta property=\"article:modified_time\" content=\"2023-03-09T11:09:08+00:00\" \/>\n<meta property=\"og:image\" content=\"https:\/\/dhg1h5j42swfq.cloudfront.net\/2021\/02\/25104339\/constituicao-federal-do-brasil-de-1988-1.jpg\" \/>\n\t<meta property=\"og:image:width\" content=\"720\" \/>\n\t<meta property=\"og:image:height\" content=\"405\" \/>\n\t<meta property=\"og:image:type\" content=\"image\/jpeg\" \/>\n<meta name=\"author\" content=\"Gabriel Rocha da Gra\u00e7a\" \/>\n<meta name=\"twitter:card\" content=\"summary_large_image\" \/>\n<meta name=\"twitter:creator\" content=\"@EstratConcursos\" \/>\n<meta name=\"twitter:site\" content=\"@EstratConcursos\" \/>\n<meta name=\"twitter:label1\" content=\"Escrito por\" \/>\n\t<meta name=\"twitter:data1\" content=\"Gabriel Rocha da Gra\u00e7a\" \/>\n\t<meta name=\"twitter:label2\" content=\"Est. tempo de leitura\" \/>\n\t<meta name=\"twitter:data2\" content=\"10 minutos\" \/>\n<script type=\"application\/ld+json\" class=\"yoast-schema-graph\">{\"@context\":\"https:\/\/schema.org\",\"@graph\":[{\"@type\":\"NewsArticle\",\"@id\":\"https:\/\/www.estrategiaconcursos.com.br\/blog\/poder-constituinte-pm-mg\/#article\",\"isPartOf\":{\"@id\":\"https:\/\/www.estrategiaconcursos.com.br\/blog\/poder-constituinte-pm-mg\/\"},\"author\":{\"name\":\"Gabriel Rocha da Gra\u00e7a\",\"@id\":\"https:\/\/www.estrategiaconcursos.com.br\/blog\/#\/schema\/person\/b7dbf284f7775e26e8fafbe6a56c1fc0\"},\"headline\":\"Poder Constituinte para PM-MG\",\"datePublished\":\"2023-03-09T11:00:00+00:00\",\"dateModified\":\"2023-03-09T11:09:08+00:00\",\"mainEntityOfPage\":{\"@id\":\"https:\/\/www.estrategiaconcursos.com.br\/blog\/poder-constituinte-pm-mg\/\"},\"wordCount\":1921,\"commentCount\":0,\"publisher\":{\"@id\":\"https:\/\/www.estrategiaconcursos.com.br\/blog\/#organization\"},\"image\":{\"@id\":\"https:\/\/www.estrategiaconcursos.com.br\/blog\/poder-constituinte-pm-mg\/#primaryimage\"},\"thumbnailUrl\":\"https:\/\/dhg1h5j42swfq.cloudfront.net\/2021\/02\/25104339\/constituicao-federal-do-brasil-de-1988-1.jpg\",\"articleSection\":[\"Concursos P\u00fablicos\",\"Policial (PM\/BM - Oficial)\",\"Policial (PM\/BM - Pra\u00e7as)\"],\"inLanguage\":\"pt-BR\",\"potentialAction\":[{\"@type\":\"CommentAction\",\"name\":\"Comment\",\"target\":[\"https:\/\/www.estrategiaconcursos.com.br\/blog\/poder-constituinte-pm-mg\/#respond\"]}],\"copyrightYear\":\"2023\",\"copyrightHolder\":{\"@id\":\"https:\/\/www.estrategiaconcursos.com.br\/blog\/#organization\"}},{\"@type\":\"WebPage\",\"@id\":\"https:\/\/www.estrategiaconcursos.com.br\/blog\/poder-constituinte-pm-mg\/\",\"url\":\"https:\/\/www.estrategiaconcursos.com.br\/blog\/poder-constituinte-pm-mg\/\",\"name\":\"Poder Constituinte para PM-MG\",\"isPartOf\":{\"@id\":\"https:\/\/www.estrategiaconcursos.com.br\/blog\/#website\"},\"primaryImageOfPage\":{\"@id\":\"https:\/\/www.estrategiaconcursos.com.br\/blog\/poder-constituinte-pm-mg\/#primaryimage\"},\"image\":{\"@id\":\"https:\/\/www.estrategiaconcursos.com.br\/blog\/poder-constituinte-pm-mg\/#primaryimage\"},\"thumbnailUrl\":\"https:\/\/dhg1h5j42swfq.cloudfront.net\/2021\/02\/25104339\/constituicao-federal-do-brasil-de-1988-1.jpg\",\"datePublished\":\"2023-03-09T11:00:00+00:00\",\"dateModified\":\"2023-03-09T11:09:08+00:00\",\"description\":\"Saiba os principais t\u00f3picos que aumentar\u00e3o o seu \u00edndice de assertividade nas quest\u00f5es acerca do Poder Constituinte para PM-MG!\",\"breadcrumb\":{\"@id\":\"https:\/\/www.estrategiaconcursos.com.br\/blog\/poder-constituinte-pm-mg\/#breadcrumb\"},\"inLanguage\":\"pt-BR\",\"potentialAction\":[{\"@type\":\"ReadAction\",\"target\":[\"https:\/\/www.estrategiaconcursos.com.br\/blog\/poder-constituinte-pm-mg\/\"]}]},{\"@type\":\"ImageObject\",\"inLanguage\":\"pt-BR\",\"@id\":\"https:\/\/www.estrategiaconcursos.com.br\/blog\/poder-constituinte-pm-mg\/#primaryimage\",\"url\":\"https:\/\/dhg1h5j42swfq.cloudfront.net\/2021\/02\/25104339\/constituicao-federal-do-brasil-de-1988-1.jpg\",\"contentUrl\":\"https:\/\/dhg1h5j42swfq.cloudfront.net\/2021\/02\/25104339\/constituicao-federal-do-brasil-de-1988-1.jpg\",\"width\":720,\"height\":405,\"caption\":\"S\u00famula vinculante para TJ-RN\"},{\"@type\":\"BreadcrumbList\",\"@id\":\"https:\/\/www.estrategiaconcursos.com.br\/blog\/poder-constituinte-pm-mg\/#breadcrumb\",\"itemListElement\":[{\"@type\":\"ListItem\",\"position\":1,\"name\":\"In\u00edcio\",\"item\":\"https:\/\/www.estrategiaconcursos.com.br\/blog\/\"},{\"@type\":\"ListItem\",\"position\":2,\"name\":\"Poder Constituinte para PM-MG\"}]},{\"@type\":\"WebSite\",\"@id\":\"https:\/\/www.estrategiaconcursos.com.br\/blog\/#website\",\"url\":\"https:\/\/www.estrategiaconcursos.com.br\/blog\/\",\"name\":\"Estrat\u00e9gia Concursos\",\"description\":\"O blog da Estrat\u00e9gia Concursos traz not\u00edcias sobre concursos e artigos de professores oferecendo cursos para concursos (pdf + videaulas) no site.\",\"publisher\":{\"@id\":\"https:\/\/www.estrategiaconcursos.com.br\/blog\/#organization\"},\"potentialAction\":[{\"@type\":\"SearchAction\",\"target\":{\"@type\":\"EntryPoint\",\"urlTemplate\":\"https:\/\/www.estrategiaconcursos.com.br\/blog\/?s={search_term_string}\"},\"query-input\":{\"@type\":\"PropertyValueSpecification\",\"valueRequired\":true,\"valueName\":\"search_term_string\"}}],\"inLanguage\":\"pt-BR\"},{\"@type\":\"Organization\",\"@id\":\"https:\/\/www.estrategiaconcursos.com.br\/blog\/#organization\",\"name\":\"Estrat\u00e9gia Concursos\",\"url\":\"https:\/\/www.estrategiaconcursos.com.br\/blog\/\",\"logo\":{\"@type\":\"ImageObject\",\"inLanguage\":\"pt-BR\",\"@id\":\"https:\/\/www.estrategiaconcursos.com.br\/blog\/#\/schema\/logo\/image\/\",\"url\":\"https:\/\/dhg1h5j42swfq.cloudfront.net\/2025\/06\/03203428\/logo_concursos-1.jpg\",\"contentUrl\":\"https:\/\/dhg1h5j42swfq.cloudfront.net\/2025\/06\/03203428\/logo_concursos-1.jpg\",\"width\":230,\"height\":60,\"caption\":\"Estrat\u00e9gia Concursos\"},\"image\":{\"@id\":\"https:\/\/www.estrategiaconcursos.com.br\/blog\/#\/schema\/logo\/image\/\"},\"sameAs\":[\"https:\/\/x.com\/EstratConcursos\"]},{\"@type\":\"Person\",\"@id\":\"https:\/\/www.estrategiaconcursos.com.br\/blog\/#\/schema\/person\/b7dbf284f7775e26e8fafbe6a56c1fc0\",\"name\":\"Gabriel Rocha da Gra\u00e7a\",\"image\":{\"@type\":\"ImageObject\",\"inLanguage\":\"pt-BR\",\"@id\":\"https:\/\/secure.gravatar.com\/avatar\/01dc6deaaf49f7195b1b726afb16234e5589513d0df3f1687499d49775ccfb8c?s=96&d=mm&r=g\",\"url\":\"https:\/\/secure.gravatar.com\/avatar\/01dc6deaaf49f7195b1b726afb16234e5589513d0df3f1687499d49775ccfb8c?s=96&d=mm&r=g\",\"contentUrl\":\"https:\/\/secure.gravatar.com\/avatar\/01dc6deaaf49f7195b1b726afb16234e5589513d0df3f1687499d49775ccfb8c?s=96&d=mm&r=g\",\"caption\":\"Gabriel Rocha da Gra\u00e7a\"},\"description\":\"Sou Bacharel em Direito e possuo cinco especializa\u00e7\u00f5es, entre as quais destaco a minha P\u00f3s-Gradua\u00e7\u00e3o em Ci\u00eancias Criminais e meus MBAs em Gest\u00e3o da Seguran\u00e7a P\u00fablica e em Gest\u00e3o de Pol\u00edcia Ostensiva. Ademais, fui aprovado, de primeira, no XXX Exame da Ordem dos Advogados do Brasil, bem como conquistei diversas aprova\u00e7\u00f5es em concursos p\u00fablicos, entre as quais destaco os \\\"top-5\\\" nos concursos do CFO PM-GO, CFO PM-RN, Delegado\/BA e Soldado PM\/SE. Atualmente, estou Aspirante a Oficial na Pol\u00edcia Militar do Estado de Goi\u00e1s.\",\"url\":\"https:\/\/www.estrategiaconcursos.com.br\/blog\/author\/gabrieldagracayahoo-com-br\/\"}]}<\/script>\n<!-- \/ Yoast SEO Premium plugin. -->","yoast_head_json":{"title":"Poder Constituinte para PM-MG","description":"Saiba os principais t\u00f3picos que aumentar\u00e3o o seu \u00edndice de assertividade nas quest\u00f5es acerca do Poder Constituinte para PM-MG!","robots":{"index":"index","follow":"follow","max-snippet":"max-snippet:-1","max-image-preview":"max-image-preview:large","max-video-preview":"max-video-preview:-1"},"canonical":"https:\/\/www.estrategiaconcursos.com.br\/blog\/poder-constituinte-pm-mg\/","og_locale":"pt_BR","og_type":"article","og_title":"Poder Constituinte para PM-MG","og_description":"Saiba os principais t\u00f3picos que aumentar\u00e3o o seu \u00edndice de assertividade nas quest\u00f5es acerca do Poder Constituinte para PM-MG!","og_url":"https:\/\/www.estrategiaconcursos.com.br\/blog\/poder-constituinte-pm-mg\/","og_site_name":"Estrat\u00e9gia Concursos","article_published_time":"2023-03-09T11:00:00+00:00","article_modified_time":"2023-03-09T11:09:08+00:00","og_image":[{"width":720,"height":405,"url":"https:\/\/dhg1h5j42swfq.cloudfront.net\/2021\/02\/25104339\/constituicao-federal-do-brasil-de-1988-1.jpg","type":"image\/jpeg"}],"author":"Gabriel Rocha da Gra\u00e7a","twitter_card":"summary_large_image","twitter_creator":"@EstratConcursos","twitter_site":"@EstratConcursos","twitter_misc":{"Escrito por":"Gabriel Rocha da Gra\u00e7a","Est. tempo de leitura":"10 minutos"},"schema":{"@context":"https:\/\/schema.org","@graph":[{"@type":"NewsArticle","@id":"https:\/\/www.estrategiaconcursos.com.br\/blog\/poder-constituinte-pm-mg\/#article","isPartOf":{"@id":"https:\/\/www.estrategiaconcursos.com.br\/blog\/poder-constituinte-pm-mg\/"},"author":{"name":"Gabriel Rocha da Gra\u00e7a","@id":"https:\/\/www.estrategiaconcursos.com.br\/blog\/#\/schema\/person\/b7dbf284f7775e26e8fafbe6a56c1fc0"},"headline":"Poder Constituinte para PM-MG","datePublished":"2023-03-09T11:00:00+00:00","dateModified":"2023-03-09T11:09:08+00:00","mainEntityOfPage":{"@id":"https:\/\/www.estrategiaconcursos.com.br\/blog\/poder-constituinte-pm-mg\/"},"wordCount":1921,"commentCount":0,"publisher":{"@id":"https:\/\/www.estrategiaconcursos.com.br\/blog\/#organization"},"image":{"@id":"https:\/\/www.estrategiaconcursos.com.br\/blog\/poder-constituinte-pm-mg\/#primaryimage"},"thumbnailUrl":"https:\/\/dhg1h5j42swfq.cloudfront.net\/2021\/02\/25104339\/constituicao-federal-do-brasil-de-1988-1.jpg","articleSection":["Concursos P\u00fablicos","Policial (PM\/BM - Oficial)","Policial (PM\/BM - Pra\u00e7as)"],"inLanguage":"pt-BR","potentialAction":[{"@type":"CommentAction","name":"Comment","target":["https:\/\/www.estrategiaconcursos.com.br\/blog\/poder-constituinte-pm-mg\/#respond"]}],"copyrightYear":"2023","copyrightHolder":{"@id":"https:\/\/www.estrategiaconcursos.com.br\/blog\/#organization"}},{"@type":"WebPage","@id":"https:\/\/www.estrategiaconcursos.com.br\/blog\/poder-constituinte-pm-mg\/","url":"https:\/\/www.estrategiaconcursos.com.br\/blog\/poder-constituinte-pm-mg\/","name":"Poder Constituinte para PM-MG","isPartOf":{"@id":"https:\/\/www.estrategiaconcursos.com.br\/blog\/#website"},"primaryImageOfPage":{"@id":"https:\/\/www.estrategiaconcursos.com.br\/blog\/poder-constituinte-pm-mg\/#primaryimage"},"image":{"@id":"https:\/\/www.estrategiaconcursos.com.br\/blog\/poder-constituinte-pm-mg\/#primaryimage"},"thumbnailUrl":"https:\/\/dhg1h5j42swfq.cloudfront.net\/2021\/02\/25104339\/constituicao-federal-do-brasil-de-1988-1.jpg","datePublished":"2023-03-09T11:00:00+00:00","dateModified":"2023-03-09T11:09:08+00:00","description":"Saiba os principais t\u00f3picos que aumentar\u00e3o o seu \u00edndice de assertividade nas quest\u00f5es acerca do Poder Constituinte para PM-MG!","breadcrumb":{"@id":"https:\/\/www.estrategiaconcursos.com.br\/blog\/poder-constituinte-pm-mg\/#breadcrumb"},"inLanguage":"pt-BR","potentialAction":[{"@type":"ReadAction","target":["https:\/\/www.estrategiaconcursos.com.br\/blog\/poder-constituinte-pm-mg\/"]}]},{"@type":"ImageObject","inLanguage":"pt-BR","@id":"https:\/\/www.estrategiaconcursos.com.br\/blog\/poder-constituinte-pm-mg\/#primaryimage","url":"https:\/\/dhg1h5j42swfq.cloudfront.net\/2021\/02\/25104339\/constituicao-federal-do-brasil-de-1988-1.jpg","contentUrl":"https:\/\/dhg1h5j42swfq.cloudfront.net\/2021\/02\/25104339\/constituicao-federal-do-brasil-de-1988-1.jpg","width":720,"height":405,"caption":"S\u00famula vinculante para TJ-RN"},{"@type":"BreadcrumbList","@id":"https:\/\/www.estrategiaconcursos.com.br\/blog\/poder-constituinte-pm-mg\/#breadcrumb","itemListElement":[{"@type":"ListItem","position":1,"name":"In\u00edcio","item":"https:\/\/www.estrategiaconcursos.com.br\/blog\/"},{"@type":"ListItem","position":2,"name":"Poder Constituinte para PM-MG"}]},{"@type":"WebSite","@id":"https:\/\/www.estrategiaconcursos.com.br\/blog\/#website","url":"https:\/\/www.estrategiaconcursos.com.br\/blog\/","name":"Estrat\u00e9gia Concursos","description":"O blog da Estrat\u00e9gia Concursos traz not\u00edcias sobre concursos e artigos de professores oferecendo cursos para concursos (pdf + videaulas) no site.","publisher":{"@id":"https:\/\/www.estrategiaconcursos.com.br\/blog\/#organization"},"potentialAction":[{"@type":"SearchAction","target":{"@type":"EntryPoint","urlTemplate":"https:\/\/www.estrategiaconcursos.com.br\/blog\/?s={search_term_string}"},"query-input":{"@type":"PropertyValueSpecification","valueRequired":true,"valueName":"search_term_string"}}],"inLanguage":"pt-BR"},{"@type":"Organization","@id":"https:\/\/www.estrategiaconcursos.com.br\/blog\/#organization","name":"Estrat\u00e9gia Concursos","url":"https:\/\/www.estrategiaconcursos.com.br\/blog\/","logo":{"@type":"ImageObject","inLanguage":"pt-BR","@id":"https:\/\/www.estrategiaconcursos.com.br\/blog\/#\/schema\/logo\/image\/","url":"https:\/\/dhg1h5j42swfq.cloudfront.net\/2025\/06\/03203428\/logo_concursos-1.jpg","contentUrl":"https:\/\/dhg1h5j42swfq.cloudfront.net\/2025\/06\/03203428\/logo_concursos-1.jpg","width":230,"height":60,"caption":"Estrat\u00e9gia Concursos"},"image":{"@id":"https:\/\/www.estrategiaconcursos.com.br\/blog\/#\/schema\/logo\/image\/"},"sameAs":["https:\/\/x.com\/EstratConcursos"]},{"@type":"Person","@id":"https:\/\/www.estrategiaconcursos.com.br\/blog\/#\/schema\/person\/b7dbf284f7775e26e8fafbe6a56c1fc0","name":"Gabriel Rocha da Gra\u00e7a","image":{"@type":"ImageObject","inLanguage":"pt-BR","@id":"https:\/\/secure.gravatar.com\/avatar\/01dc6deaaf49f7195b1b726afb16234e5589513d0df3f1687499d49775ccfb8c?s=96&d=mm&r=g","url":"https:\/\/secure.gravatar.com\/avatar\/01dc6deaaf49f7195b1b726afb16234e5589513d0df3f1687499d49775ccfb8c?s=96&d=mm&r=g","contentUrl":"https:\/\/secure.gravatar.com\/avatar\/01dc6deaaf49f7195b1b726afb16234e5589513d0df3f1687499d49775ccfb8c?s=96&d=mm&r=g","caption":"Gabriel Rocha da Gra\u00e7a"},"description":"Sou Bacharel em Direito e possuo cinco especializa\u00e7\u00f5es, entre as quais destaco a minha P\u00f3s-Gradua\u00e7\u00e3o em Ci\u00eancias Criminais e meus MBAs em Gest\u00e3o da Seguran\u00e7a P\u00fablica e em Gest\u00e3o de Pol\u00edcia Ostensiva. Ademais, fui aprovado, de primeira, no XXX Exame da Ordem dos Advogados do Brasil, bem como conquistei diversas aprova\u00e7\u00f5es em concursos p\u00fablicos, entre as quais destaco os \"top-5\" nos concursos do CFO PM-GO, CFO PM-RN, Delegado\/BA e Soldado PM\/SE. Atualmente, estou Aspirante a Oficial na Pol\u00edcia Militar do Estado de Goi\u00e1s.","url":"https:\/\/www.estrategiaconcursos.com.br\/blog\/author\/gabrieldagracayahoo-com-br\/"}]}},"_links":{"self":[{"href":"https:\/\/www.estrategiaconcursos.com.br\/blog\/wp-json\/wp\/v2\/posts\/1169155","targetHints":{"allow":["GET"]}}],"collection":[{"href":"https:\/\/www.estrategiaconcursos.com.br\/blog\/wp-json\/wp\/v2\/posts"}],"about":[{"href":"https:\/\/www.estrategiaconcursos.com.br\/blog\/wp-json\/wp\/v2\/types\/post"}],"author":[{"embeddable":true,"href":"https:\/\/www.estrategiaconcursos.com.br\/blog\/wp-json\/wp\/v2\/users\/2566"}],"replies":[{"embeddable":true,"href":"https:\/\/www.estrategiaconcursos.com.br\/blog\/wp-json\/wp\/v2\/comments?post=1169155"}],"version-history":[{"count":10,"href":"https:\/\/www.estrategiaconcursos.com.br\/blog\/wp-json\/wp\/v2\/posts\/1169155\/revisions"}],"predecessor-version":[{"id":1184003,"href":"https:\/\/www.estrategiaconcursos.com.br\/blog\/wp-json\/wp\/v2\/posts\/1169155\/revisions\/1184003"}],"wp:featuredmedia":[{"embeddable":true,"href":"https:\/\/www.estrategiaconcursos.com.br\/blog\/wp-json\/wp\/v2\/media\/680019"}],"wp:attachment":[{"href":"https:\/\/www.estrategiaconcursos.com.br\/blog\/wp-json\/wp\/v2\/media?parent=1169155"}],"wp:term":[{"taxonomy":"category","embeddable":true,"href":"https:\/\/www.estrategiaconcursos.com.br\/blog\/wp-json\/wp\/v2\/categories?post=1169155"},{"taxonomy":"post_tag","embeddable":true,"href":"https:\/\/www.estrategiaconcursos.com.br\/blog\/wp-json\/wp\/v2\/tags?post=1169155"},{"taxonomy":"tax_estado","embeddable":true,"href":"https:\/\/www.estrategiaconcursos.com.br\/blog\/wp-json\/wp\/v2\/tax_estado?post=1169155"}],"curies":[{"name":"wp","href":"https:\/\/api.w.org\/{rel}","templated":true}]}}