{"id":11687,"date":"2013-10-23T09:17:06","date_gmt":"2013-10-23T12:17:06","guid":{"rendered":"https:\/\/www.estrategiaconcursos.com.br\/blog\/?p=11687"},"modified":"2018-09-29T11:12:22","modified_gmt":"2018-09-29T14:12:22","slug":"comentarios-a-questao-discursiva-de-itil-area-5-bacen","status":"publish","type":"post","link":"https:\/\/www.estrategiaconcursos.com.br\/blog\/comentarios-a-questao-discursiva-de-itil-area-5-bacen\/","title":{"rendered":"Coment\u00e1rios \u00e0 quest\u00e3o discursiva de ITIL &#8211; \u00c1rea 5 &#8211; Proposta de anula\u00e7\u00e3o &#8211; BACEN"},"content":{"rendered":"<p>Ol\u00e1 amigos e amigas!<\/p>\n<p>Senti a necessidade de escrever um artigo \u00e0 parte para analisar esta quest\u00e3o. Antes de mais nada, pe\u00e7o que leia minha argumenta\u00e7\u00e3o com paci\u00eancia, para que voc\u00ea entenda onde eu quero chegar. E espero, tamb\u00e9m, que voc\u00ea tenha sua quest\u00e3o discursiva em m\u00e3os.<\/p>\n<p>Os frameworks de Governan\u00e7a de TI est\u00e3o em constante evolu\u00e7\u00e3o, e, conforme a natureza da TI, esses frameworks recebem um n\u00famero de vers\u00e3o.<\/p>\n<p>O CESPE e as demais bancas de concursos, cientes desse fato, sempre procuram deixar bem claro qual \u00e9 a vers\u00e3o de um framework a ser cobrada em provas.<\/p>\n<p>Por exemplo, a vers\u00e3o mais moderna do PMBOK \u00e9 a <strong><span style=\"color: #ff0000;\">5\u00ba Edi\u00e7\u00e3o<\/span><\/strong>, embora a vers\u00e3o cobrada em seu concurso seja a <strong><span style=\"color: #0000ff;\">4\u00ba Edi\u00e7\u00e3o<\/span><\/strong>; a vers\u00e3o mais moderna do COBIT \u00e9 o <strong><span style=\"color: #ff0000;\">COBIT 5<\/span><\/strong>, e em seu edital \u00e9 expl\u00edcito que ser\u00e1 cobrado o <strong><span style=\"color: #0000ff;\">COBIT 4.1<\/span><\/strong>.<\/p>\n<p>Com o ITIL, a coisa \u00e9 um pouco mais sutil. O ITIL v3 sofreu uma atualiza\u00e7\u00e3o em 2011, <span style=\"text-decoration: underline;\">significativa<\/span>, a ponto de receber a titula\u00e7\u00e3o de <strong>ITIL 2011<\/strong>. Confirme isso no pr\u00f3prio site do ITIL em\u00a0<strong><span style=\"text-decoration: underline;\"><span style=\"color: #0000ff;\"><a href=\"http:\/\/www.itil-officialsite.com\/\"><span style=\"color: #0000ff; text-decoration: underline;\">http:\/\/www.itil-officialsite.com\/<\/span><\/a><\/span><\/span><\/strong>.<\/p>\n<p>Al\u00e9m das mudan\u00e7as expl\u00edcitas no texto motivador da quest\u00e3o, tamb\u00e9m ocorreram:<\/p>\n<p>inclus\u00e3o do processo <strong>Gerenciamento de Relacionamento de Neg\u00f3cio<\/strong>, na Estrat\u00e9gia de Servi\u00e7o;<\/p>\n<p>inclus\u00e3o do processo <strong>Coordena\u00e7\u00e3o de Desenho<\/strong>, no Desenho de Servi\u00e7o;<\/p>\n<p>o processo Avalia\u00e7\u00e3o, na Transi\u00e7\u00e3o de Servi\u00e7os, foi renomeado para <strong>Avalia\u00e7\u00e3o de Mudan\u00e7as<\/strong>;e<\/p>\n<p>o processo <strong>Gerenciamento Estrat\u00e9gico para Servi\u00e7os de TI<\/strong> foi explicitado, uma vez que era era impl\u00edcito no ITIL v3.<\/p>\n<p>&nbsp;<\/p>\n<p>Continuando minha linha de racioc\u00ednio, observe que o <span style=\"text-decoration: underline;\"><strong>CESPE reconhece as diferen\u00e7as de vers\u00f5es<\/strong><\/span>, entre ITIL v3 e ITIL 2011.<\/p>\n<p>No edital do concurso da ANAC, em 2012, a banca explicitou a cobran\u00e7a do ITIL 2011. Veja na p\u00e1gina 34 do edital, em<span style=\"text-decoration: underline; color: #0000ff;\"><strong>\u00a0<a href=\"http:\/\/www.cespe.unb.br\/concursos\/anac_12\/arquivos\/ED_1_2012_ANAC___ABT.PDF\"><span style=\"color: #0000ff; text-decoration: underline;\">http:\/\/www.cespe.unb.br\/concursos\/anac_12\/arquivos\/ED_1_2012_ANAC___ABT.PDF<\/span><\/a><\/strong><\/span>. Quest\u00f5es acerca do ITIL 2011 ca\u00edram nesse concurso.<\/p>\n<p>No edital do concurso da ANCINE, cujas provas ainda n\u00e3o se realizaram, o ITIL 2011 tamb\u00e9m ser\u00e1 cobrado. Veja na p\u00e1gina 32 do referido edital, em\u00a0<span style=\"text-decoration: underline;\"><span style=\"color: #0000ff;\"><strong><a href=\"http:\/\/www.cespe.unb.br\/concursos\/ANCINE_13\/arquivos\/EDITAL_N___1___ANCINE_2013___ABT.PDF\"><span style=\"color: #0000ff; text-decoration: underline;\">http:\/\/www.cespe.unb.br\/concursos\/ANCINE_13\/arquivos\/EDITAL_N___1___ANCINE_2013___ABT.PDF<\/span><\/a><\/strong><\/span><\/span>.<\/p>\n<p>Para o concurso de voc\u00eas, cujo edital \u00a0encontra-se em<strong><span style=\"color: #0000ff;\">\u00a0<span style=\"text-decoration: underline;\"><a href=\"http:\/\/www.cespe.unb.br\/concursos\/BACEN_13_ANALISTA_TECNICO\/arquivos\/ED_1_2013_BACEN_ABT_AT.PDF\"><span style=\"color: #0000ff; text-decoration: underline;\">http:\/\/www.cespe.unb.br\/concursos\/BACEN_13_ANALISTA_TECNICO\/arquivos\/ED_1_2013_BACEN_ABT_AT.PDF<\/span><\/a><\/span><\/span><\/strong>, na p\u00e1gina 38, est\u00e1 clara a cobran\u00e7a do ITIL v3, assim como j\u00e1 ocorreu em muitos outros concursos anteriores.<\/p>\n<p>Por isso, me parece muito estranha uma quest\u00e3o discursiva sobre ITIL que cobre <span style=\"text-decoration: underline;\">exatamente as novidades do ITIL 2011<\/span>. Ao meu ver, a banca peca em n\u00e3o ter explicitado a vers\u00e3o 2011 do ITIL em seu edital, uma vez que sim, \u00e9 DIFERENTE ser submetido a uma avalia\u00e7\u00e3o do ITIL v3 e do ITIL 2011. Nomes de processos s\u00e3o diferentes, processos novos foram inclu\u00eddos, dentre outros.<\/p>\n<p>Meu maior receio \u00e9 o examinador fazer uma autodefesa no in\u00edcio da quest\u00e3o discursiva, ao afirmar que o ITIL 2011 &#8220;Trata-se de uma atualiza\u00e7\u00e3o, e n\u00e3o de uma nova vers\u00e3o&#8221;. Se seguirmos a linha de racioc\u00ednio do examinador, entramos em contradi\u00e7\u00e3o com o pr\u00f3prio CESPE, que diferencia nos seus editais o ITIL v3 do ITIL 2011. J\u00e1 n\u00e3o basta o n\u00edvel elevado de dificuldade das quest\u00f5es? Devemos tamb\u00e9m estudar as v\u00e1rias vers\u00f5es e atualiza\u00e7\u00f5es de um framework?<\/p>\n<p>&nbsp;<\/p>\n<p>Portanto, companheiros e companheiras, <span style=\"text-decoration: underline;\"><strong>proponho a anula\u00e7\u00e3o da referida quest\u00e3o discursiva<\/strong><\/span>, em virtude da cobran\u00e7a de conte\u00fado que extrapola o exigido em edital. Agora, \u00e9 contar com o bom senso da banca, que sempre foi refer\u00eancia no \u00e2mbito dos concursos p\u00fablicos.<\/p>\n<p>Bons recursos!<\/p>\n","protected":false},"excerpt":{"rendered":"<p>Ol\u00e1 amigos e amigas! Senti a necessidade de escrever um artigo \u00e0 parte para analisar esta quest\u00e3o. Antes de mais nada, pe\u00e7o que leia minha argumenta\u00e7\u00e3o com paci\u00eancia, para que voc\u00ea entenda onde eu quero chegar. E espero, tamb\u00e9m, que voc\u00ea tenha sua quest\u00e3o discursiva em m\u00e3os. Os frameworks de Governan\u00e7a de TI est\u00e3o em [&hellip;]<\/p>\n","protected":false},"author":48,"featured_media":0,"comment_status":"open","ping_status":"open","sticky":false,"template":"","format":"standard","meta":{"post_tipo":"article","footnotes":""},"categories":[1],"tags":[],"tax_estado":[],"class_list":["post-11687","post","type-post","status-publish","format-standard","hentry","category-cursos-e-concursos"],"acf":[],"yoast_head":"<!-- This site is optimized with the Yoast SEO Premium plugin v27.2 (Yoast SEO v27.2) - https:\/\/yoast.com\/product\/yoast-seo-premium-wordpress\/ -->\n<title>Coment\u00e1rios \u00e0 quest\u00e3o discursiva de ITIL - \u00c1rea 5 - Proposta de anula\u00e7\u00e3o - BACEN<\/title>\n<meta name=\"robots\" content=\"index, follow, max-snippet:-1, max-image-preview:large, max-video-preview:-1\" \/>\n<link rel=\"canonical\" href=\"https:\/\/www.estrategiaconcursos.com.br\/blog\/comentarios-a-questao-discursiva-de-itil-area-5-bacen\/\" \/>\n<meta property=\"og:locale\" content=\"pt_BR\" \/>\n<meta property=\"og:type\" content=\"article\" \/>\n<meta property=\"og:title\" content=\"Coment\u00e1rios \u00e0 quest\u00e3o discursiva de ITIL - \u00c1rea 5 - Proposta de anula\u00e7\u00e3o - BACEN\" \/>\n<meta property=\"og:description\" content=\"Ol\u00e1 amigos e amigas! Senti a necessidade de escrever um artigo \u00e0 parte para analisar esta quest\u00e3o. Antes de mais nada, pe\u00e7o que leia minha argumenta\u00e7\u00e3o com paci\u00eancia, para que voc\u00ea entenda onde eu quero chegar. E espero, tamb\u00e9m, que voc\u00ea tenha sua quest\u00e3o discursiva em m\u00e3os. Os frameworks de Governan\u00e7a de TI est\u00e3o em [&hellip;]\" \/>\n<meta property=\"og:url\" content=\"https:\/\/www.estrategiaconcursos.com.br\/blog\/comentarios-a-questao-discursiva-de-itil-area-5-bacen\/\" \/>\n<meta property=\"og:site_name\" content=\"Estrat\u00e9gia Concursos\" \/>\n<meta property=\"article:published_time\" content=\"2013-10-23T12:17:06+00:00\" \/>\n<meta property=\"article:modified_time\" content=\"2018-09-29T14:12:22+00:00\" \/>\n<meta name=\"author\" content=\"Coordena\u00e7\u00e3o\" \/>\n<meta name=\"twitter:card\" content=\"summary_large_image\" \/>\n<meta name=\"twitter:creator\" content=\"@EstratConcursos\" \/>\n<meta name=\"twitter:site\" content=\"@EstratConcursos\" \/>\n<meta name=\"twitter:label1\" content=\"Escrito por\" \/>\n\t<meta name=\"twitter:data1\" content=\"Coordena\u00e7\u00e3o\" \/>\n\t<meta name=\"twitter:label2\" content=\"Est. tempo de leitura\" \/>\n\t<meta name=\"twitter:data2\" content=\"3 minutos\" \/>\n<script type=\"application\/ld+json\" class=\"yoast-schema-graph\">{\"@context\":\"https:\/\/schema.org\",\"@graph\":[{\"@type\":\"NewsArticle\",\"@id\":\"https:\/\/www.estrategiaconcursos.com.br\/blog\/comentarios-a-questao-discursiva-de-itil-area-5-bacen\/#article\",\"isPartOf\":{\"@id\":\"https:\/\/www.estrategiaconcursos.com.br\/blog\/comentarios-a-questao-discursiva-de-itil-area-5-bacen\/\"},\"author\":{\"name\":\"Coordena\u00e7\u00e3o\",\"@id\":\"https:\/\/www.estrategiaconcursos.com.br\/blog\/#\/schema\/person\/cdad40b5818eb228a838461fcd656da7\"},\"headline\":\"Coment\u00e1rios \u00e0 quest\u00e3o discursiva de ITIL &#8211; \u00c1rea 5 &#8211; Proposta de anula\u00e7\u00e3o &#8211; BACEN\",\"datePublished\":\"2013-10-23T12:17:06+00:00\",\"dateModified\":\"2018-09-29T14:12:22+00:00\",\"mainEntityOfPage\":{\"@id\":\"https:\/\/www.estrategiaconcursos.com.br\/blog\/comentarios-a-questao-discursiva-de-itil-area-5-bacen\/\"},\"wordCount\":652,\"commentCount\":0,\"publisher\":{\"@id\":\"https:\/\/www.estrategiaconcursos.com.br\/blog\/#organization\"},\"articleSection\":[\"Concursos P\u00fablicos\"],\"inLanguage\":\"pt-BR\",\"potentialAction\":[{\"@type\":\"CommentAction\",\"name\":\"Comment\",\"target\":[\"https:\/\/www.estrategiaconcursos.com.br\/blog\/comentarios-a-questao-discursiva-de-itil-area-5-bacen\/#respond\"]}],\"copyrightYear\":\"2013\",\"copyrightHolder\":{\"@id\":\"https:\/\/www.estrategiaconcursos.com.br\/blog\/#organization\"}},{\"@type\":\"WebPage\",\"@id\":\"https:\/\/www.estrategiaconcursos.com.br\/blog\/comentarios-a-questao-discursiva-de-itil-area-5-bacen\/\",\"url\":\"https:\/\/www.estrategiaconcursos.com.br\/blog\/comentarios-a-questao-discursiva-de-itil-area-5-bacen\/\",\"name\":\"Coment\u00e1rios \u00e0 quest\u00e3o discursiva de ITIL - \u00c1rea 5 - Proposta de anula\u00e7\u00e3o - BACEN\",\"isPartOf\":{\"@id\":\"https:\/\/www.estrategiaconcursos.com.br\/blog\/#website\"},\"datePublished\":\"2013-10-23T12:17:06+00:00\",\"dateModified\":\"2018-09-29T14:12:22+00:00\",\"breadcrumb\":{\"@id\":\"https:\/\/www.estrategiaconcursos.com.br\/blog\/comentarios-a-questao-discursiva-de-itil-area-5-bacen\/#breadcrumb\"},\"inLanguage\":\"pt-BR\",\"potentialAction\":[{\"@type\":\"ReadAction\",\"target\":[\"https:\/\/www.estrategiaconcursos.com.br\/blog\/comentarios-a-questao-discursiva-de-itil-area-5-bacen\/\"]}]},{\"@type\":\"BreadcrumbList\",\"@id\":\"https:\/\/www.estrategiaconcursos.com.br\/blog\/comentarios-a-questao-discursiva-de-itil-area-5-bacen\/#breadcrumb\",\"itemListElement\":[{\"@type\":\"ListItem\",\"position\":1,\"name\":\"In\u00edcio\",\"item\":\"https:\/\/www.estrategiaconcursos.com.br\/blog\/\"},{\"@type\":\"ListItem\",\"position\":2,\"name\":\"Coment\u00e1rios \u00e0 quest\u00e3o discursiva de ITIL &#8211; \u00c1rea 5 &#8211; Proposta de anula\u00e7\u00e3o &#8211; BACEN\"}]},{\"@type\":\"WebSite\",\"@id\":\"https:\/\/www.estrategiaconcursos.com.br\/blog\/#website\",\"url\":\"https:\/\/www.estrategiaconcursos.com.br\/blog\/\",\"name\":\"Estrat\u00e9gia Concursos\",\"description\":\"O blog da Estrat\u00e9gia Concursos traz not\u00edcias sobre concursos e artigos de professores oferecendo cursos para concursos (pdf + videaulas) no site.\",\"publisher\":{\"@id\":\"https:\/\/www.estrategiaconcursos.com.br\/blog\/#organization\"},\"potentialAction\":[{\"@type\":\"SearchAction\",\"target\":{\"@type\":\"EntryPoint\",\"urlTemplate\":\"https:\/\/www.estrategiaconcursos.com.br\/blog\/?s={search_term_string}\"},\"query-input\":{\"@type\":\"PropertyValueSpecification\",\"valueRequired\":true,\"valueName\":\"search_term_string\"}}],\"inLanguage\":\"pt-BR\"},{\"@type\":\"Organization\",\"@id\":\"https:\/\/www.estrategiaconcursos.com.br\/blog\/#organization\",\"name\":\"Estrat\u00e9gia Concursos\",\"url\":\"https:\/\/www.estrategiaconcursos.com.br\/blog\/\",\"logo\":{\"@type\":\"ImageObject\",\"inLanguage\":\"pt-BR\",\"@id\":\"https:\/\/www.estrategiaconcursos.com.br\/blog\/#\/schema\/logo\/image\/\",\"url\":\"https:\/\/dhg1h5j42swfq.cloudfront.net\/2025\/06\/03203428\/logo_concursos-1.jpg\",\"contentUrl\":\"https:\/\/dhg1h5j42swfq.cloudfront.net\/2025\/06\/03203428\/logo_concursos-1.jpg\",\"width\":230,\"height\":60,\"caption\":\"Estrat\u00e9gia Concursos\"},\"image\":{\"@id\":\"https:\/\/www.estrategiaconcursos.com.br\/blog\/#\/schema\/logo\/image\/\"},\"sameAs\":[\"https:\/\/x.com\/EstratConcursos\"]},{\"@type\":\"Person\",\"@id\":\"https:\/\/www.estrategiaconcursos.com.br\/blog\/#\/schema\/person\/cdad40b5818eb228a838461fcd656da7\",\"name\":\"Coordena\u00e7\u00e3o\",\"image\":{\"@type\":\"ImageObject\",\"inLanguage\":\"pt-BR\",\"@id\":\"https:\/\/secure.gravatar.com\/avatar\/a413b22da0f5009c634f6c4586a2dbe5207074fd5becd88db5183b8069ef25e4?s=96&d=mm&r=g\",\"url\":\"https:\/\/secure.gravatar.com\/avatar\/a413b22da0f5009c634f6c4586a2dbe5207074fd5becd88db5183b8069ef25e4?s=96&d=mm&r=g\",\"contentUrl\":\"https:\/\/secure.gravatar.com\/avatar\/a413b22da0f5009c634f6c4586a2dbe5207074fd5becd88db5183b8069ef25e4?s=96&d=mm&r=g\",\"caption\":\"Coordena\u00e7\u00e3o\"},\"url\":\"https:\/\/www.estrategiaconcursos.com.br\/blog\/author\/contatoestrategiaconcursos-com-br\/\"}]}<\/script>\n<!-- \/ Yoast SEO Premium plugin. -->","yoast_head_json":{"title":"Coment\u00e1rios \u00e0 quest\u00e3o discursiva de ITIL - \u00c1rea 5 - Proposta de anula\u00e7\u00e3o - BACEN","robots":{"index":"index","follow":"follow","max-snippet":"max-snippet:-1","max-image-preview":"max-image-preview:large","max-video-preview":"max-video-preview:-1"},"canonical":"https:\/\/www.estrategiaconcursos.com.br\/blog\/comentarios-a-questao-discursiva-de-itil-area-5-bacen\/","og_locale":"pt_BR","og_type":"article","og_title":"Coment\u00e1rios \u00e0 quest\u00e3o discursiva de ITIL - \u00c1rea 5 - Proposta de anula\u00e7\u00e3o - BACEN","og_description":"Ol\u00e1 amigos e amigas! Senti a necessidade de escrever um artigo \u00e0 parte para analisar esta quest\u00e3o. Antes de mais nada, pe\u00e7o que leia minha argumenta\u00e7\u00e3o com paci\u00eancia, para que voc\u00ea entenda onde eu quero chegar. E espero, tamb\u00e9m, que voc\u00ea tenha sua quest\u00e3o discursiva em m\u00e3os. Os frameworks de Governan\u00e7a de TI est\u00e3o em [&hellip;]","og_url":"https:\/\/www.estrategiaconcursos.com.br\/blog\/comentarios-a-questao-discursiva-de-itil-area-5-bacen\/","og_site_name":"Estrat\u00e9gia Concursos","article_published_time":"2013-10-23T12:17:06+00:00","article_modified_time":"2018-09-29T14:12:22+00:00","author":"Coordena\u00e7\u00e3o","twitter_card":"summary_large_image","twitter_creator":"@EstratConcursos","twitter_site":"@EstratConcursos","twitter_misc":{"Escrito por":"Coordena\u00e7\u00e3o","Est. tempo de leitura":"3 minutos"},"schema":{"@context":"https:\/\/schema.org","@graph":[{"@type":"NewsArticle","@id":"https:\/\/www.estrategiaconcursos.com.br\/blog\/comentarios-a-questao-discursiva-de-itil-area-5-bacen\/#article","isPartOf":{"@id":"https:\/\/www.estrategiaconcursos.com.br\/blog\/comentarios-a-questao-discursiva-de-itil-area-5-bacen\/"},"author":{"name":"Coordena\u00e7\u00e3o","@id":"https:\/\/www.estrategiaconcursos.com.br\/blog\/#\/schema\/person\/cdad40b5818eb228a838461fcd656da7"},"headline":"Coment\u00e1rios \u00e0 quest\u00e3o discursiva de ITIL &#8211; \u00c1rea 5 &#8211; Proposta de anula\u00e7\u00e3o &#8211; BACEN","datePublished":"2013-10-23T12:17:06+00:00","dateModified":"2018-09-29T14:12:22+00:00","mainEntityOfPage":{"@id":"https:\/\/www.estrategiaconcursos.com.br\/blog\/comentarios-a-questao-discursiva-de-itil-area-5-bacen\/"},"wordCount":652,"commentCount":0,"publisher":{"@id":"https:\/\/www.estrategiaconcursos.com.br\/blog\/#organization"},"articleSection":["Concursos P\u00fablicos"],"inLanguage":"pt-BR","potentialAction":[{"@type":"CommentAction","name":"Comment","target":["https:\/\/www.estrategiaconcursos.com.br\/blog\/comentarios-a-questao-discursiva-de-itil-area-5-bacen\/#respond"]}],"copyrightYear":"2013","copyrightHolder":{"@id":"https:\/\/www.estrategiaconcursos.com.br\/blog\/#organization"}},{"@type":"WebPage","@id":"https:\/\/www.estrategiaconcursos.com.br\/blog\/comentarios-a-questao-discursiva-de-itil-area-5-bacen\/","url":"https:\/\/www.estrategiaconcursos.com.br\/blog\/comentarios-a-questao-discursiva-de-itil-area-5-bacen\/","name":"Coment\u00e1rios \u00e0 quest\u00e3o discursiva de ITIL - \u00c1rea 5 - Proposta de anula\u00e7\u00e3o - BACEN","isPartOf":{"@id":"https:\/\/www.estrategiaconcursos.com.br\/blog\/#website"},"datePublished":"2013-10-23T12:17:06+00:00","dateModified":"2018-09-29T14:12:22+00:00","breadcrumb":{"@id":"https:\/\/www.estrategiaconcursos.com.br\/blog\/comentarios-a-questao-discursiva-de-itil-area-5-bacen\/#breadcrumb"},"inLanguage":"pt-BR","potentialAction":[{"@type":"ReadAction","target":["https:\/\/www.estrategiaconcursos.com.br\/blog\/comentarios-a-questao-discursiva-de-itil-area-5-bacen\/"]}]},{"@type":"BreadcrumbList","@id":"https:\/\/www.estrategiaconcursos.com.br\/blog\/comentarios-a-questao-discursiva-de-itil-area-5-bacen\/#breadcrumb","itemListElement":[{"@type":"ListItem","position":1,"name":"In\u00edcio","item":"https:\/\/www.estrategiaconcursos.com.br\/blog\/"},{"@type":"ListItem","position":2,"name":"Coment\u00e1rios \u00e0 quest\u00e3o discursiva de ITIL &#8211; \u00c1rea 5 &#8211; Proposta de anula\u00e7\u00e3o &#8211; BACEN"}]},{"@type":"WebSite","@id":"https:\/\/www.estrategiaconcursos.com.br\/blog\/#website","url":"https:\/\/www.estrategiaconcursos.com.br\/blog\/","name":"Estrat\u00e9gia Concursos","description":"O blog da Estrat\u00e9gia Concursos traz not\u00edcias sobre concursos e artigos de professores oferecendo cursos para concursos (pdf + videaulas) no site.","publisher":{"@id":"https:\/\/www.estrategiaconcursos.com.br\/blog\/#organization"},"potentialAction":[{"@type":"SearchAction","target":{"@type":"EntryPoint","urlTemplate":"https:\/\/www.estrategiaconcursos.com.br\/blog\/?s={search_term_string}"},"query-input":{"@type":"PropertyValueSpecification","valueRequired":true,"valueName":"search_term_string"}}],"inLanguage":"pt-BR"},{"@type":"Organization","@id":"https:\/\/www.estrategiaconcursos.com.br\/blog\/#organization","name":"Estrat\u00e9gia Concursos","url":"https:\/\/www.estrategiaconcursos.com.br\/blog\/","logo":{"@type":"ImageObject","inLanguage":"pt-BR","@id":"https:\/\/www.estrategiaconcursos.com.br\/blog\/#\/schema\/logo\/image\/","url":"https:\/\/dhg1h5j42swfq.cloudfront.net\/2025\/06\/03203428\/logo_concursos-1.jpg","contentUrl":"https:\/\/dhg1h5j42swfq.cloudfront.net\/2025\/06\/03203428\/logo_concursos-1.jpg","width":230,"height":60,"caption":"Estrat\u00e9gia Concursos"},"image":{"@id":"https:\/\/www.estrategiaconcursos.com.br\/blog\/#\/schema\/logo\/image\/"},"sameAs":["https:\/\/x.com\/EstratConcursos"]},{"@type":"Person","@id":"https:\/\/www.estrategiaconcursos.com.br\/blog\/#\/schema\/person\/cdad40b5818eb228a838461fcd656da7","name":"Coordena\u00e7\u00e3o","image":{"@type":"ImageObject","inLanguage":"pt-BR","@id":"https:\/\/secure.gravatar.com\/avatar\/a413b22da0f5009c634f6c4586a2dbe5207074fd5becd88db5183b8069ef25e4?s=96&d=mm&r=g","url":"https:\/\/secure.gravatar.com\/avatar\/a413b22da0f5009c634f6c4586a2dbe5207074fd5becd88db5183b8069ef25e4?s=96&d=mm&r=g","contentUrl":"https:\/\/secure.gravatar.com\/avatar\/a413b22da0f5009c634f6c4586a2dbe5207074fd5becd88db5183b8069ef25e4?s=96&d=mm&r=g","caption":"Coordena\u00e7\u00e3o"},"url":"https:\/\/www.estrategiaconcursos.com.br\/blog\/author\/contatoestrategiaconcursos-com-br\/"}]}},"_links":{"self":[{"href":"https:\/\/www.estrategiaconcursos.com.br\/blog\/wp-json\/wp\/v2\/posts\/11687","targetHints":{"allow":["GET"]}}],"collection":[{"href":"https:\/\/www.estrategiaconcursos.com.br\/blog\/wp-json\/wp\/v2\/posts"}],"about":[{"href":"https:\/\/www.estrategiaconcursos.com.br\/blog\/wp-json\/wp\/v2\/types\/post"}],"author":[{"embeddable":true,"href":"https:\/\/www.estrategiaconcursos.com.br\/blog\/wp-json\/wp\/v2\/users\/48"}],"replies":[{"embeddable":true,"href":"https:\/\/www.estrategiaconcursos.com.br\/blog\/wp-json\/wp\/v2\/comments?post=11687"}],"version-history":[{"count":9,"href":"https:\/\/www.estrategiaconcursos.com.br\/blog\/wp-json\/wp\/v2\/posts\/11687\/revisions"}],"predecessor-version":[{"id":144354,"href":"https:\/\/www.estrategiaconcursos.com.br\/blog\/wp-json\/wp\/v2\/posts\/11687\/revisions\/144354"}],"wp:attachment":[{"href":"https:\/\/www.estrategiaconcursos.com.br\/blog\/wp-json\/wp\/v2\/media?parent=11687"}],"wp:term":[{"taxonomy":"category","embeddable":true,"href":"https:\/\/www.estrategiaconcursos.com.br\/blog\/wp-json\/wp\/v2\/categories?post=11687"},{"taxonomy":"post_tag","embeddable":true,"href":"https:\/\/www.estrategiaconcursos.com.br\/blog\/wp-json\/wp\/v2\/tags?post=11687"},{"taxonomy":"tax_estado","embeddable":true,"href":"https:\/\/www.estrategiaconcursos.com.br\/blog\/wp-json\/wp\/v2\/tax_estado?post=11687"}],"curies":[{"name":"wp","href":"https:\/\/api.w.org\/{rel}","templated":true}]}}