{"id":1168002,"date":"2023-02-09T05:59:19","date_gmt":"2023-02-09T08:59:19","guid":{"rendered":"https:\/\/www.estrategiaconcursos.com.br\/blog\/?p=1168002"},"modified":"2023-03-11T11:32:57","modified_gmt":"2023-03-11T14:32:57","slug":"concurso-cefet-mg-edital-publicado","status":"publish","type":"post","link":"https:\/\/www.estrategiaconcursos.com.br\/blog\/concurso-cefet-mg-edital-publicado\/","title":{"rendered":"Edital CEFET MG: inscri\u00e7\u00f5es abertas! Ganhe at\u00e9 R$ 4,4 mil!"},"content":{"rendered":"\n<p>Est\u00e3o encerradas as inscri\u00e7\u00f5es para o cargo de professor do novo edital do concurso do <a href=\"https:\/\/www.estrategiaconcursos.com.br\/cursosPorConcurso\/centro-federal-de-educacao-tecnologica-de-minas-gerais-cefet-mg\/\" target=\"_blank\" rel=\"noreferrer noopener\">Centro Federal de Educa\u00e7\u00e3o Tecnol\u00f3gica de Minas Gerais<\/a> (<strong>CEFET MG<\/strong>)!<\/p>\n\n\n\n<p>Conforme o documento, s\u00e3o ofertadas<strong> 09 vagas<\/strong> mais cadastro de reserva para cargos de <strong>T\u00e9cnico Administrativo em Educa\u00e7\u00e3o<\/strong>, e <strong>04 vagas<\/strong> imediatas mais cadastro de reserva para o cargo de <strong>Professor<\/strong>.<\/p>\n\n\n\n<p>As oportunidades s\u00e3o distribu\u00eddas entre n\u00edveis m\u00e9dio e superior de escolaridade, com sal\u00e1rios iniciais entre <strong>R$ 2.446,96<\/strong> e R<strong>$ 4.472, 64<\/strong>!<\/p>\n\n\n\n<p>Os interessados em participar da sele\u00e7\u00e3o para professor realizaram as inscri\u00e7\u00f5es no per\u00edodo de 10 de fevereiro a 10 de mar\u00e7o de 2023, no <a href=\"https:\/\/www.concursopublico.cefetmg.br\/\" target=\"_blank\" rel=\"noreferrer noopener\">site<\/a> da comiss\u00e3o do concurso. As taxas foram definidas de acordo com o grau e especialidade do cargo pretendido, sendo:<\/p>\n\n\n\n<ul class=\"wp-block-list\">\n<li><strong>M\u00e9dio:<\/strong> R$ 100,00<\/li>\n\n\n\n<li><strong>Superior: <\/strong>R$ 145,00<\/li>\n\n\n\n<li><strong>Professor: <\/strong>R$ 250,00<\/li>\n<\/ul>\n\n\n\n<ul class=\"has-very-light-gray-to-cyan-bluish-gray-gradient-background has-background wp-block-list\">\n<li><strong>Concurso CEFET MG<\/strong><\/li>\n\n\n\n<li><strong>Status:<\/strong> inscri\u00e7\u00f5es encerradas para professor\/edital publicado<\/li>\n\n\n\n<li><strong>Banca:<\/strong> comiss\u00e3o pr\u00f3pria<\/li>\n\n\n\n<li><strong>Vagas:<\/strong> 13 + CR<\/li>\n\n\n\n<li><strong>Sal\u00e1rio inicial:<\/strong> R$ 2.446,96 a R$ 4.472,64<\/li>\n\n\n\n<li><strong>Editais:<\/strong> <a href=\"https:\/\/dhg1h5j42swfq.cloudfront.net\/2023\/02\/09092547\/edital-de-abertura-cefet-mg-tae-1.pdf\" target=\"_blank\" rel=\"noreferrer noopener nofollow\">CEFET MG 2023- TAE<\/a>\/\/ <a href=\"https:\/\/dhg1h5j42swfq.cloudfront.net\/2023\/02\/09093014\/edital-de-abertura-cefet-mg-professores-1.pdf\" target=\"_blank\" rel=\"noreferrer noopener nofollow\">CEFET MG 2023- Professor<\/a>\/\/ <a href=\"https:\/\/dhg1h5j42swfq.cloudfront.net\/2023\/02\/10101417\/edital-no-32-de-9-de-fevereiro-de-2023retificacao-do-edital-no-27_2023-concurso-publico-edital-no-32-de-9-de-fevereiro-de-2023retificacao-do-edital-no-27_2023-concurso-publico-dou-imprensa.pdf\" target=\"_blank\" rel=\"noreferrer noopener nofollow\">Retifica\u00e7\u00e3o<\/a><\/li>\n<\/ul>\n\n\n\n<div class=\"container\" id=\"boxes\">\n  <div class=\"row\">\n\n    <div class=\"col-sm\">\n      <div class=\"banner-estrategia\" id=\"box-assinatura\">\n        <h2 class=\"titulo-assinatura\">Cursos para concursos<\/h2>\n        <p class=\"subtitulo-assinatura\">Conhe\u00e7a os cursos<\/p>\n        <div class=\"box-botao\">\n          <a class=\"btn-assinatura\" target=\"_blank\" href=\"https:\/\/www.estrategiaconcursos.com.br\/cursosPorConcurso\/centro-federal-de-educacao-tecnologica-de-minas-gerais-cefet-mg\/\" role=\"button\" rel=\"noopener noreferrer\">Conhe\u00e7a mais<\/a>\n        <\/div>\n      <\/div>\n     \n    <\/div>\n\n  <\/div>\n<\/div>\n\n\n\n<h2 class=\"wp-block-heading\" id=\"datas\">Edital CEFET MG: principais datas <\/h2>\n\n\n\n<h3 class=\"wp-block-heading\" id=\"datas\">Principais datas Professor<\/h3>\n\n\n\n<ul class=\"wp-block-list\">\n<li><strong>Inscri\u00e7\u00f5es<\/strong>: <s>10 de fevereiro a 10 de mar\u00e7o de 2023<\/s><\/li>\n\n\n\n<li><strong>Isen\u00e7\u00e3o da taxa<\/strong>: <s>10 a 24 de fevereiro<\/s><\/li>\n\n\n\n<li><strong>\u00daltimo dia para pagamento<\/strong>: 13 de mar\u00e7o<\/li>\n\n\n\n<li><strong>Prova<\/strong>: 12 e 19 de mar\u00e7o de 2023 para professor<\/li>\n<\/ul>\n\n\n\n<h3 class=\"wp-block-heading\" id=\"datas\">Principais datas TAE<\/h3>\n\n\n\n<ul class=\"wp-block-list\">\n<li><strong>Inscri\u00e7\u00f5es<\/strong>: 20 de fevereiro a 20 de mar\u00e7o de 2023<\/li>\n\n\n\n<li><strong>Isen\u00e7\u00e3o da taxa<\/strong>: 20 de fevereiro a 03 de mar\u00e7o <\/li>\n\n\n\n<li><strong>\u00daltimo dia para pagamento<\/strong>: 21 de mar\u00e7o<\/li>\n\n\n\n<li><strong>Prova<\/strong>: 02 de abril de 2023 para TAE<\/li>\n<\/ul>\n\n\n\n<h2 class=\"wp-block-heading\">Edital CEFET MG: cargos e vagas<\/h2>\n\n\n\n<h3 class=\"wp-block-heading\" id=\"medio\">N\u00edvel m\u00e9dio\/ t\u00e9cnico<\/h3>\n\n\n\n<figure class=\"wp-block-table is-style-stripes\"><table class=\"has-electric-grass-gradient-background has-background has-fixed-layout\"><thead><tr><th class=\"has-text-align-center\" data-align=\"center\">CARGOS<\/th><th class=\"has-text-align-center\" data-align=\"center\">VAGAS<\/th><th class=\"has-text-align-center\" data-align=\"center\">SAL\u00c1RIO<\/th><\/tr><\/thead><tbody><tr><td class=\"has-text-align-center\" data-align=\"center\">Assistente em Administra\u00e7\u00e3o<\/td><td class=\"has-text-align-center\" data-align=\"center\">02 + CR<\/td><td class=\"has-text-align-center\" data-align=\"center\">R$ 2.446,96<\/td><\/tr><tr><td class=\"has-text-align-center\" data-align=\"center\">T\u00e9cnico de Laborat\u00f3rio &#8211; \u00c1rea F\u00edsica<\/td><td class=\"has-text-align-center\" data-align=\"center\">01 + CR<\/td><td class=\"has-text-align-center\" data-align=\"center\">R$ 2.446,96<\/td><\/tr><tr><td class=\"has-text-align-center\" data-align=\"center\">T\u00e9cnico de Laborat\u00f3rio &#8211; \u00c1rea<br \/>Edifica\u00e7\u00f5es<\/td><td class=\"has-text-align-center\" data-align=\"center\">01 + CR<\/td><td class=\"has-text-align-center\" data-align=\"center\">R$ 2.446,96<\/td><\/tr><tr><td class=\"has-text-align-center\" data-align=\"center\">T\u00e9cnico de Laborat\u00f3rio &#8211; \u00c1rea<br \/>Eletrot\u00e9cnica<\/td><td class=\"has-text-align-center\" data-align=\"center\">01 + CR<\/td><td class=\"has-text-align-center\" data-align=\"center\">R$ 2.446,96<\/td><\/tr><tr><td class=\"has-text-align-center\" data-align=\"center\">T\u00e9cnico de Laborat\u00f3rio &#8211; \u00c1rea<br \/>Mec\u00e2nica<\/td><td class=\"has-text-align-center\" data-align=\"center\">01 + CR<\/td><td class=\"has-text-align-center\" data-align=\"center\">R$ 2.446,96<\/td><\/tr><tr><td class=\"has-text-align-center\" data-align=\"center\">T\u00e9cnico de Laborat\u00f3rio &#8211; \u00c1rea<br \/>Minera\u00e7\u00e3o<\/td><td class=\"has-text-align-center\" data-align=\"center\">02 + CR<\/td><td class=\"has-text-align-center\" data-align=\"center\">R$ 2.446,96<\/td><\/tr><\/tbody><\/table><figcaption class=\"wp-element-caption\">Cargos e vagas n\u00edvel m\u00e9dio<\/figcaption><\/figure>\n\n\n\n<h3 class=\"wp-block-heading\" id=\"tecnico\">N\u00edvel Superior<\/h3>\n\n\n\n<figure class=\"wp-block-table is-style-stripes\"><table class=\"has-electric-grass-gradient-background has-background has-fixed-layout\"><thead><tr><th class=\"has-text-align-center\" data-align=\"center\">CARGOS<\/th><th class=\"has-text-align-center\" data-align=\"center\">VAGAS<\/th><th class=\"has-text-align-center\" data-align=\"center\">SAL\u00c1RIO<\/th><\/tr><\/thead><tbody><tr><td class=\"has-text-align-center\" data-align=\"center\">Odont\u00f3logo<\/td><td class=\"has-text-align-center\" data-align=\"center\">01 + CR<\/td><td class=\"has-text-align-center\" data-align=\"center\">R$ 4.180,66<\/td><\/tr><\/tbody><\/table><figcaption class=\"wp-element-caption\">Cargo e vagas n\u00edvel superior<\/figcaption><\/figure>\n\n\n\n<h3 class=\"wp-block-heading\" id=\"tecnico\">Professor<\/h3>\n\n\n\n<figure class=\"wp-block-table is-style-stripes\"><table class=\"has-electric-grass-gradient-background has-background has-fixed-layout\"><thead><tr><th class=\"has-text-align-center\" data-align=\"center\">CARGOS<\/th><th class=\"has-text-align-center\" data-align=\"center\">VAGAS<\/th><th class=\"has-text-align-center\" data-align=\"center\">SAL\u00c1RIO<\/th><\/tr><\/thead><tbody><tr><td class=\"has-text-align-center\" data-align=\"center\">Professor EBTT &#8211; Departamento  de Inform\u00e1tica, Gest\u00e3o e Design<\/td><td class=\"has-text-align-center\" data-align=\"center\">01 + CR<\/td><td class=\"has-text-align-center\" data-align=\"center\">R$ 4.472,64<\/td><\/tr><tr><td class=\"has-text-align-center\" data-align=\"center\">Professor EBTT &#8211; Engenharia Civil\/ Constru\u00e7\u00e3o Civil<\/td><td class=\"has-text-align-center\" data-align=\"center\">01 + CR<\/td><td class=\"has-text-align-center\" data-align=\"center\">R$ 4.472,64<\/td><\/tr><tr><td class=\"has-text-align-center\" data-align=\"center\">Professor EBTT &#8211; Computa\u00e7\u00e3o e Mec\u00e2nica<\/td><td class=\"has-text-align-center\" data-align=\"center\">01 + CR<\/td><td class=\"has-text-align-center\" data-align=\"center\">R$ 4.472,64<\/td><\/tr><tr><td class=\"has-text-align-center\" data-align=\"center\">Professor EBTT &#8211; Engenharia<br \/>El\u00e9trica<\/td><td class=\"has-text-align-center\" data-align=\"center\">01 + CR<\/td><td class=\"has-text-align-center\" data-align=\"center\">R$ 4.472,64<\/td><\/tr><\/tbody><\/table><figcaption class=\"wp-element-caption\">Cargos para professores<\/figcaption><\/figure>\n\n\n\n<p>Ressalta-se que as vagas ser\u00e3o distribu\u00eddas entre as cidades de Belo Horizonte &#8211; MG, Divin\u00f3polis &#8211; MG, Tim\u00f3teo &#8211; MG; Curvelo &#8211; MG , Arax\u00e1 &#8211; MG,  e Leopoldina &#8211; MG.<\/p>\n\n\n\n<h2 class=\"wp-block-heading\" id=\"etapas\">Etapas e provas edital CEFET MG<\/h2>\n\n\n\n<p>O concurso CEFET MG ser\u00e1 composto pelas seguintes etapas:<\/p>\n\n\n\n<ul class=\"wp-block-list\">\n<li><strong>TAE<\/strong>\n<ul class=\"wp-block-list\">\n<li>Prova objetiva, de car\u00e1ter eliminat\u00f3rio e classificat\u00f3rio, para todos os cargos;<\/li>\n\n\n\n<li>Prova discursiva, de car\u00e1ter eliminat\u00f3rio e classificat\u00f3rio, para todos os cargos.<\/li>\n<\/ul>\n<\/li>\n\n\n\n<li><strong>Professor<\/strong>\n<ul class=\"wp-block-list\">\n<li>Prova escrita;<\/li>\n\n\n\n<li>Prova did\u00e1tica;<\/li>\n\n\n\n<li>Prova de t\u00edtulos.<\/li>\n<\/ul>\n<\/li>\n<\/ul>\n\n\n\n<p>Para o cargo de T\u00e9cnico Administrativo em educa\u00e7\u00e3o, as etapas de provas ser\u00e3o aplicadas em conjunto na data prevista do dia <strong>02 de abril de 2023<\/strong>.<\/p>\n\n\n\n<p>J\u00e1 para o cargo de professor, a etapa de prova escrita est\u00e1 prevista para ser aplicada nos dias <strong>12 e 19 de mar\u00e7o de 2023.<\/strong><\/p>\n\n\n\n<h3 class=\"wp-block-heading\" id=\"objetiva\">Provas Objetivas TAE<\/h3>\n\n\n\n<p>A prova objetiva ser\u00e1 composta por 50 quest\u00f5es de m\u00faltipla escolha, com 05 alternativas e apenas uma correta. A etapa valer\u00e1 o total de 100,00 pontos.<\/p>\n\n\n\n<p>Confira abaixo a estrutura da prova objetiva para T\u00e9cnico Administrativo!<\/p>\n\n\n\n<figure class=\"wp-block-image aligncenter size-full\"><img loading=\"lazy\" decoding=\"async\" width=\"950\" height=\"202\" src=\"https:\/\/dhg1h5j42swfq.cloudfront.net\/2023\/02\/09083515\/image-117.png\" alt=\"Estrutura prova objetiva.\" class=\"wp-image-1168124\" srcset=\"https:\/\/dhg1h5j42swfq.cloudfront.net\/2023\/02\/09083515\/image-117.png 950w, https:\/\/dhg1h5j42swfq.cloudfront.net\/2023\/02\/09083515\/image-117-300x64.png 300w, https:\/\/dhg1h5j42swfq.cloudfront.net\/2023\/02\/09083515\/image-117-768x163.png 768w, https:\/\/dhg1h5j42swfq.cloudfront.net\/2023\/02\/09083515\/image-117-610x130.png 610w, https:\/\/dhg1h5j42swfq.cloudfront.net\/2023\/02\/09083515\/image-117-150x32.png 150w\" sizes=\"auto, (max-width: 950px) 100vw, 950px\" \/><figcaption class=\"wp-element-caption\">Estrutura prova objetiva.<\/figcaption><\/figure>\n\n\n\n<h3 class=\"wp-block-heading\" id=\"discursiva\">Prova Discursiva TAE<\/h3>\n\n\n\n<p>A etapa de prova discursiva ser\u00e1 composta por 1 (Uma) reda\u00e7\u00e3o de texto dissertativo-argumentativo, de at\u00e9 30 (trinta) linhas, a respeito de TEMA GERAL indicado pela banca examinadora, e 2 (Duas) quest\u00f5es (do tipo &#8220;aberta&#8221;) de 20 (vinte) pontos, de at\u00e9 10 (dez) linhas cada, abordando de forma te\u00f3rico-pr\u00e1tica dos objetos de avalia\u00e7\u00e3o da disciplina conhecimentos espec\u00edficos do cargo. A prova valer\u00e1 at\u00e9 100 pontos.<\/p>\n\n\n\n<h3 class=\"wp-block-heading\">Prova Escrita &#8211; Professor<\/h3>\n\n\n\n<p>A Prova Escrita consiste em avalia\u00e7\u00e3o de conhecimento relativo \u00e0 \u00c1rea de especialidade escolhida pelo candidato, e ser\u00e1 realizada no dia 12 de mar\u00e7o de 2023 no Campus Divin\u00f3polis, e no dia 19 de mar\u00e7o nos demais munic\u00edpios.<\/p>\n\n\n\n<p>A prova escrita consistir\u00e1 em quest\u00f5es dissertativas e\/ou quest\u00f5es objetivas sobre tema definido pela Banca Examinadora dentre os poss\u00edveis temas de avalia\u00e7\u00e3o constantes no conte\u00fado program\u00e1tico do edital publicado.<\/p>\n\n\n\n<h3 class=\"wp-block-heading\" id=\"pratica\">Prova did\u00e1tica &#8211; Professor<\/h3>\n\n\n\n<p>A Prova Did\u00e1tica consistir\u00e1 em aula expositiva sobre um tema espec\u00edfico seguida de argui\u00e7\u00e3o oral pela Banca Examinadora sobre o tema espec\u00edfico objeto da aula expositiva.<\/p>\n\n\n\n<p>O tema espec\u00edfico da Prova Did\u00e1tica ser\u00e1 sorteado para os candidatos, e versar\u00e1 sobre o conte\u00fado program\u00e1tico do edital.<\/p>\n\n\n\n<h3 class=\"wp-block-heading\" id=\"titulos\">Avalia\u00e7\u00e3o de T\u00edtulos &#8211; Professor<\/h3>\n\n\n\n<p>Os t\u00edtulos apresentados, relativos \u00e0 forma\u00e7\u00e3o acad\u00eamica, ser\u00e3o considerados 1 (uma) \u00fanica vez, mesmo que o candidato seja detentor de forma\u00e7\u00e3o m\u00faltipla.<\/p>\n\n\n\n<p>A etapa ser\u00e1 de car\u00e1ter exclusivamente classificat\u00f3rio, e assim como as demais fases, valer\u00e1 at\u00e9 100 pontos. <\/p>\n\n\n\n<p class=\"has-text-align-center has-electric-grass-gradient-background has-background has-medium-font-size\"><strong>Saiba mais: <a href=\"https:\/\/www.estrategiaconcursos.com.br\/blog\/concurso-cefet-mg\/\" target=\"_blank\" rel=\"noreferrer noopener\">concurso CEFET MG<\/a><\/strong><\/p>\n\n\n\n<h2 class=\"has-text-align-center wp-block-heading\" id=\"quer-saber-tudo-sobre-concursos-previstos-confira-nossos-artigos\">Quer saber tudo sobre concursos previstos? <br \/>Confira nossos artigos!<\/h2>\n\n\n\n<ul class=\"wp-block-list\">\n<li><a href=\"https:\/\/www.estrategiaconcursos.com.br\/blog\/concursos-abertos\/\" target=\"_blank\" rel=\"noreferrer noopener\">Concursos abertos<\/a><\/li>\n\n\n\n<li><a href=\"https:\/\/www.estrategiaconcursos.com.br\/blog\/concursos-2023\/\" target=\"_blank\" rel=\"noreferrer noopener\">Concursos 2023<\/a><\/li>\n\n\n\n<li><a href=\"https:\/\/www.estrategiaconcursos.com.br\/blog\/concursos-educacao-2022\/\" target=\"_blank\" rel=\"noreferrer noopener\">Concursos educa\u00e7\u00e3o<\/a><\/li>\n<\/ul>\n\n\n\n<h2 class=\"has-text-align-center wp-block-heading\" id=\"cursos-assinatura\">Quer estudar para o concurso CEFET MG?<\/h2>\n\n\n\n<div class=\"container\" id=\"boxes\">\n  <div class=\"row\">\n\n    <div class=\"col-sm\">\n      <div class=\"banner-estrategia\" id=\"box-assinatura\">\n        <h3 class=\"titulo-assinatura\">Cursos para concursos<\/h3>\n        <p class=\"subtitulo-assinatura\">Conhe\u00e7a os cursos<\/p>\n        <div class=\"box-botao\">\n          <a class=\"btn-assinatura\" target=\"_blank\" href=\"https:\/\/www.estrategiaconcursos.com.br\/cursosPorConcurso\/centro-federal-de-educacao-tecnologica-de-minas-gerais-cefet-mg\/\" role=\"button\" rel=\"noopener noreferrer\">Conhe\u00e7a mais<\/a>\n        <\/div>\n      <\/div>\n     \n    <\/div>\n\n  <\/div>\n<\/div>\n\n\n\n<div class=\"container\" id=\"boxes\">\n  <div class=\"row\">\n\n    <div class=\"col-sm\">\n      <div class=\"estrategia\" id=\"box-assinatura\">\n        <h3 class=\"titulo-assinatura\">Assinatura Concursos<\/h3>\n        <p class=\"subtitulo-assinatura\">Assinatura de 1 ano ou 2 anos<\/p>\n        <div class=\"box-botao\">\n          <a class=\"btn-assinatura\" target=\"_blank\" href=\"https:\/\/www.estrategiaconcursos.com.br\/assinaturas\/\" role=\"button\" rel=\"noopener noreferrer\">ASSINE AGORA<\/a>\n        <\/div>\n      <\/div><\/div><\/div><\/div>\n\n\n\n<figure class=\"wp-block-image size-large is-resized\"><img loading=\"lazy\" decoding=\"async\" src=\"https:\/\/dhg1h5j42swfq.cloudfront.net\/2025\/06\/27101122\/ficha-tecnica-1-1024x632.png\" alt=\"concurso cefet mg ficha t\u00e9cnica\" class=\"wp-image-702728\" width=\"269\" height=\"166\" srcset=\"https:\/\/dhg1h5j42swfq.cloudfront.net\/2025\/06\/27101122\/ficha-tecnica-1-1024x632.png 1024w, https:\/\/dhg1h5j42swfq.cloudfront.net\/2025\/06\/27101122\/ficha-tecnica-1-300x185.png 300w, https:\/\/dhg1h5j42swfq.cloudfront.net\/2025\/06\/27101122\/ficha-tecnica-1-768x474.png 768w, https:\/\/dhg1h5j42swfq.cloudfront.net\/2025\/06\/27101122\/ficha-tecnica-1-1536x948.png 1536w, https:\/\/dhg1h5j42swfq.cloudfront.net\/2025\/06\/27101122\/ficha-tecnica-1-610x377.png 610w, https:\/\/dhg1h5j42swfq.cloudfront.net\/2025\/06\/27101122\/ficha-tecnica-1.png 1571w\" sizes=\"auto, (max-width: 269px) 100vw, 269px\" \/><\/figure>\n\n\n\n<h3 class=\"wp-block-heading\" id=\"ficha\">Informa\u00e7\u00f5es do Edital CEFET MG<\/h3>\n\n\n\n<ul class=\"wp-block-list\">\n<li><strong>Provas<\/strong>:&nbsp;12 e 19\/03\/2023 &#8211; professores\/\/ 02\/04\/2023- TAE<\/li>\n\n\n\n<li><strong>Vagas<\/strong>: 13 + CR<\/li>\n\n\n\n<li><strong>Cargos<\/strong>: diversos<\/li>\n\n\n\n<li><strong>Banca<\/strong>: comiss\u00e3o pr\u00f3pria <\/li>\n\n\n\n<li><strong>Escolaridade<\/strong>: N\u00edveis m\u00e9dio e superior<\/li>\n\n\n\n<li><strong>Edital:&nbsp;<\/strong><a href=\"https:\/\/dhg1h5j42swfq.cloudfront.net\/2023\/02\/09092547\/edital-de-abertura-cefet-mg-tae-1.pdf\" target=\"_blank\" rel=\"noreferrer noopener nofollow\">CEFET MG 2023- TAE<\/a><\/li>\n\n\n\n<li><strong>Edital:<\/strong>&nbsp;<a href=\"https:\/\/dhg1h5j42swfq.cloudfront.net\/2023\/02\/09093014\/edital-de-abertura-cefet-mg-professores-1.pdf\" target=\"_blank\" rel=\"noreferrer noopener nofollow\">CEFET MG 2023- Professor<\/a><\/li>\n<\/ul>\n","protected":false},"excerpt":{"rendered":"<p>Est\u00e3o encerradas as inscri\u00e7\u00f5es para o cargo de professor do novo edital do concurso do Centro Federal de Educa\u00e7\u00e3o Tecnol\u00f3gica de Minas Gerais (CEFET MG)! Conforme o documento, s\u00e3o ofertadas 09 vagas mais cadastro de reserva para cargos de T\u00e9cnico Administrativo em Educa\u00e7\u00e3o, e 04 vagas imediatas mais cadastro de reserva para o cargo de [&hellip;]<\/p>\n","protected":false},"author":2402,"featured_media":783073,"comment_status":"open","ping_status":"closed","sticky":false,"template":"","format":"standard","meta":{"post_tipo":"news","footnotes":""},"categories":[3766],"tags":[],"tax_estado":[219974],"class_list":["post-1168002","post","type-post","status-publish","format-standard","has-post-thumbnail","hentry","category-educacional","tax_estado-mg"],"acf":[],"yoast_head":"<!-- This site is optimized with the Yoast SEO Premium plugin v27.2 (Yoast SEO v27.2) - https:\/\/yoast.com\/product\/yoast-seo-premium-wordpress\/ -->\n<title>Edital CEFET MG: inscri\u00e7\u00f5es abertas! Ganhe at\u00e9 R$ 4,4 mil!<\/title>\n<meta name=\"description\" content=\"Edital CEFET MG publicado com vagas para T\u00e9cnicos Administrativos em Educa\u00e7\u00e3o e Professor; iniciais de at\u00e9 R$ 4, 4 mil. Confira!\" \/>\n<meta name=\"robots\" content=\"index, follow, max-snippet:-1, max-image-preview:large, max-video-preview:-1\" \/>\n<link rel=\"canonical\" href=\"https:\/\/www.estrategiaconcursos.com.br\/blog\/concurso-cefet-mg-edital-publicado\/\" \/>\n<meta property=\"og:locale\" content=\"pt_BR\" \/>\n<meta property=\"og:type\" content=\"article\" \/>\n<meta property=\"og:title\" content=\"Edital CEFET MG: inscri\u00e7\u00f5es abertas! Ganhe at\u00e9 R$ 4,4 mil!\" \/>\n<meta property=\"og:description\" content=\"Edital CEFET MG publicado com vagas para T\u00e9cnicos Administrativos em Educa\u00e7\u00e3o e Professor; iniciais de at\u00e9 R$ 4, 4 mil. Confira!\" \/>\n<meta property=\"og:url\" content=\"https:\/\/www.estrategiaconcursos.com.br\/blog\/concurso-cefet-mg-edital-publicado\/\" \/>\n<meta property=\"og:site_name\" content=\"Estrat\u00e9gia Concursos\" \/>\n<meta property=\"article:published_time\" content=\"2023-02-09T08:59:19+00:00\" \/>\n<meta property=\"article:modified_time\" content=\"2023-03-11T14:32:57+00:00\" \/>\n<meta property=\"og:image\" content=\"https:\/\/dhg1h5j42swfq.cloudfront.net\/2021\/06\/01175307\/cefet_mg.jpg\" \/>\n\t<meta property=\"og:image:width\" content=\"768\" \/>\n\t<meta property=\"og:image:height\" content=\"432\" \/>\n\t<meta property=\"og:image:type\" content=\"image\/jpeg\" \/>\n<meta name=\"author\" content=\"Daniela Santos Nascimento\" \/>\n<meta name=\"twitter:card\" content=\"summary_large_image\" \/>\n<meta name=\"twitter:creator\" content=\"@EstratConcursos\" \/>\n<meta name=\"twitter:site\" content=\"@EstratConcursos\" \/>\n<meta name=\"twitter:label1\" content=\"Escrito por\" \/>\n\t<meta name=\"twitter:data1\" content=\"Daniela Santos Nascimento\" \/>\n\t<meta name=\"twitter:label2\" content=\"Est. tempo de leitura\" \/>\n\t<meta name=\"twitter:data2\" content=\"5 minutos\" \/>\n<script type=\"application\/ld+json\" class=\"yoast-schema-graph\">{\"@context\":\"https:\/\/schema.org\",\"@graph\":[{\"@type\":\"NewsArticle\",\"@id\":\"https:\/\/www.estrategiaconcursos.com.br\/blog\/concurso-cefet-mg-edital-publicado\/#article\",\"isPartOf\":{\"@id\":\"https:\/\/www.estrategiaconcursos.com.br\/blog\/concurso-cefet-mg-edital-publicado\/\"},\"author\":{\"name\":\"Daniela Santos Nascimento\",\"@id\":\"https:\/\/www.estrategiaconcursos.com.br\/blog\/#\/schema\/person\/399990d02336f200766707b881aee98f\"},\"headline\":\"Edital CEFET MG: inscri\u00e7\u00f5es abertas! Ganhe at\u00e9 R$ 4,4 mil!\",\"datePublished\":\"2023-02-09T08:59:19+00:00\",\"dateModified\":\"2023-03-11T14:32:57+00:00\",\"mainEntityOfPage\":{\"@id\":\"https:\/\/www.estrategiaconcursos.com.br\/blog\/concurso-cefet-mg-edital-publicado\/\"},\"wordCount\":934,\"commentCount\":0,\"publisher\":{\"@id\":\"https:\/\/www.estrategiaconcursos.com.br\/blog\/#organization\"},\"image\":{\"@id\":\"https:\/\/www.estrategiaconcursos.com.br\/blog\/concurso-cefet-mg-edital-publicado\/#primaryimage\"},\"thumbnailUrl\":\"https:\/\/dhg1h5j42swfq.cloudfront.net\/2021\/06\/01175307\/cefet_mg.jpg\",\"articleSection\":[\"Educa\u00e7\u00e3o\"],\"inLanguage\":\"pt-BR\",\"potentialAction\":[{\"@type\":\"CommentAction\",\"name\":\"Comment\",\"target\":[\"https:\/\/www.estrategiaconcursos.com.br\/blog\/concurso-cefet-mg-edital-publicado\/#respond\"]}],\"copyrightYear\":\"2023\",\"copyrightHolder\":{\"@id\":\"https:\/\/www.estrategiaconcursos.com.br\/blog\/#organization\"}},{\"@type\":\"WebPage\",\"@id\":\"https:\/\/www.estrategiaconcursos.com.br\/blog\/concurso-cefet-mg-edital-publicado\/\",\"url\":\"https:\/\/www.estrategiaconcursos.com.br\/blog\/concurso-cefet-mg-edital-publicado\/\",\"name\":\"Edital CEFET MG: inscri\u00e7\u00f5es abertas! Ganhe at\u00e9 R$ 4,4 mil!\",\"isPartOf\":{\"@id\":\"https:\/\/www.estrategiaconcursos.com.br\/blog\/#website\"},\"primaryImageOfPage\":{\"@id\":\"https:\/\/www.estrategiaconcursos.com.br\/blog\/concurso-cefet-mg-edital-publicado\/#primaryimage\"},\"image\":{\"@id\":\"https:\/\/www.estrategiaconcursos.com.br\/blog\/concurso-cefet-mg-edital-publicado\/#primaryimage\"},\"thumbnailUrl\":\"https:\/\/dhg1h5j42swfq.cloudfront.net\/2021\/06\/01175307\/cefet_mg.jpg\",\"datePublished\":\"2023-02-09T08:59:19+00:00\",\"dateModified\":\"2023-03-11T14:32:57+00:00\",\"description\":\"Edital CEFET MG publicado com vagas para T\u00e9cnicos Administrativos em Educa\u00e7\u00e3o e Professor; iniciais de at\u00e9 R$ 4, 4 mil. Confira!\",\"breadcrumb\":{\"@id\":\"https:\/\/www.estrategiaconcursos.com.br\/blog\/concurso-cefet-mg-edital-publicado\/#breadcrumb\"},\"inLanguage\":\"pt-BR\",\"potentialAction\":[{\"@type\":\"ReadAction\",\"target\":[\"https:\/\/www.estrategiaconcursos.com.br\/blog\/concurso-cefet-mg-edital-publicado\/\"]}]},{\"@type\":\"ImageObject\",\"inLanguage\":\"pt-BR\",\"@id\":\"https:\/\/www.estrategiaconcursos.com.br\/blog\/concurso-cefet-mg-edital-publicado\/#primaryimage\",\"url\":\"https:\/\/dhg1h5j42swfq.cloudfront.net\/2021\/06\/01175307\/cefet_mg.jpg\",\"contentUrl\":\"https:\/\/dhg1h5j42swfq.cloudfront.net\/2021\/06\/01175307\/cefet_mg.jpg\",\"width\":768,\"height\":432},{\"@type\":\"BreadcrumbList\",\"@id\":\"https:\/\/www.estrategiaconcursos.com.br\/blog\/concurso-cefet-mg-edital-publicado\/#breadcrumb\",\"itemListElement\":[{\"@type\":\"ListItem\",\"position\":1,\"name\":\"In\u00edcio\",\"item\":\"https:\/\/www.estrategiaconcursos.com.br\/blog\/\"},{\"@type\":\"ListItem\",\"position\":2,\"name\":\"Edital CEFET MG: inscri\u00e7\u00f5es abertas! Ganhe at\u00e9 R$ 4,4 mil!\"}]},{\"@type\":\"WebSite\",\"@id\":\"https:\/\/www.estrategiaconcursos.com.br\/blog\/#website\",\"url\":\"https:\/\/www.estrategiaconcursos.com.br\/blog\/\",\"name\":\"Estrat\u00e9gia Concursos\",\"description\":\"O blog da Estrat\u00e9gia Concursos traz not\u00edcias sobre concursos e artigos de professores oferecendo cursos para concursos (pdf + videaulas) no site.\",\"publisher\":{\"@id\":\"https:\/\/www.estrategiaconcursos.com.br\/blog\/#organization\"},\"potentialAction\":[{\"@type\":\"SearchAction\",\"target\":{\"@type\":\"EntryPoint\",\"urlTemplate\":\"https:\/\/www.estrategiaconcursos.com.br\/blog\/?s={search_term_string}\"},\"query-input\":{\"@type\":\"PropertyValueSpecification\",\"valueRequired\":true,\"valueName\":\"search_term_string\"}}],\"inLanguage\":\"pt-BR\"},{\"@type\":\"Organization\",\"@id\":\"https:\/\/www.estrategiaconcursos.com.br\/blog\/#organization\",\"name\":\"Estrat\u00e9gia Concursos\",\"url\":\"https:\/\/www.estrategiaconcursos.com.br\/blog\/\",\"logo\":{\"@type\":\"ImageObject\",\"inLanguage\":\"pt-BR\",\"@id\":\"https:\/\/www.estrategiaconcursos.com.br\/blog\/#\/schema\/logo\/image\/\",\"url\":\"https:\/\/dhg1h5j42swfq.cloudfront.net\/2025\/06\/03203428\/logo_concursos-1.jpg\",\"contentUrl\":\"https:\/\/dhg1h5j42swfq.cloudfront.net\/2025\/06\/03203428\/logo_concursos-1.jpg\",\"width\":230,\"height\":60,\"caption\":\"Estrat\u00e9gia Concursos\"},\"image\":{\"@id\":\"https:\/\/www.estrategiaconcursos.com.br\/blog\/#\/schema\/logo\/image\/\"},\"sameAs\":[\"https:\/\/x.com\/EstratConcursos\"]},{\"@type\":\"Person\",\"@id\":\"https:\/\/www.estrategiaconcursos.com.br\/blog\/#\/schema\/person\/399990d02336f200766707b881aee98f\",\"name\":\"Daniela Santos Nascimento\",\"image\":{\"@type\":\"ImageObject\",\"inLanguage\":\"pt-BR\",\"@id\":\"https:\/\/secure.gravatar.com\/avatar\/7f343622ad121e2893832a8c76808be436bdfcbf2f7d696174c94ecd84f2384a?s=96&d=mm&r=g\",\"url\":\"https:\/\/secure.gravatar.com\/avatar\/7f343622ad121e2893832a8c76808be436bdfcbf2f7d696174c94ecd84f2384a?s=96&d=mm&r=g\",\"contentUrl\":\"https:\/\/secure.gravatar.com\/avatar\/7f343622ad121e2893832a8c76808be436bdfcbf2f7d696174c94ecd84f2384a?s=96&d=mm&r=g\",\"caption\":\"Daniela Santos Nascimento\"},\"url\":\"https:\/\/www.estrategiaconcursos.com.br\/blog\/author\/daniela-nascimentoestrategia-com\/\"}]}<\/script>\n<!-- \/ Yoast SEO Premium plugin. -->","yoast_head_json":{"title":"Edital CEFET MG: inscri\u00e7\u00f5es abertas! Ganhe at\u00e9 R$ 4,4 mil!","description":"Edital CEFET MG publicado com vagas para T\u00e9cnicos Administrativos em Educa\u00e7\u00e3o e Professor; iniciais de at\u00e9 R$ 4, 4 mil. Confira!","robots":{"index":"index","follow":"follow","max-snippet":"max-snippet:-1","max-image-preview":"max-image-preview:large","max-video-preview":"max-video-preview:-1"},"canonical":"https:\/\/www.estrategiaconcursos.com.br\/blog\/concurso-cefet-mg-edital-publicado\/","og_locale":"pt_BR","og_type":"article","og_title":"Edital CEFET MG: inscri\u00e7\u00f5es abertas! Ganhe at\u00e9 R$ 4,4 mil!","og_description":"Edital CEFET MG publicado com vagas para T\u00e9cnicos Administrativos em Educa\u00e7\u00e3o e Professor; iniciais de at\u00e9 R$ 4, 4 mil. Confira!","og_url":"https:\/\/www.estrategiaconcursos.com.br\/blog\/concurso-cefet-mg-edital-publicado\/","og_site_name":"Estrat\u00e9gia Concursos","article_published_time":"2023-02-09T08:59:19+00:00","article_modified_time":"2023-03-11T14:32:57+00:00","og_image":[{"width":768,"height":432,"url":"https:\/\/dhg1h5j42swfq.cloudfront.net\/2021\/06\/01175307\/cefet_mg.jpg","type":"image\/jpeg"}],"author":"Daniela Santos Nascimento","twitter_card":"summary_large_image","twitter_creator":"@EstratConcursos","twitter_site":"@EstratConcursos","twitter_misc":{"Escrito por":"Daniela Santos Nascimento","Est. tempo de leitura":"5 minutos"},"schema":{"@context":"https:\/\/schema.org","@graph":[{"@type":"NewsArticle","@id":"https:\/\/www.estrategiaconcursos.com.br\/blog\/concurso-cefet-mg-edital-publicado\/#article","isPartOf":{"@id":"https:\/\/www.estrategiaconcursos.com.br\/blog\/concurso-cefet-mg-edital-publicado\/"},"author":{"name":"Daniela Santos Nascimento","@id":"https:\/\/www.estrategiaconcursos.com.br\/blog\/#\/schema\/person\/399990d02336f200766707b881aee98f"},"headline":"Edital CEFET MG: inscri\u00e7\u00f5es abertas! Ganhe at\u00e9 R$ 4,4 mil!","datePublished":"2023-02-09T08:59:19+00:00","dateModified":"2023-03-11T14:32:57+00:00","mainEntityOfPage":{"@id":"https:\/\/www.estrategiaconcursos.com.br\/blog\/concurso-cefet-mg-edital-publicado\/"},"wordCount":934,"commentCount":0,"publisher":{"@id":"https:\/\/www.estrategiaconcursos.com.br\/blog\/#organization"},"image":{"@id":"https:\/\/www.estrategiaconcursos.com.br\/blog\/concurso-cefet-mg-edital-publicado\/#primaryimage"},"thumbnailUrl":"https:\/\/dhg1h5j42swfq.cloudfront.net\/2021\/06\/01175307\/cefet_mg.jpg","articleSection":["Educa\u00e7\u00e3o"],"inLanguage":"pt-BR","potentialAction":[{"@type":"CommentAction","name":"Comment","target":["https:\/\/www.estrategiaconcursos.com.br\/blog\/concurso-cefet-mg-edital-publicado\/#respond"]}],"copyrightYear":"2023","copyrightHolder":{"@id":"https:\/\/www.estrategiaconcursos.com.br\/blog\/#organization"}},{"@type":"WebPage","@id":"https:\/\/www.estrategiaconcursos.com.br\/blog\/concurso-cefet-mg-edital-publicado\/","url":"https:\/\/www.estrategiaconcursos.com.br\/blog\/concurso-cefet-mg-edital-publicado\/","name":"Edital CEFET MG: inscri\u00e7\u00f5es abertas! Ganhe at\u00e9 R$ 4,4 mil!","isPartOf":{"@id":"https:\/\/www.estrategiaconcursos.com.br\/blog\/#website"},"primaryImageOfPage":{"@id":"https:\/\/www.estrategiaconcursos.com.br\/blog\/concurso-cefet-mg-edital-publicado\/#primaryimage"},"image":{"@id":"https:\/\/www.estrategiaconcursos.com.br\/blog\/concurso-cefet-mg-edital-publicado\/#primaryimage"},"thumbnailUrl":"https:\/\/dhg1h5j42swfq.cloudfront.net\/2021\/06\/01175307\/cefet_mg.jpg","datePublished":"2023-02-09T08:59:19+00:00","dateModified":"2023-03-11T14:32:57+00:00","description":"Edital CEFET MG publicado com vagas para T\u00e9cnicos Administrativos em Educa\u00e7\u00e3o e Professor; iniciais de at\u00e9 R$ 4, 4 mil. Confira!","breadcrumb":{"@id":"https:\/\/www.estrategiaconcursos.com.br\/blog\/concurso-cefet-mg-edital-publicado\/#breadcrumb"},"inLanguage":"pt-BR","potentialAction":[{"@type":"ReadAction","target":["https:\/\/www.estrategiaconcursos.com.br\/blog\/concurso-cefet-mg-edital-publicado\/"]}]},{"@type":"ImageObject","inLanguage":"pt-BR","@id":"https:\/\/www.estrategiaconcursos.com.br\/blog\/concurso-cefet-mg-edital-publicado\/#primaryimage","url":"https:\/\/dhg1h5j42swfq.cloudfront.net\/2021\/06\/01175307\/cefet_mg.jpg","contentUrl":"https:\/\/dhg1h5j42swfq.cloudfront.net\/2021\/06\/01175307\/cefet_mg.jpg","width":768,"height":432},{"@type":"BreadcrumbList","@id":"https:\/\/www.estrategiaconcursos.com.br\/blog\/concurso-cefet-mg-edital-publicado\/#breadcrumb","itemListElement":[{"@type":"ListItem","position":1,"name":"In\u00edcio","item":"https:\/\/www.estrategiaconcursos.com.br\/blog\/"},{"@type":"ListItem","position":2,"name":"Edital CEFET MG: inscri\u00e7\u00f5es abertas! Ganhe at\u00e9 R$ 4,4 mil!"}]},{"@type":"WebSite","@id":"https:\/\/www.estrategiaconcursos.com.br\/blog\/#website","url":"https:\/\/www.estrategiaconcursos.com.br\/blog\/","name":"Estrat\u00e9gia Concursos","description":"O blog da Estrat\u00e9gia Concursos traz not\u00edcias sobre concursos e artigos de professores oferecendo cursos para concursos (pdf + videaulas) no site.","publisher":{"@id":"https:\/\/www.estrategiaconcursos.com.br\/blog\/#organization"},"potentialAction":[{"@type":"SearchAction","target":{"@type":"EntryPoint","urlTemplate":"https:\/\/www.estrategiaconcursos.com.br\/blog\/?s={search_term_string}"},"query-input":{"@type":"PropertyValueSpecification","valueRequired":true,"valueName":"search_term_string"}}],"inLanguage":"pt-BR"},{"@type":"Organization","@id":"https:\/\/www.estrategiaconcursos.com.br\/blog\/#organization","name":"Estrat\u00e9gia Concursos","url":"https:\/\/www.estrategiaconcursos.com.br\/blog\/","logo":{"@type":"ImageObject","inLanguage":"pt-BR","@id":"https:\/\/www.estrategiaconcursos.com.br\/blog\/#\/schema\/logo\/image\/","url":"https:\/\/dhg1h5j42swfq.cloudfront.net\/2025\/06\/03203428\/logo_concursos-1.jpg","contentUrl":"https:\/\/dhg1h5j42swfq.cloudfront.net\/2025\/06\/03203428\/logo_concursos-1.jpg","width":230,"height":60,"caption":"Estrat\u00e9gia Concursos"},"image":{"@id":"https:\/\/www.estrategiaconcursos.com.br\/blog\/#\/schema\/logo\/image\/"},"sameAs":["https:\/\/x.com\/EstratConcursos"]},{"@type":"Person","@id":"https:\/\/www.estrategiaconcursos.com.br\/blog\/#\/schema\/person\/399990d02336f200766707b881aee98f","name":"Daniela Santos Nascimento","image":{"@type":"ImageObject","inLanguage":"pt-BR","@id":"https:\/\/secure.gravatar.com\/avatar\/7f343622ad121e2893832a8c76808be436bdfcbf2f7d696174c94ecd84f2384a?s=96&d=mm&r=g","url":"https:\/\/secure.gravatar.com\/avatar\/7f343622ad121e2893832a8c76808be436bdfcbf2f7d696174c94ecd84f2384a?s=96&d=mm&r=g","contentUrl":"https:\/\/secure.gravatar.com\/avatar\/7f343622ad121e2893832a8c76808be436bdfcbf2f7d696174c94ecd84f2384a?s=96&d=mm&r=g","caption":"Daniela Santos Nascimento"},"url":"https:\/\/www.estrategiaconcursos.com.br\/blog\/author\/daniela-nascimentoestrategia-com\/"}]}},"_links":{"self":[{"href":"https:\/\/www.estrategiaconcursos.com.br\/blog\/wp-json\/wp\/v2\/posts\/1168002","targetHints":{"allow":["GET"]}}],"collection":[{"href":"https:\/\/www.estrategiaconcursos.com.br\/blog\/wp-json\/wp\/v2\/posts"}],"about":[{"href":"https:\/\/www.estrategiaconcursos.com.br\/blog\/wp-json\/wp\/v2\/types\/post"}],"author":[{"embeddable":true,"href":"https:\/\/www.estrategiaconcursos.com.br\/blog\/wp-json\/wp\/v2\/users\/2402"}],"replies":[{"embeddable":true,"href":"https:\/\/www.estrategiaconcursos.com.br\/blog\/wp-json\/wp\/v2\/comments?post=1168002"}],"version-history":[{"count":62,"href":"https:\/\/www.estrategiaconcursos.com.br\/blog\/wp-json\/wp\/v2\/posts\/1168002\/revisions"}],"predecessor-version":[{"id":1185289,"href":"https:\/\/www.estrategiaconcursos.com.br\/blog\/wp-json\/wp\/v2\/posts\/1168002\/revisions\/1185289"}],"wp:featuredmedia":[{"embeddable":true,"href":"https:\/\/www.estrategiaconcursos.com.br\/blog\/wp-json\/wp\/v2\/media\/783073"}],"wp:attachment":[{"href":"https:\/\/www.estrategiaconcursos.com.br\/blog\/wp-json\/wp\/v2\/media?parent=1168002"}],"wp:term":[{"taxonomy":"category","embeddable":true,"href":"https:\/\/www.estrategiaconcursos.com.br\/blog\/wp-json\/wp\/v2\/categories?post=1168002"},{"taxonomy":"post_tag","embeddable":true,"href":"https:\/\/www.estrategiaconcursos.com.br\/blog\/wp-json\/wp\/v2\/tags?post=1168002"},{"taxonomy":"tax_estado","embeddable":true,"href":"https:\/\/www.estrategiaconcursos.com.br\/blog\/wp-json\/wp\/v2\/tax_estado?post=1168002"}],"curies":[{"name":"wp","href":"https:\/\/api.w.org\/{rel}","templated":true}]}}