{"id":1167069,"date":"2023-02-26T08:00:00","date_gmt":"2023-02-26T11:00:00","guid":{"rendered":"https:\/\/www.estrategiaconcursos.com.br\/blog\/?p=1167069"},"modified":"2023-02-13T14:36:52","modified_gmt":"2023-02-13T17:36:52","slug":"acelere-os-estudos-policia-cientifica-go","status":"publish","type":"post","link":"https:\/\/www.estrategiaconcursos.com.br\/blog\/acelere-os-estudos-policia-cientifica-go\/","title":{"rendered":"Acelere os estudos para Pol\u00edcia Cient\u00edfica-GO"},"content":{"rendered":"\n<p>Concurseira(o) impar\u00e1vel, com ofertas de 141 vagas, o certame promovido pela banca IADES ainda nem est\u00e1 com as <strong><a href=\"https:\/\/www.iades.com.br\/inscricao\/ProcessoSeletivo.aspx?id=79e852d3\" target=\"_blank\" rel=\"noreferrer noopener\">inscri\u00e7\u00f5es<\/a><\/strong> abertas. Essa \u00e9 a oportunidade para que voc\u00ea acelere os estudos para Pol\u00edcia Cient\u00edfica-GO, lhe dando um espa\u00e7o de tempo maior para praticar quest\u00f5es, revisar os assuntos em que tem dificuldade e, inclusive, treinar para a etapa discursiva.<\/p>\n\n\n\n<h2 class=\"wp-block-heading\">Realiza\u00e7\u00e3o das provas objetiva e discursiva<\/h2>\n\n\n\n<p>As provas para os cargos de Perito Criminal de 3\u00aa Classe e de Auxiliar de Aut\u00f3psia de 3\u00aa Classe acontecer\u00e3o em <strong>domingos diferentes<\/strong>. Ou seja, \u00e9 a chance de aumentar sua probabilidade de aprova\u00e7\u00e3o, a depender de seu n\u00edvel de escolaridade (caso se encaixe nas especialidades previstas), e da confian\u00e7a de que os seus conhecimentos s\u00e3o suficientes para arrasar nas provas.<\/p>\n\n\n\n<p>Assim, no dia<strong> 07 de maio<\/strong>, as(os) candidatas(os) concorrer\u00e3o \u00e0s vagas de Perito Criminal; e duas semanas depois, no dia <strong>21 de maio<\/strong>, ocorrer\u00e3o as provas para Auxiliar de Aut\u00f3psia. Ser\u00e1 que d\u00e1 para concorrer a dois cargos diferentes? Vamos ver!<\/p>\n\n\n\n<h2 class=\"wp-block-heading\">Cargos e vagas<\/h2>\n\n\n\n<p>As vagas est\u00e3o distribu\u00eddas tanto por especialidade quanto por macrorregi\u00f5es. O cargo de <strong>Auxiliar de Aut\u00f3psia<\/strong> conta com <strong>89 vagas<\/strong> (ampla concorr\u00eancia e Pessoas com Defici\u00eancia &#8211; PcD) a serem repartidas da seguinte maneira:<\/p>\n\n\n\n<ul class=\"wp-block-list\">\n<li>Macrorregi\u00e3o Goi\u00e2nia<\/li>\n\n\n\n<li>Macrorregi\u00e3o Nordeste<\/li>\n\n\n\n<li>Macrorregi\u00e3o Entorno Sul<\/li>\n\n\n\n<li>Macrorregi\u00e3o Centro-Norte<\/li>\n\n\n\n<li>Macrorregi\u00e3o Sudoeste<\/li>\n\n\n\n<li>Macrorregi\u00e3o Sul<\/li>\n\n\n\n<li>Macrorregi\u00e3o Centro-Oeste<\/li>\n<\/ul>\n\n\n\n<p>Em seguida, ser\u00e3o <strong>52 vagas<\/strong> para a fun\u00e7\u00e3o de <strong>Perito Criminal<\/strong>, separadas por \u00e1rea do conhecimento e tamb\u00e9m pelas mesmas macrorregi\u00f5es apresentadas acima. No entanto, nem todas as \u00e1reas ser\u00e3o espalhadas por macrorregi\u00f5es, ent\u00e3o, h\u00e1 vagas que ser\u00e3o apenas para Goi\u00e2nia. Portanto, aqui est\u00e3o as <strong>especialidades<\/strong> (ampla concorr\u00eancia e PcD):<\/p>\n\n\n\n<ul class=\"wp-block-list\">\n<li>Arquitetura e Urbanismo &#8211; <strong>1 vaga<\/strong><\/li>\n\n\n\n<li>Ci\u00eancias Cont\u00e1beis &#8211; <strong>3 vagas<\/strong><\/li>\n\n\n\n<li>Ci\u00eancia da Computa\u00e7\u00e3o ou Inform\u00e1tica &#8211; <strong>5 vagas<\/strong><\/li>\n\n\n\n<li>Estat\u00edstica &#8211; <strong>1 vaga<\/strong><\/li>\n\n\n\n<li>Geologia &#8211; <strong>1 vaga<\/strong><\/li>\n\n\n\n<li>Medicina Veterin\u00e1ria &#8211; <strong>2 vagas<\/strong><\/li>\n\n\n\n<li>Psicologia &#8211; <strong>2 vagas<\/strong><\/li>\n\n\n\n<li>Outras forma\u00e7\u00f5es &#8211; <strong>37 vagas<\/strong><\/li>\n<\/ul>\n\n\n\n<figure class=\"wp-block-image aligncenter size-full\"><img loading=\"lazy\" decoding=\"async\" width=\"750\" height=\"123\" src=\"https:\/\/dhg1h5j42swfq.cloudfront.net\/2023\/02\/08133815\/qtde-vagas.png\" alt=\"Acelere os estudos para Pol\u00edcia Cient\u00edfica-GO\" class=\"wp-image-1167492\" srcset=\"https:\/\/dhg1h5j42swfq.cloudfront.net\/2023\/02\/08133815\/qtde-vagas.png 750w, https:\/\/dhg1h5j42swfq.cloudfront.net\/2023\/02\/08133815\/qtde-vagas-300x49.png 300w, https:\/\/dhg1h5j42swfq.cloudfront.net\/2023\/02\/08133815\/qtde-vagas-610x100.png 610w, https:\/\/dhg1h5j42swfq.cloudfront.net\/2023\/02\/08133815\/qtde-vagas-150x25.png 150w\" sizes=\"auto, (max-width: 750px) 100vw, 750px\" \/><figcaption class=\"wp-element-caption\">Quantitativos de vagas para Pol\u00edcia Cient\u00edfica-GO<\/figcaption><\/figure>\n\n\n\n<p>O quadro de vagas n\u00e3o especifica diretamente quais s\u00e3o as <strong>demais forma\u00e7\u00f5es<\/strong>. Por\u00e9m, ao dar uma olhada nos <strong>requisitos<\/strong> de tal fun\u00e7\u00e3o, conseguimos entender o que o edital quer nos dizer. Desse modo, veja para onde v\u00e3o as <strong>outras 37 vagas<\/strong>:<\/p>\n\n\n\n<ul class=\"wp-block-list\">\n<li>Administra\u00e7\u00e3o<\/li>\n\n\n\n<li>Biblioteconomia<\/li>\n\n\n\n<li>Biomedicina<\/li>\n\n\n\n<li>Ci\u00eancias Atuariais<\/li>\n\n\n\n<li>Ci\u00eancias Biol\u00f3gicas<\/li>\n\n\n\n<li>Ci\u00eancias Econ\u00f4micas<\/li>\n\n\n\n<li>Direito<\/li>\n\n\n\n<li>Engenharia<\/li>\n\n\n\n<li>Farm\u00e1cia<\/li>\n\n\n\n<li>F\u00edsica<\/li>\n\n\n\n<li>Fonoaudiologia<\/li>\n\n\n\n<li>Matem\u00e1tica<\/li>\n\n\n\n<li>Mineralogia<\/li>\n\n\n\n<li>Qu\u00edmica ou Qu\u00edmica Industrial<\/li>\n<\/ul>\n\n\n\n<p>Al\u00e9m disso, o edital tamb\u00e9m prev\u00ea forma\u00e7\u00e3o de <strong>cadastro reserva<\/strong>. Assim, al\u00e9m das 89 (oitenta e nove) vagas para <strong>Auxiliar de Aut\u00f3psia<\/strong>, <strong>mais 45<\/strong> (quarenta e cinco) aprovadas(os) poder\u00e3o ser chamadas(os) at\u00e9 o prazo de validade do certame. <strong>Outras 26<\/strong> (vinte e seis) vagas poder\u00e3o ser preenchidas para <strong>Perito Criminal<\/strong>, al\u00e9m daquelas 52 (cinquenta e dois) definidas.<\/p>\n\n\n\n<figure class=\"wp-block-image aligncenter size-full\"><img loading=\"lazy\" decoding=\"async\" width=\"176\" height=\"220\" src=\"https:\/\/dhg1h5j42swfq.cloudfront.net\/2023\/02\/08123706\/download.jpg\" alt=\"Acelere os estudos para Pol\u00edcia Cient\u00edfica-GO\" class=\"wp-image-1167402\" srcset=\"https:\/\/dhg1h5j42swfq.cloudfront.net\/2023\/02\/08123706\/download.jpg 176w, https:\/\/dhg1h5j42swfq.cloudfront.net\/2023\/02\/08123706\/download-150x188.jpg 150w\" sizes=\"auto, (max-width: 176px) 100vw, 176px\" \/><figcaption class=\"wp-element-caption\">Bras\u00e3o da Pol\u00edcia Cient\u00edfica-GO<\/figcaption><\/figure>\n\n\n\n<p>Logo ap\u00f3s, vamos ver o que \u00e9 necess\u00e1rio para se candidatar aos cargos previstos no edital. At\u00e9 porque, por mais que a vontade seja de concorrer \u00e0s duas fun\u00e7\u00f5es, \u00e9 preciso cumprir os requisitos exigidos no edital do concurso.<\/p>\n\n\n\n<h2 class=\"wp-block-heading\">Requisitos e sal\u00e1rios<\/h2>\n\n\n\n<h3 class=\"wp-block-heading\">Auxiliar de Aut\u00f3psia<\/h3>\n\n\n\n<p>Ent\u00e3o, come\u00e7ando com os detalhes para <strong>Auxiliar de Aut\u00f3psia<\/strong>, a exig\u00eancia \u00e9 o certificado de conclus\u00e3o de curso de <strong>n\u00edvel fundamental<\/strong>. A remunera\u00e7\u00e3o inicial passa dos <strong>R$ 6.300,00<\/strong> (seis mil e trezentos reais), cumprindo uma carga hor\u00e1ria de <strong>40 (quarenta) horas semanais<\/strong>, incluindo plant\u00f5es em finais de semana e feriados.<\/p>\n\n\n\n<figure class=\"wp-block-image aligncenter size-full\"><img loading=\"lazy\" decoding=\"async\" width=\"550\" height=\"246\" src=\"https:\/\/dhg1h5j42swfq.cloudfront.net\/2023\/02\/08142423\/classes-auxiliar.png\" alt=\"Acelere os estudos para Pol\u00edcia Cient\u00edfica-GO\" class=\"wp-image-1167545\" srcset=\"https:\/\/dhg1h5j42swfq.cloudfront.net\/2023\/02\/08142423\/classes-auxiliar.png 550w, https:\/\/dhg1h5j42swfq.cloudfront.net\/2023\/02\/08142423\/classes-auxiliar-300x134.png 300w, https:\/\/dhg1h5j42swfq.cloudfront.net\/2023\/02\/08142423\/classes-auxiliar-150x67.png 150w\" sizes=\"auto, (max-width: 550px) 100vw, 550px\" \/><figcaption class=\"wp-element-caption\">Remunera\u00e7\u00f5es por Classes &#8211; Auxiliar de Aut\u00f3psia<\/figcaption><\/figure>\n\n\n\n<p>Dessa maneira, perceba que ao percorrer as Classes ao longo da carreira, a remunera\u00e7\u00e3o pode alcan\u00e7ar os <strong>R$ 12.000,00<\/strong> (doze mil reais) para <strong>Auxiliar de Aut\u00f3psia<\/strong>, segundo o <strong><a href=\"http:\/\/www.transparencia.go.gov.br\/admin\/uploaded\/pessoal\/Anexo_I_Tabelas_das_Estruturas_Remuneratorias_Efetivos.pdf\" target=\"_blank\" rel=\"noreferrer noopener\">Portal da Transpar\u00eancia do Estado de Goi\u00e1s<\/a><\/strong>.<\/p>\n\n\n\n<h3 class=\"wp-block-heading\">Peritas(os) Criminais<\/h3>\n\n\n\n<p>Agora, as(os) <strong>Peritas(os) Criminais<\/strong> podem receber, inicialmente, uma remunera\u00e7\u00e3o de mais de <strong>R$ 12.200,00<\/strong> (doze mil e duzentos reais). Al\u00e9m disso, atuar\u00e3o sob a mesma carga hor\u00e1ria do cargo acima, mas est\u00e3o sujeitas(os) tamb\u00e9m ao regime de tempo integral, podendo trabalhar por escala ou por convoca\u00e7\u00e3o, a qualquer tempo. O n\u00edvel de escolaridade demandado \u00e9 o <strong>diploma de bacharelado<\/strong>, devidamente registrado, na \u00e1rea escolhida para se candidatar. Essas \u00e1reas s\u00e3o aquelas vistas no cap\u00edtulo anterior.<\/p>\n\n\n\n<figure class=\"wp-block-image aligncenter size-full is-resized\"><img loading=\"lazy\" decoding=\"async\" src=\"https:\/\/dhg1h5j42swfq.cloudfront.net\/2023\/02\/08123926\/classes-perito.png\" alt=\"Acelere os estudos para Pol\u00edcia Cient\u00edfica-GO\" class=\"wp-image-1167403\" width=\"544\" height=\"339\" srcset=\"https:\/\/dhg1h5j42swfq.cloudfront.net\/2023\/02\/08123926\/classes-perito.png 692w, https:\/\/dhg1h5j42swfq.cloudfront.net\/2023\/02\/08123926\/classes-perito-300x187.png 300w, https:\/\/dhg1h5j42swfq.cloudfront.net\/2023\/02\/08123926\/classes-perito-610x380.png 610w, https:\/\/dhg1h5j42swfq.cloudfront.net\/2023\/02\/08123926\/classes-perito-150x93.png 150w\" sizes=\"auto, (max-width: 544px) 100vw, 544px\" \/><figcaption class=\"wp-element-caption\">Remunera\u00e7\u00f5es por Classes &#8211; Perito Criminal<\/figcaption><\/figure>\n\n\n\n<p>Enfim, ainda segundo o <strong><a href=\"http:\/\/www.transparencia.go.gov.br\/admin\/uploaded\/pessoal\/Anexo_I_Tabelas_das_Estruturas_Remuneratorias_Efetivos.pdf\" target=\"_blank\" rel=\"noreferrer noopener\">Portal da Transpar\u00eancia do Estado de Goi\u00e1s<\/a><\/strong>, as(os) servidoras(es) Peritas(os) Criminais poder\u00e3o auferir, aproximadamente, <strong>R$ 24.000,00<\/strong> (vinte e quatro mil reais), ao mudar de Classe de forma gradual no decorrer da carreira.<\/p>\n\n\n\n<p>Al\u00e9m disso, h\u00e1 <strong>outros requisitos peculiares<\/strong> a serem observados e que est\u00e3o previstos no edital. Al\u00e9m de ter as escolaridades exigidas e mostrar aptid\u00e3o atrav\u00e9s da inspe\u00e7\u00e3o m\u00e9dica, \u00e9 preciso ter <strong>Carteira Nacional de Habilita\u00e7\u00e3o de categoria B<\/strong>, no m\u00ednimo. O edital n\u00e3o diferencia, nesse caso, se \u00e9 para um cargo ou outro, mas sim estabelece, de forma geral, como um dos requisitos b\u00e1sicos para ambas as ocupa\u00e7\u00f5es.<\/p>\n\n\n\n<p>Ademais, existe uma <strong>idade m\u00ednima<\/strong> diferente para exercer as atribui\u00e7\u00f5es de cada cargo. Fique atenta(o):<\/p>\n\n\n\n<ul class=\"wp-block-list\">\n<li>Auxiliar de Aut\u00f3psia: <strong>18 anos<\/strong> de idade completos<\/li>\n\n\n\n<li>Perito Criminal (todas as especialidades): <strong>21 anos<\/strong> de idade completos<\/li>\n<\/ul>\n\n\n\n<p>Viu a import\u00e2ncia de ler as instru\u00e7\u00f5es do edital com aten\u00e7\u00e3o e cautela? De nada adianta estudar tanto sem saber o que dita o certame a qual est\u00e1 se candidatando. Contudo, o que n\u00e3o falta aqui s\u00e3o bons motivos para que voc\u00ea acelere seus estudos para Pol\u00edcia Cient\u00edfica-GO. Avante!<\/p>\n\n\n\n<h2 class=\"wp-block-heading\" id=\"h-etapas\">Etapas<\/h2>\n\n\n\n<p>Ao todo, ser\u00e3o 8 (oito) etapas pelas quais as(os) candidatas(os) dever\u00e3o passar at\u00e9 se tornarem servidoras(es) estatut\u00e1rias(os). S\u00e3o elas:<\/p>\n\n\n\n<ul class=\"wp-block-list\">\n<li>1\u00aa fase: prova objetiva (PO)<\/li>\n\n\n\n<li>2\u00aa fase: prova discursiva (PD)<\/li>\n\n\n\n<li>3\u00aa fase: avalia\u00e7\u00e3o da equipe multiprofissional (para os candidatos PcD)<\/li>\n\n\n\n<li>4\u00aa fase: teste de aptid\u00e3o f\u00edsica (TAF)<\/li>\n\n\n\n<li>5\u00aa fase: avalia\u00e7\u00e3o m\u00e9dica<\/li>\n\n\n\n<li>6\u00aa fase: exame psicot\u00e9cnico<\/li>\n\n\n\n<li>7\u00aa fase: avalia\u00e7\u00e3o de t\u00edtulos (para o cargo de Perito Criminal)<\/li>\n\n\n\n<li>8\u00aa fase: avalia\u00e7\u00e3o de vida pregressa e investiga\u00e7\u00e3o social<\/li>\n<\/ul>\n\n\n\n<p>Ainda \u00e9 relevante dizer que as vagas, sob regime estatut\u00e1rio, s\u00e3o para provimento na Superintend\u00eancia da Pol\u00edcia T\u00e9cnico-Cient\u00edfica (SPTC), e que o concurso tem o prazo de validade de 2 (dois) anos, a contar da data de sua homologa\u00e7\u00e3o.<\/p>\n\n\n\n<h3 class=\"wp-block-heading\">Provas objetivas (PO)<\/h3>\n\n\n\n<p>Em rela\u00e7\u00e3o \u00e0s <strong>provas objetivas (PO)<\/strong> para<strong> Perito Criminal<\/strong>, ser\u00e3o <strong>80 quest\u00f5es<\/strong> no total, sendo 30 para Conhecimentos Gerais, cada uma valendo 1,0 ponto; e 50 para Conhecimentos Espec\u00edficos, cada uma com peso 2,0. Ou seja, a soma da PO para tal cargo totaliza <strong>130 pontos<\/strong>.<\/p>\n\n\n\n<p>J\u00e1 para a fun\u00e7\u00e3o de <strong>Auxiliar de Aut\u00f3psia<\/strong>, ser\u00e3o <strong>60 quest\u00f5es<\/strong> totais: as 20 quest\u00f5es de Conhecimentos Gerais com valor 1,0, e as demais quest\u00f5es da prova de Conhecimentos Espec\u00edficos com peso 2,0. Dessa forma, essa etapa soma <strong>100 pontos<\/strong>.<\/p>\n\n\n\n<p>E, ainda, para que examinadores corrijam sua prova discursiva, voc\u00ea precisar\u00e1 ter feito, no m\u00ednimo, 40% da pontua\u00e7\u00e3o total da PO. Abaixo dessa meta, a(o) concurseira(o) ser\u00e1 considerada(o) eliminada(o), e n\u00e3o ter\u00e1 nem mesmo uma classifica\u00e7\u00e3o no concurso. Ent\u00e3o, preste aten\u00e7\u00e3o!<\/p>\n\n\n\n<h3 class=\"wp-block-heading\">Provas discursivas (PD)<\/h3>\n\n\n\n<p>Al\u00e9m disso, haver\u00e1 a etapa de <strong>prova discursiva (PD)<\/strong> para todos os cargos previstos no edital. Assim como a PO, a PD tamb\u00e9m \u00e9 de car\u00e1ter classificat\u00f3rio e eliminat\u00f3rio, e por isso, n\u00e3o deve ser negligenciada em sua prepara\u00e7\u00e3o. Ent\u00e3o, acelere os estudos para Pol\u00edcia Cient\u00edfica-GO porque s\u00e3o <strong>20 pontos<\/strong> a mais na pontua\u00e7\u00e3o final no certame.<\/p>\n\n\n\n<p>Ademais, ainda para a etapa da PD, se sua classifica\u00e7\u00e3o estiver dentro da quantidade de <strong>5 vezes o n\u00famero de vagas<\/strong> para o cargo de <strong>Perito Criminal<\/strong>, ter\u00e1 a chance de ter sua prova discursiva corrigida. Para <strong>Auxiliares de Aut\u00f3psia<\/strong>, essa quantidade cai para <strong>3 vezes o n\u00famero de vagas<\/strong> constantes no edital.<\/p>\n\n\n\n<p>\u00c9 importante ressaltar que tanto as provas objetivas quanto as discursivas ser\u00e3o feitas no mesmo dia e no mesmo turno. Assim, a discursiva vir\u00e1 juntamente com a prova objetiva, exigindo de voc\u00ea um manejo e um controle das <strong>5 horas<\/strong> dispon\u00edveis para as provas de <strong>Perito Criminal<\/strong>, e das <strong>4 horas<\/strong> para as de <strong>Auxiliar de Aut\u00f3psia<\/strong>.<\/p>\n\n\n\n<p>Nesse contexto, tamb\u00e9m \u00e9 essencial que voc\u00ea saiba que a PD \u00e9 o <strong>principal crit\u00e9rio de desempate<\/strong>. Mais adiante voc\u00ea ver\u00e1 mais detalhes sobre como se preparar, as exig\u00eancias do edital para cada cargo e os fundamentos de corre\u00e7\u00e3o pela banca examinadora. <\/p>\n\n\n\n<h3 class=\"wp-block-heading\">3\u00aa a 6\u00aa fases<\/h3>\n\n\n\n<p>As fases 3 a 6 ser\u00e3o de car\u00e1ter eliminat\u00f3rio. Na <strong>terceira fase<\/strong>, as(os) candidatas(os) PcD aprovadas(os) j\u00e1 na fase objetiva ser\u00e3o convocadas(os) para a per\u00edcia m\u00e9dica a ser feita por equipe multiprofissional. O <strong>TAF<\/strong> \u00e9 para aquelas(es) n\u00e3o eliminadas(os) na fase discursiva.<\/p>\n\n\n\n<p>Depois, participar\u00e3o da quinta fase, a de <strong>avalia\u00e7\u00e3o m\u00e9dica<\/strong>, as(os) futuras(os) Auxiliares e Peritas(os) que n\u00e3o reprovarem nas etapas anteriores. E, por fim, somente far\u00e1 o <strong>exame psicot\u00e9cnico<\/strong> (6\u00aa fase) quem obtiver \u00eaxito nas avalia\u00e7\u00f5es f\u00edsica (4\u00aa fase) e m\u00e9dica (5\u00aa fase).<\/p>\n\n\n\n<h3 class=\"wp-block-heading\">Prova de t\u00edtulos (PT) e investiga\u00e7\u00e3o social<\/h3>\n\n\n\n<p>Em seguida, o certame estabelece que haver\u00e1 prova de t\u00edtulos (PT) apenas para o cargo de Perito Criminal. A pontua\u00e7\u00e3o m\u00e1xima \u00e9 de <strong>10 (dez) pontos<\/strong> e compreender\u00e1 os seguintes documentos:<\/p>\n\n\n\n<ul class=\"wp-block-list\">\n<li>Diploma de <strong>Doutorado<\/strong> &#8211; 4 pontos<\/li>\n\n\n\n<li>Diploma de <strong>Mestrado<\/strong> &#8211; 3 pontos<\/li>\n\n\n\n<li>Diploma de <strong>P\u00f3s-gradua\u00e7\u00e3o<\/strong> de n\u00edvel de especializa\u00e7\u00e3o <em>lato sensu<\/em> (360 horas, no m\u00ednimo) &#8211; 1,5 a 3 pontos<\/li>\n\n\n\n<li>Certificado em <strong>curso de forma\u00e7\u00e3o<\/strong> para ingresso nas carreiras da \u00e1rea da <strong>Seguran\u00e7a P\u00fablica e For\u00e7as Armadas<\/strong> &#8211; 1,5 a 3 pontos<\/li>\n<\/ul>\n\n\n\n<p>Dessa forma, a <strong>pontua\u00e7\u00e3o total final<\/strong> segue dessa maneira:<\/p>\n\n\n\n<ul class=\"wp-block-list\">\n<li>Auxiliar de Aut\u00f3psia: <strong>PO + PD<\/strong> = 100 + 20 = <strong>120 pontos<\/strong><\/li>\n\n\n\n<li>Perito Criminal: <strong>PO + PD<\/strong> + PT = 130 + 20 + 10 = <strong>160 pontos<\/strong><\/li>\n<\/ul>\n\n\n\n<p>Quanto \u00e0 8\u00aa fase, as(os) aprovadas(os) na 2\u00aa fase, para todos os cargos, j\u00e1 poder\u00e3o ser convocadas(os) para a avalia\u00e7\u00e3o da vida pregressa e investiga\u00e7\u00e3o social. Nesse contexto, formul\u00e1rios disponibilizados no edital ser\u00e3o enviados, juntamente com alguns documentos, para que a SPTC avalie sua conduta e idoneidade moral.<\/p>\n\n\n\n<p>Com o intuito de fazer com que voc\u00ea acelere seus estudos para Pol\u00edcia Cient\u00edfica-GO, confira dicas necess\u00e1rias para mandar bem nas duas primeiras etapas.<\/p>\n\n\n\n<h2 class=\"wp-block-heading\">Aproveite os estudos da prova objetiva para a discursiva<\/h2>\n\n\n\n<p>Conforme dito anteriormente, a prova discursiva \u00e9 o principal crit\u00e9rio de desempate, al\u00e9m de acrescentar 20 pontos na pontua\u00e7\u00e3o final.<\/p>\n\n\n\n<p>As(os) candidatas(os) ao cargo de <strong>Perito Criminal<\/strong> dever\u00e3o desenvolver os seus textos de acordo com um dos Conhecimentos Espec\u00edficos <strong>referentes \u00e0 especialidade escolhida<\/strong> no momento de sua inscri\u00e7\u00e3o no concurso. Tais Conhecimentos s\u00e3o:<\/p>\n\n\n\n<ul class=\"wp-block-list\">\n<li>No\u00e7\u00f5es b\u00e1sicas de Medicina Legal<\/li>\n\n\n\n<li>Criminal\u00edstica<\/li>\n\n\n\n<li>Biologia<\/li>\n\n\n\n<li>Ecologia e Meio Ambiente<\/li>\n\n\n\n<li>F\u00edsica<\/li>\n\n\n\n<li>Qu\u00edmica<\/li>\n\n\n\n<li>Matem\u00e1tica, Estat\u00edstica e Racioc\u00ednio L\u00f3gico<\/li>\n\n\n\n<li>No\u00e7\u00f5es de Contabilidade<\/li>\n<\/ul>\n\n\n\n<p>Para o cargo de <strong>Auxiliar de Aut\u00f3psia<\/strong>, o edital n\u00e3o deixa expl\u00edcito se a PD ser\u00e1 tamb\u00e9m baseada nos Conhecimentos Espec\u00edficos. Entretanto, assim como para o outro cargo, alguns dos pontos a serem avaliados s\u00e3o a capacidade de express\u00e3o na modalidade escrita, e o uso das normas cultas da L\u00edngua Portuguesa. Outrossim, clareza, concis\u00e3o, consist\u00eancia e precis\u00e3o tamb\u00e9m ser\u00e3o fundamentais para que a banca examinadora encare seu texto com outros olhos.<\/p>\n\n\n\n<p>Al\u00e9m disso, o texto ser\u00e1 dissertativo ou narrativo com, no m\u00ednimo 20 e, no m\u00e1ximo, 40 linhas. Esse n\u00famero de linhas \u00e9 um dos crit\u00e9rios de avalia\u00e7\u00e3o, ou seja, quanto mais voc\u00ea escrever (obedecendo ao limite), maior ser\u00e1 sua pontua\u00e7\u00e3o.<\/p>\n\n\n\n<p>Por isso, quando estiver estudando para a prova objetiva, depois que j\u00e1 estiver dominando um pouco mais determinados assuntos, escreva (\u00e0 m\u00e3o mesmo!) textos sobre eles. Com isso, \u00e9 poss\u00edvel reter melhor os temas estudados, fazer uma esp\u00e9cie de resumo, observar como est\u00e1 <strong>seu desempenho<\/strong> e perceber os pontos em que pode melhorar.<\/p>\n\n\n\n<p>Sobre <strong>seu desempenho<\/strong>, durante o treino da discursiva, tente cronometrar o tempo utilizado para escrever seu texto, desde o <em>brainstorming<\/em>, desde o rascunho de suas ideias. Esse pode ser um par\u00e2metro para gerir melhor seu tempo quando estiver fazendo as duas provas juntas (PO + PD), e definir, por exemplo, quando acelerar na reda\u00e7\u00e3o ou na resolu\u00e7\u00e3o daquelas quest\u00f5es que ficaram em branco.<\/p>\n\n\n\n<h2 class=\"wp-block-heading\">Comece agora<\/h2>\n\n\n\n<p>Por fim, note que voc\u00ea tem um intervalo de alguns meses para se preparar. E para que voc\u00ea acelere os estudos para Pol\u00edcia Cient\u00edfica-GO, \u00e9 inimagin\u00e1vel ficar sem os <strong><a href=\"https:\/\/www.estrategiaconcursos.com.br\/cursosPorConcurso\/policia-tecnico-cientifica-de-goias-politec-go\/\" target=\"_blank\" rel=\"noreferrer noopener\">materiais direcionados<\/a><\/strong> para o seu concurso dos sonhos.<\/p>\n\n\n\n<p>Senta e estuda!<\/p>\n\n\n\n<p>Boa sorte!<\/p>\n\n\n\n<p class=\"has-text-align-center\" id=\"h-quer-saber-tudo-sobre-concursos-previstos\"><strong>Quer saber quais ser\u00e3o os pr\u00f3ximos concursos?<\/strong><\/p>\n\n\n\n<p class=\"has-text-align-center\"><strong>Confira nossos artigos!<\/strong><\/p>\n\n\n\n<p class=\"has-text-align-center has-white-color has-pale-cyan-blue-background-color has-text-color has-background\"><a href=\"https:\/\/www.estrategiaconcursos.com.br\/blog\/concursos-abertos\/\" target=\"_blank\" rel=\"noreferrer noopener\">Concursos abertos<\/a><\/p>\n\n\n\n<p class=\"has-text-align-center has-white-color has-pale-cyan-blue-background-color has-text-color has-background\"><a href=\"https:\/\/www.estrategiaconcursos.com.br\/blog\/concursos-2023\/\" target=\"_blank\" rel=\"noreferrer noopener\">Concursos 202<\/a>3<\/p>\n","protected":false},"excerpt":{"rendered":"<p>Concurseira(o) impar\u00e1vel, com ofertas de 141 vagas, o certame promovido pela banca IADES ainda nem est\u00e1 com as inscri\u00e7\u00f5es abertas. Essa \u00e9 a oportunidade para que voc\u00ea acelere os estudos para Pol\u00edcia Cient\u00edfica-GO, lhe dando um espa\u00e7o de tempo maior para praticar quest\u00f5es, revisar os assuntos em que tem dificuldade e, inclusive, treinar para a [&hellip;]<\/p>\n","protected":false},"author":2569,"featured_media":901093,"comment_status":"open","ping_status":"closed","sticky":false,"template":"","format":"standard","meta":{"post_tipo":"article","footnotes":""},"categories":[1,220190],"tags":[221323,853,1862,221322,526],"tax_estado":[219972],"class_list":["post-1167069","post","type-post","status-publish","format-standard","has-post-thumbnail","hentry","category-cursos-e-concursos","category-policial-peritos","tag-auxiliar-de-autopsia","tag-perito-criminal","tag-policia-cientifica","tag-policia-cientifica-2023","tag-policia-cientifica-go","tax_estado-go"],"acf":[],"yoast_head":"<!-- This site is optimized with the Yoast SEO Premium plugin v27.2 (Yoast SEO v27.2) - https:\/\/yoast.com\/product\/yoast-seo-premium-wordpress\/ -->\n<title>Acelere os estudos para Pol\u00edcia Cient\u00edfica-GO<\/title>\n<meta name=\"description\" content=\"O certame ainda nem est\u00e1 com as inscri\u00e7\u00f5es abertas. Essa \u00e9 a oportunidade para que voc\u00ea acelere os estudos para Pol\u00edcia Cient\u00edfica-GO.\" \/>\n<meta name=\"robots\" content=\"index, follow, max-snippet:-1, max-image-preview:large, max-video-preview:-1\" \/>\n<link rel=\"canonical\" href=\"https:\/\/www.estrategiaconcursos.com.br\/blog\/acelere-os-estudos-policia-cientifica-go\/\" \/>\n<meta property=\"og:locale\" content=\"pt_BR\" \/>\n<meta property=\"og:type\" content=\"article\" \/>\n<meta property=\"og:title\" content=\"Acelere os estudos para Pol\u00edcia Cient\u00edfica-GO\" \/>\n<meta property=\"og:description\" content=\"O certame ainda nem est\u00e1 com as inscri\u00e7\u00f5es abertas. Essa \u00e9 a oportunidade para que voc\u00ea acelere os estudos para Pol\u00edcia Cient\u00edfica-GO.\" \/>\n<meta property=\"og:url\" content=\"https:\/\/www.estrategiaconcursos.com.br\/blog\/acelere-os-estudos-policia-cientifica-go\/\" \/>\n<meta property=\"og:site_name\" content=\"Estrat\u00e9gia Concursos\" \/>\n<meta property=\"article:published_time\" content=\"2023-02-26T11:00:00+00:00\" \/>\n<meta property=\"og:image\" content=\"https:\/\/dhg1h5j42swfq.cloudfront.net\/2021\/10\/04213334\/policia_cientifica_go.jpg\" \/>\n\t<meta property=\"og:image:width\" content=\"768\" \/>\n\t<meta property=\"og:image:height\" content=\"432\" \/>\n\t<meta property=\"og:image:type\" content=\"image\/jpeg\" \/>\n<meta name=\"author\" content=\"Taiane Ferreira Concei\u00e7\u00e3o\" \/>\n<meta name=\"twitter:card\" content=\"summary_large_image\" \/>\n<meta name=\"twitter:creator\" content=\"@EstratConcursos\" \/>\n<meta name=\"twitter:site\" content=\"@EstratConcursos\" \/>\n<meta name=\"twitter:label1\" content=\"Escrito por\" \/>\n\t<meta name=\"twitter:data1\" content=\"Taiane Ferreira Concei\u00e7\u00e3o\" \/>\n\t<meta name=\"twitter:label2\" content=\"Est. tempo de leitura\" \/>\n\t<meta name=\"twitter:data2\" content=\"11 minutos\" \/>\n<script type=\"application\/ld+json\" class=\"yoast-schema-graph\">{\"@context\":\"https:\/\/schema.org\",\"@graph\":[{\"@type\":\"NewsArticle\",\"@id\":\"https:\/\/www.estrategiaconcursos.com.br\/blog\/acelere-os-estudos-policia-cientifica-go\/#article\",\"isPartOf\":{\"@id\":\"https:\/\/www.estrategiaconcursos.com.br\/blog\/acelere-os-estudos-policia-cientifica-go\/\"},\"author\":{\"name\":\"Taiane Ferreira Concei\u00e7\u00e3o\",\"@id\":\"https:\/\/www.estrategiaconcursos.com.br\/blog\/#\/schema\/person\/699843c170e88965fc39f4f55cbc3504\"},\"headline\":\"Acelere os estudos para Pol\u00edcia Cient\u00edfica-GO\",\"datePublished\":\"2023-02-26T11:00:00+00:00\",\"mainEntityOfPage\":{\"@id\":\"https:\/\/www.estrategiaconcursos.com.br\/blog\/acelere-os-estudos-policia-cientifica-go\/\"},\"wordCount\":2167,\"commentCount\":0,\"publisher\":{\"@id\":\"https:\/\/www.estrategiaconcursos.com.br\/blog\/#organization\"},\"image\":{\"@id\":\"https:\/\/www.estrategiaconcursos.com.br\/blog\/acelere-os-estudos-policia-cientifica-go\/#primaryimage\"},\"thumbnailUrl\":\"https:\/\/dhg1h5j42swfq.cloudfront.net\/2021\/10\/04213334\/policia_cientifica_go.jpg\",\"keywords\":[\"auxiliar de aut\u00f3psia\",\"Perito criminal\",\"POL\u00cdCIA CIENT\u00cdFICA\",\"pol\u00edcia cient\u00edfica 2023\",\"Pol\u00edcia Cient\u00edfica GO\"],\"articleSection\":[\"Concursos P\u00fablicos\",\"Policial (Peritos, Papiloscopistas)\"],\"inLanguage\":\"pt-BR\",\"potentialAction\":[{\"@type\":\"CommentAction\",\"name\":\"Comment\",\"target\":[\"https:\/\/www.estrategiaconcursos.com.br\/blog\/acelere-os-estudos-policia-cientifica-go\/#respond\"]}],\"copyrightYear\":\"2023\",\"copyrightHolder\":{\"@id\":\"https:\/\/www.estrategiaconcursos.com.br\/blog\/#organization\"}},{\"@type\":\"WebPage\",\"@id\":\"https:\/\/www.estrategiaconcursos.com.br\/blog\/acelere-os-estudos-policia-cientifica-go\/\",\"url\":\"https:\/\/www.estrategiaconcursos.com.br\/blog\/acelere-os-estudos-policia-cientifica-go\/\",\"name\":\"Acelere os estudos para Pol\u00edcia Cient\u00edfica-GO\",\"isPartOf\":{\"@id\":\"https:\/\/www.estrategiaconcursos.com.br\/blog\/#website\"},\"primaryImageOfPage\":{\"@id\":\"https:\/\/www.estrategiaconcursos.com.br\/blog\/acelere-os-estudos-policia-cientifica-go\/#primaryimage\"},\"image\":{\"@id\":\"https:\/\/www.estrategiaconcursos.com.br\/blog\/acelere-os-estudos-policia-cientifica-go\/#primaryimage\"},\"thumbnailUrl\":\"https:\/\/dhg1h5j42swfq.cloudfront.net\/2021\/10\/04213334\/policia_cientifica_go.jpg\",\"datePublished\":\"2023-02-26T11:00:00+00:00\",\"description\":\"O certame ainda nem est\u00e1 com as inscri\u00e7\u00f5es abertas. Essa \u00e9 a oportunidade para que voc\u00ea acelere os estudos para Pol\u00edcia Cient\u00edfica-GO.\",\"breadcrumb\":{\"@id\":\"https:\/\/www.estrategiaconcursos.com.br\/blog\/acelere-os-estudos-policia-cientifica-go\/#breadcrumb\"},\"inLanguage\":\"pt-BR\",\"potentialAction\":[{\"@type\":\"ReadAction\",\"target\":[\"https:\/\/www.estrategiaconcursos.com.br\/blog\/acelere-os-estudos-policia-cientifica-go\/\"]}]},{\"@type\":\"ImageObject\",\"inLanguage\":\"pt-BR\",\"@id\":\"https:\/\/www.estrategiaconcursos.com.br\/blog\/acelere-os-estudos-policia-cientifica-go\/#primaryimage\",\"url\":\"https:\/\/dhg1h5j42swfq.cloudfront.net\/2021\/10\/04213334\/policia_cientifica_go.jpg\",\"contentUrl\":\"https:\/\/dhg1h5j42swfq.cloudfront.net\/2021\/10\/04213334\/policia_cientifica_go.jpg\",\"width\":768,\"height\":432,\"caption\":\"concurso Pol\u00edcia Cient\u00edfica GO\"},{\"@type\":\"BreadcrumbList\",\"@id\":\"https:\/\/www.estrategiaconcursos.com.br\/blog\/acelere-os-estudos-policia-cientifica-go\/#breadcrumb\",\"itemListElement\":[{\"@type\":\"ListItem\",\"position\":1,\"name\":\"In\u00edcio\",\"item\":\"https:\/\/www.estrategiaconcursos.com.br\/blog\/\"},{\"@type\":\"ListItem\",\"position\":2,\"name\":\"Acelere os estudos para Pol\u00edcia Cient\u00edfica-GO\"}]},{\"@type\":\"WebSite\",\"@id\":\"https:\/\/www.estrategiaconcursos.com.br\/blog\/#website\",\"url\":\"https:\/\/www.estrategiaconcursos.com.br\/blog\/\",\"name\":\"Estrat\u00e9gia Concursos\",\"description\":\"O blog da Estrat\u00e9gia Concursos traz not\u00edcias sobre concursos e artigos de professores oferecendo cursos para concursos (pdf + videaulas) no site.\",\"publisher\":{\"@id\":\"https:\/\/www.estrategiaconcursos.com.br\/blog\/#organization\"},\"potentialAction\":[{\"@type\":\"SearchAction\",\"target\":{\"@type\":\"EntryPoint\",\"urlTemplate\":\"https:\/\/www.estrategiaconcursos.com.br\/blog\/?s={search_term_string}\"},\"query-input\":{\"@type\":\"PropertyValueSpecification\",\"valueRequired\":true,\"valueName\":\"search_term_string\"}}],\"inLanguage\":\"pt-BR\"},{\"@type\":\"Organization\",\"@id\":\"https:\/\/www.estrategiaconcursos.com.br\/blog\/#organization\",\"name\":\"Estrat\u00e9gia Concursos\",\"url\":\"https:\/\/www.estrategiaconcursos.com.br\/blog\/\",\"logo\":{\"@type\":\"ImageObject\",\"inLanguage\":\"pt-BR\",\"@id\":\"https:\/\/www.estrategiaconcursos.com.br\/blog\/#\/schema\/logo\/image\/\",\"url\":\"https:\/\/dhg1h5j42swfq.cloudfront.net\/2025\/06\/03203428\/logo_concursos-1.jpg\",\"contentUrl\":\"https:\/\/dhg1h5j42swfq.cloudfront.net\/2025\/06\/03203428\/logo_concursos-1.jpg\",\"width\":230,\"height\":60,\"caption\":\"Estrat\u00e9gia Concursos\"},\"image\":{\"@id\":\"https:\/\/www.estrategiaconcursos.com.br\/blog\/#\/schema\/logo\/image\/\"},\"sameAs\":[\"https:\/\/x.com\/EstratConcursos\"]},{\"@type\":\"Person\",\"@id\":\"https:\/\/www.estrategiaconcursos.com.br\/blog\/#\/schema\/person\/699843c170e88965fc39f4f55cbc3504\",\"name\":\"Taiane Ferreira Concei\u00e7\u00e3o\",\"image\":{\"@type\":\"ImageObject\",\"inLanguage\":\"pt-BR\",\"@id\":\"https:\/\/secure.gravatar.com\/avatar\/3eeaf722fb4a0f0403ab2fcd989778b82e4ab1df34e59c86868171efee133a4d?s=96&d=mm&r=g\",\"url\":\"https:\/\/secure.gravatar.com\/avatar\/3eeaf722fb4a0f0403ab2fcd989778b82e4ab1df34e59c86868171efee133a4d?s=96&d=mm&r=g\",\"contentUrl\":\"https:\/\/secure.gravatar.com\/avatar\/3eeaf722fb4a0f0403ab2fcd989778b82e4ab1df34e59c86868171efee133a4d?s=96&d=mm&r=g\",\"caption\":\"Taiane Ferreira Concei\u00e7\u00e3o\"},\"description\":\"Aprovada nos concursos Marinha do Brasil, Correios, Secretaria de Educa\u00e7\u00e3o do Estado da Bahia, EMBASA e Pol\u00edcia Civil do Estado da Bahia.\",\"url\":\"https:\/\/www.estrategiaconcursos.com.br\/blog\/author\/taianef1yahoo-com-br\/\"}]}<\/script>\n<!-- \/ Yoast SEO Premium plugin. -->","yoast_head_json":{"title":"Acelere os estudos para Pol\u00edcia Cient\u00edfica-GO","description":"O certame ainda nem est\u00e1 com as inscri\u00e7\u00f5es abertas. Essa \u00e9 a oportunidade para que voc\u00ea acelere os estudos para Pol\u00edcia Cient\u00edfica-GO.","robots":{"index":"index","follow":"follow","max-snippet":"max-snippet:-1","max-image-preview":"max-image-preview:large","max-video-preview":"max-video-preview:-1"},"canonical":"https:\/\/www.estrategiaconcursos.com.br\/blog\/acelere-os-estudos-policia-cientifica-go\/","og_locale":"pt_BR","og_type":"article","og_title":"Acelere os estudos para Pol\u00edcia Cient\u00edfica-GO","og_description":"O certame ainda nem est\u00e1 com as inscri\u00e7\u00f5es abertas. Essa \u00e9 a oportunidade para que voc\u00ea acelere os estudos para Pol\u00edcia Cient\u00edfica-GO.","og_url":"https:\/\/www.estrategiaconcursos.com.br\/blog\/acelere-os-estudos-policia-cientifica-go\/","og_site_name":"Estrat\u00e9gia Concursos","article_published_time":"2023-02-26T11:00:00+00:00","og_image":[{"width":768,"height":432,"url":"https:\/\/dhg1h5j42swfq.cloudfront.net\/2021\/10\/04213334\/policia_cientifica_go.jpg","type":"image\/jpeg"}],"author":"Taiane Ferreira Concei\u00e7\u00e3o","twitter_card":"summary_large_image","twitter_creator":"@EstratConcursos","twitter_site":"@EstratConcursos","twitter_misc":{"Escrito por":"Taiane Ferreira Concei\u00e7\u00e3o","Est. tempo de leitura":"11 minutos"},"schema":{"@context":"https:\/\/schema.org","@graph":[{"@type":"NewsArticle","@id":"https:\/\/www.estrategiaconcursos.com.br\/blog\/acelere-os-estudos-policia-cientifica-go\/#article","isPartOf":{"@id":"https:\/\/www.estrategiaconcursos.com.br\/blog\/acelere-os-estudos-policia-cientifica-go\/"},"author":{"name":"Taiane Ferreira Concei\u00e7\u00e3o","@id":"https:\/\/www.estrategiaconcursos.com.br\/blog\/#\/schema\/person\/699843c170e88965fc39f4f55cbc3504"},"headline":"Acelere os estudos para Pol\u00edcia Cient\u00edfica-GO","datePublished":"2023-02-26T11:00:00+00:00","mainEntityOfPage":{"@id":"https:\/\/www.estrategiaconcursos.com.br\/blog\/acelere-os-estudos-policia-cientifica-go\/"},"wordCount":2167,"commentCount":0,"publisher":{"@id":"https:\/\/www.estrategiaconcursos.com.br\/blog\/#organization"},"image":{"@id":"https:\/\/www.estrategiaconcursos.com.br\/blog\/acelere-os-estudos-policia-cientifica-go\/#primaryimage"},"thumbnailUrl":"https:\/\/dhg1h5j42swfq.cloudfront.net\/2021\/10\/04213334\/policia_cientifica_go.jpg","keywords":["auxiliar de aut\u00f3psia","Perito criminal","POL\u00cdCIA CIENT\u00cdFICA","pol\u00edcia cient\u00edfica 2023","Pol\u00edcia Cient\u00edfica GO"],"articleSection":["Concursos P\u00fablicos","Policial (Peritos, Papiloscopistas)"],"inLanguage":"pt-BR","potentialAction":[{"@type":"CommentAction","name":"Comment","target":["https:\/\/www.estrategiaconcursos.com.br\/blog\/acelere-os-estudos-policia-cientifica-go\/#respond"]}],"copyrightYear":"2023","copyrightHolder":{"@id":"https:\/\/www.estrategiaconcursos.com.br\/blog\/#organization"}},{"@type":"WebPage","@id":"https:\/\/www.estrategiaconcursos.com.br\/blog\/acelere-os-estudos-policia-cientifica-go\/","url":"https:\/\/www.estrategiaconcursos.com.br\/blog\/acelere-os-estudos-policia-cientifica-go\/","name":"Acelere os estudos para Pol\u00edcia Cient\u00edfica-GO","isPartOf":{"@id":"https:\/\/www.estrategiaconcursos.com.br\/blog\/#website"},"primaryImageOfPage":{"@id":"https:\/\/www.estrategiaconcursos.com.br\/blog\/acelere-os-estudos-policia-cientifica-go\/#primaryimage"},"image":{"@id":"https:\/\/www.estrategiaconcursos.com.br\/blog\/acelere-os-estudos-policia-cientifica-go\/#primaryimage"},"thumbnailUrl":"https:\/\/dhg1h5j42swfq.cloudfront.net\/2021\/10\/04213334\/policia_cientifica_go.jpg","datePublished":"2023-02-26T11:00:00+00:00","description":"O certame ainda nem est\u00e1 com as inscri\u00e7\u00f5es abertas. Essa \u00e9 a oportunidade para que voc\u00ea acelere os estudos para Pol\u00edcia Cient\u00edfica-GO.","breadcrumb":{"@id":"https:\/\/www.estrategiaconcursos.com.br\/blog\/acelere-os-estudos-policia-cientifica-go\/#breadcrumb"},"inLanguage":"pt-BR","potentialAction":[{"@type":"ReadAction","target":["https:\/\/www.estrategiaconcursos.com.br\/blog\/acelere-os-estudos-policia-cientifica-go\/"]}]},{"@type":"ImageObject","inLanguage":"pt-BR","@id":"https:\/\/www.estrategiaconcursos.com.br\/blog\/acelere-os-estudos-policia-cientifica-go\/#primaryimage","url":"https:\/\/dhg1h5j42swfq.cloudfront.net\/2021\/10\/04213334\/policia_cientifica_go.jpg","contentUrl":"https:\/\/dhg1h5j42swfq.cloudfront.net\/2021\/10\/04213334\/policia_cientifica_go.jpg","width":768,"height":432,"caption":"concurso Pol\u00edcia Cient\u00edfica GO"},{"@type":"BreadcrumbList","@id":"https:\/\/www.estrategiaconcursos.com.br\/blog\/acelere-os-estudos-policia-cientifica-go\/#breadcrumb","itemListElement":[{"@type":"ListItem","position":1,"name":"In\u00edcio","item":"https:\/\/www.estrategiaconcursos.com.br\/blog\/"},{"@type":"ListItem","position":2,"name":"Acelere os estudos para Pol\u00edcia Cient\u00edfica-GO"}]},{"@type":"WebSite","@id":"https:\/\/www.estrategiaconcursos.com.br\/blog\/#website","url":"https:\/\/www.estrategiaconcursos.com.br\/blog\/","name":"Estrat\u00e9gia Concursos","description":"O blog da Estrat\u00e9gia Concursos traz not\u00edcias sobre concursos e artigos de professores oferecendo cursos para concursos (pdf + videaulas) no site.","publisher":{"@id":"https:\/\/www.estrategiaconcursos.com.br\/blog\/#organization"},"potentialAction":[{"@type":"SearchAction","target":{"@type":"EntryPoint","urlTemplate":"https:\/\/www.estrategiaconcursos.com.br\/blog\/?s={search_term_string}"},"query-input":{"@type":"PropertyValueSpecification","valueRequired":true,"valueName":"search_term_string"}}],"inLanguage":"pt-BR"},{"@type":"Organization","@id":"https:\/\/www.estrategiaconcursos.com.br\/blog\/#organization","name":"Estrat\u00e9gia Concursos","url":"https:\/\/www.estrategiaconcursos.com.br\/blog\/","logo":{"@type":"ImageObject","inLanguage":"pt-BR","@id":"https:\/\/www.estrategiaconcursos.com.br\/blog\/#\/schema\/logo\/image\/","url":"https:\/\/dhg1h5j42swfq.cloudfront.net\/2025\/06\/03203428\/logo_concursos-1.jpg","contentUrl":"https:\/\/dhg1h5j42swfq.cloudfront.net\/2025\/06\/03203428\/logo_concursos-1.jpg","width":230,"height":60,"caption":"Estrat\u00e9gia Concursos"},"image":{"@id":"https:\/\/www.estrategiaconcursos.com.br\/blog\/#\/schema\/logo\/image\/"},"sameAs":["https:\/\/x.com\/EstratConcursos"]},{"@type":"Person","@id":"https:\/\/www.estrategiaconcursos.com.br\/blog\/#\/schema\/person\/699843c170e88965fc39f4f55cbc3504","name":"Taiane Ferreira Concei\u00e7\u00e3o","image":{"@type":"ImageObject","inLanguage":"pt-BR","@id":"https:\/\/secure.gravatar.com\/avatar\/3eeaf722fb4a0f0403ab2fcd989778b82e4ab1df34e59c86868171efee133a4d?s=96&d=mm&r=g","url":"https:\/\/secure.gravatar.com\/avatar\/3eeaf722fb4a0f0403ab2fcd989778b82e4ab1df34e59c86868171efee133a4d?s=96&d=mm&r=g","contentUrl":"https:\/\/secure.gravatar.com\/avatar\/3eeaf722fb4a0f0403ab2fcd989778b82e4ab1df34e59c86868171efee133a4d?s=96&d=mm&r=g","caption":"Taiane Ferreira Concei\u00e7\u00e3o"},"description":"Aprovada nos concursos Marinha do Brasil, Correios, Secretaria de Educa\u00e7\u00e3o do Estado da Bahia, EMBASA e Pol\u00edcia Civil do Estado da Bahia.","url":"https:\/\/www.estrategiaconcursos.com.br\/blog\/author\/taianef1yahoo-com-br\/"}]}},"_links":{"self":[{"href":"https:\/\/www.estrategiaconcursos.com.br\/blog\/wp-json\/wp\/v2\/posts\/1167069","targetHints":{"allow":["GET"]}}],"collection":[{"href":"https:\/\/www.estrategiaconcursos.com.br\/blog\/wp-json\/wp\/v2\/posts"}],"about":[{"href":"https:\/\/www.estrategiaconcursos.com.br\/blog\/wp-json\/wp\/v2\/types\/post"}],"author":[{"embeddable":true,"href":"https:\/\/www.estrategiaconcursos.com.br\/blog\/wp-json\/wp\/v2\/users\/2569"}],"replies":[{"embeddable":true,"href":"https:\/\/www.estrategiaconcursos.com.br\/blog\/wp-json\/wp\/v2\/comments?post=1167069"}],"version-history":[{"count":68,"href":"https:\/\/www.estrategiaconcursos.com.br\/blog\/wp-json\/wp\/v2\/posts\/1167069\/revisions"}],"predecessor-version":[{"id":1167741,"href":"https:\/\/www.estrategiaconcursos.com.br\/blog\/wp-json\/wp\/v2\/posts\/1167069\/revisions\/1167741"}],"wp:featuredmedia":[{"embeddable":true,"href":"https:\/\/www.estrategiaconcursos.com.br\/blog\/wp-json\/wp\/v2\/media\/901093"}],"wp:attachment":[{"href":"https:\/\/www.estrategiaconcursos.com.br\/blog\/wp-json\/wp\/v2\/media?parent=1167069"}],"wp:term":[{"taxonomy":"category","embeddable":true,"href":"https:\/\/www.estrategiaconcursos.com.br\/blog\/wp-json\/wp\/v2\/categories?post=1167069"},{"taxonomy":"post_tag","embeddable":true,"href":"https:\/\/www.estrategiaconcursos.com.br\/blog\/wp-json\/wp\/v2\/tags?post=1167069"},{"taxonomy":"tax_estado","embeddable":true,"href":"https:\/\/www.estrategiaconcursos.com.br\/blog\/wp-json\/wp\/v2\/tax_estado?post=1167069"}],"curies":[{"name":"wp","href":"https:\/\/api.w.org\/{rel}","templated":true}]}}