{"id":1166138,"date":"2023-02-21T08:00:00","date_gmt":"2023-02-21T11:00:00","guid":{"rendered":"https:\/\/www.estrategiaconcursos.com.br\/blog\/?p=1166138"},"modified":"2023-02-13T14:32:57","modified_gmt":"2023-02-13T17:32:57","slug":"estatuto-pessoa-deficiencia-tj-sp","status":"publish","type":"post","link":"https:\/\/www.estrategiaconcursos.com.br\/blog\/estatuto-pessoa-deficiencia-tj-sp\/","title":{"rendered":"Estatuto da Pessoa com Defici\u00eancia para TJ\/SP"},"content":{"rendered":"\n<p>Descubra a import\u00e2ncia do Estatuto da Pessoa com Defici\u00eancia e seu papel fundamental na garantia dos direitos das pessoas com defici\u00eancia e garanta sua vaga no concurso do TJ\/SP.<\/p>\n\n\n\n<figure class=\"wp-block-image size-large\"><img loading=\"lazy\" decoding=\"async\" width=\"1024\" height=\"402\" src=\"https:\/\/dhg1h5j42swfq.cloudfront.net\/2023\/02\/06194850\/3715-1024x402.jpg\" alt=\"Estatuto da Pessoa com Defici\u00eancia para TJ\/SP\" class=\"wp-image-1166139\" srcset=\"https:\/\/dhg1h5j42swfq.cloudfront.net\/2023\/02\/06194850\/3715-1024x402.jpg 1024w, https:\/\/dhg1h5j42swfq.cloudfront.net\/2023\/02\/06194850\/3715-300x118.jpg 300w, https:\/\/dhg1h5j42swfq.cloudfront.net\/2023\/02\/06194850\/3715-768x301.jpg 768w, https:\/\/dhg1h5j42swfq.cloudfront.net\/2023\/02\/06194850\/3715-1536x602.jpg 1536w, https:\/\/dhg1h5j42swfq.cloudfront.net\/2023\/02\/06194850\/3715-2048x803.jpg 2048w, https:\/\/dhg1h5j42swfq.cloudfront.net\/2023\/02\/06194850\/3715-610x239.jpg 610w, https:\/\/dhg1h5j42swfq.cloudfront.net\/2023\/02\/06194850\/3715-150x59.jpg 150w\" sizes=\"auto, (max-width: 1024px) 100vw, 1024px\" \/><figcaption class=\"wp-element-caption\">Estatuto da Pessoa com Defici\u00eancia para TJ\/SP<\/figcaption><\/figure>\n\n\n\n<p>Ol\u00e1, estrategistas! <\/p>\n\n\n\n<p>Mais uma grande oportunidade est\u00e1 dispon\u00edvel para quem busca um cargo no servi\u00e7o p\u00fablico. O TJSP, o maior tribunal do pa\u00eds, publicou um novo <a href=\"https:\/\/www.estrategiaconcursos.com.br\/cursosPorConcurso\/tj-sp-escrevente\/?utm_source=google&amp;utm_medium=cpc&amp;utm_campaign=ec-tri-vd-gsh-TJSP&amp;gclid=Cj0KCQiA54KfBhCKARIsAJzSrdr7kgE6T0aEwfJ6eYHMEAk4KYuwAzUrpJ_P4Q2LJhybzL1H3piBSsgaAs18EALw_wcB\" target=\"_blank\" rel=\"noreferrer noopener\">edital com 400 vagas imediatas<\/a> para o cargo de Escrevente T\u00e9cnico Judici\u00e1rio, que exige apenas n\u00edvel m\u00e9dio de escolaridade. <\/p>\n\n\n\n<p>Com uma remunera\u00e7\u00e3o atraente de R$ 5.480,54, al\u00e9m dos aux\u00edlios para alimenta\u00e7\u00e3o, sa\u00fade e transporte e possibilidade de teletrabalho, esta \u00e9 uma chance incr\u00edvel para quem busca uma carreira est\u00e1vel e bem remunerada.<\/p>\n\n\n\n<p>N\u00e3o esque\u00e7am que as <a href=\"https:\/\/www.vunesp.com.br\/\" target=\"_blank\" rel=\"noreferrer noopener\">inscri\u00e7\u00f5es v\u00e3o at\u00e9 o dia 28 de mar\u00e7o de 2023<\/a>!<\/p>\n\n\n\n<p>E, para ajud\u00e1-los nos estudos, vamos aprender sobre o <strong>Estatuto das Pessoas com Defici\u00eancia<\/strong>, um dos t\u00f3picos constantes no bloco de Conhecimentos Gerais do edital.<\/p>\n\n\n\n<h2 class=\"wp-block-heading\"><mark style=\"background-color:rgba(0, 0, 0, 0)\" class=\"has-inline-color has-vivid-purple-color\">Considera\u00e7\u00f5es Iniciais<\/mark><\/h2>\n\n\n\n<p>Como dito acima, o edital do TJ\/SP vem cobrando o Estatuto das Pessoas com Defici\u00eancia (Lei n\u00ba 13.146\/2015). Esta \u00e9 a lei que trata da Inclus\u00e3o da Pessoa com Defici\u00eancia e garante seus direitos. <\/p>\n\n\n\n<p>Desta forma, para se preparar e garantir a vaga no concurso p\u00fablico \u00e9 importante aprender esta norma.<\/p>\n\n\n\n<p>Contudo, cabe ressaltar que o edital do TJ\/SP<strong> n\u00e3o cobrou a lei de forma integral.<\/strong> Mas, <strong>apenas os artigos 1\u00ba ao 13 e 34 ao 38.<\/strong><\/p>\n\n\n\n<p>Vamos come\u00e7ar?<\/p>\n\n\n\n<h2 class=\"wp-block-heading\"><mark style=\"background-color:rgba(0, 0, 0, 0)\" class=\"has-inline-color has-vivid-purple-color\">Hist\u00f3ria do Estatuto das Pessoas com Defici\u00eancia para TJ\/SP<\/mark><\/h2>\n\n\n\n<p>Como o t\u00f3pico do Estatuto das Pessoas com Defici\u00eancia para o TJ\/SP est\u00e1 elencado na disciplina de atualidades, achamos importante explicar um pouco sobre a constru\u00e7\u00e3o e hist\u00f3ria da referida lei.<\/p>\n\n\n\n<p>Desta forma, a Lei n\u00ba 13.146, tamb\u00e9m conhecida como Estatuto da Pessoa com Defici\u00eancia ou Lei Brasileira de Inclus\u00e3o, teve sua origem em projetos de lei apresentados desde 2000. A <strong>ideia original era criar uma legisla\u00e7\u00e3o \u00fanica que regulamentasse e melhorasse o cen\u00e1rio de exclus\u00e3o e inacessibilidade das pessoas com defici\u00eancia no pa\u00eds.<\/strong><\/p>\n\n\n\n<p>Em 2009, o Congresso Nacional aprovou o Decreto n\u00ba 6.949, ratificando a Conven\u00e7\u00e3o sobre os Direitos da Pessoa com Defici\u00eancia da ONU, tornando-a uma emenda constitucional no pa\u00eds. A Conven\u00e7\u00e3o adotou a express\u00e3o &#8220;pessoa com defici\u00eancia&#8221;, enquanto as legisla\u00e7\u00f5es anteriores, incluindo a Constitui\u00e7\u00e3o de 1988, utilizavam a express\u00e3o &#8220;pessoa portadora de defici\u00eancia&#8221;. Finalmente, em 2015, o projeto de lei 7699\/2006 se tornou a Lei n\u00ba 13.146, instituindo o Estatuto da Pessoa com Defici\u00eancia.<\/p>\n\n\n\n<p>Agora, sem mais delongas, vamos ver o texto normativo em si.<\/p>\n\n\n\n<h2 class=\"wp-block-heading\"><mark style=\"background-color:rgba(0, 0, 0, 0)\" class=\"has-inline-color has-vivid-purple-color\">Disposi\u00e7\u00f5es Gerais &#8211; Estatuto das Pessoas com Defici\u00eancia para TJ\/SP<\/mark><\/h2>\n\n\n\n<p>Para iniciarmos o estudo, devemos entender o conceito de pessoa com defici\u00eancia para o Estatuto.<\/p>\n\n\n\n<blockquote class=\"wp-block-quote is-layout-flow wp-block-quote-is-layout-flow\">\n<p><strong>Pessoa com defici\u00eancia<\/strong> \u00e9 aquela que tem impedimento de longo prazo de natureza f\u00edsica, mental, intelectual ou sensorial, o qual, em intera\u00e7\u00e3o com uma ou mais barreiras, pode obstruir sua participa\u00e7\u00e3o plena e efetiva na sociedade em igualdade de condi\u00e7\u00f5es com as demais pessoas.<\/p>\n<cite>Art. 2\u00ba da Lei N\u00ba 13.146\/2015<\/cite><\/blockquote>\n\n\n\n<p>O dispositivo legal tamb\u00e9m afirma que a avalia\u00e7\u00e3o da defici\u00eancia, quando necess\u00e1ria, ser\u00e1 biopsicossocial. Esta avalia\u00e7\u00e3o dever\u00e1 ser realizada por equipe multiprofissional e interdisciplinar, considerando:<\/p>\n\n\n\n<ul class=\"wp-block-list\">\n<li>impedimentos nas fun\u00e7\u00f5es corporais<\/li>\n\n\n\n<li>fatores socioambientais, psicol\u00f3gicos e pessoais<\/li>\n\n\n\n<li>limita\u00e7\u00e3o no desempenho das atividades<\/li>\n\n\n\n<li>restri\u00e7\u00e3o de participa\u00e7\u00e3o<\/li>\n<\/ul>\n\n\n\n<h2 class=\"wp-block-heading\"><mark style=\"background-color:rgba(0, 0, 0, 0)\" class=\"has-inline-color has-vivid-purple-color\">Principais Conceitos &#8211; Estatuto das Pessoas com Defici\u00eancia para TJ\/SP<\/mark><\/h2>\n\n\n\n<p>A lei tamb\u00e9m disp\u00f5e de conceitos importantes que podem ser objeto de quest\u00f5es em sua prova. Vamos v\u00ea-los:<\/p>\n\n\n\n<h4 class=\"wp-block-heading\"><strong>Acessibilidade<\/strong><\/h4>\n\n\n\n<p>A capacidade das pessoas com defici\u00eancia ou com mobilidade reduzida de usar com seguran\u00e7a e autonomia espa\u00e7os p\u00fablicos, mobili\u00e1rios, equipamentos urbanos, edif\u00edcios, transportes, informa\u00e7\u00e3o e comunica\u00e7\u00e3o, bem como outros servi\u00e7os e instala\u00e7\u00f5es abertas ao p\u00fablico, tanto na cidade como no campo.<\/p>\n\n\n\n<h4 class=\"wp-block-heading\"><strong>Desenho universal<\/strong><\/h4>\n\n\n\n<p>Cria\u00e7\u00e3o de produtos, ambientes, programas e servi\u00e7os que possam ser utilizados por todas as pessoas sem necessidade de adapta\u00e7\u00f5es ou projetos espec\u00edficos, incluindo tecnologias assistivas.<\/p>\n\n\n\n<h4 class=\"wp-block-heading\"><strong>Tecnologia assistiva ou ajuda t\u00e9cnica<\/strong><\/h4>\n\n\n\n<p>Produtos, equipamentos, dispositivos, recursos, metodologias, estrat\u00e9gias, pr\u00e1ticas e servi\u00e7os que visam melhorar a capacidade de atividade e participa\u00e7\u00e3o da pessoa com defici\u00eancia ou mobilidade reduzida, aumentando sua autonomia, independ\u00eancia, qualidade de vida e inclus\u00e3o social.<\/p>\n\n\n\n<h4 class=\"wp-block-heading\"><strong>Barreiras<\/strong><\/h4>\n\n\n\n<p>Qualquer coisa que impe\u00e7a ou limita a participa\u00e7\u00e3o social de uma pessoa, incluindo o acesso \u00e0 acessibilidade, liberdade de movimento e express\u00e3o, comunica\u00e7\u00e3o, informa\u00e7\u00e3o, compreens\u00e3o e circula\u00e7\u00e3o segura, podendo ser classificadas como urban\u00edsticas, arquitet\u00f4nicas, nos transportes, nas comunica\u00e7\u00f5es, atitudinais e tecnol\u00f3gicas.<\/p>\n\n\n\n<h4 class=\"wp-block-heading\"><strong>Comunica\u00e7\u00e3o<\/strong><\/h4>\n\n\n\n<p>Intera\u00e7\u00e3o dos cidad\u00e3os incluindo Libras, visualiza\u00e7\u00e3o de textos, Braille, sinaliza\u00e7\u00e3o t\u00e1til, caracteres ampliados, dispositivos multim\u00eddia, linguagem simples, oral e escrita, sistemas auditivos, voz digitalizada, e alternativas aumentativas de comunica\u00e7\u00e3o, incluindo tecnologias da informa\u00e7\u00e3o e comunica\u00e7\u00e3o.<\/p>\n\n\n\n<h4 class=\"wp-block-heading\"><strong>Adapta\u00e7\u00f5es razo\u00e1veis<\/strong><\/h4>\n\n\n\n<p>Ajustes adequados e sem custos excessivos que sejam requeridos para garantir que pessoas com defici\u00eancia possam desfrutar e exercer seus direitos e liberdades fundamentais de forma igual \u00e0 das outras pessoas.<\/p>\n\n\n\n<h4 class=\"wp-block-heading\"><strong>Elemento de urbaniza\u00e7\u00e3o<\/strong><\/h4>\n\n\n\n<p>Os componentes de obras de urbaniza\u00e7\u00e3o incluem pavimenta\u00e7\u00e3o, saneamento, esgoto, energia el\u00e9trica e g\u00e1s, ilumina\u00e7\u00e3o p\u00fablica, servi\u00e7os de comunica\u00e7\u00e3o, abastecimento e distribui\u00e7\u00e3o de \u00e1gua, paisagismo e aqueles indicados no planejamento urban\u00edstico.<\/p>\n\n\n\n<p><strong>Mobili\u00e1rio urbano<\/strong><\/p>\n\n\n\n<p>Objetos adicionais ou superpostos nas vias p\u00fablicas e espa\u00e7os que n\u00e3o afetam substancialmente os elementos de constru\u00e7\u00e3o, tais como sem\u00e1foros, postes de sinaliza\u00e7\u00e3o, fontes de \u00e1gua, lixeiras, toldos, marquises, bancos, quiosques e outros similares.<\/p>\n\n\n\n<p><strong>Pessoa com mobilidade reduzida<\/strong><\/p>\n\n\n\n<p>A pessoa que tem dificuldade de movimenta\u00e7\u00e3o permanente ou tempor\u00e1ria que resulte em redu\u00e7\u00e3o efetiva da mobilidade, flexibilidade, coordena\u00e7\u00e3o motora ou percep\u00e7\u00e3o, incluindo idosos, gestantes, lactantes, pessoas com crian\u00e7as no colo e pessoas obesas.<\/p>\n\n\n\n<p><strong>Resid\u00eancias inclusivas<\/strong><\/p>\n\n\n\n<p>Unidades do SUAS situadas em comunidades que ofere\u00e7am suporte psicossocial para atender \u00e0s necessidades das pessoas acolhidas, especialmente jovens e adultos com defici\u00eancia, em situa\u00e7\u00e3o de depend\u00eancia e sem condi\u00e7\u00f5es de autossustentabilidade, com la\u00e7os familiares delicados.<\/p>\n\n\n\n<p><strong>Moradia para a vida independente da pessoa com defici\u00eancia<\/strong><\/p>\n\n\n\n<p>Habita\u00e7\u00e3o equipada com estruturas apropriadas que ofere\u00e7am servi\u00e7os de assist\u00eancia personalizados, respeitando e ampliando o n\u00edvel de independ\u00eancia das pessoas com defici\u00eancia.<\/p>\n\n\n\n<p><strong>Atendente pessoal<\/strong><\/p>\n\n\n\n<p><strong>Qualquer pessoa, familiar ou n\u00e3o<\/strong>, que oferece assist\u00eancia ou cuidados b\u00e1sicos e essenciais \u00e0 pessoa com defici\u00eancia para que ela possa realizar suas atividades di\u00e1rias, <strong>sem receber remunera\u00e7\u00e3o<\/strong>, <strong>exceto para procedimentos caracterizados como profiss\u00f5es regulamentadas.<\/strong><\/p>\n\n\n\n<p><strong>Acompanhante<\/strong><\/p>\n\n\n\n<p>A pessoa que auxilia a pessoa com defici\u00eancia, sem necessariamente ser seu atendente pessoal.<\/p>\n\n\n\n<h2 class=\"wp-block-heading\"><mark style=\"background-color:rgba(0, 0, 0, 0)\" class=\"has-inline-color has-vivid-purple-color\">Deveres do Estado e da sociedade<\/mark><\/h2>\n\n\n\n<p>Os Arts. 7\u00ba e 8\u00ba do Estatuto das Pessoas com Defici\u00eancia tratam dos deveres do Estado e da sociedade. <\/p>\n\n\n\n<p>Desta forma, todos da sociedade t\u00eam o dever de comunicar \u00e0 autoridade qualquer amea\u00e7a ou viola\u00e7\u00e3o aos direitos da pessoa com defici\u00eancia. <\/p>\n\n\n\n<p>Al\u00e9m disso, os ju\u00edzes e os tribunais que tiverem conhecimento de tais fatos no exerc\u00edcio de suas fun\u00e7\u00f5es devem expedir os autos Minist\u00e9rio P\u00fablico para que tomem as devidas provid\u00eancias.<\/p>\n\n\n\n<p>Por fim,  a garantia da efetiva\u00e7\u00e3o dos direitos relativos \u00e0 vida, sa\u00fade, sexualidade, alimenta\u00e7\u00e3o, habita\u00e7\u00e3o, educa\u00e7\u00e3o, profissionaliza\u00e7\u00e3o, trabalho, previd\u00eancia social, habilita\u00e7\u00e3o e reabilita\u00e7\u00e3o, transporte, acessibilidade, cultura, desporto, turismo, lazer, informa\u00e7\u00e3o, comunica\u00e7\u00e3o, avan\u00e7os cient\u00edficos e tecnol\u00f3gicos, dignidade, respeito, liberdade, conviv\u00eancia familiar e comunit\u00e1ria \u00e9 de responsabilidade do Estado, da sociedade e da fam\u00edlia.<\/p>\n\n\n\n<p>De acordo com o Art. 4\u00ba, <strong>todas as pessoas com defici\u00eancia t\u00eam direito \u00e0 igualdade de oportunidades e n\u00e3o devem sofrer nenhum tipo de discrimina\u00e7\u00e3o. <\/strong><\/p>\n\n\n\n<p>Assim, para o Estatuto das Pessoas com Defici\u00eancia, \u00e9 <strong>considerada discrimina\u00e7\u00e3o qualquer a\u00e7\u00e3o ou omiss\u00e3o que distinga, restrinja ou exclua as pessoas com defici\u00eancia, impedindo-as de exercer seus direitos e liberdades fundamentais<\/strong>, incluindo a recusa em fazer adapta\u00e7\u00f5es razo\u00e1veis ou fornecer tecnologias assistivas.<\/p>\n\n\n\n<p>O texto legal preleciona ainda que as pessoas com defici\u00eancia devem ser protegidas contra neglig\u00eancia, discrimina\u00e7\u00e3o, explora\u00e7\u00e3o, viol\u00eancia, tortura, crueldade, opress\u00e3o e tratamento desumano ou degradante. Al\u00e9m disso, <strong>as crian\u00e7as, adolescentes, mulheres e idosos com defici\u00eancia s\u00e3o especialmente vulner\u00e1veis e devem ser protegidos.<\/strong><\/p>\n\n\n\n<div class=\"wp-block-group has-background has-global-padding is-layout-constrained wp-block-group-is-layout-constrained\" style=\"background-color:#f1f1f1f2\">\n<p><strong><mark style=\"background-color:rgba(0, 0, 0, 0)\" class=\"has-inline-color has-vivid-purple-color\">IMPORTANTE: <\/mark><\/strong>Ao contr\u00e1rio do que se pensa, as pessoas com defici\u00eancia <strong>n\u00e3o s\u00e3o obrigadas<\/strong> a usufruir de benef\u00edcios decorrentes de a\u00e7\u00f5es afirmativas. Isto significa que elas t\u00eam direito a recusar a prerrogativa.<\/p>\n<\/div>\n\n\n\n<h3 class=\"wp-block-heading\"><mark style=\"background-color:rgba(0, 0, 0, 0)\" class=\"has-inline-color has-vivid-purple-color\">Situa\u00e7\u00f5es em que a defici\u00eancia n\u00e3o afeta a plena capacidade civil da pessoa:<\/mark><\/h3>\n\n\n\n<p>O Art. 6\u00ba elenca no corpo do texto as situa\u00e7\u00f5es em que a defici\u00eancia n\u00e3o afeta a plena capacidade civil da pessoa, conforme veremos a seguir:<\/p>\n\n\n\n<div class=\"wp-block-group has-global-padding is-layout-constrained wp-block-group-is-layout-constrained\">\n<div class=\"wp-block-group has-background has-global-padding is-layout-constrained wp-block-group-is-layout-constrained\" style=\"background-color:#f1f1f1f2\">\n<p>1) Casar e constituir uni\u00e3o est\u00e1vel<\/p>\n\n\n\n<p>2) Decidir sobre seus direitos sexuais e reprodutivos, escolhendo o n\u00famero de filhos que deseja ter<\/p>\n\n\n\n<p>3) Conservar sua fertilidade, n\u00e3o podendo ser obrigado a realizar esteriliza\u00e7\u00e3o<\/p>\n\n\n\n<p>4)Ter direito \u00e0 fam\u00edlia e \u00e0 conviv\u00eancia familiar e comunit\u00e1ria<\/p>\n\n\n\n<p>5) Ter direito \u00e0 guarda, \u00e0 tutela, \u00e0 curatela e \u00e0 ado\u00e7\u00e3o, como adotante ou adotando, em igualdade de oportunidades com as demais pessoas.<\/p>\n<\/div>\n<\/div>\n\n\n\n<h2 class=\"wp-block-heading\"><mark style=\"background-color:rgba(0, 0, 0, 0)\" class=\"has-inline-color has-vivid-purple-color\">Atendimento Priorit\u00e1rio &#8211; Estatuto das Pessoas com Defici\u00eancia para TJ\/SP<\/mark><\/h2>\n\n\n\n<p>O Artigo 9\u00ba visa garantir \u00e0s pessoas com defici\u00eancia o direito a um atendimento priorit\u00e1rio nas institui\u00e7\u00f5es e servi\u00e7os p\u00fablicos. <\/p>\n\n\n\n<p>De acordo com este dispositivo legal, pessoas com defici\u00eancia tem direito a receber atendimento preferencial com a finalidade de:<\/p>\n\n\n\n<ul class=\"wp-block-list\">\n<li>prote\u00e7\u00e3o e socorro em qualquer situa\u00e7\u00e3o<\/li>\n\n\n\n<li>atendimento em todas os servi\u00e7os de atendimento ao p\u00fablico<\/li>\n\n\n\n<li>disponibilidade de recursos humanos e tecnol\u00f3gicos a fim de garantir o atendimento igualit\u00e1rio<\/li>\n\n\n\n<li>disponibilidade de pontos de parada, esta\u00e7\u00f5es e terminais acess\u00edveis no transporte coletivo de passageiros, juntamente com a garantia de seguran\u00e7a durante o embarque e o desembarque<\/li>\n\n\n\n<li>acesso a informa\u00e7\u00f5es e disponibiliza\u00e7\u00e3o de recursos de comunica\u00e7\u00e3o acess\u00edveis<\/li>\n\n\n\n<li>recebimento de restitui\u00e7\u00e3o de imposto de renda<\/li>\n\n\n\n<li>tramita\u00e7\u00e3o processual e procedimentos judiciais e administrativos em que for parte ou interessada, em todos os atos e dilig\u00eancias<\/li>\n<\/ul>\n\n\n\n<p>Cabe ressaltar, ainda, que os<strong> direitos de prioridade se ampliam aos acompanhantes <\/strong>das pessoas com defici\u00eancia ou ao seu atendente pessoal, <strong>exceto no que diz respeito ao recebimento de restitui\u00e7\u00e3o de imposto de renda e tramita\u00e7\u00e3o processual. <\/strong><\/p>\n\n\n\n<p>Por fim, a lei tamb\u00e9m disp\u00f5e que, em servi\u00e7os de emerg\u00eancia p\u00fablicos e privados, a prioridade depende dos protocolos de atendimento m\u00e9dico. <\/p>\n\n\n\n<h2 class=\"wp-block-heading\"><mark style=\"background-color:rgba(0, 0, 0, 0)\" class=\"has-inline-color has-vivid-purple-color\">Direito \u00e0 vida<\/mark><\/h2>\n\n\n\n<p>O Art. 10 da referida lei afirma que a dignidade da pessoa com defici\u00eancia, ao longo de toda a vida, deve ser garantida pelo poder p\u00fablico, ressaltando que em situa\u00e7\u00f5es de risco, emerg\u00eancia ou calamidade p\u00fablica, ela tamb\u00e9m dever\u00e1 ser considerada vulner\u00e1vel. <\/p>\n\n\n\n<p>Contudo, a lei afirma que, em regra, a pessoa com defici\u00eancia n\u00e3o pode ser for\u00e7ada a realizar tratamentos, interven\u00e7\u00f5es m\u00e9dicas ou pesquisa cient\u00edfica, devendo seu consentimento ser pr\u00e9vio, livre e de forma clara. H\u00e1 algumas exce\u00e7\u00f5es a essa regra, conforme elencadas abaixo:<\/p>\n\n\n\n<ul class=\"wp-block-list\">\n<li>Pessoa com defici\u00eancia sob curatela: o consentimento pode ser suprido na forma da lei. <\/li>\n\n\n\n<li>Pesquisas cient\u00edficas envolvendo pessoas com defici\u00eancia sob tutela ou curatela: s\u00f3 devem ser realizadas em casos excepcionais, se houver benef\u00edcio direto para a sa\u00fade e se n\u00e3o houver outras op\u00e7\u00f5es de pesquisa. <\/li>\n\n\n\n<li>Tratando-se de risco de morte ou emerg\u00eancia em sa\u00fade: a pessoa com defici\u00eancia pode ser atendida sem seu consentimento, desde que seu interesse superior seja protegido e as salvaguardas legais adequadas sejam adotadas.<\/li>\n<\/ul>\n\n\n\n<h2 class=\"wp-block-heading\"><mark style=\"background-color:rgba(0, 0, 0, 0)\" class=\"has-inline-color has-vivid-purple-color\">Conclus\u00e3o &#8211; Estatuto da Pessoa com Defici\u00eancia para TJ\/SP<\/mark><\/h2>\n\n\n\n<p>Por fim, chegamos ao fim deste pequeno resumo sobre o <strong>Estatuto da Pessoa com Defici\u00eancia para TJ\/SP<\/strong> e esperamos que tenha sido \u00fatil para voc\u00eas.<\/p>\n\n\n\n<p>Contudo, ressaltamos que para que voc\u00eas dominem a banca organizadora \u00e9 de grande import\u00e2ncia que estudem pelas aulas em <a href=\"https:\/\/www.estrategiaconcursos.com.br\/cursos\/concurso\/\" target=\"_blank\" rel=\"noreferrer noopener\">PDF do Estrat\u00e9gia<\/a> e fa\u00e7am muitas quest\u00f5es atrav\u00e9s do <a href=\"https:\/\/www.estrategiaconcursos.com.br\/cursosPorConcurso\/sistema-de-questoes\/\" target=\"_blank\" rel=\"noreferrer noopener\">Sistema de Quest\u00f5es do Estrat\u00e9gia<\/a> para consolidar o conte\u00fado.<\/p>\n\n\n\n<p>Para ler mais artigos escritos por mim, cliquem <a href=\"https:\/\/www.estrategiaconcursos.com.br\/blog\/author\/renata-araujosodregmail-com\/\" target=\"_blank\" rel=\"noreferrer noopener\">aqui<\/a>.<\/p>\n\n\n\n<p>Um excelente estudo a todos! <\/p>\n\n\n\n<p><strong><a href=\"https:\/\/www.instagram.com\/renataraujosodre\/\" target=\"_blank\" rel=\"noreferrer noopener\">Renata Sodr\u00e9 <\/a><\/strong><\/p>\n\n\n\n<h2 class=\"has-text-align-center wp-block-heading\" id=\"cursos-e-assinaturas\">Cursos e Assinaturas<\/h2>\n\n\n\n<p>Prepare-se com o melhor material e com quem mais aprova em Concursos P\u00fablicos em todo o pa\u00eds!<\/p>\n\n\n\n<p class=\"has-text-align-center has-white-color has-text-color has-background\" style=\"background-color:#9b51e070\"><a href=\"https:\/\/www.estrategiaconcursos.com.br\/blog\/concursos-abertos\/\" target=\"_blank\" rel=\"noreferrer noopener\"><strong>Concursos abertos<\/strong><\/a><\/p>\n\n\n\n<p class=\"has-text-align-center has-white-color has-text-color has-background\" style=\"background-color:#9b51e070\"><strong><a href=\"https:\/\/www.estrategiaconcursos.com.br\/blog\/concursos-2023\/\" target=\"_blank\" rel=\"noreferrer noopener\">Concursos 2023<\/a><\/strong><\/p>\n\n\n\n<p><\/p>\n\n\n\n<p><\/p>\n","protected":false},"excerpt":{"rendered":"<p>Descubra a import\u00e2ncia do Estatuto da Pessoa com Defici\u00eancia e seu papel fundamental na garantia dos direitos das pessoas com defici\u00eancia e garanta sua vaga no concurso do TJ\/SP. Ol\u00e1, estrategistas! Mais uma grande oportunidade est\u00e1 dispon\u00edvel para quem busca um cargo no servi\u00e7o p\u00fablico. O TJSP, o maior tribunal do pa\u00eds, publicou um novo [&hellip;]<\/p>\n","protected":false},"author":2310,"featured_media":1166139,"comment_status":"open","ping_status":"closed","sticky":false,"template":"","format":"standard","meta":{"post_tipo":"article","footnotes":""},"categories":[1,1984,220737],"tags":[221318,40,2533,3393,221317,2532,221319,220676],"tax_estado":[219989],"class_list":["post-1166138","post","type-post","status-publish","format-standard","has-post-thumbnail","hentry","category-cursos-e-concursos","category-tribunais","category-tribunais-tribunais","tag-13-146-2015","tag-concurso","tag-concurso-tjsp","tag-escrevente-tecnico-judiciario","tag-estatuto-das-pessoas-com-deficiencia","tag-tjsp","tag-tjsp2023","tag-tribunais-de-justica","tax_estado-sp"],"acf":[],"yoast_head":"<!-- This site is optimized with the Yoast SEO Premium plugin v27.2 (Yoast SEO v27.2) - https:\/\/yoast.com\/product\/yoast-seo-premium-wordpress\/ -->\n<title>Estatuto da Pessoa com Defici\u00eancia para TJ\/SP<\/title>\n<meta name=\"description\" content=\"Descubra a import\u00e2ncia do Estatuto da Pessoa com Defici\u00eancia e garanta sua vaga no concurso p\u00fablico do TJ\/SP.\" \/>\n<meta name=\"robots\" content=\"index, follow, max-snippet:-1, max-image-preview:large, max-video-preview:-1\" \/>\n<link rel=\"canonical\" href=\"https:\/\/www.estrategiaconcursos.com.br\/blog\/estatuto-pessoa-deficiencia-tj-sp\/\" \/>\n<meta property=\"og:locale\" content=\"pt_BR\" \/>\n<meta property=\"og:type\" content=\"article\" \/>\n<meta property=\"og:title\" content=\"Estatuto da Pessoa com Defici\u00eancia para TJ\/SP\" \/>\n<meta property=\"og:description\" content=\"Descubra a import\u00e2ncia do Estatuto da Pessoa com Defici\u00eancia e garanta sua vaga no concurso p\u00fablico do TJ\/SP.\" \/>\n<meta property=\"og:url\" content=\"https:\/\/www.estrategiaconcursos.com.br\/blog\/estatuto-pessoa-deficiencia-tj-sp\/\" \/>\n<meta property=\"og:site_name\" content=\"Estrat\u00e9gia Concursos\" \/>\n<meta property=\"article:published_time\" content=\"2023-02-21T11:00:00+00:00\" \/>\n<meta property=\"og:image\" content=\"https:\/\/dhg1h5j42swfq.cloudfront.net\/2023\/02\/06194850\/3715-scaled.jpg\" \/>\n\t<meta property=\"og:image:width\" content=\"2560\" \/>\n\t<meta property=\"og:image:height\" content=\"1004\" \/>\n\t<meta property=\"og:image:type\" content=\"image\/jpeg\" \/>\n<meta name=\"author\" content=\"Renata Ara\u00fajo Sodr\u00e9 da Silva\" \/>\n<meta name=\"twitter:card\" content=\"summary_large_image\" \/>\n<meta name=\"twitter:creator\" content=\"@EstratConcursos\" \/>\n<meta name=\"twitter:site\" content=\"@EstratConcursos\" \/>\n<meta name=\"twitter:label1\" content=\"Escrito por\" \/>\n\t<meta name=\"twitter:data1\" content=\"Renata Ara\u00fajo Sodr\u00e9 da Silva\" \/>\n\t<meta name=\"twitter:label2\" content=\"Est. tempo de leitura\" \/>\n\t<meta name=\"twitter:data2\" content=\"11 minutos\" \/>\n<script type=\"application\/ld+json\" class=\"yoast-schema-graph\">{\"@context\":\"https:\/\/schema.org\",\"@graph\":[{\"@type\":\"NewsArticle\",\"@id\":\"https:\/\/www.estrategiaconcursos.com.br\/blog\/estatuto-pessoa-deficiencia-tj-sp\/#article\",\"isPartOf\":{\"@id\":\"https:\/\/www.estrategiaconcursos.com.br\/blog\/estatuto-pessoa-deficiencia-tj-sp\/\"},\"author\":{\"name\":\"Renata Ara\u00fajo Sodr\u00e9 da Silva\",\"@id\":\"https:\/\/www.estrategiaconcursos.com.br\/blog\/#\/schema\/person\/a929d42d707cf35b05df2e2219927433\"},\"headline\":\"Estatuto da Pessoa com Defici\u00eancia para TJ\/SP\",\"datePublished\":\"2023-02-21T11:00:00+00:00\",\"mainEntityOfPage\":{\"@id\":\"https:\/\/www.estrategiaconcursos.com.br\/blog\/estatuto-pessoa-deficiencia-tj-sp\/\"},\"wordCount\":2150,\"commentCount\":0,\"publisher\":{\"@id\":\"https:\/\/www.estrategiaconcursos.com.br\/blog\/#organization\"},\"image\":{\"@id\":\"https:\/\/www.estrategiaconcursos.com.br\/blog\/estatuto-pessoa-deficiencia-tj-sp\/#primaryimage\"},\"thumbnailUrl\":\"https:\/\/dhg1h5j42swfq.cloudfront.net\/2023\/02\/06194850\/3715-scaled.jpg\",\"keywords\":[\"13.146\/2015\",\"Concurso\",\"concurso TJSP\",\"escrevente t\u00e9cnico judici\u00e1rio\",\"Estatuto das Pessoas com Defici\u00eancia\",\"TJSP\",\"TJSP2023\",\"Tribunais de Justi\u00e7a\"],\"articleSection\":[\"Concursos P\u00fablicos\",\"Tribunais\",\"Tribunais\"],\"inLanguage\":\"pt-BR\",\"potentialAction\":[{\"@type\":\"CommentAction\",\"name\":\"Comment\",\"target\":[\"https:\/\/www.estrategiaconcursos.com.br\/blog\/estatuto-pessoa-deficiencia-tj-sp\/#respond\"]}],\"copyrightYear\":\"2023\",\"copyrightHolder\":{\"@id\":\"https:\/\/www.estrategiaconcursos.com.br\/blog\/#organization\"}},{\"@type\":\"WebPage\",\"@id\":\"https:\/\/www.estrategiaconcursos.com.br\/blog\/estatuto-pessoa-deficiencia-tj-sp\/\",\"url\":\"https:\/\/www.estrategiaconcursos.com.br\/blog\/estatuto-pessoa-deficiencia-tj-sp\/\",\"name\":\"Estatuto da Pessoa com Defici\u00eancia para TJ\/SP\",\"isPartOf\":{\"@id\":\"https:\/\/www.estrategiaconcursos.com.br\/blog\/#website\"},\"primaryImageOfPage\":{\"@id\":\"https:\/\/www.estrategiaconcursos.com.br\/blog\/estatuto-pessoa-deficiencia-tj-sp\/#primaryimage\"},\"image\":{\"@id\":\"https:\/\/www.estrategiaconcursos.com.br\/blog\/estatuto-pessoa-deficiencia-tj-sp\/#primaryimage\"},\"thumbnailUrl\":\"https:\/\/dhg1h5j42swfq.cloudfront.net\/2023\/02\/06194850\/3715-scaled.jpg\",\"datePublished\":\"2023-02-21T11:00:00+00:00\",\"description\":\"Descubra a import\u00e2ncia do Estatuto da Pessoa com Defici\u00eancia e garanta sua vaga no concurso p\u00fablico do TJ\/SP.\",\"breadcrumb\":{\"@id\":\"https:\/\/www.estrategiaconcursos.com.br\/blog\/estatuto-pessoa-deficiencia-tj-sp\/#breadcrumb\"},\"inLanguage\":\"pt-BR\",\"potentialAction\":[{\"@type\":\"ReadAction\",\"target\":[\"https:\/\/www.estrategiaconcursos.com.br\/blog\/estatuto-pessoa-deficiencia-tj-sp\/\"]}]},{\"@type\":\"ImageObject\",\"inLanguage\":\"pt-BR\",\"@id\":\"https:\/\/www.estrategiaconcursos.com.br\/blog\/estatuto-pessoa-deficiencia-tj-sp\/#primaryimage\",\"url\":\"https:\/\/dhg1h5j42swfq.cloudfront.net\/2023\/02\/06194850\/3715-scaled.jpg\",\"contentUrl\":\"https:\/\/dhg1h5j42swfq.cloudfront.net\/2023\/02\/06194850\/3715-scaled.jpg\",\"width\":2560,\"height\":1004,\"caption\":\"Diverse people set. Disabled men and women community. Flat vector illustrations. Diversity, communication concept for banner, website design or landing web page\"},{\"@type\":\"BreadcrumbList\",\"@id\":\"https:\/\/www.estrategiaconcursos.com.br\/blog\/estatuto-pessoa-deficiencia-tj-sp\/#breadcrumb\",\"itemListElement\":[{\"@type\":\"ListItem\",\"position\":1,\"name\":\"In\u00edcio\",\"item\":\"https:\/\/www.estrategiaconcursos.com.br\/blog\/\"},{\"@type\":\"ListItem\",\"position\":2,\"name\":\"Estatuto da Pessoa com Defici\u00eancia para TJ\/SP\"}]},{\"@type\":\"WebSite\",\"@id\":\"https:\/\/www.estrategiaconcursos.com.br\/blog\/#website\",\"url\":\"https:\/\/www.estrategiaconcursos.com.br\/blog\/\",\"name\":\"Estrat\u00e9gia Concursos\",\"description\":\"O blog da Estrat\u00e9gia Concursos traz not\u00edcias sobre concursos e artigos de professores oferecendo cursos para concursos (pdf + videaulas) no site.\",\"publisher\":{\"@id\":\"https:\/\/www.estrategiaconcursos.com.br\/blog\/#organization\"},\"potentialAction\":[{\"@type\":\"SearchAction\",\"target\":{\"@type\":\"EntryPoint\",\"urlTemplate\":\"https:\/\/www.estrategiaconcursos.com.br\/blog\/?s={search_term_string}\"},\"query-input\":{\"@type\":\"PropertyValueSpecification\",\"valueRequired\":true,\"valueName\":\"search_term_string\"}}],\"inLanguage\":\"pt-BR\"},{\"@type\":\"Organization\",\"@id\":\"https:\/\/www.estrategiaconcursos.com.br\/blog\/#organization\",\"name\":\"Estrat\u00e9gia Concursos\",\"url\":\"https:\/\/www.estrategiaconcursos.com.br\/blog\/\",\"logo\":{\"@type\":\"ImageObject\",\"inLanguage\":\"pt-BR\",\"@id\":\"https:\/\/www.estrategiaconcursos.com.br\/blog\/#\/schema\/logo\/image\/\",\"url\":\"https:\/\/dhg1h5j42swfq.cloudfront.net\/2025\/06\/03203428\/logo_concursos-1.jpg\",\"contentUrl\":\"https:\/\/dhg1h5j42swfq.cloudfront.net\/2025\/06\/03203428\/logo_concursos-1.jpg\",\"width\":230,\"height\":60,\"caption\":\"Estrat\u00e9gia Concursos\"},\"image\":{\"@id\":\"https:\/\/www.estrategiaconcursos.com.br\/blog\/#\/schema\/logo\/image\/\"},\"sameAs\":[\"https:\/\/x.com\/EstratConcursos\"]},{\"@type\":\"Person\",\"@id\":\"https:\/\/www.estrategiaconcursos.com.br\/blog\/#\/schema\/person\/a929d42d707cf35b05df2e2219927433\",\"name\":\"Renata Ara\u00fajo Sodr\u00e9 da Silva\",\"image\":{\"@type\":\"ImageObject\",\"inLanguage\":\"pt-BR\",\"@id\":\"https:\/\/secure.gravatar.com\/avatar\/ca9182e3bf6658feab2bdbe93f36f56f9771baa281700b03ec5836dcf5c88918?s=96&d=mm&r=g\",\"url\":\"https:\/\/secure.gravatar.com\/avatar\/ca9182e3bf6658feab2bdbe93f36f56f9771baa281700b03ec5836dcf5c88918?s=96&d=mm&r=g\",\"contentUrl\":\"https:\/\/secure.gravatar.com\/avatar\/ca9182e3bf6658feab2bdbe93f36f56f9771baa281700b03ec5836dcf5c88918?s=96&d=mm&r=g\",\"caption\":\"Renata Ara\u00fajo Sodr\u00e9 da Silva\"},\"url\":\"https:\/\/www.estrategiaconcursos.com.br\/blog\/author\/renata-araujosodregmail-com\/\"}]}<\/script>\n<!-- \/ Yoast SEO Premium plugin. -->","yoast_head_json":{"title":"Estatuto da Pessoa com Defici\u00eancia para TJ\/SP","description":"Descubra a import\u00e2ncia do Estatuto da Pessoa com Defici\u00eancia e garanta sua vaga no concurso p\u00fablico do TJ\/SP.","robots":{"index":"index","follow":"follow","max-snippet":"max-snippet:-1","max-image-preview":"max-image-preview:large","max-video-preview":"max-video-preview:-1"},"canonical":"https:\/\/www.estrategiaconcursos.com.br\/blog\/estatuto-pessoa-deficiencia-tj-sp\/","og_locale":"pt_BR","og_type":"article","og_title":"Estatuto da Pessoa com Defici\u00eancia para TJ\/SP","og_description":"Descubra a import\u00e2ncia do Estatuto da Pessoa com Defici\u00eancia e garanta sua vaga no concurso p\u00fablico do TJ\/SP.","og_url":"https:\/\/www.estrategiaconcursos.com.br\/blog\/estatuto-pessoa-deficiencia-tj-sp\/","og_site_name":"Estrat\u00e9gia Concursos","article_published_time":"2023-02-21T11:00:00+00:00","og_image":[{"width":2560,"height":1004,"url":"https:\/\/dhg1h5j42swfq.cloudfront.net\/2023\/02\/06194850\/3715-scaled.jpg","type":"image\/jpeg"}],"author":"Renata Ara\u00fajo Sodr\u00e9 da Silva","twitter_card":"summary_large_image","twitter_creator":"@EstratConcursos","twitter_site":"@EstratConcursos","twitter_misc":{"Escrito por":"Renata Ara\u00fajo Sodr\u00e9 da Silva","Est. tempo de leitura":"11 minutos"},"schema":{"@context":"https:\/\/schema.org","@graph":[{"@type":"NewsArticle","@id":"https:\/\/www.estrategiaconcursos.com.br\/blog\/estatuto-pessoa-deficiencia-tj-sp\/#article","isPartOf":{"@id":"https:\/\/www.estrategiaconcursos.com.br\/blog\/estatuto-pessoa-deficiencia-tj-sp\/"},"author":{"name":"Renata Ara\u00fajo Sodr\u00e9 da Silva","@id":"https:\/\/www.estrategiaconcursos.com.br\/blog\/#\/schema\/person\/a929d42d707cf35b05df2e2219927433"},"headline":"Estatuto da Pessoa com Defici\u00eancia para TJ\/SP","datePublished":"2023-02-21T11:00:00+00:00","mainEntityOfPage":{"@id":"https:\/\/www.estrategiaconcursos.com.br\/blog\/estatuto-pessoa-deficiencia-tj-sp\/"},"wordCount":2150,"commentCount":0,"publisher":{"@id":"https:\/\/www.estrategiaconcursos.com.br\/blog\/#organization"},"image":{"@id":"https:\/\/www.estrategiaconcursos.com.br\/blog\/estatuto-pessoa-deficiencia-tj-sp\/#primaryimage"},"thumbnailUrl":"https:\/\/dhg1h5j42swfq.cloudfront.net\/2023\/02\/06194850\/3715-scaled.jpg","keywords":["13.146\/2015","Concurso","concurso TJSP","escrevente t\u00e9cnico judici\u00e1rio","Estatuto das Pessoas com Defici\u00eancia","TJSP","TJSP2023","Tribunais de Justi\u00e7a"],"articleSection":["Concursos P\u00fablicos","Tribunais","Tribunais"],"inLanguage":"pt-BR","potentialAction":[{"@type":"CommentAction","name":"Comment","target":["https:\/\/www.estrategiaconcursos.com.br\/blog\/estatuto-pessoa-deficiencia-tj-sp\/#respond"]}],"copyrightYear":"2023","copyrightHolder":{"@id":"https:\/\/www.estrategiaconcursos.com.br\/blog\/#organization"}},{"@type":"WebPage","@id":"https:\/\/www.estrategiaconcursos.com.br\/blog\/estatuto-pessoa-deficiencia-tj-sp\/","url":"https:\/\/www.estrategiaconcursos.com.br\/blog\/estatuto-pessoa-deficiencia-tj-sp\/","name":"Estatuto da Pessoa com Defici\u00eancia para TJ\/SP","isPartOf":{"@id":"https:\/\/www.estrategiaconcursos.com.br\/blog\/#website"},"primaryImageOfPage":{"@id":"https:\/\/www.estrategiaconcursos.com.br\/blog\/estatuto-pessoa-deficiencia-tj-sp\/#primaryimage"},"image":{"@id":"https:\/\/www.estrategiaconcursos.com.br\/blog\/estatuto-pessoa-deficiencia-tj-sp\/#primaryimage"},"thumbnailUrl":"https:\/\/dhg1h5j42swfq.cloudfront.net\/2023\/02\/06194850\/3715-scaled.jpg","datePublished":"2023-02-21T11:00:00+00:00","description":"Descubra a import\u00e2ncia do Estatuto da Pessoa com Defici\u00eancia e garanta sua vaga no concurso p\u00fablico do TJ\/SP.","breadcrumb":{"@id":"https:\/\/www.estrategiaconcursos.com.br\/blog\/estatuto-pessoa-deficiencia-tj-sp\/#breadcrumb"},"inLanguage":"pt-BR","potentialAction":[{"@type":"ReadAction","target":["https:\/\/www.estrategiaconcursos.com.br\/blog\/estatuto-pessoa-deficiencia-tj-sp\/"]}]},{"@type":"ImageObject","inLanguage":"pt-BR","@id":"https:\/\/www.estrategiaconcursos.com.br\/blog\/estatuto-pessoa-deficiencia-tj-sp\/#primaryimage","url":"https:\/\/dhg1h5j42swfq.cloudfront.net\/2023\/02\/06194850\/3715-scaled.jpg","contentUrl":"https:\/\/dhg1h5j42swfq.cloudfront.net\/2023\/02\/06194850\/3715-scaled.jpg","width":2560,"height":1004,"caption":"Diverse people set. Disabled men and women community. Flat vector illustrations. Diversity, communication concept for banner, website design or landing web page"},{"@type":"BreadcrumbList","@id":"https:\/\/www.estrategiaconcursos.com.br\/blog\/estatuto-pessoa-deficiencia-tj-sp\/#breadcrumb","itemListElement":[{"@type":"ListItem","position":1,"name":"In\u00edcio","item":"https:\/\/www.estrategiaconcursos.com.br\/blog\/"},{"@type":"ListItem","position":2,"name":"Estatuto da Pessoa com Defici\u00eancia para TJ\/SP"}]},{"@type":"WebSite","@id":"https:\/\/www.estrategiaconcursos.com.br\/blog\/#website","url":"https:\/\/www.estrategiaconcursos.com.br\/blog\/","name":"Estrat\u00e9gia Concursos","description":"O blog da Estrat\u00e9gia Concursos traz not\u00edcias sobre concursos e artigos de professores oferecendo cursos para concursos (pdf + videaulas) no site.","publisher":{"@id":"https:\/\/www.estrategiaconcursos.com.br\/blog\/#organization"},"potentialAction":[{"@type":"SearchAction","target":{"@type":"EntryPoint","urlTemplate":"https:\/\/www.estrategiaconcursos.com.br\/blog\/?s={search_term_string}"},"query-input":{"@type":"PropertyValueSpecification","valueRequired":true,"valueName":"search_term_string"}}],"inLanguage":"pt-BR"},{"@type":"Organization","@id":"https:\/\/www.estrategiaconcursos.com.br\/blog\/#organization","name":"Estrat\u00e9gia Concursos","url":"https:\/\/www.estrategiaconcursos.com.br\/blog\/","logo":{"@type":"ImageObject","inLanguage":"pt-BR","@id":"https:\/\/www.estrategiaconcursos.com.br\/blog\/#\/schema\/logo\/image\/","url":"https:\/\/dhg1h5j42swfq.cloudfront.net\/2025\/06\/03203428\/logo_concursos-1.jpg","contentUrl":"https:\/\/dhg1h5j42swfq.cloudfront.net\/2025\/06\/03203428\/logo_concursos-1.jpg","width":230,"height":60,"caption":"Estrat\u00e9gia Concursos"},"image":{"@id":"https:\/\/www.estrategiaconcursos.com.br\/blog\/#\/schema\/logo\/image\/"},"sameAs":["https:\/\/x.com\/EstratConcursos"]},{"@type":"Person","@id":"https:\/\/www.estrategiaconcursos.com.br\/blog\/#\/schema\/person\/a929d42d707cf35b05df2e2219927433","name":"Renata Ara\u00fajo Sodr\u00e9 da Silva","image":{"@type":"ImageObject","inLanguage":"pt-BR","@id":"https:\/\/secure.gravatar.com\/avatar\/ca9182e3bf6658feab2bdbe93f36f56f9771baa281700b03ec5836dcf5c88918?s=96&d=mm&r=g","url":"https:\/\/secure.gravatar.com\/avatar\/ca9182e3bf6658feab2bdbe93f36f56f9771baa281700b03ec5836dcf5c88918?s=96&d=mm&r=g","contentUrl":"https:\/\/secure.gravatar.com\/avatar\/ca9182e3bf6658feab2bdbe93f36f56f9771baa281700b03ec5836dcf5c88918?s=96&d=mm&r=g","caption":"Renata Ara\u00fajo Sodr\u00e9 da Silva"},"url":"https:\/\/www.estrategiaconcursos.com.br\/blog\/author\/renata-araujosodregmail-com\/"}]}},"_links":{"self":[{"href":"https:\/\/www.estrategiaconcursos.com.br\/blog\/wp-json\/wp\/v2\/posts\/1166138","targetHints":{"allow":["GET"]}}],"collection":[{"href":"https:\/\/www.estrategiaconcursos.com.br\/blog\/wp-json\/wp\/v2\/posts"}],"about":[{"href":"https:\/\/www.estrategiaconcursos.com.br\/blog\/wp-json\/wp\/v2\/types\/post"}],"author":[{"embeddable":true,"href":"https:\/\/www.estrategiaconcursos.com.br\/blog\/wp-json\/wp\/v2\/users\/2310"}],"replies":[{"embeddable":true,"href":"https:\/\/www.estrategiaconcursos.com.br\/blog\/wp-json\/wp\/v2\/comments?post=1166138"}],"version-history":[{"count":11,"href":"https:\/\/www.estrategiaconcursos.com.br\/blog\/wp-json\/wp\/v2\/posts\/1166138\/revisions"}],"predecessor-version":[{"id":1166204,"href":"https:\/\/www.estrategiaconcursos.com.br\/blog\/wp-json\/wp\/v2\/posts\/1166138\/revisions\/1166204"}],"wp:featuredmedia":[{"embeddable":true,"href":"https:\/\/www.estrategiaconcursos.com.br\/blog\/wp-json\/wp\/v2\/media\/1166139"}],"wp:attachment":[{"href":"https:\/\/www.estrategiaconcursos.com.br\/blog\/wp-json\/wp\/v2\/media?parent=1166138"}],"wp:term":[{"taxonomy":"category","embeddable":true,"href":"https:\/\/www.estrategiaconcursos.com.br\/blog\/wp-json\/wp\/v2\/categories?post=1166138"},{"taxonomy":"post_tag","embeddable":true,"href":"https:\/\/www.estrategiaconcursos.com.br\/blog\/wp-json\/wp\/v2\/tags?post=1166138"},{"taxonomy":"tax_estado","embeddable":true,"href":"https:\/\/www.estrategiaconcursos.com.br\/blog\/wp-json\/wp\/v2\/tax_estado?post=1166138"}],"curies":[{"name":"wp","href":"https:\/\/api.w.org\/{rel}","templated":true}]}}