{"id":1165214,"date":"2023-02-25T08:00:00","date_gmt":"2023-02-25T11:00:00","guid":{"rendered":"https:\/\/www.estrategiaconcursos.com.br\/blog\/?p=1165214"},"modified":"2023-02-15T15:18:02","modified_gmt":"2023-02-15T18:18:02","slug":"ajuste-sinief-nf-e","status":"publish","type":"post","link":"https:\/\/www.estrategiaconcursos.com.br\/blog\/ajuste-sinief-nf-e\/","title":{"rendered":"Resumo Ajuste SINIEF 07\/05 -NF-e"},"content":{"rendered":"\n<p class=\"has-text-align-center\"><em>Resumo acerca dos principais aspectos do Ajuste SINIEF 07\/05 que institui a Nota Fiscal Eletr\u00f4nica (NF-e) e o Documento Auxiliar de Nota Fiscal Eletr\u00f4nica (DANFE)<\/em>.<\/p>\n\n\n\n<figure class=\"wp-block-image aligncenter size-full is-resized\"><img loading=\"lazy\" decoding=\"async\" src=\"https:\/\/dhg1h5j42swfq.cloudfront.net\/2023\/02\/05105136\/nfe.png\" alt=\"ajuste SINIEF nf-e\" class=\"wp-image-1165215\" width=\"604\" height=\"291\" srcset=\"https:\/\/dhg1h5j42swfq.cloudfront.net\/2023\/02\/05105136\/nfe.png 938w, https:\/\/dhg1h5j42swfq.cloudfront.net\/2023\/02\/05105136\/nfe-300x145.png 300w, https:\/\/dhg1h5j42swfq.cloudfront.net\/2023\/02\/05105136\/nfe-768x371.png 768w, https:\/\/dhg1h5j42swfq.cloudfront.net\/2023\/02\/05105136\/nfe-610x295.png 610w, https:\/\/dhg1h5j42swfq.cloudfront.net\/2023\/02\/05105136\/nfe-150x72.png 150w\" sizes=\"auto, (max-width: 604px) 100vw, 604px\" \/><figcaption class=\"wp-element-caption\">NF-e<\/figcaption><\/figure>\n\n\n\n<p>Fala, pessoal!<\/p>\n\n\n\n<p>Tudo bem com voc\u00eas?<\/p>\n\n\n\n<p>Neste artigo vamos abordar os principais aspectos <strong>do Ajuste SINIEF 07\/05 que institui a Nota Fiscal Eletr\u00f4nica (NF-e)<\/strong> e o Documento Auxiliar de Nota Fiscal Eletr\u00f4nica (DANFE). Entretanto, vamos dividir o assunto, hoje falaremos de NF-e e em um pr\u00f3ximo artigo abordaremos o DANFE.<\/p>\n\n\n\n<p>Este \u00e9 um tema que vem sendo cada vez mais cobrado nos concursos da \u00e1rea fiscal e, portanto, n\u00e3o pode ficar de fora da sua prepara\u00e7\u00e3o.<\/p>\n\n\n\n<p>Ademais, a NF-e normalmente \u00e9 exigida dentro da disciplina de Auditoria ou de Tecnologia da Informa\u00e7\u00e3o.<\/p>\n\n\n\n<p>Vamos nessa?<\/p>\n\n\n\n<h2 class=\"wp-block-heading\" id=\"h-conceituacao-nf-e-pelo-ajuste-sinief-07-05\">Conceitua\u00e7\u00e3o NF-e pelo Ajuste SINIEF 07\/05<\/h2>\n\n\n\n<p>Ao entrar em contato com o Ajuste SINIEF 07\/05, \u00e9 importante que voc\u00eas tenham em mente as principais perguntas e respostas a serem feitas sobre o tema. Com isso, vamos passar pelos principais pontos respondendo as poss\u00edveis perguntas que podem ser feitas.<\/p>\n\n\n\n<p>Em primeiro lugar, vejamos como a norma apresenta a conceitua\u00e7\u00e3o da nota fiscal eletr\u00f4nica:<\/p>\n\n\n\n<p>Cl\u00e1usula primeira, \u00a7 1\u00ba: <strong>Considera-se Nota Fiscal Eletr\u00f4nica &#8211; NF-e &#8211; o documento emitido e armazenado eletronicamente, de exist\u00eancia apenas digital, com o intuito de documentar opera\u00e7\u00f5es e presta\u00e7\u00f5es, cuja validade jur\u00eddica \u00e9 garantida por uma assinatura eletr\u00f4nica qualificada e pela autoriza\u00e7\u00e3o de uso por parte da administra\u00e7\u00e3o tribut\u00e1ria da unidade federada do contribuinte, antes da ocorr\u00eancia do fato gerador.<\/strong><\/p>\n\n\n\n<p>Atente-se aos seguintes pontos chaves nesta defini\u00e7\u00e3o:<\/p>\n\n\n\n<p>&#8211; Exist\u00eancia apenas digital;<\/p>\n\n\n\n<p>&#8211; Validade jur\u00eddica \u00e9 garantida pela assinatura eletr\u00f4nica <strong>e<\/strong> pela autoriza\u00e7\u00e3o de uso;<\/p>\n\n\n\n<p>&#8211; Valida\u00e7\u00e3o \u00e9 feita antes da ocorr\u00eancia do fato gerador.<\/p>\n\n\n\n<p>O Ajuste em quest\u00e3o institui a Nota Fiscal Eletr\u00f4nica e atribui a ele o modelo 55. Portanto, este modelo veio para substituir os existentes at\u00e9 ent\u00e3o, quais sejam modelo 1 ou 1-A e modelo 4. Em suma, <strong>a NF-e, modelo 55, substitui:<\/strong><\/p>\n\n\n\n<p><strong>&#8211; a <\/strong><strong>Nota Fiscal, modelo 1 ou 1-A;<\/strong><\/p>\n\n\n\n<p><strong>&#8211; a Nota Fiscal de Produtor, modelo 4.<\/strong><\/p>\n\n\n\n<p>Ainda, os <strong>contribuintes<\/strong> que poder\u00e3o utilizar a NF-e s\u00e3o os contribuintes de Imposto sobre Produtos Industrializados &#8211; <strong>IPI<\/strong> ou Imposto sobre Opera\u00e7\u00f5es Relativas \u00e0 Circula\u00e7\u00e3o de Mercadorias e sobre a Presta\u00e7\u00e3o de Servi\u00e7os de Transporte Interestadual e Intermunicipal e de Comunica\u00e7\u00e3o \u2013 <strong>ICMS.<\/strong><\/p>\n\n\n\n<p>As unidades federadas ao estabelecer a obrigatoriedade da utiliza\u00e7\u00e3o da nota fiscal eletr\u00f4nica podem utilizar crit\u00e9rios referentes \u00e0:<\/p>\n\n\n\n<p>&#8211; Receita de vendas ou de servi\u00e7os;<\/p>\n\n\n\n<p>&#8211; Atividade econ\u00f4mica exercida;<\/p>\n\n\n\n<p>&#8211; Natureza da opera\u00e7\u00e3o exercida.<\/p>\n\n\n\n<p>Portanto, as unidades federadas podem estabelecer, por exemplo, que somente os contribuintes com receita de vendas a partir de um valor X s\u00e3o obrigados \u00e0 utiliza\u00e7\u00e3o da NF-e.<\/p>\n\n\n\n<p>Ademais, para que o contribuinte emita a NF-e ele deve estar credenciado previamente na unidade federada em que tiver inscrito o seu cadastro de contribuinte do ICMS. Este credenciamento pode ser a pedido ou de of\u00edcio, pela pr\u00f3pria Administra\u00e7\u00e3o Tribut\u00e1ria.<\/p>\n\n\n\n<p>Uma vez que o contribuinte est\u00e1 cadastrado para a emiss\u00e3o da nota fiscal eletr\u00f4nica, fica vedada a emiss\u00e3o dos modelos 1 ou 1-A ou da Nota Fiscal do Produtor, modelos 4, a n\u00e3o ser que a pr\u00f3pria legisla\u00e7\u00e3o estadual permita.<\/p>\n\n\n\n<h2 class=\"wp-block-heading\">Especifica\u00e7\u00f5es t\u00e9cnicas do Ajuste SINIEF 07\/05 NF-e<\/h2>\n\n\n\n<p>Vejamos agora os pontos trazidos pelo Ajuste SINIEF 07\/05 acerca dos crit\u00e9rios t\u00e9cnicos da NF-e.<\/p>\n\n\n\n<p>As especifica\u00e7\u00f5es e crit\u00e9rios t\u00e9cnicos da NF-e s\u00e3o disciplinados por meio do <a href=\"http:\/\/sped.rfb.gov.br\/arquivo\/show\/5489\" target=\"_blank\" rel=\"noreferrer noopener\">Manual de Orienta\u00e7\u00e3o do Contribuinte \u2013 MOC<\/a>, isso permite a integra\u00e7\u00e3o entre os sistemas das fazendas estaduais e das empresas emissoras da NF-e.<\/p>\n\n\n\n<p>Dessa forma, a NF-e deve seguir o leiaute previsto pelo MOC e utiliza um <strong>software desenvolvido ou adquirido pelo contribuinte.<\/strong><\/p>\n\n\n\n<p>A nota fiscal deve seguir algumas formalidades que s\u00e3o importantes ter em mente, dentre elas, as mais importantes s\u00e3o:<\/p>\n\n\n\n<p>I &#8211; o arquivo digital da NF-e dever\u00e1 ser elaborado no <strong>padr\u00e3o XML<\/strong> (Extended Markup Language); II &#8211; a numera\u00e7\u00e3o da NF-e ser\u00e1 sequencial <strong>de 1 a 999.999.999<\/strong>, por estabelecimento e por s\u00e9rie, e \u00e9 reiniciada quando atingido o limite;<\/p>\n\n\n\n<p>III &#8211; a NF-e dever\u00e1 conter um <strong>\u201cc\u00f3digo num\u00e9rico\u201d,<\/strong> gerado pelo emitente, <strong>que compor\u00e1 a \u201cchave de acesso\u201d de identifica\u00e7\u00e3o da NF-e<\/strong>, juntamente com o CNPJ ou CPF do emitente, n\u00famero e s\u00e9rie da NF-e.<\/p>\n\n\n\n<p>IV &#8211; a NF-e dever\u00e1 <strong>ser assinada pelo emitente, com assinatura digital, certificada por entidade<\/strong><\/p>\n\n\n\n<p><strong>credenciada pela Infraestrutura de Chaves P\u00fablicas Brasileira &#8211; ICP-Brasil<\/strong>, contendo o n\u00ba do CPF ou CNPJ de qualquer dos estabelecimentos do contribuinte, com o intuito de <strong>garantir a autoria do documento digital;<\/strong><\/p>\n\n\n\n<p>V &#8211; a <strong>identifica\u00e7\u00e3o das mercadorias <\/strong>comercializadas com a utiliza\u00e7\u00e3o da NF-e dever\u00e1 conter o seu correspondente <strong>c\u00f3digo estabelecido na Nomenclatura Comum do Mercosul &#8211; NCM;<\/strong><\/p>\n\n\n\n<p>VI &#8211; a NF-e dever\u00e1 conter um <strong>C\u00f3digo Especificador da Substitui\u00e7\u00e3o Tribut\u00e1ria<\/strong>, num\u00e9rico e de sete d\u00edgitos, <strong>de preenchimento obrigat\u00f3rio<\/strong> no documento fiscal que acobertar opera\u00e7\u00e3o com as mercadorias listadas em conv\u00eanio espec\u00edfico<strong>, independentemente de a opera\u00e7\u00e3o estar sujeita aos regimes de substitui\u00e7\u00e3o tribut\u00e1ria pelas opera\u00e7\u00f5es subsequentes ou de antecipa\u00e7\u00e3o<\/strong> do recolhimento do ICMS com encerramento de tributa\u00e7\u00e3o.<\/p>\n\n\n\n<p>VII &#8211; os GTIN (Numera\u00e7\u00e3o Global de Item Comercial) informados na NF-e ser\u00e3o validados a partir das informa\u00e7\u00f5es contidas no Cadastro Centralizado de GTIN, que est\u00e1 baseado na Sefaz Virtual do Rio Grande do Sul (SVRS), \u00e9 acess\u00edvel por meio de consulta posta \u00e0 disposi\u00e7\u00e3o dos contribuintes.<\/p>\n\n\n\n<p>VIII- a NF-e, modelo 55, dever\u00e1 <strong>conter a identifica\u00e7\u00e3o do n\u00famero do CNPJ do intermediador ou<\/strong><\/p>\n\n\n\n<p><strong>agenciador <\/strong>da transa\u00e7\u00e3o comercial realizada em ambiente virtual ou presencial.<\/p>\n\n\n\n<p>Pessoal, infelizmente, alguns desses itens j\u00e1 foram cobrados em prova, da\u00ed a import\u00e2ncia de n\u00e3o deixar estes requisitos t\u00e9cnicos de fora do seu estudo.<\/p>\n\n\n\n<p>O documento fiscal somente poder\u00e1 ser utilizado dessa forma ap\u00f3s a transmiss\u00e3o eletr\u00f4nica \u00e0 administra\u00e7\u00e3o tribut\u00e1ria e ter o seu uso autorizado por meio da Autoriza\u00e7\u00e3o de Uso da NF-e. Entretanto, ainda quando a emiss\u00e3o ocorra de forma regular em seus aspectos formais, caso haja dolo, fraude, simula\u00e7\u00e3o ou erro, a NF-e n\u00e3o ser\u00e1 considerada documento fiscal id\u00f4neo.<\/p>\n\n\n\n<p>Outro aspecto importante \u00e9 que a autoriza\u00e7\u00e3o de uso feita inicialmente pela fazenda p\u00fablica, n\u00e3o implica a convalida\u00e7\u00e3o das informa\u00e7\u00f5es contidas no documento fiscal. Ou seja, ao conceder a autoriza\u00e7\u00e3o de uso, o fisco n\u00e3o est\u00e1 concordando com o conte\u00fado de todas as informa\u00e7\u00f5es contidas no documento, mas sim avaliando os aspectos formais necess\u00e1rios para a sua emiss\u00e3o.<\/p>\n\n\n\n<p>Os <strong>aspectos que s\u00e3o avaliados para a concess\u00e3o da autoriza\u00e7\u00e3o de uso s\u00e3o os seguintes:<\/strong><\/p>\n\n\n\n<p><strong>&#8211; a regularidade fiscal do emitente;<\/strong><\/p>\n\n\n\n<p><strong>&#8211; o credenciamento do emitente, para emiss\u00e3o de NF-e;<\/strong><\/p>\n\n\n\n<p><strong>&#8211; a autoria da assinatura do arquivo digital da NF-e;<\/strong><\/p>\n\n\n\n<p><strong>&#8211; a integridade do arquivo digital da NF-e;<\/strong><\/p>\n\n\n\n<p><strong>&#8211; a observ\u00e2ncia ao leiaute do arquivo estabelecido no MOC;<\/strong><\/p>\n\n\n\n<p><strong>&#8211; a numera\u00e7\u00e3o do documento.<\/strong><\/p>\n\n\n\n<p>Feita a an\u00e1lise desses aspectos, a administra\u00e7\u00e3o tribut\u00e1ria pode chegar a tr\u00eas situa\u00e7\u00f5es poss\u00edveis: rejei\u00e7\u00e3o, denega\u00e7\u00e3o de autoriza\u00e7\u00e3o de uso ou concess\u00e3o.<\/p>\n\n\n\n<p>No caso de rejei\u00e7\u00e3o do arquivo da NF-e, este n\u00e3o ser\u00e1 sequer arquivado na administra\u00e7\u00e3o tribut\u00e1ria. Agora, fiquem ligados nas situa\u00e7\u00f5es que levam a <strong>rejei\u00e7\u00e3o da NF-e:<\/strong><\/p>\n\n\n\n<p>&#8211; falha na <strong>recep\u00e7\u00e3o ou no processamento<\/strong> do arquivo;<\/p>\n\n\n\n<p>&#8211; falha no <strong>reconhecimento da autoria ou da integridade<\/strong> do arquivo digital;<\/p>\n\n\n\n<p>&#8211; remetente <strong>n\u00e3o credenciado<\/strong> para emiss\u00e3o da NF-e;<\/p>\n\n\n\n<p>&#8211; <strong>duplicidade <\/strong>de n\u00famero da NF-e;<\/p>\n\n\n\n<p>&#8211; <strong>falha na leitura<\/strong> do n\u00famero da NF-e;<\/p>\n\n\n\n<p>&#8211; <strong>outras falhas<\/strong> no preenchimento ou no leiaute do arquivo da NF-e;<\/p>\n\n\n\n<p>Por outro lado, nos casos de denega\u00e7\u00e3o de uso, o arquivo digital ficar\u00e1 dispon\u00edvel para a consulta, por\u00e9m, com a informa\u00e7\u00e3o da denega\u00e7\u00e3o.<\/p>\n\n\n\n<p>O arquivo digital da NF-e \u00e9 denegado quando:<\/p>\n\n\n\n<p>&#8211; existe irregularidade fiscal <strong>do emitente;<\/strong><\/p>\n\n\n\n<p>&#8211; existe irregularidade fiscal <strong>do destinat\u00e1rio,<\/strong> a crit\u00e9rio de cada unidade federada.<\/p>\n\n\n\n<p>Percebam que na denega\u00e7\u00e3o, a irregularidade est\u00e1 logo no emitente ou destinat\u00e1rio, portanto, os aspectos do documento nem s\u00e3o avaliados de in\u00edcio.<\/p>\n\n\n\n<p>Para facilitar a memoriza\u00e7\u00e3o, lembrem-se que na rejei\u00e7\u00e3o as irregularidades est\u00e3o no documento em si, j\u00e1 na denega\u00e7\u00e3o, existe alguma irregularidade do emitente ou destinat\u00e1rio.<\/p>\n\n\n\n<p>Ap\u00f3s a concess\u00e3o da autoriza\u00e7\u00e3o de uso, o documento fiscal n\u00e3o pode ser mais alterado.<\/p>\n\n\n\n<p>Ademais, ap\u00f3s a concess\u00e3o da autoriza\u00e7\u00e3o de uso, o documento deve ser encaminhado, pelo emitente, ou disponibilizado o download da NF-e ao destinat\u00e1rio da mercadoria e, antes do in\u00edcio da presta\u00e7\u00e3o, ao transportador contratado.<\/p>\n\n\n\n<p>A administra\u00e7\u00e3o tribut\u00e1ria ainda deve enviar a NF-e ap\u00f3s a autoriza\u00e7\u00e3o de uso para a <strong>Receita Federal do Brasil, Unidade Federada de destino, de embarque, de desembara\u00e7o ou \u00e0 SUFRAMA<\/strong>, de acordo com o caso, e para a <strong>administra\u00e7\u00e3o tribut\u00e1ria municipal<\/strong>, caso haja opera\u00e7\u00e3o com ISS. Al\u00e9m disso, podem existir protocolos ou conv\u00eanios que exijam o compartilhamento do documento fiscal com <strong>outros \u00f3rg\u00e3os ou entidades.<\/strong><\/p>\n\n\n\n<p>Com isso, o <strong>fluxo existente para a emiss\u00e3o da NF-e previsto pelo Ajuste SINIEF 07\/05 segue a seguinte ordem:<\/strong><\/p>\n\n\n\n<p>1)&nbsp; Gera\u00e7\u00e3o do arquivo digital;<\/p>\n\n\n\n<p>2)&nbsp; Transmiss\u00e3o \u00e0 Administra\u00e7\u00e3o Tribut\u00e1ria;<\/p>\n\n\n\n<p>3)&nbsp; Autoriza\u00e7\u00e3o de uso;<\/p>\n\n\n\n<p>4)&nbsp; Documento fiscal.<\/p>\n\n\n\n<p>Neste ponto, tomem cuidado para n\u00e3o confundirem com o fluxo para envio da Escritura\u00e7\u00e3o Fiscal Digital \u2013 EFD que \u00e9 um pouco diferente.<\/p>\n\n\n\n<h2 class=\"wp-block-heading\">Finalizando Ajuste SINIEF 07\/05 NF-e<\/h2>\n\n\n\n<p>Pessoal, estes s\u00e3o os principais pontos do Ajuste SINIEF 07\/05 que institui a Nota Fiscal Eletr\u00f4nica (NF-e). Esperamos que tenham gostado.<\/p>\n\n\n\n<p>A norma que aborda o tema possui poucas p\u00e1ginas, portanto, n\u00e3o deixem de fazer a leitura completa do Ajuste de forma a fixar o conte\u00fado.<\/p>\n\n\n\n<p>Ademais, o Estrat\u00e9gia Concursos possui curso completo que aborda o tema de maneira mais ampla, n\u00e3o deixem de conferir.<\/p>\n\n\n\n<p>Bons estudos.<\/p>\n\n\n\n<p>At\u00e9 a pr\u00f3xima.<\/p>\n\n\n\n<h2 class=\"has-text-align-center wp-block-heading\" id=\"h-cursos-e-assinaturas\">Cursos e Assinaturas <\/h2>\n\n\n\n<p>Prepare-se com o melhor material e com quem mais aprova em Concursos P\u00fablicos em todo o pa\u00eds!<\/p>\n\n\n\n<p class=\"has-text-align-center has-white-color has-vivid-purple-background-color has-text-color has-background\"><a href=\"https:\/\/www.estrategiaconcursos.com.br\/blog\/concursos-abertos\/\" target=\"_blank\" rel=\"noreferrer noopener\"><strong>Concursos abertos<\/strong><\/a><\/p>\n\n\n\n<p class=\"has-text-align-center has-white-color has-vivid-purple-background-color has-text-color has-background\"><a href=\"https:\/\/www.estrategiaconcursos.com.br\/blog\/concursos-abertos\/\" target=\"_blank\" rel=\"noreferrer noopener\"><strong>Concursos <\/strong>2023<\/a><\/p>\n","protected":false},"excerpt":{"rendered":"<p>Resumo acerca dos principais aspectos do Ajuste SINIEF 07\/05 que institui a Nota Fiscal Eletr\u00f4nica (NF-e) e o Documento Auxiliar de Nota Fiscal Eletr\u00f4nica (DANFE).<\/p>\n","protected":false},"author":2459,"featured_media":1165215,"comment_status":"open","ping_status":"closed","sticky":false,"template":"","format":"standard","meta":{"post_tipo":"article","footnotes":""},"categories":[1,1983,220182,220183],"tags":[40],"tax_estado":[219964,219965,219966,219967,219968,219969,219963,219970,219971,219972,219973,219974,219975,219976,219977,219978,219979,219980,219981,219982,219983,219984,219985,219986,219987,219988,219989,219990],"class_list":["post-1165214","post","type-post","status-publish","format-standard","has-post-thumbnail","hentry","category-cursos-e-concursos","category-fiscal-estadual","category-fiscal-federal","category-fiscal-municipal","tag-concurso","tax_estado-ac","tax_estado-al","tax_estado-am","tax_estado-ap","tax_estado-ba","tax_estado-ce","tax_estado-concursos-federais","tax_estado-df","tax_estado-es","tax_estado-go","tax_estado-ma","tax_estado-mg","tax_estado-ms","tax_estado-mt","tax_estado-pa","tax_estado-pb","tax_estado-pe","tax_estado-pi","tax_estado-pr","tax_estado-rj","tax_estado-rn","tax_estado-ro","tax_estado-rr","tax_estado-rs","tax_estado-sc","tax_estado-se","tax_estado-sp","tax_estado-to"],"acf":[],"yoast_head":"<!-- This site is optimized with the Yoast SEO Premium plugin v27.2 (Yoast SEO v27.2) - https:\/\/yoast.com\/product\/yoast-seo-premium-wordpress\/ -->\n<title>Resumo Ajuste SINIEF 07\/05 -NF-e<\/title>\n<meta name=\"description\" content=\"Resumo acerca dos principais aspectos do Ajuste SINIEF 07\/05 que institui a Nota Fiscal Eletr\u00f4nica (NF-e) e o DANFE.\" \/>\n<meta name=\"robots\" content=\"index, follow, max-snippet:-1, max-image-preview:large, max-video-preview:-1\" \/>\n<link rel=\"canonical\" href=\"https:\/\/www.estrategiaconcursos.com.br\/blog\/ajuste-sinief-nf-e\/\" \/>\n<meta property=\"og:locale\" content=\"pt_BR\" \/>\n<meta property=\"og:type\" content=\"article\" \/>\n<meta property=\"og:title\" content=\"Resumo Ajuste SINIEF 07\/05 -NF-e\" \/>\n<meta property=\"og:description\" content=\"Resumo acerca dos principais aspectos do Ajuste SINIEF 07\/05 que institui a Nota Fiscal Eletr\u00f4nica (NF-e) e o DANFE.\" \/>\n<meta property=\"og:url\" content=\"https:\/\/www.estrategiaconcursos.com.br\/blog\/ajuste-sinief-nf-e\/\" \/>\n<meta property=\"og:site_name\" content=\"Estrat\u00e9gia Concursos\" \/>\n<meta property=\"article:published_time\" content=\"2023-02-25T11:00:00+00:00\" \/>\n<meta property=\"og:image\" content=\"https:\/\/dhg1h5j42swfq.cloudfront.net\/2023\/02\/05105136\/nfe.png\" \/>\n\t<meta property=\"og:image:width\" content=\"938\" \/>\n\t<meta property=\"og:image:height\" content=\"453\" \/>\n\t<meta property=\"og:image:type\" content=\"image\/png\" \/>\n<meta name=\"author\" content=\"J\u00e9ssica Luciano Barcelos\" \/>\n<meta name=\"twitter:card\" content=\"summary_large_image\" \/>\n<meta name=\"twitter:creator\" content=\"@EstratConcursos\" \/>\n<meta name=\"twitter:site\" content=\"@EstratConcursos\" \/>\n<meta name=\"twitter:label1\" content=\"Escrito por\" \/>\n\t<meta name=\"twitter:data1\" content=\"J\u00e9ssica Luciano Barcelos\" \/>\n\t<meta name=\"twitter:label2\" content=\"Est. tempo de leitura\" \/>\n\t<meta name=\"twitter:data2\" content=\"9 minutos\" \/>\n<script type=\"application\/ld+json\" class=\"yoast-schema-graph\">{\"@context\":\"https:\/\/schema.org\",\"@graph\":[{\"@type\":\"NewsArticle\",\"@id\":\"https:\/\/www.estrategiaconcursos.com.br\/blog\/ajuste-sinief-nf-e\/#article\",\"isPartOf\":{\"@id\":\"https:\/\/www.estrategiaconcursos.com.br\/blog\/ajuste-sinief-nf-e\/\"},\"author\":{\"name\":\"J\u00e9ssica Luciano Barcelos\",\"@id\":\"https:\/\/www.estrategiaconcursos.com.br\/blog\/#\/schema\/person\/8207b340097a76d57b0d52dd527d7e53\"},\"headline\":\"Resumo Ajuste SINIEF 07\/05 -NF-e\",\"datePublished\":\"2023-02-25T11:00:00+00:00\",\"mainEntityOfPage\":{\"@id\":\"https:\/\/www.estrategiaconcursos.com.br\/blog\/ajuste-sinief-nf-e\/\"},\"wordCount\":1743,\"commentCount\":0,\"publisher\":{\"@id\":\"https:\/\/www.estrategiaconcursos.com.br\/blog\/#organization\"},\"image\":{\"@id\":\"https:\/\/www.estrategiaconcursos.com.br\/blog\/ajuste-sinief-nf-e\/#primaryimage\"},\"thumbnailUrl\":\"https:\/\/dhg1h5j42swfq.cloudfront.net\/2023\/02\/05105136\/nfe.png\",\"keywords\":[\"Concurso\"],\"articleSection\":[\"Concursos P\u00fablicos\",\"Fiscal - Estadual (ICMS)\",\"Fiscal - Federal (RFB e AFT)\",\"Fiscal - Municipal (ISS)\"],\"inLanguage\":\"pt-BR\",\"potentialAction\":[{\"@type\":\"CommentAction\",\"name\":\"Comment\",\"target\":[\"https:\/\/www.estrategiaconcursos.com.br\/blog\/ajuste-sinief-nf-e\/#respond\"]}],\"copyrightYear\":\"2023\",\"copyrightHolder\":{\"@id\":\"https:\/\/www.estrategiaconcursos.com.br\/blog\/#organization\"}},{\"@type\":\"WebPage\",\"@id\":\"https:\/\/www.estrategiaconcursos.com.br\/blog\/ajuste-sinief-nf-e\/\",\"url\":\"https:\/\/www.estrategiaconcursos.com.br\/blog\/ajuste-sinief-nf-e\/\",\"name\":\"Resumo Ajuste SINIEF 07\/05 -NF-e\",\"isPartOf\":{\"@id\":\"https:\/\/www.estrategiaconcursos.com.br\/blog\/#website\"},\"primaryImageOfPage\":{\"@id\":\"https:\/\/www.estrategiaconcursos.com.br\/blog\/ajuste-sinief-nf-e\/#primaryimage\"},\"image\":{\"@id\":\"https:\/\/www.estrategiaconcursos.com.br\/blog\/ajuste-sinief-nf-e\/#primaryimage\"},\"thumbnailUrl\":\"https:\/\/dhg1h5j42swfq.cloudfront.net\/2023\/02\/05105136\/nfe.png\",\"datePublished\":\"2023-02-25T11:00:00+00:00\",\"description\":\"Resumo acerca dos principais aspectos do Ajuste SINIEF 07\/05 que institui a Nota Fiscal Eletr\u00f4nica (NF-e) e o DANFE.\",\"breadcrumb\":{\"@id\":\"https:\/\/www.estrategiaconcursos.com.br\/blog\/ajuste-sinief-nf-e\/#breadcrumb\"},\"inLanguage\":\"pt-BR\",\"potentialAction\":[{\"@type\":\"ReadAction\",\"target\":[\"https:\/\/www.estrategiaconcursos.com.br\/blog\/ajuste-sinief-nf-e\/\"]}]},{\"@type\":\"ImageObject\",\"inLanguage\":\"pt-BR\",\"@id\":\"https:\/\/www.estrategiaconcursos.com.br\/blog\/ajuste-sinief-nf-e\/#primaryimage\",\"url\":\"https:\/\/dhg1h5j42swfq.cloudfront.net\/2023\/02\/05105136\/nfe.png\",\"contentUrl\":\"https:\/\/dhg1h5j42swfq.cloudfront.net\/2023\/02\/05105136\/nfe.png\",\"width\":938,\"height\":453},{\"@type\":\"BreadcrumbList\",\"@id\":\"https:\/\/www.estrategiaconcursos.com.br\/blog\/ajuste-sinief-nf-e\/#breadcrumb\",\"itemListElement\":[{\"@type\":\"ListItem\",\"position\":1,\"name\":\"In\u00edcio\",\"item\":\"https:\/\/www.estrategiaconcursos.com.br\/blog\/\"},{\"@type\":\"ListItem\",\"position\":2,\"name\":\"Resumo Ajuste SINIEF 07\/05 -NF-e\"}]},{\"@type\":\"WebSite\",\"@id\":\"https:\/\/www.estrategiaconcursos.com.br\/blog\/#website\",\"url\":\"https:\/\/www.estrategiaconcursos.com.br\/blog\/\",\"name\":\"Estrat\u00e9gia Concursos\",\"description\":\"O blog da Estrat\u00e9gia Concursos traz not\u00edcias sobre concursos e artigos de professores oferecendo cursos para concursos (pdf + videaulas) no site.\",\"publisher\":{\"@id\":\"https:\/\/www.estrategiaconcursos.com.br\/blog\/#organization\"},\"potentialAction\":[{\"@type\":\"SearchAction\",\"target\":{\"@type\":\"EntryPoint\",\"urlTemplate\":\"https:\/\/www.estrategiaconcursos.com.br\/blog\/?s={search_term_string}\"},\"query-input\":{\"@type\":\"PropertyValueSpecification\",\"valueRequired\":true,\"valueName\":\"search_term_string\"}}],\"inLanguage\":\"pt-BR\"},{\"@type\":\"Organization\",\"@id\":\"https:\/\/www.estrategiaconcursos.com.br\/blog\/#organization\",\"name\":\"Estrat\u00e9gia Concursos\",\"url\":\"https:\/\/www.estrategiaconcursos.com.br\/blog\/\",\"logo\":{\"@type\":\"ImageObject\",\"inLanguage\":\"pt-BR\",\"@id\":\"https:\/\/www.estrategiaconcursos.com.br\/blog\/#\/schema\/logo\/image\/\",\"url\":\"https:\/\/dhg1h5j42swfq.cloudfront.net\/2025\/06\/03203428\/logo_concursos-1.jpg\",\"contentUrl\":\"https:\/\/dhg1h5j42swfq.cloudfront.net\/2025\/06\/03203428\/logo_concursos-1.jpg\",\"width\":230,\"height\":60,\"caption\":\"Estrat\u00e9gia Concursos\"},\"image\":{\"@id\":\"https:\/\/www.estrategiaconcursos.com.br\/blog\/#\/schema\/logo\/image\/\"},\"sameAs\":[\"https:\/\/x.com\/EstratConcursos\"]},{\"@type\":\"Person\",\"@id\":\"https:\/\/www.estrategiaconcursos.com.br\/blog\/#\/schema\/person\/8207b340097a76d57b0d52dd527d7e53\",\"name\":\"J\u00e9ssica Luciano Barcelos\",\"image\":{\"@type\":\"ImageObject\",\"inLanguage\":\"pt-BR\",\"@id\":\"https:\/\/secure.gravatar.com\/avatar\/feaa24cba2d6d73f21c019e05c8bff471043b1db62437f2c2e5112e2f3773495?s=96&d=mm&r=g\",\"url\":\"https:\/\/secure.gravatar.com\/avatar\/feaa24cba2d6d73f21c019e05c8bff471043b1db62437f2c2e5112e2f3773495?s=96&d=mm&r=g\",\"contentUrl\":\"https:\/\/secure.gravatar.com\/avatar\/feaa24cba2d6d73f21c019e05c8bff471043b1db62437f2c2e5112e2f3773495?s=96&d=mm&r=g\",\"caption\":\"J\u00e9ssica Luciano Barcelos\"},\"description\":\"Formada em Engenharia Civil pela Universidade Federal dos Vales do Jequitinhonha e Mucuri (UFVJM). Aprovada para Auditora Fiscal da SEFAZ AM em 2022.\",\"sameAs\":[\"https:\/\/www.instagram.com\/jessicalbarcelos\/\",\"https:\/\/www.linkedin.com\/in\/jssica-barcelos-580594143\/\"],\"worksFor\":\"J\u00c9SSICA LUCIANO BARCELOS\",\"url\":\"https:\/\/www.estrategiaconcursos.com.br\/blog\/author\/jessicalbarcelosgmail-com\/\"}]}<\/script>\n<!-- \/ Yoast SEO Premium plugin. -->","yoast_head_json":{"title":"Resumo Ajuste SINIEF 07\/05 -NF-e","description":"Resumo acerca dos principais aspectos do Ajuste SINIEF 07\/05 que institui a Nota Fiscal Eletr\u00f4nica (NF-e) e o DANFE.","robots":{"index":"index","follow":"follow","max-snippet":"max-snippet:-1","max-image-preview":"max-image-preview:large","max-video-preview":"max-video-preview:-1"},"canonical":"https:\/\/www.estrategiaconcursos.com.br\/blog\/ajuste-sinief-nf-e\/","og_locale":"pt_BR","og_type":"article","og_title":"Resumo Ajuste SINIEF 07\/05 -NF-e","og_description":"Resumo acerca dos principais aspectos do Ajuste SINIEF 07\/05 que institui a Nota Fiscal Eletr\u00f4nica (NF-e) e o DANFE.","og_url":"https:\/\/www.estrategiaconcursos.com.br\/blog\/ajuste-sinief-nf-e\/","og_site_name":"Estrat\u00e9gia Concursos","article_published_time":"2023-02-25T11:00:00+00:00","og_image":[{"width":938,"height":453,"url":"https:\/\/dhg1h5j42swfq.cloudfront.net\/2023\/02\/05105136\/nfe.png","type":"image\/png"}],"author":"J\u00e9ssica Luciano Barcelos","twitter_card":"summary_large_image","twitter_creator":"@EstratConcursos","twitter_site":"@EstratConcursos","twitter_misc":{"Escrito por":"J\u00e9ssica Luciano Barcelos","Est. tempo de leitura":"9 minutos"},"schema":{"@context":"https:\/\/schema.org","@graph":[{"@type":"NewsArticle","@id":"https:\/\/www.estrategiaconcursos.com.br\/blog\/ajuste-sinief-nf-e\/#article","isPartOf":{"@id":"https:\/\/www.estrategiaconcursos.com.br\/blog\/ajuste-sinief-nf-e\/"},"author":{"name":"J\u00e9ssica Luciano Barcelos","@id":"https:\/\/www.estrategiaconcursos.com.br\/blog\/#\/schema\/person\/8207b340097a76d57b0d52dd527d7e53"},"headline":"Resumo Ajuste SINIEF 07\/05 -NF-e","datePublished":"2023-02-25T11:00:00+00:00","mainEntityOfPage":{"@id":"https:\/\/www.estrategiaconcursos.com.br\/blog\/ajuste-sinief-nf-e\/"},"wordCount":1743,"commentCount":0,"publisher":{"@id":"https:\/\/www.estrategiaconcursos.com.br\/blog\/#organization"},"image":{"@id":"https:\/\/www.estrategiaconcursos.com.br\/blog\/ajuste-sinief-nf-e\/#primaryimage"},"thumbnailUrl":"https:\/\/dhg1h5j42swfq.cloudfront.net\/2023\/02\/05105136\/nfe.png","keywords":["Concurso"],"articleSection":["Concursos P\u00fablicos","Fiscal - Estadual (ICMS)","Fiscal - Federal (RFB e AFT)","Fiscal - Municipal (ISS)"],"inLanguage":"pt-BR","potentialAction":[{"@type":"CommentAction","name":"Comment","target":["https:\/\/www.estrategiaconcursos.com.br\/blog\/ajuste-sinief-nf-e\/#respond"]}],"copyrightYear":"2023","copyrightHolder":{"@id":"https:\/\/www.estrategiaconcursos.com.br\/blog\/#organization"}},{"@type":"WebPage","@id":"https:\/\/www.estrategiaconcursos.com.br\/blog\/ajuste-sinief-nf-e\/","url":"https:\/\/www.estrategiaconcursos.com.br\/blog\/ajuste-sinief-nf-e\/","name":"Resumo Ajuste SINIEF 07\/05 -NF-e","isPartOf":{"@id":"https:\/\/www.estrategiaconcursos.com.br\/blog\/#website"},"primaryImageOfPage":{"@id":"https:\/\/www.estrategiaconcursos.com.br\/blog\/ajuste-sinief-nf-e\/#primaryimage"},"image":{"@id":"https:\/\/www.estrategiaconcursos.com.br\/blog\/ajuste-sinief-nf-e\/#primaryimage"},"thumbnailUrl":"https:\/\/dhg1h5j42swfq.cloudfront.net\/2023\/02\/05105136\/nfe.png","datePublished":"2023-02-25T11:00:00+00:00","description":"Resumo acerca dos principais aspectos do Ajuste SINIEF 07\/05 que institui a Nota Fiscal Eletr\u00f4nica (NF-e) e o DANFE.","breadcrumb":{"@id":"https:\/\/www.estrategiaconcursos.com.br\/blog\/ajuste-sinief-nf-e\/#breadcrumb"},"inLanguage":"pt-BR","potentialAction":[{"@type":"ReadAction","target":["https:\/\/www.estrategiaconcursos.com.br\/blog\/ajuste-sinief-nf-e\/"]}]},{"@type":"ImageObject","inLanguage":"pt-BR","@id":"https:\/\/www.estrategiaconcursos.com.br\/blog\/ajuste-sinief-nf-e\/#primaryimage","url":"https:\/\/dhg1h5j42swfq.cloudfront.net\/2023\/02\/05105136\/nfe.png","contentUrl":"https:\/\/dhg1h5j42swfq.cloudfront.net\/2023\/02\/05105136\/nfe.png","width":938,"height":453},{"@type":"BreadcrumbList","@id":"https:\/\/www.estrategiaconcursos.com.br\/blog\/ajuste-sinief-nf-e\/#breadcrumb","itemListElement":[{"@type":"ListItem","position":1,"name":"In\u00edcio","item":"https:\/\/www.estrategiaconcursos.com.br\/blog\/"},{"@type":"ListItem","position":2,"name":"Resumo Ajuste SINIEF 07\/05 -NF-e"}]},{"@type":"WebSite","@id":"https:\/\/www.estrategiaconcursos.com.br\/blog\/#website","url":"https:\/\/www.estrategiaconcursos.com.br\/blog\/","name":"Estrat\u00e9gia Concursos","description":"O blog da Estrat\u00e9gia Concursos traz not\u00edcias sobre concursos e artigos de professores oferecendo cursos para concursos (pdf + videaulas) no site.","publisher":{"@id":"https:\/\/www.estrategiaconcursos.com.br\/blog\/#organization"},"potentialAction":[{"@type":"SearchAction","target":{"@type":"EntryPoint","urlTemplate":"https:\/\/www.estrategiaconcursos.com.br\/blog\/?s={search_term_string}"},"query-input":{"@type":"PropertyValueSpecification","valueRequired":true,"valueName":"search_term_string"}}],"inLanguage":"pt-BR"},{"@type":"Organization","@id":"https:\/\/www.estrategiaconcursos.com.br\/blog\/#organization","name":"Estrat\u00e9gia Concursos","url":"https:\/\/www.estrategiaconcursos.com.br\/blog\/","logo":{"@type":"ImageObject","inLanguage":"pt-BR","@id":"https:\/\/www.estrategiaconcursos.com.br\/blog\/#\/schema\/logo\/image\/","url":"https:\/\/dhg1h5j42swfq.cloudfront.net\/2025\/06\/03203428\/logo_concursos-1.jpg","contentUrl":"https:\/\/dhg1h5j42swfq.cloudfront.net\/2025\/06\/03203428\/logo_concursos-1.jpg","width":230,"height":60,"caption":"Estrat\u00e9gia Concursos"},"image":{"@id":"https:\/\/www.estrategiaconcursos.com.br\/blog\/#\/schema\/logo\/image\/"},"sameAs":["https:\/\/x.com\/EstratConcursos"]},{"@type":"Person","@id":"https:\/\/www.estrategiaconcursos.com.br\/blog\/#\/schema\/person\/8207b340097a76d57b0d52dd527d7e53","name":"J\u00e9ssica Luciano Barcelos","image":{"@type":"ImageObject","inLanguage":"pt-BR","@id":"https:\/\/secure.gravatar.com\/avatar\/feaa24cba2d6d73f21c019e05c8bff471043b1db62437f2c2e5112e2f3773495?s=96&d=mm&r=g","url":"https:\/\/secure.gravatar.com\/avatar\/feaa24cba2d6d73f21c019e05c8bff471043b1db62437f2c2e5112e2f3773495?s=96&d=mm&r=g","contentUrl":"https:\/\/secure.gravatar.com\/avatar\/feaa24cba2d6d73f21c019e05c8bff471043b1db62437f2c2e5112e2f3773495?s=96&d=mm&r=g","caption":"J\u00e9ssica Luciano Barcelos"},"description":"Formada em Engenharia Civil pela Universidade Federal dos Vales do Jequitinhonha e Mucuri (UFVJM). Aprovada para Auditora Fiscal da SEFAZ AM em 2022.","sameAs":["https:\/\/www.instagram.com\/jessicalbarcelos\/","https:\/\/www.linkedin.com\/in\/jssica-barcelos-580594143\/"],"worksFor":"J\u00c9SSICA LUCIANO BARCELOS","url":"https:\/\/www.estrategiaconcursos.com.br\/blog\/author\/jessicalbarcelosgmail-com\/"}]}},"_links":{"self":[{"href":"https:\/\/www.estrategiaconcursos.com.br\/blog\/wp-json\/wp\/v2\/posts\/1165214","targetHints":{"allow":["GET"]}}],"collection":[{"href":"https:\/\/www.estrategiaconcursos.com.br\/blog\/wp-json\/wp\/v2\/posts"}],"about":[{"href":"https:\/\/www.estrategiaconcursos.com.br\/blog\/wp-json\/wp\/v2\/types\/post"}],"author":[{"embeddable":true,"href":"https:\/\/www.estrategiaconcursos.com.br\/blog\/wp-json\/wp\/v2\/users\/2459"}],"replies":[{"embeddable":true,"href":"https:\/\/www.estrategiaconcursos.com.br\/blog\/wp-json\/wp\/v2\/comments?post=1165214"}],"version-history":[{"count":3,"href":"https:\/\/www.estrategiaconcursos.com.br\/blog\/wp-json\/wp\/v2\/posts\/1165214\/revisions"}],"predecessor-version":[{"id":1170728,"href":"https:\/\/www.estrategiaconcursos.com.br\/blog\/wp-json\/wp\/v2\/posts\/1165214\/revisions\/1170728"}],"wp:featuredmedia":[{"embeddable":true,"href":"https:\/\/www.estrategiaconcursos.com.br\/blog\/wp-json\/wp\/v2\/media\/1165215"}],"wp:attachment":[{"href":"https:\/\/www.estrategiaconcursos.com.br\/blog\/wp-json\/wp\/v2\/media?parent=1165214"}],"wp:term":[{"taxonomy":"category","embeddable":true,"href":"https:\/\/www.estrategiaconcursos.com.br\/blog\/wp-json\/wp\/v2\/categories?post=1165214"},{"taxonomy":"post_tag","embeddable":true,"href":"https:\/\/www.estrategiaconcursos.com.br\/blog\/wp-json\/wp\/v2\/tags?post=1165214"},{"taxonomy":"tax_estado","embeddable":true,"href":"https:\/\/www.estrategiaconcursos.com.br\/blog\/wp-json\/wp\/v2\/tax_estado?post=1165214"}],"curies":[{"name":"wp","href":"https:\/\/api.w.org\/{rel}","templated":true}]}}