{"id":1164859,"date":"2023-03-02T08:00:00","date_gmt":"2023-03-02T11:00:00","guid":{"rendered":"https:\/\/www.estrategiaconcursos.com.br\/blog\/?p=1164859"},"modified":"2023-02-06T12:13:07","modified_gmt":"2023-02-06T15:13:07","slug":"rgf-cgm-rj","status":"publish","type":"post","link":"https:\/\/www.estrategiaconcursos.com.br\/blog\/rgf-cgm-rj\/","title":{"rendered":"Tudo sobre o RGF para a CGM RJ"},"content":{"rendered":"\n<p>Ol\u00e1, pessoal. Neste artigo abordaremos tudo o que \u00e9 mais importante acerca do Relat\u00f3rio de Gest\u00e3o Fiscal (RGF) para o concurso da <a href=\"https:\/\/controladoria.prefeitura.rio\/\" target=\"_blank\" rel=\"noreferrer noopener\">Controladoria-Geral do Munic\u00edpio do Rio de Janeiro (CGM RJ)<\/a>.<\/p>\n\n\n\n<figure class=\"wp-block-image aligncenter size-full\"><img loading=\"lazy\" decoding=\"async\" width=\"768\" height=\"432\" src=\"https:\/\/dhg1h5j42swfq.cloudfront.net\/2022\/07\/15134024\/cgm_rj.jpg\" alt=\"Tudo sobre o RGF para a CGM RJ\" class=\"wp-image-1061850\" srcset=\"https:\/\/dhg1h5j42swfq.cloudfront.net\/2022\/07\/15134024\/cgm_rj.jpg 768w, https:\/\/dhg1h5j42swfq.cloudfront.net\/2022\/07\/15134024\/cgm_rj-300x169.jpg 300w, https:\/\/dhg1h5j42swfq.cloudfront.net\/2022\/07\/15134024\/cgm_rj-610x343.jpg 610w, https:\/\/dhg1h5j42swfq.cloudfront.net\/2022\/07\/15134024\/cgm_rj-150x84.jpg 150w\" sizes=\"auto, (max-width: 768px) 100vw, 768px\" \/><figcaption class=\"wp-element-caption\">Tudo sobre o RGF para a CGM RJ<\/figcaption><\/figure>\n\n\n\n<p>Bons estudos!<\/p>\n\n\n\n<h2 class=\"wp-block-heading\" id=\"h-rgf-para-a-cgm-rj-contextualizacao-do-assunto\"><strong><mark style=\"background-color:rgba(0, 0, 0, 0)\" class=\"has-inline-color has-vivid-cyan-blue-color\">RGF para a CGM RJ: contextualiza\u00e7\u00e3o do assunto<\/mark><\/strong><\/h2>\n\n\n\n<p>Amigos, \u00e9 fato que o advento da Constitui\u00e7\u00e3o Federal de 1988 trouxe consigo uma s\u00e9rie de disposi\u00e7\u00f5es atinentes \u00e0 responsabilidade na gest\u00e3o fiscal.<\/p>\n\n\n\n<p>Nesse sentido, em v\u00e1rias passagens, a Carta Pol\u00edtica ressalta a necessidade de observ\u00e2ncia aos limites de despesa (pessoal, d\u00edvida etc).<\/p>\n\n\n\n<p>Al\u00e9m disso, a edi\u00e7\u00e3o da Lei Complementar n\u00b0 101\/2000 (Lei de Responsabilidade Fiscal &#8211; LRF) fortaleceu a ideia de imposi\u00e7\u00e3o de limites \u00e0s despesas dos entes p\u00fablicos.<\/p>\n\n\n\n<p>Assim, fez-se necess\u00e1rio estabelecer um instrumento capaz de realizar, de forma tempestiva e adequada, o controle quanto a esses limites de despesas.<\/p>\n\n\n\n<p>Para isso, a LRF criou o Relat\u00f3rio de Gest\u00e3o Fiscal (RGF), que se tornou, em seguida, um dos principais instrumentos utilizados para o controle da gest\u00e3o fiscal.<\/p>\n\n\n\n<p>Ademais, \u00e9 importante, para o concurso da CGM RJ, observar que o RGF, diferentemente do Relat\u00f3rio Resumido da Execu\u00e7\u00e3o Or\u00e7ament\u00e1ria (RREO), n\u00e3o possui previs\u00e3o constitucional.<\/p>\n\n\n\n<p>Apesar de a Carta Pol\u00edtica citar, em diversos momentos, a necessidade de observ\u00e2ncia aos limites de despesa, em nenhuma passagem ela cita expressamente esse relat\u00f3rio.<\/p>\n\n\n\n<p>Ou seja, foi a LRF que criou esse instrumento (o RGF), e n\u00e3o a CF\/88. Nesse sentido, ressalta-se que algumas bancas examinadoras j\u00e1 abordaram este assunto com o objetivo de confundir os candidatos. Fiquem atentos!<\/p>\n\n\n\n<h2 class=\"wp-block-heading\"><strong><mark style=\"background-color:rgba(0, 0, 0, 0)\" class=\"has-inline-color has-vivid-cyan-blue-color\">RGF para a CGM RJ: o que \u00e9 e quem deve elaborar?<\/mark><\/strong><\/h2>\n\n\n\n<p>Em s\u00edntese, o RGF consiste em um relat\u00f3rio emitido pelos Poderes de todos os entes federativos (al\u00e9m de alguns \u00f3rg\u00e3os, conforme explicaremos melhor a seguir) com o objetivo principal de comparar as despesas realizadas com os limites aplic\u00e1veis.<\/p>\n\n\n\n<p>Nesse sentido, o Manual de Demonstrativos Fiscais (MDF) elenca o rol de Poderes e \u00d3rg\u00e3os obrigados a elaborar esse demonstrativo, o qual resumimos, a seguir, de forma sint\u00e9tica:<\/p>\n\n\n\n<ul class=\"wp-block-list\">\n<li>Poder Executivo (Uni\u00e3o, Estados, DF e Munic\u00edpios);<\/li>\n\n\n\n<li>Poder Legislativo, inclusive os respectivos Tribunais de Contas (Uni\u00e3o, Estados, DF e Munic\u00edpios);<\/li>\n\n\n\n<li>Poder Judici\u00e1rio (Uni\u00e3o e Estados);<\/li>\n\n\n\n<li>Minist\u00e9rio P\u00fablico;<\/li>\n\n\n\n<li>Defensorias P\u00fablicas.<\/li>\n<\/ul>\n\n\n\n<p>Quanto \u00e0s Defensorias P\u00fablicas, devemos ressaltar que n\u00e3o existe, no texto da LRF, obriga\u00e7\u00e3o expressa para que esses \u00f3rg\u00e3os elaborem o citado demonstrativo.<\/p>\n\n\n\n<p>Todavia, o MDF esclarece que a Emenda Constitucional n\u00b0 45\/2004 assegurou a esses \u00f3rg\u00e3os autonomia funcional, administrativa e a iniciativa para a sua proposta or\u00e7ament\u00e1ria. Ademais, a Emenda Constitucional n\u00b0 74\/2013 atribuiu \u00e0s defensorias p\u00fablicas autonomia or\u00e7ament\u00e1rio-financeira.<\/p>\n\n\n\n<p>Dessa forma, o Tribunal de Contas da Uni\u00e3o (TCU), apesar de n\u00e3o existir, na legisla\u00e7\u00e3o, limites especificamente definidos para as Defensorias P\u00fablicas, determinou que esses \u00f3rg\u00e3os devem preencher o RGF.<\/p>\n\n\n\n<p>Al\u00e9m disso, um ponto bastante importante para o concurso da CGM RJ \u00e9 conhecer os respons\u00e1veis pela assinatura do RGF.<\/p>\n\n\n\n<p>Em resumo, a LRF estabelece que o RGF deve ser assinado, em cada Poder ou \u00d3rg\u00e3o, pelas seguintes autoridades:<\/p>\n\n\n\n<ul class=\"wp-block-list\">\n<li><strong><mark style=\"background-color:rgba(0, 0, 0, 0)\" class=\"has-inline-color has-vivid-green-cyan-color\">EXECUTIVO:<\/mark><\/strong> chefe do Poder;<\/li>\n\n\n\n<li><strong><mark style=\"background-color:rgba(0, 0, 0, 0)\" class=\"has-inline-color has-vivid-green-cyan-color\">LEGISLATIVO:<\/mark><\/strong> Presidente e membros da Mesa Diretora (ou \u00f3rg\u00e3o decis\u00f3rio);<\/li>\n\n\n\n<li><strong><mark style=\"background-color:rgba(0, 0, 0, 0)\" class=\"has-inline-color has-vivid-green-cyan-color\">JUDICI\u00c1RIO:<\/mark><\/strong> Presidente do Tribunal e membros do Conselho de Administra\u00e7\u00e3o (ou \u00f3rg\u00e3o equivalente);<\/li>\n\n\n\n<li><strong><mark style=\"background-color:rgba(0, 0, 0, 0)\" class=\"has-inline-color has-vivid-green-cyan-color\">MINIST\u00c9RIO P\u00daBLICO:<\/mark><\/strong> chefe da institui\u00e7\u00e3o.<\/li>\n<\/ul>\n\n\n\n<p>Ademais, quanto \u00e0 Defensoria P\u00fablica, apesar da aus\u00eancia de previs\u00e3o na LRF, o MDF estabelece que o RGF deve ser assinado pelo chefe da institui\u00e7\u00e3o.<\/p>\n\n\n\n<p>Al\u00e9m disso, o RGF tamb\u00e9m deve ser assinado pelas autoridades respons\u00e1veis pela administra\u00e7\u00e3o financeira e pelo controle interno.<\/p>\n\n\n\n<h2 class=\"wp-block-heading\"><strong><mark style=\"background-color:rgba(0, 0, 0, 0)\" class=\"has-inline-color has-vivid-cyan-blue-color\">RGF para a CGM RJ: abrang\u00eancia<\/mark><\/strong><\/h2>\n\n\n\n<p>Ademais, outro aspecto de grande relev\u00e2ncia acerca do RGF para o concurso da CGM RJ refere-se \u00e0 sua abrang\u00eancia.<\/p>\n\n\n\n<p>Em resumo, a abrang\u00eancia de elabora\u00e7\u00e3o do RGF confunde-se com a pr\u00f3pria abrang\u00eancia da LRF.<\/p>\n\n\n\n<p>Nesse sentido, verifica-se que o RGF dos Poderes e \u00d3rg\u00e3os deve abranger a administra\u00e7\u00e3o direta e indireta dos entes da federa\u00e7\u00e3o.<\/p>\n\n\n\n<p>Todavia, em rela\u00e7\u00e3o \u00e0 administra\u00e7\u00e3o indireta cabe-nos apresentar algumas ressalvas.<\/p>\n\n\n\n<p>Primeiramente, no que tange \u00e0s funda\u00e7\u00f5es p\u00fablicas, vale ressaltar que n\u00e3o existe no texto da LRF qualquer distin\u00e7\u00e3o entre as funda\u00e7\u00f5es de direito p\u00fablico e as de direito privado. Portanto, considera-se extens\u00edvel a ambas as normas de gest\u00e3o fiscal apresentadas nessa legisla\u00e7\u00e3o (inclusive quanto \u00e0 elabora\u00e7\u00e3o do RGF).<\/p>\n\n\n\n<p>Por outro lado, no que tange \u00e0s empresas estatais (empresas p\u00fablicas e sociedades de economia mista), a legisla\u00e7\u00e3o expressamente diferencia as dependentes das independentes.<\/p>\n\n\n\n<p>Assim, somente devem ser consideradas para fins de elabora\u00e7\u00e3o do RGF as estatais dependentes.<\/p>\n\n\n\n<p>Al\u00e9m disso, o MDF estabelece que os cons\u00f3rcios p\u00fablicos devem ser considerados na elabora\u00e7\u00e3o do RGF, haja vista integrarem a administra\u00e7\u00e3o indireta de todos os entes federativos consorciados.<\/p>\n\n\n\n<h2 class=\"wp-block-heading\"><strong><mark style=\"background-color:rgba(0, 0, 0, 0)\" class=\"has-inline-color has-vivid-cyan-blue-color\">RGF para a CGM RJ: periodicidade<\/mark><\/strong><\/h2>\n\n\n\n<p>Ademais, quanto \u00e0 periodicidade de publica\u00e7\u00e3o, a LRF disp\u00f5e, de forma expressa, que a publica\u00e7\u00e3o deste demonstrativo ocorre a cada quadrimestre.<\/p>\n\n\n\n<p>Al\u00e9m disso, a legisla\u00e7\u00e3o estabelece que a publica\u00e7\u00e3o deve ocorrer at\u00e9 trinta dias ap\u00f3s o encerramento do per\u00edodo de refer\u00eancia do relat\u00f3rio, sob pena de san\u00e7\u00f5es.<\/p>\n\n\n\n<p>Nesse sentido, caso n\u00e3o seja observado o prazo de publica\u00e7\u00e3o, o Poder ou \u00d3rg\u00e3o ficar\u00e1 impedido de receber transfer\u00eancias volunt\u00e1rias e de contratar opera\u00e7\u00f5es de cr\u00e9dito (salvo as destinadas ao pagamento da d\u00edvida mobili\u00e1ria) at\u00e9 que haja a regulariza\u00e7\u00e3o da situa\u00e7\u00e3o.<\/p>\n\n\n\n<p>Todavia, a LRF flexibiliza a regra referente \u00e0 periodicidade de publica\u00e7\u00e3o do RGF no caso de munic\u00edpios com popula\u00e7\u00e3o inferior a 50 mil habitantes. Assim, nesse caso, faculta-se ao ente municipal publicar o RGF apenas a cada semestre.<\/p>\n\n\n\n<p>Pessoal, devemos observar com bastante cuidado os prazos supracitados a fim de evitar confus\u00e3o em rela\u00e7\u00e3o ao prazo de publica\u00e7\u00e3o do RREO. Essa \u00e9 uma pegadinha recorrente das bancas examinadoras.<\/p>\n\n\n\n<p>Assim, vale lembrar que, no caso do RREO, a periodicidade de publica\u00e7\u00e3o \u00e9 bimestral.<\/p>\n\n\n\n<h2 class=\"wp-block-heading\"><strong><mark style=\"background-color:rgba(0, 0, 0, 0)\" class=\"has-inline-color has-vivid-cyan-blue-color\">RGF para a CGM RJ: conte\u00fado<\/mark><\/strong><\/h2>\n\n\n\n<p>Pessoal, este \u00e9 o principal t\u00f3pico envolvendo o RGF para fins de concursos p\u00fablicos. Portanto, sugere-se especial aten\u00e7\u00e3o.<\/p>\n\n\n\n<p>Conforme o art. 55 da LRF, o RGF cont\u00e9m:<\/p>\n\n\n\n<blockquote class=\"wp-block-quote is-layout-flow wp-block-quote-is-layout-flow\">\n<p>I &#8211; Comparativo com os limites de que trata esta Lei Complementar, dos seguintes montantes:<\/p>\n\n\n\n<p><a><\/a>a) despesa total com pessoal, distinguindo a com inativos e pensionistas;<\/p>\n\n\n\n<p><a><\/a>b) d\u00edvidas consolidada e mobili\u00e1ria;<\/p>\n\n\n\n<p><a><\/a>c) concess\u00e3o de garantias;<\/p>\n\n\n\n<p><a><\/a>d) opera\u00e7\u00f5es de cr\u00e9dito, inclusive por antecipa\u00e7\u00e3o de receita;<\/p>\n<\/blockquote>\n\n\n\n<p>Todavia, apenas comparar os limites com as despesas realizadas n\u00e3o possui grandes efeitos pr\u00e1ticos, n\u00e3o \u00e9 mesmo?<\/p>\n\n\n\n<p>Assim, a LRF estabelece que o RGF indicar\u00e1 as medidas corretivas a serem adotadas caso a supracitada compara\u00e7\u00e3o indique o desrespeito aos limites.<\/p>\n\n\n\n<p>Dessa forma, fica f\u00e1cil perceber que o RGF n\u00e3o se trata de um mero instrumento formal, mas de um instrumento de planejamento e de controle da gest\u00e3o fiscal.<\/p>\n\n\n\n<h3 class=\"wp-block-heading\"><strong><mark style=\"background-color:rgba(0, 0, 0, 0)\" class=\"has-inline-color has-vivid-cyan-blue-color\">Limites de despesas no RGF<\/mark><\/strong><\/h3>\n\n\n\n<p>Pessoal, para o concurso da CGM RJ, vale a pena destinar um breve coment\u00e1rio acerca dos limites das despesas que s\u00e3o observados no RGF.<\/p>\n\n\n\n<p>Nesse sentido, a LRF estabelece que a Uni\u00e3o, Estados e Munic\u00edpios devem observar os seguintes limites de despesa total com pessoal (em percentual da receita corrente l\u00edquida \u2013 RCL):<\/p>\n\n\n\n<figure class=\"wp-block-table is-style-regular\"><table class=\"has-pale-cyan-blue-background-color has-background\"><tbody><tr><td class=\"has-text-align-center\" data-align=\"center\">&nbsp;<\/td><td class=\"has-text-align-center\" data-align=\"center\"><strong>UNI\u00c3O<\/strong><\/td><td class=\"has-text-align-center\" data-align=\"center\"><strong>ESTADOS<\/strong><\/td><td class=\"has-text-align-center\" data-align=\"center\"><strong>MUNIC\u00cdPIOS<\/strong><\/td><\/tr><tr><td class=\"has-text-align-center\" data-align=\"center\"><strong>PODER EXECUTIVO<\/strong><\/td><td class=\"has-text-align-center\" data-align=\"center\">40,9%<\/td><td class=\"has-text-align-center\" data-align=\"center\">49%<\/td><td class=\"has-text-align-center\" data-align=\"center\">54%<\/td><\/tr><tr><td class=\"has-text-align-center\" data-align=\"center\"><strong>PODER LEGISLATIVO<\/strong><\/td><td class=\"has-text-align-center\" data-align=\"center\">2,5%<\/td><td class=\"has-text-align-center\" data-align=\"center\">3%<\/td><td class=\"has-text-align-center\" data-align=\"center\">6%<\/td><\/tr><tr><td class=\"has-text-align-center\" data-align=\"center\"><strong>PODER JUDICI\u00c1RIO<\/strong><\/td><td class=\"has-text-align-center\" data-align=\"center\">6%<\/td><td class=\"has-text-align-center\" data-align=\"center\">6%<\/td><td class=\"has-text-align-center\" data-align=\"center\">&#8211;<\/td><\/tr><tr><td class=\"has-text-align-center\" data-align=\"center\"><strong>MINIST\u00c9RIO P\u00daBLICO<\/strong><\/td><td class=\"has-text-align-center\" data-align=\"center\">0,6%<\/td><td class=\"has-text-align-center\" data-align=\"center\">2%<\/td><td class=\"has-text-align-center\" data-align=\"center\">&#8211;<\/td><\/tr><tr><td class=\"has-text-align-center\" data-align=\"center\"><strong>TOTAL<\/strong><\/td><td class=\"has-text-align-center\" data-align=\"center\"><strong>50%<\/strong><\/td><td class=\"has-text-align-center\" data-align=\"center\"><strong>60%<\/strong><\/td><td class=\"has-text-align-center\" data-align=\"center\"><strong>60%<\/strong><\/td><\/tr><\/tbody><\/table><figcaption class=\"wp-element-caption\">Limites da despesa com pessoal.<\/figcaption><\/figure>\n\n\n\n<p>Ademais, vale ressaltar que os limites para os Tribunais de Contas s\u00e3o considerados juntamente com os do Poder Legislativo.<\/p>\n\n\n\n<p>Todavia, nos Estados em que existe Tribunal de Contas dos Munic\u00edpios, o limite total de despesas com pessoal do Poder Executivo sofre redu\u00e7\u00e3o de 0,4% (passa a ser 48,6%). Por outro lado, o limite de despesas com pessoal do Poder Legislativo, nesses casos, \u00e9 acrescido de 0,4% (passar a ser 3,4%).<\/p>\n\n\n\n<p>Al\u00e9m disso, no que tange aos limites referentes \u00e0 d\u00edvida, \u00e0s garantias e \u00e0s opera\u00e7\u00f5es de cr\u00e9dito (inclusive por ARO), devemos esclarecer que esses limites n\u00e3o foram definidos diretamente pela LRF. Na verdade, a CF\/88 atribui compet\u00eancias distintas para a sua defini\u00e7\u00e3o, a saber:<\/p>\n\n\n\n<ul class=\"wp-block-list\">\n<li>Congresso Nacional: disp\u00f5e sobre os limites da d\u00edvida mobili\u00e1ria federal;<\/li>\n\n\n\n<li>Senado Federal: disp\u00f5e sobre os limites das opera\u00e7\u00f5es de cr\u00e9dito e concess\u00f5es de garantias (de todos os entes federativos), da d\u00edvida mobili\u00e1ria de Estados, DF e Munic\u00edpios. Ademais, compete ao Senado fixar, por proposta do Presidente da Rep\u00fablica, os limites globais da d\u00edvida consolidada (de todos os entes federativos).<\/li>\n<\/ul>\n\n\n\n<p>Nesse sentido, o quadro seguinte apresenta os limites atualmente vigentes (em percentual da RCL):<\/p>\n\n\n\n<figure class=\"wp-block-table is-style-regular\"><table class=\"has-pale-cyan-blue-background-color has-background\"><tbody><tr><td class=\"has-text-align-center\" data-align=\"center\">&nbsp;<\/td><td class=\"has-text-align-center\" data-align=\"center\"><strong>UNI\u00c3O<\/strong><\/td><td class=\"has-text-align-center\" data-align=\"center\"><strong>ESTADOS\/DF<\/strong><\/td><td class=\"has-text-align-center\" data-align=\"center\"><strong>MUNIC\u00cdPIOS<\/strong><\/td><\/tr><tr><td class=\"has-text-align-center\" data-align=\"center\"><strong>D\u00cdVIDA CONSOLIDADA<\/strong><\/td><td class=\"has-text-align-center\" data-align=\"center\">&#8211;<\/td><td class=\"has-text-align-center\" data-align=\"center\">200%<\/td><td class=\"has-text-align-center\" data-align=\"center\">120%<\/td><\/tr><tr><td class=\"has-text-align-center\" data-align=\"center\"><strong>OPERA\u00c7\u00d5ES DE CR\u00c9DITO<\/strong><\/td><td class=\"has-text-align-center\" data-align=\"center\">60%<\/td><td class=\"has-text-align-center\" data-align=\"center\">16%<\/td><td class=\"has-text-align-center\" data-align=\"center\">16%<\/td><\/tr><tr><td class=\"has-text-align-center\" data-align=\"center\"><strong>GARANTIAS<\/strong><\/td><td class=\"has-text-align-center\" data-align=\"center\">60%<\/td><td class=\"has-text-align-center\" data-align=\"center\">22%<\/td><td class=\"has-text-align-center\" data-align=\"center\">22%<\/td><\/tr><tr><td class=\"has-text-align-center\" data-align=\"center\"><strong>SERVI\u00c7OS DA D\u00cdVIDA<\/strong><\/td><td class=\"has-text-align-center\" data-align=\"center\">&#8211;<\/td><td class=\"has-text-align-center\" data-align=\"center\">11,5%<\/td><td class=\"has-text-align-center\" data-align=\"center\">11,5%<\/td><\/tr><tr><td class=\"has-text-align-center\" data-align=\"center\"><strong>ARO<\/strong><\/td><td class=\"has-text-align-center\" data-align=\"center\">&#8211;<\/td><td class=\"has-text-align-center\" data-align=\"center\">7%<\/td><td class=\"has-text-align-center\" data-align=\"center\">7%<\/td><\/tr><\/tbody><\/table><figcaption class=\"wp-element-caption\">Limites de despesa.<\/figcaption><\/figure>\n\n\n\n<h2 class=\"wp-block-heading\"><strong><mark style=\"background-color:rgba(0, 0, 0, 0)\" class=\"has-inline-color has-vivid-cyan-blue-color\">RGF para a CGM RJ: \u00faltimo quadrimestre<\/mark><\/strong><\/h2>\n\n\n\n<p>Por fim, no \u00faltimo quadrimestre, o RGF possui algumas informa\u00e7\u00f5es a mais (em rela\u00e7\u00e3o ao relat\u00f3rio dos 2 primeiros per\u00edodos).<\/p>\n\n\n\n<p>Conforme a LRF, o RGF do \u00faltimo per\u00edodo acrescenta informa\u00e7\u00f5es sobre:<\/p>\n\n\n\n<ul class=\"wp-block-list\">\n<li>Disponibilidades de caixa em 31 de dezembro;<\/li>\n\n\n\n<li>Inscri\u00e7\u00e3o de Restos a Pagar (referente a despesas: liquidadas, empenhadas e n\u00e3o liquidadas inscritas at\u00e9 o limite das disponibilidades financeiras, n\u00e3o inscritas por indisponibilidade de caixa);<\/li>\n\n\n\n<li>ARO liquidadas at\u00e9 10 de dezembro e acerca da proibi\u00e7\u00e3o de realizar ARO no \u00faltimo ano de mandato do chefe do Poder Executivo.<\/li>\n<\/ul>\n\n\n\n<h2 class=\"wp-block-heading\"><strong><mark style=\"background-color:rgba(0, 0, 0, 0)\" class=\"has-inline-color has-vivid-cyan-blue-color\">Informa\u00e7\u00f5es finais<\/mark><\/strong><\/h2>\n\n\n\n<p>Por fim, vale ressaltar um detalhe importante acerca das diferen\u00e7as no RGF a depender do Poder ou \u00d3rg\u00e3o que o elabora.<\/p>\n\n\n\n<p>Em resumo, o \u00fanico RGF que cont\u00e9m todas as informa\u00e7\u00f5es supracitadas \u00e9 o do Poder Executivo.<\/p>\n\n\n\n<p>Por outro lado, no caso dos demais Poderes e \u00d3rg\u00e3os (diversos do Executivo), o RGF n\u00e3o disp\u00f5e acerca do comparativo com os limites da d\u00edvida consolidada e mobili\u00e1ria, concess\u00e3o de garantias e opera\u00e7\u00f5es de cr\u00e9dito.<\/p>\n\n\n\n<h2 class=\"wp-block-heading\"><strong><mark style=\"background-color:rgba(0, 0, 0, 0)\" class=\"has-inline-color has-vivid-cyan-blue-color\">Conclus\u00e3o<\/mark><\/strong><\/h2>\n\n\n\n<p>Amigos, finalizamos o nosso artigo sobre o RGF para o concurso da CGM RJ.<\/p>\n\n\n\n<p>Portanto, espero que tenham gostado deste conte\u00fado.<\/p>\n\n\n\n<p>Nos encontramos no pr\u00f3ximo artigo.<\/p>\n\n\n\n<p>Grande abra\u00e7o.<\/p>\n\n\n\n<p><strong>Rafael Chaves<\/strong><\/p>\n\n\n\n<p class=\"has-text-align-center has-pale-cyan-blue-background-color has-background has-medium-font-size\"><strong>Mais informa\u00e7\u00f5es: <a href=\"https:\/\/www.estrategiaconcursos.com.br\/blog\/concurso-cgm-rj\/\" target=\"_blank\" rel=\"noreferrer noopener\">Concurso CGM RJ<\/a><\/strong><\/p>\n\n\n\n<h2 class=\"has-text-align-center wp-block-heading\">Quer saber tudo sobre concursos previstos?<br \/>Confira  nossos artigos!<\/h2>\n\n\n\n<p class=\"has-text-align-center has-pale-cyan-blue-background-color has-background has-medium-font-size\"><a href=\"https:\/\/www.estrategiaconcursos.com.br\/blog\/concursos-abertos\/\" target=\"_blank\" rel=\"noreferrer noopener\">Concursos abertos<\/a><\/p>\n\n\n\n<p class=\"has-text-align-center has-pale-cyan-blue-background-color has-background has-medium-font-size\"><a href=\"https:\/\/www.estrategiaconcursos.com.br\/blog\/concursos-2023\/\" target=\"_blank\" rel=\"noreferrer noopener\">Concursos 2023<\/a><\/p>\n","protected":false},"excerpt":{"rendered":"<p>Ol\u00e1, pessoal. Neste artigo abordaremos tudo o que \u00e9 mais importante acerca do Relat\u00f3rio de Gest\u00e3o Fiscal (RGF) para o concurso da Controladoria-Geral do Munic\u00edpio do Rio de Janeiro (CGM RJ). Bons estudos! RGF para a CGM RJ: contextualiza\u00e7\u00e3o do assunto Amigos, \u00e9 fato que o advento da Constitui\u00e7\u00e3o Federal de 1988 trouxe consigo uma [&hellip;]<\/p>\n","protected":false},"author":2261,"featured_media":1061850,"comment_status":"open","ping_status":"closed","sticky":false,"template":"","format":"standard","meta":{"post_tipo":"article","footnotes":""},"categories":[1,220180],"tags":[],"tax_estado":[219982],"class_list":["post-1164859","post","type-post","status-publish","format-standard","has-post-thumbnail","hentry","category-cursos-e-concursos","category-controle-gestao","tax_estado-rj"],"acf":[],"yoast_head":"<!-- This site is optimized with the Yoast SEO Premium plugin v27.2 (Yoast SEO v27.2) - https:\/\/yoast.com\/product\/yoast-seo-premium-wordpress\/ -->\n<title>Tudo sobre o RGF para a CGM RJ<\/title>\n<meta name=\"description\" content=\"Aprenda tudo que voc\u00ea precisa saber sobre o RGF para o concurso da Controladoria-Geral do Munic\u00edpio do Rio de Janeiro (CGM RJ).\" \/>\n<meta name=\"robots\" content=\"index, follow, max-snippet:-1, max-image-preview:large, max-video-preview:-1\" \/>\n<link rel=\"canonical\" href=\"https:\/\/www.estrategiaconcursos.com.br\/blog\/rgf-cgm-rj\/\" \/>\n<meta property=\"og:locale\" content=\"pt_BR\" \/>\n<meta property=\"og:type\" content=\"article\" \/>\n<meta property=\"og:title\" content=\"Tudo sobre o RGF para a CGM RJ\" \/>\n<meta property=\"og:description\" content=\"Aprenda tudo que voc\u00ea precisa saber sobre o RGF para o concurso da Controladoria-Geral do Munic\u00edpio do Rio de Janeiro (CGM RJ).\" \/>\n<meta property=\"og:url\" content=\"https:\/\/www.estrategiaconcursos.com.br\/blog\/rgf-cgm-rj\/\" \/>\n<meta property=\"og:site_name\" content=\"Estrat\u00e9gia Concursos\" \/>\n<meta property=\"article:published_time\" content=\"2023-03-02T11:00:00+00:00\" \/>\n<meta property=\"og:image\" content=\"https:\/\/dhg1h5j42swfq.cloudfront.net\/2022\/07\/15134024\/cgm_rj.jpg\" \/>\n\t<meta property=\"og:image:width\" content=\"768\" \/>\n\t<meta property=\"og:image:height\" content=\"432\" \/>\n\t<meta property=\"og:image:type\" content=\"image\/jpeg\" \/>\n<meta name=\"author\" content=\"Rafael Ferreira Chaves\" \/>\n<meta name=\"twitter:card\" content=\"summary_large_image\" \/>\n<meta name=\"twitter:creator\" content=\"@EstratConcursos\" \/>\n<meta name=\"twitter:site\" content=\"@EstratConcursos\" \/>\n<meta name=\"twitter:label1\" content=\"Escrito por\" \/>\n\t<meta name=\"twitter:data1\" content=\"Rafael Ferreira Chaves\" \/>\n\t<meta name=\"twitter:label2\" content=\"Est. tempo de leitura\" \/>\n\t<meta name=\"twitter:data2\" content=\"9 minutos\" \/>\n<script type=\"application\/ld+json\" class=\"yoast-schema-graph\">{\"@context\":\"https:\/\/schema.org\",\"@graph\":[{\"@type\":\"NewsArticle\",\"@id\":\"https:\/\/www.estrategiaconcursos.com.br\/blog\/rgf-cgm-rj\/#article\",\"isPartOf\":{\"@id\":\"https:\/\/www.estrategiaconcursos.com.br\/blog\/rgf-cgm-rj\/\"},\"author\":{\"name\":\"Rafael Ferreira Chaves\",\"@id\":\"https:\/\/www.estrategiaconcursos.com.br\/blog\/#\/schema\/person\/545cce8f1c81268ec2ca202a954284e1\"},\"headline\":\"Tudo sobre o RGF para a CGM RJ\",\"datePublished\":\"2023-03-02T11:00:00+00:00\",\"mainEntityOfPage\":{\"@id\":\"https:\/\/www.estrategiaconcursos.com.br\/blog\/rgf-cgm-rj\/\"},\"wordCount\":1771,\"commentCount\":0,\"publisher\":{\"@id\":\"https:\/\/www.estrategiaconcursos.com.br\/blog\/#organization\"},\"image\":{\"@id\":\"https:\/\/www.estrategiaconcursos.com.br\/blog\/rgf-cgm-rj\/#primaryimage\"},\"thumbnailUrl\":\"https:\/\/dhg1h5j42swfq.cloudfront.net\/2022\/07\/15134024\/cgm_rj.jpg\",\"articleSection\":[\"Concursos P\u00fablicos\",\"Controladorias\/Gest\u00e3o (CGU, CGE, STN, EPPGG)\"],\"inLanguage\":\"pt-BR\",\"potentialAction\":[{\"@type\":\"CommentAction\",\"name\":\"Comment\",\"target\":[\"https:\/\/www.estrategiaconcursos.com.br\/blog\/rgf-cgm-rj\/#respond\"]}],\"copyrightYear\":\"2023\",\"copyrightHolder\":{\"@id\":\"https:\/\/www.estrategiaconcursos.com.br\/blog\/#organization\"}},{\"@type\":\"WebPage\",\"@id\":\"https:\/\/www.estrategiaconcursos.com.br\/blog\/rgf-cgm-rj\/\",\"url\":\"https:\/\/www.estrategiaconcursos.com.br\/blog\/rgf-cgm-rj\/\",\"name\":\"Tudo sobre o RGF para a CGM RJ\",\"isPartOf\":{\"@id\":\"https:\/\/www.estrategiaconcursos.com.br\/blog\/#website\"},\"primaryImageOfPage\":{\"@id\":\"https:\/\/www.estrategiaconcursos.com.br\/blog\/rgf-cgm-rj\/#primaryimage\"},\"image\":{\"@id\":\"https:\/\/www.estrategiaconcursos.com.br\/blog\/rgf-cgm-rj\/#primaryimage\"},\"thumbnailUrl\":\"https:\/\/dhg1h5j42swfq.cloudfront.net\/2022\/07\/15134024\/cgm_rj.jpg\",\"datePublished\":\"2023-03-02T11:00:00+00:00\",\"description\":\"Aprenda tudo que voc\u00ea precisa saber sobre o RGF para o concurso da Controladoria-Geral do Munic\u00edpio do Rio de Janeiro (CGM RJ).\",\"breadcrumb\":{\"@id\":\"https:\/\/www.estrategiaconcursos.com.br\/blog\/rgf-cgm-rj\/#breadcrumb\"},\"inLanguage\":\"pt-BR\",\"potentialAction\":[{\"@type\":\"ReadAction\",\"target\":[\"https:\/\/www.estrategiaconcursos.com.br\/blog\/rgf-cgm-rj\/\"]}]},{\"@type\":\"ImageObject\",\"inLanguage\":\"pt-BR\",\"@id\":\"https:\/\/www.estrategiaconcursos.com.br\/blog\/rgf-cgm-rj\/#primaryimage\",\"url\":\"https:\/\/dhg1h5j42swfq.cloudfront.net\/2022\/07\/15134024\/cgm_rj.jpg\",\"contentUrl\":\"https:\/\/dhg1h5j42swfq.cloudfront.net\/2022\/07\/15134024\/cgm_rj.jpg\",\"width\":768,\"height\":432,\"caption\":\"Concurso CGM RJ\"},{\"@type\":\"BreadcrumbList\",\"@id\":\"https:\/\/www.estrategiaconcursos.com.br\/blog\/rgf-cgm-rj\/#breadcrumb\",\"itemListElement\":[{\"@type\":\"ListItem\",\"position\":1,\"name\":\"In\u00edcio\",\"item\":\"https:\/\/www.estrategiaconcursos.com.br\/blog\/\"},{\"@type\":\"ListItem\",\"position\":2,\"name\":\"Tudo sobre o RGF para a CGM RJ\"}]},{\"@type\":\"WebSite\",\"@id\":\"https:\/\/www.estrategiaconcursos.com.br\/blog\/#website\",\"url\":\"https:\/\/www.estrategiaconcursos.com.br\/blog\/\",\"name\":\"Estrat\u00e9gia Concursos\",\"description\":\"O blog da Estrat\u00e9gia Concursos traz not\u00edcias sobre concursos e artigos de professores oferecendo cursos para concursos (pdf + videaulas) no site.\",\"publisher\":{\"@id\":\"https:\/\/www.estrategiaconcursos.com.br\/blog\/#organization\"},\"potentialAction\":[{\"@type\":\"SearchAction\",\"target\":{\"@type\":\"EntryPoint\",\"urlTemplate\":\"https:\/\/www.estrategiaconcursos.com.br\/blog\/?s={search_term_string}\"},\"query-input\":{\"@type\":\"PropertyValueSpecification\",\"valueRequired\":true,\"valueName\":\"search_term_string\"}}],\"inLanguage\":\"pt-BR\"},{\"@type\":\"Organization\",\"@id\":\"https:\/\/www.estrategiaconcursos.com.br\/blog\/#organization\",\"name\":\"Estrat\u00e9gia Concursos\",\"url\":\"https:\/\/www.estrategiaconcursos.com.br\/blog\/\",\"logo\":{\"@type\":\"ImageObject\",\"inLanguage\":\"pt-BR\",\"@id\":\"https:\/\/www.estrategiaconcursos.com.br\/blog\/#\/schema\/logo\/image\/\",\"url\":\"https:\/\/dhg1h5j42swfq.cloudfront.net\/2025\/06\/03203428\/logo_concursos-1.jpg\",\"contentUrl\":\"https:\/\/dhg1h5j42swfq.cloudfront.net\/2025\/06\/03203428\/logo_concursos-1.jpg\",\"width\":230,\"height\":60,\"caption\":\"Estrat\u00e9gia Concursos\"},\"image\":{\"@id\":\"https:\/\/www.estrategiaconcursos.com.br\/blog\/#\/schema\/logo\/image\/\"},\"sameAs\":[\"https:\/\/x.com\/EstratConcursos\"]},{\"@type\":\"Person\",\"@id\":\"https:\/\/www.estrategiaconcursos.com.br\/blog\/#\/schema\/person\/545cce8f1c81268ec2ca202a954284e1\",\"name\":\"Rafael Ferreira Chaves\",\"image\":{\"@type\":\"ImageObject\",\"inLanguage\":\"pt-BR\",\"@id\":\"https:\/\/secure.gravatar.com\/avatar\/7d43172b7c8451a76fe991e14bf7b661f56fcd3e9d8f44dcd92c997cfaf1286f?s=96&d=mm&r=g\",\"url\":\"https:\/\/secure.gravatar.com\/avatar\/7d43172b7c8451a76fe991e14bf7b661f56fcd3e9d8f44dcd92c997cfaf1286f?s=96&d=mm&r=g\",\"contentUrl\":\"https:\/\/secure.gravatar.com\/avatar\/7d43172b7c8451a76fe991e14bf7b661f56fcd3e9d8f44dcd92c997cfaf1286f?s=96&d=mm&r=g\",\"caption\":\"Rafael Ferreira Chaves\"},\"description\":\"Engenheiro Civil formado pela Universidade Federal do Piau\u00ed - UFPI. Especialista em Engenharia Ambiental e Saneamento B\u00e1sico pela Faculdade Est\u00e1cio. Atualmente exerce o cargo de Auditor de Controle Externo do TCE\/AM. Aprovado e nomeado nos seguintes concursos: ARSETE\/PMT (1\u00ba lugar - Analista de Regula\u00e7\u00e3o - Eng. Civil), Prefeitura de Campinas\/SP (Eng. Civil) , CODEVASF (Analista de Desenvolvimento Regional - Eng. Civil), TCE\/AM (2\u00ba lugar - Auditor de Controle Externo - Obras P\u00fablicas \/ 14\u00ba lugar - Auditor de Controle Externo - Auditoria Governamental), TCE\/TO (2\u00ba lugar - Auditor de Controle Externo - Eng. Civil), TCE GO (Analista de Controle Externo - Controle Externo).\",\"url\":\"https:\/\/www.estrategiaconcursos.com.br\/blog\/author\/fchaves01gmail-com\/\"}]}<\/script>\n<!-- \/ Yoast SEO Premium plugin. -->","yoast_head_json":{"title":"Tudo sobre o RGF para a CGM RJ","description":"Aprenda tudo que voc\u00ea precisa saber sobre o RGF para o concurso da Controladoria-Geral do Munic\u00edpio do Rio de Janeiro (CGM RJ).","robots":{"index":"index","follow":"follow","max-snippet":"max-snippet:-1","max-image-preview":"max-image-preview:large","max-video-preview":"max-video-preview:-1"},"canonical":"https:\/\/www.estrategiaconcursos.com.br\/blog\/rgf-cgm-rj\/","og_locale":"pt_BR","og_type":"article","og_title":"Tudo sobre o RGF para a CGM RJ","og_description":"Aprenda tudo que voc\u00ea precisa saber sobre o RGF para o concurso da Controladoria-Geral do Munic\u00edpio do Rio de Janeiro (CGM RJ).","og_url":"https:\/\/www.estrategiaconcursos.com.br\/blog\/rgf-cgm-rj\/","og_site_name":"Estrat\u00e9gia Concursos","article_published_time":"2023-03-02T11:00:00+00:00","og_image":[{"width":768,"height":432,"url":"https:\/\/dhg1h5j42swfq.cloudfront.net\/2022\/07\/15134024\/cgm_rj.jpg","type":"image\/jpeg"}],"author":"Rafael Ferreira Chaves","twitter_card":"summary_large_image","twitter_creator":"@EstratConcursos","twitter_site":"@EstratConcursos","twitter_misc":{"Escrito por":"Rafael Ferreira Chaves","Est. tempo de leitura":"9 minutos"},"schema":{"@context":"https:\/\/schema.org","@graph":[{"@type":"NewsArticle","@id":"https:\/\/www.estrategiaconcursos.com.br\/blog\/rgf-cgm-rj\/#article","isPartOf":{"@id":"https:\/\/www.estrategiaconcursos.com.br\/blog\/rgf-cgm-rj\/"},"author":{"name":"Rafael Ferreira Chaves","@id":"https:\/\/www.estrategiaconcursos.com.br\/blog\/#\/schema\/person\/545cce8f1c81268ec2ca202a954284e1"},"headline":"Tudo sobre o RGF para a CGM RJ","datePublished":"2023-03-02T11:00:00+00:00","mainEntityOfPage":{"@id":"https:\/\/www.estrategiaconcursos.com.br\/blog\/rgf-cgm-rj\/"},"wordCount":1771,"commentCount":0,"publisher":{"@id":"https:\/\/www.estrategiaconcursos.com.br\/blog\/#organization"},"image":{"@id":"https:\/\/www.estrategiaconcursos.com.br\/blog\/rgf-cgm-rj\/#primaryimage"},"thumbnailUrl":"https:\/\/dhg1h5j42swfq.cloudfront.net\/2022\/07\/15134024\/cgm_rj.jpg","articleSection":["Concursos P\u00fablicos","Controladorias\/Gest\u00e3o (CGU, CGE, STN, EPPGG)"],"inLanguage":"pt-BR","potentialAction":[{"@type":"CommentAction","name":"Comment","target":["https:\/\/www.estrategiaconcursos.com.br\/blog\/rgf-cgm-rj\/#respond"]}],"copyrightYear":"2023","copyrightHolder":{"@id":"https:\/\/www.estrategiaconcursos.com.br\/blog\/#organization"}},{"@type":"WebPage","@id":"https:\/\/www.estrategiaconcursos.com.br\/blog\/rgf-cgm-rj\/","url":"https:\/\/www.estrategiaconcursos.com.br\/blog\/rgf-cgm-rj\/","name":"Tudo sobre o RGF para a CGM RJ","isPartOf":{"@id":"https:\/\/www.estrategiaconcursos.com.br\/blog\/#website"},"primaryImageOfPage":{"@id":"https:\/\/www.estrategiaconcursos.com.br\/blog\/rgf-cgm-rj\/#primaryimage"},"image":{"@id":"https:\/\/www.estrategiaconcursos.com.br\/blog\/rgf-cgm-rj\/#primaryimage"},"thumbnailUrl":"https:\/\/dhg1h5j42swfq.cloudfront.net\/2022\/07\/15134024\/cgm_rj.jpg","datePublished":"2023-03-02T11:00:00+00:00","description":"Aprenda tudo que voc\u00ea precisa saber sobre o RGF para o concurso da Controladoria-Geral do Munic\u00edpio do Rio de Janeiro (CGM RJ).","breadcrumb":{"@id":"https:\/\/www.estrategiaconcursos.com.br\/blog\/rgf-cgm-rj\/#breadcrumb"},"inLanguage":"pt-BR","potentialAction":[{"@type":"ReadAction","target":["https:\/\/www.estrategiaconcursos.com.br\/blog\/rgf-cgm-rj\/"]}]},{"@type":"ImageObject","inLanguage":"pt-BR","@id":"https:\/\/www.estrategiaconcursos.com.br\/blog\/rgf-cgm-rj\/#primaryimage","url":"https:\/\/dhg1h5j42swfq.cloudfront.net\/2022\/07\/15134024\/cgm_rj.jpg","contentUrl":"https:\/\/dhg1h5j42swfq.cloudfront.net\/2022\/07\/15134024\/cgm_rj.jpg","width":768,"height":432,"caption":"Concurso CGM RJ"},{"@type":"BreadcrumbList","@id":"https:\/\/www.estrategiaconcursos.com.br\/blog\/rgf-cgm-rj\/#breadcrumb","itemListElement":[{"@type":"ListItem","position":1,"name":"In\u00edcio","item":"https:\/\/www.estrategiaconcursos.com.br\/blog\/"},{"@type":"ListItem","position":2,"name":"Tudo sobre o RGF para a CGM RJ"}]},{"@type":"WebSite","@id":"https:\/\/www.estrategiaconcursos.com.br\/blog\/#website","url":"https:\/\/www.estrategiaconcursos.com.br\/blog\/","name":"Estrat\u00e9gia Concursos","description":"O blog da Estrat\u00e9gia Concursos traz not\u00edcias sobre concursos e artigos de professores oferecendo cursos para concursos (pdf + videaulas) no site.","publisher":{"@id":"https:\/\/www.estrategiaconcursos.com.br\/blog\/#organization"},"potentialAction":[{"@type":"SearchAction","target":{"@type":"EntryPoint","urlTemplate":"https:\/\/www.estrategiaconcursos.com.br\/blog\/?s={search_term_string}"},"query-input":{"@type":"PropertyValueSpecification","valueRequired":true,"valueName":"search_term_string"}}],"inLanguage":"pt-BR"},{"@type":"Organization","@id":"https:\/\/www.estrategiaconcursos.com.br\/blog\/#organization","name":"Estrat\u00e9gia Concursos","url":"https:\/\/www.estrategiaconcursos.com.br\/blog\/","logo":{"@type":"ImageObject","inLanguage":"pt-BR","@id":"https:\/\/www.estrategiaconcursos.com.br\/blog\/#\/schema\/logo\/image\/","url":"https:\/\/dhg1h5j42swfq.cloudfront.net\/2025\/06\/03203428\/logo_concursos-1.jpg","contentUrl":"https:\/\/dhg1h5j42swfq.cloudfront.net\/2025\/06\/03203428\/logo_concursos-1.jpg","width":230,"height":60,"caption":"Estrat\u00e9gia Concursos"},"image":{"@id":"https:\/\/www.estrategiaconcursos.com.br\/blog\/#\/schema\/logo\/image\/"},"sameAs":["https:\/\/x.com\/EstratConcursos"]},{"@type":"Person","@id":"https:\/\/www.estrategiaconcursos.com.br\/blog\/#\/schema\/person\/545cce8f1c81268ec2ca202a954284e1","name":"Rafael Ferreira Chaves","image":{"@type":"ImageObject","inLanguage":"pt-BR","@id":"https:\/\/secure.gravatar.com\/avatar\/7d43172b7c8451a76fe991e14bf7b661f56fcd3e9d8f44dcd92c997cfaf1286f?s=96&d=mm&r=g","url":"https:\/\/secure.gravatar.com\/avatar\/7d43172b7c8451a76fe991e14bf7b661f56fcd3e9d8f44dcd92c997cfaf1286f?s=96&d=mm&r=g","contentUrl":"https:\/\/secure.gravatar.com\/avatar\/7d43172b7c8451a76fe991e14bf7b661f56fcd3e9d8f44dcd92c997cfaf1286f?s=96&d=mm&r=g","caption":"Rafael Ferreira Chaves"},"description":"Engenheiro Civil formado pela Universidade Federal do Piau\u00ed - UFPI. Especialista em Engenharia Ambiental e Saneamento B\u00e1sico pela Faculdade Est\u00e1cio. Atualmente exerce o cargo de Auditor de Controle Externo do TCE\/AM. Aprovado e nomeado nos seguintes concursos: ARSETE\/PMT (1\u00ba lugar - Analista de Regula\u00e7\u00e3o - Eng. Civil), Prefeitura de Campinas\/SP (Eng. Civil) , CODEVASF (Analista de Desenvolvimento Regional - Eng. Civil), TCE\/AM (2\u00ba lugar - Auditor de Controle Externo - Obras P\u00fablicas \/ 14\u00ba lugar - Auditor de Controle Externo - Auditoria Governamental), TCE\/TO (2\u00ba lugar - Auditor de Controle Externo - Eng. Civil), TCE GO (Analista de Controle Externo - Controle Externo).","url":"https:\/\/www.estrategiaconcursos.com.br\/blog\/author\/fchaves01gmail-com\/"}]}},"_links":{"self":[{"href":"https:\/\/www.estrategiaconcursos.com.br\/blog\/wp-json\/wp\/v2\/posts\/1164859","targetHints":{"allow":["GET"]}}],"collection":[{"href":"https:\/\/www.estrategiaconcursos.com.br\/blog\/wp-json\/wp\/v2\/posts"}],"about":[{"href":"https:\/\/www.estrategiaconcursos.com.br\/blog\/wp-json\/wp\/v2\/types\/post"}],"author":[{"embeddable":true,"href":"https:\/\/www.estrategiaconcursos.com.br\/blog\/wp-json\/wp\/v2\/users\/2261"}],"replies":[{"embeddable":true,"href":"https:\/\/www.estrategiaconcursos.com.br\/blog\/wp-json\/wp\/v2\/comments?post=1164859"}],"version-history":[{"count":24,"href":"https:\/\/www.estrategiaconcursos.com.br\/blog\/wp-json\/wp\/v2\/posts\/1164859\/revisions"}],"predecessor-version":[{"id":1165211,"href":"https:\/\/www.estrategiaconcursos.com.br\/blog\/wp-json\/wp\/v2\/posts\/1164859\/revisions\/1165211"}],"wp:featuredmedia":[{"embeddable":true,"href":"https:\/\/www.estrategiaconcursos.com.br\/blog\/wp-json\/wp\/v2\/media\/1061850"}],"wp:attachment":[{"href":"https:\/\/www.estrategiaconcursos.com.br\/blog\/wp-json\/wp\/v2\/media?parent=1164859"}],"wp:term":[{"taxonomy":"category","embeddable":true,"href":"https:\/\/www.estrategiaconcursos.com.br\/blog\/wp-json\/wp\/v2\/categories?post=1164859"},{"taxonomy":"post_tag","embeddable":true,"href":"https:\/\/www.estrategiaconcursos.com.br\/blog\/wp-json\/wp\/v2\/tags?post=1164859"},{"taxonomy":"tax_estado","embeddable":true,"href":"https:\/\/www.estrategiaconcursos.com.br\/blog\/wp-json\/wp\/v2\/tax_estado?post=1164859"}],"curies":[{"name":"wp","href":"https:\/\/api.w.org\/{rel}","templated":true}]}}