{"id":1164524,"date":"2023-02-06T09:00:00","date_gmt":"2023-02-06T12:00:00","guid":{"rendered":"https:\/\/www.estrategiaconcursos.com.br\/blog\/?p=1164524"},"modified":"2023-02-10T15:40:11","modified_gmt":"2023-02-10T18:40:11","slug":"carta-aos-assinantes-119","status":"publish","type":"post","link":"https:\/\/www.estrategiaconcursos.com.br\/blog\/carta-aos-assinantes-119\/","title":{"rendered":"Carta aos Assinantes do Estrat\u00e9gia Concursos &#8211; 119"},"content":{"rendered":"\n<p class=\"has-text-align-right has-luminous-vivid-amber-background-color has-background\"><em>Confira, em nossa <strong>cent\u00e9sima<\/strong> <strong>d\u00e9cima<\/strong> <strong>nona<\/strong> carta aos assinantes, a nossa programa\u00e7\u00e3o semanal, as novidades do nosso Sistema de Quest\u00f5es e as principais movimenta\u00e7\u00f5es de concursos.<\/em><\/p>\n\n\n\n<p>Ol\u00e1, pessoal. Tudo bem?<\/p>\n\n\n\n<p>Aqui \u00e9 o<strong> Prof. Diego Cerqueira <\/strong>em nossa <strong><mark style=\"background-color:rgba(0, 0, 0, 0)\" class=\"has-inline-color has-vivid-purple-color\">cent\u00e9sima d\u00e9cima nona carta aos Assinantes<\/mark><\/strong> do Estrat\u00e9gia Concursos.<\/p>\n\n\n\n<p>O governador do Rio de Janeiro, Cl\u00e1udio Castro, anunciou nas redes sociais a convoca\u00e7\u00e3o de <strong>2.600 candidatos<\/strong> do concurso da <strong><mark style=\"background-color:rgba(0, 0, 0, 0)\" class=\"has-inline-color has-vivid-purple-color\">Pol\u00edcia Civil do Estado do Rio de Janeiro<\/mark><\/strong> para aplica\u00e7\u00e3o do <strong>Teste de Aptid\u00e3o F\u00edsica (TAF)<\/strong>. O curso de forma\u00e7\u00e3o foi iniciado na ACADEPOL e a lota\u00e7\u00e3o dos aprovados ocorrer\u00e1 <strong>at\u00e9 o segundo semestre<\/strong> deste ano. Excelente not\u00edcia para os nossos alunos aprovados, n\u00e3o \u00e9 mesmo? Se voc\u00ea quiser saber mais detalhes sobre este concurso, <a href=\"https:\/\/www.estrategiaconcursos.com.br\/blog\/concurso-policia-civil-rj\/\">acesse este artigo<\/a> do nosso Blog.<\/p>\n\n\n\n<p>Voc\u00ea j\u00e1 conhece os nossos artigos de <strong><mark style=\"background-color:rgba(0, 0, 0, 0)\" class=\"has-inline-color has-vivid-purple-color\">Guia de Estudos<\/mark><\/strong>? Voc\u00ea sabe que o nosso Sistema de Quest\u00f5es possui <strong>o maior banco de quest\u00f5es de concurso comentadas<\/strong> por professores, certo? Mas n\u00f3s tamb\u00e9m sabemos que na vida do concurseiro n\u00e3o h\u00e1 tempo para resolver todas essas quest\u00f5es. Por este motivo, n\u00f3s criamos as Guias de Estudo por <strong>\u00e1reas<\/strong> de concursos p\u00fablicos. <a href=\"https:\/\/www.estrategiaconcursos.com.br\/blog\/guia-de-estudos-area-fiscal-2023\/\">Esta aqui<\/a>, por exemplo, \u00e9 da <strong>\u00e1rea fiscal<\/strong>. Acesse e fa\u00e7a um estudo mais direcionado para a sua prova.<\/p>\n\n\n\n<p>Para os nossos alunos que foram aprovados no concurso do <strong><mark style=\"background-color:rgba(0, 0, 0, 0)\" class=\"has-inline-color has-vivid-purple-color\">INSS<\/mark><\/strong>, n\u00f3s temos novidades. O <strong>CEBRASPE<\/strong> divulgou que entre os dias 05 de mar\u00e7o e 06 de abril come\u00e7ar\u00e1 o <strong><mark style=\"background-color:rgba(0, 0, 0, 0)\" class=\"has-inline-color has-black-color\">Curso de Forma\u00e7\u00e3o<\/mark><\/strong>. O curso ter\u00e1 a carga hor\u00e1ria de at\u00e9 <strong>180 horas presenciais<\/strong> (30 a 45 dias), em tempo integral, com atividades que poder\u00e3o ser desenvolvidas nos turnos diurno e noturno. A avalia\u00e7\u00e3o consistir\u00e1 de <strong>prova objetiva<\/strong>, composta de 120 itens para julgamento certo ou errado, e de <strong>prova discursiva<\/strong>, composta de duas quest\u00f5es discursivas, a serem respondidas em at\u00e9 15 linhas, acerca dos conte\u00fados ministrados no curso. Para ficar por dentro de todos os detalhes, <a href=\"https:\/\/www.estrategiaconcursos.com.br\/blog\/concurso-inss\/#curso\">acesse aqui<\/a> o artigo completo no Blog.<\/p>\n\n\n\n<h2 class=\"wp-block-heading\" id=\"h-sistema-de-questoes-do-estrategia\">Sistema de Quest\u00f5es do Estrat\u00e9gia<\/h2>\n\n\n\n<p>Na \u00faltima semana a nossa equipe do Sistema de Quest\u00f5es <strong>atualizou<\/strong> os seguintes <strong>Caderno de Quest\u00f5es In\u00e9ditas<\/strong>:<\/p>\n\n\n\n<ul class=\"wp-block-list\">\n<li>Secretaria da Fazenda do Estado de Mato Grosso (<a href=\"https:\/\/www.estrategiaconcursos.com.br\/blog\/questoes-ineditas-sefaz-mt\/\">Clique aqui!<\/a>)<\/li>\n\n\n\n<li>Tribunal Superior Eleitoral \u2013 Unificado (<a href=\"https:\/\/www.estrategiaconcursos.com.br\/blog\/questoes-ineditas-tse-unificado\/\">Clique aqui!<\/a>)<\/li>\n<\/ul>\n\n\n\n<h2 class=\"wp-block-heading\" id=\"h-agora-vamos-ver-as-principais-movimentacoes-de-concursos-da-ultima-semana\">Agora, vamos ver as principais movimenta\u00e7\u00f5es de concursos da \u00faltima semana?<\/h2>\n\n\n\n<ul class=\"wp-block-list\">\n<li><a href=\"https:\/\/www.estrategiaconcursos.com.br\/blog\/concurso-ager-mt\/\">AGER MT:<\/a> Foi publicado no Di\u00e1rio Oficial do Estado de Mato Grosso de 1\u00ba de fevereiro de 2023 o edital do concurso p\u00fablico Ag\u00eancia Estadual de Regula\u00e7\u00e3o dos Servi\u00e7os P\u00fablicos Delegados de Mato Grosso. Ao todo, s\u00e3o oferecidas 54 vagas para cargos de n\u00edvel m\u00e9dio e superior de forma\u00e7\u00e3o. Sob organiza\u00e7\u00e3o do Cebraspe, as inscri\u00e7\u00f5es ficar\u00e3o abertas entre os dias 24 de fevereiro e 15 de mar\u00e7o de 2023. Ademais, de acordo com o Presidente Regulador da AGER, Luis Alberto Nespolo, a expectativa \u00e9 nomear todo esse quantitativo durante a validade do concurso. Iniciando chamar para reposi\u00e7\u00e3o de vagas de servidores tempor\u00e1rios que est\u00e3o concluindo o prazo de nomea\u00e7\u00e3o ainda em 2023.<\/li>\n<\/ul>\n\n\n\n<ul class=\"wp-block-list\">\n<li><a href=\"https:\/\/www.estrategiaconcursos.com.br\/blog\/concurso-procergs\/\">PROCERGS:<\/a> Foi publicado o edital do concurso PROCERGS (Centro de Tecnologia da Informa\u00e7\u00e3o e Comunica\u00e7\u00e3o do Estado do RS). Ao todo, s\u00e3o ofertadas 120 vagas com sal\u00e1rios iniciais de at\u00e9 R$ 7,7 mil. As oportunidades s\u00e3o para os cargos de Analista T\u00e9cnico (diversas especialidades), Analista em Computa\u00e7\u00e3o (diversas especialidades), Assistente T\u00e9cnico e T\u00e9cnico em Inform\u00e1tica. Os interessados em participar do certame devem se inscrever at\u00e9 o dia 02 de mar\u00e7o, atrav\u00e9s do site da banca organizadora, a Fundatec. Os candidatos ter\u00e3o que enfrentar provas objetivas, de car\u00e1ter classificat\u00f3rio e eliminat\u00f3rio, que ser\u00e3o aplicadas no dia 07 de maio, no munic\u00edpio de Porto Alegre\/RS. Ademais, a admiss\u00e3o dos futuros aprovados ser\u00e1 sob o regime da Consolida\u00e7\u00e3o das Leis do Trabalho (CLT).<\/li>\n<\/ul>\n\n\n\n<ul class=\"wp-block-list\">\n<li><a href=\"https:\/\/www.estrategiaconcursos.com.br\/blog\/concurso-seger-es\/\">SEGER ES:<\/a> A Secretaria de Gest\u00e3o e Recursos Humanos publicou, no Di\u00e1rio Oficial do Estado desta quinta-feira (02), edital que determina a anula\u00e7\u00e3o das provas objetivas e discursiva do concurso p\u00fablico para o cargo de Analista do Executivo, exclusivamente para a forma\u00e7\u00e3o de Arquivologia, e convoca candidatos para a reaplica\u00e7\u00e3o das provas. As avalia\u00e7\u00f5es da forma\u00e7\u00e3o Arquivologia ser\u00e3o reaplicadas no dia 12 de fevereiro de 2023, das 13 \u00e0s 18 horas, somente aos candidatos que estiveram presentes na data da primeira aplica\u00e7\u00e3o. J\u00e1 os locais de prova ser\u00e3o divulgados na pr\u00f3xima segunda-feira (06). Para todas as demais forma\u00e7\u00f5es, o concurso ter\u00e1 seguimento sem nenhuma altera\u00e7\u00e3o, permanecendo v\u00e1lidas as disposi\u00e7\u00f5es do edital de abertura. S\u00e3o oferecidas 2.000 vagas (200 imediatas e 1.800 em cadastro reserva) para Analista do Executivo, que possui remunera\u00e7\u00e3o inicial de R$ 6,5 mil.<\/li>\n<\/ul>\n\n\n\n<ul class=\"wp-block-list\">\n<li><a href=\"https:\/\/www.estrategiaconcursos.com.br\/blog\/concurso-policia-cientifica-go\/\">Pol\u00edcia Cient\u00edfica GO<\/a>: Foi publicado o edital do concurso Pol\u00edcia Cient\u00edfica GO. Conforme o documento, s\u00e3o ofertadas 141 vagas para Auxiliar de Aut\u00f3psia e Perito Criminal (n\u00edvel fundamental e superior, respectivamente). Os sal\u00e1rios variam de R$ 6.353,13 a R$ 12.247,85. Os interessados devem realizar as inscri\u00e7\u00f5es no per\u00edodo de 03 de mar\u00e7o a 09 de abril, no site da banca IADES. A aplica\u00e7\u00e3o da prova \u00e9 prevista nos dias 7 e 21 de maio.<\/li>\n<\/ul>\n\n\n\n<ul class=\"wp-block-list\">\n<li><a href=\"https:\/\/www.estrategiaconcursos.com.br\/blog\/concurso-brb\/\">BRB<\/a>: Um novo edital do concurso BRB (Banco de Bras\u00edlia) deve ser lan\u00e7ado em julho deste ano para o cargo de Analista de Tecnologia da Informa\u00e7\u00e3o, de n\u00edvel superior. O quantitativo de vagas, contudo, ainda n\u00e3o foi revelado. O atual sal\u00e1rio da carreira \u00e9 de R$ 9.757,99, segundo acordo coletivo, para uma jornada de 30h semanais.<\/li>\n<\/ul>\n\n\n\n<ul class=\"wp-block-list\">\n<li><a href=\"https:\/\/www.estrategiaconcursos.com.br\/blog\/concurso-tj-sp-edital-publicado-escrevente\/\">TJ SP:<\/a> Foi publicado o mais novo edital do concurso TJ SP (Tribunal de Justi\u00e7a de S\u00e3o Paulo) com a oferta de 400 vagas para o cargo de Escrevente T\u00e9cnico Judici\u00e1rio. A carreira exige o n\u00edvel m\u00e9dio de escolaridade, com sal\u00e1rio inicial fixado em R$ 5.480,54, al\u00e9m de diversos benef\u00edcios. Os interessados na sele\u00e7\u00e3o poder\u00e3o se candidatar entre os dias 17 de fevereiro a 28 de mar\u00e7o, atrav\u00e9s do portal da banca organizadora, a Funda\u00e7\u00e3o Vunesp, ao custo de R$ 81,00. As provas s\u00e3o previstas para 28 de maio.<\/li>\n<\/ul>\n\n\n\n<ul class=\"wp-block-list\">\n<li><a href=\"https:\/\/www.estrategiaconcursos.com.br\/blog\/concurso-dpe-pa\/\">DPE PA:<\/a> A Defensoria P\u00fablica do Par\u00e1 (DPE PA) divulgou novo edital do concurso p\u00fablico! S\u00e3o ofertadas 25 vagas imediatas mais forma\u00e7\u00e3o de cadastro de reserva para o cargo de Analista da Defensoria em diversas especialidades. As oportunidades s\u00e3o de n\u00edvel superior de escolaridade, e os sal\u00e1rio inicial ofertado ao cargo \u00e9 de R$ 6.911,8! Os interessados em participar da sele\u00e7\u00e3o devem realizar as inscri\u00e7\u00f5es no per\u00edodo entre os dias 06 de fevereiro e 07 de mar\u00e7o de 2023, no site da banca organizadora, Legalle Concursos, ao custo de R$ 100,00.<\/li>\n<\/ul>\n\n\n\n<ul class=\"wp-block-list\">\n<li><a href=\"https:\/\/www.estrategiaconcursos.com.br\/blog\/concurso-tj-go\/\">TJ GO:<\/a> Em entrevista coletiva concedida pelo presidente reeleito do TJGO, desembargador Carlos Fran\u00e7a, no dia 01 de fevereiro de 2023, foi anunciado que um novo concurso p\u00fablico para magistrados e servidores deve ocorrer ainda este ano. De acordo com o desembargador, os novos certames \u201cser\u00e3o lan\u00e7ados imediatamente para magistrados e servidores com o objetivo de atender as demandas do 1\u00ba grau\u201d.<\/li>\n<\/ul>\n\n\n\n<p>Desejo a todos uma excelente semana de estudos!<\/p>\n\n\n\n<p>Abra\u00e7os,<\/p>\n\n\n\n<p><strong>Prof. Diego Cerqueira<\/strong><\/p>\n","protected":false},"excerpt":{"rendered":"<p>Confira, em nossa cent\u00e9sima d\u00e9cima nona carta aos assinantes, a nossa programa\u00e7\u00e3o semanal, as novidades do nosso Sistema de Quest\u00f5es e as principais movimenta\u00e7\u00f5es de concursos. Ol\u00e1, pessoal. Tudo bem? Aqui \u00e9 o Prof. Diego Cerqueira em nossa cent\u00e9sima d\u00e9cima nona carta aos Assinantes do Estrat\u00e9gia Concursos. O governador do Rio de Janeiro, Cl\u00e1udio Castro, [&hellip;]<\/p>\n","protected":false},"author":1789,"featured_media":1164530,"comment_status":"open","ping_status":"closed","sticky":false,"template":"","format":"standard","meta":{"post_tipo":"article","footnotes":""},"categories":[1],"tags":[],"tax_estado":[219964,219965,219966,219967,219968,219969,219963,219970,219971,219972,219973,219974,219975,219976,219977,219978,219979,219980,219981,219982,219983,219984,219985,219986,219987,219988,219989,219990],"class_list":["post-1164524","post","type-post","status-publish","format-standard","has-post-thumbnail","hentry","category-cursos-e-concursos","tax_estado-ac","tax_estado-al","tax_estado-am","tax_estado-ap","tax_estado-ba","tax_estado-ce","tax_estado-concursos-federais","tax_estado-df","tax_estado-es","tax_estado-go","tax_estado-ma","tax_estado-mg","tax_estado-ms","tax_estado-mt","tax_estado-pa","tax_estado-pb","tax_estado-pe","tax_estado-pi","tax_estado-pr","tax_estado-rj","tax_estado-rn","tax_estado-ro","tax_estado-rr","tax_estado-rs","tax_estado-sc","tax_estado-se","tax_estado-sp","tax_estado-to"],"acf":[],"yoast_head":"<!-- This site is optimized with the Yoast SEO Premium plugin v27.2 (Yoast SEO v27.2) - https:\/\/yoast.com\/product\/yoast-seo-premium-wordpress\/ -->\n<title>Carta aos Assinantes do Estrat\u00e9gia Concursos - 119<\/title>\n<meta name=\"description\" content=\"Confira, em nossa 119\u00aa carta aos assinantes, a nossa programa\u00e7\u00e3o semanal, as novidades do nosso SQ e as principais movimenta\u00e7\u00f5es de concursos.\" \/>\n<meta name=\"robots\" content=\"index, follow, max-snippet:-1, max-image-preview:large, max-video-preview:-1\" \/>\n<link rel=\"canonical\" href=\"https:\/\/www.estrategiaconcursos.com.br\/blog\/carta-aos-assinantes-119\/\" \/>\n<meta property=\"og:locale\" content=\"pt_BR\" \/>\n<meta property=\"og:type\" content=\"article\" \/>\n<meta property=\"og:title\" content=\"Carta aos Assinantes do Estrat\u00e9gia Concursos - 119\" \/>\n<meta property=\"og:description\" content=\"Confira, em nossa 119\u00aa carta aos assinantes, a nossa programa\u00e7\u00e3o semanal, as novidades do nosso SQ e as principais movimenta\u00e7\u00f5es de concursos.\" \/>\n<meta property=\"og:url\" content=\"https:\/\/www.estrategiaconcursos.com.br\/blog\/carta-aos-assinantes-119\/\" \/>\n<meta property=\"og:site_name\" content=\"Estrat\u00e9gia Concursos\" \/>\n<meta property=\"article:published_time\" content=\"2023-02-06T12:00:00+00:00\" \/>\n<meta property=\"article:modified_time\" content=\"2023-02-10T18:40:11+00:00\" \/>\n<meta property=\"og:image\" content=\"https:\/\/dhg1h5j42swfq.cloudfront.net\/2023\/02\/03133730\/imagem-carta-aos-assinantes.png\" \/>\n\t<meta property=\"og:image:width\" content=\"800\" \/>\n\t<meta property=\"og:image:height\" content=\"450\" \/>\n\t<meta property=\"og:image:type\" content=\"image\/png\" \/>\n<meta name=\"author\" content=\"Coordena\u00e7\u00e3o Estrat\u00e9gia\" \/>\n<meta name=\"twitter:card\" content=\"summary_large_image\" \/>\n<meta name=\"twitter:creator\" content=\"@EstratConcursos\" \/>\n<meta name=\"twitter:site\" content=\"@EstratConcursos\" \/>\n<meta name=\"twitter:label1\" content=\"Escrito por\" \/>\n\t<meta name=\"twitter:data1\" content=\"Coordena\u00e7\u00e3o Estrat\u00e9gia\" \/>\n\t<meta name=\"twitter:label2\" content=\"Est. tempo de leitura\" \/>\n\t<meta name=\"twitter:data2\" content=\"6 minutos\" \/>\n<script type=\"application\/ld+json\" class=\"yoast-schema-graph\">{\"@context\":\"https:\/\/schema.org\",\"@graph\":[{\"@type\":\"NewsArticle\",\"@id\":\"https:\/\/www.estrategiaconcursos.com.br\/blog\/carta-aos-assinantes-119\/#article\",\"isPartOf\":{\"@id\":\"https:\/\/www.estrategiaconcursos.com.br\/blog\/carta-aos-assinantes-119\/\"},\"author\":{\"name\":\"Coordena\u00e7\u00e3o Estrat\u00e9gia\",\"@id\":\"https:\/\/www.estrategiaconcursos.com.br\/blog\/#\/schema\/person\/ba5fab3b1fa4a358429e37bc50f74021\"},\"headline\":\"Carta aos Assinantes do Estrat\u00e9gia Concursos &#8211; 119\",\"datePublished\":\"2023-02-06T12:00:00+00:00\",\"dateModified\":\"2023-02-10T18:40:11+00:00\",\"mainEntityOfPage\":{\"@id\":\"https:\/\/www.estrategiaconcursos.com.br\/blog\/carta-aos-assinantes-119\/\"},\"wordCount\":1220,\"commentCount\":0,\"publisher\":{\"@id\":\"https:\/\/www.estrategiaconcursos.com.br\/blog\/#organization\"},\"image\":{\"@id\":\"https:\/\/www.estrategiaconcursos.com.br\/blog\/carta-aos-assinantes-119\/#primaryimage\"},\"thumbnailUrl\":\"https:\/\/dhg1h5j42swfq.cloudfront.net\/2023\/02\/03133730\/imagem-carta-aos-assinantes.png\",\"articleSection\":[\"Concursos P\u00fablicos\"],\"inLanguage\":\"pt-BR\",\"potentialAction\":[{\"@type\":\"CommentAction\",\"name\":\"Comment\",\"target\":[\"https:\/\/www.estrategiaconcursos.com.br\/blog\/carta-aos-assinantes-119\/#respond\"]}],\"copyrightYear\":\"2023\",\"copyrightHolder\":{\"@id\":\"https:\/\/www.estrategiaconcursos.com.br\/blog\/#organization\"}},{\"@type\":\"WebPage\",\"@id\":\"https:\/\/www.estrategiaconcursos.com.br\/blog\/carta-aos-assinantes-119\/\",\"url\":\"https:\/\/www.estrategiaconcursos.com.br\/blog\/carta-aos-assinantes-119\/\",\"name\":\"Carta aos Assinantes do Estrat\u00e9gia Concursos - 119\",\"isPartOf\":{\"@id\":\"https:\/\/www.estrategiaconcursos.com.br\/blog\/#website\"},\"primaryImageOfPage\":{\"@id\":\"https:\/\/www.estrategiaconcursos.com.br\/blog\/carta-aos-assinantes-119\/#primaryimage\"},\"image\":{\"@id\":\"https:\/\/www.estrategiaconcursos.com.br\/blog\/carta-aos-assinantes-119\/#primaryimage\"},\"thumbnailUrl\":\"https:\/\/dhg1h5j42swfq.cloudfront.net\/2023\/02\/03133730\/imagem-carta-aos-assinantes.png\",\"datePublished\":\"2023-02-06T12:00:00+00:00\",\"dateModified\":\"2023-02-10T18:40:11+00:00\",\"description\":\"Confira, em nossa 119\u00aa carta aos assinantes, a nossa programa\u00e7\u00e3o semanal, as novidades do nosso SQ e as principais movimenta\u00e7\u00f5es de concursos.\",\"breadcrumb\":{\"@id\":\"https:\/\/www.estrategiaconcursos.com.br\/blog\/carta-aos-assinantes-119\/#breadcrumb\"},\"inLanguage\":\"pt-BR\",\"potentialAction\":[{\"@type\":\"ReadAction\",\"target\":[\"https:\/\/www.estrategiaconcursos.com.br\/blog\/carta-aos-assinantes-119\/\"]}]},{\"@type\":\"ImageObject\",\"inLanguage\":\"pt-BR\",\"@id\":\"https:\/\/www.estrategiaconcursos.com.br\/blog\/carta-aos-assinantes-119\/#primaryimage\",\"url\":\"https:\/\/dhg1h5j42swfq.cloudfront.net\/2023\/02\/03133730\/imagem-carta-aos-assinantes.png\",\"contentUrl\":\"https:\/\/dhg1h5j42swfq.cloudfront.net\/2023\/02\/03133730\/imagem-carta-aos-assinantes.png\",\"width\":800,\"height\":450},{\"@type\":\"BreadcrumbList\",\"@id\":\"https:\/\/www.estrategiaconcursos.com.br\/blog\/carta-aos-assinantes-119\/#breadcrumb\",\"itemListElement\":[{\"@type\":\"ListItem\",\"position\":1,\"name\":\"In\u00edcio\",\"item\":\"https:\/\/www.estrategiaconcursos.com.br\/blog\/\"},{\"@type\":\"ListItem\",\"position\":2,\"name\":\"Carta aos Assinantes do Estrat\u00e9gia Concursos &#8211; 119\"}]},{\"@type\":\"WebSite\",\"@id\":\"https:\/\/www.estrategiaconcursos.com.br\/blog\/#website\",\"url\":\"https:\/\/www.estrategiaconcursos.com.br\/blog\/\",\"name\":\"Estrat\u00e9gia Concursos\",\"description\":\"O blog da Estrat\u00e9gia Concursos traz not\u00edcias sobre concursos e artigos de professores oferecendo cursos para concursos (pdf + videaulas) no site.\",\"publisher\":{\"@id\":\"https:\/\/www.estrategiaconcursos.com.br\/blog\/#organization\"},\"potentialAction\":[{\"@type\":\"SearchAction\",\"target\":{\"@type\":\"EntryPoint\",\"urlTemplate\":\"https:\/\/www.estrategiaconcursos.com.br\/blog\/?s={search_term_string}\"},\"query-input\":{\"@type\":\"PropertyValueSpecification\",\"valueRequired\":true,\"valueName\":\"search_term_string\"}}],\"inLanguage\":\"pt-BR\"},{\"@type\":\"Organization\",\"@id\":\"https:\/\/www.estrategiaconcursos.com.br\/blog\/#organization\",\"name\":\"Estrat\u00e9gia Concursos\",\"url\":\"https:\/\/www.estrategiaconcursos.com.br\/blog\/\",\"logo\":{\"@type\":\"ImageObject\",\"inLanguage\":\"pt-BR\",\"@id\":\"https:\/\/www.estrategiaconcursos.com.br\/blog\/#\/schema\/logo\/image\/\",\"url\":\"https:\/\/dhg1h5j42swfq.cloudfront.net\/2025\/06\/03203428\/logo_concursos-1.jpg\",\"contentUrl\":\"https:\/\/dhg1h5j42swfq.cloudfront.net\/2025\/06\/03203428\/logo_concursos-1.jpg\",\"width\":230,\"height\":60,\"caption\":\"Estrat\u00e9gia Concursos\"},\"image\":{\"@id\":\"https:\/\/www.estrategiaconcursos.com.br\/blog\/#\/schema\/logo\/image\/\"},\"sameAs\":[\"https:\/\/x.com\/EstratConcursos\"]},{\"@type\":\"Person\",\"@id\":\"https:\/\/www.estrategiaconcursos.com.br\/blog\/#\/schema\/person\/ba5fab3b1fa4a358429e37bc50f74021\",\"name\":\"Coordena\u00e7\u00e3o Estrat\u00e9gia\",\"image\":{\"@type\":\"ImageObject\",\"inLanguage\":\"pt-BR\",\"@id\":\"https:\/\/secure.gravatar.com\/avatar\/adff33ff18541ba37c900dd2b1e82dbfb0fe33d873b92636b4827a8da462feb3?s=96&d=mm&r=g\",\"url\":\"https:\/\/secure.gravatar.com\/avatar\/adff33ff18541ba37c900dd2b1e82dbfb0fe33d873b92636b4827a8da462feb3?s=96&d=mm&r=g\",\"contentUrl\":\"https:\/\/secure.gravatar.com\/avatar\/adff33ff18541ba37c900dd2b1e82dbfb0fe33d873b92636b4827a8da462feb3?s=96&d=mm&r=g\",\"caption\":\"Coordena\u00e7\u00e3o Estrat\u00e9gia\"},\"url\":\"https:\/\/www.estrategiaconcursos.com.br\/blog\/author\/victor-tanakaaestrategiaconcursos-com-br\/\"}]}<\/script>\n<!-- \/ Yoast SEO Premium plugin. -->","yoast_head_json":{"title":"Carta aos Assinantes do Estrat\u00e9gia Concursos - 119","description":"Confira, em nossa 119\u00aa carta aos assinantes, a nossa programa\u00e7\u00e3o semanal, as novidades do nosso SQ e as principais movimenta\u00e7\u00f5es de concursos.","robots":{"index":"index","follow":"follow","max-snippet":"max-snippet:-1","max-image-preview":"max-image-preview:large","max-video-preview":"max-video-preview:-1"},"canonical":"https:\/\/www.estrategiaconcursos.com.br\/blog\/carta-aos-assinantes-119\/","og_locale":"pt_BR","og_type":"article","og_title":"Carta aos Assinantes do Estrat\u00e9gia Concursos - 119","og_description":"Confira, em nossa 119\u00aa carta aos assinantes, a nossa programa\u00e7\u00e3o semanal, as novidades do nosso SQ e as principais movimenta\u00e7\u00f5es de concursos.","og_url":"https:\/\/www.estrategiaconcursos.com.br\/blog\/carta-aos-assinantes-119\/","og_site_name":"Estrat\u00e9gia Concursos","article_published_time":"2023-02-06T12:00:00+00:00","article_modified_time":"2023-02-10T18:40:11+00:00","og_image":[{"width":800,"height":450,"url":"https:\/\/dhg1h5j42swfq.cloudfront.net\/2023\/02\/03133730\/imagem-carta-aos-assinantes.png","type":"image\/png"}],"author":"Coordena\u00e7\u00e3o Estrat\u00e9gia","twitter_card":"summary_large_image","twitter_creator":"@EstratConcursos","twitter_site":"@EstratConcursos","twitter_misc":{"Escrito por":"Coordena\u00e7\u00e3o Estrat\u00e9gia","Est. tempo de leitura":"6 minutos"},"schema":{"@context":"https:\/\/schema.org","@graph":[{"@type":"NewsArticle","@id":"https:\/\/www.estrategiaconcursos.com.br\/blog\/carta-aos-assinantes-119\/#article","isPartOf":{"@id":"https:\/\/www.estrategiaconcursos.com.br\/blog\/carta-aos-assinantes-119\/"},"author":{"name":"Coordena\u00e7\u00e3o Estrat\u00e9gia","@id":"https:\/\/www.estrategiaconcursos.com.br\/blog\/#\/schema\/person\/ba5fab3b1fa4a358429e37bc50f74021"},"headline":"Carta aos Assinantes do Estrat\u00e9gia Concursos &#8211; 119","datePublished":"2023-02-06T12:00:00+00:00","dateModified":"2023-02-10T18:40:11+00:00","mainEntityOfPage":{"@id":"https:\/\/www.estrategiaconcursos.com.br\/blog\/carta-aos-assinantes-119\/"},"wordCount":1220,"commentCount":0,"publisher":{"@id":"https:\/\/www.estrategiaconcursos.com.br\/blog\/#organization"},"image":{"@id":"https:\/\/www.estrategiaconcursos.com.br\/blog\/carta-aos-assinantes-119\/#primaryimage"},"thumbnailUrl":"https:\/\/dhg1h5j42swfq.cloudfront.net\/2023\/02\/03133730\/imagem-carta-aos-assinantes.png","articleSection":["Concursos P\u00fablicos"],"inLanguage":"pt-BR","potentialAction":[{"@type":"CommentAction","name":"Comment","target":["https:\/\/www.estrategiaconcursos.com.br\/blog\/carta-aos-assinantes-119\/#respond"]}],"copyrightYear":"2023","copyrightHolder":{"@id":"https:\/\/www.estrategiaconcursos.com.br\/blog\/#organization"}},{"@type":"WebPage","@id":"https:\/\/www.estrategiaconcursos.com.br\/blog\/carta-aos-assinantes-119\/","url":"https:\/\/www.estrategiaconcursos.com.br\/blog\/carta-aos-assinantes-119\/","name":"Carta aos Assinantes do Estrat\u00e9gia Concursos - 119","isPartOf":{"@id":"https:\/\/www.estrategiaconcursos.com.br\/blog\/#website"},"primaryImageOfPage":{"@id":"https:\/\/www.estrategiaconcursos.com.br\/blog\/carta-aos-assinantes-119\/#primaryimage"},"image":{"@id":"https:\/\/www.estrategiaconcursos.com.br\/blog\/carta-aos-assinantes-119\/#primaryimage"},"thumbnailUrl":"https:\/\/dhg1h5j42swfq.cloudfront.net\/2023\/02\/03133730\/imagem-carta-aos-assinantes.png","datePublished":"2023-02-06T12:00:00+00:00","dateModified":"2023-02-10T18:40:11+00:00","description":"Confira, em nossa 119\u00aa carta aos assinantes, a nossa programa\u00e7\u00e3o semanal, as novidades do nosso SQ e as principais movimenta\u00e7\u00f5es de concursos.","breadcrumb":{"@id":"https:\/\/www.estrategiaconcursos.com.br\/blog\/carta-aos-assinantes-119\/#breadcrumb"},"inLanguage":"pt-BR","potentialAction":[{"@type":"ReadAction","target":["https:\/\/www.estrategiaconcursos.com.br\/blog\/carta-aos-assinantes-119\/"]}]},{"@type":"ImageObject","inLanguage":"pt-BR","@id":"https:\/\/www.estrategiaconcursos.com.br\/blog\/carta-aos-assinantes-119\/#primaryimage","url":"https:\/\/dhg1h5j42swfq.cloudfront.net\/2023\/02\/03133730\/imagem-carta-aos-assinantes.png","contentUrl":"https:\/\/dhg1h5j42swfq.cloudfront.net\/2023\/02\/03133730\/imagem-carta-aos-assinantes.png","width":800,"height":450},{"@type":"BreadcrumbList","@id":"https:\/\/www.estrategiaconcursos.com.br\/blog\/carta-aos-assinantes-119\/#breadcrumb","itemListElement":[{"@type":"ListItem","position":1,"name":"In\u00edcio","item":"https:\/\/www.estrategiaconcursos.com.br\/blog\/"},{"@type":"ListItem","position":2,"name":"Carta aos Assinantes do Estrat\u00e9gia Concursos &#8211; 119"}]},{"@type":"WebSite","@id":"https:\/\/www.estrategiaconcursos.com.br\/blog\/#website","url":"https:\/\/www.estrategiaconcursos.com.br\/blog\/","name":"Estrat\u00e9gia Concursos","description":"O blog da Estrat\u00e9gia Concursos traz not\u00edcias sobre concursos e artigos de professores oferecendo cursos para concursos (pdf + videaulas) no site.","publisher":{"@id":"https:\/\/www.estrategiaconcursos.com.br\/blog\/#organization"},"potentialAction":[{"@type":"SearchAction","target":{"@type":"EntryPoint","urlTemplate":"https:\/\/www.estrategiaconcursos.com.br\/blog\/?s={search_term_string}"},"query-input":{"@type":"PropertyValueSpecification","valueRequired":true,"valueName":"search_term_string"}}],"inLanguage":"pt-BR"},{"@type":"Organization","@id":"https:\/\/www.estrategiaconcursos.com.br\/blog\/#organization","name":"Estrat\u00e9gia Concursos","url":"https:\/\/www.estrategiaconcursos.com.br\/blog\/","logo":{"@type":"ImageObject","inLanguage":"pt-BR","@id":"https:\/\/www.estrategiaconcursos.com.br\/blog\/#\/schema\/logo\/image\/","url":"https:\/\/dhg1h5j42swfq.cloudfront.net\/2025\/06\/03203428\/logo_concursos-1.jpg","contentUrl":"https:\/\/dhg1h5j42swfq.cloudfront.net\/2025\/06\/03203428\/logo_concursos-1.jpg","width":230,"height":60,"caption":"Estrat\u00e9gia Concursos"},"image":{"@id":"https:\/\/www.estrategiaconcursos.com.br\/blog\/#\/schema\/logo\/image\/"},"sameAs":["https:\/\/x.com\/EstratConcursos"]},{"@type":"Person","@id":"https:\/\/www.estrategiaconcursos.com.br\/blog\/#\/schema\/person\/ba5fab3b1fa4a358429e37bc50f74021","name":"Coordena\u00e7\u00e3o Estrat\u00e9gia","image":{"@type":"ImageObject","inLanguage":"pt-BR","@id":"https:\/\/secure.gravatar.com\/avatar\/adff33ff18541ba37c900dd2b1e82dbfb0fe33d873b92636b4827a8da462feb3?s=96&d=mm&r=g","url":"https:\/\/secure.gravatar.com\/avatar\/adff33ff18541ba37c900dd2b1e82dbfb0fe33d873b92636b4827a8da462feb3?s=96&d=mm&r=g","contentUrl":"https:\/\/secure.gravatar.com\/avatar\/adff33ff18541ba37c900dd2b1e82dbfb0fe33d873b92636b4827a8da462feb3?s=96&d=mm&r=g","caption":"Coordena\u00e7\u00e3o Estrat\u00e9gia"},"url":"https:\/\/www.estrategiaconcursos.com.br\/blog\/author\/victor-tanakaaestrategiaconcursos-com-br\/"}]}},"_links":{"self":[{"href":"https:\/\/www.estrategiaconcursos.com.br\/blog\/wp-json\/wp\/v2\/posts\/1164524","targetHints":{"allow":["GET"]}}],"collection":[{"href":"https:\/\/www.estrategiaconcursos.com.br\/blog\/wp-json\/wp\/v2\/posts"}],"about":[{"href":"https:\/\/www.estrategiaconcursos.com.br\/blog\/wp-json\/wp\/v2\/types\/post"}],"author":[{"embeddable":true,"href":"https:\/\/www.estrategiaconcursos.com.br\/blog\/wp-json\/wp\/v2\/users\/1789"}],"replies":[{"embeddable":true,"href":"https:\/\/www.estrategiaconcursos.com.br\/blog\/wp-json\/wp\/v2\/comments?post=1164524"}],"version-history":[{"count":1,"href":"https:\/\/www.estrategiaconcursos.com.br\/blog\/wp-json\/wp\/v2\/posts\/1164524\/revisions"}],"predecessor-version":[{"id":1164531,"href":"https:\/\/www.estrategiaconcursos.com.br\/blog\/wp-json\/wp\/v2\/posts\/1164524\/revisions\/1164531"}],"wp:featuredmedia":[{"embeddable":true,"href":"https:\/\/www.estrategiaconcursos.com.br\/blog\/wp-json\/wp\/v2\/media\/1164530"}],"wp:attachment":[{"href":"https:\/\/www.estrategiaconcursos.com.br\/blog\/wp-json\/wp\/v2\/media?parent=1164524"}],"wp:term":[{"taxonomy":"category","embeddable":true,"href":"https:\/\/www.estrategiaconcursos.com.br\/blog\/wp-json\/wp\/v2\/categories?post=1164524"},{"taxonomy":"post_tag","embeddable":true,"href":"https:\/\/www.estrategiaconcursos.com.br\/blog\/wp-json\/wp\/v2\/tags?post=1164524"},{"taxonomy":"tax_estado","embeddable":true,"href":"https:\/\/www.estrategiaconcursos.com.br\/blog\/wp-json\/wp\/v2\/tax_estado?post=1164524"}],"curies":[{"name":"wp","href":"https:\/\/api.w.org\/{rel}","templated":true}]}}