{"id":1164310,"date":"2024-01-24T11:32:00","date_gmt":"2024-01-24T14:32:00","guid":{"rendered":"https:\/\/www.estrategiaconcursos.com.br\/blog\/?p=1164310"},"modified":"2024-01-24T13:03:48","modified_gmt":"2024-01-24T16:03:48","slug":"concurso-seds-go","status":"publish","type":"post","link":"https:\/\/www.estrategiaconcursos.com.br\/blog\/concurso-seds-go\/","title":{"rendered":"Concurso SEDS GO: mais de 300 vagas; comiss\u00e3o formada!"},"content":{"rendered":"\n<p>O novo concurso p\u00fablico da <strong>Secretaria de Estado de Desenvolvimento Social de Goi\u00e1s &#8211; SEDS GO<\/strong> est\u00e1 em planejamento e deve ter o seu edital publicado ainda neste ano. Est\u00e3o previstas<strong> 371 vagas em dois cargos.<\/strong><\/p>\n\n\n\n<p>Deste total, 243 oportunidades s\u00e3o destinadas para <strong>Agente Socioeducativo<\/strong> e 128 vagas para a <strong>Fun\u00e7\u00e3o de Analista T\u00e9cnico de Assist\u00eancia Social<\/strong>. A informa\u00e7\u00e3o acerca dos cargos foi confirmada pela SEAD ao time do Estrat\u00e9gia:<\/p>\n\n\n\n<figure class=\"wp-block-image aligncenter size-full is-resized\"><img loading=\"lazy\" decoding=\"async\" width=\"802\" height=\"401\" src=\"https:\/\/dhg1h5j42swfq.cloudfront.net\/2024\/01\/24111644\/image-621.png\" alt=\"\" class=\"wp-image-1340422\" style=\"width:716px;height:auto\" srcset=\"https:\/\/dhg1h5j42swfq.cloudfront.net\/2024\/01\/24111644\/image-621.png 802w, https:\/\/dhg1h5j42swfq.cloudfront.net\/2024\/01\/24111644\/image-621-300x150.png 300w, https:\/\/dhg1h5j42swfq.cloudfront.net\/2024\/01\/24111644\/image-621-768x384.png 768w, https:\/\/dhg1h5j42swfq.cloudfront.net\/2024\/01\/24111644\/image-621-610x305.png 610w, https:\/\/dhg1h5j42swfq.cloudfront.net\/2024\/01\/24111644\/image-621-150x75.png 150w\" sizes=\"auto, (max-width: 802px) 100vw, 802px\" \/><\/figure>\n\n\n\n<p>Al\u00e9m disso, \u00e9 importante frisar que o certame j\u00e1 possui uma comiss\u00e3o organizadora formada. O grupo \u00e9 constitu\u00eddo por sete servidores do \u00f3rg\u00e3o, que ser\u00e3o respons\u00e1veis pelo andamento da sele\u00e7\u00e3o.<\/p>\n\n\n\n<p>A etapa de forma\u00e7\u00e3o da comiss\u00e3o \u00e9 aquela que antecede a contrata\u00e7\u00e3o da banca organizadora. Portanto, o pr\u00f3ximo passo ser\u00e1 receber as propostas das empresas interessadas no concurso.<\/p>\n\n\n\n<ul style=\"background-color:#e2e3e4\" class=\"has-background wp-block-list\">\n<li><strong>Secretaria de Estado de Desenvolvimento Social de Goi\u00e1s &#8211; SEDS GO<\/strong><\/li>\n\n\n\n<li><strong>Status:<\/strong>&nbsp;comiss\u00e3o formada<\/li>\n\n\n\n<li><strong>Banca:<\/strong> a definir<\/li>\n\n\n\n<li><strong>Vagas:<\/strong>&nbsp;371<\/li>\n\n\n\n<li><strong>Sal\u00e1rio inicial:<\/strong>&nbsp;a definir<\/li>\n\n\n\n<li><strong><a href=\"https:\/\/dhg1h5j42swfq.cloudfront.net\/2023\/02\/03121125\/edital-13.pdf\" target=\"_blank\" rel=\"noreferrer noopener nofollow\">Edital do \u00faltimo PSS<\/a><\/strong><\/li>\n<\/ul>\n\n\n\n<p>Confira, neste artigo, as principais informa\u00e7\u00f5es do concurso SEDS GO. Acompanhe os t\u00f3picos abaixo e n\u00e3o perca nenhum detalhe:<\/p>\n\n\n\n<ul class=\"wp-block-list\" id=\"indice\">\n<li><a href=\"#orgao\">Sobre o \u00f3rg\u00e3o<\/a><\/li>\n\n\n\n<li><a href=\"#ultimo-edital\">\u00daltimo edital<\/a>\n<ul class=\"wp-block-list\">\n<li><a href=\"#cargos\">Cargos e vagas<\/a><\/li>\n<\/ul>\n<\/li>\n\n\n\n<li><a href=\"#cursos\">Assinatura e cursos<\/a><\/li>\n\n\n\n<li><a href=\"#ficha\">Ficha T\u00e9cnica<\/a><\/li>\n<\/ul>\n\n\n\n<div class=\"container\" id=\"boxes\">\n  <div class=\"row\">\n\n    <div class=\"col-sm\">\n      <div class=\"banner-estrategia\" id=\"box-assinatura\">\n        <h3 class=\"titulo-assinatura\">Cursos para concursos<\/h3>\n        <p class=\"subtitulo-assinatura\">Conhe\u00e7a os cursos<\/p>\n        <div class=\"box-botao\">\n          <a class=\"btn-assinatura\" target=\"_blank\" href=\"https:\/\/www.estrategiaconcursos.com.br\/cursos\/\" role=\"button\" rel=\"noopener noreferrer\">Conhe\u00e7a mais<\/a>\n        <\/div>\n      <\/div>\n     \n    <\/div>\n\n  <\/div>\n<\/div>\n\n\n\n<h2 class=\"wp-block-heading\" id=\"orgao\">Concurso SEDS GO: sobre o \u00f3rg\u00e3o<\/h2>\n\n\n\n<p>A Secretaria de Estado de Desenvolvimento Social (<a href=\"https:\/\/www.social.go.gov.br\/\" target=\"_blank\" rel=\"noreferrer noopener\">SEDS<\/a>) foi criada pelo Projeto de Lei n\u00ba 20.417\/2019, que alterou a Lei n\u00ba 17.257\/2011. As principais compet\u00eancias do \u00f3rg\u00e3o s\u00e3o as seguintes:<\/p>\n\n\n\n<p><strong>I \u2013 <\/strong>a formula\u00e7\u00e3o e execu\u00e7\u00e3o das pol\u00edticas p\u00fablicas estaduais:<\/p>\n\n\n\n<ul class=\"wp-block-list\">\n<li>para as mulheres;<\/li>\n\n\n\n<li>para as pessoas com defici\u00eancia;<\/li>\n\n\n\n<li>de promo\u00e7\u00e3o da igualdade racial;<\/li>\n\n\n\n<li>de assist\u00eancia social e de cidadania;<\/li>\n\n\n\n<li>de apoio \u00e0 crian\u00e7a, ao adolescente e ao jovem;<\/li>\n\n\n\n<li>de defesa da diversidade sexual;<\/li>\n\n\n\n<li>de defesa e promo\u00e7\u00e3o do emprego e da renda, bem como de forma\u00e7\u00e3o, qualifica\u00e7\u00e3o e capacita\u00e7\u00e3o de pessoas visando ao emprego;<\/li>\n<\/ul>\n\n\n\n<p><strong>II \u2013 <\/strong>a execu\u00e7\u00e3o de atividades voltadas para a prote\u00e7\u00e3o aos direitos humanos;<\/p>\n\n\n\n<p><strong>III \u2013<\/strong> a articula\u00e7\u00e3o com a Uni\u00e3o, outros estados, os munic\u00edpios e a sociedade, para o estabelecimento de diretrizes e a execu\u00e7\u00e3o de a\u00e7\u00f5es e programas nas \u00e1reas de sua compet\u00eancia;<\/p>\n\n\n\n<p><strong>IV \u2013<\/strong> a supervis\u00e3o, coordena\u00e7\u00e3o, o acompanhamento e controle da implanta\u00e7\u00e3o de projetos de rela\u00e7\u00f5es do trabalho.<\/p>\n\n\n\n<h2 class=\"wp-block-heading\" id=\"h-comissao-formada\">Comiss\u00e3o formada<\/h2>\n\n\n\n<p>Confira abaixo a Portaria que instituiu a comiss\u00e3o organizadora do concurso p\u00fablico SEDS GO:<\/p>\n\n\n\n<figure class=\"wp-block-image aligncenter size-full\"><img loading=\"lazy\" decoding=\"async\" width=\"464\" height=\"650\" src=\"https:\/\/dhg1h5j42swfq.cloudfront.net\/2023\/02\/03103331\/image-2023-02-03t103325-049.png\" alt=\"Portaria de institui\u00e7\u00e3o da comiss\u00e3o organizadora do novo concurso SEDS GO\" class=\"wp-image-1164360\" srcset=\"https:\/\/dhg1h5j42swfq.cloudfront.net\/2023\/02\/03103331\/image-2023-02-03t103325-049.png 464w, https:\/\/dhg1h5j42swfq.cloudfront.net\/2023\/02\/03103331\/image-2023-02-03t103325-049-214x300.png 214w, https:\/\/dhg1h5j42swfq.cloudfront.net\/2023\/02\/03103331\/image-2023-02-03t103325-049-150x210.png 150w\" sizes=\"auto, (max-width: 464px) 100vw, 464px\" \/><\/figure>\n\n\n\n<h2 class=\"wp-block-heading\" id=\"edital\">Concurso SEDS GO: \u00faltimo edital publicado<\/h2>\n\n\n\n<p>O \u00faltimo edital publicado para a SEDS GO, em <strong>2022<\/strong>, foi referente a um processo seletivo, tendo como objetivo o preenchimento de <strong>52 vagas<\/strong> para profissionais de n\u00edveis m\u00e9dio\/t\u00e9cnico e superior.<\/p>\n\n\n\n<h3 class=\"wp-block-heading\" id=\"cargos\">Confira os cargos e as vagas<\/h3>\n\n\n\n<p>As oportunidades foram para profissionais tempor\u00e1rios nas \u00e1reas de direito, administrativo n\u00edvel superior, Engenharia Civil, Interpretes de libras, profissional de Tecnologia da Informa\u00e7\u00e3o, Profissional de Recrea\u00e7\u00e3o e T\u00e9cnico da \u00e1rea de sa\u00fade.<\/p>\n\n\n\n<figure class=\"wp-block-table is-style-stripes\"><table class=\"has-background has-fixed-layout\" style=\"background-color:#e5f8f2\"><thead><tr><th class=\"has-text-align-center\" data-align=\"center\"><strong>CARGO<\/strong><\/th><th class=\"has-text-align-center\" data-align=\"center\"><strong>VAGAS (AC)<\/strong><\/th><th class=\"has-text-align-center\" data-align=\"center\"><strong>VAGAS (PCD)<\/strong><\/th><\/tr><\/thead><tbody><tr><td class=\"has-text-align-center\" data-align=\"center\">Assessor Jur\u00eddico <\/td><td class=\"has-text-align-center\" data-align=\"center\">07<\/td><td class=\"has-text-align-center\" data-align=\"center\">&#8211;<\/td><\/tr><tr><td class=\"has-text-align-center\" data-align=\"center\">Administrativo n\u00edvel superior<\/td><td class=\"has-text-align-center\" data-align=\"center\">23<\/td><td class=\"has-text-align-center\" data-align=\"center\">04<\/td><\/tr><tr><td class=\"has-text-align-center\" data-align=\"center\">Engenheiro Civil<\/td><td class=\"has-text-align-center\" data-align=\"center\">02<\/td><td class=\"has-text-align-center\" data-align=\"center\">&#8211;<\/td><\/tr><tr><td class=\"has-text-align-center\" data-align=\"center\">Interprete de Libras<\/td><td class=\"has-text-align-center\" data-align=\"center\">02<\/td><td class=\"has-text-align-center\" data-align=\"center\">&#8211;<\/td><\/tr><tr><td class=\"has-text-align-center\" data-align=\"center\">Tecnologia da Informa\u00e7\u00e3o<\/td><td class=\"has-text-align-center\" data-align=\"center\">02<\/td><td class=\"has-text-align-center\" data-align=\"center\">&#8211;<\/td><\/tr><tr><td class=\"has-text-align-center\" data-align=\"center\">Profissional de Recrea\u00e7\u00e3o<\/td><td class=\"has-text-align-center\" data-align=\"center\">06<\/td><td class=\"has-text-align-center\" data-align=\"center\">&#8211;<\/td><\/tr><tr><td class=\"has-text-align-center\" data-align=\"center\">\u00c1rea da Sa\u00fade<\/td><td class=\"has-text-align-center\" data-align=\"center\">06<\/td><td class=\"has-text-align-center\" data-align=\"center\">&#8211;<\/td><\/tr><tr><td class=\"has-text-align-center\" data-align=\"center\"><strong>TOTAL<\/strong><\/td><td class=\"has-text-align-center\" data-align=\"center\"><strong>48<\/strong><\/td><td class=\"has-text-align-center\" data-align=\"center\"><strong>04<\/strong><\/td><\/tr><\/tbody><\/table><figcaption class=\"wp-element-caption\">Vagas e cargos ofertados no \u00faltimo edital<\/figcaption><\/figure>\n\n\n\n<p>A classifica\u00e7\u00e3o dos candidatos foi feita por meio de an\u00e1lise curricular, conforme os crit\u00e9rios de pontua\u00e7\u00e3o descritos no edital de abertura. O resultado preliminar da entrevista ser\u00e1 divulgado no dia 30 de janeiro de 2023. <\/p>\n\n\n\n<ul class=\"wp-block-list\">\n<li><a href=\"https:\/\/dhg1h5j42swfq.cloudfront.net\/2023\/02\/03111157\/edital-errata.pdf\" target=\"_blank\" rel=\"noreferrer noopener\">Confira o cronograma na \u00edntegra do \u00faltimo concurso SEDS GO<\/a><\/li>\n<\/ul>\n\n\n\n<p>Ademais, ao ser admitido, o aprovado dever\u00e1 cumprir jornadas de 40 horas semanais, referente a remunera\u00e7\u00e3o que alterna entre R$ 2.903,20 a R$ 4.838,66.<\/p>\n\n\n\n<hr class=\"wp-block-separator has-alpha-channel-opacity\"\/>\n\n\n\n<h2 class=\"wp-block-heading has-text-align-center\" id=\"cursos\">Quer estudar para o concurso SEDS GO?<\/h2>\n\n\n\n<div class=\"container\" id=\"boxes\">\n  <div class=\"row\">\n\n    <div class=\"col-sm\">\n      <div class=\"banner-estrategia\" id=\"box-assinatura\">\n        <h3 class=\"titulo-assinatura\">Cursos para concursos<\/h3>\n        <p class=\"subtitulo-assinatura\">Conhe\u00e7a os cursos<\/p>\n        <div class=\"box-botao\">\n          <a class=\"btn-assinatura\" target=\"_blank\" href=\"https:\/\/www.estrategiaconcursos.com.br\/cursos\/\" role=\"button\" rel=\"noopener noreferrer\">Conhe\u00e7a mais<\/a>\n        <\/div>\n      <\/div>\n     \n    <\/div>\n\n  <\/div>\n<\/div>\n\n\n\n<div class=\"container\" id=\"boxes\">\n  <div class=\"row\">\n\n    <div class=\"col-sm\">\n      <div class=\"estrategia\" id=\"box-assinatura\">\n        <h3 class=\"titulo-assinatura\">Assinatura Concursos<\/h3>\n        <p class=\"subtitulo-assinatura\">Assinatura de 1 ano ou 2 anos<\/p>\n        <div class=\"box-botao\">\n          <a class=\"btn-assinatura\" target=\"_blank\" href=\"https:\/\/www.estrategiaconcursos.com.br\/assinaturas\/\" role=\"button\" rel=\"noopener noreferrer\">ASSINE AGORA<\/a>\n        <\/div>\n      <\/div><\/div><\/div><\/div>\n\n\n\n<h2 class=\"wp-block-heading has-text-align-center\" id=\"h-quer-saber-tudo-sobre-concursos-previstos-confira-nossos-artigos\">Quer saber tudo sobre concursos previstos?<br \/>Confira  nossos artigos!<\/h2>\n\n\n\n<ul class=\"wp-block-list\">\n<li><a href=\"https:\/\/www.estrategiaconcursos.com.br\/blog\/concursos-abertos\/\" target=\"_blank\" rel=\"noreferrer noopener\">Concursos abertos<\/a><\/li>\n\n\n\n<li><a href=\"https:\/\/www.estrategiaconcursos.com.br\/blog\/concurso-administrativos\/\">Concursos administrativos<\/a><\/li>\n\n\n\n<li><a href=\"https:\/\/www.estrategiaconcursos.com.br\/blog\/concursos-2024\/\" target=\"_blank\" rel=\"noreferrer noopener\">Concursos 2024<\/a><\/li>\n<\/ul>\n\n\n\n<figure class=\"wp-block-image is-resized\"><img decoding=\"async\" src=\"https:\/\/dhg1h5j42swfq.cloudfront.net\/2021\/04\/16143008\/ficha-tecnica-141-1024x632.png\" alt=\"Informa\u00e7\u00f5es do \u00faltimo concurso SEDS GO\" style=\"width:270px;height:auto\"\/><\/figure>\n\n\n\n<h3 class=\"wp-block-heading\" id=\"ficha\">Informa\u00e7\u00f5es do \u00faltimo concurso SEDS GO<\/h3>\n\n\n\n<ul class=\"wp-block-list\">\n<li><strong>Ano:&nbsp;<\/strong>2022<\/li>\n\n\n\n<li><strong>Vagas<\/strong>: 52<\/li>\n\n\n\n<li><strong>Cargos<\/strong>: diversos<\/li>\n\n\n\n<li><strong>Banca<\/strong>: organiza\u00e7\u00e3o pr\u00f3pria<\/li>\n\n\n\n<li><strong><a href=\"https:\/\/dhg1h5j42swfq.cloudfront.net\/2023\/02\/03121125\/edital-13.pdf\" target=\"_blank\" rel=\"noreferrer noopener nofollow\">Edital do \u00faltimo PSS<\/a><\/strong><\/li>\n<\/ul>\n","protected":false},"excerpt":{"rendered":"<p>O novo concurso p\u00fablico da Secretaria de Estado de Desenvolvimento Social de Goi\u00e1s &#8211; SEDS GO est\u00e1 em planejamento e deve ter o seu edital publicado ainda neste ano. Est\u00e3o previstas 371 vagas em dois cargos. Deste total, 243 oportunidades s\u00e3o destinadas para Agente Socioeducativo e 128 vagas para a Fun\u00e7\u00e3o de Analista T\u00e9cnico de [&hellip;]<\/p>\n","protected":false},"author":1788,"featured_media":1166591,"comment_status":"open","ping_status":"closed","sticky":false,"template":"","format":"standard","meta":{"post_tipo":"news_page","footnotes":""},"categories":[214992],"tags":[],"tax_estado":[219972],"class_list":["post-1164310","post","type-post","status-publish","format-standard","has-post-thumbnail","hentry","category-concursos-administrativos","tax_estado-go"],"acf":[],"yoast_head":"<!-- This site is optimized with the Yoast SEO Premium plugin v27.2 (Yoast SEO v27.2) - https:\/\/yoast.com\/product\/yoast-seo-premium-wordpress\/ -->\n<title>Concurso SEDS GO: mais de 300 vagas; comiss\u00e3o formada!<\/title>\n<meta name=\"description\" content=\"Concurso SEDS GO: comiss\u00e3o organizadora formada para novo edital com mais de 300 vagas. Acesse e saiba mais aqui!\" \/>\n<meta name=\"robots\" content=\"index, follow, max-snippet:-1, max-image-preview:large, max-video-preview:-1\" \/>\n<link rel=\"canonical\" href=\"https:\/\/www.estrategiaconcursos.com.br\/blog\/concurso-seds-go\/\" \/>\n<meta property=\"og:locale\" content=\"pt_BR\" \/>\n<meta property=\"og:type\" content=\"article\" \/>\n<meta property=\"og:title\" content=\"Concurso SEDS GO: mais de 300 vagas; comiss\u00e3o formada!\" \/>\n<meta property=\"og:description\" content=\"Concurso SEDS GO: comiss\u00e3o organizadora formada para novo edital com mais de 300 vagas. Acesse e saiba mais aqui!\" \/>\n<meta property=\"og:url\" content=\"https:\/\/www.estrategiaconcursos.com.br\/blog\/concurso-seds-go\/\" \/>\n<meta property=\"og:site_name\" content=\"Estrat\u00e9gia Concursos\" \/>\n<meta property=\"article:published_time\" content=\"2024-01-24T14:32:00+00:00\" \/>\n<meta property=\"article:modified_time\" content=\"2024-01-24T16:03:48+00:00\" \/>\n<meta property=\"og:image\" content=\"https:\/\/dhg1h5j42swfq.cloudfront.net\/2023\/02\/07113724\/seds-go.jpg\" \/>\n\t<meta property=\"og:image:width\" content=\"768\" \/>\n\t<meta property=\"og:image:height\" content=\"432\" \/>\n\t<meta property=\"og:image:type\" content=\"image\/jpeg\" \/>\n<meta name=\"author\" content=\"Coordena\u00e7\u00e3o\" \/>\n<meta name=\"twitter:card\" content=\"summary_large_image\" \/>\n<meta name=\"twitter:creator\" content=\"@EstratConcursos\" \/>\n<meta name=\"twitter:site\" content=\"@EstratConcursos\" \/>\n<meta name=\"twitter:label1\" content=\"Escrito por\" \/>\n\t<meta name=\"twitter:data1\" content=\"Coordena\u00e7\u00e3o\" \/>\n\t<meta name=\"twitter:label2\" content=\"Est. tempo de leitura\" \/>\n\t<meta name=\"twitter:data2\" content=\"3 minutos\" \/>\n<script type=\"application\/ld+json\" class=\"yoast-schema-graph\">{\"@context\":\"https:\/\/schema.org\",\"@graph\":[{\"@type\":\"NewsArticle\",\"@id\":\"https:\/\/www.estrategiaconcursos.com.br\/blog\/concurso-seds-go\/#article\",\"isPartOf\":{\"@id\":\"https:\/\/www.estrategiaconcursos.com.br\/blog\/concurso-seds-go\/\"},\"author\":{\"name\":\"Coordena\u00e7\u00e3o\",\"@id\":\"https:\/\/www.estrategiaconcursos.com.br\/blog\/#\/schema\/person\/045703eed12dcfcc3fc58d658357c347\"},\"headline\":\"Concurso SEDS GO: mais de 300 vagas; comiss\u00e3o formada!\",\"datePublished\":\"2024-01-24T14:32:00+00:00\",\"dateModified\":\"2024-01-24T16:03:48+00:00\",\"mainEntityOfPage\":{\"@id\":\"https:\/\/www.estrategiaconcursos.com.br\/blog\/concurso-seds-go\/\"},\"wordCount\":687,\"commentCount\":0,\"publisher\":{\"@id\":\"https:\/\/www.estrategiaconcursos.com.br\/blog\/#organization\"},\"image\":{\"@id\":\"https:\/\/www.estrategiaconcursos.com.br\/blog\/concurso-seds-go\/#primaryimage\"},\"thumbnailUrl\":\"https:\/\/dhg1h5j42swfq.cloudfront.net\/2023\/02\/07113724\/seds-go.jpg\",\"articleSection\":[\"Executivo (Administrativa)\"],\"inLanguage\":\"pt-BR\",\"potentialAction\":[{\"@type\":\"CommentAction\",\"name\":\"Comment\",\"target\":[\"https:\/\/www.estrategiaconcursos.com.br\/blog\/concurso-seds-go\/#respond\"]}],\"copyrightYear\":\"2024\",\"copyrightHolder\":{\"@id\":\"https:\/\/www.estrategiaconcursos.com.br\/blog\/#organization\"}},{\"@type\":\"WebPage\",\"@id\":\"https:\/\/www.estrategiaconcursos.com.br\/blog\/concurso-seds-go\/\",\"url\":\"https:\/\/www.estrategiaconcursos.com.br\/blog\/concurso-seds-go\/\",\"name\":\"Concurso SEDS GO: mais de 300 vagas; comiss\u00e3o formada!\",\"isPartOf\":{\"@id\":\"https:\/\/www.estrategiaconcursos.com.br\/blog\/#website\"},\"primaryImageOfPage\":{\"@id\":\"https:\/\/www.estrategiaconcursos.com.br\/blog\/concurso-seds-go\/#primaryimage\"},\"image\":{\"@id\":\"https:\/\/www.estrategiaconcursos.com.br\/blog\/concurso-seds-go\/#primaryimage\"},\"thumbnailUrl\":\"https:\/\/dhg1h5j42swfq.cloudfront.net\/2023\/02\/07113724\/seds-go.jpg\",\"datePublished\":\"2024-01-24T14:32:00+00:00\",\"dateModified\":\"2024-01-24T16:03:48+00:00\",\"description\":\"Concurso SEDS GO: comiss\u00e3o organizadora formada para novo edital com mais de 300 vagas. Acesse e saiba mais aqui!\",\"breadcrumb\":{\"@id\":\"https:\/\/www.estrategiaconcursos.com.br\/blog\/concurso-seds-go\/#breadcrumb\"},\"inLanguage\":\"pt-BR\",\"potentialAction\":[{\"@type\":\"ReadAction\",\"target\":[\"https:\/\/www.estrategiaconcursos.com.br\/blog\/concurso-seds-go\/\"]}]},{\"@type\":\"ImageObject\",\"inLanguage\":\"pt-BR\",\"@id\":\"https:\/\/www.estrategiaconcursos.com.br\/blog\/concurso-seds-go\/#primaryimage\",\"url\":\"https:\/\/dhg1h5j42swfq.cloudfront.net\/2023\/02\/07113724\/seds-go.jpg\",\"contentUrl\":\"https:\/\/dhg1h5j42swfq.cloudfront.net\/2023\/02\/07113724\/seds-go.jpg\",\"width\":768,\"height\":432,\"caption\":\"Concurso SEDS GO\"},{\"@type\":\"BreadcrumbList\",\"@id\":\"https:\/\/www.estrategiaconcursos.com.br\/blog\/concurso-seds-go\/#breadcrumb\",\"itemListElement\":[{\"@type\":\"ListItem\",\"position\":1,\"name\":\"In\u00edcio\",\"item\":\"https:\/\/www.estrategiaconcursos.com.br\/blog\/\"},{\"@type\":\"ListItem\",\"position\":2,\"name\":\"Concurso SEDS GO: mais de 300 vagas; comiss\u00e3o formada!\"}]},{\"@type\":\"WebSite\",\"@id\":\"https:\/\/www.estrategiaconcursos.com.br\/blog\/#website\",\"url\":\"https:\/\/www.estrategiaconcursos.com.br\/blog\/\",\"name\":\"Estrat\u00e9gia Concursos\",\"description\":\"O blog da Estrat\u00e9gia Concursos traz not\u00edcias sobre concursos e artigos de professores oferecendo cursos para concursos (pdf + videaulas) no site.\",\"publisher\":{\"@id\":\"https:\/\/www.estrategiaconcursos.com.br\/blog\/#organization\"},\"potentialAction\":[{\"@type\":\"SearchAction\",\"target\":{\"@type\":\"EntryPoint\",\"urlTemplate\":\"https:\/\/www.estrategiaconcursos.com.br\/blog\/?s={search_term_string}\"},\"query-input\":{\"@type\":\"PropertyValueSpecification\",\"valueRequired\":true,\"valueName\":\"search_term_string\"}}],\"inLanguage\":\"pt-BR\"},{\"@type\":\"Organization\",\"@id\":\"https:\/\/www.estrategiaconcursos.com.br\/blog\/#organization\",\"name\":\"Estrat\u00e9gia Concursos\",\"url\":\"https:\/\/www.estrategiaconcursos.com.br\/blog\/\",\"logo\":{\"@type\":\"ImageObject\",\"inLanguage\":\"pt-BR\",\"@id\":\"https:\/\/www.estrategiaconcursos.com.br\/blog\/#\/schema\/logo\/image\/\",\"url\":\"https:\/\/dhg1h5j42swfq.cloudfront.net\/2025\/06\/03203428\/logo_concursos-1.jpg\",\"contentUrl\":\"https:\/\/dhg1h5j42swfq.cloudfront.net\/2025\/06\/03203428\/logo_concursos-1.jpg\",\"width\":230,\"height\":60,\"caption\":\"Estrat\u00e9gia Concursos\"},\"image\":{\"@id\":\"https:\/\/www.estrategiaconcursos.com.br\/blog\/#\/schema\/logo\/image\/\"},\"sameAs\":[\"https:\/\/x.com\/EstratConcursos\"]},{\"@type\":\"Person\",\"@id\":\"https:\/\/www.estrategiaconcursos.com.br\/blog\/#\/schema\/person\/045703eed12dcfcc3fc58d658357c347\",\"name\":\"Coordena\u00e7\u00e3o\",\"image\":{\"@type\":\"ImageObject\",\"inLanguage\":\"pt-BR\",\"@id\":\"https:\/\/secure.gravatar.com\/avatar\/f3095faeb99f4ee382a251aa279c830bd3f320ce3b5f2b4981bcc67f49efef63?s=96&d=mm&r=g\",\"url\":\"https:\/\/secure.gravatar.com\/avatar\/f3095faeb99f4ee382a251aa279c830bd3f320ce3b5f2b4981bcc67f49efef63?s=96&d=mm&r=g\",\"contentUrl\":\"https:\/\/secure.gravatar.com\/avatar\/f3095faeb99f4ee382a251aa279c830bd3f320ce3b5f2b4981bcc67f49efef63?s=96&d=mm&r=g\",\"caption\":\"Coordena\u00e7\u00e3o\"},\"url\":\"https:\/\/www.estrategiaconcursos.com.br\/blog\/author\/contatoestrategiaconcursos-com-br-2\/\"}]}<\/script>\n<!-- \/ Yoast SEO Premium plugin. -->","yoast_head_json":{"title":"Concurso SEDS GO: mais de 300 vagas; comiss\u00e3o formada!","description":"Concurso SEDS GO: comiss\u00e3o organizadora formada para novo edital com mais de 300 vagas. Acesse e saiba mais aqui!","robots":{"index":"index","follow":"follow","max-snippet":"max-snippet:-1","max-image-preview":"max-image-preview:large","max-video-preview":"max-video-preview:-1"},"canonical":"https:\/\/www.estrategiaconcursos.com.br\/blog\/concurso-seds-go\/","og_locale":"pt_BR","og_type":"article","og_title":"Concurso SEDS GO: mais de 300 vagas; comiss\u00e3o formada!","og_description":"Concurso SEDS GO: comiss\u00e3o organizadora formada para novo edital com mais de 300 vagas. Acesse e saiba mais aqui!","og_url":"https:\/\/www.estrategiaconcursos.com.br\/blog\/concurso-seds-go\/","og_site_name":"Estrat\u00e9gia Concursos","article_published_time":"2024-01-24T14:32:00+00:00","article_modified_time":"2024-01-24T16:03:48+00:00","og_image":[{"width":768,"height":432,"url":"https:\/\/dhg1h5j42swfq.cloudfront.net\/2023\/02\/07113724\/seds-go.jpg","type":"image\/jpeg"}],"author":"Coordena\u00e7\u00e3o","twitter_card":"summary_large_image","twitter_creator":"@EstratConcursos","twitter_site":"@EstratConcursos","twitter_misc":{"Escrito por":"Coordena\u00e7\u00e3o","Est. tempo de leitura":"3 minutos"},"schema":{"@context":"https:\/\/schema.org","@graph":[{"@type":"NewsArticle","@id":"https:\/\/www.estrategiaconcursos.com.br\/blog\/concurso-seds-go\/#article","isPartOf":{"@id":"https:\/\/www.estrategiaconcursos.com.br\/blog\/concurso-seds-go\/"},"author":{"name":"Coordena\u00e7\u00e3o","@id":"https:\/\/www.estrategiaconcursos.com.br\/blog\/#\/schema\/person\/045703eed12dcfcc3fc58d658357c347"},"headline":"Concurso SEDS GO: mais de 300 vagas; comiss\u00e3o formada!","datePublished":"2024-01-24T14:32:00+00:00","dateModified":"2024-01-24T16:03:48+00:00","mainEntityOfPage":{"@id":"https:\/\/www.estrategiaconcursos.com.br\/blog\/concurso-seds-go\/"},"wordCount":687,"commentCount":0,"publisher":{"@id":"https:\/\/www.estrategiaconcursos.com.br\/blog\/#organization"},"image":{"@id":"https:\/\/www.estrategiaconcursos.com.br\/blog\/concurso-seds-go\/#primaryimage"},"thumbnailUrl":"https:\/\/dhg1h5j42swfq.cloudfront.net\/2023\/02\/07113724\/seds-go.jpg","articleSection":["Executivo (Administrativa)"],"inLanguage":"pt-BR","potentialAction":[{"@type":"CommentAction","name":"Comment","target":["https:\/\/www.estrategiaconcursos.com.br\/blog\/concurso-seds-go\/#respond"]}],"copyrightYear":"2024","copyrightHolder":{"@id":"https:\/\/www.estrategiaconcursos.com.br\/blog\/#organization"}},{"@type":"WebPage","@id":"https:\/\/www.estrategiaconcursos.com.br\/blog\/concurso-seds-go\/","url":"https:\/\/www.estrategiaconcursos.com.br\/blog\/concurso-seds-go\/","name":"Concurso SEDS GO: mais de 300 vagas; comiss\u00e3o formada!","isPartOf":{"@id":"https:\/\/www.estrategiaconcursos.com.br\/blog\/#website"},"primaryImageOfPage":{"@id":"https:\/\/www.estrategiaconcursos.com.br\/blog\/concurso-seds-go\/#primaryimage"},"image":{"@id":"https:\/\/www.estrategiaconcursos.com.br\/blog\/concurso-seds-go\/#primaryimage"},"thumbnailUrl":"https:\/\/dhg1h5j42swfq.cloudfront.net\/2023\/02\/07113724\/seds-go.jpg","datePublished":"2024-01-24T14:32:00+00:00","dateModified":"2024-01-24T16:03:48+00:00","description":"Concurso SEDS GO: comiss\u00e3o organizadora formada para novo edital com mais de 300 vagas. Acesse e saiba mais aqui!","breadcrumb":{"@id":"https:\/\/www.estrategiaconcursos.com.br\/blog\/concurso-seds-go\/#breadcrumb"},"inLanguage":"pt-BR","potentialAction":[{"@type":"ReadAction","target":["https:\/\/www.estrategiaconcursos.com.br\/blog\/concurso-seds-go\/"]}]},{"@type":"ImageObject","inLanguage":"pt-BR","@id":"https:\/\/www.estrategiaconcursos.com.br\/blog\/concurso-seds-go\/#primaryimage","url":"https:\/\/dhg1h5j42swfq.cloudfront.net\/2023\/02\/07113724\/seds-go.jpg","contentUrl":"https:\/\/dhg1h5j42swfq.cloudfront.net\/2023\/02\/07113724\/seds-go.jpg","width":768,"height":432,"caption":"Concurso SEDS GO"},{"@type":"BreadcrumbList","@id":"https:\/\/www.estrategiaconcursos.com.br\/blog\/concurso-seds-go\/#breadcrumb","itemListElement":[{"@type":"ListItem","position":1,"name":"In\u00edcio","item":"https:\/\/www.estrategiaconcursos.com.br\/blog\/"},{"@type":"ListItem","position":2,"name":"Concurso SEDS GO: mais de 300 vagas; comiss\u00e3o formada!"}]},{"@type":"WebSite","@id":"https:\/\/www.estrategiaconcursos.com.br\/blog\/#website","url":"https:\/\/www.estrategiaconcursos.com.br\/blog\/","name":"Estrat\u00e9gia Concursos","description":"O blog da Estrat\u00e9gia Concursos traz not\u00edcias sobre concursos e artigos de professores oferecendo cursos para concursos (pdf + videaulas) no site.","publisher":{"@id":"https:\/\/www.estrategiaconcursos.com.br\/blog\/#organization"},"potentialAction":[{"@type":"SearchAction","target":{"@type":"EntryPoint","urlTemplate":"https:\/\/www.estrategiaconcursos.com.br\/blog\/?s={search_term_string}"},"query-input":{"@type":"PropertyValueSpecification","valueRequired":true,"valueName":"search_term_string"}}],"inLanguage":"pt-BR"},{"@type":"Organization","@id":"https:\/\/www.estrategiaconcursos.com.br\/blog\/#organization","name":"Estrat\u00e9gia Concursos","url":"https:\/\/www.estrategiaconcursos.com.br\/blog\/","logo":{"@type":"ImageObject","inLanguage":"pt-BR","@id":"https:\/\/www.estrategiaconcursos.com.br\/blog\/#\/schema\/logo\/image\/","url":"https:\/\/dhg1h5j42swfq.cloudfront.net\/2025\/06\/03203428\/logo_concursos-1.jpg","contentUrl":"https:\/\/dhg1h5j42swfq.cloudfront.net\/2025\/06\/03203428\/logo_concursos-1.jpg","width":230,"height":60,"caption":"Estrat\u00e9gia Concursos"},"image":{"@id":"https:\/\/www.estrategiaconcursos.com.br\/blog\/#\/schema\/logo\/image\/"},"sameAs":["https:\/\/x.com\/EstratConcursos"]},{"@type":"Person","@id":"https:\/\/www.estrategiaconcursos.com.br\/blog\/#\/schema\/person\/045703eed12dcfcc3fc58d658357c347","name":"Coordena\u00e7\u00e3o","image":{"@type":"ImageObject","inLanguage":"pt-BR","@id":"https:\/\/secure.gravatar.com\/avatar\/f3095faeb99f4ee382a251aa279c830bd3f320ce3b5f2b4981bcc67f49efef63?s=96&d=mm&r=g","url":"https:\/\/secure.gravatar.com\/avatar\/f3095faeb99f4ee382a251aa279c830bd3f320ce3b5f2b4981bcc67f49efef63?s=96&d=mm&r=g","contentUrl":"https:\/\/secure.gravatar.com\/avatar\/f3095faeb99f4ee382a251aa279c830bd3f320ce3b5f2b4981bcc67f49efef63?s=96&d=mm&r=g","caption":"Coordena\u00e7\u00e3o"},"url":"https:\/\/www.estrategiaconcursos.com.br\/blog\/author\/contatoestrategiaconcursos-com-br-2\/"}]}},"_links":{"self":[{"href":"https:\/\/www.estrategiaconcursos.com.br\/blog\/wp-json\/wp\/v2\/posts\/1164310","targetHints":{"allow":["GET"]}}],"collection":[{"href":"https:\/\/www.estrategiaconcursos.com.br\/blog\/wp-json\/wp\/v2\/posts"}],"about":[{"href":"https:\/\/www.estrategiaconcursos.com.br\/blog\/wp-json\/wp\/v2\/types\/post"}],"author":[{"embeddable":true,"href":"https:\/\/www.estrategiaconcursos.com.br\/blog\/wp-json\/wp\/v2\/users\/1788"}],"replies":[{"embeddable":true,"href":"https:\/\/www.estrategiaconcursos.com.br\/blog\/wp-json\/wp\/v2\/comments?post=1164310"}],"version-history":[{"count":27,"href":"https:\/\/www.estrategiaconcursos.com.br\/blog\/wp-json\/wp\/v2\/posts\/1164310\/revisions"}],"predecessor-version":[{"id":1340510,"href":"https:\/\/www.estrategiaconcursos.com.br\/blog\/wp-json\/wp\/v2\/posts\/1164310\/revisions\/1340510"}],"wp:featuredmedia":[{"embeddable":true,"href":"https:\/\/www.estrategiaconcursos.com.br\/blog\/wp-json\/wp\/v2\/media\/1166591"}],"wp:attachment":[{"href":"https:\/\/www.estrategiaconcursos.com.br\/blog\/wp-json\/wp\/v2\/media?parent=1164310"}],"wp:term":[{"taxonomy":"category","embeddable":true,"href":"https:\/\/www.estrategiaconcursos.com.br\/blog\/wp-json\/wp\/v2\/categories?post=1164310"},{"taxonomy":"post_tag","embeddable":true,"href":"https:\/\/www.estrategiaconcursos.com.br\/blog\/wp-json\/wp\/v2\/tags?post=1164310"},{"taxonomy":"tax_estado","embeddable":true,"href":"https:\/\/www.estrategiaconcursos.com.br\/blog\/wp-json\/wp\/v2\/tax_estado?post=1164310"}],"curies":[{"name":"wp","href":"https:\/\/api.w.org\/{rel}","templated":true}]}}