{"id":116269,"date":"2018-06-13T00:00:19","date_gmt":"2018-06-13T03:00:19","guid":{"rendered":"https:\/\/www.estrategiaconcursos.com.br\/blog\/?p=116269"},"modified":"2018-06-16T10:11:15","modified_gmt":"2018-06-16T13:11:15","slug":"edital-prefeitura-de-sobral-2018","status":"publish","type":"post","link":"https:\/\/www.estrategiaconcursos.com.br\/blog\/edital-prefeitura-de-sobral-2018\/","title":{"rendered":"Concurso Prefeitura de Sobral 2018: Provas devem ser aplicadas no fim de Julho"},"content":{"rendered":"<p>As provas do concurso prefeitura de sobral devem acontecer no pr\u00f3ximo m\u00eas, mais precisamente nos dias 21 e 22. O edital do certame foi publicado em abril, ofertando 124 vagas imediatas para n\u00edvel superior.<\/p>\n<p>Entre as vagas ofertadas, 10\u00a0 se destinam ao cargo de auditor, com sal\u00e1rio inicial de at\u00e9 R$ 13 mil.\u00a0Para\u00a0<strong>os cargos de Auditor Fiscal de Tributos Municipais,\u00a0Enfermeiro e Analista de Infraestrutura<\/strong>\u00a0a prova est\u00e1 prevista para acontecer no s\u00e1bado dia <span style=\"color: #ff0000;\"><strong>21\u00a0de julho<\/strong><\/span>.<\/p>\n<p>J\u00e1 para\u00a0<strong>os cargos de Auditor de Controle Interno, Analista de\u00a0Pol\u00edticas P\u00fablicas Sociais e Fiscal de Urbanismo e Meio Ambiente<\/strong>, no dia <span style=\"color: #ff0000;\"><strong>22\u00a0de julho<\/strong><\/span>, domingo<\/p>\n<h2>Informa\u00e7\u00f5es e datas importantes<\/h2>\n<p>Ser\u00e1 viabilizada a participa\u00e7\u00e3o de candidatos Adventistas no Certame, no dia 21\/07 (s\u00e1bado), realizando a prova ap\u00f3s o p\u00f4r do sol.<\/p>\n<p>No site da banca foram informadas as datas de realiza\u00e7\u00e3o dos exames, <strong><em>21 e 22 de julho.\u00a0<\/em><\/strong>Juntamente com as datas, foi divulgado o valor da taxa de inscri\u00e7\u00e3o.<\/p>\n<p><em>E no dia 23 de julho, os cadernos de quest\u00f5es estar\u00e3o dispon\u00edveis no site da banca.<\/em><\/p>\n<p>Tamb\u00e9m foi informada a declara\u00e7\u00e3o da data de\u00a0<strong>entrega de t\u00edtulos<\/strong>\u00a0que se inicia<strong> \u00e0s 8h, do\u00a0dia <em>06 de agosto<\/em> at\u00e9 \u00e0s 17h do\u00a0dia<\/strong> <em><strong>07 de agosto de 2018.<\/strong><\/em><\/p>\n<p><em>Foram publicados anexos no site banca com: atestado m\u00e9dico para pessoas portadoras de defici\u00eancia, cargo e atribui\u00e7\u00e3o, remunera\u00e7\u00f5es, como v\u00e3o ser as provas, a tabela de t\u00edtulos,<strong>\u00a0cronograma (retificado &#8211; 3\u00aa edi\u00e7\u00e3o) <\/strong>e o <strong>requerimento de participa\u00e7\u00e3o de adventista no Concurso<\/strong>.<\/em><\/p>\n<p><strong><em>Data da prova:<\/em> <\/strong>21 e 22 de Julho de 2018<\/p>\n<h2>Retifica\u00e7\u00e3o de Edital<\/h2>\n<p>No dia 27 de abril, o edital sofreu algumas retifica\u00e7\u00f5es que se justificam pela coincid\u00eancia das\u00a0datas com as dos jogos da Copa do Mundo R\u00fassia 2018.<\/p>\n<p>A mudan\u00e7a das datas de provas foi divulgada pelo site da banca organizadora em um novo cronograma e se justificam por coincidirem com\u00a0eventos finais da Copa.<\/p>\n<p>As demais retifica\u00e7\u00f5es foram sobre o conte\u00fado program\u00e1tico, nomenclaturas de cargos e a possibilidade de concorrer a dois cargos. Para maiores detalhes, veja as retifica\u00e7\u00f5es nos subitens desta p\u00e1gina.<\/p>\n<p>As retifica\u00e7\u00f5es podem ser resumidas da seguinte maneira:<\/p>\n<ol>\n<li>Os candidatos podem se inscrever para dois cargos, desde que sejam realizados em dias distintos;<\/li>\n<li>Foram determinadas 60 quest\u00f5es para as provas objetivas de todos os cargos. Mas a retifica\u00e7\u00e3o traz que para os cargos de Auditor de Controle Interno (c\u00f3digos 08, 09 e 10); e de Auditor Fiscal de Tributos Municipais (c\u00f3digo 11) ser\u00e3o constitu\u00eddas de 70 quest\u00f5es;<\/li>\n<li>A \u00e1rea de conhecimento do cargo de Analista de Pol\u00edticas P\u00fablicas Sociais \u00e9 corrigido para &#8220;Servi\u00e7o Social&#8221;, registrado anteriormente como &#8220;Assist\u00eancia Social&#8221;;<\/li>\n<li>A disciplina \u201cInform\u00e1tica\u201d, com cinco quest\u00f5es, deixa de compor a prova objetiva para o cargo de Enfermeiro (c\u00f3digo 12), sendo substitu\u00edda pela disciplina \u201cSistema \u00danico de Sa\u00fade (SUS)\u201d;<\/li>\n<li>Retifica\u00e7\u00e3o do conte\u00fado do cargo de Analista de Pol\u00edticas P\u00fablicas Sociais;<\/li>\n<li>Inclus\u00e3o de conte\u00fado de Conhecimentos espec\u00edficos para o cargo de Auditor Tributos Municipais o que segue:<\/li>\n<\/ol>\n<p style=\"padding-left: 30px;\">(i)<em> Na parte de Contabilidade Geral Avan\u00e7ada<\/em>:<\/p>\n<p style=\"padding-left: 30px;\">&#8211; DVA (Demonstra\u00e7\u00e3o de Valor Adicionado) e DFC (Demonstra\u00e7\u00e3o do Fluxo de Caixa).<\/p>\n<p style=\"padding-left: 30px;\">(ii) <em>Na parte de Legisla\u00e7\u00e3o Tribut\u00e1ria<\/em>:<\/p>\n<p style=\"padding-left: 30px;\">&#8211; Lei do parcelamento N\u00ba 51, de 23 de julho de 2017.<\/p>\n<p style=\"padding-left: 30px;\">&#8211; Decreto da Nota Fiscal de Servi\u00e7o Eletr\u00f4nica N\u00ba 1.576, de 24 de fevereiro de 2014.<\/p>\n<p><strong>7.<\/strong> <strong>Altera\u00e7\u00e3o das datas de provas<\/strong>: <em>As provas n\u00e3o ser\u00e3o mais realizadas nos dias 14 e 15 de julho\u00a0<\/em>(datas retificadas foram anteriormente citadas em vermelho).<\/p>\n<h2>Distribui\u00e7\u00e3o das vagas do Concurso Prefeitura de Sobral<\/h2>\n<p>As vagas est\u00e3o distribu\u00eddas, na ampla concorr\u00eancia, da seguinte forma:<\/p>\n<ul style=\"list-style-type: disc;\">\n<li>Analista de Infraestrutura (15 vagas)<\/li>\n<li>Analista de Pol\u00edticas P\u00fablicas Sociais\u00a0(62 vagas)<\/li>\n<li><em><strong> Auditor de Controle Interno<\/strong>\u00a0(04 vagas)<\/em><\/li>\n<li><em><strong>Auditor Fiscal de Tributos Municipais<\/strong> (06 vagas<\/em>)<\/li>\n<li><em>Enfermeiro (27 vagas)<\/em><\/li>\n<li><em> Fiscal de Urbanismo e Meio Ambiente (10 vagas)<\/em><\/li>\n<\/ul>\n<h2>Remunera\u00e7\u00e3o e Benef\u00edcios<\/h2>\n<p><img loading=\"lazy\" decoding=\"async\" class=\"aligncenter wp-image-117964 size-full\" src=\"https:\/\/dhg1h5j42swfq.cloudfront.net\/2018\/04\/24110817\/remunera%C3%A7%C3%B5es-sobral.jpg\" alt=\"remunera\u00e7\u00f5es prefeitura de sobral\" width=\"955\" height=\"243\" srcset=\"https:\/\/dhg1h5j42swfq.cloudfront.net\/2018\/04\/24110817\/remunera%C3%A7%C3%B5es-sobral.jpg 955w, https:\/\/dhg1h5j42swfq.cloudfront.net\/2018\/04\/24110817\/remunera%C3%A7%C3%B5es-sobral.jpg 300w, https:\/\/dhg1h5j42swfq.cloudfront.net\/2018\/04\/24110817\/remunera%C3%A7%C3%B5es-sobral.jpg 768w, https:\/\/dhg1h5j42swfq.cloudfront.net\/2018\/04\/24110817\/remunera%C3%A7%C3%B5es-sobral.jpg 610w\" sizes=\"auto, (max-width: 955px) 100vw, 955px\" \/><\/p>\n<p>Os ocupantes de cargos de <em><strong>Auditor de Controle Interno<\/strong><\/em> ter\u00e3o direito a Gratifica\u00e7\u00e3o de Desempenho de Atividade de Controle Interno, cujo limite m\u00e1ximo mensal \u00e9 de R$ 10.000,00.<\/p>\n<p>Os ocupantes de cargos de <strong><em>Auditor Fiscal de Tributos Municipais<\/em><\/strong> ter\u00e3o direito Gratifica\u00e7\u00e3o por Desempenho de 35% do Sal\u00e1rio Base, e Pr\u00eamio por Desempenho Fiscal, cujo limite m\u00e1ximo mensal \u00e9 de R$ 10.000,00.<\/p>\n<p><strong>Jornada de Trabalho<\/strong>: 40 h\/semana.<\/p>\n<h2>Etapas do Concurso<\/h2>\n<p><strong>1\u00aa Fase:<\/strong> Prova Objetiva, de m\u00faltipla escolha, com quatro alternativas, de car\u00e1ter eliminat\u00f3rio e classificat\u00f3rio;<\/p>\n<p><strong>2\u00aa Fase:<\/strong> Avalia\u00e7\u00e3o de T\u00edtulos, de car\u00e1ter apenas classificat\u00f3rio.<\/p>\n<h3>Prova Objetiva:<\/h3>\n<p>Rela\u00e7\u00e3o de conte\u00fado e n\u00famero de quest\u00f5es para cada cargo.<\/p>\n<p><img loading=\"lazy\" decoding=\"async\" class=\"aligncenter wp-image-118836 size-full\" src=\"https:\/\/dhg1h5j42swfq.cloudfront.net\/2018\/04\/30154429\/concurso-prefeitura-de-sobral.jpg\" alt=\"concurso prefeitura de sobral\" width=\"1106\" height=\"644\" srcset=\"https:\/\/dhg1h5j42swfq.cloudfront.net\/2018\/04\/30154429\/concurso-prefeitura-de-sobral.jpg 1106w, https:\/\/dhg1h5j42swfq.cloudfront.net\/2018\/04\/30154429\/concurso-prefeitura-de-sobral.jpg 300w, https:\/\/dhg1h5j42swfq.cloudfront.net\/2018\/04\/30154429\/concurso-prefeitura-de-sobral.jpg 768w, https:\/\/dhg1h5j42swfq.cloudfront.net\/2018\/04\/30154429\/concurso-prefeitura-de-sobral.jpg 1024w, https:\/\/dhg1h5j42swfq.cloudfront.net\/2018\/04\/30154429\/concurso-prefeitura-de-sobral.jpg 610w\" sizes=\"auto, (max-width: 1106px) 100vw, 1106px\" \/><\/p>\n<p><span style=\"color: #000000;\">As quest\u00f5es de Conhecimentos Espec\u00edficos valem 2 pontos e as demais valem 1 ponto. E est\u00e1 prevista para ocorrer no turno da manh\u00e3 at\u00e9 as 13hrs.<\/span><\/p>\n<p>E ainda, foi divulgado que os candidatos ir\u00e3o realizar\u00a0 a prova em Sobral ou em Fortaleza.<\/p>\n<p><strong>Perfis M\u00ednimo de Aprova\u00e7\u00e3o:<\/strong><\/p>\n<p style=\"padding-left: 30px;\">a) 40% (quarenta por cento) da pontua\u00e7\u00e3o de cada disciplina da Prova; e<br \/>\nb) 60% (sessenta por cento) da pontua\u00e7\u00e3o total da Prova.<\/p>\n<p><span style=\"color: #000000;\"><em><strong>Obs.:<\/strong><\/em> As provas objetivas ser\u00e3o aplicadas <strong>somente<\/strong> na cidade de Sobral,\u00a0em um dia de s\u00e1bado para os cargos de Auditor Fiscal de Tributos Municipais, Enfermeiro e Analista de Infraestrutura; E em um domingo, imediatamente subsequente, para os cargos de Auditor de Controle Interno, Analista de Pol\u00edticas P\u00fablicas Sociais e Fiscal de Urbanismo e Meio Ambiente.<\/span><\/p>\n<h3>Avalia\u00e7\u00e3o de T\u00edtulos:<\/h3>\n<p><img loading=\"lazy\" decoding=\"async\" class=\"alignnone size-full wp-image-116300\" src=\"https:\/\/dhg1h5j42swfq.cloudfront.net\/2018\/04\/13142327\/t%C3%ADturlo.jpg\" alt=\"avalia\u00e7\u00e3o de t\u00edtulos Concurso Prefeitura de Sobral\" width=\"600\" height=\"313\" srcset=\"https:\/\/dhg1h5j42swfq.cloudfront.net\/2018\/04\/13142327\/t%C3%ADturlo.jpg 600w, https:\/\/dhg1h5j42swfq.cloudfront.net\/2018\/04\/13142327\/t%C3%ADturlo.jpg 300w\" sizes=\"auto, (max-width: 600px) 100vw, 600px\" \/><\/p>\n<p><span style=\"color: #000000;\">A convoca\u00e7\u00e3o para a entrega dos t\u00edtulos ser\u00e1 feita por comunicado no site da UECE.<\/span><\/p>\n<p>&nbsp;<\/p>\n<p style=\"text-align: center;\"><strong><em><span style=\"font-size: 14pt;\">Gostou dessa oportunidade e deseja se preparar?<\/span><\/em><\/strong><br \/>\n<strong> <em><span style=\"font-size: 14pt;\">O Estrat\u00e9gia Concurso j\u00e1 possui cursos relacionados ao certame. Confira:<\/span><\/em><\/strong><\/p>\n<p style=\"text-align: center;\"><a href=\"https:\/\/www.estrategiaconcursos.com.br\/cursosPorConcurso\/iss-sobral-auditor-fiscal\/\" target=\"_blank\" rel=\"noopener\"><span style=\"font-size: 18pt;\">CURSOS PARA CONCURSOS &#8211; ISS SOBRAL<\/span><\/a><\/p>\n<p>&nbsp;<\/p>\n<p><img loading=\"lazy\" decoding=\"async\" class=\"wp-image-60957 \" src=\"https:\/\/www.estrategiaconcursos.com.br\/blog\/wp-content\/uploads\/2017\/01\/coruja-ficha-tecnica-1024x347.png\" alt=\"Concurso\" width=\"357\" height=\"121\" \/><\/p>\n<p><span style=\"font-size: 14pt;\"><strong>Informa\u00e7\u00f5es do Concurso Prefeitura de Sobral<\/strong><\/span><\/p>\n<p>\u25baData prevista: <b>21 e 22 de julho de 2018<\/b><br \/>\n\u25baVagas: <strong>124<\/strong><br \/>\n\u25baLota\u00e7\u00f5es:\u00a0<strong>Secretarias Municipais do Munic\u00edpio de Sobral<\/strong><br \/>\n\u25baBanca: <a href=\"http:\/\/www.uece.br\/cev\/index.php\/concurso-sobral-2018\" target=\"_blank\" rel=\"noopener\"><strong>UECE<\/strong><\/a><br \/>\n\u25baEscolaridade: <strong>N\u00edvel Superior<\/strong><\/p>\n<p>\u25ba<strong>Cursos Estrat\u00e9gia Concursos<\/strong>:\u00a0<strong><a href=\"https:\/\/www.estrategiaconcursos.com.br\/cursos\/concurso\/\" target=\"_blank\" rel=\"noopener\">Cursos Estrat\u00e9gia Concursos<\/a><\/strong><br \/>\n\u25ba<strong>Edital<\/strong>: <strong><a href=\"https:\/\/www.estrategiaconcursos.com.br\/blog\/wp-content\/uploads\/2018\/04\/Edital-Prefeitura-de-Sobral.pdf\" target=\"_blank\" rel=\"noopener\">Edital Prefeitura de Sobral<\/a><br \/>\n\u25baCronograma retificado: <a href=\"https:\/\/www.estrategiaconcursos.com.br\/blog\/wp-content\/uploads\/2018\/06\/3edcronogramaconcursosobral2018.pdf\" target=\"_blank\" rel=\"noopener\">Cronograma Prefeitura de Sobral 3<\/a>\u00a0<\/strong><\/p>\n<p><em>Camila Leite<\/em><br \/>\n<em>Ascom Estrat\u00e9gia<\/em><br \/>\nascomestrategia@gmail.com<\/p>\n<p style=\"text-align: center;\"><span style=\"font-size: 18pt;\"><em><strong>Receba not\u00edcias de Concursos no seu WhatsApp e\/ou Telegram!<\/strong><\/em><\/span><\/p>\n<p style=\"text-align: center;\"><em><strong><span style=\"font-size: 14pt;\">Cadastre-se clicando no \u00edcone abaixo<\/span><br \/>\n<a href=\"https:\/\/www.estrategiaconcursos.com.br\/blog\/noticias-de-concursos-whatsapp-estrategia-concursos\/\" target=\"_blank\" rel=\"noopener\"><img loading=\"lazy\" decoding=\"async\" class=\"aligncenter wp-image-112824 \" src=\"https:\/\/www.estrategiaconcursos.com.br\/blog\/wp-content\/uploads\/2018\/03\/whatsapptelegram.png\" alt=\"\" width=\"220\" height=\"124\" \/><\/a><br \/>\n<\/strong><\/em><a href=\"https:\/\/www.estrategiaconcursos.com.br\/blog\/noticias-de-concursos-whatsapp-estrategia-concursos\/\" target=\"_blank\" rel=\"noopener\">Not\u00edcias de concursos no seu WhatsApp e\/ou Telegram<\/a><\/p>\n<hr \/>\n<h2><strong>Conte\u00fado Program\u00e1tico &#8211; Concurso Prefeitura de Sobral<\/strong><\/h2>\n<p><strong>Conhecimentos b\u00e1sicos:<\/strong><\/p>\n<p><strong>Portugu\u00eas:<\/strong> 1. Compreens\u00e3o e interpreta\u00e7\u00e3o de texto; 2. Vocabul\u00e1rio; 3. Gram\u00e1tica: Ortoepia e pros\u00f3dia; Acentua\u00e7\u00e3o gr\u00e1fica; Ortografia; Hom\u00f3fonos e par\u00f4nimos; H\u00edfen; Crase; Reg\u00eancia; Concord\u00e2ncia; Coloca\u00e7\u00e3o; Pontua\u00e7\u00e3o; Estrutura das palavras; Forma\u00e7\u00e3o das palavras; Classes de palavras; Flex\u00f5es das palavras.<\/p>\n<p><strong>Hist\u00f3ria de Sobral:<\/strong> Mat\u00e9rias referentes ao Munic\u00edpio de Sobral que tratam sobre seus aspectos hist\u00f3ricos, geogr\u00e1ficos, liter\u00e1rios, pol\u00edticos, culturais, sociais, administrativos, econ\u00f4micos, urbanos, educacionais, de sa\u00fade, tur\u00edsticos, de a\u00e7\u00e3o social, do patrim\u00f4nio hist\u00f3rico e outros aspectos com pertin\u00eancia com o passado e o presente da hist\u00f3ria do Munic\u00edpio.<\/p>\n<p><strong>Inform\u00e1tica:<\/strong> 1. Hardware: 1.1. Conceitos b\u00e1sicos; 1.2. Perif\u00e9ricos; 1.3. Utiliza\u00e7\u00e3o e manuten\u00e7\u00e3o de hardwares; 1.4. Meios de armazenamento de dados; 1.5. Processadores. 2. Software: 2.1. Conceitos b\u00e1sicos; 2.2. Banco de Dados; 2.2. C\u00f3digos maliciosos (Malware) e ferramentas de prote\u00e7\u00e3o (Antimalware); 2.3. Sistemas Operacionais: Microsoft Windows e GNU\/Linux; 2.4. Editores de textos: LibreOffice Writer e Microsoft Word; 2.5. Planilhas eletr\u00f4nicas: LibreOffice Calc e Microsoft Excel. 3. Internet: 3.1. Conceitos b\u00e1sicos e seguran\u00e7a; 3.2. Navegadores: Microsoft Edge, Mozilla Firefox e Google Chrome; 3.3. Conceito e uso de e-mail; 3.4. Busca na web.<\/p>\n","protected":false},"excerpt":{"rendered":"<p>As provas do concurso prefeitura de sobral devem acontecer no pr\u00f3ximo m\u00eas, mais precisamente nos dias 21 e 22. O edital do certame foi publicado em abril, ofertando 124 vagas imediatas para n\u00edvel superior. Entre as vagas ofertadas, 10\u00a0 se destinam ao cargo de auditor, com sal\u00e1rio inicial de at\u00e9 R$ 13 mil.\u00a0Para\u00a0os cargos de [&hellip;]<\/p>\n","protected":false},"author":1,"featured_media":123891,"comment_status":"open","ping_status":"closed","sticky":false,"template":"","format":"standard","meta":{"post_tipo":"news","footnotes":""},"categories":[1,1983],"tags":[],"tax_estado":[],"class_list":["post-116269","post","type-post","status-publish","format-standard","has-post-thumbnail","hentry","category-cursos-e-concursos","category-fiscal-estadual"],"acf":[],"yoast_head":"<!-- This site is optimized with the Yoast SEO Premium plugin v27.2 (Yoast SEO v27.2) - https:\/\/yoast.com\/product\/yoast-seo-premium-wordpress\/ -->\n<title>Concurso Prefeitura de Sobral: Provas acontecem em Julho<\/title>\n<meta name=\"description\" content=\"Concurso Prefeitura de Sobral 2018: Confira todos os detalhes do concurso p\u00fablico que prover\u00e1 vagas para a Prefeitura de Sobral, no Cear\u00e1.\" \/>\n<meta name=\"robots\" content=\"index, follow, max-snippet:-1, max-image-preview:large, max-video-preview:-1\" \/>\n<link rel=\"canonical\" href=\"https:\/\/www.estrategiaconcursos.com.br\/blog\/edital-prefeitura-de-sobral-2018\/\" \/>\n<meta property=\"og:locale\" content=\"pt_BR\" \/>\n<meta property=\"og:type\" content=\"article\" \/>\n<meta property=\"og:title\" content=\"Concurso Prefeitura de Sobral 2018: Provas devem ser aplicadas no fim de Julho\" \/>\n<meta property=\"og:description\" content=\"Concurso Prefeitura de Sobral 2018: Confira todos os detalhes do concurso p\u00fablico que prover\u00e1 vagas para a Prefeitura de Sobral, no Cear\u00e1.\" \/>\n<meta property=\"og:url\" content=\"https:\/\/www.estrategiaconcursos.com.br\/blog\/edital-prefeitura-de-sobral-2018\/\" \/>\n<meta property=\"og:site_name\" content=\"Estrat\u00e9gia Concursos\" \/>\n<meta property=\"article:author\" content=\"https:\/\/www.facebook.com\/EstrategiaConcursos\" \/>\n<meta property=\"article:published_time\" content=\"2018-06-13T03:00:19+00:00\" \/>\n<meta property=\"article:modified_time\" content=\"2018-06-16T13:11:15+00:00\" \/>\n<meta property=\"og:image\" content=\"https:\/\/dhg1h5j42swfq.cloudfront.net\/2018\/04\/02104605\/jornalismo-SOBRAL.png\" \/>\n\t<meta property=\"og:image:width\" content=\"1200\" \/>\n\t<meta property=\"og:image:height\" content=\"628\" \/>\n\t<meta property=\"og:image:type\" content=\"image\/png\" \/>\n<meta name=\"author\" content=\"Coordena\u00e7\u00e3o\" \/>\n<meta name=\"twitter:card\" content=\"summary_large_image\" \/>\n<meta name=\"twitter:creator\" content=\"@EstratConcursos\" \/>\n<meta name=\"twitter:site\" content=\"@EstratConcursos\" \/>\n<meta name=\"twitter:label1\" content=\"Escrito por\" \/>\n\t<meta name=\"twitter:data1\" content=\"Coordena\u00e7\u00e3o\" \/>\n\t<meta name=\"twitter:label2\" content=\"Est. tempo de leitura\" \/>\n\t<meta name=\"twitter:data2\" content=\"6 minutos\" \/>\n<script type=\"application\/ld+json\" class=\"yoast-schema-graph\">{\"@context\":\"https:\/\/schema.org\",\"@graph\":[{\"@type\":\"NewsArticle\",\"@id\":\"https:\/\/www.estrategiaconcursos.com.br\/blog\/edital-prefeitura-de-sobral-2018\/#article\",\"isPartOf\":{\"@id\":\"https:\/\/www.estrategiaconcursos.com.br\/blog\/edital-prefeitura-de-sobral-2018\/\"},\"author\":{\"name\":\"Coordena\u00e7\u00e3o\",\"@id\":\"https:\/\/www.estrategiaconcursos.com.br\/blog\/#\/schema\/person\/b4a388c97673c5f483d72185668afa1f\"},\"headline\":\"Concurso Prefeitura de Sobral 2018: Provas devem ser aplicadas no fim de Julho\",\"datePublished\":\"2018-06-13T03:00:19+00:00\",\"dateModified\":\"2018-06-16T13:11:15+00:00\",\"mainEntityOfPage\":{\"@id\":\"https:\/\/www.estrategiaconcursos.com.br\/blog\/edital-prefeitura-de-sobral-2018\/\"},\"wordCount\":1266,\"commentCount\":16,\"publisher\":{\"@id\":\"https:\/\/www.estrategiaconcursos.com.br\/blog\/#organization\"},\"image\":{\"@id\":\"https:\/\/www.estrategiaconcursos.com.br\/blog\/edital-prefeitura-de-sobral-2018\/#primaryimage\"},\"thumbnailUrl\":\"https:\/\/dhg1h5j42swfq.cloudfront.net\/2018\/04\/02104605\/jornalismo-SOBRAL.png\",\"articleSection\":[\"Concursos P\u00fablicos\",\"Fiscal - Estadual (ICMS)\"],\"inLanguage\":\"pt-BR\",\"potentialAction\":[{\"@type\":\"CommentAction\",\"name\":\"Comment\",\"target\":[\"https:\/\/www.estrategiaconcursos.com.br\/blog\/edital-prefeitura-de-sobral-2018\/#respond\"]}],\"copyrightYear\":\"2018\",\"copyrightHolder\":{\"@id\":\"https:\/\/www.estrategiaconcursos.com.br\/blog\/#organization\"}},{\"@type\":\"WebPage\",\"@id\":\"https:\/\/www.estrategiaconcursos.com.br\/blog\/edital-prefeitura-de-sobral-2018\/\",\"url\":\"https:\/\/www.estrategiaconcursos.com.br\/blog\/edital-prefeitura-de-sobral-2018\/\",\"name\":\"Concurso Prefeitura de Sobral: Provas acontecem em Julho\",\"isPartOf\":{\"@id\":\"https:\/\/www.estrategiaconcursos.com.br\/blog\/#website\"},\"primaryImageOfPage\":{\"@id\":\"https:\/\/www.estrategiaconcursos.com.br\/blog\/edital-prefeitura-de-sobral-2018\/#primaryimage\"},\"image\":{\"@id\":\"https:\/\/www.estrategiaconcursos.com.br\/blog\/edital-prefeitura-de-sobral-2018\/#primaryimage\"},\"thumbnailUrl\":\"https:\/\/dhg1h5j42swfq.cloudfront.net\/2018\/04\/02104605\/jornalismo-SOBRAL.png\",\"datePublished\":\"2018-06-13T03:00:19+00:00\",\"dateModified\":\"2018-06-16T13:11:15+00:00\",\"description\":\"Concurso Prefeitura de Sobral 2018: Confira todos os detalhes do concurso p\u00fablico que prover\u00e1 vagas para a Prefeitura de Sobral, no Cear\u00e1.\",\"breadcrumb\":{\"@id\":\"https:\/\/www.estrategiaconcursos.com.br\/blog\/edital-prefeitura-de-sobral-2018\/#breadcrumb\"},\"inLanguage\":\"pt-BR\",\"potentialAction\":[{\"@type\":\"ReadAction\",\"target\":[\"https:\/\/www.estrategiaconcursos.com.br\/blog\/edital-prefeitura-de-sobral-2018\/\"]}]},{\"@type\":\"ImageObject\",\"inLanguage\":\"pt-BR\",\"@id\":\"https:\/\/www.estrategiaconcursos.com.br\/blog\/edital-prefeitura-de-sobral-2018\/#primaryimage\",\"url\":\"https:\/\/dhg1h5j42swfq.cloudfront.net\/2018\/04\/02104605\/jornalismo-SOBRAL.png\",\"contentUrl\":\"https:\/\/dhg1h5j42swfq.cloudfront.net\/2018\/04\/02104605\/jornalismo-SOBRAL.png\",\"width\":1200,\"height\":628,\"caption\":\"concurso sobral\"},{\"@type\":\"BreadcrumbList\",\"@id\":\"https:\/\/www.estrategiaconcursos.com.br\/blog\/edital-prefeitura-de-sobral-2018\/#breadcrumb\",\"itemListElement\":[{\"@type\":\"ListItem\",\"position\":1,\"name\":\"In\u00edcio\",\"item\":\"https:\/\/www.estrategiaconcursos.com.br\/blog\/\"},{\"@type\":\"ListItem\",\"position\":2,\"name\":\"Concurso Prefeitura de Sobral 2018: Provas devem ser aplicadas no fim de Julho\"}]},{\"@type\":\"WebSite\",\"@id\":\"https:\/\/www.estrategiaconcursos.com.br\/blog\/#website\",\"url\":\"https:\/\/www.estrategiaconcursos.com.br\/blog\/\",\"name\":\"Estrat\u00e9gia Concursos\",\"description\":\"O blog da Estrat\u00e9gia Concursos traz not\u00edcias sobre concursos e artigos de professores oferecendo cursos para concursos (pdf + videaulas) no site.\",\"publisher\":{\"@id\":\"https:\/\/www.estrategiaconcursos.com.br\/blog\/#organization\"},\"potentialAction\":[{\"@type\":\"SearchAction\",\"target\":{\"@type\":\"EntryPoint\",\"urlTemplate\":\"https:\/\/www.estrategiaconcursos.com.br\/blog\/?s={search_term_string}\"},\"query-input\":{\"@type\":\"PropertyValueSpecification\",\"valueRequired\":true,\"valueName\":\"search_term_string\"}}],\"inLanguage\":\"pt-BR\"},{\"@type\":\"Organization\",\"@id\":\"https:\/\/www.estrategiaconcursos.com.br\/blog\/#organization\",\"name\":\"Estrat\u00e9gia Concursos\",\"url\":\"https:\/\/www.estrategiaconcursos.com.br\/blog\/\",\"logo\":{\"@type\":\"ImageObject\",\"inLanguage\":\"pt-BR\",\"@id\":\"https:\/\/www.estrategiaconcursos.com.br\/blog\/#\/schema\/logo\/image\/\",\"url\":\"https:\/\/dhg1h5j42swfq.cloudfront.net\/2025\/06\/03203428\/logo_concursos-1.jpg\",\"contentUrl\":\"https:\/\/dhg1h5j42swfq.cloudfront.net\/2025\/06\/03203428\/logo_concursos-1.jpg\",\"width\":230,\"height\":60,\"caption\":\"Estrat\u00e9gia Concursos\"},\"image\":{\"@id\":\"https:\/\/www.estrategiaconcursos.com.br\/blog\/#\/schema\/logo\/image\/\"},\"sameAs\":[\"https:\/\/x.com\/EstratConcursos\"]},{\"@type\":\"Person\",\"@id\":\"https:\/\/www.estrategiaconcursos.com.br\/blog\/#\/schema\/person\/b4a388c97673c5f483d72185668afa1f\",\"name\":\"Coordena\u00e7\u00e3o\",\"image\":{\"@type\":\"ImageObject\",\"inLanguage\":\"pt-BR\",\"@id\":\"https:\/\/secure.gravatar.com\/avatar\/b720319e4c9a967eb58678d110f4fe35452fc5d5f97b202bac7b8acceb18c6ad?s=96&d=mm&r=g\",\"url\":\"https:\/\/secure.gravatar.com\/avatar\/b720319e4c9a967eb58678d110f4fe35452fc5d5f97b202bac7b8acceb18c6ad?s=96&d=mm&r=g\",\"contentUrl\":\"https:\/\/secure.gravatar.com\/avatar\/b720319e4c9a967eb58678d110f4fe35452fc5d5f97b202bac7b8acceb18c6ad?s=96&d=mm&r=g\",\"caption\":\"Coordena\u00e7\u00e3o\"},\"sameAs\":[\"https:\/\/www.facebook.com\/EstrategiaConcursos\",\"https:\/\/x.com\/EstratConcursos\"],\"url\":\"https:\/\/www.estrategiaconcursos.com.br\/blog\/author\/estrategia2013\/\"}]}<\/script>\n<!-- \/ Yoast SEO Premium plugin. -->","yoast_head_json":{"title":"Concurso Prefeitura de Sobral: Provas acontecem em Julho","description":"Concurso Prefeitura de Sobral 2018: Confira todos os detalhes do concurso p\u00fablico que prover\u00e1 vagas para a Prefeitura de Sobral, no Cear\u00e1.","robots":{"index":"index","follow":"follow","max-snippet":"max-snippet:-1","max-image-preview":"max-image-preview:large","max-video-preview":"max-video-preview:-1"},"canonical":"https:\/\/www.estrategiaconcursos.com.br\/blog\/edital-prefeitura-de-sobral-2018\/","og_locale":"pt_BR","og_type":"article","og_title":"Concurso Prefeitura de Sobral 2018: Provas devem ser aplicadas no fim de Julho","og_description":"Concurso Prefeitura de Sobral 2018: Confira todos os detalhes do concurso p\u00fablico que prover\u00e1 vagas para a Prefeitura de Sobral, no Cear\u00e1.","og_url":"https:\/\/www.estrategiaconcursos.com.br\/blog\/edital-prefeitura-de-sobral-2018\/","og_site_name":"Estrat\u00e9gia Concursos","article_author":"https:\/\/www.facebook.com\/EstrategiaConcursos","article_published_time":"2018-06-13T03:00:19+00:00","article_modified_time":"2018-06-16T13:11:15+00:00","og_image":[{"width":1200,"height":628,"url":"https:\/\/dhg1h5j42swfq.cloudfront.net\/2018\/04\/02104605\/jornalismo-SOBRAL.png","type":"image\/png"}],"author":"Coordena\u00e7\u00e3o","twitter_card":"summary_large_image","twitter_creator":"@EstratConcursos","twitter_site":"@EstratConcursos","twitter_misc":{"Escrito por":"Coordena\u00e7\u00e3o","Est. tempo de leitura":"6 minutos"},"schema":{"@context":"https:\/\/schema.org","@graph":[{"@type":"NewsArticle","@id":"https:\/\/www.estrategiaconcursos.com.br\/blog\/edital-prefeitura-de-sobral-2018\/#article","isPartOf":{"@id":"https:\/\/www.estrategiaconcursos.com.br\/blog\/edital-prefeitura-de-sobral-2018\/"},"author":{"name":"Coordena\u00e7\u00e3o","@id":"https:\/\/www.estrategiaconcursos.com.br\/blog\/#\/schema\/person\/b4a388c97673c5f483d72185668afa1f"},"headline":"Concurso Prefeitura de Sobral 2018: Provas devem ser aplicadas no fim de Julho","datePublished":"2018-06-13T03:00:19+00:00","dateModified":"2018-06-16T13:11:15+00:00","mainEntityOfPage":{"@id":"https:\/\/www.estrategiaconcursos.com.br\/blog\/edital-prefeitura-de-sobral-2018\/"},"wordCount":1266,"commentCount":16,"publisher":{"@id":"https:\/\/www.estrategiaconcursos.com.br\/blog\/#organization"},"image":{"@id":"https:\/\/www.estrategiaconcursos.com.br\/blog\/edital-prefeitura-de-sobral-2018\/#primaryimage"},"thumbnailUrl":"https:\/\/dhg1h5j42swfq.cloudfront.net\/2018\/04\/02104605\/jornalismo-SOBRAL.png","articleSection":["Concursos P\u00fablicos","Fiscal - Estadual (ICMS)"],"inLanguage":"pt-BR","potentialAction":[{"@type":"CommentAction","name":"Comment","target":["https:\/\/www.estrategiaconcursos.com.br\/blog\/edital-prefeitura-de-sobral-2018\/#respond"]}],"copyrightYear":"2018","copyrightHolder":{"@id":"https:\/\/www.estrategiaconcursos.com.br\/blog\/#organization"}},{"@type":"WebPage","@id":"https:\/\/www.estrategiaconcursos.com.br\/blog\/edital-prefeitura-de-sobral-2018\/","url":"https:\/\/www.estrategiaconcursos.com.br\/blog\/edital-prefeitura-de-sobral-2018\/","name":"Concurso Prefeitura de Sobral: Provas acontecem em Julho","isPartOf":{"@id":"https:\/\/www.estrategiaconcursos.com.br\/blog\/#website"},"primaryImageOfPage":{"@id":"https:\/\/www.estrategiaconcursos.com.br\/blog\/edital-prefeitura-de-sobral-2018\/#primaryimage"},"image":{"@id":"https:\/\/www.estrategiaconcursos.com.br\/blog\/edital-prefeitura-de-sobral-2018\/#primaryimage"},"thumbnailUrl":"https:\/\/dhg1h5j42swfq.cloudfront.net\/2018\/04\/02104605\/jornalismo-SOBRAL.png","datePublished":"2018-06-13T03:00:19+00:00","dateModified":"2018-06-16T13:11:15+00:00","description":"Concurso Prefeitura de Sobral 2018: Confira todos os detalhes do concurso p\u00fablico que prover\u00e1 vagas para a Prefeitura de Sobral, no Cear\u00e1.","breadcrumb":{"@id":"https:\/\/www.estrategiaconcursos.com.br\/blog\/edital-prefeitura-de-sobral-2018\/#breadcrumb"},"inLanguage":"pt-BR","potentialAction":[{"@type":"ReadAction","target":["https:\/\/www.estrategiaconcursos.com.br\/blog\/edital-prefeitura-de-sobral-2018\/"]}]},{"@type":"ImageObject","inLanguage":"pt-BR","@id":"https:\/\/www.estrategiaconcursos.com.br\/blog\/edital-prefeitura-de-sobral-2018\/#primaryimage","url":"https:\/\/dhg1h5j42swfq.cloudfront.net\/2018\/04\/02104605\/jornalismo-SOBRAL.png","contentUrl":"https:\/\/dhg1h5j42swfq.cloudfront.net\/2018\/04\/02104605\/jornalismo-SOBRAL.png","width":1200,"height":628,"caption":"concurso sobral"},{"@type":"BreadcrumbList","@id":"https:\/\/www.estrategiaconcursos.com.br\/blog\/edital-prefeitura-de-sobral-2018\/#breadcrumb","itemListElement":[{"@type":"ListItem","position":1,"name":"In\u00edcio","item":"https:\/\/www.estrategiaconcursos.com.br\/blog\/"},{"@type":"ListItem","position":2,"name":"Concurso Prefeitura de Sobral 2018: Provas devem ser aplicadas no fim de Julho"}]},{"@type":"WebSite","@id":"https:\/\/www.estrategiaconcursos.com.br\/blog\/#website","url":"https:\/\/www.estrategiaconcursos.com.br\/blog\/","name":"Estrat\u00e9gia Concursos","description":"O blog da Estrat\u00e9gia Concursos traz not\u00edcias sobre concursos e artigos de professores oferecendo cursos para concursos (pdf + videaulas) no site.","publisher":{"@id":"https:\/\/www.estrategiaconcursos.com.br\/blog\/#organization"},"potentialAction":[{"@type":"SearchAction","target":{"@type":"EntryPoint","urlTemplate":"https:\/\/www.estrategiaconcursos.com.br\/blog\/?s={search_term_string}"},"query-input":{"@type":"PropertyValueSpecification","valueRequired":true,"valueName":"search_term_string"}}],"inLanguage":"pt-BR"},{"@type":"Organization","@id":"https:\/\/www.estrategiaconcursos.com.br\/blog\/#organization","name":"Estrat\u00e9gia Concursos","url":"https:\/\/www.estrategiaconcursos.com.br\/blog\/","logo":{"@type":"ImageObject","inLanguage":"pt-BR","@id":"https:\/\/www.estrategiaconcursos.com.br\/blog\/#\/schema\/logo\/image\/","url":"https:\/\/dhg1h5j42swfq.cloudfront.net\/2025\/06\/03203428\/logo_concursos-1.jpg","contentUrl":"https:\/\/dhg1h5j42swfq.cloudfront.net\/2025\/06\/03203428\/logo_concursos-1.jpg","width":230,"height":60,"caption":"Estrat\u00e9gia Concursos"},"image":{"@id":"https:\/\/www.estrategiaconcursos.com.br\/blog\/#\/schema\/logo\/image\/"},"sameAs":["https:\/\/x.com\/EstratConcursos"]},{"@type":"Person","@id":"https:\/\/www.estrategiaconcursos.com.br\/blog\/#\/schema\/person\/b4a388c97673c5f483d72185668afa1f","name":"Coordena\u00e7\u00e3o","image":{"@type":"ImageObject","inLanguage":"pt-BR","@id":"https:\/\/secure.gravatar.com\/avatar\/b720319e4c9a967eb58678d110f4fe35452fc5d5f97b202bac7b8acceb18c6ad?s=96&d=mm&r=g","url":"https:\/\/secure.gravatar.com\/avatar\/b720319e4c9a967eb58678d110f4fe35452fc5d5f97b202bac7b8acceb18c6ad?s=96&d=mm&r=g","contentUrl":"https:\/\/secure.gravatar.com\/avatar\/b720319e4c9a967eb58678d110f4fe35452fc5d5f97b202bac7b8acceb18c6ad?s=96&d=mm&r=g","caption":"Coordena\u00e7\u00e3o"},"sameAs":["https:\/\/www.facebook.com\/EstrategiaConcursos","https:\/\/x.com\/EstratConcursos"],"url":"https:\/\/www.estrategiaconcursos.com.br\/blog\/author\/estrategia2013\/"}]}},"_links":{"self":[{"href":"https:\/\/www.estrategiaconcursos.com.br\/blog\/wp-json\/wp\/v2\/posts\/116269","targetHints":{"allow":["GET"]}}],"collection":[{"href":"https:\/\/www.estrategiaconcursos.com.br\/blog\/wp-json\/wp\/v2\/posts"}],"about":[{"href":"https:\/\/www.estrategiaconcursos.com.br\/blog\/wp-json\/wp\/v2\/types\/post"}],"author":[{"embeddable":true,"href":"https:\/\/www.estrategiaconcursos.com.br\/blog\/wp-json\/wp\/v2\/users\/1"}],"replies":[{"embeddable":true,"href":"https:\/\/www.estrategiaconcursos.com.br\/blog\/wp-json\/wp\/v2\/comments?post=116269"}],"version-history":[{"count":33,"href":"https:\/\/www.estrategiaconcursos.com.br\/blog\/wp-json\/wp\/v2\/posts\/116269\/revisions"}],"predecessor-version":[{"id":126891,"href":"https:\/\/www.estrategiaconcursos.com.br\/blog\/wp-json\/wp\/v2\/posts\/116269\/revisions\/126891"}],"wp:featuredmedia":[{"embeddable":true,"href":"https:\/\/www.estrategiaconcursos.com.br\/blog\/wp-json\/wp\/v2\/media\/123891"}],"wp:attachment":[{"href":"https:\/\/www.estrategiaconcursos.com.br\/blog\/wp-json\/wp\/v2\/media?parent=116269"}],"wp:term":[{"taxonomy":"category","embeddable":true,"href":"https:\/\/www.estrategiaconcursos.com.br\/blog\/wp-json\/wp\/v2\/categories?post=116269"},{"taxonomy":"post_tag","embeddable":true,"href":"https:\/\/www.estrategiaconcursos.com.br\/blog\/wp-json\/wp\/v2\/tags?post=116269"},{"taxonomy":"tax_estado","embeddable":true,"href":"https:\/\/www.estrategiaconcursos.com.br\/blog\/wp-json\/wp\/v2\/tax_estado?post=116269"}],"curies":[{"name":"wp","href":"https:\/\/api.w.org\/{rel}","templated":true}]}}