{"id":1162474,"date":"2023-03-18T08:39:00","date_gmt":"2023-03-18T11:39:00","guid":{"rendered":"https:\/\/www.estrategiaconcursos.com.br\/blog\/?p=1162474"},"modified":"2023-03-18T08:51:13","modified_gmt":"2023-03-18T11:51:13","slug":"concurs-procergs-edital-publicado","status":"publish","type":"post","link":"https:\/\/www.estrategiaconcursos.com.br\/blog\/concurs-procergs-edital-publicado\/","title":{"rendered":"Edital PROCERGS: banca encerra per\u00edodo de inscri\u00e7\u00f5es"},"content":{"rendered":"\n<p>Est\u00e3o oficialmente encerradas as inscri\u00e7\u00f5es do edital do <strong>concurso PROCERGS<\/strong> (<a href=\"https:\/\/www.estrategiaconcursos.com.br\/cursosPorConcurso\/centro-de-tecnologia-da-informacao-e-comunicacao-do-estado-do-rio-grande-do-sul-procergs\/\" target=\"_blank\" rel=\"noreferrer noopener\">Centro de Tecnologia da Informa\u00e7\u00e3o e Comunica\u00e7\u00e3o do Estado do Rio Grande do Sul<\/a>). <\/p>\n\n\n\n<p>Os candidatos interessados puderam se inscrever at\u00e9 \u00e0s 17h do dia 17 de mar\u00e7o, diretamente pelo site da banca, <strong><a href=\"https:\/\/fundatec.org.br\/portal\/cadastro\/v1.0_cadastro_1.php\" target=\"_blank\" rel=\"noreferrer noopener\">FUNDATEC<\/a><\/strong>, ao custo de para n\u00edvel superior R$ 247,00 e R$ 108,34 para n\u00edvel m\u00e9dio.<\/p>\n\n\n\n<p>De acordo com o documento, s\u00e3o ofertadas <strong>120 vagas<\/strong> distribu\u00eddas entre cargos de n\u00edveis m\u00e9dio e superior. A data prov\u00e1vel da realiza\u00e7\u00e3o da prova ser\u00e1 em 07 de maio.<\/p>\n\n\n\n<div class=\"container\" id=\"boxes\">\n  <div class=\"row\">\n\n    <div class=\"col-sm\">\n      <div class=\"banner-estrategia\" id=\"box-assinatura\">\n        <h3 class=\"titulo-assinatura\">Cursos para Procergs<\/h3>\n        <p class=\"subtitulo-assinatura\">Conhe\u00e7a os cursos<\/p>\n        <div class=\"box-botao\">\n          <a class=\"btn-assinatura\" target=\"_blank\" href=\"https:\/\/www.estrategiaconcursos.com.br\/cursosPorConcurso\/centro-de-tecnologia-da-informacao-e-comunicacao-do-estado-do-rio-grande-do-sul-procergs\/\" role=\"button\" rel=\"noopener noreferrer\">Conhe\u00e7a mais<\/a>\n        <\/div>\n      <\/div>\n     \n    <\/div>\n\n  <\/div>\n<\/div>\n\n\n\n<h2 class=\"wp-block-heading\" id=\"datas\">Edital PROCERGS: principais datas <\/h2>\n\n\n\n<ul class=\"wp-block-list\">\n<li><strong>Inscri\u00e7\u00f5es<\/strong>: <s>01\/02 a 17\/03\/2023<\/s><\/li>\n\n\n\n<li><strong>Isen\u00e7\u00e3o da taxa<\/strong>: <s>03\/02 a 09\/02\/2023<\/s><\/li>\n\n\n\n<li><strong>\u00daltimo dia para pagamento<\/strong>: 20\/03\/2023<\/li>\n\n\n\n<li><strong>Prova<\/strong>: 07\/05\/2023<\/li>\n<\/ul>\n\n\n\n<h2 class=\"wp-block-heading\" id=\"cargos-vagas\">Edital PROCERGS: cargos e vagas <\/h2>\n\n\n\n<h3 class=\"wp-block-heading\">N\u00edvel m\u00e9dio<\/h3>\n\n\n\n<figure class=\"wp-block-table is-style-stripes\"><table class=\"has-white-background-color has-background has-fixed-layout\"><thead><tr><th class=\"has-text-align-center\" data-align=\"center\">Cargo<\/th><th class=\"has-text-align-center\" data-align=\"center\">Vagas<\/th><th class=\"has-text-align-center\" data-align=\"center\">Remunera\u00e7\u00e3o<\/th><\/tr><\/thead><tbody><tr><td class=\"has-text-align-center\" data-align=\"center\">Assistente T\u00e9cnico \/ T\u00e9cnico em Contabilidade<\/td><td class=\"has-text-align-center\" data-align=\"center\">01<\/td><td class=\"has-text-align-center\" data-align=\"center\">R$ 4.109,73<\/td><\/tr><tr><td class=\"has-text-align-center\" data-align=\"center\"><a href=\"https:\/\/www.estrategiaconcursos.com.br\/curso\/procergs-assistente-tecnico-tecnico-em-administracao-pacote-2023-pos-edital\/\" target=\"_blank\" rel=\"noreferrer noopener\">Assistente T\u00e9cnico \/ T\u00e9cnico em Administra\u00e7\u00e3o<\/a><\/td><td class=\"has-text-align-center\" data-align=\"center\">01<\/td><td class=\"has-text-align-center\" data-align=\"center\">R$ 4.109,73<\/td><\/tr><tr><td class=\"has-text-align-center\" data-align=\"center\">TI \u2013 T\u00e9cnico em Inform\u00e1tica<\/td><td class=\"has-text-align-center\" data-align=\"center\">07<\/td><td class=\"has-text-align-center\" data-align=\"center\">R$ 3.618,36 &#8211; 30h*<br \/>R$ 4.824,49 &#8211; 40h*<\/td><\/tr><\/tbody><\/table><\/figure>\n\n\n\n<h3 class=\"wp-block-heading\">N\u00edvel superior<\/h3>\n\n\n\n<figure class=\"wp-block-table is-style-stripes\"><table class=\"has-white-background-color has-background has-fixed-layout\"><thead><tr><th class=\"has-text-align-center\" data-align=\"center\">Cargo<\/th><th class=\"has-text-align-center\" data-align=\"center\">Vagas<\/th><th class=\"has-text-align-center\" data-align=\"center\">Remunera\u00e7\u00e3o<\/th><\/tr><\/thead><tbody><tr><td class=\"has-text-align-center\" data-align=\"center\"><a href=\"https:\/\/www.estrategiaconcursos.com.br\/curso\/procergs-assistente-tecnico-jornalista-pacote-2023-pos-edital\/\" target=\"_blank\" rel=\"noreferrer noopener\">Analista T\u00e9cnico \/ Jornalista<\/a><\/td><td class=\"has-text-align-center\" data-align=\"center\">01<\/td><td class=\"has-text-align-center\" data-align=\"center\">R$ 4.857,25<\/td><\/tr><tr><td class=\"has-text-align-center\" data-align=\"center\"><a href=\"https:\/\/www.estrategiaconcursos.com.br\/curso\/08-procergs-analista-tecnico-assistente-social-pacote-2023-pos-edital\/\" target=\"_blank\" rel=\"noreferrer noopener\">Analista T\u00e9cnico \/ Assistente Social<\/a><\/td><td class=\"has-text-align-center\" data-align=\"center\">01<\/td><td class=\"has-text-align-center\" data-align=\"center\">R$ 5.829,55<\/td><\/tr><tr><td class=\"has-text-align-center\" data-align=\"center\">Analista T\u00e9cnico \/ Psic\u00f3logo Organizacional<\/td><td class=\"has-text-align-center\" data-align=\"center\">01<\/td><td class=\"has-text-align-center\" data-align=\"center\">R$ 7.772,72<\/td><\/tr><tr><td class=\"has-text-align-center\" data-align=\"center\"><a href=\"https:\/\/www.estrategiaconcursos.com.br\/curso\/procergs-analista-tecnico-advogado-civil-pacote-completo-2023-pos-edital\/\" target=\"_blank\" rel=\"noreferrer noopener\">Analista T\u00e9cnico \/ Advogado na \u00e1rea C\u00edvel<\/a><\/td><td class=\"has-text-align-center\" data-align=\"center\">01<\/td><td class=\"has-text-align-center\" data-align=\"center\">R$ 7.772,72<\/td><\/tr><tr><td class=\"has-text-align-center\" data-align=\"center\">Analista T\u00e9cnico \/ Engenheiro El\u00e9trico\/Eletr\u00f4nico<\/td><td class=\"has-text-align-center\" data-align=\"center\">01<\/td><td class=\"has-text-align-center\" data-align=\"center\">R$ 11.346,37<\/td><\/tr><tr><td class=\"has-text-align-center\" data-align=\"center\"><a href=\"https:\/\/www.estrategiaconcursos.com.br\/curso\/procergs-analista-em-computacao-teste-de-software-e-garantia-de-qualidade-pacote-2023-pos-edital\/\" target=\"_blank\" rel=\"noreferrer noopener\">Analista em Computa\u00e7\u00e3o \/ \u00eanfase em Teste de Software e Garantia da Qualidade<\/a><\/td><td class=\"has-text-align-center\" data-align=\"center\">01<\/td><td class=\"has-text-align-center\" data-align=\"center\">R$ 7.772,72<\/td><\/tr><tr><td class=\"has-text-align-center\" data-align=\"center\"><a href=\"https:\/\/www.estrategiaconcursos.com.br\/curso\/06-procergs-analista-em-computacao-desenvolvimento-front-end-pacote-2023-pos-edital\/\" target=\"_blank\" rel=\"noreferrer noopener\">Analista em Computa\u00e7\u00e3o\/ \u00eanfase em Desenvolvimento FrontEnd<\/a><\/td><td class=\"has-text-align-center\" data-align=\"center\">10<\/td><td class=\"has-text-align-center\" data-align=\"center\">R$ 7.772,72<\/td><\/tr><tr><td class=\"has-text-align-center\" data-align=\"center\">Analista em Computa\u00e7\u00e3o \/ \u00eanfase em Visual \/ Design<\/td><td class=\"has-text-align-center\" data-align=\"center\">02<\/td><td class=\"has-text-align-center\" data-align=\"center\">R$ 7.772,72<\/td><\/tr><tr><td class=\"has-text-align-center\" data-align=\"center\"><a href=\"https:\/\/www.estrategiaconcursos.com.br\/curso\/procergs-analista-em-computacao-ciencia-de-dados-pacote-2023-pos-edital\/\" target=\"_blank\" rel=\"noreferrer noopener\">Analista em Computa\u00e7\u00e3o \/ \u00eanfase em Ci\u00eancia de Dados<\/a><\/td><td class=\"has-text-align-center\" data-align=\"center\">03<\/td><td class=\"has-text-align-center\" data-align=\"center\">R$ 7.772,72<\/td><\/tr><tr><td class=\"has-text-align-center\" data-align=\"center\"><a href=\"https:\/\/www.estrategiaconcursos.com.br\/curso\/procergs-analista-em-computacao-analise-de-sistemas-gerencia-em-projetos-de-ti-pacote-2023-pos-edital\/\" target=\"_blank\" rel=\"noreferrer noopener\">Analista em Computa\u00e7\u00e3o \/ \u00eanfase em An\u00e1lise de Sistemas \/ Ger\u00eancia de Projetos de TI<\/a><\/td><td class=\"has-text-align-center\" data-align=\"center\">15<\/td><td class=\"has-text-align-center\" data-align=\"center\">R$ 7.772,72<\/td><\/tr><tr><td class=\"has-text-align-center\" data-align=\"center\"><a href=\"https:\/\/www.estrategiaconcursos.com.br\/curso\/procergs-analista-em-computacao-programacao-de-sistemas-na-tecnologia-java-pacote-2023-pos-edital\/\" target=\"_blank\" rel=\"noreferrer noopener\">Analista em Computa\u00e7\u00e3o \/ \u00eanfase em Programa\u00e7\u00e3o de Sistemas na Tecnologia JAVA<\/a><\/td><td class=\"has-text-align-center\" data-align=\"center\">32<\/td><td class=\"has-text-align-center\" data-align=\"center\">R$ 7.772,72<\/td><\/tr><tr><td class=\"has-text-align-center\" data-align=\"center\"><a href=\"https:\/\/www.estrategiaconcursos.com.br\/curso\/procergs-analista-em-computacao-programacao-de-sistemas-na-tecnologia-microsoft-pacote-2023-pos-edital\/\" target=\"_blank\" rel=\"noreferrer noopener\">Analista em Computa\u00e7\u00e3o\/ \u00eanfase em programa\u00e7\u00e3o de sistemas na tecnologia MICROSOFT<\/a><\/td><td class=\"has-text-align-center\" data-align=\"center\">22<\/td><td class=\"has-text-align-center\" data-align=\"center\">R$ 7.772,72<\/td><\/tr><tr><td class=\"has-text-align-center\" data-align=\"center\">Analista em Computa\u00e7\u00e3o\/ \u00eanfase em programa\u00e7\u00e3o de sistemas na tecnologia PHP<\/td><td class=\"has-text-align-center\" data-align=\"center\">01<\/td><td class=\"has-text-align-center\" data-align=\"center\">R$ 7.772,72<\/td><\/tr><tr><td class=\"has-text-align-center\" data-align=\"center\">Analista em Computa\u00e7\u00e3o\/ \u00eanfase em Desenvolvimento Oracle PL\/SQL<\/td><td class=\"has-text-align-center\" data-align=\"center\">01<\/td><td class=\"has-text-align-center\" data-align=\"center\">R$ 7.772,72<\/td><\/tr><tr><td class=\"has-text-align-center\" data-align=\"center\">Analista em Computa\u00e7\u00e3o\/ \u00eanfase em suporte de Rede de Computadores<\/td><td class=\"has-text-align-center\" data-align=\"center\">02<\/td><td class=\"has-text-align-center\" data-align=\"center\">R$ 7.772,72<\/td><\/tr><tr><td class=\"has-text-align-center\" data-align=\"center\">Analista em Computa\u00e7\u00e3o\/ \u00eanfase em suporte de Sistemas Operacionais<\/td><td class=\"has-text-align-center\" data-align=\"center\">10<\/td><td class=\"has-text-align-center\" data-align=\"center\">R$ 7.772,72<\/td><\/tr><tr><td class=\"has-text-align-center\" data-align=\"center\">Analista em Computa\u00e7\u00e3o\/ \u00eanfase em suporte em Banco de Dados<\/td><td class=\"has-text-align-center\" data-align=\"center\">01<\/td><td class=\"has-text-align-center\" data-align=\"center\">R$ 7.772,72<\/td><\/tr><tr><td class=\"has-text-align-center\" data-align=\"center\">Analista em Computa\u00e7\u00e3o\/ \u00eanfase em Gerenciamento de Projetos na \u00c1rea Operacional<\/td><td class=\"has-text-align-center\" data-align=\"center\">01<\/td><td class=\"has-text-align-center\" data-align=\"center\">R$ 7.772,72<\/td><\/tr><tr><td class=\"has-text-align-center\" data-align=\"center\">Analista em Computa\u00e7\u00e3o\/ \u00eanfase em Administra\u00e7\u00e3o de Dados<\/td><td class=\"has-text-align-center\" data-align=\"center\">02<\/td><td class=\"has-text-align-center\" data-align=\"center\">R$ 7.772,72<\/td><\/tr><tr><td class=\"has-text-align-center\" data-align=\"center\">Analista em Computa\u00e7\u00e3o\/ \u00eanfase em Seguran\u00e7a da Informa\u00e7\u00e3o<\/td><td class=\"has-text-align-center\" data-align=\"center\">01<\/td><td class=\"has-text-align-center\" data-align=\"center\">R$ 7.772,72<\/td><\/tr><tr><td class=\"has-text-align-center\" data-align=\"center\">Analista em Computa\u00e7\u00e3o\/ \u00eanfase em Neg\u00f3cios de Produtos e Servi\u00e7os de TI<\/td><td class=\"has-text-align-center\" data-align=\"center\">02<\/td><td class=\"has-text-align-center\" data-align=\"center\">R$ 7.772,72<\/td><\/tr><\/tbody><\/table><\/figure>\n\n\n\n<h2 class=\"wp-block-heading\" id=\"etapas\">Edital PROCERGS: etapas e provas <\/h2>\n\n\n\n<h3 class=\"wp-block-heading\">Prova objetiva<\/h3>\n\n\n\n<p>A avalia\u00e7\u00e3o ser\u00e1 aplicada em Porto Alegre e contar\u00e1 com&nbsp;<strong>60 quest\u00f5es para todos os cargos<\/strong>, sendo elas de:<\/p>\n\n\n\n<ul class=\"wp-block-list\">\n<li>L\u00edngua Portuguesa &#8211; 10;<\/li>\n\n\n\n<li>Legisla\u00e7\u00e3o &#8211; 10; e<\/li>\n\n\n\n<li>Conhecimentos Espec\u00edficos &#8211; 40.<\/li>\n<\/ul>\n\n\n\n<p>Para ser aprovado, ser\u00e1 preciso obter, pelo menos, 5 pontos em Portugu\u00eas, 3 em Legisla\u00e7\u00e3o e 22 na parte Espec\u00edfica. O candidato dever\u00e1 ter, desta forma, ao menos 30 pontos no total do exame.<\/p>\n\n\n\n<p class=\"has-text-align-center has-background has-medium-font-size\" style=\"background-color:#e3e5e8\"><strong>Saiba mais: <a href=\"https:\/\/www.estrategiaconcursos.com.br\/blog\/concurso-procergs\/\" target=\"_blank\" rel=\"noreferrer noopener\">concurso Procergs<\/a><\/strong><\/p>\n\n\n\n<hr class=\"wp-block-separator has-css-opacity\"\/>\n\n\n\n<h2 class=\"has-text-align-center wp-block-heading\" id=\"cursos\">Quer estudar para o edital PROCERGS?<\/h2>\n\n\n\n<div class=\"container\" id=\"boxes\">\n  <div class=\"row\">\n\n    <div class=\"col-sm\">\n      <div class=\"banner-estrategia\" id=\"box-assinatura\">\n        <h3 class=\"titulo-assinatura\">Cursos para Procergs<\/h3>\n        <p class=\"subtitulo-assinatura\">Conhe\u00e7a os cursos<\/p>\n        <div class=\"box-botao\">\n          <a class=\"btn-assinatura\" target=\"_blank\" href=\"https:\/\/www.estrategiaconcursos.com.br\/cursosPorConcurso\/centro-de-tecnologia-da-informacao-e-comunicacao-do-estado-do-rio-grande-do-sul-procergs\/\" role=\"button\" rel=\"noopener noreferrer\">Conhe\u00e7a mais<\/a>\n        <\/div>\n      <\/div>\n     \n    <\/div>\n\n  <\/div>\n<\/div>\n\n\n\n<div class=\"container\" id=\"boxes\">\n  <div class=\"row\">\n\n    <div class=\"col-sm\">\n      <div class=\"estrategia\" id=\"box-assinatura\">\n        <h3 class=\"titulo-assinatura\">Assinatura Concursos<\/h3>\n        <p class=\"subtitulo-assinatura\">Assinatura de 1 ano ou 2 anos<\/p>\n        <div class=\"box-botao\">\n          <a class=\"btn-assinatura\" target=\"_blank\" href=\"https:\/\/www.estrategiaconcursos.com.br\/assinaturas\/\" role=\"button\" rel=\"noopener noreferrer\">ASSINE AGORA<\/a>\n        <\/div>\n      <\/div><\/div><\/div><\/div>\n\n\n\n<h2 class=\"has-text-align-center wp-block-heading\" id=\"h-quer-saber-tudo-sobre-concursos-previstos-confira-os-nossos-artigos\">Quer saber tudo sobre concursos previstos?<br \/>Confira os nossos artigos!<\/h2>\n\n\n\n<ul class=\"wp-block-list\">\n<li><a href=\"https:\/\/www.estrategiaconcursos.com.br\/blog\/concursos-abertos\/\" target=\"_blank\" rel=\"noreferrer noopener\">Concursos abertos<\/a><\/li>\n\n\n\n<li><a href=\"https:\/\/www.estrategiaconcursos.com.br\/blog\/concursos-2023\/\" target=\"_blank\" rel=\"noreferrer noopener\">Concursos 2023<\/a><\/li>\n<\/ul>\n\n\n\n<figure class=\"wp-block-image size-large is-resized\"><img loading=\"lazy\" decoding=\"async\" src=\"https:\/\/dhg1h5j42swfq.cloudfront.net\/2025\/06\/27101122\/ficha-tecnica-1-1024x632.png\" alt=\"Informa\u00e7\u00f5es do edital PROCERGS\" class=\"wp-image-702728\" width=\"269\" height=\"166\" srcset=\"https:\/\/dhg1h5j42swfq.cloudfront.net\/2025\/06\/27101122\/ficha-tecnica-1-1024x632.png 1024w, https:\/\/dhg1h5j42swfq.cloudfront.net\/2025\/06\/27101122\/ficha-tecnica-1-300x185.png 300w, https:\/\/dhg1h5j42swfq.cloudfront.net\/2025\/06\/27101122\/ficha-tecnica-1-768x474.png 768w, https:\/\/dhg1h5j42swfq.cloudfront.net\/2025\/06\/27101122\/ficha-tecnica-1-1536x948.png 1536w, https:\/\/dhg1h5j42swfq.cloudfront.net\/2025\/06\/27101122\/ficha-tecnica-1-610x377.png 610w, https:\/\/dhg1h5j42swfq.cloudfront.net\/2025\/06\/27101122\/ficha-tecnica-1.png 1571w\" sizes=\"auto, (max-width: 269px) 100vw, 269px\" \/><\/figure>\n\n\n\n<h3 class=\"wp-block-heading\" id=\"ficha\">Informa\u00e7\u00f5es do edital PROCERGS<\/h3>\n\n\n\n<ul class=\"wp-block-list\">\n<li><strong>Provas<\/strong>: 07\/05\/2023<\/li>\n\n\n\n<li><strong>Vagas<\/strong>: 120<\/li>\n\n\n\n<li><strong>Cargos<\/strong>: Analista e Assistente T\u00e9cnico<\/li>\n\n\n\n<li><strong>Banca<\/strong>: FUNDATEC<\/li>\n\n\n\n<li><strong>Escolaridade<\/strong>: N\u00edveis m\u00e9dio e superior<\/li>\n\n\n\n<li><strong>Edital<\/strong>:&nbsp;<a href=\"https:\/\/dhg1h5j42swfq.cloudfront.net\/2023\/02\/01114512\/edital_concurso_procergs_2023-1.pdf\" target=\"_blank\" rel=\"noreferrer noopener nofollow\">Procergs 2023<\/a> | <a href=\"https:\/\/dhg1h5j42swfq.cloudfront.net\/2023\/03\/01141431\/1.pdf\" target=\"_blank\" rel=\"noreferrer noopener nofollow\">Retifica\u00e7\u00e3o I<\/a> | <a href=\"https:\/\/dhg1h5j42swfq.cloudfront.net\/2023\/03\/01141442\/2.pdf\" target=\"_blank\" rel=\"noreferrer noopener nofollow\">Retifica\u00e7\u00e3o II<\/a> | <a href=\"https:\/\/dhg1h5j42swfq.cloudfront.net\/2023\/03\/01141427\/3.pdf\" target=\"_blank\" rel=\"noreferrer noopener nofollow\">Retifica\u00e7\u00e3o III<\/a><\/li>\n<\/ul>\n","protected":false},"excerpt":{"rendered":"<p>Est\u00e3o oficialmente encerradas as inscri\u00e7\u00f5es do edital do concurso PROCERGS (Centro de Tecnologia da Informa\u00e7\u00e3o e Comunica\u00e7\u00e3o do Estado do Rio Grande do Sul). Os candidatos interessados puderam se inscrever at\u00e9 \u00e0s 17h do dia 17 de mar\u00e7o, diretamente pelo site da banca, FUNDATEC, ao custo de para n\u00edvel superior R$ 247,00 e R$ 108,34 [&hellip;]<\/p>\n","protected":false},"author":656,"featured_media":700103,"comment_status":"open","ping_status":"closed","sticky":false,"template":"","format":"standard","meta":{"post_tipo":"news","footnotes":""},"categories":[220184,214992,220219],"tags":[],"tax_estado":[219986],"class_list":["post-1162474","post","type-post","status-publish","format-standard","has-post-thumbnail","hentry","category-engenharias-e-ti","category-concursos-administrativos","category-noticias","tax_estado-rs"],"acf":[],"yoast_head":"<!-- This site is optimized with the Yoast SEO Premium plugin v27.2 (Yoast SEO v27.2) - https:\/\/yoast.com\/product\/yoast-seo-premium-wordpress\/ -->\n<title>Edital PROCERGS: banca encerra per\u00edodo de inscri\u00e7\u00f5es<\/title>\n<meta name=\"description\" content=\"Edital PROCERGS: inscri\u00e7\u00f5es encerradas para 120 vagas e iniciais de at\u00e9 R$ 7.772,72. Provas ser\u00e3o aplicadas em maio. Confira AQUI!\" \/>\n<meta name=\"robots\" content=\"index, follow, max-snippet:-1, max-image-preview:large, max-video-preview:-1\" \/>\n<link rel=\"canonical\" href=\"https:\/\/www.estrategiaconcursos.com.br\/blog\/concurs-procergs-edital-publicado\/\" \/>\n<meta property=\"og:locale\" content=\"pt_BR\" \/>\n<meta property=\"og:type\" content=\"article\" \/>\n<meta property=\"og:title\" content=\"Edital PROCERGS: banca encerra per\u00edodo de inscri\u00e7\u00f5es\" \/>\n<meta property=\"og:description\" content=\"Edital PROCERGS: inscri\u00e7\u00f5es encerradas para 120 vagas e iniciais de at\u00e9 R$ 7.772,72. Provas ser\u00e3o aplicadas em maio. Confira AQUI!\" \/>\n<meta property=\"og:url\" content=\"https:\/\/www.estrategiaconcursos.com.br\/blog\/concurs-procergs-edital-publicado\/\" \/>\n<meta property=\"og:site_name\" content=\"Estrat\u00e9gia Concursos\" \/>\n<meta property=\"article:published_time\" content=\"2023-03-18T11:39:00+00:00\" \/>\n<meta property=\"article:modified_time\" content=\"2023-03-18T11:51:13+00:00\" \/>\n<meta property=\"og:image\" content=\"https:\/\/dhg1h5j42swfq.cloudfront.net\/2021\/03\/24104106\/procergs.jpg\" \/>\n\t<meta property=\"og:image:width\" content=\"1200\" \/>\n\t<meta property=\"og:image:height\" content=\"628\" \/>\n\t<meta property=\"og:image:type\" content=\"image\/jpeg\" \/>\n<meta name=\"author\" content=\"F\u00e1bio Scaldelai\" \/>\n<meta name=\"twitter:card\" content=\"summary_large_image\" \/>\n<meta name=\"twitter:creator\" content=\"@EstratConcursos\" \/>\n<meta name=\"twitter:site\" content=\"@EstratConcursos\" \/>\n<meta name=\"twitter:label1\" content=\"Escrito por\" \/>\n\t<meta name=\"twitter:data1\" content=\"F\u00e1bio Scaldelai\" \/>\n\t<meta name=\"twitter:label2\" content=\"Est. tempo de leitura\" \/>\n\t<meta name=\"twitter:data2\" content=\"3 minutos\" \/>\n<script type=\"application\/ld+json\" class=\"yoast-schema-graph\">{\"@context\":\"https:\/\/schema.org\",\"@graph\":[{\"@type\":\"NewsArticle\",\"@id\":\"https:\/\/www.estrategiaconcursos.com.br\/blog\/concurs-procergs-edital-publicado\/#article\",\"isPartOf\":{\"@id\":\"https:\/\/www.estrategiaconcursos.com.br\/blog\/concurs-procergs-edital-publicado\/\"},\"author\":{\"name\":\"F\u00e1bio Scaldelai\",\"@id\":\"https:\/\/www.estrategiaconcursos.com.br\/blog\/#\/schema\/person\/e3b6b7ce0192dd4ad270655969d61750\"},\"headline\":\"Edital PROCERGS: banca encerra per\u00edodo de inscri\u00e7\u00f5es\",\"datePublished\":\"2023-03-18T11:39:00+00:00\",\"dateModified\":\"2023-03-18T11:51:13+00:00\",\"mainEntityOfPage\":{\"@id\":\"https:\/\/www.estrategiaconcursos.com.br\/blog\/concurs-procergs-edital-publicado\/\"},\"wordCount\":566,\"commentCount\":0,\"publisher\":{\"@id\":\"https:\/\/www.estrategiaconcursos.com.br\/blog\/#organization\"},\"image\":{\"@id\":\"https:\/\/www.estrategiaconcursos.com.br\/blog\/concurs-procergs-edital-publicado\/#primaryimage\"},\"thumbnailUrl\":\"https:\/\/dhg1h5j42swfq.cloudfront.net\/2021\/03\/24104106\/procergs.jpg\",\"articleSection\":[\"Engenharias e TI\",\"Executivo (Administrativa)\",\"\u00daltimas not\u00edcias\"],\"inLanguage\":\"pt-BR\",\"potentialAction\":[{\"@type\":\"CommentAction\",\"name\":\"Comment\",\"target\":[\"https:\/\/www.estrategiaconcursos.com.br\/blog\/concurs-procergs-edital-publicado\/#respond\"]}],\"copyrightYear\":\"2023\",\"copyrightHolder\":{\"@id\":\"https:\/\/www.estrategiaconcursos.com.br\/blog\/#organization\"}},{\"@type\":\"WebPage\",\"@id\":\"https:\/\/www.estrategiaconcursos.com.br\/blog\/concurs-procergs-edital-publicado\/\",\"url\":\"https:\/\/www.estrategiaconcursos.com.br\/blog\/concurs-procergs-edital-publicado\/\",\"name\":\"Edital PROCERGS: banca encerra per\u00edodo de inscri\u00e7\u00f5es\",\"isPartOf\":{\"@id\":\"https:\/\/www.estrategiaconcursos.com.br\/blog\/#website\"},\"primaryImageOfPage\":{\"@id\":\"https:\/\/www.estrategiaconcursos.com.br\/blog\/concurs-procergs-edital-publicado\/#primaryimage\"},\"image\":{\"@id\":\"https:\/\/www.estrategiaconcursos.com.br\/blog\/concurs-procergs-edital-publicado\/#primaryimage\"},\"thumbnailUrl\":\"https:\/\/dhg1h5j42swfq.cloudfront.net\/2021\/03\/24104106\/procergs.jpg\",\"datePublished\":\"2023-03-18T11:39:00+00:00\",\"dateModified\":\"2023-03-18T11:51:13+00:00\",\"description\":\"Edital PROCERGS: inscri\u00e7\u00f5es encerradas para 120 vagas e iniciais de at\u00e9 R$ 7.772,72. Provas ser\u00e3o aplicadas em maio. Confira AQUI!\",\"breadcrumb\":{\"@id\":\"https:\/\/www.estrategiaconcursos.com.br\/blog\/concurs-procergs-edital-publicado\/#breadcrumb\"},\"inLanguage\":\"pt-BR\",\"potentialAction\":[{\"@type\":\"ReadAction\",\"target\":[\"https:\/\/www.estrategiaconcursos.com.br\/blog\/concurs-procergs-edital-publicado\/\"]}]},{\"@type\":\"ImageObject\",\"inLanguage\":\"pt-BR\",\"@id\":\"https:\/\/www.estrategiaconcursos.com.br\/blog\/concurs-procergs-edital-publicado\/#primaryimage\",\"url\":\"https:\/\/dhg1h5j42swfq.cloudfront.net\/2021\/03\/24104106\/procergs.jpg\",\"contentUrl\":\"https:\/\/dhg1h5j42swfq.cloudfront.net\/2021\/03\/24104106\/procergs.jpg\",\"width\":1200,\"height\":628,\"caption\":\"Concurso PROCERGS revis\u00e3o de v\u00e9spera\"},{\"@type\":\"BreadcrumbList\",\"@id\":\"https:\/\/www.estrategiaconcursos.com.br\/blog\/concurs-procergs-edital-publicado\/#breadcrumb\",\"itemListElement\":[{\"@type\":\"ListItem\",\"position\":1,\"name\":\"In\u00edcio\",\"item\":\"https:\/\/www.estrategiaconcursos.com.br\/blog\/\"},{\"@type\":\"ListItem\",\"position\":2,\"name\":\"Edital PROCERGS: banca encerra per\u00edodo de inscri\u00e7\u00f5es\"}]},{\"@type\":\"WebSite\",\"@id\":\"https:\/\/www.estrategiaconcursos.com.br\/blog\/#website\",\"url\":\"https:\/\/www.estrategiaconcursos.com.br\/blog\/\",\"name\":\"Estrat\u00e9gia Concursos\",\"description\":\"O blog da Estrat\u00e9gia Concursos traz not\u00edcias sobre concursos e artigos de professores oferecendo cursos para concursos (pdf + videaulas) no site.\",\"publisher\":{\"@id\":\"https:\/\/www.estrategiaconcursos.com.br\/blog\/#organization\"},\"potentialAction\":[{\"@type\":\"SearchAction\",\"target\":{\"@type\":\"EntryPoint\",\"urlTemplate\":\"https:\/\/www.estrategiaconcursos.com.br\/blog\/?s={search_term_string}\"},\"query-input\":{\"@type\":\"PropertyValueSpecification\",\"valueRequired\":true,\"valueName\":\"search_term_string\"}}],\"inLanguage\":\"pt-BR\"},{\"@type\":\"Organization\",\"@id\":\"https:\/\/www.estrategiaconcursos.com.br\/blog\/#organization\",\"name\":\"Estrat\u00e9gia Concursos\",\"url\":\"https:\/\/www.estrategiaconcursos.com.br\/blog\/\",\"logo\":{\"@type\":\"ImageObject\",\"inLanguage\":\"pt-BR\",\"@id\":\"https:\/\/www.estrategiaconcursos.com.br\/blog\/#\/schema\/logo\/image\/\",\"url\":\"https:\/\/dhg1h5j42swfq.cloudfront.net\/2025\/06\/03203428\/logo_concursos-1.jpg\",\"contentUrl\":\"https:\/\/dhg1h5j42swfq.cloudfront.net\/2025\/06\/03203428\/logo_concursos-1.jpg\",\"width\":230,\"height\":60,\"caption\":\"Estrat\u00e9gia Concursos\"},\"image\":{\"@id\":\"https:\/\/www.estrategiaconcursos.com.br\/blog\/#\/schema\/logo\/image\/\"},\"sameAs\":[\"https:\/\/x.com\/EstratConcursos\"]},{\"@type\":\"Person\",\"@id\":\"https:\/\/www.estrategiaconcursos.com.br\/blog\/#\/schema\/person\/e3b6b7ce0192dd4ad270655969d61750\",\"name\":\"F\u00e1bio Scaldelai\",\"image\":{\"@type\":\"ImageObject\",\"inLanguage\":\"pt-BR\",\"@id\":\"https:\/\/secure.gravatar.com\/avatar\/8ed7492c4d88d8495bc0cb24cda6847b8ae23eec459a919e08e77d0ca0fd79ec?s=96&d=mm&r=g\",\"url\":\"https:\/\/secure.gravatar.com\/avatar\/8ed7492c4d88d8495bc0cb24cda6847b8ae23eec459a919e08e77d0ca0fd79ec?s=96&d=mm&r=g\",\"contentUrl\":\"https:\/\/secure.gravatar.com\/avatar\/8ed7492c4d88d8495bc0cb24cda6847b8ae23eec459a919e08e77d0ca0fd79ec?s=96&d=mm&r=g\",\"caption\":\"F\u00e1bio Scaldelai\"},\"description\":\"Jornalista no Estrat\u00e9gia Concursos e Produtor de Televis\u00e3o, formado em Jornalismo, R\u00e1dio e TV pela Faculdade Integrada Rio Branco, com especializa\u00e7\u00f5es em Gest\u00e3o Empresarial e Marketing pelo M\u00f3dulo. Atuou como produtor no SBT, TV Bandeirantes e R\u00e1dio Band FM, al\u00e9m de acumular tr\u00eas anos de experi\u00eancia no setor de concursos p\u00fablicos pela LFG (Luiz Fl\u00e1vio Gomes). No Estrat\u00e9gia Concursos, atua na apura\u00e7\u00e3o de not\u00edcias da \u00e1rea fiscal, al\u00e9m de coberturas sobre concursos das \u00e1reas de controle (TCU, TCE, etc), concurso AFT, \u00e1rea de gest\u00e3o e administrativa, bem como dos \u00f3rg\u00e3os participantes do CNU. Tamb\u00e9m possui experi\u00eancia em link building e an\u00e1lise de m\u00eddia, adquirida durante sua atua\u00e7\u00e3o na ag\u00eancia SEO Marketing.\",\"url\":\"https:\/\/www.estrategiaconcursos.com.br\/blog\/author\/fabio-scaldelaiestrategiaconcursos-com-br\/\"}]}<\/script>\n<!-- \/ Yoast SEO Premium plugin. -->","yoast_head_json":{"title":"Edital PROCERGS: banca encerra per\u00edodo de inscri\u00e7\u00f5es","description":"Edital PROCERGS: inscri\u00e7\u00f5es encerradas para 120 vagas e iniciais de at\u00e9 R$ 7.772,72. Provas ser\u00e3o aplicadas em maio. Confira AQUI!","robots":{"index":"index","follow":"follow","max-snippet":"max-snippet:-1","max-image-preview":"max-image-preview:large","max-video-preview":"max-video-preview:-1"},"canonical":"https:\/\/www.estrategiaconcursos.com.br\/blog\/concurs-procergs-edital-publicado\/","og_locale":"pt_BR","og_type":"article","og_title":"Edital PROCERGS: banca encerra per\u00edodo de inscri\u00e7\u00f5es","og_description":"Edital PROCERGS: inscri\u00e7\u00f5es encerradas para 120 vagas e iniciais de at\u00e9 R$ 7.772,72. Provas ser\u00e3o aplicadas em maio. Confira AQUI!","og_url":"https:\/\/www.estrategiaconcursos.com.br\/blog\/concurs-procergs-edital-publicado\/","og_site_name":"Estrat\u00e9gia Concursos","article_published_time":"2023-03-18T11:39:00+00:00","article_modified_time":"2023-03-18T11:51:13+00:00","og_image":[{"width":1200,"height":628,"url":"https:\/\/dhg1h5j42swfq.cloudfront.net\/2021\/03\/24104106\/procergs.jpg","type":"image\/jpeg"}],"author":"F\u00e1bio Scaldelai","twitter_card":"summary_large_image","twitter_creator":"@EstratConcursos","twitter_site":"@EstratConcursos","twitter_misc":{"Escrito por":"F\u00e1bio Scaldelai","Est. tempo de leitura":"3 minutos"},"schema":{"@context":"https:\/\/schema.org","@graph":[{"@type":"NewsArticle","@id":"https:\/\/www.estrategiaconcursos.com.br\/blog\/concurs-procergs-edital-publicado\/#article","isPartOf":{"@id":"https:\/\/www.estrategiaconcursos.com.br\/blog\/concurs-procergs-edital-publicado\/"},"author":{"name":"F\u00e1bio Scaldelai","@id":"https:\/\/www.estrategiaconcursos.com.br\/blog\/#\/schema\/person\/e3b6b7ce0192dd4ad270655969d61750"},"headline":"Edital PROCERGS: banca encerra per\u00edodo de inscri\u00e7\u00f5es","datePublished":"2023-03-18T11:39:00+00:00","dateModified":"2023-03-18T11:51:13+00:00","mainEntityOfPage":{"@id":"https:\/\/www.estrategiaconcursos.com.br\/blog\/concurs-procergs-edital-publicado\/"},"wordCount":566,"commentCount":0,"publisher":{"@id":"https:\/\/www.estrategiaconcursos.com.br\/blog\/#organization"},"image":{"@id":"https:\/\/www.estrategiaconcursos.com.br\/blog\/concurs-procergs-edital-publicado\/#primaryimage"},"thumbnailUrl":"https:\/\/dhg1h5j42swfq.cloudfront.net\/2021\/03\/24104106\/procergs.jpg","articleSection":["Engenharias e TI","Executivo (Administrativa)","\u00daltimas not\u00edcias"],"inLanguage":"pt-BR","potentialAction":[{"@type":"CommentAction","name":"Comment","target":["https:\/\/www.estrategiaconcursos.com.br\/blog\/concurs-procergs-edital-publicado\/#respond"]}],"copyrightYear":"2023","copyrightHolder":{"@id":"https:\/\/www.estrategiaconcursos.com.br\/blog\/#organization"}},{"@type":"WebPage","@id":"https:\/\/www.estrategiaconcursos.com.br\/blog\/concurs-procergs-edital-publicado\/","url":"https:\/\/www.estrategiaconcursos.com.br\/blog\/concurs-procergs-edital-publicado\/","name":"Edital PROCERGS: banca encerra per\u00edodo de inscri\u00e7\u00f5es","isPartOf":{"@id":"https:\/\/www.estrategiaconcursos.com.br\/blog\/#website"},"primaryImageOfPage":{"@id":"https:\/\/www.estrategiaconcursos.com.br\/blog\/concurs-procergs-edital-publicado\/#primaryimage"},"image":{"@id":"https:\/\/www.estrategiaconcursos.com.br\/blog\/concurs-procergs-edital-publicado\/#primaryimage"},"thumbnailUrl":"https:\/\/dhg1h5j42swfq.cloudfront.net\/2021\/03\/24104106\/procergs.jpg","datePublished":"2023-03-18T11:39:00+00:00","dateModified":"2023-03-18T11:51:13+00:00","description":"Edital PROCERGS: inscri\u00e7\u00f5es encerradas para 120 vagas e iniciais de at\u00e9 R$ 7.772,72. Provas ser\u00e3o aplicadas em maio. Confira AQUI!","breadcrumb":{"@id":"https:\/\/www.estrategiaconcursos.com.br\/blog\/concurs-procergs-edital-publicado\/#breadcrumb"},"inLanguage":"pt-BR","potentialAction":[{"@type":"ReadAction","target":["https:\/\/www.estrategiaconcursos.com.br\/blog\/concurs-procergs-edital-publicado\/"]}]},{"@type":"ImageObject","inLanguage":"pt-BR","@id":"https:\/\/www.estrategiaconcursos.com.br\/blog\/concurs-procergs-edital-publicado\/#primaryimage","url":"https:\/\/dhg1h5j42swfq.cloudfront.net\/2021\/03\/24104106\/procergs.jpg","contentUrl":"https:\/\/dhg1h5j42swfq.cloudfront.net\/2021\/03\/24104106\/procergs.jpg","width":1200,"height":628,"caption":"Concurso PROCERGS revis\u00e3o de v\u00e9spera"},{"@type":"BreadcrumbList","@id":"https:\/\/www.estrategiaconcursos.com.br\/blog\/concurs-procergs-edital-publicado\/#breadcrumb","itemListElement":[{"@type":"ListItem","position":1,"name":"In\u00edcio","item":"https:\/\/www.estrategiaconcursos.com.br\/blog\/"},{"@type":"ListItem","position":2,"name":"Edital PROCERGS: banca encerra per\u00edodo de inscri\u00e7\u00f5es"}]},{"@type":"WebSite","@id":"https:\/\/www.estrategiaconcursos.com.br\/blog\/#website","url":"https:\/\/www.estrategiaconcursos.com.br\/blog\/","name":"Estrat\u00e9gia Concursos","description":"O blog da Estrat\u00e9gia Concursos traz not\u00edcias sobre concursos e artigos de professores oferecendo cursos para concursos (pdf + videaulas) no site.","publisher":{"@id":"https:\/\/www.estrategiaconcursos.com.br\/blog\/#organization"},"potentialAction":[{"@type":"SearchAction","target":{"@type":"EntryPoint","urlTemplate":"https:\/\/www.estrategiaconcursos.com.br\/blog\/?s={search_term_string}"},"query-input":{"@type":"PropertyValueSpecification","valueRequired":true,"valueName":"search_term_string"}}],"inLanguage":"pt-BR"},{"@type":"Organization","@id":"https:\/\/www.estrategiaconcursos.com.br\/blog\/#organization","name":"Estrat\u00e9gia Concursos","url":"https:\/\/www.estrategiaconcursos.com.br\/blog\/","logo":{"@type":"ImageObject","inLanguage":"pt-BR","@id":"https:\/\/www.estrategiaconcursos.com.br\/blog\/#\/schema\/logo\/image\/","url":"https:\/\/dhg1h5j42swfq.cloudfront.net\/2025\/06\/03203428\/logo_concursos-1.jpg","contentUrl":"https:\/\/dhg1h5j42swfq.cloudfront.net\/2025\/06\/03203428\/logo_concursos-1.jpg","width":230,"height":60,"caption":"Estrat\u00e9gia Concursos"},"image":{"@id":"https:\/\/www.estrategiaconcursos.com.br\/blog\/#\/schema\/logo\/image\/"},"sameAs":["https:\/\/x.com\/EstratConcursos"]},{"@type":"Person","@id":"https:\/\/www.estrategiaconcursos.com.br\/blog\/#\/schema\/person\/e3b6b7ce0192dd4ad270655969d61750","name":"F\u00e1bio Scaldelai","image":{"@type":"ImageObject","inLanguage":"pt-BR","@id":"https:\/\/secure.gravatar.com\/avatar\/8ed7492c4d88d8495bc0cb24cda6847b8ae23eec459a919e08e77d0ca0fd79ec?s=96&d=mm&r=g","url":"https:\/\/secure.gravatar.com\/avatar\/8ed7492c4d88d8495bc0cb24cda6847b8ae23eec459a919e08e77d0ca0fd79ec?s=96&d=mm&r=g","contentUrl":"https:\/\/secure.gravatar.com\/avatar\/8ed7492c4d88d8495bc0cb24cda6847b8ae23eec459a919e08e77d0ca0fd79ec?s=96&d=mm&r=g","caption":"F\u00e1bio Scaldelai"},"description":"Jornalista no Estrat\u00e9gia Concursos e Produtor de Televis\u00e3o, formado em Jornalismo, R\u00e1dio e TV pela Faculdade Integrada Rio Branco, com especializa\u00e7\u00f5es em Gest\u00e3o Empresarial e Marketing pelo M\u00f3dulo. Atuou como produtor no SBT, TV Bandeirantes e R\u00e1dio Band FM, al\u00e9m de acumular tr\u00eas anos de experi\u00eancia no setor de concursos p\u00fablicos pela LFG (Luiz Fl\u00e1vio Gomes). No Estrat\u00e9gia Concursos, atua na apura\u00e7\u00e3o de not\u00edcias da \u00e1rea fiscal, al\u00e9m de coberturas sobre concursos das \u00e1reas de controle (TCU, TCE, etc), concurso AFT, \u00e1rea de gest\u00e3o e administrativa, bem como dos \u00f3rg\u00e3os participantes do CNU. Tamb\u00e9m possui experi\u00eancia em link building e an\u00e1lise de m\u00eddia, adquirida durante sua atua\u00e7\u00e3o na ag\u00eancia SEO Marketing.","url":"https:\/\/www.estrategiaconcursos.com.br\/blog\/author\/fabio-scaldelaiestrategiaconcursos-com-br\/"}]}},"_links":{"self":[{"href":"https:\/\/www.estrategiaconcursos.com.br\/blog\/wp-json\/wp\/v2\/posts\/1162474","targetHints":{"allow":["GET"]}}],"collection":[{"href":"https:\/\/www.estrategiaconcursos.com.br\/blog\/wp-json\/wp\/v2\/posts"}],"about":[{"href":"https:\/\/www.estrategiaconcursos.com.br\/blog\/wp-json\/wp\/v2\/types\/post"}],"author":[{"embeddable":true,"href":"https:\/\/www.estrategiaconcursos.com.br\/blog\/wp-json\/wp\/v2\/users\/656"}],"replies":[{"embeddable":true,"href":"https:\/\/www.estrategiaconcursos.com.br\/blog\/wp-json\/wp\/v2\/comments?post=1162474"}],"version-history":[{"count":24,"href":"https:\/\/www.estrategiaconcursos.com.br\/blog\/wp-json\/wp\/v2\/posts\/1162474\/revisions"}],"predecessor-version":[{"id":1188704,"href":"https:\/\/www.estrategiaconcursos.com.br\/blog\/wp-json\/wp\/v2\/posts\/1162474\/revisions\/1188704"}],"wp:featuredmedia":[{"embeddable":true,"href":"https:\/\/www.estrategiaconcursos.com.br\/blog\/wp-json\/wp\/v2\/media\/700103"}],"wp:attachment":[{"href":"https:\/\/www.estrategiaconcursos.com.br\/blog\/wp-json\/wp\/v2\/media?parent=1162474"}],"wp:term":[{"taxonomy":"category","embeddable":true,"href":"https:\/\/www.estrategiaconcursos.com.br\/blog\/wp-json\/wp\/v2\/categories?post=1162474"},{"taxonomy":"post_tag","embeddable":true,"href":"https:\/\/www.estrategiaconcursos.com.br\/blog\/wp-json\/wp\/v2\/tags?post=1162474"},{"taxonomy":"tax_estado","embeddable":true,"href":"https:\/\/www.estrategiaconcursos.com.br\/blog\/wp-json\/wp\/v2\/tax_estado?post=1162474"}],"curies":[{"name":"wp","href":"https:\/\/api.w.org\/{rel}","templated":true}]}}