{"id":1162218,"date":"2023-02-01T13:28:11","date_gmt":"2023-02-01T16:28:11","guid":{"rendered":"https:\/\/www.estrategiaconcursos.com.br\/blog\/?p=1162218"},"modified":"2023-02-01T13:28:13","modified_gmt":"2023-02-01T16:28:13","slug":"resp-civil-cgm-rj","status":"publish","type":"post","link":"https:\/\/www.estrategiaconcursos.com.br\/blog\/resp-civil-cgm-rj\/","title":{"rendered":"Resumo de Responsabilidade Civil do Estado para a CGM RJ"},"content":{"rendered":"\n<p>Ol\u00e1, pessoal, tudo bem? Neste artigo apresentaremos um resumo sobre a <strong>RESPONSABILIDADE CIVIL DO ESTADO<\/strong> para o concurso da <a href=\"https:\/\/controladoria.prefeitura.rio\/\" target=\"_blank\" rel=\"noreferrer noopener\">Controladoria-Geral do Munic\u00edpio do Rio de Janeiro (CGM RJ)<\/a>.<\/p>\n\n\n\n<figure class=\"wp-block-image aligncenter size-full\"><img loading=\"lazy\" decoding=\"async\" width=\"768\" height=\"432\" src=\"https:\/\/dhg1h5j42swfq.cloudfront.net\/2022\/07\/15134024\/cgm_rj.jpg\" alt=\"Resumo de Responsabilidade Civil do Estado para a CGM RJ.\" class=\"wp-image-1061850\" srcset=\"https:\/\/dhg1h5j42swfq.cloudfront.net\/2022\/07\/15134024\/cgm_rj.jpg 768w, https:\/\/dhg1h5j42swfq.cloudfront.net\/2022\/07\/15134024\/cgm_rj-300x169.jpg 300w, https:\/\/dhg1h5j42swfq.cloudfront.net\/2022\/07\/15134024\/cgm_rj-610x343.jpg 610w, https:\/\/dhg1h5j42swfq.cloudfront.net\/2022\/07\/15134024\/cgm_rj-150x84.jpg 150w\" sizes=\"auto, (max-width: 768px) 100vw, 768px\" \/><figcaption class=\"wp-element-caption\">Resumo de Responsabilidade Civil do Estado para a CGM RJ<\/figcaption><\/figure>\n\n\n\n<p>Bons estudos!<\/p>\n\n\n\n<h2 class=\"wp-block-heading\" id=\"h-responsabilidade-civil-do-estado-para-a-cgm-rj-o-que-e\"><strong><mark style=\"background-color:rgba(0, 0, 0, 0)\" class=\"has-inline-color has-vivid-cyan-blue-color\">Responsabilidade Civil do Estado para a CGM RJ: o que \u00e9?<\/mark><\/strong><\/h2>\n\n\n\n<p>Em suma, a responsabilidade civil consiste na obriga\u00e7\u00e3o (civil) imposta a uma determinada pessoa, frente a um determinado ato. Ou seja, em decorr\u00eancia de um dano patrimonial ou moral (j\u00e1 que estamos tratando de responsabilidade civil) surge um pleito pelo ressarcimento dos preju\u00edzos causados.<\/p>\n\n\n\n<p>Vale ressaltar, por oportuno, que essa din\u00e2mica se replica para as situa\u00e7\u00f5es que envolvem as pessoas jur\u00eddicas que comp\u00f5em o Estado.<\/p>\n\n\n\n<p>Nesse sentido, devemos lembrar que a teoria do \u00f3rg\u00e3o (baseada no princ\u00edpio da imputa\u00e7\u00e3o volitiva), atribui ao \u00f3rg\u00e3o p\u00fablico as a\u00e7\u00f5es praticadas por seus agentes.<\/p>\n\n\n\n<p>Dessa forma, diante de conduta de agente p\u00fablico que cause dano civil a um particular, a obriga\u00e7\u00e3o de ressarcimento pelos danos causados ser\u00e1 imposta \u00e0 Fazenda P\u00fablica.<\/p>\n\n\n\n<p>Assim, nesse contexto, existem tr\u00eas atores principais no cen\u00e1rio da responsabilidade do Estado, a saber: o agente p\u00fablico, a v\u00edtima e o pr\u00f3prio Estado.<\/p>\n\n\n\n<h2 class=\"wp-block-heading\"><strong><mark style=\"background-color:rgba(0, 0, 0, 0)\" class=\"has-inline-color has-vivid-cyan-blue-color\">Responsabilidade Civil do Estado para a CGM RJ: principais teorias<\/mark><\/strong><\/h2>\n\n\n\n<p>Pessoal, o entendimento atual acerca da responsabilidade civil do Estado decorre de uma significativa evolu\u00e7\u00e3o do direito, n\u00e3o apenas no Brasil, mas a n\u00edvel mundial.<\/p>\n\n\n\n<p>Nesse sentido, ao longo dos anos, o Estado deixou de possuir uma postura de total irresponsabilidade civil para, em algumas situa\u00e7\u00f5es, responder de forma integral frente aos prejudicados.<\/p>\n\n\n\n<p>Assim, estudaremos, a seguir, as principais teorias acerca da responsabilidade civil do Estado:<\/p>\n\n\n\n<h4 class=\"wp-block-heading\"><strong><mark style=\"background-color:rgba(0, 0, 0, 0)\" class=\"has-inline-color has-vivid-green-cyan-color\">TEORIA DA IRRESPONSABILIDADE CIVIL DO ESTADO<\/mark><\/strong><\/h4>\n\n\n\n<p>No contexto do estudo da responsabilidade civil do Estado para o concurso da CGM RJ, a primeira teoria a considerar remete ao modelo de Estado absolutista.<\/p>\n\n\n\n<p>Assim, t\u00edpico das monarquias absolutistas, a teoria da irresponsabilidade civil do Estado defende a tese de que o Estado n\u00e3o responde pelos atos de seus agentes.<\/p>\n\n\n\n<p>Ou seja, mesmo que a atua\u00e7\u00e3o estatal ocasione preju\u00edzos a algu\u00e9m, essa pessoa n\u00e3o teria o direito de ressarcimento.<\/p>\n\n\n\n<p>Nesse sentido, prevalece a ideia de que o Estado (nesse contexto confundido com a figura do monarca) n\u00e3o comete erros (<em>\u201cthe king can do no wrong\u201d<\/em>).<\/p>\n\n\n\n<h4 class=\"wp-block-heading\"><strong><mark style=\"background-color:rgba(0, 0, 0, 0)\" class=\"has-inline-color has-vivid-green-cyan-color\">TEORIA DA CULPA COMUM (CIVILISTA)<\/mark><\/strong><\/h4>\n\n\n\n<p>Por outro lado, superada a ideia de irresponsabilidade do Estado em um contexto de ascens\u00e3o da burguesia, surge a teoria da culpa comum.<\/p>\n\n\n\n<p>Nesse sentido, a responsabilidade do Estado deveria obedecer aos mesmos regramentos aplic\u00e1veis aos particulares.<\/p>\n\n\n\n<p>Ou seja, os temas de direito civil se aplicariam tamb\u00e9m para a Administra\u00e7\u00e3o P\u00fablica no que compete \u00e0 responsabilidade pela atua\u00e7\u00e3o de seus agentes.<\/p>\n\n\n\n<p>Assim, nesse contexto, o Estado responde diante de atua\u00e7\u00e3o dolosa ou culposa de seus agentes. Todavia, para isso, seria necess\u00e1rio a comprova\u00e7\u00e3o, por parte do particular lesado, desses elementos subjetivos.<\/p>\n\n\n\n<p>Portanto, haja vista a utiliza\u00e7\u00e3o dos conceitos inerentes ao direito civil para regulamentar a responsabilidade estatal, esta teoria tamb\u00e9m recebe denomina\u00e7\u00e3o de civilista.<\/p>\n\n\n\n<h4 class=\"wp-block-heading\"><strong><mark style=\"background-color:rgba(0, 0, 0, 0)\" class=\"has-inline-color has-vivid-green-cyan-color\">TEORIA DA CULPA ADMINISTRATIVA (CULPA AN\u00d4NIMA\/ FALTA DO SERVI\u00c7O)<\/mark><\/strong><\/h4>\n\n\n\n<p>Quanto \u00e0 teoria da culpa administrativa, por sua vez, ela representa uma evolu\u00e7\u00e3o da teoria da culpa comum.<\/p>\n\n\n\n<p>Nesse sentido, o Estado somente responde quando comprovada a falha na presta\u00e7\u00e3o do servi\u00e7o p\u00fablico.<\/p>\n\n\n\n<p>Dessa forma, esta teoria tamb\u00e9m recebe a designa\u00e7\u00e3o de culpa an\u00f4nima, haja vista a desnecessidade de identifica\u00e7\u00e3o do agente p\u00fablico causador do dano (como ocorria na teoria da culpa comum), por parte do terceiro lesado.<\/p>\n\n\n\n<p>Assim, a simples comprova\u00e7\u00e3o da falha da presta\u00e7\u00e3o do servi\u00e7o <em>(\u201cfaute du service\u201d<\/em>), do dano sofrido e do nexo de causalidade entre esses dois fatores j\u00e1 caracteriza suficientemente a responsabilidade estatal.<\/p>\n\n\n\n<p>Por oportuno, vale ressaltar que a citada falha na presta\u00e7\u00e3o do servi\u00e7o pode decorrer tanto da inexist\u00eancia do servi\u00e7o, de sua intempestividade ou do seu mau funcionamento.<\/p>\n\n\n\n<p>Al\u00e9m disso, para o concurso da CGM RJ devemos saber que a teoria da culpa administrativa \u00e9 <strong>adotada no Brasil em mat\u00e9ria de responsabilidade civil do Estado decorrente de omiss\u00e3o estatal<\/strong>.<\/p>\n\n\n\n<h4 class=\"wp-block-heading\"><strong><mark style=\"background-color:rgba(0, 0, 0, 0)\" class=\"has-inline-color has-vivid-green-cyan-color\">TEORIA DO RISCO ADMINISTRATIVO<\/mark><\/strong><\/h4>\n\n\n\n<p>Pessoal, esta \u00e9 a teoria sobre a responsabilidade civil do Estado mais importante para o concurso da CGM RJ.<\/p>\n\n\n\n<p>De in\u00edcio, j\u00e1 devemos introduzir que a teoria do risco administrativa \u00e9 hoje a mais aceita no Brasil no que se refere \u00e0 a\u00e7\u00e3o estatal (atua\u00e7\u00e3o comissiva).<\/p>\n\n\n\n<p>Conforme esta teoria, o Estado aceita o risco de suas atividades de forma que, caso algum particular seja prejudicado por elas, n\u00e3o se exige a comprova\u00e7\u00e3o de culpa ou dolo dos agentes p\u00fablicos para dar motivo \u00e0 repara\u00e7\u00e3o.<\/p>\n\n\n\n<p>Assim, o s\u00f3 fato da exist\u00eancia de um ato lesivo e injusto praticado pela Administra\u00e7\u00e3o P\u00fablica consiste em motivo suficiente para ensejar a repara\u00e7\u00e3o, independentemente da exist\u00eancia de dolo ou culpa.<\/p>\n\n\n\n<p>Todavia, faz-se necess\u00e1rio comprovar a exist\u00eancia do dano, a exist\u00eancia da atua\u00e7\u00e3o estatal (que causou o dano) e o nexo causal entre esses elementos.<\/p>\n\n\n\n<p>Al\u00e9m disso, a teoria do risco administrativo admite a alega\u00e7\u00e3o, por parte do Estado, de excludentes (ou atenuantes) de responsabilidade, conforme estudaremos a seguir.<\/p>\n\n\n\n<h4 class=\"wp-block-heading\"><strong><mark style=\"background-color:rgba(0, 0, 0, 0)\" class=\"has-inline-color has-vivid-green-cyan-color\">TEORIA DO RISCO INTEGRAL<\/mark><\/strong><\/h4>\n\n\n\n<p>Por fim, a teoria do risco integral refere-se \u00e0 obriga\u00e7\u00e3o do Estado de indenizar o particular lesado independentemente da possibilidade de qualquer excludente de responsabilidade.<\/p>\n\n\n\n<p>Assim, al\u00e9m de n\u00e3o exigir a demonstra\u00e7\u00e3o de dolo ou culpa do agente p\u00fablico (como na teoria da culpa administrativa), inexiste a possibilidade de o Estado aduzir argumentos acerca da exist\u00eancia de situa\u00e7\u00e3o impeditiva de sua responsabiliza\u00e7\u00e3o.<\/p>\n\n\n\n<p>Nesse sentido, em \u00e2mbito do estudo da responsabilidade civil do Estado para o concurso da CGM RJ, devemos saber que, no Brasil, a teoria do risco integral aplica-se apenas a algumas situa\u00e7\u00f5es espec\u00edficas, a saber:<\/p>\n\n\n\n<ul class=\"wp-block-list\">\n<li>Danos decorrentes de acidentes nucleares;<\/li>\n\n\n\n<li>Danos ambientais;<\/li>\n\n\n\n<li>Atentados terroristas, guerra ou eventos correlatos (no Brasil ou no exterior) contra aeronaves brasileiras operadas por empresas brasileiras.<\/li>\n<\/ul>\n\n\n\n<h2 class=\"wp-block-heading\"><strong><mark style=\"background-color:rgba(0, 0, 0, 0)\" class=\"has-inline-color has-vivid-cyan-blue-color\">Responsabilidade Civil do Estado para a CGM RJ: subjetiva x objetiva<\/mark><\/strong><\/h2>\n\n\n\n<p>Pessoal, agora que j\u00e1 aprendemos, em linhas gerais, sobre as principais teorias de responsabilidade civil do Estado, compete-nos apresentar uma importante classifica\u00e7\u00e3o para o concurso da CGM RJ.<\/p>\n\n\n\n<p>As teorias de responsabilidade civil do Estado podem ser agrupadas em dois tipos, a saber: responsabilidade subjetiva e responsabilidade objetiva.<\/p>\n\n\n\n<p>Em resumo, a responsabilidade \u00e9 dita objetiva quando n\u00e3o se exige a comprova\u00e7\u00e3o de elementos de dolo ou culpa por parte do agente p\u00fablico. Ou seja, no caso das teorias do risco administrativo e do risco integral.<\/p>\n\n\n\n<h2 class=\"wp-block-heading\"><strong><mark style=\"background-color:rgba(0, 0, 0, 0)\" class=\"has-inline-color has-vivid-cyan-blue-color\">Responsabilidade Civil do Estado para a CGM RJ: como ocorre no Brasil?<\/mark><\/strong><\/h2>\n\n\n\n<p>Diante do exposto, vamos detalhar um pouco melhor a mat\u00e9ria de responsabilidade civil do Estado em \u00e2mbito nacional.<\/p>\n\n\n\n<p>Nesse sentido, o texto constitucional esclarece que as pessoas jur\u00eddicas de direito p\u00fablico, bem como as de direito privado que prestam servi\u00e7os p\u00fablicos, respondem pelos danos que seus agentes, porventura, causarem a terceiros.<\/p>\n\n\n\n<p>Dessa forma, a carta pol\u00edtica consagra a ado\u00e7\u00e3o, como regra geral, da responsabilidade objetiva do Estado (do tipo risco administrativo) para:<\/p>\n\n\n\n<ul class=\"wp-block-list\">\n<li>\u00d3rg\u00e3os da administra\u00e7\u00e3o direta;<\/li>\n\n\n\n<li>Entidades da administra\u00e7\u00e3o indireta de direito p\u00fablico (autarquias e funda\u00e7\u00f5es de direito p\u00fablico);<\/li>\n\n\n\n<li>Entidades da administra\u00e7\u00e3o indireta prestadoras de servi\u00e7os p\u00fablicos;<\/li>\n<\/ul>\n\n\n\n<p>Por oportuno, vale ressaltar que, apesar de n\u00e3o integrarem o Estado, algumas pessoas jur\u00eddicas de direito privado prestadoras de servi\u00e7os p\u00fablicos (a exemplo das concession\u00e1rias), por fazerem as vezes de Estado, devem responder objetivamente por seus atos.<\/p>\n\n\n\n<p>Assim, especificamente no caso das concession\u00e1rias de servi\u00e7os p\u00fablicos, as a\u00e7\u00f5es que gere preju\u00edzos a terceiros devem ser reparadas pela pr\u00f3pria empresa (de forma prim\u00e1ria). Todavia, conforme a doutrina, diante da aus\u00eancia de meios por parte da concession\u00e1ria para saneamento do problema, o poder p\u00fablico concedente deve responder de forma objetiva e subsidi\u00e1ria.<\/p>\n\n\n\n<p>Por outro lado, a responsabilidade objetiva pode ser regida pela teoria do risco integral em alguns casos muito espec\u00edficos (conforme j\u00e1 explicado anteriormente).<\/p>\n\n\n\n<p>No que tange \u00e0s condutas omissivas da Administra\u00e7\u00e3o P\u00fablica, por sua vez, a responsabilidade do Estado ser\u00e1, em regra, subjetiva conforme a teoria da culpa administrativa.<\/p>\n\n\n\n<p>Da mesma forma, ser\u00e1 subjetiva a responsabilidade das entidades da administra\u00e7\u00e3o indireta de direito privado que exploram atividade econ\u00f4mica.<\/p>\n\n\n\n<h2 class=\"wp-block-heading\"><strong><mark style=\"background-color:rgba(0, 0, 0, 0)\" class=\"has-inline-color has-vivid-cyan-blue-color\">Responsabilidade Civil do Estado para a CGM RJ: excludentes e atenuantes<\/mark><\/strong><\/h2>\n\n\n\n<p>Amigos, al\u00e9m do exposto, vale dedicar algumas linhas deste resumo para tratarmos acerca das hip\u00f3teses doutrin\u00e1rias de excludentes e atenuantes de responsabilidade.<\/p>\n\n\n\n<p>Conforme estudamos previamente, a teoria do risco administrativo diverge da teoria do risco integral exatamente por admitir a exist\u00eancia de excludentes e atenuantes.<\/p>\n\n\n\n<p>Nesse sentido, devemos esclarecer que os excludentes e atenuantes referem-se a condutas ou situa\u00e7\u00f5es que, respectivamente, afastam o nexo causal ou atenuam a responsabilidade do Estado em face do dano ocorrido.<\/p>\n\n\n\n<p>Assim, podemos discorrer brevemente acerca dos principais casos:<\/p>\n\n\n\n<h4 class=\"wp-block-heading\"><strong><mark style=\"background-color:rgba(0, 0, 0, 0)\" class=\"has-inline-color has-vivid-green-cyan-color\">CASO FORTUITO E FOR\u00c7A MAIOR<\/mark><\/strong><\/h4>\n\n\n\n<p>Conforme a doutrina, trata-se de condutas humanas ou da natureza que, por sua imprevisibilidade ou inevitabilidade tornam imposs\u00edvel evitar o resultado danoso.<\/p>\n\n\n\n<p>Nesse contexto, ocorre o rompimento do nexo causal ou, quando associado \u00e0 uma omiss\u00e3o estatal, mitiga a responsabilidade administrativa.<\/p>\n\n\n\n<p>Por exemplo, imagine que, de forma diligente, a administra\u00e7\u00e3o p\u00fablica est\u00e1 realizando uma obra de manuten\u00e7\u00e3o corretiva em um pr\u00e9dio p\u00fablico (observando as normas pertinentes). Todavia, de forma inesperada, um tornado atinge a cidade lan\u00e7ando uma das escoras utilizada na obra contra o ve\u00edculo de um particular que estava estacionado a alguns metros de dist\u00e2ncia. Ora, nesse caso existe um rompimento do nexo causal, n\u00e3o \u00e9 mesmo? O dano n\u00e3o decorreu diretamente da atua\u00e7\u00e3o da administra\u00e7\u00e3o, mas da a\u00e7\u00e3o imprevis\u00edvel da natureza.<\/p>\n\n\n\n<h4 class=\"wp-block-heading\"><strong><mark style=\"background-color:rgba(0, 0, 0, 0)\" class=\"has-inline-color has-vivid-green-cyan-color\">CULPA EXCLUSIVA\/CONCORRENTE DA V\u00cdTIMA<\/mark><\/strong><\/h4>\n\n\n\n<p>Em \u00e2mbito das excludentes e atenuantes de responsabilidade civil para o concurso da CGM RJ, um dos tipos mais importantes refere-se \u00e0 culpa exclusiva da v\u00edtima.<\/p>\n\n\n\n<p>Nesse caso, a conduta do particular lesado concorre com a da administra\u00e7\u00e3o para a produ\u00e7\u00e3o do efeito danoso (ou \u00e9 a \u00fanica respons\u00e1vel).<\/p>\n\n\n\n<p>Por exemplo, imagine que uma viatura do corpo de bombeiros trafegava em perfeita observ\u00e2ncia das normas de tr\u00e2nsito por uma via p\u00fablica preferencial. Por\u00e9m, em um cruzamento, colidiu com um ve\u00edculo de passeio de um particular (gerando danos ao ve\u00edculo) que, estando alcoolizado, dormiu ao volante e invadiu a preferencial em alta velocidade impossibilitando qualquer manobra evasiva por parte do motorista da viatura. Nesse caso, resta evidente que o \u00fanico culpado foi o particular (culpa exclusiva da v\u00edtima) e, portanto, resta exclu\u00edda a responsabilidade da Administra\u00e7\u00e3o P\u00fablica.<\/p>\n\n\n\n<p>Por outro lado, imagine que, na mesma situa\u00e7\u00e3o, a viatura trafegava em alta velocidade (sem justa causa haja vista n\u00e3o estar em atendimento a nenhuma ocorr\u00eancia) quando o ve\u00edculo particular invadiu a preferencial gerando a colis\u00e3o. Assim, observa-se que ambos os envolvidos possuem responsabilidade pelo fato. Portanto, haver\u00e1 apenas a mitiga\u00e7\u00e3o da responsabilidade da Administra\u00e7\u00e3o P\u00fablica devendo responder (tanto ela quanto o particular) na medida de suas respectivas culpas.<\/p>\n\n\n\n<h4 class=\"wp-block-heading\"><strong><mark style=\"background-color:rgba(0, 0, 0, 0)\" class=\"has-inline-color has-vivid-green-cyan-color\">CULPA DE TERCEIROS<\/mark><\/strong><\/h4>\n\n\n\n<p>Por fim, vale citar a possibilidade de culpa de terceiros. Nesse caso, o evento danoso decorreu da atua\u00e7\u00e3o de uma terceira pessoa (diversa da Administra\u00e7\u00e3o P\u00fablica e do particular lesado).<\/p>\n\n\n\n<p>Por exemplo, no caso de atos de multid\u00e3o (terceiros) em que n\u00e3o houve omiss\u00e3o por parte do Estado.<\/p>\n\n\n\n<h2 class=\"wp-block-heading\"><strong><mark style=\"background-color:rgba(0, 0, 0, 0)\" class=\"has-inline-color has-vivid-cyan-blue-color\">Conclus\u00e3o<\/mark><\/strong><\/h2>\n\n\n\n<p>Amigos, finalizamos por aqui o nosso resumo sobre responsabilidade civil do Estado para o concurso da CGM RJ.<\/p>\n\n\n\n<p>Por oportuno, vale ressaltar que o objetivo deste resumo foi apresentar uma contextualiza\u00e7\u00e3o sobre os principais t\u00f3picos da mat\u00e9ria.<\/p>\n\n\n\n<p>Todavia, por ser este um assunto abrangente e muito importante, recomenda-se fortemente o estudo da aula completa no curso espec\u00edfico do <strong><mark style=\"background-color:rgba(0, 0, 0, 0)\" class=\"has-inline-color has-vivid-cyan-blue-color\">Estrat\u00e9gia Concursos<\/mark><\/strong> para a CGM RJ.<\/p>\n\n\n\n<p>At\u00e9 o pr\u00f3ximo artigo.<\/p>\n\n\n\n<p>Grande abra\u00e7o.<\/p>\n\n\n\n<p><strong>Rafael Chaves<\/strong><\/p>\n\n\n\n<p class=\"has-text-align-center has-pale-cyan-blue-background-color has-background has-medium-font-size\"><strong>Mais informa\u00e7\u00f5es: <a href=\"https:\/\/www.estrategiaconcursos.com.br\/blog\/concurso-cgm-rj\/\" target=\"_blank\" rel=\"noreferrer noopener\">Concurso CGM RJ<\/a><\/strong><\/p>\n\n\n\n<h2 class=\"has-text-align-center wp-block-heading\">Quer saber tudo sobre concursos previstos?<br \/>Confira  nossos artigos!<\/h2>\n\n\n\n<p class=\"has-text-align-center has-pale-cyan-blue-background-color has-background has-medium-font-size\"><a href=\"https:\/\/www.estrategiaconcursos.com.br\/blog\/concursos-abertos\/\" target=\"_blank\" rel=\"noreferrer noopener\">Concursos abertos<\/a><\/p>\n\n\n\n<p class=\"has-text-align-center has-pale-cyan-blue-background-color has-background has-medium-font-size\"><a href=\"https:\/\/www.estrategiaconcursos.com.br\/blog\/concursos-2023\/\" target=\"_blank\" rel=\"noreferrer noopener\">Concursos 2023<\/a><\/p>\n","protected":false},"excerpt":{"rendered":"<p>Ol\u00e1, pessoal, tudo bem? Neste artigo apresentaremos um resumo sobre a RESPONSABILIDADE CIVIL DO ESTADO para o concurso da Controladoria-Geral do Munic\u00edpio do Rio de Janeiro (CGM RJ). Bons estudos! Responsabilidade Civil do Estado para a CGM RJ: o que \u00e9? Em suma, a responsabilidade civil consiste na obriga\u00e7\u00e3o (civil) imposta a uma determinada pessoa, [&hellip;]<\/p>\n","protected":false},"author":2261,"featured_media":1061850,"comment_status":"open","ping_status":"closed","sticky":false,"template":"","format":"standard","meta":{"post_tipo":"article","footnotes":""},"categories":[1,220180],"tags":[],"tax_estado":[219982],"class_list":["post-1162218","post","type-post","status-publish","format-standard","has-post-thumbnail","hentry","category-cursos-e-concursos","category-controle-gestao","tax_estado-rj"],"acf":[],"yoast_head":"<!-- This site is optimized with the Yoast SEO Premium plugin v27.2 (Yoast SEO v27.2) - https:\/\/yoast.com\/product\/yoast-seo-premium-wordpress\/ -->\n<title>Resumo de Responsabilidade Civil do Estado para a CGM RJ<\/title>\n<meta name=\"description\" content=\"Estude sobre a Responsabilidade Civil do Estado para o concurso da Controladoria Geral do Munic\u00edpio do Rio de Janeiro (CGM RJ).\" \/>\n<meta name=\"robots\" content=\"index, follow, max-snippet:-1, max-image-preview:large, max-video-preview:-1\" \/>\n<link rel=\"canonical\" href=\"https:\/\/www.estrategiaconcursos.com.br\/blog\/resp-civil-cgm-rj\/\" \/>\n<meta property=\"og:locale\" content=\"pt_BR\" \/>\n<meta property=\"og:type\" content=\"article\" \/>\n<meta property=\"og:title\" content=\"Resumo de Responsabilidade Civil do Estado para a CGM RJ\" \/>\n<meta property=\"og:description\" content=\"Estude sobre a Responsabilidade Civil do Estado para o concurso da Controladoria Geral do Munic\u00edpio do Rio de Janeiro (CGM RJ).\" \/>\n<meta property=\"og:url\" content=\"https:\/\/www.estrategiaconcursos.com.br\/blog\/resp-civil-cgm-rj\/\" \/>\n<meta property=\"og:site_name\" content=\"Estrat\u00e9gia Concursos\" \/>\n<meta property=\"article:published_time\" content=\"2023-02-01T16:28:11+00:00\" \/>\n<meta property=\"article:modified_time\" content=\"2023-02-01T16:28:13+00:00\" \/>\n<meta property=\"og:image\" content=\"https:\/\/dhg1h5j42swfq.cloudfront.net\/2022\/07\/15134024\/cgm_rj.jpg\" \/>\n\t<meta property=\"og:image:width\" content=\"768\" \/>\n\t<meta property=\"og:image:height\" content=\"432\" \/>\n\t<meta property=\"og:image:type\" content=\"image\/jpeg\" \/>\n<meta name=\"author\" content=\"Rafael Ferreira Chaves\" \/>\n<meta name=\"twitter:card\" content=\"summary_large_image\" \/>\n<meta name=\"twitter:creator\" content=\"@EstratConcursos\" \/>\n<meta name=\"twitter:site\" content=\"@EstratConcursos\" \/>\n<meta name=\"twitter:label1\" content=\"Escrito por\" \/>\n\t<meta name=\"twitter:data1\" content=\"Rafael Ferreira Chaves\" \/>\n\t<meta name=\"twitter:label2\" content=\"Est. tempo de leitura\" \/>\n\t<meta name=\"twitter:data2\" content=\"10 minutos\" \/>\n<script type=\"application\/ld+json\" class=\"yoast-schema-graph\">{\"@context\":\"https:\/\/schema.org\",\"@graph\":[{\"@type\":\"NewsArticle\",\"@id\":\"https:\/\/www.estrategiaconcursos.com.br\/blog\/resp-civil-cgm-rj\/#article\",\"isPartOf\":{\"@id\":\"https:\/\/www.estrategiaconcursos.com.br\/blog\/resp-civil-cgm-rj\/\"},\"author\":{\"name\":\"Rafael Ferreira Chaves\",\"@id\":\"https:\/\/www.estrategiaconcursos.com.br\/blog\/#\/schema\/person\/545cce8f1c81268ec2ca202a954284e1\"},\"headline\":\"Resumo de Responsabilidade Civil do Estado para a CGM RJ\",\"datePublished\":\"2023-02-01T16:28:11+00:00\",\"dateModified\":\"2023-02-01T16:28:13+00:00\",\"mainEntityOfPage\":{\"@id\":\"https:\/\/www.estrategiaconcursos.com.br\/blog\/resp-civil-cgm-rj\/\"},\"wordCount\":2076,\"commentCount\":0,\"publisher\":{\"@id\":\"https:\/\/www.estrategiaconcursos.com.br\/blog\/#organization\"},\"image\":{\"@id\":\"https:\/\/www.estrategiaconcursos.com.br\/blog\/resp-civil-cgm-rj\/#primaryimage\"},\"thumbnailUrl\":\"https:\/\/dhg1h5j42swfq.cloudfront.net\/2022\/07\/15134024\/cgm_rj.jpg\",\"articleSection\":[\"Concursos P\u00fablicos\",\"Controladorias\/Gest\u00e3o (CGU, CGE, STN, EPPGG)\"],\"inLanguage\":\"pt-BR\",\"potentialAction\":[{\"@type\":\"CommentAction\",\"name\":\"Comment\",\"target\":[\"https:\/\/www.estrategiaconcursos.com.br\/blog\/resp-civil-cgm-rj\/#respond\"]}],\"copyrightYear\":\"2023\",\"copyrightHolder\":{\"@id\":\"https:\/\/www.estrategiaconcursos.com.br\/blog\/#organization\"}},{\"@type\":\"WebPage\",\"@id\":\"https:\/\/www.estrategiaconcursos.com.br\/blog\/resp-civil-cgm-rj\/\",\"url\":\"https:\/\/www.estrategiaconcursos.com.br\/blog\/resp-civil-cgm-rj\/\",\"name\":\"Resumo de Responsabilidade Civil do Estado para a CGM RJ\",\"isPartOf\":{\"@id\":\"https:\/\/www.estrategiaconcursos.com.br\/blog\/#website\"},\"primaryImageOfPage\":{\"@id\":\"https:\/\/www.estrategiaconcursos.com.br\/blog\/resp-civil-cgm-rj\/#primaryimage\"},\"image\":{\"@id\":\"https:\/\/www.estrategiaconcursos.com.br\/blog\/resp-civil-cgm-rj\/#primaryimage\"},\"thumbnailUrl\":\"https:\/\/dhg1h5j42swfq.cloudfront.net\/2022\/07\/15134024\/cgm_rj.jpg\",\"datePublished\":\"2023-02-01T16:28:11+00:00\",\"dateModified\":\"2023-02-01T16:28:13+00:00\",\"description\":\"Estude sobre a Responsabilidade Civil do Estado para o concurso da Controladoria Geral do Munic\u00edpio do Rio de Janeiro (CGM RJ).\",\"breadcrumb\":{\"@id\":\"https:\/\/www.estrategiaconcursos.com.br\/blog\/resp-civil-cgm-rj\/#breadcrumb\"},\"inLanguage\":\"pt-BR\",\"potentialAction\":[{\"@type\":\"ReadAction\",\"target\":[\"https:\/\/www.estrategiaconcursos.com.br\/blog\/resp-civil-cgm-rj\/\"]}]},{\"@type\":\"ImageObject\",\"inLanguage\":\"pt-BR\",\"@id\":\"https:\/\/www.estrategiaconcursos.com.br\/blog\/resp-civil-cgm-rj\/#primaryimage\",\"url\":\"https:\/\/dhg1h5j42swfq.cloudfront.net\/2022\/07\/15134024\/cgm_rj.jpg\",\"contentUrl\":\"https:\/\/dhg1h5j42swfq.cloudfront.net\/2022\/07\/15134024\/cgm_rj.jpg\",\"width\":768,\"height\":432,\"caption\":\"Concurso CGM RJ\"},{\"@type\":\"BreadcrumbList\",\"@id\":\"https:\/\/www.estrategiaconcursos.com.br\/blog\/resp-civil-cgm-rj\/#breadcrumb\",\"itemListElement\":[{\"@type\":\"ListItem\",\"position\":1,\"name\":\"In\u00edcio\",\"item\":\"https:\/\/www.estrategiaconcursos.com.br\/blog\/\"},{\"@type\":\"ListItem\",\"position\":2,\"name\":\"Resumo de Responsabilidade Civil do Estado para a CGM RJ\"}]},{\"@type\":\"WebSite\",\"@id\":\"https:\/\/www.estrategiaconcursos.com.br\/blog\/#website\",\"url\":\"https:\/\/www.estrategiaconcursos.com.br\/blog\/\",\"name\":\"Estrat\u00e9gia Concursos\",\"description\":\"O blog da Estrat\u00e9gia Concursos traz not\u00edcias sobre concursos e artigos de professores oferecendo cursos para concursos (pdf + videaulas) no site.\",\"publisher\":{\"@id\":\"https:\/\/www.estrategiaconcursos.com.br\/blog\/#organization\"},\"potentialAction\":[{\"@type\":\"SearchAction\",\"target\":{\"@type\":\"EntryPoint\",\"urlTemplate\":\"https:\/\/www.estrategiaconcursos.com.br\/blog\/?s={search_term_string}\"},\"query-input\":{\"@type\":\"PropertyValueSpecification\",\"valueRequired\":true,\"valueName\":\"search_term_string\"}}],\"inLanguage\":\"pt-BR\"},{\"@type\":\"Organization\",\"@id\":\"https:\/\/www.estrategiaconcursos.com.br\/blog\/#organization\",\"name\":\"Estrat\u00e9gia Concursos\",\"url\":\"https:\/\/www.estrategiaconcursos.com.br\/blog\/\",\"logo\":{\"@type\":\"ImageObject\",\"inLanguage\":\"pt-BR\",\"@id\":\"https:\/\/www.estrategiaconcursos.com.br\/blog\/#\/schema\/logo\/image\/\",\"url\":\"https:\/\/dhg1h5j42swfq.cloudfront.net\/2025\/06\/03203428\/logo_concursos-1.jpg\",\"contentUrl\":\"https:\/\/dhg1h5j42swfq.cloudfront.net\/2025\/06\/03203428\/logo_concursos-1.jpg\",\"width\":230,\"height\":60,\"caption\":\"Estrat\u00e9gia Concursos\"},\"image\":{\"@id\":\"https:\/\/www.estrategiaconcursos.com.br\/blog\/#\/schema\/logo\/image\/\"},\"sameAs\":[\"https:\/\/x.com\/EstratConcursos\"]},{\"@type\":\"Person\",\"@id\":\"https:\/\/www.estrategiaconcursos.com.br\/blog\/#\/schema\/person\/545cce8f1c81268ec2ca202a954284e1\",\"name\":\"Rafael Ferreira Chaves\",\"image\":{\"@type\":\"ImageObject\",\"inLanguage\":\"pt-BR\",\"@id\":\"https:\/\/secure.gravatar.com\/avatar\/7d43172b7c8451a76fe991e14bf7b661f56fcd3e9d8f44dcd92c997cfaf1286f?s=96&d=mm&r=g\",\"url\":\"https:\/\/secure.gravatar.com\/avatar\/7d43172b7c8451a76fe991e14bf7b661f56fcd3e9d8f44dcd92c997cfaf1286f?s=96&d=mm&r=g\",\"contentUrl\":\"https:\/\/secure.gravatar.com\/avatar\/7d43172b7c8451a76fe991e14bf7b661f56fcd3e9d8f44dcd92c997cfaf1286f?s=96&d=mm&r=g\",\"caption\":\"Rafael Ferreira Chaves\"},\"description\":\"Engenheiro Civil formado pela Universidade Federal do Piau\u00ed - UFPI. Especialista em Engenharia Ambiental e Saneamento B\u00e1sico pela Faculdade Est\u00e1cio. Atualmente exerce o cargo de Auditor de Controle Externo do TCE\/AM. Aprovado e nomeado nos seguintes concursos: ARSETE\/PMT (1\u00ba lugar - Analista de Regula\u00e7\u00e3o - Eng. Civil), Prefeitura de Campinas\/SP (Eng. Civil) , CODEVASF (Analista de Desenvolvimento Regional - Eng. Civil), TCE\/AM (2\u00ba lugar - Auditor de Controle Externo - Obras P\u00fablicas \/ 14\u00ba lugar - Auditor de Controle Externo - Auditoria Governamental), TCE\/TO (2\u00ba lugar - Auditor de Controle Externo - Eng. Civil), TCE GO (Analista de Controle Externo - Controle Externo).\",\"url\":\"https:\/\/www.estrategiaconcursos.com.br\/blog\/author\/fchaves01gmail-com\/\"}]}<\/script>\n<!-- \/ Yoast SEO Premium plugin. -->","yoast_head_json":{"title":"Resumo de Responsabilidade Civil do Estado para a CGM RJ","description":"Estude sobre a Responsabilidade Civil do Estado para o concurso da Controladoria Geral do Munic\u00edpio do Rio de Janeiro (CGM RJ).","robots":{"index":"index","follow":"follow","max-snippet":"max-snippet:-1","max-image-preview":"max-image-preview:large","max-video-preview":"max-video-preview:-1"},"canonical":"https:\/\/www.estrategiaconcursos.com.br\/blog\/resp-civil-cgm-rj\/","og_locale":"pt_BR","og_type":"article","og_title":"Resumo de Responsabilidade Civil do Estado para a CGM RJ","og_description":"Estude sobre a Responsabilidade Civil do Estado para o concurso da Controladoria Geral do Munic\u00edpio do Rio de Janeiro (CGM RJ).","og_url":"https:\/\/www.estrategiaconcursos.com.br\/blog\/resp-civil-cgm-rj\/","og_site_name":"Estrat\u00e9gia Concursos","article_published_time":"2023-02-01T16:28:11+00:00","article_modified_time":"2023-02-01T16:28:13+00:00","og_image":[{"width":768,"height":432,"url":"https:\/\/dhg1h5j42swfq.cloudfront.net\/2022\/07\/15134024\/cgm_rj.jpg","type":"image\/jpeg"}],"author":"Rafael Ferreira Chaves","twitter_card":"summary_large_image","twitter_creator":"@EstratConcursos","twitter_site":"@EstratConcursos","twitter_misc":{"Escrito por":"Rafael Ferreira Chaves","Est. tempo de leitura":"10 minutos"},"schema":{"@context":"https:\/\/schema.org","@graph":[{"@type":"NewsArticle","@id":"https:\/\/www.estrategiaconcursos.com.br\/blog\/resp-civil-cgm-rj\/#article","isPartOf":{"@id":"https:\/\/www.estrategiaconcursos.com.br\/blog\/resp-civil-cgm-rj\/"},"author":{"name":"Rafael Ferreira Chaves","@id":"https:\/\/www.estrategiaconcursos.com.br\/blog\/#\/schema\/person\/545cce8f1c81268ec2ca202a954284e1"},"headline":"Resumo de Responsabilidade Civil do Estado para a CGM RJ","datePublished":"2023-02-01T16:28:11+00:00","dateModified":"2023-02-01T16:28:13+00:00","mainEntityOfPage":{"@id":"https:\/\/www.estrategiaconcursos.com.br\/blog\/resp-civil-cgm-rj\/"},"wordCount":2076,"commentCount":0,"publisher":{"@id":"https:\/\/www.estrategiaconcursos.com.br\/blog\/#organization"},"image":{"@id":"https:\/\/www.estrategiaconcursos.com.br\/blog\/resp-civil-cgm-rj\/#primaryimage"},"thumbnailUrl":"https:\/\/dhg1h5j42swfq.cloudfront.net\/2022\/07\/15134024\/cgm_rj.jpg","articleSection":["Concursos P\u00fablicos","Controladorias\/Gest\u00e3o (CGU, CGE, STN, EPPGG)"],"inLanguage":"pt-BR","potentialAction":[{"@type":"CommentAction","name":"Comment","target":["https:\/\/www.estrategiaconcursos.com.br\/blog\/resp-civil-cgm-rj\/#respond"]}],"copyrightYear":"2023","copyrightHolder":{"@id":"https:\/\/www.estrategiaconcursos.com.br\/blog\/#organization"}},{"@type":"WebPage","@id":"https:\/\/www.estrategiaconcursos.com.br\/blog\/resp-civil-cgm-rj\/","url":"https:\/\/www.estrategiaconcursos.com.br\/blog\/resp-civil-cgm-rj\/","name":"Resumo de Responsabilidade Civil do Estado para a CGM RJ","isPartOf":{"@id":"https:\/\/www.estrategiaconcursos.com.br\/blog\/#website"},"primaryImageOfPage":{"@id":"https:\/\/www.estrategiaconcursos.com.br\/blog\/resp-civil-cgm-rj\/#primaryimage"},"image":{"@id":"https:\/\/www.estrategiaconcursos.com.br\/blog\/resp-civil-cgm-rj\/#primaryimage"},"thumbnailUrl":"https:\/\/dhg1h5j42swfq.cloudfront.net\/2022\/07\/15134024\/cgm_rj.jpg","datePublished":"2023-02-01T16:28:11+00:00","dateModified":"2023-02-01T16:28:13+00:00","description":"Estude sobre a Responsabilidade Civil do Estado para o concurso da Controladoria Geral do Munic\u00edpio do Rio de Janeiro (CGM RJ).","breadcrumb":{"@id":"https:\/\/www.estrategiaconcursos.com.br\/blog\/resp-civil-cgm-rj\/#breadcrumb"},"inLanguage":"pt-BR","potentialAction":[{"@type":"ReadAction","target":["https:\/\/www.estrategiaconcursos.com.br\/blog\/resp-civil-cgm-rj\/"]}]},{"@type":"ImageObject","inLanguage":"pt-BR","@id":"https:\/\/www.estrategiaconcursos.com.br\/blog\/resp-civil-cgm-rj\/#primaryimage","url":"https:\/\/dhg1h5j42swfq.cloudfront.net\/2022\/07\/15134024\/cgm_rj.jpg","contentUrl":"https:\/\/dhg1h5j42swfq.cloudfront.net\/2022\/07\/15134024\/cgm_rj.jpg","width":768,"height":432,"caption":"Concurso CGM RJ"},{"@type":"BreadcrumbList","@id":"https:\/\/www.estrategiaconcursos.com.br\/blog\/resp-civil-cgm-rj\/#breadcrumb","itemListElement":[{"@type":"ListItem","position":1,"name":"In\u00edcio","item":"https:\/\/www.estrategiaconcursos.com.br\/blog\/"},{"@type":"ListItem","position":2,"name":"Resumo de Responsabilidade Civil do Estado para a CGM RJ"}]},{"@type":"WebSite","@id":"https:\/\/www.estrategiaconcursos.com.br\/blog\/#website","url":"https:\/\/www.estrategiaconcursos.com.br\/blog\/","name":"Estrat\u00e9gia Concursos","description":"O blog da Estrat\u00e9gia Concursos traz not\u00edcias sobre concursos e artigos de professores oferecendo cursos para concursos (pdf + videaulas) no site.","publisher":{"@id":"https:\/\/www.estrategiaconcursos.com.br\/blog\/#organization"},"potentialAction":[{"@type":"SearchAction","target":{"@type":"EntryPoint","urlTemplate":"https:\/\/www.estrategiaconcursos.com.br\/blog\/?s={search_term_string}"},"query-input":{"@type":"PropertyValueSpecification","valueRequired":true,"valueName":"search_term_string"}}],"inLanguage":"pt-BR"},{"@type":"Organization","@id":"https:\/\/www.estrategiaconcursos.com.br\/blog\/#organization","name":"Estrat\u00e9gia Concursos","url":"https:\/\/www.estrategiaconcursos.com.br\/blog\/","logo":{"@type":"ImageObject","inLanguage":"pt-BR","@id":"https:\/\/www.estrategiaconcursos.com.br\/blog\/#\/schema\/logo\/image\/","url":"https:\/\/dhg1h5j42swfq.cloudfront.net\/2025\/06\/03203428\/logo_concursos-1.jpg","contentUrl":"https:\/\/dhg1h5j42swfq.cloudfront.net\/2025\/06\/03203428\/logo_concursos-1.jpg","width":230,"height":60,"caption":"Estrat\u00e9gia Concursos"},"image":{"@id":"https:\/\/www.estrategiaconcursos.com.br\/blog\/#\/schema\/logo\/image\/"},"sameAs":["https:\/\/x.com\/EstratConcursos"]},{"@type":"Person","@id":"https:\/\/www.estrategiaconcursos.com.br\/blog\/#\/schema\/person\/545cce8f1c81268ec2ca202a954284e1","name":"Rafael Ferreira Chaves","image":{"@type":"ImageObject","inLanguage":"pt-BR","@id":"https:\/\/secure.gravatar.com\/avatar\/7d43172b7c8451a76fe991e14bf7b661f56fcd3e9d8f44dcd92c997cfaf1286f?s=96&d=mm&r=g","url":"https:\/\/secure.gravatar.com\/avatar\/7d43172b7c8451a76fe991e14bf7b661f56fcd3e9d8f44dcd92c997cfaf1286f?s=96&d=mm&r=g","contentUrl":"https:\/\/secure.gravatar.com\/avatar\/7d43172b7c8451a76fe991e14bf7b661f56fcd3e9d8f44dcd92c997cfaf1286f?s=96&d=mm&r=g","caption":"Rafael Ferreira Chaves"},"description":"Engenheiro Civil formado pela Universidade Federal do Piau\u00ed - UFPI. Especialista em Engenharia Ambiental e Saneamento B\u00e1sico pela Faculdade Est\u00e1cio. Atualmente exerce o cargo de Auditor de Controle Externo do TCE\/AM. Aprovado e nomeado nos seguintes concursos: ARSETE\/PMT (1\u00ba lugar - Analista de Regula\u00e7\u00e3o - Eng. Civil), Prefeitura de Campinas\/SP (Eng. Civil) , CODEVASF (Analista de Desenvolvimento Regional - Eng. Civil), TCE\/AM (2\u00ba lugar - Auditor de Controle Externo - Obras P\u00fablicas \/ 14\u00ba lugar - Auditor de Controle Externo - Auditoria Governamental), TCE\/TO (2\u00ba lugar - Auditor de Controle Externo - Eng. Civil), TCE GO (Analista de Controle Externo - Controle Externo).","url":"https:\/\/www.estrategiaconcursos.com.br\/blog\/author\/fchaves01gmail-com\/"}]}},"_links":{"self":[{"href":"https:\/\/www.estrategiaconcursos.com.br\/blog\/wp-json\/wp\/v2\/posts\/1162218","targetHints":{"allow":["GET"]}}],"collection":[{"href":"https:\/\/www.estrategiaconcursos.com.br\/blog\/wp-json\/wp\/v2\/posts"}],"about":[{"href":"https:\/\/www.estrategiaconcursos.com.br\/blog\/wp-json\/wp\/v2\/types\/post"}],"author":[{"embeddable":true,"href":"https:\/\/www.estrategiaconcursos.com.br\/blog\/wp-json\/wp\/v2\/users\/2261"}],"replies":[{"embeddable":true,"href":"https:\/\/www.estrategiaconcursos.com.br\/blog\/wp-json\/wp\/v2\/comments?post=1162218"}],"version-history":[{"count":10,"href":"https:\/\/www.estrategiaconcursos.com.br\/blog\/wp-json\/wp\/v2\/posts\/1162218\/revisions"}],"predecessor-version":[{"id":1162953,"href":"https:\/\/www.estrategiaconcursos.com.br\/blog\/wp-json\/wp\/v2\/posts\/1162218\/revisions\/1162953"}],"wp:featuredmedia":[{"embeddable":true,"href":"https:\/\/www.estrategiaconcursos.com.br\/blog\/wp-json\/wp\/v2\/media\/1061850"}],"wp:attachment":[{"href":"https:\/\/www.estrategiaconcursos.com.br\/blog\/wp-json\/wp\/v2\/media?parent=1162218"}],"wp:term":[{"taxonomy":"category","embeddable":true,"href":"https:\/\/www.estrategiaconcursos.com.br\/blog\/wp-json\/wp\/v2\/categories?post=1162218"},{"taxonomy":"post_tag","embeddable":true,"href":"https:\/\/www.estrategiaconcursos.com.br\/blog\/wp-json\/wp\/v2\/tags?post=1162218"},{"taxonomy":"tax_estado","embeddable":true,"href":"https:\/\/www.estrategiaconcursos.com.br\/blog\/wp-json\/wp\/v2\/tax_estado?post=1162218"}],"curies":[{"name":"wp","href":"https:\/\/api.w.org\/{rel}","templated":true}]}}