{"id":1162179,"date":"2023-01-31T16:24:19","date_gmt":"2023-01-31T19:24:19","guid":{"rendered":"https:\/\/www.estrategiaconcursos.com.br\/blog\/?p=1162179"},"modified":"2023-01-31T16:36:23","modified_gmt":"2023-01-31T19:36:23","slug":"proibicao-concursos-cadastro-reserva-sao-paulo","status":"publish","type":"post","link":"https:\/\/www.estrategiaconcursos.com.br\/blog\/proibicao-concursos-cadastro-reserva-sao-paulo\/","title":{"rendered":"Proibi\u00e7\u00e3o de concursos para cadastro reserva em S\u00e3o Paulo!"},"content":{"rendered":"\n<p>Foi aprovado o Projeto de Lei 527\/2021, que institui a <strong>proibi\u00e7\u00e3o<\/strong> da realiza\u00e7\u00e3o de concursos p\u00fablicos com vagas destinadas somente ao cadastro reserva no estado de S\u00e3o Paulo.<\/p>\n\n\n\n<p>Vale ressaltar o Projeto <strong>aguarda a san\u00e7\u00e3o <\/strong>do governador de S\u00e3o Paulo, Tarc\u00edsio de Freitas, para poder entrar em vigor.<\/p>\n\n\n\n<ul class=\"wp-block-list\">\n<li><strong><a href=\"https:\/\/dhg1h5j42swfq.cloudfront.net\/2023\/01\/31163336\/1000382435_1000455567_propositura-1-doc-1.pdf\" target=\"_blank\" rel=\"noreferrer noopener nofollow\">PL proibi\u00e7\u00e3o de concursos para cadastro reserva<\/a><\/strong><\/li>\n<\/ul>\n\n\n\n<p>O PL proposto pela deputada M\u00e1rcia Lia define tamb\u00e9m <strong>outras regras<\/strong> para a realiza\u00e7\u00e3o de concursos p\u00fablicos no estado. <\/p>\n\n\n\n<p>O documento estipula um <strong>per\u00edodo m\u00ednimo de inscri\u00e7\u00f5es<\/strong> de 30 dias e define que provas devem ser realizadas dentro de, no m\u00ednimo, 90 dias da publica\u00e7\u00e3o da publica\u00e7\u00e3o do edital.<\/p>\n\n\n\n<p>Sobre as vagas, o Projeto define que todos os editais publicados devem destinar de 10% a 20% de suas vagas totais para pessoas com defici\u00eancia f\u00edsica. <\/p>\n\n\n\n<p>De acordo com o Artigo 13, foram definidos alguns requisitos  m\u00ednimos obrigat\u00f3rios com rela\u00e7\u00e3o a informa\u00e7\u00f5es do certame em todos os editais publicados: <\/p>\n\n\n\n<ul class=\"wp-block-list\">\n<li>I &#8211; identifica\u00e7\u00e3o da institui\u00e7\u00e3o organizadora do concurso e do \u00f3rg\u00e3o ou entidade p\u00fablica que o promove;<\/li>\n\n\n\n<li>II &#8211; ato oficial que autorizou a realiza\u00e7\u00e3o do concurso p\u00fablico;<\/li>\n\n\n\n<li>III &#8211; lei de cria\u00e7\u00e3o do cargo ou emprego p\u00fablico e da carreira, bem como seus regulamentos;<\/li>\n\n\n\n<li>IV &#8211; identifica\u00e7\u00e3o do cargo ou emprego p\u00fablico, suas atribui\u00e7\u00f5es, requisitos de investidura, classe de ingresso e remunera\u00e7\u00e3o inicial, discriminando-se as parcelas que a comp\u00f5em, bem como sua natureza fixa e vari\u00e1vel e seus limites de varia\u00e7\u00e3o, quando for o caso;<\/li>\n\n\n\n<li>V &#8211; quantidade de cargos ou empregos a serem providos, vedada a oferta simb\u00f3lica de vagas ou a ado\u00e7\u00e3o exclusiva de cadastro de reserva, nos termos do artigo 14 desta Lei;<\/li>\n\n\n\n<li>VI &#8211; indica\u00e7\u00e3o precisa dos locais, hor\u00e1rios e procedimentos de inscri\u00e7\u00e3o, bem como das formalidades para sua confirma\u00e7\u00e3o;<\/li>\n\n\n\n<li>VII &#8211; valor da taxa de inscri\u00e7\u00e3o e hip\u00f3teses de isen\u00e7\u00e3o;<\/li>\n\n\n\n<li>VIII &#8211; indica\u00e7\u00e3o do \u00f3rg\u00e3o e da localidade geogr\u00e1fica de lota\u00e7\u00e3o dos aprovados ou o crit\u00e9rio para sua defini\u00e7\u00e3o, respeitada a ordem de classifica\u00e7\u00e3o no concurso;<\/li>\n\n\n\n<li>IX &#8211; n\u00famero de etapas do concurso p\u00fablico, com indica\u00e7\u00e3o das respectivas fases e seu car\u00e1ter eliminat\u00f3rio e\/ou classificat\u00f3rio;<\/li>\n\n\n\n<li>X &#8211; enumera\u00e7\u00e3o precisa das disciplinas das provas, eventuais agrupamentos de provas e mat\u00e9rias e n\u00famero de quest\u00f5es de cada disciplina, com seus respectivos valores individuais e pesos;<\/li>\n\n\n\n<li>XI &#8211; conte\u00fado program\u00e1tico de cada disciplina, de forma clara, precisa e espec\u00edfica;<\/li>\n\n\n\n<li>XII &#8211; datas de realiza\u00e7\u00e3o das provas, as quais s\u00f3 poder\u00e3o ser alteradas por raz\u00f5es de interesse p\u00fablico decorrente de fato superveniente devidamente comprovado, pertinente e suficiente para justificar tal conduta;<\/li>\n\n\n\n<li>XIII &#8211; rela\u00e7\u00e3o da documenta\u00e7\u00e3o a ser apresentada pelo candidato no ato de inscri\u00e7\u00e3o e na realiza\u00e7\u00e3o das provas, bem como do material de uso permitido e n\u00e3o permitido em cada fase;<\/li>\n\n\n\n<li>XIV &#8211; explica\u00e7\u00e3o resumida da rela\u00e7\u00e3o existente entre cada disciplina cobrada no certame e as atribui\u00e7\u00f5es do cargo ou emprego p\u00fablico, de acordo com a natureza e complexidade das atribui\u00e7\u00f5es, nos termos do art. 37, inciso II, da Constitui\u00e7\u00e3o Federal;<\/li>\n\n\n\n<li>XV &#8211; formas de divulga\u00e7\u00e3o dos resultados, com datas, locais e hor\u00e1rios de consulta, vedada a ado\u00e7\u00e3o de consulta individual dos resultados, de acesso restrito unicamente ao candidato, salvo quanto aos dados pessoais inseridos em sua esfera de intimidade;<\/li>\n\n\n\n<li>XVI &#8211; explicita\u00e7\u00e3o detalhada da metodologia de avalia\u00e7\u00e3o de cada fase do concurso p\u00fablico, inclusive das provas discursivas e orais, e das f\u00f3rmulas de c\u00e1lculo das notas;<\/li>\n\n\n\n<li>XVII &#8211; quando for o caso, informa\u00e7\u00e3o quanto \u00e0 exig\u00eancia de exames m\u00e9dicos espec\u00edficos para a carreira ou de exame psicot\u00e9cnico ou sindic\u00e2ncia de vida pregressa, com apresenta\u00e7\u00e3o dos crit\u00e9rios objetivos de sua avalia\u00e7\u00e3o;<\/li>\n\n\n\n<li>XVIII &#8211; regulamenta\u00e7\u00e3o do processo de elabora\u00e7\u00e3o, apresenta\u00e7\u00e3o, julgamento, decis\u00e3o e conhecimento dos recursos contra os resultados das provas;<\/li>\n\n\n\n<li>XIX &#8211; percentual de cargos ou empregos reservados \u00e0s pessoas com defici\u00eancia e crit\u00e9rios para sua admiss\u00e3o;<\/li>\n\n\n\n<li>XX &#8211; prazo de validade do concurso e possibilidade ou n\u00e3o de sua prorroga\u00e7\u00e3o;<\/li>\n\n\n\n<li>XXI &#8211; cronograma detalhado das fases do concurso.<\/li>\n<\/ul>\n\n\n\n<p>Sobre as provas das sele\u00e7\u00f5es, o Artigo 26 faz com que seja <strong>obrigat\u00f3ria a presen\u00e7a de prova escrita objetiva em todos os certames<\/strong>. Existem tamb\u00e9m regras referentes \u00e0 primeira etapa dos concursos de acordo com o Artigo 25, que pode ser composta por:<\/p>\n\n\n\n<ul class=\"wp-block-list\">\n<li>I &#8211; prova escrita objetiva;<\/li>\n\n\n\n<li>II &#8211; prova escrita discursiva;<\/li>\n\n\n\n<li>III &#8211; prova oral;<\/li>\n\n\n\n<li>IV &#8211; prova f\u00edsica;<\/li>\n\n\n\n<li>V &#8211; prova pr\u00e1tica;<\/li>\n\n\n\n<li>VI &#8211; exame m\u00e9dico;<\/li>\n\n\n\n<li>VII &#8211; exame psicot\u00e9cnico;<\/li>\n\n\n\n<li>VIII &#8211; exame psicol\u00f3gico;<\/li>\n\n\n\n<li>IX &#8211; sindic\u00e2ncia de vida pregressa;<\/li>\n\n\n\n<li>X &#8211; avalia\u00e7\u00e3o de t\u00edtulos.<\/li>\n<\/ul>\n\n\n\n<p class=\"has-text-align-center\"><em>Para ficar por dentro de todas as oportunidades de concursos p\u00fablicos no estado de S\u00e3o Paulo acesse nosso artigo completo:<\/em><\/p>\n\n\n\n<p class=\"has-text-align-center has-background has-medium-font-size\" style=\"background-color:#c1d9ef\"><strong>Saiba mais<\/strong>: <a href=\"https:\/\/www.estrategiaconcursos.com.br\/blog\/concursos-sp\/\" target=\"_blank\" rel=\"noreferrer noopener\"><strong>Concursos S\u00e3o Paulo<\/strong><\/a><\/p>\n\n\n\n<h2 class=\"has-text-align-center wp-block-heading\" id=\"assinatura\">Quer se preparar para os concursos em S\u00e3o Paulo? Ent\u00e3o confira nossos cursos:<\/h2>\n\n\n\n<div class=\"container\" id=\"boxes\">\n  <div class=\"row\">\n\n    <div class=\"col-sm\">\n      <div class=\"estrategia\" id=\"box-assinatura\">\n        <h3 class=\"titulo-assinatura\">Assinatura Concursos<\/h3>\n        <p class=\"subtitulo-assinatura\">Assinatura de 1 Ano ou 2 Anos<\/p>\n        <div class=\"box-botao\">\n          <a class=\"btn-assinatura\" target=\"_blank\" href=\"https:\/\/www.estrategiaconcursos.com.br\/assinaturas\/\" role=\"button\" rel=\"noopener noreferrer\">ASSINE AGORA<\/a>\n        <\/div>\n      <\/div>\n      \n    <\/div><\/div><\/div>\n\n\n\n<h2 class=\"has-text-align-center wp-block-heading\" id=\"h-quer-saber-tudo-sobre-concursos-previstos-confira-nossos-artigos\">Quer saber tudo sobre concursos previstos?<br \/>Confira nossos artigos!<\/h2>\n\n\n\n<ul class=\"wp-block-list\">\n<li><a href=\"https:\/\/www.estrategiaconcursos.com.br\/blog\/concursos-abertos\/\" target=\"_blank\" rel=\"noreferrer noopener\">Concursos Abertos<\/a><\/li>\n\n\n\n<li><a href=\"https:\/\/www.estrategiaconcursos.com.br\/blog\/concursos-2023\/\" target=\"_blank\" rel=\"noreferrer noopener\">Concursos 2023<\/a><\/li>\n<\/ul>\n","protected":false},"excerpt":{"rendered":"<p>Foi aprovado o Projeto de Lei 527\/2021, que institui a proibi\u00e7\u00e3o da realiza\u00e7\u00e3o de concursos p\u00fablicos com vagas destinadas somente ao cadastro reserva no estado de S\u00e3o Paulo. Vale ressaltar o Projeto aguarda a san\u00e7\u00e3o do governador de S\u00e3o Paulo, Tarc\u00edsio de Freitas, para poder entrar em vigor. O PL proposto pela deputada M\u00e1rcia Lia [&hellip;]<\/p>\n","protected":false},"author":2496,"featured_media":713947,"comment_status":"open","ping_status":"closed","sticky":false,"template":"","format":"standard","meta":{"post_tipo":"news","footnotes":""},"categories":[1,220219],"tags":[],"tax_estado":[219989],"class_list":["post-1162179","post","type-post","status-publish","format-standard","has-post-thumbnail","hentry","category-cursos-e-concursos","category-noticias","tax_estado-sp"],"acf":[],"yoast_head":"<!-- This site is optimized with the Yoast SEO Premium plugin v27.2 (Yoast SEO v27.2) - https:\/\/yoast.com\/product\/yoast-seo-premium-wordpress\/ -->\n<title>Proibi\u00e7\u00e3o de concursos para cadastro reserva em S\u00e3o Paulo!<\/title>\n<meta name=\"description\" content=\"Foi aprovado o Projeto de Lei da proibi\u00e7\u00e3o de concursos somente para cadastro reserva no estado de S\u00e3o Paulo. Acesse e confira!\" \/>\n<meta name=\"robots\" content=\"index, follow, max-snippet:-1, max-image-preview:large, max-video-preview:-1\" \/>\n<link rel=\"canonical\" href=\"https:\/\/www.estrategiaconcursos.com.br\/blog\/proibicao-concursos-cadastro-reserva-sao-paulo\/\" \/>\n<meta property=\"og:locale\" content=\"pt_BR\" \/>\n<meta property=\"og:type\" content=\"article\" \/>\n<meta property=\"og:title\" content=\"Proibi\u00e7\u00e3o de concursos para cadastro reserva em S\u00e3o Paulo!\" \/>\n<meta property=\"og:description\" content=\"Foi aprovado o Projeto de Lei da proibi\u00e7\u00e3o de concursos somente para cadastro reserva no estado de S\u00e3o Paulo. Acesse e confira!\" \/>\n<meta property=\"og:url\" content=\"https:\/\/www.estrategiaconcursos.com.br\/blog\/proibicao-concursos-cadastro-reserva-sao-paulo\/\" \/>\n<meta property=\"og:site_name\" content=\"Estrat\u00e9gia Concursos\" \/>\n<meta property=\"article:published_time\" content=\"2023-01-31T19:24:19+00:00\" \/>\n<meta property=\"article:modified_time\" content=\"2023-01-31T19:36:23+00:00\" \/>\n<meta property=\"og:image\" content=\"https:\/\/dhg1h5j42swfq.cloudfront.net\/2021\/04\/14120721\/concursos-sp.jpg\" \/>\n\t<meta property=\"og:image:width\" content=\"1200\" \/>\n\t<meta property=\"og:image:height\" content=\"628\" \/>\n\t<meta property=\"og:image:type\" content=\"image\/jpeg\" \/>\n<meta name=\"author\" content=\"Lu\u00eds Henrique Koliski Taguchi\" \/>\n<meta name=\"twitter:card\" content=\"summary_large_image\" \/>\n<meta name=\"twitter:creator\" content=\"@EstratConcursos\" \/>\n<meta name=\"twitter:site\" content=\"@EstratConcursos\" \/>\n<meta name=\"twitter:label1\" content=\"Escrito por\" \/>\n\t<meta name=\"twitter:data1\" content=\"Lu\u00eds Henrique Koliski Taguchi\" \/>\n\t<meta name=\"twitter:label2\" content=\"Est. tempo de leitura\" \/>\n\t<meta name=\"twitter:data2\" content=\"5 minutos\" \/>\n<script type=\"application\/ld+json\" class=\"yoast-schema-graph\">{\"@context\":\"https:\/\/schema.org\",\"@graph\":[{\"@type\":\"NewsArticle\",\"@id\":\"https:\/\/www.estrategiaconcursos.com.br\/blog\/proibicao-concursos-cadastro-reserva-sao-paulo\/#article\",\"isPartOf\":{\"@id\":\"https:\/\/www.estrategiaconcursos.com.br\/blog\/proibicao-concursos-cadastro-reserva-sao-paulo\/\"},\"author\":{\"name\":\"Lu\u00eds Henrique Koliski Taguchi\",\"@id\":\"https:\/\/www.estrategiaconcursos.com.br\/blog\/#\/schema\/person\/4796f784535bea69338c17360e24ca86\"},\"headline\":\"Proibi\u00e7\u00e3o de concursos para cadastro reserva em S\u00e3o Paulo!\",\"datePublished\":\"2023-01-31T19:24:19+00:00\",\"dateModified\":\"2023-01-31T19:36:23+00:00\",\"mainEntityOfPage\":{\"@id\":\"https:\/\/www.estrategiaconcursos.com.br\/blog\/proibicao-concursos-cadastro-reserva-sao-paulo\/\"},\"wordCount\":919,\"commentCount\":0,\"publisher\":{\"@id\":\"https:\/\/www.estrategiaconcursos.com.br\/blog\/#organization\"},\"image\":{\"@id\":\"https:\/\/www.estrategiaconcursos.com.br\/blog\/proibicao-concursos-cadastro-reserva-sao-paulo\/#primaryimage\"},\"thumbnailUrl\":\"https:\/\/dhg1h5j42swfq.cloudfront.net\/2021\/04\/14120721\/concursos-sp.jpg\",\"articleSection\":[\"Concursos P\u00fablicos\",\"\u00daltimas not\u00edcias\"],\"inLanguage\":\"pt-BR\",\"potentialAction\":[{\"@type\":\"CommentAction\",\"name\":\"Comment\",\"target\":[\"https:\/\/www.estrategiaconcursos.com.br\/blog\/proibicao-concursos-cadastro-reserva-sao-paulo\/#respond\"]}],\"copyrightYear\":\"2023\",\"copyrightHolder\":{\"@id\":\"https:\/\/www.estrategiaconcursos.com.br\/blog\/#organization\"}},{\"@type\":\"WebPage\",\"@id\":\"https:\/\/www.estrategiaconcursos.com.br\/blog\/proibicao-concursos-cadastro-reserva-sao-paulo\/\",\"url\":\"https:\/\/www.estrategiaconcursos.com.br\/blog\/proibicao-concursos-cadastro-reserva-sao-paulo\/\",\"name\":\"Proibi\u00e7\u00e3o de concursos para cadastro reserva em S\u00e3o Paulo!\",\"isPartOf\":{\"@id\":\"https:\/\/www.estrategiaconcursos.com.br\/blog\/#website\"},\"primaryImageOfPage\":{\"@id\":\"https:\/\/www.estrategiaconcursos.com.br\/blog\/proibicao-concursos-cadastro-reserva-sao-paulo\/#primaryimage\"},\"image\":{\"@id\":\"https:\/\/www.estrategiaconcursos.com.br\/blog\/proibicao-concursos-cadastro-reserva-sao-paulo\/#primaryimage\"},\"thumbnailUrl\":\"https:\/\/dhg1h5j42swfq.cloudfront.net\/2021\/04\/14120721\/concursos-sp.jpg\",\"datePublished\":\"2023-01-31T19:24:19+00:00\",\"dateModified\":\"2023-01-31T19:36:23+00:00\",\"description\":\"Foi aprovado o Projeto de Lei da proibi\u00e7\u00e3o de concursos somente para cadastro reserva no estado de S\u00e3o Paulo. Acesse e confira!\",\"breadcrumb\":{\"@id\":\"https:\/\/www.estrategiaconcursos.com.br\/blog\/proibicao-concursos-cadastro-reserva-sao-paulo\/#breadcrumb\"},\"inLanguage\":\"pt-BR\",\"potentialAction\":[{\"@type\":\"ReadAction\",\"target\":[\"https:\/\/www.estrategiaconcursos.com.br\/blog\/proibicao-concursos-cadastro-reserva-sao-paulo\/\"]}]},{\"@type\":\"ImageObject\",\"inLanguage\":\"pt-BR\",\"@id\":\"https:\/\/www.estrategiaconcursos.com.br\/blog\/proibicao-concursos-cadastro-reserva-sao-paulo\/#primaryimage\",\"url\":\"https:\/\/dhg1h5j42swfq.cloudfront.net\/2021\/04\/14120721\/concursos-sp.jpg\",\"contentUrl\":\"https:\/\/dhg1h5j42swfq.cloudfront.net\/2021\/04\/14120721\/concursos-sp.jpg\",\"width\":1200,\"height\":628,\"caption\":\"Concurso EMCOP Rio Preto\"},{\"@type\":\"BreadcrumbList\",\"@id\":\"https:\/\/www.estrategiaconcursos.com.br\/blog\/proibicao-concursos-cadastro-reserva-sao-paulo\/#breadcrumb\",\"itemListElement\":[{\"@type\":\"ListItem\",\"position\":1,\"name\":\"In\u00edcio\",\"item\":\"https:\/\/www.estrategiaconcursos.com.br\/blog\/\"},{\"@type\":\"ListItem\",\"position\":2,\"name\":\"Proibi\u00e7\u00e3o de concursos para cadastro reserva em S\u00e3o Paulo!\"}]},{\"@type\":\"WebSite\",\"@id\":\"https:\/\/www.estrategiaconcursos.com.br\/blog\/#website\",\"url\":\"https:\/\/www.estrategiaconcursos.com.br\/blog\/\",\"name\":\"Estrat\u00e9gia Concursos\",\"description\":\"O blog da Estrat\u00e9gia Concursos traz not\u00edcias sobre concursos e artigos de professores oferecendo cursos para concursos (pdf + videaulas) no site.\",\"publisher\":{\"@id\":\"https:\/\/www.estrategiaconcursos.com.br\/blog\/#organization\"},\"potentialAction\":[{\"@type\":\"SearchAction\",\"target\":{\"@type\":\"EntryPoint\",\"urlTemplate\":\"https:\/\/www.estrategiaconcursos.com.br\/blog\/?s={search_term_string}\"},\"query-input\":{\"@type\":\"PropertyValueSpecification\",\"valueRequired\":true,\"valueName\":\"search_term_string\"}}],\"inLanguage\":\"pt-BR\"},{\"@type\":\"Organization\",\"@id\":\"https:\/\/www.estrategiaconcursos.com.br\/blog\/#organization\",\"name\":\"Estrat\u00e9gia Concursos\",\"url\":\"https:\/\/www.estrategiaconcursos.com.br\/blog\/\",\"logo\":{\"@type\":\"ImageObject\",\"inLanguage\":\"pt-BR\",\"@id\":\"https:\/\/www.estrategiaconcursos.com.br\/blog\/#\/schema\/logo\/image\/\",\"url\":\"https:\/\/dhg1h5j42swfq.cloudfront.net\/2025\/06\/03203428\/logo_concursos-1.jpg\",\"contentUrl\":\"https:\/\/dhg1h5j42swfq.cloudfront.net\/2025\/06\/03203428\/logo_concursos-1.jpg\",\"width\":230,\"height\":60,\"caption\":\"Estrat\u00e9gia Concursos\"},\"image\":{\"@id\":\"https:\/\/www.estrategiaconcursos.com.br\/blog\/#\/schema\/logo\/image\/\"},\"sameAs\":[\"https:\/\/x.com\/EstratConcursos\"]},{\"@type\":\"Person\",\"@id\":\"https:\/\/www.estrategiaconcursos.com.br\/blog\/#\/schema\/person\/4796f784535bea69338c17360e24ca86\",\"name\":\"Lu\u00eds Henrique Koliski Taguchi\",\"image\":{\"@type\":\"ImageObject\",\"inLanguage\":\"pt-BR\",\"@id\":\"https:\/\/secure.gravatar.com\/avatar\/cd45137551650332231b9b3d541d08c1f24718112f052488ba1ea66ad0f57c9c?s=96&d=mm&r=g\",\"url\":\"https:\/\/secure.gravatar.com\/avatar\/cd45137551650332231b9b3d541d08c1f24718112f052488ba1ea66ad0f57c9c?s=96&d=mm&r=g\",\"contentUrl\":\"https:\/\/secure.gravatar.com\/avatar\/cd45137551650332231b9b3d541d08c1f24718112f052488ba1ea66ad0f57c9c?s=96&d=mm&r=g\",\"caption\":\"Lu\u00eds Henrique Koliski Taguchi\"},\"url\":\"https:\/\/www.estrategiaconcursos.com.br\/blog\/author\/luis-taguchiestrategia-com\/\"}]}<\/script>\n<!-- \/ Yoast SEO Premium plugin. -->","yoast_head_json":{"title":"Proibi\u00e7\u00e3o de concursos para cadastro reserva em S\u00e3o Paulo!","description":"Foi aprovado o Projeto de Lei da proibi\u00e7\u00e3o de concursos somente para cadastro reserva no estado de S\u00e3o Paulo. Acesse e confira!","robots":{"index":"index","follow":"follow","max-snippet":"max-snippet:-1","max-image-preview":"max-image-preview:large","max-video-preview":"max-video-preview:-1"},"canonical":"https:\/\/www.estrategiaconcursos.com.br\/blog\/proibicao-concursos-cadastro-reserva-sao-paulo\/","og_locale":"pt_BR","og_type":"article","og_title":"Proibi\u00e7\u00e3o de concursos para cadastro reserva em S\u00e3o Paulo!","og_description":"Foi aprovado o Projeto de Lei da proibi\u00e7\u00e3o de concursos somente para cadastro reserva no estado de S\u00e3o Paulo. Acesse e confira!","og_url":"https:\/\/www.estrategiaconcursos.com.br\/blog\/proibicao-concursos-cadastro-reserva-sao-paulo\/","og_site_name":"Estrat\u00e9gia Concursos","article_published_time":"2023-01-31T19:24:19+00:00","article_modified_time":"2023-01-31T19:36:23+00:00","og_image":[{"width":1200,"height":628,"url":"https:\/\/dhg1h5j42swfq.cloudfront.net\/2021\/04\/14120721\/concursos-sp.jpg","type":"image\/jpeg"}],"author":"Lu\u00eds Henrique Koliski Taguchi","twitter_card":"summary_large_image","twitter_creator":"@EstratConcursos","twitter_site":"@EstratConcursos","twitter_misc":{"Escrito por":"Lu\u00eds Henrique Koliski Taguchi","Est. tempo de leitura":"5 minutos"},"schema":{"@context":"https:\/\/schema.org","@graph":[{"@type":"NewsArticle","@id":"https:\/\/www.estrategiaconcursos.com.br\/blog\/proibicao-concursos-cadastro-reserva-sao-paulo\/#article","isPartOf":{"@id":"https:\/\/www.estrategiaconcursos.com.br\/blog\/proibicao-concursos-cadastro-reserva-sao-paulo\/"},"author":{"name":"Lu\u00eds Henrique Koliski Taguchi","@id":"https:\/\/www.estrategiaconcursos.com.br\/blog\/#\/schema\/person\/4796f784535bea69338c17360e24ca86"},"headline":"Proibi\u00e7\u00e3o de concursos para cadastro reserva em S\u00e3o Paulo!","datePublished":"2023-01-31T19:24:19+00:00","dateModified":"2023-01-31T19:36:23+00:00","mainEntityOfPage":{"@id":"https:\/\/www.estrategiaconcursos.com.br\/blog\/proibicao-concursos-cadastro-reserva-sao-paulo\/"},"wordCount":919,"commentCount":0,"publisher":{"@id":"https:\/\/www.estrategiaconcursos.com.br\/blog\/#organization"},"image":{"@id":"https:\/\/www.estrategiaconcursos.com.br\/blog\/proibicao-concursos-cadastro-reserva-sao-paulo\/#primaryimage"},"thumbnailUrl":"https:\/\/dhg1h5j42swfq.cloudfront.net\/2021\/04\/14120721\/concursos-sp.jpg","articleSection":["Concursos P\u00fablicos","\u00daltimas not\u00edcias"],"inLanguage":"pt-BR","potentialAction":[{"@type":"CommentAction","name":"Comment","target":["https:\/\/www.estrategiaconcursos.com.br\/blog\/proibicao-concursos-cadastro-reserva-sao-paulo\/#respond"]}],"copyrightYear":"2023","copyrightHolder":{"@id":"https:\/\/www.estrategiaconcursos.com.br\/blog\/#organization"}},{"@type":"WebPage","@id":"https:\/\/www.estrategiaconcursos.com.br\/blog\/proibicao-concursos-cadastro-reserva-sao-paulo\/","url":"https:\/\/www.estrategiaconcursos.com.br\/blog\/proibicao-concursos-cadastro-reserva-sao-paulo\/","name":"Proibi\u00e7\u00e3o de concursos para cadastro reserva em S\u00e3o Paulo!","isPartOf":{"@id":"https:\/\/www.estrategiaconcursos.com.br\/blog\/#website"},"primaryImageOfPage":{"@id":"https:\/\/www.estrategiaconcursos.com.br\/blog\/proibicao-concursos-cadastro-reserva-sao-paulo\/#primaryimage"},"image":{"@id":"https:\/\/www.estrategiaconcursos.com.br\/blog\/proibicao-concursos-cadastro-reserva-sao-paulo\/#primaryimage"},"thumbnailUrl":"https:\/\/dhg1h5j42swfq.cloudfront.net\/2021\/04\/14120721\/concursos-sp.jpg","datePublished":"2023-01-31T19:24:19+00:00","dateModified":"2023-01-31T19:36:23+00:00","description":"Foi aprovado o Projeto de Lei da proibi\u00e7\u00e3o de concursos somente para cadastro reserva no estado de S\u00e3o Paulo. Acesse e confira!","breadcrumb":{"@id":"https:\/\/www.estrategiaconcursos.com.br\/blog\/proibicao-concursos-cadastro-reserva-sao-paulo\/#breadcrumb"},"inLanguage":"pt-BR","potentialAction":[{"@type":"ReadAction","target":["https:\/\/www.estrategiaconcursos.com.br\/blog\/proibicao-concursos-cadastro-reserva-sao-paulo\/"]}]},{"@type":"ImageObject","inLanguage":"pt-BR","@id":"https:\/\/www.estrategiaconcursos.com.br\/blog\/proibicao-concursos-cadastro-reserva-sao-paulo\/#primaryimage","url":"https:\/\/dhg1h5j42swfq.cloudfront.net\/2021\/04\/14120721\/concursos-sp.jpg","contentUrl":"https:\/\/dhg1h5j42swfq.cloudfront.net\/2021\/04\/14120721\/concursos-sp.jpg","width":1200,"height":628,"caption":"Concurso EMCOP Rio Preto"},{"@type":"BreadcrumbList","@id":"https:\/\/www.estrategiaconcursos.com.br\/blog\/proibicao-concursos-cadastro-reserva-sao-paulo\/#breadcrumb","itemListElement":[{"@type":"ListItem","position":1,"name":"In\u00edcio","item":"https:\/\/www.estrategiaconcursos.com.br\/blog\/"},{"@type":"ListItem","position":2,"name":"Proibi\u00e7\u00e3o de concursos para cadastro reserva em S\u00e3o Paulo!"}]},{"@type":"WebSite","@id":"https:\/\/www.estrategiaconcursos.com.br\/blog\/#website","url":"https:\/\/www.estrategiaconcursos.com.br\/blog\/","name":"Estrat\u00e9gia Concursos","description":"O blog da Estrat\u00e9gia Concursos traz not\u00edcias sobre concursos e artigos de professores oferecendo cursos para concursos (pdf + videaulas) no site.","publisher":{"@id":"https:\/\/www.estrategiaconcursos.com.br\/blog\/#organization"},"potentialAction":[{"@type":"SearchAction","target":{"@type":"EntryPoint","urlTemplate":"https:\/\/www.estrategiaconcursos.com.br\/blog\/?s={search_term_string}"},"query-input":{"@type":"PropertyValueSpecification","valueRequired":true,"valueName":"search_term_string"}}],"inLanguage":"pt-BR"},{"@type":"Organization","@id":"https:\/\/www.estrategiaconcursos.com.br\/blog\/#organization","name":"Estrat\u00e9gia Concursos","url":"https:\/\/www.estrategiaconcursos.com.br\/blog\/","logo":{"@type":"ImageObject","inLanguage":"pt-BR","@id":"https:\/\/www.estrategiaconcursos.com.br\/blog\/#\/schema\/logo\/image\/","url":"https:\/\/dhg1h5j42swfq.cloudfront.net\/2025\/06\/03203428\/logo_concursos-1.jpg","contentUrl":"https:\/\/dhg1h5j42swfq.cloudfront.net\/2025\/06\/03203428\/logo_concursos-1.jpg","width":230,"height":60,"caption":"Estrat\u00e9gia Concursos"},"image":{"@id":"https:\/\/www.estrategiaconcursos.com.br\/blog\/#\/schema\/logo\/image\/"},"sameAs":["https:\/\/x.com\/EstratConcursos"]},{"@type":"Person","@id":"https:\/\/www.estrategiaconcursos.com.br\/blog\/#\/schema\/person\/4796f784535bea69338c17360e24ca86","name":"Lu\u00eds Henrique Koliski Taguchi","image":{"@type":"ImageObject","inLanguage":"pt-BR","@id":"https:\/\/secure.gravatar.com\/avatar\/cd45137551650332231b9b3d541d08c1f24718112f052488ba1ea66ad0f57c9c?s=96&d=mm&r=g","url":"https:\/\/secure.gravatar.com\/avatar\/cd45137551650332231b9b3d541d08c1f24718112f052488ba1ea66ad0f57c9c?s=96&d=mm&r=g","contentUrl":"https:\/\/secure.gravatar.com\/avatar\/cd45137551650332231b9b3d541d08c1f24718112f052488ba1ea66ad0f57c9c?s=96&d=mm&r=g","caption":"Lu\u00eds Henrique Koliski Taguchi"},"url":"https:\/\/www.estrategiaconcursos.com.br\/blog\/author\/luis-taguchiestrategia-com\/"}]}},"_links":{"self":[{"href":"https:\/\/www.estrategiaconcursos.com.br\/blog\/wp-json\/wp\/v2\/posts\/1162179","targetHints":{"allow":["GET"]}}],"collection":[{"href":"https:\/\/www.estrategiaconcursos.com.br\/blog\/wp-json\/wp\/v2\/posts"}],"about":[{"href":"https:\/\/www.estrategiaconcursos.com.br\/blog\/wp-json\/wp\/v2\/types\/post"}],"author":[{"embeddable":true,"href":"https:\/\/www.estrategiaconcursos.com.br\/blog\/wp-json\/wp\/v2\/users\/2496"}],"replies":[{"embeddable":true,"href":"https:\/\/www.estrategiaconcursos.com.br\/blog\/wp-json\/wp\/v2\/comments?post=1162179"}],"version-history":[{"count":7,"href":"https:\/\/www.estrategiaconcursos.com.br\/blog\/wp-json\/wp\/v2\/posts\/1162179\/revisions"}],"predecessor-version":[{"id":1162233,"href":"https:\/\/www.estrategiaconcursos.com.br\/blog\/wp-json\/wp\/v2\/posts\/1162179\/revisions\/1162233"}],"wp:featuredmedia":[{"embeddable":true,"href":"https:\/\/www.estrategiaconcursos.com.br\/blog\/wp-json\/wp\/v2\/media\/713947"}],"wp:attachment":[{"href":"https:\/\/www.estrategiaconcursos.com.br\/blog\/wp-json\/wp\/v2\/media?parent=1162179"}],"wp:term":[{"taxonomy":"category","embeddable":true,"href":"https:\/\/www.estrategiaconcursos.com.br\/blog\/wp-json\/wp\/v2\/categories?post=1162179"},{"taxonomy":"post_tag","embeddable":true,"href":"https:\/\/www.estrategiaconcursos.com.br\/blog\/wp-json\/wp\/v2\/tags?post=1162179"},{"taxonomy":"tax_estado","embeddable":true,"href":"https:\/\/www.estrategiaconcursos.com.br\/blog\/wp-json\/wp\/v2\/tax_estado?post=1162179"}],"curies":[{"name":"wp","href":"https:\/\/api.w.org\/{rel}","templated":true}]}}