{"id":1158357,"date":"2025-08-14T09:26:00","date_gmt":"2025-08-14T12:26:00","guid":{"rendered":"https:\/\/www.estrategiaconcursos.com.br\/blog\/?p=1158357"},"modified":"2025-10-27T11:44:02","modified_gmt":"2025-10-27T14:44:02","slug":"concurso-mp-pb","status":"publish","type":"post","link":"https:\/\/www.estrategiaconcursos.com.br\/blog\/concurso-mp-pb\/","title":{"rendered":"Concurso MP PB: novos promotores e servidores nomeados"},"content":{"rendered":"\n<p>Em janeiro de 2025, o procurador-geral de Justi\u00e7a, Ant\u00f4nio Hort\u00eancio Rocha Neto, nomeou mais oito promotores de Justi\u00e7a aprovados no XV Concurso P\u00fablico para ingresso na Carreira do <a href=\"https:\/\/www.estrategiaconcursos.com.br\/cursos\/concurso\/\" target=\"_blank\" rel=\"noreferrer noopener\">Minist\u00e9rio P\u00fablico da Para\u00edba<\/a> e mais 10 servidores aprovados no V Concurso P\u00fablico para Servidores do MPPB. <\/p>\n\n\n\n<p>O PGJ adiantou que, at\u00e9 o final do mandato (30 de agosto), pretende nomear o restante dos aprovados no concurso de promotor e os outros quatro t\u00e9cnicos que foram aprovados dentro do n\u00famero de vagas oferecidas no concurso para servidor, que foram 20 para t\u00e9cnico e uma para TI (j\u00e1 foram nomeados quatro para TI). <\/p>\n\n\n\n<p>Ademais, o certame <a href=\"https:\/\/www.mppb.mp.br\/index.php\/38-noticias\/procuradoria-geral\/24909-concurso-do-mppb-tem-34-1-mil-inscritos-provas-serao-aplicadas-em-21-de-maio\" target=\"_blank\" rel=\"noreferrer noopener\">registrou<\/a> o total de 34.174 inscri\u00e7\u00f5es. O cargo de maior procura ficou para t\u00e9cnico ministerial sem especialidade, com mais de 30 mil candidaturas.<\/p>\n\n\n\n<p>Foram ofertadas <strong>21 vagas<\/strong> imediatas divididas entre os cargos de <strong>T\u00e9cnico e Analista Ministerial<\/strong>, de n\u00edveis m\u00e9dio e superior de escolaridade, com sal\u00e1rios iniciais s\u00e3o entre R$ 7.037,18 e R$ 8.165,44!<\/p>\n\n\n\n<p>Confira mais detalhes no artigo!<\/p>\n\n\n\n<ul class=\"wp-block-list has-very-light-gray-to-cyan-bluish-gray-gradient-background has-background\">\n<li><strong>Concurso MP PB <\/strong>&#8211; <strong>Servidores <\/strong><\/li>\n\n\n\n<li><strong>Status:<\/strong> aprovados nomeados<\/li>\n\n\n\n<li><strong>Banca:<\/strong> <a href=\"https:\/\/www.concursosfcc.com.br\/concursos\/mpepb123\/index.html\" target=\"_blank\" rel=\"noreferrer noopener\">FCC<\/a><\/li>\n\n\n\n<li><strong>Vagas:<\/strong> 21 + CR<\/li>\n\n\n\n<li><strong>Escolaridade<\/strong>: m\u00e9dio e superior<\/li>\n\n\n\n<li><strong>Sal\u00e1rio inicial:<\/strong> de R$ 7.037,18 a R$ 8.165,44<\/li>\n\n\n\n<li><strong>Edital:<\/strong> <a href=\"https:\/\/dhg1h5j42swfq.cloudfront.net\/2023\/02\/24061141\/diariooficialmppb-2023-02-23-61-85-1-1.pdf\" target=\"_blank\" rel=\"noreferrer noopener nofollow\">MP PB 2023<\/a> \/ <a href=\"https:\/\/dhg1h5j42swfq.cloudfront.net\/2023\/03\/30141725\/diariooficialmppb-2023-03-29.pdf\" target=\"_blank\" rel=\"noreferrer noopener nofollow\">Retifica\u00e7\u00e3o vagas<\/a><\/li>\n<\/ul>\n\n\n\n<p>Acompanhe os t\u00f3picos abaixo e n\u00e3o perca nenhum detalhe sobre a nova sele\u00e7\u00e3o do <strong>MP PB!<\/strong><\/p>\n\n\n\n<ul class=\"wp-block-list\">\n<li><a href=\"#informa\u00e7\u00f5es\">Informa\u00e7\u00f5es<\/a>\n<ul class=\"wp-block-list\">\n<li><a href=\"#ldo-2026\">LDO 2026<\/a><\/li>\n\n\n\n<li><a href=\"#h-resultados\">Resultados<\/a><\/li>\n<\/ul>\n<\/li>\n\n\n\n<li><a href=\"#vagas\">Cargos e vagas<\/a> <\/li>\n\n\n\n<li><a href=\"#requisitos\">Requisitos<\/a><\/li>\n\n\n\n<li><a href=\"#atribui\u00e7\u00f5es\">Atribui\u00e7\u00f5es<\/a><\/li>\n\n\n\n<li><a href=\"#etapas\">Etapas e provas <\/a>\n<ul class=\"wp-block-list\">\n<li><a href=\"#objetiva\">Prova objetiva<\/a><\/li>\n<\/ul>\n<\/li>\n\n\n\n<li><a href=\"#estrutura\">Estrutura remunerat\u00f3ria<\/a><\/li>\n\n\n\n<li><a href=\"#cargos-vagos\">Cargos vagos<\/a><\/li>\n\n\n\n<li><a href=\"#\u00faltimo-concurso\">\u00daltimo concurso<\/a>\n<ul class=\"wp-block-list\">\n<li><a href=\"#cargos-e-vagas-\u00faltimo-edital\">Cargos e vagas<\/a><\/li>\n\n\n\n<li><a href=\"#sal\u00e1rios-ofertados\">Sal\u00e1rios<\/a><\/li>\n\n\n\n<li><a href=\"#etapas-e-provas-\u00faltimo-edital\">Etapas e provas<\/a><\/li>\n\n\n\n<li><a href=\"#inscritos-e-nomea\u00e7\u00f5es-\u00faltimo-edital\">Inscritos e nomea\u00e7\u00f5es<\/a><\/li>\n<\/ul>\n<\/li>\n\n\n\n<li><a href=\"#cursos-assinatura\">Cursos e assinaturas<\/a><\/li>\n\n\n\n<li><a href=\"#ficha\">Ficha t\u00e9cnica<\/a><\/li>\n<\/ul>\n\n\n\n<div class=\"container\" id=\"boxes\">\n  <div class=\"row\">\n\n    <div class=\"col-sm\">\n      <div class=\"banner-estrategia\" id=\"box-assinatura\">\n        <h3 class=\"titulo-assinatura\">Cursos para MP PB<\/h3>\n        <p class=\"subtitulo-assinatura\">Conhe\u00e7a os cursos<\/p>\n        <div class=\"box-botao\">\n          <a class=\"btn-assinatura\" target=\"_blank\" href=\"https:\/\/www.estrategiaconcursos.com.br\/cursosPorConcurso\/ministerio-publico-da-paraiba-mp-pb-2015-380\/\" role=\"button\" rel=\"noopener noreferrer\">Conhe\u00e7a mais<\/a>\n        <\/div>\n      <\/div>\n     \n    <\/div>\n\n  <\/div>\n<\/div>\n\n\n\n<h2 class=\"wp-block-heading\" id=\"informa\u00e7\u00f5es\">Concurso MP PB: situa\u00e7\u00e3o atual<\/h2>\n\n\n\n<h3 class=\"wp-block-heading\" id=\"h-ldo-2026\">LDO 2026<\/h3>\n\n\n\n<p>A <a href=\"https:\/\/www.estrategiaconcursos.com.br\/blog\/concursos-pb-ldo-2026\/\">Lei Or\u00e7ament\u00e1ria (LDO)<\/a> para o exerc\u00edcio de&nbsp;2026 foi publicada no Di\u00e1rio Oficial do Estado da Para\u00edba do dia 14 de agosto de 2025! Est\u00e3o previstos novos concursos p\u00fablicos em diversas \u00e1reas, al\u00e9m de convoca\u00e7\u00f5es em \u00f3rg\u00e3os que ainda possuem editais vigentes. Dentre eles, o Minist\u00e9rio P\u00fablico do Estado da Para\u00edba \u2013 MP PB. <\/p>\n\n\n\n<h3 class=\"wp-block-heading\" id=\"h-resultados\">Resultados<\/h3>\n\n\n\n<p>Est\u00e3o dispon\u00edveis os <strong>resultados finais do concurso MP PB<\/strong> para todos os cargos, confira:<\/p>\n\n\n\n<ul class=\"wp-block-list\">\n<li><a href=\"https:\/\/dhg1h5j42swfq.cloudfront.net\/2025\/01\/22210519\/mpepb123_aprovados_desempate.pdf\" target=\"_blank\" rel=\"noreferrer noopener\">Resultado final<\/a>.<\/li>\n<\/ul>\n\n\n\n<h2 class=\"wp-block-heading\" id=\"vagas\">Concurso MP PB: cargos e vagas<\/h2>\n\n\n\n<p>Conforme o edital publicado, a sele\u00e7\u00e3o oferta vagas imediatas e em cadastro de reserva, distribu\u00eddas da seguinte forma:<\/p>\n\n\n\n<h3 class=\"wp-block-heading\">N\u00edvel m\u00e9dio<\/h3>\n\n\n\n<figure class=\"wp-block-table is-style-stripes\"><table class=\"has-white-background-color has-background\"><tbody><tr><td class=\"has-text-align-center\" data-align=\"center\"><strong>Cargos<\/strong><\/td><td class=\"has-text-align-center\" data-align=\"center\"><strong>Vagas<\/strong><\/td><td class=\"has-text-align-center\" data-align=\"center\"><strong>Sal\u00e1rios<\/strong><\/td><\/tr><tr><td class=\"has-text-align-center\" data-align=\"center\"><a href=\"https:\/\/www.estrategiaconcursos.com.br\/curso\/mp-pb-tecnico-ministerial-sem-especialidade-pacote-2023-pos-edital\/\" target=\"_blank\" rel=\"noreferrer noopener\">T\u00e9cnico Ministerial: sem especialidade<\/a><\/td><td class=\"has-text-align-center\" data-align=\"center\">20 + CR<\/td><td class=\"has-text-align-center\" data-align=\"center\">R$ 7.037,18<\/td><\/tr><\/tbody><\/table><figcaption class=\"wp-element-caption\">Distribui\u00e7\u00e3o das vagas e cargos para n\u00edvel m\u00e9dio<\/figcaption><\/figure>\n\n\n\n<h3 class=\"wp-block-heading\">N\u00edvel superior<\/h3>\n\n\n\n<figure class=\"wp-block-table is-style-stripes\"><table class=\"has-white-background-color has-background\"><tbody><tr><td class=\"has-text-align-center\" data-align=\"center\"><strong>Cargos<\/strong><\/td><td class=\"has-text-align-center\" data-align=\"center\"><strong>Vagas<\/strong><\/td><td class=\"has-text-align-center\" data-align=\"center\"><strong>Sal\u00e1rios<\/strong><\/td><\/tr><tr><td class=\"has-text-align-center\" data-align=\"center\">Analista Ministerial: Analista de Sistemas &#8211; Administrador de Banco de Dados&nbsp;<\/td><td class=\"has-text-align-center\" data-align=\"center\">CR<\/td><td class=\"has-text-align-center\" data-align=\"center\">R$ 8.165,44<\/td><\/tr><tr><td class=\"has-text-align-center\" data-align=\"center\">Analista Ministerial: Analista de Sistemas &#8211; Desenvolvedor&nbsp;<\/td><td class=\"has-text-align-center\" data-align=\"center\">01 + CR<\/td><td class=\"has-text-align-center\" data-align=\"center\">R$ 8.165,44<\/td><\/tr><tr><td class=\"has-text-align-center\" data-align=\"center\"><a href=\"https:\/\/www.estrategiaconcursos.com.br\/curso\/03-mp-pb-analista-ministerial-assistencia-social-pacote-2023-pos-edital\/\" target=\"_blank\" rel=\"noreferrer noopener\">Analista Ministerial: Assistente Social<\/a><\/td><td class=\"has-text-align-center\" data-align=\"center\">CR<\/td><td class=\"has-text-align-center\" data-align=\"center\">R$ 8.165,44<\/td><\/tr><tr><td class=\"has-text-align-center\" data-align=\"center\">Analista Ministerial: Psicologia<\/td><td class=\"has-text-align-center\" data-align=\"center\">CR<\/td><td class=\"has-text-align-center\" data-align=\"center\">R$ 8.165,44<\/td><\/tr><\/tbody><\/table><figcaption class=\"wp-element-caption\">Distribui\u00e7\u00e3o das vagas e cargos para n\u00edvel superior<\/figcaption><\/figure>\n\n\n\n<h3 class=\"wp-block-heading\" id=\"requisitos\">Requisitos<\/h3>\n\n\n\n<ul class=\"wp-block-list\">\n<li><strong>Analista Ministerial: Analista de Sistemas<\/strong> <strong>&#8211; Administrador de Banco de Dados:<\/strong> Diploma, devidamente registrado, do curso de n\u00edvel superior na \u00e1rea de tecnologia da informa\u00e7\u00e3o, fornecido por institui\u00e7\u00e3o de ensino superior reconhecida pelo Minist\u00e9rio da Educa\u00e7\u00e3o;<\/li>\n\n\n\n<li><strong>Analista Ministerial: Analista de Sistemas &#8211; Desenvolvedor:<\/strong> Diploma, devidamente registrado, do curso de n\u00edvel superior na \u00e1rea de tecnologia da informa\u00e7\u00e3o, fornecido por institui\u00e7\u00e3o de ensino superior reconhecida pelo Minist\u00e9rio da Educa\u00e7\u00e3o;<\/li>\n\n\n\n<li><strong>Analista Ministerial: Assistente Social:<\/strong> Diploma, devidamente registrado, do curso de n\u00edvel superior em Servi\u00e7o Social, fornecido por institui\u00e7\u00e3o de ensino superior reconhecida pelo Minist\u00e9rio da Educa\u00e7\u00e3o;<\/li>\n\n\n\n<li><strong>Analista Ministerial: Psicologia:<\/strong> Diploma, devidamente registrado, do curso de n\u00edvel superior em Psicologia, fornecido por institui\u00e7\u00e3o de ensino superior reconhecida pelo Minist\u00e9rio da Educa\u00e7\u00e3o;<\/li>\n\n\n\n<li><strong>T\u00e9cnico Ministerial<\/strong>: Certificado de conclus\u00e3o de ensino m\u00e9dio expedido por institui\u00e7\u00e3o reconhecida pelo respectivo sistema de ensino.<\/li>\n<\/ul>\n\n\n\n<h3 class=\"wp-block-heading\" id=\"atribui\u00e7\u00f5es\">Atribui\u00e7\u00f5es<\/h3>\n\n\n\n<ul class=\"wp-block-list\">\n<li><strong>Analista Ministerial: Analista de Sistemas<\/strong> <strong>&#8211; Administrador de Banco de Dados:<\/strong> Pr\u00e1tica de atos que subsidiem os \u00f3rg\u00e3os da Institui\u00e7\u00e3o na tomada de decis\u00f5es, incluindo a labora\u00e7\u00e3o e assinatura de relat\u00f3rios, estudos, pareceres e outros atos inerentes a tal atividade, a pr\u00e1tica de atos de cart\u00f3rio e de secretaria nos \u00f3rg\u00e3os da Institui\u00e7\u00e3o, abrangendo o registro, distribui\u00e7\u00e3o e tramita\u00e7\u00e3o de processos e procedimentos, digita\u00e7\u00e3o de audi\u00eancias e outros atos realizados nos respectivos \u00f3rg\u00e3os, reda\u00e7\u00e3o de of\u00edcios, notifica\u00e7\u00f5es e demais documentos inerentes a tal atividade; especificamente, a pr\u00e1tica de atos inerentes \u00e0 especialidade exigida para o ingresso no cargo.<\/li>\n\n\n\n<li><strong>Analista Ministerial: Analista de Sistemas &#8211; Desenvolvedor:<\/strong> Pr\u00e1tica de atos que subsidiem os \u00f3rg\u00e3os da Institui\u00e7\u00e3o na tomada de decis\u00f5es, incluindo a elabora\u00e7\u00e3o e assinatura de relat\u00f3rios, estudos, pareceres e outros atos inerentes a tal atividade, a pr\u00e1tica de atos de cart\u00f3rio e de secretaria nos \u00f3rg\u00e3os da Institui\u00e7\u00e3o, abrangendo o registro, distribui\u00e7\u00e3o e tramita\u00e7\u00e3o de processos e procedimentos, digita\u00e7\u00e3o de audi\u00eancias e outros atos realizados nos respectivos \u00f3rg\u00e3os, reda\u00e7\u00e3o de of\u00edcios, notifica\u00e7\u00f5es e demais documentos inerentes a tal atividade; especificamente, a pr\u00e1tica de atos inerentes \u00e0 especialidade exigida para o ingresso no cargo.<\/li>\n\n\n\n<li><strong>Analista Ministerial: Assistente Social:<\/strong> Pr\u00e1tica de atos que subsidiem os \u00f3rg\u00e3os da Institui\u00e7\u00e3o na tomada de decis\u00f5es, incluindo a elabora\u00e7\u00e3o e assinatura de relat\u00f3rios, estudos, pareceres e outros atos inerentes a tal atividade, a pr\u00e1tica de atos de cart\u00f3rio e de secretaria nos \u00f3rg\u00e3os da Institui\u00e7\u00e3o, abrangendo o registro, distribui\u00e7\u00e3o e tramita\u00e7\u00e3o de processos e procedimentos, digita\u00e7\u00e3o de audi\u00eancias e outros atos realizados nos respectivos \u00f3rg\u00e3os, reda\u00e7\u00e3o de of\u00edcios, notifica\u00e7\u00f5es e demais documentos inerentes a tal atividade; especificamente, a pr\u00e1tica de atos inerentes \u00e0 especialidade exigida para o ingresso no cargo.<\/li>\n\n\n\n<li><strong>Analista Ministerial: Psicologia:<\/strong> Pr\u00e1tica de atos que subsidiem os \u00f3rg\u00e3os da Institui\u00e7\u00e3o na tomada de decis\u00f5es, incluindo a elabora\u00e7\u00e3o e assinatura de relat\u00f3rios, estudos, pareceres e outros atos inerentes a tal atividade, a pr\u00e1tica de atos de cart\u00f3rio e de secretaria nos \u00f3rg\u00e3os da Institui\u00e7\u00e3o, abrangendo o registro, distribui\u00e7\u00e3o e tramita\u00e7\u00e3o de processos e procedimentos, digita\u00e7\u00e3o de audi\u00eancias e outros atos realizados nos respectivos \u00f3rg\u00e3os, reda\u00e7\u00e3o de of\u00edcios, notifica\u00e7\u00f5es e demais documentos inerentes a tal atividade; especificamente, a pr\u00e1tica de atos inerentes \u00e0 especialidade exigida para o ingresso no cargo.<\/li>\n\n\n\n<li><strong>T\u00e9cnico Ministerial<\/strong>: Pr\u00e1tica de atos de suporte aos \u00f3rg\u00e3os da Institui\u00e7\u00e3o na tomada de decis\u00f5es, incluindo a elabora\u00e7\u00e3o de minutas de relat\u00f3rio, estudos e pareceres e outros atos inerentes a tal atividade, pr\u00e1tica de atos de cart\u00f3rio e de secretaria nos \u00f3rg\u00e3os de Institui\u00e7\u00e3o, abrangendo o registro, distribui\u00e7\u00e3o e tramita\u00e7\u00e3o de processos e procedimentos, digita\u00e7\u00e3o de audi\u00eancias e outros atos realizados nos respectivos \u00f3rg\u00e3os, reda\u00e7\u00e3o de of\u00edcios, notifica\u00e7\u00f5es e demais documentos inerentes e tal atividade; especificamente, atos inerentes \u00e0 especialidade exigida para o ingresso no cargo.<\/li>\n<\/ul>\n\n\n\n<h3 class=\"wp-block-heading\" id=\"etapas\">Etapas e provas<\/h3>\n\n\n\n<p>O concurso MP PB foi composto por <strong>etapa \u00fanica de prova Prova objetiva<\/strong>, de car\u00e1ter eliminat\u00f3rio e classificat\u00f3rio, para todos os cargos.<\/p>\n\n\n\n<p>A prova objetiva foi aplicada dia 21 de maio de 2023, na cidade de Jo\u00e3o Pessoa\/PB, com 03 horas de dura\u00e7\u00e3o, nos seguintes per\u00edodos:<\/p>\n\n\n\n<ul class=\"wp-block-list\">\n<li><strong>Turno da manh\u00e3:<\/strong> para o cargo de T\u00e9cnico Ministerial;<\/li>\n\n\n\n<li><strong>Turno da tarde:<\/strong> para o cargo de Analista Ministerial.<\/li>\n<\/ul>\n\n\n\n<h4 class=\"wp-block-heading\" id=\"objetiva\">Provas Objetivas<\/h4>\n\n\n\n<p>A prova objetiva foi composta por 60 quest\u00f5es de m\u00faltipla escolha, com 05 alternativas e apenas 1 (uma) correta. A etapa versar\u00e1 sobre as seguintes disciplinas:<\/p>\n\n\n\n<ul class=\"wp-block-list\">\n<li><strong>Conhecimentos gerais (20 quest\u00f5es)<\/strong>\n<ul class=\"wp-block-list\">\n<li>L\u00edngua Portuguesa;<\/li>\n\n\n\n<li>Legisla\u00e7\u00e3o Espec\u00edfica aplicada ao Minist\u00e9rio P\u00fablico da Para\u00edba.<\/li>\n<\/ul>\n<\/li>\n\n\n\n<li><strong>Conhecimentos espec\u00edficos (40 quest\u00f5es)<\/strong><\/li>\n<\/ul>\n\n\n\n<h2 class=\"wp-block-heading\" id=\"estrutura\">Concurso MP PB: estrutura remunerat\u00f3ria <\/h2>\n\n\n\n<h3 class=\"wp-block-heading\">Analista Ministerial <\/h3>\n\n\n\n<figure class=\"wp-block-table is-style-stripes\"><table><thead><tr><th class=\"has-text-align-center\" data-align=\"center\">CARGO<\/th><th class=\"has-text-align-center\" data-align=\"center\">CLASSIFICA\u00c7\u00c3O<\/th><th class=\"has-text-align-center\" data-align=\"center\">VALOR ATUAL<\/th><\/tr><\/thead><tbody><tr><td class=\"has-text-align-center\" data-align=\"center\">ANALISTA MINISTERIAL<\/td><td class=\"has-text-align-center\" data-align=\"center\">A<\/td><td class=\"has-text-align-center\" data-align=\"center\">5,835.17<\/td><\/tr><tr><td class=\"has-text-align-center\" data-align=\"center\">ANALISTA MINISTERIAL<\/td><td class=\"has-text-align-center\" data-align=\"center\">B1<\/td><td class=\"has-text-align-center\" data-align=\"center\">6,053.99<\/td><\/tr><tr><td class=\"has-text-align-center\" data-align=\"center\">ANALISTA MINISTERIAL<\/td><td class=\"has-text-align-center\" data-align=\"center\">B2<\/td><td class=\"has-text-align-center\" data-align=\"center\">6,281.03<\/td><\/tr><tr><td class=\"has-text-align-center\" data-align=\"center\">ANALISTA MINISTERIAL<\/td><td class=\"has-text-align-center\" data-align=\"center\">B3<\/td><td class=\"has-text-align-center\" data-align=\"center\">6,516.56<\/td><\/tr><tr><td class=\"has-text-align-center\" data-align=\"center\">ANALISTA MINISTERIAL<\/td><td class=\"has-text-align-center\" data-align=\"center\">C1<\/td><td class=\"has-text-align-center\" data-align=\"center\">6,842.38<\/td><\/tr><tr><td class=\"has-text-align-center\" data-align=\"center\">ANALISTA MINISTERIAL<\/td><td class=\"has-text-align-center\" data-align=\"center\">C2<\/td><td class=\"has-text-align-center\" data-align=\"center\">7,098.97<\/td><\/tr><tr><td class=\"has-text-align-center\" data-align=\"center\">ANALISTA MINISTERIAL<\/td><td class=\"has-text-align-center\" data-align=\"center\">C3<\/td><td class=\"has-text-align-center\" data-align=\"center\">7,365.19<\/td><\/tr><tr><td class=\"has-text-align-center\" data-align=\"center\">ANALISTA MINISTERIAL<\/td><td class=\"has-text-align-center\" data-align=\"center\">D1<\/td><td class=\"has-text-align-center\" data-align=\"center\">8,396.31<\/td><\/tr><tr><td class=\"has-text-align-center\" data-align=\"center\">ANALISTA MINISTERIAL<\/td><td class=\"has-text-align-center\" data-align=\"center\">D2<\/td><td class=\"has-text-align-center\" data-align=\"center\">8,711.17<\/td><\/tr><tr><td class=\"has-text-align-center\" data-align=\"center\">ANALISTA MINISTERIAL<\/td><td class=\"has-text-align-center\" data-align=\"center\">D3<\/td><td class=\"has-text-align-center\" data-align=\"center\">9,037.83<\/td><\/tr><tr><td class=\"has-text-align-center\" data-align=\"center\">ANALISTA MINISTERIAL<\/td><td class=\"has-text-align-center\" data-align=\"center\">E1<\/td><td class=\"has-text-align-center\" data-align=\"center\">9,760.87<\/td><\/tr><tr><td class=\"has-text-align-center\" data-align=\"center\">ANALISTA MINISTERIAL<\/td><td class=\"has-text-align-center\" data-align=\"center\">E2<\/td><td class=\"has-text-align-center\" data-align=\"center\">10,126.90<\/td><\/tr><tr><td class=\"has-text-align-center\" data-align=\"center\">ANALISTA MINISTERIAL<\/td><td class=\"has-text-align-center\" data-align=\"center\">E3<\/td><td class=\"has-text-align-center\" data-align=\"center\">10,506.66<\/td><\/tr><tr><td class=\"has-text-align-center\" data-align=\"center\">ANALISTA MINISTERIAL<\/td><td class=\"has-text-align-center\" data-align=\"center\">F<\/td><td class=\"has-text-align-center\" data-align=\"center\">11,347.19<\/td><\/tr><\/tbody><\/table><figcaption class=\"wp-element-caption\">Fonte: Recursos Humanos MP PB<\/figcaption><\/figure>\n\n\n\n<h3 class=\"wp-block-heading\">T\u00e9cnico Ministerial<\/h3>\n\n\n\n<figure class=\"wp-block-table is-style-stripes\"><table><thead><tr><th class=\"has-text-align-center\" data-align=\"center\">CARGO<\/th><th class=\"has-text-align-center\" data-align=\"center\">CLASSIFICA\u00c7\u00c3O<\/th><th class=\"has-text-align-center\" data-align=\"center\">VALOR ATUAL<\/th><\/tr><\/thead><tbody><tr><td class=\"has-text-align-center\" data-align=\"center\">TECNICO MINISTERIAL<\/td><td class=\"has-text-align-center\" data-align=\"center\">A<\/td><td class=\"has-text-align-center\" data-align=\"center\">4,798.16<\/td><\/tr><tr><td class=\"has-text-align-center\" data-align=\"center\">TECNICO MINISTERIAL<\/td><td class=\"has-text-align-center\" data-align=\"center\">B1<\/td><td class=\"has-text-align-center\" data-align=\"center\">4,978.09<\/td><\/tr><tr><td class=\"has-text-align-center\" data-align=\"center\">TECNICO MINISTERIAL<\/td><td class=\"has-text-align-center\" data-align=\"center\">B2<\/td><td class=\"has-text-align-center\" data-align=\"center\">5,164.76<\/td><\/tr><tr><td class=\"has-text-align-center\" data-align=\"center\">TECNICO MINISTERIAL<\/td><td class=\"has-text-align-center\" data-align=\"center\">B3<\/td><td class=\"has-text-align-center\" data-align=\"center\">5,358.45<\/td><\/tr><tr><td class=\"has-text-align-center\" data-align=\"center\">TECNICO MINISTERIAL<\/td><td class=\"has-text-align-center\" data-align=\"center\">C1<\/td><td class=\"has-text-align-center\" data-align=\"center\">5,626.37<\/td><\/tr><tr><td class=\"has-text-align-center\" data-align=\"center\">TECNICO MINISTERIAL<\/td><td class=\"has-text-align-center\" data-align=\"center\">C2<\/td><td class=\"has-text-align-center\" data-align=\"center\">5,837.36<\/td><\/tr><tr><td class=\"has-text-align-center\" data-align=\"center\">TECNICO MINISTERIAL<\/td><td class=\"has-text-align-center\" data-align=\"center\">C3<\/td><td class=\"has-text-align-center\" data-align=\"center\">6,056.26<\/td><\/tr><tr><td class=\"has-text-align-center\" data-align=\"center\">TECNICO MINISTERIAL<\/td><td class=\"has-text-align-center\" data-align=\"center\">D1<\/td><td class=\"has-text-align-center\" data-align=\"center\">6,904.14<\/td><\/tr><tr><td class=\"has-text-align-center\" data-align=\"center\">TECNICO MINISTERIAL<\/td><td class=\"has-text-align-center\" data-align=\"center\">D2<\/td><td class=\"has-text-align-center\" data-align=\"center\">7,163.05<\/td><\/tr><tr><td class=\"has-text-align-center\" data-align=\"center\">TECNICO MINISTERIAL<\/td><td class=\"has-text-align-center\" data-align=\"center\">D3<\/td><td class=\"has-text-align-center\" data-align=\"center\">7,431.65<\/td><\/tr><tr><td class=\"has-text-align-center\" data-align=\"center\">TECNICO MINISTERIAL<\/td><td class=\"has-text-align-center\" data-align=\"center\">E1<\/td><td class=\"has-text-align-center\" data-align=\"center\">8,026.20<\/td><\/tr><tr><td class=\"has-text-align-center\" data-align=\"center\">TECNICO MINISTERIAL<\/td><td class=\"has-text-align-center\" data-align=\"center\">E2<\/td><td class=\"has-text-align-center\" data-align=\"center\">8,327.18<\/td><\/tr><tr><td class=\"has-text-align-center\" data-align=\"center\">TECNICO MINISTERIAL<\/td><td class=\"has-text-align-center\" data-align=\"center\">E3<\/td><td class=\"has-text-align-center\" data-align=\"center\">8,639.44<\/td><\/tr><tr><td class=\"has-text-align-center\" data-align=\"center\">TECNICO MINISTERIAL<\/td><td class=\"has-text-align-center\" data-align=\"center\">F<\/td><td class=\"has-text-align-center\" data-align=\"center\">9,521.59<\/td><\/tr><\/tbody><\/table><figcaption class=\"wp-element-caption\">Fonte: Recursos Humanos MP PB<\/figcaption><\/figure>\n\n\n\n<h3 class=\"wp-block-heading\">T\u00e9cnico Ministerial Apoio Administrativo<\/h3>\n\n\n\n<figure class=\"wp-block-table is-style-stripes\"><table><thead><tr><th class=\"has-text-align-center\" data-align=\"center\">CARGO<\/th><th class=\"has-text-align-center\" data-align=\"center\">CLASSIFICA\u00c7\u00c3O<\/th><th class=\"has-text-align-center\" data-align=\"center\">VALOR ATUAL<\/th><\/tr><\/thead><tbody><tr><td class=\"has-text-align-center\" data-align=\"center\">TEC. MINIST.DELIG.APOIO ADMINIST<\/td><td class=\"has-text-align-center\" data-align=\"center\">A<\/td><td class=\"has-text-align-center\" data-align=\"center\">4,798.16<\/td><\/tr><tr><td class=\"has-text-align-center\" data-align=\"center\">TEC. MINIST.DELIG.APOIO ADMINIST<\/td><td class=\"has-text-align-center\" data-align=\"center\">B1<\/td><td class=\"has-text-align-center\" data-align=\"center\">4,978.09<\/td><\/tr><tr><td class=\"has-text-align-center\" data-align=\"center\">TEC. MINIST.DELIG.APOIO ADMINIST<\/td><td class=\"has-text-align-center\" data-align=\"center\">B2<\/td><td class=\"has-text-align-center\" data-align=\"center\">5,164.76<\/td><\/tr><tr><td class=\"has-text-align-center\" data-align=\"center\">TEC. MINIST.DELIG.APOIO ADMINIST<\/td><td class=\"has-text-align-center\" data-align=\"center\">B3<\/td><td class=\"has-text-align-center\" data-align=\"center\">5,358.45<\/td><\/tr><tr><td class=\"has-text-align-center\" data-align=\"center\">TEC. MINIST.DELIG.APOIO ADMINIST<\/td><td class=\"has-text-align-center\" data-align=\"center\">C1<\/td><td class=\"has-text-align-center\" data-align=\"center\">5,626.37<\/td><\/tr><tr><td class=\"has-text-align-center\" data-align=\"center\">TEC. MINIST.DELIG.APOIO ADMINIST<\/td><td class=\"has-text-align-center\" data-align=\"center\">C2<\/td><td class=\"has-text-align-center\" data-align=\"center\">5,837.36<\/td><\/tr><tr><td class=\"has-text-align-center\" data-align=\"center\">TEC. MINIST.DELIG.APOIO ADMINIST<\/td><td class=\"has-text-align-center\" data-align=\"center\">C3<\/td><td class=\"has-text-align-center\" data-align=\"center\">6,056.26<\/td><\/tr><tr><td class=\"has-text-align-center\" data-align=\"center\">TEC. MINIST.DELIG.APOIO ADMINIST<\/td><td class=\"has-text-align-center\" data-align=\"center\">D1<\/td><td class=\"has-text-align-center\" data-align=\"center\">6,904.14<\/td><\/tr><tr><td class=\"has-text-align-center\" data-align=\"center\">TEC. MINIST.DELIG.APOIO ADMINIST<\/td><td class=\"has-text-align-center\" data-align=\"center\">D2<\/td><td class=\"has-text-align-center\" data-align=\"center\">7,163.05<\/td><\/tr><tr><td class=\"has-text-align-center\" data-align=\"center\">TEC. MINIST.DELIG.APOIO ADMINIST<\/td><td class=\"has-text-align-center\" data-align=\"center\">D3<\/td><td class=\"has-text-align-center\" data-align=\"center\">7,431.65<\/td><\/tr><tr><td class=\"has-text-align-center\" data-align=\"center\">TEC. MINIST.DELIG.APOIO ADMINIST<\/td><td class=\"has-text-align-center\" data-align=\"center\">E1<\/td><td class=\"has-text-align-center\" data-align=\"center\">8,026.20<\/td><\/tr><tr><td class=\"has-text-align-center\" data-align=\"center\">TEC. MINIST.DELIG.APOIO ADMINIST<\/td><td class=\"has-text-align-center\" data-align=\"center\">E2<\/td><td class=\"has-text-align-center\" data-align=\"center\">8,327.18<\/td><\/tr><tr><td class=\"has-text-align-center\" data-align=\"center\">TEC. MINIST.DELIG.APOIO ADMINIST<\/td><td class=\"has-text-align-center\" data-align=\"center\">E3<\/td><td class=\"has-text-align-center\" data-align=\"center\">8,639.44<\/td><\/tr><tr><td class=\"has-text-align-center\" data-align=\"center\">TEC. MINIST.DELIG.APOIO ADMINIST<\/td><td class=\"has-text-align-center\" data-align=\"center\">F<\/td><td class=\"has-text-align-center\" data-align=\"center\">9,521.59<\/td><\/tr><\/tbody><\/table><figcaption class=\"wp-element-caption\">Fonte: Recursos Humanos MP PB<\/figcaption><\/figure>\n\n\n\n<h2 class=\"wp-block-heading\" id=\"cargos-vagos\">Concurso MP PB: cargos vagos<\/h2>\n\n\n\n<p>Segundo os dados apresentado pelo Setor de Recursos Humanos do MP PB em janeiro de 2023, o quadro de servidores seguia com os seguintes n\u00fameros:<\/p>\n\n\n\n<figure class=\"wp-block-table is-style-stripes\"><table><tbody><tr><td class=\"has-text-align-center\" data-align=\"center\"><strong>Cargo e Especialidade<\/strong><\/td><td class=\"has-text-align-center\" data-align=\"center\"><strong>Existentes<\/strong><\/td><td class=\"has-text-align-center\" data-align=\"center\"><strong>Ocupados <\/strong><\/td><td class=\"has-text-align-center\" data-align=\"center\"><strong>Vagos<\/strong><\/td><\/tr><tr><td class=\"has-text-align-center\" data-align=\"center\">Analista Ministerial \u2013 Sem especialidade*<\/td><td class=\"has-text-align-center\" data-align=\"center\">17<\/td><td class=\"has-text-align-center\" data-align=\"center\">17<\/td><td class=\"has-text-align-center\" data-align=\"center\">0<\/td><\/tr><tr><td class=\"has-text-align-center\" data-align=\"center\">Analista Ministerial \u2013 Assist\u00eancia Jur\u00eddica<\/td><td class=\"has-text-align-center\" data-align=\"center\">20<\/td><td class=\"has-text-align-center\" data-align=\"center\">20<\/td><td class=\"has-text-align-center\" data-align=\"center\">0<\/td><\/tr><tr><td class=\"has-text-align-center\" data-align=\"center\">Analista Ministerial \u2013 Assist\u00eancia Social<\/td><td class=\"has-text-align-center\" data-align=\"center\">10<\/td><td class=\"has-text-align-center\" data-align=\"center\">10<\/td><td class=\"has-text-align-center\" data-align=\"center\">0<\/td><\/tr><tr><td class=\"has-text-align-center\" data-align=\"center\">Analista Ministerial \u2013 Psicologia<\/td><td class=\"has-text-align-center\" data-align=\"center\">3<\/td><td class=\"has-text-align-center\" data-align=\"center\">1<\/td><td class=\"has-text-align-center\" data-align=\"center\">2<\/td><\/tr><tr><td class=\"has-text-align-center\" data-align=\"center\">Analista Ministerial \u2013 Medicina<\/td><td class=\"has-text-align-center\" data-align=\"center\">3<\/td><td class=\"has-text-align-center\" data-align=\"center\">3<\/td><td class=\"has-text-align-center\" data-align=\"center\">0<\/td><\/tr><tr><td class=\"has-text-align-center\" data-align=\"center\">Analista Ministerial \u2013 Odontologia<\/td><td class=\"has-text-align-center\" data-align=\"center\">4<\/td><td class=\"has-text-align-center\" data-align=\"center\">4<\/td><td class=\"has-text-align-center\" data-align=\"center\">0<\/td><\/tr><tr><td class=\"has-text-align-center\" data-align=\"center\">Analista Ministerial \u2013 Auditor de Contas P\u00fablicas<\/td><td class=\"has-text-align-center\" data-align=\"center\">6<\/td><td class=\"has-text-align-center\" data-align=\"center\">3<\/td><td class=\"has-text-align-center\" data-align=\"center\">3<\/td><\/tr><tr><td class=\"has-text-align-center\" data-align=\"center\">Analista Ministerial \u2013 Contabilidade<\/td><td class=\"has-text-align-center\" data-align=\"center\">8<\/td><td class=\"has-text-align-center\" data-align=\"center\">8<\/td><td class=\"has-text-align-center\" data-align=\"center\">0<\/td><\/tr><tr><td class=\"has-text-align-center\" data-align=\"center\">Analista Ministerial \u2013 Biblioteconomia<\/td><td class=\"has-text-align-center\" data-align=\"center\">1<\/td><td class=\"has-text-align-center\" data-align=\"center\">1<\/td><td class=\"has-text-align-center\" data-align=\"center\">0<\/td><\/tr><tr><td class=\"has-text-align-center\" data-align=\"center\">Analista Ministerial \u2013 Analista de Sistemas \u2013 Desenvolvedor<\/td><td class=\"has-text-align-center\" data-align=\"center\">7<\/td><td class=\"has-text-align-center\" data-align=\"center\">6<\/td><td class=\"has-text-align-center\" data-align=\"center\">1<\/td><\/tr><tr><td class=\"has-text-align-center\" data-align=\"center\">Analista Ministerial \u2013 Analista de Sistemas \u2013 Administrador de Redes<\/td><td class=\"has-text-align-center\" data-align=\"center\">3<\/td><td class=\"has-text-align-center\" data-align=\"center\">3<\/td><td class=\"has-text-align-center\" data-align=\"center\">0<\/td><\/tr><tr><td class=\"has-text-align-center\" data-align=\"center\">Analista Ministerial \u2013 Analista de Sistemas \u2013 Administrador de Banco de Dados<\/td><td class=\"has-text-align-center\" data-align=\"center\">2<\/td><td class=\"has-text-align-center\" data-align=\"center\">2<\/td><td class=\"has-text-align-center\" data-align=\"center\">0<\/td><\/tr><tr><td class=\"has-text-align-center\" data-align=\"center\">Analista Ministerial \u2013 Economia<\/td><td class=\"has-text-align-center\" data-align=\"center\">3<\/td><td class=\"has-text-align-center\" data-align=\"center\">3<\/td><td class=\"has-text-align-center\" data-align=\"center\">0<\/td><\/tr><tr><td class=\"has-text-align-center\" data-align=\"center\">Analista Ministerial \u2013 Jornalismo<\/td><td class=\"has-text-align-center\" data-align=\"center\">2<\/td><td class=\"has-text-align-center\" data-align=\"center\">2<\/td><td class=\"has-text-align-center\" data-align=\"center\">0<\/td><\/tr><tr><td class=\"has-text-align-center\" data-align=\"center\">Analista Ministerial \u2013 Administra\u00e7\u00e3o<\/td><td class=\"has-text-align-center\" data-align=\"center\">4<\/td><td class=\"has-text-align-center\" data-align=\"center\">4<\/td><td class=\"has-text-align-center\" data-align=\"center\">0<\/td><\/tr><tr><td class=\"has-text-align-center\" data-align=\"center\">Analista Ministerial \u2013 Pedagogia<\/td><td class=\"has-text-align-center\" data-align=\"center\">6<\/td><td class=\"has-text-align-center\" data-align=\"center\">6<\/td><td class=\"has-text-align-center\" data-align=\"center\">0<\/td><\/tr><tr><td class=\"has-text-align-center\" data-align=\"center\">Analista Ministerial \u2013 Engenharia Civil<\/td><td class=\"has-text-align-center\" data-align=\"center\">3<\/td><td class=\"has-text-align-center\" data-align=\"center\">3<\/td><td class=\"has-text-align-center\" data-align=\"center\">0<\/td><\/tr><tr><td class=\"has-text-align-center\" data-align=\"center\">Analista Ministerial \u2013 Engenharia Sanit\u00e1ria e Ambiental<\/td><td class=\"has-text-align-center\" data-align=\"center\">1<\/td><td class=\"has-text-align-center\" data-align=\"center\">1<\/td><td class=\"has-text-align-center\" data-align=\"center\">0<\/td><\/tr><tr><td class=\"has-text-align-center\" data-align=\"center\">Analista Ministerial \u2013 Arquitetura<\/td><td class=\"has-text-align-center\" data-align=\"center\">1<\/td><td class=\"has-text-align-center\" data-align=\"center\">1<\/td><td class=\"has-text-align-center\" data-align=\"center\">0<\/td><\/tr><tr><td class=\"has-text-align-center\" data-align=\"center\">T\u00e9cnico Ministerial \u2013 Sem especialidade<\/td><td class=\"has-text-align-center\" data-align=\"center\">174<\/td><td class=\"has-text-align-center\" data-align=\"center\">152<\/td><td class=\"has-text-align-center\" data-align=\"center\">22<\/td><\/tr><tr><td class=\"has-text-align-center\" data-align=\"center\">T\u00e9cnico Ministerial \u2013 Taqu\u00edgrafo<\/td><td class=\"has-text-align-center\" data-align=\"center\">2<\/td><td class=\"has-text-align-center\" data-align=\"center\">2<\/td><td class=\"has-text-align-center\" data-align=\"center\">0<\/td><\/tr><tr><td class=\"has-text-align-center\" data-align=\"center\">T\u00e9cnico Ministerial \u2013 T\u00e9cnico em Contabilidade<\/td><td class=\"has-text-align-center\" data-align=\"center\">13<\/td><td class=\"has-text-align-center\" data-align=\"center\">13<\/td><td class=\"has-text-align-center\" data-align=\"center\">0<\/td><\/tr><tr><td class=\"has-text-align-center\" data-align=\"center\">T\u00e9cnico Ministerial \u2013 Suporte<\/td><td class=\"has-text-align-center\" data-align=\"center\">6<\/td><td class=\"has-text-align-center\" data-align=\"center\">6<\/td><td class=\"has-text-align-center\" data-align=\"center\">0<\/td><\/tr><tr><td class=\"has-text-align-center\" data-align=\"center\">T\u00e9cnico Ministerial \u2013 Web Designer<\/td><td class=\"has-text-align-center\" data-align=\"center\">2<\/td><td class=\"has-text-align-center\" data-align=\"center\">1<\/td><td class=\"has-text-align-center\" data-align=\"center\">1<\/td><\/tr><tr><td class=\"has-text-align-center\" data-align=\"center\">T\u00e9cnico Ministerial \u2013 T\u00e9cnico em Edifica\u00e7\u00f5es<\/td><td class=\"has-text-align-center\" data-align=\"center\">2<\/td><td class=\"has-text-align-center\" data-align=\"center\">2<\/td><td class=\"has-text-align-center\" data-align=\"center\">0<\/td><\/tr><tr><td class=\"has-text-align-center\" data-align=\"center\">T\u00e9cnico Ministerial \u2013 Dilig\u00eancia e Apoio Administrativo<\/td><td class=\"has-text-align-center\" data-align=\"center\">76<\/td><td class=\"has-text-align-center\" data-align=\"center\">58<\/td><td class=\"has-text-align-center\" data-align=\"center\">18<\/td><\/tr><tr><td class=\"has-text-align-center\" data-align=\"center\">TOTAL<\/td><td class=\"has-text-align-center\" data-align=\"center\">379<\/td><td class=\"has-text-align-center\" data-align=\"center\">332<\/td><td class=\"has-text-align-center\" data-align=\"center\">47<\/td><\/tr><\/tbody><\/table><\/figure>\n\n\n\n<hr class=\"wp-block-separator has-alpha-channel-opacity\"\/>\n\n\n\n<h2 class=\"wp-block-heading\" id=\"\u00faltimo-concurso\">\u00daltimo concurso MP PB<\/h2>\n\n\n\n<p>O \u00faltimo concurso para servidores do Minist\u00e9rio foi realizado em <strong>2015<\/strong> e ficou sob responsabilidade da FCC. Ao todo o certame ofertou <strong>105 vagas imediatas mais forma\u00e7\u00e3o de cadastro de reserva<\/strong> para cargos de n\u00edvel m\u00e9dio e superior de escolaridade.<\/p>\n\n\n\n<h3 class=\"wp-block-heading\" id=\"cargos-e-vagas-\u00faltimo-edital\">Cargos e vagas do \u00faltimo edital<\/h3>\n\n\n\n<h4 class=\"wp-block-heading\">N\u00edvel superior<\/h4>\n\n\n\n<ul class=\"wp-block-list\">\n<li>Analista de Sistemas \u2013 Desenvolvedor &#8211; 02 + CR;<\/li>\n\n\n\n<li>Analista de Sistemas \u2013 Administrador de Redes &#8211; 01 + CR;<\/li>\n\n\n\n<li>Analista de Sistemas \u2013 Administrador de Banco de Dados  &#8211; 02 + CR;<\/li>\n\n\n\n<li>Analista Ministerial \u2013 Auditor de Contas P\u00fablicas &#8211; 06 + CR;<\/li>\n\n\n\n<li>Analista Ministerial \u2013 Medicina &#8211; 01 + CR;<\/li>\n\n\n\n<li>Analista Ministerial \u2013 Odontologia &#8211; 01 + CR.<\/li>\n<\/ul>\n\n\n\n<h4 class=\"wp-block-heading\">N\u00edvel m\u00e9dio<\/h4>\n\n\n\n<ul class=\"wp-block-list\">\n<li>T\u00e9cnico Ministerial \u2013 Suporte &#8211; 04 + CR;<\/li>\n\n\n\n<li>T\u00e9cnico Ministerial \u2013 Web Designer &#8211;  01 + CR;<\/li>\n\n\n\n<li>T\u00e9cnico Ministerial \u2013 Sem Especialidade &#8211; 68 + CR;<\/li>\n\n\n\n<li>T\u00e9cnico Ministerial \u2013 Dilig\u00eancias e Apoio Administrativo &#8211; 19 + CR.<\/li>\n<\/ul>\n\n\n\n<h3 class=\"wp-block-heading\" id=\"sal\u00e1rios-ofertados\">Sal\u00e1rios<\/h3>\n\n\n\n<p>Os aprovados fizeram jus \u00e0 sal\u00e1rios que variavam de <strong>R$ 3.341,29 <\/strong>a <strong>R$ 4.062,28 <\/strong>para cargos de n\u00edvel m\u00e9dio, e at\u00e9 <strong>R$ 4.940,25<\/strong> para os cargos de n\u00edvel superior.<\/p>\n\n\n\n<h3 class=\"wp-block-heading\" id=\"etapas-e-provas-\u00faltimo-edital\">Provas e etapas<\/h3>\n\n\n\n<p>Os candidatos foram avaliados por provas objetivas de Conhecimentos Gerais e de Conhecimentos Espec\u00edficos, para todos os cargos\/\u00e1reas\/especialidades.<\/p>\n\n\n\n<p>A etapa constou de quest\u00f5es objetivas de m\u00faltipla escolha, de car\u00e1ter eliminat\u00f3rio e classificat\u00f3rio e foi aplicada no dia 10 de julho de 2015.<\/p>\n\n\n\n<p>Confira abaixo a estrutura da prova!<\/p>\n\n\n\n<ul class=\"wp-block-list\">\n<li><strong>Conhecimentos gerais (20 quest\u00f5es):<\/strong>\n<ul class=\"wp-block-list\">\n<li>L\u00edngua Portuguesa;<\/li>\n\n\n\n<li>Legisla\u00e7\u00e3o Espec\u00edfica aplicada ao Minist\u00e9rio P\u00fablico da Para\u00edba;<\/li>\n\n\n\n<li>Pr\u00e1tica Cartor\u00e1ria (para os cargos de T\u00e9cnico Sem Especialidade e Dilig\u00eancias e Apoio Administrativo)<\/li>\n<\/ul>\n<\/li>\n\n\n\n<li><strong>Conhecimentos espec\u00edficos (40 quest\u00f5es)<\/strong>.<\/li>\n<\/ul>\n\n\n\n<h3 class=\"wp-block-heading\" id=\"inscritos-e-nomea\u00e7\u00f5es-\u00faltimo-edital\">Inscritos e nomea\u00e7\u00f5es<\/h3>\n\n\n\n<p>Ao todo, o \u00faltimo edital MP PB recebeu aproximadamente <strong>50 mil inscritos<\/strong> para o certame, distribu\u00eddos entre os cargos. E segundo informado pelo pr\u00f3prio Minist\u00e9rio, desde a homologa\u00e7\u00e3o do resultado <strong>108 nomea\u00e7\u00f5es<\/strong> ocorreram.<\/p>\n\n\n\n<hr class=\"wp-block-separator has-css-opacity\"\/>\n\n\n\n<h2 class=\"wp-block-heading has-text-align-center\" id=\"h-quer-saber-tudo-sobre-concursos-previstos-confira-nossos-artigos\">Quer saber tudo sobre concursos previstos?<br \/>Confira  nossos artigos!<\/h2>\n\n\n\n<ul class=\"wp-block-list\">\n<li><a href=\"https:\/\/www.estrategiaconcursos.com.br\/blog\/concursos-abertos\/\" target=\"_blank\" rel=\"noreferrer noopener\">Concursos abertos<\/a><\/li>\n\n\n\n<li><a href=\"https:\/\/www.estrategiaconcursos.com.br\/blog\/concursos-mp\/\">Concursos MP<\/a><\/li>\n\n\n\n<li><a href=\"https:\/\/www.estrategiaconcursos.com.br\/blog\/concursos-2025\/\">Concursos 2025<\/a><\/li>\n\n\n\n<li><a href=\"https:\/\/www.estrategiaconcursos.com.br\/blog\/concursos-2026\/\">Concursos 2026<\/a><\/li>\n<\/ul>\n\n\n\n<h2 class=\"wp-block-heading has-text-align-center\" id=\"cursos-assinatura\">Quer estudar para o concurso MP PB?<\/h2>\n\n\n\n<div class=\"container\" id=\"boxes\">\n  <div class=\"row\">\n\n    <div class=\"col-sm\">\n      <div class=\"banner-estrategia\" id=\"box-assinatura\">\n        <h3 class=\"titulo-assinatura\">Cursos para MP PB<\/h3>\n        <p class=\"subtitulo-assinatura\">Conhe\u00e7a os cursos<\/p>\n        <div class=\"box-botao\">\n          <a class=\"btn-assinatura\" target=\"_blank\" href=\"https:\/\/www.estrategiaconcursos.com.br\/cursosPorConcurso\/ministerio-publico-da-paraiba-mp-pb-2015-380\/\" role=\"button\" rel=\"noopener noreferrer\">Conhe\u00e7a mais<\/a>\n        <\/div>\n      <\/div>\n     \n    <\/div>\n\n  <\/div>\n<\/div>\n\n\n\n<div class=\"container\" id=\"boxes\">\n  <div class=\"row\">\n\n    <div class=\"col-sm\">\n      <div class=\"estrategia\" id=\"box-assinatura\">\n        <h3 class=\"titulo-assinatura\">Assinatura Concursos<\/h3>\n        <p class=\"subtitulo-assinatura\">Assinatura de 1 ano ou 2 anos<\/p>\n        <div class=\"box-botao\">\n          <a class=\"btn-assinatura\" target=\"_blank\" href=\"https:\/\/www.estrategiaconcursos.com.br\/assinaturas\/\" role=\"button\" rel=\"noopener noreferrer\">ASSINE AGORA<\/a>\n        <\/div>\n      <\/div><\/div><\/div><\/div>\n\n\n\n<figure class=\"wp-block-image size-large is-resized\"><img loading=\"lazy\" decoding=\"async\" width=\"1024\" height=\"632\" src=\"https:\/\/dhg1h5j42swfq.cloudfront.net\/2025\/06\/27101122\/ficha-tecnica-1-1024x632.png\" alt=\"Informa\u00e7\u00f5es concurso MP PB\" class=\"wp-image-702728\" style=\"width:269px;height:166px\" srcset=\"https:\/\/dhg1h5j42swfq.cloudfront.net\/2025\/06\/27101122\/ficha-tecnica-1-1024x632.png 1024w, https:\/\/dhg1h5j42swfq.cloudfront.net\/2025\/06\/27101122\/ficha-tecnica-1-300x185.png 300w, https:\/\/dhg1h5j42swfq.cloudfront.net\/2025\/06\/27101122\/ficha-tecnica-1-768x474.png 768w, https:\/\/dhg1h5j42swfq.cloudfront.net\/2025\/06\/27101122\/ficha-tecnica-1-1536x948.png 1536w, https:\/\/dhg1h5j42swfq.cloudfront.net\/2025\/06\/27101122\/ficha-tecnica-1-610x377.png 610w, https:\/\/dhg1h5j42swfq.cloudfront.net\/2025\/06\/27101122\/ficha-tecnica-1.png 1571w\" sizes=\"auto, (max-width: 1024px) 100vw, 1024px\" \/><\/figure>\n\n\n\n<h3 class=\"wp-block-heading\" id=\"ficha\">Informa\u00e7\u00f5es concurso MP PB<\/h3>\n\n\n\n<p><\/p>\n\n\n\n<ul class=\"wp-block-list\">\n<li><strong>Provas<\/strong>:<s> 21\/05\/2023<\/s><\/li>\n\n\n\n<li><strong>Vagas<\/strong>: 21 + CR<\/li>\n\n\n\n<li><strong>Cargos<\/strong>: T\u00e9cnico e Analista Ministerial<\/li>\n\n\n\n<li><strong>Banca<\/strong>: FCC<\/li>\n\n\n\n<li><strong>Escolaridade<\/strong>: N\u00edvel m\u00e9dio e superior <\/li>\n\n\n\n<li><strong>Edital:<\/strong> <a href=\"https:\/\/dhg1h5j42swfq.cloudfront.net\/2023\/02\/24061141\/diariooficialmppb-2023-02-23-61-85-1-1.pdf\" target=\"_blank\" rel=\"noreferrer noopener nofollow\">MP PB 2023<\/a> \/ <a href=\"https:\/\/dhg1h5j42swfq.cloudfront.net\/2023\/03\/30141725\/diariooficialmppb-2023-03-29.pdf\" target=\"_blank\" rel=\"noreferrer noopener nofollow\">Retifica\u00e7\u00e3o vagas<\/a><\/li>\n<\/ul>\n","protected":false},"excerpt":{"rendered":"<p>Em janeiro de 2025, o procurador-geral de Justi\u00e7a, Ant\u00f4nio Hort\u00eancio Rocha Neto, nomeou mais oito promotores de Justi\u00e7a aprovados no XV Concurso P\u00fablico para ingresso na Carreira do Minist\u00e9rio P\u00fablico da Para\u00edba e mais 10 servidores aprovados no V Concurso P\u00fablico para Servidores do MPPB. O PGJ adiantou que, at\u00e9 o final do mandato (30 [&hellip;]<\/p>\n","protected":false},"author":1,"featured_media":1061813,"comment_status":"open","ping_status":"closed","sticky":false,"template":"","format":"standard","meta":{"post_tipo":"news_page","footnotes":""},"categories":[1984],"tags":[],"tax_estado":[219978],"class_list":["post-1158357","post","type-post","status-publish","format-standard","has-post-thumbnail","hentry","category-tribunais","tax_estado-pb"],"acf":[],"yoast_head":"<!-- This site is optimized with the Yoast SEO Premium plugin v27.2 (Yoast SEO v27.2) - https:\/\/yoast.com\/product\/yoast-seo-premium-wordpress\/ -->\n<title>Concurso MP PB: novos promotores e servidores nomeados<\/title>\n<meta name=\"description\" content=\"Concurso MP PB: edital ofertou 21 vagas + CR para cargos de n\u00edveis m\u00e9dio e superior. Aprovados foram nomeados!\" \/>\n<meta name=\"robots\" content=\"index, follow, max-snippet:-1, max-image-preview:large, max-video-preview:-1\" \/>\n<link rel=\"canonical\" href=\"https:\/\/www.estrategiaconcursos.com.br\/blog\/concurso-mp-pb\/\" \/>\n<meta property=\"og:locale\" content=\"pt_BR\" \/>\n<meta property=\"og:type\" content=\"article\" \/>\n<meta property=\"og:title\" content=\"Concurso MP PB: novos promotores e servidores nomeados\" \/>\n<meta property=\"og:description\" content=\"Concurso MP PB: edital ofertou 21 vagas + CR para cargos de n\u00edveis m\u00e9dio e superior. Aprovados foram nomeados!\" \/>\n<meta property=\"og:url\" content=\"https:\/\/www.estrategiaconcursos.com.br\/blog\/concurso-mp-pb\/\" \/>\n<meta property=\"og:site_name\" content=\"Estrat\u00e9gia Concursos\" \/>\n<meta property=\"article:author\" content=\"https:\/\/www.facebook.com\/EstrategiaConcursos\" \/>\n<meta property=\"article:published_time\" content=\"2025-08-14T12:26:00+00:00\" \/>\n<meta property=\"article:modified_time\" content=\"2025-10-27T14:44:02+00:00\" \/>\n<meta property=\"og:image\" content=\"https:\/\/dhg1h5j42swfq.cloudfront.net\/2022\/07\/15125235\/concursos-tribunais-estrategia-concursos.jpeg\" \/>\n\t<meta property=\"og:image:width\" content=\"768\" \/>\n\t<meta property=\"og:image:height\" content=\"432\" \/>\n\t<meta property=\"og:image:type\" content=\"image\/jpeg\" \/>\n<meta name=\"author\" content=\"Coordena\u00e7\u00e3o\" \/>\n<meta name=\"twitter:card\" content=\"summary_large_image\" \/>\n<meta name=\"twitter:creator\" content=\"@EstratConcursos\" \/>\n<meta name=\"twitter:site\" content=\"@EstratConcursos\" \/>\n<meta name=\"twitter:label1\" content=\"Escrito por\" \/>\n\t<meta name=\"twitter:data1\" content=\"Coordena\u00e7\u00e3o\" \/>\n\t<meta name=\"twitter:label2\" content=\"Est. tempo de leitura\" \/>\n\t<meta name=\"twitter:data2\" content=\"10 minutos\" \/>\n<script type=\"application\/ld+json\" class=\"yoast-schema-graph\">{\"@context\":\"https:\/\/schema.org\",\"@graph\":[{\"@type\":\"NewsArticle\",\"@id\":\"https:\/\/www.estrategiaconcursos.com.br\/blog\/concurso-mp-pb\/#article\",\"isPartOf\":{\"@id\":\"https:\/\/www.estrategiaconcursos.com.br\/blog\/concurso-mp-pb\/\"},\"author\":{\"name\":\"Coordena\u00e7\u00e3o\",\"@id\":\"https:\/\/www.estrategiaconcursos.com.br\/blog\/#\/schema\/person\/b4a388c97673c5f483d72185668afa1f\"},\"headline\":\"Concurso MP PB: novos promotores e servidores nomeados\",\"datePublished\":\"2025-08-14T12:26:00+00:00\",\"dateModified\":\"2025-10-27T14:44:02+00:00\",\"mainEntityOfPage\":{\"@id\":\"https:\/\/www.estrategiaconcursos.com.br\/blog\/concurso-mp-pb\/\"},\"wordCount\":2064,\"commentCount\":0,\"publisher\":{\"@id\":\"https:\/\/www.estrategiaconcursos.com.br\/blog\/#organization\"},\"image\":{\"@id\":\"https:\/\/www.estrategiaconcursos.com.br\/blog\/concurso-mp-pb\/#primaryimage\"},\"thumbnailUrl\":\"https:\/\/dhg1h5j42swfq.cloudfront.net\/2022\/07\/15125235\/concursos-tribunais-estrategia-concursos.jpeg\",\"articleSection\":[\"Tribunais\"],\"inLanguage\":\"pt-BR\",\"potentialAction\":[{\"@type\":\"CommentAction\",\"name\":\"Comment\",\"target\":[\"https:\/\/www.estrategiaconcursos.com.br\/blog\/concurso-mp-pb\/#respond\"]}],\"copyrightYear\":\"2025\",\"copyrightHolder\":{\"@id\":\"https:\/\/www.estrategiaconcursos.com.br\/blog\/#organization\"}},{\"@type\":\"WebPage\",\"@id\":\"https:\/\/www.estrategiaconcursos.com.br\/blog\/concurso-mp-pb\/\",\"url\":\"https:\/\/www.estrategiaconcursos.com.br\/blog\/concurso-mp-pb\/\",\"name\":\"Concurso MP PB: novos promotores e servidores nomeados\",\"isPartOf\":{\"@id\":\"https:\/\/www.estrategiaconcursos.com.br\/blog\/#website\"},\"primaryImageOfPage\":{\"@id\":\"https:\/\/www.estrategiaconcursos.com.br\/blog\/concurso-mp-pb\/#primaryimage\"},\"image\":{\"@id\":\"https:\/\/www.estrategiaconcursos.com.br\/blog\/concurso-mp-pb\/#primaryimage\"},\"thumbnailUrl\":\"https:\/\/dhg1h5j42swfq.cloudfront.net\/2022\/07\/15125235\/concursos-tribunais-estrategia-concursos.jpeg\",\"datePublished\":\"2025-08-14T12:26:00+00:00\",\"dateModified\":\"2025-10-27T14:44:02+00:00\",\"description\":\"Concurso MP PB: edital ofertou 21 vagas + CR para cargos de n\u00edveis m\u00e9dio e superior. Aprovados foram nomeados!\",\"breadcrumb\":{\"@id\":\"https:\/\/www.estrategiaconcursos.com.br\/blog\/concurso-mp-pb\/#breadcrumb\"},\"inLanguage\":\"pt-BR\",\"potentialAction\":[{\"@type\":\"ReadAction\",\"target\":[\"https:\/\/www.estrategiaconcursos.com.br\/blog\/concurso-mp-pb\/\"]}]},{\"@type\":\"ImageObject\",\"inLanguage\":\"pt-BR\",\"@id\":\"https:\/\/www.estrategiaconcursos.com.br\/blog\/concurso-mp-pb\/#primaryimage\",\"url\":\"https:\/\/dhg1h5j42swfq.cloudfront.net\/2022\/07\/15125235\/concursos-tribunais-estrategia-concursos.jpeg\",\"contentUrl\":\"https:\/\/dhg1h5j42swfq.cloudfront.net\/2022\/07\/15125235\/concursos-tribunais-estrategia-concursos.jpeg\",\"width\":768,\"height\":432,\"caption\":\"concurso trt abertos\"},{\"@type\":\"BreadcrumbList\",\"@id\":\"https:\/\/www.estrategiaconcursos.com.br\/blog\/concurso-mp-pb\/#breadcrumb\",\"itemListElement\":[{\"@type\":\"ListItem\",\"position\":1,\"name\":\"In\u00edcio\",\"item\":\"https:\/\/www.estrategiaconcursos.com.br\/blog\/\"},{\"@type\":\"ListItem\",\"position\":2,\"name\":\"Concurso MP PB: novos promotores e servidores nomeados\"}]},{\"@type\":\"WebSite\",\"@id\":\"https:\/\/www.estrategiaconcursos.com.br\/blog\/#website\",\"url\":\"https:\/\/www.estrategiaconcursos.com.br\/blog\/\",\"name\":\"Estrat\u00e9gia Concursos\",\"description\":\"O blog da Estrat\u00e9gia Concursos traz not\u00edcias sobre concursos e artigos de professores oferecendo cursos para concursos (pdf + videaulas) no site.\",\"publisher\":{\"@id\":\"https:\/\/www.estrategiaconcursos.com.br\/blog\/#organization\"},\"potentialAction\":[{\"@type\":\"SearchAction\",\"target\":{\"@type\":\"EntryPoint\",\"urlTemplate\":\"https:\/\/www.estrategiaconcursos.com.br\/blog\/?s={search_term_string}\"},\"query-input\":{\"@type\":\"PropertyValueSpecification\",\"valueRequired\":true,\"valueName\":\"search_term_string\"}}],\"inLanguage\":\"pt-BR\"},{\"@type\":\"Organization\",\"@id\":\"https:\/\/www.estrategiaconcursos.com.br\/blog\/#organization\",\"name\":\"Estrat\u00e9gia Concursos\",\"url\":\"https:\/\/www.estrategiaconcursos.com.br\/blog\/\",\"logo\":{\"@type\":\"ImageObject\",\"inLanguage\":\"pt-BR\",\"@id\":\"https:\/\/www.estrategiaconcursos.com.br\/blog\/#\/schema\/logo\/image\/\",\"url\":\"https:\/\/dhg1h5j42swfq.cloudfront.net\/2025\/06\/03203428\/logo_concursos-1.jpg\",\"contentUrl\":\"https:\/\/dhg1h5j42swfq.cloudfront.net\/2025\/06\/03203428\/logo_concursos-1.jpg\",\"width\":230,\"height\":60,\"caption\":\"Estrat\u00e9gia Concursos\"},\"image\":{\"@id\":\"https:\/\/www.estrategiaconcursos.com.br\/blog\/#\/schema\/logo\/image\/\"},\"sameAs\":[\"https:\/\/x.com\/EstratConcursos\"]},{\"@type\":\"Person\",\"@id\":\"https:\/\/www.estrategiaconcursos.com.br\/blog\/#\/schema\/person\/b4a388c97673c5f483d72185668afa1f\",\"name\":\"Coordena\u00e7\u00e3o\",\"image\":{\"@type\":\"ImageObject\",\"inLanguage\":\"pt-BR\",\"@id\":\"https:\/\/secure.gravatar.com\/avatar\/b720319e4c9a967eb58678d110f4fe35452fc5d5f97b202bac7b8acceb18c6ad?s=96&d=mm&r=g\",\"url\":\"https:\/\/secure.gravatar.com\/avatar\/b720319e4c9a967eb58678d110f4fe35452fc5d5f97b202bac7b8acceb18c6ad?s=96&d=mm&r=g\",\"contentUrl\":\"https:\/\/secure.gravatar.com\/avatar\/b720319e4c9a967eb58678d110f4fe35452fc5d5f97b202bac7b8acceb18c6ad?s=96&d=mm&r=g\",\"caption\":\"Coordena\u00e7\u00e3o\"},\"sameAs\":[\"https:\/\/www.facebook.com\/EstrategiaConcursos\",\"https:\/\/x.com\/EstratConcursos\"],\"url\":\"https:\/\/www.estrategiaconcursos.com.br\/blog\/author\/estrategia2013\/\"}]}<\/script>\n<!-- \/ Yoast SEO Premium plugin. -->","yoast_head_json":{"title":"Concurso MP PB: novos promotores e servidores nomeados","description":"Concurso MP PB: edital ofertou 21 vagas + CR para cargos de n\u00edveis m\u00e9dio e superior. Aprovados foram nomeados!","robots":{"index":"index","follow":"follow","max-snippet":"max-snippet:-1","max-image-preview":"max-image-preview:large","max-video-preview":"max-video-preview:-1"},"canonical":"https:\/\/www.estrategiaconcursos.com.br\/blog\/concurso-mp-pb\/","og_locale":"pt_BR","og_type":"article","og_title":"Concurso MP PB: novos promotores e servidores nomeados","og_description":"Concurso MP PB: edital ofertou 21 vagas + CR para cargos de n\u00edveis m\u00e9dio e superior. Aprovados foram nomeados!","og_url":"https:\/\/www.estrategiaconcursos.com.br\/blog\/concurso-mp-pb\/","og_site_name":"Estrat\u00e9gia Concursos","article_author":"https:\/\/www.facebook.com\/EstrategiaConcursos","article_published_time":"2025-08-14T12:26:00+00:00","article_modified_time":"2025-10-27T14:44:02+00:00","og_image":[{"width":768,"height":432,"url":"https:\/\/dhg1h5j42swfq.cloudfront.net\/2022\/07\/15125235\/concursos-tribunais-estrategia-concursos.jpeg","type":"image\/jpeg"}],"author":"Coordena\u00e7\u00e3o","twitter_card":"summary_large_image","twitter_creator":"@EstratConcursos","twitter_site":"@EstratConcursos","twitter_misc":{"Escrito por":"Coordena\u00e7\u00e3o","Est. tempo de leitura":"10 minutos"},"schema":{"@context":"https:\/\/schema.org","@graph":[{"@type":"NewsArticle","@id":"https:\/\/www.estrategiaconcursos.com.br\/blog\/concurso-mp-pb\/#article","isPartOf":{"@id":"https:\/\/www.estrategiaconcursos.com.br\/blog\/concurso-mp-pb\/"},"author":{"name":"Coordena\u00e7\u00e3o","@id":"https:\/\/www.estrategiaconcursos.com.br\/blog\/#\/schema\/person\/b4a388c97673c5f483d72185668afa1f"},"headline":"Concurso MP PB: novos promotores e servidores nomeados","datePublished":"2025-08-14T12:26:00+00:00","dateModified":"2025-10-27T14:44:02+00:00","mainEntityOfPage":{"@id":"https:\/\/www.estrategiaconcursos.com.br\/blog\/concurso-mp-pb\/"},"wordCount":2064,"commentCount":0,"publisher":{"@id":"https:\/\/www.estrategiaconcursos.com.br\/blog\/#organization"},"image":{"@id":"https:\/\/www.estrategiaconcursos.com.br\/blog\/concurso-mp-pb\/#primaryimage"},"thumbnailUrl":"https:\/\/dhg1h5j42swfq.cloudfront.net\/2022\/07\/15125235\/concursos-tribunais-estrategia-concursos.jpeg","articleSection":["Tribunais"],"inLanguage":"pt-BR","potentialAction":[{"@type":"CommentAction","name":"Comment","target":["https:\/\/www.estrategiaconcursos.com.br\/blog\/concurso-mp-pb\/#respond"]}],"copyrightYear":"2025","copyrightHolder":{"@id":"https:\/\/www.estrategiaconcursos.com.br\/blog\/#organization"}},{"@type":"WebPage","@id":"https:\/\/www.estrategiaconcursos.com.br\/blog\/concurso-mp-pb\/","url":"https:\/\/www.estrategiaconcursos.com.br\/blog\/concurso-mp-pb\/","name":"Concurso MP PB: novos promotores e servidores nomeados","isPartOf":{"@id":"https:\/\/www.estrategiaconcursos.com.br\/blog\/#website"},"primaryImageOfPage":{"@id":"https:\/\/www.estrategiaconcursos.com.br\/blog\/concurso-mp-pb\/#primaryimage"},"image":{"@id":"https:\/\/www.estrategiaconcursos.com.br\/blog\/concurso-mp-pb\/#primaryimage"},"thumbnailUrl":"https:\/\/dhg1h5j42swfq.cloudfront.net\/2022\/07\/15125235\/concursos-tribunais-estrategia-concursos.jpeg","datePublished":"2025-08-14T12:26:00+00:00","dateModified":"2025-10-27T14:44:02+00:00","description":"Concurso MP PB: edital ofertou 21 vagas + CR para cargos de n\u00edveis m\u00e9dio e superior. Aprovados foram nomeados!","breadcrumb":{"@id":"https:\/\/www.estrategiaconcursos.com.br\/blog\/concurso-mp-pb\/#breadcrumb"},"inLanguage":"pt-BR","potentialAction":[{"@type":"ReadAction","target":["https:\/\/www.estrategiaconcursos.com.br\/blog\/concurso-mp-pb\/"]}]},{"@type":"ImageObject","inLanguage":"pt-BR","@id":"https:\/\/www.estrategiaconcursos.com.br\/blog\/concurso-mp-pb\/#primaryimage","url":"https:\/\/dhg1h5j42swfq.cloudfront.net\/2022\/07\/15125235\/concursos-tribunais-estrategia-concursos.jpeg","contentUrl":"https:\/\/dhg1h5j42swfq.cloudfront.net\/2022\/07\/15125235\/concursos-tribunais-estrategia-concursos.jpeg","width":768,"height":432,"caption":"concurso trt abertos"},{"@type":"BreadcrumbList","@id":"https:\/\/www.estrategiaconcursos.com.br\/blog\/concurso-mp-pb\/#breadcrumb","itemListElement":[{"@type":"ListItem","position":1,"name":"In\u00edcio","item":"https:\/\/www.estrategiaconcursos.com.br\/blog\/"},{"@type":"ListItem","position":2,"name":"Concurso MP PB: novos promotores e servidores nomeados"}]},{"@type":"WebSite","@id":"https:\/\/www.estrategiaconcursos.com.br\/blog\/#website","url":"https:\/\/www.estrategiaconcursos.com.br\/blog\/","name":"Estrat\u00e9gia Concursos","description":"O blog da Estrat\u00e9gia Concursos traz not\u00edcias sobre concursos e artigos de professores oferecendo cursos para concursos (pdf + videaulas) no site.","publisher":{"@id":"https:\/\/www.estrategiaconcursos.com.br\/blog\/#organization"},"potentialAction":[{"@type":"SearchAction","target":{"@type":"EntryPoint","urlTemplate":"https:\/\/www.estrategiaconcursos.com.br\/blog\/?s={search_term_string}"},"query-input":{"@type":"PropertyValueSpecification","valueRequired":true,"valueName":"search_term_string"}}],"inLanguage":"pt-BR"},{"@type":"Organization","@id":"https:\/\/www.estrategiaconcursos.com.br\/blog\/#organization","name":"Estrat\u00e9gia Concursos","url":"https:\/\/www.estrategiaconcursos.com.br\/blog\/","logo":{"@type":"ImageObject","inLanguage":"pt-BR","@id":"https:\/\/www.estrategiaconcursos.com.br\/blog\/#\/schema\/logo\/image\/","url":"https:\/\/dhg1h5j42swfq.cloudfront.net\/2025\/06\/03203428\/logo_concursos-1.jpg","contentUrl":"https:\/\/dhg1h5j42swfq.cloudfront.net\/2025\/06\/03203428\/logo_concursos-1.jpg","width":230,"height":60,"caption":"Estrat\u00e9gia Concursos"},"image":{"@id":"https:\/\/www.estrategiaconcursos.com.br\/blog\/#\/schema\/logo\/image\/"},"sameAs":["https:\/\/x.com\/EstratConcursos"]},{"@type":"Person","@id":"https:\/\/www.estrategiaconcursos.com.br\/blog\/#\/schema\/person\/b4a388c97673c5f483d72185668afa1f","name":"Coordena\u00e7\u00e3o","image":{"@type":"ImageObject","inLanguage":"pt-BR","@id":"https:\/\/secure.gravatar.com\/avatar\/b720319e4c9a967eb58678d110f4fe35452fc5d5f97b202bac7b8acceb18c6ad?s=96&d=mm&r=g","url":"https:\/\/secure.gravatar.com\/avatar\/b720319e4c9a967eb58678d110f4fe35452fc5d5f97b202bac7b8acceb18c6ad?s=96&d=mm&r=g","contentUrl":"https:\/\/secure.gravatar.com\/avatar\/b720319e4c9a967eb58678d110f4fe35452fc5d5f97b202bac7b8acceb18c6ad?s=96&d=mm&r=g","caption":"Coordena\u00e7\u00e3o"},"sameAs":["https:\/\/www.facebook.com\/EstrategiaConcursos","https:\/\/x.com\/EstratConcursos"],"url":"https:\/\/www.estrategiaconcursos.com.br\/blog\/author\/estrategia2013\/"}]}},"_links":{"self":[{"href":"https:\/\/www.estrategiaconcursos.com.br\/blog\/wp-json\/wp\/v2\/posts\/1158357","targetHints":{"allow":["GET"]}}],"collection":[{"href":"https:\/\/www.estrategiaconcursos.com.br\/blog\/wp-json\/wp\/v2\/posts"}],"about":[{"href":"https:\/\/www.estrategiaconcursos.com.br\/blog\/wp-json\/wp\/v2\/types\/post"}],"author":[{"embeddable":true,"href":"https:\/\/www.estrategiaconcursos.com.br\/blog\/wp-json\/wp\/v2\/users\/1"}],"replies":[{"embeddable":true,"href":"https:\/\/www.estrategiaconcursos.com.br\/blog\/wp-json\/wp\/v2\/comments?post=1158357"}],"version-history":[{"count":58,"href":"https:\/\/www.estrategiaconcursos.com.br\/blog\/wp-json\/wp\/v2\/posts\/1158357\/revisions"}],"predecessor-version":[{"id":1661289,"href":"https:\/\/www.estrategiaconcursos.com.br\/blog\/wp-json\/wp\/v2\/posts\/1158357\/revisions\/1661289"}],"wp:featuredmedia":[{"embeddable":true,"href":"https:\/\/www.estrategiaconcursos.com.br\/blog\/wp-json\/wp\/v2\/media\/1061813"}],"wp:attachment":[{"href":"https:\/\/www.estrategiaconcursos.com.br\/blog\/wp-json\/wp\/v2\/media?parent=1158357"}],"wp:term":[{"taxonomy":"category","embeddable":true,"href":"https:\/\/www.estrategiaconcursos.com.br\/blog\/wp-json\/wp\/v2\/categories?post=1158357"},{"taxonomy":"post_tag","embeddable":true,"href":"https:\/\/www.estrategiaconcursos.com.br\/blog\/wp-json\/wp\/v2\/tags?post=1158357"},{"taxonomy":"tax_estado","embeddable":true,"href":"https:\/\/www.estrategiaconcursos.com.br\/blog\/wp-json\/wp\/v2\/tax_estado?post=1158357"}],"curies":[{"name":"wp","href":"https:\/\/api.w.org\/{rel}","templated":true}]}}