{"id":1158262,"date":"2023-01-24T13:51:34","date_gmt":"2023-01-24T16:51:34","guid":{"rendered":"https:\/\/www.estrategiaconcursos.com.br\/blog\/?p=1158262"},"modified":"2023-01-26T17:29:39","modified_gmt":"2023-01-26T20:29:39","slug":"concurso-bombeiro-ba-recursos-gabarito","status":"publish","type":"post","link":"https:\/\/www.estrategiaconcursos.com.br\/blog\/concurso-bombeiro-ba-recursos-gabarito\/","title":{"rendered":"Concurso Bombeiro BA: confira a sugest\u00e3o de recursos da prova"},"content":{"rendered":"\n<p>Ap\u00f3s a aplica\u00e7\u00e3o das provas de <strong>Soldado<\/strong> do <strong>concurso Bombeiro BA<\/strong> no \u00faltimo domingo (22), a FCC divulgou os <a href=\"https:\/\/www.concursosfcc.com.br\/concursos\/\/govba222\/gabaritos\/todos3.html\" target=\"_blank\" rel=\"noreferrer noopener\">gabaritos provis\u00f3rios<\/a>. Com isso, o prazo para interposi\u00e7\u00e3o de recursos est\u00e1 aberto at\u00e9 o dia 25 de janeiro.<\/p>\n\n\n\n<p>O Estrat\u00e9gia Concursos esteve presente durante toda a sua prepara\u00e7\u00e3o e n\u00e3o poderia ficar de fora deste momento. Por isso, nossos professores analisaram o gabarito disponibilizado pela banca e elaboraram recursos para o concurso Bombeiros BA.<\/p>\n\n\n\n<h4 class=\"has-text-align-center has-background wp-block-heading\" id=\"h-nao-acompanhou-o-gabarito-extraoficial-cbm-ba-soldado-confira-todos-os-detalhes-da-correcao-aqui\" style=\"background-color:#d5d9dd\">N\u00e3o acompanhou o Gabarito Extraoficial CBM BA &#8211; Soldado? <br \/>Confira todos os detalhes da corre\u00e7\u00e3o <a href=\"https:\/\/www.estrategiaconcursos.com.br\/blog\/gabarito-extraoficial-bombeiros-ba\" target=\"_blank\" rel=\"noreferrer noopener\">AQUI<\/a>!<\/h4>\n\n\n\n<ul class=\"wp-block-list\">\n<li><strong>Concurso Bombeiro BA Soldado: sugest\u00f5es de recursos <\/strong><\/li>\n\n\n\n<li><a href=\"#port\">Portugu\u00eas<\/a><\/li>\n\n\n\n<li><a href=\"#dh\">Direitos Humanos<\/a><\/li>\n<\/ul>\n\n\n\n<h3 class=\"wp-block-heading\" id=\"port\">Portugu\u00eas<\/h3>\n\n\n\n<p><strong>QUEST\u00c3O<\/strong><\/p>\n\n\n\n<p>Justifica-se o uso de v\u00edrgulas pelo mesmo motivo que o do trecho <em>A menos que voc\u00ea perca, eu j\u00e1 perdi v\u00e1rios<\/em> (9\u00ba par\u00e1grafo) em:<\/p>\n\n\n\n<p>(A) [&#8230;] um dia lhe dou outro, e esse voc\u00ea n\u00e3o perder\u00e1 (18\u00ba par\u00e1grafo)<br \/>(B) Com delicadeza, terminei afinal pondo o chicle na boca (7\u00ba par\u00e1grafo)<br \/>(C) At\u00e9 de noite a gente pode ir mastigando, mas para n\u00e3o engolir no sono a gente prega o chicle na cama (18\u00ba par\u00e1grafo)<br \/>(D) Afinal minha irm\u00e3 juntou dinheiro, comprou e ao sairmos de casa para a escola me explicou: (2\u00ba par\u00e1grafo)<br \/>(E) &#8211; Tome cuidado para n\u00e3o perder, porque esta bala nunca se acaba (3\u00ba par\u00e1grafo)<\/p>\n\n\n\n<p><em>Gabarito da Banca: item A<\/em><\/p>\n\n\n\n<p><strong>PRETENS\u00c3O:<\/strong> ALTERA\u00c7\u00c3O DE GABARITO PARA O ITEM B<\/p>\n\n\n\n<p><strong>JUSTIFICATIVA:<\/strong><\/p>\n\n\n\n<p>A quest\u00e3o em apre\u00e7o solicitava que o candidato assinalasse a alternativa cujo motivo para o uso da v\u00edrgula fosse decorrente do mesmo motivo em que a pontua\u00e7\u00e3o aparece no trecho: A menos que voc\u00ea perca, eu j\u00e1 perdi v\u00e1rios (9\u00b0 par\u00e1grafo).<\/p>\n\n\n\n<p>O que se observa no trecho utilizado como refer\u00eancia \u00e9 a presen\u00e7a da v\u00edrgula ap\u00f3s a primeira ora\u00e7\u00e3o \u201cA menos que voc\u00ea perca\u201d. Nesse caso, o <strong>uso da v\u00edrgula se d\u00e1 pela exist\u00eancia de uma ora\u00e7\u00e3o subordinada adverbial condicional<\/strong>. A locu\u00e7\u00e3o \u201ca menos que\u201d introduz uma ideia de condi\u00e7\u00e3o, que est\u00e1 associada \u00e0 ideia anterior \u201cde mastigar o chiclete a vida inteira\u201d. No entanto, por se tratar de um di\u00e1logo, essa fala aparece no per\u00edodo anterior, mas se relaciona com o per\u00edodo posterior, j\u00e1 que se trata de um discurso direto realizado pela personagem.<\/p>\n\n\n\n<p>Conforme estabelece Domingos Paschoal Cegalla, em Dicion\u00e1rio de Dificuldades da L\u00edngua Portuguesa, p\u00e1gina 42, \u201c<strong>a menos que.<\/strong> Locu\u00e7\u00e3o conjuntiva condicional com ideia de exce\u00e7\u00e3o. Equivale a <em>salvo se<\/em>, <em>a n\u00e3o ser que<\/em>: Iremos amanh\u00e3 cedo, a n\u00e3o ser que chova.\u201d.<\/p>\n\n\n\n<p>Assim, o uso da v\u00edrgula no trecho de refer\u00eancia ocorre por ser uma ora\u00e7\u00e3o adverbial deslocada.<\/p>\n\n\n\n<p>A \u00fanica alternativa que pode ser vista com a pontua\u00e7\u00e3o realizada em decorr\u00eancia da mesma regra \u00e9 a alternativa com o trecho: \u201cCom delicadeza, terminei afinal pondo o chicle na boca\u201d. Nesse trecho, o uso da v\u00edrgula ocorre por de tratar de uma locu\u00e7\u00e3o adverbial deslocada, cuja pontua\u00e7\u00e3o pode ser realizada conforme est\u00e1 apresentada. Ainda que n\u00e3o seja uma ora\u00e7\u00e3o, segue a mesma fundamenta\u00e7\u00e3o do exemplo, j\u00e1 que estruturas adverbiais fora da ordem direta podem ou devem ser pontuadas.<\/p>\n\n\n\n<p>Tendo em vista a possibilidade acima mencionada, solicito a <strong>altera\u00e7\u00e3o do gabarito<\/strong>.<\/p>\n\n\n\n<h3 class=\"wp-block-heading\" id=\"dh\">Direitos Humanos<\/h3>\n\n\n\n<p><strong>QUEST\u00c3O<\/strong><\/p>\n\n\n\n<p>Relativamente \u00e0 liberdade de pensamento e de express\u00e3o, a Conven\u00e7\u00e3o Americana sobre Direitos Humanos (Pacto de S\u00e3o Jos\u00e9 da Costa Rica, de 1969) consigna que<\/p>\n\n\n\n<p>(A) o exerc\u00edcio de tal direito s\u00f3 pode estar sujeito \u00e0s restri\u00e7\u00f5es previstas pela lei que sejam necess\u00e1rias, numa sociedade democr\u00e1tica, ao interesse da seguran\u00e7a nacional, da seguran\u00e7a ou da ordem p\u00fablicas.<\/p>\n\n\n\n<p>(B) a lei deve proibir toda apologia ao \u00f3dio nacional, racial ou religioso que constitua incita\u00e7\u00e3o \u00e0 discrimina\u00e7\u00e3o, ao crime ou \u00e0 viol\u00eancia, exceto em tempo de guerra.<\/p>\n\n\n\n<p>(C) a lei pode submeter os espet\u00e1culos p\u00fablicos a censura pr\u00e9via, com o objetivo exclusivo de regular o acesso a eles, para prote\u00e7\u00e3o moral da inf\u00e2ncia e da adolesc\u00eancia.<\/p>\n\n\n\n<p>(D) n\u00e3o se considera meio indireto de restri\u00e7\u00e3o do exerc\u00edcio da liberdade de express\u00e3o o abuso de controles oficiais de papel de imprensa e de frequ\u00eancias radioel\u00e9tricas.<\/p>\n\n\n\n<p>(E) o exerc\u00edcio da liberdade de pensamento e express\u00e3o \u00e9 assegurado a toda pessoa, e n\u00e3o pode estar sujeito \u00e0 censura pr\u00e9via, nem a responsabilidades posteriores.<\/p>\n\n\n\n<p><em>Gabarito da Banca: item C<\/em><\/p>\n\n\n\n<p><strong>PRETENS\u00c3O:<\/strong> ANULA\u00c7\u00c3O<\/p>\n\n\n\n<p><strong>JUSTIFICATIVA:<\/strong><\/p>\n\n\n\n<p>A presente quest\u00e3o menciona o texto da Conven\u00e7\u00e3o Americana sobre Direitos Humanos (Pacto de S\u00e3o Jos\u00e9 da Costa Rica, de 1969), indagando o candidato acerca do direito \u00e0 liberdade de pensamento e de express\u00e3o, previsto no Artigo 13 da referida norma.<\/p>\n\n\n\n<p>Ocorre que a Banca considerou como alternativa correta a letra \u201cC\u201d, que se encontra prevista no Artigo 13, item 4, de modo a compor, acertadamente, alternativa correta.<\/p>\n\n\n\n<p>Entretanto, h\u00e1 que se observar que o texto da assertiva \u201cA\u201d tamb\u00e9m resta perfeitamente alinhada ao Artigo 13 no item 2. e sua al\u00ednea \u201cb\u201d. Observa-se, <em>in verbis<\/em>:<\/p>\n\n\n\n<p><strong>Artigo 13.&nbsp; Liberdade de pensamento e de express\u00e3o<\/strong><\/p>\n\n\n\n<p>1. Toda pessoa tem direito \u00e0 liberdade de pensamento e de express\u00e3o.&nbsp; Esse direito compreende a liberdade de buscar, receber e difundir informa\u00e7\u00f5es e id\u00e9ias de toda natureza, sem considera\u00e7\u00e3o de fronteiras, verbalmente ou por escrito, ou em forma impressa ou art\u00edstica, ou por qualquer outro processo de sua escolha.<\/p>\n\n\n\n<p>2<strong>.&nbsp;&nbsp;&nbsp;&nbsp;&nbsp;&nbsp;&nbsp;O exerc\u00edcio do direito previsto no inciso precedente n\u00e3o pode estar sujeito a censura pr\u00e9via, <\/strong><strong>mas a responsabilidades ulteriores<\/strong><strong>, que devem ser <\/strong><strong>expressamente fixadas pela lei <\/strong><strong>e ser <\/strong><strong>necess\u00e1rias<\/strong><strong> para assegurar:<\/strong>a. o respeito aos direitos ou \u00e0 reputa\u00e7\u00e3o das demais pessoas; ou<strong>b.&nbsp;a prote\u00e7\u00e3o da <\/strong><strong>seguran\u00e7a nacional<\/strong><strong>, da <\/strong><strong>ordem p\u00fablica<\/strong><strong>, ou da sa\u00fade ou da moral p\u00fablicas<\/strong>.<\/p>\n\n\n\n<p>&nbsp; 4.&nbsp;&nbsp;&nbsp;&nbsp;&nbsp;&nbsp;&nbsp;&nbsp;A lei pode submeter os espet\u00e1culos p\u00fablicos a censura pr\u00e9via, com o objetivo exclusivo de regular o acesso a eles, para prote\u00e7\u00e3o moral da inf\u00e2ncia e da adolesc\u00eancia, <strong>sem preju\u00edzo do disposto no inciso 2.<\/strong><\/p>\n\n\n\n<p>Destaca-se que o item \u201cA\u201d afirma que o exerc\u00edcio de direitos correlatos \u00e0 liberdade de pensamento e express\u00e3o podem ser abordados por leis de direito dom\u00e9stico, quando servirem ao interesse da seguran\u00e7a nacional, da seguran\u00e7a ou da ordem p\u00fablicas, conforme dita o item 2. do Artigo 13. Observa-se, ainda, que o item 4., do mesmo diploma normativo, n\u00e3o exclui a prote\u00e7\u00e3o conferida pelo item 2., sobre a previs\u00e3o legal posterior vir a regular responsabilidades ulteriores.<\/p>\n\n\n\n<p>Nesse \u00ednterim, \u00e0 guisa de exemplifica\u00e7\u00e3o acerca da possibilidade de previs\u00e3o distinta pelo direito dom\u00e9stico, cita-se o crime de desacato, do art. 331, do C\u00f3digo Penal, <em>in legis<\/em>: \u201cArt. 331. Desacatar funcion\u00e1rio p\u00fablico no exerc\u00edcio da fun\u00e7\u00e3o ou em raz\u00e3o dela: Pena &#8211; deten\u00e7\u00e3o, de seis meses a dois anos, ou multa\u201d.<\/p>\n\n\n\n<p>Em contrapartida, a Comiss\u00e3o Interamericana de Direitos Humanos (CIDH) <strong>vem decidindo que a criminaliza\u00e7\u00e3o do desacato contraria o Artigo 13, <\/strong>pois tal tipifica\u00e7\u00e3o proporciona maior n\u00edvel de prote\u00e7\u00e3o aos agentes do Estado do que aos particulares, em contraven\u00e7\u00e3o aos princ\u00edpios democr\u00e1tico e igualit\u00e1rio, <strong>de modo que as leis de desacato restringem indiretamente a liberdade de express\u00e3o<\/strong> (CIDH, Relat\u00f3rio sobre a compatibilidade entre as leis de desacato e a Conven\u00e7\u00e3o Americana sobre Direitos Humanos, OEA\/Ser. L\/V\/II.88, doc. 9 rev., 17 de fevereiro de 1995, 197-212).<\/p>\n\n\n\n<p>Tal discord\u00e2ncia levou o tema \u00e0 discuss\u00e3o perante o Superior Tribunal de Justi\u00e7a no julgamento do HC 379.269-MS, Rel. Min. Reynaldo Soares da Fonseca, Rel. para ac\u00f3rd\u00e3o Min. Ant\u00f4nio Saldanha Palheiro, julgado em 24\/5\/2017 (Info 607) que determinou que desacatar funcion\u00e1rio p\u00fablico no exerc\u00edcio da fun\u00e7\u00e3o ou em raz\u00e3o dela continua a ser crime pelo ordenamento jur\u00eddico interno.<\/p>\n\n\n\n<p>Sendo assim, ainda que haja o regulamentar e o delinear de balizas frente ao direito \u00e0 liberdade de pensamento e de express\u00e3o, em nada se fere o Artigo 13, pois tal movimento resta previsto em seu item 2. quando diante da an\u00e1lise acerca do respeito aos direitos ou \u00e0 reputa\u00e7\u00e3o das demais pessoas; ou b. a prote\u00e7\u00e3o da seguran\u00e7a nacional, da ordem p\u00fablica, ou da sa\u00fade ou da moral p\u00fablicas.<\/p>\n\n\n\n<p>Nesse sentido, refor\u00e7a-se a presen\u00e7a de <strong>duas alternativas corretas<\/strong> junto ao texto da quest\u00e3o, devendo ser essa <strong>ANULADA<\/strong> por pluralidade de gabaritos.<\/p>\n\n\n\n<hr class=\"wp-block-separator has-alpha-channel-opacity\"\/>\n\n\n\n<h3 class=\"has-text-align-center has-cyan-bluish-gray-background-color has-background wp-block-heading\">Saiba mais: <a href=\"https:\/\/www.estrategiaconcursos.com.br\/blog\/concurso-bombeiros-ba\/\" target=\"_blank\" rel=\"noreferrer noopener\">CBM BA<\/a><\/h3>\n\n\n\n<div class=\"container\" id=\"boxes\">\n  <div class=\"row\"> \n\n    <div class=\"col-sm\">\n      <div class=\"banner-policial\" id=\"box-assinatura\">\n        <h3 class=\"titulo-assinatura\">Concurso CBM BA<\/h3>\n        <p class=\"subtitulo-assinatura\">Conhe\u00e7a os cursos<\/p>\n        <div class=\"box-botao\">\n          <a class=\"btn-assinatura\" target=\"_blank\" href=\"https:\/\/www.estrategiaconcursos.com.br\/cursosPorConcurso\/corpo-de-bombeiros-militar-da-bahia-cbm-ba\/\" role=\"button\" rel=\"noopener noreferrer\">Conhe\u00e7a mais<\/a>\n        <\/div>\n      <\/div>\n     \n\n  <\/div>\n<\/div><\/div>\n\n\n\n<div class=\"container\" id=\"boxes\">\n  <div class=\"row\">\n\n    <div class=\"col-sm\">\n      <div class=\"estrategia\" id=\"box-assinatura\">\n        <h3 class=\"titulo-assinatura\">Assinatura de Concursos<\/h3>\n        <p class=\"subtitulo-assinatura\">Assinatura de 1 ano ou 2 anos<\/p>\n        <div class=\"box-botao\">\n          <a class=\"btn-assinatura\" target=\"_blank\" href=\"https:\/\/www.estrategiaconcursos.com.br\/assinaturas\/\" role=\"button\" rel=\"noopener noreferrer\">ASSINE AGORA<\/a>\n        <\/div>\n      <\/div>\n     \n    <\/div><\/div><\/div>\n\n\n\n<h2 class=\"has-text-align-center wp-block-heading\" id=\"h-quer-saber-tudo-sobre-concursos-previstos-confira-nossos-artigos\">Quer saber tudo sobre concursos previstos?<br \/>Confira nossos artigos!<\/h2>\n\n\n\n<ul class=\"wp-block-list\">\n<li><a href=\"https:\/\/www.estrategiaconcursos.com.br\/blog\/concursos-abertos\/\" target=\"_blank\" rel=\"noreferrer noopener\">Concursos abertos<\/a><\/li>\n\n\n\n<li><a href=\"https:\/\/www.estrategiaconcursos.com.br\/blog\/concursos-2023\/\" target=\"_blank\" rel=\"noreferrer noopener\">Concursos 2023<\/a><\/li>\n<\/ul>\n","protected":false},"excerpt":{"rendered":"<p>Ap\u00f3s a aplica\u00e7\u00e3o das provas de Soldado do concurso Bombeiro BA no \u00faltimo domingo (22), a FCC divulgou os gabaritos provis\u00f3rios. Com isso, o prazo para interposi\u00e7\u00e3o de recursos est\u00e1 aberto at\u00e9 o dia 25 de janeiro. O Estrat\u00e9gia Concursos esteve presente durante toda a sua prepara\u00e7\u00e3o e n\u00e3o poderia ficar de fora deste momento. [&hellip;]<\/p>\n","protected":false},"author":2041,"featured_media":1062800,"comment_status":"open","ping_status":"closed","sticky":false,"template":"","format":"standard","meta":{"post_tipo":"news","footnotes":""},"categories":[220187,220219],"tags":[],"tax_estado":[219968],"class_list":["post-1158262","post","type-post","status-publish","format-standard","has-post-thumbnail","hentry","category-policial-pracas","category-noticias","tax_estado-ba"],"acf":[],"yoast_head":"<!-- This site is optimized with the Yoast SEO Premium plugin v27.2 (Yoast SEO v27.2) - https:\/\/yoast.com\/product\/yoast-seo-premium-wordpress\/ -->\n<title>Concurso Bombeiro BA: confira a sugest\u00e3o de recursos da prova<\/title>\n<meta name=\"description\" content=\"Concurso Bombeiro BA: confira a sugest\u00e3o de recursos contra o gabarito provis\u00f3rio da prova objetiva de Soldado.\" \/>\n<meta name=\"robots\" content=\"index, follow, max-snippet:-1, max-image-preview:large, max-video-preview:-1\" \/>\n<link rel=\"canonical\" href=\"https:\/\/www.estrategiaconcursos.com.br\/blog\/concurso-bombeiro-ba-recursos-gabarito\/\" \/>\n<meta property=\"og:locale\" content=\"pt_BR\" \/>\n<meta property=\"og:type\" content=\"article\" \/>\n<meta property=\"og:title\" content=\"Concurso Bombeiro BA: confira a sugest\u00e3o de recursos da prova\" \/>\n<meta property=\"og:description\" content=\"Concurso Bombeiro BA: confira a sugest\u00e3o de recursos contra o gabarito provis\u00f3rio da prova objetiva de Soldado.\" \/>\n<meta property=\"og:url\" content=\"https:\/\/www.estrategiaconcursos.com.br\/blog\/concurso-bombeiro-ba-recursos-gabarito\/\" \/>\n<meta property=\"og:site_name\" content=\"Estrat\u00e9gia Concursos\" \/>\n<meta property=\"article:published_time\" content=\"2023-01-24T16:51:34+00:00\" \/>\n<meta property=\"article:modified_time\" content=\"2023-01-26T20:29:39+00:00\" \/>\n<meta property=\"og:image\" content=\"https:\/\/dhg1h5j42swfq.cloudfront.net\/2021\/12\/18124712\/concurso-bombeiros-ba.jpg\" \/>\n\t<meta property=\"og:image:width\" content=\"768\" \/>\n\t<meta property=\"og:image:height\" content=\"432\" \/>\n\t<meta property=\"og:image:type\" content=\"image\/jpeg\" \/>\n<meta name=\"author\" content=\"Thiago Cavalcante Gomes\" \/>\n<meta name=\"twitter:card\" content=\"summary_large_image\" \/>\n<meta name=\"twitter:creator\" content=\"@EstratConcursos\" \/>\n<meta name=\"twitter:site\" content=\"@EstratConcursos\" \/>\n<meta name=\"twitter:label1\" content=\"Escrito por\" \/>\n\t<meta name=\"twitter:data1\" content=\"Thiago Cavalcante Gomes\" \/>\n\t<meta name=\"twitter:label2\" content=\"Est. tempo de leitura\" \/>\n\t<meta name=\"twitter:data2\" content=\"7 minutos\" \/>\n<script type=\"application\/ld+json\" class=\"yoast-schema-graph\">{\"@context\":\"https:\/\/schema.org\",\"@graph\":[{\"@type\":\"NewsArticle\",\"@id\":\"https:\/\/www.estrategiaconcursos.com.br\/blog\/concurso-bombeiro-ba-recursos-gabarito\/#article\",\"isPartOf\":{\"@id\":\"https:\/\/www.estrategiaconcursos.com.br\/blog\/concurso-bombeiro-ba-recursos-gabarito\/\"},\"author\":{\"name\":\"Thiago Cavalcante Gomes\",\"@id\":\"https:\/\/www.estrategiaconcursos.com.br\/blog\/#\/schema\/person\/4970184533d0a3ffa5b0299ae0a2b21f\"},\"headline\":\"Concurso Bombeiro BA: confira a sugest\u00e3o de recursos da prova\",\"datePublished\":\"2023-01-24T16:51:34+00:00\",\"dateModified\":\"2023-01-26T20:29:39+00:00\",\"mainEntityOfPage\":{\"@id\":\"https:\/\/www.estrategiaconcursos.com.br\/blog\/concurso-bombeiro-ba-recursos-gabarito\/\"},\"wordCount\":1488,\"commentCount\":0,\"publisher\":{\"@id\":\"https:\/\/www.estrategiaconcursos.com.br\/blog\/#organization\"},\"image\":{\"@id\":\"https:\/\/www.estrategiaconcursos.com.br\/blog\/concurso-bombeiro-ba-recursos-gabarito\/#primaryimage\"},\"thumbnailUrl\":\"https:\/\/dhg1h5j42swfq.cloudfront.net\/2021\/12\/18124712\/concurso-bombeiros-ba.jpg\",\"articleSection\":[\"Policial (PM\/BM - Pra\u00e7as)\",\"\u00daltimas not\u00edcias\"],\"inLanguage\":\"pt-BR\",\"potentialAction\":[{\"@type\":\"CommentAction\",\"name\":\"Comment\",\"target\":[\"https:\/\/www.estrategiaconcursos.com.br\/blog\/concurso-bombeiro-ba-recursos-gabarito\/#respond\"]}],\"copyrightYear\":\"2023\",\"copyrightHolder\":{\"@id\":\"https:\/\/www.estrategiaconcursos.com.br\/blog\/#organization\"}},{\"@type\":\"WebPage\",\"@id\":\"https:\/\/www.estrategiaconcursos.com.br\/blog\/concurso-bombeiro-ba-recursos-gabarito\/\",\"url\":\"https:\/\/www.estrategiaconcursos.com.br\/blog\/concurso-bombeiro-ba-recursos-gabarito\/\",\"name\":\"Concurso Bombeiro BA: confira a sugest\u00e3o de recursos da prova\",\"isPartOf\":{\"@id\":\"https:\/\/www.estrategiaconcursos.com.br\/blog\/#website\"},\"primaryImageOfPage\":{\"@id\":\"https:\/\/www.estrategiaconcursos.com.br\/blog\/concurso-bombeiro-ba-recursos-gabarito\/#primaryimage\"},\"image\":{\"@id\":\"https:\/\/www.estrategiaconcursos.com.br\/blog\/concurso-bombeiro-ba-recursos-gabarito\/#primaryimage\"},\"thumbnailUrl\":\"https:\/\/dhg1h5j42swfq.cloudfront.net\/2021\/12\/18124712\/concurso-bombeiros-ba.jpg\",\"datePublished\":\"2023-01-24T16:51:34+00:00\",\"dateModified\":\"2023-01-26T20:29:39+00:00\",\"description\":\"Concurso Bombeiro BA: confira a sugest\u00e3o de recursos contra o gabarito provis\u00f3rio da prova objetiva de Soldado.\",\"breadcrumb\":{\"@id\":\"https:\/\/www.estrategiaconcursos.com.br\/blog\/concurso-bombeiro-ba-recursos-gabarito\/#breadcrumb\"},\"inLanguage\":\"pt-BR\",\"potentialAction\":[{\"@type\":\"ReadAction\",\"target\":[\"https:\/\/www.estrategiaconcursos.com.br\/blog\/concurso-bombeiro-ba-recursos-gabarito\/\"]}]},{\"@type\":\"ImageObject\",\"inLanguage\":\"pt-BR\",\"@id\":\"https:\/\/www.estrategiaconcursos.com.br\/blog\/concurso-bombeiro-ba-recursos-gabarito\/#primaryimage\",\"url\":\"https:\/\/dhg1h5j42swfq.cloudfront.net\/2021\/12\/18124712\/concurso-bombeiros-ba.jpg\",\"contentUrl\":\"https:\/\/dhg1h5j42swfq.cloudfront.net\/2021\/12\/18124712\/concurso-bombeiros-ba.jpg\",\"width\":768,\"height\":432,\"caption\":\"Confira as possibilidades de recursos do concurso Bombeiros BA\"},{\"@type\":\"BreadcrumbList\",\"@id\":\"https:\/\/www.estrategiaconcursos.com.br\/blog\/concurso-bombeiro-ba-recursos-gabarito\/#breadcrumb\",\"itemListElement\":[{\"@type\":\"ListItem\",\"position\":1,\"name\":\"In\u00edcio\",\"item\":\"https:\/\/www.estrategiaconcursos.com.br\/blog\/\"},{\"@type\":\"ListItem\",\"position\":2,\"name\":\"Concurso Bombeiro BA: confira a sugest\u00e3o de recursos da prova\"}]},{\"@type\":\"WebSite\",\"@id\":\"https:\/\/www.estrategiaconcursos.com.br\/blog\/#website\",\"url\":\"https:\/\/www.estrategiaconcursos.com.br\/blog\/\",\"name\":\"Estrat\u00e9gia Concursos\",\"description\":\"O blog da Estrat\u00e9gia Concursos traz not\u00edcias sobre concursos e artigos de professores oferecendo cursos para concursos (pdf + videaulas) no site.\",\"publisher\":{\"@id\":\"https:\/\/www.estrategiaconcursos.com.br\/blog\/#organization\"},\"potentialAction\":[{\"@type\":\"SearchAction\",\"target\":{\"@type\":\"EntryPoint\",\"urlTemplate\":\"https:\/\/www.estrategiaconcursos.com.br\/blog\/?s={search_term_string}\"},\"query-input\":{\"@type\":\"PropertyValueSpecification\",\"valueRequired\":true,\"valueName\":\"search_term_string\"}}],\"inLanguage\":\"pt-BR\"},{\"@type\":\"Organization\",\"@id\":\"https:\/\/www.estrategiaconcursos.com.br\/blog\/#organization\",\"name\":\"Estrat\u00e9gia Concursos\",\"url\":\"https:\/\/www.estrategiaconcursos.com.br\/blog\/\",\"logo\":{\"@type\":\"ImageObject\",\"inLanguage\":\"pt-BR\",\"@id\":\"https:\/\/www.estrategiaconcursos.com.br\/blog\/#\/schema\/logo\/image\/\",\"url\":\"https:\/\/dhg1h5j42swfq.cloudfront.net\/2025\/06\/03203428\/logo_concursos-1.jpg\",\"contentUrl\":\"https:\/\/dhg1h5j42swfq.cloudfront.net\/2025\/06\/03203428\/logo_concursos-1.jpg\",\"width\":230,\"height\":60,\"caption\":\"Estrat\u00e9gia Concursos\"},\"image\":{\"@id\":\"https:\/\/www.estrategiaconcursos.com.br\/blog\/#\/schema\/logo\/image\/\"},\"sameAs\":[\"https:\/\/x.com\/EstratConcursos\"]},{\"@type\":\"Person\",\"@id\":\"https:\/\/www.estrategiaconcursos.com.br\/blog\/#\/schema\/person\/4970184533d0a3ffa5b0299ae0a2b21f\",\"name\":\"Thiago Cavalcante Gomes\",\"image\":{\"@type\":\"ImageObject\",\"inLanguage\":\"pt-BR\",\"@id\":\"https:\/\/secure.gravatar.com\/avatar\/?s=96&d=mm&r=g\",\"url\":\"https:\/\/secure.gravatar.com\/avatar\/?s=96&d=mm&r=g\",\"contentUrl\":\"https:\/\/secure.gravatar.com\/avatar\/?s=96&d=mm&r=g\",\"caption\":\"Thiago Cavalcante Gomes\"},\"url\":\"https:\/\/www.estrategiaconcursos.com.br\/blog\/author\/thiago-gomes\/\"}]}<\/script>\n<!-- \/ Yoast SEO Premium plugin. -->","yoast_head_json":{"title":"Concurso Bombeiro BA: confira a sugest\u00e3o de recursos da prova","description":"Concurso Bombeiro BA: confira a sugest\u00e3o de recursos contra o gabarito provis\u00f3rio da prova objetiva de Soldado.","robots":{"index":"index","follow":"follow","max-snippet":"max-snippet:-1","max-image-preview":"max-image-preview:large","max-video-preview":"max-video-preview:-1"},"canonical":"https:\/\/www.estrategiaconcursos.com.br\/blog\/concurso-bombeiro-ba-recursos-gabarito\/","og_locale":"pt_BR","og_type":"article","og_title":"Concurso Bombeiro BA: confira a sugest\u00e3o de recursos da prova","og_description":"Concurso Bombeiro BA: confira a sugest\u00e3o de recursos contra o gabarito provis\u00f3rio da prova objetiva de Soldado.","og_url":"https:\/\/www.estrategiaconcursos.com.br\/blog\/concurso-bombeiro-ba-recursos-gabarito\/","og_site_name":"Estrat\u00e9gia Concursos","article_published_time":"2023-01-24T16:51:34+00:00","article_modified_time":"2023-01-26T20:29:39+00:00","og_image":[{"width":768,"height":432,"url":"https:\/\/dhg1h5j42swfq.cloudfront.net\/2021\/12\/18124712\/concurso-bombeiros-ba.jpg","type":"image\/jpeg"}],"author":"Thiago Cavalcante Gomes","twitter_card":"summary_large_image","twitter_creator":"@EstratConcursos","twitter_site":"@EstratConcursos","twitter_misc":{"Escrito por":"Thiago Cavalcante Gomes","Est. tempo de leitura":"7 minutos"},"schema":{"@context":"https:\/\/schema.org","@graph":[{"@type":"NewsArticle","@id":"https:\/\/www.estrategiaconcursos.com.br\/blog\/concurso-bombeiro-ba-recursos-gabarito\/#article","isPartOf":{"@id":"https:\/\/www.estrategiaconcursos.com.br\/blog\/concurso-bombeiro-ba-recursos-gabarito\/"},"author":{"name":"Thiago Cavalcante Gomes","@id":"https:\/\/www.estrategiaconcursos.com.br\/blog\/#\/schema\/person\/4970184533d0a3ffa5b0299ae0a2b21f"},"headline":"Concurso Bombeiro BA: confira a sugest\u00e3o de recursos da prova","datePublished":"2023-01-24T16:51:34+00:00","dateModified":"2023-01-26T20:29:39+00:00","mainEntityOfPage":{"@id":"https:\/\/www.estrategiaconcursos.com.br\/blog\/concurso-bombeiro-ba-recursos-gabarito\/"},"wordCount":1488,"commentCount":0,"publisher":{"@id":"https:\/\/www.estrategiaconcursos.com.br\/blog\/#organization"},"image":{"@id":"https:\/\/www.estrategiaconcursos.com.br\/blog\/concurso-bombeiro-ba-recursos-gabarito\/#primaryimage"},"thumbnailUrl":"https:\/\/dhg1h5j42swfq.cloudfront.net\/2021\/12\/18124712\/concurso-bombeiros-ba.jpg","articleSection":["Policial (PM\/BM - Pra\u00e7as)","\u00daltimas not\u00edcias"],"inLanguage":"pt-BR","potentialAction":[{"@type":"CommentAction","name":"Comment","target":["https:\/\/www.estrategiaconcursos.com.br\/blog\/concurso-bombeiro-ba-recursos-gabarito\/#respond"]}],"copyrightYear":"2023","copyrightHolder":{"@id":"https:\/\/www.estrategiaconcursos.com.br\/blog\/#organization"}},{"@type":"WebPage","@id":"https:\/\/www.estrategiaconcursos.com.br\/blog\/concurso-bombeiro-ba-recursos-gabarito\/","url":"https:\/\/www.estrategiaconcursos.com.br\/blog\/concurso-bombeiro-ba-recursos-gabarito\/","name":"Concurso Bombeiro BA: confira a sugest\u00e3o de recursos da prova","isPartOf":{"@id":"https:\/\/www.estrategiaconcursos.com.br\/blog\/#website"},"primaryImageOfPage":{"@id":"https:\/\/www.estrategiaconcursos.com.br\/blog\/concurso-bombeiro-ba-recursos-gabarito\/#primaryimage"},"image":{"@id":"https:\/\/www.estrategiaconcursos.com.br\/blog\/concurso-bombeiro-ba-recursos-gabarito\/#primaryimage"},"thumbnailUrl":"https:\/\/dhg1h5j42swfq.cloudfront.net\/2021\/12\/18124712\/concurso-bombeiros-ba.jpg","datePublished":"2023-01-24T16:51:34+00:00","dateModified":"2023-01-26T20:29:39+00:00","description":"Concurso Bombeiro BA: confira a sugest\u00e3o de recursos contra o gabarito provis\u00f3rio da prova objetiva de Soldado.","breadcrumb":{"@id":"https:\/\/www.estrategiaconcursos.com.br\/blog\/concurso-bombeiro-ba-recursos-gabarito\/#breadcrumb"},"inLanguage":"pt-BR","potentialAction":[{"@type":"ReadAction","target":["https:\/\/www.estrategiaconcursos.com.br\/blog\/concurso-bombeiro-ba-recursos-gabarito\/"]}]},{"@type":"ImageObject","inLanguage":"pt-BR","@id":"https:\/\/www.estrategiaconcursos.com.br\/blog\/concurso-bombeiro-ba-recursos-gabarito\/#primaryimage","url":"https:\/\/dhg1h5j42swfq.cloudfront.net\/2021\/12\/18124712\/concurso-bombeiros-ba.jpg","contentUrl":"https:\/\/dhg1h5j42swfq.cloudfront.net\/2021\/12\/18124712\/concurso-bombeiros-ba.jpg","width":768,"height":432,"caption":"Confira as possibilidades de recursos do concurso Bombeiros BA"},{"@type":"BreadcrumbList","@id":"https:\/\/www.estrategiaconcursos.com.br\/blog\/concurso-bombeiro-ba-recursos-gabarito\/#breadcrumb","itemListElement":[{"@type":"ListItem","position":1,"name":"In\u00edcio","item":"https:\/\/www.estrategiaconcursos.com.br\/blog\/"},{"@type":"ListItem","position":2,"name":"Concurso Bombeiro BA: confira a sugest\u00e3o de recursos da prova"}]},{"@type":"WebSite","@id":"https:\/\/www.estrategiaconcursos.com.br\/blog\/#website","url":"https:\/\/www.estrategiaconcursos.com.br\/blog\/","name":"Estrat\u00e9gia Concursos","description":"O blog da Estrat\u00e9gia Concursos traz not\u00edcias sobre concursos e artigos de professores oferecendo cursos para concursos (pdf + videaulas) no site.","publisher":{"@id":"https:\/\/www.estrategiaconcursos.com.br\/blog\/#organization"},"potentialAction":[{"@type":"SearchAction","target":{"@type":"EntryPoint","urlTemplate":"https:\/\/www.estrategiaconcursos.com.br\/blog\/?s={search_term_string}"},"query-input":{"@type":"PropertyValueSpecification","valueRequired":true,"valueName":"search_term_string"}}],"inLanguage":"pt-BR"},{"@type":"Organization","@id":"https:\/\/www.estrategiaconcursos.com.br\/blog\/#organization","name":"Estrat\u00e9gia Concursos","url":"https:\/\/www.estrategiaconcursos.com.br\/blog\/","logo":{"@type":"ImageObject","inLanguage":"pt-BR","@id":"https:\/\/www.estrategiaconcursos.com.br\/blog\/#\/schema\/logo\/image\/","url":"https:\/\/dhg1h5j42swfq.cloudfront.net\/2025\/06\/03203428\/logo_concursos-1.jpg","contentUrl":"https:\/\/dhg1h5j42swfq.cloudfront.net\/2025\/06\/03203428\/logo_concursos-1.jpg","width":230,"height":60,"caption":"Estrat\u00e9gia Concursos"},"image":{"@id":"https:\/\/www.estrategiaconcursos.com.br\/blog\/#\/schema\/logo\/image\/"},"sameAs":["https:\/\/x.com\/EstratConcursos"]},{"@type":"Person","@id":"https:\/\/www.estrategiaconcursos.com.br\/blog\/#\/schema\/person\/4970184533d0a3ffa5b0299ae0a2b21f","name":"Thiago Cavalcante Gomes","image":{"@type":"ImageObject","inLanguage":"pt-BR","@id":"https:\/\/secure.gravatar.com\/avatar\/?s=96&d=mm&r=g","url":"https:\/\/secure.gravatar.com\/avatar\/?s=96&d=mm&r=g","contentUrl":"https:\/\/secure.gravatar.com\/avatar\/?s=96&d=mm&r=g","caption":"Thiago Cavalcante Gomes"},"url":"https:\/\/www.estrategiaconcursos.com.br\/blog\/author\/thiago-gomes\/"}]}},"_links":{"self":[{"href":"https:\/\/www.estrategiaconcursos.com.br\/blog\/wp-json\/wp\/v2\/posts\/1158262","targetHints":{"allow":["GET"]}}],"collection":[{"href":"https:\/\/www.estrategiaconcursos.com.br\/blog\/wp-json\/wp\/v2\/posts"}],"about":[{"href":"https:\/\/www.estrategiaconcursos.com.br\/blog\/wp-json\/wp\/v2\/types\/post"}],"author":[{"embeddable":true,"href":"https:\/\/www.estrategiaconcursos.com.br\/blog\/wp-json\/wp\/v2\/users\/2041"}],"replies":[{"embeddable":true,"href":"https:\/\/www.estrategiaconcursos.com.br\/blog\/wp-json\/wp\/v2\/comments?post=1158262"}],"version-history":[{"count":7,"href":"https:\/\/www.estrategiaconcursos.com.br\/blog\/wp-json\/wp\/v2\/posts\/1158262\/revisions"}],"predecessor-version":[{"id":1159868,"href":"https:\/\/www.estrategiaconcursos.com.br\/blog\/wp-json\/wp\/v2\/posts\/1158262\/revisions\/1159868"}],"wp:featuredmedia":[{"embeddable":true,"href":"https:\/\/www.estrategiaconcursos.com.br\/blog\/wp-json\/wp\/v2\/media\/1062800"}],"wp:attachment":[{"href":"https:\/\/www.estrategiaconcursos.com.br\/blog\/wp-json\/wp\/v2\/media?parent=1158262"}],"wp:term":[{"taxonomy":"category","embeddable":true,"href":"https:\/\/www.estrategiaconcursos.com.br\/blog\/wp-json\/wp\/v2\/categories?post=1158262"},{"taxonomy":"post_tag","embeddable":true,"href":"https:\/\/www.estrategiaconcursos.com.br\/blog\/wp-json\/wp\/v2\/tags?post=1158262"},{"taxonomy":"tax_estado","embeddable":true,"href":"https:\/\/www.estrategiaconcursos.com.br\/blog\/wp-json\/wp\/v2\/tax_estado?post=1158262"}],"curies":[{"name":"wp","href":"https:\/\/api.w.org\/{rel}","templated":true}]}}