{"id":1157955,"date":"2023-03-13T23:59:00","date_gmt":"2023-03-14T02:59:00","guid":{"rendered":"https:\/\/www.estrategiaconcursos.com.br\/blog\/?p=1157955"},"modified":"2023-03-14T08:36:18","modified_gmt":"2023-03-14T11:36:18","slug":"concurso-pericia-se-edital-publicado","status":"publish","type":"post","link":"https:\/\/www.estrategiaconcursos.com.br\/blog\/concurso-pericia-se-edital-publicado\/","title":{"rendered":"Edital Per\u00edcia SE: inscri\u00e7\u00f5es encerradas para 60 vagas"},"content":{"rendered":"\n<p>Est\u00e3o encerradas as inscri\u00e7\u00f5es do <strong>edital Per\u00edcia SE<\/strong> (<a href=\"https:\/\/www.estrategiaconcursos.com.br\/cursosPorConcurso\/secretaria-de-seguranca-publica-de-sergipe-ssp-se\/\" target=\"_blank\" rel=\"noreferrer noopener\">Coordenaria-Geral de Per\u00edcias<\/a>) que oferta <strong>60 vagas<\/strong> para candidatos nos n\u00edveis m\u00e9dio e superior.<\/p>\n\n\n\n<p>Ap\u00f3s ter o prazo prorrogado, os interessados puderam se candidatar at\u00e9 o dia <strong>13 de mar\u00e7o<\/strong>, no site da banca organizadora, <a href=\"http:\/\/concurso.idecan.org.br\/Concurso.aspx?ID=73\" target=\"_blank\" rel=\"noreferrer noopener\">Idecan<\/a>, ao custo de R$ 90,00 a R$ 180,00. A aplica\u00e7\u00e3o da prova segue prevista no dia 09 de abril.<\/p>\n\n\n\n<p>As oportunidades s\u00e3o distribu\u00eddas entre os cargos de&nbsp;<a href=\"https:\/\/www.estrategiaconcursos.com.br\/curso\/pericia-se-agente-tecnico-de-necropsia-pacote-2023-pos-edital\/\" target=\"_blank\" rel=\"noreferrer noopener\">Agente T\u00e9cnico de Necropsia<\/a>, <a href=\"https:\/\/www.estrategiaconcursos.com.br\/curso\/pericia-se-papiloscopista-pacote-2023-pos-edital\/\" target=\"_blank\" rel=\"noreferrer noopener\">Papiloscopista<\/a>, Perito Criminal\u00edstico, Perito Odonto-Legal e&nbsp;Perito M\u00e9dico-Legal. Os sal\u00e1rios variam de R$ 5.472,76 a R$ 13.289,48.<\/p>\n\n\n\n<ul class=\"has-very-light-gray-to-cyan-bluish-gray-gradient-background has-background wp-block-list\">\n<li><strong>Banca:<\/strong> Idecan<\/li>\n\n\n\n<li><strong>Vagas:<\/strong> 60<\/li>\n\n\n\n<li><strong>Sal\u00e1rio inicial:<\/strong> R$ 5.472,76 a R$ 13.289,48<\/li>\n\n\n\n<li><strong>Edital:<\/strong> <a href=\"https:\/\/dhg1h5j42swfq.cloudfront.net\/2023\/01\/24004039\/edital-pericia-se.pdf\" target=\"_blank\" rel=\"noreferrer noopener nofollow\">Per\u00edcia SE-2023<\/a><\/li>\n<\/ul>\n\n\n\n<div class=\"container\" id=\"boxes\">\n  <div class=\"row\">\n\n    <div class=\"col-sm\">\n      <div class=\"banner-adm\" id=\"box-assinatura\">\n        <h3 class=\"titulo-assinatura\">Concurso Per\u00edcia SE<\/h3>\n        <p class=\"subtitulo-assinatura\">Conhe\u00e7a os cursos<\/p>\n        <div class=\"box-botao\">\n          <a class=\"btn-assinatura\" target=\"_blank\" href=\"https:\/\/www.estrategiaconcursos.com.br\/cursosPorConcurso\/secretaria-de-seguranca-publica-de-sergipe-ssp-se\/\" role=\"button\" rel=\"noopener noreferrer\">Conhe\u00e7a mais<\/a>\n        <\/div>\n      <\/div>\n    \n    <\/div>\n\n  <\/div>\n<\/div>\n\n\n\n<h2 class=\"wp-block-heading\" id=\"datas\">Principais datas do concurso<\/h2>\n\n\n\n<ul class=\"wp-block-list\">\n<li><strong>Inscri\u00e7\u00f5es<\/strong>: <s>30 de janeiro a 13 de mar\u00e7o<\/s><\/li>\n\n\n\n<li><strong>Isen\u00e7\u00e3o da taxa<\/strong>: <s>30 de janeiro a 1\u00ba de fevereiro<\/s><\/li>\n\n\n\n<li><strong>\u00daltimo dia para pagamento<\/strong>: 14 de mar\u00e7o<\/li>\n\n\n\n<li><strong>Prova<\/strong>: 09 de abril<\/li>\n<\/ul>\n\n\n\n<p><strong>Taxas de inscri\u00e7\u00e3o:<\/strong><\/p>\n\n\n\n<ul class=\"wp-block-list\">\n<li>Agente T\u00e9cnico de Necr\u00f3psia: R$ 90,00<\/li>\n\n\n\n<li>Papiloscopista: R$ 120,00<\/li>\n\n\n\n<li>Perito Criminal\u00edstico, Perito M\u00e9dico-Legal e Perito Odonto-Legal: R$ 180,00<\/li>\n<\/ul>\n\n\n\n<h2 class=\"wp-block-heading\" id=\"cargos-vagas\">Cargos e vagas do edital Per\u00edcia SE<\/h2>\n\n\n\n<h3 class=\"wp-block-heading\" id=\"medio\">Ensino m\u00e9dio<\/h3>\n\n\n\n<figure class=\"wp-block-table is-style-stripes\"><table class=\"has-very-light-gray-to-cyan-bluish-gray-gradient-background has-background has-fixed-layout\"><thead><tr><th class=\"has-text-align-center\" data-align=\"center\">Cargos<\/th><th class=\"has-text-align-center\" data-align=\"center\">Vagas<\/th><th class=\"has-text-align-center\" data-align=\"center\">Sal\u00e1rio<\/th><\/tr><\/thead><tbody><tr><td class=\"has-text-align-center\" data-align=\"center\"><a href=\"https:\/\/www.estrategiaconcursos.com.br\/curso\/pericia-se-agente-tecnico-de-necropsia-pacote-2023-pos-edital\/\" target=\"_blank\" rel=\"noreferrer noopener\">Agente T\u00e9cnico de Necropsia<\/a><\/td><td class=\"has-text-align-center\" data-align=\"center\">01<\/td><td class=\"has-text-align-center\" data-align=\"center\">R$ 5.472,76<\/td><\/tr><\/tbody><\/table><\/figure>\n\n\n\n<h3 class=\"wp-block-heading\" id=\"superior\">N\u00edvel superior<\/h3>\n\n\n\n<figure class=\"wp-block-table is-style-stripes\"><table class=\"has-very-light-gray-to-cyan-bluish-gray-gradient-background has-background has-fixed-layout\"><thead><tr><th class=\"has-text-align-center\" data-align=\"center\">Cargos<\/th><th class=\"has-text-align-center\" data-align=\"center\">Vagas<\/th><th class=\"has-text-align-center\" data-align=\"center\">Sal\u00e1rio<\/th><\/tr><\/thead><tbody><tr><td class=\"has-text-align-center\" data-align=\"center\"><a href=\"https:\/\/www.estrategiaconcursos.com.br\/curso\/pericia-se-papiloscopista-pacote-2023-pos-edital\/\" target=\"_blank\" rel=\"noreferrer noopener\">Papiloscopista<\/a><\/td><td class=\"has-text-align-center\" data-align=\"center\">10<\/td><td class=\"has-text-align-center\" data-align=\"center\"> R$ 5.472,76<\/td><\/tr><tr><td class=\"has-text-align-center\" data-align=\"center\">Perito Criminal\u00edstico<\/td><td class=\"has-text-align-center\" data-align=\"center\">33<\/td><td class=\"has-text-align-center\" data-align=\"center\">R$ 13.289,48<\/td><\/tr><tr><td class=\"has-text-align-center\" data-align=\"center\">Perito M\u00e9dico-Legal<\/td><td class=\"has-text-align-center\" data-align=\"center\">15<\/td><td class=\"has-text-align-center\" data-align=\"center\">R$ 13.289,48<\/td><\/tr><tr><td class=\"has-text-align-center\" data-align=\"center\">Perito Odonto-Legal<\/td><td class=\"has-text-align-center\" data-align=\"center\">01<\/td><td class=\"has-text-align-center\" data-align=\"center\">R$ 13.289,48<\/td><\/tr><\/tbody><\/table><\/figure>\n\n\n\n<p><strong>Especialidades de Perito Criminal\u00edstico<\/strong><\/p>\n\n\n\n<ul class=\"wp-block-list\">\n<li>\u00c1REA 1: Ci\u00eancias cont\u00e1beis ou Ci\u00eancias Econ\u00f4micas;<\/li>\n\n\n\n<li>\u00c1REA 2: <a href=\"https:\/\/www.estrategiaconcursos.com.br\/curso\/pericia-se-perito-criminalistico-area-2-engenharia-eletrica-engenharia-eletronica-engenharia-de-redes-de-comunicacao-pacote-2023-pos-edital\/\" target=\"_blank\" rel=\"noreferrer noopener\">Engenharia El\u00e9trica, Engenharia Eletr\u00f4nica, Engenharia de Redes de Comunica\u00e7\u00e3o ou Engenharia de Telecomunica\u00e7\u00f5es<\/a>;<\/li>\n\n\n\n<li>\u00c1REA 3: <a href=\"https:\/\/www.estrategiaconcursos.com.br\/curso\/pericia-se-perito-criminalistico-area-3-analise-de-sistemas-ciencias-da-computacao-engenharia-da-computacao-informatica-pacote-2023-pos-edital\/\" target=\"_blank\" rel=\"noreferrer noopener\">An\u00e1lise de Sistemas, Ci\u00eancias da Computa\u00e7\u00e3o, Engenharia da Computa\u00e7\u00e3o, Inform\u00e1tica, Tecnologia de Processamento de Dados ou Sistema de Informa\u00e7\u00e3o<\/a>;<\/li>\n\n\n\n<li>\u00c1REA 4: <a href=\"https:\/\/www.estrategiaconcursos.com.br\/curso\/pericia-se-perito-criminalistico-area-4-engenharia-agronomica-ou-engenharia-florestal-pacote-2023-pos-edital\/\" target=\"_blank\" rel=\"noreferrer noopener\">Engenharia Agron\u00f4mica ou Engenharia Florestal<\/a>;<\/li>\n\n\n\n<li>\u00c1REA 5: <a href=\"https:\/\/www.estrategiaconcursos.com.br\/curso\/pericia-se-perito-criminalistico-area-5-farmacia-bioquimica-biomedicina-ou-biologia-pacote-2023-pos-edital\/\" target=\"_blank\" rel=\"noreferrer noopener\">Farm\u00e1cia, Bioqu\u00edmica, Biomedicina ou Biologia<\/a>;<\/li>\n\n\n\n<li>\u00c1REA 6: <a href=\"https:\/\/www.estrategiaconcursos.com.br\/curso\/pericia-se-perito-criminalistico-area-6-engenharia-civil-matematica-ou-fisica-pacote-2023-pos-edital\/\" target=\"_blank\" rel=\"noreferrer noopener\">Engenharia Civil, Matem\u00e1tica ou F\u00edsica<\/a>;<\/li>\n\n\n\n<li>\u00c1REA 7: <a href=\"https:\/\/www.estrategiaconcursos.com.br\/curso\/pericia-se-perito-criminalistico-area-7-engenharia-quimica-quimica-industrial-ou-quimica-pacote-2023-pos-edital\/\" target=\"_blank\" rel=\"noreferrer noopener\">Engenharia Qu\u00edmica, Qu\u00edmica Industrial ou Qu\u00edmica<\/a>;<\/li>\n\n\n\n<li>\u00c1REA 8: <a href=\"https:\/\/www.estrategiaconcursos.com.br\/curso\/pericia-se-perito-criminalistico-area-8-engenharia-mecanica-ou-mecatronica-pacote-2023-pos-edital\/\" target=\"_blank\" rel=\"noreferrer noopener\">Engenharia Mec\u00e2nica ou Engenharia Mecatr\u00f4nica<\/a>;<\/li>\n\n\n\n<li>\u00c1REA 9: <a href=\"https:\/\/www.estrategiaconcursos.com.br\/curso\/pericia-se-perito-criminalistico-area-9-medicina-veterinaria-pacote-2023-pos-edital\/\" target=\"_blank\" rel=\"noreferrer noopener\">Medicina Veterin\u00e1ria<\/a>.<\/li>\n<\/ul>\n\n\n\n<p><strong>Especialidades de M\u00e9dico-Legal<\/strong><\/p>\n\n\n\n<ul class=\"wp-block-list\">\n<li>\u00c1REA 1: Geral;<\/li>\n\n\n\n<li>\u00c1REA 2: Patologia.<\/li>\n<\/ul>\n\n\n\n<h2 class=\"wp-block-heading\" id=\"etapas\">Etapas e provas do edital Per\u00edcia SE<\/h2>\n\n\n\n<p>De acordo com o edital Per\u00edcia SE, os candidatos ser\u00e3o avaliados mediante aplica\u00e7\u00e3o das seguintes etapas:<\/p>\n\n\n\n<p><strong><span style=\"text-decoration: underline;\">1\u00ba Etapa:<\/span><\/strong><\/p>\n\n\n\n<ul class=\"wp-block-list\">\n<li>Provas Escritas (Objetiva e Discursiva), de car\u00e1ter eliminat\u00f3rio e classificat\u00f3rio;<\/li>\n\n\n\n<li>Per\u00edcia M\u00e9dica (PCD), de car\u00e1ter eliminat\u00f3rio;<\/li>\n\n\n\n<li>Heteroidentifica\u00e7\u00e3o (afrodescendentes), de car\u00e1ter eliminat\u00f3rio;<\/li>\n\n\n\n<li>Prova de T\u00edtulos,  de car\u00e1ter classificat\u00f3rio;<\/li>\n\n\n\n<li>Avalia\u00e7\u00e3o Psicol\u00f3gica, de car\u00e1ter eliminat\u00f3rio;<\/li>\n\n\n\n<li>Exames Biom\u00e9dico e Toxicol\u00f3gico, de car\u00e1ter eliminat\u00f3rio; e<\/li>\n\n\n\n<li>Sindic\u00e2ncia da Vida Pregressa.<\/li>\n<\/ul>\n\n\n\n<p><strong><span style=\"text-decoration: underline;\">2\u00ba Etapa:<\/span><\/strong><\/p>\n\n\n\n<ul class=\"wp-block-list\">\n<li>Curso de Forma\u00e7\u00e3o e Treinamento Profissional, de car\u00e1ter eliminat\u00f3rio.<\/li>\n<\/ul>\n\n\n\n<h3 class=\"wp-block-heading\" id=\"objetiva\">Provas Objetivas<\/h3>\n\n\n\n<p>As provas objetivas ser\u00e3o compostas por 80 quest\u00f5es de m\u00faltipla escolha para cargos de n\u00edvel superior e de 60 para os de n\u00edvel m\u00e9dio, com cinco alternativas cada.<\/p>\n\n\n\n<p>A etapa ser\u00e1 aplicada na data prov\u00e1vel de 09 de abril, no per\u00edodo da manh\u00e3 (8h \u00e0s 12h) para Agente T\u00e9cnico e Papiloscopista e no turno da tarde (14h \u00e0s 18h) aos demais candidatos.<\/p>\n\n\n\n<ul class=\"wp-block-list\">\n<li><strong>Agente T\u00e9cnico de Necropsia:<\/strong>\n<ul class=\"wp-block-list\">\n<li><em>L\u00edngua Portuguesa &#8211; 5 quest\u00f5es (peso 1,0)<\/em><\/li>\n\n\n\n<li><em>No\u00e7\u00f5es de Inform\u00e1tica &#8211; 5 quest\u00f5es (peso 1,0) <\/em><\/li>\n\n\n\n<li><em>No\u00e7\u00f5es de Criminal\u00edstica e Medicina Legal &#8211; 9 quest\u00f5es (peso 1,0) <\/em><\/li>\n\n\n\n<li><em>No\u00e7\u00f5es de Direito Constitucional, Administrativo, Penal e Processual Penal &#8211; 8 quest\u00f5es (peso 1,0) <\/em><\/li>\n\n\n\n<li><em>Legisla\u00e7\u00e3o Especial &#8211; 5 quest\u00f5es (peso 1,0) <\/em><\/li>\n\n\n\n<li><em>Hist\u00f3ria e Geografia do Estado de Sergipe &#8211; 8 quest\u00f5es (peso 1,0) <\/em><\/li>\n\n\n\n<li><em>Conhecimentos espec\u00edficos &#8211; 20 quest\u00f5es (peso 2,0)<\/em><\/li>\n<\/ul>\n<\/li>\n<\/ul>\n\n\n\n<ul class=\"wp-block-list\">\n<li><strong>Papiloscopista, Perito Criminal\u00edstico, Perito M\u00e9dico-Legal e Perito Odonto-Legal:<\/strong><ul><li><em>L\u00edngua Portuguesa &#8211; 5 quest\u00f5es (peso 1,0)<\/em><\/li><li><em>No\u00e7\u00f5es de Inform\u00e1tica &#8211; 5 quest\u00f5es (peso 1,0) <\/em><\/li><li><em style=\"color: initial;\">No\u00e7\u00f5es de Direito Constitucional, Administrativo, Penal e Processual Penal &#8211; 10 quest\u00f5es (peso 1,0)<\/em><\/li><li><em>No\u00e7\u00f5es de Criminal\u00edstica e Medicina Legal &#8211; 15 quest\u00f5es (peso 1,0) <\/em><em style=\"color: initial;\"> <\/em><\/li><\/ul>\n<ul class=\"wp-block-list\">\n<li><em>Legisla\u00e7\u00e3o Especial &#8211; 5 quest\u00f5es (peso 1,0) <\/em><\/li>\n\n\n\n<li><em>Hist\u00f3ria e Geografia do Estado de Sergipe &#8211; 10 quest\u00f5es (peso 1,0) <\/em><\/li>\n\n\n\n<li><em>Conhecimentos espec\u00edficos &#8211; 30 quest\u00f5es (peso 2,0)<\/em><\/li>\n<\/ul>\n<\/li>\n<\/ul>\n\n\n\n<p>Ser\u00e1 reprovado nas provas objetivas e eliminado do concurso Per\u00edcia SE o candidato que se enquadrar em pelo menos um dos itens a seguir:<\/p>\n\n\n\n<ul class=\"wp-block-list\">\n<li>a) Obtiver nota inferior a 50% da pontua\u00e7\u00e3o m\u00e1xima da Prova Escrita Objetiva;<\/li>\n\n\n\n<li>b) Obtiver nota superior a 50% da pontua\u00e7\u00e3o m\u00e1xima da Prova Escrita Objetiva, em nenhuma das \u00e1reas de conhecimento.<\/li>\n\n\n\n<li>c) Obtiver nota superior a 50% da pontua\u00e7\u00e3o m\u00e1xima da Prova Escrita Objetiva, por\u00e9m classifica\u00e7\u00e3o acima do n\u00famero de 10 vezes o quantitativo de vagas por cargo\/\u00e1rea de forma\u00e7\u00e3o.<\/li>\n<\/ul>\n\n\n\n<h3 class=\"wp-block-heading\">Provas Discursivas<\/h3>\n\n\n\n<p>As provas discursivas ser\u00e3o aplicadas no mesmo dia das objetivas e ser\u00e3o constitu\u00eddas pela reda\u00e7\u00e3o de um texto dissertativo, de at\u00e9 30 linhas, a respeito dos temas No\u00e7\u00f5es de Criminal\u00edstica e\/ou Direito Processual Penal.<\/p>\n\n\n\n<p>Com o total de 10 pontos, ser\u00e3o considerados os seguintes elementos de avalia\u00e7\u00e3o:<\/p>\n\n\n\n<ul class=\"wp-block-list\">\n<li>Apresenta\u00e7\u00e3o e legibilidade: 1 ponto;<\/li>\n\n\n\n<li>Coer\u00eancia e Coes\u00e3o; 3 pontos;<\/li>\n\n\n\n<li>Texto: 3 pontos; e<\/li>\n\n\n\n<li>Linguagem: 3 pontos.<\/li>\n<\/ul>\n\n\n\n<h3 class=\"wp-block-heading\" id=\"titulos\">Avalia\u00e7\u00e3o de T\u00edtulos<\/h3>\n\n\n\n<p>A prova de t\u00edtulos do edital Per\u00edcia SE ser\u00e1 aplicada exclusivamente para os cargos de Perito Criminal\u00edstico, Perito M\u00e9dico-Legal e Perito Odonto-Legal, desde que n\u00e3o eliminados nas provas anteriores.<\/p>\n\n\n\n<p>A etapa tem como objetivo avaliar o aperfei\u00e7oamento profissional e\/ou experi\u00eancia profissional na \u00e1rea e contar\u00e1 com a seguinte pontua\u00e7\u00e3o:<\/p>\n\n\n\n<figure class=\"wp-block-image aligncenter size-full\"><img loading=\"lazy\" decoding=\"async\" width=\"608\" height=\"454\" src=\"https:\/\/dhg1h5j42swfq.cloudfront.net\/2023\/03\/14083548\/image-153.png\" alt=\"Prova de T\u00edtulos do edital Per\u00edcia SE\" class=\"wp-image-1186125\" srcset=\"https:\/\/dhg1h5j42swfq.cloudfront.net\/2023\/03\/14083548\/image-153.png 608w, https:\/\/dhg1h5j42swfq.cloudfront.net\/2023\/03\/14083548\/image-153-300x224.png 300w, https:\/\/dhg1h5j42swfq.cloudfront.net\/2023\/03\/14083548\/image-153-150x112.png 150w\" sizes=\"auto, (max-width: 608px) 100vw, 608px\" \/><figcaption class=\"wp-element-caption\">Prova de T\u00edtulos do edital Per\u00edcia SE<\/figcaption><\/figure>\n\n\n\n<h2 class=\"has-text-align-center has-cyan-bluish-gray-background-color has-background has-medium-font-size wp-block-heading\" id=\"cursos\"><a href=\"https:\/\/www.estrategiaconcursos.com.br\/blog\/concurso-pericia-se\/\" target=\"_blank\" rel=\"noreferrer noopener\">Concurso Per\u00edcia Sergipe<\/a><\/h2>\n\n\n\n<hr class=\"wp-block-separator has-css-opacity\"\/>\n\n\n\n<h2 class=\"has-text-align-center wp-block-heading\" id=\"h-quer-saber-tudo-sobre-concursos-previstos-confira-nossos-artigos\">Quer saber tudo sobre concursos previstos?<br \/>Confira  nossos artigos!<\/h2>\n\n\n\n<ul class=\"wp-block-list\">\n<li><a href=\"https:\/\/www.estrategiaconcursos.com.br\/blog\/concursos-abertos\/\" target=\"_blank\" rel=\"noreferrer noopener\">Concursos abertos<\/a><\/li>\n\n\n\n<li><a href=\"https:\/\/www.estrategiaconcursos.com.br\/blog\/concursos-2023\/\" target=\"_blank\" rel=\"noreferrer noopener\">Concursos 2023<\/a><\/li>\n<\/ul>\n\n\n\n<h2 class=\"has-text-align-center wp-block-heading\" id=\"cursos-assinatura\">Quer estudar para o Edital Per\u00edcia SE?<\/h2>\n\n\n\n<div class=\"container\" id=\"boxes\">\n  <div class=\"row\">\n\n    <div class=\"col-sm\">\n      <div class=\"banner-adm\" id=\"box-assinatura\">\n        <h3 class=\"titulo-assinatura\">Concurso Per\u00edcia SE<\/h3>\n        <p class=\"subtitulo-assinatura\">Conhe\u00e7a os cursos<\/p>\n        <div class=\"box-botao\">\n          <a class=\"btn-assinatura\" target=\"_blank\" href=\"https:\/\/www.estrategiaconcursos.com.br\/cursosPorConcurso\/secretaria-de-seguranca-publica-de-sergipe-ssp-se\/\" role=\"button\" rel=\"noopener noreferrer\">Conhe\u00e7a mais<\/a>\n        <\/div>\n      <\/div>\n    \n    <\/div>\n\n  <\/div>\n<\/div>\n\n\n\n<div class=\"container\" id=\"boxes\">\n  <div class=\"row\">\n\n    <div class=\"col-sm\">\n      <div class=\"estrategia\" id=\"box-assinatura\">\n        <h3 class=\"titulo-assinatura\">Assinatura Concursos<\/h3>\n        <p class=\"subtitulo-assinatura\">Assinatura de 1 ano ou 2 anos<\/p>\n        <div class=\"box-botao\">\n          <a class=\"btn-assinatura\" target=\"_blank\" href=\"https:\/\/www.estrategiaconcursos.com.br\/assinaturas\/\" role=\"button\" rel=\"noopener noreferrer\">ASSINE AGORA<\/a>\n        <\/div>\n      <\/div><\/div><\/div><\/div>\n\n\n\n<figure class=\"wp-block-image size-large is-resized\"><img loading=\"lazy\" decoding=\"async\" src=\"https:\/\/dhg1h5j42swfq.cloudfront.net\/2025\/06\/27101122\/ficha-tecnica-1-1024x632.png\" alt=\"\" class=\"wp-image-702728\" width=\"269\" height=\"166\" srcset=\"https:\/\/dhg1h5j42swfq.cloudfront.net\/2025\/06\/27101122\/ficha-tecnica-1-1024x632.png 1024w, https:\/\/dhg1h5j42swfq.cloudfront.net\/2025\/06\/27101122\/ficha-tecnica-1-300x185.png 300w, https:\/\/dhg1h5j42swfq.cloudfront.net\/2025\/06\/27101122\/ficha-tecnica-1-768x474.png 768w, https:\/\/dhg1h5j42swfq.cloudfront.net\/2025\/06\/27101122\/ficha-tecnica-1-1536x948.png 1536w, https:\/\/dhg1h5j42swfq.cloudfront.net\/2025\/06\/27101122\/ficha-tecnica-1-610x377.png 610w, https:\/\/dhg1h5j42swfq.cloudfront.net\/2025\/06\/27101122\/ficha-tecnica-1.png 1571w\" sizes=\"auto, (max-width: 269px) 100vw, 269px\" \/><\/figure>\n\n\n\n<h3 class=\"wp-block-heading\" id=\"ficha\">Informa\u00e7\u00f5es do Edital Per\u00edcia SE<\/h3>\n\n\n\n<ul class=\"wp-block-list\">\n<li><strong style=\"color: initial;\">Provas<\/strong><span style=\"color: initial;\">: <\/span>09\/04\/2023<\/li>\n\n\n\n<li><strong>Vagas<\/strong>: 60<\/li>\n\n\n\n<li><strong>Cargos<\/strong>: v\u00e1rios<\/li>\n\n\n\n<li><strong>Banca<\/strong>: Idecan<\/li>\n\n\n\n<li><strong>Escolaridade<\/strong>: n\u00edveis m\u00e9dio e superior<\/li>\n\n\n\n<li><strong>Edital<\/strong>:&nbsp;<a href=\"https:\/\/dhg1h5j42swfq.cloudfront.net\/2023\/01\/24004039\/edital-pericia-se.pdf\" target=\"_blank\" rel=\"noreferrer noopener nofollow\">Per\u00edcia SE-2023<\/a><\/li>\n<\/ul>\n","protected":false},"excerpt":{"rendered":"<p>Est\u00e3o encerradas as inscri\u00e7\u00f5es do edital Per\u00edcia SE (Coordenaria-Geral de Per\u00edcias) que oferta 60 vagas para candidatos nos n\u00edveis m\u00e9dio e superior. Ap\u00f3s ter o prazo prorrogado, os interessados puderam se candidatar at\u00e9 o dia 13 de mar\u00e7o, no site da banca organizadora, Idecan, ao custo de R$ 90,00 a R$ 180,00. A aplica\u00e7\u00e3o da [&hellip;]<\/p>\n","protected":false},"author":1206,"featured_media":874275,"comment_status":"open","ping_status":"closed","sticky":false,"template":"","format":"standard","meta":{"post_tipo":"news","footnotes":""},"categories":[220190,220219],"tags":[],"tax_estado":[219988],"class_list":["post-1157955","post","type-post","status-publish","format-standard","has-post-thumbnail","hentry","category-policial-peritos","category-noticias","tax_estado-se"],"acf":[],"yoast_head":"<!-- This site is optimized with the Yoast SEO Premium plugin v27.2 (Yoast SEO v27.2) - https:\/\/yoast.com\/product\/yoast-seo-premium-wordpress\/ -->\n<title>Edital Per\u00edcia SE: inscri\u00e7\u00f5es encerradas para 60 vagas<\/title>\n<meta name=\"description\" content=\"Edital Per\u00edcia SE tem seu edital publicado com a oferta de 60 vagas de n\u00edveis m\u00e9dio e superior de escolaridade. Confira os detalhes!\" \/>\n<meta name=\"robots\" content=\"index, follow, max-snippet:-1, max-image-preview:large, max-video-preview:-1\" \/>\n<link rel=\"canonical\" href=\"https:\/\/www.estrategiaconcursos.com.br\/blog\/concurso-pericia-se-edital-publicado\/\" \/>\n<meta property=\"og:locale\" content=\"pt_BR\" \/>\n<meta property=\"og:type\" content=\"article\" \/>\n<meta property=\"og:title\" content=\"Edital Per\u00edcia SE: inscri\u00e7\u00f5es encerradas para 60 vagas\" \/>\n<meta property=\"og:description\" content=\"Edital Per\u00edcia SE tem seu edital publicado com a oferta de 60 vagas de n\u00edveis m\u00e9dio e superior de escolaridade. Confira os detalhes!\" \/>\n<meta property=\"og:url\" content=\"https:\/\/www.estrategiaconcursos.com.br\/blog\/concurso-pericia-se-edital-publicado\/\" \/>\n<meta property=\"og:site_name\" content=\"Estrat\u00e9gia Concursos\" \/>\n<meta property=\"article:published_time\" content=\"2023-03-14T02:59:00+00:00\" \/>\n<meta property=\"article:modified_time\" content=\"2023-03-14T11:36:18+00:00\" \/>\n<meta property=\"og:image\" content=\"https:\/\/dhg1h5j42swfq.cloudfront.net\/2021\/09\/30105830\/pericia-se.jpg\" \/>\n\t<meta property=\"og:image:width\" content=\"768\" \/>\n\t<meta property=\"og:image:height\" content=\"432\" \/>\n\t<meta property=\"og:image:type\" content=\"image\/jpeg\" \/>\n<meta name=\"author\" content=\"Bruna de Andrade Fran\u00e7a\" \/>\n<meta name=\"twitter:card\" content=\"summary_large_image\" \/>\n<meta name=\"twitter:creator\" content=\"@EstratConcursos\" \/>\n<meta name=\"twitter:site\" content=\"@EstratConcursos\" \/>\n<meta name=\"twitter:label1\" content=\"Escrito por\" \/>\n\t<meta name=\"twitter:data1\" content=\"Bruna de Andrade Fran\u00e7a\" \/>\n\t<meta name=\"twitter:label2\" content=\"Est. tempo de leitura\" \/>\n\t<meta name=\"twitter:data2\" content=\"5 minutos\" \/>\n<script type=\"application\/ld+json\" class=\"yoast-schema-graph\">{\"@context\":\"https:\/\/schema.org\",\"@graph\":[{\"@type\":\"NewsArticle\",\"@id\":\"https:\/\/www.estrategiaconcursos.com.br\/blog\/concurso-pericia-se-edital-publicado\/#article\",\"isPartOf\":{\"@id\":\"https:\/\/www.estrategiaconcursos.com.br\/blog\/concurso-pericia-se-edital-publicado\/\"},\"author\":{\"name\":\"Bruna de Andrade Fran\u00e7a\",\"@id\":\"https:\/\/www.estrategiaconcursos.com.br\/blog\/#\/schema\/person\/6630f91134abc08115cca62ce6372855\"},\"headline\":\"Edital Per\u00edcia SE: inscri\u00e7\u00f5es encerradas para 60 vagas\",\"datePublished\":\"2023-03-14T02:59:00+00:00\",\"dateModified\":\"2023-03-14T11:36:18+00:00\",\"mainEntityOfPage\":{\"@id\":\"https:\/\/www.estrategiaconcursos.com.br\/blog\/concurso-pericia-se-edital-publicado\/\"},\"wordCount\":977,\"commentCount\":0,\"publisher\":{\"@id\":\"https:\/\/www.estrategiaconcursos.com.br\/blog\/#organization\"},\"image\":{\"@id\":\"https:\/\/www.estrategiaconcursos.com.br\/blog\/concurso-pericia-se-edital-publicado\/#primaryimage\"},\"thumbnailUrl\":\"https:\/\/dhg1h5j42swfq.cloudfront.net\/2021\/09\/30105830\/pericia-se.jpg\",\"articleSection\":[\"Policial (Peritos, Papiloscopistas)\",\"\u00daltimas not\u00edcias\"],\"inLanguage\":\"pt-BR\",\"potentialAction\":[{\"@type\":\"CommentAction\",\"name\":\"Comment\",\"target\":[\"https:\/\/www.estrategiaconcursos.com.br\/blog\/concurso-pericia-se-edital-publicado\/#respond\"]}],\"copyrightYear\":\"2023\",\"copyrightHolder\":{\"@id\":\"https:\/\/www.estrategiaconcursos.com.br\/blog\/#organization\"}},{\"@type\":\"WebPage\",\"@id\":\"https:\/\/www.estrategiaconcursos.com.br\/blog\/concurso-pericia-se-edital-publicado\/\",\"url\":\"https:\/\/www.estrategiaconcursos.com.br\/blog\/concurso-pericia-se-edital-publicado\/\",\"name\":\"Edital Per\u00edcia SE: inscri\u00e7\u00f5es encerradas para 60 vagas\",\"isPartOf\":{\"@id\":\"https:\/\/www.estrategiaconcursos.com.br\/blog\/#website\"},\"primaryImageOfPage\":{\"@id\":\"https:\/\/www.estrategiaconcursos.com.br\/blog\/concurso-pericia-se-edital-publicado\/#primaryimage\"},\"image\":{\"@id\":\"https:\/\/www.estrategiaconcursos.com.br\/blog\/concurso-pericia-se-edital-publicado\/#primaryimage\"},\"thumbnailUrl\":\"https:\/\/dhg1h5j42swfq.cloudfront.net\/2021\/09\/30105830\/pericia-se.jpg\",\"datePublished\":\"2023-03-14T02:59:00+00:00\",\"dateModified\":\"2023-03-14T11:36:18+00:00\",\"description\":\"Edital Per\u00edcia SE tem seu edital publicado com a oferta de 60 vagas de n\u00edveis m\u00e9dio e superior de escolaridade. Confira os detalhes!\",\"breadcrumb\":{\"@id\":\"https:\/\/www.estrategiaconcursos.com.br\/blog\/concurso-pericia-se-edital-publicado\/#breadcrumb\"},\"inLanguage\":\"pt-BR\",\"potentialAction\":[{\"@type\":\"ReadAction\",\"target\":[\"https:\/\/www.estrategiaconcursos.com.br\/blog\/concurso-pericia-se-edital-publicado\/\"]}]},{\"@type\":\"ImageObject\",\"inLanguage\":\"pt-BR\",\"@id\":\"https:\/\/www.estrategiaconcursos.com.br\/blog\/concurso-pericia-se-edital-publicado\/#primaryimage\",\"url\":\"https:\/\/dhg1h5j42swfq.cloudfront.net\/2021\/09\/30105830\/pericia-se.jpg\",\"contentUrl\":\"https:\/\/dhg1h5j42swfq.cloudfront.net\/2021\/09\/30105830\/pericia-se.jpg\",\"width\":768,\"height\":432,\"caption\":\"Per\u00edcia SE\"},{\"@type\":\"BreadcrumbList\",\"@id\":\"https:\/\/www.estrategiaconcursos.com.br\/blog\/concurso-pericia-se-edital-publicado\/#breadcrumb\",\"itemListElement\":[{\"@type\":\"ListItem\",\"position\":1,\"name\":\"In\u00edcio\",\"item\":\"https:\/\/www.estrategiaconcursos.com.br\/blog\/\"},{\"@type\":\"ListItem\",\"position\":2,\"name\":\"Edital Per\u00edcia SE: inscri\u00e7\u00f5es encerradas para 60 vagas\"}]},{\"@type\":\"WebSite\",\"@id\":\"https:\/\/www.estrategiaconcursos.com.br\/blog\/#website\",\"url\":\"https:\/\/www.estrategiaconcursos.com.br\/blog\/\",\"name\":\"Estrat\u00e9gia Concursos\",\"description\":\"O blog da Estrat\u00e9gia Concursos traz not\u00edcias sobre concursos e artigos de professores oferecendo cursos para concursos (pdf + videaulas) no site.\",\"publisher\":{\"@id\":\"https:\/\/www.estrategiaconcursos.com.br\/blog\/#organization\"},\"potentialAction\":[{\"@type\":\"SearchAction\",\"target\":{\"@type\":\"EntryPoint\",\"urlTemplate\":\"https:\/\/www.estrategiaconcursos.com.br\/blog\/?s={search_term_string}\"},\"query-input\":{\"@type\":\"PropertyValueSpecification\",\"valueRequired\":true,\"valueName\":\"search_term_string\"}}],\"inLanguage\":\"pt-BR\"},{\"@type\":\"Organization\",\"@id\":\"https:\/\/www.estrategiaconcursos.com.br\/blog\/#organization\",\"name\":\"Estrat\u00e9gia Concursos\",\"url\":\"https:\/\/www.estrategiaconcursos.com.br\/blog\/\",\"logo\":{\"@type\":\"ImageObject\",\"inLanguage\":\"pt-BR\",\"@id\":\"https:\/\/www.estrategiaconcursos.com.br\/blog\/#\/schema\/logo\/image\/\",\"url\":\"https:\/\/dhg1h5j42swfq.cloudfront.net\/2025\/06\/03203428\/logo_concursos-1.jpg\",\"contentUrl\":\"https:\/\/dhg1h5j42swfq.cloudfront.net\/2025\/06\/03203428\/logo_concursos-1.jpg\",\"width\":230,\"height\":60,\"caption\":\"Estrat\u00e9gia Concursos\"},\"image\":{\"@id\":\"https:\/\/www.estrategiaconcursos.com.br\/blog\/#\/schema\/logo\/image\/\"},\"sameAs\":[\"https:\/\/x.com\/EstratConcursos\"]},{\"@type\":\"Person\",\"@id\":\"https:\/\/www.estrategiaconcursos.com.br\/blog\/#\/schema\/person\/6630f91134abc08115cca62ce6372855\",\"name\":\"Bruna de Andrade Fran\u00e7a\",\"image\":{\"@type\":\"ImageObject\",\"inLanguage\":\"pt-BR\",\"@id\":\"https:\/\/secure.gravatar.com\/avatar\/d6316d36d50cea0fadae28ed3015b8870cc90a2d3d8a95c37b44006af36a00e3?s=96&d=mm&r=g\",\"url\":\"https:\/\/secure.gravatar.com\/avatar\/d6316d36d50cea0fadae28ed3015b8870cc90a2d3d8a95c37b44006af36a00e3?s=96&d=mm&r=g\",\"contentUrl\":\"https:\/\/secure.gravatar.com\/avatar\/d6316d36d50cea0fadae28ed3015b8870cc90a2d3d8a95c37b44006af36a00e3?s=96&d=mm&r=g\",\"caption\":\"Bruna de Andrade Fran\u00e7a\"},\"description\":\"Bruna de Andrade Fran\u00e7a \u00e9 publicit\u00e1ria com p\u00f3s-gradua\u00e7\u00e3o em Marketing &amp; Growth, atuando h\u00e1 mais de 6 anos no universo dos concursos p\u00fablicos. Desde 2021, lidera no Blog do Estrat\u00e9gia Concursos a cobertura editorial especializada em Concursos Policiais (PF, PRF, PM, PC, etc.), al\u00e9m das frentes de concursos banc\u00e1rios, de sa\u00fade e da \u00e1rea legislativa. Especialista em reda\u00e7\u00e3o, com pr\u00e1ticas de SEO e Copywriting, possui tamb\u00e9m atua\u00e7\u00e3o pr\u00e1tica de contato direto com \u00f3rg\u00e3os p\u00fablicos respons\u00e1veis por editais, permitindo acesso antecipado a informa\u00e7\u00f5es, desdobramentos importantes e atualiza\u00e7\u00e3o eficiente dos concursos p\u00fablicos.\",\"url\":\"https:\/\/www.estrategiaconcursos.com.br\/blog\/author\/bruna-andrade\/\"}]}<\/script>\n<!-- \/ Yoast SEO Premium plugin. -->","yoast_head_json":{"title":"Edital Per\u00edcia SE: inscri\u00e7\u00f5es encerradas para 60 vagas","description":"Edital Per\u00edcia SE tem seu edital publicado com a oferta de 60 vagas de n\u00edveis m\u00e9dio e superior de escolaridade. Confira os detalhes!","robots":{"index":"index","follow":"follow","max-snippet":"max-snippet:-1","max-image-preview":"max-image-preview:large","max-video-preview":"max-video-preview:-1"},"canonical":"https:\/\/www.estrategiaconcursos.com.br\/blog\/concurso-pericia-se-edital-publicado\/","og_locale":"pt_BR","og_type":"article","og_title":"Edital Per\u00edcia SE: inscri\u00e7\u00f5es encerradas para 60 vagas","og_description":"Edital Per\u00edcia SE tem seu edital publicado com a oferta de 60 vagas de n\u00edveis m\u00e9dio e superior de escolaridade. Confira os detalhes!","og_url":"https:\/\/www.estrategiaconcursos.com.br\/blog\/concurso-pericia-se-edital-publicado\/","og_site_name":"Estrat\u00e9gia Concursos","article_published_time":"2023-03-14T02:59:00+00:00","article_modified_time":"2023-03-14T11:36:18+00:00","og_image":[{"width":768,"height":432,"url":"https:\/\/dhg1h5j42swfq.cloudfront.net\/2021\/09\/30105830\/pericia-se.jpg","type":"image\/jpeg"}],"author":"Bruna de Andrade Fran\u00e7a","twitter_card":"summary_large_image","twitter_creator":"@EstratConcursos","twitter_site":"@EstratConcursos","twitter_misc":{"Escrito por":"Bruna de Andrade Fran\u00e7a","Est. tempo de leitura":"5 minutos"},"schema":{"@context":"https:\/\/schema.org","@graph":[{"@type":"NewsArticle","@id":"https:\/\/www.estrategiaconcursos.com.br\/blog\/concurso-pericia-se-edital-publicado\/#article","isPartOf":{"@id":"https:\/\/www.estrategiaconcursos.com.br\/blog\/concurso-pericia-se-edital-publicado\/"},"author":{"name":"Bruna de Andrade Fran\u00e7a","@id":"https:\/\/www.estrategiaconcursos.com.br\/blog\/#\/schema\/person\/6630f91134abc08115cca62ce6372855"},"headline":"Edital Per\u00edcia SE: inscri\u00e7\u00f5es encerradas para 60 vagas","datePublished":"2023-03-14T02:59:00+00:00","dateModified":"2023-03-14T11:36:18+00:00","mainEntityOfPage":{"@id":"https:\/\/www.estrategiaconcursos.com.br\/blog\/concurso-pericia-se-edital-publicado\/"},"wordCount":977,"commentCount":0,"publisher":{"@id":"https:\/\/www.estrategiaconcursos.com.br\/blog\/#organization"},"image":{"@id":"https:\/\/www.estrategiaconcursos.com.br\/blog\/concurso-pericia-se-edital-publicado\/#primaryimage"},"thumbnailUrl":"https:\/\/dhg1h5j42swfq.cloudfront.net\/2021\/09\/30105830\/pericia-se.jpg","articleSection":["Policial (Peritos, Papiloscopistas)","\u00daltimas not\u00edcias"],"inLanguage":"pt-BR","potentialAction":[{"@type":"CommentAction","name":"Comment","target":["https:\/\/www.estrategiaconcursos.com.br\/blog\/concurso-pericia-se-edital-publicado\/#respond"]}],"copyrightYear":"2023","copyrightHolder":{"@id":"https:\/\/www.estrategiaconcursos.com.br\/blog\/#organization"}},{"@type":"WebPage","@id":"https:\/\/www.estrategiaconcursos.com.br\/blog\/concurso-pericia-se-edital-publicado\/","url":"https:\/\/www.estrategiaconcursos.com.br\/blog\/concurso-pericia-se-edital-publicado\/","name":"Edital Per\u00edcia SE: inscri\u00e7\u00f5es encerradas para 60 vagas","isPartOf":{"@id":"https:\/\/www.estrategiaconcursos.com.br\/blog\/#website"},"primaryImageOfPage":{"@id":"https:\/\/www.estrategiaconcursos.com.br\/blog\/concurso-pericia-se-edital-publicado\/#primaryimage"},"image":{"@id":"https:\/\/www.estrategiaconcursos.com.br\/blog\/concurso-pericia-se-edital-publicado\/#primaryimage"},"thumbnailUrl":"https:\/\/dhg1h5j42swfq.cloudfront.net\/2021\/09\/30105830\/pericia-se.jpg","datePublished":"2023-03-14T02:59:00+00:00","dateModified":"2023-03-14T11:36:18+00:00","description":"Edital Per\u00edcia SE tem seu edital publicado com a oferta de 60 vagas de n\u00edveis m\u00e9dio e superior de escolaridade. Confira os detalhes!","breadcrumb":{"@id":"https:\/\/www.estrategiaconcursos.com.br\/blog\/concurso-pericia-se-edital-publicado\/#breadcrumb"},"inLanguage":"pt-BR","potentialAction":[{"@type":"ReadAction","target":["https:\/\/www.estrategiaconcursos.com.br\/blog\/concurso-pericia-se-edital-publicado\/"]}]},{"@type":"ImageObject","inLanguage":"pt-BR","@id":"https:\/\/www.estrategiaconcursos.com.br\/blog\/concurso-pericia-se-edital-publicado\/#primaryimage","url":"https:\/\/dhg1h5j42swfq.cloudfront.net\/2021\/09\/30105830\/pericia-se.jpg","contentUrl":"https:\/\/dhg1h5j42swfq.cloudfront.net\/2021\/09\/30105830\/pericia-se.jpg","width":768,"height":432,"caption":"Per\u00edcia SE"},{"@type":"BreadcrumbList","@id":"https:\/\/www.estrategiaconcursos.com.br\/blog\/concurso-pericia-se-edital-publicado\/#breadcrumb","itemListElement":[{"@type":"ListItem","position":1,"name":"In\u00edcio","item":"https:\/\/www.estrategiaconcursos.com.br\/blog\/"},{"@type":"ListItem","position":2,"name":"Edital Per\u00edcia SE: inscri\u00e7\u00f5es encerradas para 60 vagas"}]},{"@type":"WebSite","@id":"https:\/\/www.estrategiaconcursos.com.br\/blog\/#website","url":"https:\/\/www.estrategiaconcursos.com.br\/blog\/","name":"Estrat\u00e9gia Concursos","description":"O blog da Estrat\u00e9gia Concursos traz not\u00edcias sobre concursos e artigos de professores oferecendo cursos para concursos (pdf + videaulas) no site.","publisher":{"@id":"https:\/\/www.estrategiaconcursos.com.br\/blog\/#organization"},"potentialAction":[{"@type":"SearchAction","target":{"@type":"EntryPoint","urlTemplate":"https:\/\/www.estrategiaconcursos.com.br\/blog\/?s={search_term_string}"},"query-input":{"@type":"PropertyValueSpecification","valueRequired":true,"valueName":"search_term_string"}}],"inLanguage":"pt-BR"},{"@type":"Organization","@id":"https:\/\/www.estrategiaconcursos.com.br\/blog\/#organization","name":"Estrat\u00e9gia Concursos","url":"https:\/\/www.estrategiaconcursos.com.br\/blog\/","logo":{"@type":"ImageObject","inLanguage":"pt-BR","@id":"https:\/\/www.estrategiaconcursos.com.br\/blog\/#\/schema\/logo\/image\/","url":"https:\/\/dhg1h5j42swfq.cloudfront.net\/2025\/06\/03203428\/logo_concursos-1.jpg","contentUrl":"https:\/\/dhg1h5j42swfq.cloudfront.net\/2025\/06\/03203428\/logo_concursos-1.jpg","width":230,"height":60,"caption":"Estrat\u00e9gia Concursos"},"image":{"@id":"https:\/\/www.estrategiaconcursos.com.br\/blog\/#\/schema\/logo\/image\/"},"sameAs":["https:\/\/x.com\/EstratConcursos"]},{"@type":"Person","@id":"https:\/\/www.estrategiaconcursos.com.br\/blog\/#\/schema\/person\/6630f91134abc08115cca62ce6372855","name":"Bruna de Andrade Fran\u00e7a","image":{"@type":"ImageObject","inLanguage":"pt-BR","@id":"https:\/\/secure.gravatar.com\/avatar\/d6316d36d50cea0fadae28ed3015b8870cc90a2d3d8a95c37b44006af36a00e3?s=96&d=mm&r=g","url":"https:\/\/secure.gravatar.com\/avatar\/d6316d36d50cea0fadae28ed3015b8870cc90a2d3d8a95c37b44006af36a00e3?s=96&d=mm&r=g","contentUrl":"https:\/\/secure.gravatar.com\/avatar\/d6316d36d50cea0fadae28ed3015b8870cc90a2d3d8a95c37b44006af36a00e3?s=96&d=mm&r=g","caption":"Bruna de Andrade Fran\u00e7a"},"description":"Bruna de Andrade Fran\u00e7a \u00e9 publicit\u00e1ria com p\u00f3s-gradua\u00e7\u00e3o em Marketing &amp; Growth, atuando h\u00e1 mais de 6 anos no universo dos concursos p\u00fablicos. Desde 2021, lidera no Blog do Estrat\u00e9gia Concursos a cobertura editorial especializada em Concursos Policiais (PF, PRF, PM, PC, etc.), al\u00e9m das frentes de concursos banc\u00e1rios, de sa\u00fade e da \u00e1rea legislativa. Especialista em reda\u00e7\u00e3o, com pr\u00e1ticas de SEO e Copywriting, possui tamb\u00e9m atua\u00e7\u00e3o pr\u00e1tica de contato direto com \u00f3rg\u00e3os p\u00fablicos respons\u00e1veis por editais, permitindo acesso antecipado a informa\u00e7\u00f5es, desdobramentos importantes e atualiza\u00e7\u00e3o eficiente dos concursos p\u00fablicos.","url":"https:\/\/www.estrategiaconcursos.com.br\/blog\/author\/bruna-andrade\/"}]}},"_links":{"self":[{"href":"https:\/\/www.estrategiaconcursos.com.br\/blog\/wp-json\/wp\/v2\/posts\/1157955","targetHints":{"allow":["GET"]}}],"collection":[{"href":"https:\/\/www.estrategiaconcursos.com.br\/blog\/wp-json\/wp\/v2\/posts"}],"about":[{"href":"https:\/\/www.estrategiaconcursos.com.br\/blog\/wp-json\/wp\/v2\/types\/post"}],"author":[{"embeddable":true,"href":"https:\/\/www.estrategiaconcursos.com.br\/blog\/wp-json\/wp\/v2\/users\/1206"}],"replies":[{"embeddable":true,"href":"https:\/\/www.estrategiaconcursos.com.br\/blog\/wp-json\/wp\/v2\/comments?post=1157955"}],"version-history":[{"count":24,"href":"https:\/\/www.estrategiaconcursos.com.br\/blog\/wp-json\/wp\/v2\/posts\/1157955\/revisions"}],"predecessor-version":[{"id":1186128,"href":"https:\/\/www.estrategiaconcursos.com.br\/blog\/wp-json\/wp\/v2\/posts\/1157955\/revisions\/1186128"}],"wp:featuredmedia":[{"embeddable":true,"href":"https:\/\/www.estrategiaconcursos.com.br\/blog\/wp-json\/wp\/v2\/media\/874275"}],"wp:attachment":[{"href":"https:\/\/www.estrategiaconcursos.com.br\/blog\/wp-json\/wp\/v2\/media?parent=1157955"}],"wp:term":[{"taxonomy":"category","embeddable":true,"href":"https:\/\/www.estrategiaconcursos.com.br\/blog\/wp-json\/wp\/v2\/categories?post=1157955"},{"taxonomy":"post_tag","embeddable":true,"href":"https:\/\/www.estrategiaconcursos.com.br\/blog\/wp-json\/wp\/v2\/tags?post=1157955"},{"taxonomy":"tax_estado","embeddable":true,"href":"https:\/\/www.estrategiaconcursos.com.br\/blog\/wp-json\/wp\/v2\/tax_estado?post=1157955"}],"curies":[{"name":"wp","href":"https:\/\/api.w.org\/{rel}","templated":true}]}}