{"id":11578,"date":"2013-10-26T16:00:16","date_gmt":"2013-10-26T19:00:16","guid":{"rendered":"https:\/\/www.estrategiaconcursos.com.br\/blog\/?p=11578"},"modified":"2016-06-08T11:35:22","modified_gmt":"2016-06-08T14:35:22","slug":"resolucao-prova-discursiva-de-economia-do-trabalho-aft-2013","status":"publish","type":"post","link":"https:\/\/www.estrategiaconcursos.com.br\/blog\/resolucao-prova-discursiva-de-economia-do-trabalho-aft-2013\/","title":{"rendered":"Resolu\u00e7\u00e3o &#8211; prova discursiva de Economia do Trabalho\/ AFT 2013"},"content":{"rendered":"<p>Oi Pessoal.<br \/>\nNo link abaixo voc\u00eas poder\u00e3o ler meus coment\u00e1rios da prova discursiva de Economia do Trabalho para AFT 2013<\/p>\n<p>&nbsp;<\/p>\n<p>&nbsp;<\/p>\n<p><a href=\"https:\/\/dhg1h5j42swfq.cloudfront.net\/2013\/10\/Resolu\u00e7\u00e3o-discursiva1.pdf\">Resolu\u00e7\u00e3o discursiva<\/a><\/p>\n<p>&nbsp;<\/p>\n<p>&nbsp;<\/p>\n","protected":false},"excerpt":{"rendered":"<p>Oi Pessoal. No link abaixo voc\u00eas poder\u00e3o ler meus coment\u00e1rios da prova discursiva de Economia do Trabalho para AFT 2013 &nbsp; &nbsp; Resolu\u00e7\u00e3o discursiva &nbsp; &nbsp;<\/p>\n","protected":false},"author":102,"featured_media":0,"comment_status":"open","ping_status":"open","sticky":false,"template":"","format":"standard","meta":{"post_tipo":"article","footnotes":""},"categories":[1],"tags":[542],"tax_estado":[],"class_list":["post-11578","post","type-post","status-publish","format-standard","hentry","category-cursos-e-concursos","tag-aft"],"acf":[],"yoast_head":"<!-- This site is optimized with the Yoast SEO Premium plugin v27.2 (Yoast SEO v27.2) - https:\/\/yoast.com\/product\/yoast-seo-premium-wordpress\/ -->\n<title>Resolu\u00e7\u00e3o - prova discursiva de Economia do Trabalho\/ AFT 2013<\/title>\n<meta name=\"robots\" content=\"index, follow, max-snippet:-1, max-image-preview:large, max-video-preview:-1\" \/>\n<link rel=\"canonical\" href=\"https:\/\/www.estrategiaconcursos.com.br\/blog\/resolucao-prova-discursiva-de-economia-do-trabalho-aft-2013\/\" \/>\n<meta property=\"og:locale\" content=\"pt_BR\" \/>\n<meta property=\"og:type\" content=\"article\" \/>\n<meta property=\"og:title\" content=\"Resolu\u00e7\u00e3o - prova discursiva de Economia do Trabalho\/ AFT 2013\" \/>\n<meta property=\"og:description\" content=\"Oi Pessoal. No link abaixo voc\u00eas poder\u00e3o ler meus coment\u00e1rios da prova discursiva de Economia do Trabalho para AFT 2013 &nbsp; &nbsp; Resolu\u00e7\u00e3o discursiva &nbsp; &nbsp;\" \/>\n<meta property=\"og:url\" content=\"https:\/\/www.estrategiaconcursos.com.br\/blog\/resolucao-prova-discursiva-de-economia-do-trabalho-aft-2013\/\" \/>\n<meta property=\"og:site_name\" content=\"Estrat\u00e9gia Concursos\" \/>\n<meta property=\"article:published_time\" content=\"2013-10-26T19:00:16+00:00\" \/>\n<meta property=\"article:modified_time\" content=\"2016-06-08T14:35:22+00:00\" \/>\n<meta name=\"author\" content=\"Jeronymo Marcondes\" \/>\n<meta name=\"twitter:card\" content=\"summary_large_image\" \/>\n<meta name=\"twitter:creator\" content=\"@EstratConcursos\" \/>\n<meta name=\"twitter:site\" content=\"@EstratConcursos\" \/>\n<meta name=\"twitter:label1\" content=\"Escrito por\" \/>\n\t<meta name=\"twitter:data1\" content=\"Jeronymo Marcondes\" \/>\n<script type=\"application\/ld+json\" class=\"yoast-schema-graph\">{\"@context\":\"https:\/\/schema.org\",\"@graph\":[{\"@type\":\"NewsArticle\",\"@id\":\"https:\/\/www.estrategiaconcursos.com.br\/blog\/resolucao-prova-discursiva-de-economia-do-trabalho-aft-2013\/#article\",\"isPartOf\":{\"@id\":\"https:\/\/www.estrategiaconcursos.com.br\/blog\/resolucao-prova-discursiva-de-economia-do-trabalho-aft-2013\/\"},\"author\":{\"name\":\"Jeronymo Marcondes\",\"@id\":\"https:\/\/www.estrategiaconcursos.com.br\/blog\/#\/schema\/person\/e3cdab5035db6e9686e2cadf080c2214\"},\"headline\":\"Resolu\u00e7\u00e3o &#8211; prova discursiva de Economia do Trabalho\/ AFT 2013\",\"datePublished\":\"2013-10-26T19:00:16+00:00\",\"dateModified\":\"2016-06-08T14:35:22+00:00\",\"mainEntityOfPage\":{\"@id\":\"https:\/\/www.estrategiaconcursos.com.br\/blog\/resolucao-prova-discursiva-de-economia-do-trabalho-aft-2013\/\"},\"wordCount\":39,\"commentCount\":0,\"publisher\":{\"@id\":\"https:\/\/www.estrategiaconcursos.com.br\/blog\/#organization\"},\"keywords\":[\"AFT\"],\"articleSection\":[\"Concursos P\u00fablicos\"],\"inLanguage\":\"pt-BR\",\"potentialAction\":[{\"@type\":\"CommentAction\",\"name\":\"Comment\",\"target\":[\"https:\/\/www.estrategiaconcursos.com.br\/blog\/resolucao-prova-discursiva-de-economia-do-trabalho-aft-2013\/#respond\"]}],\"copyrightYear\":\"2013\",\"copyrightHolder\":{\"@id\":\"https:\/\/www.estrategiaconcursos.com.br\/blog\/#organization\"}},{\"@type\":\"WebPage\",\"@id\":\"https:\/\/www.estrategiaconcursos.com.br\/blog\/resolucao-prova-discursiva-de-economia-do-trabalho-aft-2013\/\",\"url\":\"https:\/\/www.estrategiaconcursos.com.br\/blog\/resolucao-prova-discursiva-de-economia-do-trabalho-aft-2013\/\",\"name\":\"Resolu\u00e7\u00e3o - prova discursiva de Economia do Trabalho\/ AFT 2013\",\"isPartOf\":{\"@id\":\"https:\/\/www.estrategiaconcursos.com.br\/blog\/#website\"},\"datePublished\":\"2013-10-26T19:00:16+00:00\",\"dateModified\":\"2016-06-08T14:35:22+00:00\",\"breadcrumb\":{\"@id\":\"https:\/\/www.estrategiaconcursos.com.br\/blog\/resolucao-prova-discursiva-de-economia-do-trabalho-aft-2013\/#breadcrumb\"},\"inLanguage\":\"pt-BR\",\"potentialAction\":[{\"@type\":\"ReadAction\",\"target\":[\"https:\/\/www.estrategiaconcursos.com.br\/blog\/resolucao-prova-discursiva-de-economia-do-trabalho-aft-2013\/\"]}]},{\"@type\":\"BreadcrumbList\",\"@id\":\"https:\/\/www.estrategiaconcursos.com.br\/blog\/resolucao-prova-discursiva-de-economia-do-trabalho-aft-2013\/#breadcrumb\",\"itemListElement\":[{\"@type\":\"ListItem\",\"position\":1,\"name\":\"In\u00edcio\",\"item\":\"https:\/\/www.estrategiaconcursos.com.br\/blog\/\"},{\"@type\":\"ListItem\",\"position\":2,\"name\":\"Resolu\u00e7\u00e3o &#8211; prova discursiva de Economia do Trabalho\/ AFT 2013\"}]},{\"@type\":\"WebSite\",\"@id\":\"https:\/\/www.estrategiaconcursos.com.br\/blog\/#website\",\"url\":\"https:\/\/www.estrategiaconcursos.com.br\/blog\/\",\"name\":\"Estrat\u00e9gia Concursos\",\"description\":\"O blog da Estrat\u00e9gia Concursos traz not\u00edcias sobre concursos e artigos de professores oferecendo cursos para concursos (pdf + videaulas) no site.\",\"publisher\":{\"@id\":\"https:\/\/www.estrategiaconcursos.com.br\/blog\/#organization\"},\"potentialAction\":[{\"@type\":\"SearchAction\",\"target\":{\"@type\":\"EntryPoint\",\"urlTemplate\":\"https:\/\/www.estrategiaconcursos.com.br\/blog\/?s={search_term_string}\"},\"query-input\":{\"@type\":\"PropertyValueSpecification\",\"valueRequired\":true,\"valueName\":\"search_term_string\"}}],\"inLanguage\":\"pt-BR\"},{\"@type\":\"Organization\",\"@id\":\"https:\/\/www.estrategiaconcursos.com.br\/blog\/#organization\",\"name\":\"Estrat\u00e9gia Concursos\",\"url\":\"https:\/\/www.estrategiaconcursos.com.br\/blog\/\",\"logo\":{\"@type\":\"ImageObject\",\"inLanguage\":\"pt-BR\",\"@id\":\"https:\/\/www.estrategiaconcursos.com.br\/blog\/#\/schema\/logo\/image\/\",\"url\":\"https:\/\/dhg1h5j42swfq.cloudfront.net\/2025\/06\/03203428\/logo_concursos-1.jpg\",\"contentUrl\":\"https:\/\/dhg1h5j42swfq.cloudfront.net\/2025\/06\/03203428\/logo_concursos-1.jpg\",\"width\":230,\"height\":60,\"caption\":\"Estrat\u00e9gia Concursos\"},\"image\":{\"@id\":\"https:\/\/www.estrategiaconcursos.com.br\/blog\/#\/schema\/logo\/image\/\"},\"sameAs\":[\"https:\/\/x.com\/EstratConcursos\"]},{\"@type\":\"Person\",\"@id\":\"https:\/\/www.estrategiaconcursos.com.br\/blog\/#\/schema\/person\/e3cdab5035db6e9686e2cadf080c2214\",\"name\":\"Jeronymo Marcondes\",\"image\":{\"@type\":\"ImageObject\",\"inLanguage\":\"pt-BR\",\"@id\":\"https:\/\/secure.gravatar.com\/avatar\/e1a6fa67a42761d1381a42418fd45f39bc381f5b0e79eb42c5b7d7bafb63c2b5?s=96&d=mm&r=g\",\"url\":\"https:\/\/secure.gravatar.com\/avatar\/e1a6fa67a42761d1381a42418fd45f39bc381f5b0e79eb42c5b7d7bafb63c2b5?s=96&d=mm&r=g\",\"contentUrl\":\"https:\/\/secure.gravatar.com\/avatar\/e1a6fa67a42761d1381a42418fd45f39bc381f5b0e79eb42c5b7d7bafb63c2b5?s=96&d=mm&r=g\",\"caption\":\"Jeronymo Marcondes\"},\"url\":\"https:\/\/www.estrategiaconcursos.com.br\/blog\/author\/jeronymoestrategiaconcursos-com-br\/\"}]}<\/script>\n<!-- \/ Yoast SEO Premium plugin. -->","yoast_head_json":{"title":"Resolu\u00e7\u00e3o - prova discursiva de Economia do Trabalho\/ AFT 2013","robots":{"index":"index","follow":"follow","max-snippet":"max-snippet:-1","max-image-preview":"max-image-preview:large","max-video-preview":"max-video-preview:-1"},"canonical":"https:\/\/www.estrategiaconcursos.com.br\/blog\/resolucao-prova-discursiva-de-economia-do-trabalho-aft-2013\/","og_locale":"pt_BR","og_type":"article","og_title":"Resolu\u00e7\u00e3o - prova discursiva de Economia do Trabalho\/ AFT 2013","og_description":"Oi Pessoal. No link abaixo voc\u00eas poder\u00e3o ler meus coment\u00e1rios da prova discursiva de Economia do Trabalho para AFT 2013 &nbsp; &nbsp; Resolu\u00e7\u00e3o discursiva &nbsp; &nbsp;","og_url":"https:\/\/www.estrategiaconcursos.com.br\/blog\/resolucao-prova-discursiva-de-economia-do-trabalho-aft-2013\/","og_site_name":"Estrat\u00e9gia Concursos","article_published_time":"2013-10-26T19:00:16+00:00","article_modified_time":"2016-06-08T14:35:22+00:00","author":"Jeronymo Marcondes","twitter_card":"summary_large_image","twitter_creator":"@EstratConcursos","twitter_site":"@EstratConcursos","twitter_misc":{"Escrito por":"Jeronymo Marcondes"},"schema":{"@context":"https:\/\/schema.org","@graph":[{"@type":"NewsArticle","@id":"https:\/\/www.estrategiaconcursos.com.br\/blog\/resolucao-prova-discursiva-de-economia-do-trabalho-aft-2013\/#article","isPartOf":{"@id":"https:\/\/www.estrategiaconcursos.com.br\/blog\/resolucao-prova-discursiva-de-economia-do-trabalho-aft-2013\/"},"author":{"name":"Jeronymo Marcondes","@id":"https:\/\/www.estrategiaconcursos.com.br\/blog\/#\/schema\/person\/e3cdab5035db6e9686e2cadf080c2214"},"headline":"Resolu\u00e7\u00e3o &#8211; prova discursiva de Economia do Trabalho\/ AFT 2013","datePublished":"2013-10-26T19:00:16+00:00","dateModified":"2016-06-08T14:35:22+00:00","mainEntityOfPage":{"@id":"https:\/\/www.estrategiaconcursos.com.br\/blog\/resolucao-prova-discursiva-de-economia-do-trabalho-aft-2013\/"},"wordCount":39,"commentCount":0,"publisher":{"@id":"https:\/\/www.estrategiaconcursos.com.br\/blog\/#organization"},"keywords":["AFT"],"articleSection":["Concursos P\u00fablicos"],"inLanguage":"pt-BR","potentialAction":[{"@type":"CommentAction","name":"Comment","target":["https:\/\/www.estrategiaconcursos.com.br\/blog\/resolucao-prova-discursiva-de-economia-do-trabalho-aft-2013\/#respond"]}],"copyrightYear":"2013","copyrightHolder":{"@id":"https:\/\/www.estrategiaconcursos.com.br\/blog\/#organization"}},{"@type":"WebPage","@id":"https:\/\/www.estrategiaconcursos.com.br\/blog\/resolucao-prova-discursiva-de-economia-do-trabalho-aft-2013\/","url":"https:\/\/www.estrategiaconcursos.com.br\/blog\/resolucao-prova-discursiva-de-economia-do-trabalho-aft-2013\/","name":"Resolu\u00e7\u00e3o - prova discursiva de Economia do Trabalho\/ AFT 2013","isPartOf":{"@id":"https:\/\/www.estrategiaconcursos.com.br\/blog\/#website"},"datePublished":"2013-10-26T19:00:16+00:00","dateModified":"2016-06-08T14:35:22+00:00","breadcrumb":{"@id":"https:\/\/www.estrategiaconcursos.com.br\/blog\/resolucao-prova-discursiva-de-economia-do-trabalho-aft-2013\/#breadcrumb"},"inLanguage":"pt-BR","potentialAction":[{"@type":"ReadAction","target":["https:\/\/www.estrategiaconcursos.com.br\/blog\/resolucao-prova-discursiva-de-economia-do-trabalho-aft-2013\/"]}]},{"@type":"BreadcrumbList","@id":"https:\/\/www.estrategiaconcursos.com.br\/blog\/resolucao-prova-discursiva-de-economia-do-trabalho-aft-2013\/#breadcrumb","itemListElement":[{"@type":"ListItem","position":1,"name":"In\u00edcio","item":"https:\/\/www.estrategiaconcursos.com.br\/blog\/"},{"@type":"ListItem","position":2,"name":"Resolu\u00e7\u00e3o &#8211; prova discursiva de Economia do Trabalho\/ AFT 2013"}]},{"@type":"WebSite","@id":"https:\/\/www.estrategiaconcursos.com.br\/blog\/#website","url":"https:\/\/www.estrategiaconcursos.com.br\/blog\/","name":"Estrat\u00e9gia Concursos","description":"O blog da Estrat\u00e9gia Concursos traz not\u00edcias sobre concursos e artigos de professores oferecendo cursos para concursos (pdf + videaulas) no site.","publisher":{"@id":"https:\/\/www.estrategiaconcursos.com.br\/blog\/#organization"},"potentialAction":[{"@type":"SearchAction","target":{"@type":"EntryPoint","urlTemplate":"https:\/\/www.estrategiaconcursos.com.br\/blog\/?s={search_term_string}"},"query-input":{"@type":"PropertyValueSpecification","valueRequired":true,"valueName":"search_term_string"}}],"inLanguage":"pt-BR"},{"@type":"Organization","@id":"https:\/\/www.estrategiaconcursos.com.br\/blog\/#organization","name":"Estrat\u00e9gia Concursos","url":"https:\/\/www.estrategiaconcursos.com.br\/blog\/","logo":{"@type":"ImageObject","inLanguage":"pt-BR","@id":"https:\/\/www.estrategiaconcursos.com.br\/blog\/#\/schema\/logo\/image\/","url":"https:\/\/dhg1h5j42swfq.cloudfront.net\/2025\/06\/03203428\/logo_concursos-1.jpg","contentUrl":"https:\/\/dhg1h5j42swfq.cloudfront.net\/2025\/06\/03203428\/logo_concursos-1.jpg","width":230,"height":60,"caption":"Estrat\u00e9gia Concursos"},"image":{"@id":"https:\/\/www.estrategiaconcursos.com.br\/blog\/#\/schema\/logo\/image\/"},"sameAs":["https:\/\/x.com\/EstratConcursos"]},{"@type":"Person","@id":"https:\/\/www.estrategiaconcursos.com.br\/blog\/#\/schema\/person\/e3cdab5035db6e9686e2cadf080c2214","name":"Jeronymo Marcondes","image":{"@type":"ImageObject","inLanguage":"pt-BR","@id":"https:\/\/secure.gravatar.com\/avatar\/e1a6fa67a42761d1381a42418fd45f39bc381f5b0e79eb42c5b7d7bafb63c2b5?s=96&d=mm&r=g","url":"https:\/\/secure.gravatar.com\/avatar\/e1a6fa67a42761d1381a42418fd45f39bc381f5b0e79eb42c5b7d7bafb63c2b5?s=96&d=mm&r=g","contentUrl":"https:\/\/secure.gravatar.com\/avatar\/e1a6fa67a42761d1381a42418fd45f39bc381f5b0e79eb42c5b7d7bafb63c2b5?s=96&d=mm&r=g","caption":"Jeronymo Marcondes"},"url":"https:\/\/www.estrategiaconcursos.com.br\/blog\/author\/jeronymoestrategiaconcursos-com-br\/"}]}},"_links":{"self":[{"href":"https:\/\/www.estrategiaconcursos.com.br\/blog\/wp-json\/wp\/v2\/posts\/11578","targetHints":{"allow":["GET"]}}],"collection":[{"href":"https:\/\/www.estrategiaconcursos.com.br\/blog\/wp-json\/wp\/v2\/posts"}],"about":[{"href":"https:\/\/www.estrategiaconcursos.com.br\/blog\/wp-json\/wp\/v2\/types\/post"}],"author":[{"embeddable":true,"href":"https:\/\/www.estrategiaconcursos.com.br\/blog\/wp-json\/wp\/v2\/users\/102"}],"replies":[{"embeddable":true,"href":"https:\/\/www.estrategiaconcursos.com.br\/blog\/wp-json\/wp\/v2\/comments?post=11578"}],"version-history":[{"count":10,"href":"https:\/\/www.estrategiaconcursos.com.br\/blog\/wp-json\/wp\/v2\/posts\/11578\/revisions"}],"predecessor-version":[{"id":40966,"href":"https:\/\/www.estrategiaconcursos.com.br\/blog\/wp-json\/wp\/v2\/posts\/11578\/revisions\/40966"}],"wp:attachment":[{"href":"https:\/\/www.estrategiaconcursos.com.br\/blog\/wp-json\/wp\/v2\/media?parent=11578"}],"wp:term":[{"taxonomy":"category","embeddable":true,"href":"https:\/\/www.estrategiaconcursos.com.br\/blog\/wp-json\/wp\/v2\/categories?post=11578"},{"taxonomy":"post_tag","embeddable":true,"href":"https:\/\/www.estrategiaconcursos.com.br\/blog\/wp-json\/wp\/v2\/tags?post=11578"},{"taxonomy":"tax_estado","embeddable":true,"href":"https:\/\/www.estrategiaconcursos.com.br\/blog\/wp-json\/wp\/v2\/tax_estado?post=11578"}],"curies":[{"name":"wp","href":"https:\/\/api.w.org\/{rel}","templated":true}]}}