{"id":115731,"date":"2025-07-23T11:09:00","date_gmt":"2025-07-23T14:09:00","guid":{"rendered":"https:\/\/www.estrategiaconcursos.com.br\/blog\/?p=115731"},"modified":"2025-10-27T11:45:13","modified_gmt":"2025-10-27T14:45:13","slug":"concurso-mp-pe","status":"publish","type":"post","link":"https:\/\/www.estrategiaconcursos.com.br\/blog\/concurso-mp-pe\/","title":{"rendered":"Concurso MP PE: resultado final prorrogado!"},"content":{"rendered":"\n<p>O <strong><a href=\"https:\/\/www.estrategiaconcursos.com.br\/pesquisa\/?q=mp+pe\" target=\"_blank\" rel=\"noreferrer noopener\">Minist\u00e9rio P\u00fablico de Pernambuco<\/a> (MP PE)<\/strong> prorrogou o concurso em mais 2 anos. A medida foi compartilhada atrav\u00e9s do di\u00e1rio oficial do MP PE em 21 de junho de 2023. <a href=\"https:\/\/dhg1h5j42swfq.cloudfront.net\/2025\/01\/23132226\/concurso-mp-pe-servidores-prorrogacao-validade-do-concurso-21-06.pdf\" target=\"_blank\" rel=\"noreferrer noopener\">Confira aqui!<\/a><\/p>\n\n\n\n<p>O edital do concurso MP PE ofertou <strong>23 vagas imediatas<\/strong> para os cargos de Analista e T\u00e9cnico Ministerial e Cadastro de Reserva para as \u00e1reas de Servi\u00e7o Social, Medicina, Arquitetura, Engenharia Civil, Comunica\u00e7\u00e3o Social e Inform\u00e1tica. <\/p>\n\n\n\n<ul class=\"wp-block-list has-very-light-gray-to-cyan-bluish-gray-gradient-background has-background\">\n<li><strong>Concurso MP PE \u2013 Servidores<\/strong><\/li>\n\n\n\n<li><strong>Status:<\/strong>&nbsp;prorrogado em 2 anos<\/li>\n\n\n\n<li><strong>Banca:&nbsp;<\/strong><a href=\"https:\/\/www.concursosfcc.com.br\/concursos\/mpepe121\/index.html\" target=\"_blank\" rel=\"noreferrer noopener\">FCC<\/a><\/li>\n\n\n\n<li><strong>Vagas:&nbsp;<\/strong>23 + CR<\/li>\n\n\n\n<li><strong>Sal\u00e1rio inicial:<\/strong>&nbsp;R$ 3.171,52 a R$ 4.809,54<\/li>\n\n\n\n<li><strong>Edital:<\/strong>&nbsp;<a href=\"https:\/\/dhg1h5j42swfq.cloudfront.net\/2018\/09\/25211153\/edital-MP-PE.pdf\" target=\"_blank\" rel=\"noreferrer noopener nofollow\">Edital MP PE<\/a><\/li>\n<\/ul>\n\n\n\n<div class=\"container\" id=\"boxes\">\n  <div class=\"row\">\n\n    <div class=\"col-sm\">\n      <div class=\"banner-tribunal\" id=\"box-assinatura\">\n        <h3 class=\"titulo-assinatura\">Cursos para MP-PE<\/h3>\n        <p class=\"subtitulo-assinatura\">Conhe\u00e7a os cursos<\/p>\n        <div class=\"box-botao\">\n          <a class=\"btn-assinatura\" target=\"_blank\" href=\"https:\/\/www.estrategiaconcursos.com.br\/cursos\/concurso\/\" role=\"button\" rel=\"noopener noreferrer\">Conhe\u00e7a mais<\/a>\n        <\/div>\n      <\/div>\n      <p class=\"texto-auxiliar\">Prepare-se com o melhor material e com quem mais aprova em Concursos P\u00fablicos em todo o pa\u00eds.<\/p>\n    <\/div>\n\n  <\/div>\n<\/div>\n\n\n\n<p>Confira todas as informa\u00e7\u00f5es do edital e algumas sobre o Minist\u00e9rio P\u00fablico de Pernambuco. <\/p>\n\n\n\n<ul class=\"wp-block-list\">\n<li><a href=\"#atual\"><strong>Situa\u00e7\u00e3o atual do concurso<\/strong><\/a>\n<ul class=\"wp-block-list\">\n<li><a href=\"#h-prorrogacao\"><strong>Prorroga\u00e7\u00e3o<\/strong><\/a><\/li>\n\n\n\n<li><a href=\"#informacoes\"><strong>Informa\u00e7\u00f5es Gerais<\/strong><\/a><\/li>\n\n\n\n<li><a href=\"#quantos\"><strong>Cargos vagos<\/strong><\/a><\/li>\n<\/ul>\n<\/li>\n\n\n\n<li><a href=\"#carreira\"><strong>Carreira<\/strong><\/a>\n<ul class=\"wp-block-list\">\n<li><a href=\"#requisitos\"><strong>Requisitos e Sal\u00e1rios<\/strong><\/a><\/li>\n\n\n\n<li><a href=\"#estrutura\"><strong>Estrutura Remunerat\u00f3ria<\/strong><\/a><\/li>\n<\/ul>\n<\/li>\n\n\n\n<li><a href=\"#etapas\"><strong>Etapas do concurso<\/strong><\/a>\n<ul class=\"wp-block-list\">\n<li><a href=\"#objetiva\"><strong>Prova Objetiva<\/strong><\/a><\/li>\n\n\n\n<li><a href=\"#discursiva\"><strong>Prova Discursiva<\/strong><\/a><\/li>\n\n\n\n<li><a href=\"#titulos\"><strong>Prova de T\u00edtulos<\/strong><\/a><\/li>\n\n\n\n<li><a href=\"#final\"><strong>Classifica\u00e7\u00e3o Final<\/strong><\/a><\/li>\n\n\n\n<li><strong><a href=\"#classificados\">Nota dos classificados no concurso MP PE<\/a><\/strong><\/li>\n<\/ul>\n<\/li>\n\n\n\n<li><a href=\"#CURSOS\"><strong>Cursos e Assinaturas<\/strong><\/a><\/li>\n\n\n\n<li><a href=\"#ficha\"><strong>Ficha T\u00e9cnica<\/strong><\/a><\/li>\n<\/ul>\n\n\n\n<h2 class=\"wp-block-heading\" id=\"atual\">Concurso MP PE: situa\u00e7\u00e3o atual<\/h2>\n\n\n\n<h3 class=\"wp-block-heading\" id=\"h-prorrogacao\">Prorroga\u00e7\u00e3o<\/h3>\n\n\n\n<p>O edital foi prorrogado em 2 anos, a medida foi compartilhada no Di\u00e1rio Oficial do Minist\u00e9rio P\u00fablico de Pernambuco em 21 de junho de 2023. <a href=\"https:\/\/dhg1h5j42swfq.cloudfront.net\/2025\/01\/23132226\/concurso-mp-pe-servidores-prorrogacao-validade-do-concurso-21-06.pdf\" target=\"_blank\" rel=\"noreferrer noopener\">Confira aqui!<\/a><\/p>\n\n\n\n<h3 class=\"wp-block-heading\" id=\"informacoes\">Informa\u00e7\u00f5es Gerais<\/h3>\n\n\n\n<p>A banca organizadora respons\u00e1vel pelo certame foi a Funda\u00e7\u00e3o Carlos Chagas (FCC), que mensurou o total de 30.490 inscritos para as vagas de ampla concorr\u00eancia, 533 para as vagas destinadas a candidatos com defici\u00eancia e 6.346 inscritos reservadas aos negros.  <\/p>\n\n\n\n<p>As inscri\u00e7\u00f5es para o concurso ficaram abertas do dia 10 de outubro at\u00e9 1\u00ba novembro no site da FCC. As provas foram aplicadas no dia <em><strong>2&nbsp;de&nbsp;dezembro de 2018.<\/strong><\/em><\/p>\n\n\n\n<p>As 23 vagas ofertadas foram distribu\u00eddas conforme o quadro abaixo.<\/p>\n\n\n\n<figure class=\"wp-block-table is-style-stripes\"><table class=\"has-background has-fixed-layout\" style=\"background-color:#f3f4f5\"><tbody><tr><td class=\"has-text-align-center\" data-align=\"center\"><strong>Cargo\/\u00c1rea <\/strong><\/td><td class=\"has-text-align-center\" data-align=\"center\"><strong>Total de Vagas<\/strong><\/td><td class=\"has-text-align-center\" data-align=\"center\"> <strong>Vagas reservadas a Candidatos com Defici\u00eancia<\/strong> <\/td><td class=\"has-text-align-center\" data-align=\"center\"> <strong>Vagas reservadas a Candidatos Negros<\/strong><\/td><\/tr><tr><td class=\"has-text-align-center\" data-align=\"center\">Analista Ministerial &#8211; Jur\u00eddica<\/td><td class=\"has-text-align-center\" data-align=\"center\">07 + cadastro de reserva<\/td><td class=\"has-text-align-center\" data-align=\"center\">1<\/td><td class=\"has-text-align-center\" data-align=\"center\">1<\/td><\/tr><tr><td class=\"has-text-align-center\" data-align=\"center\">Analista Ministerial &#8211; Auditoria <\/td><td class=\"has-text-align-center\" data-align=\"center\"> 01 + cadastro de reserva <\/td><td class=\"has-text-align-center\" data-align=\"center\">&#8211;<\/td><td class=\"has-text-align-center\" data-align=\"center\">&#8211;<\/td><\/tr><tr><td class=\"has-text-align-center\" data-align=\"center\">Analista Ministerial &#8211; Biblioteconomia <\/td><td class=\"has-text-align-center\" data-align=\"center\">01 + cadastro de reserva  <\/td><td class=\"has-text-align-center\" data-align=\"center\">&#8211;<\/td><td class=\"has-text-align-center\" data-align=\"center\">&#8211;<\/td><\/tr><tr><td class=\"has-text-align-center\" data-align=\"center\">Analista Ministerial &#8211; Documenta\u00e7\u00e3o <\/td><td class=\"has-text-align-center\" data-align=\"center\"> 01 + cadastro de reserva  <\/td><td class=\"has-text-align-center\" data-align=\"center\">&#8211;<\/td><td class=\"has-text-align-center\" data-align=\"center\">&#8211;<\/td><\/tr><tr><td class=\"has-text-align-center\" data-align=\"center\">T\u00e9cnico Ministerial &#8211; Administrativa <\/td><td class=\"has-text-align-center\" data-align=\"center\">13 + cadastro de reserva<\/td><td class=\"has-text-align-center\" data-align=\"center\">1<\/td><td class=\"has-text-align-center\" data-align=\"center\">3<\/td><\/tr><\/tbody><\/table><\/figure>\n\n\n\n<p>Para Analista Ministerial das \u00e1reas de Servi\u00e7o Social, Medicina, Arquitetura, Engenharia Civil, Comunica\u00e7\u00e3o Social e Inform\u00e1tica as vagas eram para cadastro de reserva. Alguns concurseiros acham negativo abrir para suas \u00e1reas somente cadastro de reserva. No entanto, quando \u00f3rg\u00e3o disponibiliza este tipo de vaga, geralmente h\u00e1 candidatos nomeados. <\/p>\n\n\n\n<h2 class=\"wp-block-heading\" id=\"quantos\">Quantos cargos vagos h\u00e1 atualmente no MP PE?<\/h2>\n\n\n\n<p>Segundo o Portal da Transpar\u00eancia de Pernambuco, h\u00e1 25 cargos vagos no \u00f3rg\u00e3o e o total de 664 servidores ativos. Os dados s\u00e3o referentes a julho de 2019. Acompanhe abaixo os quantitativos com mais detalhes.<\/p>\n\n\n\n<figure class=\"wp-block-image aligncenter\"><img loading=\"lazy\" decoding=\"async\" width=\"769\" height=\"185\" src=\"https:\/\/dhg1h5j42swfq.cloudfront.net\/2018\/10\/07150703\/MP-PE.png\" alt=\"Quantitativo de cargos vagos no \u00f3rg\u00e3o.\" class=\"wp-image-407214\" srcset=\"https:\/\/dhg1h5j42swfq.cloudfront.net\/2018\/10\/07150703\/MP-PE.png 769w, https:\/\/dhg1h5j42swfq.cloudfront.net\/2018\/10\/07150703\/MP-PE.png 300w, https:\/\/dhg1h5j42swfq.cloudfront.net\/2018\/10\/07150703\/MP-PE.png 768w, https:\/\/dhg1h5j42swfq.cloudfront.net\/2018\/10\/07150703\/MP-PE.png 610w\" sizes=\"auto, (max-width: 769px) 100vw, 769px\" \/><\/figure>\n\n\n\n<h2 class=\"wp-block-heading\" id=\"carreira\">Carreira no MP PE<\/h2>\n\n\n\n<h3 class=\"wp-block-heading\" id=\"requisitos\">Requisitos e Sal\u00e1rios<\/h3>\n\n\n\n<p><strong>Analista Ministerial<\/strong><\/p>\n\n\n\n<ul class=\"wp-block-list\">\n<li><strong>Remunera\u00e7\u00e3o<\/strong>: R$ 4.809,54 <\/li>\n\n\n\n<li><strong>Requisitos<\/strong>: Ensino Superior Completo na \u00e1rea do cargo pretendido pelo candidato. <\/li>\n<\/ul>\n\n\n\n<p><\/p>\n\n\n\n<p><strong>T\u00e9cnico Ministerial<\/strong><\/p>\n\n\n\n<ul class=\"wp-block-list\">\n<li><strong>Remunera\u00e7\u00e3o<\/strong>: R$ 3.171,52  <\/li>\n\n\n\n<li><strong>Requisitos<\/strong>: Certificado de conclus\u00e3o de Ensino M\u00e9dio.<\/li>\n<\/ul>\n\n\n\n<h4 class=\"wp-block-heading\" id=\"estrutura\">Estrutura Remunerat\u00f3ria <\/h4>\n\n\n\n<p>As remunera\u00e7\u00f5es que foram estabelecidas no edital s\u00e3o iniciais e correspondem ao come\u00e7o de carreira do servidor no \u00f3rg\u00e3o. Para toda institui\u00e7\u00e3o p\u00fablica h\u00e1 um estrutura de remunera\u00e7\u00e3o dividida em classes e n\u00edveis que podem ser alcan\u00e7adas conforme a progress\u00e3o do funcion\u00e1rio na sua atividade. <\/p>\n\n\n\n<p>A evolu\u00e7\u00e3o na carreira ocorre de maneira vertical e horizontal, tamb\u00e9m seguem crit\u00e9rios estabelecidos na lei do cargo. A avalia\u00e7\u00e3o de desempenho e cursos de especializa\u00e7\u00e3o na \u00e1rea est\u00e3o entre os requisitos para progredir na carreira. <\/p>\n\n\n\n<p><em>Abaixo voc\u00ea pode conferir os n\u00edveis e classes para os cargos de Analista e T\u00e9cnico Ministerial. <\/em><\/p>\n\n\n\n<p class=\"has-medium-font-size\"><strong>Analista Ministerial<\/strong><\/p>\n\n\n\n<figure class=\"wp-block-image aligncenter\"><img decoding=\"async\" src=\"https:\/\/dhg1h5j42swfq.cloudfront.net\/2018\/10\/07153242\/Analista-Ministerial-remunera%C3%A7%C3%A3o.png\" alt=\"estrutura remunerat\u00f3ria para Analista Ministerial\" class=\"wp-image-407226\"\/><\/figure>\n\n\n\n<p class=\"has-medium-font-size\"><strong>T\u00e9cnico Ministerial<\/strong><\/p>\n\n\n\n<figure class=\"wp-block-image aligncenter\"><img decoding=\"async\" src=\"https:\/\/dhg1h5j42swfq.cloudfront.net\/2018\/10\/07153501\/Remunera%C3%A7%C3%A3o-T%C3%A9cnico-Ministerial-MP-PE.png\" alt=\"estrutura remunerat\u00f3ria T\u00e9cnico Ministerial\" class=\"wp-image-407227\"\/><\/figure>\n\n\n\n<h2 class=\"wp-block-heading\" id=\"etapas\">Etapas do concurso MPE PE &#8211; 2018<\/h2>\n\n\n\n<p>O concurso MP PE foi constitu\u00eddo de Prova Objetiva e Discursiva para todos os cargos e Avalia\u00e7\u00e3o de T\u00edtulos somente para Analista Ministerial. Os candidatos tiveram 4 horas para realizar as avalia\u00e7\u00f5es objetivas e discursivas no dia 2 de dezembro. <\/p>\n\n\n\n<h3 class=\"wp-block-heading\" id=\"objetiva\">Prova Objetiva<\/h3>\n\n\n\n<p>A avalia\u00e7\u00e3o objetiva, de car\u00e1ter classificat\u00f3rio e eliminat\u00f3rio, teve o total de 50 quest\u00f5es de m\u00faltipla escolha com 5 alternativas para cada quest\u00e3o. As perguntas foram dividas em Conhecimentos B\u00e1sicos, 20 quest\u00f5es com peso 1 e Conhecimentos Espec\u00edficos,  30 quest\u00f5es, peso 3. <\/p>\n\n\n\n<p>Foi considerado habilitado os candidatos que conseguiram no somat\u00f3rio das provas de Conhecimentos B\u00e1sicos e de Conhecimentos Espec\u00edficos, nota igual ou superior a 240 pontos.<\/p>\n\n\n\n<h3 class=\"wp-block-heading\" id=\"discursiva\">Prova Discursiva<\/h3>\n\n\n\n<p>A prova discursiva do concurso MP PE foi composta por uma reda\u00e7\u00e3o para todos os cargos. A pontua\u00e7\u00e3o m\u00e1xima na reda\u00e7\u00e3o foi de 100 pontos. Al\u00e9m disso, a corre\u00e7\u00e3o da prova seguiu os crit\u00e9rios abaixo:<\/p>\n\n\n\n<ul class=\"wp-block-list\">\n<li><strong>Conte\u00fado \u2013 at\u00e9 50 pontos<\/strong> &#8211; perspectiva adotada no tratamento do tema, capacidade de an\u00e1lise, senso cr\u00edtico, consist\u00eancia dos argumentos, clareza e coer\u00eancia no seu encadeamento. <\/li>\n\n\n\n<li><strong>Estrutura \u2013 at\u00e9 40 pontos<\/strong> &#8211; respeito ao g\u00eanero solicitado, progress\u00e3o textual, encadeamento de ideias e articula\u00e7\u00e3o de frases e par\u00e1grafos.<\/li>\n\n\n\n<li><strong>Express\u00e3o \u2013 at\u00e9 10 pontos<\/strong> &#8211; A avalia\u00e7\u00e3o da express\u00e3o n\u00e3o foi feita de modo estanque ou mec\u00e2nico, mas sim de acordo com sua estreita correla\u00e7\u00e3o com o conte\u00fado e a estrutura. <\/li>\n<\/ul>\n\n\n\n<h3 class=\"wp-block-heading\" id=\"titulos\">Prova de T\u00edtulos<\/h3>\n\n\n\n<p>Lembrando que esta etapa do certame foi somente para os cargos\/\u00e1rea de Analista Ministerial. Abaixo seguem a pontua\u00e7\u00e3o dos t\u00edtulos.<\/p>\n\n\n\n<figure class=\"wp-block-image aligncenter\"><img decoding=\"async\" src=\"https:\/\/dhg1h5j42swfq.cloudfront.net\/2018\/10\/07165830\/MP-PE-avalia%C3%A7%C3%A3o-de-titulos.png\" alt=\"Tabela de atribui\u00e7\u00e3o de pontos na avalia\u00e7\u00e3o de t\u00edtulos\" class=\"wp-image-407322\"\/><\/figure>\n\n\n\n<h3 class=\"wp-block-heading\" id=\"final\">Classifica\u00e7\u00e3o Final<\/h3>\n\n\n\n<p>Para Analista Ministerial a nota final foi igual a nota obtida nas Provas Objetivas de Conhecimentos B\u00e1sicos e de Conhecimentos Espec\u00edficos, mais a nota na Prova Discursiva  e acrescida dos pontos atribu\u00eddos aos T\u00edtulos.<\/p>\n\n\n\n<p>J\u00e1 para o cargo de T\u00e9cnico Ministerial, a nota final foi a soma da Prova Objetiva mais a Prova Discursiva.<\/p>\n\n\n\n<h3 class=\"wp-block-heading\" id=\"classificados\">Nota dos classificados no concurso MP PE<\/h3>\n\n\n\n<h4 class=\"wp-block-heading has-medium-font-size\" id=\"h-ampla-concorrencia\">Ampla Concorr\u00eancia<\/h4>\n\n\n\n<figure class=\"wp-block-table is-style-stripes\"><table class=\"has-background has-fixed-layout\" style=\"background-color:#f3f4f5\"><tbody><tr><td class=\"has-text-align-center\" data-align=\"center\"><strong>Cargo\/\u00c1rea<\/strong><\/td><td class=\"has-text-align-center\" data-align=\"center\"><strong>1\u00ba Colocado\/Pontua\u00e7\u00e3o<\/strong><\/td><td class=\"has-text-align-center\" data-align=\"center\"><strong>Posi\u00e7\u00e3o \u00faltimo colocado\u00ba\/Pontua\u00e7\u00e3o<\/strong><\/td><\/tr><tr><td class=\"has-text-align-center\" data-align=\"center\">ANALISTA MINISTERIAL &#8211; \u00c1REA JUR\u00cdDICA<\/td><td class=\"has-text-align-center\" data-align=\"center\">383.02<\/td><td class=\"has-text-align-center\" data-align=\"center\">283\/ 317.76<\/td><\/tr><tr><td class=\"has-text-align-center\" data-align=\"center\">ANALISTA MINISTERIAL &#8211; \u00c1REA AUDITORIA<\/td><td class=\"has-text-align-center\" data-align=\"center\">360.55<\/td><td class=\"has-text-align-center\" data-align=\"center\">17\/ 324.20<\/td><\/tr><tr><td class=\"has-text-align-center\" data-align=\"center\">ANALISTA MINISTERIAL &#8211; \u00c1REA BIBLIOTECONOMIA <\/td><td class=\"has-text-align-center\" data-align=\"center\">398.67<\/td><td class=\"has-text-align-center\" data-align=\"center\">11\/ 303.42 <\/td><\/tr><tr><td class=\"has-text-align-center\" data-align=\"center\">ANALISTA MINISTERIAL &#8211; \u00c1REA DOCUMENTA\u00c7\u00c3O <\/td><td class=\"has-text-align-center\" data-align=\"center\">312.17 <\/td><td class=\"has-text-align-center\" data-align=\"center\">2\/ 307.32<\/td><\/tr><tr><td class=\"has-text-align-center\" data-align=\"center\">ANALISTA MINISTERIAL &#8211; \u00c1REA SERVI\u00c7O SOCIAL <\/td><td class=\"has-text-align-center\" data-align=\"center\">330.82 <\/td><td class=\"has-text-align-center\" data-align=\"center\">8\/ 318.54 <\/td><\/tr><tr><td class=\"has-text-align-center\" data-align=\"center\">ANALISTA MINISTERIAL &#8211; \u00c1REA ARQUITETURA <\/td><td class=\"has-text-align-center\" data-align=\"center\">363.65<\/td><td class=\"has-text-align-center\" data-align=\"center\">15\/ 320.98<\/td><\/tr><tr><td class=\"has-text-align-center\" data-align=\"center\">ANALISTA MINISTERIAL &#8211; \u00c1REA MEDICINA <\/td><td class=\"has-text-align-center\" data-align=\"center\">368.95<\/td><td class=\"has-text-align-center\" data-align=\"center\">10\/ 309.86<\/td><\/tr><tr><td class=\"has-text-align-center\" data-align=\"center\">ANALISTA MINISTERIAL &#8211; \u00c1REA ENGENHARIA CIVIL <\/td><td class=\"has-text-align-center\" data-align=\"center\">387.53<\/td><td class=\"has-text-align-center\" data-align=\"center\">16\/317.11<\/td><\/tr><tr><td class=\"has-text-align-center\" data-align=\"center\">ANALISTA MINISTERIAL &#8211; \u00c1REA COM.SOCIAL-JORNALISMO <\/td><td class=\"has-text-align-center\" data-align=\"center\">353.38<\/td><td class=\"has-text-align-center\" data-align=\"center\">15\/ 306.56<\/td><\/tr><tr><td class=\"has-text-align-center\" data-align=\"center\">ANALISTA MINISTERIAL &#8211; \u00c1REA INFORM\u00c1TICA <\/td><td class=\"has-text-align-center\" data-align=\"center\">352.92<\/td><td class=\"has-text-align-center\" data-align=\"center\">17\/ 312.88<\/td><\/tr><tr><td class=\"has-text-align-center\" data-align=\"center\">ANALISTA MINISTERIAL &#8211; \u00c1REA PEDAGOGIA <\/td><td class=\"has-text-align-center\" data-align=\"center\">358.95<\/td><td class=\"has-text-align-center\" data-align=\"center\">14\/ 326.85 <\/td><\/tr><tr><td class=\"has-text-align-center\" data-align=\"center\">T\u00c9CNICO MINISTERIAL &#8211; ADMINISTRATIVA <\/td><td class=\"has-text-align-center\" data-align=\"center\">392.16<\/td><td class=\"has-text-align-center\" data-align=\"center\">560\/ 327.71<br \/><\/td><\/tr><\/tbody><\/table><\/figure>\n\n\n\n<h4 class=\"wp-block-heading has-medium-font-size\" id=\"h-candidatos-com-deficiencia\">Candidatos com defici\u00eancia<\/h4>\n\n\n\n<figure class=\"wp-block-table is-style-stripes\"><table class=\"has-background has-fixed-layout\" style=\"background-color:#e9fbe5\"><tbody><tr><td class=\"has-text-align-center\" data-align=\"center\"><strong>Cargo\/\u00c1rea<\/strong><\/td><td class=\"has-text-align-center\" data-align=\"center\"><strong>1\u00ba Colocado\/ Pontua\u00e7\u00e3o<\/strong><\/td><td class=\"has-text-align-center\" data-align=\"center\"><strong>Posi\u00e7\u00e3o \u00faltimo colocado\u00ba\/Pontua\u00e7\u00e3o <\/strong><\/td><\/tr><tr><td class=\"has-text-align-center\" data-align=\"center\">ANALISTA MINISTERIAL &#8211; \u00c1REA JUR\u00cdDICA <\/td><td class=\"has-text-align-center\" data-align=\"center\">345.23<\/td><td class=\"has-text-align-center\" data-align=\"center\">11\/ 307.75<\/td><\/tr><tr><td class=\"has-text-align-center\" data-align=\"center\">T\u00c9CNICO MINISTERIAL &#8211; ADMINISTRATIVA <\/td><td class=\"has-text-align-center\" data-align=\"center\">378.18<\/td><td class=\"has-text-align-center\" data-align=\"center\">20\/ 303.93<\/td><\/tr><\/tbody><\/table><\/figure>\n\n\n\n<h4 class=\"wp-block-heading has-medium-font-size\" id=\"h-candidatos-negros\">Candidatos Negros<\/h4>\n\n\n\n<figure class=\"wp-block-table is-style-stripes\"><table class=\"has-background has-fixed-layout\" style=\"background-color:#e7f5fe\"><tbody><tr><td class=\"has-text-align-center\" data-align=\"center\"><strong>Cargo\/\u00c1rea<\/strong><\/td><td class=\"has-text-align-center\" data-align=\"center\"><strong>1\u00ba Colocado\/Pontua\u00e7\u00e3o<\/strong><\/td><td class=\"has-text-align-center\" data-align=\"center\"><strong>Posi\u00e7\u00e3o \u00faltimo colocado\u00ba\/Pontua\u00e7\u00e3o  <\/strong><\/td><\/tr><tr><td class=\"has-text-align-center\" data-align=\"center\">ANALISTA MINISTERIAL &#8211; \u00c1REA JUR\u00cdDICA <\/td><td class=\"has-text-align-center\" data-align=\"center\">374.30<\/td><td class=\"has-text-align-center\" data-align=\"center\">55\/ 301.69<\/td><\/tr><tr><td class=\"has-text-align-center\" data-align=\"center\">ANALISTA MINISTERIAL &#8211; \u00c1REA AUDITORIA <\/td><td class=\"has-text-align-center\" data-align=\"center\">316.61<\/td><td class=\"has-text-align-center\" data-align=\"center\">3\/ 306.03 <\/td><\/tr><tr><td class=\"has-text-align-center\" data-align=\"center\">ANALISTA MINISTERIAL &#8211; \u00c1REA BIBLIOTECONOMIA<\/td><td class=\"has-text-align-center\" data-align=\"center\">309.01<\/td><td class=\"has-text-align-center\" data-align=\"center\">&#8212;&#8212;&#8211;<\/td><\/tr><tr><td class=\"has-text-align-center\" data-align=\"center\">ANALISTA MINISTERIAL &#8211; \u00c1REA SERVI\u00c7O SOCIAL <\/td><td class=\"has-text-align-center\" data-align=\"center\">322.06<\/td><td class=\"has-text-align-center\" data-align=\"center\">3\/ 314.92<\/td><\/tr><tr><td class=\"has-text-align-center\" data-align=\"center\">ANALISTA MINISTERIAL &#8211; \u00c1REA ENGENHARIA CIVIL <\/td><td class=\"has-text-align-center\" data-align=\"center\">331.55 <\/td><td class=\"has-text-align-center\" data-align=\"center\">2\/ 316.78<\/td><\/tr><tr><td class=\"has-text-align-center\" data-align=\"center\">ANALISTA MINISTERIAL &#8211; \u00c1REA INFORM\u00c1TICA <\/td><td class=\"has-text-align-center\" data-align=\"center\">305.51<\/td><td class=\"has-text-align-center\" data-align=\"center\">2\/ 303.95<\/td><\/tr><tr><td class=\"has-text-align-center\" data-align=\"center\">ANALISTA MINISTERIAL &#8211; \u00c1REA PEDAGOGIA <\/td><td class=\"has-text-align-center\" data-align=\"center\">349.77<\/td><td class=\"has-text-align-center\" data-align=\"center\">5\/ 309.36<\/td><\/tr><tr><td class=\"has-text-align-center\" data-align=\"center\">T\u00c9CNICO MINISTERIAL &#8211; ADMINISTRATIVA <\/td><td class=\"has-text-align-center\" data-align=\"center\">381.11<\/td><td class=\"has-text-align-center\" data-align=\"center\">170\/ 308.95  <\/td><\/tr><\/tbody><\/table><\/figure>\n\n\n\n<h2 class=\"wp-block-heading has-text-align-center\" id=\"h-quer-saber-tudo-sobre-concursos-previstos-confira-nossos-artigos\">Quer saber tudo sobre concursos previstos?<br \/>Confira nossos artigos!<\/h2>\n\n\n\n<ul class=\"wp-block-list\">\n<li><a href=\"https:\/\/www.estrategiaconcursos.com.br\/blog\/concursos-abertos\/\" target=\"_blank\" rel=\"noreferrer noopener\">Concursos abertos<\/a><\/li>\n\n\n\n<li><a href=\"https:\/\/www.estrategiaconcursos.com.br\/blog\/concursos-mp\/\">Concursos MP<\/a><\/li>\n\n\n\n<li><a href=\"https:\/\/www.estrategiaconcursos.com.br\/blog\/concursos-2025\/\">Concursos 2025<\/a><\/li>\n\n\n\n<li><a href=\"https:\/\/www.estrategiaconcursos.com.br\/blog\/concursos-2026\/\">Concursos 2026<\/a><\/li>\n<\/ul>\n\n\n\n<h2 class=\"wp-block-heading has-text-align-center\" id=\"CURSOS\">CURSOS E ASSINATURAS<\/h2>\n\n\n\n<div class=\"container\" id=\"boxes\">\n  <div class=\"row\">\n\n    <div class=\"col-sm\">\n      <div class=\"banner-tribunal\" id=\"box-assinatura\">\n        <h3 class=\"titulo-assinatura\">Cursos para MP-PE<\/h3>\n        <p class=\"subtitulo-assinatura\">Conhe\u00e7a os cursos<\/p>\n        <div class=\"box-botao\">\n          <a class=\"btn-assinatura\" target=\"_blank\" href=\"https:\/\/www.estrategiaconcursos.com.br\/cursos\/concurso\/\" role=\"button\" rel=\"noopener noreferrer\">Conhe\u00e7a mais<\/a>\n        <\/div>\n      <\/div>\n      <p class=\"texto-auxiliar\">Prepare-se com o melhor material e com quem mais aprova em Concursos P\u00fablicos em todo o pa\u00eds.<\/p>\n    <\/div>\n\n  <\/div>\n<\/div>\n\n\n\n<div class=\"container\" id=\"boxes\">\n  <div class=\"row\">\n\n    <div class=\"col-sm\">\n      <div class=\"estrategia\" id=\"box-assinatura\">\n        <h3 class=\"titulo-assinatura\">Assinatura Ilimitada<\/h3>\n        <p class=\"subtitulo-assinatura\">Assinatura Anual Ilimitada*<\/p>\n        <div class=\"box-botao\">\n          <a class=\"btn-assinatura\" target=\"_blank\" href=\"https:\/\/www.estrategiaconcursos.com.br\/assinaturas\/\" role=\"button\" rel=\"noopener noreferrer\">ASSINE AGORA<\/a>\n        <\/div>\n      <\/div>\n      <p class=\"texto-auxiliar\">Prepare-se com o melhor material e com quem mais aprova em Concursos P\u00fablicos em todo o pa\u00eds. Assine agora a nossa Assinatura Anual e tenha acesso ilimitado* a todos os nossos cursos.<\/p>\n    <\/div>\n\n    <div class=\"col-sm\">\n      <div class=\"questoes\" id=\"box-assinatura\">\n        <h3 class=\"titulo-assinatura\">Sistema de Quest\u00f5es<\/h3>\n        <p class=\"subtitulo-assinatura\">Assinatura Ilimitada*\n<\/p>\n        <div class=\"box-botao\">\n          <a class=\"btn-assinatura\" target=\"_blank\" href=\"https:\/\/www.estrategiaconcursos.com.br\/cursosPorConcurso\/sistema-de-questoes\/#\/\" role=\"button\" rel=\"noopener noreferrer\">ASSINE AGORA<\/a>\n        <\/div>\n      <\/div>\n      <p class=\"texto-auxiliar\">Estrat\u00e9gia Quest\u00f5es nasceu maior do que todos os concorrentes, com mais quest\u00f5es cadastradas e mais solu\u00e7\u00f5es por professores. Clique no link e aproveite os descontos e b\u00f4nus imperd\u00edveis!<\/p>\n    <\/div>\n  <\/div>\n<\/div>\n\n\n\n<figure class=\"wp-block-image size-large is-resized\"><img loading=\"lazy\" decoding=\"async\" width=\"1024\" height=\"632\" src=\"https:\/\/dhg1h5j42swfq.cloudfront.net\/2021\/10\/08115111\/ficha-tecnica-1024x632.png\" alt=\"\" class=\"wp-image-880890\" style=\"width:195px;height:120px\" srcset=\"https:\/\/dhg1h5j42swfq.cloudfront.net\/2021\/10\/08115111\/ficha-tecnica-1024x632.png 1024w, https:\/\/dhg1h5j42swfq.cloudfront.net\/2021\/10\/08115111\/ficha-tecnica-300x185.png 300w, https:\/\/dhg1h5j42swfq.cloudfront.net\/2021\/10\/08115111\/ficha-tecnica-768x474.png 768w, https:\/\/dhg1h5j42swfq.cloudfront.net\/2021\/10\/08115111\/ficha-tecnica-1536x948.png 1536w, https:\/\/dhg1h5j42swfq.cloudfront.net\/2021\/10\/08115111\/ficha-tecnica-610x377.png 610w, https:\/\/dhg1h5j42swfq.cloudfront.net\/2021\/10\/08115111\/ficha-tecnica.png 1571w\" sizes=\"auto, (max-width: 1024px) 100vw, 1024px\" \/><\/figure>\n\n\n\n<p id=\"FICHA\"><strong>\u25baInforma\u00e7\u00f5es sobre o concurso MP PE<\/strong><\/p>\n\n\n\n<p>\u25ba<strong>Data da prova: <\/strong><s>2 de dezembro<\/s><br \/>\u25ba<strong>Vagas<\/strong>: 23 + CR<br \/>\u25ba<strong>Cargos<\/strong>: Analista e T\u00e9cnico Ministral<br \/>\u25ba<strong>Lota\u00e7\u00f5es<\/strong>: Pernambuco<br \/>\u25ba<strong>Banca<\/strong>: FCC<br \/>\u25ba<strong>Escolaridade<\/strong>: N\u00edvel m\u00e9dio e superior<br \/> \u25ba<strong>Edital<\/strong>:&nbsp;<a href=\"https:\/\/dhg1h5j42swfq.cloudfront.net\/2018\/09\/25211153\/edital-MP-PE.pdf\" target=\"_blank\" rel=\"noreferrer noopener nofollow\">Edital MP PE<\/a><\/p>\n","protected":false},"excerpt":{"rendered":"<p>O Minist\u00e9rio P\u00fablico de Pernambuco (MP PE) prorrogou o concurso em mais 2 anos. A medida foi compartilhada atrav\u00e9s do di\u00e1rio oficial do MP PE em 21 de junho de 2023. Confira aqui! O edital do concurso MP PE ofertou 23 vagas imediatas para os cargos de Analista e T\u00e9cnico Ministerial e Cadastro de Reserva [&hellip;]<\/p>\n","protected":false},"author":1,"featured_media":141404,"comment_status":"open","ping_status":"closed","sticky":false,"template":"","format":"standard","meta":{"post_tipo":"news_page","footnotes":""},"categories":[1984],"tags":[31533,31532,31534],"tax_estado":[219979],"class_list":["post-115731","post","type-post","status-publish","format-standard","has-post-thumbnail","hentry","category-tribunais","tag-concurso-mp-pe-2018","tag-concurso-mp-pe-servidores","tag-concurso-mpe-pe","tax_estado-pe"],"acf":[],"yoast_head":"<!-- This site is optimized with the Yoast SEO Premium plugin v27.2 (Yoast SEO v27.2) - https:\/\/yoast.com\/product\/yoast-seo-premium-wordpress\/ -->\n<title>Concurso MP PE: resultado final prorrogado!<\/title>\n<meta name=\"description\" content=\"Concurso MP PE: resultado final da sele\u00e7\u00e3o foi prorrogada por mais dois anos. Edital ofertou 23 vagas + CR!\" \/>\n<meta name=\"robots\" content=\"index, follow, max-snippet:-1, max-image-preview:large, max-video-preview:-1\" \/>\n<link rel=\"canonical\" href=\"https:\/\/www.estrategiaconcursos.com.br\/blog\/concurso-mp-pe\/\" \/>\n<meta property=\"og:locale\" content=\"pt_BR\" \/>\n<meta property=\"og:type\" content=\"article\" \/>\n<meta property=\"og:title\" content=\"Concurso MP PE: resultado final prorrogado!\" \/>\n<meta property=\"og:description\" content=\"Concurso MP PE: resultado final da sele\u00e7\u00e3o foi prorrogada por mais dois anos. Edital ofertou 23 vagas + CR!\" \/>\n<meta property=\"og:url\" content=\"https:\/\/www.estrategiaconcursos.com.br\/blog\/concurso-mp-pe\/\" \/>\n<meta property=\"og:site_name\" content=\"Estrat\u00e9gia Concursos\" \/>\n<meta property=\"article:author\" content=\"https:\/\/www.facebook.com\/EstrategiaConcursos\" \/>\n<meta property=\"article:published_time\" content=\"2025-07-23T14:09:00+00:00\" \/>\n<meta property=\"article:modified_time\" content=\"2025-10-27T14:45:13+00:00\" \/>\n<meta property=\"og:image\" content=\"https:\/\/dhg1h5j42swfq.cloudfront.net\/2018\/09\/18134222\/mppe-e1537288993529.jpg\" \/>\n\t<meta property=\"og:image:width\" content=\"400\" \/>\n\t<meta property=\"og:image:height\" content=\"210\" \/>\n\t<meta property=\"og:image:type\" content=\"image\/jpeg\" \/>\n<meta name=\"author\" content=\"Coordena\u00e7\u00e3o\" \/>\n<meta name=\"twitter:card\" content=\"summary_large_image\" \/>\n<meta name=\"twitter:creator\" content=\"@EstratConcursos\" \/>\n<meta name=\"twitter:site\" content=\"@EstratConcursos\" \/>\n<meta name=\"twitter:label1\" content=\"Escrito por\" \/>\n\t<meta name=\"twitter:data1\" content=\"Coordena\u00e7\u00e3o\" \/>\n\t<meta name=\"twitter:label2\" content=\"Est. tempo de leitura\" \/>\n\t<meta name=\"twitter:data2\" content=\"7 minutos\" \/>\n<script type=\"application\/ld+json\" class=\"yoast-schema-graph\">{\"@context\":\"https:\/\/schema.org\",\"@graph\":[{\"@type\":\"NewsArticle\",\"@id\":\"https:\/\/www.estrategiaconcursos.com.br\/blog\/concurso-mp-pe\/#article\",\"isPartOf\":{\"@id\":\"https:\/\/www.estrategiaconcursos.com.br\/blog\/concurso-mp-pe\/\"},\"author\":{\"name\":\"Coordena\u00e7\u00e3o\",\"@id\":\"https:\/\/www.estrategiaconcursos.com.br\/blog\/#\/schema\/person\/b4a388c97673c5f483d72185668afa1f\"},\"headline\":\"Concurso MP PE: resultado final prorrogado!\",\"datePublished\":\"2025-07-23T14:09:00+00:00\",\"dateModified\":\"2025-10-27T14:45:13+00:00\",\"mainEntityOfPage\":{\"@id\":\"https:\/\/www.estrategiaconcursos.com.br\/blog\/concurso-mp-pe\/\"},\"wordCount\":1321,\"commentCount\":25,\"publisher\":{\"@id\":\"https:\/\/www.estrategiaconcursos.com.br\/blog\/#organization\"},\"image\":{\"@id\":\"https:\/\/www.estrategiaconcursos.com.br\/blog\/concurso-mp-pe\/#primaryimage\"},\"thumbnailUrl\":\"https:\/\/dhg1h5j42swfq.cloudfront.net\/2018\/09\/18134222\/mppe-e1537288993529.jpg\",\"keywords\":[\"concurso mp pe 2018\",\"concurso mp pe servidores\",\"concurso mpe pe\"],\"articleSection\":[\"Tribunais\"],\"inLanguage\":\"pt-BR\",\"potentialAction\":[{\"@type\":\"CommentAction\",\"name\":\"Comment\",\"target\":[\"https:\/\/www.estrategiaconcursos.com.br\/blog\/concurso-mp-pe\/#respond\"]}],\"copyrightYear\":\"2025\",\"copyrightHolder\":{\"@id\":\"https:\/\/www.estrategiaconcursos.com.br\/blog\/#organization\"}},{\"@type\":\"WebPage\",\"@id\":\"https:\/\/www.estrategiaconcursos.com.br\/blog\/concurso-mp-pe\/\",\"url\":\"https:\/\/www.estrategiaconcursos.com.br\/blog\/concurso-mp-pe\/\",\"name\":\"Concurso MP PE: resultado final prorrogado!\",\"isPartOf\":{\"@id\":\"https:\/\/www.estrategiaconcursos.com.br\/blog\/#website\"},\"primaryImageOfPage\":{\"@id\":\"https:\/\/www.estrategiaconcursos.com.br\/blog\/concurso-mp-pe\/#primaryimage\"},\"image\":{\"@id\":\"https:\/\/www.estrategiaconcursos.com.br\/blog\/concurso-mp-pe\/#primaryimage\"},\"thumbnailUrl\":\"https:\/\/dhg1h5j42swfq.cloudfront.net\/2018\/09\/18134222\/mppe-e1537288993529.jpg\",\"datePublished\":\"2025-07-23T14:09:00+00:00\",\"dateModified\":\"2025-10-27T14:45:13+00:00\",\"description\":\"Concurso MP PE: resultado final da sele\u00e7\u00e3o foi prorrogada por mais dois anos. Edital ofertou 23 vagas + CR!\",\"breadcrumb\":{\"@id\":\"https:\/\/www.estrategiaconcursos.com.br\/blog\/concurso-mp-pe\/#breadcrumb\"},\"inLanguage\":\"pt-BR\",\"potentialAction\":[{\"@type\":\"ReadAction\",\"target\":[\"https:\/\/www.estrategiaconcursos.com.br\/blog\/concurso-mp-pe\/\"]}]},{\"@type\":\"ImageObject\",\"inLanguage\":\"pt-BR\",\"@id\":\"https:\/\/www.estrategiaconcursos.com.br\/blog\/concurso-mp-pe\/#primaryimage\",\"url\":\"https:\/\/dhg1h5j42swfq.cloudfront.net\/2018\/09\/18134222\/mppe-e1537288993529.jpg\",\"contentUrl\":\"https:\/\/dhg1h5j42swfq.cloudfront.net\/2018\/09\/18134222\/mppe-e1537288993529.jpg\",\"width\":400,\"height\":210,\"caption\":\"concurso mp pe\"},{\"@type\":\"BreadcrumbList\",\"@id\":\"https:\/\/www.estrategiaconcursos.com.br\/blog\/concurso-mp-pe\/#breadcrumb\",\"itemListElement\":[{\"@type\":\"ListItem\",\"position\":1,\"name\":\"In\u00edcio\",\"item\":\"https:\/\/www.estrategiaconcursos.com.br\/blog\/\"},{\"@type\":\"ListItem\",\"position\":2,\"name\":\"Concurso MP PE: resultado final prorrogado!\"}]},{\"@type\":\"WebSite\",\"@id\":\"https:\/\/www.estrategiaconcursos.com.br\/blog\/#website\",\"url\":\"https:\/\/www.estrategiaconcursos.com.br\/blog\/\",\"name\":\"Estrat\u00e9gia Concursos\",\"description\":\"O blog da Estrat\u00e9gia Concursos traz not\u00edcias sobre concursos e artigos de professores oferecendo cursos para concursos (pdf + videaulas) no site.\",\"publisher\":{\"@id\":\"https:\/\/www.estrategiaconcursos.com.br\/blog\/#organization\"},\"potentialAction\":[{\"@type\":\"SearchAction\",\"target\":{\"@type\":\"EntryPoint\",\"urlTemplate\":\"https:\/\/www.estrategiaconcursos.com.br\/blog\/?s={search_term_string}\"},\"query-input\":{\"@type\":\"PropertyValueSpecification\",\"valueRequired\":true,\"valueName\":\"search_term_string\"}}],\"inLanguage\":\"pt-BR\"},{\"@type\":\"Organization\",\"@id\":\"https:\/\/www.estrategiaconcursos.com.br\/blog\/#organization\",\"name\":\"Estrat\u00e9gia Concursos\",\"url\":\"https:\/\/www.estrategiaconcursos.com.br\/blog\/\",\"logo\":{\"@type\":\"ImageObject\",\"inLanguage\":\"pt-BR\",\"@id\":\"https:\/\/www.estrategiaconcursos.com.br\/blog\/#\/schema\/logo\/image\/\",\"url\":\"https:\/\/dhg1h5j42swfq.cloudfront.net\/2025\/06\/03203428\/logo_concursos-1.jpg\",\"contentUrl\":\"https:\/\/dhg1h5j42swfq.cloudfront.net\/2025\/06\/03203428\/logo_concursos-1.jpg\",\"width\":230,\"height\":60,\"caption\":\"Estrat\u00e9gia Concursos\"},\"image\":{\"@id\":\"https:\/\/www.estrategiaconcursos.com.br\/blog\/#\/schema\/logo\/image\/\"},\"sameAs\":[\"https:\/\/x.com\/EstratConcursos\"]},{\"@type\":\"Person\",\"@id\":\"https:\/\/www.estrategiaconcursos.com.br\/blog\/#\/schema\/person\/b4a388c97673c5f483d72185668afa1f\",\"name\":\"Coordena\u00e7\u00e3o\",\"image\":{\"@type\":\"ImageObject\",\"inLanguage\":\"pt-BR\",\"@id\":\"https:\/\/secure.gravatar.com\/avatar\/b720319e4c9a967eb58678d110f4fe35452fc5d5f97b202bac7b8acceb18c6ad?s=96&d=mm&r=g\",\"url\":\"https:\/\/secure.gravatar.com\/avatar\/b720319e4c9a967eb58678d110f4fe35452fc5d5f97b202bac7b8acceb18c6ad?s=96&d=mm&r=g\",\"contentUrl\":\"https:\/\/secure.gravatar.com\/avatar\/b720319e4c9a967eb58678d110f4fe35452fc5d5f97b202bac7b8acceb18c6ad?s=96&d=mm&r=g\",\"caption\":\"Coordena\u00e7\u00e3o\"},\"sameAs\":[\"https:\/\/www.facebook.com\/EstrategiaConcursos\",\"https:\/\/x.com\/EstratConcursos\"],\"url\":\"https:\/\/www.estrategiaconcursos.com.br\/blog\/author\/estrategia2013\/\"}]}<\/script>\n<!-- \/ Yoast SEO Premium plugin. -->","yoast_head_json":{"title":"Concurso MP PE: resultado final prorrogado!","description":"Concurso MP PE: resultado final da sele\u00e7\u00e3o foi prorrogada por mais dois anos. Edital ofertou 23 vagas + CR!","robots":{"index":"index","follow":"follow","max-snippet":"max-snippet:-1","max-image-preview":"max-image-preview:large","max-video-preview":"max-video-preview:-1"},"canonical":"https:\/\/www.estrategiaconcursos.com.br\/blog\/concurso-mp-pe\/","og_locale":"pt_BR","og_type":"article","og_title":"Concurso MP PE: resultado final prorrogado!","og_description":"Concurso MP PE: resultado final da sele\u00e7\u00e3o foi prorrogada por mais dois anos. Edital ofertou 23 vagas + CR!","og_url":"https:\/\/www.estrategiaconcursos.com.br\/blog\/concurso-mp-pe\/","og_site_name":"Estrat\u00e9gia Concursos","article_author":"https:\/\/www.facebook.com\/EstrategiaConcursos","article_published_time":"2025-07-23T14:09:00+00:00","article_modified_time":"2025-10-27T14:45:13+00:00","og_image":[{"width":400,"height":210,"url":"https:\/\/dhg1h5j42swfq.cloudfront.net\/2018\/09\/18134222\/mppe-e1537288993529.jpg","type":"image\/jpeg"}],"author":"Coordena\u00e7\u00e3o","twitter_card":"summary_large_image","twitter_creator":"@EstratConcursos","twitter_site":"@EstratConcursos","twitter_misc":{"Escrito por":"Coordena\u00e7\u00e3o","Est. tempo de leitura":"7 minutos"},"schema":{"@context":"https:\/\/schema.org","@graph":[{"@type":"NewsArticle","@id":"https:\/\/www.estrategiaconcursos.com.br\/blog\/concurso-mp-pe\/#article","isPartOf":{"@id":"https:\/\/www.estrategiaconcursos.com.br\/blog\/concurso-mp-pe\/"},"author":{"name":"Coordena\u00e7\u00e3o","@id":"https:\/\/www.estrategiaconcursos.com.br\/blog\/#\/schema\/person\/b4a388c97673c5f483d72185668afa1f"},"headline":"Concurso MP PE: resultado final prorrogado!","datePublished":"2025-07-23T14:09:00+00:00","dateModified":"2025-10-27T14:45:13+00:00","mainEntityOfPage":{"@id":"https:\/\/www.estrategiaconcursos.com.br\/blog\/concurso-mp-pe\/"},"wordCount":1321,"commentCount":25,"publisher":{"@id":"https:\/\/www.estrategiaconcursos.com.br\/blog\/#organization"},"image":{"@id":"https:\/\/www.estrategiaconcursos.com.br\/blog\/concurso-mp-pe\/#primaryimage"},"thumbnailUrl":"https:\/\/dhg1h5j42swfq.cloudfront.net\/2018\/09\/18134222\/mppe-e1537288993529.jpg","keywords":["concurso mp pe 2018","concurso mp pe servidores","concurso mpe pe"],"articleSection":["Tribunais"],"inLanguage":"pt-BR","potentialAction":[{"@type":"CommentAction","name":"Comment","target":["https:\/\/www.estrategiaconcursos.com.br\/blog\/concurso-mp-pe\/#respond"]}],"copyrightYear":"2025","copyrightHolder":{"@id":"https:\/\/www.estrategiaconcursos.com.br\/blog\/#organization"}},{"@type":"WebPage","@id":"https:\/\/www.estrategiaconcursos.com.br\/blog\/concurso-mp-pe\/","url":"https:\/\/www.estrategiaconcursos.com.br\/blog\/concurso-mp-pe\/","name":"Concurso MP PE: resultado final prorrogado!","isPartOf":{"@id":"https:\/\/www.estrategiaconcursos.com.br\/blog\/#website"},"primaryImageOfPage":{"@id":"https:\/\/www.estrategiaconcursos.com.br\/blog\/concurso-mp-pe\/#primaryimage"},"image":{"@id":"https:\/\/www.estrategiaconcursos.com.br\/blog\/concurso-mp-pe\/#primaryimage"},"thumbnailUrl":"https:\/\/dhg1h5j42swfq.cloudfront.net\/2018\/09\/18134222\/mppe-e1537288993529.jpg","datePublished":"2025-07-23T14:09:00+00:00","dateModified":"2025-10-27T14:45:13+00:00","description":"Concurso MP PE: resultado final da sele\u00e7\u00e3o foi prorrogada por mais dois anos. Edital ofertou 23 vagas + CR!","breadcrumb":{"@id":"https:\/\/www.estrategiaconcursos.com.br\/blog\/concurso-mp-pe\/#breadcrumb"},"inLanguage":"pt-BR","potentialAction":[{"@type":"ReadAction","target":["https:\/\/www.estrategiaconcursos.com.br\/blog\/concurso-mp-pe\/"]}]},{"@type":"ImageObject","inLanguage":"pt-BR","@id":"https:\/\/www.estrategiaconcursos.com.br\/blog\/concurso-mp-pe\/#primaryimage","url":"https:\/\/dhg1h5j42swfq.cloudfront.net\/2018\/09\/18134222\/mppe-e1537288993529.jpg","contentUrl":"https:\/\/dhg1h5j42swfq.cloudfront.net\/2018\/09\/18134222\/mppe-e1537288993529.jpg","width":400,"height":210,"caption":"concurso mp pe"},{"@type":"BreadcrumbList","@id":"https:\/\/www.estrategiaconcursos.com.br\/blog\/concurso-mp-pe\/#breadcrumb","itemListElement":[{"@type":"ListItem","position":1,"name":"In\u00edcio","item":"https:\/\/www.estrategiaconcursos.com.br\/blog\/"},{"@type":"ListItem","position":2,"name":"Concurso MP PE: resultado final prorrogado!"}]},{"@type":"WebSite","@id":"https:\/\/www.estrategiaconcursos.com.br\/blog\/#website","url":"https:\/\/www.estrategiaconcursos.com.br\/blog\/","name":"Estrat\u00e9gia Concursos","description":"O blog da Estrat\u00e9gia Concursos traz not\u00edcias sobre concursos e artigos de professores oferecendo cursos para concursos (pdf + videaulas) no site.","publisher":{"@id":"https:\/\/www.estrategiaconcursos.com.br\/blog\/#organization"},"potentialAction":[{"@type":"SearchAction","target":{"@type":"EntryPoint","urlTemplate":"https:\/\/www.estrategiaconcursos.com.br\/blog\/?s={search_term_string}"},"query-input":{"@type":"PropertyValueSpecification","valueRequired":true,"valueName":"search_term_string"}}],"inLanguage":"pt-BR"},{"@type":"Organization","@id":"https:\/\/www.estrategiaconcursos.com.br\/blog\/#organization","name":"Estrat\u00e9gia Concursos","url":"https:\/\/www.estrategiaconcursos.com.br\/blog\/","logo":{"@type":"ImageObject","inLanguage":"pt-BR","@id":"https:\/\/www.estrategiaconcursos.com.br\/blog\/#\/schema\/logo\/image\/","url":"https:\/\/dhg1h5j42swfq.cloudfront.net\/2025\/06\/03203428\/logo_concursos-1.jpg","contentUrl":"https:\/\/dhg1h5j42swfq.cloudfront.net\/2025\/06\/03203428\/logo_concursos-1.jpg","width":230,"height":60,"caption":"Estrat\u00e9gia Concursos"},"image":{"@id":"https:\/\/www.estrategiaconcursos.com.br\/blog\/#\/schema\/logo\/image\/"},"sameAs":["https:\/\/x.com\/EstratConcursos"]},{"@type":"Person","@id":"https:\/\/www.estrategiaconcursos.com.br\/blog\/#\/schema\/person\/b4a388c97673c5f483d72185668afa1f","name":"Coordena\u00e7\u00e3o","image":{"@type":"ImageObject","inLanguage":"pt-BR","@id":"https:\/\/secure.gravatar.com\/avatar\/b720319e4c9a967eb58678d110f4fe35452fc5d5f97b202bac7b8acceb18c6ad?s=96&d=mm&r=g","url":"https:\/\/secure.gravatar.com\/avatar\/b720319e4c9a967eb58678d110f4fe35452fc5d5f97b202bac7b8acceb18c6ad?s=96&d=mm&r=g","contentUrl":"https:\/\/secure.gravatar.com\/avatar\/b720319e4c9a967eb58678d110f4fe35452fc5d5f97b202bac7b8acceb18c6ad?s=96&d=mm&r=g","caption":"Coordena\u00e7\u00e3o"},"sameAs":["https:\/\/www.facebook.com\/EstrategiaConcursos","https:\/\/x.com\/EstratConcursos"],"url":"https:\/\/www.estrategiaconcursos.com.br\/blog\/author\/estrategia2013\/"}]}},"_links":{"self":[{"href":"https:\/\/www.estrategiaconcursos.com.br\/blog\/wp-json\/wp\/v2\/posts\/115731","targetHints":{"allow":["GET"]}}],"collection":[{"href":"https:\/\/www.estrategiaconcursos.com.br\/blog\/wp-json\/wp\/v2\/posts"}],"about":[{"href":"https:\/\/www.estrategiaconcursos.com.br\/blog\/wp-json\/wp\/v2\/types\/post"}],"author":[{"embeddable":true,"href":"https:\/\/www.estrategiaconcursos.com.br\/blog\/wp-json\/wp\/v2\/users\/1"}],"replies":[{"embeddable":true,"href":"https:\/\/www.estrategiaconcursos.com.br\/blog\/wp-json\/wp\/v2\/comments?post=115731"}],"version-history":[{"count":110,"href":"https:\/\/www.estrategiaconcursos.com.br\/blog\/wp-json\/wp\/v2\/posts\/115731\/revisions"}],"predecessor-version":[{"id":1661292,"href":"https:\/\/www.estrategiaconcursos.com.br\/blog\/wp-json\/wp\/v2\/posts\/115731\/revisions\/1661292"}],"wp:featuredmedia":[{"embeddable":true,"href":"https:\/\/www.estrategiaconcursos.com.br\/blog\/wp-json\/wp\/v2\/media\/141404"}],"wp:attachment":[{"href":"https:\/\/www.estrategiaconcursos.com.br\/blog\/wp-json\/wp\/v2\/media?parent=115731"}],"wp:term":[{"taxonomy":"category","embeddable":true,"href":"https:\/\/www.estrategiaconcursos.com.br\/blog\/wp-json\/wp\/v2\/categories?post=115731"},{"taxonomy":"post_tag","embeddable":true,"href":"https:\/\/www.estrategiaconcursos.com.br\/blog\/wp-json\/wp\/v2\/tags?post=115731"},{"taxonomy":"tax_estado","embeddable":true,"href":"https:\/\/www.estrategiaconcursos.com.br\/blog\/wp-json\/wp\/v2\/tax_estado?post=115731"}],"curies":[{"name":"wp","href":"https:\/\/api.w.org\/{rel}","templated":true}]}}