{"id":115721,"date":"2018-04-11T04:08:54","date_gmt":"2018-04-11T07:08:54","guid":{"rendered":"https:\/\/www.estrategiaconcursos.com.br\/blog\/?p=115721"},"modified":"2018-04-11T10:21:56","modified_gmt":"2018-04-11T13:21:56","slug":"direito-empresarial-como-deve-ser-feita-contagem-de-dias-no-stay-period","status":"publish","type":"post","link":"https:\/\/www.estrategiaconcursos.com.br\/blog\/direito-empresarial-como-deve-ser-feita-contagem-de-dias-no-stay-period\/","title":{"rendered":"Direito Empresarial: Como deve ser feita a contagem de dias no stay period? [ATUALIZADO]"},"content":{"rendered":"<p>O <em>stay period<\/em> trata-se do prazo de 180 (cento e oitenta) dias previsto no art. 6\u00ba, \u00a7 4\u00ba, da Lei n\u00ba 11.101\/05:<\/p>\n<p style=\"text-align: justify\"><span style=\"text-decoration: underline\"><strong>Legisla\u00e7\u00e3o:<\/strong><\/span>\u00a0\u201c<strong>Art. 6\u00ba, da Lei n\u00ba 11.101\/05<\/strong>. A decreta\u00e7\u00e3o da fal\u00eancia ou o deferimento do processamento da recupera\u00e7\u00e3o judicial <strong><span style=\"color: #ff6600\">suspende o curso da prescri\u00e7\u00e3o e de todas as a\u00e7\u00f5es e execu\u00e7\u00f5es em face do devedor<\/span><\/strong>, inclusive aquelas dos credores particulares do s\u00f3cio solid\u00e1rio. (&#8230;) <strong>\u00a7 4\u00ba<\/strong> Na recupera\u00e7\u00e3o judicial, <span style=\"color: #ff6600\"><strong>a suspens\u00e3o de que trata o<\/strong> <em>caput<\/em> deste artigo<\/span> em hip\u00f3tese nenhuma exceder\u00e1 o <strong><span style=\"color: #ff6600\">prazo improrrog\u00e1vel de 180 (cento e oitenta) dias<\/span><\/strong> contado do deferimento do processamento da recupera\u00e7\u00e3o, restabelecendo-se, ap\u00f3s o decurso do prazo, o direito dos credores de iniciar ou continuar suas a\u00e7\u00f5es e execu\u00e7\u00f5es, independentemente de pronunciamento judicial.\u201d<\/p>\n<p style=\"text-align: justify\"><strong>R:<\/strong>\u00a0Quanto \u00e0 resposta, destaco que a quest\u00e3o <span style=\"text-decoration: underline\"><strong>FOI<\/strong><\/span> decidida pela 4\u00aa Turma do S<strong>UPERIOR TRIBUNAL DE JUSTI\u00c7A<\/strong> no REsp n\u00ba 1.699.528\/MG, <strong><span style=\"color: #ff0000\">tendo a referida Turma optado pela corrente dos dias corridos, ou seja, afastando a aplica\u00e7\u00e3o do art. 219 do NCPC<\/span><\/strong>:<\/p>\n<p style=\"text-align: justify\"><span style=\"text-decoration: underline\"><strong>Jurisprud\u00eancia<\/strong><\/span>:\u00a0\u201cA contagem em dias \u00fateis poder\u00e1 colapsar o sistema da recupera\u00e7\u00e3o quando se pensar na velocidade exigida para a pr\u00e1tica de alguns atos e, por outro lado, na morosidade de outros, inclusive colocando em xeque a isonomia dos seus participantes, haja vista que incorreria numa dualidade de tratamento.\u201d (<strong>STJ, REsp 1.699.528, Rel. Min. Lu\u00eds Felipe Salom\u00e3o, Data de Julgamento 10\/04\/2018 \u2013 <span style=\"color: #ff0000\">AC\u00d3RD\u00c3O AINDA N\u00c3O DISPONIBILIZADO<\/span><\/strong>)<\/p>\n<p style=\"text-align: justify\">No entanto, at\u00e9 ent\u00e3o, havia diverg\u00eancia entre os Tribunais de Justi\u00e7a e dentro da pr\u00f3pria Doutrina:<\/p>\n<p><a href=\"https:\/\/dhg1h5j42swfq.cloudfront.net\/2018\/04\/11034438\/2191.jpg\"><img loading=\"lazy\" decoding=\"async\" class=\"alignnone wp-image-115726\" src=\"https:\/\/dhg1h5j42swfq.cloudfront.net\/2018\/04\/11034438\/2191.jpg\" alt=\"\" width=\"827\" height=\"1315\" srcset=\"https:\/\/dhg1h5j42swfq.cloudfront.net\/2018\/04\/11034438\/2191.jpg 884w, https:\/\/dhg1h5j42swfq.cloudfront.net\/2018\/04\/11034438\/2191.jpg 189w, https:\/\/dhg1h5j42swfq.cloudfront.net\/2018\/04\/11034438\/2191.jpg 768w, https:\/\/dhg1h5j42swfq.cloudfront.net\/2018\/04\/11034438\/2191.jpg 644w, https:\/\/dhg1h5j42swfq.cloudfront.net\/2018\/04\/11034438\/2191.jpg 610w\" sizes=\"auto, (max-width: 827px) 100vw, 827px\" \/><\/a><\/p>\n<p><span style=\"text-decoration: underline\"><strong>Legisla\u00e7\u00e3o:<\/strong><\/span>\u00a0\u201c<span style=\"text-decoration: underline\"><strong>Art. 219 do NCPC<\/strong><\/span>. Na contagem de prazo em dias, estabelecido por lei ou pelo juiz, computar-se-\u00e3o somente os dias \u00fateis. <strong>Par\u00e1grafo \u00fanico<\/strong>. O disposto neste artigo aplica-se somente aos prazos processuais.\u201d<\/p>\n<p><strong><u>Doutrina<\/u><\/strong>: \u201cOutro exemplo, \u00e9 o prazo de suspens\u00e3o por 180 dias dos processos (execu\u00e7\u00f5es e cobran\u00e7as) na recupera\u00e7\u00e3o judicial (Lei 11.101\/05, artigo 6\u00ba). <span style=\"color: #0000ff\">Esse prazo \u00e9 processual, embora previsto em lei especial. Ent\u00e3o, considerando que o novo CPC n\u00e3o excepcionou prazos processuais fixados em outras leis extravagantes (j\u00e1 que o artigo 219 disp\u00f5e sobre prazos processuais fixados &#8216;por lei&#8217;, sem limita\u00e7\u00e3o dos prazos previstos nesta ou naquela lei), dever\u00e1, sim, ser contado em dias \u00fateis<\/span>.\u201d (<strong>Teresa Arruda Alvim Wambier<\/strong>)<\/p>\n<p style=\"text-align: justify\"><strong><u>Doutrina<\/u><\/strong>: \u201cJ\u00e1 o prazo material relativo ser\u00e1 contado de acordo com o CPC, <span style=\"color: #0000ff\">computando-se somente os dias \u00fateis, tais como o prazo de 180 dias do par\u00e1grafo 4\u00ba do art. 6\u00ba<\/span>.\u201d (<strong>Manoel Justino Bezerra Filho<\/strong>)<\/p>\n<p style=\"text-align: justify\"><strong><u>Doutrina<\/u><\/strong>: \u201cEm outro artigo publicado no Conjur, Gerson Luiz Carlos Branco (advogado e prof. adjunto de Direito Empresarial da UFRGS) entende que o prazo de 180 dias previsto no art. 6\u00ba, \u00a7 4\u00ba, da LRF \u00e9 material. Argumenta que a Lei 11.101\/2005 \u00e9 uma \u00faltima trincheira do direito das obriga\u00e7\u00f5es, regulando a liquida\u00e7\u00e3o do patrim\u00f4nio do devedor e a distribui\u00e7\u00e3o dos seus bens. <span style=\"color: #ff0000\">Sugere que n\u00e3o se tratam de prazos processuais, mas de prazos para o exerc\u00edcio de direito material dentro de um processo, apoiando o entendimento de que somente prazos para o exerc\u00edcio de presta\u00e7\u00f5es jurisdicionais deveriam seguir a contagem prevista no art. 219 do novo CPC<span style=\"color: #000000\">.<\/span><\/span>\u201d (<strong>Lu\u00eds Felipe Salom\u00e3o<\/strong>)<\/p>\n<p style=\"text-align: justify\"><strong><u>Doutrina<\/u><\/strong>: \u201cEsteja-se atento para o fato de que a suspens\u00e3o da prescri\u00e7\u00e3o e do direito de a\u00e7\u00e3o \u00e9 medida de natureza material: suspende-se um direito material a bem do desenvolvimento do processo (o ju\u00edzo universal). <span style=\"color: #ff0000\">Portanto, <span style=\"text-decoration: underline\"><strong>n\u00e3o<\/strong><\/span> h\u00e1 falar em aplica\u00e7\u00e3o do artigo 219 do novo C\u00f3digo de Processo Civil, que prev\u00ea que a contagem dos prazos em dias deve-se levar em conta apenas os dias \u00fateis<\/span>.\u201d (<strong>Gladston Mamede<\/strong>)<\/p>\n<p>&nbsp;<\/p>\n<p>Para dicas di\u00e1rias sobre Direito Empresarial:<\/p>\n<p><img loading=\"lazy\" decoding=\"async\" class=\"alignnone wp-image-114523\" src=\"https:\/\/dhg1h5j42swfq.cloudfront.net\/2018\/04\/05031406\/Instagram-S%C3%ADmbolo.jpg\" alt=\"\" width=\"44\" height=\"43\" srcset=\"https:\/\/dhg1h5j42swfq.cloudfront.net\/2018\/04\/05031406\/Instagram-S%C3%ADmbolo.jpg 175w, https:\/\/dhg1h5j42swfq.cloudfront.net\/2018\/04\/05031406\/Instagram-S%C3%ADmbolo.jpg 150w\" sizes=\"auto, (max-width: 44px) 100vw, 44px\" \/><a href=\"https:\/\/www.instagram.com\/proflucasevangelinos\/?hl=pt-br\" target=\"_blank\" rel=\"noopener\">@proflucasevangelinos<\/a><\/p>\n<p>Se gostou do material, fica o convite para dar uma olhada nos meus cursos aqui do Estrat\u00e9gia:<\/p>\n<p><img loading=\"lazy\" decoding=\"async\" class=\"alignnone wp-image-114766\" src=\"https:\/\/dhg1h5j42swfq.cloudfront.net\/2018\/04\/06031127\/ECJ.jpg\" alt=\"\" width=\"163\" height=\"55\" srcset=\"https:\/\/dhg1h5j42swfq.cloudfront.net\/2018\/04\/06031127\/ECJ.jpg 543w, https:\/\/dhg1h5j42swfq.cloudfront.net\/2018\/04\/06031127\/ECJ.jpg 300w\" sizes=\"auto, (max-width: 163px) 100vw, 163px\" \/><a href=\"https:\/\/www.estrategiaconcursos.com.br\/cursosPorProfessor\/lucas-de-abreu-evangelinos-3722\/\" target=\"_blank\" rel=\"noopener\">CURSOS &#8211; LUCAS DE ABREU EVANGELINOS<\/a><\/p>\n<p>Por fim, d\u00favidas, sugest\u00f5es ou cr\u00edticas:<\/p>\n<p><img loading=\"lazy\" decoding=\"async\" class=\"alignnone wp-image-115153 size-full\" src=\"https:\/\/dhg1h5j42swfq.cloudfront.net\/2018\/04\/09030905\/GMAIL.jpg\" alt=\"\" width=\"48\" height=\"36\" \/>proflucasevangelinos@gmail.com<\/p>\n<p>&nbsp;<\/p>\n<p>Abra\u00e7o e bons estudos!<\/p>\n","protected":false},"excerpt":{"rendered":"<p>O stay period trata-se do prazo de 180 (cento e oitenta) dias previsto no art. 6\u00ba, \u00a7 4\u00ba, da Lei n\u00ba 11.101\/05: Legisla\u00e7\u00e3o:\u00a0\u201cArt. 6\u00ba, da Lei n\u00ba 11.101\/05. A decreta\u00e7\u00e3o da fal\u00eancia ou o deferimento do processamento da recupera\u00e7\u00e3o judicial suspende o curso da prescri\u00e7\u00e3o e de todas as a\u00e7\u00f5es e execu\u00e7\u00f5es em face do [&hellip;]<\/p>\n","protected":false},"author":581,"featured_media":0,"comment_status":"open","ping_status":"closed","sticky":false,"template":"","format":"standard","meta":{"post_tipo":"article","footnotes":""},"categories":[1,2185],"tags":[],"tax_estado":[],"class_list":["post-115721","post","type-post","status-publish","format-standard","hentry","category-cursos-e-concursos","category-carreiras-juridicas"],"acf":[],"yoast_head":"<!-- This site is optimized with the Yoast SEO Premium plugin v27.2 (Yoast SEO v27.2) - https:\/\/yoast.com\/product\/yoast-seo-premium-wordpress\/ -->\n<title>Direito Empresarial: Como deve ser feita a contagem de dias no stay period? [ATUALIZADO]<\/title>\n<meta name=\"robots\" content=\"index, follow, max-snippet:-1, max-image-preview:large, max-video-preview:-1\" \/>\n<link rel=\"canonical\" href=\"https:\/\/www.estrategiaconcursos.com.br\/blog\/direito-empresarial-como-deve-ser-feita-contagem-de-dias-no-stay-period\/\" \/>\n<meta property=\"og:locale\" content=\"pt_BR\" \/>\n<meta property=\"og:type\" content=\"article\" \/>\n<meta property=\"og:title\" content=\"Direito Empresarial: Como deve ser feita a contagem de dias no stay period? [ATUALIZADO]\" \/>\n<meta property=\"og:description\" content=\"O stay period trata-se do prazo de 180 (cento e oitenta) dias previsto no art. 6\u00ba, \u00a7 4\u00ba, da Lei n\u00ba 11.101\/05: Legisla\u00e7\u00e3o:\u00a0\u201cArt. 6\u00ba, da Lei n\u00ba 11.101\/05. A decreta\u00e7\u00e3o da fal\u00eancia ou o deferimento do processamento da recupera\u00e7\u00e3o judicial suspende o curso da prescri\u00e7\u00e3o e de todas as a\u00e7\u00f5es e execu\u00e7\u00f5es em face do [&hellip;]\" \/>\n<meta property=\"og:url\" content=\"https:\/\/www.estrategiaconcursos.com.br\/blog\/direito-empresarial-como-deve-ser-feita-contagem-de-dias-no-stay-period\/\" \/>\n<meta property=\"og:site_name\" content=\"Estrat\u00e9gia Concursos\" \/>\n<meta property=\"article:published_time\" content=\"2018-04-11T07:08:54+00:00\" \/>\n<meta property=\"article:modified_time\" content=\"2018-04-11T13:21:56+00:00\" \/>\n<meta property=\"og:image\" content=\"https:\/\/www.estrategiaconcursos.com.br\/blog\/wp-content\/uploads\/2018\/04\/2191.jpg\" \/>\n<meta name=\"author\" content=\"Lucas de Abreu Evangelinos\" \/>\n<meta name=\"twitter:card\" content=\"summary_large_image\" \/>\n<meta name=\"twitter:creator\" content=\"@EstratConcursos\" \/>\n<meta name=\"twitter:site\" content=\"@EstratConcursos\" \/>\n<meta name=\"twitter:label1\" content=\"Escrito por\" \/>\n\t<meta name=\"twitter:data1\" content=\"Lucas de Abreu Evangelinos\" \/>\n\t<meta name=\"twitter:label2\" content=\"Est. tempo de leitura\" \/>\n\t<meta name=\"twitter:data2\" content=\"3 minutos\" \/>\n<script type=\"application\/ld+json\" class=\"yoast-schema-graph\">{\"@context\":\"https:\/\/schema.org\",\"@graph\":[{\"@type\":\"NewsArticle\",\"@id\":\"https:\/\/www.estrategiaconcursos.com.br\/blog\/direito-empresarial-como-deve-ser-feita-contagem-de-dias-no-stay-period\/#article\",\"isPartOf\":{\"@id\":\"https:\/\/www.estrategiaconcursos.com.br\/blog\/direito-empresarial-como-deve-ser-feita-contagem-de-dias-no-stay-period\/\"},\"author\":{\"name\":\"Lucas de Abreu Evangelinos\",\"@id\":\"https:\/\/www.estrategiaconcursos.com.br\/blog\/#\/schema\/person\/1df46045115e528b1e901bfd2d534434\"},\"headline\":\"Direito Empresarial: Como deve ser feita a contagem de dias no stay period? [ATUALIZADO]\",\"datePublished\":\"2018-04-11T07:08:54+00:00\",\"dateModified\":\"2018-04-11T13:21:56+00:00\",\"mainEntityOfPage\":{\"@id\":\"https:\/\/www.estrategiaconcursos.com.br\/blog\/direito-empresarial-como-deve-ser-feita-contagem-de-dias-no-stay-period\/\"},\"wordCount\":662,\"commentCount\":2,\"publisher\":{\"@id\":\"https:\/\/www.estrategiaconcursos.com.br\/blog\/#organization\"},\"image\":{\"@id\":\"https:\/\/www.estrategiaconcursos.com.br\/blog\/direito-empresarial-como-deve-ser-feita-contagem-de-dias-no-stay-period\/#primaryimage\"},\"thumbnailUrl\":\"https:\/\/www.estrategiaconcursos.com.br\/blog\/wp-content\/uploads\/2018\/04\/2191.jpg\",\"articleSection\":[\"Concursos P\u00fablicos\",\"Jur\u00eddico\"],\"inLanguage\":\"pt-BR\",\"potentialAction\":[{\"@type\":\"CommentAction\",\"name\":\"Comment\",\"target\":[\"https:\/\/www.estrategiaconcursos.com.br\/blog\/direito-empresarial-como-deve-ser-feita-contagem-de-dias-no-stay-period\/#respond\"]}],\"copyrightYear\":\"2018\",\"copyrightHolder\":{\"@id\":\"https:\/\/www.estrategiaconcursos.com.br\/blog\/#organization\"}},{\"@type\":\"WebPage\",\"@id\":\"https:\/\/www.estrategiaconcursos.com.br\/blog\/direito-empresarial-como-deve-ser-feita-contagem-de-dias-no-stay-period\/\",\"url\":\"https:\/\/www.estrategiaconcursos.com.br\/blog\/direito-empresarial-como-deve-ser-feita-contagem-de-dias-no-stay-period\/\",\"name\":\"Direito Empresarial: Como deve ser feita a contagem de dias no stay period? [ATUALIZADO]\",\"isPartOf\":{\"@id\":\"https:\/\/www.estrategiaconcursos.com.br\/blog\/#website\"},\"primaryImageOfPage\":{\"@id\":\"https:\/\/www.estrategiaconcursos.com.br\/blog\/direito-empresarial-como-deve-ser-feita-contagem-de-dias-no-stay-period\/#primaryimage\"},\"image\":{\"@id\":\"https:\/\/www.estrategiaconcursos.com.br\/blog\/direito-empresarial-como-deve-ser-feita-contagem-de-dias-no-stay-period\/#primaryimage\"},\"thumbnailUrl\":\"https:\/\/www.estrategiaconcursos.com.br\/blog\/wp-content\/uploads\/2018\/04\/2191.jpg\",\"datePublished\":\"2018-04-11T07:08:54+00:00\",\"dateModified\":\"2018-04-11T13:21:56+00:00\",\"breadcrumb\":{\"@id\":\"https:\/\/www.estrategiaconcursos.com.br\/blog\/direito-empresarial-como-deve-ser-feita-contagem-de-dias-no-stay-period\/#breadcrumb\"},\"inLanguage\":\"pt-BR\",\"potentialAction\":[{\"@type\":\"ReadAction\",\"target\":[\"https:\/\/www.estrategiaconcursos.com.br\/blog\/direito-empresarial-como-deve-ser-feita-contagem-de-dias-no-stay-period\/\"]}]},{\"@type\":\"ImageObject\",\"inLanguage\":\"pt-BR\",\"@id\":\"https:\/\/www.estrategiaconcursos.com.br\/blog\/direito-empresarial-como-deve-ser-feita-contagem-de-dias-no-stay-period\/#primaryimage\",\"url\":\"https:\/\/dhg1h5j42swfq.cloudfront.net\/2018\/04\/11034438\/2191.jpg\",\"contentUrl\":\"https:\/\/dhg1h5j42swfq.cloudfront.net\/2018\/04\/11034438\/2191.jpg\",\"width\":884,\"height\":1406},{\"@type\":\"BreadcrumbList\",\"@id\":\"https:\/\/www.estrategiaconcursos.com.br\/blog\/direito-empresarial-como-deve-ser-feita-contagem-de-dias-no-stay-period\/#breadcrumb\",\"itemListElement\":[{\"@type\":\"ListItem\",\"position\":1,\"name\":\"In\u00edcio\",\"item\":\"https:\/\/www.estrategiaconcursos.com.br\/blog\/\"},{\"@type\":\"ListItem\",\"position\":2,\"name\":\"Direito Empresarial: Como deve ser feita a contagem de dias no stay period? [ATUALIZADO]\"}]},{\"@type\":\"WebSite\",\"@id\":\"https:\/\/www.estrategiaconcursos.com.br\/blog\/#website\",\"url\":\"https:\/\/www.estrategiaconcursos.com.br\/blog\/\",\"name\":\"Estrat\u00e9gia Concursos\",\"description\":\"O blog da Estrat\u00e9gia Concursos traz not\u00edcias sobre concursos e artigos de professores oferecendo cursos para concursos (pdf + videaulas) no site.\",\"publisher\":{\"@id\":\"https:\/\/www.estrategiaconcursos.com.br\/blog\/#organization\"},\"potentialAction\":[{\"@type\":\"SearchAction\",\"target\":{\"@type\":\"EntryPoint\",\"urlTemplate\":\"https:\/\/www.estrategiaconcursos.com.br\/blog\/?s={search_term_string}\"},\"query-input\":{\"@type\":\"PropertyValueSpecification\",\"valueRequired\":true,\"valueName\":\"search_term_string\"}}],\"inLanguage\":\"pt-BR\"},{\"@type\":\"Organization\",\"@id\":\"https:\/\/www.estrategiaconcursos.com.br\/blog\/#organization\",\"name\":\"Estrat\u00e9gia Concursos\",\"url\":\"https:\/\/www.estrategiaconcursos.com.br\/blog\/\",\"logo\":{\"@type\":\"ImageObject\",\"inLanguage\":\"pt-BR\",\"@id\":\"https:\/\/www.estrategiaconcursos.com.br\/blog\/#\/schema\/logo\/image\/\",\"url\":\"https:\/\/dhg1h5j42swfq.cloudfront.net\/2025\/06\/03203428\/logo_concursos-1.jpg\",\"contentUrl\":\"https:\/\/dhg1h5j42swfq.cloudfront.net\/2025\/06\/03203428\/logo_concursos-1.jpg\",\"width\":230,\"height\":60,\"caption\":\"Estrat\u00e9gia Concursos\"},\"image\":{\"@id\":\"https:\/\/www.estrategiaconcursos.com.br\/blog\/#\/schema\/logo\/image\/\"},\"sameAs\":[\"https:\/\/x.com\/EstratConcursos\"]},{\"@type\":\"Person\",\"@id\":\"https:\/\/www.estrategiaconcursos.com.br\/blog\/#\/schema\/person\/1df46045115e528b1e901bfd2d534434\",\"name\":\"Lucas de Abreu Evangelinos\",\"image\":{\"@type\":\"ImageObject\",\"inLanguage\":\"pt-BR\",\"@id\":\"https:\/\/secure.gravatar.com\/avatar\/c4f3f0152330b69fbb5249cbc3511d7e387474f77d84b5dd386b312193eaa930?s=96&d=mm&r=g\",\"url\":\"https:\/\/secure.gravatar.com\/avatar\/c4f3f0152330b69fbb5249cbc3511d7e387474f77d84b5dd386b312193eaa930?s=96&d=mm&r=g\",\"contentUrl\":\"https:\/\/secure.gravatar.com\/avatar\/c4f3f0152330b69fbb5249cbc3511d7e387474f77d84b5dd386b312193eaa930?s=96&d=mm&r=g\",\"caption\":\"Lucas de Abreu Evangelinos\"},\"url\":\"https:\/\/www.estrategiaconcursos.com.br\/blog\/author\/proflucasevangelinosgmail-com\/\"}]}<\/script>\n<!-- \/ Yoast SEO Premium plugin. -->","yoast_head_json":{"title":"Direito Empresarial: Como deve ser feita a contagem de dias no stay period? [ATUALIZADO]","robots":{"index":"index","follow":"follow","max-snippet":"max-snippet:-1","max-image-preview":"max-image-preview:large","max-video-preview":"max-video-preview:-1"},"canonical":"https:\/\/www.estrategiaconcursos.com.br\/blog\/direito-empresarial-como-deve-ser-feita-contagem-de-dias-no-stay-period\/","og_locale":"pt_BR","og_type":"article","og_title":"Direito Empresarial: Como deve ser feita a contagem de dias no stay period? [ATUALIZADO]","og_description":"O stay period trata-se do prazo de 180 (cento e oitenta) dias previsto no art. 6\u00ba, \u00a7 4\u00ba, da Lei n\u00ba 11.101\/05: Legisla\u00e7\u00e3o:\u00a0\u201cArt. 6\u00ba, da Lei n\u00ba 11.101\/05. A decreta\u00e7\u00e3o da fal\u00eancia ou o deferimento do processamento da recupera\u00e7\u00e3o judicial suspende o curso da prescri\u00e7\u00e3o e de todas as a\u00e7\u00f5es e execu\u00e7\u00f5es em face do [&hellip;]","og_url":"https:\/\/www.estrategiaconcursos.com.br\/blog\/direito-empresarial-como-deve-ser-feita-contagem-de-dias-no-stay-period\/","og_site_name":"Estrat\u00e9gia Concursos","article_published_time":"2018-04-11T07:08:54+00:00","article_modified_time":"2018-04-11T13:21:56+00:00","og_image":[{"url":"https:\/\/www.estrategiaconcursos.com.br\/blog\/wp-content\/uploads\/2018\/04\/2191.jpg","type":"","width":"","height":""}],"author":"Lucas de Abreu Evangelinos","twitter_card":"summary_large_image","twitter_creator":"@EstratConcursos","twitter_site":"@EstratConcursos","twitter_misc":{"Escrito por":"Lucas de Abreu Evangelinos","Est. tempo de leitura":"3 minutos"},"schema":{"@context":"https:\/\/schema.org","@graph":[{"@type":"NewsArticle","@id":"https:\/\/www.estrategiaconcursos.com.br\/blog\/direito-empresarial-como-deve-ser-feita-contagem-de-dias-no-stay-period\/#article","isPartOf":{"@id":"https:\/\/www.estrategiaconcursos.com.br\/blog\/direito-empresarial-como-deve-ser-feita-contagem-de-dias-no-stay-period\/"},"author":{"name":"Lucas de Abreu Evangelinos","@id":"https:\/\/www.estrategiaconcursos.com.br\/blog\/#\/schema\/person\/1df46045115e528b1e901bfd2d534434"},"headline":"Direito Empresarial: Como deve ser feita a contagem de dias no stay period? [ATUALIZADO]","datePublished":"2018-04-11T07:08:54+00:00","dateModified":"2018-04-11T13:21:56+00:00","mainEntityOfPage":{"@id":"https:\/\/www.estrategiaconcursos.com.br\/blog\/direito-empresarial-como-deve-ser-feita-contagem-de-dias-no-stay-period\/"},"wordCount":662,"commentCount":2,"publisher":{"@id":"https:\/\/www.estrategiaconcursos.com.br\/blog\/#organization"},"image":{"@id":"https:\/\/www.estrategiaconcursos.com.br\/blog\/direito-empresarial-como-deve-ser-feita-contagem-de-dias-no-stay-period\/#primaryimage"},"thumbnailUrl":"https:\/\/www.estrategiaconcursos.com.br\/blog\/wp-content\/uploads\/2018\/04\/2191.jpg","articleSection":["Concursos P\u00fablicos","Jur\u00eddico"],"inLanguage":"pt-BR","potentialAction":[{"@type":"CommentAction","name":"Comment","target":["https:\/\/www.estrategiaconcursos.com.br\/blog\/direito-empresarial-como-deve-ser-feita-contagem-de-dias-no-stay-period\/#respond"]}],"copyrightYear":"2018","copyrightHolder":{"@id":"https:\/\/www.estrategiaconcursos.com.br\/blog\/#organization"}},{"@type":"WebPage","@id":"https:\/\/www.estrategiaconcursos.com.br\/blog\/direito-empresarial-como-deve-ser-feita-contagem-de-dias-no-stay-period\/","url":"https:\/\/www.estrategiaconcursos.com.br\/blog\/direito-empresarial-como-deve-ser-feita-contagem-de-dias-no-stay-period\/","name":"Direito Empresarial: Como deve ser feita a contagem de dias no stay period? [ATUALIZADO]","isPartOf":{"@id":"https:\/\/www.estrategiaconcursos.com.br\/blog\/#website"},"primaryImageOfPage":{"@id":"https:\/\/www.estrategiaconcursos.com.br\/blog\/direito-empresarial-como-deve-ser-feita-contagem-de-dias-no-stay-period\/#primaryimage"},"image":{"@id":"https:\/\/www.estrategiaconcursos.com.br\/blog\/direito-empresarial-como-deve-ser-feita-contagem-de-dias-no-stay-period\/#primaryimage"},"thumbnailUrl":"https:\/\/www.estrategiaconcursos.com.br\/blog\/wp-content\/uploads\/2018\/04\/2191.jpg","datePublished":"2018-04-11T07:08:54+00:00","dateModified":"2018-04-11T13:21:56+00:00","breadcrumb":{"@id":"https:\/\/www.estrategiaconcursos.com.br\/blog\/direito-empresarial-como-deve-ser-feita-contagem-de-dias-no-stay-period\/#breadcrumb"},"inLanguage":"pt-BR","potentialAction":[{"@type":"ReadAction","target":["https:\/\/www.estrategiaconcursos.com.br\/blog\/direito-empresarial-como-deve-ser-feita-contagem-de-dias-no-stay-period\/"]}]},{"@type":"ImageObject","inLanguage":"pt-BR","@id":"https:\/\/www.estrategiaconcursos.com.br\/blog\/direito-empresarial-como-deve-ser-feita-contagem-de-dias-no-stay-period\/#primaryimage","url":"https:\/\/dhg1h5j42swfq.cloudfront.net\/2018\/04\/11034438\/2191.jpg","contentUrl":"https:\/\/dhg1h5j42swfq.cloudfront.net\/2018\/04\/11034438\/2191.jpg","width":884,"height":1406},{"@type":"BreadcrumbList","@id":"https:\/\/www.estrategiaconcursos.com.br\/blog\/direito-empresarial-como-deve-ser-feita-contagem-de-dias-no-stay-period\/#breadcrumb","itemListElement":[{"@type":"ListItem","position":1,"name":"In\u00edcio","item":"https:\/\/www.estrategiaconcursos.com.br\/blog\/"},{"@type":"ListItem","position":2,"name":"Direito Empresarial: Como deve ser feita a contagem de dias no stay period? [ATUALIZADO]"}]},{"@type":"WebSite","@id":"https:\/\/www.estrategiaconcursos.com.br\/blog\/#website","url":"https:\/\/www.estrategiaconcursos.com.br\/blog\/","name":"Estrat\u00e9gia Concursos","description":"O blog da Estrat\u00e9gia Concursos traz not\u00edcias sobre concursos e artigos de professores oferecendo cursos para concursos (pdf + videaulas) no site.","publisher":{"@id":"https:\/\/www.estrategiaconcursos.com.br\/blog\/#organization"},"potentialAction":[{"@type":"SearchAction","target":{"@type":"EntryPoint","urlTemplate":"https:\/\/www.estrategiaconcursos.com.br\/blog\/?s={search_term_string}"},"query-input":{"@type":"PropertyValueSpecification","valueRequired":true,"valueName":"search_term_string"}}],"inLanguage":"pt-BR"},{"@type":"Organization","@id":"https:\/\/www.estrategiaconcursos.com.br\/blog\/#organization","name":"Estrat\u00e9gia Concursos","url":"https:\/\/www.estrategiaconcursos.com.br\/blog\/","logo":{"@type":"ImageObject","inLanguage":"pt-BR","@id":"https:\/\/www.estrategiaconcursos.com.br\/blog\/#\/schema\/logo\/image\/","url":"https:\/\/dhg1h5j42swfq.cloudfront.net\/2025\/06\/03203428\/logo_concursos-1.jpg","contentUrl":"https:\/\/dhg1h5j42swfq.cloudfront.net\/2025\/06\/03203428\/logo_concursos-1.jpg","width":230,"height":60,"caption":"Estrat\u00e9gia Concursos"},"image":{"@id":"https:\/\/www.estrategiaconcursos.com.br\/blog\/#\/schema\/logo\/image\/"},"sameAs":["https:\/\/x.com\/EstratConcursos"]},{"@type":"Person","@id":"https:\/\/www.estrategiaconcursos.com.br\/blog\/#\/schema\/person\/1df46045115e528b1e901bfd2d534434","name":"Lucas de Abreu Evangelinos","image":{"@type":"ImageObject","inLanguage":"pt-BR","@id":"https:\/\/secure.gravatar.com\/avatar\/c4f3f0152330b69fbb5249cbc3511d7e387474f77d84b5dd386b312193eaa930?s=96&d=mm&r=g","url":"https:\/\/secure.gravatar.com\/avatar\/c4f3f0152330b69fbb5249cbc3511d7e387474f77d84b5dd386b312193eaa930?s=96&d=mm&r=g","contentUrl":"https:\/\/secure.gravatar.com\/avatar\/c4f3f0152330b69fbb5249cbc3511d7e387474f77d84b5dd386b312193eaa930?s=96&d=mm&r=g","caption":"Lucas de Abreu Evangelinos"},"url":"https:\/\/www.estrategiaconcursos.com.br\/blog\/author\/proflucasevangelinosgmail-com\/"}]}},"_links":{"self":[{"href":"https:\/\/www.estrategiaconcursos.com.br\/blog\/wp-json\/wp\/v2\/posts\/115721","targetHints":{"allow":["GET"]}}],"collection":[{"href":"https:\/\/www.estrategiaconcursos.com.br\/blog\/wp-json\/wp\/v2\/posts"}],"about":[{"href":"https:\/\/www.estrategiaconcursos.com.br\/blog\/wp-json\/wp\/v2\/types\/post"}],"author":[{"embeddable":true,"href":"https:\/\/www.estrategiaconcursos.com.br\/blog\/wp-json\/wp\/v2\/users\/581"}],"replies":[{"embeddable":true,"href":"https:\/\/www.estrategiaconcursos.com.br\/blog\/wp-json\/wp\/v2\/comments?post=115721"}],"version-history":[{"count":11,"href":"https:\/\/www.estrategiaconcursos.com.br\/blog\/wp-json\/wp\/v2\/posts\/115721\/revisions"}],"predecessor-version":[{"id":115771,"href":"https:\/\/www.estrategiaconcursos.com.br\/blog\/wp-json\/wp\/v2\/posts\/115721\/revisions\/115771"}],"wp:attachment":[{"href":"https:\/\/www.estrategiaconcursos.com.br\/blog\/wp-json\/wp\/v2\/media?parent=115721"}],"wp:term":[{"taxonomy":"category","embeddable":true,"href":"https:\/\/www.estrategiaconcursos.com.br\/blog\/wp-json\/wp\/v2\/categories?post=115721"},{"taxonomy":"post_tag","embeddable":true,"href":"https:\/\/www.estrategiaconcursos.com.br\/blog\/wp-json\/wp\/v2\/tags?post=115721"},{"taxonomy":"tax_estado","embeddable":true,"href":"https:\/\/www.estrategiaconcursos.com.br\/blog\/wp-json\/wp\/v2\/tax_estado?post=115721"}],"curies":[{"name":"wp","href":"https:\/\/api.w.org\/{rel}","templated":true}]}}