{"id":1157020,"date":"2023-01-23T00:42:14","date_gmt":"2023-01-23T03:42:14","guid":{"rendered":"https:\/\/www.estrategiaconcursos.com.br\/blog\/?p=1157020"},"modified":"2023-05-16T10:11:05","modified_gmt":"2023-05-16T13:11:05","slug":"recurso-e-gabarito-seger-es-direito-civil","status":"publish","type":"post","link":"https:\/\/www.estrategiaconcursos.com.br\/blog\/recurso-e-gabarito-seger-es-direito-civil\/","title":{"rendered":"RECURSO e Gabarito: SEGER\/ES \u2013 Direito Civil"},"content":{"rendered":"\n<p>Eu, Prof. Paulo Sousa (<a href=\"http:\/\/www.instagram.com.br\/prof.phms\">IG<\/a>\u00a0e\u00a0<a href=\"https:\/\/www.youtube.com\/channel\/UC5BNzTLlcneB_x1aUAhXBAg\">YT<\/a>), vou apresentar o gabarito da prova objetiva de Direito Civil da SEGER\/ES \u2013 Analista do Executivo. Vou fazer alguns coment\u00e1rios sobre a prova e analisar a possibilidade de recursos.<\/p>\n\n\n\n<p>Vamos l\u00e1<\/p>\n\n\n\n<p>48. (CONSULPLAN \u2013 SEGER\/ES &#8211; Analista do Executivo &#8211; Direito \u2013 2023)Um empres\u00e1rio, capaz, decide doar bem im\u00f3vel para uma pessoa jur\u00eddica e, na escritura p\u00fablica lavrada para consumar o neg\u00f3cio jur\u00eddico, consta a exig\u00eancia de a donat\u00e1ria construir uma arena cultural no local. De acordo com a classifica\u00e7\u00e3o dos elementos constituintes do contrato de doa\u00e7\u00e3o, o encargo assumido pela donat\u00e1ria \u00e9 um elemento<\/p>\n\n\n\n<p>a) acidental do neg\u00f3cio jur\u00eddico.<\/p>\n\n\n\n<p>b) essencial dos contratos de doa\u00e7\u00e3o.<\/p>\n\n\n\n<p>c) natural de contratos dessa natureza.<\/p>\n\n\n\n<p>d) estrutural nos neg\u00f3cios jur\u00eddicos unilaterais<\/p>\n\n\n\n<p>e) indispens\u00e1vel nos contratos de doa\u00e7\u00e3o e legados.<\/p>\n\n\n\n<p><strong>Coment\u00e1rios:<\/strong><\/p>\n\n\n\n<p>A alternativa A est\u00e1 correta, j\u00e1 que os elementos acidentais dos neg\u00f3cios jur\u00eddicos s\u00e3o:&nbsp;condi\u00e7\u00e3o, termo e encargo. O encargo, por sua vez, <strong>imp\u00f5e ao benefici\u00e1rio de uma liberalidade uma dada obriga\u00e7\u00e3o<\/strong>. No caso em tela, o empres\u00e1rio decidiu doar bem im\u00f3vel para uma pessoa jur\u00eddica, desde que fosse constru\u00edda uma arena cultural no local pela donat\u00e1ria.<strong><\/strong><\/p>\n\n\n\n<p>A alternativa B est\u00e1 incorreta, j\u00e1 que s\u00e3o dois os elementos essenciais do contrato de doa\u00e7\u00e3o: a coisa ou vantagem que o doador transfere ao donat\u00e1rio (elemento objetivo) e o animus donandi ou inten\u00e7\u00e3o de doar (elemento subjetivo). Assim, o encargo n\u00e3o \u00e9 elemento essencial dos contratos de doa\u00e7\u00e3o.<\/p>\n\n\n\n<p>A alternativa C est\u00e1 incorreta, j\u00e1 que decorrem da natureza do neg\u00f3cio jur\u00eddico sem que haja necessidade de men\u00e7\u00e3o expressa para que gerem seus efeitos. J\u00e1 o encargo<strong> imp\u00f5e ao benefici\u00e1rio de uma liberalidade uma dada obriga\u00e7\u00e3o<\/strong>.<\/p>\n\n\n\n<p>A alternativa D est\u00e1 incorreta, j\u00e1 que os elementos estruturais dos neg\u00f3cios jur\u00eddicos em geral s\u00e3o: agente, forma, vontade e objeto.<\/p>\n\n\n\n<p>A alternativa E est\u00e1 incorreta, j\u00e1 que s\u00e3o dois os elementos essenciais do contrato de doa\u00e7\u00e3o: a coisa ou vantagem que o doador transfere ao donat\u00e1rio (elemento objetivo) e o animus donandi ou inten\u00e7\u00e3o de doar (elemento subjetivo). Assim, o encargo n\u00e3o \u00e9 elemento essencial dos contratos de doa\u00e7\u00e3o.<\/p>\n\n\n\n<p>49. (CONSULPLAN \u2013 SEGER\/ES &#8211; Analista do Executivo &#8211; Direito \u2013 2023)No per\u00edodo em que a norma se encontra em vacatio legis, mesmo que ocorram os fatos previstos no texto legal, estes n\u00e3o apresentar\u00e3o car\u00e1ter jur\u00eddico, e seguir\u00e3o sem aptid\u00e3o para surtir os resultados esperados. Sobre o per\u00edodo em que a lei j\u00e1 se encontra publicada e o momento em que ela tem preenchidas as condi\u00e7\u00f5es para produzir efeitos concretos, assinale a alternativa correta.<\/p>\n\n\n\n<p>a) A lei se encontra vigente; todavia, ainda n\u00e3o \u00e9 eficaz.<\/p>\n\n\n\n<p>b) Juridicamente, a lei ainda n\u00e3o se considera existente.<\/p>\n\n\n\n<p>c) A lei considera-se existente; contudo, n\u00e3o tem ainda vig\u00eancia.<\/p>\n\n\n\n<p>d) A lei j\u00e1 ser\u00e1 eficaz, ficando sua validade condicionada ao termo.<\/p>\n\n\n\n<p>e) Se houver altera\u00e7\u00e3o no texto da lei, n\u00e3o ser\u00e1 necess\u00e1rio republica\u00e7\u00e3o.<\/p>\n\n\n\n<p><strong>Coment\u00e1rios:<\/strong><\/p>\n\n\n\n<p><strong>Aten\u00e7\u00e3o!<\/strong> A quest\u00e3o \u00e9 pass\u00edvel de RECURSO!<\/p>\n\n\n\n<p>A alternativa A est\u00e1 incorreta, j\u00e1 que a&nbsp;vig\u00eancia&nbsp;de uma lei est\u00e1 relacionada \u00e0 sua publicidade, significando, em s\u00edntese, que a lei \u00e9 v\u00e1lida e que j\u00e1 foi formalmente publicada no meio oficial adequado. Por sua vez, a&nbsp;efic\u00e1cia&nbsp;da lei est\u00e1 relacionada \u00e0 possibilidade de a lei, uma vez v\u00e1lida e devidamente publicada, vir a surtir efeitos junto aos seus destinat\u00e1rios. Nesse sentido, conforme o enunciado, a lei j\u00e1 se encontra publicada e preenche as condi\u00e7\u00f5es para produzir efeitos concretos. Assim, a lei se encontra vigente e \u00e9 eficaz.<\/p>\n\n\n\n<p>A alternativa B est\u00e1 incorreta, j\u00e1 que a lei se considera existente por estar aprovada de acordo com os requisitos estabelecidos pela CF\/1988 e pelas normas infraconstitucionais pertinentes. A validade faz com que a norma entre no mundo jur\u00eddico e seja apta a atribuir efeitos jur\u00eddicos.<\/p>\n\n\n\n<p>A alternativa C est\u00e1 correta, j\u00e1 que a lei publicada \u00e9 considerada existente. No entanto, n\u00e3o necessariamente ter\u00e1 vig\u00eancia.<\/p>\n\n\n\n<p>A alternativa D est\u00e1 incorreta, j\u00e1 que a validade da lei fica condicionada \u00e0s condi\u00e7\u00f5es do art. 2<sup>o<\/sup> da LINDB: \u201cN\u00e3o se destinando \u00e0 vig\u00eancia tempor\u00e1ria, a lei ter\u00e1 vigor at\u00e9 que outra a modifique ou revogue\u201d.<\/p>\n\n\n\n<p>A alternativa E est\u00e1 incorreta, conforme o art. Art.&nbsp;1<sup>o<\/sup>, \u00a7 3<sup>o<\/sup> da LINDB: \u201cSe, antes de entrar a lei em vigor, ocorrer nova publica\u00e7\u00e3o de seu texto, destinada a corre\u00e7\u00e3o, o prazo deste artigo e dos par\u00e1grafos anteriores come\u00e7ar\u00e1 a correr da <strong>nova publica\u00e7\u00e3o<\/strong>\u201d.<\/p>\n\n\n\n<p>50. (CONSULPLAN \u2013 SEGER\/ES &#8211; Analista do Executivo &#8211; Direito \u2013 2023)A solidariedade passiva representa uma vantagem para o credor, pois, ao possibilitar a cobran\u00e7a da d\u00edvida a qualquer um dos devedores, amplia a possibilidade de recebimento do montante devido. Na solidariedade passiva:<\/p>\n\n\n\n<p>a) O devedor solid\u00e1rio responde por perdas e danos, ainda que n\u00e3o incorra em culpa.<\/p>\n\n\n\n<p>b) Compete exclusivamente ao devedor solid\u00e1rio culpado pela d\u00edvida responder pelos juros de mora.<\/p>\n\n\n\n<p>c) Ocorrer\u00e1 ren\u00fancia \u00e0 solidariedade com a propositura de a\u00e7\u00e3o pelo credor contra um ou alguns dos devedores.<\/p>\n\n\n\n<p>d) A ren\u00fancia \u00e0 solidariedade equivale \u00e0 remiss\u00e3o, visto que o devedor fica inteiramente liberado do v\u00ednculo obrigacional.<\/p>\n\n\n\n<p>e) Havendo a ren\u00fancia quanto a apenas um dos devedores, o credor n\u00e3o poder\u00e1 cobrar do beneficiado a sua quota na d\u00edvida, e a solidariedade permanecer\u00e1 quanto aos demais devedores. A ren\u00fancia ao cr\u00e9dito equivale ao perd\u00e3o, exonerando-se da obriga\u00e7\u00e3o o devedor beneficiado, remanescendo para os demais devedores o restante da d\u00edvida.<\/p>\n\n\n\n<p><strong>Coment\u00e1rios:<\/strong><\/p>\n\n\n\n<p><strong>Aten\u00e7\u00e3o!<\/strong> A quest\u00e3o \u00e9 pass\u00edvel de RECURSO!<\/p>\n\n\n\n<p>A alternativa A est\u00e1 incorreta, conforme o art. 279 do CC: \u201cImpossibilitando-se a presta\u00e7\u00e3o por culpa de um dos devedores solid\u00e1rios, subsiste para todos o encargo de pagar o equivalente; mas <strong>pelas perdas e danos s\u00f3 responde o culpado<\/strong>\u201d.<strong><\/strong><\/p>\n\n\n\n<p>A alternativa B est\u00e1 incorreta, conforme o art. 280 do CC: \u201c<strong>Todos os devedores respondem pelos juros da mora<\/strong>, ainda que a a\u00e7\u00e3o tenha sido proposta somente contra um; mas <strong>o culpado responde aos outros pela obriga\u00e7\u00e3o acrescid<\/strong>a\u201d.<strong><\/strong><\/p>\n\n\n\n<p>A alternativa C est\u00e1 incorreta, conforme o art. 282 do CC: \u201cO credor pode renunciar \u00e0 solidariedade em favor de um, de alguns <strong>ou de todos os devedores<\/strong>\u201d.<\/p>\n\n\n\n<p>A alternativa D est\u00e1 incorreta, j\u00e1 que na <strong>ren\u00fancia \u00e0 solidariedade e remiss\u00e3o da d\u00edvida (perd\u00e3o) s\u00e3o diferentes. Na primeira o credor retira algum dos devedores da solidariedade, enquanto na segunda ele retira algum dos devedores do polo passivo.<\/strong> Ademais, na ren\u00fancia, os demais continuam solidariamente obrigados, bem como aquele que foi retirado da solidariedade continua obrigado, s\u00f3 que n\u00e3o mais solidariamente, apenas em rela\u00e7\u00e3o \u00e0 sua cota-parte. Na remiss\u00e3o, o remitido n\u00e3o est\u00e1 mais obrigado com o credor, mas os demais continuam solidariamente devedores.<\/p>\n\n\n\n<p>A alternativa E est\u00e1 correta, mas \u00e9 pass\u00edvel de anula\u00e7\u00e3o, j\u00e1 que a primeira ora\u00e7\u00e3o n\u00e3o indica se a ren\u00fancia \u00e9 quanto \u00e0 solidariedade, hip\u00f3tese em que estaria incorreta ou quanto \u00e0 d\u00edvida, equivalente \u00e1 remiss\u00e3o ou perd\u00e3o, hip\u00f3tese em que estaria correta.<\/p>\n\n\n\n<p>51. (CONSULPLAN \u2013 SEGER\/ES &#8211; Analista do Executivo &#8211; Direito \u2013 2023)&nbsp;O Estado Alfa constituiu uma sociedade de economia mista para fazer a gest\u00e3o de bens p\u00fablicos desafetados. Neste caso, referidos bens classificam-se como:<\/p>\n\n\n\n<p>a) Privados.<\/p>\n\n\n\n<p>b) Coletivos.<\/p>\n\n\n\n<p>c) Dominicais.<\/p>\n\n\n\n<p>d) De uso comum.<\/p>\n\n\n\n<p>e) De uso especial.<\/p>\n\n\n\n<p><strong>Coment\u00e1rios:<\/strong><\/p>\n\n\n\n<p>A alternativa A est\u00e1 incorreta, j\u00e1 que os bens privados s\u00e3o todos aqueles n\u00e3o inclu\u00eddos no rol de bens p\u00fablicos, elencados no art. 99 do CC.<\/p>\n\n\n\n<p>A alternativa B est\u00e1 incorreta, j\u00e1 que <strong>os bens coletivos ou universais s\u00e3o os bens singulares \u2013 iguais ou diferentes \u2013 reunidos em um todo individualizado.<\/strong> Passa-se a considerar o todo, ainda que n\u00e3o desapare\u00e7a a peculiaridade individual de cada um.<\/p>\n\n\n\n<p>A alternativa C est\u00e1 correta, j\u00e1 que os bens p\u00fablicos dominicais n\u00e3o est\u00e3o afetados a uma fun\u00e7\u00e3o p\u00fablica. Apesar de serem bens p\u00fablicos, n\u00e3o cumprem uma fun\u00e7\u00e3o p\u00fablica, por isso podem ser alienados e, segundo um eco da jurisprud\u00eancia mais recente, s\u00e3o pass\u00edveis de usucapi\u00e3o.<\/p>\n\n\n\n<p>A alternativa D est\u00e1 incorreta, j\u00e1 que os bens p\u00fablicos de uso comum do povo est\u00e3o afetados a uma fun\u00e7\u00e3o p\u00fablica. Da\u00ed serem inalien\u00e1veis e, consequentemente, impass\u00edveis de usucapi\u00e3o.<\/p>\n\n\n\n<p>A alternativa E est\u00e1 incorreta, j\u00e1 que os bens p\u00fablicos de uso especial est\u00e3o afetados a uma fun\u00e7\u00e3o p\u00fablica. Da\u00ed serem inalien\u00e1veis e, consequentemente, impass\u00edveis de usucapi\u00e3o.<\/p>\n\n\n\n<p>52. (CONSULPLAN \u2013 SEGER\/ES &#8211; Analista do Executivo &#8211; Direito \u2013 2023)Em regra, para que se determine a desconsidera\u00e7\u00e3o da personalidade jur\u00eddica, exige-se que seja provada a utiliza\u00e7\u00e3o dolosa da pessoa jur\u00eddica com o prop\u00f3sito de lesar credores ou que tenha ocorrido a mistura de bens e gastos da pessoa jur\u00eddica com a pessoa f\u00edsica. Incidem o desvio de finalidade e a confus\u00e3o patrimonial<\/p>\n\n\n\n<p>a) com o mero encerramento irregular das atividades da pessoa jur\u00eddica.<\/p>\n\n\n\n<p>b) com a transfer\u00eancia de ativos ou de passivos de quaisquer valores sem efetivas contrapresta\u00e7\u00f5es.<\/p>\n\n\n\n<p>c) com a expans\u00e3o ou a altera\u00e7\u00e3o da finalidade original da atividade econ\u00f4mica espec\u00edfica da pessoa jur\u00eddica.<\/p>\n\n\n\n<p>d) havendo abuso da personalidade jur\u00eddica, que resulte em benef\u00edcio direto ou indireto dos s\u00f3cios ou administradores da pessoa jur\u00eddica.<\/p>\n\n\n\n<p>e) nas rela\u00e7\u00f5es jur\u00eddicas envolvendo consumo ou responsabilidade civil ambiental desde que demonstrado inten\u00e7\u00e3o de prejudicar terceiros.<\/p>\n\n\n\n<p><strong>Coment\u00e1rios:<\/strong><\/p>\n\n\n\n<p>A alternativa A est\u00e1 incorreta, conforme o <a href=\"https:\/\/www.cjf.jus.br\/enunciados\/enunciado\/245\" target=\"_blank\" rel=\"noreferrer noopener\">Enunciado 282 da IV Jornada de Direito Civil<\/a>:&nbsp;\u201cO encerramento irregular das atividades da pessoa jur\u00eddica, por si s\u00f3, <strong>n\u00e3o basta para caracterizar abuso da personalidade jur\u00eddica<\/strong>.\u201d<\/p>\n\n\n\n<p>A alternativa B est\u00e1 incorreta, conforme o art. 50, \u00a7 2\u00ba, inc. II do CC: \u201cEntende-se por confus\u00e3o patrimonial a aus\u00eancia de separa\u00e7\u00e3o de fato entre os patrim\u00f4nios, caracterizada por: transfer\u00eancia de ativos ou de passivos sem efetivas contrapresta\u00e7\u00f5es, <strong>exceto os de valor proporcionalmente insignificante<\/strong>;\u201d.&nbsp;<\/p>\n\n\n\n<p>A alternativa C est\u00e1 incorreta, conforme o art. 50, \u00a7 5\u00ba do CC: \u201c<strong>N\u00e3o constitui desvio de finalidade<\/strong> a mera expans\u00e3o ou a altera\u00e7\u00e3o da finalidade original da atividade econ\u00f4mica espec\u00edfica da pessoa jur\u00eddica\u201d.&nbsp;<\/p>\n\n\n\n<p>A alternativa D est\u00e1 correta, conforme o art. 50 do CC: \u201c<strong>Em caso de abuso da personalidade jur\u00eddica, caracterizado pelo desvio de finalidade ou pela confus\u00e3o patrimonial,<\/strong> pode o juiz, a requerimento da parte, ou do Minist\u00e9rio P\u00fablico quando lhe couber intervir no processo, desconsider\u00e1-la para que os efeitos de certas e determinadas rela\u00e7\u00f5es de obriga\u00e7\u00f5es sejam <strong>estendidos aos bens particulares de administradores ou de s\u00f3cios da pessoa jur\u00eddica beneficiados direta ou indiretamente pelo abuso<\/strong>\u201d.&nbsp;<\/p>\n\n\n\n<p>A alternativa E est\u00e1 incorreta, j\u00e1 que para que haja a desconsidera\u00e7\u00e3o da personalidade jur\u00eddica em tais rela\u00e7\u00f5es, basta que seja demonstrada a insolv\u00eancia da pessoa jur\u00eddica, conforme a teoria menor da desconsidera\u00e7\u00e3o.<\/p>\n\n\n\n<p>Assim, visualizei a possibilidade de recurso nas quest\u00f5es de n\u00famero 49 e 50.<\/p>\n\n\n\n<p>Espero que voc\u00ea tenha ido bem na prova!<br \/>Voc\u00ea j\u00e1 est\u00e1 preparado para as pr\u00f3ximas etapas? O Estrat\u00e9gia tem cursos para todas as etapas da SEGER\/ES e eu sou o Professor respons\u00e1vel pelo Direito Civil! Fique ligado!<\/p>\n\n\n\n<p>Abra\u00e7o,<\/p>\n\n\n\n<p><a href=\"https:\/\/www.estrategiaconcursos.com.br\/cursosPorProfessor\/paulo-h-m-sousa-3384\/\">Paulo H M Sousa<\/a><\/p>\n\n\n\n<p><a href=\"http:\/\/www.instagram.com.br\/prof.phms\">Instagram<\/a><\/p>\n\n\n\n<p><a href=\"https:\/\/www.youtube.com\/channel\/UC5BNzTLlcneB_x1aUAhXBAg\">Youtube<\/a><\/p>\n","protected":false},"excerpt":{"rendered":"<p>Eu, Prof. Paulo Sousa (IG\u00a0e\u00a0YT), vou apresentar o gabarito da prova objetiva de Direito Civil da SEGER\/ES \u2013 Analista do Executivo. Vou fazer alguns coment\u00e1rios sobre a prova e analisar a possibilidade de recursos. Vamos l\u00e1 48. (CONSULPLAN \u2013 SEGER\/ES &#8211; Analista do Executivo &#8211; Direito \u2013 2023)Um empres\u00e1rio, capaz, decide doar bem im\u00f3vel para [&hellip;]<\/p>\n","protected":false},"author":1094,"featured_media":0,"comment_status":"open","ping_status":"closed","sticky":false,"template":"","format":"standard","meta":{"post_tipo":"article","footnotes":""},"categories":[1],"tags":[],"tax_estado":[],"class_list":["post-1157020","post","type-post","status-publish","format-standard","hentry","category-cursos-e-concursos"],"acf":[],"yoast_head":"<!-- This site is optimized with the Yoast SEO Premium plugin v27.2 (Yoast SEO v27.2) - https:\/\/yoast.com\/product\/yoast-seo-premium-wordpress\/ -->\n<title>RECURSO e Gabarito: SEGER\/ES \u2013 Direito Civil<\/title>\n<meta name=\"robots\" content=\"index, follow, max-snippet:-1, max-image-preview:large, max-video-preview:-1\" \/>\n<link rel=\"canonical\" href=\"https:\/\/www.estrategiaconcursos.com.br\/blog\/recurso-e-gabarito-seger-es-direito-civil\/\" \/>\n<meta property=\"og:locale\" content=\"pt_BR\" \/>\n<meta property=\"og:type\" content=\"article\" \/>\n<meta property=\"og:title\" content=\"RECURSO e Gabarito: SEGER\/ES \u2013 Direito Civil\" \/>\n<meta property=\"og:description\" content=\"Eu, Prof. Paulo Sousa (IG\u00a0e\u00a0YT), vou apresentar o gabarito da prova objetiva de Direito Civil da SEGER\/ES \u2013 Analista do Executivo. Vou fazer alguns coment\u00e1rios sobre a prova e analisar a possibilidade de recursos. Vamos l\u00e1 48. (CONSULPLAN \u2013 SEGER\/ES &#8211; Analista do Executivo &#8211; Direito \u2013 2023)Um empres\u00e1rio, capaz, decide doar bem im\u00f3vel para [&hellip;]\" \/>\n<meta property=\"og:url\" content=\"https:\/\/www.estrategiaconcursos.com.br\/blog\/recurso-e-gabarito-seger-es-direito-civil\/\" \/>\n<meta property=\"og:site_name\" content=\"Estrat\u00e9gia Concursos\" \/>\n<meta property=\"article:published_time\" content=\"2023-01-23T03:42:14+00:00\" \/>\n<meta property=\"article:modified_time\" content=\"2023-05-16T13:11:05+00:00\" \/>\n<meta name=\"author\" content=\"Paulo Sousa (Coord.)\" \/>\n<meta name=\"twitter:card\" content=\"summary_large_image\" \/>\n<meta name=\"twitter:creator\" content=\"@EstratConcursos\" \/>\n<meta name=\"twitter:site\" content=\"@EstratConcursos\" \/>\n<meta name=\"twitter:label1\" content=\"Escrito por\" \/>\n\t<meta name=\"twitter:data1\" content=\"Paulo Sousa (Coord.)\" \/>\n\t<meta name=\"twitter:label2\" content=\"Est. tempo de leitura\" \/>\n\t<meta name=\"twitter:data2\" content=\"10 minutos\" \/>\n<script type=\"application\/ld+json\" class=\"yoast-schema-graph\">{\"@context\":\"https:\/\/schema.org\",\"@graph\":[{\"@type\":\"NewsArticle\",\"@id\":\"https:\/\/www.estrategiaconcursos.com.br\/blog\/recurso-e-gabarito-seger-es-direito-civil\/#article\",\"isPartOf\":{\"@id\":\"https:\/\/www.estrategiaconcursos.com.br\/blog\/recurso-e-gabarito-seger-es-direito-civil\/\"},\"author\":{\"name\":\"Paulo Sousa (Coord.)\",\"@id\":\"https:\/\/www.estrategiaconcursos.com.br\/blog\/#\/schema\/person\/f6cf94f3aa8ed75620a4506ad577b88a\"},\"headline\":\"RECURSO e Gabarito: SEGER\/ES \u2013 Direito Civil\",\"datePublished\":\"2023-01-23T03:42:14+00:00\",\"dateModified\":\"2023-05-16T13:11:05+00:00\",\"mainEntityOfPage\":{\"@id\":\"https:\/\/www.estrategiaconcursos.com.br\/blog\/recurso-e-gabarito-seger-es-direito-civil\/\"},\"wordCount\":1969,\"commentCount\":0,\"publisher\":{\"@id\":\"https:\/\/www.estrategiaconcursos.com.br\/blog\/#organization\"},\"articleSection\":[\"Concursos P\u00fablicos\"],\"inLanguage\":\"pt-BR\",\"potentialAction\":[{\"@type\":\"CommentAction\",\"name\":\"Comment\",\"target\":[\"https:\/\/www.estrategiaconcursos.com.br\/blog\/recurso-e-gabarito-seger-es-direito-civil\/#respond\"]}],\"copyrightYear\":\"2023\",\"copyrightHolder\":{\"@id\":\"https:\/\/www.estrategiaconcursos.com.br\/blog\/#organization\"}},{\"@type\":\"WebPage\",\"@id\":\"https:\/\/www.estrategiaconcursos.com.br\/blog\/recurso-e-gabarito-seger-es-direito-civil\/\",\"url\":\"https:\/\/www.estrategiaconcursos.com.br\/blog\/recurso-e-gabarito-seger-es-direito-civil\/\",\"name\":\"RECURSO e Gabarito: SEGER\/ES \u2013 Direito Civil\",\"isPartOf\":{\"@id\":\"https:\/\/www.estrategiaconcursos.com.br\/blog\/#website\"},\"datePublished\":\"2023-01-23T03:42:14+00:00\",\"dateModified\":\"2023-05-16T13:11:05+00:00\",\"breadcrumb\":{\"@id\":\"https:\/\/www.estrategiaconcursos.com.br\/blog\/recurso-e-gabarito-seger-es-direito-civil\/#breadcrumb\"},\"inLanguage\":\"pt-BR\",\"potentialAction\":[{\"@type\":\"ReadAction\",\"target\":[\"https:\/\/www.estrategiaconcursos.com.br\/blog\/recurso-e-gabarito-seger-es-direito-civil\/\"]}]},{\"@type\":\"BreadcrumbList\",\"@id\":\"https:\/\/www.estrategiaconcursos.com.br\/blog\/recurso-e-gabarito-seger-es-direito-civil\/#breadcrumb\",\"itemListElement\":[{\"@type\":\"ListItem\",\"position\":1,\"name\":\"In\u00edcio\",\"item\":\"https:\/\/www.estrategiaconcursos.com.br\/blog\/\"},{\"@type\":\"ListItem\",\"position\":2,\"name\":\"RECURSO e Gabarito: SEGER\/ES \u2013 Direito Civil\"}]},{\"@type\":\"WebSite\",\"@id\":\"https:\/\/www.estrategiaconcursos.com.br\/blog\/#website\",\"url\":\"https:\/\/www.estrategiaconcursos.com.br\/blog\/\",\"name\":\"Estrat\u00e9gia Concursos\",\"description\":\"O blog da Estrat\u00e9gia Concursos traz not\u00edcias sobre concursos e artigos de professores oferecendo cursos para concursos (pdf + videaulas) no site.\",\"publisher\":{\"@id\":\"https:\/\/www.estrategiaconcursos.com.br\/blog\/#organization\"},\"potentialAction\":[{\"@type\":\"SearchAction\",\"target\":{\"@type\":\"EntryPoint\",\"urlTemplate\":\"https:\/\/www.estrategiaconcursos.com.br\/blog\/?s={search_term_string}\"},\"query-input\":{\"@type\":\"PropertyValueSpecification\",\"valueRequired\":true,\"valueName\":\"search_term_string\"}}],\"inLanguage\":\"pt-BR\"},{\"@type\":\"Organization\",\"@id\":\"https:\/\/www.estrategiaconcursos.com.br\/blog\/#organization\",\"name\":\"Estrat\u00e9gia Concursos\",\"url\":\"https:\/\/www.estrategiaconcursos.com.br\/blog\/\",\"logo\":{\"@type\":\"ImageObject\",\"inLanguage\":\"pt-BR\",\"@id\":\"https:\/\/www.estrategiaconcursos.com.br\/blog\/#\/schema\/logo\/image\/\",\"url\":\"https:\/\/dhg1h5j42swfq.cloudfront.net\/2025\/06\/03203428\/logo_concursos-1.jpg\",\"contentUrl\":\"https:\/\/dhg1h5j42swfq.cloudfront.net\/2025\/06\/03203428\/logo_concursos-1.jpg\",\"width\":230,\"height\":60,\"caption\":\"Estrat\u00e9gia Concursos\"},\"image\":{\"@id\":\"https:\/\/www.estrategiaconcursos.com.br\/blog\/#\/schema\/logo\/image\/\"},\"sameAs\":[\"https:\/\/x.com\/EstratConcursos\"]},{\"@type\":\"Person\",\"@id\":\"https:\/\/www.estrategiaconcursos.com.br\/blog\/#\/schema\/person\/f6cf94f3aa8ed75620a4506ad577b88a\",\"name\":\"Paulo Sousa (Coord.)\",\"image\":{\"@type\":\"ImageObject\",\"inLanguage\":\"pt-BR\",\"@id\":\"https:\/\/secure.gravatar.com\/avatar\/29f9e2d4ed868d929b68f3762e3577b9db519beed74b347b76e194f9a3293cf1?s=96&d=mm&r=g\",\"url\":\"https:\/\/secure.gravatar.com\/avatar\/29f9e2d4ed868d929b68f3762e3577b9db519beed74b347b76e194f9a3293cf1?s=96&d=mm&r=g\",\"contentUrl\":\"https:\/\/secure.gravatar.com\/avatar\/29f9e2d4ed868d929b68f3762e3577b9db519beed74b347b76e194f9a3293cf1?s=96&d=mm&r=g\",\"caption\":\"Paulo Sousa (Coord.)\"},\"url\":\"https:\/\/www.estrategiaconcursos.com.br\/blog\/author\/prof-phmsestrategiaconcursos-com-br\/\"}]}<\/script>\n<!-- \/ Yoast SEO Premium plugin. -->","yoast_head_json":{"title":"RECURSO e Gabarito: SEGER\/ES \u2013 Direito Civil","robots":{"index":"index","follow":"follow","max-snippet":"max-snippet:-1","max-image-preview":"max-image-preview:large","max-video-preview":"max-video-preview:-1"},"canonical":"https:\/\/www.estrategiaconcursos.com.br\/blog\/recurso-e-gabarito-seger-es-direito-civil\/","og_locale":"pt_BR","og_type":"article","og_title":"RECURSO e Gabarito: SEGER\/ES \u2013 Direito Civil","og_description":"Eu, Prof. Paulo Sousa (IG\u00a0e\u00a0YT), vou apresentar o gabarito da prova objetiva de Direito Civil da SEGER\/ES \u2013 Analista do Executivo. Vou fazer alguns coment\u00e1rios sobre a prova e analisar a possibilidade de recursos. Vamos l\u00e1 48. (CONSULPLAN \u2013 SEGER\/ES &#8211; Analista do Executivo &#8211; Direito \u2013 2023)Um empres\u00e1rio, capaz, decide doar bem im\u00f3vel para [&hellip;]","og_url":"https:\/\/www.estrategiaconcursos.com.br\/blog\/recurso-e-gabarito-seger-es-direito-civil\/","og_site_name":"Estrat\u00e9gia Concursos","article_published_time":"2023-01-23T03:42:14+00:00","article_modified_time":"2023-05-16T13:11:05+00:00","author":"Paulo Sousa (Coord.)","twitter_card":"summary_large_image","twitter_creator":"@EstratConcursos","twitter_site":"@EstratConcursos","twitter_misc":{"Escrito por":"Paulo Sousa (Coord.)","Est. tempo de leitura":"10 minutos"},"schema":{"@context":"https:\/\/schema.org","@graph":[{"@type":"NewsArticle","@id":"https:\/\/www.estrategiaconcursos.com.br\/blog\/recurso-e-gabarito-seger-es-direito-civil\/#article","isPartOf":{"@id":"https:\/\/www.estrategiaconcursos.com.br\/blog\/recurso-e-gabarito-seger-es-direito-civil\/"},"author":{"name":"Paulo Sousa (Coord.)","@id":"https:\/\/www.estrategiaconcursos.com.br\/blog\/#\/schema\/person\/f6cf94f3aa8ed75620a4506ad577b88a"},"headline":"RECURSO e Gabarito: SEGER\/ES \u2013 Direito Civil","datePublished":"2023-01-23T03:42:14+00:00","dateModified":"2023-05-16T13:11:05+00:00","mainEntityOfPage":{"@id":"https:\/\/www.estrategiaconcursos.com.br\/blog\/recurso-e-gabarito-seger-es-direito-civil\/"},"wordCount":1969,"commentCount":0,"publisher":{"@id":"https:\/\/www.estrategiaconcursos.com.br\/blog\/#organization"},"articleSection":["Concursos P\u00fablicos"],"inLanguage":"pt-BR","potentialAction":[{"@type":"CommentAction","name":"Comment","target":["https:\/\/www.estrategiaconcursos.com.br\/blog\/recurso-e-gabarito-seger-es-direito-civil\/#respond"]}],"copyrightYear":"2023","copyrightHolder":{"@id":"https:\/\/www.estrategiaconcursos.com.br\/blog\/#organization"}},{"@type":"WebPage","@id":"https:\/\/www.estrategiaconcursos.com.br\/blog\/recurso-e-gabarito-seger-es-direito-civil\/","url":"https:\/\/www.estrategiaconcursos.com.br\/blog\/recurso-e-gabarito-seger-es-direito-civil\/","name":"RECURSO e Gabarito: SEGER\/ES \u2013 Direito Civil","isPartOf":{"@id":"https:\/\/www.estrategiaconcursos.com.br\/blog\/#website"},"datePublished":"2023-01-23T03:42:14+00:00","dateModified":"2023-05-16T13:11:05+00:00","breadcrumb":{"@id":"https:\/\/www.estrategiaconcursos.com.br\/blog\/recurso-e-gabarito-seger-es-direito-civil\/#breadcrumb"},"inLanguage":"pt-BR","potentialAction":[{"@type":"ReadAction","target":["https:\/\/www.estrategiaconcursos.com.br\/blog\/recurso-e-gabarito-seger-es-direito-civil\/"]}]},{"@type":"BreadcrumbList","@id":"https:\/\/www.estrategiaconcursos.com.br\/blog\/recurso-e-gabarito-seger-es-direito-civil\/#breadcrumb","itemListElement":[{"@type":"ListItem","position":1,"name":"In\u00edcio","item":"https:\/\/www.estrategiaconcursos.com.br\/blog\/"},{"@type":"ListItem","position":2,"name":"RECURSO e Gabarito: SEGER\/ES \u2013 Direito Civil"}]},{"@type":"WebSite","@id":"https:\/\/www.estrategiaconcursos.com.br\/blog\/#website","url":"https:\/\/www.estrategiaconcursos.com.br\/blog\/","name":"Estrat\u00e9gia Concursos","description":"O blog da Estrat\u00e9gia Concursos traz not\u00edcias sobre concursos e artigos de professores oferecendo cursos para concursos (pdf + videaulas) no site.","publisher":{"@id":"https:\/\/www.estrategiaconcursos.com.br\/blog\/#organization"},"potentialAction":[{"@type":"SearchAction","target":{"@type":"EntryPoint","urlTemplate":"https:\/\/www.estrategiaconcursos.com.br\/blog\/?s={search_term_string}"},"query-input":{"@type":"PropertyValueSpecification","valueRequired":true,"valueName":"search_term_string"}}],"inLanguage":"pt-BR"},{"@type":"Organization","@id":"https:\/\/www.estrategiaconcursos.com.br\/blog\/#organization","name":"Estrat\u00e9gia Concursos","url":"https:\/\/www.estrategiaconcursos.com.br\/blog\/","logo":{"@type":"ImageObject","inLanguage":"pt-BR","@id":"https:\/\/www.estrategiaconcursos.com.br\/blog\/#\/schema\/logo\/image\/","url":"https:\/\/dhg1h5j42swfq.cloudfront.net\/2025\/06\/03203428\/logo_concursos-1.jpg","contentUrl":"https:\/\/dhg1h5j42swfq.cloudfront.net\/2025\/06\/03203428\/logo_concursos-1.jpg","width":230,"height":60,"caption":"Estrat\u00e9gia Concursos"},"image":{"@id":"https:\/\/www.estrategiaconcursos.com.br\/blog\/#\/schema\/logo\/image\/"},"sameAs":["https:\/\/x.com\/EstratConcursos"]},{"@type":"Person","@id":"https:\/\/www.estrategiaconcursos.com.br\/blog\/#\/schema\/person\/f6cf94f3aa8ed75620a4506ad577b88a","name":"Paulo Sousa (Coord.)","image":{"@type":"ImageObject","inLanguage":"pt-BR","@id":"https:\/\/secure.gravatar.com\/avatar\/29f9e2d4ed868d929b68f3762e3577b9db519beed74b347b76e194f9a3293cf1?s=96&d=mm&r=g","url":"https:\/\/secure.gravatar.com\/avatar\/29f9e2d4ed868d929b68f3762e3577b9db519beed74b347b76e194f9a3293cf1?s=96&d=mm&r=g","contentUrl":"https:\/\/secure.gravatar.com\/avatar\/29f9e2d4ed868d929b68f3762e3577b9db519beed74b347b76e194f9a3293cf1?s=96&d=mm&r=g","caption":"Paulo Sousa (Coord.)"},"url":"https:\/\/www.estrategiaconcursos.com.br\/blog\/author\/prof-phmsestrategiaconcursos-com-br\/"}]}},"_links":{"self":[{"href":"https:\/\/www.estrategiaconcursos.com.br\/blog\/wp-json\/wp\/v2\/posts\/1157020","targetHints":{"allow":["GET"]}}],"collection":[{"href":"https:\/\/www.estrategiaconcursos.com.br\/blog\/wp-json\/wp\/v2\/posts"}],"about":[{"href":"https:\/\/www.estrategiaconcursos.com.br\/blog\/wp-json\/wp\/v2\/types\/post"}],"author":[{"embeddable":true,"href":"https:\/\/www.estrategiaconcursos.com.br\/blog\/wp-json\/wp\/v2\/users\/1094"}],"replies":[{"embeddable":true,"href":"https:\/\/www.estrategiaconcursos.com.br\/blog\/wp-json\/wp\/v2\/comments?post=1157020"}],"version-history":[{"count":4,"href":"https:\/\/www.estrategiaconcursos.com.br\/blog\/wp-json\/wp\/v2\/posts\/1157020\/revisions"}],"predecessor-version":[{"id":1216577,"href":"https:\/\/www.estrategiaconcursos.com.br\/blog\/wp-json\/wp\/v2\/posts\/1157020\/revisions\/1216577"}],"wp:attachment":[{"href":"https:\/\/www.estrategiaconcursos.com.br\/blog\/wp-json\/wp\/v2\/media?parent=1157020"}],"wp:term":[{"taxonomy":"category","embeddable":true,"href":"https:\/\/www.estrategiaconcursos.com.br\/blog\/wp-json\/wp\/v2\/categories?post=1157020"},{"taxonomy":"post_tag","embeddable":true,"href":"https:\/\/www.estrategiaconcursos.com.br\/blog\/wp-json\/wp\/v2\/tags?post=1157020"},{"taxonomy":"tax_estado","embeddable":true,"href":"https:\/\/www.estrategiaconcursos.com.br\/blog\/wp-json\/wp\/v2\/tax_estado?post=1157020"}],"curies":[{"name":"wp","href":"https:\/\/api.w.org\/{rel}","templated":true}]}}