{"id":1156884,"date":"2023-04-01T11:00:00","date_gmt":"2023-04-01T14:00:00","guid":{"rendered":"https:\/\/www.estrategiaconcursos.com.br\/blog\/?p=1156884"},"modified":"2023-03-20T12:27:17","modified_gmt":"2023-03-20T15:27:17","slug":"prescricao-pretensao-executoria","status":"publish","type":"post","link":"https:\/\/www.estrategiaconcursos.com.br\/blog\/prescricao-pretensao-executoria\/","title":{"rendered":"Prescri\u00e7\u00e3o da Pretens\u00e3o Execut\u00f3ria"},"content":{"rendered":"\n<p><\/p><p><\/p><p><\/p><p><\/p><p><\/p><p><\/p><p><\/p><p><\/p><p><\/p><p>O tema prescri\u00e7\u00e3o da pretens\u00e3o execut\u00f3ria foi alvo de diversas altera\u00e7\u00f5es legislativas e entendimentos jurisprudenciais nos \u00faltimos anos.<\/p><span style=\"font-size: revert; color: initial;\">Este artigo tem por objetivo apontar os entendimentos jurisprudenciais essenciais \u00e0 sua aprova\u00e7\u00e3o.<\/span>\n\n\n\n<figure class=\"wp-block-image size-full is-resized\"><img loading=\"lazy\" decoding=\"async\" src=\"https:\/\/dhg1h5j42swfq.cloudfront.net\/2020\/03\/29160926\/stf.jpg\" alt=\"A Prescri\u00e7\u00e3o da pretens\u00e3o execut\u00f3ria sofreu relevantes altera\u00e7\u00f5es jurisprudenciais recentemente\" class=\"wp-image-497697\" width=\"840\" height=\"484\" srcset=\"https:\/\/dhg1h5j42swfq.cloudfront.net\/2020\/03\/29160926\/stf.jpg 330w, https:\/\/dhg1h5j42swfq.cloudfront.net\/2020\/03\/29160926\/stf-300x173.jpg 300w\" sizes=\"auto, (max-width: 840px) 100vw, 840px\" \/><figcaption class=\"wp-element-caption\">A Prescri\u00e7\u00e3o da pretens\u00e3o execut\u00f3ria sofreu relevantes altera\u00e7\u00f5es jurisprudenciais recentemente<\/figcaption><\/figure>\n\n\n\n<p><\/p><p><\/p><p><\/p><p><\/p><p><\/p><p><\/p><p><\/p><p><\/p><p><\/p><p>T\u00f3picos a serem vistos:<\/p>\n\n\n\n<ul class=\"wp-block-list\">\n<li>Aspectos Introdut\u00f3rios<\/li>\n\n\n\n<li>Esp\u00e9cies de Prescri\u00e7\u00e3o<\/li>\n\n\n\n<li>Termo Inicial da Prescri\u00e7\u00e3o da Pretens\u00e3o Execut\u00f3ria<\/li>\n<\/ul>\n\n\n\n<p><\/p><p><\/p><p><\/p><p><\/p><p><\/p><p><\/p><p><\/p><p><\/p><p><\/p><p>Vamos l\u00e1.<\/p>\n\n\n\n<h2 class=\"wp-block-heading\" id=\"h-prescricao-aspectos-introdutorios\"><em>PRESCRI\u00c7\u00c3O &#8211; ASPECTOS INTRODUT\u00d3RIOS<\/em><\/h2>\n\n\n\n<p><strong>A prescri\u00e7\u00e3o consiste na perda do direito de punir do Estado,<\/strong> em raz\u00e3o de n\u00e3o ter sido exercido dentro do prazo legal.<\/p>\n\n\n\n<p>Assim, ante a in\u00e9rcia Estatal,  <strong>ocorre a extin\u00e7\u00e3o da punibilidade do agente.<\/strong><\/p>\n\n\n\n<p>Nota-se que a prescri\u00e7\u00e3o tem <strong>natureza jur\u00eddica de causa extintiva da punibilidade do agente<\/strong>, conforme se extrai do art. 107, IV, do C\u00f3digo Penal, <em>in verbis:<\/em><\/p>\n\n\n\n<blockquote class=\"wp-block-quote is-layout-flow wp-block-quote-is-layout-flow\">\n<p><em>&nbsp;<strong>A<\/strong>rt. 107 &#8211; Extingue-se a punibilidade:&nbsp;&nbsp;<\/em><\/p>\n\n\n\n<p><em>&nbsp;IV &#8211; pela <strong>prescri\u00e7\u00e3o<\/strong>, decad\u00eancia ou peremp\u00e7\u00e3o;<\/em><\/p>\n<\/blockquote>\n\n\n\n<p><strong>Trata-se de mat\u00e9ria de ordem p\u00fablica que pode ser reconhecida de of\u00edcio a qualquer tempo.<\/strong> Nesse sentido, segue o entendimento do STJ:<\/p>\n\n\n\n<blockquote class=\"wp-block-quote is-layout-flow wp-block-quote-is-layout-flow\">\n<p><em>A extin\u00e7\u00e3o da punibilidade em raz\u00e3o da prescri\u00e7\u00e3o da pretens\u00e3o punitiva estatal constitui mat\u00e9ria de ordem p\u00fablica, que pode ser conhecida de of\u00edcio, em qualquer grau de jurisdi\u00e7\u00e3o, nos termos do art. 61 do C\u00f3digo de Processo Penal <\/em><\/p>\n\n\n\n<p><em>(STJ, AgRg no REsp 1.394.133\/AL, Rel. Min. Jorge Mussi, 5\u00aa T., DJe 05\/10\/2016).<\/em><\/p>\n<\/blockquote>\n\n\n\n<p>Ademais, cabe ressaltar que o instituto tem como fundamento, dentre outros, os seguintes postulados pol\u00edtico-criminais: proporcionalidade, seguran\u00e7a jur\u00eddica, presun\u00e7\u00e3o de bom comportamento do agente e desaparecimento dos efeitos do crime para a sociedade.<\/p>\n\n\n\n<p>Apesar disso, dois crimes foram considerados imprescrit\u00edveis pela Carta Magna: o crime de racismo (CF, art.&nbsp;5\u00ba, XLII) e o delito de a\u00e7\u00e3o de grupos armados, civis ou militares, contra a ordem constitucional e o Estado Democr\u00e1tico (CF, art.&nbsp;5\u00ba, XLIV).<\/p>\n\n\n\n<p>Ademais, <strong>o Supremo Tribunal Federal equiparou o crime de inj\u00faria racial (art. 140, \u00a7 3\u00ba, do C\u00f3digo Penal) ao delito de racismo, considerando-o imprescrit\u00edvel. <\/strong>Veja-se:<\/p>\n\n\n\n<blockquote class=\"wp-block-quote is-layout-flow wp-block-quote-is-layout-flow\">\n<p><em>O crime de inj\u00faria racial, esp\u00e9cie do g\u00eanero racismo, \u00e9 imprescrit\u00edvel. A pr\u00e1tica de injuria racial, prevista no art. 140, \u00a7 3\u00ba, do C\u00f3digo Penal, traz em seu bojo o emprego de elementos associados aos que se definem como ra\u00e7a, cor, etnia, religi\u00e3o ou origem para se ofender ou insultar algu\u00e9m. Em ambos os casos, h\u00e1 o emprego de elementos discriminat\u00f3rios baseados na ra\u00e7a para a viola\u00e7\u00e3o, o ataque, a supress\u00e3o de direitos fundamentais do ofendido. Sendo assim, n\u00e3o se pode excluir o crime de inj\u00faria racial do<br \/>mandado constitucional de criminaliza\u00e7\u00e3o previsto no art. 5\u00ba, XLII, restringir-lhe indevidamente a aplicabilidade.<br \/>STF. Plen\u00e1rio. HC 154248\/DF, Rel. Min. Edson Fachin, julgado em 28\/10\/2021 (Info 1036).<\/em><\/p>\n<\/blockquote>\n\n\n\n<h2 class=\"wp-block-heading\" id=\"h-especies-de-prescricao\"><em>ESP\u00c9CIES DE PRESCRI\u00c7\u00c3O<\/em><\/h2>\n\n\n\n<p><strong>O C\u00f3digo Penal prev\u00ea duas esp\u00e9cies de prescri\u00e7\u00e3o: a prescri\u00e7\u00e3o da pretens\u00e3o punitiva e a prescri\u00e7\u00e3o da pretens\u00e3o execut\u00f3ria.<\/strong><\/p>\n\n\n\n<p>Nas li\u00e7\u00f5es do Superior Tribunal de Justi\u00e7a:<\/p>\n\n\n\n<blockquote class=\"wp-block-quote is-layout-flow wp-block-quote-is-layout-flow\">\n<p>A extin\u00e7\u00e3o da punibilidade pela prescri\u00e7\u00e3o regula-se, antes de transitar em julgado a senten\u00e7a, pelo m\u00e1ximo da pena prevista para o crime (CP, art. 109) ou pela pena efetivamente aplicada, depois do tr\u00e2nsito em julgado para a acusa\u00e7\u00e3o (CP, art. 110), conforme expressa previs\u00e3o legal <\/p>\n\n\n\n<p>(STJ, HC 42338\/MG, Rel. Min. Arnaldo Esteves Lima, 5\u00aa T., DJ 22\/8\/2005, p. 321).<\/p>\n<\/blockquote>\n\n\n\n<p>Em regra, no per\u00edodo entre a data da consuma\u00e7\u00e3o do crime e antes do tr\u00e2nsito em julgado da senten\u00e7a penal condenat\u00f3ria pode ocorrer a prescri\u00e7\u00e3o da pretens\u00e3o punitiva.<\/p>\n\n\n\n<p>Ressalta-se a prescri\u00e7\u00e3o da pretens\u00e3o punitiva \u00e9 subdivida em 3 esp\u00e9cies, as quais ser\u00e3o estudadas em artigos futuros: 1) prescri\u00e7\u00e3o da pretens\u00e3o punitiva propriamente dita; 2) prescri\u00e7\u00e3o intercorrente e 3) prescri\u00e7\u00e3o retroativa.<\/p>\n\n\n\n<p>Por outro lado, a partir do tr\u00e2nsito em julgado para ambas as partes, poder\u00e1 ocorrer a chamada prescri\u00e7\u00e3o da pretens\u00e3o execut\u00f3ria.<\/p>\n\n\n\n<p>Na prescri\u00e7\u00e3o da pretens\u00e3o punitiva, o Estado perde a possibilidade de formar o seu t\u00edtulo executivo judicial, excluindo, assim, os efeitos principais e secund\u00e1rios(penais e extrapenais). Assim, ser\u00e1 como se o agente n\u00e3o tivesse praticado a infra\u00e7\u00e3o penal, visto que continuar\u00e1 a gozar do status de prim\u00e1rio e n\u00e3o poder\u00e1 ser maculado em seus antecedentes penais. Nota-se que tal esp\u00e9cie impede o exerc\u00edcio da a\u00e7\u00e3o penal.<\/p>\n\n\n\n<p>Por outro lado, na prescri\u00e7\u00e3o da pretens\u00e3o execut\u00f3ria, o Estado, ante a sua in\u00e9rcia, somente ir\u00e1 perder o direito de executar sua decis\u00e3o. Dessa forma, o t\u00edtulo execut\u00f3rio, formado com o tr\u00e2nsito em julgado da senten\u00e7a penal condenat\u00f3ria, n\u00e3o poder\u00e1 ser executado.<\/p>\n\n\n\n<p>Nota-se que a prescri\u00e7\u00e3o da pretens\u00e3o execut\u00f3ria extingue somente a pena(efeito principal da condena\u00e7\u00e3o), mantendo-se intactos os efeitos secund\u00e1rios da condena\u00e7\u00e3o, penais e extrapenais.<\/p>\n\n\n\n<p>Assim, se praticar novo crime, ser\u00e1 considerado reincidente ou portador de maus antecedentes, a depender da ocorr\u00eancia ou n\u00e3o do per\u00edodo depurador(art. 64, I, do CP).<\/p>\n\n\n\n<h3 class=\"wp-block-heading\" id=\"h-inadmissibilidade-da-prescricao-virtual-ideal-ou-em-perspectiva\">INADMISSIBILIDADE DA PRESCRI\u00c7\u00c3O VIRTUAL, IDEAL OU EM PERSPECTIVA<\/h3>\n\n\n\n<p>Destaca-se que os Tribunais Superiores <strong>n\u00e3o admitem a chamada prescri\u00e7\u00e3o virtual ou em perspectiva<\/strong> que consiste no reconhecimento da prescri\u00e7\u00e3o considerando-se uma prov\u00e1vel pena a ser aplicada ao autor do fato.<\/p>\n\n\n\n<p>Nesse sentido, segue o posicionamento do STJ:<\/p>\n\n\n\n<blockquote class=\"wp-block-quote is-layout-flow wp-block-quote-is-layout-flow\">\n<p>S\u00famula n\u00ba 438. \u00c9 inadmiss\u00edvel a extin\u00e7\u00e3o da punibilidade pela prescri\u00e7\u00e3o da pretens\u00e3o punitiva com fundamento em pena hipot\u00e9tica, independentemente da exist\u00eancia ou sorte do processo penal.<\/p>\n<\/blockquote>\n\n\n\n<p>O Supremo Tribunal Federal, seguindo a mesma linha de racioc\u00ednio, rejeita a chamada prescri\u00e7\u00e3o em perspectiva ou prescri\u00e7\u00e3o antecipada, ante a aus\u00eancia de previs\u00e3o legal da pretendida causa de extin\u00e7\u00e3o da punibilidade. Precedentes (STF, HC 105167\/SP, Rel. Min. Ayres Britto, 2\u00aa T., DJe 18\/6\/2012).<\/p>\n\n\n\n<h2 class=\"wp-block-heading\" id=\"h-prescricao-da-pretensao-executoria\">PRESCRI\u00c7\u00c3O DA PRETENS\u00c3O EXECUT\u00d3RIA<\/h2>\n\n\n\n<p>Inicialmente,<strong> destaca-se que a prescri\u00e7\u00e3o execut\u00f3ria tem como base a pena em concreto, ou seja, a pena fixada na senten\u00e7a ou no ac\u00f3rd\u00e3o que transitou em julgado, n\u00e3o podendo mais ser alterada.<\/strong><\/p>\n\n\n\n<p>Um grande debate vinha sendo travado a respeito do termo inicial dessa esp\u00e9cie de prescri\u00e7\u00e3o. Dessa forma, perguntava-se:<\/p>\n\n\n\n<p><em>A partir de que dia come\u00e7a o referido prazo para fazer com que o r\u00e9u condenado inicie o cumprimento da pena?<\/em><\/p>\n\n\n\n<p>No final de 2022, os Tribunais Superiores pacificaram a quest\u00e3o.<\/p>\n\n\n\n<p>O art. 112 do C\u00f3digo Penal assim disp\u00f5e:<\/p>\n\n\n\n<blockquote class=\"wp-block-quote is-layout-flow wp-block-quote-is-layout-flow\">\n<p>&nbsp;Art. 112 &#8211; No caso do art. 110 deste C\u00f3digo, a prescri\u00e7\u00e3o come\u00e7a a correr:<\/p>\n\n\n\n<p>&nbsp;I &#8211; <strong>do dia em que transita em julgado a senten\u00e7a condenat\u00f3ria, para a acusa\u00e7\u00e3o,<\/strong> ou a que revoga a suspens\u00e3o condicional da pena ou o livramento condicional;&nbsp;<\/p>\n\n\n\n<p>II &#8211; do dia em que se interrompe a execu\u00e7\u00e3o, salvo quando o tempo da interrup\u00e7\u00e3o deva computar-se na pena.&nbsp;&nbsp;<\/p>\n<\/blockquote>\n\n\n\n<p>Assim, nota-se que, pela reda\u00e7\u00e3o legal, o termo inicial da prescri\u00e7\u00e3o execut\u00f3ria \u00e9 a data do tr\u00e2nsito em<br \/>julgado da senten\u00e7a condenat\u00f3ria<strong> para a acusa\u00e7\u00e3o.<\/strong><\/p>\n\n\n\n<p>Logo, iniciaria-se a contagem do prazo de prescri\u00e7\u00e3o execut\u00f3ria mesmo ainda estando pendente a aprecia\u00e7\u00e3o do recurso interposto pela defesa.<\/p>\n\n\n\n<p>Diversos doutrinadores e membros do Minist\u00e9rio P\u00fablico teciam severas cr\u00edticas ao dispositivo, tendo em vista que a Constitui\u00e7\u00e3o Federal consagra o princ\u00edpio da presun\u00e7\u00e3o de inoc\u00eancia. Ademais,<strong> o pr\u00f3prio Supremo Tribunal Federal n\u00e3o admite a chamada execu\u00e7\u00e3o provis\u00f3ria da pena, consistente na possibilidade de se executar o decreto condenat\u00f3rio antes do tr\u00e2nsito em julgado.<\/strong><\/p>\n\n\n\n<p>Assim, pugnavam pelo reconhecimento do in\u00edcio da contagem do prazo da prescri\u00e7\u00e3o da pretens\u00e3o execut\u00f3ria apenas com o tr\u00e2nsito em julgado para ambas as partes, visto que, antes disso, o Estado n\u00e3o pode dar in\u00edcio \u00e0 execu\u00e7\u00e3o da pena, j\u00e1 que n\u00e3o h\u00e1 uma condena\u00e7\u00e3o definitiva.<\/p>\n\n\n\n<p>Inicialmente, o STJ n\u00e3o admitiu tal pr\u00e1tica. Veja-se:<\/p>\n\n\n\n<blockquote class=\"wp-block-quote is-layout-flow wp-block-quote-is-layout-flow\">\n<p>Nos termos do art. 112, I, do C\u00f3digo Penal, o termo inicial do prazo da prescri\u00e7\u00e3o da pretens\u00e3o execut\u00f3ria \u00e9 a data do tr\u00e2nsito em julgado para a acusa\u00e7\u00e3o, e n\u00e3o para ambas as partes, prevalecendo a interpreta\u00e7\u00e3o literal mais ben\u00e9fica ao condenado. Precedentes.<br \/>STJ. 6\u00aa Turma. AgRg no HC 555.043\/SC, Rel. Min. Nefi Cordeiro, julgado em 05\/05\/2020.<\/p>\n<\/blockquote>\n\n\n\n<h3 class=\"wp-block-heading\" id=\"h-mudanca-de-entendimento\">MUDAN\u00c7A DE ENTENDIMENTO <\/h3>\n\n\n\n<p>Entretanto, o Supremo Tribunal Federal passou a aderir o posicionamento defendido pelo Minist\u00e9rio P\u00fablico. <\/p>\n\n\n\n<blockquote class=\"wp-block-quote is-layout-flow wp-block-quote-is-layout-flow\">\n<p>(\u2026) A partir do julgamento pelo Plen\u00e1rio desta Corte do HC n\u00ba 84.078, deixou-se de se admitir a<br \/>execu\u00e7\u00e3o provis\u00f3ria da pena, na pend\u00eancia do RE.<strong> O princ\u00edpio da presun\u00e7\u00e3o de inoc\u00eancia ou da n\u00e3o-culpabilidade, tal como interpretado pelo STF, deve repercutir no marco inicial da contagem da prescri\u00e7\u00e3o da pretens\u00e3o execut\u00f3ria, originariamente regulado pelo art. 112, I do C\u00f3digo Penal.Como consequ\u00eancia das premissas estabelecidas, o in\u00edcio da contagem do prazo de prescri\u00e7\u00e3o somente<br \/>se d\u00e1 quando a pretens\u00e3o execut\u00f3ria pode ser exercida. (\u2026)<\/strong><br \/>STF. 1\u00aa Turma. HC 107710 AgR, Rel. Min. Roberto Barroso, julgado em 09\/06\/2015<\/p>\n<\/blockquote>\n\n\n\n<p>No mesmo sentido:<\/p>\n\n\n\n<blockquote class=\"wp-block-quote is-layout-flow wp-block-quote-is-layout-flow\">\n<p><strong>O in\u00edcio da contagem do prazo de prescri\u00e7\u00e3o somente se d\u00e1 quando a pretens\u00e3o execut\u00f3ria pode ser exercida. Se o Estado n\u00e3o pode executar a pena, n\u00e3o se pode dizer que o prazo prescricional j\u00e1 est\u00e1 correndo. <\/strong>Assim, mesmo que tenha havido tr\u00e2nsito em julgado para a acusa\u00e7\u00e3o, se o Estado ainda n\u00e3o pode executar a pena (ex: est\u00e1 pendente uma apela\u00e7\u00e3o da defesa), n\u00e3o teve ainda in\u00edcio a contagem do prazo para a prescri\u00e7\u00e3o execut\u00f3ria. \u00c9 preciso fazer uma interpreta\u00e7\u00e3o sistem\u00e1tica do art. 112, I, do CP.<br \/>STF. 1\u00aa Turma. RE 696533\/SC, Rel. Min. Luiz Fux, red. p\/ o ac. Min. Roberto Barroso, julgado em 6\/2\/2018<br \/>(Info 890).<\/p>\n<\/blockquote>\n\n\n\n<p>Assim, ante o posicionamento do STF, no final do ano de 2022, o Superior Tribunal de Justi\u00e7a reviu seu posicionamento e sedimentou o tema mediante decis\u00e3o da 3\u00aa Se\u00e7\u00e3o:<\/p>\n\n\n\n<blockquote class=\"wp-block-quote is-layout-flow wp-block-quote-is-layout-flow\">\n<p><strong>O termo inicial da contagem do prazo da prescri\u00e7\u00e3o da pretens\u00e3o execut\u00f3ria \u00e9 o tr\u00e2nsito em julgado para ambas as partes.<\/strong><br \/>STJ. 3\u00aa Se\u00e7\u00e3o. AgRg no REsp 1.983.259-PR, Rel. Min. Sebasti\u00e3o Reis J\u00fanior, julgado 26\/10\/2022 (Info 755)<\/p>\n<\/blockquote>\n\n\n\n<h2 class=\"wp-block-heading\" id=\"h-finalizando-prescricao-da-pretensao-executoria\"><em>FINALIZANDO<\/em> &#8211; <em>PRESCRI\u00c7\u00c3O DA PRETENS\u00c3O EXECUT\u00d3RIA<\/em><\/h2>\n\n\n\n<p><\/p><p><\/p><p><\/p><p><\/p><p><\/p><p><\/p><p><\/p><p><\/p><p>Chegamos ao fim do nosso resumo <span style=\"font-size: revert; color: initial;\">sobre o tema prescri\u00e7\u00e3o da pretens\u00e3o execut\u00f3ria.<\/span><\/p>\n\n\n\n<p><\/p><p><\/p><p><\/p><p><\/p><p><\/p><p><\/p><p><\/p><p><\/p><p><\/p><p>C<span style=\"font-size: revert; color: initial;\">aso queira ter a mais completa prepara\u00e7\u00e3o para o seu concurso p\u00fablico, invista nos&nbsp;<\/span><a style=\"font-size: revert;\" href=\"https:\/\/www.estrategiaconcursos.com.br\/cursos\/concurso\/\"><u>cursos completos&nbsp;<\/u><\/a><span style=\"font-size: revert; color: initial;\">do&nbsp;<\/span><strong style=\"font-size: revert; color: initial;\">Estrat\u00e9gia Concursos<\/strong><span style=\"font-size: revert; color: initial;\">. L\u00e1 voc\u00ea encontrar\u00e1 tudo o que precisa para atingir o cargo dos seus sonhos.  <\/span><\/p>\n\n\n\n<p><\/p><p><\/p><p><\/p><p><\/p><p><\/p><p><\/p><p><\/p><p><\/p><p><\/p><p>Al\u00e9m disso, \u00e9 essencial acompanhar a evolu\u00e7\u00e3o dos seus estudos por meio do&nbsp;<a href=\"https:\/\/questoes.estrategiaconcursos.com.br\/\">Sistema de Quest\u00f5es do Estrat\u00e9gia<\/a>, n\u00e3o deixe para marcar o \u201cx\u201d somente no dia da prova.<\/p>   <p>Grande abra\u00e7o a todos.<\/p><span style=\"font-size: revert; color: initial;\">Victor Baio<\/span>\n\n\n\n<p> <\/p>\n\n\n\n<p><\/p><p><\/p><p><\/p><p><\/p><p><\/p><p><\/p><p class=\"has-text-align-center has-pale-cyan-blue-background-color has-background has-medium-font-size\"><a href=\"https:\/\/www.estrategiaconcursos.com.br\/blog\/concursos-abertos\/\" target=\"_blank\" rel=\"noreferrer noopener\">Concursos abertos<\/a><\/p>\n\n\n\n<p><\/p><p><\/p><p><\/p><p><\/p><p><\/p><p><\/p><p class=\"has-text-align-center has-pale-cyan-blue-background-color has-background has-medium-font-size\"><a href=\"https:\/\/www.estrategiaconcursos.com.br\/blog\/concursos-2023\/\" target=\"_blank\" rel=\"noreferrer noopener\">Concursos 2023<\/a><\/p>\n","protected":false},"excerpt":{"rendered":"<p>O tema prescri\u00e7\u00e3o da pretens\u00e3o execut\u00f3ria foi alvo de diversas altera\u00e7\u00f5es legislativas e entendimentos jurisprudenciais nos \u00faltimos anos. Este artigo tem por objetivo apontar os entendimentos jurisprudenciais essenciais \u00e0 sua aprova\u00e7\u00e3o. T\u00f3picos a serem vistos: Vamos l\u00e1. PRESCRI\u00c7\u00c3O &#8211; ASPECTOS INTRODUT\u00d3RIOS A prescri\u00e7\u00e3o consiste na perda do direito de punir do Estado, em raz\u00e3o de [&hellip;]<\/p>\n","protected":false},"author":2343,"featured_media":963785,"comment_status":"open","ping_status":"closed","sticky":false,"template":"","format":"standard","meta":{"post_tipo":"article","footnotes":""},"categories":[1,2185,220016,220193,220194,220195,220196,220197,220188,1988,220189,220190,220186,220187,220191],"tags":[221291,221292,221293],"tax_estado":[219964,219965,219966,219967,219968,219969,219963,219970,219971,219972,219973,219974,219975,219976,219977,219978,219979,219980,219981,219982,219983,219984,219985,219986,219987,219988,219989,219990],"class_list":["post-1156884","post","type-post","status-publish","format-standard","has-post-thumbnail","hentry","category-cursos-e-concursos","category-carreiras-juridicas","category-cartorios","category-defensoria-publica","category-delegado","category-magistratura","category-procuradorias","category-promotor-de-justica","category-policial-agente-penitenciario","category-policia","category-policial-guarda-civis","category-policial-peritos","category-policial-oficial","category-policial-pracas","category-previdenciaria","tag-prescricao-da-pretensao-executoria","tag-prescricao-executoria","tag-resumo-prescricao","tax_estado-ac","tax_estado-al","tax_estado-am","tax_estado-ap","tax_estado-ba","tax_estado-ce","tax_estado-concursos-federais","tax_estado-df","tax_estado-es","tax_estado-go","tax_estado-ma","tax_estado-mg","tax_estado-ms","tax_estado-mt","tax_estado-pa","tax_estado-pb","tax_estado-pe","tax_estado-pi","tax_estado-pr","tax_estado-rj","tax_estado-rn","tax_estado-ro","tax_estado-rr","tax_estado-rs","tax_estado-sc","tax_estado-se","tax_estado-sp","tax_estado-to"],"acf":[],"yoast_head":"<!-- This site is optimized with the Yoast SEO Premium plugin v27.2 (Yoast SEO v27.2) - https:\/\/yoast.com\/product\/yoast-seo-premium-wordpress\/ -->\n<title>Prescri\u00e7\u00e3o da Pretens\u00e3o Execut\u00f3ria<\/title>\n<meta name=\"description\" content=\"Prescri\u00e7\u00e3o da Pretens\u00e3o Execut\u00f3ria. Confira a Jurisprud\u00eancia dos Tribunais Superiores mais relevante para a sua aprova\u00e7\u00e3o.\" \/>\n<meta name=\"robots\" content=\"index, follow, max-snippet:-1, max-image-preview:large, max-video-preview:-1\" \/>\n<link rel=\"canonical\" href=\"https:\/\/www.estrategiaconcursos.com.br\/blog\/prescricao-pretensao-executoria\/\" \/>\n<meta property=\"og:locale\" content=\"pt_BR\" \/>\n<meta property=\"og:type\" content=\"article\" \/>\n<meta property=\"og:title\" content=\"Prescri\u00e7\u00e3o da Pretens\u00e3o Execut\u00f3ria\" \/>\n<meta property=\"og:description\" content=\"Prescri\u00e7\u00e3o da Pretens\u00e3o Execut\u00f3ria. Confira a Jurisprud\u00eancia dos Tribunais Superiores mais relevante para a sua aprova\u00e7\u00e3o.\" \/>\n<meta property=\"og:url\" content=\"https:\/\/www.estrategiaconcursos.com.br\/blog\/prescricao-pretensao-executoria\/\" \/>\n<meta property=\"og:site_name\" content=\"Estrat\u00e9gia Concursos\" \/>\n<meta property=\"article:published_time\" content=\"2023-04-01T14:00:00+00:00\" \/>\n<meta property=\"og:image\" content=\"https:\/\/dhg1h5j42swfq.cloudfront.net\/2022\/02\/07175602\/foto-stj-5.jpg\" \/>\n\t<meta property=\"og:image:width\" content=\"275\" \/>\n\t<meta property=\"og:image:height\" content=\"183\" \/>\n\t<meta property=\"og:image:type\" content=\"image\/jpeg\" \/>\n<meta name=\"author\" content=\"Victor Baio do Carmo\" \/>\n<meta name=\"twitter:card\" content=\"summary_large_image\" \/>\n<meta name=\"twitter:creator\" content=\"@EstratConcursos\" \/>\n<meta name=\"twitter:site\" content=\"@EstratConcursos\" \/>\n<meta name=\"twitter:label1\" content=\"Escrito por\" \/>\n\t<meta name=\"twitter:data1\" content=\"Victor Baio do Carmo\" \/>\n\t<meta name=\"twitter:label2\" content=\"Est. tempo de leitura\" \/>\n\t<meta name=\"twitter:data2\" content=\"9 minutos\" \/>\n<script type=\"application\/ld+json\" class=\"yoast-schema-graph\">{\"@context\":\"https:\/\/schema.org\",\"@graph\":[{\"@type\":\"NewsArticle\",\"@id\":\"https:\/\/www.estrategiaconcursos.com.br\/blog\/prescricao-pretensao-executoria\/#article\",\"isPartOf\":{\"@id\":\"https:\/\/www.estrategiaconcursos.com.br\/blog\/prescricao-pretensao-executoria\/\"},\"author\":{\"name\":\"Victor Baio do Carmo\",\"@id\":\"https:\/\/www.estrategiaconcursos.com.br\/blog\/#\/schema\/person\/52a5e7b42bb3c34ccdf208f25a312eec\"},\"headline\":\"Prescri\u00e7\u00e3o da Pretens\u00e3o Execut\u00f3ria\",\"datePublished\":\"2023-04-01T14:00:00+00:00\",\"mainEntityOfPage\":{\"@id\":\"https:\/\/www.estrategiaconcursos.com.br\/blog\/prescricao-pretensao-executoria\/\"},\"wordCount\":1860,\"commentCount\":0,\"publisher\":{\"@id\":\"https:\/\/www.estrategiaconcursos.com.br\/blog\/#organization\"},\"image\":{\"@id\":\"https:\/\/www.estrategiaconcursos.com.br\/blog\/prescricao-pretensao-executoria\/#primaryimage\"},\"thumbnailUrl\":\"https:\/\/dhg1h5j42swfq.cloudfront.net\/2022\/02\/07175602\/foto-stj-5.jpg\",\"keywords\":[\"prescri\u00e7\u00e3o da pretens\u00e3o execut\u00f3ria\",\"prescri\u00e7\u00e3o execut\u00f3ria\",\"resumo prescri\u00e7\u00e3o\"],\"articleSection\":[\"Concursos P\u00fablicos\",\"Jur\u00eddico\",\"Jur\u00eddico - Cart\u00f3rios\",\"Jur\u00eddico - Defensoria P\u00fablica\",\"Jur\u00eddico - Delegado\",\"Jur\u00eddico - Magistratura\",\"Jur\u00eddico - Procuradorias\",\"Jur\u00eddico - Promotor de Justi\u00e7a\",\"Policial (Agente Penitenci\u00e1rio)\",\"Policial (Agente, Escriv\u00e3o e Investigador)\",\"Policial (Guardas Civis)\",\"Policial (Peritos, Papiloscopistas)\",\"Policial (PM\/BM - Oficial)\",\"Policial (PM\/BM - Pra\u00e7as)\",\"Previdenci\u00e1ria (INSS, PREVIC)\"],\"inLanguage\":\"pt-BR\",\"potentialAction\":[{\"@type\":\"CommentAction\",\"name\":\"Comment\",\"target\":[\"https:\/\/www.estrategiaconcursos.com.br\/blog\/prescricao-pretensao-executoria\/#respond\"]}],\"copyrightYear\":\"2023\",\"copyrightHolder\":{\"@id\":\"https:\/\/www.estrategiaconcursos.com.br\/blog\/#organization\"}},{\"@type\":\"WebPage\",\"@id\":\"https:\/\/www.estrategiaconcursos.com.br\/blog\/prescricao-pretensao-executoria\/\",\"url\":\"https:\/\/www.estrategiaconcursos.com.br\/blog\/prescricao-pretensao-executoria\/\",\"name\":\"Prescri\u00e7\u00e3o da Pretens\u00e3o Execut\u00f3ria\",\"isPartOf\":{\"@id\":\"https:\/\/www.estrategiaconcursos.com.br\/blog\/#website\"},\"primaryImageOfPage\":{\"@id\":\"https:\/\/www.estrategiaconcursos.com.br\/blog\/prescricao-pretensao-executoria\/#primaryimage\"},\"image\":{\"@id\":\"https:\/\/www.estrategiaconcursos.com.br\/blog\/prescricao-pretensao-executoria\/#primaryimage\"},\"thumbnailUrl\":\"https:\/\/dhg1h5j42swfq.cloudfront.net\/2022\/02\/07175602\/foto-stj-5.jpg\",\"datePublished\":\"2023-04-01T14:00:00+00:00\",\"description\":\"Prescri\u00e7\u00e3o da Pretens\u00e3o Execut\u00f3ria. Confira a Jurisprud\u00eancia dos Tribunais Superiores mais relevante para a sua aprova\u00e7\u00e3o.\",\"breadcrumb\":{\"@id\":\"https:\/\/www.estrategiaconcursos.com.br\/blog\/prescricao-pretensao-executoria\/#breadcrumb\"},\"inLanguage\":\"pt-BR\",\"potentialAction\":[{\"@type\":\"ReadAction\",\"target\":[\"https:\/\/www.estrategiaconcursos.com.br\/blog\/prescricao-pretensao-executoria\/\"]}]},{\"@type\":\"ImageObject\",\"inLanguage\":\"pt-BR\",\"@id\":\"https:\/\/www.estrategiaconcursos.com.br\/blog\/prescricao-pretensao-executoria\/#primaryimage\",\"url\":\"https:\/\/dhg1h5j42swfq.cloudfront.net\/2022\/02\/07175602\/foto-stj-5.jpg\",\"contentUrl\":\"https:\/\/dhg1h5j42swfq.cloudfront.net\/2022\/02\/07175602\/foto-stj-5.jpg\",\"width\":275,\"height\":183},{\"@type\":\"BreadcrumbList\",\"@id\":\"https:\/\/www.estrategiaconcursos.com.br\/blog\/prescricao-pretensao-executoria\/#breadcrumb\",\"itemListElement\":[{\"@type\":\"ListItem\",\"position\":1,\"name\":\"In\u00edcio\",\"item\":\"https:\/\/www.estrategiaconcursos.com.br\/blog\/\"},{\"@type\":\"ListItem\",\"position\":2,\"name\":\"Prescri\u00e7\u00e3o da Pretens\u00e3o Execut\u00f3ria\"}]},{\"@type\":\"WebSite\",\"@id\":\"https:\/\/www.estrategiaconcursos.com.br\/blog\/#website\",\"url\":\"https:\/\/www.estrategiaconcursos.com.br\/blog\/\",\"name\":\"Estrat\u00e9gia Concursos\",\"description\":\"O blog da Estrat\u00e9gia Concursos traz not\u00edcias sobre concursos e artigos de professores oferecendo cursos para concursos (pdf + videaulas) no site.\",\"publisher\":{\"@id\":\"https:\/\/www.estrategiaconcursos.com.br\/blog\/#organization\"},\"potentialAction\":[{\"@type\":\"SearchAction\",\"target\":{\"@type\":\"EntryPoint\",\"urlTemplate\":\"https:\/\/www.estrategiaconcursos.com.br\/blog\/?s={search_term_string}\"},\"query-input\":{\"@type\":\"PropertyValueSpecification\",\"valueRequired\":true,\"valueName\":\"search_term_string\"}}],\"inLanguage\":\"pt-BR\"},{\"@type\":\"Organization\",\"@id\":\"https:\/\/www.estrategiaconcursos.com.br\/blog\/#organization\",\"name\":\"Estrat\u00e9gia Concursos\",\"url\":\"https:\/\/www.estrategiaconcursos.com.br\/blog\/\",\"logo\":{\"@type\":\"ImageObject\",\"inLanguage\":\"pt-BR\",\"@id\":\"https:\/\/www.estrategiaconcursos.com.br\/blog\/#\/schema\/logo\/image\/\",\"url\":\"https:\/\/dhg1h5j42swfq.cloudfront.net\/2025\/06\/03203428\/logo_concursos-1.jpg\",\"contentUrl\":\"https:\/\/dhg1h5j42swfq.cloudfront.net\/2025\/06\/03203428\/logo_concursos-1.jpg\",\"width\":230,\"height\":60,\"caption\":\"Estrat\u00e9gia Concursos\"},\"image\":{\"@id\":\"https:\/\/www.estrategiaconcursos.com.br\/blog\/#\/schema\/logo\/image\/\"},\"sameAs\":[\"https:\/\/x.com\/EstratConcursos\"]},{\"@type\":\"Person\",\"@id\":\"https:\/\/www.estrategiaconcursos.com.br\/blog\/#\/schema\/person\/52a5e7b42bb3c34ccdf208f25a312eec\",\"name\":\"Victor Baio do Carmo\",\"image\":{\"@type\":\"ImageObject\",\"inLanguage\":\"pt-BR\",\"@id\":\"https:\/\/secure.gravatar.com\/avatar\/148fc18f2878ea373246778f423b66b836c3535ba972328844adc004c2a998d5?s=96&d=mm&r=g\",\"url\":\"https:\/\/secure.gravatar.com\/avatar\/148fc18f2878ea373246778f423b66b836c3535ba972328844adc004c2a998d5?s=96&d=mm&r=g\",\"contentUrl\":\"https:\/\/secure.gravatar.com\/avatar\/148fc18f2878ea373246778f423b66b836c3535ba972328844adc004c2a998d5?s=96&d=mm&r=g\",\"caption\":\"Victor Baio do Carmo\"},\"url\":\"https:\/\/www.estrategiaconcursos.com.br\/blog\/author\/victorbaio93gmail-com\/\"}]}<\/script>\n<!-- \/ Yoast SEO Premium plugin. -->","yoast_head_json":{"title":"Prescri\u00e7\u00e3o da Pretens\u00e3o Execut\u00f3ria","description":"Prescri\u00e7\u00e3o da Pretens\u00e3o Execut\u00f3ria. Confira a Jurisprud\u00eancia dos Tribunais Superiores mais relevante para a sua aprova\u00e7\u00e3o.","robots":{"index":"index","follow":"follow","max-snippet":"max-snippet:-1","max-image-preview":"max-image-preview:large","max-video-preview":"max-video-preview:-1"},"canonical":"https:\/\/www.estrategiaconcursos.com.br\/blog\/prescricao-pretensao-executoria\/","og_locale":"pt_BR","og_type":"article","og_title":"Prescri\u00e7\u00e3o da Pretens\u00e3o Execut\u00f3ria","og_description":"Prescri\u00e7\u00e3o da Pretens\u00e3o Execut\u00f3ria. Confira a Jurisprud\u00eancia dos Tribunais Superiores mais relevante para a sua aprova\u00e7\u00e3o.","og_url":"https:\/\/www.estrategiaconcursos.com.br\/blog\/prescricao-pretensao-executoria\/","og_site_name":"Estrat\u00e9gia Concursos","article_published_time":"2023-04-01T14:00:00+00:00","og_image":[{"width":275,"height":183,"url":"https:\/\/dhg1h5j42swfq.cloudfront.net\/2022\/02\/07175602\/foto-stj-5.jpg","type":"image\/jpeg"}],"author":"Victor Baio do Carmo","twitter_card":"summary_large_image","twitter_creator":"@EstratConcursos","twitter_site":"@EstratConcursos","twitter_misc":{"Escrito por":"Victor Baio do Carmo","Est. tempo de leitura":"9 minutos"},"schema":{"@context":"https:\/\/schema.org","@graph":[{"@type":"NewsArticle","@id":"https:\/\/www.estrategiaconcursos.com.br\/blog\/prescricao-pretensao-executoria\/#article","isPartOf":{"@id":"https:\/\/www.estrategiaconcursos.com.br\/blog\/prescricao-pretensao-executoria\/"},"author":{"name":"Victor Baio do Carmo","@id":"https:\/\/www.estrategiaconcursos.com.br\/blog\/#\/schema\/person\/52a5e7b42bb3c34ccdf208f25a312eec"},"headline":"Prescri\u00e7\u00e3o da Pretens\u00e3o Execut\u00f3ria","datePublished":"2023-04-01T14:00:00+00:00","mainEntityOfPage":{"@id":"https:\/\/www.estrategiaconcursos.com.br\/blog\/prescricao-pretensao-executoria\/"},"wordCount":1860,"commentCount":0,"publisher":{"@id":"https:\/\/www.estrategiaconcursos.com.br\/blog\/#organization"},"image":{"@id":"https:\/\/www.estrategiaconcursos.com.br\/blog\/prescricao-pretensao-executoria\/#primaryimage"},"thumbnailUrl":"https:\/\/dhg1h5j42swfq.cloudfront.net\/2022\/02\/07175602\/foto-stj-5.jpg","keywords":["prescri\u00e7\u00e3o da pretens\u00e3o execut\u00f3ria","prescri\u00e7\u00e3o execut\u00f3ria","resumo prescri\u00e7\u00e3o"],"articleSection":["Concursos P\u00fablicos","Jur\u00eddico","Jur\u00eddico - Cart\u00f3rios","Jur\u00eddico - Defensoria P\u00fablica","Jur\u00eddico - Delegado","Jur\u00eddico - Magistratura","Jur\u00eddico - Procuradorias","Jur\u00eddico - Promotor de Justi\u00e7a","Policial (Agente Penitenci\u00e1rio)","Policial (Agente, Escriv\u00e3o e Investigador)","Policial (Guardas Civis)","Policial (Peritos, Papiloscopistas)","Policial (PM\/BM - Oficial)","Policial (PM\/BM - Pra\u00e7as)","Previdenci\u00e1ria (INSS, PREVIC)"],"inLanguage":"pt-BR","potentialAction":[{"@type":"CommentAction","name":"Comment","target":["https:\/\/www.estrategiaconcursos.com.br\/blog\/prescricao-pretensao-executoria\/#respond"]}],"copyrightYear":"2023","copyrightHolder":{"@id":"https:\/\/www.estrategiaconcursos.com.br\/blog\/#organization"}},{"@type":"WebPage","@id":"https:\/\/www.estrategiaconcursos.com.br\/blog\/prescricao-pretensao-executoria\/","url":"https:\/\/www.estrategiaconcursos.com.br\/blog\/prescricao-pretensao-executoria\/","name":"Prescri\u00e7\u00e3o da Pretens\u00e3o Execut\u00f3ria","isPartOf":{"@id":"https:\/\/www.estrategiaconcursos.com.br\/blog\/#website"},"primaryImageOfPage":{"@id":"https:\/\/www.estrategiaconcursos.com.br\/blog\/prescricao-pretensao-executoria\/#primaryimage"},"image":{"@id":"https:\/\/www.estrategiaconcursos.com.br\/blog\/prescricao-pretensao-executoria\/#primaryimage"},"thumbnailUrl":"https:\/\/dhg1h5j42swfq.cloudfront.net\/2022\/02\/07175602\/foto-stj-5.jpg","datePublished":"2023-04-01T14:00:00+00:00","description":"Prescri\u00e7\u00e3o da Pretens\u00e3o Execut\u00f3ria. Confira a Jurisprud\u00eancia dos Tribunais Superiores mais relevante para a sua aprova\u00e7\u00e3o.","breadcrumb":{"@id":"https:\/\/www.estrategiaconcursos.com.br\/blog\/prescricao-pretensao-executoria\/#breadcrumb"},"inLanguage":"pt-BR","potentialAction":[{"@type":"ReadAction","target":["https:\/\/www.estrategiaconcursos.com.br\/blog\/prescricao-pretensao-executoria\/"]}]},{"@type":"ImageObject","inLanguage":"pt-BR","@id":"https:\/\/www.estrategiaconcursos.com.br\/blog\/prescricao-pretensao-executoria\/#primaryimage","url":"https:\/\/dhg1h5j42swfq.cloudfront.net\/2022\/02\/07175602\/foto-stj-5.jpg","contentUrl":"https:\/\/dhg1h5j42swfq.cloudfront.net\/2022\/02\/07175602\/foto-stj-5.jpg","width":275,"height":183},{"@type":"BreadcrumbList","@id":"https:\/\/www.estrategiaconcursos.com.br\/blog\/prescricao-pretensao-executoria\/#breadcrumb","itemListElement":[{"@type":"ListItem","position":1,"name":"In\u00edcio","item":"https:\/\/www.estrategiaconcursos.com.br\/blog\/"},{"@type":"ListItem","position":2,"name":"Prescri\u00e7\u00e3o da Pretens\u00e3o Execut\u00f3ria"}]},{"@type":"WebSite","@id":"https:\/\/www.estrategiaconcursos.com.br\/blog\/#website","url":"https:\/\/www.estrategiaconcursos.com.br\/blog\/","name":"Estrat\u00e9gia Concursos","description":"O blog da Estrat\u00e9gia Concursos traz not\u00edcias sobre concursos e artigos de professores oferecendo cursos para concursos (pdf + videaulas) no site.","publisher":{"@id":"https:\/\/www.estrategiaconcursos.com.br\/blog\/#organization"},"potentialAction":[{"@type":"SearchAction","target":{"@type":"EntryPoint","urlTemplate":"https:\/\/www.estrategiaconcursos.com.br\/blog\/?s={search_term_string}"},"query-input":{"@type":"PropertyValueSpecification","valueRequired":true,"valueName":"search_term_string"}}],"inLanguage":"pt-BR"},{"@type":"Organization","@id":"https:\/\/www.estrategiaconcursos.com.br\/blog\/#organization","name":"Estrat\u00e9gia Concursos","url":"https:\/\/www.estrategiaconcursos.com.br\/blog\/","logo":{"@type":"ImageObject","inLanguage":"pt-BR","@id":"https:\/\/www.estrategiaconcursos.com.br\/blog\/#\/schema\/logo\/image\/","url":"https:\/\/dhg1h5j42swfq.cloudfront.net\/2025\/06\/03203428\/logo_concursos-1.jpg","contentUrl":"https:\/\/dhg1h5j42swfq.cloudfront.net\/2025\/06\/03203428\/logo_concursos-1.jpg","width":230,"height":60,"caption":"Estrat\u00e9gia Concursos"},"image":{"@id":"https:\/\/www.estrategiaconcursos.com.br\/blog\/#\/schema\/logo\/image\/"},"sameAs":["https:\/\/x.com\/EstratConcursos"]},{"@type":"Person","@id":"https:\/\/www.estrategiaconcursos.com.br\/blog\/#\/schema\/person\/52a5e7b42bb3c34ccdf208f25a312eec","name":"Victor Baio do Carmo","image":{"@type":"ImageObject","inLanguage":"pt-BR","@id":"https:\/\/secure.gravatar.com\/avatar\/148fc18f2878ea373246778f423b66b836c3535ba972328844adc004c2a998d5?s=96&d=mm&r=g","url":"https:\/\/secure.gravatar.com\/avatar\/148fc18f2878ea373246778f423b66b836c3535ba972328844adc004c2a998d5?s=96&d=mm&r=g","contentUrl":"https:\/\/secure.gravatar.com\/avatar\/148fc18f2878ea373246778f423b66b836c3535ba972328844adc004c2a998d5?s=96&d=mm&r=g","caption":"Victor Baio do Carmo"},"url":"https:\/\/www.estrategiaconcursos.com.br\/blog\/author\/victorbaio93gmail-com\/"}]}},"_links":{"self":[{"href":"https:\/\/www.estrategiaconcursos.com.br\/blog\/wp-json\/wp\/v2\/posts\/1156884","targetHints":{"allow":["GET"]}}],"collection":[{"href":"https:\/\/www.estrategiaconcursos.com.br\/blog\/wp-json\/wp\/v2\/posts"}],"about":[{"href":"https:\/\/www.estrategiaconcursos.com.br\/blog\/wp-json\/wp\/v2\/types\/post"}],"author":[{"embeddable":true,"href":"https:\/\/www.estrategiaconcursos.com.br\/blog\/wp-json\/wp\/v2\/users\/2343"}],"replies":[{"embeddable":true,"href":"https:\/\/www.estrategiaconcursos.com.br\/blog\/wp-json\/wp\/v2\/comments?post=1156884"}],"version-history":[{"count":25,"href":"https:\/\/www.estrategiaconcursos.com.br\/blog\/wp-json\/wp\/v2\/posts\/1156884\/revisions"}],"predecessor-version":[{"id":1189234,"href":"https:\/\/www.estrategiaconcursos.com.br\/blog\/wp-json\/wp\/v2\/posts\/1156884\/revisions\/1189234"}],"wp:featuredmedia":[{"embeddable":true,"href":"https:\/\/www.estrategiaconcursos.com.br\/blog\/wp-json\/wp\/v2\/media\/963785"}],"wp:attachment":[{"href":"https:\/\/www.estrategiaconcursos.com.br\/blog\/wp-json\/wp\/v2\/media?parent=1156884"}],"wp:term":[{"taxonomy":"category","embeddable":true,"href":"https:\/\/www.estrategiaconcursos.com.br\/blog\/wp-json\/wp\/v2\/categories?post=1156884"},{"taxonomy":"post_tag","embeddable":true,"href":"https:\/\/www.estrategiaconcursos.com.br\/blog\/wp-json\/wp\/v2\/tags?post=1156884"},{"taxonomy":"tax_estado","embeddable":true,"href":"https:\/\/www.estrategiaconcursos.com.br\/blog\/wp-json\/wp\/v2\/tax_estado?post=1156884"}],"curies":[{"name":"wp","href":"https:\/\/api.w.org\/{rel}","templated":true}]}}