{"id":1156543,"date":"2023-01-22T16:50:00","date_gmt":"2023-01-22T19:50:00","guid":{"rendered":"https:\/\/www.estrategiaconcursos.com.br\/blog\/?p=1156543"},"modified":"2023-01-24T13:48:54","modified_gmt":"2023-01-24T16:48:54","slug":"gabarito-extraoficial-bombeiros-ba","status":"publish","type":"post","link":"https:\/\/www.estrategiaconcursos.com.br\/blog\/gabarito-extraoficial-bombeiros-ba\/","title":{"rendered":"Gabarito Extraoficial CBM BA \u2013 Cargo: Soldado"},"content":{"rendered":"\n<p>Neste domingo (22), foram aplicadas as provas do concurso Bombeiros BA para o cargo de Soldado<strong>.&nbsp;<\/strong>De acordo com o edital, as avalia\u00e7\u00f5es tiveram a dura\u00e7\u00e3o de 4h30min.<\/p>\n\n\n\n<p>Com o objetivo de ajud\u00e1-lo a diminuir um pouco a ansiedade de saber se foi bem ou n\u00e3o em um concurso t\u00e3o visado e importante,&nbsp;<strong>nossos professores realizaram a corre\u00e7\u00e3o, dando o<\/strong>&nbsp;<strong>gabarito extraoficial da prova de Soldado Bombeiros BA<\/strong>.<\/p>\n\n\n\n<p>Portanto, confira, antecipadamente, seu desempenho e ainda receba dicas de recursos (se houver necessidade, claro!). Lembrando que o&nbsp;gabarito oficial preliminar ser\u00e1 publicado pela FCC no dia&nbsp;23. <\/p>\n\n\n\n<h2 class=\"wp-block-heading\" id=\"h-participe-do-ranking-bombeiros-ba-soldado\">Participe do Ranking Bombeiros BA Soldado<\/h2>\n\n\n\n<p class=\"has-text-align-center has-cyan-bluish-gray-background-color has-background\" style=\"font-size:clamp(14px, 0.875rem + ((1vw - 3.2px) * 0.392), 18px);\"><strong><a href=\"https:\/\/forms.gle\/PwuwGC9SK8GwdVLu5\" target=\"_blank\" rel=\"noreferrer noopener\">Preencha o gabarito eletr\u00f4nico<\/a><\/strong><\/p>\n\n\n\n<p class=\"has-text-align-center has-cyan-bluish-gray-background-color has-background\" style=\"font-size:clamp(14px, 0.875rem + ((1vw - 3.2px) * 0.392), 18px);\"><strong><a href=\"https:\/\/docs.google.com\/spreadsheets\/d\/1WjGncOpmE0bT3so7RQv4U5073bMrqWvam3SZmQgZoBo\/edit?usp=sharing\" target=\"_blank\" rel=\"noreferrer noopener\">Ranking Bombeiros BA Soldado<\/a><\/strong><\/p>\n\n\n\n<figure class=\"wp-block-table is-style-stripes\"><table class=\"has-very-light-gray-to-cyan-bluish-gray-gradient-background has-background\"><tbody><tr><td class=\"has-text-align-center\" data-align=\"center\"><strong>Disciplina<\/strong><\/td><td class=\"has-text-align-center\" data-align=\"center\"><strong>Professor<\/strong><\/td><\/tr><tr><td class=\"has-text-align-center\" data-align=\"center\">L\u00edngua Portuguesa<\/td><td class=\"has-text-align-center\" data-align=\"center\">Janaina Arruda<\/td><\/tr><tr><td class=\"has-text-align-center\" data-align=\"center\">Inform\u00e1tica<\/td><td class=\"has-text-align-center\" data-align=\"center\">Emannuelle Gouveia<\/td><\/tr><tr><td class=\"has-text-align-center\" data-align=\"center\">Direito Administrativo<\/td><td class=\"has-text-align-center\" data-align=\"center\">Th\u00e1llius Moraes<\/td><\/tr><tr><td class=\"has-text-align-center\" data-align=\"center\">Direito Penal Militar<\/td><td class=\"has-text-align-center\" data-align=\"center\">Ant\u00f4nio Pequeno<\/td><\/tr><tr><td class=\"has-text-align-center\" data-align=\"center\">Atualidades<\/td><td class=\"has-text-align-center\" data-align=\"center\">Rodolfo Gracioli<\/td><\/tr><tr><td class=\"has-text-align-center\" data-align=\"center\">Hist\u00f3ria e Geografia do Brasil<\/td><td class=\"has-text-align-center\" data-align=\"center\">S\u00e9rgio Henrique<\/td><\/tr><tr><td class=\"has-text-align-center\" data-align=\"center\">Matem\u00e1tica<\/td><td class=\"has-text-align-center\" data-align=\"center\">Brunno Lima<\/td><\/tr><tr><td class=\"has-text-align-center\" data-align=\"center\">Igualdade Racial e de G\u00eanero e Direitos Humanos<\/td><td class=\"has-text-align-center\" data-align=\"center\">G\u00e9ssica Ehle<\/td><\/tr><tr><td class=\"has-text-align-center\" data-align=\"center\">F\u00edsica<\/td><td class=\"has-text-align-center\" data-align=\"center\">Vin\u00edcius Silva<\/td><\/tr><tr><td class=\"has-text-align-center\" data-align=\"center\">Biologia<\/td><td class=\"has-text-align-center\" data-align=\"center\">Andr\u00e9 Davila<\/td><\/tr><tr><td class=\"has-text-align-center\" data-align=\"center\">Qu\u00edmica<\/td><td class=\"has-text-align-center\" data-align=\"center\">Diego Souza<\/td><\/tr><\/tbody><\/table><\/figure>\n\n\n\n<h2 class=\"wp-block-heading\" id=\"h-correcao-e-gabarito-extraoficial-bombeiros-ba-soldado\">Corre\u00e7\u00e3o e Gabarito Extraoficial Bombeiros BA &#8211; Soldado<\/h2>\n\n\n<figure class=\"wp-block-embed-youtube wp-block-embed is-type-video is-provider-youtube wp-embed-aspect-16-9 wp-has-aspect-ratio\"><div class=\"lyte-wrapper\" style=\"width:853px;max-width:100%;margin:5px;\"><div class=\"lyMe\" id=\"WYL_gfSDw_XCdG8\"><div id=\"lyte_gfSDw_XCdG8\" data-src=\"\/\/i.ytimg.com\/vi\/gfSDw_XCdG8\/hqdefault.jpg\" class=\"pL\"><div class=\"tC\"><div class=\"tT\"><\/div><\/div><div class=\"play\"><\/div><div class=\"ctrl\"><div class=\"Lctrl\"><\/div><div class=\"Rctrl\"><\/div><\/div><\/div><noscript><a href=\"https:\/\/youtu.be\/gfSDw_XCdG8\" rel=\"nofollow\"><img loading=\"lazy\" decoding=\"async\" src=\"https:\/\/i.ytimg.com\/vi\/gfSDw_XCdG8\/0.jpg\" alt=\"YouTube video thumbnail\" width=\"853\" height=\"460\" \/><br \/>Assista a este v\u00eddeo no YouTube<\/a><\/noscript><\/div><\/div><div class=\"lL\" style=\"max-width:100%;width:853px;margin:5px;\"><\/div><figcaption><\/figcaption><\/figure>\n\n\n<ul class=\"has-very-light-gray-to-cyan-bluish-gray-gradient-background has-background wp-block-list\" style=\"font-size:clamp(15.747px, 0.984rem + ((1vw - 3.2px) * 0.809), 24px);font-style:normal;font-weight:700\"><li><a href=\"https:\/\/www.estrategiaconcursos.com.br\/blog\/concurso-bombeiro-ba-recursos-gabarito\" target=\"_blank\" rel=\"noreferrer noopener\">Confira a sugest\u00e3o de recursos contra o gabarito provis\u00f3rio!<\/a><\/li><\/ul>\n\n\n\n<h2 class=\"wp-block-heading\" id=\"h-gabarito-extraoficial-bombeiros-ba-soldado\">Gabarito extraoficial Bombeiros BA &#8211; Soldado<\/h2>\n\n\n\n<p>Abaixo, voc\u00ea confere os gabaritos das quest\u00f5es corrigidas pelos nossos professores. \u00c0 medida que as corre\u00e7\u00f5es forem realizadas, o artigo ser\u00e1 atualizado. Como existem v\u00e1rios tipos de provas, voc\u00ea pode conferir o in\u00edcio da quest\u00e3o.<\/p>\n\n\n\n<h3 class=\"has-text-align-center has-cyan-bluish-gray-background-color has-background wp-block-heading\">Conhecimentos B\u00e1sicos<\/h3>\n\n\n\n<p><strong>Quest\u00e3o 1:&nbsp;<\/strong>Depreende-se do texto que a narradora&#8230;<br \/><strong><em>Resposta:<\/em><\/strong> <em>E) n\u00e3o gostou da experi\u00eancia com o chicle&#8230;<\/em><\/p>\n\n\n\n<p><strong>Quest\u00e3o 2:&nbsp;<\/strong>A narradora compara explicitamente&#8230;<br \/><strong><em>Resposta:<\/em><\/strong> <em>C) parecia-me ter sido transportada&#8230;<\/em><\/p>\n\n\n\n<p><strong>Quest\u00e3o 3:&nbsp;<\/strong>A narradora considera que seu contato com a eternidade&#8230;<br \/><strong><em>Resposta:<\/em><\/strong> <em>D) teve que mentir para a irm\u00e3&#8230;<\/em><\/p>\n\n\n\n<p><strong>Quest\u00e3o 4:&nbsp;<\/strong>Leia as seguintes afirma\u00e7\u00f5es a respeito do texto&#8230;<br \/><strong><em>Resposta:<\/em><\/strong> <em>D) II e IV<\/em><\/p>\n\n\n\n<p><strong>Quest\u00e3o 5:&nbsp;<\/strong>No 14\u00b0 par\u00e1grafo&#8230;<br \/><strong><em>Resposta:<\/em><\/strong> <em>B) percebeu que \u00e9 bom que algumas experi\u00eancias tenham fim&#8230;<\/em><\/p>\n\n\n\n<p><strong>Quest\u00e3o 6:&nbsp;<\/strong>Quanto ao g\u00eanero, o texto de Clarice Lispector&#8230;<br \/><strong><em>Resposta:<\/em><\/strong> <em>C) uma cr\u00f4nica&#8230;<\/em><\/p>\n\n\n\n<p><strong>Quest\u00e3o 7:&nbsp;<\/strong>Considere os pronomes grifados e o que se afirma sobre eles&#8230;<br \/><strong><em>Resposta:<\/em><\/strong> <em>A) I e II<\/em><\/p>\n\n\n\n<p><strong>Quest\u00e3o 8:&nbsp;<\/strong>Est\u00e1 gramaticalmente correta a reda\u00e7\u00e3o&#8230;<br \/><strong><em>Resposta:<\/em><\/strong> <em>E) V\u00e1rios amigos, cujos irm\u00e3os&#8230;<\/em><\/p>\n\n\n\n<p><strong>Quest\u00e3o 9:&nbsp;<\/strong>Justifica-se o uso de v\u00edrgulas pelo mesmo motivo&#8230;<br \/><strong><em>Resposta:<\/em><\/strong> <em>B) Com delicadeza, terminei&#8230;<\/em><\/p>\n\n\n\n<p><strong>Quest\u00e3o 10:&nbsp;<\/strong>A presen\u00e7a de acento grave em&#8230;<br \/><strong><em>Resposta:<\/em><\/strong> <em>B) em locu\u00e7\u00f5es adverbiais femininas com substantivos&#8230;<\/em><\/p>\n\n\n\n<p><strong>Quest\u00e3o 11:&nbsp;<\/strong>Um setor administrativo recebeu 150 caixas&#8230;<br \/><strong><em>Resposta:<\/em><\/strong> <em>B) 78<\/em><\/p>\n\n\n\n<p><strong>Quest\u00e3o 12:&nbsp;<\/strong>Em um fornecedor de uniformes&#8230;<br \/><strong><em>Resposta:<\/em><\/strong> <em>D) 265<\/em><\/p>\n\n\n\n<p><strong>Quest\u00e3o 13:&nbsp;<\/strong>A sequ\u00eancia de 3 figuras&#8230;<br \/><strong><em>Resposta:<\/em><\/strong><em> E) 670<\/em><\/p>\n\n\n\n<p><strong>Quest\u00e3o 14:&nbsp;<\/strong>Placas para identifica\u00e7\u00e3o de ve\u00edculos&#8230;<br \/><strong><em>Resposta:<\/em><\/strong> <em>C) 24<\/em><\/p>\n\n\n\n<p><strong>Quest\u00e3o 15:&nbsp;<\/strong>A soma das ra\u00edzes da equa\u00e7\u00e3o&#8230;<br \/><strong><em>Resposta:<\/em><\/strong> <em>B) -2<\/em><\/p>\n\n\n\n<p><strong>Quest\u00e3o 16:&nbsp;<\/strong>Uma rampa ser\u00e1 constru\u00edda para acesso ao primeiro andar&#8230;<br \/><strong><em>Resposta:<\/em><\/strong> <em>A) 5m<\/em><\/p>\n\n\n\n<p><strong>Quest\u00e3o 17:&nbsp;<\/strong>Num terreno retangular com 80m de comprimento&#8230;<br \/><strong><em>Resposta:<\/em><\/strong> <em>D) 3.400<\/em><\/p>\n\n\n\n<p><strong>Quest\u00e3o 18:&nbsp;<\/strong>O comprimento da aresta de um cubo&#8230;<br \/><strong><em>Resposta:<\/em><\/strong> <em>D) 3\/2<\/em><\/p>\n\n\n\n<p><strong>Quest\u00e3o 19:&nbsp;<\/strong>A partir do gr\u00e1fico, podemos afirmar&#8230;<br \/><strong><em>Resposta:<\/em><\/strong> <em>C) o ciclista descansou duas horas&#8230;<\/em><\/p>\n\n\n\n<p><strong>Quest\u00e3o 20:&nbsp;<\/strong>Considere que vamos escrever os n\u00fameros de acordo com a organiza\u00e7\u00e3o&#8230;<br \/><strong><em>Resposta:<\/em><\/strong> <em>E) 193<\/em><\/p>\n\n\n\n<p><strong>Quest\u00e3o 21:&nbsp;<\/strong>Em uma visita ao Jardim Bot\u00e2nico, uma estudante&#8230;<br \/><strong><em>Resposta:<\/em><\/strong> <em>D) as orqu\u00eddeas fixadas \u00e0s \u00e1rvores&#8230;<\/em><\/p>\n\n\n\n<p><strong>Quest\u00e3o 22:&nbsp;<\/strong>Leia com aten\u00e7\u00e3o as informa\u00e7\u00f5es abaixo [&#8230;] Sobre essa grave doen\u00e7a&#8230;<br \/><strong><em>Resposta:<\/em><\/strong> <em>E) I e III, somente<\/em><\/p>\n\n\n\n<p><strong>Quest\u00e3o 23:&nbsp;<\/strong>Considere uma cadeia alimentar de \u00e1gua doce&#8230;<br \/><strong><em>Resposta:<\/em><\/strong> <em>B) a prolifera\u00e7\u00e3o excessiva das algas&#8230;<\/em><\/p>\n\n\n\n<p><strong>Quest\u00e3o 24:&nbsp;<\/strong>As c\u00e9lulas s\u00e3o as unidades morfol\u00f3gicas&#8230;<br \/><strong><em>Resposta:<\/em><\/strong> <em>A) I &#8211; c &#8211; II &#8211; d &#8211; III &#8211; b &#8211; IV &#8211; a<\/em><\/p>\n\n\n\n<p><strong>Quest\u00e3o 25:&nbsp;<\/strong>As afirma\u00e7\u00f5es a seguir se referem aos conceitos e aos mecanismos de heran\u00e7a gen\u00e9tica&#8230;<br \/><strong><em>Resposta:<\/em><\/strong> <em>C) I e II, somente<\/em><\/p>\n\n\n\n<p><strong>Quest\u00e3o 26:&nbsp;<\/strong>Nos seres humanos, durante a digest\u00e3o dos alimentos&#8230;<br \/><strong><em>Resposta:<\/em><\/strong> <em>B) entre o \u00e1cido clor\u00eddrico e o composto alcalino&#8230;<\/em><\/p>\n\n\n\n<p><strong>Quest\u00e3o 27:&nbsp;<\/strong>Os programas de desenvolvimento sustent\u00e1vel&#8230;<br \/><strong><em>Resposta:<\/em><\/strong> <em>D) I, II e III<\/em><\/p>\n\n\n\n<p><strong>Quest\u00e3o 28:&nbsp;<\/strong>Uma vez que o calor pode se propagar por&#8230;<br \/><strong><em>Resposta:<\/em><\/strong> <em>E) I b; II a; III c; IV b; V c<\/em><\/p>\n\n\n\n<p><strong>Quest\u00e3o 29:&nbsp;<\/strong>Para manter a sa\u00fade f\u00edsica e mental&#8230;<br \/><strong><em>Resposta:<\/em><\/strong> <em>A) 6<\/em><\/p>\n\n\n\n<p><strong>Quest\u00e3o 30:&nbsp;<\/strong>No organismo humano, todos os \u00f3rg\u00e3os e sistemas&#8230;<br \/><strong><em>Resposta:<\/em><\/strong> <em>B) I, II e IV, somente<\/em><\/p>\n\n\n\n<p><strong>Quest\u00e3o 31:&nbsp;<\/strong>Sobre o &#8220;telefone burro&#8221;&#8230;<br \/><strong><em>Resposta:<\/em><\/strong> <em>D) \u00e9 aparelho similar a alguns dos primeiros telefones celulares&#8230;<\/em><\/p>\n\n\n\n<p><strong>Quest\u00e3o 32:&nbsp;<\/strong>A not\u00edcia trata do pr\u00eamio dado \u00e0 cantora&#8230;<br \/><strong><em>Resposta:<\/em><\/strong> <em>C) Liniker<\/em><\/p>\n\n\n\n<p><strong>Quest\u00e3o 33:&nbsp;<\/strong>Recentemente o empres\u00e1rio Elon Musk&#8230;<br \/><strong><em>Resposta:<\/em><\/strong> <em>E) demiss\u00e3o de boa parte dos funcion\u00e1rios&#8230;<\/em><\/p>\n\n\n\n<p><strong>Quest\u00e3o 34:&nbsp;<\/strong>Apesar de ser um evento que abarca diversos pa\u00edses&#8230;<br \/><strong><em>Resposta:<\/em><\/strong> <em>A) \u00e0 proibi\u00e7\u00e3o do uso do s\u00edmbolo One Love<\/em><\/p>\n\n\n\n<p><strong>Quest\u00e3o 35:&nbsp;<\/strong>O Parque de Exposi\u00e7\u00f5es&#8230;<br \/><strong><em>Resposta:<\/em><\/strong> <em>D) Afronpunk Bahia<\/em><\/p>\n\n\n\n<p><strong>Quest\u00e3o 36:&nbsp;<\/strong>Sobre a transmiss\u00e3o dos jogos da Copa do Mundo&#8230;<br \/><strong><em>Resposta:<\/em><\/strong> <em>B) anunciou a plataforma de streaming FIFA +<\/em><\/p>\n\n\n\n<p><strong>Quest\u00e3o 37:&nbsp;<\/strong>Em rela\u00e7\u00e3o \u00e0 atual situa\u00e7\u00e3o dos refugiados&#8230;<br \/><strong><em>Resposta:<\/em><\/strong> <em>B) Pesadas medidas de restri\u00e7\u00e3o na Europa&#8230;<\/em><\/p>\n\n\n\n<p><strong>Quest\u00e3o 38:&nbsp;<\/strong>No contexto da globaliza\u00e7\u00e3o, o com\u00e9rcio internacional&#8230;<br \/><strong><em>Resposta:<\/em><\/strong> <em>E) Argentina e China<\/em><\/p>\n\n\n\n<p><strong>Quest\u00e3o 39:&nbsp;<\/strong>Sobre a tecnologia 5G&#8230;<br \/><strong><em>Resposta:<\/em><\/strong> <em>C) Est\u00e1 dispon\u00edvel em todas as capitais brasileiras&#8230;<\/em><\/p>\n\n\n\n<p><strong>Quest\u00e3o 40:&nbsp;<\/strong>A partir de 2020 teve in\u00edcio a expans\u00e3o de Covid-19&#8230;<br \/><strong><em>Resposta:<\/em><\/strong> <em>A) \u00e0 globaliza\u00e7\u00e3o&#8230;<\/em><\/p>\n\n\n\n<p><strong>Quest\u00e3o 41:&nbsp;<\/strong>Na ferramenta Impress&#8230;<br \/><strong><em>Resposta:<\/em><\/strong> <em>C) Slide Mestre<\/em><\/p>\n\n\n\n<p><strong>Quest\u00e3o 42:&nbsp;<\/strong>Na ferramenta Calc&#8230;<br \/><strong><em>Resposta:<\/em><\/strong> <em>D) Dados e na op\u00e7\u00e3o Texto para colunas&#8230;<\/em><\/p>\n\n\n\n<p><strong>Quest\u00e3o 43:&nbsp;<\/strong>Na ferramenta Writer&#8230;<br \/><strong><em>Resposta:<\/em><\/strong> <em>E) Tab<\/em><\/p>\n\n\n\n<p><strong>Quest\u00e3o 44:&nbsp;<\/strong>Um policial est\u00e1 utilizando um computador com o Windows 10&#8230;<br \/><strong><em>Resposta:<\/em><\/strong> <em>A) pressionar simultaneamente CTRL ALT DEL&#8230;<\/em><\/p>\n\n\n\n<p><strong>Quest\u00e3o 45:&nbsp;<\/strong>Utilizando o Excel&#8230;<br \/><strong><em>Resposta:<\/em><\/strong> C) =SOMA(A3. .A6)\/M\u00c9DIA(B3. .B6)<\/p>\n\n\n\n<p><strong>Quest\u00e3o 46:&nbsp;<\/strong>Para criar, em um terminal Linux&#8230;<br \/><strong><em>Resposta:<\/em><\/strong> B) mkdir polmil<\/p>\n\n\n\n<p><strong>Quest\u00e3o 47:&nbsp;<\/strong>Imediatamente ap\u00f3s salvar um documento no Microsoft Word&#8230;<br \/><strong><em>Resposta:<\/em><\/strong> <em>D) fechar o arquivo e a janela do Microsft Word<\/em><\/p>\n\n\n\n<p><strong>Quest\u00e3o 48:&nbsp;<\/strong>No <em>prompt<\/em> de comando&#8230;<br \/><strong><em>Resposta:<\/em><\/strong> <em>C) ver o endere\u00e7o IP do seu computador na rede<\/em><\/p>\n\n\n\n<p><strong>Quest\u00e3o 49:&nbsp;<\/strong>Ap\u00f3s concluir a digita\u00e7\u00e3o de um texto no Word&#8230;<br \/><strong><em>Resposta:<\/em><\/strong> <em>B) Arquivo e na op\u00e7\u00e3o Exportar<\/em><\/p>\n\n\n\n<p><strong>Quest\u00e3o 50:&nbsp;<\/strong>Na \u00e1rea de trabalho do Windows 10&#8230;<br \/><strong><em>Resposta:<\/em><\/strong> <em>B) clicar com o bot\u00e3o direito sobre o \u00edcone&#8230;<\/em><\/p>\n\n\n\n<h3 class=\"has-text-align-center has-cyan-bluish-gray-background-color has-background wp-block-heading\">Conhecimentos Espec\u00edficos<\/h3>\n\n\n\n<p><strong>Quest\u00e3o 51:&nbsp;<\/strong>De acordo com a Constitui\u00e7\u00e3o Federal, a pr\u00e1tica do racismo&#8230;<br \/><strong><em>Resposta:<\/em><\/strong> <em>A) crime inafian\u00e7\u00e1vel e imprescrit\u00edvel<\/em><\/p>\n\n\n\n<p><strong>Quest\u00e3o 52:&nbsp;<\/strong>A Constitui\u00e7\u00e3o do Estado da Bahia prev\u00ea&#8230;<br \/><strong><em>Resposta:<\/em><\/strong> <em>C) civil e militar &#8211; negro<\/em><\/p>\n\n\n\n<p><strong>Quest\u00e3o 53:&nbsp;<\/strong>De acordo com o Estatuto da Igualdade Racial&#8230;<br \/><strong><em>Resposta:<\/em><\/strong> <em>B) de g\u00eanero e ra\u00e7a<\/em><\/p>\n\n\n\n<p><strong>Quest\u00e3o 54:&nbsp;<\/strong>S\u00e3o formas de viol\u00eancia dom\u00e9stica e familiar&#8230;<br \/><strong><em>Resposta:<\/em><\/strong> <em>D) I, II, III e IV<\/em><\/p>\n\n\n\n<p><strong>Quest\u00e3o 55:&nbsp;<\/strong>A pr\u00e1tica de constranger algu\u00e9m&#8230;<br \/><strong><em>Resposta:<\/em><\/strong> <em>C) tortura<\/em><\/p>\n\n\n\n<p><strong>Quest\u00e3o 56:&nbsp;<\/strong>A inj\u00faria consistente na utiliza\u00e7\u00e3o de elementos&#8230;<br \/><strong><em>Resposta:<\/em><\/strong> <em>E) crime de inj\u00faria racial<\/em><\/p>\n\n\n\n<p><strong>Quest\u00e3o 57:&nbsp;<\/strong>Nos termos da Constitui\u00e7\u00e3o Federal, constitui um dos objetos fundamentais&#8230;<br \/><strong><em>Resposta:<\/em><\/strong> <em>A) construir uma sociedade livre, justa e solid\u00e1ria<\/em><\/p>\n\n\n\n<p><strong>Quest\u00e3o 58:&nbsp;<\/strong>De acordo com a Constitui\u00e7\u00e3o Federal, s\u00e3o \u00f3rg\u00e3os&#8230;<br \/><strong><em>Resposta:<\/em><\/strong> <em>C) pol\u00edcias militares e corpo de bombeiros militares<\/em><\/p>\n\n\n\n<p><strong>Quest\u00e3o 59:&nbsp;<\/strong>Virgulino tem uma d\u00edvida civil&#8230;<br \/><strong><em>Resposta:<\/em><\/strong> <em>E) permitida a pris\u00e3o civil por d\u00edvida, do respons\u00e1vel pelo pagamento de obriga\u00e7\u00e3o aliment\u00edcia, se o inadimplemento decorre&#8230;<\/em><\/p>\n\n\n\n<p><strong>Quest\u00e3o 60:&nbsp;<\/strong>Nos termos da Constitui\u00e7\u00e3o Federal, a Administra\u00e7\u00e3o&#8230;<br \/><strong><em>Resposta:<\/em><\/strong> <em>D) moralidade, publicidade e efici\u00eancia<\/em><\/p>\n\n\n\n<p><strong>Quest\u00e3o 61:&nbsp;<\/strong>O Conselho de Defesa Nacional&#8230;<br \/><strong><em>Resposta:<\/em><\/strong>  <em>B) Vice-presidente e Ministro da Justi\u00e7a<\/em><\/p>\n\n\n\n<p><strong>Quest\u00e3o 62:&nbsp;<\/strong>Em rela\u00e7\u00e3o aos servidores militares&#8230;<br \/><strong><em>Resposta:<\/em><\/strong> <em>C) o servidor militar estadual \u00e9 eleg\u00edvel, todavia&#8230;<\/em><\/p>\n\n\n\n<p><strong>Quest\u00e3o 63:&nbsp;<\/strong>Os atos administrativos, quanto \u00e0 forma&#8230;<br \/><strong><em>Resposta:<\/em><\/strong> <em>D) decreto, circular e alvar\u00e1<\/em><\/p>\n\n\n\n<p><strong>Quest\u00e3o 64:&nbsp;<\/strong>Nos termos da Lei estadual n\u00b013.202\/2014&#8230;<br \/><strong><em>Resposta:<\/em><\/strong> <em>B) exercer a fun\u00e7\u00e3o de pol\u00edcia judici\u00e1ria militar&#8230;<\/em><\/p>\n\n\n\n<p><strong>Quest\u00e3o 65:&nbsp;<\/strong>Ao disciplinar finalidades e compet\u00eancias do Corpo de Bombeiros&#8230;<br \/><strong><em>Resposta:<\/em><\/strong> <em>A) o Subcomandante-Geral \u00e9 o substituto imediato&#8230;<\/em><\/p>\n\n\n\n<p><strong>Quest\u00e3o 66:&nbsp;<\/strong>Em conformidade com a Lei \u00b012.929\/2013&#8230;<br \/><strong><em>Resposta:<\/em><\/strong> <em>C) ado\u00e7\u00e3o de medidas de prote\u00e7\u00e3o contra inc\u00eandio&#8230;<\/em><\/p>\n\n\n\n<p><strong>Quest\u00e3o 67:&nbsp;<\/strong>Nos termos do Estatuto dos Policiais Militares&#8230;<br \/><strong><em>Resposta:<\/em><\/strong> <em>D) os integrantes do quadro de Oficiais&#8230;<\/em><\/p>\n\n\n\n<p><strong>Quest\u00e3o 68:&nbsp;<\/strong>Nos termos do Estatuto dos Policiais Militares, a pena de deten\u00e7\u00e3o&#8230;<br \/><strong><em>Resposta:<\/em><\/strong> <em>E) reincidir em faltas punidas com advert\u00eancia&#8230;<\/em><\/p>\n\n\n\n<p><strong>Quest\u00e3o 69:&nbsp;<\/strong>De acordo com o que estabelece o C\u00f3digo Penal Militar sobre o crime de deser\u00e7\u00e3o&#8230;<br \/><strong><em>Resposta:<\/em><\/strong> <em>C) I e IV<\/em><\/p>\n\n\n\n<p><strong>Quest\u00e3o 70:&nbsp;<\/strong>Arnaldo, soldado do corpo de bombeiros&#8230;<br \/><strong><em>Resposta:<\/em><\/strong> <em>B) praticou, em tese, o crime de publica\u00e7\u00e3o ou cr\u00edtica&#8230;<\/em><\/p>\n\n\n\n<p><strong>Quest\u00e3o 71:&nbsp;<\/strong>Alice viajava com a fam\u00edlia&#8230;<br \/><strong><em>Resposta:<\/em><\/strong> <em>B) o crime de corrup\u00e7\u00e3o passiva<\/em><\/p>\n\n\n\n<p><strong>Quest\u00e3o 72:&nbsp;<\/strong>De acordo com o que estabelece o C\u00f3digo Penal Militar, acerca dos crimes de falsidade&#8230;<br \/><strong><em>Resposta:<\/em><\/strong><em> E) II e III<\/em><\/p>\n\n\n\n<p><strong>Quest\u00e3o 73:&nbsp;<\/strong>De acordo com o que estabelece o C\u00f3digo Penal Militar&#8230;<br \/><strong><em>Resposta:<\/em><\/strong> D) \u00e9 crime embriagar-se&#8230;<\/p>\n\n\n\n<p><strong>Quest\u00e3o 74:&nbsp;<\/strong>Gon\u00e7alo, soldado do corpo de bombeiros&#8230;<br \/><strong><em>Resposta:<\/em><\/strong> <em>A) o crime de prevarica\u00e7\u00e3o<\/em><\/p>\n\n\n\n<p><strong>Quest\u00e3o 75:&nbsp;<\/strong>Relativamente \u00e0 liberdade de pensamento e de express\u00e3o&#8230;<br \/><strong><em>Resposta:<\/em><\/strong> <em>A) o exerc\u00edcio de tal direito s\u00f3 pode estar sujeito&#8230;<\/em><\/p>\n\n\n\n<p><strong>Quest\u00e3o 76:&nbsp;<\/strong>Em conformidade com a Conven\u00e7\u00e3o Americana sobre Direitos Humanos&#8230;<br \/><strong><em>Resposta:<\/em><\/strong> <em>B) ser assistido gratuitamente por tradutor ou int\u00e9rprete&#8230;<\/em><\/p>\n\n\n\n<p><strong>Quest\u00e3o 77:&nbsp;<\/strong>Considere as seguintes capacidades&#8230;<br \/><strong><em>Resposta:<\/em><\/strong> <em>E) I autodetermina\u00e7\u00e3o dos povos; II liberdade de opini\u00e3o e express\u00e3o; III educa\u00e7\u00e3o<\/em><\/p>\n\n\n\n<p><strong>Quest\u00e3o 78:&nbsp;<\/strong>Nos termos do Pacto Internacional&#8230;<br \/><strong><em>Resposta:<\/em><\/strong> <em>D) o regime penitenci\u00e1rio consistir\u00e1 num tratamento&#8230;<\/em><\/p>\n\n\n\n<p><strong>Quest\u00e3o 79:&nbsp;<\/strong>A not\u00edcia acima transcrita relaciona-se&#8230;<br \/><strong><em>Resposta:<\/em><\/strong> <em>D) I, II e III<\/em><\/p>\n\n\n\n<p><strong>Quest\u00e3o 80:&nbsp;<\/strong>Considere que a legisla\u00e7\u00e3o penal de determinado pa\u00eds&#8230;<br \/><strong><em>Resposta:<\/em><\/strong> <em>A) admiss\u00edvel, sob todos os aspectos referidos.<\/em><\/p>\n\n\n\n<hr class=\"wp-block-separator has-alpha-channel-opacity\"\/>\n\n\n\n<h3 class=\"has-text-align-center has-cyan-bluish-gray-background-color has-background wp-block-heading\">Saiba mais: <a href=\"https:\/\/www.estrategiaconcursos.com.br\/blog\/concurso-bombeiros-ba\/\" target=\"_blank\" rel=\"noreferrer noopener\">CBM BA<\/a><\/h3>\n\n\n\n<div class=\"container\" id=\"boxes\">\n  <div class=\"row\"> \n\n    <div class=\"col-sm\">\n      <div class=\"banner-policial\" id=\"box-assinatura\">\n        <h3 class=\"titulo-assinatura\">Concurso CBM BA<\/h3>\n        <p class=\"subtitulo-assinatura\">Conhe\u00e7a os cursos<\/p>\n        <div class=\"box-botao\">\n          <a class=\"btn-assinatura\" target=\"_blank\" href=\"https:\/\/www.estrategiaconcursos.com.br\/cursosPorConcurso\/promocao-pacotes-para-pm-ba\/\" role=\"button\" rel=\"noopener noreferrer\">Conhe\u00e7a mais<\/a>\n        <\/div>\n      <\/div>\n     \n\n  <\/div>\n<\/div><\/div>\n\n\n\n<div class=\"container\" id=\"boxes\">\n  <div class=\"row\">\n\n    <div class=\"col-sm\">\n      <div class=\"estrategia\" id=\"box-assinatura\">\n        <h3 class=\"titulo-assinatura\">Assinatura de Concursos<\/h3>\n        <p class=\"subtitulo-assinatura\">Assinatura de 1 ano ou 2 anos<\/p>\n        <div class=\"box-botao\">\n          <a class=\"btn-assinatura\" target=\"_blank\" href=\"https:\/\/www.estrategiaconcursos.com.br\/assinaturas\/\" role=\"button\" rel=\"noopener noreferrer\">ASSINE AGORA<\/a>\n        <\/div>\n      <\/div>\n     \n    <\/div><\/div><\/div>\n\n\n\n<h2 class=\"has-text-align-center wp-block-heading\" id=\"h-quer-saber-tudo-sobre-concursos-previstos-confira-nossos-artigos\">Quer saber tudo sobre concursos previstos?<br \/>Confira nossos artigos!<\/h2>\n\n\n\n<ul class=\"wp-block-list\"><li><a href=\"https:\/\/www.estrategiaconcursos.com.br\/blog\/concursos-abertos\/\" target=\"_blank\" rel=\"noreferrer noopener\">Concursos abertos<\/a><\/li><li><a href=\"https:\/\/www.estrategiaconcursos.com.br\/blog\/concursos-2023\/\" target=\"_blank\" rel=\"noreferrer noopener\">Concursos 2023<\/a><\/li><\/ul>\n","protected":false},"excerpt":{"rendered":"<p>Neste domingo (22), foram aplicadas as provas do concurso Bombeiros BA para o cargo de Soldado.&nbsp;De acordo com o edital, as avalia\u00e7\u00f5es tiveram a dura\u00e7\u00e3o de 4h30min. Com o objetivo de ajud\u00e1-lo a diminuir um pouco a ansiedade de saber se foi bem ou n\u00e3o em um concurso t\u00e3o visado e importante,&nbsp;nossos professores realizaram a [&hellip;]<\/p>\n","protected":false},"author":2041,"featured_media":1156550,"comment_status":"open","ping_status":"closed","sticky":false,"template":"","format":"standard","meta":{"post_tipo":"news","footnotes":""},"categories":[220187,220219],"tags":[],"tax_estado":[219968],"class_list":["post-1156543","post","type-post","status-publish","format-standard","has-post-thumbnail","hentry","category-policial-pracas","category-noticias","tax_estado-ba"],"acf":[],"yoast_head":"<!-- This site is optimized with the Yoast SEO Premium plugin v27.2 (Yoast SEO v27.2) - https:\/\/yoast.com\/product\/yoast-seo-premium-wordpress\/ -->\n<title>Gabarito Extraoficial CBM BA \u2013 Cargo: Soldado<\/title>\n<meta name=\"description\" content=\"O time de professores do Estrat\u00e9gia Concursos vai realizar a corre\u00e7\u00e3o da prova do concurso CBM BA Soldado e indicar o gabarito extraoficial!\" \/>\n<meta name=\"robots\" content=\"index, follow, max-snippet:-1, max-image-preview:large, max-video-preview:-1\" \/>\n<link rel=\"canonical\" href=\"https:\/\/www.estrategiaconcursos.com.br\/blog\/gabarito-extraoficial-bombeiros-ba\/\" \/>\n<meta property=\"og:locale\" content=\"pt_BR\" \/>\n<meta property=\"og:type\" content=\"article\" \/>\n<meta property=\"og:title\" content=\"Gabarito Extraoficial CBM BA \u2013 Cargo: Soldado\" \/>\n<meta property=\"og:description\" content=\"O time de professores do Estrat\u00e9gia Concursos vai realizar a corre\u00e7\u00e3o da prova do concurso CBM BA Soldado e indicar o gabarito extraoficial!\" \/>\n<meta property=\"og:url\" content=\"https:\/\/www.estrategiaconcursos.com.br\/blog\/gabarito-extraoficial-bombeiros-ba\/\" \/>\n<meta property=\"og:site_name\" content=\"Estrat\u00e9gia Concursos\" \/>\n<meta property=\"article:published_time\" content=\"2023-01-22T19:50:00+00:00\" \/>\n<meta property=\"article:modified_time\" content=\"2023-01-24T16:48:54+00:00\" \/>\n<meta property=\"og:image\" content=\"https:\/\/dhg1h5j42swfq.cloudfront.net\/2023\/01\/20154630\/1280-720-max-12-1.jpg\" \/>\n\t<meta property=\"og:image:width\" content=\"1280\" \/>\n\t<meta property=\"og:image:height\" content=\"720\" \/>\n\t<meta property=\"og:image:type\" content=\"image\/jpeg\" \/>\n<meta name=\"author\" content=\"Thiago Cavalcante Gomes\" \/>\n<meta name=\"twitter:card\" content=\"summary_large_image\" \/>\n<meta name=\"twitter:creator\" content=\"@EstratConcursos\" \/>\n<meta name=\"twitter:site\" content=\"@EstratConcursos\" \/>\n<meta name=\"twitter:label1\" content=\"Escrito por\" \/>\n\t<meta name=\"twitter:data1\" content=\"Thiago Cavalcante Gomes\" \/>\n\t<meta name=\"twitter:label2\" content=\"Est. tempo de leitura\" \/>\n\t<meta name=\"twitter:data2\" content=\"9 minutos\" \/>\n<script type=\"application\/ld+json\" class=\"yoast-schema-graph\">{\"@context\":\"https:\/\/schema.org\",\"@graph\":[{\"@type\":\"NewsArticle\",\"@id\":\"https:\/\/www.estrategiaconcursos.com.br\/blog\/gabarito-extraoficial-bombeiros-ba\/#article\",\"isPartOf\":{\"@id\":\"https:\/\/www.estrategiaconcursos.com.br\/blog\/gabarito-extraoficial-bombeiros-ba\/\"},\"author\":{\"name\":\"Thiago Cavalcante Gomes\",\"@id\":\"https:\/\/www.estrategiaconcursos.com.br\/blog\/#\/schema\/person\/4970184533d0a3ffa5b0299ae0a2b21f\"},\"headline\":\"Gabarito Extraoficial CBM BA \u2013 Cargo: Soldado\",\"datePublished\":\"2023-01-22T19:50:00+00:00\",\"dateModified\":\"2023-01-24T16:48:54+00:00\",\"mainEntityOfPage\":{\"@id\":\"https:\/\/www.estrategiaconcursos.com.br\/blog\/gabarito-extraoficial-bombeiros-ba\/\"},\"wordCount\":1778,\"commentCount\":0,\"publisher\":{\"@id\":\"https:\/\/www.estrategiaconcursos.com.br\/blog\/#organization\"},\"image\":{\"@id\":\"https:\/\/www.estrategiaconcursos.com.br\/blog\/gabarito-extraoficial-bombeiros-ba\/#primaryimage\"},\"thumbnailUrl\":\"https:\/\/dhg1h5j42swfq.cloudfront.net\/2023\/01\/20154630\/1280-720-max-12-1.jpg\",\"articleSection\":[\"Policial (PM\/BM - Pra\u00e7as)\",\"\u00daltimas not\u00edcias\"],\"inLanguage\":\"pt-BR\",\"potentialAction\":[{\"@type\":\"CommentAction\",\"name\":\"Comment\",\"target\":[\"https:\/\/www.estrategiaconcursos.com.br\/blog\/gabarito-extraoficial-bombeiros-ba\/#respond\"]}],\"copyrightYear\":\"2023\",\"copyrightHolder\":{\"@id\":\"https:\/\/www.estrategiaconcursos.com.br\/blog\/#organization\"}},{\"@type\":\"WebPage\",\"@id\":\"https:\/\/www.estrategiaconcursos.com.br\/blog\/gabarito-extraoficial-bombeiros-ba\/\",\"url\":\"https:\/\/www.estrategiaconcursos.com.br\/blog\/gabarito-extraoficial-bombeiros-ba\/\",\"name\":\"Gabarito Extraoficial CBM BA \u2013 Cargo: Soldado\",\"isPartOf\":{\"@id\":\"https:\/\/www.estrategiaconcursos.com.br\/blog\/#website\"},\"primaryImageOfPage\":{\"@id\":\"https:\/\/www.estrategiaconcursos.com.br\/blog\/gabarito-extraoficial-bombeiros-ba\/#primaryimage\"},\"image\":{\"@id\":\"https:\/\/www.estrategiaconcursos.com.br\/blog\/gabarito-extraoficial-bombeiros-ba\/#primaryimage\"},\"thumbnailUrl\":\"https:\/\/dhg1h5j42swfq.cloudfront.net\/2023\/01\/20154630\/1280-720-max-12-1.jpg\",\"datePublished\":\"2023-01-22T19:50:00+00:00\",\"dateModified\":\"2023-01-24T16:48:54+00:00\",\"description\":\"O time de professores do Estrat\u00e9gia Concursos vai realizar a corre\u00e7\u00e3o da prova do concurso CBM BA Soldado e indicar o gabarito extraoficial!\",\"breadcrumb\":{\"@id\":\"https:\/\/www.estrategiaconcursos.com.br\/blog\/gabarito-extraoficial-bombeiros-ba\/#breadcrumb\"},\"inLanguage\":\"pt-BR\",\"potentialAction\":[{\"@type\":\"ReadAction\",\"target\":[\"https:\/\/www.estrategiaconcursos.com.br\/blog\/gabarito-extraoficial-bombeiros-ba\/\"]}]},{\"@type\":\"ImageObject\",\"inLanguage\":\"pt-BR\",\"@id\":\"https:\/\/www.estrategiaconcursos.com.br\/blog\/gabarito-extraoficial-bombeiros-ba\/#primaryimage\",\"url\":\"https:\/\/dhg1h5j42swfq.cloudfront.net\/2023\/01\/20154630\/1280-720-max-12-1.jpg\",\"contentUrl\":\"https:\/\/dhg1h5j42swfq.cloudfront.net\/2023\/01\/20154630\/1280-720-max-12-1.jpg\",\"width\":1280,\"height\":720,\"caption\":\"gabarito extraoficial bombeiros ba\"},{\"@type\":\"BreadcrumbList\",\"@id\":\"https:\/\/www.estrategiaconcursos.com.br\/blog\/gabarito-extraoficial-bombeiros-ba\/#breadcrumb\",\"itemListElement\":[{\"@type\":\"ListItem\",\"position\":1,\"name\":\"In\u00edcio\",\"item\":\"https:\/\/www.estrategiaconcursos.com.br\/blog\/\"},{\"@type\":\"ListItem\",\"position\":2,\"name\":\"Gabarito Extraoficial CBM BA \u2013 Cargo: Soldado\"}]},{\"@type\":\"WebSite\",\"@id\":\"https:\/\/www.estrategiaconcursos.com.br\/blog\/#website\",\"url\":\"https:\/\/www.estrategiaconcursos.com.br\/blog\/\",\"name\":\"Estrat\u00e9gia Concursos\",\"description\":\"O blog da Estrat\u00e9gia Concursos traz not\u00edcias sobre concursos e artigos de professores oferecendo cursos para concursos (pdf + videaulas) no site.\",\"publisher\":{\"@id\":\"https:\/\/www.estrategiaconcursos.com.br\/blog\/#organization\"},\"potentialAction\":[{\"@type\":\"SearchAction\",\"target\":{\"@type\":\"EntryPoint\",\"urlTemplate\":\"https:\/\/www.estrategiaconcursos.com.br\/blog\/?s={search_term_string}\"},\"query-input\":{\"@type\":\"PropertyValueSpecification\",\"valueRequired\":true,\"valueName\":\"search_term_string\"}}],\"inLanguage\":\"pt-BR\"},{\"@type\":\"Organization\",\"@id\":\"https:\/\/www.estrategiaconcursos.com.br\/blog\/#organization\",\"name\":\"Estrat\u00e9gia Concursos\",\"url\":\"https:\/\/www.estrategiaconcursos.com.br\/blog\/\",\"logo\":{\"@type\":\"ImageObject\",\"inLanguage\":\"pt-BR\",\"@id\":\"https:\/\/www.estrategiaconcursos.com.br\/blog\/#\/schema\/logo\/image\/\",\"url\":\"https:\/\/dhg1h5j42swfq.cloudfront.net\/2025\/06\/03203428\/logo_concursos-1.jpg\",\"contentUrl\":\"https:\/\/dhg1h5j42swfq.cloudfront.net\/2025\/06\/03203428\/logo_concursos-1.jpg\",\"width\":230,\"height\":60,\"caption\":\"Estrat\u00e9gia Concursos\"},\"image\":{\"@id\":\"https:\/\/www.estrategiaconcursos.com.br\/blog\/#\/schema\/logo\/image\/\"},\"sameAs\":[\"https:\/\/x.com\/EstratConcursos\"]},{\"@type\":\"Person\",\"@id\":\"https:\/\/www.estrategiaconcursos.com.br\/blog\/#\/schema\/person\/4970184533d0a3ffa5b0299ae0a2b21f\",\"name\":\"Thiago Cavalcante Gomes\",\"image\":{\"@type\":\"ImageObject\",\"inLanguage\":\"pt-BR\",\"@id\":\"https:\/\/secure.gravatar.com\/avatar\/?s=96&d=mm&r=g\",\"url\":\"https:\/\/secure.gravatar.com\/avatar\/?s=96&d=mm&r=g\",\"contentUrl\":\"https:\/\/secure.gravatar.com\/avatar\/?s=96&d=mm&r=g\",\"caption\":\"Thiago Cavalcante Gomes\"},\"url\":\"https:\/\/www.estrategiaconcursos.com.br\/blog\/author\/thiago-gomes\/\"}]}<\/script>\n<!-- \/ Yoast SEO Premium plugin. -->","yoast_head_json":{"title":"Gabarito Extraoficial CBM BA \u2013 Cargo: Soldado","description":"O time de professores do Estrat\u00e9gia Concursos vai realizar a corre\u00e7\u00e3o da prova do concurso CBM BA Soldado e indicar o gabarito extraoficial!","robots":{"index":"index","follow":"follow","max-snippet":"max-snippet:-1","max-image-preview":"max-image-preview:large","max-video-preview":"max-video-preview:-1"},"canonical":"https:\/\/www.estrategiaconcursos.com.br\/blog\/gabarito-extraoficial-bombeiros-ba\/","og_locale":"pt_BR","og_type":"article","og_title":"Gabarito Extraoficial CBM BA \u2013 Cargo: Soldado","og_description":"O time de professores do Estrat\u00e9gia Concursos vai realizar a corre\u00e7\u00e3o da prova do concurso CBM BA Soldado e indicar o gabarito extraoficial!","og_url":"https:\/\/www.estrategiaconcursos.com.br\/blog\/gabarito-extraoficial-bombeiros-ba\/","og_site_name":"Estrat\u00e9gia Concursos","article_published_time":"2023-01-22T19:50:00+00:00","article_modified_time":"2023-01-24T16:48:54+00:00","og_image":[{"width":1280,"height":720,"url":"https:\/\/dhg1h5j42swfq.cloudfront.net\/2023\/01\/20154630\/1280-720-max-12-1.jpg","type":"image\/jpeg"}],"author":"Thiago Cavalcante Gomes","twitter_card":"summary_large_image","twitter_creator":"@EstratConcursos","twitter_site":"@EstratConcursos","twitter_misc":{"Escrito por":"Thiago Cavalcante Gomes","Est. tempo de leitura":"9 minutos"},"schema":{"@context":"https:\/\/schema.org","@graph":[{"@type":"NewsArticle","@id":"https:\/\/www.estrategiaconcursos.com.br\/blog\/gabarito-extraoficial-bombeiros-ba\/#article","isPartOf":{"@id":"https:\/\/www.estrategiaconcursos.com.br\/blog\/gabarito-extraoficial-bombeiros-ba\/"},"author":{"name":"Thiago Cavalcante Gomes","@id":"https:\/\/www.estrategiaconcursos.com.br\/blog\/#\/schema\/person\/4970184533d0a3ffa5b0299ae0a2b21f"},"headline":"Gabarito Extraoficial CBM BA \u2013 Cargo: Soldado","datePublished":"2023-01-22T19:50:00+00:00","dateModified":"2023-01-24T16:48:54+00:00","mainEntityOfPage":{"@id":"https:\/\/www.estrategiaconcursos.com.br\/blog\/gabarito-extraoficial-bombeiros-ba\/"},"wordCount":1778,"commentCount":0,"publisher":{"@id":"https:\/\/www.estrategiaconcursos.com.br\/blog\/#organization"},"image":{"@id":"https:\/\/www.estrategiaconcursos.com.br\/blog\/gabarito-extraoficial-bombeiros-ba\/#primaryimage"},"thumbnailUrl":"https:\/\/dhg1h5j42swfq.cloudfront.net\/2023\/01\/20154630\/1280-720-max-12-1.jpg","articleSection":["Policial (PM\/BM - Pra\u00e7as)","\u00daltimas not\u00edcias"],"inLanguage":"pt-BR","potentialAction":[{"@type":"CommentAction","name":"Comment","target":["https:\/\/www.estrategiaconcursos.com.br\/blog\/gabarito-extraoficial-bombeiros-ba\/#respond"]}],"copyrightYear":"2023","copyrightHolder":{"@id":"https:\/\/www.estrategiaconcursos.com.br\/blog\/#organization"}},{"@type":"WebPage","@id":"https:\/\/www.estrategiaconcursos.com.br\/blog\/gabarito-extraoficial-bombeiros-ba\/","url":"https:\/\/www.estrategiaconcursos.com.br\/blog\/gabarito-extraoficial-bombeiros-ba\/","name":"Gabarito Extraoficial CBM BA \u2013 Cargo: Soldado","isPartOf":{"@id":"https:\/\/www.estrategiaconcursos.com.br\/blog\/#website"},"primaryImageOfPage":{"@id":"https:\/\/www.estrategiaconcursos.com.br\/blog\/gabarito-extraoficial-bombeiros-ba\/#primaryimage"},"image":{"@id":"https:\/\/www.estrategiaconcursos.com.br\/blog\/gabarito-extraoficial-bombeiros-ba\/#primaryimage"},"thumbnailUrl":"https:\/\/dhg1h5j42swfq.cloudfront.net\/2023\/01\/20154630\/1280-720-max-12-1.jpg","datePublished":"2023-01-22T19:50:00+00:00","dateModified":"2023-01-24T16:48:54+00:00","description":"O time de professores do Estrat\u00e9gia Concursos vai realizar a corre\u00e7\u00e3o da prova do concurso CBM BA Soldado e indicar o gabarito extraoficial!","breadcrumb":{"@id":"https:\/\/www.estrategiaconcursos.com.br\/blog\/gabarito-extraoficial-bombeiros-ba\/#breadcrumb"},"inLanguage":"pt-BR","potentialAction":[{"@type":"ReadAction","target":["https:\/\/www.estrategiaconcursos.com.br\/blog\/gabarito-extraoficial-bombeiros-ba\/"]}]},{"@type":"ImageObject","inLanguage":"pt-BR","@id":"https:\/\/www.estrategiaconcursos.com.br\/blog\/gabarito-extraoficial-bombeiros-ba\/#primaryimage","url":"https:\/\/dhg1h5j42swfq.cloudfront.net\/2023\/01\/20154630\/1280-720-max-12-1.jpg","contentUrl":"https:\/\/dhg1h5j42swfq.cloudfront.net\/2023\/01\/20154630\/1280-720-max-12-1.jpg","width":1280,"height":720,"caption":"gabarito extraoficial bombeiros ba"},{"@type":"BreadcrumbList","@id":"https:\/\/www.estrategiaconcursos.com.br\/blog\/gabarito-extraoficial-bombeiros-ba\/#breadcrumb","itemListElement":[{"@type":"ListItem","position":1,"name":"In\u00edcio","item":"https:\/\/www.estrategiaconcursos.com.br\/blog\/"},{"@type":"ListItem","position":2,"name":"Gabarito Extraoficial CBM BA \u2013 Cargo: Soldado"}]},{"@type":"WebSite","@id":"https:\/\/www.estrategiaconcursos.com.br\/blog\/#website","url":"https:\/\/www.estrategiaconcursos.com.br\/blog\/","name":"Estrat\u00e9gia Concursos","description":"O blog da Estrat\u00e9gia Concursos traz not\u00edcias sobre concursos e artigos de professores oferecendo cursos para concursos (pdf + videaulas) no site.","publisher":{"@id":"https:\/\/www.estrategiaconcursos.com.br\/blog\/#organization"},"potentialAction":[{"@type":"SearchAction","target":{"@type":"EntryPoint","urlTemplate":"https:\/\/www.estrategiaconcursos.com.br\/blog\/?s={search_term_string}"},"query-input":{"@type":"PropertyValueSpecification","valueRequired":true,"valueName":"search_term_string"}}],"inLanguage":"pt-BR"},{"@type":"Organization","@id":"https:\/\/www.estrategiaconcursos.com.br\/blog\/#organization","name":"Estrat\u00e9gia Concursos","url":"https:\/\/www.estrategiaconcursos.com.br\/blog\/","logo":{"@type":"ImageObject","inLanguage":"pt-BR","@id":"https:\/\/www.estrategiaconcursos.com.br\/blog\/#\/schema\/logo\/image\/","url":"https:\/\/dhg1h5j42swfq.cloudfront.net\/2025\/06\/03203428\/logo_concursos-1.jpg","contentUrl":"https:\/\/dhg1h5j42swfq.cloudfront.net\/2025\/06\/03203428\/logo_concursos-1.jpg","width":230,"height":60,"caption":"Estrat\u00e9gia Concursos"},"image":{"@id":"https:\/\/www.estrategiaconcursos.com.br\/blog\/#\/schema\/logo\/image\/"},"sameAs":["https:\/\/x.com\/EstratConcursos"]},{"@type":"Person","@id":"https:\/\/www.estrategiaconcursos.com.br\/blog\/#\/schema\/person\/4970184533d0a3ffa5b0299ae0a2b21f","name":"Thiago Cavalcante Gomes","image":{"@type":"ImageObject","inLanguage":"pt-BR","@id":"https:\/\/secure.gravatar.com\/avatar\/?s=96&d=mm&r=g","url":"https:\/\/secure.gravatar.com\/avatar\/?s=96&d=mm&r=g","contentUrl":"https:\/\/secure.gravatar.com\/avatar\/?s=96&d=mm&r=g","caption":"Thiago Cavalcante Gomes"},"url":"https:\/\/www.estrategiaconcursos.com.br\/blog\/author\/thiago-gomes\/"}]}},"_links":{"self":[{"href":"https:\/\/www.estrategiaconcursos.com.br\/blog\/wp-json\/wp\/v2\/posts\/1156543","targetHints":{"allow":["GET"]}}],"collection":[{"href":"https:\/\/www.estrategiaconcursos.com.br\/blog\/wp-json\/wp\/v2\/posts"}],"about":[{"href":"https:\/\/www.estrategiaconcursos.com.br\/blog\/wp-json\/wp\/v2\/types\/post"}],"author":[{"embeddable":true,"href":"https:\/\/www.estrategiaconcursos.com.br\/blog\/wp-json\/wp\/v2\/users\/2041"}],"replies":[{"embeddable":true,"href":"https:\/\/www.estrategiaconcursos.com.br\/blog\/wp-json\/wp\/v2\/comments?post=1156543"}],"version-history":[{"count":9,"href":"https:\/\/www.estrategiaconcursos.com.br\/blog\/wp-json\/wp\/v2\/posts\/1156543\/revisions"}],"predecessor-version":[{"id":1158291,"href":"https:\/\/www.estrategiaconcursos.com.br\/blog\/wp-json\/wp\/v2\/posts\/1156543\/revisions\/1158291"}],"wp:featuredmedia":[{"embeddable":true,"href":"https:\/\/www.estrategiaconcursos.com.br\/blog\/wp-json\/wp\/v2\/media\/1156550"}],"wp:attachment":[{"href":"https:\/\/www.estrategiaconcursos.com.br\/blog\/wp-json\/wp\/v2\/media?parent=1156543"}],"wp:term":[{"taxonomy":"category","embeddable":true,"href":"https:\/\/www.estrategiaconcursos.com.br\/blog\/wp-json\/wp\/v2\/categories?post=1156543"},{"taxonomy":"post_tag","embeddable":true,"href":"https:\/\/www.estrategiaconcursos.com.br\/blog\/wp-json\/wp\/v2\/tags?post=1156543"},{"taxonomy":"tax_estado","embeddable":true,"href":"https:\/\/www.estrategiaconcursos.com.br\/blog\/wp-json\/wp\/v2\/tax_estado?post=1156543"}],"curies":[{"name":"wp","href":"https:\/\/api.w.org\/{rel}","templated":true}]}}