{"id":1156181,"date":"2023-01-20T10:12:19","date_gmt":"2023-01-20T13:12:19","guid":{"rendered":"https:\/\/www.estrategiaconcursos.com.br\/blog\/?p=1156181"},"modified":"2023-01-20T11:33:24","modified_gmt":"2023-01-20T14:33:24","slug":"concurso-tse-unificado-vagas-tre-df","status":"publish","type":"post","link":"https:\/\/www.estrategiaconcursos.com.br\/blog\/concurso-tse-unificado-vagas-tre-df\/","title":{"rendered":"Concurso TSE Unificado: TRE DF pretende aderir ao edital"},"content":{"rendered":"\n<p>O <a href=\"https:\/\/www.estrategiaconcursos.com.br\/cursosPorConcurso\/tribunal-superior-eleitoral-tse-servidores\/\" target=\"_blank\" rel=\"noreferrer noopener\">Tribunal Regional Eleitoral do Distrito Federal<\/a> voltou atr\u00e1s e afirmou que pretende aderir ao edital unificado promovido pelo Tribunal Superior Eleitoral (TSE).<\/p>\n\n\n\n<p>Em nota, a assessoria do \u00f3rg\u00e3o afirmou nesta sexta-feira (20\/1) que as vagas do certame devem ser destinados ao cadastro de reserva. <\/p>\n\n\n\n<p>Veja abaixo a \u00edntegra da nota divulgada:<\/p>\n\n\n\n<p>&#8220;<em>Em aten\u00e7\u00e3o ao seu questionamento, a chefia da Se\u00e7\u00e3o de Sele\u00e7\u00e3o, Lota\u00e7\u00e3o e Avalia\u00e7\u00e3o de Desempenho (SESAD) deste Tribunal informou que o <strong>TRE-DF<\/strong> pretende aderir ao concurso do TSE. Quanto ao quantitativo de cargos a serem providos ainda n\u00e3o sabemos precisar, uma vez que as vac\u00e2ncias dever\u00e3o ocorrer de futuras aposentadorias ou exonera\u00e7\u00e3o de servidores para posse e exerc\u00edcio em outro cargo p\u00fablico, que ocorrer\u00e3o \u00e0 \u00e9poca do concurso. Em raz\u00e3o disso, as vagas do concurso para TRE-DF provavelmente dever\u00e3o ser destinadas a um cadastro reserva\u201d.<\/em><\/p>\n\n\n\n<p>Com a participa\u00e7\u00e3o do TRE DF, o <strong>concurso TSE Unificado<\/strong> passa a contar com 26 Tribunais Regionais Eleitorais interessados na sele\u00e7\u00e3o.<\/p>\n\n\n\n<p>O total das vagas a serem ofertadas n\u00e3o foi divulgado, mas o Or\u00e7amento para 2023 prev\u00ea 515 vagas na Justi\u00e7a Eleitoral, que se distribuem entre o&nbsp;<strong>TSE<\/strong>&nbsp;(<a href=\"https:\/\/www.estrategiaconcursos.com.br\/cursosPorConcurso\/tribunal-superior-eleitoral-tse-servidores\/\" target=\"_blank\" rel=\"noreferrer noopener\">Tribunal Superior Eleitoral<\/a>) e os Tribunais Regionais Eleitorais (<strong>TREs<\/strong>).<\/p>\n\n\n\n<p>Segundo o texto, s\u00e3o 505 vagas para provimento em cargos j\u00e1 existentes e a cria\u00e7\u00e3o de 10 novas vagas que podem se dividir entre os cargos de t\u00e9cnico e analista judici\u00e1rio.<\/p>\n\n\n\n<p>&nbsp;Segundo divulgado no relat\u00f3rio de reuni\u00e3o ocorrida em dezembro de 2022, a comiss\u00e3o organizadora do certame ser\u00e1 institu\u00edda ainda em janeiro, e est\u00e1 prevista a oferta de vagas imediatas mais forma\u00e7\u00e3o de cadastro de reserva para os cargos ofertados.<\/p>\n\n\n\n<p>Al\u00e9m disso, os candidatos poder\u00e3o realizar as etapas de provas nas capitais onde moram, e concorrer para vagas em outros estados de sua escolha. <\/p>\n\n\n\n<p>O as nomea\u00e7\u00f5es e convoca\u00e7\u00e3o dos aprovados deve acontecer no inicio de 2024.<\/p>\n\n\n\n<p>Ficou interessado em saber mais informa\u00e7\u00f5es sobre o <strong>concurso TSE Unificado<\/strong> previsto para o segundo semestre de 2023? Elaboramos um artigo completo para voc\u00ea!<\/p>\n\n\n\n<p class=\"has-text-align-center has-background has-medium-font-size\" style=\"background-color:#a251e036\"><strong>Saiba mais: <a href=\"https:\/\/www.estrategiaconcursos.com.br\/blog\/concurso-tse-unificado\/\" target=\"_blank\" rel=\"noreferrer noopener\">concurso TSE Unificado<\/a><\/strong><\/p>\n\n\n\n<h2 class=\"has-text-align-center wp-block-heading\" id=\"h-quer-saber-tudo-sobre-concursos-previstos-confira-nossos-artigos\">Quer saber tudo sobre concursos previstos?<br \/>Confira nossos artigos!<\/h2>\n\n\n\n<ul class=\"wp-block-list\"><li><a href=\"https:\/\/www.estrategiaconcursos.com.br\/blog\/concursos-abertos\/\" target=\"_blank\" rel=\"noreferrer noopener\">Concursos abertos<\/a><\/li><li><a href=\"https:\/\/www.estrategiaconcursos.com.br\/blog\/concursos-2023\/\" target=\"_blank\" rel=\"noreferrer noopener\">Concursos 2023<\/a><\/li><\/ul>\n\n\n\n<h2 class=\"has-text-align-center wp-block-heading\" id=\"cursos-assinatura\"><br \/>Agora que voc\u00ea conferiu os detalhes do concurso TSE unificado, que tal iniciar os estudos?<\/h2>\n\n\n\n<div class=\"container\" id=\"boxes\">\n  <div class=\"row\">\n\n    <div class=\"col-sm\">\n      <div class=\"banner-tribunal\" id=\"box-assinatura\">\n        <h3 class=\"titulo-assinatura\">Curso TSE<\/h3>\n        <p class=\"subtitulo-assinatura\">Conhe\u00e7a os cursos<\/p>\n        <div class=\"box-botao\">\n          <a class=\"btn-assinatura\" target=\"_blank\" href=\"https:\/\/www.estrategiaconcursos.com.br\/cursosPorConcurso\/tribunal-superior-eleitoral-tse-servidores\/\" role=\"button\" rel=\"noopener noreferrer\">Conhe\u00e7a mais<\/a>\n        <\/div>\n      <\/div>\n      <p class=\"texto-auxiliar\"><\/p>\n    <\/div>\n\n  <\/div>\n<\/div>\n\n\n\n<div class=\"container\" id=\"boxes\">\n  <div class=\"row\">\n\n    <div class=\"col-sm\">\n      <div class=\"estrategia\" id=\"box-assinatura\">\n        <h3 class=\"titulo-assinatura\">Assinatura Concursos<\/h3>\n        <p class=\"subtitulo-assinatura\">Assinatura de 1 ano ou 2 anos<\/p>\n        <div class=\"box-botao\">\n          <a class=\"btn-assinatura\" target=\"_blank\" href=\"https:\/\/www.estrategiaconcursos.com.br\/assinaturas\/\" role=\"button\" rel=\"noopener noreferrer\">ASSINE AGORA<\/a>\n        <\/div>\n      <\/div>\n     \n    <\/div><\/div><\/div>\n","protected":false},"excerpt":{"rendered":"<p>O Tribunal Regional Eleitoral do Distrito Federal voltou atr\u00e1s e afirmou que pretende aderir ao edital unificado promovido pelo Tribunal Superior Eleitoral (TSE). Em nota, a assessoria do \u00f3rg\u00e3o afirmou nesta sexta-feira (20\/1) que as vagas do certame devem ser destinados ao cadastro de reserva. Veja abaixo a \u00edntegra da nota divulgada: &#8220;Em aten\u00e7\u00e3o ao [&hellip;]<\/p>\n","protected":false},"author":2319,"featured_media":0,"comment_status":"open","ping_status":"closed","sticky":false,"template":"","format":"standard","meta":{"post_tipo":"news","footnotes":""},"categories":[1984,220737,220219],"tags":[],"tax_estado":[219963,219970],"class_list":["post-1156181","post","type-post","status-publish","format-standard","hentry","category-tribunais","category-tribunais-tribunais","category-noticias","tax_estado-concursos-federais","tax_estado-df"],"acf":[],"yoast_head":"<!-- This site is optimized with the Yoast SEO Premium plugin v27.2 (Yoast SEO v27.2) - https:\/\/yoast.com\/product\/yoast-seo-premium-wordpress\/ -->\n<title>Concurso TSE Unificado: TRE DF pretende aderir ao edital<\/title>\n<meta name=\"description\" content=\"O Tribunal Regional Eleitoral do Distrito Federal voltou atr\u00e1s e afirmou que pretende aderir ao edital unificado promovido pelo TSE.\" \/>\n<meta name=\"robots\" content=\"index, follow, max-snippet:-1, max-image-preview:large, max-video-preview:-1\" \/>\n<link rel=\"canonical\" href=\"https:\/\/www.estrategiaconcursos.com.br\/blog\/concurso-tse-unificado-vagas-tre-df\/\" \/>\n<meta property=\"og:locale\" content=\"pt_BR\" \/>\n<meta property=\"og:type\" content=\"article\" \/>\n<meta property=\"og:title\" content=\"Concurso TSE Unificado: TRE DF pretende aderir ao edital\" \/>\n<meta property=\"og:description\" content=\"O Tribunal Regional Eleitoral do Distrito Federal voltou atr\u00e1s e afirmou que pretende aderir ao edital unificado promovido pelo TSE.\" \/>\n<meta property=\"og:url\" content=\"https:\/\/www.estrategiaconcursos.com.br\/blog\/concurso-tse-unificado-vagas-tre-df\/\" \/>\n<meta property=\"og:site_name\" content=\"Estrat\u00e9gia Concursos\" \/>\n<meta property=\"article:published_time\" content=\"2023-01-20T13:12:19+00:00\" \/>\n<meta property=\"article:modified_time\" content=\"2023-01-20T14:33:24+00:00\" \/>\n<meta property=\"og:image\" content=\"https:\/\/dhg1h5j42swfq.cloudfront.net\/2023\/01\/18152341\/tse_unificado-1.jpg\" \/>\n\t<meta property=\"og:image:width\" content=\"768\" \/>\n\t<meta property=\"og:image:height\" content=\"432\" \/>\n\t<meta property=\"og:image:type\" content=\"image\/jpeg\" \/>\n<meta name=\"author\" content=\"Let\u00edcia Teixeira\" \/>\n<meta name=\"twitter:card\" content=\"summary_large_image\" \/>\n<meta name=\"twitter:creator\" content=\"@EstratConcursos\" \/>\n<meta name=\"twitter:site\" content=\"@EstratConcursos\" \/>\n<meta name=\"twitter:label1\" content=\"Escrito por\" \/>\n\t<meta name=\"twitter:data1\" content=\"Let\u00edcia Teixeira\" \/>\n\t<meta name=\"twitter:label2\" content=\"Est. tempo de leitura\" \/>\n\t<meta name=\"twitter:data2\" content=\"2 minutos\" \/>\n<script type=\"application\/ld+json\" class=\"yoast-schema-graph\">{\"@context\":\"https:\/\/schema.org\",\"@graph\":[{\"@type\":\"NewsArticle\",\"@id\":\"https:\/\/www.estrategiaconcursos.com.br\/blog\/concurso-tse-unificado-vagas-tre-df\/#article\",\"isPartOf\":{\"@id\":\"https:\/\/www.estrategiaconcursos.com.br\/blog\/concurso-tse-unificado-vagas-tre-df\/\"},\"author\":{\"name\":\"Let\u00edcia Teixeira\",\"@id\":\"https:\/\/www.estrategiaconcursos.com.br\/blog\/#\/schema\/person\/9b94727dcf4410f4a7931c83966c843b\"},\"headline\":\"Concurso TSE Unificado: TRE DF pretende aderir ao edital\",\"datePublished\":\"2023-01-20T13:12:19+00:00\",\"dateModified\":\"2023-01-20T14:33:24+00:00\",\"mainEntityOfPage\":{\"@id\":\"https:\/\/www.estrategiaconcursos.com.br\/blog\/concurso-tse-unificado-vagas-tre-df\/\"},\"wordCount\":413,\"commentCount\":0,\"publisher\":{\"@id\":\"https:\/\/www.estrategiaconcursos.com.br\/blog\/#organization\"},\"articleSection\":[\"Tribunais\",\"Tribunais\",\"\u00daltimas not\u00edcias\"],\"inLanguage\":\"pt-BR\",\"potentialAction\":[{\"@type\":\"CommentAction\",\"name\":\"Comment\",\"target\":[\"https:\/\/www.estrategiaconcursos.com.br\/blog\/concurso-tse-unificado-vagas-tre-df\/#respond\"]}],\"copyrightYear\":\"2023\",\"copyrightHolder\":{\"@id\":\"https:\/\/www.estrategiaconcursos.com.br\/blog\/#organization\"}},{\"@type\":\"WebPage\",\"@id\":\"https:\/\/www.estrategiaconcursos.com.br\/blog\/concurso-tse-unificado-vagas-tre-df\/\",\"url\":\"https:\/\/www.estrategiaconcursos.com.br\/blog\/concurso-tse-unificado-vagas-tre-df\/\",\"name\":\"Concurso TSE Unificado: TRE DF pretende aderir ao edital\",\"isPartOf\":{\"@id\":\"https:\/\/www.estrategiaconcursos.com.br\/blog\/#website\"},\"datePublished\":\"2023-01-20T13:12:19+00:00\",\"dateModified\":\"2023-01-20T14:33:24+00:00\",\"description\":\"O Tribunal Regional Eleitoral do Distrito Federal voltou atr\u00e1s e afirmou que pretende aderir ao edital unificado promovido pelo TSE.\",\"breadcrumb\":{\"@id\":\"https:\/\/www.estrategiaconcursos.com.br\/blog\/concurso-tse-unificado-vagas-tre-df\/#breadcrumb\"},\"inLanguage\":\"pt-BR\",\"potentialAction\":[{\"@type\":\"ReadAction\",\"target\":[\"https:\/\/www.estrategiaconcursos.com.br\/blog\/concurso-tse-unificado-vagas-tre-df\/\"]}]},{\"@type\":\"BreadcrumbList\",\"@id\":\"https:\/\/www.estrategiaconcursos.com.br\/blog\/concurso-tse-unificado-vagas-tre-df\/#breadcrumb\",\"itemListElement\":[{\"@type\":\"ListItem\",\"position\":1,\"name\":\"In\u00edcio\",\"item\":\"https:\/\/www.estrategiaconcursos.com.br\/blog\/\"},{\"@type\":\"ListItem\",\"position\":2,\"name\":\"Concurso TSE Unificado: TRE DF pretende aderir ao edital\"}]},{\"@type\":\"WebSite\",\"@id\":\"https:\/\/www.estrategiaconcursos.com.br\/blog\/#website\",\"url\":\"https:\/\/www.estrategiaconcursos.com.br\/blog\/\",\"name\":\"Estrat\u00e9gia Concursos\",\"description\":\"O blog da Estrat\u00e9gia Concursos traz not\u00edcias sobre concursos e artigos de professores oferecendo cursos para concursos (pdf + videaulas) no site.\",\"publisher\":{\"@id\":\"https:\/\/www.estrategiaconcursos.com.br\/blog\/#organization\"},\"potentialAction\":[{\"@type\":\"SearchAction\",\"target\":{\"@type\":\"EntryPoint\",\"urlTemplate\":\"https:\/\/www.estrategiaconcursos.com.br\/blog\/?s={search_term_string}\"},\"query-input\":{\"@type\":\"PropertyValueSpecification\",\"valueRequired\":true,\"valueName\":\"search_term_string\"}}],\"inLanguage\":\"pt-BR\"},{\"@type\":\"Organization\",\"@id\":\"https:\/\/www.estrategiaconcursos.com.br\/blog\/#organization\",\"name\":\"Estrat\u00e9gia Concursos\",\"url\":\"https:\/\/www.estrategiaconcursos.com.br\/blog\/\",\"logo\":{\"@type\":\"ImageObject\",\"inLanguage\":\"pt-BR\",\"@id\":\"https:\/\/www.estrategiaconcursos.com.br\/blog\/#\/schema\/logo\/image\/\",\"url\":\"https:\/\/dhg1h5j42swfq.cloudfront.net\/2025\/06\/03203428\/logo_concursos-1.jpg\",\"contentUrl\":\"https:\/\/dhg1h5j42swfq.cloudfront.net\/2025\/06\/03203428\/logo_concursos-1.jpg\",\"width\":230,\"height\":60,\"caption\":\"Estrat\u00e9gia Concursos\"},\"image\":{\"@id\":\"https:\/\/www.estrategiaconcursos.com.br\/blog\/#\/schema\/logo\/image\/\"},\"sameAs\":[\"https:\/\/x.com\/EstratConcursos\"]},{\"@type\":\"Person\",\"@id\":\"https:\/\/www.estrategiaconcursos.com.br\/blog\/#\/schema\/person\/9b94727dcf4410f4a7931c83966c843b\",\"name\":\"Let\u00edcia Teixeira\",\"image\":{\"@type\":\"ImageObject\",\"inLanguage\":\"pt-BR\",\"@id\":\"https:\/\/secure.gravatar.com\/avatar\/fb589b06b881e20b676d08f9d03226d1e3291ba2f90e751ddc9ccb21abf0244d?s=96&d=mm&r=g\",\"url\":\"https:\/\/secure.gravatar.com\/avatar\/fb589b06b881e20b676d08f9d03226d1e3291ba2f90e751ddc9ccb21abf0244d?s=96&d=mm&r=g\",\"contentUrl\":\"https:\/\/secure.gravatar.com\/avatar\/fb589b06b881e20b676d08f9d03226d1e3291ba2f90e751ddc9ccb21abf0244d?s=96&d=mm&r=g\",\"caption\":\"Let\u00edcia Teixeira\"},\"description\":\"Jornalista com experi\u00eancia de mais de quatro anos no segmento de concursos p\u00fablicos. Especializada em Narrativa Transm\u00eddia e Storytelling pela Universidade Cat\u00f3lica de Bras\u00edlia, com atua\u00e7\u00e3o nas \u00e1reas de SEO, conte\u00fado, Webwriting e Copywriting.\",\"url\":\"https:\/\/www.estrategiaconcursos.com.br\/blog\/author\/leticia-teixeiraestrategia-com\/\"}]}<\/script>\n<!-- \/ Yoast SEO Premium plugin. -->","yoast_head_json":{"title":"Concurso TSE Unificado: TRE DF pretende aderir ao edital","description":"O Tribunal Regional Eleitoral do Distrito Federal voltou atr\u00e1s e afirmou que pretende aderir ao edital unificado promovido pelo TSE.","robots":{"index":"index","follow":"follow","max-snippet":"max-snippet:-1","max-image-preview":"max-image-preview:large","max-video-preview":"max-video-preview:-1"},"canonical":"https:\/\/www.estrategiaconcursos.com.br\/blog\/concurso-tse-unificado-vagas-tre-df\/","og_locale":"pt_BR","og_type":"article","og_title":"Concurso TSE Unificado: TRE DF pretende aderir ao edital","og_description":"O Tribunal Regional Eleitoral do Distrito Federal voltou atr\u00e1s e afirmou que pretende aderir ao edital unificado promovido pelo TSE.","og_url":"https:\/\/www.estrategiaconcursos.com.br\/blog\/concurso-tse-unificado-vagas-tre-df\/","og_site_name":"Estrat\u00e9gia Concursos","article_published_time":"2023-01-20T13:12:19+00:00","article_modified_time":"2023-01-20T14:33:24+00:00","og_image":[{"width":768,"height":432,"url":"https:\/\/dhg1h5j42swfq.cloudfront.net\/2023\/01\/18152341\/tse_unificado-1.jpg","type":"image\/jpeg"}],"author":"Let\u00edcia Teixeira","twitter_card":"summary_large_image","twitter_creator":"@EstratConcursos","twitter_site":"@EstratConcursos","twitter_misc":{"Escrito por":"Let\u00edcia Teixeira","Est. tempo de leitura":"2 minutos"},"schema":{"@context":"https:\/\/schema.org","@graph":[{"@type":"NewsArticle","@id":"https:\/\/www.estrategiaconcursos.com.br\/blog\/concurso-tse-unificado-vagas-tre-df\/#article","isPartOf":{"@id":"https:\/\/www.estrategiaconcursos.com.br\/blog\/concurso-tse-unificado-vagas-tre-df\/"},"author":{"name":"Let\u00edcia Teixeira","@id":"https:\/\/www.estrategiaconcursos.com.br\/blog\/#\/schema\/person\/9b94727dcf4410f4a7931c83966c843b"},"headline":"Concurso TSE Unificado: TRE DF pretende aderir ao edital","datePublished":"2023-01-20T13:12:19+00:00","dateModified":"2023-01-20T14:33:24+00:00","mainEntityOfPage":{"@id":"https:\/\/www.estrategiaconcursos.com.br\/blog\/concurso-tse-unificado-vagas-tre-df\/"},"wordCount":413,"commentCount":0,"publisher":{"@id":"https:\/\/www.estrategiaconcursos.com.br\/blog\/#organization"},"articleSection":["Tribunais","Tribunais","\u00daltimas not\u00edcias"],"inLanguage":"pt-BR","potentialAction":[{"@type":"CommentAction","name":"Comment","target":["https:\/\/www.estrategiaconcursos.com.br\/blog\/concurso-tse-unificado-vagas-tre-df\/#respond"]}],"copyrightYear":"2023","copyrightHolder":{"@id":"https:\/\/www.estrategiaconcursos.com.br\/blog\/#organization"}},{"@type":"WebPage","@id":"https:\/\/www.estrategiaconcursos.com.br\/blog\/concurso-tse-unificado-vagas-tre-df\/","url":"https:\/\/www.estrategiaconcursos.com.br\/blog\/concurso-tse-unificado-vagas-tre-df\/","name":"Concurso TSE Unificado: TRE DF pretende aderir ao edital","isPartOf":{"@id":"https:\/\/www.estrategiaconcursos.com.br\/blog\/#website"},"datePublished":"2023-01-20T13:12:19+00:00","dateModified":"2023-01-20T14:33:24+00:00","description":"O Tribunal Regional Eleitoral do Distrito Federal voltou atr\u00e1s e afirmou que pretende aderir ao edital unificado promovido pelo TSE.","breadcrumb":{"@id":"https:\/\/www.estrategiaconcursos.com.br\/blog\/concurso-tse-unificado-vagas-tre-df\/#breadcrumb"},"inLanguage":"pt-BR","potentialAction":[{"@type":"ReadAction","target":["https:\/\/www.estrategiaconcursos.com.br\/blog\/concurso-tse-unificado-vagas-tre-df\/"]}]},{"@type":"BreadcrumbList","@id":"https:\/\/www.estrategiaconcursos.com.br\/blog\/concurso-tse-unificado-vagas-tre-df\/#breadcrumb","itemListElement":[{"@type":"ListItem","position":1,"name":"In\u00edcio","item":"https:\/\/www.estrategiaconcursos.com.br\/blog\/"},{"@type":"ListItem","position":2,"name":"Concurso TSE Unificado: TRE DF pretende aderir ao edital"}]},{"@type":"WebSite","@id":"https:\/\/www.estrategiaconcursos.com.br\/blog\/#website","url":"https:\/\/www.estrategiaconcursos.com.br\/blog\/","name":"Estrat\u00e9gia Concursos","description":"O blog da Estrat\u00e9gia Concursos traz not\u00edcias sobre concursos e artigos de professores oferecendo cursos para concursos (pdf + videaulas) no site.","publisher":{"@id":"https:\/\/www.estrategiaconcursos.com.br\/blog\/#organization"},"potentialAction":[{"@type":"SearchAction","target":{"@type":"EntryPoint","urlTemplate":"https:\/\/www.estrategiaconcursos.com.br\/blog\/?s={search_term_string}"},"query-input":{"@type":"PropertyValueSpecification","valueRequired":true,"valueName":"search_term_string"}}],"inLanguage":"pt-BR"},{"@type":"Organization","@id":"https:\/\/www.estrategiaconcursos.com.br\/blog\/#organization","name":"Estrat\u00e9gia Concursos","url":"https:\/\/www.estrategiaconcursos.com.br\/blog\/","logo":{"@type":"ImageObject","inLanguage":"pt-BR","@id":"https:\/\/www.estrategiaconcursos.com.br\/blog\/#\/schema\/logo\/image\/","url":"https:\/\/dhg1h5j42swfq.cloudfront.net\/2025\/06\/03203428\/logo_concursos-1.jpg","contentUrl":"https:\/\/dhg1h5j42swfq.cloudfront.net\/2025\/06\/03203428\/logo_concursos-1.jpg","width":230,"height":60,"caption":"Estrat\u00e9gia Concursos"},"image":{"@id":"https:\/\/www.estrategiaconcursos.com.br\/blog\/#\/schema\/logo\/image\/"},"sameAs":["https:\/\/x.com\/EstratConcursos"]},{"@type":"Person","@id":"https:\/\/www.estrategiaconcursos.com.br\/blog\/#\/schema\/person\/9b94727dcf4410f4a7931c83966c843b","name":"Let\u00edcia Teixeira","image":{"@type":"ImageObject","inLanguage":"pt-BR","@id":"https:\/\/secure.gravatar.com\/avatar\/fb589b06b881e20b676d08f9d03226d1e3291ba2f90e751ddc9ccb21abf0244d?s=96&d=mm&r=g","url":"https:\/\/secure.gravatar.com\/avatar\/fb589b06b881e20b676d08f9d03226d1e3291ba2f90e751ddc9ccb21abf0244d?s=96&d=mm&r=g","contentUrl":"https:\/\/secure.gravatar.com\/avatar\/fb589b06b881e20b676d08f9d03226d1e3291ba2f90e751ddc9ccb21abf0244d?s=96&d=mm&r=g","caption":"Let\u00edcia Teixeira"},"description":"Jornalista com experi\u00eancia de mais de quatro anos no segmento de concursos p\u00fablicos. Especializada em Narrativa Transm\u00eddia e Storytelling pela Universidade Cat\u00f3lica de Bras\u00edlia, com atua\u00e7\u00e3o nas \u00e1reas de SEO, conte\u00fado, Webwriting e Copywriting.","url":"https:\/\/www.estrategiaconcursos.com.br\/blog\/author\/leticia-teixeiraestrategia-com\/"}]}},"_links":{"self":[{"href":"https:\/\/www.estrategiaconcursos.com.br\/blog\/wp-json\/wp\/v2\/posts\/1156181","targetHints":{"allow":["GET"]}}],"collection":[{"href":"https:\/\/www.estrategiaconcursos.com.br\/blog\/wp-json\/wp\/v2\/posts"}],"about":[{"href":"https:\/\/www.estrategiaconcursos.com.br\/blog\/wp-json\/wp\/v2\/types\/post"}],"author":[{"embeddable":true,"href":"https:\/\/www.estrategiaconcursos.com.br\/blog\/wp-json\/wp\/v2\/users\/2319"}],"replies":[{"embeddable":true,"href":"https:\/\/www.estrategiaconcursos.com.br\/blog\/wp-json\/wp\/v2\/comments?post=1156181"}],"version-history":[{"count":4,"href":"https:\/\/www.estrategiaconcursos.com.br\/blog\/wp-json\/wp\/v2\/posts\/1156181\/revisions"}],"predecessor-version":[{"id":1156302,"href":"https:\/\/www.estrategiaconcursos.com.br\/blog\/wp-json\/wp\/v2\/posts\/1156181\/revisions\/1156302"}],"wp:attachment":[{"href":"https:\/\/www.estrategiaconcursos.com.br\/blog\/wp-json\/wp\/v2\/media?parent=1156181"}],"wp:term":[{"taxonomy":"category","embeddable":true,"href":"https:\/\/www.estrategiaconcursos.com.br\/blog\/wp-json\/wp\/v2\/categories?post=1156181"},{"taxonomy":"post_tag","embeddable":true,"href":"https:\/\/www.estrategiaconcursos.com.br\/blog\/wp-json\/wp\/v2\/tags?post=1156181"},{"taxonomy":"tax_estado","embeddable":true,"href":"https:\/\/www.estrategiaconcursos.com.br\/blog\/wp-json\/wp\/v2\/tax_estado?post=1156181"}],"curies":[{"name":"wp","href":"https:\/\/api.w.org\/{rel}","templated":true}]}}