{"id":11559,"date":"2013-10-21T20:56:34","date_gmt":"2013-10-21T23:56:34","guid":{"rendered":"https:\/\/www.estrategiaconcursos.com.br\/blog\/?p=11559"},"modified":"2016-05-19T23:39:54","modified_gmt":"2016-05-20T02:39:54","slug":"gabarito-preliminar-provas-do-bacen","status":"publish","type":"post","link":"https:\/\/www.estrategiaconcursos.com.br\/blog\/gabarito-preliminar-provas-do-bacen\/","title":{"rendered":"Gabarito Preliminar &#8211; Provas do Bacen"},"content":{"rendered":"<p>Ol\u00e1, queridos alunos!<\/p>\n<p>Tudo bem?<\/p>\n<p>Com o objetivo de diminuir a ansiedade de voc\u00eas nesse per\u00edodo de espera pela libera\u00e7\u00e3o do gabarito oficial, comento, a seguir, as quest\u00f5es de Direito Constitucional das provas de <strong>Analista e T\u00e9cnico do Bacen<\/strong>, realizadas no \u00faltimo final de semana. Espero que tenham acertado todas elas!<\/p>\n<p>Abra\u00e7os e bons estudos!<\/p>\n<p>N\u00e1dia Carolina<\/p>\n<p>&#8230;&#8230;&#8230;&#8230;&#8230;&#8230;&#8230;&#8230;&#8230;&#8230;&#8230;&#8230;&#8230;&#8230;&#8230;&#8230;&#8230;&#8230;&#8230;&#8230;&#8230;&#8230;&#8230;&#8230;&#8230;&#8230;&#8230;&#8230;&#8230;&#8230;&#8230;&#8230;&#8230;&#8230;&#8230;&#8230;&#8230;&#8230;&#8230;&#8230;&#8230;&#8230;&#8230;&#8230;&#8230;&#8230;&#8230;&#8230;..<\/p>\n<p><strong><span style=\"text-decoration: underline;\">ANALISTA<\/span><\/strong><\/p>\n<p><b><\/b><strong>1. De acordo com a CF, \u00e9 direito fundamental do cidad\u00e3o a livre associa\u00e7\u00e3o para fins l\u00edcitos. Todavia, pode a administra\u00e7\u00e3o p\u00fablica, a bem do interesse p\u00fablico, intervir no funcionamento de associa\u00e7\u00f5es civis e suspender temporariamente suas atividades.<\/strong><\/p>\n<p><strong>Coment\u00e1rios:<\/strong><\/p>\n<p>Que \u201cmelzinho na chupeta\u201d, n\u00e3o?<em> Segundo o inciso <\/em><em>XVIII do art. 5\u00ba da Constitui\u00e7\u00e3o Federal, a cria\u00e7\u00e3o de associa\u00e7\u00f5es e, na forma da lei, a de cooperativas independem de autoriza\u00e7\u00e3o, <\/em><em><b>sendo vedada a interfer\u00eancia estatal em seu funcionamento<\/b><\/em><em>.<\/em> Quest\u00e3o incorreta.<\/p>\n<p><strong>2. Conforme a CF, o controle externo da Uni\u00e3o e das entidades da administra\u00e7\u00e3o direta e indireta, referente \u00e0 fiscaliza\u00e7\u00e3o cont\u00e1bil, financeira, or\u00e7ament\u00e1ria, operacional e patrimonial, \u00e9 exercido pelo Congresso Nacional.<\/strong><\/p>\n<p><strong>Coment\u00e1rios:<\/strong><\/p>\n<p>O \u201ccaput\u201d do art. 70 da CF estabelece que <b><i>o controle externo \u00e9 exercido pelo Congresso Nacional<\/i><\/b>, com o aux\u00edlio do Tribunal de Contas da Uni\u00e3o (TCU). Quest\u00e3o correta.<\/p>\n<p><strong>\u00a03.\u00a0A autonomia dos entes federativos permite que os estados e o Distrito Federal (DF) instituam regimes pr\u00f3prios de previd\u00eancia, podendo adotar princ\u00edpios e padr\u00f5es estruturantes diversos daqueles definidos pela Uni\u00e3o, conforme crit\u00e9rios espec\u00edficos estabelecidos pelas constitui\u00e7\u00f5es, no caso dos estados, e pela lei org\u00e2nica, no caso do DF.<\/strong><\/p>\n<p><strong>Coment\u00e1rios:<\/strong><\/p>\n<p>De fato, os entes federados poder\u00e3o adotar regimes pr\u00f3prios de previd\u00eancia social (art. 40, \u00a7 14, CF). Entretanto, diferentemente do que diz o enunciado, compete \u00e0 Uni\u00e3o o estabelecimento das normas gerais desse regime (princ\u00edpios e padr\u00f5es estruturantes), a que os demais entes federados n\u00e3o poder\u00e3o desobedecer (art. 24, XII, CF). Quest\u00e3o incorreta.<\/p>\n<p><strong>4. O preceito constitucional de fomento \u00e0 microempresa e empresa de pequeno porte orienta todos os entes federados, indistintamente, conferindo tratamento favorecido aos empreendedores que contem com menos recursos para fazer frente \u00e0 concorr\u00eancia.<\/strong><\/p>\n<p><strong>Coment\u00e1rios:<\/strong><\/p>\n<p>\u00c9 princ\u00edpio constitucional da ordem econ\u00f4mica, aplic\u00e1vel a todos os entes federados, o <b><i>tratamento favorecido para as empresas de pequeno porte constitu\u00eddas sob as leis brasileiras e que tenham sua sede e administra\u00e7\u00e3o no Pa\u00eds<\/i><\/b> (art. 170, IX, CF). Al\u00e9m disso, em seu art. 179, a Carta Magna prev\u00ea que <b><i>a Uni\u00e3o, os Estados, o Distrito Federal e os Munic\u00edpios dispensar\u00e3o \u00e0s microempresas e \u00e0s empresas de pequeno porte, assim definidas em lei, tratamento jur\u00eddico diferenciado, visando a incentiv\u00e1-las pela simplifica\u00e7\u00e3o de suas obriga\u00e7\u00f5es administrativas, tribut\u00e1rias, previdenci\u00e1rias e credit\u00edcias, ou pela elimina\u00e7\u00e3o ou redu\u00e7\u00e3o destas por meio de lei<\/i><\/b>. O constituinte, por meio desses dispositivos, busca garantir a <b><i>isonomia<\/i><\/b>, ao favorecer os micro e pequenos empreendedores, que respondem por grande parte das atividades empresariais no Brasil. Quest\u00e3o correta.<\/p>\n<p><strong><span style=\"text-decoration: underline;\">T\u00c9CNICO<\/span><\/strong><\/p>\n<p><strong>Em rela\u00e7\u00e3o aos princ\u00edpios fundamentais e aos direitos e garantias fundamentais estabelecidos na Constitui\u00e7\u00e3o Federal de 1988 (CF), julgue os itens que se seguem.<\/strong><\/p>\n<p><strong>1. Entre os princ\u00edpios fundamentais da Rep\u00fablica Federativa do Brasil inclui-se o princ\u00edpio democr\u00e1tico, que se refere ao exerc\u00edcio direto e indireto do poder pelo povo.<\/strong><b>\u00a0<\/b><\/p>\n<p><strong>Coment\u00e1rios:<\/strong><\/p>\n<p>O princ\u00edpio democr\u00e1tico est\u00e1 previsto no \u201ccaput\u201d do art. 1\u00ba da Constitui\u00e7\u00e3o Federal, que faz parte do T\u00edtulo I, referente aos Princ\u00edpios Fundamentais. O par\u00e1grafo \u00fanico do mesmo artigo prev\u00ea que o exerc\u00edcio da democracia pode se dar tanto direta quanto indiretamente. Quest\u00e3o correta.<\/p>\n<p><strong>2. O princ\u00edpio constitucional da igualdade garante a todos o direito ao tratamento id\u00eantico no \u00e2mbito da elabora\u00e7\u00e3o e da aplica\u00e7\u00e3o da lei, sendo proibido qualquer tipo de tratamento normativo diferenciado.<\/strong><\/p>\n<p><b><\/b><strong>Coment\u00e1rios:<\/strong><\/p>\n<p><b>\u00a0<\/b>\u00c9 poss\u00edvel, sim, o tratamento diferenciado, desde que este tenha como objetivo a isonomia. Um exemplo disso \u00e9 a previs\u00e3o do inciso II do art. 5\u00ba da Carta Magna, segundo o qual \u201chomens e mulheres <i>s\u00e3o iguais em direitos e obriga\u00e7\u00f5es, <b>nos termos desta Constitui\u00e7\u00e3o<\/b>\u201d. <\/i>Note que, com base na ressalva desse inciso, a pr\u00f3pria Constitui\u00e7\u00e3o possibilita a aposentadoria das servidoras p\u00fablicas com cinco anos a menos de contribui\u00e7\u00e3o e de idade que os homens (art. 40, \u00a7 1\u00ba, III, \u201ca\u201d, CF). Quest\u00e3o incorreta.<\/p>\n<p><b><\/b><strong>3.\u00a0\u00c9 juridicamente poss\u00edvel a requisi\u00e7\u00e3o, diretamente pelo Minist\u00e9rio P\u00fablico, de informa\u00e7\u00f5es banc\u00e1rias de cidad\u00e3os brasileiros, dada a inexist\u00eancia de prote\u00e7\u00e3o constitucional espec\u00edfica do sigilo banc\u00e1rio.<\/strong><\/p>\n<p><strong>Coment\u00e1rios:<\/strong><\/p>\n<p>Podem determinar a quebra do sigilo banc\u00e1rio apenas os ju\u00edzes e as Comiss\u00f5es Parlamentares de Inqu\u00e9rito (CPIs) e, ainda assim, somente em situa\u00e7\u00f5es excepcionais, demonstrada a necessidade das informa\u00e7\u00f5es solicitadas e obedecidas as condi\u00e7\u00f5es legais. Quest\u00e3o incorreta<\/p>\n<p><strong>4.\u00a0\u00a0O acesso \u00e0 informa\u00e7\u00e3o \u00e9 um direito fundamental de todos, devendo os \u00f3rg\u00e3os e entidades p\u00fablicas disponibilizar informa\u00e7\u00f5es de interesse coletivo ou de interesse particular do solicitante, ressalvadas as informa\u00e7\u00f5es que sejam imprescind\u00edveis \u00e0 seguran\u00e7a da sociedade e do Estado ou as que violem o direito \u00e0 privacidade.<\/strong><\/p>\n<p><strong>\u00a0Coment\u00e1rios:<\/strong><\/p>\n<p>O acesso \u00e0 informa\u00e7\u00e3o \u00e9 garantido pela Constitui\u00e7\u00e3o (art. 5\u00ba, XXXIII), ressalvadas as informa\u00e7\u00f5es cujo sigilo seja imprescind\u00edvel \u00e0 seguran\u00e7a da sociedade e do Estado e a privacidade das pessoas (art, 5\u00ba, X). Quest\u00e3o correta.<\/p>\n<p><strong>5.\u00a0A cria\u00e7\u00e3o de sindicatos depende de autoriza\u00e7\u00e3o pr\u00e9via do Estado, j\u00e1 que na CF \u00e9 prevista a regra da liberdade sindical condicionada.<\/strong><\/p>\n<p><strong>Coment\u00e1rios:<\/strong><\/p>\n<p>Versa o art. 8\u00ba, I, da Carta Magna, que <b><i>a lei n\u00e3o poder\u00e1 exigir autoriza\u00e7\u00e3o<\/i><\/b><i> do Estado para a funda\u00e7\u00e3o de sindicato, <b>ressalvado o registro<\/b> <b>no \u00f3rg\u00e3o competente<\/b>, <b>vedadas ao Poder P\u00fablico a interfer\u00eancia e a interven\u00e7\u00e3o na organiza\u00e7\u00e3o sindical. <\/b><\/i>Quest\u00e3o incorreta.<\/p>\n<p>&nbsp;<\/p>\n<table border=\"1\" width=\"584\" cellspacing=\"0\" cellpadding=\"0\">\n<tbody>\n<tr>\n<td valign=\"bottom\" width=\"581\"><b>\u00a0Facebook:\u00a0<a href=\"http:\/\/www.estrategiaconcursos.com.br\/artigo\/2957-comentarios-a-prova-de-direito-constitucional-do-concurso-de-atps-analista-tecnico-de-politicas-sociais-de-2012\">http:\/\/www.facebook.com\/#!\/profile.php?id=830154075<\/a><\/b><\/p>\n<p><b>Twitter:\u00a0<a href=\"http:\/\/www.estrategiaconcursos.com.br\/artigo\/2957-comentarios-a-prova-de-direito-constitucional-do-concurso-de-atps-analista-tecnico-de-politicas-sociais-de-2012\">https:\/\/twitter.com\/#!\/NadiaCarolStos<\/a><\/b><\/p>\n<p><b>E-mail:\u00a0<a href=\"http:\/\/www.estrategiaconcursos.com.br\/artigo\/2957-comentarios-a-prova-de-direito-constitucional-do-concurso-de-atps-analista-tecnico-de-politicas-sociais-de-2012\">nadia@estrategiaconcursos.com.br<\/a><\/b><\/td>\n<\/tr>\n<\/tbody>\n<\/table>\n","protected":false},"excerpt":{"rendered":"<p>Ol\u00e1, queridos alunos! Tudo bem? Com o objetivo de diminuir a ansiedade de voc\u00eas nesse per\u00edodo de espera pela libera\u00e7\u00e3o do gabarito oficial, comento, a seguir, as quest\u00f5es de Direito Constitucional das provas de Analista e T\u00e9cnico do Bacen, realizadas no \u00faltimo final de semana. Espero que tenham acertado todas elas! Abra\u00e7os e bons estudos! [&hellip;]<\/p>\n","protected":false},"author":58,"featured_media":0,"comment_status":"open","ping_status":"open","sticky":false,"template":"","format":"standard","meta":{"post_tipo":"article","footnotes":""},"categories":[1],"tags":[],"tax_estado":[],"class_list":["post-11559","post","type-post","status-publish","format-standard","hentry","category-cursos-e-concursos"],"acf":[],"yoast_head":"<!-- This site is optimized with the Yoast SEO Premium plugin v27.2 (Yoast SEO v27.2) - https:\/\/yoast.com\/product\/yoast-seo-premium-wordpress\/ -->\n<title>Gabarito Preliminar - Provas do Bacen<\/title>\n<meta name=\"robots\" content=\"index, follow, max-snippet:-1, max-image-preview:large, max-video-preview:-1\" \/>\n<link rel=\"canonical\" href=\"https:\/\/www.estrategiaconcursos.com.br\/blog\/gabarito-preliminar-provas-do-bacen\/\" \/>\n<meta property=\"og:locale\" content=\"pt_BR\" \/>\n<meta property=\"og:type\" content=\"article\" \/>\n<meta property=\"og:title\" content=\"Gabarito Preliminar - Provas do Bacen\" \/>\n<meta property=\"og:description\" content=\"Ol\u00e1, queridos alunos! Tudo bem? Com o objetivo de diminuir a ansiedade de voc\u00eas nesse per\u00edodo de espera pela libera\u00e7\u00e3o do gabarito oficial, comento, a seguir, as quest\u00f5es de Direito Constitucional das provas de Analista e T\u00e9cnico do Bacen, realizadas no \u00faltimo final de semana. Espero que tenham acertado todas elas! Abra\u00e7os e bons estudos! [&hellip;]\" \/>\n<meta property=\"og:url\" content=\"https:\/\/www.estrategiaconcursos.com.br\/blog\/gabarito-preliminar-provas-do-bacen\/\" \/>\n<meta property=\"og:site_name\" content=\"Estrat\u00e9gia Concursos\" \/>\n<meta property=\"article:author\" content=\"https:\/\/www.facebook.com\/nadia.c.santos.16\" \/>\n<meta property=\"article:published_time\" content=\"2013-10-21T23:56:34+00:00\" \/>\n<meta property=\"article:modified_time\" content=\"2016-05-20T02:39:54+00:00\" \/>\n<meta name=\"author\" content=\"N\u00e1dia Carolina\" \/>\n<meta name=\"twitter:card\" content=\"summary_large_image\" \/>\n<meta name=\"twitter:creator\" content=\"@EstratConcursos\" \/>\n<meta name=\"twitter:site\" content=\"@EstratConcursos\" \/>\n<meta name=\"twitter:label1\" content=\"Escrito por\" \/>\n\t<meta name=\"twitter:data1\" content=\"N\u00e1dia Carolina\" \/>\n\t<meta name=\"twitter:label2\" content=\"Est. tempo de leitura\" \/>\n\t<meta name=\"twitter:data2\" content=\"5 minutos\" \/>\n<script type=\"application\/ld+json\" class=\"yoast-schema-graph\">{\"@context\":\"https:\/\/schema.org\",\"@graph\":[{\"@type\":\"NewsArticle\",\"@id\":\"https:\/\/www.estrategiaconcursos.com.br\/blog\/gabarito-preliminar-provas-do-bacen\/#article\",\"isPartOf\":{\"@id\":\"https:\/\/www.estrategiaconcursos.com.br\/blog\/gabarito-preliminar-provas-do-bacen\/\"},\"author\":{\"name\":\"N\u00e1dia Carolina\",\"@id\":\"https:\/\/www.estrategiaconcursos.com.br\/blog\/#\/schema\/person\/bf1b1d1865628ae32d608d5bad5442c6\"},\"headline\":\"Gabarito Preliminar &#8211; Provas do Bacen\",\"datePublished\":\"2013-10-21T23:56:34+00:00\",\"dateModified\":\"2016-05-20T02:39:54+00:00\",\"mainEntityOfPage\":{\"@id\":\"https:\/\/www.estrategiaconcursos.com.br\/blog\/gabarito-preliminar-provas-do-bacen\/\"},\"wordCount\":1024,\"commentCount\":0,\"publisher\":{\"@id\":\"https:\/\/www.estrategiaconcursos.com.br\/blog\/#organization\"},\"articleSection\":[\"Concursos P\u00fablicos\"],\"inLanguage\":\"pt-BR\",\"potentialAction\":[{\"@type\":\"CommentAction\",\"name\":\"Comment\",\"target\":[\"https:\/\/www.estrategiaconcursos.com.br\/blog\/gabarito-preliminar-provas-do-bacen\/#respond\"]}],\"copyrightYear\":\"2013\",\"copyrightHolder\":{\"@id\":\"https:\/\/www.estrategiaconcursos.com.br\/blog\/#organization\"}},{\"@type\":\"WebPage\",\"@id\":\"https:\/\/www.estrategiaconcursos.com.br\/blog\/gabarito-preliminar-provas-do-bacen\/\",\"url\":\"https:\/\/www.estrategiaconcursos.com.br\/blog\/gabarito-preliminar-provas-do-bacen\/\",\"name\":\"Gabarito Preliminar - Provas do Bacen\",\"isPartOf\":{\"@id\":\"https:\/\/www.estrategiaconcursos.com.br\/blog\/#website\"},\"datePublished\":\"2013-10-21T23:56:34+00:00\",\"dateModified\":\"2016-05-20T02:39:54+00:00\",\"breadcrumb\":{\"@id\":\"https:\/\/www.estrategiaconcursos.com.br\/blog\/gabarito-preliminar-provas-do-bacen\/#breadcrumb\"},\"inLanguage\":\"pt-BR\",\"potentialAction\":[{\"@type\":\"ReadAction\",\"target\":[\"https:\/\/www.estrategiaconcursos.com.br\/blog\/gabarito-preliminar-provas-do-bacen\/\"]}]},{\"@type\":\"BreadcrumbList\",\"@id\":\"https:\/\/www.estrategiaconcursos.com.br\/blog\/gabarito-preliminar-provas-do-bacen\/#breadcrumb\",\"itemListElement\":[{\"@type\":\"ListItem\",\"position\":1,\"name\":\"In\u00edcio\",\"item\":\"https:\/\/www.estrategiaconcursos.com.br\/blog\/\"},{\"@type\":\"ListItem\",\"position\":2,\"name\":\"Gabarito Preliminar &#8211; Provas do Bacen\"}]},{\"@type\":\"WebSite\",\"@id\":\"https:\/\/www.estrategiaconcursos.com.br\/blog\/#website\",\"url\":\"https:\/\/www.estrategiaconcursos.com.br\/blog\/\",\"name\":\"Estrat\u00e9gia Concursos\",\"description\":\"O blog da Estrat\u00e9gia Concursos traz not\u00edcias sobre concursos e artigos de professores oferecendo cursos para concursos (pdf + videaulas) no site.\",\"publisher\":{\"@id\":\"https:\/\/www.estrategiaconcursos.com.br\/blog\/#organization\"},\"potentialAction\":[{\"@type\":\"SearchAction\",\"target\":{\"@type\":\"EntryPoint\",\"urlTemplate\":\"https:\/\/www.estrategiaconcursos.com.br\/blog\/?s={search_term_string}\"},\"query-input\":{\"@type\":\"PropertyValueSpecification\",\"valueRequired\":true,\"valueName\":\"search_term_string\"}}],\"inLanguage\":\"pt-BR\"},{\"@type\":\"Organization\",\"@id\":\"https:\/\/www.estrategiaconcursos.com.br\/blog\/#organization\",\"name\":\"Estrat\u00e9gia Concursos\",\"url\":\"https:\/\/www.estrategiaconcursos.com.br\/blog\/\",\"logo\":{\"@type\":\"ImageObject\",\"inLanguage\":\"pt-BR\",\"@id\":\"https:\/\/www.estrategiaconcursos.com.br\/blog\/#\/schema\/logo\/image\/\",\"url\":\"https:\/\/dhg1h5j42swfq.cloudfront.net\/2025\/06\/03203428\/logo_concursos-1.jpg\",\"contentUrl\":\"https:\/\/dhg1h5j42swfq.cloudfront.net\/2025\/06\/03203428\/logo_concursos-1.jpg\",\"width\":230,\"height\":60,\"caption\":\"Estrat\u00e9gia Concursos\"},\"image\":{\"@id\":\"https:\/\/www.estrategiaconcursos.com.br\/blog\/#\/schema\/logo\/image\/\"},\"sameAs\":[\"https:\/\/x.com\/EstratConcursos\"]},{\"@type\":\"Person\",\"@id\":\"https:\/\/www.estrategiaconcursos.com.br\/blog\/#\/schema\/person\/bf1b1d1865628ae32d608d5bad5442c6\",\"name\":\"N\u00e1dia Carolina\",\"image\":{\"@type\":\"ImageObject\",\"inLanguage\":\"pt-BR\",\"@id\":\"https:\/\/secure.gravatar.com\/avatar\/0ec0c484339a071f22ea5ced30956ccdaab0f83125b2dc1857c3b038404136a7?s=96&d=mm&r=g\",\"url\":\"https:\/\/secure.gravatar.com\/avatar\/0ec0c484339a071f22ea5ced30956ccdaab0f83125b2dc1857c3b038404136a7?s=96&d=mm&r=g\",\"contentUrl\":\"https:\/\/secure.gravatar.com\/avatar\/0ec0c484339a071f22ea5ced30956ccdaab0f83125b2dc1857c3b038404136a7?s=96&d=mm&r=g\",\"caption\":\"N\u00e1dia Carolina\"},\"sameAs\":[\"https:\/\/www.facebook.com\/nadia.c.santos.16\"],\"url\":\"https:\/\/www.estrategiaconcursos.com.br\/blog\/author\/nadiaestrategiaconcursos-com-br\/\"}]}<\/script>\n<!-- \/ Yoast SEO Premium plugin. -->","yoast_head_json":{"title":"Gabarito Preliminar - Provas do Bacen","robots":{"index":"index","follow":"follow","max-snippet":"max-snippet:-1","max-image-preview":"max-image-preview:large","max-video-preview":"max-video-preview:-1"},"canonical":"https:\/\/www.estrategiaconcursos.com.br\/blog\/gabarito-preliminar-provas-do-bacen\/","og_locale":"pt_BR","og_type":"article","og_title":"Gabarito Preliminar - Provas do Bacen","og_description":"Ol\u00e1, queridos alunos! Tudo bem? Com o objetivo de diminuir a ansiedade de voc\u00eas nesse per\u00edodo de espera pela libera\u00e7\u00e3o do gabarito oficial, comento, a seguir, as quest\u00f5es de Direito Constitucional das provas de Analista e T\u00e9cnico do Bacen, realizadas no \u00faltimo final de semana. Espero que tenham acertado todas elas! Abra\u00e7os e bons estudos! [&hellip;]","og_url":"https:\/\/www.estrategiaconcursos.com.br\/blog\/gabarito-preliminar-provas-do-bacen\/","og_site_name":"Estrat\u00e9gia Concursos","article_author":"https:\/\/www.facebook.com\/nadia.c.santos.16","article_published_time":"2013-10-21T23:56:34+00:00","article_modified_time":"2016-05-20T02:39:54+00:00","author":"N\u00e1dia Carolina","twitter_card":"summary_large_image","twitter_creator":"@EstratConcursos","twitter_site":"@EstratConcursos","twitter_misc":{"Escrito por":"N\u00e1dia Carolina","Est. tempo de leitura":"5 minutos"},"schema":{"@context":"https:\/\/schema.org","@graph":[{"@type":"NewsArticle","@id":"https:\/\/www.estrategiaconcursos.com.br\/blog\/gabarito-preliminar-provas-do-bacen\/#article","isPartOf":{"@id":"https:\/\/www.estrategiaconcursos.com.br\/blog\/gabarito-preliminar-provas-do-bacen\/"},"author":{"name":"N\u00e1dia Carolina","@id":"https:\/\/www.estrategiaconcursos.com.br\/blog\/#\/schema\/person\/bf1b1d1865628ae32d608d5bad5442c6"},"headline":"Gabarito Preliminar &#8211; Provas do Bacen","datePublished":"2013-10-21T23:56:34+00:00","dateModified":"2016-05-20T02:39:54+00:00","mainEntityOfPage":{"@id":"https:\/\/www.estrategiaconcursos.com.br\/blog\/gabarito-preliminar-provas-do-bacen\/"},"wordCount":1024,"commentCount":0,"publisher":{"@id":"https:\/\/www.estrategiaconcursos.com.br\/blog\/#organization"},"articleSection":["Concursos P\u00fablicos"],"inLanguage":"pt-BR","potentialAction":[{"@type":"CommentAction","name":"Comment","target":["https:\/\/www.estrategiaconcursos.com.br\/blog\/gabarito-preliminar-provas-do-bacen\/#respond"]}],"copyrightYear":"2013","copyrightHolder":{"@id":"https:\/\/www.estrategiaconcursos.com.br\/blog\/#organization"}},{"@type":"WebPage","@id":"https:\/\/www.estrategiaconcursos.com.br\/blog\/gabarito-preliminar-provas-do-bacen\/","url":"https:\/\/www.estrategiaconcursos.com.br\/blog\/gabarito-preliminar-provas-do-bacen\/","name":"Gabarito Preliminar - Provas do Bacen","isPartOf":{"@id":"https:\/\/www.estrategiaconcursos.com.br\/blog\/#website"},"datePublished":"2013-10-21T23:56:34+00:00","dateModified":"2016-05-20T02:39:54+00:00","breadcrumb":{"@id":"https:\/\/www.estrategiaconcursos.com.br\/blog\/gabarito-preliminar-provas-do-bacen\/#breadcrumb"},"inLanguage":"pt-BR","potentialAction":[{"@type":"ReadAction","target":["https:\/\/www.estrategiaconcursos.com.br\/blog\/gabarito-preliminar-provas-do-bacen\/"]}]},{"@type":"BreadcrumbList","@id":"https:\/\/www.estrategiaconcursos.com.br\/blog\/gabarito-preliminar-provas-do-bacen\/#breadcrumb","itemListElement":[{"@type":"ListItem","position":1,"name":"In\u00edcio","item":"https:\/\/www.estrategiaconcursos.com.br\/blog\/"},{"@type":"ListItem","position":2,"name":"Gabarito Preliminar &#8211; Provas do Bacen"}]},{"@type":"WebSite","@id":"https:\/\/www.estrategiaconcursos.com.br\/blog\/#website","url":"https:\/\/www.estrategiaconcursos.com.br\/blog\/","name":"Estrat\u00e9gia Concursos","description":"O blog da Estrat\u00e9gia Concursos traz not\u00edcias sobre concursos e artigos de professores oferecendo cursos para concursos (pdf + videaulas) no site.","publisher":{"@id":"https:\/\/www.estrategiaconcursos.com.br\/blog\/#organization"},"potentialAction":[{"@type":"SearchAction","target":{"@type":"EntryPoint","urlTemplate":"https:\/\/www.estrategiaconcursos.com.br\/blog\/?s={search_term_string}"},"query-input":{"@type":"PropertyValueSpecification","valueRequired":true,"valueName":"search_term_string"}}],"inLanguage":"pt-BR"},{"@type":"Organization","@id":"https:\/\/www.estrategiaconcursos.com.br\/blog\/#organization","name":"Estrat\u00e9gia Concursos","url":"https:\/\/www.estrategiaconcursos.com.br\/blog\/","logo":{"@type":"ImageObject","inLanguage":"pt-BR","@id":"https:\/\/www.estrategiaconcursos.com.br\/blog\/#\/schema\/logo\/image\/","url":"https:\/\/dhg1h5j42swfq.cloudfront.net\/2025\/06\/03203428\/logo_concursos-1.jpg","contentUrl":"https:\/\/dhg1h5j42swfq.cloudfront.net\/2025\/06\/03203428\/logo_concursos-1.jpg","width":230,"height":60,"caption":"Estrat\u00e9gia Concursos"},"image":{"@id":"https:\/\/www.estrategiaconcursos.com.br\/blog\/#\/schema\/logo\/image\/"},"sameAs":["https:\/\/x.com\/EstratConcursos"]},{"@type":"Person","@id":"https:\/\/www.estrategiaconcursos.com.br\/blog\/#\/schema\/person\/bf1b1d1865628ae32d608d5bad5442c6","name":"N\u00e1dia Carolina","image":{"@type":"ImageObject","inLanguage":"pt-BR","@id":"https:\/\/secure.gravatar.com\/avatar\/0ec0c484339a071f22ea5ced30956ccdaab0f83125b2dc1857c3b038404136a7?s=96&d=mm&r=g","url":"https:\/\/secure.gravatar.com\/avatar\/0ec0c484339a071f22ea5ced30956ccdaab0f83125b2dc1857c3b038404136a7?s=96&d=mm&r=g","contentUrl":"https:\/\/secure.gravatar.com\/avatar\/0ec0c484339a071f22ea5ced30956ccdaab0f83125b2dc1857c3b038404136a7?s=96&d=mm&r=g","caption":"N\u00e1dia Carolina"},"sameAs":["https:\/\/www.facebook.com\/nadia.c.santos.16"],"url":"https:\/\/www.estrategiaconcursos.com.br\/blog\/author\/nadiaestrategiaconcursos-com-br\/"}]}},"_links":{"self":[{"href":"https:\/\/www.estrategiaconcursos.com.br\/blog\/wp-json\/wp\/v2\/posts\/11559","targetHints":{"allow":["GET"]}}],"collection":[{"href":"https:\/\/www.estrategiaconcursos.com.br\/blog\/wp-json\/wp\/v2\/posts"}],"about":[{"href":"https:\/\/www.estrategiaconcursos.com.br\/blog\/wp-json\/wp\/v2\/types\/post"}],"author":[{"embeddable":true,"href":"https:\/\/www.estrategiaconcursos.com.br\/blog\/wp-json\/wp\/v2\/users\/58"}],"replies":[{"embeddable":true,"href":"https:\/\/www.estrategiaconcursos.com.br\/blog\/wp-json\/wp\/v2\/comments?post=11559"}],"version-history":[{"count":2,"href":"https:\/\/www.estrategiaconcursos.com.br\/blog\/wp-json\/wp\/v2\/posts\/11559\/revisions"}],"predecessor-version":[{"id":39512,"href":"https:\/\/www.estrategiaconcursos.com.br\/blog\/wp-json\/wp\/v2\/posts\/11559\/revisions\/39512"}],"wp:attachment":[{"href":"https:\/\/www.estrategiaconcursos.com.br\/blog\/wp-json\/wp\/v2\/media?parent=11559"}],"wp:term":[{"taxonomy":"category","embeddable":true,"href":"https:\/\/www.estrategiaconcursos.com.br\/blog\/wp-json\/wp\/v2\/categories?post=11559"},{"taxonomy":"post_tag","embeddable":true,"href":"https:\/\/www.estrategiaconcursos.com.br\/blog\/wp-json\/wp\/v2\/tags?post=11559"},{"taxonomy":"tax_estado","embeddable":true,"href":"https:\/\/www.estrategiaconcursos.com.br\/blog\/wp-json\/wp\/v2\/tax_estado?post=11559"}],"curies":[{"name":"wp","href":"https:\/\/api.w.org\/{rel}","templated":true}]}}