{"id":1155523,"date":"2023-03-25T06:47:00","date_gmt":"2023-03-25T09:47:00","guid":{"rendered":"https:\/\/www.estrategiaconcursos.com.br\/blog\/?p=1155523"},"modified":"2023-11-07T09:06:58","modified_gmt":"2023-11-07T12:06:58","slug":"concurso-pm-mg-soldado-especialista-edital-publicado","status":"publish","type":"post","link":"https:\/\/www.estrategiaconcursos.com.br\/blog\/concurso-pm-mg-soldado-especialista-edital-publicado\/","title":{"rendered":"Edital PM MG \u00e9 publicado; 109 vagas para Soldado Especialista"},"content":{"rendered":"\n<p>Est\u00e3o encerradas as inscri\u00e7\u00f5es para o edital do&nbsp;<strong>concurso PM MG<\/strong> (Pol\u00edcia Militar de Minas Gerais), para o cargo de Soldado Especialista. Ao todo, o documento oferta&nbsp;<strong>109 vagas<\/strong> para diversas carreiras. <\/p>\n\n\n\n<p>Os sal\u00e1rios iniciais partem de <strong>R$ 4.360,83<\/strong> para jornada de 40 horas semanais.<\/p>\n\n\n\n<p>Os interessados puderam se inscrever at\u00e9 o dia<strong> 19 de abril de 2023<\/strong>, no&nbsp;<strong><em><a href=\"https:\/\/www.policiamilitar.mg.gov.br\/site\/crs\" target=\"_blank\" rel=\"noreferrer noopener\">site<\/a><\/em><\/strong>&nbsp;da Pol\u00edcia Militar, ao custo de&nbsp;R$ 101,00.<\/p>\n\n\n\n<ul class=\"has-very-light-gray-to-cyan-bluish-gray-gradient-background has-background wp-block-list\">\n<li><strong>Banca<\/strong>: pr\u00f3pria<\/li>\n\n\n\n<li><strong>Vagas:<\/strong>&nbsp;109<\/li>\n\n\n\n<li><strong>Sal\u00e1rio:<\/strong>&nbsp;R$ 4.360,83<\/li>\n\n\n\n<li><strong>Edital<\/strong>:&nbsp;<a href=\"https:\/\/dhg1h5j42swfq.cloudfront.net\/2023\/01\/19130723\/180120232053153810-1.pdf\" target=\"_blank\" rel=\"noreferrer noopener nofollow\">PM MG Soldado Especialista &#8211; 2023<\/a><\/li>\n<\/ul>\n\n\n\n<div id=\"boxes\" class=\"container\">\n<div class=\"row\">\n<div class=\"col-sm\">\n<div id=\"box-assinatura\" class=\"banner-policial\">\n<h3 class=\"titulo-assinatura\">Edital PM MG Especialista<\/h3>\n<p class=\"subtitulo-assinatura\">Conhe\u00e7a os cursos<\/p>\n<div class=\"box-botao\"><a class=\"btn-assinatura\" role=\"button\" href=\"https:\/\/www.estrategiaconcursos.com.br\/cursosPorConcurso\/policia-militar-de-minas-gerais-pm-mg\/\" target=\"_blank\" rel=\"noopener noreferrer\">Conhe\u00e7a mais<\/a><\/div>\n<\/div>\n\n<\/div>\n<\/div>\n<\/div>\n\n\n\n<h2 class=\"wp-block-heading\" id=\"datas\">Principais datas do edital PM MG Soldado Especialista<\/h2>\n\n\n\n<ul class=\"wp-block-list\">\n<li><strong>Inscri\u00e7\u00f5es<\/strong>: <s>20 de mar\u00e7o a 19 de abril de 2023<\/s><\/li>\n\n\n\n<li><strong>Isen\u00e7\u00e3o da taxa<\/strong>: <s>20 a 21 de mar\u00e7o<\/s><\/li>\n\n\n\n<li><strong>\u00daltimo dia para pagamento<\/strong>: <s>20 de abril<\/s><\/li>\n\n\n\n<li><strong>Prova<\/strong>: 21 de maio<\/li>\n<\/ul>\n\n\n\n<h2 class=\"wp-block-heading\" id=\"vaga\">Cargos e vagas do edital PM MG Soldado Especialista<\/h2>\n\n\n\n<h3 class=\"wp-block-heading\" id=\"medio\">N\u00edvel m\u00e9dio<\/h3>\n\n\n\n<figure class=\"wp-block-table is-style-stripes\"><table class=\"has-very-light-gray-to-cyan-bluish-gray-gradient-background has-background has-fixed-layout\"><thead><tr><th class=\"has-text-align-center\" data-align=\"center\">CARGO<\/th><th class=\"has-text-align-center\" data-align=\"center\">VAGAS<\/th><th class=\"has-text-align-center\" data-align=\"center\">SAL\u00c1RIO<\/th><\/tr><\/thead><tbody><tr><td class=\"has-text-align-center\" data-align=\"center\"><a href=\"https:\/\/www.estrategiaconcursos.com.br\/curso\/pm-mg-soldado-auxiliar-de-armamento-pacote-2023-pos-edital\/\" target=\"_blank\" rel=\"noreferrer noopener\">Armeiro<\/a><\/td><td class=\"has-text-align-center\" data-align=\"center\">9<\/td><td class=\"has-text-align-center\" data-align=\"center\">R$ 4.360,83<\/td><\/tr><tr><td class=\"has-text-align-center\" data-align=\"center\">Auxiliar de Comunica\u00e7\u00f5es<\/td><td class=\"has-text-align-center\" data-align=\"center\">15<\/td><td class=\"has-text-align-center\" data-align=\"center\">R$ 4.360,83<\/td><\/tr><tr><td class=\"has-text-align-center\" data-align=\"center\">Auxiliar de Motocomunica\u00e7\u00e3o<\/td><td class=\"has-text-align-center\" data-align=\"center\">5<\/td><td class=\"has-text-align-center\" data-align=\"center\">R$ 4.360,83<\/td><\/tr><tr><td class=\"has-text-align-center\" data-align=\"center\">Auxiliar de Sa\u00fade (T\u00e9cnico de Radiologia)<\/td><td class=\"has-text-align-center\" data-align=\"center\">2<\/td><td class=\"has-text-align-center\" data-align=\"center\">R$ 4.360,83<\/td><\/tr><tr><td class=\"has-text-align-center\" data-align=\"center\"><a href=\"https:\/\/www.estrategiaconcursos.com.br\/curso\/pm-mg-soldado-tecnico-em-farmacia-pacote-2023-pos-edital\/\" target=\"_blank\" rel=\"noreferrer noopener\">Auxiliar de Sa\u00fade (T\u00e9cnico em Farm\u00e1cia)<\/a><\/td><td class=\"has-text-align-center\" data-align=\"center\">5<\/td><td class=\"has-text-align-center\" data-align=\"center\">R$ 4.360,83<\/td><\/tr><tr><td class=\"has-text-align-center\" data-align=\"center\"><a href=\"https:\/\/www.estrategiaconcursos.com.br\/curso\/pm-mg-soldado-tecnico-laboratorial-pacote-completo-2023-pos-edital\/\" target=\"_blank\" rel=\"noreferrer noopener\">Auxiliar de Sa\u00fade (T\u00e9cnico Laboratorial)<\/a><\/td><td class=\"has-text-align-center\" data-align=\"center\">6<\/td><td class=\"has-text-align-center\" data-align=\"center\">R$ 4.360,83<\/td><\/tr><tr><td class=\"has-text-align-center\" data-align=\"center\"><a href=\"https:\/\/www.estrategiaconcursos.com.br\/curso\/pm-mg-soldado-tecnico-em-saude-bucal-pacote-completo-2023-pos-edital\/\" target=\"_blank\" rel=\"noreferrer noopener\">Auxiliar de Sa\u00fade (T\u00e9cnico em Sa\u00fade Bucal)<\/a><\/td><td class=\"has-text-align-center\" data-align=\"center\">8<\/td><td class=\"has-text-align-center\" data-align=\"center\">R$ 4.360,83<\/td><\/tr><tr><td class=\"has-text-align-center\" data-align=\"center\">Auxiliar de Sa\u00fade (T\u00e9cnico em Pr\u00f3tese Dent\u00e1ria)<\/td><td class=\"has-text-align-center\" data-align=\"center\">2<\/td><td class=\"has-text-align-center\" data-align=\"center\">R$ 4.360,83<\/td><\/tr><tr><td class=\"has-text-align-center\" data-align=\"center\"><a href=\"https:\/\/www.estrategiaconcursos.com.br\/curso\/pm-mg-soldado-tecnico-em-enfermagem-pacote-2023-pos-edital\/\" target=\"_blank\" rel=\"noreferrer noopener\">Auxiliar de Sa\u00fade (T\u00e9cnico em Enfermagem)<\/a><\/td><td class=\"has-text-align-center\" data-align=\"center\">57<\/td><td class=\"has-text-align-center\" data-align=\"center\">R$ 4.360,83<\/td><\/tr><\/tbody><\/table><\/figure>\n\n\n\n<h2 class=\"wp-block-heading\" id=\"etapasnovo\">Etapas e provas do edital PM MG Soldado Especialista<\/h2>\n\n\n\n<ul class=\"wp-block-list\">\n<li>1\u00aa Prova de conhecimentos (prova objetiva);<\/li>\n\n\n\n<li>2\u00aa Avalia\u00e7\u00f5es Psicol\u00f3gicas e de Sa\u00fade;<\/li>\n\n\n\n<li>3\u00aa Avalia\u00e7\u00e3o F\u00edsica Militar (AFM).<\/li>\n<\/ul>\n\n\n\n<h3 class=\"wp-block-heading\" id=\"objetiva\">Prova Objetiva<\/h3>\n\n\n\n<p>A etapa, de car\u00e1ter eliminat\u00f3rio e classificat\u00f3rio, ter\u00e1 valor total de 100 pontos e conter\u00e1 50 (cinquenta) quest\u00f5es do tipo m\u00faltipla escolha, com 4 (quatro) alternativas cada, sendo uma \u00fanica a correta. <\/p>\n\n\n\n<p><strong>Conhecimentos b\u00e1sicos<\/strong><\/p>\n\n\n\n<ul class=\"wp-block-list\">\n<li><em>L\u00edngua Portuguesa \u2013 1<\/em>0<\/li>\n\n\n\n<li><em>No\u00e7\u00f5es de L\u00edngua Inglesa <\/em><em>\u2013<\/em> 5<\/li>\n\n\n\n<li><em>No\u00e7\u00f5es de Direitos e Direitos Humanos \u2013 5<\/em><\/li>\n\n\n\n<li><em>Racioc\u00ednio L\u00f3gico-Matem\u00e1tico <\/em><em>\u2013<\/em> 5<\/li>\n\n\n\n<li><em>Conhecimentos espec\u00edficos <\/em><em>\u2013<\/em> 25<\/li>\n<\/ul>\n\n\n\n<h3 class=\"wp-block-heading\">Avalia\u00e7\u00e3o F\u00edsica Militar<\/h3>\n\n\n\n<p>A etapa, de car\u00e1ter eliminat\u00f3rio e classificat\u00f3rio, cobrar\u00e1 do candidato o m\u00ednimo de<br \/>60% (sessenta por cento) de rendimento em cada modalidade:<\/p>\n\n\n\n<ul class=\"wp-block-list\">\n<li>Abdominal;<\/li>\n\n\n\n<li>Barra fixa; e<\/li>\n\n\n\n<li>Corrida de 2.400 metros.<\/li>\n<\/ul>\n\n\n\n<h2 class=\"wp-block-heading has-text-align-center has-cyan-bluish-gray-background-color has-background has-medium-font-size\">Saiba mais: <a href=\"https:\/\/www.estrategiaconcursos.com.br\/blog\/concurso-pm-mg\/\" target=\"_blank\" rel=\"noreferrer noopener\">concurso Pol\u00edcia Militar MG<\/a><\/h2>\n\n\n\n<hr class=\"wp-block-separator has-css-opacity\"\/>\n\n\n\n<h2 class=\"wp-block-heading has-text-align-center\" id=\"h-quer-saber-tudo-sobre-concursos-previstos-confira-nossos-artigos\">Quer saber tudo sobre concursos previstos?<br \/>Confira  nossos artigos!<\/h2>\n\n\n\n<ul class=\"wp-block-list\">\n<li><a href=\"https:\/\/www.estrategiaconcursos.com.br\/blog\/concursos-abertos\/\" target=\"_blank\" rel=\"noreferrer noopener\">Concursos abertos<\/a><\/li>\n\n\n\n<li><a href=\"https:\/\/www.estrategiaconcursos.com.br\/blog\/concursos-2023\/\" target=\"_blank\" rel=\"noreferrer noopener\">Concursos 2023<\/a><\/li>\n<\/ul>\n\n\n\n<h2 class=\"wp-block-heading has-text-align-center\" id=\"cursos-assinatura\">Quer estudar para o edital PM MG Especialista?<\/h2>\n\n\n\n<div id=\"boxes\" class=\"container\">\n<div class=\"row\">\n<div class=\"col-sm\">\n<div id=\"box-assinatura\" class=\"banner-policial\">\n<h3 class=\"titulo-assinatura\">Concurso PM MG Especialista<\/h3>\n<p class=\"subtitulo-assinatura\">Conhe\u00e7a os cursos<\/p>\n<div class=\"box-botao\"><a class=\"btn-assinatura\" role=\"button\" href=\"https:\/\/www.estrategiaconcursos.com.br\/cursosPorConcurso\/policia-militar-de-minas-gerais-pm-mg\/\" target=\"_blank\" rel=\"noopener noreferrer\">Conhe\u00e7a mais<\/a><\/div>\n<\/div>\n\n<\/div>\n<\/div>\n<\/div>\n\n\n\n<div class=\"container\" id=\"boxes\">\n  <div class=\"row\">\n\n    <div class=\"col-sm\">\n      <div class=\"estrategia\" id=\"box-assinatura\">\n        <h3 class=\"titulo-assinatura\">Assinatura Concursos<\/h3>\n        <p class=\"subtitulo-assinatura\">Assinatura de 1 ano ou 2 anos<\/p>\n        <div class=\"box-botao\">\n          <a class=\"btn-assinatura\" target=\"_blank\" href=\"https:\/\/www.estrategiaconcursos.com.br\/assinaturas\/\" role=\"button\" rel=\"noopener noreferrer\">ASSINE AGORA<\/a>\n        <\/div>\n      <\/div><\/div><\/div><\/div>\n\n\n\n<figure class=\"wp-block-image size-large is-resized\"><img loading=\"lazy\" decoding=\"async\" width=\"1024\" height=\"632\" src=\"https:\/\/dhg1h5j42swfq.cloudfront.net\/2021\/08\/03075659\/ficha-tecnica-1-1024x632.png\" alt=\"edital PM MG Soldado Especialista\" class=\"wp-image-827472\" style=\"width:234px;height:144px\" srcset=\"https:\/\/dhg1h5j42swfq.cloudfront.net\/2021\/08\/03075659\/ficha-tecnica-1-1024x632.png 1024w, https:\/\/dhg1h5j42swfq.cloudfront.net\/2021\/08\/03075659\/ficha-tecnica-1-300x185.png 300w, https:\/\/dhg1h5j42swfq.cloudfront.net\/2021\/08\/03075659\/ficha-tecnica-1-768x474.png 768w, https:\/\/dhg1h5j42swfq.cloudfront.net\/2021\/08\/03075659\/ficha-tecnica-1-1536x948.png 1536w, https:\/\/dhg1h5j42swfq.cloudfront.net\/2021\/08\/03075659\/ficha-tecnica-1-610x377.png 610w, https:\/\/dhg1h5j42swfq.cloudfront.net\/2021\/08\/03075659\/ficha-tecnica-1.png 1571w\" sizes=\"auto, (max-width: 1024px) 100vw, 1024px\" \/><\/figure>\n\n\n\n<h3 class=\"wp-block-heading\" id=\"ficha\">Informa\u00e7\u00f5es do concurso PM MG Soldado Especialista<\/h3>\n\n\n\n<ul class=\"wp-block-list\">\n<li><strong>Provas<\/strong>: 21\/05<\/li>\n\n\n\n<li><strong>Banca<\/strong>: PM MG<\/li>\n\n\n\n<li><strong>Vagas:&nbsp;<\/strong>109<\/li>\n\n\n\n<li><strong>Cargos:<\/strong>&nbsp;Soldado Especialista<\/li>\n\n\n\n<li><strong>Escolaridade:<\/strong>&nbsp;n\u00edvel m\u00e9dio<\/li>\n\n\n\n<li><strong>Edital<\/strong>:&nbsp;<a href=\"https:\/\/dhg1h5j42swfq.cloudfront.net\/2023\/01\/19130723\/180120232053153810-1.pdf\" target=\"_blank\" rel=\"noreferrer noopener nofollow\">PM MG Soldado Especialista &#8211; 2023<\/a><\/li>\n<\/ul>\n","protected":false},"excerpt":{"rendered":"<p>Est\u00e3o encerradas as inscri\u00e7\u00f5es para o edital do&nbsp;concurso PM MG (Pol\u00edcia Militar de Minas Gerais), para o cargo de Soldado Especialista. Ao todo, o documento oferta&nbsp;109 vagas para diversas carreiras. Os sal\u00e1rios iniciais partem de R$ 4.360,83 para jornada de 40 horas semanais. Os interessados puderam se inscrever at\u00e9 o dia 19 de abril de [&hellip;]<\/p>\n","protected":false},"author":1483,"featured_media":766552,"comment_status":"open","ping_status":"closed","sticky":false,"template":"","format":"standard","meta":{"post_tipo":"news","footnotes":""},"categories":[220187,220219],"tags":[],"tax_estado":[219974],"class_list":["post-1155523","post","type-post","status-publish","format-standard","has-post-thumbnail","hentry","category-policial-pracas","category-noticias","tax_estado-mg"],"acf":[],"yoast_head":"<!-- This site is optimized with the Yoast SEO Premium plugin v27.2 (Yoast SEO v27.2) - https:\/\/yoast.com\/product\/yoast-seo-premium-wordpress\/ -->\n<title>Edital PM MG \u00e9 publicado; 109 vagas para Soldado Especialista<\/title>\n<meta name=\"description\" content=\"Publicado um novo edital do concurso PM MG para o cargo de Soldado Especialista, com 109 vagas. Inscri\u00e7\u00f5es encerradas. Confira!\" \/>\n<meta name=\"robots\" content=\"index, follow, max-snippet:-1, max-image-preview:large, max-video-preview:-1\" \/>\n<link rel=\"canonical\" href=\"https:\/\/www.estrategiaconcursos.com.br\/blog\/concurso-pm-mg-soldado-especialista-edital-publicado\/\" \/>\n<meta property=\"og:locale\" content=\"pt_BR\" \/>\n<meta property=\"og:type\" content=\"article\" \/>\n<meta property=\"og:title\" content=\"Edital PM MG \u00e9 publicado; 109 vagas para Soldado Especialista\" \/>\n<meta property=\"og:description\" content=\"Publicado um novo edital do concurso PM MG para o cargo de Soldado Especialista, com 109 vagas. Inscri\u00e7\u00f5es encerradas. Confira!\" \/>\n<meta property=\"og:url\" content=\"https:\/\/www.estrategiaconcursos.com.br\/blog\/concurso-pm-mg-soldado-especialista-edital-publicado\/\" \/>\n<meta property=\"og:site_name\" content=\"Estrat\u00e9gia Concursos\" \/>\n<meta property=\"article:published_time\" content=\"2023-03-25T09:47:00+00:00\" \/>\n<meta property=\"article:modified_time\" content=\"2023-11-07T12:06:58+00:00\" \/>\n<meta property=\"og:image\" content=\"https:\/\/dhg1h5j42swfq.cloudfront.net\/2021\/06\/14143117\/pm-mg.jpg\" \/>\n\t<meta property=\"og:image:width\" content=\"768\" \/>\n\t<meta property=\"og:image:height\" content=\"432\" \/>\n\t<meta property=\"og:image:type\" content=\"image\/jpeg\" \/>\n<meta name=\"author\" content=\"Diogo Mendes\" \/>\n<meta name=\"twitter:card\" content=\"summary_large_image\" \/>\n<meta name=\"twitter:creator\" content=\"@EstratConcursos\" \/>\n<meta name=\"twitter:site\" content=\"@EstratConcursos\" \/>\n<meta name=\"twitter:label1\" content=\"Escrito por\" \/>\n\t<meta name=\"twitter:data1\" content=\"Diogo Mendes\" \/>\n\t<meta name=\"twitter:label2\" content=\"Est. tempo de leitura\" \/>\n\t<meta name=\"twitter:data2\" content=\"2 minutos\" \/>\n<script type=\"application\/ld+json\" class=\"yoast-schema-graph\">{\"@context\":\"https:\/\/schema.org\",\"@graph\":[{\"@type\":\"NewsArticle\",\"@id\":\"https:\/\/www.estrategiaconcursos.com.br\/blog\/concurso-pm-mg-soldado-especialista-edital-publicado\/#article\",\"isPartOf\":{\"@id\":\"https:\/\/www.estrategiaconcursos.com.br\/blog\/concurso-pm-mg-soldado-especialista-edital-publicado\/\"},\"author\":{\"name\":\"Diogo Mendes\",\"@id\":\"https:\/\/www.estrategiaconcursos.com.br\/blog\/#\/schema\/person\/cc9e76173880338ce9f656c88664a1f6\"},\"headline\":\"Edital PM MG \u00e9 publicado; 109 vagas para Soldado Especialista\",\"datePublished\":\"2023-03-25T09:47:00+00:00\",\"dateModified\":\"2023-11-07T12:06:58+00:00\",\"mainEntityOfPage\":{\"@id\":\"https:\/\/www.estrategiaconcursos.com.br\/blog\/concurso-pm-mg-soldado-especialista-edital-publicado\/\"},\"wordCount\":435,\"commentCount\":0,\"publisher\":{\"@id\":\"https:\/\/www.estrategiaconcursos.com.br\/blog\/#organization\"},\"image\":{\"@id\":\"https:\/\/www.estrategiaconcursos.com.br\/blog\/concurso-pm-mg-soldado-especialista-edital-publicado\/#primaryimage\"},\"thumbnailUrl\":\"https:\/\/dhg1h5j42swfq.cloudfront.net\/2021\/06\/14143117\/pm-mg.jpg\",\"articleSection\":[\"Policial (PM\/BM - Pra\u00e7as)\",\"\u00daltimas not\u00edcias\"],\"inLanguage\":\"pt-BR\",\"potentialAction\":[{\"@type\":\"CommentAction\",\"name\":\"Comment\",\"target\":[\"https:\/\/www.estrategiaconcursos.com.br\/blog\/concurso-pm-mg-soldado-especialista-edital-publicado\/#respond\"]}],\"copyrightYear\":\"2023\",\"copyrightHolder\":{\"@id\":\"https:\/\/www.estrategiaconcursos.com.br\/blog\/#organization\"}},{\"@type\":\"WebPage\",\"@id\":\"https:\/\/www.estrategiaconcursos.com.br\/blog\/concurso-pm-mg-soldado-especialista-edital-publicado\/\",\"url\":\"https:\/\/www.estrategiaconcursos.com.br\/blog\/concurso-pm-mg-soldado-especialista-edital-publicado\/\",\"name\":\"Edital PM MG \u00e9 publicado; 109 vagas para Soldado Especialista\",\"isPartOf\":{\"@id\":\"https:\/\/www.estrategiaconcursos.com.br\/blog\/#website\"},\"primaryImageOfPage\":{\"@id\":\"https:\/\/www.estrategiaconcursos.com.br\/blog\/concurso-pm-mg-soldado-especialista-edital-publicado\/#primaryimage\"},\"image\":{\"@id\":\"https:\/\/www.estrategiaconcursos.com.br\/blog\/concurso-pm-mg-soldado-especialista-edital-publicado\/#primaryimage\"},\"thumbnailUrl\":\"https:\/\/dhg1h5j42swfq.cloudfront.net\/2021\/06\/14143117\/pm-mg.jpg\",\"datePublished\":\"2023-03-25T09:47:00+00:00\",\"dateModified\":\"2023-11-07T12:06:58+00:00\",\"description\":\"Publicado um novo edital do concurso PM MG para o cargo de Soldado Especialista, com 109 vagas. Inscri\u00e7\u00f5es encerradas. Confira!\",\"breadcrumb\":{\"@id\":\"https:\/\/www.estrategiaconcursos.com.br\/blog\/concurso-pm-mg-soldado-especialista-edital-publicado\/#breadcrumb\"},\"inLanguage\":\"pt-BR\",\"potentialAction\":[{\"@type\":\"ReadAction\",\"target\":[\"https:\/\/www.estrategiaconcursos.com.br\/blog\/concurso-pm-mg-soldado-especialista-edital-publicado\/\"]}]},{\"@type\":\"ImageObject\",\"inLanguage\":\"pt-BR\",\"@id\":\"https:\/\/www.estrategiaconcursos.com.br\/blog\/concurso-pm-mg-soldado-especialista-edital-publicado\/#primaryimage\",\"url\":\"https:\/\/dhg1h5j42swfq.cloudfront.net\/2021\/06\/14143117\/pm-mg.jpg\",\"contentUrl\":\"https:\/\/dhg1h5j42swfq.cloudfront.net\/2021\/06\/14143117\/pm-mg.jpg\",\"width\":768,\"height\":432,\"caption\":\"concurso pm mg\"},{\"@type\":\"BreadcrumbList\",\"@id\":\"https:\/\/www.estrategiaconcursos.com.br\/blog\/concurso-pm-mg-soldado-especialista-edital-publicado\/#breadcrumb\",\"itemListElement\":[{\"@type\":\"ListItem\",\"position\":1,\"name\":\"In\u00edcio\",\"item\":\"https:\/\/www.estrategiaconcursos.com.br\/blog\/\"},{\"@type\":\"ListItem\",\"position\":2,\"name\":\"Edital PM MG \u00e9 publicado; 109 vagas para Soldado Especialista\"}]},{\"@type\":\"WebSite\",\"@id\":\"https:\/\/www.estrategiaconcursos.com.br\/blog\/#website\",\"url\":\"https:\/\/www.estrategiaconcursos.com.br\/blog\/\",\"name\":\"Estrat\u00e9gia Concursos\",\"description\":\"O blog da Estrat\u00e9gia Concursos traz not\u00edcias sobre concursos e artigos de professores oferecendo cursos para concursos (pdf + videaulas) no site.\",\"publisher\":{\"@id\":\"https:\/\/www.estrategiaconcursos.com.br\/blog\/#organization\"},\"potentialAction\":[{\"@type\":\"SearchAction\",\"target\":{\"@type\":\"EntryPoint\",\"urlTemplate\":\"https:\/\/www.estrategiaconcursos.com.br\/blog\/?s={search_term_string}\"},\"query-input\":{\"@type\":\"PropertyValueSpecification\",\"valueRequired\":true,\"valueName\":\"search_term_string\"}}],\"inLanguage\":\"pt-BR\"},{\"@type\":\"Organization\",\"@id\":\"https:\/\/www.estrategiaconcursos.com.br\/blog\/#organization\",\"name\":\"Estrat\u00e9gia Concursos\",\"url\":\"https:\/\/www.estrategiaconcursos.com.br\/blog\/\",\"logo\":{\"@type\":\"ImageObject\",\"inLanguage\":\"pt-BR\",\"@id\":\"https:\/\/www.estrategiaconcursos.com.br\/blog\/#\/schema\/logo\/image\/\",\"url\":\"https:\/\/dhg1h5j42swfq.cloudfront.net\/2025\/06\/03203428\/logo_concursos-1.jpg\",\"contentUrl\":\"https:\/\/dhg1h5j42swfq.cloudfront.net\/2025\/06\/03203428\/logo_concursos-1.jpg\",\"width\":230,\"height\":60,\"caption\":\"Estrat\u00e9gia Concursos\"},\"image\":{\"@id\":\"https:\/\/www.estrategiaconcursos.com.br\/blog\/#\/schema\/logo\/image\/\"},\"sameAs\":[\"https:\/\/x.com\/EstratConcursos\"]},{\"@type\":\"Person\",\"@id\":\"https:\/\/www.estrategiaconcursos.com.br\/blog\/#\/schema\/person\/cc9e76173880338ce9f656c88664a1f6\",\"name\":\"Diogo Mendes\",\"image\":{\"@type\":\"ImageObject\",\"inLanguage\":\"pt-BR\",\"@id\":\"https:\/\/secure.gravatar.com\/avatar\/9754d6777d460a45ef4067b586b94c32005cc2345a0404b8d96adc620cf63806?s=96&d=mm&r=g\",\"url\":\"https:\/\/secure.gravatar.com\/avatar\/9754d6777d460a45ef4067b586b94c32005cc2345a0404b8d96adc620cf63806?s=96&d=mm&r=g\",\"contentUrl\":\"https:\/\/secure.gravatar.com\/avatar\/9754d6777d460a45ef4067b586b94c32005cc2345a0404b8d96adc620cf63806?s=96&d=mm&r=g\",\"caption\":\"Diogo Mendes\"},\"description\":\"Diogo Mendes \u00e9 jornalista formado pela Universidade Paulista, com experi\u00eancia em reda\u00e7\u00f5es de diversos ve\u00edculos e na produ\u00e7\u00e3o de conte\u00fados especializados em concursos p\u00fablicos. Desde 2019, atua no Estrat\u00e9gia Concursos como Jornalista e Analista de Conte\u00fado, com foco na apura\u00e7\u00e3o de informa\u00e7\u00f5es junto a \u00f3rg\u00e3os e fontes oficiais. Dedica-se especialmente \u00e0 produ\u00e7\u00e3o de not\u00edcias e reportagens sobre Concursos Legislativos, al\u00e9m de acompanhar diariamente os concursos policiais, banc\u00e1rios e da \u00e1rea da sa\u00fade.\",\"url\":\"https:\/\/www.estrategiaconcursos.com.br\/blog\/author\/diogo-mendesestrategiaconcursos-com-br\/\"}]}<\/script>\n<!-- \/ Yoast SEO Premium plugin. -->","yoast_head_json":{"title":"Edital PM MG \u00e9 publicado; 109 vagas para Soldado Especialista","description":"Publicado um novo edital do concurso PM MG para o cargo de Soldado Especialista, com 109 vagas. Inscri\u00e7\u00f5es encerradas. Confira!","robots":{"index":"index","follow":"follow","max-snippet":"max-snippet:-1","max-image-preview":"max-image-preview:large","max-video-preview":"max-video-preview:-1"},"canonical":"https:\/\/www.estrategiaconcursos.com.br\/blog\/concurso-pm-mg-soldado-especialista-edital-publicado\/","og_locale":"pt_BR","og_type":"article","og_title":"Edital PM MG \u00e9 publicado; 109 vagas para Soldado Especialista","og_description":"Publicado um novo edital do concurso PM MG para o cargo de Soldado Especialista, com 109 vagas. Inscri\u00e7\u00f5es encerradas. Confira!","og_url":"https:\/\/www.estrategiaconcursos.com.br\/blog\/concurso-pm-mg-soldado-especialista-edital-publicado\/","og_site_name":"Estrat\u00e9gia Concursos","article_published_time":"2023-03-25T09:47:00+00:00","article_modified_time":"2023-11-07T12:06:58+00:00","og_image":[{"width":768,"height":432,"url":"https:\/\/dhg1h5j42swfq.cloudfront.net\/2021\/06\/14143117\/pm-mg.jpg","type":"image\/jpeg"}],"author":"Diogo Mendes","twitter_card":"summary_large_image","twitter_creator":"@EstratConcursos","twitter_site":"@EstratConcursos","twitter_misc":{"Escrito por":"Diogo Mendes","Est. tempo de leitura":"2 minutos"},"schema":{"@context":"https:\/\/schema.org","@graph":[{"@type":"NewsArticle","@id":"https:\/\/www.estrategiaconcursos.com.br\/blog\/concurso-pm-mg-soldado-especialista-edital-publicado\/#article","isPartOf":{"@id":"https:\/\/www.estrategiaconcursos.com.br\/blog\/concurso-pm-mg-soldado-especialista-edital-publicado\/"},"author":{"name":"Diogo Mendes","@id":"https:\/\/www.estrategiaconcursos.com.br\/blog\/#\/schema\/person\/cc9e76173880338ce9f656c88664a1f6"},"headline":"Edital PM MG \u00e9 publicado; 109 vagas para Soldado Especialista","datePublished":"2023-03-25T09:47:00+00:00","dateModified":"2023-11-07T12:06:58+00:00","mainEntityOfPage":{"@id":"https:\/\/www.estrategiaconcursos.com.br\/blog\/concurso-pm-mg-soldado-especialista-edital-publicado\/"},"wordCount":435,"commentCount":0,"publisher":{"@id":"https:\/\/www.estrategiaconcursos.com.br\/blog\/#organization"},"image":{"@id":"https:\/\/www.estrategiaconcursos.com.br\/blog\/concurso-pm-mg-soldado-especialista-edital-publicado\/#primaryimage"},"thumbnailUrl":"https:\/\/dhg1h5j42swfq.cloudfront.net\/2021\/06\/14143117\/pm-mg.jpg","articleSection":["Policial (PM\/BM - Pra\u00e7as)","\u00daltimas not\u00edcias"],"inLanguage":"pt-BR","potentialAction":[{"@type":"CommentAction","name":"Comment","target":["https:\/\/www.estrategiaconcursos.com.br\/blog\/concurso-pm-mg-soldado-especialista-edital-publicado\/#respond"]}],"copyrightYear":"2023","copyrightHolder":{"@id":"https:\/\/www.estrategiaconcursos.com.br\/blog\/#organization"}},{"@type":"WebPage","@id":"https:\/\/www.estrategiaconcursos.com.br\/blog\/concurso-pm-mg-soldado-especialista-edital-publicado\/","url":"https:\/\/www.estrategiaconcursos.com.br\/blog\/concurso-pm-mg-soldado-especialista-edital-publicado\/","name":"Edital PM MG \u00e9 publicado; 109 vagas para Soldado Especialista","isPartOf":{"@id":"https:\/\/www.estrategiaconcursos.com.br\/blog\/#website"},"primaryImageOfPage":{"@id":"https:\/\/www.estrategiaconcursos.com.br\/blog\/concurso-pm-mg-soldado-especialista-edital-publicado\/#primaryimage"},"image":{"@id":"https:\/\/www.estrategiaconcursos.com.br\/blog\/concurso-pm-mg-soldado-especialista-edital-publicado\/#primaryimage"},"thumbnailUrl":"https:\/\/dhg1h5j42swfq.cloudfront.net\/2021\/06\/14143117\/pm-mg.jpg","datePublished":"2023-03-25T09:47:00+00:00","dateModified":"2023-11-07T12:06:58+00:00","description":"Publicado um novo edital do concurso PM MG para o cargo de Soldado Especialista, com 109 vagas. Inscri\u00e7\u00f5es encerradas. Confira!","breadcrumb":{"@id":"https:\/\/www.estrategiaconcursos.com.br\/blog\/concurso-pm-mg-soldado-especialista-edital-publicado\/#breadcrumb"},"inLanguage":"pt-BR","potentialAction":[{"@type":"ReadAction","target":["https:\/\/www.estrategiaconcursos.com.br\/blog\/concurso-pm-mg-soldado-especialista-edital-publicado\/"]}]},{"@type":"ImageObject","inLanguage":"pt-BR","@id":"https:\/\/www.estrategiaconcursos.com.br\/blog\/concurso-pm-mg-soldado-especialista-edital-publicado\/#primaryimage","url":"https:\/\/dhg1h5j42swfq.cloudfront.net\/2021\/06\/14143117\/pm-mg.jpg","contentUrl":"https:\/\/dhg1h5j42swfq.cloudfront.net\/2021\/06\/14143117\/pm-mg.jpg","width":768,"height":432,"caption":"concurso pm mg"},{"@type":"BreadcrumbList","@id":"https:\/\/www.estrategiaconcursos.com.br\/blog\/concurso-pm-mg-soldado-especialista-edital-publicado\/#breadcrumb","itemListElement":[{"@type":"ListItem","position":1,"name":"In\u00edcio","item":"https:\/\/www.estrategiaconcursos.com.br\/blog\/"},{"@type":"ListItem","position":2,"name":"Edital PM MG \u00e9 publicado; 109 vagas para Soldado Especialista"}]},{"@type":"WebSite","@id":"https:\/\/www.estrategiaconcursos.com.br\/blog\/#website","url":"https:\/\/www.estrategiaconcursos.com.br\/blog\/","name":"Estrat\u00e9gia Concursos","description":"O blog da Estrat\u00e9gia Concursos traz not\u00edcias sobre concursos e artigos de professores oferecendo cursos para concursos (pdf + videaulas) no site.","publisher":{"@id":"https:\/\/www.estrategiaconcursos.com.br\/blog\/#organization"},"potentialAction":[{"@type":"SearchAction","target":{"@type":"EntryPoint","urlTemplate":"https:\/\/www.estrategiaconcursos.com.br\/blog\/?s={search_term_string}"},"query-input":{"@type":"PropertyValueSpecification","valueRequired":true,"valueName":"search_term_string"}}],"inLanguage":"pt-BR"},{"@type":"Organization","@id":"https:\/\/www.estrategiaconcursos.com.br\/blog\/#organization","name":"Estrat\u00e9gia Concursos","url":"https:\/\/www.estrategiaconcursos.com.br\/blog\/","logo":{"@type":"ImageObject","inLanguage":"pt-BR","@id":"https:\/\/www.estrategiaconcursos.com.br\/blog\/#\/schema\/logo\/image\/","url":"https:\/\/dhg1h5j42swfq.cloudfront.net\/2025\/06\/03203428\/logo_concursos-1.jpg","contentUrl":"https:\/\/dhg1h5j42swfq.cloudfront.net\/2025\/06\/03203428\/logo_concursos-1.jpg","width":230,"height":60,"caption":"Estrat\u00e9gia Concursos"},"image":{"@id":"https:\/\/www.estrategiaconcursos.com.br\/blog\/#\/schema\/logo\/image\/"},"sameAs":["https:\/\/x.com\/EstratConcursos"]},{"@type":"Person","@id":"https:\/\/www.estrategiaconcursos.com.br\/blog\/#\/schema\/person\/cc9e76173880338ce9f656c88664a1f6","name":"Diogo Mendes","image":{"@type":"ImageObject","inLanguage":"pt-BR","@id":"https:\/\/secure.gravatar.com\/avatar\/9754d6777d460a45ef4067b586b94c32005cc2345a0404b8d96adc620cf63806?s=96&d=mm&r=g","url":"https:\/\/secure.gravatar.com\/avatar\/9754d6777d460a45ef4067b586b94c32005cc2345a0404b8d96adc620cf63806?s=96&d=mm&r=g","contentUrl":"https:\/\/secure.gravatar.com\/avatar\/9754d6777d460a45ef4067b586b94c32005cc2345a0404b8d96adc620cf63806?s=96&d=mm&r=g","caption":"Diogo Mendes"},"description":"Diogo Mendes \u00e9 jornalista formado pela Universidade Paulista, com experi\u00eancia em reda\u00e7\u00f5es de diversos ve\u00edculos e na produ\u00e7\u00e3o de conte\u00fados especializados em concursos p\u00fablicos. Desde 2019, atua no Estrat\u00e9gia Concursos como Jornalista e Analista de Conte\u00fado, com foco na apura\u00e7\u00e3o de informa\u00e7\u00f5es junto a \u00f3rg\u00e3os e fontes oficiais. Dedica-se especialmente \u00e0 produ\u00e7\u00e3o de not\u00edcias e reportagens sobre Concursos Legislativos, al\u00e9m de acompanhar diariamente os concursos policiais, banc\u00e1rios e da \u00e1rea da sa\u00fade.","url":"https:\/\/www.estrategiaconcursos.com.br\/blog\/author\/diogo-mendesestrategiaconcursos-com-br\/"}]}},"_links":{"self":[{"href":"https:\/\/www.estrategiaconcursos.com.br\/blog\/wp-json\/wp\/v2\/posts\/1155523","targetHints":{"allow":["GET"]}}],"collection":[{"href":"https:\/\/www.estrategiaconcursos.com.br\/blog\/wp-json\/wp\/v2\/posts"}],"about":[{"href":"https:\/\/www.estrategiaconcursos.com.br\/blog\/wp-json\/wp\/v2\/types\/post"}],"author":[{"embeddable":true,"href":"https:\/\/www.estrategiaconcursos.com.br\/blog\/wp-json\/wp\/v2\/users\/1483"}],"replies":[{"embeddable":true,"href":"https:\/\/www.estrategiaconcursos.com.br\/blog\/wp-json\/wp\/v2\/comments?post=1155523"}],"version-history":[{"count":11,"href":"https:\/\/www.estrategiaconcursos.com.br\/blog\/wp-json\/wp\/v2\/posts\/1155523\/revisions"}],"predecessor-version":[{"id":1303190,"href":"https:\/\/www.estrategiaconcursos.com.br\/blog\/wp-json\/wp\/v2\/posts\/1155523\/revisions\/1303190"}],"wp:featuredmedia":[{"embeddable":true,"href":"https:\/\/www.estrategiaconcursos.com.br\/blog\/wp-json\/wp\/v2\/media\/766552"}],"wp:attachment":[{"href":"https:\/\/www.estrategiaconcursos.com.br\/blog\/wp-json\/wp\/v2\/media?parent=1155523"}],"wp:term":[{"taxonomy":"category","embeddable":true,"href":"https:\/\/www.estrategiaconcursos.com.br\/blog\/wp-json\/wp\/v2\/categories?post=1155523"},{"taxonomy":"post_tag","embeddable":true,"href":"https:\/\/www.estrategiaconcursos.com.br\/blog\/wp-json\/wp\/v2\/tags?post=1155523"},{"taxonomy":"tax_estado","embeddable":true,"href":"https:\/\/www.estrategiaconcursos.com.br\/blog\/wp-json\/wp\/v2\/tax_estado?post=1155523"}],"curies":[{"name":"wp","href":"https:\/\/api.w.org\/{rel}","templated":true}]}}