{"id":1154937,"date":"2023-01-20T09:35:00","date_gmt":"2023-01-20T12:35:00","guid":{"rendered":"https:\/\/www.estrategiaconcursos.com.br\/blog\/?p=1154937"},"modified":"2023-11-10T15:36:52","modified_gmt":"2023-11-10T18:36:52","slug":"concursos-df-editais-imperdiveis","status":"publish","type":"post","link":"https:\/\/www.estrategiaconcursos.com.br\/blog\/concursos-df-editais-imperdiveis\/","title":{"rendered":"Concursos DF: oportunidades de editais imperd\u00edveis"},"content":{"rendered":"\n<p>Se voc\u00ea pretende conquistar a aprova\u00e7\u00e3o em concursos p\u00fablicos, saiba que est\u00e3o previstas diversas oportunidades em editais imperd\u00edveis no DF.<\/p>\n\n\n\n<p>Com sal\u00e1rio que pode alcan\u00e7ar at\u00e9 R$ 18 mil, s\u00e3o v\u00e1rias oportunidades para carreiras que exigem n\u00edvel m\u00e9dio e superior de forma\u00e7\u00e3o.<\/p>\n\n\n\n<h2 class=\"wp-block-heading has-background\" style=\"background-color:#eeeeee\">Concursos DF &#8211; oportunidades de editais imperd\u00edveis<\/h2>\n\n\n\n<ul class=\"wp-block-list\">\n<li><a href=\"#edital\">Editais publicados<\/a><\/li>\n\n\n\n<li><a href=\"#2023\">Provas em 2023<\/a><\/li>\n\n\n\n<li><a href=\"#previsto\">Editais previstos<\/a><\/li>\n<\/ul>\n\n\n\n<figure class=\"wp-block-image size-large\"><img loading=\"lazy\" decoding=\"async\" width=\"1024\" height=\"700\" src=\"https:\/\/dhg1h5j42swfq.cloudfront.net\/2023\/01\/03153251\/fb3dd3_9c83417b8b92456eb50d95a9b799ffbe_mv2-1024x700.jpg\" alt=\"Concursos DF: oportunidades imperd\u00edveis\" class=\"wp-image-1146702\" srcset=\"https:\/\/dhg1h5j42swfq.cloudfront.net\/2023\/01\/03153251\/fb3dd3_9c83417b8b92456eb50d95a9b799ffbe_mv2-1024x700.jpg 1024w, https:\/\/dhg1h5j42swfq.cloudfront.net\/2023\/01\/03153251\/fb3dd3_9c83417b8b92456eb50d95a9b799ffbe_mv2-300x205.jpg 300w, https:\/\/dhg1h5j42swfq.cloudfront.net\/2023\/01\/03153251\/fb3dd3_9c83417b8b92456eb50d95a9b799ffbe_mv2-768x525.jpg 768w, https:\/\/dhg1h5j42swfq.cloudfront.net\/2023\/01\/03153251\/fb3dd3_9c83417b8b92456eb50d95a9b799ffbe_mv2-610x417.jpg 610w, https:\/\/dhg1h5j42swfq.cloudfront.net\/2023\/01\/03153251\/fb3dd3_9c83417b8b92456eb50d95a9b799ffbe_mv2-150x103.jpg 150w, https:\/\/dhg1h5j42swfq.cloudfront.net\/2023\/01\/03153251\/fb3dd3_9c83417b8b92456eb50d95a9b799ffbe_mv2.jpg 1500w\" sizes=\"auto, (max-width: 1024px) 100vw, 1024px\" \/><figcaption class=\"wp-element-caption\">Concursos DF: oportunidades imperd\u00edveis<\/figcaption><\/figure>\n\n\n\n<h3 class=\"wp-block-heading\" id=\"edital\">Concursos DF com editais publicados<\/h3>\n\n\n\n<h3 class=\"wp-block-heading\"><a href=\"https:\/\/www.estrategiaconcursos.com.br\/blog\/concurso-cgdf\/\" target=\"_blank\" rel=\"noreferrer noopener\">Concurso CGDF<\/a><\/h3>\n\n\n\n<ul class=\"wp-block-list\">\n<li><strong>Banca:&nbsp;<\/strong>Cebraspe<\/li>\n\n\n\n<li><strong>Per\u00edodo de inscri\u00e7\u00f5es<\/strong>:&nbsp;15\/02 a 08\/03<\/li>\n\n\n\n<li><strong>Data da prova<\/strong>:&nbsp;16 e 23\/04<\/li>\n\n\n\n<li><strong>Taxa de inscri\u00e7\u00e3o<\/strong>: R$ 279,40<\/li>\n\n\n\n<li><strong>Vagas:<\/strong>&nbsp;234<\/li>\n\n\n\n<li><strong>Cargos:<\/strong>&nbsp;Auditor&nbsp;de Controle Interno<\/li>\n\n\n\n<li><strong>Sal\u00e1rio:&nbsp;<\/strong>R$ 13.700,00<\/li>\n\n\n\n<li><a href=\"https:\/\/www.estrategiaconcursos.com.br\/cursosPorConcurso\/controladoria-geral-do-distrito-federal-cg-df\/\" target=\"_blank\" rel=\"noreferrer noopener\">Cursos para CGDF<\/a><\/li>\n<\/ul>\n\n\n\n<h3 class=\"wp-block-heading\"><a href=\"https:\/\/www.estrategiaconcursos.com.br\/blog\/concurso-ses-df\/\" target=\"_blank\" rel=\"noreferrer noopener\">Concurso SES DF<\/a><\/h3>\n\n\n\n<ul class=\"wp-block-list\">\n<li><strong>Banca<\/strong>: FUNATEC<\/li>\n\n\n\n<li><strong>Per\u00edodo de Inscri\u00e7\u00f5es<\/strong>: 30\/01 a 06\/03<\/li>\n\n\n\n<li><strong>Data da prova<\/strong>: 26\/03<\/li>\n\n\n\n<li><strong>Taxa de inscri\u00e7\u00e3o<\/strong>: R$ 65,00 a R$ 70,00<\/li>\n\n\n\n<li><strong>Vagas<\/strong>: 1.019<\/li>\n\n\n\n<li><strong>Cargos<\/strong>: Agente de Vigil\u00e2ncia Ambiental&nbsp;e Agente Comunit\u00e1rio de Sa\u00fade<\/li>\n\n\n\n<li><strong>Sal\u00e1rio<\/strong>:&nbsp;R$ 1.988,00 e R$ 4.485,00<\/li>\n\n\n\n<li><a href=\"https:\/\/www.estrategiaconcursos.com.br\/cursosPorConcurso\/secretaria-de-saude-df\/\" target=\"_blank\" rel=\"noreferrer noopener\">Cursos SES DF<\/a><\/li>\n<\/ul>\n\n\n\n<h3 class=\"wp-block-heading\" id=\"h-concurso-procon-nbsp-df\"><a href=\"https:\/\/www.estrategiaconcursos.com.br\/blog\/concurso-procon-df\/\" target=\"_blank\" rel=\"noreferrer noopener\">Concurso Procon<\/a>&nbsp;(DF)<\/h3>\n\n\n\n<ul class=\"wp-block-list\">\n<li><strong>Banca:<\/strong>&nbsp;Instituto Quadrix<\/li>\n\n\n\n<li><strong>Per\u00edodo de inscri\u00e7\u00f5es<\/strong>: 17\/02 a 17\/03\/2023<\/li>\n\n\n\n<li><strong>Data da prova:<\/strong>&nbsp;30\/04\/2023<\/li>\n\n\n\n<li><strong>Taxa de inscri\u00e7\u00e3o<\/strong>:&nbsp;R$ 80,00 e R$ 95,00&nbsp;<\/li>\n\n\n\n<li><strong>Vagas:<\/strong>&nbsp;69 + 105 CR<\/li>\n\n\n\n<li><strong>Cargos:<\/strong>&nbsp;diversos<\/li>\n\n\n\n<li><strong>Sal\u00e1rio<\/strong>:&nbsp;R$ 4.898,91 e R$ 6.616,62<\/li>\n\n\n\n<li><a href=\"https:\/\/www.estrategiaconcursos.com.br\/cursosPorConcurso\/instituto-de-defesa-do-consumidor-do-distrito-federal-procon-df\/\" target=\"_blank\" rel=\"noreferrer noopener\">Cursos Procon DF<\/a><\/li>\n<\/ul>\n\n\n\n<h3 class=\"wp-block-heading\"><a href=\"https:\/\/www.estrategiaconcursos.com.br\/blog\/concurso-iprev-df\/\" target=\"_blank\" rel=\"noreferrer noopener\">Concurso Iprev<\/a>&nbsp;(DF)<\/h3>\n\n\n\n<ul class=\"wp-block-list\">\n<li><strong>Banca:&nbsp;<\/strong>Instituto Quadrix<\/li>\n\n\n\n<li><strong>Per\u00edodo de inscri\u00e7\u00f5es<\/strong>:&nbsp;at\u00e9 08\/02<\/li>\n\n\n\n<li><strong>Data da prova:<\/strong>&nbsp;12\/03<\/li>\n\n\n\n<li><strong>Taxa de inscri\u00e7\u00e3o<\/strong>:&nbsp;R$ 89,00<\/li>\n\n\n\n<li><strong>Vagas:<\/strong>&nbsp;65 + 20 CR<\/li>\n\n\n\n<li><strong>Cargo:<\/strong>&nbsp;Analista Previdenci\u00e1rio<\/li>\n\n\n\n<li><strong>Sal\u00e1rio:&nbsp;<\/strong>R$ 6.760,00<\/li>\n\n\n\n<li><a href=\"https:\/\/www.estrategiaconcursos.com.br\/cursosPorConcurso\/instituto-de-previdencia-dos-servidores-do-distrito-federal-iprev-df\/\" target=\"_blank\" rel=\"noreferrer noopener\">Cursos Iprev DF<\/a><\/li>\n<\/ul>\n\n\n\n<h3 class=\"wp-block-heading\"><a href=\"https:\/\/www.estrategiaconcursos.com.br\/blog\/concurso-auditor-atividades-urbanas-df\/\" target=\"_blank\" rel=\"noreferrer noopener\">Concurso Auditoria de Atividades Urbanas DF<\/a><\/h3>\n\n\n\n<ul class=\"wp-block-list\">\n<li><strong>Banca:&nbsp;<\/strong>IADES<\/li>\n\n\n\n<li><strong>Per\u00edodo de inscri\u00e7\u00f5es<\/strong>:&nbsp;at\u00e9 31\/01<\/li>\n\n\n\n<li><strong>Data da prova<\/strong><strong>:<\/strong>&nbsp;26\/02<\/li>\n\n\n\n<li><strong>Taxa de inscri\u00e7\u00e3o<\/strong>:&nbsp;R$ 265,00<\/li>\n\n\n\n<li><strong>Vagas:<\/strong>&nbsp;114 + 656 CR<\/li>\n\n\n\n<li><strong>Cargo:<\/strong>&nbsp;Auditor de Atividades Urbanas e Auditor Fiscal de Atividades Urbanas<\/li>\n\n\n\n<li><strong>Sal\u00e1rio:&nbsp;<\/strong>R$ 9.361,95<\/li>\n\n\n\n<li><a href=\"https:\/\/www.estrategiaconcursos.com.br\/cursosPorConcurso\/auditoria-e-atividades-urbanas-do-distrito-federal\/\" target=\"_blank\" rel=\"noreferrer noopener\">Cursos Auditoria DF<\/a><\/li>\n<\/ul>\n\n\n\n<h3 class=\"wp-block-heading\" id=\"2023\">Concursos DF com previs\u00e3o de provas em 2023<\/h3>\n\n\n\n<p class=\"has-background\" style=\"background-color:#ebedef\"><a href=\"https:\/\/www.estrategiaconcursos.com.br\/blog\/concurso-pmdf-2018\/\" target=\"_blank\" rel=\"noreferrer noopener\"><strong>Concurso PMDF<\/strong><\/a><\/p>\n\n\n\n<p><strong>Status:<\/strong>&nbsp;Edital IMINENTE<\/p>\n\n\n\n<p><strong>Perspectivas:<\/strong>&nbsp;Foi publicado o extrato de contrato que oficializou o Instituto AOCP como banca organizadora do certame. Ser\u00e3o ofertadas 2.100 vagas para o cargo de Soldado. Para o cargo de Oficial de Sa\u00fade, ser\u00e3o 46 oportunidades.<\/p>\n\n\n\n<p><strong>Vagas\/Cargos e sal\u00e1rio inicial<\/strong>:<\/p>\n\n\n\n<ul class=\"wp-block-list\" id=\"block-3b2bac27-99c8-4351-af7f-c4cd6720f388\">\n<li><strong>Cargos:&nbsp;<\/strong>Soldado e Oficial de Sa\u00fade<\/li>\n\n\n\n<li><strong>Forma\u00e7\u00e3o:<\/strong>&nbsp;N\u00edvel superior<\/li>\n\n\n\n<li><strong>Vagas:<\/strong>&nbsp;2.100 (Soldado) e 46 (Oficial de Sa\u00fade)<\/li>\n\n\n\n<li><strong>Sal\u00e1rio:<\/strong>&nbsp;R$ 4.119,22 (Soldado) a R$ 7.947,50 (Oficial de Sa\u00fade)<\/li>\n\n\n\n<li><a href=\"https:\/\/www.estrategiaconcursos.com.br\/cursosPorConcurso\/policia-militar-do-distrito-federal-pmdf\/\" target=\"_blank\" rel=\"noreferrer noopener\">Cursos PMDF<\/a><\/li>\n<\/ul>\n\n\n\n<p class=\"has-background\" style=\"background-color:#ebedef\"><a href=\"https:\/\/www.estrategiaconcursos.com.br\/blog\/concurso-ses-df\/\" target=\"_blank\" rel=\"noreferrer noopener\"><strong>Concurso SES DF (efetivo<\/strong>)<\/a><\/p>\n\n\n\n<p><strong>Status:<\/strong>&nbsp;grupo de trabalho formado <\/p>\n\n\n\n<p><strong>Perspectivas<\/strong>:<\/p>\n\n\n\n<ul class=\"wp-block-list\">\n<li><strong>Cargo:<\/strong>\u00a0T\u00e9cnico em Enfermagem\n<ul class=\"wp-block-list\">\n<li><strong>Forma\u00e7\u00e3o:<\/strong>&nbsp;m\u00e9dio\/t\u00e9cnico<\/li>\n\n\n\n<li><strong>Vagas:<\/strong>&nbsp;200+ 1.000 CR<\/li>\n\n\n\n<li><strong>Situa\u00e7\u00e3o:<\/strong>&nbsp;Grupo de trabalho formado<\/li>\n<\/ul>\n<\/li>\n\n\n\n<li><strong>Cargo:<\/strong>\u00a0Especialista em Sa\u00fade\n<ul class=\"wp-block-list\">\n<li><strong>Forma\u00e7\u00e3o:<\/strong>&nbsp;superior<\/li>\n\n\n\n<li><strong>Vagas:<\/strong>&nbsp;322+ 2.057 CR<\/li>\n\n\n\n<li><strong>Situa\u00e7\u00e3o:<\/strong>&nbsp;Grupo de trabalho formado<\/li>\n<\/ul>\n<\/li>\n\n\n\n<li><strong>Cargo:<\/strong>\u00a0Analista e T\u00e9cnico em Gest\u00e3o e Assist\u00eancia P\u00fablica \u00e0 Sa\u00fade\n<ul class=\"wp-block-list\">\n<li><strong>Forma\u00e7\u00e3o:<\/strong>&nbsp;m\u00e9dio e superior<\/li>\n\n\n\n<li><strong>Vagas:<\/strong>&nbsp;350+ 3.652 CR<\/li>\n\n\n\n<li><strong>Situa\u00e7\u00e3o:<\/strong>&nbsp;comiss\u00e3o formada<\/li>\n<\/ul>\n<\/li>\n\n\n\n<li><strong>Sal\u00e1rio:<\/strong>&nbsp;R$ 1.700,00 a R$ 2.892,50<\/li>\n<\/ul>\n\n\n\n<p><a href=\"https:\/\/www.estrategiaconcursos.com.br\/cursosPorConcurso\/secretaria-de-saude-df\/\" target=\"_blank\" rel=\"noreferrer noopener\">Cursos SES DF<\/a><\/p>\n\n\n\n<p class=\"has-background\" style=\"background-color:#ebedef\"><strong><a href=\"https:\/\/www.estrategiaconcursos.com.br\/blog\/concurso-adeal-al\/\" target=\"_blank\" rel=\"noreferrer noopener\">Concurso IPREV DF<\/a><\/strong><\/p>\n\n\n\n<p><strong>Status<\/strong>: Comiss\u00e3o formada<\/p>\n\n\n\n<p><strong>Perspectivas<\/strong>: Est\u00e1 formada a Comiss\u00e3o do&nbsp;concurso IPREV DF&nbsp;(Instituto de Previd\u00eancia dos Servidores do Distrito Federal).<\/p>\n\n\n\n<p><strong>Vagas\/Cargos e sal\u00e1rio inicial<\/strong>:<\/p>\n\n\n\n<ul class=\"wp-block-list\">\n<li><strong>Cargos:&nbsp;<\/strong>Analista Previdenci\u00e1rio<\/li>\n\n\n\n<li><strong>Forma\u00e7\u00e3o:&nbsp;<\/strong>N\u00edvel superior<\/li>\n\n\n\n<li><strong>Vagas:<\/strong>&nbsp;65 + 20 CR<\/li>\n\n\n\n<li><strong>Sal\u00e1rio:<\/strong>&nbsp;R$ 6.760,00<\/li>\n\n\n\n<li><a href=\"https:\/\/www.estrategiaconcursos.com.br\/cursos\/concurso\/\" target=\"_blank\" rel=\"noreferrer noopener\">Cursos IPREV DF<\/a><\/li>\n<\/ul>\n\n\n\n<p class=\"has-background\" style=\"background-color:#ebedef\"><strong><a href=\"https:\/\/www.estrategiaconcursos.com.br\/blog\/concurso-ibram-df\/\" target=\"_blank\" rel=\"noreferrer noopener\">Concurso IBRAM DF<\/a><\/strong><\/p>\n\n\n\n<p><strong>Status:&nbsp;<\/strong>grupo de trabalho formado<\/p>\n\n\n\n<p><strong>Perspectivas:<\/strong>&nbsp;foi formado o grupo de trabalho que ter\u00e1 como objetivo realizar os estudos t\u00e9cnicos acerca do concurso para provimento de vagas nos cargos de analista e t\u00e9cnico.<\/p>\n\n\n\n<p><strong>Vagas\/Cargos e sal\u00e1rio inicial<\/strong><\/p>\n\n\n\n<ul class=\"wp-block-list\">\n<li><strong>Cargos:&nbsp;<\/strong>Analista&nbsp;e T\u00e9cnico de Atividades do Meio Ambiente<\/li>\n\n\n\n<li><strong>Forma\u00e7\u00e3o:<\/strong>&nbsp;N\u00edvel m\u00e9dio e superior<\/li>\n\n\n\n<li><strong>Vagas:&nbsp;<\/strong>50 + 169 CR<\/li>\n\n\n\n<li><strong>Sal\u00e1rio:<\/strong>&nbsp;R$ 4.480,00 e R$ 6.760,00<\/li>\n\n\n\n<li><a href=\"https:\/\/www.estrategiaconcursos.com.br\/cursosPorConcurso\/instituto-do-meio-ambiente-e-dos-recursos-hidricos-do-df-ibram-df\/\" target=\"_blank\" rel=\"noreferrer noopener\">Cursos IBRAM<\/a><\/li>\n<\/ul>\n\n\n\n<p class=\"has-background\" style=\"background-color:#ebedef\"><strong><a href=\"https:\/\/www.estrategiaconcursos.com.br\/blog\/concurso-planejamento-urbano-e-infraestrutura-df\/\" target=\"_blank\" rel=\"noreferrer noopener\">Concurso&nbsp;<strong><\/strong><strong>Planejamento Urbano e Infraestrutura DF<\/strong><\/a><\/strong><\/p>\n\n\n\n<p><strong>Status:&nbsp;<\/strong>Autorizado<\/p>\n\n\n\n<p><strong>Perspectivas:<\/strong>&nbsp;Foi autorizado concurso para a carreira de Planejamento Urbano e Infraestrutura, com oferta de 723 vagas imediatas e em CR.<\/p>\n\n\n\n<p><strong>Vagas\/Cargos e sal\u00e1rio inicial<\/strong>:<\/p>\n\n\n\n<ul class=\"wp-block-list\">\n<li><strong>Cargos:&nbsp;<\/strong>Analista e T\u00e9cnico de Planejamento Urbano e Infraestrutura<\/li>\n\n\n\n<li><strong>Forma\u00e7\u00e3o:<\/strong>&nbsp;N\u00edvel m\u00e9dio e superior<\/li>\n\n\n\n<li><strong>Vagas:<\/strong>&nbsp;207 + 506 CR<\/li>\n\n\n\n<li><strong>Sal\u00e1rio:<\/strong>&nbsp;R$&nbsp;4.000,00 a R$&nbsp;8.466,67<\/li>\n\n\n\n<li><a href=\"https:\/\/www.estrategiaconcursos.com.br\/cursos\/\" target=\"_blank\" rel=\"noreferrer noopener\">Cursos Planejamento e Infraestrutura<\/a><\/li>\n<\/ul>\n\n\n\n<h3 class=\"wp-block-heading\" id=\"previstos\">Concursos DF com previs\u00e3o de editais para 2023<\/h3>\n\n\n\n<p class=\"has-background\" style=\"background-color:#ebedef\"><a href=\"https:\/\/www.estrategiaconcursos.com.br\/blog\/concurso-pcdf-administrativo\/\" target=\"_blank\" rel=\"noreferrer noopener\"><strong>Concurso PCDF<\/strong><\/a><\/p>\n\n\n\n<p><strong>Status:<\/strong>&nbsp;Autorizado<\/p>\n\n\n\n<p><strong>Perspectivas:<\/strong>&nbsp;O delegado-geral da Pol\u00edcia Civil do Distrito Federal, Robson C\u00e2ndido, informou nas redes sociais que a Secretaria de Economia do DF autorizou a realiza\u00e7\u00e3o de umconcurso PCDF&nbsp;com vagas para&nbsp;Delegado&nbsp;e&nbsp;Agente Policial de Cust\u00f3dia.<\/p>\n\n\n\n<p><strong>Vagas\/ Cargos e sal\u00e1rio inicial<\/strong>:<\/p>\n\n\n\n<ul class=\"wp-block-list\">\n<li><strong>Cargo:&nbsp;<\/strong>Delegado e Agente de Cust\u00f3dia<\/li>\n\n\n\n<li><strong>Forma\u00e7\u00e3o:&nbsp;<\/strong>N\u00edveis m\u00e9dio e superior<\/li>\n\n\n\n<li><strong>Vagas:<\/strong>&nbsp;100 + CR<\/li>\n\n\n\n<li><strong>Sal\u00e1rio:<\/strong>&nbsp;at\u00e9&nbsp;R$ 18 mil<\/li>\n\n\n\n<li><strong>Curso:<\/strong>&nbsp;<a href=\"https:\/\/www.estrategiaconcursos.com.br\/cursosPorConcurso\/policia-civil-do-distrito-federal-pc-df\/\/\" target=\"_blank\" rel=\"noreferrer noopener\">PCDF<\/a><\/li>\n<\/ul>\n\n\n\n<p class=\"has-background\" style=\"background-color:#ebedef\"><a href=\"https:\/\/www.estrategiaconcursos.com.br\/blog\/concurso-pcdf-administrativo\/\" target=\"_blank\" rel=\"noreferrer noopener\"><strong>Concurso PCDF (Administrativo)<\/strong><\/a><\/p>\n\n\n\n<p><strong>Status:<\/strong>&nbsp;Autorizado<\/p>\n\n\n\n<p><strong>Perspectivas:<\/strong>&nbsp;Foi autorizado o primeiro concurso da PCDF para os cargos de apoio, Analista e Gestor, somando 740 vagas.<\/p>\n\n\n\n<p><strong>Vagas\/ Cargos e sal\u00e1rio inicial<\/strong>:<\/p>\n\n\n\n<ul class=\"wp-block-list\">\n<li><strong>Cargo:&nbsp;<\/strong>Analista e Gestor<\/li>\n\n\n\n<li><strong>Forma\u00e7\u00e3o:&nbsp;<\/strong>N\u00edvel superior<\/li>\n\n\n\n<li><strong>Vagas:<\/strong>&nbsp;740<\/li>\n\n\n\n<li><strong>Sal\u00e1rio:<\/strong>&nbsp;R$&nbsp;2.710,93 a R$ 4.114,90<\/li>\n\n\n\n<li><a href=\"https:\/\/www.estrategiaconcursos.com.br\/cursosPorConcurso\/policia-civil-do-distrito-federal-pc-df\/\/\" target=\"_blank\" rel=\"noreferrer noopener\">Cursos PCDF<\/a><\/li>\n<\/ul>\n\n\n\n<p class=\"has-background\" style=\"background-color:#ebedef\"><a href=\"https:\/\/www.estrategiaconcursos.com.br\/blog\/concurso-bombeiro-df\/\" target=\"_blank\" rel=\"noreferrer noopener\"><strong>Concurso Bombeiro DF<\/strong><\/a><\/p>\n\n\n\n<p><strong>Status:<\/strong>&nbsp;Autorizado<\/p>\n\n\n\n<p><strong>Perspectivas:<\/strong>&nbsp;Portaria autoriza realiza\u00e7\u00e3o do pr\u00f3ximo concurso Bombeiro DF com 356 vagas para Soldados e Oficiais.<\/p>\n\n\n\n<p><strong>Vagas\/Cargos e sal\u00e1rio inicial:<\/strong><\/p>\n\n\n\n<ul class=\"wp-block-list\" id=\"block-03a396a4-6243-47c1-a06e-28ab19f8c035\">\n<li><strong>Cargo:&nbsp;<\/strong>Oficial e Soldado<\/li>\n\n\n\n<li><strong>Forma\u00e7\u00e3o:<\/strong>&nbsp;n\u00edvel m\u00e9dio e superior<\/li>\n\n\n\n<li><strong>Vagas:<\/strong>&nbsp;356<\/li>\n\n\n\n<li><strong>Sal\u00e1rio:<\/strong>&nbsp;R$ 5.775,26 a R$ 12.138,44 [\u00faltimo edital]<\/li>\n\n\n\n<li><strong>Curso:<\/strong>&nbsp;<a href=\"https:\/\/www.estrategiaconcursos.com.br\/cursos\/concurso\/\" target=\"_blank\" rel=\"noreferrer noopener\">Bombeiros DF<\/a><\/li>\n<\/ul>\n\n\n\n<p class=\"has-background\" style=\"background-color:#ebedef\"><strong><a href=\"https:\/\/www.estrategiaconcursos.com.br\/blog\/concurso-emater-df\/\" target=\"_blank\" rel=\"noreferrer noopener\">Concurso EMATER DF<\/a><\/strong><\/p>\n\n\n\n<p><strong>Status:&nbsp;<\/strong>autorizado<\/p>\n\n\n\n<p><strong>Perspectivas:<\/strong>&nbsp;Um novo concurso EMATER DF (Empresa de Assist\u00eancia T\u00e9cnica e Extens\u00e3o Rural do DF) foi&nbsp;<strong>autorizado<\/strong>. A novidade foi publicada no Di\u00e1rio Oficial do Distrito Federal.<\/p>\n\n\n\n<p><strong>Vagas\/Cargos e sal\u00e1rio inicial<\/strong><\/p>\n\n\n\n<ul class=\"wp-block-list\">\n<li><strong>Cargos:&nbsp;<\/strong>diversos<\/li>\n\n\n\n<li><strong>Forma\u00e7\u00e3o:<\/strong>&nbsp;N\u00edvel t\u00e9cnico e superior<\/li>\n\n\n\n<li><strong>Vagas:&nbsp;<\/strong>126<\/li>\n\n\n\n<li><strong>Sal\u00e1rio:<\/strong>&nbsp;a definir<\/li>\n\n\n\n<li>Cursos&nbsp;<a href=\"https:\/\/www.estrategiaconcursos.com.br\/cursos\/\" target=\"_blank\" rel=\"noreferrer noopener\">EMATER DF<\/a><\/li>\n<\/ul>\n\n\n\n<p class=\"has-background\" style=\"background-color:#ebedef\"><strong><a href=\"https:\/\/www.estrategiaconcursos.com.br\/blog\/concurso-detran-df\/\" target=\"_blank\" rel=\"noreferrer noopener\">Concurso Detran DF<\/a><\/strong><\/p>\n\n\n\n<p><strong>Status:<\/strong>&nbsp;Banca definida (IBFC)<\/p>\n\n\n\n<p><strong>Perspectivas:<\/strong>&nbsp;Comiss\u00e3o formada&nbsp;para T\u00e9cnico e Analista.<\/p>\n\n\n\n<p><strong>Vagas\/Cargos e sal\u00e1rio inicial<\/strong>:<\/p>\n\n\n\n<ul class=\"wp-block-list\" id=\"block-621cab24-262c-4c69-ad3a-f8d2a1c72d08\">\n<li><strong>Cargos:&nbsp;<\/strong>Analista e T\u00e9cnico de Tr\u00e2nsito<\/li>\n\n\n\n<li><strong>Forma\u00e7\u00e3o:<\/strong>&nbsp;N\u00edvel m\u00e9dio e superior<\/li>\n\n\n\n<li><strong>Vagas:<\/strong>&nbsp;170<\/li>\n\n\n\n<li><strong>Sal\u00e1rio:<\/strong>&nbsp;R$ 4.420,00 a R$ 8.190,00<\/li>\n\n\n\n<li><a href=\"https:\/\/www.estrategiaconcursos.com.br\/cursosPorConcurso\/detran-df-5\/\/\" target=\"_blank\" rel=\"noreferrer noopener\">Cursos Detran DF<\/a><\/li>\n<\/ul>\n\n\n\n<p class=\"has-background\" style=\"background-color:#ebedef\"><strong><a href=\"https:\/\/www.estrategiaconcursos.com.br\/blog\/concurso-der-df\/\" target=\"_blank\" rel=\"noreferrer noopener\">Concurso DER DF<\/a><\/strong><\/p>\n\n\n\n<p><strong>Status:<\/strong>&nbsp;Anunciado<\/p>\n\n\n\n<p><strong>Perspectivas:<\/strong>&nbsp;Um novo concurso DER DF pode ter edital publicado em 2023. Isso porque o GDF anunciou a previs\u00e3o de realiza\u00e7\u00e3o do certame.<\/p>\n\n\n\n<p><strong>Vagas\/Cargos e sal\u00e1rio inicial:<\/strong><\/p>\n\n\n\n<ul class=\"wp-block-list\" id=\"block-03a396a4-6243-47c1-a06e-28ab19f8c035\">\n<li><strong>Cargo:&nbsp;<\/strong>diversos<\/li>\n\n\n\n<li><strong>Forma\u00e7\u00e3o:<\/strong>&nbsp;n\u00edvel m\u00e9dio e superior<\/li>\n\n\n\n<li><strong>Vagas:<\/strong>&nbsp;a definir<\/li>\n\n\n\n<li><strong>Sal\u00e1rio:<\/strong>&nbsp;R$ 4.135,56 a R$ 7.539,42<\/li>\n\n\n\n<li><strong>Curso:<\/strong>&nbsp;<a href=\"https:\/\/www.estrategiaconcursos.com.br\/cursos\/concurso\/\" target=\"_blank\" rel=\"noreferrer noopener\">DER DF<\/a><\/li>\n<\/ul>\n\n\n\n<p class=\"has-background\" style=\"background-color:#ebedef\"><strong><a href=\"https:\/\/www.estrategiaconcursos.com.br\/blog\/concurso-sejus-df\/\" target=\"_blank\" rel=\"noreferrer noopener\">Concurso SEJUS DF<\/a><\/strong><\/p>\n\n\n\n<p><strong>Status:<\/strong>&nbsp;Anunciado<\/p>\n\n\n\n<p><strong>Perspectivas:<\/strong>&nbsp;Um novo concurso SEJUS DF pode ter edital publicado em 2023. Isso porque o GDF anunciou a previs\u00e3o de realiza\u00e7\u00e3o do certame.<\/p>\n\n\n\n<p><strong>Vagas\/Cargos e sal\u00e1rio inicial:<\/strong><\/p>\n\n\n\n<ul class=\"wp-block-list\" id=\"block-03a396a4-6243-47c1-a06e-28ab19f8c035\">\n<li><strong>Cargo:&nbsp;<\/strong>diversos<\/li>\n\n\n\n<li><strong>Forma\u00e7\u00e3o:<\/strong>&nbsp;n\u00edvel m\u00e9dio e superior<\/li>\n\n\n\n<li><strong>Vagas:<\/strong>&nbsp;a definir<\/li>\n\n\n\n<li><strong>Sal\u00e1rio:<\/strong>&nbsp;R$ 2.782,98 [\u00faltimo edital]<\/li>\n\n\n\n<li><strong>Curso:<\/strong>&nbsp;<a href=\"https:\/\/www.estrategiaconcursos.com.br\/cursos\/concurso\/\" target=\"_blank\" rel=\"noreferrer noopener\">SEJUS DF<\/a><\/li>\n<\/ul>\n\n\n\n<p><em>Para saber mais informa\u00e7\u00f5es sobre os concursos DF, acesse o artigo completo e exclusivo no blog do Estrat\u00e9gia Concursos!<\/em><\/p>\n\n\n\n<h3 class=\"wp-block-heading has-text-align-center has-background\" style=\"background-color:#cbd9e8\">Saiba mais: <a href=\"https:\/\/www.estrategiaconcursos.com.br\/blog\/concursos-df\/\" target=\"_blank\" rel=\"noreferrer noopener\">concursos DF<\/a><\/h3>\n\n\n\n<h2 class=\"wp-block-heading has-text-align-center\" id=\"h-quer-saber-tudo-sobre-concursos-previstos-confira-nossos-artigos\">Quer saber tudo sobre concursos previstos?<br \/>Confira nossos artigos!<\/h2>\n\n\n\n<ul class=\"wp-block-list\">\n<li><a href=\"https:\/\/www.estrategiaconcursos.com.br\/blog\/concursos-abertos\/\" target=\"_blank\" rel=\"noreferrer noopener\">Concursos abertos<\/a><\/li>\n\n\n\n<li><a href=\"https:\/\/www.estrategiaconcursos.com.br\/blog\/concursos-2023\/\" target=\"_blank\" rel=\"noreferrer noopener\">Concursos 2023<\/a><\/li>\n<\/ul>\n\n\n\n<div class=\"container\" id=\"boxes\">\r\n  <div class=\"row\">\r\n\r\n    <div class=\"col-sm\">\r\n      <div class=\"estrategia\" id=\"box-assinatura\">\r\n        <h3 class=\"titulo-assinatura\">Assinatura de Concursos<\/h3>\r\n        <p class=\"subtitulo-assinatura\">Assinatura de 1 ano ou 2 anos<\/p>\r\n        <div class=\"box-botao\">\r\n          <a class=\"btn-assinatura\" target=\"_blank\" href=\"https:\/\/www.estrategiaconcursos.com.br\/assinaturas\/\" role=\"button\" rel=\"noopener noreferrer\">ASSINE AGORA<\/a>\r\n        <\/div>\r\n      <\/div>\r\n     \r\n    <\/div><\/div><\/div>\n","protected":false},"excerpt":{"rendered":"<p>Se voc\u00ea pretende conquistar a aprova\u00e7\u00e3o em concursos p\u00fablicos, saiba que est\u00e3o previstas diversas oportunidades em editais imperd\u00edveis no DF. Com sal\u00e1rio que pode alcan\u00e7ar at\u00e9 R$ 18 mil, s\u00e3o v\u00e1rias oportunidades para carreiras que exigem n\u00edvel m\u00e9dio e superior de forma\u00e7\u00e3o. Concursos DF &#8211; oportunidades de editais imperd\u00edveis Concursos DF com editais publicados Concurso [&hellip;]<\/p>\n","protected":false},"author":2041,"featured_media":703168,"comment_status":"open","ping_status":"closed","sticky":false,"template":"","format":"standard","meta":{"post_tipo":"news","footnotes":""},"categories":[1,220219],"tags":[],"tax_estado":[219970],"class_list":["post-1154937","post","type-post","status-publish","format-standard","has-post-thumbnail","hentry","category-cursos-e-concursos","category-noticias","tax_estado-df"],"acf":[],"yoast_head":"<!-- This site is optimized with the Yoast SEO Premium plugin v27.2 (Yoast SEO v27.2) - https:\/\/yoast.com\/product\/yoast-seo-premium-wordpress\/ -->\n<title>Concursos DF: oportunidades de editais imperd\u00edveis<\/title>\n<meta name=\"description\" content=\"Se voc\u00ea pretende conquistar a aprova\u00e7\u00e3o em concursos p\u00fablicos, saiba que est\u00e3o previstas diversas oportunidades em editais imperd\u00edveis no DF.\" \/>\n<meta name=\"robots\" content=\"index, follow, max-snippet:-1, max-image-preview:large, max-video-preview:-1\" \/>\n<link rel=\"canonical\" href=\"https:\/\/www.estrategiaconcursos.com.br\/blog\/concursos-df-editais-imperdiveis\/\" \/>\n<meta property=\"og:locale\" content=\"pt_BR\" \/>\n<meta property=\"og:type\" content=\"article\" \/>\n<meta property=\"og:title\" content=\"Concursos DF: oportunidades de editais imperd\u00edveis\" \/>\n<meta property=\"og:description\" content=\"Se voc\u00ea pretende conquistar a aprova\u00e7\u00e3o em concursos p\u00fablicos, saiba que est\u00e3o previstas diversas oportunidades em editais imperd\u00edveis no DF.\" \/>\n<meta property=\"og:url\" content=\"https:\/\/www.estrategiaconcursos.com.br\/blog\/concursos-df-editais-imperdiveis\/\" \/>\n<meta property=\"og:site_name\" content=\"Estrat\u00e9gia Concursos\" \/>\n<meta property=\"article:published_time\" content=\"2023-01-20T12:35:00+00:00\" \/>\n<meta property=\"article:modified_time\" content=\"2023-11-10T18:36:52+00:00\" \/>\n<meta property=\"og:image\" content=\"https:\/\/dhg1h5j42swfq.cloudfront.net\/2021\/03\/29090926\/concursos-df.jpg\" \/>\n\t<meta property=\"og:image:width\" content=\"1200\" \/>\n\t<meta property=\"og:image:height\" content=\"628\" \/>\n\t<meta property=\"og:image:type\" content=\"image\/jpeg\" \/>\n<meta name=\"author\" content=\"Thiago Cavalcante Gomes\" \/>\n<meta name=\"twitter:card\" content=\"summary_large_image\" \/>\n<meta name=\"twitter:creator\" content=\"@EstratConcursos\" \/>\n<meta name=\"twitter:site\" content=\"@EstratConcursos\" \/>\n<meta name=\"twitter:label1\" content=\"Escrito por\" \/>\n\t<meta name=\"twitter:data1\" content=\"Thiago Cavalcante Gomes\" \/>\n\t<meta name=\"twitter:label2\" content=\"Est. tempo de leitura\" \/>\n\t<meta name=\"twitter:data2\" content=\"6 minutos\" \/>\n<script type=\"application\/ld+json\" class=\"yoast-schema-graph\">{\"@context\":\"https:\/\/schema.org\",\"@graph\":[{\"@type\":\"NewsArticle\",\"@id\":\"https:\/\/www.estrategiaconcursos.com.br\/blog\/concursos-df-editais-imperdiveis\/#article\",\"isPartOf\":{\"@id\":\"https:\/\/www.estrategiaconcursos.com.br\/blog\/concursos-df-editais-imperdiveis\/\"},\"author\":{\"name\":\"Thiago Cavalcante Gomes\",\"@id\":\"https:\/\/www.estrategiaconcursos.com.br\/blog\/#\/schema\/person\/4970184533d0a3ffa5b0299ae0a2b21f\"},\"headline\":\"Concursos DF: oportunidades de editais imperd\u00edveis\",\"datePublished\":\"2023-01-20T12:35:00+00:00\",\"dateModified\":\"2023-11-10T18:36:52+00:00\",\"mainEntityOfPage\":{\"@id\":\"https:\/\/www.estrategiaconcursos.com.br\/blog\/concursos-df-editais-imperdiveis\/\"},\"wordCount\":1187,\"commentCount\":0,\"publisher\":{\"@id\":\"https:\/\/www.estrategiaconcursos.com.br\/blog\/#organization\"},\"image\":{\"@id\":\"https:\/\/www.estrategiaconcursos.com.br\/blog\/concursos-df-editais-imperdiveis\/#primaryimage\"},\"thumbnailUrl\":\"https:\/\/dhg1h5j42swfq.cloudfront.net\/2021\/03\/29090926\/concursos-df.jpg\",\"articleSection\":[\"Concursos P\u00fablicos\",\"\u00daltimas not\u00edcias\"],\"inLanguage\":\"pt-BR\",\"potentialAction\":[{\"@type\":\"CommentAction\",\"name\":\"Comment\",\"target\":[\"https:\/\/www.estrategiaconcursos.com.br\/blog\/concursos-df-editais-imperdiveis\/#respond\"]}],\"copyrightYear\":\"2023\",\"copyrightHolder\":{\"@id\":\"https:\/\/www.estrategiaconcursos.com.br\/blog\/#organization\"}},{\"@type\":\"WebPage\",\"@id\":\"https:\/\/www.estrategiaconcursos.com.br\/blog\/concursos-df-editais-imperdiveis\/\",\"url\":\"https:\/\/www.estrategiaconcursos.com.br\/blog\/concursos-df-editais-imperdiveis\/\",\"name\":\"Concursos DF: oportunidades de editais imperd\u00edveis\",\"isPartOf\":{\"@id\":\"https:\/\/www.estrategiaconcursos.com.br\/blog\/#website\"},\"primaryImageOfPage\":{\"@id\":\"https:\/\/www.estrategiaconcursos.com.br\/blog\/concursos-df-editais-imperdiveis\/#primaryimage\"},\"image\":{\"@id\":\"https:\/\/www.estrategiaconcursos.com.br\/blog\/concursos-df-editais-imperdiveis\/#primaryimage\"},\"thumbnailUrl\":\"https:\/\/dhg1h5j42swfq.cloudfront.net\/2021\/03\/29090926\/concursos-df.jpg\",\"datePublished\":\"2023-01-20T12:35:00+00:00\",\"dateModified\":\"2023-11-10T18:36:52+00:00\",\"description\":\"Se voc\u00ea pretende conquistar a aprova\u00e7\u00e3o em concursos p\u00fablicos, saiba que est\u00e3o previstas diversas oportunidades em editais imperd\u00edveis no DF.\",\"breadcrumb\":{\"@id\":\"https:\/\/www.estrategiaconcursos.com.br\/blog\/concursos-df-editais-imperdiveis\/#breadcrumb\"},\"inLanguage\":\"pt-BR\",\"potentialAction\":[{\"@type\":\"ReadAction\",\"target\":[\"https:\/\/www.estrategiaconcursos.com.br\/blog\/concursos-df-editais-imperdiveis\/\"]}]},{\"@type\":\"ImageObject\",\"inLanguage\":\"pt-BR\",\"@id\":\"https:\/\/www.estrategiaconcursos.com.br\/blog\/concursos-df-editais-imperdiveis\/#primaryimage\",\"url\":\"https:\/\/dhg1h5j42swfq.cloudfront.net\/2021\/03\/29090926\/concursos-df.jpg\",\"contentUrl\":\"https:\/\/dhg1h5j42swfq.cloudfront.net\/2021\/03\/29090926\/concursos-df.jpg\",\"width\":1200,\"height\":628,\"caption\":\"Concursos DF\"},{\"@type\":\"BreadcrumbList\",\"@id\":\"https:\/\/www.estrategiaconcursos.com.br\/blog\/concursos-df-editais-imperdiveis\/#breadcrumb\",\"itemListElement\":[{\"@type\":\"ListItem\",\"position\":1,\"name\":\"In\u00edcio\",\"item\":\"https:\/\/www.estrategiaconcursos.com.br\/blog\/\"},{\"@type\":\"ListItem\",\"position\":2,\"name\":\"Concursos DF: oportunidades de editais imperd\u00edveis\"}]},{\"@type\":\"WebSite\",\"@id\":\"https:\/\/www.estrategiaconcursos.com.br\/blog\/#website\",\"url\":\"https:\/\/www.estrategiaconcursos.com.br\/blog\/\",\"name\":\"Estrat\u00e9gia Concursos\",\"description\":\"O blog da Estrat\u00e9gia Concursos traz not\u00edcias sobre concursos e artigos de professores oferecendo cursos para concursos (pdf + videaulas) no site.\",\"publisher\":{\"@id\":\"https:\/\/www.estrategiaconcursos.com.br\/blog\/#organization\"},\"potentialAction\":[{\"@type\":\"SearchAction\",\"target\":{\"@type\":\"EntryPoint\",\"urlTemplate\":\"https:\/\/www.estrategiaconcursos.com.br\/blog\/?s={search_term_string}\"},\"query-input\":{\"@type\":\"PropertyValueSpecification\",\"valueRequired\":true,\"valueName\":\"search_term_string\"}}],\"inLanguage\":\"pt-BR\"},{\"@type\":\"Organization\",\"@id\":\"https:\/\/www.estrategiaconcursos.com.br\/blog\/#organization\",\"name\":\"Estrat\u00e9gia Concursos\",\"url\":\"https:\/\/www.estrategiaconcursos.com.br\/blog\/\",\"logo\":{\"@type\":\"ImageObject\",\"inLanguage\":\"pt-BR\",\"@id\":\"https:\/\/www.estrategiaconcursos.com.br\/blog\/#\/schema\/logo\/image\/\",\"url\":\"https:\/\/dhg1h5j42swfq.cloudfront.net\/2025\/06\/03203428\/logo_concursos-1.jpg\",\"contentUrl\":\"https:\/\/dhg1h5j42swfq.cloudfront.net\/2025\/06\/03203428\/logo_concursos-1.jpg\",\"width\":230,\"height\":60,\"caption\":\"Estrat\u00e9gia Concursos\"},\"image\":{\"@id\":\"https:\/\/www.estrategiaconcursos.com.br\/blog\/#\/schema\/logo\/image\/\"},\"sameAs\":[\"https:\/\/x.com\/EstratConcursos\"]},{\"@type\":\"Person\",\"@id\":\"https:\/\/www.estrategiaconcursos.com.br\/blog\/#\/schema\/person\/4970184533d0a3ffa5b0299ae0a2b21f\",\"name\":\"Thiago Cavalcante Gomes\",\"image\":{\"@type\":\"ImageObject\",\"inLanguage\":\"pt-BR\",\"@id\":\"https:\/\/secure.gravatar.com\/avatar\/?s=96&d=mm&r=g\",\"url\":\"https:\/\/secure.gravatar.com\/avatar\/?s=96&d=mm&r=g\",\"contentUrl\":\"https:\/\/secure.gravatar.com\/avatar\/?s=96&d=mm&r=g\",\"caption\":\"Thiago Cavalcante Gomes\"},\"url\":\"https:\/\/www.estrategiaconcursos.com.br\/blog\/author\/thiago-gomes\/\"}]}<\/script>\n<!-- \/ Yoast SEO Premium plugin. -->","yoast_head_json":{"title":"Concursos DF: oportunidades de editais imperd\u00edveis","description":"Se voc\u00ea pretende conquistar a aprova\u00e7\u00e3o em concursos p\u00fablicos, saiba que est\u00e3o previstas diversas oportunidades em editais imperd\u00edveis no DF.","robots":{"index":"index","follow":"follow","max-snippet":"max-snippet:-1","max-image-preview":"max-image-preview:large","max-video-preview":"max-video-preview:-1"},"canonical":"https:\/\/www.estrategiaconcursos.com.br\/blog\/concursos-df-editais-imperdiveis\/","og_locale":"pt_BR","og_type":"article","og_title":"Concursos DF: oportunidades de editais imperd\u00edveis","og_description":"Se voc\u00ea pretende conquistar a aprova\u00e7\u00e3o em concursos p\u00fablicos, saiba que est\u00e3o previstas diversas oportunidades em editais imperd\u00edveis no DF.","og_url":"https:\/\/www.estrategiaconcursos.com.br\/blog\/concursos-df-editais-imperdiveis\/","og_site_name":"Estrat\u00e9gia Concursos","article_published_time":"2023-01-20T12:35:00+00:00","article_modified_time":"2023-11-10T18:36:52+00:00","og_image":[{"width":1200,"height":628,"url":"https:\/\/dhg1h5j42swfq.cloudfront.net\/2021\/03\/29090926\/concursos-df.jpg","type":"image\/jpeg"}],"author":"Thiago Cavalcante Gomes","twitter_card":"summary_large_image","twitter_creator":"@EstratConcursos","twitter_site":"@EstratConcursos","twitter_misc":{"Escrito por":"Thiago Cavalcante Gomes","Est. tempo de leitura":"6 minutos"},"schema":{"@context":"https:\/\/schema.org","@graph":[{"@type":"NewsArticle","@id":"https:\/\/www.estrategiaconcursos.com.br\/blog\/concursos-df-editais-imperdiveis\/#article","isPartOf":{"@id":"https:\/\/www.estrategiaconcursos.com.br\/blog\/concursos-df-editais-imperdiveis\/"},"author":{"name":"Thiago Cavalcante Gomes","@id":"https:\/\/www.estrategiaconcursos.com.br\/blog\/#\/schema\/person\/4970184533d0a3ffa5b0299ae0a2b21f"},"headline":"Concursos DF: oportunidades de editais imperd\u00edveis","datePublished":"2023-01-20T12:35:00+00:00","dateModified":"2023-11-10T18:36:52+00:00","mainEntityOfPage":{"@id":"https:\/\/www.estrategiaconcursos.com.br\/blog\/concursos-df-editais-imperdiveis\/"},"wordCount":1187,"commentCount":0,"publisher":{"@id":"https:\/\/www.estrategiaconcursos.com.br\/blog\/#organization"},"image":{"@id":"https:\/\/www.estrategiaconcursos.com.br\/blog\/concursos-df-editais-imperdiveis\/#primaryimage"},"thumbnailUrl":"https:\/\/dhg1h5j42swfq.cloudfront.net\/2021\/03\/29090926\/concursos-df.jpg","articleSection":["Concursos P\u00fablicos","\u00daltimas not\u00edcias"],"inLanguage":"pt-BR","potentialAction":[{"@type":"CommentAction","name":"Comment","target":["https:\/\/www.estrategiaconcursos.com.br\/blog\/concursos-df-editais-imperdiveis\/#respond"]}],"copyrightYear":"2023","copyrightHolder":{"@id":"https:\/\/www.estrategiaconcursos.com.br\/blog\/#organization"}},{"@type":"WebPage","@id":"https:\/\/www.estrategiaconcursos.com.br\/blog\/concursos-df-editais-imperdiveis\/","url":"https:\/\/www.estrategiaconcursos.com.br\/blog\/concursos-df-editais-imperdiveis\/","name":"Concursos DF: oportunidades de editais imperd\u00edveis","isPartOf":{"@id":"https:\/\/www.estrategiaconcursos.com.br\/blog\/#website"},"primaryImageOfPage":{"@id":"https:\/\/www.estrategiaconcursos.com.br\/blog\/concursos-df-editais-imperdiveis\/#primaryimage"},"image":{"@id":"https:\/\/www.estrategiaconcursos.com.br\/blog\/concursos-df-editais-imperdiveis\/#primaryimage"},"thumbnailUrl":"https:\/\/dhg1h5j42swfq.cloudfront.net\/2021\/03\/29090926\/concursos-df.jpg","datePublished":"2023-01-20T12:35:00+00:00","dateModified":"2023-11-10T18:36:52+00:00","description":"Se voc\u00ea pretende conquistar a aprova\u00e7\u00e3o em concursos p\u00fablicos, saiba que est\u00e3o previstas diversas oportunidades em editais imperd\u00edveis no DF.","breadcrumb":{"@id":"https:\/\/www.estrategiaconcursos.com.br\/blog\/concursos-df-editais-imperdiveis\/#breadcrumb"},"inLanguage":"pt-BR","potentialAction":[{"@type":"ReadAction","target":["https:\/\/www.estrategiaconcursos.com.br\/blog\/concursos-df-editais-imperdiveis\/"]}]},{"@type":"ImageObject","inLanguage":"pt-BR","@id":"https:\/\/www.estrategiaconcursos.com.br\/blog\/concursos-df-editais-imperdiveis\/#primaryimage","url":"https:\/\/dhg1h5j42swfq.cloudfront.net\/2021\/03\/29090926\/concursos-df.jpg","contentUrl":"https:\/\/dhg1h5j42swfq.cloudfront.net\/2021\/03\/29090926\/concursos-df.jpg","width":1200,"height":628,"caption":"Concursos DF"},{"@type":"BreadcrumbList","@id":"https:\/\/www.estrategiaconcursos.com.br\/blog\/concursos-df-editais-imperdiveis\/#breadcrumb","itemListElement":[{"@type":"ListItem","position":1,"name":"In\u00edcio","item":"https:\/\/www.estrategiaconcursos.com.br\/blog\/"},{"@type":"ListItem","position":2,"name":"Concursos DF: oportunidades de editais imperd\u00edveis"}]},{"@type":"WebSite","@id":"https:\/\/www.estrategiaconcursos.com.br\/blog\/#website","url":"https:\/\/www.estrategiaconcursos.com.br\/blog\/","name":"Estrat\u00e9gia Concursos","description":"O blog da Estrat\u00e9gia Concursos traz not\u00edcias sobre concursos e artigos de professores oferecendo cursos para concursos (pdf + videaulas) no site.","publisher":{"@id":"https:\/\/www.estrategiaconcursos.com.br\/blog\/#organization"},"potentialAction":[{"@type":"SearchAction","target":{"@type":"EntryPoint","urlTemplate":"https:\/\/www.estrategiaconcursos.com.br\/blog\/?s={search_term_string}"},"query-input":{"@type":"PropertyValueSpecification","valueRequired":true,"valueName":"search_term_string"}}],"inLanguage":"pt-BR"},{"@type":"Organization","@id":"https:\/\/www.estrategiaconcursos.com.br\/blog\/#organization","name":"Estrat\u00e9gia Concursos","url":"https:\/\/www.estrategiaconcursos.com.br\/blog\/","logo":{"@type":"ImageObject","inLanguage":"pt-BR","@id":"https:\/\/www.estrategiaconcursos.com.br\/blog\/#\/schema\/logo\/image\/","url":"https:\/\/dhg1h5j42swfq.cloudfront.net\/2025\/06\/03203428\/logo_concursos-1.jpg","contentUrl":"https:\/\/dhg1h5j42swfq.cloudfront.net\/2025\/06\/03203428\/logo_concursos-1.jpg","width":230,"height":60,"caption":"Estrat\u00e9gia Concursos"},"image":{"@id":"https:\/\/www.estrategiaconcursos.com.br\/blog\/#\/schema\/logo\/image\/"},"sameAs":["https:\/\/x.com\/EstratConcursos"]},{"@type":"Person","@id":"https:\/\/www.estrategiaconcursos.com.br\/blog\/#\/schema\/person\/4970184533d0a3ffa5b0299ae0a2b21f","name":"Thiago Cavalcante Gomes","image":{"@type":"ImageObject","inLanguage":"pt-BR","@id":"https:\/\/secure.gravatar.com\/avatar\/?s=96&d=mm&r=g","url":"https:\/\/secure.gravatar.com\/avatar\/?s=96&d=mm&r=g","contentUrl":"https:\/\/secure.gravatar.com\/avatar\/?s=96&d=mm&r=g","caption":"Thiago Cavalcante Gomes"},"url":"https:\/\/www.estrategiaconcursos.com.br\/blog\/author\/thiago-gomes\/"}]}},"_links":{"self":[{"href":"https:\/\/www.estrategiaconcursos.com.br\/blog\/wp-json\/wp\/v2\/posts\/1154937","targetHints":{"allow":["GET"]}}],"collection":[{"href":"https:\/\/www.estrategiaconcursos.com.br\/blog\/wp-json\/wp\/v2\/posts"}],"about":[{"href":"https:\/\/www.estrategiaconcursos.com.br\/blog\/wp-json\/wp\/v2\/types\/post"}],"author":[{"embeddable":true,"href":"https:\/\/www.estrategiaconcursos.com.br\/blog\/wp-json\/wp\/v2\/users\/2041"}],"replies":[{"embeddable":true,"href":"https:\/\/www.estrategiaconcursos.com.br\/blog\/wp-json\/wp\/v2\/comments?post=1154937"}],"version-history":[{"count":3,"href":"https:\/\/www.estrategiaconcursos.com.br\/blog\/wp-json\/wp\/v2\/posts\/1154937\/revisions"}],"predecessor-version":[{"id":1305193,"href":"https:\/\/www.estrategiaconcursos.com.br\/blog\/wp-json\/wp\/v2\/posts\/1154937\/revisions\/1305193"}],"wp:featuredmedia":[{"embeddable":true,"href":"https:\/\/www.estrategiaconcursos.com.br\/blog\/wp-json\/wp\/v2\/media\/703168"}],"wp:attachment":[{"href":"https:\/\/www.estrategiaconcursos.com.br\/blog\/wp-json\/wp\/v2\/media?parent=1154937"}],"wp:term":[{"taxonomy":"category","embeddable":true,"href":"https:\/\/www.estrategiaconcursos.com.br\/blog\/wp-json\/wp\/v2\/categories?post=1154937"},{"taxonomy":"post_tag","embeddable":true,"href":"https:\/\/www.estrategiaconcursos.com.br\/blog\/wp-json\/wp\/v2\/tags?post=1154937"},{"taxonomy":"tax_estado","embeddable":true,"href":"https:\/\/www.estrategiaconcursos.com.br\/blog\/wp-json\/wp\/v2\/tax_estado?post=1154937"}],"curies":[{"name":"wp","href":"https:\/\/api.w.org\/{rel}","templated":true}]}}