{"id":1153049,"date":"2023-02-23T19:15:00","date_gmt":"2023-02-23T22:15:00","guid":{"rendered":"https:\/\/www.estrategiaconcursos.com.br\/blog\/?p=1153049"},"modified":"2023-03-08T16:48:25","modified_gmt":"2023-03-08T19:48:25","slug":"concurso-tj-rn-edital-publicado","status":"publish","type":"post","link":"https:\/\/www.estrategiaconcursos.com.br\/blog\/concurso-tj-rn-edital-publicado\/","title":{"rendered":"Edital TJ RN tem inscri\u00e7\u00f5es abertas! Ganhe at\u00e9 R$ 7,3 mil"},"content":{"rendered":"\n<p>O edital do <strong>concurso TJ RN<\/strong> <a href=\"https:\/\/www.estrategiaconcursos.com.br\/cursosPorConcurso\/tribunal-de-justica-do-rio-grande-do-norte-tj-rn\/\" target=\"_blank\" rel=\"noreferrer noopener\">Tribunal de Justi\u00e7a do Rio Grande do Norte<\/a> est\u00e1 com inscri\u00e7\u00f5es abertas!  Ao todo, s\u00e3o <strong>229 vagas<\/strong> imediatas mais a forma\u00e7\u00e3o de cadastro de reserva para os cargos <strong>T\u00e9cnico<\/strong> Judici\u00e1rio, <strong>Oficial<\/strong> de Justi\u00e7a e <strong>Analista<\/strong> Judici\u00e1rio, de n\u00edveis m\u00e9dio e superior de escolaridade.<\/p>\n\n\n\n<p>Segundo o edital, a remunera\u00e7\u00e3o inicial pode chegar a <strong>R$ 7.301,18<\/strong> mais R$ 1.700,00 de aux\u00edlio alimenta\u00e7\u00e3o, al\u00e9m de diversos benef\u00edcios previstos na legisla\u00e7\u00e3o interna. <\/p>\n\n\n\n<p>Os interessados em participar da sele\u00e7\u00e3o devem realizar as inscri\u00e7\u00f5es no per\u00edodo de <strong>08 de mar\u00e7o de 2023 a 10 de abril de 2023<\/strong>, no site da banca organizadora,  FGV. <\/p>\n\n\n\n<p>As taxas foram definidas de acordo com o cargo pretendido, sendo:<\/p>\n\n\n\n<ul class=\"wp-block-list\">\n<li><strong>R$ 85,00 <\/strong>para o cargo de <a href=\"https:\/\/www.estrategiaconcursos.com.br\/curso\/tj-rn-tecnico-judiciario-nivel-superior-pacote-completo-2022-pre-edital\/\" target=\"_blank\" rel=\"noreferrer noopener\">T\u00e9cnico<\/a>; <\/li>\n\n\n\n<li><strong>R$ 110,00 <\/strong>para os cargos de <a href=\"https:\/\/www.estrategiaconcursos.com.br\/curso\/tj-rn-tecnico-judiciario-nivel-superior-pacote-completo-2022-pre-edital\/\" target=\"_blank\" rel=\"noreferrer noopener\">Analista<\/a> e <a href=\"https:\/\/www.estrategiaconcursos.com.br\/curso\/tj-rn-analista-judiciario-direito-pacotaco-pacote-teorico-passo-estrategico-2023-pre-edital\/\" target=\"_blank\" rel=\"noreferrer noopener\">Oficial de Justi\u00e7a<\/a>.<\/li>\n<\/ul>\n\n\n\n<p>As provas objetivas ser\u00e3o aplicadas no dia <strong>04 de junho<\/strong> para Analista Judici\u00e1rio e Oficial de Justi\u00e7a; e <strong>11 de junho <\/strong>para T\u00e9cnico.<\/p>\n\n\n\n<p>Confira maiores detalhes ao longo do artigo!<\/p>\n\n\n\n<ul class=\"has-blush-light-purple-gradient-background has-background wp-block-list\">\n<li><strong>Status<\/strong>: edital publicado <\/li>\n\n\n\n<li><strong style=\"background-color: initial; color: initial;\">Banca:<\/strong> FGV<\/li>\n\n\n\n<li><strong>Vagas:<\/strong>  229 + CR<\/li>\n\n\n\n<li><strong>Cargo<\/strong>:  Analista, Oficial de Justi\u00e7a e T\u00e9cnico <\/li>\n\n\n\n<li><strong>Sal\u00e1rio inicial:<\/strong> at\u00e9 R$ 7.301,18<\/li>\n\n\n\n<li><strong>Editais<\/strong>: <a href=\"https:\/\/dhg1h5j42swfq.cloudfront.net\/2023\/02\/23201340\/01-tjrn-edital-analista-e-oficial-de-justica-23-02_0-1.pdf\" target=\"_blank\" rel=\"noreferrer noopener nofollow\">Analista Judici\u00e1rio e Oficial de Justi\u00e7a<\/a>\/\/ <a href=\"https:\/\/dhg1h5j42swfq.cloudfront.net\/2023\/02\/23201529\/02-tjrn-edital-analista-tecnologia-da-informacao-23-02_0-1.pdf\" target=\"_blank\" rel=\"noreferrer noopener nofollow\">Analista Judici\u00e1rio &#8211; Tecnologia da Informa\u00e7\u00e3o<\/a> \/\/ <a href=\"https:\/\/dhg1h5j42swfq.cloudfront.net\/2023\/02\/23201817\/03-edital-tjrn-tecnico-23-02_0-1.pdf\" target=\"_blank\" rel=\"noreferrer noopener nofollow\">T\u00e9cnico Judici\u00e1rio<\/a><\/li>\n<\/ul>\n\n\n\n<div class=\"container\" id=\"boxes\">\n  <div class=\"row\">\n\n    <div class=\"col-sm\">\n      <div class=\"banner-tribunal\" id=\"box-assinatura\">\n        <h3 class=\"titulo-assinatura\">Cursos para TJ RN<\/h3>\n        <p class=\"subtitulo-assinatura\">Conhe\u00e7a os cursos<\/p>\n        <div class=\"box-botao\">\n          <a class=\"btn-assinatura\" target=\"_blank\" href=\"https:\/\/www.estrategiaconcursos.com.br\/cursosPorConcurso\/tribunal-de-justica-do-rio-grande-do-norte-tj-rn\/\" role=\"button\" rel=\"noopener noreferrer\">Conhe\u00e7a mais<\/a>\n        <\/div>\n      <\/div>\n      <p class=\"texto-auxiliar\">Prepare-se com o melhor material e com quem mais aprova em Concursos P\u00fablicos em todo o pa\u00eds.<\/p>\n    <\/div>\n\n  <\/div>\n<\/div>\n\n\n\n<h2 class=\"wp-block-heading\" id=\"datas\">Principais datas do edital TJ RN<\/h2>\n\n\n\n<p class=\"has-background\" style=\"background-color:#d6c5e1\"><strong>Inscri\u00e7\u00f5es<\/strong>: 08\/03 a 10\/04<br \/><strong>Isen\u00e7\u00e3o da taxa<\/strong>: 06 a 08\/03<br \/><strong>\u00daltimo dia para pagamento<\/strong>: 10\/04<br \/><strong>Prova<\/strong>: 04\/06 (superior) e 11\/06 (m\u00e9dio)<\/p>\n\n\n\n<h2 class=\"wp-block-heading\" id=\"cargos-vagas\">Cargos e vagas do edital TJ RN<\/h2>\n\n\n\n<p>Segundo o edital, o quadro de oportunidades \u00e9 o seguinte:<\/p>\n\n\n\n<figure class=\"wp-block-table is-style-stripes\"><table class=\"has-background has-fixed-layout\" style=\"background-color:#9b51e05e\"><tbody><tr><td class=\"has-text-align-center\" data-align=\"center\"><strong>Cargo<\/strong><\/td><td class=\"has-text-align-center\" data-align=\"center\"><strong>Vagas<\/strong><\/td><td class=\"has-text-align-center\" data-align=\"center\"><strong>Sal\u00e1rio inicial<\/strong><\/td><\/tr><tr><td class=\"has-text-align-center\" data-align=\"center\"><a href=\"https:\/\/www.estrategiaconcursos.com.br\/curso\/tj-rn-tecnico-judiciario-area-judiciaria-pacote-2023-pos-edital\/\" target=\"_blank\" rel=\"noreferrer noopener\">T\u00e9cnico Judici\u00e1rio &#8211; \u00e1rea Judici\u00e1ria <\/a><\/td><td class=\"has-text-align-center\" data-align=\"center\">160 +  288 CR<\/td><td class=\"has-text-align-center\" data-align=\"center\">R$ 3.974,08 + R$ 1.700 de aux\u00edlio alimenta\u00e7\u00e3o<\/td><\/tr><tr><td class=\"has-text-align-center\" data-align=\"center\">Analista Judici\u00e1rio &#8211; T.I. An\u00e1lise de Sistemas e An\u00e1lise de Sistemas (Intelig\u00eancia Artificial) <\/td><td class=\"has-text-align-center\" data-align=\"center\">5 + 25 CR<\/td><td class=\"has-text-align-center\" data-align=\"center\">R$ 7.301,18 + R$ 1.700 de aux\u00edlio alimenta\u00e7\u00e3o<\/td><\/tr><tr><td class=\"has-text-align-center\" data-align=\"center\">Tecnologia de Informa\u00e7\u00e3o&nbsp;\u2013&nbsp;An\u00e1lise de Sistemas<\/td><td class=\"has-text-align-center\" data-align=\"center\">25 + 50 CR<\/td><td class=\"has-text-align-center\" data-align=\"center\">R$ 7.301,18 + R$ 1.700 de aux\u00edlio alimenta\u00e7\u00e3o<\/td><\/tr><tr><td class=\"has-text-align-center\" data-align=\"center\">Analista Judici\u00e1rio &#8211; T.I. An\u00e1lise de Suporte<\/td><td class=\"has-text-align-center\" data-align=\"center\">05 + 72 CR<\/td><td class=\"has-text-align-center\" data-align=\"center\">R$ 7.301,18 + R$ 1.700 de aux\u00edlio alimenta\u00e7\u00e3o<\/td><\/tr><tr><td class=\"has-text-align-center\" data-align=\"center\">Analista Judici\u00e1rio &#8211; Psicologia <\/td><td class=\"has-text-align-center\" data-align=\"center\">11 + 68 CR<\/td><td class=\"has-text-align-center\" data-align=\"center\">R$ 6.637,44 + R$ 1.700 de aux\u00edlio alimenta\u00e7\u00e3o<\/td><\/tr><tr><td class=\"has-text-align-center\" data-align=\"center\">Analista Judici\u00e1rio &#8211; Servi\u00e7o Social <\/td><td class=\"has-text-align-center\" data-align=\"center\">08 + 51 CR<\/td><td class=\"has-text-align-center\" data-align=\"center\">R$ 6.637,44 + R$ 1.700 de aux\u00edlio alimenta\u00e7\u00e3o<\/td><\/tr><tr><td class=\"has-text-align-center\" data-align=\"center\"><a href=\"https:\/\/www.estrategiaconcursos.com.br\/curso\/tj-rn-analista-judiciario-contabilidade-ciencias-atuariais-ou-economica-pacotaco-pacote-teorico-passo-estrategico-2023-pre-edital\/\" target=\"_blank\" rel=\"noreferrer noopener\">Analista Judici\u00e1rio &#8211; Contabilidade, Ci\u00eancias Atuariais ou Econ\u00f4mica <\/a><\/td><td class=\"has-text-align-center\" data-align=\"center\">08 + 17 CR<\/td><td class=\"has-text-align-center\" data-align=\"center\">R$ 6.637,44 + R$ 1.700 de aux\u00edlio alimenta\u00e7\u00e3o<\/td><\/tr><tr><td class=\"has-text-align-center\" data-align=\"center\">Analista Judici\u00e1rio &#8211; Hist\u00f3ria ou Museologia <\/td><td class=\"has-text-align-center\" data-align=\"center\">01 + 6 CR<\/td><td class=\"has-text-align-center\" data-align=\"center\">R$ 6.637,44 + R$ 1.700 de aux\u00edlio alimenta\u00e7\u00e3o<\/td><\/tr><tr><td class=\"has-text-align-center\" data-align=\"center\"><a href=\"https:\/\/www.estrategiaconcursos.com.br\/curso\/tj-rn-analista-judiciario-arquivologia-pacote-2023-pos-edital\/\" target=\"_blank\" rel=\"noreferrer noopener\">Analista Judici\u00e1rio &#8211; Arquivologia <\/a><\/td><td class=\"has-text-align-center\" data-align=\"center\">01 + 6 CR<\/td><td class=\"has-text-align-center\" data-align=\"center\">R$ 6.637,44 + R$ 1.700 de aux\u00edlio alimenta\u00e7\u00e3o<\/td><\/tr><tr><td class=\"has-text-align-center\" data-align=\"center\"><a href=\"https:\/\/www.estrategiaconcursos.com.br\/curso\/tj-rn-analista-judiciario-biblioteconomia-pacote-completo-2023-pre-edital\/\" target=\"_blank\" rel=\"noreferrer noopener\">Analista Judici\u00e1rio &#8211; Biblioteconomia <\/a><\/td><td class=\"has-text-align-center\" data-align=\"center\">01 + 6 CR<\/td><td class=\"has-text-align-center\" data-align=\"center\">R$ 6.637,44 + R$ 1.700 de aux\u00edlio alimenta\u00e7\u00e3o<\/td><\/tr><tr><td class=\"has-text-align-center\" data-align=\"center\"><a href=\"https:\/\/www.estrategiaconcursos.com.br\/curso\/tj-rn-analista-judiciario-pedagogia-pacote-completo-2023-pre-edital\/\" target=\"_blank\" rel=\"noreferrer noopener\">Analista Judici\u00e1rio &#8211; Pedagogia <\/a><\/td><td class=\"has-text-align-center\" data-align=\"center\">02 + 6 CR<\/td><td class=\"has-text-align-center\" data-align=\"center\">R$ 6.637,44 + R$ 1.700 de aux\u00edlio alimenta\u00e7\u00e3o<\/td><\/tr><tr><td class=\"has-text-align-center\" data-align=\"center\"><a href=\"https:\/\/www.estrategiaconcursos.com.br\/curso\/tj-rn-analista-judiciario-direito-pacote-2023-pre-edital\/\" target=\"_blank\" rel=\"noreferrer noopener\">Analista Judici\u00e1rio &#8211; Direito <\/a><\/td><td class=\"has-text-align-center\" data-align=\"center\">CR + 48 CR<\/td><td class=\"has-text-align-center\" data-align=\"center\">R$ 6.637,44 + R$ 1.700 de aux\u00edlio alimenta\u00e7\u00e3o<\/td><\/tr><tr><td class=\"has-text-align-center\" data-align=\"center\">Oficial de Justi\u00e7a &#8211; Direito<\/td><td class=\"has-text-align-center\" data-align=\"center\">02 + 48 CR<\/td><td class=\"has-text-align-center\" data-align=\"center\">R$ 6.637,44 + R$ 1.700 de aux\u00edlio alimenta\u00e7\u00e3o<\/td><\/tr><\/tbody><\/table><figcaption class=\"wp-element-caption\">Concurso TJ RN: cargos e vagas<\/figcaption><\/figure>\n\n\n\n<p>Al\u00e9m do aux\u00edlio alimenta\u00e7\u00e3o, todos os cargos ter\u00e3o acr\u00e9scimo de valores referentes ao aux\u00edlio de assist\u00eancia \u00e0 sa\u00fade, de acordo com a faixa et\u00e1ria do servidor p\u00fablico.<\/p>\n\n\n\n<h2 class=\"wp-block-heading\">Requisitos do edital TJ RN<\/h2>\n\n\n\n<p>Os candidatos devem apresentar os seguintes requisitos b\u00e1sicos:<\/p>\n\n\n\n<ul class=\"wp-block-list\">\n<li>Ter nacionalidade brasileira;<\/li>\n\n\n\n<li>Estar em pleno exerc\u00edcio dos direitos civis e pol\u00edticos;<\/li>\n\n\n\n<li>Estar em dia com as obriga\u00e7\u00f5es eleitorais e, em caso de candidato do sexo masculino, tamb\u00e9m com as militares;<\/li>\n\n\n\n<li>Ter comprovados bons antecedentes morais e sociais;<\/li>\n\n\n\n<li>Ter aptid\u00e3o f\u00edsica e mental para o exerc\u00edcio das atribui\u00e7\u00f5es do cargo;<\/li>\n\n\n\n<li>N\u00e3o registrar antecedentes criminais;<\/li>\n\n\n\n<li>N\u00e3o ter sofrido penalidade por pr\u00e1tica de atos desabonadores no exerc\u00edcio profissional;<\/li>\n\n\n\n<li>Ter, no m\u00ednimo, 18 anos de idade na data da inscri\u00e7\u00e3o.<\/li>\n<\/ul>\n\n\n\n<p>Os candidatos dever\u00e3o cumprir os seguintes requisitos espec\u00edficos:<\/p>\n\n\n\n<p><strong>T\u00e9cnico Judici\u00e1rio \u2013 \u00c1rea Judici\u00e1ria<\/strong>: Ensino M\u00e9dio completo ou Curso equivalente, em institui\u00e7\u00e3o de ensino reconhecida pelo Minist\u00e9rio da Educa\u00e7\u00e3o (MEC).<\/p>\n\n\n\n<p><strong>Analista Judici\u00e1rio \u2013 Apoio Especializado \u2013 Tecnologia da Informa\u00e7\u00e3o \u2013 An\u00e1lise de Sistemas<\/strong>: Curso de Gradua\u00e7\u00e3o em Engenharia de Sistemas, Engenharia da Computa\u00e7\u00e3o, Ci\u00eancias da Computa\u00e7\u00e3o, Sistemas de Informa\u00e7\u00e3o ou qualquer curso de gradua\u00e7\u00e3o na \u00e1rea de tecnologia da informa\u00e7\u00e3o, fornecido por institui\u00e7\u00e3o de ensino superior reconhecida pelo Minist\u00e9rio da Educa\u00e7\u00e3o (MEC). Registro ou habilita\u00e7\u00e3o legal para o exerc\u00edcio da profiss\u00e3o e experi\u00eancia profissional comprovada de dois anos, no m\u00ednimo, em atividades relacionadas \u00e0s fun\u00e7\u00f5es do cargo.<\/p>\n\n\n\n<p><strong>Analista Judici\u00e1rio \u2013 Apoio Especializado \u2013 Tecnologia da Informa\u00e7\u00e3o \u2013 An\u00e1lise de Suporte<\/strong>: Curso de Gradua\u00e7\u00e3o em Engenharia de Sistemas, Engenharia da Computa\u00e7\u00e3o, Ci\u00eancias da Computa\u00e7\u00e3o, Estat\u00edstica, Ci\u00eancia de Dados, Sistemas de Informa\u00e7\u00e3o, ou qualquer curso de gradua\u00e7\u00e3o na \u00e1rea de tecnologia da informa\u00e7\u00e3o, fornecido por institui\u00e7\u00e3o de ensino superior reconhecida pelo Minist\u00e9rio da Educa\u00e7\u00e3o (MEC). Registro ou habilita\u00e7\u00e3o legal para o exerc\u00edcio da profiss\u00e3o e experi\u00eancia profissional comprovada de dois anos, no m\u00ednimo, em atividades relacionadas \u00e0s fun\u00e7\u00f5es do cargo.<\/p>\n\n\n\n<p><strong>Analista Judici\u00e1rio \u2013 Apoio Especializado \u2013 Tecnologia da Informa\u00e7\u00e3o \u2013 An\u00e1lise de Sistemas (Intelig\u00eancia Artificial)<\/strong>: Curso de Gradua\u00e7\u00e3o em Engenharia de Sistemas, Engenharia da Computa\u00e7\u00e3o,<br \/>Ci\u00eancias da Computa\u00e7\u00e3o, Sistemas de Informa\u00e7\u00e3o ou qualquer curso de gradua\u00e7\u00e3o na \u00e1rea de tecnologia da informa\u00e7\u00e3o, fornecido por institui\u00e7\u00e3o de ensino superior reconhecida pelo Minist\u00e9rio da Educa\u00e7\u00e3o (MEC). Registro ou habilita\u00e7\u00e3o legal para o exerc\u00edcio da profiss\u00e3o e experi\u00eancia profissional comprovada de dois anos, no m\u00ednimo, em atividades relacionadas \u00e0s fun\u00e7\u00f5es do cargo.<\/p>\n\n\n\n<p><strong>Analista Judici\u00e1rio \u2013 Apoio Especializado \u2013 Psicologia<\/strong>: Curso de Gradua\u00e7\u00e3o em Psicologia, fornecido por institui\u00e7\u00e3o de ensino superior reconhecida pelo Minist\u00e9rio da Educa\u00e7\u00e3o (MEC). Registro ou habilita\u00e7\u00e3o legal para o exerc\u00edcio da profiss\u00e3o.<\/p>\n\n\n\n<p><strong>Analista Judici\u00e1rio \u2013 Apoio Especializado \u2013 Servi\u00e7o Social<\/strong>: Curso de Gradua\u00e7\u00e3o em Servi\u00e7o Social, fornecido por institui\u00e7\u00e3o de ensino superior reconhecida pelo Minist\u00e9rio da Educa\u00e7\u00e3o (MEC). Registro ou habilita\u00e7\u00e3o legal para o exerc\u00edcio da profiss\u00e3o.<\/p>\n\n\n\n<p><strong>Analista Judici\u00e1rio \u2013 Administrativa \u2013 Contabilidade, Ci\u00eancias Atuariais ou Economia<\/strong>: Curso de Gradua\u00e7\u00e3o em Ci\u00eancias Cont\u00e1beis, Ci\u00eancias Atuariais ou Economia, fornecido por institui\u00e7\u00e3o de ensino superior reconhecida pelo Minist\u00e9rio da Educa\u00e7\u00e3o (MEC). Registro ou habilita\u00e7\u00e3o legal para o exerc\u00edcio da profiss\u00e3o.<\/p>\n\n\n\n<p><strong>Analista Judici\u00e1rio \u2013 Apoio Especializado \u2013 Hist\u00f3ria ou Museologia<\/strong>: Curso de Gradua\u00e7\u00e3o, modalidade bacharelado, em Hist\u00f3ria ou em Museologia, fornecido por institui\u00e7\u00e3o de ensino superior reconhecida pelo Minist\u00e9rio da Educa\u00e7\u00e3o (MEC). Registro ou habilita\u00e7\u00e3o legal para o exerc\u00edcio da profiss\u00e3o.<\/p>\n\n\n\n<p><strong>Analista Judici\u00e1rio \u2013 Apoio Especializado \u2013 Arquivologia<\/strong>: Curso de Gradua\u00e7\u00e3o em Arquivologia, fornecido por institui\u00e7\u00e3o de ensino superior reconhecida pelo Minist\u00e9rio da Educa\u00e7\u00e3o (MEC). Registro ou habilita\u00e7\u00e3o legal para o exerc\u00edcio da profiss\u00e3o.<\/p>\n\n\n\n<p><strong>Analista Judici\u00e1rio \u2013 Apoio Especializado \u2013 Biblioteconomia<\/strong>: Curso de Gradua\u00e7\u00e3o em Biblioteconomia, fornecido por institui\u00e7\u00e3o de ensino superior reconhecida pelo Minist\u00e9rio da Educa\u00e7\u00e3o (MEC). Registro ou habilita\u00e7\u00e3o legal para o exerc\u00edcio da profiss\u00e3o.<\/p>\n\n\n\n<p><strong>Analista Judici\u00e1rio \u2013 Apoio Especializado \u2013 Pedagogia<\/strong>: Curso de Gradua\u00e7\u00e3o em Pedagogia, fornecido por institui\u00e7\u00e3o de ensino superior reconhecida pelo Minist\u00e9rio da Educa\u00e7\u00e3o (MEC). Registro ou habilita\u00e7\u00e3o legal para o exerc\u00edcio da profiss\u00e3o.<\/p>\n\n\n\n<p><strong>Analista Judici\u00e1rio \u2013 Judici\u00e1ria \u2013 Direito<\/strong>: Curso de Gradua\u00e7\u00e3o em Direito, fornecido por institui\u00e7\u00e3o de ensino superior reconhecida pelo Minist\u00e9rio da Educa\u00e7\u00e3o (MEC).<\/p>\n\n\n\n<p><strong>Oficial de Justi\u00e7a \u2013 Judici\u00e1ria \u2013 Direito<\/strong>: Curso de Gradua\u00e7\u00e3o em Direito, fornecido por institui\u00e7\u00e3o de ensino superior reconhecida pelo Minist\u00e9rio da Educa\u00e7\u00e3o (MEC).<\/p>\n\n\n\n<h2 class=\"wp-block-heading\" id=\"etapas\">Etapas e provas do edital TJ RN<\/h2>\n\n\n\n<p>A sele\u00e7\u00e3o dos candidatos inscritos no edital TJ RN se dar\u00e1 mediante aplica\u00e7\u00e3o das seguintes etapas:<\/p>\n\n\n\n<ul class=\"wp-block-list\">\n<li>Prova objetiva, de car\u00e1ter eliminat\u00f3rio e classificat\u00f3rio; e<\/li>\n\n\n\n<li>Prova discursiva, de car\u00e1ter eliminat\u00f3rio e classificat\u00f3rio; e<\/li>\n\n\n\n<li>Prova de t\u00edtulos, de car\u00e1ter classificat\u00f3rio. <\/li>\n<\/ul>\n\n\n\n<p>As provas objetivas ser\u00e3o aplicadas no turno da manh\u00e3, em dias distintos, conforme o cargo pretendido:<\/p>\n\n\n\n<ul class=\"wp-block-list\">\n<li>Analista Judici\u00e1rio e Oficial de Justi\u00e7a: 4 de junho; e <\/li>\n\n\n\n<li>T\u00e9cnico Judici\u00e1rio: 11 de junho.<\/li>\n<\/ul>\n\n\n\n<p>As provas objetivas e discursivas ser\u00e3o aplicadas nos munic\u00edpios de Natal, Mossor\u00f3 e Caic\u00f3.<\/p>\n\n\n\n<p>Al\u00e9m disso, haver\u00e1 Per\u00edcia m\u00e9dica dos candidatos que se declararem com defici\u00eancia e Heteroidentifica\u00e7\u00e3o dos candidatos que se declararem negros. <\/p>\n\n\n\n<h3 class=\"wp-block-heading\">Analista Judici\u00e1rio e Oficial de Justi\u00e7a<\/h3>\n\n\n\n<p>O concurso p\u00fablico abranger\u00e1 as seguintes fases para todos os cargos:<\/p>\n\n\n\n<ul class=\"wp-block-list\">\n<li>Prova Objetiva, de car\u00e1ter eliminat\u00f3rio e classificat\u00f3rio;<\/li>\n\n\n\n<li>Prova Escrita Discursiva, de car\u00e1ter eliminat\u00f3rio e classificat\u00f3rio;<\/li>\n\n\n\n<li>Avalia\u00e7\u00e3o de T\u00edtulos, de car\u00e1ter classificat\u00f3rio;<\/li>\n\n\n\n<li>Per\u00edcia m\u00e9dica dos candidatos que se declararem com defici\u00eancia, de car\u00e1ter unicamente eliminat\u00f3rio; e<\/li>\n\n\n\n<li>Heteroidentifica\u00e7\u00e3o dos candidatos que se declararem negros, de car\u00e1ter unicamente eliminat\u00f3rio.<\/li>\n<\/ul>\n\n\n\n<p>Para os cargos de n\u00edvel superior, a prova objetiva ser\u00e1 composta por 70 quest\u00f5es de m\u00faltipla escolha, com cinco alternativas e apenas uma correta. Cada quest\u00e3o valer\u00e1 1 ponto. Das 70 quest\u00f5es, 40 ser\u00e3o para conhecimentos b\u00e1sicos e 30 para conhecimentos espec\u00edficos.<\/p>\n\n\n\n<p>A prova escrita discursiva ser\u00e1 composta de 02 quest\u00f5es discursivas relativas aos Conhecimentos Espec\u00edficos, conforme conte\u00fado program\u00e1tico previsto no edital.<\/p>\n\n\n\n<p>Os candidatos passar\u00e3o ainda por avalia\u00e7\u00e3o de t\u00edtulos. Ap\u00f3s a publica\u00e7\u00e3o do resultado da Prova Escrita Discursiva, a FGV receber\u00e1 os t\u00edtulos dos candidatos aprovados.<\/p>\n\n\n\n<h3 class=\"wp-block-heading\">Tecnologia da Informa\u00e7\u00e3o<\/h3>\n\n\n\n<p>Abranger\u00e1 as seguintes fases:<\/p>\n\n\n\n<ul class=\"wp-block-list\">\n<li>Prova Objetiva, de car\u00e1ter eliminat\u00f3rio e classificat\u00f3rio;<\/li>\n\n\n\n<li>Prova Escrita Discursiva, de car\u00e1ter eliminat\u00f3rio e classificat\u00f3rio;<\/li>\n\n\n\n<li>Avalia\u00e7\u00e3o de T\u00edtulos, de car\u00e1ter classificat\u00f3rio;<\/li>\n\n\n\n<li>Per\u00edcia m\u00e9dica dos candidatos que se declararem com defici\u00eancia, de car\u00e1ter unicamente eliminat\u00f3rio; e<\/li>\n\n\n\n<li>&nbsp;Heteroidentifica\u00e7\u00e3o dos candidatos que se declararem negros, de car\u00e1ter unicamente eliminat\u00f3rio.<\/li>\n<\/ul>\n\n\n\n<p>A prova objetiva ser\u00e1 composta por 70 quest\u00f5es de m\u00faltipla escolha, com cinco alternativas e apenas uma correta. Ser\u00e3o 40 quest\u00f5es de conhecimentos b\u00e1sicos e 30 quest\u00f5es de conhecimentos espec\u00edficos.<\/p>\n\n\n\n<p>A Prova Escrita Discursiva ser\u00e1 composta por 02 quest\u00f5es discursivas relativas aos Conhecimentos Espec\u00edficos, conforme conte\u00fado program\u00e1tico previsto no edital. Ap\u00f3s a publica\u00e7\u00e3o do resultado da Prova Escrita Discursiva, a FGV receber\u00e1 os t\u00edtulos dos candidatos aprovados.<\/p>\n\n\n\n<h3 class=\"wp-block-heading\">T\u00e9cnico Judici\u00e1rio<\/h3>\n\n\n\n<p>Os candidatos ser\u00e3o avaliados nas seguintes etapas: <\/p>\n\n\n\n<ul class=\"wp-block-list\">\n<li>Prova Objetiva, de car\u00e1ter eliminat\u00f3rio e classificat\u00f3rio;<\/li>\n\n\n\n<li>Prova Escrita Discursiva, de car\u00e1ter eliminat\u00f3rio e classificat\u00f3rio;<\/li>\n\n\n\n<li>Per\u00edcia m\u00e9dica dos candidatos que se declararem com defici\u00eancia, de car\u00e1ter unicamente eliminat\u00f3rio; e<\/li>\n\n\n\n<li>Heteroidentifica\u00e7\u00e3o dos candidatos que se declararem negros, de car\u00e1ter unicamente eliminat\u00f3rio.<\/li>\n\n\n\n<li><\/li>\n<\/ul>\n\n\n\n<p>Para os cargos de n\u00edvel m\u00e9dio, a prova objetiva ser\u00e1 composta por 60 quest\u00f5es de m\u00faltipla escolha, numeradas sequencialmente, com cinco alternativas e apenas uma resposta correta. Ser\u00e3o 30 quest\u00f5es para conhecimentos b\u00e1sicos e 30 para conhecimentos espec\u00edficos.<\/p>\n\n\n\n<p>A reda\u00e7\u00e3o dever\u00e1 ser redigida em g\u00eanero dissertativo-argumentativo, com n\u00famero m\u00ednimo de 15  e m\u00e1ximo de 20 linhas.<\/p>\n\n\n\n<p class=\"has-text-align-center has-blush-light-purple-gradient-background has-background has-medium-font-size\">Saiba mais: <strong> <a href=\"https:\/\/www.estrategiaconcursos.com.br\/blog\/concurso-tj-rn\/\" target=\"_blank\" rel=\"noreferrer noopener\">concurso TJ RN<\/a><\/strong><\/p>\n\n\n\n<h2 class=\"has-text-align-center wp-block-heading\" id=\"h-quer-saber-tudo-sobre-concursos-previstos-confira-nossos-artigos\">Quer saber tudo sobre concursos previstos?<br \/>Confira  nossos artigos!<\/h2>\n\n\n\n<ul class=\"wp-block-list\">\n<li><a href=\"https:\/\/www.estrategiaconcursos.com.br\/blog\/concursos-abertos\/\" target=\"_blank\" rel=\"noreferrer noopener\">Concursos abertos<\/a><\/li>\n\n\n\n<li><a href=\"https:\/\/www.estrategiaconcursos.com.br\/blog\/concursos-2023\/\" target=\"_blank\" rel=\"noreferrer noopener\">Concursos 2023<\/a><\/li>\n<\/ul>\n\n\n\n<figure class=\"wp-block-image size-large is-resized\"><img loading=\"lazy\" decoding=\"async\" src=\"https:\/\/dhg1h5j42swfq.cloudfront.net\/2025\/06\/27101122\/ficha-tecnica-1-1024x632.png\" alt=\"Informa\u00e7\u00f5es do edital TJ RN\" class=\"wp-image-702728\" width=\"269\" height=\"166\" srcset=\"https:\/\/dhg1h5j42swfq.cloudfront.net\/2025\/06\/27101122\/ficha-tecnica-1-1024x632.png 1024w, https:\/\/dhg1h5j42swfq.cloudfront.net\/2025\/06\/27101122\/ficha-tecnica-1-300x185.png 300w, https:\/\/dhg1h5j42swfq.cloudfront.net\/2025\/06\/27101122\/ficha-tecnica-1-768x474.png 768w, https:\/\/dhg1h5j42swfq.cloudfront.net\/2025\/06\/27101122\/ficha-tecnica-1-1536x948.png 1536w, https:\/\/dhg1h5j42swfq.cloudfront.net\/2025\/06\/27101122\/ficha-tecnica-1-610x377.png 610w, https:\/\/dhg1h5j42swfq.cloudfront.net\/2025\/06\/27101122\/ficha-tecnica-1.png 1571w\" sizes=\"auto, (max-width: 269px) 100vw, 269px\" \/><\/figure>\n\n\n\n<h3 class=\"wp-block-heading\" id=\"block-ba1614b5-988b-41ef-892d-f4c9f7e9dd42\">Informa\u00e7\u00f5es do edital TJ RN<\/h3>\n\n\n\n<ul class=\"wp-block-list\">\n<li><strong>Inscri\u00e7\u00f5es<\/strong>: 06\/03 a 06\/04<\/li>\n\n\n\n<li><strong>Provas<\/strong>: 04\/06 (superior) e 11\/06 (m\u00e9dio) <\/li>\n\n\n\n<li><strong>Vagas<\/strong>: 229 + CR<\/li>\n\n\n\n<li><strong>Cargos<\/strong>: T\u00e9cnico Judici\u00e1rio e Analista Judici\u00e1rio<\/li>\n\n\n\n<li><strong>Banca<\/strong>: FGV<\/li>\n\n\n\n<li><strong>Escolaridade<\/strong>: m\u00e9dio e superior <\/li>\n\n\n\n<li><strong>Edital<\/strong>:&nbsp;<a href=\"https:\/\/dhg1h5j42swfq.cloudfront.net\/2023\/02\/23201340\/01-tjrn-edital-analista-e-oficial-de-justica-23-02_0-1.pdf\" target=\"_blank\" rel=\"noreferrer noopener nofollow\">Analista Judici\u00e1rio e Oficial de Justi\u00e7a<\/a>\/\/ <a href=\"https:\/\/dhg1h5j42swfq.cloudfront.net\/2023\/02\/23201529\/02-tjrn-edital-analista-tecnologia-da-informacao-23-02_0-1.pdf\" target=\"_blank\" rel=\"noreferrer noopener nofollow\">Analista Judici\u00e1rio &#8211; Tecnologia da Informa\u00e7\u00e3o<\/a> \/\/ <a href=\"https:\/\/dhg1h5j42swfq.cloudfront.net\/2023\/02\/23201817\/03-edital-tjrn-tecnico-23-02_0-1.pdf\" target=\"_blank\" rel=\"noreferrer noopener nofollow\">T\u00e9cnico Judici\u00e1rio<\/a><\/li>\n<\/ul>\n\n\n\n<div class=\"container\" id=\"boxes\">\n  <div class=\"row\">\n\n    <div class=\"col-sm\">\n      <div class=\"banner-tribunal\" id=\"box-assinatura\">\n        <h3 class=\"titulo-assinatura\">Cursos para TJ RN<\/h3>\n        <p class=\"subtitulo-assinatura\">Conhe\u00e7a os cursos<\/p>\n        <div class=\"box-botao\">\n          <a class=\"btn-assinatura\" target=\"_blank\" href=\"https:\/\/www.estrategiaconcursos.com.br\/cursosPorConcurso\/tribunal-de-justica-do-rio-grande-do-norte-tj-rn\/\" role=\"button\" rel=\"noopener noreferrer\">Conhe\u00e7a mais<\/a>\n        <\/div>\n      <\/div>\n      <p class=\"texto-auxiliar\">Prepare-se com o melhor material e com quem mais aprova em Concursos P\u00fablicos em todo o pa\u00eds.<\/p>\n    <\/div>\n\n  <\/div>\n<\/div>\n\n\n\n<div class=\"container\" id=\"boxes\">\n  <div class=\"row\">\n\n    <div class=\"col-sm\">\n      <div class=\"estrategia\" id=\"box-assinatura\">\n        <h3 class=\"titulo-assinatura\">Assinatura de Concursos<\/h3>\n        <p class=\"subtitulo-assinatura\">Assinatura de 1 ano ou 2 anos<\/p>\n        <div class=\"box-botao\">\n          <a class=\"btn-assinatura\" target=\"_blank\" href=\"https:\/\/www.estrategiaconcursos.com.br\/assinaturas\/\" role=\"button\" rel=\"noopener noreferrer\">ASSINE AGORA<\/a>\n        <\/div>\n      <\/div>\n     \n    <\/div><\/div><\/div>\n","protected":false},"excerpt":{"rendered":"<p>O edital do concurso TJ RN Tribunal de Justi\u00e7a do Rio Grande do Norte est\u00e1 com inscri\u00e7\u00f5es abertas! Ao todo, s\u00e3o 229 vagas imediatas mais a forma\u00e7\u00e3o de cadastro de reserva para os cargos T\u00e9cnico Judici\u00e1rio, Oficial de Justi\u00e7a e Analista Judici\u00e1rio, de n\u00edveis m\u00e9dio e superior de escolaridade. Segundo o edital, a remunera\u00e7\u00e3o inicial [&hellip;]<\/p>\n","protected":false},"author":2375,"featured_media":832737,"comment_status":"open","ping_status":"closed","sticky":false,"template":"","format":"standard","meta":{"post_tipo":"news","footnotes":""},"categories":[1984,220219],"tags":[],"tax_estado":[219983],"class_list":["post-1153049","post","type-post","status-publish","format-standard","has-post-thumbnail","hentry","category-tribunais","category-noticias","tax_estado-rn"],"acf":[],"yoast_head":"<!-- This site is optimized with the Yoast SEO Premium plugin v27.2 (Yoast SEO v27.2) - https:\/\/yoast.com\/product\/yoast-seo-premium-wordpress\/ -->\n<title>Edital TJ RN tem inscri\u00e7\u00f5es abertas! Ganhe at\u00e9 R$ 7,3 mil<\/title>\n<meta name=\"description\" content=\"Edital TJ RN \u00e9 publicado com a oferta de vagas para cargos de n\u00edveis m\u00e9dio e superior. Acesse e confira os detalhes completos!\" \/>\n<meta name=\"robots\" content=\"index, follow, max-snippet:-1, max-image-preview:large, max-video-preview:-1\" \/>\n<link rel=\"canonical\" href=\"https:\/\/www.estrategiaconcursos.com.br\/blog\/concurso-tj-rn-edital-publicado\/\" \/>\n<meta property=\"og:locale\" content=\"pt_BR\" \/>\n<meta property=\"og:type\" content=\"article\" \/>\n<meta property=\"og:title\" content=\"Edital TJ RN tem inscri\u00e7\u00f5es abertas! Ganhe at\u00e9 R$ 7,3 mil\" \/>\n<meta property=\"og:description\" content=\"Edital TJ RN \u00e9 publicado com a oferta de vagas para cargos de n\u00edveis m\u00e9dio e superior. Acesse e confira os detalhes completos!\" \/>\n<meta property=\"og:url\" content=\"https:\/\/www.estrategiaconcursos.com.br\/blog\/concurso-tj-rn-edital-publicado\/\" \/>\n<meta property=\"og:site_name\" content=\"Estrat\u00e9gia Concursos\" \/>\n<meta property=\"article:published_time\" content=\"2023-02-23T22:15:00+00:00\" \/>\n<meta property=\"article:modified_time\" content=\"2023-03-08T19:48:25+00:00\" \/>\n<meta property=\"og:image\" content=\"https:\/\/dhg1h5j42swfq.cloudfront.net\/2021\/07\/10170945\/tj-rn.jpeg\" \/>\n\t<meta property=\"og:image:width\" content=\"768\" \/>\n\t<meta property=\"og:image:height\" content=\"432\" \/>\n\t<meta property=\"og:image:type\" content=\"image\/jpeg\" \/>\n<meta name=\"author\" content=\"Priscila Almeida\" \/>\n<meta name=\"twitter:card\" content=\"summary_large_image\" \/>\n<meta name=\"twitter:creator\" content=\"@EstratConcursos\" \/>\n<meta name=\"twitter:site\" content=\"@EstratConcursos\" \/>\n<meta name=\"twitter:label1\" content=\"Escrito por\" \/>\n\t<meta name=\"twitter:data1\" content=\"Priscila Almeida\" \/>\n\t<meta name=\"twitter:label2\" content=\"Est. tempo de leitura\" \/>\n\t<meta name=\"twitter:data2\" content=\"10 minutos\" \/>\n<script type=\"application\/ld+json\" class=\"yoast-schema-graph\">{\"@context\":\"https:\/\/schema.org\",\"@graph\":[{\"@type\":\"NewsArticle\",\"@id\":\"https:\/\/www.estrategiaconcursos.com.br\/blog\/concurso-tj-rn-edital-publicado\/#article\",\"isPartOf\":{\"@id\":\"https:\/\/www.estrategiaconcursos.com.br\/blog\/concurso-tj-rn-edital-publicado\/\"},\"author\":{\"name\":\"Priscila Almeida\",\"@id\":\"https:\/\/www.estrategiaconcursos.com.br\/blog\/#\/schema\/person\/a06e841e501f2e1d8c49c4e8f066bfd1\"},\"headline\":\"Edital TJ RN tem inscri\u00e7\u00f5es abertas! Ganhe at\u00e9 R$ 7,3 mil\",\"datePublished\":\"2023-02-23T22:15:00+00:00\",\"dateModified\":\"2023-03-08T19:48:25+00:00\",\"mainEntityOfPage\":{\"@id\":\"https:\/\/www.estrategiaconcursos.com.br\/blog\/concurso-tj-rn-edital-publicado\/\"},\"wordCount\":2042,\"commentCount\":0,\"publisher\":{\"@id\":\"https:\/\/www.estrategiaconcursos.com.br\/blog\/#organization\"},\"image\":{\"@id\":\"https:\/\/www.estrategiaconcursos.com.br\/blog\/concurso-tj-rn-edital-publicado\/#primaryimage\"},\"thumbnailUrl\":\"https:\/\/dhg1h5j42swfq.cloudfront.net\/2021\/07\/10170945\/tj-rn.jpeg\",\"articleSection\":[\"Tribunais\",\"\u00daltimas not\u00edcias\"],\"inLanguage\":\"pt-BR\",\"potentialAction\":[{\"@type\":\"CommentAction\",\"name\":\"Comment\",\"target\":[\"https:\/\/www.estrategiaconcursos.com.br\/blog\/concurso-tj-rn-edital-publicado\/#respond\"]}],\"copyrightYear\":\"2023\",\"copyrightHolder\":{\"@id\":\"https:\/\/www.estrategiaconcursos.com.br\/blog\/#organization\"}},{\"@type\":\"WebPage\",\"@id\":\"https:\/\/www.estrategiaconcursos.com.br\/blog\/concurso-tj-rn-edital-publicado\/\",\"url\":\"https:\/\/www.estrategiaconcursos.com.br\/blog\/concurso-tj-rn-edital-publicado\/\",\"name\":\"Edital TJ RN tem inscri\u00e7\u00f5es abertas! Ganhe at\u00e9 R$ 7,3 mil\",\"isPartOf\":{\"@id\":\"https:\/\/www.estrategiaconcursos.com.br\/blog\/#website\"},\"primaryImageOfPage\":{\"@id\":\"https:\/\/www.estrategiaconcursos.com.br\/blog\/concurso-tj-rn-edital-publicado\/#primaryimage\"},\"image\":{\"@id\":\"https:\/\/www.estrategiaconcursos.com.br\/blog\/concurso-tj-rn-edital-publicado\/#primaryimage\"},\"thumbnailUrl\":\"https:\/\/dhg1h5j42swfq.cloudfront.net\/2021\/07\/10170945\/tj-rn.jpeg\",\"datePublished\":\"2023-02-23T22:15:00+00:00\",\"dateModified\":\"2023-03-08T19:48:25+00:00\",\"description\":\"Edital TJ RN \u00e9 publicado com a oferta de vagas para cargos de n\u00edveis m\u00e9dio e superior. Acesse e confira os detalhes completos!\",\"breadcrumb\":{\"@id\":\"https:\/\/www.estrategiaconcursos.com.br\/blog\/concurso-tj-rn-edital-publicado\/#breadcrumb\"},\"inLanguage\":\"pt-BR\",\"potentialAction\":[{\"@type\":\"ReadAction\",\"target\":[\"https:\/\/www.estrategiaconcursos.com.br\/blog\/concurso-tj-rn-edital-publicado\/\"]}]},{\"@type\":\"ImageObject\",\"inLanguage\":\"pt-BR\",\"@id\":\"https:\/\/www.estrategiaconcursos.com.br\/blog\/concurso-tj-rn-edital-publicado\/#primaryimage\",\"url\":\"https:\/\/dhg1h5j42swfq.cloudfront.net\/2021\/07\/10170945\/tj-rn.jpeg\",\"contentUrl\":\"https:\/\/dhg1h5j42swfq.cloudfront.net\/2021\/07\/10170945\/tj-rn.jpeg\",\"width\":768,\"height\":432},{\"@type\":\"BreadcrumbList\",\"@id\":\"https:\/\/www.estrategiaconcursos.com.br\/blog\/concurso-tj-rn-edital-publicado\/#breadcrumb\",\"itemListElement\":[{\"@type\":\"ListItem\",\"position\":1,\"name\":\"In\u00edcio\",\"item\":\"https:\/\/www.estrategiaconcursos.com.br\/blog\/\"},{\"@type\":\"ListItem\",\"position\":2,\"name\":\"Edital TJ RN tem inscri\u00e7\u00f5es abertas! Ganhe at\u00e9 R$ 7,3 mil\"}]},{\"@type\":\"WebSite\",\"@id\":\"https:\/\/www.estrategiaconcursos.com.br\/blog\/#website\",\"url\":\"https:\/\/www.estrategiaconcursos.com.br\/blog\/\",\"name\":\"Estrat\u00e9gia Concursos\",\"description\":\"O blog da Estrat\u00e9gia Concursos traz not\u00edcias sobre concursos e artigos de professores oferecendo cursos para concursos (pdf + videaulas) no site.\",\"publisher\":{\"@id\":\"https:\/\/www.estrategiaconcursos.com.br\/blog\/#organization\"},\"potentialAction\":[{\"@type\":\"SearchAction\",\"target\":{\"@type\":\"EntryPoint\",\"urlTemplate\":\"https:\/\/www.estrategiaconcursos.com.br\/blog\/?s={search_term_string}\"},\"query-input\":{\"@type\":\"PropertyValueSpecification\",\"valueRequired\":true,\"valueName\":\"search_term_string\"}}],\"inLanguage\":\"pt-BR\"},{\"@type\":\"Organization\",\"@id\":\"https:\/\/www.estrategiaconcursos.com.br\/blog\/#organization\",\"name\":\"Estrat\u00e9gia Concursos\",\"url\":\"https:\/\/www.estrategiaconcursos.com.br\/blog\/\",\"logo\":{\"@type\":\"ImageObject\",\"inLanguage\":\"pt-BR\",\"@id\":\"https:\/\/www.estrategiaconcursos.com.br\/blog\/#\/schema\/logo\/image\/\",\"url\":\"https:\/\/dhg1h5j42swfq.cloudfront.net\/2025\/06\/03203428\/logo_concursos-1.jpg\",\"contentUrl\":\"https:\/\/dhg1h5j42swfq.cloudfront.net\/2025\/06\/03203428\/logo_concursos-1.jpg\",\"width\":230,\"height\":60,\"caption\":\"Estrat\u00e9gia Concursos\"},\"image\":{\"@id\":\"https:\/\/www.estrategiaconcursos.com.br\/blog\/#\/schema\/logo\/image\/\"},\"sameAs\":[\"https:\/\/x.com\/EstratConcursos\"]},{\"@type\":\"Person\",\"@id\":\"https:\/\/www.estrategiaconcursos.com.br\/blog\/#\/schema\/person\/a06e841e501f2e1d8c49c4e8f066bfd1\",\"name\":\"Priscila Almeida\",\"image\":{\"@type\":\"ImageObject\",\"inLanguage\":\"pt-BR\",\"@id\":\"https:\/\/secure.gravatar.com\/avatar\/0a963c9e2a947fa675b669cea2b5d0ba6dd1cbf46b966190343b6c9973ad3337?s=96&d=mm&r=g\",\"url\":\"https:\/\/secure.gravatar.com\/avatar\/0a963c9e2a947fa675b669cea2b5d0ba6dd1cbf46b966190343b6c9973ad3337?s=96&d=mm&r=g\",\"contentUrl\":\"https:\/\/secure.gravatar.com\/avatar\/0a963c9e2a947fa675b669cea2b5d0ba6dd1cbf46b966190343b6c9973ad3337?s=96&d=mm&r=g\",\"caption\":\"Priscila Almeida\"},\"description\":\"Atua na \u00e1rea de concursos p\u00fablicos desde 2019. As editorias que mais t\u00eam familiaridade s\u00e3o: Tribunais (TJs; TRTs; TREs; TSTs; STJ, STF, STM e TSE); Defensorias; Minist\u00e9rios P\u00fablicos; Procuradorias; Educa\u00e7\u00e3o e Conselhos. Na \u00e1rea de comunica\u00e7\u00e3o, de maneira geral, a caminhada \u00e9 um pouco mais longa - desde 2007. Possui experi\u00eancia em reda\u00e7\u00f5es de r\u00e1dio, TV, Web e impresso, al\u00e9m de desenvolver trabalhos em assessorias de comunica\u00e7\u00e3o institucional, empresarial e p\u00fablicas. Entre outros trabalhos, se destacam a atua\u00e7\u00e3o nas \u00e1reas de Justi\u00e7a, Congresso, Esportes, Sa\u00fade, Agropecu\u00e1ria, Cidades e Avia\u00e7\u00e3o Civil.\",\"url\":\"https:\/\/www.estrategiaconcursos.com.br\/blog\/author\/priscila-almeidaestrategia-com\/\"}]}<\/script>\n<!-- \/ Yoast SEO Premium plugin. -->","yoast_head_json":{"title":"Edital TJ RN tem inscri\u00e7\u00f5es abertas! Ganhe at\u00e9 R$ 7,3 mil","description":"Edital TJ RN \u00e9 publicado com a oferta de vagas para cargos de n\u00edveis m\u00e9dio e superior. Acesse e confira os detalhes completos!","robots":{"index":"index","follow":"follow","max-snippet":"max-snippet:-1","max-image-preview":"max-image-preview:large","max-video-preview":"max-video-preview:-1"},"canonical":"https:\/\/www.estrategiaconcursos.com.br\/blog\/concurso-tj-rn-edital-publicado\/","og_locale":"pt_BR","og_type":"article","og_title":"Edital TJ RN tem inscri\u00e7\u00f5es abertas! Ganhe at\u00e9 R$ 7,3 mil","og_description":"Edital TJ RN \u00e9 publicado com a oferta de vagas para cargos de n\u00edveis m\u00e9dio e superior. Acesse e confira os detalhes completos!","og_url":"https:\/\/www.estrategiaconcursos.com.br\/blog\/concurso-tj-rn-edital-publicado\/","og_site_name":"Estrat\u00e9gia Concursos","article_published_time":"2023-02-23T22:15:00+00:00","article_modified_time":"2023-03-08T19:48:25+00:00","og_image":[{"width":768,"height":432,"url":"https:\/\/dhg1h5j42swfq.cloudfront.net\/2021\/07\/10170945\/tj-rn.jpeg","type":"image\/jpeg"}],"author":"Priscila Almeida","twitter_card":"summary_large_image","twitter_creator":"@EstratConcursos","twitter_site":"@EstratConcursos","twitter_misc":{"Escrito por":"Priscila Almeida","Est. tempo de leitura":"10 minutos"},"schema":{"@context":"https:\/\/schema.org","@graph":[{"@type":"NewsArticle","@id":"https:\/\/www.estrategiaconcursos.com.br\/blog\/concurso-tj-rn-edital-publicado\/#article","isPartOf":{"@id":"https:\/\/www.estrategiaconcursos.com.br\/blog\/concurso-tj-rn-edital-publicado\/"},"author":{"name":"Priscila Almeida","@id":"https:\/\/www.estrategiaconcursos.com.br\/blog\/#\/schema\/person\/a06e841e501f2e1d8c49c4e8f066bfd1"},"headline":"Edital TJ RN tem inscri\u00e7\u00f5es abertas! Ganhe at\u00e9 R$ 7,3 mil","datePublished":"2023-02-23T22:15:00+00:00","dateModified":"2023-03-08T19:48:25+00:00","mainEntityOfPage":{"@id":"https:\/\/www.estrategiaconcursos.com.br\/blog\/concurso-tj-rn-edital-publicado\/"},"wordCount":2042,"commentCount":0,"publisher":{"@id":"https:\/\/www.estrategiaconcursos.com.br\/blog\/#organization"},"image":{"@id":"https:\/\/www.estrategiaconcursos.com.br\/blog\/concurso-tj-rn-edital-publicado\/#primaryimage"},"thumbnailUrl":"https:\/\/dhg1h5j42swfq.cloudfront.net\/2021\/07\/10170945\/tj-rn.jpeg","articleSection":["Tribunais","\u00daltimas not\u00edcias"],"inLanguage":"pt-BR","potentialAction":[{"@type":"CommentAction","name":"Comment","target":["https:\/\/www.estrategiaconcursos.com.br\/blog\/concurso-tj-rn-edital-publicado\/#respond"]}],"copyrightYear":"2023","copyrightHolder":{"@id":"https:\/\/www.estrategiaconcursos.com.br\/blog\/#organization"}},{"@type":"WebPage","@id":"https:\/\/www.estrategiaconcursos.com.br\/blog\/concurso-tj-rn-edital-publicado\/","url":"https:\/\/www.estrategiaconcursos.com.br\/blog\/concurso-tj-rn-edital-publicado\/","name":"Edital TJ RN tem inscri\u00e7\u00f5es abertas! Ganhe at\u00e9 R$ 7,3 mil","isPartOf":{"@id":"https:\/\/www.estrategiaconcursos.com.br\/blog\/#website"},"primaryImageOfPage":{"@id":"https:\/\/www.estrategiaconcursos.com.br\/blog\/concurso-tj-rn-edital-publicado\/#primaryimage"},"image":{"@id":"https:\/\/www.estrategiaconcursos.com.br\/blog\/concurso-tj-rn-edital-publicado\/#primaryimage"},"thumbnailUrl":"https:\/\/dhg1h5j42swfq.cloudfront.net\/2021\/07\/10170945\/tj-rn.jpeg","datePublished":"2023-02-23T22:15:00+00:00","dateModified":"2023-03-08T19:48:25+00:00","description":"Edital TJ RN \u00e9 publicado com a oferta de vagas para cargos de n\u00edveis m\u00e9dio e superior. Acesse e confira os detalhes completos!","breadcrumb":{"@id":"https:\/\/www.estrategiaconcursos.com.br\/blog\/concurso-tj-rn-edital-publicado\/#breadcrumb"},"inLanguage":"pt-BR","potentialAction":[{"@type":"ReadAction","target":["https:\/\/www.estrategiaconcursos.com.br\/blog\/concurso-tj-rn-edital-publicado\/"]}]},{"@type":"ImageObject","inLanguage":"pt-BR","@id":"https:\/\/www.estrategiaconcursos.com.br\/blog\/concurso-tj-rn-edital-publicado\/#primaryimage","url":"https:\/\/dhg1h5j42swfq.cloudfront.net\/2021\/07\/10170945\/tj-rn.jpeg","contentUrl":"https:\/\/dhg1h5j42swfq.cloudfront.net\/2021\/07\/10170945\/tj-rn.jpeg","width":768,"height":432},{"@type":"BreadcrumbList","@id":"https:\/\/www.estrategiaconcursos.com.br\/blog\/concurso-tj-rn-edital-publicado\/#breadcrumb","itemListElement":[{"@type":"ListItem","position":1,"name":"In\u00edcio","item":"https:\/\/www.estrategiaconcursos.com.br\/blog\/"},{"@type":"ListItem","position":2,"name":"Edital TJ RN tem inscri\u00e7\u00f5es abertas! Ganhe at\u00e9 R$ 7,3 mil"}]},{"@type":"WebSite","@id":"https:\/\/www.estrategiaconcursos.com.br\/blog\/#website","url":"https:\/\/www.estrategiaconcursos.com.br\/blog\/","name":"Estrat\u00e9gia Concursos","description":"O blog da Estrat\u00e9gia Concursos traz not\u00edcias sobre concursos e artigos de professores oferecendo cursos para concursos (pdf + videaulas) no site.","publisher":{"@id":"https:\/\/www.estrategiaconcursos.com.br\/blog\/#organization"},"potentialAction":[{"@type":"SearchAction","target":{"@type":"EntryPoint","urlTemplate":"https:\/\/www.estrategiaconcursos.com.br\/blog\/?s={search_term_string}"},"query-input":{"@type":"PropertyValueSpecification","valueRequired":true,"valueName":"search_term_string"}}],"inLanguage":"pt-BR"},{"@type":"Organization","@id":"https:\/\/www.estrategiaconcursos.com.br\/blog\/#organization","name":"Estrat\u00e9gia Concursos","url":"https:\/\/www.estrategiaconcursos.com.br\/blog\/","logo":{"@type":"ImageObject","inLanguage":"pt-BR","@id":"https:\/\/www.estrategiaconcursos.com.br\/blog\/#\/schema\/logo\/image\/","url":"https:\/\/dhg1h5j42swfq.cloudfront.net\/2025\/06\/03203428\/logo_concursos-1.jpg","contentUrl":"https:\/\/dhg1h5j42swfq.cloudfront.net\/2025\/06\/03203428\/logo_concursos-1.jpg","width":230,"height":60,"caption":"Estrat\u00e9gia Concursos"},"image":{"@id":"https:\/\/www.estrategiaconcursos.com.br\/blog\/#\/schema\/logo\/image\/"},"sameAs":["https:\/\/x.com\/EstratConcursos"]},{"@type":"Person","@id":"https:\/\/www.estrategiaconcursos.com.br\/blog\/#\/schema\/person\/a06e841e501f2e1d8c49c4e8f066bfd1","name":"Priscila Almeida","image":{"@type":"ImageObject","inLanguage":"pt-BR","@id":"https:\/\/secure.gravatar.com\/avatar\/0a963c9e2a947fa675b669cea2b5d0ba6dd1cbf46b966190343b6c9973ad3337?s=96&d=mm&r=g","url":"https:\/\/secure.gravatar.com\/avatar\/0a963c9e2a947fa675b669cea2b5d0ba6dd1cbf46b966190343b6c9973ad3337?s=96&d=mm&r=g","contentUrl":"https:\/\/secure.gravatar.com\/avatar\/0a963c9e2a947fa675b669cea2b5d0ba6dd1cbf46b966190343b6c9973ad3337?s=96&d=mm&r=g","caption":"Priscila Almeida"},"description":"Atua na \u00e1rea de concursos p\u00fablicos desde 2019. As editorias que mais t\u00eam familiaridade s\u00e3o: Tribunais (TJs; TRTs; TREs; TSTs; STJ, STF, STM e TSE); Defensorias; Minist\u00e9rios P\u00fablicos; Procuradorias; Educa\u00e7\u00e3o e Conselhos. Na \u00e1rea de comunica\u00e7\u00e3o, de maneira geral, a caminhada \u00e9 um pouco mais longa - desde 2007. Possui experi\u00eancia em reda\u00e7\u00f5es de r\u00e1dio, TV, Web e impresso, al\u00e9m de desenvolver trabalhos em assessorias de comunica\u00e7\u00e3o institucional, empresarial e p\u00fablicas. Entre outros trabalhos, se destacam a atua\u00e7\u00e3o nas \u00e1reas de Justi\u00e7a, Congresso, Esportes, Sa\u00fade, Agropecu\u00e1ria, Cidades e Avia\u00e7\u00e3o Civil.","url":"https:\/\/www.estrategiaconcursos.com.br\/blog\/author\/priscila-almeidaestrategia-com\/"}]}},"_links":{"self":[{"href":"https:\/\/www.estrategiaconcursos.com.br\/blog\/wp-json\/wp\/v2\/posts\/1153049","targetHints":{"allow":["GET"]}}],"collection":[{"href":"https:\/\/www.estrategiaconcursos.com.br\/blog\/wp-json\/wp\/v2\/posts"}],"about":[{"href":"https:\/\/www.estrategiaconcursos.com.br\/blog\/wp-json\/wp\/v2\/types\/post"}],"author":[{"embeddable":true,"href":"https:\/\/www.estrategiaconcursos.com.br\/blog\/wp-json\/wp\/v2\/users\/2375"}],"replies":[{"embeddable":true,"href":"https:\/\/www.estrategiaconcursos.com.br\/blog\/wp-json\/wp\/v2\/comments?post=1153049"}],"version-history":[{"count":24,"href":"https:\/\/www.estrategiaconcursos.com.br\/blog\/wp-json\/wp\/v2\/posts\/1153049\/revisions"}],"predecessor-version":[{"id":1183856,"href":"https:\/\/www.estrategiaconcursos.com.br\/blog\/wp-json\/wp\/v2\/posts\/1153049\/revisions\/1183856"}],"wp:featuredmedia":[{"embeddable":true,"href":"https:\/\/www.estrategiaconcursos.com.br\/blog\/wp-json\/wp\/v2\/media\/832737"}],"wp:attachment":[{"href":"https:\/\/www.estrategiaconcursos.com.br\/blog\/wp-json\/wp\/v2\/media?parent=1153049"}],"wp:term":[{"taxonomy":"category","embeddable":true,"href":"https:\/\/www.estrategiaconcursos.com.br\/blog\/wp-json\/wp\/v2\/categories?post=1153049"},{"taxonomy":"post_tag","embeddable":true,"href":"https:\/\/www.estrategiaconcursos.com.br\/blog\/wp-json\/wp\/v2\/tags?post=1153049"},{"taxonomy":"tax_estado","embeddable":true,"href":"https:\/\/www.estrategiaconcursos.com.br\/blog\/wp-json\/wp\/v2\/tax_estado?post=1153049"}],"curies":[{"name":"wp","href":"https:\/\/api.w.org\/{rel}","templated":true}]}}