{"id":1152979,"date":"2023-01-31T14:47:50","date_gmt":"2023-01-31T17:47:50","guid":{"rendered":"https:\/\/www.estrategiaconcursos.com.br\/blog\/?p=1152979"},"modified":"2023-01-31T15:05:47","modified_gmt":"2023-01-31T18:05:47","slug":"tj-es-responsabilidade-civil","status":"publish","type":"post","link":"https:\/\/www.estrategiaconcursos.com.br\/blog\/tj-es-responsabilidade-civil\/","title":{"rendered":"TJ ES: Responsabilidade Civil"},"content":{"rendered":"\n<p>No artigo de hoje, TJ ES: Responsabilidade Civil, um resumo dos principais pontos ser\u00e1 apresentado para voc\u00ea que precisa saber para a prova, conforme an\u00e1lise da <a href=\"https:\/\/www.cebraspe.org.br\/\">Cebraspe<\/a>.<\/p>\n\n\n\n<figure class=\"wp-block-image aligncenter size-full\"><img loading=\"lazy\" decoding=\"async\" width=\"194\" height=\"191\" src=\"https:\/\/dhg1h5j42swfq.cloudfront.net\/2023\/01\/16074243\/tj-es.png\" alt=\"TJ ES: Responsabilidade Civil\" class=\"wp-image-1152980\" srcset=\"https:\/\/dhg1h5j42swfq.cloudfront.net\/2023\/01\/16074243\/tj-es.png 194w, https:\/\/dhg1h5j42swfq.cloudfront.net\/2023\/01\/16074243\/tj-es-96x96.png 96w, https:\/\/dhg1h5j42swfq.cloudfront.net\/2023\/01\/16074243\/tj-es-150x148.png 150w\" sizes=\"auto, (max-width: 194px) 100vw, 194px\" \/><figcaption class=\"wp-element-caption\">TJ ES<\/figcaption><\/figure>\n\n\n\n<h2 class=\"wp-block-heading\" id=\"h-tj-es-responsabilidade-civil-responsabilidade-civil-do-estado-no-direito-brasileiro\">TJ ES: Responsabilidade Civil &#8211; Responsabilidade civil do Estado no direito brasileiro<\/h2>\n\n\n\n<p>No Brasil, vigora a<strong> responsabilidade objetiva<\/strong> do Estado, <strong>na modalidade de risco administrativo<\/strong>, nos termos do art. 37, \u00a76\u00ba, da Constitui\u00e7\u00e3o Federal, veja:<\/p>\n\n\n\n<p>Essa modalidade n\u00e3o alcan\u00e7a, por\u00e9m, os danos decorrentes de omiss\u00e3o da Administra\u00e7\u00e3o P\u00fablica, que, nesses casos, ser\u00e3o indenizados conforme a teoria da culpa administrativa.<\/p>\n\n\n\n<blockquote class=\"wp-block-quote is-layout-flow wp-block-quote-is-layout-flow\">\n<p>\u00a76\u00ba &#8211; As pessoas jur\u00eddicas de direito p\u00fablico e as de direito privado prestadoras de servi\u00e7os p\u00fablicos responder\u00e3o pelos danos que seus agentes, nessa qualidade, causarem a terceiros, assegurado o direito de regresso contra o respons\u00e1vel nos casos de dolo ou culpa.<\/p>\n<\/blockquote>\n\n\n\n<p>Essa modalidade (objetiva &#8211; risco administrativo) n\u00e3o alcan\u00e7a, por\u00e9m, os danos decorrentes de omiss\u00e3o da Administra\u00e7\u00e3o P\u00fablica, que, nesses casos, ser\u00e3o indenizados conforme a teoria da culpa administrativa.<\/p>\n\n\n\n<p>Como se percebe, o dispositivo alcan\u00e7a as pessoas jur\u00eddicas de direito p\u00fablico e de direito privado prestadoras de servi\u00e7os p\u00fablicos. Portanto, a <strong>abrang\u00eancia<\/strong> alcan\u00e7a:<\/p>\n\n\n\n<p>a) a administra\u00e7\u00e3o direta, as autarquias e as funda\u00e7\u00f5es p\u00fablicas de direito p\u00fablico, independentemente das atividades que realizam;<\/p>\n\n\n\n<p>b) as empresas p\u00fablicas, as sociedades de economia mista, quando forem prestadoras de servi\u00e7os p\u00fablicos;<\/p>\n\n\n\n<p>c) as delegat\u00e1rias de servi\u00e7o p\u00fablico (pessoas privadas que prestam servi\u00e7o p\u00fablico por delega\u00e7\u00e3o do Estado \u2013 concess\u00e3o, permiss\u00e3o ou autoriza\u00e7\u00e3o de servi\u00e7o p\u00fablico).<\/p>\n\n\n\n<p>Como se observa, a responsabilidade objetiva alcan\u00e7a at\u00e9 mesmo os agentes de empresas particulares, que n\u00e3o integram a Administra\u00e7\u00e3o P\u00fablica, <strong>quando prestarem servi\u00e7os p\u00fablicos por delega\u00e7\u00e3o<\/strong> do Estado.<\/p>\n\n\n\n<h2 class=\"wp-block-heading\" id=\"h-tj-es-responsabilidade-civil-responsabilidade-subjetiva-por-omissao-do-estado\">TJ ES: Responsabilidade Civil &#8211; Responsabilidade Subjetiva (por omiss\u00e3o) do Estado<\/h2>\n\n\n\n<p>No caso de <strong>omiss\u00e3o<\/strong> do Estado <strong>(<em>faute du servisse<\/em>)<\/strong> a responsabilidade ser\u00e1<strong> subjetiva<\/strong>.<\/p>\n\n\n\n<p>Dessa forma, \u00e9 necess\u00e1rio que o lesado comprove a omiss\u00e3o do Estado, que deixou de agir quando tinha obriga\u00e7\u00e3o.<\/p>\n\n\n\n<p>Entretanto, h\u00e1 que se destacar que essa deve ser uma omiss\u00e3o il\u00edcita, ilegal, uma verdadeira falta de servi\u00e7o, isto \u00e9, o servi\u00e7o n\u00e3o existiu, ou funcionou mal ou funcionou atrasado.<\/p>\n\n\n\n<h2 class=\"wp-block-heading\" id=\"h-responsabilidade-objetiva-do-estado\">Responsabilidade OBJETIVA do Estado<\/h2>\n\n\n\n<p><strong>A responsabilidade do Prestador de Servi\u00e7o P\u00fablico (de direito p\u00fablico ou privado)<\/strong> \u00e9 com base na responsabilidade o<strong>bjetiva.<\/strong><\/p>\n\n\n\n<p>A responsabilidade objetiva do Estado exige a presen\u00e7a dos seguintes pressupostos: conduta, dano e nexo causal.<\/p>\n\n\n\n<p>Dessa forma, se algu\u00e9m desejar obter o ressarcimento por dano causado pelo Estado, em decorr\u00eancia de uma a\u00e7\u00e3o comissiva, dever\u00e1 comprovar que:<\/p>\n\n\n\n<p>(a) existiu a conduta de um agente p\u00fablico agindo nessa qualidade (oficialidade da conduta causal);<\/p>\n\n\n\n<p>(b) que ocorreu um dano; e<\/p>\n\n\n\n<p>(c) que existe nexo de causalidade entre a conduta do agente p\u00fablico e o dano sofrido, ou seja, que foi aquela conduta do agente estatal que gerou o dano.<\/p>\n\n\n\n<h2 class=\"wp-block-heading\" id=\"h-dano\">Dano<\/h2>\n\n\n\n<p>Para que ocorra a responsabilidade civil do Estado, a pessoa dever\u00e1 comprovar que sofreu algum dano \u2013 ou resultado. Esse dano deve afetar um direito juridicamente tutelado pelo Estado, ou seja, <strong>o dano deve ser jur\u00eddico, e n\u00e3o apenas econ\u00f4mico<\/strong>.<\/p>\n\n\n\n<p>Portanto, a a\u00e7\u00e3o estatal deve infringir um direito do particular para que exista o dever de indenizar. Se o dano sofrido n\u00e3o representar um direito juridicamente tutelado, n\u00e3o h\u00e1 que se falar em responsabilidade estatal.<\/p>\n\n\n\n<p>Nesse contexto, o Prof. Celso Ant\u00f4nio Bandeira de Mello apresenta o exemplo da mudan\u00e7a de uma escola, de um museu, de um teatro, de uma&nbsp; biblioteca ou de uma reparti\u00e7\u00e3o que pode representar preju\u00edzo para um comerciante do local, na medida em que subtrai toda a clientela natural derivada dos usu\u00e1rios daqueles estabelecimentos transferidos. Nesse caso, n\u00e3o h\u00e1 d\u00favida sobre o dano patrimonial sofrido pelo particular.<\/p>\n\n\n\n<p>No entanto, n\u00e3o h\u00e1 dano jur\u00eddico, motivo pelo qual n\u00e3o se fala em indeniza\u00e7\u00e3o. Com efeito, o dano pode decorrer de uma a\u00e7\u00e3o l\u00edcita do Estado.<\/p>\n\n\n\n<h2 class=\"wp-block-heading\">Conflito de Interesses<\/h2>\n\n\n\n<p>Por\u00e9m, quando gerar conflito de interesses ou de direitos, poder\u00e1 gerar o dever de indenizar. Um exemplo de Lucas Rocha Furtado \u00e9 interessante nesse ponto. No caso da constru\u00e7\u00e3o de uma represa que inundar\u00e1 propriedades privadas, trata-se de uma a\u00e7\u00e3o l\u00edcita do Estado \u2013 o que n\u00e3o legitima uma a\u00e7\u00e3o para impedir a execu\u00e7\u00e3o dessa obra, haja vista ser l\u00edcito ao Estado construir represas. <\/p>\n\n\n\n<p>No entanto, haver\u00e1 clara viola\u00e7\u00e3o ao direito de propriedade privada, o que, aliado ao dano sofrido pelo particular com a destrui\u00e7\u00e3o dos bens, justifica o direito de pedir indeniza\u00e7\u00e3o.<\/p>\n\n\n\n<p>Portanto, no primeiro caso \u2013 mudan\u00e7a da escola e outras reparti\u00e7\u00f5es \u2013 n\u00e3o houve viola\u00e7\u00e3o a direito juridicamente tutelado; no segundo caso \u2013 constru\u00e7\u00e3o da represa que inundar\u00e1 propriedades privadas \u2013, ocorreu viola\u00e7\u00e3o ao direito juridicamente tutelado de propriedade.<\/p>\n\n\n\n<p>Com efeito, o dano a ser indenizado pode ser de natureza patrimonial (dano material) ou moral. Dessa forma, se uma fam\u00edlia for humilhada por um agente p\u00fablico durante o atendimento em uma reparti\u00e7\u00e3o p\u00fablica ou se algu\u00e9m for submetido a uma revista policial, de maneira vexat\u00f3ria, poder\u00e1 ocorrer o dever de indenizar decorrente de dano moral.<\/p>\n\n\n\n<h2 class=\"wp-block-heading\" id=\"h-tj-es-responsabilidade-civil-conduta\">TJ ES: Responsabilidade Civil \u2013 Conduta<\/h2>\n\n\n\n<p>Para reclamar a indeniza\u00e7\u00e3o, o terceiro prejudicado dever\u00e1 comprovar que houve a conduta de um agente p\u00fablico agindo nessa qualidade.<\/p>\n\n\n\n<p>O primeiro ponto se refere ao conceito de <strong>agente p\u00fablico em concep\u00e7\u00e3o ampla<\/strong>, que, como vimos, deve ser considerado em acep\u00e7\u00e3o ampla, incluindo os agentes da administra\u00e7\u00e3o direta, das autarquias, das funda\u00e7\u00f5es p\u00fablicas; das empresas p\u00fablicas e sociedades de economia mista, quando prestadoras de servi\u00e7o p\u00fablico; dos delegat\u00e1rios de servi\u00e7o p\u00fablico.<\/p>\n\n\n\n<p>Al\u00e9m disso, deve ser comprovado que a conduta foi praticada na <strong>qualidade de agente p\u00fablico<\/strong>. Por essa raz\u00e3o, alguns autores falam em oficialidade da conduta causal.<\/p>\n\n\n\n<p>Para fins de responsabilidade extracontratual do Estado, considera-se que a atua\u00e7\u00e3o ocorreu na qualidade de agente estatal n\u00e3o somente no exerc\u00edcio das fun\u00e7\u00f5es \u2013 da compet\u00eancia funcional do agente \u2013, mas tamb\u00e9m fora do exerc\u00edcio das fun\u00e7\u00f5es, desde que a atua\u00e7\u00e3o decorra da qualidade de agente p\u00fablico. Nesse sentido, diz-se que o Estado possui culpa <em>in eligendo<\/em> (culpa em escolher o agente) e culpa in vigilando (culpa em n\u00e3o vigiar o agente).<\/p>\n\n\n\n<h2 class=\"wp-block-heading\" id=\"h-nexo-de-causalidade\">Nexo de causalidade<\/h2>\n\n\n\n<p>O nexo causal ocorre quando h\u00e1<strong> rela\u00e7\u00e3o entre a conduta estatal e o dano sofrido pelo terceiro<\/strong>. Dessa forma, deve-se comprovar que foi a conduta estatal que causou o dano.<\/p>\n\n\n\n<p>Tem-se como exemplo: <\/p>\n\n\n\n<p>Durante o socorro a v\u00edtimas de um acidente de tr\u00e2nsito, a maca utilizada para transportar um dos feridos quebra e a v\u00edtima se choca contra o solo. Posteriormente, a pessoa vem a falecer. <\/p>\n\n\n\n<p>Entretanto, ficou comprovado que a queda n\u00e3o teve rela\u00e7\u00e3o com a morte da pessoa, mas sim a pancada que ela sofreu na cabe\u00e7a no acidente de tr\u00e2nsito. No caso, n\u00e3o h\u00e1 rela\u00e7\u00e3o entre a conduta estatal e o \u00f3bito, uma vez que a causa foi, na verdade, o acidente.<\/p>\n\n\n\n<p>Nesse contexto, ao se afirmar que a responsabilidade civil do Estado \u00e9 objetiva, dispensa-se a comprova\u00e7\u00e3o do elemento subjetivo, ou seja, do dolo ou culpa. Entretanto, o terceiro que deseja obter indeniza\u00e7\u00e3o dever\u00e1 comprovar o nexo causal.<\/p>\n\n\n\n<h2 class=\"wp-block-heading\" id=\"h-tj-es-responsabilidade-civil-acao-regressiva\">TJ ES: Responsabilidade Civil &#8211; A\u00e7\u00e3o Regressiva<\/h2>\n\n\n\n<p>A a\u00e7\u00e3o regressiva \u00e9 a prerrogativa de que disp\u00f5e a Administra\u00e7\u00e3o P\u00fablica (APU) de buscar indeniza\u00e7\u00e3o dos agentes p\u00fablicos por sua atua\u00e7\u00e3o culposa ou dolosa,<\/p>\n\n\n\n<p>caso esta fique comprovada. Na pr\u00e1tica: se voc\u00ea for prejudicado pela que o preju\u00edzo do particular ocorreu porque o agente agiu de forma culposa ou dolosa, ir\u00e1 mover a\u00e7\u00e3o contra este pelos preju\u00edzos aos cofres p\u00fablicos.<\/p>\n\n\n\n<h2 class=\"wp-block-heading\" id=\"h-tj-es-responsabilidade-civil-reparacao-do-dano-pelo-estado-indenizando-o-terceiro-lesado\">TJ ES: Responsabilidade Civil &#8211; Repara\u00e7\u00e3o do dano pelo Estado indenizando o terceiro lesado<\/h2>\n\n\n\n<p>A repara\u00e7\u00e3o do dano poder\u00e1 ocorrer de forma amig\u00e1vel ou por meio de a\u00e7\u00e3o judicial movida pelo terceiro prejudicado contra a pessoa jur\u00eddica de direito p\u00fablico ou de direito privado prestadora de servi\u00e7o p\u00fablico. Dessa forma, o particular lesionado deve propor a a\u00e7\u00e3o contra a Administra\u00e7\u00e3o P\u00fablica e n\u00e3o contra o agente causador do dano.<\/p>\n\n\n\n<p>Nesse contexto, se Fulano de Tal, servidor p\u00fablico da Uni\u00e3o, causar um dano a terceiro, agindo na qualidade de agente p\u00fablico, a a\u00e7\u00e3o dever\u00e1 ser movida contra a Uni\u00e3o, e n\u00e3o contra Fulano de Tal.<\/p>\n\n\n\n<h2 class=\"wp-block-heading\" id=\"h-direito-de-regresso\">Direito de regresso<\/h2>\n\n\n\n<p>Analisando o \u00a76\u00ba, art. 37, da CF, podemos perceber que existem dois tipos de responsabilidade:<\/p>\n\n\n\n<p>a) a <strong>responsabilidade objetiva<\/strong> do Estado perante os terceiros lesados;<\/p>\n\n\n\n<p>b) a<strong> responsabilidade subjetiva<\/strong> dos agentes causadores de dano, amparando o <strong>direito de regresso<\/strong> do Estado, nos casos de dolo ou culpa.<\/p>\n\n\n\n<p>No primeiro caso, temos a responsabilidade civil do Estado, conforme estudamos ao longo da aula. Entretanto, se ficar comprovado dolo ou culpa do agente causador do dano, assegura-se o direito de regresso do Estado perante esse agente, ou seja, a Administra\u00e7\u00e3o P\u00fablica poder\u00e1 reaver os custos da indeniza\u00e7\u00e3o do dano.<\/p>\n\n\n\n<h2 class=\"wp-block-heading\" id=\"h-tj-es-responsabilidade-civil-prescricao\">TJ ES: Responsabilidade Civil &#8211; Prescri\u00e7\u00e3o<\/h2>\n\n\n\n<p>No que se refere \u00e0 <strong>prescri\u00e7\u00e3o<\/strong>, devemos considerar que duas a\u00e7\u00f5es podem ser propostas:<\/p>\n\n\n\n<p>(a) <strong>em face do Estado, movida pelo terceiro lesado<\/strong>;<\/p>\n\n\n\n<p>(b) a\u00e7\u00e3o regressiva contra o agente, nos casos de dolo ou culpa, movida pelo Estado quando condenado a reparar preju\u00edzos causados.<\/p>\n\n\n\n<p>Quanto ao prazo prescricional da a\u00e7\u00e3o movida pelo terceiro lesado em face do Estado, h\u00e1 alguma diverg\u00eancia na jurisprud\u00eancia, mas a tend\u00eancia atual \u00e9 de considerar que <strong>o prazo \u00e9 de cinco anos<\/strong>, conforme consta o Decreto 20.910\/1932 e no art. 1\u00ba-C da Lei 9.494\/1997. <\/p>\n\n\n\n<p>O STJ chegou a considerar que este prazo teria sido revogado pelo C\u00f3digo Civil de 2002, que estabelecia, no art. 206, o prazo de tr\u00eas anos.<\/p>\n\n\n\n<p>Concluindo este artigo, pode-se afirmar que foram trazidos os principais t\u00f3picos de Responsabilidade Civil.<\/p>\n\n\n\n<p>Assim, foque em saber n\u00e3o s\u00f3 os conceitos, mas tamb\u00e9m na resolu\u00e7\u00e3o massiva de quest\u00f5es.<\/p>\n\n\n\n<p>Um abra\u00e7o e bons estudos!<\/p>\n\n\n\n<h2 class=\"has-text-align-center wp-block-heading\" id=\"quer-saber-tudo-sobre-concursos-previstos-confira-nossos-artigos\">Quer saber tudo sobre concursos previstos?<br \/>Confira nossos artigos!<\/h2>\n\n\n\n<p class=\"has-text-align-center has-pale-cyan-blue-background-color has-background has-medium-font-size\"><a href=\"https:\/\/www.estrategiaconcursos.com.br\/blog\/concursos-abertos\/\" target=\"_blank\" rel=\"noreferrer noopener\">Concursos abertos<\/a><\/p>\n\n\n\n<p class=\"has-text-align-center has-pale-cyan-blue-background-color has-background has-medium-font-size\"><a href=\"https:\/\/www.estrategiaconcursos.com.br\/blog\/concursos-2023\/\" target=\"_blank\" rel=\"noreferrer noopener\">Concursos 2023<\/a><\/p>\n","protected":false},"excerpt":{"rendered":"<p>No artigo de hoje, TJ ES: Responsabilidade Civil, um resumo dos principais pontos ser\u00e1 apresentado para voc\u00ea que precisa saber para a prova, conforme an\u00e1lise da Cebraspe. TJ ES: Responsabilidade Civil &#8211; Responsabilidade civil do Estado no direito brasileiro No Brasil, vigora a responsabilidade objetiva do Estado, na modalidade de risco administrativo, nos termos do [&hellip;]<\/p>\n","protected":false},"author":1462,"featured_media":1152981,"comment_status":"open","ping_status":"closed","sticky":false,"template":"","format":"standard","meta":{"post_tipo":"article","footnotes":""},"categories":[1984],"tags":[221287],"tax_estado":[219971],"class_list":["post-1152979","post","type-post","status-publish","format-standard","has-post-thumbnail","hentry","category-tribunais","tag-tj-es","tax_estado-es"],"acf":[],"yoast_head":"<!-- This site is optimized with the Yoast SEO Premium plugin v27.2 (Yoast SEO v27.2) - https:\/\/yoast.com\/product\/yoast-seo-premium-wordpress\/ -->\n<title>TJ ES: Responsabilidade Civil<\/title>\n<meta name=\"description\" content=\"TJ ES: Responsabilidade Civil. Concurso da \u00e1rea de Tribunais. Tribunal de Justi\u00e7a do Estado do Esp\u00edrito Santo.\" \/>\n<meta name=\"robots\" content=\"index, follow, max-snippet:-1, max-image-preview:large, max-video-preview:-1\" \/>\n<link rel=\"canonical\" href=\"https:\/\/www.estrategiaconcursos.com.br\/blog\/tj-es-responsabilidade-civil\/\" \/>\n<meta property=\"og:locale\" content=\"pt_BR\" \/>\n<meta property=\"og:type\" content=\"article\" \/>\n<meta property=\"og:title\" content=\"TJ ES: Responsabilidade Civil\" \/>\n<meta property=\"og:description\" content=\"TJ ES: Responsabilidade Civil. Concurso da \u00e1rea de Tribunais. Tribunal de Justi\u00e7a do Estado do Esp\u00edrito Santo.\" \/>\n<meta property=\"og:url\" content=\"https:\/\/www.estrategiaconcursos.com.br\/blog\/tj-es-responsabilidade-civil\/\" \/>\n<meta property=\"og:site_name\" content=\"Estrat\u00e9gia Concursos\" \/>\n<meta property=\"article:published_time\" content=\"2023-01-31T17:47:50+00:00\" \/>\n<meta property=\"article:modified_time\" content=\"2023-01-31T18:05:47+00:00\" \/>\n<meta property=\"og:image\" content=\"https:\/\/dhg1h5j42swfq.cloudfront.net\/2023\/01\/16074340\/tj-es-1.png\" \/>\n\t<meta property=\"og:image:width\" content=\"194\" \/>\n\t<meta property=\"og:image:height\" content=\"191\" \/>\n\t<meta property=\"og:image:type\" content=\"image\/png\" \/>\n<meta name=\"author\" content=\"Felipe Fernando Azevedo da Rocha\" \/>\n<meta name=\"twitter:card\" content=\"summary_large_image\" \/>\n<meta name=\"twitter:creator\" content=\"@EstratConcursos\" \/>\n<meta name=\"twitter:site\" content=\"@EstratConcursos\" \/>\n<meta name=\"twitter:label1\" content=\"Escrito por\" \/>\n\t<meta name=\"twitter:data1\" content=\"Felipe Fernando Azevedo da Rocha\" \/>\n\t<meta name=\"twitter:label2\" content=\"Est. tempo de leitura\" \/>\n\t<meta name=\"twitter:data2\" content=\"9 minutos\" \/>\n<script type=\"application\/ld+json\" class=\"yoast-schema-graph\">{\"@context\":\"https:\/\/schema.org\",\"@graph\":[{\"@type\":\"NewsArticle\",\"@id\":\"https:\/\/www.estrategiaconcursos.com.br\/blog\/tj-es-responsabilidade-civil\/#article\",\"isPartOf\":{\"@id\":\"https:\/\/www.estrategiaconcursos.com.br\/blog\/tj-es-responsabilidade-civil\/\"},\"author\":{\"name\":\"Felipe Fernando Azevedo da Rocha\",\"@id\":\"https:\/\/www.estrategiaconcursos.com.br\/blog\/#\/schema\/person\/425ec856669a603120a09fed3a635808\"},\"headline\":\"TJ ES: Responsabilidade Civil\",\"datePublished\":\"2023-01-31T17:47:50+00:00\",\"dateModified\":\"2023-01-31T18:05:47+00:00\",\"mainEntityOfPage\":{\"@id\":\"https:\/\/www.estrategiaconcursos.com.br\/blog\/tj-es-responsabilidade-civil\/\"},\"wordCount\":1761,\"commentCount\":0,\"publisher\":{\"@id\":\"https:\/\/www.estrategiaconcursos.com.br\/blog\/#organization\"},\"image\":{\"@id\":\"https:\/\/www.estrategiaconcursos.com.br\/blog\/tj-es-responsabilidade-civil\/#primaryimage\"},\"thumbnailUrl\":\"https:\/\/dhg1h5j42swfq.cloudfront.net\/2023\/01\/16074340\/tj-es-1.png\",\"keywords\":[\"TJ ES\"],\"articleSection\":[\"Tribunais\"],\"inLanguage\":\"pt-BR\",\"potentialAction\":[{\"@type\":\"CommentAction\",\"name\":\"Comment\",\"target\":[\"https:\/\/www.estrategiaconcursos.com.br\/blog\/tj-es-responsabilidade-civil\/#respond\"]}],\"copyrightYear\":\"2023\",\"copyrightHolder\":{\"@id\":\"https:\/\/www.estrategiaconcursos.com.br\/blog\/#organization\"}},{\"@type\":\"WebPage\",\"@id\":\"https:\/\/www.estrategiaconcursos.com.br\/blog\/tj-es-responsabilidade-civil\/\",\"url\":\"https:\/\/www.estrategiaconcursos.com.br\/blog\/tj-es-responsabilidade-civil\/\",\"name\":\"TJ ES: Responsabilidade Civil\",\"isPartOf\":{\"@id\":\"https:\/\/www.estrategiaconcursos.com.br\/blog\/#website\"},\"primaryImageOfPage\":{\"@id\":\"https:\/\/www.estrategiaconcursos.com.br\/blog\/tj-es-responsabilidade-civil\/#primaryimage\"},\"image\":{\"@id\":\"https:\/\/www.estrategiaconcursos.com.br\/blog\/tj-es-responsabilidade-civil\/#primaryimage\"},\"thumbnailUrl\":\"https:\/\/dhg1h5j42swfq.cloudfront.net\/2023\/01\/16074340\/tj-es-1.png\",\"datePublished\":\"2023-01-31T17:47:50+00:00\",\"dateModified\":\"2023-01-31T18:05:47+00:00\",\"description\":\"TJ ES: Responsabilidade Civil. Concurso da \u00e1rea de Tribunais. Tribunal de Justi\u00e7a do Estado do Esp\u00edrito Santo.\",\"breadcrumb\":{\"@id\":\"https:\/\/www.estrategiaconcursos.com.br\/blog\/tj-es-responsabilidade-civil\/#breadcrumb\"},\"inLanguage\":\"pt-BR\",\"potentialAction\":[{\"@type\":\"ReadAction\",\"target\":[\"https:\/\/www.estrategiaconcursos.com.br\/blog\/tj-es-responsabilidade-civil\/\"]}]},{\"@type\":\"ImageObject\",\"inLanguage\":\"pt-BR\",\"@id\":\"https:\/\/www.estrategiaconcursos.com.br\/blog\/tj-es-responsabilidade-civil\/#primaryimage\",\"url\":\"https:\/\/dhg1h5j42swfq.cloudfront.net\/2023\/01\/16074340\/tj-es-1.png\",\"contentUrl\":\"https:\/\/dhg1h5j42swfq.cloudfront.net\/2023\/01\/16074340\/tj-es-1.png\",\"width\":194,\"height\":191,\"caption\":\"TJ ES: Responsabilidade Civil\"},{\"@type\":\"BreadcrumbList\",\"@id\":\"https:\/\/www.estrategiaconcursos.com.br\/blog\/tj-es-responsabilidade-civil\/#breadcrumb\",\"itemListElement\":[{\"@type\":\"ListItem\",\"position\":1,\"name\":\"In\u00edcio\",\"item\":\"https:\/\/www.estrategiaconcursos.com.br\/blog\/\"},{\"@type\":\"ListItem\",\"position\":2,\"name\":\"TJ ES: Responsabilidade Civil\"}]},{\"@type\":\"WebSite\",\"@id\":\"https:\/\/www.estrategiaconcursos.com.br\/blog\/#website\",\"url\":\"https:\/\/www.estrategiaconcursos.com.br\/blog\/\",\"name\":\"Estrat\u00e9gia Concursos\",\"description\":\"O blog da Estrat\u00e9gia Concursos traz not\u00edcias sobre concursos e artigos de professores oferecendo cursos para concursos (pdf + videaulas) no site.\",\"publisher\":{\"@id\":\"https:\/\/www.estrategiaconcursos.com.br\/blog\/#organization\"},\"potentialAction\":[{\"@type\":\"SearchAction\",\"target\":{\"@type\":\"EntryPoint\",\"urlTemplate\":\"https:\/\/www.estrategiaconcursos.com.br\/blog\/?s={search_term_string}\"},\"query-input\":{\"@type\":\"PropertyValueSpecification\",\"valueRequired\":true,\"valueName\":\"search_term_string\"}}],\"inLanguage\":\"pt-BR\"},{\"@type\":\"Organization\",\"@id\":\"https:\/\/www.estrategiaconcursos.com.br\/blog\/#organization\",\"name\":\"Estrat\u00e9gia Concursos\",\"url\":\"https:\/\/www.estrategiaconcursos.com.br\/blog\/\",\"logo\":{\"@type\":\"ImageObject\",\"inLanguage\":\"pt-BR\",\"@id\":\"https:\/\/www.estrategiaconcursos.com.br\/blog\/#\/schema\/logo\/image\/\",\"url\":\"https:\/\/dhg1h5j42swfq.cloudfront.net\/2025\/06\/03203428\/logo_concursos-1.jpg\",\"contentUrl\":\"https:\/\/dhg1h5j42swfq.cloudfront.net\/2025\/06\/03203428\/logo_concursos-1.jpg\",\"width\":230,\"height\":60,\"caption\":\"Estrat\u00e9gia Concursos\"},\"image\":{\"@id\":\"https:\/\/www.estrategiaconcursos.com.br\/blog\/#\/schema\/logo\/image\/\"},\"sameAs\":[\"https:\/\/x.com\/EstratConcursos\"]},{\"@type\":\"Person\",\"@id\":\"https:\/\/www.estrategiaconcursos.com.br\/blog\/#\/schema\/person\/425ec856669a603120a09fed3a635808\",\"name\":\"Felipe Fernando Azevedo da Rocha\",\"image\":{\"@type\":\"ImageObject\",\"inLanguage\":\"pt-BR\",\"@id\":\"https:\/\/secure.gravatar.com\/avatar\/44e78a4aab2c02a437a87a334aee9a4ea82ca0e4757c2747232497482cfe5ba2?s=96&d=mm&r=g\",\"url\":\"https:\/\/secure.gravatar.com\/avatar\/44e78a4aab2c02a437a87a334aee9a4ea82ca0e4757c2747232497482cfe5ba2?s=96&d=mm&r=g\",\"contentUrl\":\"https:\/\/secure.gravatar.com\/avatar\/44e78a4aab2c02a437a87a334aee9a4ea82ca0e4757c2747232497482cfe5ba2?s=96&d=mm&r=g\",\"caption\":\"Felipe Fernando Azevedo da Rocha\"},\"description\":\"Auditor de Finan\u00e7as da SEFAZ BA. P\u00f3s-Graduado em Direito Tribut\u00e1rio\",\"url\":\"https:\/\/www.estrategiaconcursos.com.br\/blog\/author\/felipeazrogmail-com\/\"}]}<\/script>\n<!-- \/ Yoast SEO Premium plugin. -->","yoast_head_json":{"title":"TJ ES: Responsabilidade Civil","description":"TJ ES: Responsabilidade Civil. Concurso da \u00e1rea de Tribunais. Tribunal de Justi\u00e7a do Estado do Esp\u00edrito Santo.","robots":{"index":"index","follow":"follow","max-snippet":"max-snippet:-1","max-image-preview":"max-image-preview:large","max-video-preview":"max-video-preview:-1"},"canonical":"https:\/\/www.estrategiaconcursos.com.br\/blog\/tj-es-responsabilidade-civil\/","og_locale":"pt_BR","og_type":"article","og_title":"TJ ES: Responsabilidade Civil","og_description":"TJ ES: Responsabilidade Civil. Concurso da \u00e1rea de Tribunais. Tribunal de Justi\u00e7a do Estado do Esp\u00edrito Santo.","og_url":"https:\/\/www.estrategiaconcursos.com.br\/blog\/tj-es-responsabilidade-civil\/","og_site_name":"Estrat\u00e9gia Concursos","article_published_time":"2023-01-31T17:47:50+00:00","article_modified_time":"2023-01-31T18:05:47+00:00","og_image":[{"width":194,"height":191,"url":"https:\/\/dhg1h5j42swfq.cloudfront.net\/2023\/01\/16074340\/tj-es-1.png","type":"image\/png"}],"author":"Felipe Fernando Azevedo da Rocha","twitter_card":"summary_large_image","twitter_creator":"@EstratConcursos","twitter_site":"@EstratConcursos","twitter_misc":{"Escrito por":"Felipe Fernando Azevedo da Rocha","Est. tempo de leitura":"9 minutos"},"schema":{"@context":"https:\/\/schema.org","@graph":[{"@type":"NewsArticle","@id":"https:\/\/www.estrategiaconcursos.com.br\/blog\/tj-es-responsabilidade-civil\/#article","isPartOf":{"@id":"https:\/\/www.estrategiaconcursos.com.br\/blog\/tj-es-responsabilidade-civil\/"},"author":{"name":"Felipe Fernando Azevedo da Rocha","@id":"https:\/\/www.estrategiaconcursos.com.br\/blog\/#\/schema\/person\/425ec856669a603120a09fed3a635808"},"headline":"TJ ES: Responsabilidade Civil","datePublished":"2023-01-31T17:47:50+00:00","dateModified":"2023-01-31T18:05:47+00:00","mainEntityOfPage":{"@id":"https:\/\/www.estrategiaconcursos.com.br\/blog\/tj-es-responsabilidade-civil\/"},"wordCount":1761,"commentCount":0,"publisher":{"@id":"https:\/\/www.estrategiaconcursos.com.br\/blog\/#organization"},"image":{"@id":"https:\/\/www.estrategiaconcursos.com.br\/blog\/tj-es-responsabilidade-civil\/#primaryimage"},"thumbnailUrl":"https:\/\/dhg1h5j42swfq.cloudfront.net\/2023\/01\/16074340\/tj-es-1.png","keywords":["TJ ES"],"articleSection":["Tribunais"],"inLanguage":"pt-BR","potentialAction":[{"@type":"CommentAction","name":"Comment","target":["https:\/\/www.estrategiaconcursos.com.br\/blog\/tj-es-responsabilidade-civil\/#respond"]}],"copyrightYear":"2023","copyrightHolder":{"@id":"https:\/\/www.estrategiaconcursos.com.br\/blog\/#organization"}},{"@type":"WebPage","@id":"https:\/\/www.estrategiaconcursos.com.br\/blog\/tj-es-responsabilidade-civil\/","url":"https:\/\/www.estrategiaconcursos.com.br\/blog\/tj-es-responsabilidade-civil\/","name":"TJ ES: Responsabilidade Civil","isPartOf":{"@id":"https:\/\/www.estrategiaconcursos.com.br\/blog\/#website"},"primaryImageOfPage":{"@id":"https:\/\/www.estrategiaconcursos.com.br\/blog\/tj-es-responsabilidade-civil\/#primaryimage"},"image":{"@id":"https:\/\/www.estrategiaconcursos.com.br\/blog\/tj-es-responsabilidade-civil\/#primaryimage"},"thumbnailUrl":"https:\/\/dhg1h5j42swfq.cloudfront.net\/2023\/01\/16074340\/tj-es-1.png","datePublished":"2023-01-31T17:47:50+00:00","dateModified":"2023-01-31T18:05:47+00:00","description":"TJ ES: Responsabilidade Civil. Concurso da \u00e1rea de Tribunais. Tribunal de Justi\u00e7a do Estado do Esp\u00edrito Santo.","breadcrumb":{"@id":"https:\/\/www.estrategiaconcursos.com.br\/blog\/tj-es-responsabilidade-civil\/#breadcrumb"},"inLanguage":"pt-BR","potentialAction":[{"@type":"ReadAction","target":["https:\/\/www.estrategiaconcursos.com.br\/blog\/tj-es-responsabilidade-civil\/"]}]},{"@type":"ImageObject","inLanguage":"pt-BR","@id":"https:\/\/www.estrategiaconcursos.com.br\/blog\/tj-es-responsabilidade-civil\/#primaryimage","url":"https:\/\/dhg1h5j42swfq.cloudfront.net\/2023\/01\/16074340\/tj-es-1.png","contentUrl":"https:\/\/dhg1h5j42swfq.cloudfront.net\/2023\/01\/16074340\/tj-es-1.png","width":194,"height":191,"caption":"TJ ES: Responsabilidade Civil"},{"@type":"BreadcrumbList","@id":"https:\/\/www.estrategiaconcursos.com.br\/blog\/tj-es-responsabilidade-civil\/#breadcrumb","itemListElement":[{"@type":"ListItem","position":1,"name":"In\u00edcio","item":"https:\/\/www.estrategiaconcursos.com.br\/blog\/"},{"@type":"ListItem","position":2,"name":"TJ ES: Responsabilidade Civil"}]},{"@type":"WebSite","@id":"https:\/\/www.estrategiaconcursos.com.br\/blog\/#website","url":"https:\/\/www.estrategiaconcursos.com.br\/blog\/","name":"Estrat\u00e9gia Concursos","description":"O blog da Estrat\u00e9gia Concursos traz not\u00edcias sobre concursos e artigos de professores oferecendo cursos para concursos (pdf + videaulas) no site.","publisher":{"@id":"https:\/\/www.estrategiaconcursos.com.br\/blog\/#organization"},"potentialAction":[{"@type":"SearchAction","target":{"@type":"EntryPoint","urlTemplate":"https:\/\/www.estrategiaconcursos.com.br\/blog\/?s={search_term_string}"},"query-input":{"@type":"PropertyValueSpecification","valueRequired":true,"valueName":"search_term_string"}}],"inLanguage":"pt-BR"},{"@type":"Organization","@id":"https:\/\/www.estrategiaconcursos.com.br\/blog\/#organization","name":"Estrat\u00e9gia Concursos","url":"https:\/\/www.estrategiaconcursos.com.br\/blog\/","logo":{"@type":"ImageObject","inLanguage":"pt-BR","@id":"https:\/\/www.estrategiaconcursos.com.br\/blog\/#\/schema\/logo\/image\/","url":"https:\/\/dhg1h5j42swfq.cloudfront.net\/2025\/06\/03203428\/logo_concursos-1.jpg","contentUrl":"https:\/\/dhg1h5j42swfq.cloudfront.net\/2025\/06\/03203428\/logo_concursos-1.jpg","width":230,"height":60,"caption":"Estrat\u00e9gia Concursos"},"image":{"@id":"https:\/\/www.estrategiaconcursos.com.br\/blog\/#\/schema\/logo\/image\/"},"sameAs":["https:\/\/x.com\/EstratConcursos"]},{"@type":"Person","@id":"https:\/\/www.estrategiaconcursos.com.br\/blog\/#\/schema\/person\/425ec856669a603120a09fed3a635808","name":"Felipe Fernando Azevedo da Rocha","image":{"@type":"ImageObject","inLanguage":"pt-BR","@id":"https:\/\/secure.gravatar.com\/avatar\/44e78a4aab2c02a437a87a334aee9a4ea82ca0e4757c2747232497482cfe5ba2?s=96&d=mm&r=g","url":"https:\/\/secure.gravatar.com\/avatar\/44e78a4aab2c02a437a87a334aee9a4ea82ca0e4757c2747232497482cfe5ba2?s=96&d=mm&r=g","contentUrl":"https:\/\/secure.gravatar.com\/avatar\/44e78a4aab2c02a437a87a334aee9a4ea82ca0e4757c2747232497482cfe5ba2?s=96&d=mm&r=g","caption":"Felipe Fernando Azevedo da Rocha"},"description":"Auditor de Finan\u00e7as da SEFAZ BA. P\u00f3s-Graduado em Direito Tribut\u00e1rio","url":"https:\/\/www.estrategiaconcursos.com.br\/blog\/author\/felipeazrogmail-com\/"}]}},"_links":{"self":[{"href":"https:\/\/www.estrategiaconcursos.com.br\/blog\/wp-json\/wp\/v2\/posts\/1152979","targetHints":{"allow":["GET"]}}],"collection":[{"href":"https:\/\/www.estrategiaconcursos.com.br\/blog\/wp-json\/wp\/v2\/posts"}],"about":[{"href":"https:\/\/www.estrategiaconcursos.com.br\/blog\/wp-json\/wp\/v2\/types\/post"}],"author":[{"embeddable":true,"href":"https:\/\/www.estrategiaconcursos.com.br\/blog\/wp-json\/wp\/v2\/users\/1462"}],"replies":[{"embeddable":true,"href":"https:\/\/www.estrategiaconcursos.com.br\/blog\/wp-json\/wp\/v2\/comments?post=1152979"}],"version-history":[{"count":2,"href":"https:\/\/www.estrategiaconcursos.com.br\/blog\/wp-json\/wp\/v2\/posts\/1152979\/revisions"}],"predecessor-version":[{"id":1162050,"href":"https:\/\/www.estrategiaconcursos.com.br\/blog\/wp-json\/wp\/v2\/posts\/1152979\/revisions\/1162050"}],"wp:featuredmedia":[{"embeddable":true,"href":"https:\/\/www.estrategiaconcursos.com.br\/blog\/wp-json\/wp\/v2\/media\/1152981"}],"wp:attachment":[{"href":"https:\/\/www.estrategiaconcursos.com.br\/blog\/wp-json\/wp\/v2\/media?parent=1152979"}],"wp:term":[{"taxonomy":"category","embeddable":true,"href":"https:\/\/www.estrategiaconcursos.com.br\/blog\/wp-json\/wp\/v2\/categories?post=1152979"},{"taxonomy":"post_tag","embeddable":true,"href":"https:\/\/www.estrategiaconcursos.com.br\/blog\/wp-json\/wp\/v2\/tags?post=1152979"},{"taxonomy":"tax_estado","embeddable":true,"href":"https:\/\/www.estrategiaconcursos.com.br\/blog\/wp-json\/wp\/v2\/tax_estado?post=1152979"}],"curies":[{"name":"wp","href":"https:\/\/api.w.org\/{rel}","templated":true}]}}