{"id":1152965,"date":"2023-01-16T06:58:05","date_gmt":"2023-01-16T09:58:05","guid":{"rendered":"https:\/\/www.estrategiaconcursos.com.br\/blog\/?p=1152965"},"modified":"2023-01-16T11:23:47","modified_gmt":"2023-01-16T14:23:47","slug":"retificacoes-vagas-concurso-iprev-df","status":"publish","type":"post","link":"https:\/\/www.estrategiaconcursos.com.br\/blog\/retificacoes-vagas-concurso-iprev-df\/","title":{"rendered":"Retifica\u00e7\u00f5es na disposi\u00e7\u00e3o de vagas do concurso IPREV DF!"},"content":{"rendered":"\n<p>Retifica\u00e7\u00f5es na disposi\u00e7\u00e3o de vagas do <strong>concurso IPREV DF<\/strong> (<a href=\"https:\/\/www.estrategiaconcursos.com.br\/cursosPorConcurso\/instituto-de-previdencia-dos-servidores-do-distrito-federal-iprev-df\/\" target=\"_blank\" rel=\"noreferrer noopener\">Instituto de Previd\u00eancia dos Servidores do Distrito Federal<\/a>)\u00a0foram divulgadas<strong> <\/strong>nesta segunda-feira, 16, por meio do Di\u00e1rio Oficial do DF <\/p>\n\n\n\n<p>As altera\u00e7\u00f5es constam na disposi\u00e7\u00e3o de vagas do certame. Importante salientar que o quantitativo <strong>n\u00e3o <\/strong>foi modificado. Veja:<\/p>\n\n\n\n<ul class=\"wp-block-list\"><li><a href=\"https:\/\/dhg1h5j42swfq.cloudfront.net\/2023\/01\/16112204\/1_iprev_concurso_publico_2022_edital_3_retificacao.pdf\" target=\"_blank\" rel=\"noreferrer noopener nofollow\"><strong>Retifica\u00e7\u00f5es no edital<\/strong><\/a><\/li><\/ul>\n\n\n\n<p>Conforme indicado no documento, o remanejamento impactou todas as especialidades de <strong>Analista Previdenci\u00e1rio<\/strong> que, agora, segue desta maneira:<\/p>\n\n\n\n<ul class=\"wp-block-list\"><li><strong>Especialista em Atu\u00e1ria: <\/strong>vaga PCD passou para a ampla concorr\u00eancia (imediata) | vaga da ampla passou para candidatos negros (CR);<\/li><li><strong>Especialista em Investimentos: <\/strong>vaga PCD passou para a ampla concorr\u00eancia (imediatas); e<\/li><li><strong>Especialista em Previdenci\u00e1rio:<\/strong> 1 vaga PCD passou para a ampla concorr\u00eancia (CR).<\/li><\/ul>\n\n\n\n<p>Com isso, o n\u00famero das provas discursivas que ser\u00e3o corrigidas tamb\u00e9m foi alterado. Veja mais detalhes abaixo!<\/p>\n\n\n\n<figure class=\"wp-block-image aligncenter size-large\"><img loading=\"lazy\" decoding=\"async\" width=\"1024\" height=\"156\" src=\"https:\/\/dhg1h5j42swfq.cloudfront.net\/2023\/01\/16065335\/image-152-1024x156.png\" alt=\"Retifica\u00e7\u00f5es na disposi\u00e7\u00e3o de vagas do concurso IPREV DF. Veja!\" class=\"wp-image-1152971\" srcset=\"https:\/\/dhg1h5j42swfq.cloudfront.net\/2023\/01\/16065335\/image-152-1024x156.png 1024w, https:\/\/dhg1h5j42swfq.cloudfront.net\/2023\/01\/16065335\/image-152-300x46.png 300w, https:\/\/dhg1h5j42swfq.cloudfront.net\/2023\/01\/16065335\/image-152-768x117.png 768w, https:\/\/dhg1h5j42swfq.cloudfront.net\/2023\/01\/16065335\/image-152-610x93.png 610w, https:\/\/dhg1h5j42swfq.cloudfront.net\/2023\/01\/16065335\/image-152-150x23.png 150w, https:\/\/dhg1h5j42swfq.cloudfront.net\/2023\/01\/16065335\/image-152.png 1350w\" sizes=\"auto, (max-width: 1024px) 100vw, 1024px\" \/><\/figure>\n\n\n\n<h3 class=\"wp-block-heading\">Concurso IPREV DF est\u00e1 com as inscri\u00e7\u00f5es abertas<\/h3>\n\n\n\n<p>Para se inscrever \u00e9 muito f\u00e1cil, basta acessar o <a href=\"https:\/\/concursos.quadrix.org.br\/default.aspx\" target=\"_blank\" rel=\"noreferrer noopener\">site<\/a> da banca organizadora do certame, o&nbsp;<strong>Instituto Quadrix<\/strong>,&nbsp;<strong>at\u00e9 o dia 08 de fevereiro&nbsp;<\/strong>e preencher o formul\u00e1rio de participa\u00e7\u00e3o.<\/p>\n\n\n\n<p>Al\u00e9m disso, para garantir a inscri\u00e7\u00e3o no concurso, ser\u00e1 necess\u00e1rio efetuar o pagamento de uma taxa fixada no valor de&nbsp;<strong>R$ 89,00<\/strong>. O valor deve ser quitado via boleto banc\u00e1rio at\u00e9 o dia 09 de fevereiro.<\/p>\n\n\n\n<p class=\"has-text-align-center\"><em>Para mais detalhes do concurso IPREV DF, em que retifica\u00e7\u00f5es foram divulgadas, acesse o link abaixo. Preparamos um artigo completo, separado por t\u00f3picos, para facilitar a sua compreens\u00e3o<\/em>!<\/p>\n\n\n\n<p class=\"has-text-align-center has-background has-medium-font-size\" style=\"background-color:#b7cddb\"><strong>Saiba mais: <a href=\"https:\/\/www.estrategiaconcursos.com.br\/blog\/concurso-iprev-df\/\" target=\"_blank\" rel=\"noreferrer noopener\">concurso IPREV DF<\/a><\/strong><\/p>\n\n\n\n<hr class=\"wp-block-separator has-alpha-channel-opacity\"\/>\n\n\n\n<h2 class=\"has-text-align-center wp-block-heading\" id=\"cursos\"><em>Quer estudar para o concurso IPREV DF?<\/em><\/h2>\n\n\n\n<div class=\"container\" id=\"boxes\">\n  <div class=\"row\">\n\n    <div class=\"col-sm\">\n      <div class=\"banner-adm\" id=\"box-assinatura\">\n        <h3 class=\"titulo-assinatura\">Curso IPREV DF<\/h3>\n        <p class=\"subtitulo-assinatura\">Conhe\u00e7a os cursos<\/p>\n        <div class=\"box-botao\">\n          <a class=\"btn-assinatura\" target=\"_blank\" href=\"https:\/\/www.estrategiaconcursos.com.br\/cursosPorConcurso\/instituto-de-previdencia-dos-servidores-do-distrito-federal-iprev-df\/\" role=\"button\" rel=\"noopener noreferrer\">Conhe\u00e7a mais<\/a>\n        <\/div>\n      <\/div>\n      \n    <\/div>\n\n  <\/div>\n<\/div>\n\n\n\n<div class=\"container\" id=\"boxes\">\n  <div class=\"row\">\n\n    <div class=\"col-sm\">\n      <div class=\"estrategia\" id=\"box-assinatura\">\n        <h3 class=\"titulo-assinatura\">Assinatura Concursos<\/h3>\n        <p class=\"subtitulo-assinatura\">Assinatura de 1 ano ou 2 anos<\/p>\n        <div class=\"box-botao\">\n          <a class=\"btn-assinatura\" target=\"_blank\" href=\"https:\/\/www.estrategiaconcursos.com.br\/assinaturas\/\" role=\"button\" rel=\"noopener noreferrer\">ASSINE AGORA<\/a>\n        <\/div>\n      <\/div><\/div><\/div><\/div>\n\n\n\n<h2 class=\"has-text-align-center wp-block-heading\" id=\"h-quer-saber-tudo-sobre-concursos-previstos-confira-nossos-artigos\">Quer saber tudo sobre concursos previstos?<br \/>Confira nossos artigos!<\/h2>\n\n\n\n<ul class=\"wp-block-list\"><li><a href=\"https:\/\/www.estrategiaconcursos.com.br\/blog\/concursos-abertos\/\" target=\"_blank\" rel=\"noreferrer noopener\">Concursos Abertos<\/a><\/li><li><a href=\"https:\/\/www.estrategiaconcursos.com.br\/blog\/concursos-2023\/\" target=\"_blank\" rel=\"noreferrer noopener\">Concursos 2023<\/a><\/li><\/ul>\n","protected":false},"excerpt":{"rendered":"<p>Retifica\u00e7\u00f5es na disposi\u00e7\u00e3o de vagas do concurso IPREV DF (Instituto de Previd\u00eancia dos Servidores do Distrito Federal)\u00a0foram divulgadas nesta segunda-feira, 16, por meio do Di\u00e1rio Oficial do DF As altera\u00e7\u00f5es constam na disposi\u00e7\u00e3o de vagas do certame. Importante salientar que o quantitativo n\u00e3o foi modificado. Veja: Retifica\u00e7\u00f5es no edital Conforme indicado no documento, o remanejamento [&hellip;]<\/p>\n","protected":false},"author":2018,"featured_media":851668,"comment_status":"open","ping_status":"closed","sticky":false,"template":"","format":"standard","meta":{"post_tipo":"news","footnotes":""},"categories":[214992,220191,220219],"tags":[],"tax_estado":[219970],"class_list":["post-1152965","post","type-post","status-publish","format-standard","has-post-thumbnail","hentry","category-concursos-administrativos","category-previdenciaria","category-noticias","tax_estado-df"],"acf":[],"yoast_head":"<!-- This site is optimized with the Yoast SEO Premium plugin v27.2 (Yoast SEO v27.2) - https:\/\/yoast.com\/product\/yoast-seo-premium-wordpress\/ -->\n<title>Retifica\u00e7\u00f5es na disposi\u00e7\u00e3o de vagas do concurso IPREV DF!<\/title>\n<meta name=\"description\" content=\"Retifica\u00e7\u00f5es na disposi\u00e7\u00e3o de vagas do concurso IPREV DF foram divulgadas nesta segunda-feira, 16, por meio do Di\u00e1rio Oficial do DF. Veja!\" \/>\n<meta name=\"robots\" content=\"index, follow, max-snippet:-1, max-image-preview:large, max-video-preview:-1\" \/>\n<link rel=\"canonical\" href=\"https:\/\/www.estrategiaconcursos.com.br\/blog\/retificacoes-vagas-concurso-iprev-df\/\" \/>\n<meta property=\"og:locale\" content=\"pt_BR\" \/>\n<meta property=\"og:type\" content=\"article\" \/>\n<meta property=\"og:title\" content=\"Retifica\u00e7\u00f5es na disposi\u00e7\u00e3o de vagas do concurso IPREV DF!\" \/>\n<meta property=\"og:description\" content=\"Retifica\u00e7\u00f5es na disposi\u00e7\u00e3o de vagas do concurso IPREV DF foram divulgadas nesta segunda-feira, 16, por meio do Di\u00e1rio Oficial do DF. Veja!\" \/>\n<meta property=\"og:url\" content=\"https:\/\/www.estrategiaconcursos.com.br\/blog\/retificacoes-vagas-concurso-iprev-df\/\" \/>\n<meta property=\"og:site_name\" content=\"Estrat\u00e9gia Concursos\" \/>\n<meta property=\"article:published_time\" content=\"2023-01-16T09:58:05+00:00\" \/>\n<meta property=\"article:modified_time\" content=\"2023-01-16T14:23:47+00:00\" \/>\n<meta property=\"og:image\" content=\"https:\/\/dhg1h5j42swfq.cloudfront.net\/2021\/08\/01181116\/iprev-df.jpg\" \/>\n\t<meta property=\"og:image:width\" content=\"766\" \/>\n\t<meta property=\"og:image:height\" content=\"432\" \/>\n\t<meta property=\"og:image:type\" content=\"image\/jpeg\" \/>\n<meta name=\"author\" content=\"B\u00e1rbara Carvalho Santos\" \/>\n<meta name=\"twitter:card\" content=\"summary_large_image\" \/>\n<meta name=\"twitter:creator\" content=\"@EstratConcursos\" \/>\n<meta name=\"twitter:site\" content=\"@EstratConcursos\" \/>\n<meta name=\"twitter:label1\" content=\"Escrito por\" \/>\n\t<meta name=\"twitter:data1\" content=\"B\u00e1rbara Carvalho Santos\" \/>\n\t<meta name=\"twitter:label2\" content=\"Est. tempo de leitura\" \/>\n\t<meta name=\"twitter:data2\" content=\"1 minuto\" \/>\n<script type=\"application\/ld+json\" class=\"yoast-schema-graph\">{\"@context\":\"https:\/\/schema.org\",\"@graph\":[{\"@type\":\"NewsArticle\",\"@id\":\"https:\/\/www.estrategiaconcursos.com.br\/blog\/retificacoes-vagas-concurso-iprev-df\/#article\",\"isPartOf\":{\"@id\":\"https:\/\/www.estrategiaconcursos.com.br\/blog\/retificacoes-vagas-concurso-iprev-df\/\"},\"author\":{\"name\":\"B\u00e1rbara Carvalho Santos\",\"@id\":\"https:\/\/www.estrategiaconcursos.com.br\/blog\/#\/schema\/person\/e3882259fa157d54c44c21f4ee4e0e60\"},\"headline\":\"Retifica\u00e7\u00f5es na disposi\u00e7\u00e3o de vagas do concurso IPREV DF!\",\"datePublished\":\"2023-01-16T09:58:05+00:00\",\"dateModified\":\"2023-01-16T14:23:47+00:00\",\"mainEntityOfPage\":{\"@id\":\"https:\/\/www.estrategiaconcursos.com.br\/blog\/retificacoes-vagas-concurso-iprev-df\/\"},\"wordCount\":310,\"commentCount\":0,\"publisher\":{\"@id\":\"https:\/\/www.estrategiaconcursos.com.br\/blog\/#organization\"},\"image\":{\"@id\":\"https:\/\/www.estrategiaconcursos.com.br\/blog\/retificacoes-vagas-concurso-iprev-df\/#primaryimage\"},\"thumbnailUrl\":\"https:\/\/dhg1h5j42swfq.cloudfront.net\/2021\/08\/01181116\/iprev-df.jpg\",\"articleSection\":[\"Executivo (Administrativa)\",\"Previdenci\u00e1ria (INSS, PREVIC)\",\"\u00daltimas not\u00edcias\"],\"inLanguage\":\"pt-BR\",\"potentialAction\":[{\"@type\":\"CommentAction\",\"name\":\"Comment\",\"target\":[\"https:\/\/www.estrategiaconcursos.com.br\/blog\/retificacoes-vagas-concurso-iprev-df\/#respond\"]}],\"copyrightYear\":\"2023\",\"copyrightHolder\":{\"@id\":\"https:\/\/www.estrategiaconcursos.com.br\/blog\/#organization\"}},{\"@type\":\"WebPage\",\"@id\":\"https:\/\/www.estrategiaconcursos.com.br\/blog\/retificacoes-vagas-concurso-iprev-df\/\",\"url\":\"https:\/\/www.estrategiaconcursos.com.br\/blog\/retificacoes-vagas-concurso-iprev-df\/\",\"name\":\"Retifica\u00e7\u00f5es na disposi\u00e7\u00e3o de vagas do concurso IPREV DF!\",\"isPartOf\":{\"@id\":\"https:\/\/www.estrategiaconcursos.com.br\/blog\/#website\"},\"primaryImageOfPage\":{\"@id\":\"https:\/\/www.estrategiaconcursos.com.br\/blog\/retificacoes-vagas-concurso-iprev-df\/#primaryimage\"},\"image\":{\"@id\":\"https:\/\/www.estrategiaconcursos.com.br\/blog\/retificacoes-vagas-concurso-iprev-df\/#primaryimage\"},\"thumbnailUrl\":\"https:\/\/dhg1h5j42swfq.cloudfront.net\/2021\/08\/01181116\/iprev-df.jpg\",\"datePublished\":\"2023-01-16T09:58:05+00:00\",\"dateModified\":\"2023-01-16T14:23:47+00:00\",\"description\":\"Retifica\u00e7\u00f5es na disposi\u00e7\u00e3o de vagas do concurso IPREV DF foram divulgadas nesta segunda-feira, 16, por meio do Di\u00e1rio Oficial do DF. Veja!\",\"breadcrumb\":{\"@id\":\"https:\/\/www.estrategiaconcursos.com.br\/blog\/retificacoes-vagas-concurso-iprev-df\/#breadcrumb\"},\"inLanguage\":\"pt-BR\",\"potentialAction\":[{\"@type\":\"ReadAction\",\"target\":[\"https:\/\/www.estrategiaconcursos.com.br\/blog\/retificacoes-vagas-concurso-iprev-df\/\"]}]},{\"@type\":\"ImageObject\",\"inLanguage\":\"pt-BR\",\"@id\":\"https:\/\/www.estrategiaconcursos.com.br\/blog\/retificacoes-vagas-concurso-iprev-df\/#primaryimage\",\"url\":\"https:\/\/dhg1h5j42swfq.cloudfront.net\/2021\/08\/01181116\/iprev-df.jpg\",\"contentUrl\":\"https:\/\/dhg1h5j42swfq.cloudfront.net\/2021\/08\/01181116\/iprev-df.jpg\",\"width\":766,\"height\":432,\"caption\":\"Concurso IPREV DF resultado\"},{\"@type\":\"BreadcrumbList\",\"@id\":\"https:\/\/www.estrategiaconcursos.com.br\/blog\/retificacoes-vagas-concurso-iprev-df\/#breadcrumb\",\"itemListElement\":[{\"@type\":\"ListItem\",\"position\":1,\"name\":\"In\u00edcio\",\"item\":\"https:\/\/www.estrategiaconcursos.com.br\/blog\/\"},{\"@type\":\"ListItem\",\"position\":2,\"name\":\"Retifica\u00e7\u00f5es na disposi\u00e7\u00e3o de vagas do concurso IPREV DF!\"}]},{\"@type\":\"WebSite\",\"@id\":\"https:\/\/www.estrategiaconcursos.com.br\/blog\/#website\",\"url\":\"https:\/\/www.estrategiaconcursos.com.br\/blog\/\",\"name\":\"Estrat\u00e9gia Concursos\",\"description\":\"O blog da Estrat\u00e9gia Concursos traz not\u00edcias sobre concursos e artigos de professores oferecendo cursos para concursos (pdf + videaulas) no site.\",\"publisher\":{\"@id\":\"https:\/\/www.estrategiaconcursos.com.br\/blog\/#organization\"},\"potentialAction\":[{\"@type\":\"SearchAction\",\"target\":{\"@type\":\"EntryPoint\",\"urlTemplate\":\"https:\/\/www.estrategiaconcursos.com.br\/blog\/?s={search_term_string}\"},\"query-input\":{\"@type\":\"PropertyValueSpecification\",\"valueRequired\":true,\"valueName\":\"search_term_string\"}}],\"inLanguage\":\"pt-BR\"},{\"@type\":\"Organization\",\"@id\":\"https:\/\/www.estrategiaconcursos.com.br\/blog\/#organization\",\"name\":\"Estrat\u00e9gia Concursos\",\"url\":\"https:\/\/www.estrategiaconcursos.com.br\/blog\/\",\"logo\":{\"@type\":\"ImageObject\",\"inLanguage\":\"pt-BR\",\"@id\":\"https:\/\/www.estrategiaconcursos.com.br\/blog\/#\/schema\/logo\/image\/\",\"url\":\"https:\/\/dhg1h5j42swfq.cloudfront.net\/2025\/06\/03203428\/logo_concursos-1.jpg\",\"contentUrl\":\"https:\/\/dhg1h5j42swfq.cloudfront.net\/2025\/06\/03203428\/logo_concursos-1.jpg\",\"width\":230,\"height\":60,\"caption\":\"Estrat\u00e9gia Concursos\"},\"image\":{\"@id\":\"https:\/\/www.estrategiaconcursos.com.br\/blog\/#\/schema\/logo\/image\/\"},\"sameAs\":[\"https:\/\/x.com\/EstratConcursos\"]},{\"@type\":\"Person\",\"@id\":\"https:\/\/www.estrategiaconcursos.com.br\/blog\/#\/schema\/person\/e3882259fa157d54c44c21f4ee4e0e60\",\"name\":\"B\u00e1rbara Carvalho Santos\",\"image\":{\"@type\":\"ImageObject\",\"inLanguage\":\"pt-BR\",\"@id\":\"https:\/\/secure.gravatar.com\/avatar\/353300f73140f779692b9be2b39f434d1341e4e34c7f55bd5a990fe29ef352eb?s=96&d=mm&r=g\",\"url\":\"https:\/\/secure.gravatar.com\/avatar\/353300f73140f779692b9be2b39f434d1341e4e34c7f55bd5a990fe29ef352eb?s=96&d=mm&r=g\",\"contentUrl\":\"https:\/\/secure.gravatar.com\/avatar\/353300f73140f779692b9be2b39f434d1341e4e34c7f55bd5a990fe29ef352eb?s=96&d=mm&r=g\",\"caption\":\"B\u00e1rbara Carvalho Santos\"},\"description\":\"M\u00e3e e jornalista formada pela UNIP, possui ampla experi\u00eancia na cobertura de entretenimento em grandes ve\u00edculos, como o site da CNN, RedeTV! e Estrat\u00e9gia Educacional. Atuou tamb\u00e9m em ag\u00eancias de marketing, produtoras musicais e assessorias de imprensa, com foco especial no trabalho com personalidades p\u00fablicas. Atualmente, integra a equipe do Estrat\u00e9gia Concursos, onde \u00e9 respons\u00e1vel pela produ\u00e7\u00e3o de conte\u00fados estrat\u00e9gicos voltados para o setor de concursos p\u00fablicos, com destaque para a \u00e1rea fiscal, gest\u00e3o, controle, concursos administrativos e Minist\u00e9rios participantes do CNU, al\u00e9m de diversos \u00f3rg\u00e3os federais. Tem como miss\u00e3o transformar informa\u00e7\u00f5es complexas em conte\u00fados acess\u00edveis, relevantes e de alto valor para quem sonha com uma carreira no servi\u00e7o p\u00fablico.\",\"url\":\"https:\/\/www.estrategiaconcursos.com.br\/blog\/author\/barbara-santos\/\"}]}<\/script>\n<!-- \/ Yoast SEO Premium plugin. -->","yoast_head_json":{"title":"Retifica\u00e7\u00f5es na disposi\u00e7\u00e3o de vagas do concurso IPREV DF!","description":"Retifica\u00e7\u00f5es na disposi\u00e7\u00e3o de vagas do concurso IPREV DF foram divulgadas nesta segunda-feira, 16, por meio do Di\u00e1rio Oficial do DF. Veja!","robots":{"index":"index","follow":"follow","max-snippet":"max-snippet:-1","max-image-preview":"max-image-preview:large","max-video-preview":"max-video-preview:-1"},"canonical":"https:\/\/www.estrategiaconcursos.com.br\/blog\/retificacoes-vagas-concurso-iprev-df\/","og_locale":"pt_BR","og_type":"article","og_title":"Retifica\u00e7\u00f5es na disposi\u00e7\u00e3o de vagas do concurso IPREV DF!","og_description":"Retifica\u00e7\u00f5es na disposi\u00e7\u00e3o de vagas do concurso IPREV DF foram divulgadas nesta segunda-feira, 16, por meio do Di\u00e1rio Oficial do DF. Veja!","og_url":"https:\/\/www.estrategiaconcursos.com.br\/blog\/retificacoes-vagas-concurso-iprev-df\/","og_site_name":"Estrat\u00e9gia Concursos","article_published_time":"2023-01-16T09:58:05+00:00","article_modified_time":"2023-01-16T14:23:47+00:00","og_image":[{"width":766,"height":432,"url":"https:\/\/dhg1h5j42swfq.cloudfront.net\/2021\/08\/01181116\/iprev-df.jpg","type":"image\/jpeg"}],"author":"B\u00e1rbara Carvalho Santos","twitter_card":"summary_large_image","twitter_creator":"@EstratConcursos","twitter_site":"@EstratConcursos","twitter_misc":{"Escrito por":"B\u00e1rbara Carvalho Santos","Est. tempo de leitura":"1 minuto"},"schema":{"@context":"https:\/\/schema.org","@graph":[{"@type":"NewsArticle","@id":"https:\/\/www.estrategiaconcursos.com.br\/blog\/retificacoes-vagas-concurso-iprev-df\/#article","isPartOf":{"@id":"https:\/\/www.estrategiaconcursos.com.br\/blog\/retificacoes-vagas-concurso-iprev-df\/"},"author":{"name":"B\u00e1rbara Carvalho Santos","@id":"https:\/\/www.estrategiaconcursos.com.br\/blog\/#\/schema\/person\/e3882259fa157d54c44c21f4ee4e0e60"},"headline":"Retifica\u00e7\u00f5es na disposi\u00e7\u00e3o de vagas do concurso IPREV DF!","datePublished":"2023-01-16T09:58:05+00:00","dateModified":"2023-01-16T14:23:47+00:00","mainEntityOfPage":{"@id":"https:\/\/www.estrategiaconcursos.com.br\/blog\/retificacoes-vagas-concurso-iprev-df\/"},"wordCount":310,"commentCount":0,"publisher":{"@id":"https:\/\/www.estrategiaconcursos.com.br\/blog\/#organization"},"image":{"@id":"https:\/\/www.estrategiaconcursos.com.br\/blog\/retificacoes-vagas-concurso-iprev-df\/#primaryimage"},"thumbnailUrl":"https:\/\/dhg1h5j42swfq.cloudfront.net\/2021\/08\/01181116\/iprev-df.jpg","articleSection":["Executivo (Administrativa)","Previdenci\u00e1ria (INSS, PREVIC)","\u00daltimas not\u00edcias"],"inLanguage":"pt-BR","potentialAction":[{"@type":"CommentAction","name":"Comment","target":["https:\/\/www.estrategiaconcursos.com.br\/blog\/retificacoes-vagas-concurso-iprev-df\/#respond"]}],"copyrightYear":"2023","copyrightHolder":{"@id":"https:\/\/www.estrategiaconcursos.com.br\/blog\/#organization"}},{"@type":"WebPage","@id":"https:\/\/www.estrategiaconcursos.com.br\/blog\/retificacoes-vagas-concurso-iprev-df\/","url":"https:\/\/www.estrategiaconcursos.com.br\/blog\/retificacoes-vagas-concurso-iprev-df\/","name":"Retifica\u00e7\u00f5es na disposi\u00e7\u00e3o de vagas do concurso IPREV DF!","isPartOf":{"@id":"https:\/\/www.estrategiaconcursos.com.br\/blog\/#website"},"primaryImageOfPage":{"@id":"https:\/\/www.estrategiaconcursos.com.br\/blog\/retificacoes-vagas-concurso-iprev-df\/#primaryimage"},"image":{"@id":"https:\/\/www.estrategiaconcursos.com.br\/blog\/retificacoes-vagas-concurso-iprev-df\/#primaryimage"},"thumbnailUrl":"https:\/\/dhg1h5j42swfq.cloudfront.net\/2021\/08\/01181116\/iprev-df.jpg","datePublished":"2023-01-16T09:58:05+00:00","dateModified":"2023-01-16T14:23:47+00:00","description":"Retifica\u00e7\u00f5es na disposi\u00e7\u00e3o de vagas do concurso IPREV DF foram divulgadas nesta segunda-feira, 16, por meio do Di\u00e1rio Oficial do DF. Veja!","breadcrumb":{"@id":"https:\/\/www.estrategiaconcursos.com.br\/blog\/retificacoes-vagas-concurso-iprev-df\/#breadcrumb"},"inLanguage":"pt-BR","potentialAction":[{"@type":"ReadAction","target":["https:\/\/www.estrategiaconcursos.com.br\/blog\/retificacoes-vagas-concurso-iprev-df\/"]}]},{"@type":"ImageObject","inLanguage":"pt-BR","@id":"https:\/\/www.estrategiaconcursos.com.br\/blog\/retificacoes-vagas-concurso-iprev-df\/#primaryimage","url":"https:\/\/dhg1h5j42swfq.cloudfront.net\/2021\/08\/01181116\/iprev-df.jpg","contentUrl":"https:\/\/dhg1h5j42swfq.cloudfront.net\/2021\/08\/01181116\/iprev-df.jpg","width":766,"height":432,"caption":"Concurso IPREV DF resultado"},{"@type":"BreadcrumbList","@id":"https:\/\/www.estrategiaconcursos.com.br\/blog\/retificacoes-vagas-concurso-iprev-df\/#breadcrumb","itemListElement":[{"@type":"ListItem","position":1,"name":"In\u00edcio","item":"https:\/\/www.estrategiaconcursos.com.br\/blog\/"},{"@type":"ListItem","position":2,"name":"Retifica\u00e7\u00f5es na disposi\u00e7\u00e3o de vagas do concurso IPREV DF!"}]},{"@type":"WebSite","@id":"https:\/\/www.estrategiaconcursos.com.br\/blog\/#website","url":"https:\/\/www.estrategiaconcursos.com.br\/blog\/","name":"Estrat\u00e9gia Concursos","description":"O blog da Estrat\u00e9gia Concursos traz not\u00edcias sobre concursos e artigos de professores oferecendo cursos para concursos (pdf + videaulas) no site.","publisher":{"@id":"https:\/\/www.estrategiaconcursos.com.br\/blog\/#organization"},"potentialAction":[{"@type":"SearchAction","target":{"@type":"EntryPoint","urlTemplate":"https:\/\/www.estrategiaconcursos.com.br\/blog\/?s={search_term_string}"},"query-input":{"@type":"PropertyValueSpecification","valueRequired":true,"valueName":"search_term_string"}}],"inLanguage":"pt-BR"},{"@type":"Organization","@id":"https:\/\/www.estrategiaconcursos.com.br\/blog\/#organization","name":"Estrat\u00e9gia Concursos","url":"https:\/\/www.estrategiaconcursos.com.br\/blog\/","logo":{"@type":"ImageObject","inLanguage":"pt-BR","@id":"https:\/\/www.estrategiaconcursos.com.br\/blog\/#\/schema\/logo\/image\/","url":"https:\/\/dhg1h5j42swfq.cloudfront.net\/2025\/06\/03203428\/logo_concursos-1.jpg","contentUrl":"https:\/\/dhg1h5j42swfq.cloudfront.net\/2025\/06\/03203428\/logo_concursos-1.jpg","width":230,"height":60,"caption":"Estrat\u00e9gia Concursos"},"image":{"@id":"https:\/\/www.estrategiaconcursos.com.br\/blog\/#\/schema\/logo\/image\/"},"sameAs":["https:\/\/x.com\/EstratConcursos"]},{"@type":"Person","@id":"https:\/\/www.estrategiaconcursos.com.br\/blog\/#\/schema\/person\/e3882259fa157d54c44c21f4ee4e0e60","name":"B\u00e1rbara Carvalho Santos","image":{"@type":"ImageObject","inLanguage":"pt-BR","@id":"https:\/\/secure.gravatar.com\/avatar\/353300f73140f779692b9be2b39f434d1341e4e34c7f55bd5a990fe29ef352eb?s=96&d=mm&r=g","url":"https:\/\/secure.gravatar.com\/avatar\/353300f73140f779692b9be2b39f434d1341e4e34c7f55bd5a990fe29ef352eb?s=96&d=mm&r=g","contentUrl":"https:\/\/secure.gravatar.com\/avatar\/353300f73140f779692b9be2b39f434d1341e4e34c7f55bd5a990fe29ef352eb?s=96&d=mm&r=g","caption":"B\u00e1rbara Carvalho Santos"},"description":"M\u00e3e e jornalista formada pela UNIP, possui ampla experi\u00eancia na cobertura de entretenimento em grandes ve\u00edculos, como o site da CNN, RedeTV! e Estrat\u00e9gia Educacional. Atuou tamb\u00e9m em ag\u00eancias de marketing, produtoras musicais e assessorias de imprensa, com foco especial no trabalho com personalidades p\u00fablicas. Atualmente, integra a equipe do Estrat\u00e9gia Concursos, onde \u00e9 respons\u00e1vel pela produ\u00e7\u00e3o de conte\u00fados estrat\u00e9gicos voltados para o setor de concursos p\u00fablicos, com destaque para a \u00e1rea fiscal, gest\u00e3o, controle, concursos administrativos e Minist\u00e9rios participantes do CNU, al\u00e9m de diversos \u00f3rg\u00e3os federais. Tem como miss\u00e3o transformar informa\u00e7\u00f5es complexas em conte\u00fados acess\u00edveis, relevantes e de alto valor para quem sonha com uma carreira no servi\u00e7o p\u00fablico.","url":"https:\/\/www.estrategiaconcursos.com.br\/blog\/author\/barbara-santos\/"}]}},"_links":{"self":[{"href":"https:\/\/www.estrategiaconcursos.com.br\/blog\/wp-json\/wp\/v2\/posts\/1152965","targetHints":{"allow":["GET"]}}],"collection":[{"href":"https:\/\/www.estrategiaconcursos.com.br\/blog\/wp-json\/wp\/v2\/posts"}],"about":[{"href":"https:\/\/www.estrategiaconcursos.com.br\/blog\/wp-json\/wp\/v2\/types\/post"}],"author":[{"embeddable":true,"href":"https:\/\/www.estrategiaconcursos.com.br\/blog\/wp-json\/wp\/v2\/users\/2018"}],"replies":[{"embeddable":true,"href":"https:\/\/www.estrategiaconcursos.com.br\/blog\/wp-json\/wp\/v2\/comments?post=1152965"}],"version-history":[{"count":5,"href":"https:\/\/www.estrategiaconcursos.com.br\/blog\/wp-json\/wp\/v2\/posts\/1152965\/revisions"}],"predecessor-version":[{"id":1153285,"href":"https:\/\/www.estrategiaconcursos.com.br\/blog\/wp-json\/wp\/v2\/posts\/1152965\/revisions\/1153285"}],"wp:featuredmedia":[{"embeddable":true,"href":"https:\/\/www.estrategiaconcursos.com.br\/blog\/wp-json\/wp\/v2\/media\/851668"}],"wp:attachment":[{"href":"https:\/\/www.estrategiaconcursos.com.br\/blog\/wp-json\/wp\/v2\/media?parent=1152965"}],"wp:term":[{"taxonomy":"category","embeddable":true,"href":"https:\/\/www.estrategiaconcursos.com.br\/blog\/wp-json\/wp\/v2\/categories?post=1152965"},{"taxonomy":"post_tag","embeddable":true,"href":"https:\/\/www.estrategiaconcursos.com.br\/blog\/wp-json\/wp\/v2\/tags?post=1152965"},{"taxonomy":"tax_estado","embeddable":true,"href":"https:\/\/www.estrategiaconcursos.com.br\/blog\/wp-json\/wp\/v2\/tax_estado?post=1152965"}],"curies":[{"name":"wp","href":"https:\/\/api.w.org\/{rel}","templated":true}]}}