{"id":1152959,"date":"2023-01-16T06:45:58","date_gmt":"2023-01-16T09:45:58","guid":{"rendered":"https:\/\/www.estrategiaconcursos.com.br\/blog\/?p=1152959"},"modified":"2023-01-16T06:51:54","modified_gmt":"2023-01-16T09:51:54","slug":"concurso-tj-es-inscricoes-abertas","status":"publish","type":"post","link":"https:\/\/www.estrategiaconcursos.com.br\/blog\/concurso-tj-es-inscricoes-abertas\/","title":{"rendered":"Concurso TJ ES: inscri\u00e7\u00f5es abrem nesta segunda-feira (16\/01)"},"content":{"rendered":"\n<p>As inscri\u00e7\u00f5es do <strong>concurso TJ ES<\/strong> poder\u00e3o ser feitas a partir das 10h desta segunda-feira, 16 de janeiro, e seguir\u00e3o at\u00e9 \u00e0s 18h do dia 06 de fevereiro de 2023. <\/p>\n\n\n\n<p>Os interessados devem se inscrever pelo\u00a0<a href=\"https:\/\/www.cebraspe.org.br\/concursos\/\" target=\"_blank\" rel=\"noreferrer noopener\">portal<\/a> Cebraspe, banca organizadora do <strong>concurso p\u00fablico<\/strong> do <strong><a href=\"https:\/\/www.estrategiaconcursos.com.br\/cursosPorConcurso\/tribunal-de-justica-do-espirito-santo-tj-es\/\" target=\"_blank\" rel=\"noreferrer noopener\">Tribunal de Justi\u00e7a do Esp\u00edrito Santo<\/a><\/strong>, ao custo de R$ 100,00.<\/p>\n\n\n\n<p>O edital TJ ES\u00a0oferta <strong>128 vagas<\/strong>\u00a0mais forma\u00e7\u00e3o de cadastro de reserva para o cargo de Analista Judici\u00e1rio, que exige n\u00edvel superior, em diversas especialidades.<\/p>\n\n\n\n<p>As remunera\u00e7\u00e3o iniciais dos cargos variam entre R$ 6.713,00 e R$ 9.596,81, al\u00e9m de benef\u00edcios! As provas objetivas est\u00e3o previstas para o dia 19 de mar\u00e7o de 2023.<\/p>\n\n\n\n<h2 class=\"wp-block-heading\" id=\"h-concurso-tj-es-como-solicitar-a-isencao-da-taxa-de-inscricao\">Concurso TJ ES: \u00a0como solicitar a isen\u00e7\u00e3o da taxa de inscri\u00e7\u00e3o?<\/h2>\n\n\n\n<p>Conforme o <strong>edital TJ ES<\/strong>, o candidato poder\u00e1 solicitar a isen\u00e7\u00e3o do valor da taxa de inscri\u00e7\u00e3o entre os dias 16 e 23 de janeiro de 2023. <\/p>\n\n\n\n<p>Para isso, o candidato deve encaixar-se em alguma das seguintes possibilidades:<\/p>\n\n\n\n<ul class=\"wp-block-list\"><li>Inscrito no Cad\u00danico, conforme a Lei Estadual n\u00ba 9.652\/2011. \u00c9 necess\u00e1rio:<ul><li>preenchimento do requerimento dispon\u00edvel no aplicativo de inscri\u00e7\u00e3o com a indica\u00e7\u00e3o do N\u00famero de Identifica\u00e7\u00e3o Social (NIS), atribu\u00eddo pelo Cad\u00danico; e<\/li><li>preenchimento eletr\u00f4nico de declara\u00e7\u00e3o de que \u00e9 membro de fam\u00edlia de baixa renda (declara\u00e7\u00e3o de hipossufici\u00eancia), nos termos do Decreto n\u00ba 11.016\/2022.<\/li><\/ul><\/li><li>Doador de medula \u00f3ssea, conforme a Lei Estadual n\u00ba 10.607\/2016. \u00c9 necess\u00e1rio:<ul><li>comprova\u00e7\u00e3o do cadastro do candidato como doador de medula \u00f3ssea junto \u00e0 entidade coletora desse material ou junto \u00e0 entidade respons\u00e1vel pelo cadastro de doadores de medula \u00f3ssea, por meio de documento expedido pela entidade coletora ou pela entidade respons\u00e1vel pelo cadastro de doadores de medula \u00f3ssea; e<\/li><li>declara\u00e7\u00e3o firmada por escrito e assinada pelo candidato de que n\u00e3o usufruiu do benef\u00edcio nos \u00faltimos 24 meses, contados a partir da data de encerramento das inscri\u00e7\u00f5es.<\/li><\/ul><\/li><li>Pessoa isenta de declara\u00e7\u00e3o de imposto de renda e que comprove que a renda familiar \u00e9 inferior a dois sal\u00e1rios m\u00ednimos, conforme a Lei Estadual n\u00ba 10.822\/2018. \u00c9 necess\u00e1rio:<ul><li>comprovante de isen\u00e7\u00e3o da apresenta\u00e7\u00e3o da Declara\u00e7\u00e3o de Ajuste Anual do Imposto de Renda da Pessoa F\u00edsica; e<\/li><li>declara\u00e7\u00e3o firmada por escrito e assinada pelo candidato de que a soma de renda familiar mensal \u00e9 de at\u00e9 dois sal\u00e1rios m\u00ednimos.<\/li><\/ul><\/li><li>Eleitores que prestaram servi\u00e7o no per\u00edodo eleitoral para a Justi\u00e7a Eleitoral estadual, conforme a Lei Estadual n\u00ba 11.196\/2020. \u00c9 necess\u00e1rio:<ul><li>comprovar o servi\u00e7o prestado \u00e0 Justi\u00e7a Eleitoral por, no m\u00ednimo, dois eventos eleitorais (elei\u00e7\u00e3o, plebiscito ou referendo), consecutivos ou n\u00e3o.<\/li><\/ul><\/li><li>Pessoa com defici\u00eancia, assim definidas na Lei Federal n\u00ba 13.146\/2015 e conforme a Lei Estadual n\u00ba 11.233\/2021. \u00c9 necess\u00e1rio ter:<ul><li>laudo m\u00e9dico, cuja data de emiss\u00e3o seja, no m\u00e1ximo, nos 12 meses anteriores \u00e0 data de publica\u00e7\u00e3o deste edital, que deve atestar a esp\u00e9cie e o grau ou o n\u00edvel de sua defici\u00eancia, com expressa refer\u00eancia ao c\u00f3digo correspondente da Classifica\u00e7\u00e3o Internacional de Doen\u00e7as (CID-10), bem como a prov\u00e1vel causa da defici\u00eancia e a indica\u00e7\u00e3o de \u00f3rteses, pr\u00f3teses ou adapta\u00e7\u00f5es, se for o caso. Deve, ainda, conter a assinatura e o n\u00famero de registro do m\u00e9dico no Conselho Regional de Medicina (CRM), conforme modelo dispon\u00edvel no Anexo II deste edital.<\/li><\/ul><\/li><li>Doador de sangue, conforme a Lei Estadual n\u00ba 11.635\/2022. \u00c9 necess\u00e1rio apresentar:<ul><li>Documento emitido por \u00f3rg\u00e3o oficial ou entidade credenciada pela Uni\u00e3o, pelo Estado ou Munic\u00edpios do Estado do Esp\u00edrito Santo que comprove a doa\u00e7\u00e3o de sangue, por, no m\u00ednimo, tr\u00eas vezes em um per\u00edodo de 12 meses, a contar da data de publica\u00e7\u00e3o.<\/li><\/ul><\/li><\/ul>\n\n\n\n<p>Quer ficar por dentro de todas as atualiza\u00e7\u00f5es e novidades sobre o concurso TJ ES? Elaboramos um artigo completo para voc\u00ea se informar!<\/p>\n\n\n\n<h2 class=\"has-text-align-center has-pale-cyan-blue-background-color has-background has-medium-font-size wp-block-heading\" id=\"h-saiba-mais-concurso-tj-es\">Saiba mais: <a href=\"https:\/\/www.estrategiaconcursos.com.br\/blog\/concurso-tj-es\/\" target=\"_blank\" rel=\"noreferrer noopener\">concurso TJ ES<\/a><\/h2>\n\n\n\n<h2 class=\"has-text-align-center wp-block-heading\" id=\"h-quer-saber-tudo-sobre-concursos-previstos-confira-nossos-artigos\">Quer saber tudo sobre concursos previstos?<br \/>Confira nossos artigos!<\/h2>\n\n\n\n<ul class=\"wp-block-list\"><li><a href=\"https:\/\/www.estrategiaconcursos.com.br\/blog\/concursos-abertos\/\" target=\"_blank\" rel=\"noreferrer noopener\">Concursos abertos<\/a><\/li><li><a href=\"https:\/\/www.estrategiaconcursos.com.br\/blog\/concursos-2023\/\" target=\"_blank\" rel=\"noreferrer noopener\">Concursos 2023<\/a><\/li><\/ul>\n\n\n\n<h2 class=\"has-text-align-center wp-block-heading\" id=\"curso\">Agora que voc\u00ea conferiu sobre as inscri\u00e7\u00f5es, que tal estudar para Concurso TJ ES?<\/h2>\n\n\n\n<div class=\"container\" id=\"boxes\">\n  <div class=\"row\">\n\n    <div class=\"col-sm\">\n      <div class=\"banner-tribunal\" id=\"box-assinatura\">\n        <h3 class=\"titulo-assinatura\">Curso TJ ES<\/h3>\n        <p class=\"subtitulo-assinatura\">Conhe\u00e7a os cursos<\/p>\n        <div class=\"box-botao\">\n          <a class=\"btn-assinatura\" target=\"_blank\" href=\"https:\/\/www.estrategiaconcursos.com.br\/cursosPorConcurso\/tribunal-de-justica-do-espirito-santo-tj-es\/\" role=\"button\" rel=\"noopener noreferrer\">Conhe\u00e7a mais<\/a>\n        <\/div>\n      <\/div>\n      <p class=\"texto-auxiliar\">Prepare-se com o melhor material e com quem mais aprova em Concursos P\u00fablicos em todo o pa\u00eds.<\/p>\n    <\/div>\n\n  <\/div>\n<\/div>\n\n\n\n<div class=\"container\" id=\"boxes\">\n  <div class=\"row\">\n\n    <div class=\"col-sm\">\n      <div class=\"estrategia\" id=\"box-assinatura\">\n        <h3 class=\"titulo-assinatura\">Assinatura Concursos<\/h3>\n        <p class=\"subtitulo-assinatura\">Assinatura de 1 ano ou 2 anos<\/p>\n        <div class=\"box-botao\">\n          <a class=\"btn-assinatura\" target=\"_blank\" href=\"https:\/\/www.estrategiaconcursos.com.br\/assinaturas\/\" role=\"button\" rel=\"noopener noreferrer\">ASSINE AGORA<\/a>\n        <\/div>\n      <\/div>\n     \n    <\/div><\/div><\/div>\n\n\n\n<p><\/p>\n\n\n\n<p><br \/><\/p>\n","protected":false},"excerpt":{"rendered":"<p>As inscri\u00e7\u00f5es do concurso TJ ES poder\u00e3o ser feitas a partir das 10h desta segunda-feira, 16 de janeiro, e seguir\u00e3o at\u00e9 \u00e0s 18h do dia 06 de fevereiro de 2023. Os interessados devem se inscrever pelo\u00a0portal Cebraspe, banca organizadora do concurso p\u00fablico do Tribunal de Justi\u00e7a do Esp\u00edrito Santo, ao custo de R$ 100,00. O [&hellip;]<\/p>\n","protected":false},"author":2375,"featured_media":1043829,"comment_status":"open","ping_status":"closed","sticky":false,"template":"","format":"standard","meta":{"post_tipo":"news","footnotes":""},"categories":[1984,220219],"tags":[],"tax_estado":[219971],"class_list":["post-1152959","post","type-post","status-publish","format-standard","has-post-thumbnail","hentry","category-tribunais","category-noticias","tax_estado-es"],"acf":[],"yoast_head":"<!-- This site is optimized with the Yoast SEO Premium plugin v27.2 (Yoast SEO v27.2) - https:\/\/yoast.com\/product\/yoast-seo-premium-wordpress\/ -->\n<title>Concurso TJ ES: inscri\u00e7\u00f5es abrem nesta segunda-feira (16\/01)<\/title>\n<meta name=\"description\" content=\"Concurso TJ ES: inscri\u00e7\u00f5es no site da banca Cebraspe, entre os dias 16 de janeiro a 06 de fevereiro de 2023, ao custo de R$ 100,00.\" \/>\n<meta name=\"robots\" content=\"index, follow, max-snippet:-1, max-image-preview:large, max-video-preview:-1\" \/>\n<link rel=\"canonical\" href=\"https:\/\/www.estrategiaconcursos.com.br\/blog\/concurso-tj-es-inscricoes-abertas\/\" \/>\n<meta property=\"og:locale\" content=\"pt_BR\" \/>\n<meta property=\"og:type\" content=\"article\" \/>\n<meta property=\"og:title\" content=\"Concurso TJ ES: inscri\u00e7\u00f5es abrem nesta segunda-feira (16\/01)\" \/>\n<meta property=\"og:description\" content=\"Concurso TJ ES: inscri\u00e7\u00f5es no site da banca Cebraspe, entre os dias 16 de janeiro a 06 de fevereiro de 2023, ao custo de R$ 100,00.\" \/>\n<meta property=\"og:url\" content=\"https:\/\/www.estrategiaconcursos.com.br\/blog\/concurso-tj-es-inscricoes-abertas\/\" \/>\n<meta property=\"og:site_name\" content=\"Estrat\u00e9gia Concursos\" \/>\n<meta property=\"article:published_time\" content=\"2023-01-16T09:45:58+00:00\" \/>\n<meta property=\"article:modified_time\" content=\"2023-01-16T09:51:54+00:00\" \/>\n<meta property=\"og:image\" content=\"https:\/\/dhg1h5j42swfq.cloudfront.net\/2022\/06\/13080132\/concurso-tj-es-vagas-previstas.jpg\" \/>\n\t<meta property=\"og:image:width\" content=\"225\" \/>\n\t<meta property=\"og:image:height\" content=\"225\" \/>\n\t<meta property=\"og:image:type\" content=\"image\/jpeg\" \/>\n<meta name=\"author\" content=\"Priscila Almeida\" \/>\n<meta name=\"twitter:card\" content=\"summary_large_image\" \/>\n<meta name=\"twitter:creator\" content=\"@EstratConcursos\" \/>\n<meta name=\"twitter:site\" content=\"@EstratConcursos\" \/>\n<meta name=\"twitter:label1\" content=\"Escrito por\" \/>\n\t<meta name=\"twitter:data1\" content=\"Priscila Almeida\" \/>\n\t<meta name=\"twitter:label2\" content=\"Est. tempo de leitura\" \/>\n\t<meta name=\"twitter:data2\" content=\"4 minutos\" \/>\n<script type=\"application\/ld+json\" class=\"yoast-schema-graph\">{\"@context\":\"https:\/\/schema.org\",\"@graph\":[{\"@type\":\"NewsArticle\",\"@id\":\"https:\/\/www.estrategiaconcursos.com.br\/blog\/concurso-tj-es-inscricoes-abertas\/#article\",\"isPartOf\":{\"@id\":\"https:\/\/www.estrategiaconcursos.com.br\/blog\/concurso-tj-es-inscricoes-abertas\/\"},\"author\":{\"name\":\"Priscila Almeida\",\"@id\":\"https:\/\/www.estrategiaconcursos.com.br\/blog\/#\/schema\/person\/a06e841e501f2e1d8c49c4e8f066bfd1\"},\"headline\":\"Concurso TJ ES: inscri\u00e7\u00f5es abrem nesta segunda-feira (16\/01)\",\"datePublished\":\"2023-01-16T09:45:58+00:00\",\"dateModified\":\"2023-01-16T09:51:54+00:00\",\"mainEntityOfPage\":{\"@id\":\"https:\/\/www.estrategiaconcursos.com.br\/blog\/concurso-tj-es-inscricoes-abertas\/\"},\"wordCount\":729,\"commentCount\":0,\"publisher\":{\"@id\":\"https:\/\/www.estrategiaconcursos.com.br\/blog\/#organization\"},\"image\":{\"@id\":\"https:\/\/www.estrategiaconcursos.com.br\/blog\/concurso-tj-es-inscricoes-abertas\/#primaryimage\"},\"thumbnailUrl\":\"https:\/\/dhg1h5j42swfq.cloudfront.net\/2022\/06\/13080132\/concurso-tj-es-vagas-previstas.jpg\",\"articleSection\":[\"Tribunais\",\"\u00daltimas not\u00edcias\"],\"inLanguage\":\"pt-BR\",\"potentialAction\":[{\"@type\":\"CommentAction\",\"name\":\"Comment\",\"target\":[\"https:\/\/www.estrategiaconcursos.com.br\/blog\/concurso-tj-es-inscricoes-abertas\/#respond\"]}],\"copyrightYear\":\"2023\",\"copyrightHolder\":{\"@id\":\"https:\/\/www.estrategiaconcursos.com.br\/blog\/#organization\"}},{\"@type\":\"WebPage\",\"@id\":\"https:\/\/www.estrategiaconcursos.com.br\/blog\/concurso-tj-es-inscricoes-abertas\/\",\"url\":\"https:\/\/www.estrategiaconcursos.com.br\/blog\/concurso-tj-es-inscricoes-abertas\/\",\"name\":\"Concurso TJ ES: inscri\u00e7\u00f5es abrem nesta segunda-feira (16\/01)\",\"isPartOf\":{\"@id\":\"https:\/\/www.estrategiaconcursos.com.br\/blog\/#website\"},\"primaryImageOfPage\":{\"@id\":\"https:\/\/www.estrategiaconcursos.com.br\/blog\/concurso-tj-es-inscricoes-abertas\/#primaryimage\"},\"image\":{\"@id\":\"https:\/\/www.estrategiaconcursos.com.br\/blog\/concurso-tj-es-inscricoes-abertas\/#primaryimage\"},\"thumbnailUrl\":\"https:\/\/dhg1h5j42swfq.cloudfront.net\/2022\/06\/13080132\/concurso-tj-es-vagas-previstas.jpg\",\"datePublished\":\"2023-01-16T09:45:58+00:00\",\"dateModified\":\"2023-01-16T09:51:54+00:00\",\"description\":\"Concurso TJ ES: inscri\u00e7\u00f5es no site da banca Cebraspe, entre os dias 16 de janeiro a 06 de fevereiro de 2023, ao custo de R$ 100,00.\",\"breadcrumb\":{\"@id\":\"https:\/\/www.estrategiaconcursos.com.br\/blog\/concurso-tj-es-inscricoes-abertas\/#breadcrumb\"},\"inLanguage\":\"pt-BR\",\"potentialAction\":[{\"@type\":\"ReadAction\",\"target\":[\"https:\/\/www.estrategiaconcursos.com.br\/blog\/concurso-tj-es-inscricoes-abertas\/\"]}]},{\"@type\":\"ImageObject\",\"inLanguage\":\"pt-BR\",\"@id\":\"https:\/\/www.estrategiaconcursos.com.br\/blog\/concurso-tj-es-inscricoes-abertas\/#primaryimage\",\"url\":\"https:\/\/dhg1h5j42swfq.cloudfront.net\/2022\/06\/13080132\/concurso-tj-es-vagas-previstas.jpg\",\"contentUrl\":\"https:\/\/dhg1h5j42swfq.cloudfront.net\/2022\/06\/13080132\/concurso-tj-es-vagas-previstas.jpg\",\"width\":225,\"height\":225},{\"@type\":\"BreadcrumbList\",\"@id\":\"https:\/\/www.estrategiaconcursos.com.br\/blog\/concurso-tj-es-inscricoes-abertas\/#breadcrumb\",\"itemListElement\":[{\"@type\":\"ListItem\",\"position\":1,\"name\":\"In\u00edcio\",\"item\":\"https:\/\/www.estrategiaconcursos.com.br\/blog\/\"},{\"@type\":\"ListItem\",\"position\":2,\"name\":\"Concurso TJ ES: inscri\u00e7\u00f5es abrem nesta segunda-feira (16\/01)\"}]},{\"@type\":\"WebSite\",\"@id\":\"https:\/\/www.estrategiaconcursos.com.br\/blog\/#website\",\"url\":\"https:\/\/www.estrategiaconcursos.com.br\/blog\/\",\"name\":\"Estrat\u00e9gia Concursos\",\"description\":\"O blog da Estrat\u00e9gia Concursos traz not\u00edcias sobre concursos e artigos de professores oferecendo cursos para concursos (pdf + videaulas) no site.\",\"publisher\":{\"@id\":\"https:\/\/www.estrategiaconcursos.com.br\/blog\/#organization\"},\"potentialAction\":[{\"@type\":\"SearchAction\",\"target\":{\"@type\":\"EntryPoint\",\"urlTemplate\":\"https:\/\/www.estrategiaconcursos.com.br\/blog\/?s={search_term_string}\"},\"query-input\":{\"@type\":\"PropertyValueSpecification\",\"valueRequired\":true,\"valueName\":\"search_term_string\"}}],\"inLanguage\":\"pt-BR\"},{\"@type\":\"Organization\",\"@id\":\"https:\/\/www.estrategiaconcursos.com.br\/blog\/#organization\",\"name\":\"Estrat\u00e9gia Concursos\",\"url\":\"https:\/\/www.estrategiaconcursos.com.br\/blog\/\",\"logo\":{\"@type\":\"ImageObject\",\"inLanguage\":\"pt-BR\",\"@id\":\"https:\/\/www.estrategiaconcursos.com.br\/blog\/#\/schema\/logo\/image\/\",\"url\":\"https:\/\/dhg1h5j42swfq.cloudfront.net\/2025\/06\/03203428\/logo_concursos-1.jpg\",\"contentUrl\":\"https:\/\/dhg1h5j42swfq.cloudfront.net\/2025\/06\/03203428\/logo_concursos-1.jpg\",\"width\":230,\"height\":60,\"caption\":\"Estrat\u00e9gia Concursos\"},\"image\":{\"@id\":\"https:\/\/www.estrategiaconcursos.com.br\/blog\/#\/schema\/logo\/image\/\"},\"sameAs\":[\"https:\/\/x.com\/EstratConcursos\"]},{\"@type\":\"Person\",\"@id\":\"https:\/\/www.estrategiaconcursos.com.br\/blog\/#\/schema\/person\/a06e841e501f2e1d8c49c4e8f066bfd1\",\"name\":\"Priscila Almeida\",\"image\":{\"@type\":\"ImageObject\",\"inLanguage\":\"pt-BR\",\"@id\":\"https:\/\/secure.gravatar.com\/avatar\/0a963c9e2a947fa675b669cea2b5d0ba6dd1cbf46b966190343b6c9973ad3337?s=96&d=mm&r=g\",\"url\":\"https:\/\/secure.gravatar.com\/avatar\/0a963c9e2a947fa675b669cea2b5d0ba6dd1cbf46b966190343b6c9973ad3337?s=96&d=mm&r=g\",\"contentUrl\":\"https:\/\/secure.gravatar.com\/avatar\/0a963c9e2a947fa675b669cea2b5d0ba6dd1cbf46b966190343b6c9973ad3337?s=96&d=mm&r=g\",\"caption\":\"Priscila Almeida\"},\"description\":\"Atua na \u00e1rea de concursos p\u00fablicos desde 2019. As editorias que mais t\u00eam familiaridade s\u00e3o: Tribunais (TJs; TRTs; TREs; TSTs; STJ, STF, STM e TSE); Defensorias; Minist\u00e9rios P\u00fablicos; Procuradorias; Educa\u00e7\u00e3o e Conselhos. Na \u00e1rea de comunica\u00e7\u00e3o, de maneira geral, a caminhada \u00e9 um pouco mais longa - desde 2007. Possui experi\u00eancia em reda\u00e7\u00f5es de r\u00e1dio, TV, Web e impresso, al\u00e9m de desenvolver trabalhos em assessorias de comunica\u00e7\u00e3o institucional, empresarial e p\u00fablicas. Entre outros trabalhos, se destacam a atua\u00e7\u00e3o nas \u00e1reas de Justi\u00e7a, Congresso, Esportes, Sa\u00fade, Agropecu\u00e1ria, Cidades e Avia\u00e7\u00e3o Civil.\",\"url\":\"https:\/\/www.estrategiaconcursos.com.br\/blog\/author\/priscila-almeidaestrategia-com\/\"}]}<\/script>\n<!-- \/ Yoast SEO Premium plugin. -->","yoast_head_json":{"title":"Concurso TJ ES: inscri\u00e7\u00f5es abrem nesta segunda-feira (16\/01)","description":"Concurso TJ ES: inscri\u00e7\u00f5es no site da banca Cebraspe, entre os dias 16 de janeiro a 06 de fevereiro de 2023, ao custo de R$ 100,00.","robots":{"index":"index","follow":"follow","max-snippet":"max-snippet:-1","max-image-preview":"max-image-preview:large","max-video-preview":"max-video-preview:-1"},"canonical":"https:\/\/www.estrategiaconcursos.com.br\/blog\/concurso-tj-es-inscricoes-abertas\/","og_locale":"pt_BR","og_type":"article","og_title":"Concurso TJ ES: inscri\u00e7\u00f5es abrem nesta segunda-feira (16\/01)","og_description":"Concurso TJ ES: inscri\u00e7\u00f5es no site da banca Cebraspe, entre os dias 16 de janeiro a 06 de fevereiro de 2023, ao custo de R$ 100,00.","og_url":"https:\/\/www.estrategiaconcursos.com.br\/blog\/concurso-tj-es-inscricoes-abertas\/","og_site_name":"Estrat\u00e9gia Concursos","article_published_time":"2023-01-16T09:45:58+00:00","article_modified_time":"2023-01-16T09:51:54+00:00","og_image":[{"width":225,"height":225,"url":"https:\/\/dhg1h5j42swfq.cloudfront.net\/2022\/06\/13080132\/concurso-tj-es-vagas-previstas.jpg","type":"image\/jpeg"}],"author":"Priscila Almeida","twitter_card":"summary_large_image","twitter_creator":"@EstratConcursos","twitter_site":"@EstratConcursos","twitter_misc":{"Escrito por":"Priscila Almeida","Est. tempo de leitura":"4 minutos"},"schema":{"@context":"https:\/\/schema.org","@graph":[{"@type":"NewsArticle","@id":"https:\/\/www.estrategiaconcursos.com.br\/blog\/concurso-tj-es-inscricoes-abertas\/#article","isPartOf":{"@id":"https:\/\/www.estrategiaconcursos.com.br\/blog\/concurso-tj-es-inscricoes-abertas\/"},"author":{"name":"Priscila Almeida","@id":"https:\/\/www.estrategiaconcursos.com.br\/blog\/#\/schema\/person\/a06e841e501f2e1d8c49c4e8f066bfd1"},"headline":"Concurso TJ ES: inscri\u00e7\u00f5es abrem nesta segunda-feira (16\/01)","datePublished":"2023-01-16T09:45:58+00:00","dateModified":"2023-01-16T09:51:54+00:00","mainEntityOfPage":{"@id":"https:\/\/www.estrategiaconcursos.com.br\/blog\/concurso-tj-es-inscricoes-abertas\/"},"wordCount":729,"commentCount":0,"publisher":{"@id":"https:\/\/www.estrategiaconcursos.com.br\/blog\/#organization"},"image":{"@id":"https:\/\/www.estrategiaconcursos.com.br\/blog\/concurso-tj-es-inscricoes-abertas\/#primaryimage"},"thumbnailUrl":"https:\/\/dhg1h5j42swfq.cloudfront.net\/2022\/06\/13080132\/concurso-tj-es-vagas-previstas.jpg","articleSection":["Tribunais","\u00daltimas not\u00edcias"],"inLanguage":"pt-BR","potentialAction":[{"@type":"CommentAction","name":"Comment","target":["https:\/\/www.estrategiaconcursos.com.br\/blog\/concurso-tj-es-inscricoes-abertas\/#respond"]}],"copyrightYear":"2023","copyrightHolder":{"@id":"https:\/\/www.estrategiaconcursos.com.br\/blog\/#organization"}},{"@type":"WebPage","@id":"https:\/\/www.estrategiaconcursos.com.br\/blog\/concurso-tj-es-inscricoes-abertas\/","url":"https:\/\/www.estrategiaconcursos.com.br\/blog\/concurso-tj-es-inscricoes-abertas\/","name":"Concurso TJ ES: inscri\u00e7\u00f5es abrem nesta segunda-feira (16\/01)","isPartOf":{"@id":"https:\/\/www.estrategiaconcursos.com.br\/blog\/#website"},"primaryImageOfPage":{"@id":"https:\/\/www.estrategiaconcursos.com.br\/blog\/concurso-tj-es-inscricoes-abertas\/#primaryimage"},"image":{"@id":"https:\/\/www.estrategiaconcursos.com.br\/blog\/concurso-tj-es-inscricoes-abertas\/#primaryimage"},"thumbnailUrl":"https:\/\/dhg1h5j42swfq.cloudfront.net\/2022\/06\/13080132\/concurso-tj-es-vagas-previstas.jpg","datePublished":"2023-01-16T09:45:58+00:00","dateModified":"2023-01-16T09:51:54+00:00","description":"Concurso TJ ES: inscri\u00e7\u00f5es no site da banca Cebraspe, entre os dias 16 de janeiro a 06 de fevereiro de 2023, ao custo de R$ 100,00.","breadcrumb":{"@id":"https:\/\/www.estrategiaconcursos.com.br\/blog\/concurso-tj-es-inscricoes-abertas\/#breadcrumb"},"inLanguage":"pt-BR","potentialAction":[{"@type":"ReadAction","target":["https:\/\/www.estrategiaconcursos.com.br\/blog\/concurso-tj-es-inscricoes-abertas\/"]}]},{"@type":"ImageObject","inLanguage":"pt-BR","@id":"https:\/\/www.estrategiaconcursos.com.br\/blog\/concurso-tj-es-inscricoes-abertas\/#primaryimage","url":"https:\/\/dhg1h5j42swfq.cloudfront.net\/2022\/06\/13080132\/concurso-tj-es-vagas-previstas.jpg","contentUrl":"https:\/\/dhg1h5j42swfq.cloudfront.net\/2022\/06\/13080132\/concurso-tj-es-vagas-previstas.jpg","width":225,"height":225},{"@type":"BreadcrumbList","@id":"https:\/\/www.estrategiaconcursos.com.br\/blog\/concurso-tj-es-inscricoes-abertas\/#breadcrumb","itemListElement":[{"@type":"ListItem","position":1,"name":"In\u00edcio","item":"https:\/\/www.estrategiaconcursos.com.br\/blog\/"},{"@type":"ListItem","position":2,"name":"Concurso TJ ES: inscri\u00e7\u00f5es abrem nesta segunda-feira (16\/01)"}]},{"@type":"WebSite","@id":"https:\/\/www.estrategiaconcursos.com.br\/blog\/#website","url":"https:\/\/www.estrategiaconcursos.com.br\/blog\/","name":"Estrat\u00e9gia Concursos","description":"O blog da Estrat\u00e9gia Concursos traz not\u00edcias sobre concursos e artigos de professores oferecendo cursos para concursos (pdf + videaulas) no site.","publisher":{"@id":"https:\/\/www.estrategiaconcursos.com.br\/blog\/#organization"},"potentialAction":[{"@type":"SearchAction","target":{"@type":"EntryPoint","urlTemplate":"https:\/\/www.estrategiaconcursos.com.br\/blog\/?s={search_term_string}"},"query-input":{"@type":"PropertyValueSpecification","valueRequired":true,"valueName":"search_term_string"}}],"inLanguage":"pt-BR"},{"@type":"Organization","@id":"https:\/\/www.estrategiaconcursos.com.br\/blog\/#organization","name":"Estrat\u00e9gia Concursos","url":"https:\/\/www.estrategiaconcursos.com.br\/blog\/","logo":{"@type":"ImageObject","inLanguage":"pt-BR","@id":"https:\/\/www.estrategiaconcursos.com.br\/blog\/#\/schema\/logo\/image\/","url":"https:\/\/dhg1h5j42swfq.cloudfront.net\/2025\/06\/03203428\/logo_concursos-1.jpg","contentUrl":"https:\/\/dhg1h5j42swfq.cloudfront.net\/2025\/06\/03203428\/logo_concursos-1.jpg","width":230,"height":60,"caption":"Estrat\u00e9gia Concursos"},"image":{"@id":"https:\/\/www.estrategiaconcursos.com.br\/blog\/#\/schema\/logo\/image\/"},"sameAs":["https:\/\/x.com\/EstratConcursos"]},{"@type":"Person","@id":"https:\/\/www.estrategiaconcursos.com.br\/blog\/#\/schema\/person\/a06e841e501f2e1d8c49c4e8f066bfd1","name":"Priscila Almeida","image":{"@type":"ImageObject","inLanguage":"pt-BR","@id":"https:\/\/secure.gravatar.com\/avatar\/0a963c9e2a947fa675b669cea2b5d0ba6dd1cbf46b966190343b6c9973ad3337?s=96&d=mm&r=g","url":"https:\/\/secure.gravatar.com\/avatar\/0a963c9e2a947fa675b669cea2b5d0ba6dd1cbf46b966190343b6c9973ad3337?s=96&d=mm&r=g","contentUrl":"https:\/\/secure.gravatar.com\/avatar\/0a963c9e2a947fa675b669cea2b5d0ba6dd1cbf46b966190343b6c9973ad3337?s=96&d=mm&r=g","caption":"Priscila Almeida"},"description":"Atua na \u00e1rea de concursos p\u00fablicos desde 2019. As editorias que mais t\u00eam familiaridade s\u00e3o: Tribunais (TJs; TRTs; TREs; TSTs; STJ, STF, STM e TSE); Defensorias; Minist\u00e9rios P\u00fablicos; Procuradorias; Educa\u00e7\u00e3o e Conselhos. Na \u00e1rea de comunica\u00e7\u00e3o, de maneira geral, a caminhada \u00e9 um pouco mais longa - desde 2007. Possui experi\u00eancia em reda\u00e7\u00f5es de r\u00e1dio, TV, Web e impresso, al\u00e9m de desenvolver trabalhos em assessorias de comunica\u00e7\u00e3o institucional, empresarial e p\u00fablicas. Entre outros trabalhos, se destacam a atua\u00e7\u00e3o nas \u00e1reas de Justi\u00e7a, Congresso, Esportes, Sa\u00fade, Agropecu\u00e1ria, Cidades e Avia\u00e7\u00e3o Civil.","url":"https:\/\/www.estrategiaconcursos.com.br\/blog\/author\/priscila-almeidaestrategia-com\/"}]}},"_links":{"self":[{"href":"https:\/\/www.estrategiaconcursos.com.br\/blog\/wp-json\/wp\/v2\/posts\/1152959","targetHints":{"allow":["GET"]}}],"collection":[{"href":"https:\/\/www.estrategiaconcursos.com.br\/blog\/wp-json\/wp\/v2\/posts"}],"about":[{"href":"https:\/\/www.estrategiaconcursos.com.br\/blog\/wp-json\/wp\/v2\/types\/post"}],"author":[{"embeddable":true,"href":"https:\/\/www.estrategiaconcursos.com.br\/blog\/wp-json\/wp\/v2\/users\/2375"}],"replies":[{"embeddable":true,"href":"https:\/\/www.estrategiaconcursos.com.br\/blog\/wp-json\/wp\/v2\/comments?post=1152959"}],"version-history":[{"count":6,"href":"https:\/\/www.estrategiaconcursos.com.br\/blog\/wp-json\/wp\/v2\/posts\/1152959\/revisions"}],"predecessor-version":[{"id":1152970,"href":"https:\/\/www.estrategiaconcursos.com.br\/blog\/wp-json\/wp\/v2\/posts\/1152959\/revisions\/1152970"}],"wp:featuredmedia":[{"embeddable":true,"href":"https:\/\/www.estrategiaconcursos.com.br\/blog\/wp-json\/wp\/v2\/media\/1043829"}],"wp:attachment":[{"href":"https:\/\/www.estrategiaconcursos.com.br\/blog\/wp-json\/wp\/v2\/media?parent=1152959"}],"wp:term":[{"taxonomy":"category","embeddable":true,"href":"https:\/\/www.estrategiaconcursos.com.br\/blog\/wp-json\/wp\/v2\/categories?post=1152959"},{"taxonomy":"post_tag","embeddable":true,"href":"https:\/\/www.estrategiaconcursos.com.br\/blog\/wp-json\/wp\/v2\/tags?post=1152959"},{"taxonomy":"tax_estado","embeddable":true,"href":"https:\/\/www.estrategiaconcursos.com.br\/blog\/wp-json\/wp\/v2\/tax_estado?post=1152959"}],"curies":[{"name":"wp","href":"https:\/\/api.w.org\/{rel}","templated":true}]}}