{"id":1152769,"date":"2023-01-15T14:28:04","date_gmt":"2023-01-15T17:28:04","guid":{"rendered":"https:\/\/www.estrategiaconcursos.com.br\/blog\/?p=1152769"},"modified":"2023-01-15T15:54:21","modified_gmt":"2023-01-15T18:54:21","slug":"gabarito-extraoficial-sme-sp-professor-de-educacao-infantil-e-ensino-fundamental-i","status":"publish","type":"post","link":"https:\/\/www.estrategiaconcursos.com.br\/blog\/gabarito-extraoficial-sme-sp-professor-de-educacao-infantil-e-ensino-fundamental-i\/","title":{"rendered":"Gabarito extraoficial SME SP: professor de Educa\u00e7\u00e3o Infantil e Ensino Fundamental I"},"content":{"rendered":"\n<p class=\"wp-embed-aspect-16-9 wp-has-aspect-ratio\">As provas objetivas do concurso do\u00a0<a href=\"https:\/\/www.estrategiaconcursos.com.br\/pesquisa\/?q=sme+sp\" target=\"_blank\" rel=\"noreferrer noopener\">Secretaria Municipal de Educa\u00e7\u00e3o de S\u00e3o Paulo<\/a> (<strong>SME SP<\/strong>) foram aplicadas neste domingo (15\/01) e neste artigo voc\u00ea poder\u00e1 conferir o <strong>gabarito extraoficial<\/strong> para o cargo de <strong>Professor de Educa\u00e7\u00e3o Infantil e Ensino Fundamental I<\/strong>.<\/p>\n\n\n\n<p class=\"wp-embed-aspect-16-9 wp-has-aspect-ratio\">A corre\u00e7\u00e3o extraoficial estar\u00e1 dispon\u00edvel em v\u00eddeo (atrav\u00e9s do link abaixo) e tamb\u00e9m em texto, a partir da transcri\u00e7\u00e3o do enunciado das quest\u00f5es.<\/p>\n\n\n\n<p class=\"wp-embed-aspect-16-9 wp-has-aspect-ratio\">Veja a corre\u00e7\u00e3o dos especialistas do Estrat\u00e9gia Concursos e tenha uma melhor no\u00e7\u00e3o do seu desempenho na prova!<\/p>\n\n\n\n<h2 class=\"wp-embed-aspect-16-9 wp-has-aspect-ratio wp-block-heading\" id=\"h-participe-do-ranking-para-o-gabarito-extraoficial-sme-sp\">Participe do Ranking para o Gabarito Extraoficial SME SP<\/h2>\n\n\n\n<p class=\"has-text-align-center wp-embed-aspect-16-9 wp-has-aspect-ratio has-cyan-bluish-gray-background-color has-background\" style=\"font-size:clamp(14px, 0.875rem + ((1vw - 3.2px) * 0.392), 18px);\"><strong><a href=\"https:\/\/forms.gle\/SQdEHXoLUXpBYfky5\" target=\"_blank\" rel=\"noreferrer noopener\">Preencha o gabarito eletr\u00f4nico<\/a><\/strong><\/p>\n\n\n\n<p class=\"has-text-align-center has-cyan-bluish-gray-background-color has-background\" style=\"font-size:clamp(14px, 0.875rem + ((1vw - 3.2px) * 0.392), 18px);\"><strong><a href=\"https:\/\/docs.google.com\/spreadsheets\/d\/1HvhDfmyiELlhx7pDGbopb0DOyc3pmK-vi_hMexGzk4Q\/edit?usp=sharing\" target=\"_blank\" rel=\"noreferrer noopener\">Ranking Gabarito Extraoficial &#8211; Professor de Educa\u00e7\u00e3o Infantil e Ensino Fundamental I<\/a><\/strong><\/p>\n\n\n\n<h2 class=\"has-text-align-center has-pale-cyan-blue-background-color has-background wp-block-heading\" id=\"h-concurso-sme-sp-gabarito-extraoficial-em-video\">Concurso SME SP: gabarito extraoficial em v\u00eddeo <\/h2>\n\n\n<figure class=\"wp-block-embed-youtube wp-block-embed is-type-video is-provider-youtube wp-embed-aspect-16-9 wp-has-aspect-ratio\"><div class=\"lyte-wrapper\" style=\"width:853px;max-width:100%;margin:5px;\"><div class=\"lyMe\" id=\"WYL_kIKprM9nQbo\"><div id=\"lyte_kIKprM9nQbo\" data-src=\"\/\/i.ytimg.com\/vi\/kIKprM9nQbo\/hqdefault.jpg\" class=\"pL\"><div class=\"tC\"><div class=\"tT\"><\/div><\/div><div class=\"play\"><\/div><div class=\"ctrl\"><div class=\"Lctrl\"><\/div><div class=\"Rctrl\"><\/div><\/div><\/div><noscript><a href=\"https:\/\/youtu.be\/kIKprM9nQbo\" rel=\"nofollow\"><img loading=\"lazy\" decoding=\"async\" src=\"https:\/\/i.ytimg.com\/vi\/kIKprM9nQbo\/0.jpg\" alt=\"YouTube video thumbnail\" width=\"853\" height=\"460\" \/><br \/>Assista a este v\u00eddeo no YouTube<\/a><\/noscript><\/div><\/div><div class=\"lL\" style=\"max-width:100%;width:853px;margin:5px;\"><\/div><figcaption><\/figcaption><\/figure>\n\n\n<h2 class=\"has-text-align-center has-pale-cyan-blue-background-color has-background wp-block-heading\">Concurso SME SP: gabarito extraoficial em texto<\/h2>\n\n\n\n<p>Como h\u00e1 v\u00e1rios tipos de provas, voc\u00ea pode conferir o in\u00edcio da quest\u00e3o do<strong> gabarito SME SP &#8211; <\/strong>Professor de Educa\u00e7\u00e3o Infantil e Ensino Fundamental I:<\/p>\n\n\n\n<h3 class=\"has-cyan-bluish-gray-background-color has-background wp-block-heading\">L\u00edngua Portuguesa <\/h3>\n\n\n\n<ul class=\"wp-block-list\"><li>Quest\u00e3o: Dois amigos diplomatas encontraram-se&#8230;<\/li><li>Gabarito: A<\/li><\/ul>\n\n\n\n<ul class=\"wp-block-list\"><li>Quest\u00e3o: Um participante de uma prova n\u00e1utica&#8230;<\/li><li>Gabarito: D<\/li><\/ul>\n\n\n\n<ul class=\"wp-block-list\"><li>Quest\u00e3o: Como o t\u00edtulo fo poema indica, o tema dos versos&#8230;<\/li><li>Gabarito: E<\/li><\/ul>\n\n\n\n<ul class=\"wp-block-list\"><li>Quest\u00e3o: Sobre a constru\u00e7\u00e3o deste pequeno texto jornal\u00edstico&#8230;<\/li><li>Gabarito: B<\/li><\/ul>\n\n\n\n<ul class=\"wp-block-list\"><li>Quest\u00e3o: Assinale a op\u00e7\u00e3o que indica a pergunta&#8230;<\/li><li>Gabarito: D<\/li><\/ul>\n\n\n\n<ul class=\"wp-block-list\"><li>Quest\u00e3o: No ano de 1990, foi lan\u00e7ado&#8230;<\/li><li>Gabarito: C<\/li><\/ul>\n\n\n\n<ul class=\"wp-block-list\"><li>Quest\u00e3o: As varia\u00e7\u00f5es lingu\u00edsticas s\u00e3o resultantes&#8230;<\/li><li>Gabarito: D<\/li><\/ul>\n\n\n\n<ul class=\"wp-block-list\"><li>Quest\u00e3o: O efeito humor\u00edstico do di\u00e1logo&#8230;<\/li><li>Gabarito: E<\/li><\/ul>\n\n\n\n<ul class=\"wp-block-list\"><li>Quest\u00e3o: O contexto de produ\u00e7\u00e3o desse fragmento&#8230;<\/li><li>Gabarito: B<\/li><\/ul>\n\n\n\n<ul class=\"wp-block-list\"><li>Quest\u00e3o: Em situa\u00e7\u00f5es de comunica\u00e7\u00e3o formal&#8230;<\/li><li>Gabarito: E<\/li><\/ul>\n\n\n\n<h3 class=\"has-pale-cyan-blue-background-color has-background wp-block-heading\">Inform\u00e1tica B\u00e1sica<\/h3>\n\n\n\n<ul class=\"wp-block-list\"><li>Quest\u00e3o: Segundo as diretrizes Curriculares Nacionais da Educa\u00e7\u00e3o B\u00e1sica&#8230;<\/li><li>Gabarito: E<\/li><\/ul>\n\n\n\n<ul class=\"wp-block-list\"><li>Quest\u00e3o: A respeito das diretrizes das a\u00e7\u00f5es&#8230;<\/li><li>Gabarito: A<\/li><\/ul>\n\n\n\n<ul class=\"wp-block-list\"><li>Quest\u00e3o: De acordo com o Art.2\u00ba, inciso VII&#8230;<\/li><li>Gabarito: E<\/li><\/ul>\n\n\n\n<ul class=\"wp-block-list\"><li>Quest\u00e3o: Assinale a op\u00e7\u00e3o que evidencia&#8230;<\/li><li>Gabarito: D<\/li><\/ul>\n\n\n\n<ul class=\"wp-block-list\"><li>Quest\u00e3o: Assinale a op\u00e7\u00e3o que representa a forma de ensino&#8230;<\/li><li>Gabarito: B<\/li><\/ul>\n\n\n\n<ul class=\"wp-block-list\"><li>Quest\u00e3o: Segundo Christensen, Horn e Staker&#8230;<\/li><li>Gabarito: C<\/li><\/ul>\n\n\n\n<h3 class=\"has-luminous-vivid-amber-background-color has-background wp-block-heading\">Legisla\u00e7\u00e3o Espec\u00edfica<\/h3>\n\n\n\n<ul class=\"wp-block-list\"><li>Quest\u00e3o: A respeito da caracteriza\u00e7\u00e3o do Ensino H\u00edbrido&#8230;<\/li><li>Gabarito: A<\/li><\/ul>\n\n\n\n<ul class=\"wp-block-list\"><li>Quest\u00e3o: De acordo com a instru\u00e7\u00e3o normativa da Secretaria Municipal &#8230;<\/li><li>Gabarito: B<\/li><\/ul>\n\n\n\n<ul class=\"wp-block-list\"><li>Quest\u00e3o: O c\u00f3digo EI 02 EO 03 \u00e9 um exemplo&#8230;<\/li><li>Gabarito: E<\/li><\/ul>\n\n\n\n<ul class=\"wp-block-list\"><li>Quest\u00e3o: Para a implementa\u00e7\u00e3o da Pol\u00edtica de Educa\u00e7\u00e3o&#8230;<\/li><li>Gabarito: D<\/li><\/ul>\n\n\n\n<h3 class=\"has-light-green-cyan-background-color has-background wp-block-heading\">Conhecimentos Pedag\u00f3gicos &#8211; M\u00f3dulo II<\/h3>\n\n\n\n<ul class=\"wp-block-list\"><li>Quest\u00e3o: Assinale a op\u00e7\u00e3o que descreve corretamente&#8230;<\/li><li>Gabarito: E<\/li><\/ul>\n\n\n\n<ul class=\"wp-block-list\"><li>Quest\u00e3o: A legisla\u00e7\u00e3o prev\u00ea, desde a CF de 1988, o direito \u00e0 educa\u00e7\u00e3o&#8230;<\/li><li>Gabarito: A<\/li><\/ul>\n\n\n\n<ul class=\"wp-block-list\"><li>Quest\u00e3o: O Curr\u00edculo da Cidade do Ensino Fundamental referente&#8230;<\/li><li>Gabarito: E<\/li><\/ul>\n\n\n\n<ul class=\"wp-block-list\"><li>Quest\u00e3o: O programa Mais Educa\u00e7\u00e3o S\u00e3o Paulo contempla a amplia\u00e7\u00e3o&#8230;<\/li><li>Gabarito: C<\/li><\/ul>\n\n\n\n<ul class=\"wp-block-list\"><li>Quest\u00e3o: Assinale a op\u00e7\u00e3o cujo os itens completam corretamente&#8230;<\/li><li>Gabarito: B<\/li><\/ul>\n\n\n\n<ul class=\"wp-block-list\"><li>Quest\u00e3o: Com rela\u00e7\u00e3o ao sentido atribu\u00eddo&#8230;<\/li><li>Gabarito: B<\/li><\/ul>\n\n\n\n<ul class=\"wp-block-list\"><li>Quest\u00e3o: De acordo com a recomenda\u00e7\u00e3o CME 02\/2022&#8230;<\/li><li>Gabarito: D<\/li><\/ul>\n\n\n\n<ul class=\"wp-block-list\"><li>Quest\u00e3o: A Lei de Diretrizes e bases da Educa\u00e7\u00e3o&#8230;<\/li><li>Gabarito: D<\/li><\/ul>\n\n\n\n<h3 class=\"has-pale-pink-background-color has-background wp-block-heading\">Processos de Ensinar e Aprender<\/h3>\n\n\n\n<ul class=\"wp-block-list\"><li>Quest\u00e3o: O curr\u00edculo da Cidade referente ao Ensino de L\u00edngua Portuguesa&#8230;<\/li><li>Gabarito: D<\/li><\/ul>\n\n\n\n<ul class=\"wp-block-list\"><li>Quest\u00e3o: Pautados pela perspectiva  de Miguel Arroyo&#8230;<\/li><li>Gabarito: E<\/li><\/ul>\n\n\n\n<ul class=\"wp-block-list\"><li>Quest\u00e3o: O conceito de Documenta\u00e7\u00e3o Pedag\u00f3gica&#8230;<\/li><li>Gabarito: C<\/li><\/ul>\n\n\n\n<ul class=\"wp-block-list\"><li>Quest\u00e3o: Com base no trecho citado, \u00e9 correto afirmar&#8230;<\/li><li>Gabarito: B<\/li><\/ul>\n\n\n\n<ul class=\"wp-block-list\"><li>Quest\u00e3o: Um dos tipos de avalia\u00e7\u00e3o  proposto&#8230;<\/li><li>Gabarito: A<\/li><\/ul>\n\n\n\n<ul class=\"wp-block-list\"><li>Quest\u00e3o: Esse tipo de tarefa apresenta quatro momentos&#8230;<\/li><li>Gabarito: A<\/li><\/ul>\n\n\n\n<h3 class=\"has-cyan-bluish-gray-background-color has-background wp-block-heading\">Educa\u00e7\u00e3o Infantil<\/h3>\n\n\n\n<ul class=\"wp-block-list\"><li>Quest\u00e3o: Assinale a op\u00e7\u00e3o que descreve corretamente a perspectiva da educadora Suely&#8230;<\/li><li>Gabarito: E<\/li><\/ul>\n\n\n\n<ul class=\"wp-block-list\"><li>Quest\u00e3o: De acordo com a orienta\u00e7\u00e3o normativa para Registro&#8230;<\/li><li>Gabarito: C<\/li><\/ul>\n\n\n\n<ul class=\"wp-block-list\"><li>Quest\u00e3o: Com rela\u00e7\u00e3o \u00e0 proposi\u00e7\u00e3o de uma Assembleia&#8230;<\/li><li>Gabarito: D<\/li><\/ul>\n\n\n\n<ul class=\"wp-block-list\"><li>Quest\u00e3o: A esse respeito, analise as afirmativas&#8230;<\/li><li>Gabarito: A<\/li><\/ul>\n\n\n\n<ul class=\"wp-block-list\"><li>Quest\u00e3o: De acordo com a orienta\u00e7\u00e3o normativa &#8230;<\/li><li>Gabarito: C<\/li><\/ul>\n\n\n\n<ul class=\"wp-block-list\"><li>Quest\u00e3o: As orienta\u00e7\u00f5es a seguir referem-se&#8230;<\/li><li>Gabarito: B<\/li><\/ul>\n\n\n\n<h3 class=\"has-pale-pink-background-color has-background wp-block-heading\">Conhecimentos espec\u00edficos <\/h3>\n\n\n\n<ul class=\"wp-block-list\"><li>Quest\u00e3o: As op\u00e7\u00f5es a seguir apresentam crit\u00e9rios&#8230;<\/li><li>Gabarito: C<\/li><\/ul>\n\n\n\n<ul class=\"wp-block-list\"><li>Quest\u00e3o: Entre as op\u00e7\u00f5es a seguir, assinale aquela em que&#8230;<\/li><li>Gabarito: A<\/li><\/ul>\n\n\n\n<ul class=\"wp-block-list\"><li>Quest\u00e3o: A principal cr\u00edtica desse texto se dirige&#8230;<\/li><li>Gabarito: E<\/li><\/ul>\n\n\n\n<ul class=\"wp-block-list\"><li>Quest\u00e3o: Assinale a op\u00e7\u00e3o que apresenta a frase que n\u00e3o&#8230;<\/li><li>Gabarito: D<\/li><\/ul>\n\n\n\n<ul class=\"wp-block-list\"><li>Quest\u00e3o: A leitura cr\u00edtica pode ser definida como aquela que&#8230;<\/li><li>Gabarito: D<\/li><\/ul>\n\n\n\n<ul class=\"wp-block-list\"><li>Quest\u00e3o: Assinale a op\u00e7\u00e3o que mostra um verbo&#8230;<\/li><li>Gabarito: B<\/li><\/ul>\n\n\n\n<h3 class=\"has-light-green-cyan-background-color has-background wp-block-heading\">Matem\u00e1tica de suas tecnologias <\/h3>\n\n\n\n<ul class=\"wp-block-list\"><li>Quest\u00e3o: Para manter a ideia inicial&#8230;<\/li><li>Gabarito: D<\/li><\/ul>\n\n\n\n<ul class=\"wp-block-list\"><li>Quest\u00e3o: Sobre esse jogo \u00e9 correto afirmar que&#8230;<\/li><li>Gabarito: A<\/li><\/ul>\n\n\n\n<ul class=\"wp-block-list\"><li>Quest\u00e3o: Assinale a op\u00e7\u00e3o que indica a quantidade de gasolina&#8230;<\/li><li>Gabarito: E<\/li><\/ul>\n\n\n\n<ul class=\"wp-block-list\"><li>Quest\u00e3o: Para manter a mesma receita adaptada&#8230;<\/li><li>Gabarito: X<\/li><\/ul>\n\n\n\n<ul class=\"wp-block-list\"><li>Quest\u00e3o: A massa da Terra \u00e9 de 5,94 x &#8230;<\/li><li>Gabarito: C<\/li><\/ul>\n\n\n\n<ul class=\"wp-block-list\"><li>Quest\u00e3o: Baseando-se nas informa\u00e7\u00f5es oferecidas&#8230;<\/li><li>Gabarito: X<\/li><\/ul>\n\n\n\n<ul class=\"wp-block-list\"><li>Quest\u00e3o: Na posi\u00e7\u00e3o 1, a Terra est\u00e1 no&#8230;<\/li><li>Gabarito: C<\/li><\/ul>\n\n\n\n<ul class=\"wp-block-list\"><li>Quest\u00e3o: Os anf\u00edbios, em sua maioria,  caracteristicamente&#8230;<\/li><li>Gabarito: E<\/li><\/ul>\n\n\n\n<ul class=\"wp-block-list\"><li>Quest\u00e3o: Ap\u00f3s compararem as caracter\u00edsticas das subst\u00e2ncias&#8230;<\/li><li>Gabarito: B<\/li><\/ul>\n\n\n\n<ul class=\"wp-block-list\"><li>Quest\u00e3o: Sobre o tema da aula e a atividade descrita&#8230;<\/li><li>Gabarito: D<\/li><\/ul>\n\n\n\n<ul class=\"wp-block-list\"><li>Quest\u00e3o: As op\u00e7\u00f5es a seguir descrevem&#8230;<\/li><li>Gabarito: B<\/li><\/ul>\n\n\n\n<ul class=\"wp-block-list\"><li>Quest\u00e3o: Com base na perspectiva da autora, analise&#8230;<\/li><li>Gabarito: B<\/li><\/ul>\n\n\n\n<ul class=\"wp-block-list\"><li>Quest\u00e3o: As orienta\u00e7\u00f5es did\u00e1ticas do Curr\u00edculo da Cidade&#8230;<\/li><li>Gabarito: E<\/li><\/ul>\n\n\n\n<ul class=\"wp-block-list\"><li>Quest\u00e3o: A partir de conceitos, como o de espa\u00e7o&#8230;<\/li><li>Gabarito: C<\/li><\/ul>\n\n\n\n<p class=\"has-text-align-center has-background has-medium-font-size\" style=\"background-color:#89db7b82\"><strong>Saiba mais: <a href=\"https:\/\/www.estrategiaconcursos.com.br\/blog\/concurso-sme-sp\/\" target=\"_blank\" rel=\"noreferrer noopener\">concurso SME SP<\/a><\/strong><\/p>\n\n\n\n<h2 class=\"has-text-align-center wp-block-heading\" id=\"h-quer-saber-tudo-sobre-concursos-previstos-confira-nossos-artigos\">Quer saber tudo sobre concursos previstos?<br \/>Confira  nossos artigos!<\/h2>\n\n\n\n<ul class=\"wp-block-list\"><li><a href=\"https:\/\/www.estrategiaconcursos.com.br\/blog\/concursos-abertos\/\" target=\"_blank\" rel=\"noreferrer noopener\">Concursos abertos<\/a><\/li><li><a href=\"https:\/\/www.estrategiaconcursos.com.br\/blog\/concursos-2023\/\" target=\"_blank\" rel=\"noreferrer noopener\">Concursos 2023<\/a><\/li><\/ul>\n\n\n\n<h2 class=\"has-text-align-center wp-block-heading\" id=\"cursos-assinatura\">Quer estudar para o concurso SME SP?<\/h2>\n\n\n\n<p class=\"has-text-align-center\"><em>Gostou desta oportunidade e deseja se preparar? Ent\u00e3o, confira abaixo nosso curso exclusivo para este concurso e inicie seus estudos agora mesmo:<\/em><\/p>\n\n\n\n<div class=\"col-sm\">\n      <div class=\"banner-estrategia\" id=\"box-assinatura\">\n        <h3 class=\"titulo-assinatura\">Cursos para SME SP<\/h3>\n        <p class=\"subtitulo-assinatura\">Conhe\u00e7a os cursos<\/p>\n        <div class=\"box-botao\">\n          <a class=\"btn-assinatura\" target=\"_blank\" href=\"https:\/\/www.estrategiaconcursos.com.br\/pesquisa\/?q=sme+sp\" role=\"button\" rel=\"noopener noreferrer\">Conhe\u00e7a mais<\/a>\n        <\/div>\n      <\/div>\n      <p class=\"texto-auxiliar\">Prepare-se com o melhor material e com quem mais aprova em Concursos P\u00fablicos em todo o pa\u00eds.<\/p>\n    <\/div>\n","protected":false},"excerpt":{"rendered":"<p>As provas objetivas do concurso do\u00a0Secretaria Municipal de Educa\u00e7\u00e3o de S\u00e3o Paulo (SME SP) foram aplicadas neste domingo (15\/01) e neste artigo voc\u00ea poder\u00e1 conferir o gabarito extraoficial para o cargo de Professor de Educa\u00e7\u00e3o Infantil e Ensino Fundamental I. A corre\u00e7\u00e3o extraoficial estar\u00e1 dispon\u00edvel em v\u00eddeo (atrav\u00e9s do link abaixo) e tamb\u00e9m em texto, [&hellip;]<\/p>\n","protected":false},"author":2319,"featured_media":1152770,"comment_status":"open","ping_status":"closed","sticky":false,"template":"","format":"standard","meta":{"post_tipo":"news","footnotes":""},"categories":[3766,220219],"tags":[],"tax_estado":[219989],"class_list":["post-1152769","post","type-post","status-publish","format-standard","has-post-thumbnail","hentry","category-educacional","category-noticias","tax_estado-sp"],"acf":[],"yoast_head":"<!-- This site is optimized with the Yoast SEO Premium plugin v27.2 (Yoast SEO v27.2) - https:\/\/yoast.com\/product\/yoast-seo-premium-wordpress\/ -->\n<title>Gabarito extraoficial SME SP: professor de Educa\u00e7\u00e3o Infantil e Ensino Fundamental I<\/title>\n<meta name=\"description\" content=\"As provas objetivas do concurso do\u00a0Secretaria Municipal de Educa\u00e7\u00e3o de S\u00e3o Paulo (SME SP) foram aplicadas neste domingo (15\/01)\" \/>\n<meta name=\"robots\" content=\"index, follow, max-snippet:-1, max-image-preview:large, max-video-preview:-1\" \/>\n<link rel=\"canonical\" href=\"https:\/\/www.estrategiaconcursos.com.br\/blog\/gabarito-extraoficial-sme-sp-professor-de-educacao-infantil-e-ensino-fundamental-i\/\" \/>\n<meta property=\"og:locale\" content=\"pt_BR\" \/>\n<meta property=\"og:type\" content=\"article\" \/>\n<meta property=\"og:title\" content=\"Gabarito extraoficial SME SP: professor de Educa\u00e7\u00e3o Infantil e Ensino Fundamental I\" \/>\n<meta property=\"og:description\" content=\"As provas objetivas do concurso do\u00a0Secretaria Municipal de Educa\u00e7\u00e3o de S\u00e3o Paulo (SME SP) foram aplicadas neste domingo (15\/01)\" \/>\n<meta property=\"og:url\" content=\"https:\/\/www.estrategiaconcursos.com.br\/blog\/gabarito-extraoficial-sme-sp-professor-de-educacao-infantil-e-ensino-fundamental-i\/\" \/>\n<meta property=\"og:site_name\" content=\"Estrat\u00e9gia Concursos\" \/>\n<meta property=\"article:published_time\" content=\"2023-01-15T17:28:04+00:00\" \/>\n<meta property=\"article:modified_time\" content=\"2023-01-15T18:54:21+00:00\" \/>\n<meta property=\"og:image\" content=\"https:\/\/dhg1h5j42swfq.cloudfront.net\/2023\/01\/15141236\/captura-de-tela-2023-01-15-as-14-11-45.png\" \/>\n\t<meta property=\"og:image:width\" content=\"1890\" \/>\n\t<meta property=\"og:image:height\" content=\"926\" \/>\n\t<meta property=\"og:image:type\" content=\"image\/png\" \/>\n<meta name=\"author\" content=\"Let\u00edcia Teixeira\" \/>\n<meta name=\"twitter:card\" content=\"summary_large_image\" \/>\n<meta name=\"twitter:creator\" content=\"@EstratConcursos\" \/>\n<meta name=\"twitter:site\" content=\"@EstratConcursos\" \/>\n<meta name=\"twitter:label1\" content=\"Escrito por\" \/>\n\t<meta name=\"twitter:data1\" content=\"Let\u00edcia Teixeira\" \/>\n\t<meta name=\"twitter:label2\" content=\"Est. tempo de leitura\" \/>\n\t<meta name=\"twitter:data2\" content=\"5 minutos\" \/>\n<script type=\"application\/ld+json\" class=\"yoast-schema-graph\">{\"@context\":\"https:\/\/schema.org\",\"@graph\":[{\"@type\":\"NewsArticle\",\"@id\":\"https:\/\/www.estrategiaconcursos.com.br\/blog\/gabarito-extraoficial-sme-sp-professor-de-educacao-infantil-e-ensino-fundamental-i\/#article\",\"isPartOf\":{\"@id\":\"https:\/\/www.estrategiaconcursos.com.br\/blog\/gabarito-extraoficial-sme-sp-professor-de-educacao-infantil-e-ensino-fundamental-i\/\"},\"author\":{\"name\":\"Let\u00edcia Teixeira\",\"@id\":\"https:\/\/www.estrategiaconcursos.com.br\/blog\/#\/schema\/person\/9b94727dcf4410f4a7931c83966c843b\"},\"headline\":\"Gabarito extraoficial SME SP: professor de Educa\u00e7\u00e3o Infantil e Ensino Fundamental I\",\"datePublished\":\"2023-01-15T17:28:04+00:00\",\"dateModified\":\"2023-01-15T18:54:21+00:00\",\"mainEntityOfPage\":{\"@id\":\"https:\/\/www.estrategiaconcursos.com.br\/blog\/gabarito-extraoficial-sme-sp-professor-de-educacao-infantil-e-ensino-fundamental-i\/\"},\"wordCount\":1016,\"commentCount\":0,\"publisher\":{\"@id\":\"https:\/\/www.estrategiaconcursos.com.br\/blog\/#organization\"},\"image\":{\"@id\":\"https:\/\/www.estrategiaconcursos.com.br\/blog\/gabarito-extraoficial-sme-sp-professor-de-educacao-infantil-e-ensino-fundamental-i\/#primaryimage\"},\"thumbnailUrl\":\"https:\/\/dhg1h5j42swfq.cloudfront.net\/2023\/01\/15141236\/captura-de-tela-2023-01-15-as-14-11-45.png\",\"articleSection\":[\"Educa\u00e7\u00e3o\",\"\u00daltimas not\u00edcias\"],\"inLanguage\":\"pt-BR\",\"potentialAction\":[{\"@type\":\"CommentAction\",\"name\":\"Comment\",\"target\":[\"https:\/\/www.estrategiaconcursos.com.br\/blog\/gabarito-extraoficial-sme-sp-professor-de-educacao-infantil-e-ensino-fundamental-i\/#respond\"]}],\"copyrightYear\":\"2023\",\"copyrightHolder\":{\"@id\":\"https:\/\/www.estrategiaconcursos.com.br\/blog\/#organization\"}},{\"@type\":\"WebPage\",\"@id\":\"https:\/\/www.estrategiaconcursos.com.br\/blog\/gabarito-extraoficial-sme-sp-professor-de-educacao-infantil-e-ensino-fundamental-i\/\",\"url\":\"https:\/\/www.estrategiaconcursos.com.br\/blog\/gabarito-extraoficial-sme-sp-professor-de-educacao-infantil-e-ensino-fundamental-i\/\",\"name\":\"Gabarito extraoficial SME SP: professor de Educa\u00e7\u00e3o Infantil e Ensino Fundamental I\",\"isPartOf\":{\"@id\":\"https:\/\/www.estrategiaconcursos.com.br\/blog\/#website\"},\"primaryImageOfPage\":{\"@id\":\"https:\/\/www.estrategiaconcursos.com.br\/blog\/gabarito-extraoficial-sme-sp-professor-de-educacao-infantil-e-ensino-fundamental-i\/#primaryimage\"},\"image\":{\"@id\":\"https:\/\/www.estrategiaconcursos.com.br\/blog\/gabarito-extraoficial-sme-sp-professor-de-educacao-infantil-e-ensino-fundamental-i\/#primaryimage\"},\"thumbnailUrl\":\"https:\/\/dhg1h5j42swfq.cloudfront.net\/2023\/01\/15141236\/captura-de-tela-2023-01-15-as-14-11-45.png\",\"datePublished\":\"2023-01-15T17:28:04+00:00\",\"dateModified\":\"2023-01-15T18:54:21+00:00\",\"description\":\"As provas objetivas do concurso do\u00a0Secretaria Municipal de Educa\u00e7\u00e3o de S\u00e3o Paulo (SME SP) foram aplicadas neste domingo (15\/01)\",\"breadcrumb\":{\"@id\":\"https:\/\/www.estrategiaconcursos.com.br\/blog\/gabarito-extraoficial-sme-sp-professor-de-educacao-infantil-e-ensino-fundamental-i\/#breadcrumb\"},\"inLanguage\":\"pt-BR\",\"potentialAction\":[{\"@type\":\"ReadAction\",\"target\":[\"https:\/\/www.estrategiaconcursos.com.br\/blog\/gabarito-extraoficial-sme-sp-professor-de-educacao-infantil-e-ensino-fundamental-i\/\"]}]},{\"@type\":\"ImageObject\",\"inLanguage\":\"pt-BR\",\"@id\":\"https:\/\/www.estrategiaconcursos.com.br\/blog\/gabarito-extraoficial-sme-sp-professor-de-educacao-infantil-e-ensino-fundamental-i\/#primaryimage\",\"url\":\"https:\/\/dhg1h5j42swfq.cloudfront.net\/2023\/01\/15141236\/captura-de-tela-2023-01-15-as-14-11-45.png\",\"contentUrl\":\"https:\/\/dhg1h5j42swfq.cloudfront.net\/2023\/01\/15141236\/captura-de-tela-2023-01-15-as-14-11-45.png\",\"width\":1890,\"height\":926},{\"@type\":\"BreadcrumbList\",\"@id\":\"https:\/\/www.estrategiaconcursos.com.br\/blog\/gabarito-extraoficial-sme-sp-professor-de-educacao-infantil-e-ensino-fundamental-i\/#breadcrumb\",\"itemListElement\":[{\"@type\":\"ListItem\",\"position\":1,\"name\":\"In\u00edcio\",\"item\":\"https:\/\/www.estrategiaconcursos.com.br\/blog\/\"},{\"@type\":\"ListItem\",\"position\":2,\"name\":\"Gabarito extraoficial SME SP: professor de Educa\u00e7\u00e3o Infantil e Ensino Fundamental I\"}]},{\"@type\":\"WebSite\",\"@id\":\"https:\/\/www.estrategiaconcursos.com.br\/blog\/#website\",\"url\":\"https:\/\/www.estrategiaconcursos.com.br\/blog\/\",\"name\":\"Estrat\u00e9gia Concursos\",\"description\":\"O blog da Estrat\u00e9gia Concursos traz not\u00edcias sobre concursos e artigos de professores oferecendo cursos para concursos (pdf + videaulas) no site.\",\"publisher\":{\"@id\":\"https:\/\/www.estrategiaconcursos.com.br\/blog\/#organization\"},\"potentialAction\":[{\"@type\":\"SearchAction\",\"target\":{\"@type\":\"EntryPoint\",\"urlTemplate\":\"https:\/\/www.estrategiaconcursos.com.br\/blog\/?s={search_term_string}\"},\"query-input\":{\"@type\":\"PropertyValueSpecification\",\"valueRequired\":true,\"valueName\":\"search_term_string\"}}],\"inLanguage\":\"pt-BR\"},{\"@type\":\"Organization\",\"@id\":\"https:\/\/www.estrategiaconcursos.com.br\/blog\/#organization\",\"name\":\"Estrat\u00e9gia Concursos\",\"url\":\"https:\/\/www.estrategiaconcursos.com.br\/blog\/\",\"logo\":{\"@type\":\"ImageObject\",\"inLanguage\":\"pt-BR\",\"@id\":\"https:\/\/www.estrategiaconcursos.com.br\/blog\/#\/schema\/logo\/image\/\",\"url\":\"https:\/\/dhg1h5j42swfq.cloudfront.net\/2025\/06\/03203428\/logo_concursos-1.jpg\",\"contentUrl\":\"https:\/\/dhg1h5j42swfq.cloudfront.net\/2025\/06\/03203428\/logo_concursos-1.jpg\",\"width\":230,\"height\":60,\"caption\":\"Estrat\u00e9gia Concursos\"},\"image\":{\"@id\":\"https:\/\/www.estrategiaconcursos.com.br\/blog\/#\/schema\/logo\/image\/\"},\"sameAs\":[\"https:\/\/x.com\/EstratConcursos\"]},{\"@type\":\"Person\",\"@id\":\"https:\/\/www.estrategiaconcursos.com.br\/blog\/#\/schema\/person\/9b94727dcf4410f4a7931c83966c843b\",\"name\":\"Let\u00edcia Teixeira\",\"image\":{\"@type\":\"ImageObject\",\"inLanguage\":\"pt-BR\",\"@id\":\"https:\/\/secure.gravatar.com\/avatar\/fb589b06b881e20b676d08f9d03226d1e3291ba2f90e751ddc9ccb21abf0244d?s=96&d=mm&r=g\",\"url\":\"https:\/\/secure.gravatar.com\/avatar\/fb589b06b881e20b676d08f9d03226d1e3291ba2f90e751ddc9ccb21abf0244d?s=96&d=mm&r=g\",\"contentUrl\":\"https:\/\/secure.gravatar.com\/avatar\/fb589b06b881e20b676d08f9d03226d1e3291ba2f90e751ddc9ccb21abf0244d?s=96&d=mm&r=g\",\"caption\":\"Let\u00edcia Teixeira\"},\"description\":\"Jornalista com experi\u00eancia de mais de quatro anos no segmento de concursos p\u00fablicos. Especializada em Narrativa Transm\u00eddia e Storytelling pela Universidade Cat\u00f3lica de Bras\u00edlia, com atua\u00e7\u00e3o nas \u00e1reas de SEO, conte\u00fado, Webwriting e Copywriting.\",\"url\":\"https:\/\/www.estrategiaconcursos.com.br\/blog\/author\/leticia-teixeiraestrategia-com\/\"}]}<\/script>\n<!-- \/ Yoast SEO Premium plugin. -->","yoast_head_json":{"title":"Gabarito extraoficial SME SP: professor de Educa\u00e7\u00e3o Infantil e Ensino Fundamental I","description":"As provas objetivas do concurso do\u00a0Secretaria Municipal de Educa\u00e7\u00e3o de S\u00e3o Paulo (SME SP) foram aplicadas neste domingo (15\/01)","robots":{"index":"index","follow":"follow","max-snippet":"max-snippet:-1","max-image-preview":"max-image-preview:large","max-video-preview":"max-video-preview:-1"},"canonical":"https:\/\/www.estrategiaconcursos.com.br\/blog\/gabarito-extraoficial-sme-sp-professor-de-educacao-infantil-e-ensino-fundamental-i\/","og_locale":"pt_BR","og_type":"article","og_title":"Gabarito extraoficial SME SP: professor de Educa\u00e7\u00e3o Infantil e Ensino Fundamental I","og_description":"As provas objetivas do concurso do\u00a0Secretaria Municipal de Educa\u00e7\u00e3o de S\u00e3o Paulo (SME SP) foram aplicadas neste domingo (15\/01)","og_url":"https:\/\/www.estrategiaconcursos.com.br\/blog\/gabarito-extraoficial-sme-sp-professor-de-educacao-infantil-e-ensino-fundamental-i\/","og_site_name":"Estrat\u00e9gia Concursos","article_published_time":"2023-01-15T17:28:04+00:00","article_modified_time":"2023-01-15T18:54:21+00:00","og_image":[{"width":1890,"height":926,"url":"https:\/\/dhg1h5j42swfq.cloudfront.net\/2023\/01\/15141236\/captura-de-tela-2023-01-15-as-14-11-45.png","type":"image\/png"}],"author":"Let\u00edcia Teixeira","twitter_card":"summary_large_image","twitter_creator":"@EstratConcursos","twitter_site":"@EstratConcursos","twitter_misc":{"Escrito por":"Let\u00edcia Teixeira","Est. tempo de leitura":"5 minutos"},"schema":{"@context":"https:\/\/schema.org","@graph":[{"@type":"NewsArticle","@id":"https:\/\/www.estrategiaconcursos.com.br\/blog\/gabarito-extraoficial-sme-sp-professor-de-educacao-infantil-e-ensino-fundamental-i\/#article","isPartOf":{"@id":"https:\/\/www.estrategiaconcursos.com.br\/blog\/gabarito-extraoficial-sme-sp-professor-de-educacao-infantil-e-ensino-fundamental-i\/"},"author":{"name":"Let\u00edcia Teixeira","@id":"https:\/\/www.estrategiaconcursos.com.br\/blog\/#\/schema\/person\/9b94727dcf4410f4a7931c83966c843b"},"headline":"Gabarito extraoficial SME SP: professor de Educa\u00e7\u00e3o Infantil e Ensino Fundamental I","datePublished":"2023-01-15T17:28:04+00:00","dateModified":"2023-01-15T18:54:21+00:00","mainEntityOfPage":{"@id":"https:\/\/www.estrategiaconcursos.com.br\/blog\/gabarito-extraoficial-sme-sp-professor-de-educacao-infantil-e-ensino-fundamental-i\/"},"wordCount":1016,"commentCount":0,"publisher":{"@id":"https:\/\/www.estrategiaconcursos.com.br\/blog\/#organization"},"image":{"@id":"https:\/\/www.estrategiaconcursos.com.br\/blog\/gabarito-extraoficial-sme-sp-professor-de-educacao-infantil-e-ensino-fundamental-i\/#primaryimage"},"thumbnailUrl":"https:\/\/dhg1h5j42swfq.cloudfront.net\/2023\/01\/15141236\/captura-de-tela-2023-01-15-as-14-11-45.png","articleSection":["Educa\u00e7\u00e3o","\u00daltimas not\u00edcias"],"inLanguage":"pt-BR","potentialAction":[{"@type":"CommentAction","name":"Comment","target":["https:\/\/www.estrategiaconcursos.com.br\/blog\/gabarito-extraoficial-sme-sp-professor-de-educacao-infantil-e-ensino-fundamental-i\/#respond"]}],"copyrightYear":"2023","copyrightHolder":{"@id":"https:\/\/www.estrategiaconcursos.com.br\/blog\/#organization"}},{"@type":"WebPage","@id":"https:\/\/www.estrategiaconcursos.com.br\/blog\/gabarito-extraoficial-sme-sp-professor-de-educacao-infantil-e-ensino-fundamental-i\/","url":"https:\/\/www.estrategiaconcursos.com.br\/blog\/gabarito-extraoficial-sme-sp-professor-de-educacao-infantil-e-ensino-fundamental-i\/","name":"Gabarito extraoficial SME SP: professor de Educa\u00e7\u00e3o Infantil e Ensino Fundamental I","isPartOf":{"@id":"https:\/\/www.estrategiaconcursos.com.br\/blog\/#website"},"primaryImageOfPage":{"@id":"https:\/\/www.estrategiaconcursos.com.br\/blog\/gabarito-extraoficial-sme-sp-professor-de-educacao-infantil-e-ensino-fundamental-i\/#primaryimage"},"image":{"@id":"https:\/\/www.estrategiaconcursos.com.br\/blog\/gabarito-extraoficial-sme-sp-professor-de-educacao-infantil-e-ensino-fundamental-i\/#primaryimage"},"thumbnailUrl":"https:\/\/dhg1h5j42swfq.cloudfront.net\/2023\/01\/15141236\/captura-de-tela-2023-01-15-as-14-11-45.png","datePublished":"2023-01-15T17:28:04+00:00","dateModified":"2023-01-15T18:54:21+00:00","description":"As provas objetivas do concurso do\u00a0Secretaria Municipal de Educa\u00e7\u00e3o de S\u00e3o Paulo (SME SP) foram aplicadas neste domingo (15\/01)","breadcrumb":{"@id":"https:\/\/www.estrategiaconcursos.com.br\/blog\/gabarito-extraoficial-sme-sp-professor-de-educacao-infantil-e-ensino-fundamental-i\/#breadcrumb"},"inLanguage":"pt-BR","potentialAction":[{"@type":"ReadAction","target":["https:\/\/www.estrategiaconcursos.com.br\/blog\/gabarito-extraoficial-sme-sp-professor-de-educacao-infantil-e-ensino-fundamental-i\/"]}]},{"@type":"ImageObject","inLanguage":"pt-BR","@id":"https:\/\/www.estrategiaconcursos.com.br\/blog\/gabarito-extraoficial-sme-sp-professor-de-educacao-infantil-e-ensino-fundamental-i\/#primaryimage","url":"https:\/\/dhg1h5j42swfq.cloudfront.net\/2023\/01\/15141236\/captura-de-tela-2023-01-15-as-14-11-45.png","contentUrl":"https:\/\/dhg1h5j42swfq.cloudfront.net\/2023\/01\/15141236\/captura-de-tela-2023-01-15-as-14-11-45.png","width":1890,"height":926},{"@type":"BreadcrumbList","@id":"https:\/\/www.estrategiaconcursos.com.br\/blog\/gabarito-extraoficial-sme-sp-professor-de-educacao-infantil-e-ensino-fundamental-i\/#breadcrumb","itemListElement":[{"@type":"ListItem","position":1,"name":"In\u00edcio","item":"https:\/\/www.estrategiaconcursos.com.br\/blog\/"},{"@type":"ListItem","position":2,"name":"Gabarito extraoficial SME SP: professor de Educa\u00e7\u00e3o Infantil e Ensino Fundamental I"}]},{"@type":"WebSite","@id":"https:\/\/www.estrategiaconcursos.com.br\/blog\/#website","url":"https:\/\/www.estrategiaconcursos.com.br\/blog\/","name":"Estrat\u00e9gia Concursos","description":"O blog da Estrat\u00e9gia Concursos traz not\u00edcias sobre concursos e artigos de professores oferecendo cursos para concursos (pdf + videaulas) no site.","publisher":{"@id":"https:\/\/www.estrategiaconcursos.com.br\/blog\/#organization"},"potentialAction":[{"@type":"SearchAction","target":{"@type":"EntryPoint","urlTemplate":"https:\/\/www.estrategiaconcursos.com.br\/blog\/?s={search_term_string}"},"query-input":{"@type":"PropertyValueSpecification","valueRequired":true,"valueName":"search_term_string"}}],"inLanguage":"pt-BR"},{"@type":"Organization","@id":"https:\/\/www.estrategiaconcursos.com.br\/blog\/#organization","name":"Estrat\u00e9gia Concursos","url":"https:\/\/www.estrategiaconcursos.com.br\/blog\/","logo":{"@type":"ImageObject","inLanguage":"pt-BR","@id":"https:\/\/www.estrategiaconcursos.com.br\/blog\/#\/schema\/logo\/image\/","url":"https:\/\/dhg1h5j42swfq.cloudfront.net\/2025\/06\/03203428\/logo_concursos-1.jpg","contentUrl":"https:\/\/dhg1h5j42swfq.cloudfront.net\/2025\/06\/03203428\/logo_concursos-1.jpg","width":230,"height":60,"caption":"Estrat\u00e9gia Concursos"},"image":{"@id":"https:\/\/www.estrategiaconcursos.com.br\/blog\/#\/schema\/logo\/image\/"},"sameAs":["https:\/\/x.com\/EstratConcursos"]},{"@type":"Person","@id":"https:\/\/www.estrategiaconcursos.com.br\/blog\/#\/schema\/person\/9b94727dcf4410f4a7931c83966c843b","name":"Let\u00edcia Teixeira","image":{"@type":"ImageObject","inLanguage":"pt-BR","@id":"https:\/\/secure.gravatar.com\/avatar\/fb589b06b881e20b676d08f9d03226d1e3291ba2f90e751ddc9ccb21abf0244d?s=96&d=mm&r=g","url":"https:\/\/secure.gravatar.com\/avatar\/fb589b06b881e20b676d08f9d03226d1e3291ba2f90e751ddc9ccb21abf0244d?s=96&d=mm&r=g","contentUrl":"https:\/\/secure.gravatar.com\/avatar\/fb589b06b881e20b676d08f9d03226d1e3291ba2f90e751ddc9ccb21abf0244d?s=96&d=mm&r=g","caption":"Let\u00edcia Teixeira"},"description":"Jornalista com experi\u00eancia de mais de quatro anos no segmento de concursos p\u00fablicos. Especializada em Narrativa Transm\u00eddia e Storytelling pela Universidade Cat\u00f3lica de Bras\u00edlia, com atua\u00e7\u00e3o nas \u00e1reas de SEO, conte\u00fado, Webwriting e Copywriting.","url":"https:\/\/www.estrategiaconcursos.com.br\/blog\/author\/leticia-teixeiraestrategia-com\/"}]}},"_links":{"self":[{"href":"https:\/\/www.estrategiaconcursos.com.br\/blog\/wp-json\/wp\/v2\/posts\/1152769","targetHints":{"allow":["GET"]}}],"collection":[{"href":"https:\/\/www.estrategiaconcursos.com.br\/blog\/wp-json\/wp\/v2\/posts"}],"about":[{"href":"https:\/\/www.estrategiaconcursos.com.br\/blog\/wp-json\/wp\/v2\/types\/post"}],"author":[{"embeddable":true,"href":"https:\/\/www.estrategiaconcursos.com.br\/blog\/wp-json\/wp\/v2\/users\/2319"}],"replies":[{"embeddable":true,"href":"https:\/\/www.estrategiaconcursos.com.br\/blog\/wp-json\/wp\/v2\/comments?post=1152769"}],"version-history":[{"count":21,"href":"https:\/\/www.estrategiaconcursos.com.br\/blog\/wp-json\/wp\/v2\/posts\/1152769\/revisions"}],"predecessor-version":[{"id":1152823,"href":"https:\/\/www.estrategiaconcursos.com.br\/blog\/wp-json\/wp\/v2\/posts\/1152769\/revisions\/1152823"}],"wp:featuredmedia":[{"embeddable":true,"href":"https:\/\/www.estrategiaconcursos.com.br\/blog\/wp-json\/wp\/v2\/media\/1152770"}],"wp:attachment":[{"href":"https:\/\/www.estrategiaconcursos.com.br\/blog\/wp-json\/wp\/v2\/media?parent=1152769"}],"wp:term":[{"taxonomy":"category","embeddable":true,"href":"https:\/\/www.estrategiaconcursos.com.br\/blog\/wp-json\/wp\/v2\/categories?post=1152769"},{"taxonomy":"post_tag","embeddable":true,"href":"https:\/\/www.estrategiaconcursos.com.br\/blog\/wp-json\/wp\/v2\/tags?post=1152769"},{"taxonomy":"tax_estado","embeddable":true,"href":"https:\/\/www.estrategiaconcursos.com.br\/blog\/wp-json\/wp\/v2\/tax_estado?post=1152769"}],"curies":[{"name":"wp","href":"https:\/\/api.w.org\/{rel}","templated":true}]}}