{"id":115248,"date":"2018-09-01T09:00:41","date_gmt":"2018-09-01T12:00:41","guid":{"rendered":"https:\/\/www.estrategiaconcursos.com.br\/blog\/?p=115248"},"modified":"2018-09-01T09:11:16","modified_gmt":"2018-09-01T12:11:16","slug":"bombeiro-ms-edital","status":"publish","type":"post","link":"https:\/\/www.estrategiaconcursos.com.br\/blog\/bombeiro-ms-edital\/","title":{"rendered":"Edital bombeiro MS: um dia inteiro de aulas com a revis\u00e3o das mat\u00e9rias do concurso"},"content":{"rendered":"<p style=\"text-align: left;\"><strong><span style=\"font-size: 18pt;\"><em>Revis\u00e3o de V\u00e9spera para o Concurso Bombeiro MS<\/em><\/span><\/strong><\/p>\n<p>O Estrat\u00e9gia Concursos vai realizar hoje<strong>, a partir das 08h30<\/strong>, um aul\u00e3o ao vivo e gratuito com informa\u00e7\u00f5es e dicas sobre o certame. Uma \u00f3tima oportunidade para voc\u00ea sanar d\u00favidas, melhorar o seu desempenho e garantir os pontos necess\u00e1rios para sua aprova\u00e7\u00e3o!!<\/p>\n<p style=\"text-align: center;\"><strong><em>Assista AO VIVO no v\u00eddeo abaixo:\u00a0<\/em><\/strong><\/p>\n<h2 style=\"text-align: center;\"><div class=\"lyte-wrapper\" style=\"width:853px;max-width:100%;margin:5px;\"><div class=\"lyMe\" id=\"WYL_7PV5yTNZ-PY\"><div id=\"lyte_7PV5yTNZ-PY\" data-src=\"\/\/i.ytimg.com\/vi\/7PV5yTNZ-PY\/hqdefault.jpg\" class=\"pL\"><div class=\"tC\"><div class=\"tT\"><\/div><\/div><div class=\"play\"><\/div><div class=\"ctrl\"><div class=\"Lctrl\"><\/div><div class=\"Rctrl\"><\/div><\/div><\/div><noscript><a href=\"https:\/\/youtu.be\/7PV5yTNZ-PY\" rel=\"nofollow\"><img loading=\"lazy\" decoding=\"async\" src=\"https:\/\/i.ytimg.com\/vi\/7PV5yTNZ-PY\/0.jpg\" alt=\"YouTube video thumbnail\" width=\"853\" height=\"460\" \/><br \/>Assista a este v\u00eddeo no YouTube<\/a><\/noscript><\/div><\/div><div class=\"lL\" style=\"max-width:100%;width:853px;margin:5px;\"><\/div><\/h2>\n<p>O edital do <strong>Concurso Bombeiro MS<\/strong> foi publicado pela Secretaria de Seguran\u00e7a P\u00fablica de Mato Grosso do Sul, no di\u00e1rio oficial do estado. O certame prev\u00ea 153 vagas para o cargo de soldado e 23, para o de oficial.<\/p>\n<p>Com prova objetiva marcada para amanh\u00e3, dia 02 de setembro, foi divulgado no Di\u00e1rio Oficial do Estado, os locais de aplica\u00e7\u00e3o da prova objetiva e a convoca\u00e7\u00e3o dos candidatos. Para saber onde ser\u00e1 aplicada sua prova <a href=\"https:\/\/www.estrategiaconcursos.com.br\/blog\/wp-content\/uploads\/2018\/06\/convoca\u00e7\u00e3o-Bmbeiros-MS.pdf\" target=\"_blank\" rel=\"noopener\">CLIQUE AQUI!<\/a><\/p>\n<p>Para concorrer para as vagas de soldado e oficial do corpo de bombeiros precisava-se dos seguintes requisitos:<\/p>\n<p><strong><em>Cargo de soldado&#8230;<\/em><\/strong><\/p>\n<p><em>Ter entre 18 e 30 anos de idade<\/em><br \/>\n<em>Possuir CNH categoria B\u00a0<\/em><br \/>\n<em>Ter ensino M\u00e9dio\u00a0<\/em><\/p>\n<p><em><strong>Cargo de Oficial &#8230;<\/strong><\/em><\/p>\n<p><em>Gradua\u00e7\u00e3o em Direito\u00a0<\/em><br \/>\n<em>Ter entre 18 e 30 anos de idade<\/em><br \/>\n<em>Possuir CNH categoria B\u00a0<\/em><\/p>\n<h3>Distribui\u00e7\u00e3o das Vagas do\u00a0Edital Bombeiro MS<\/h3>\n<p>As vagas do <strong>concurso bombeiro MS<\/strong> ser\u00e3o distribu\u00eddas da seguinte maneira:<\/p>\n<p>Soldado&#8230;<\/p>\n<p><img loading=\"lazy\" decoding=\"async\" class=\"aligncenter wp-image-115293 \" src=\"https:\/\/dhg1h5j42swfq.cloudfront.net\/2018\/04\/09114034\/vagas.png\" alt=\"concurso bombeiro ms \" width=\"696\" height=\"184\" srcset=\"https:\/\/dhg1h5j42swfq.cloudfront.net\/2018\/04\/09114034\/vagas.png 837w, https:\/\/dhg1h5j42swfq.cloudfront.net\/2018\/04\/09114034\/vagas.png 300w, https:\/\/dhg1h5j42swfq.cloudfront.net\/2018\/04\/09114034\/vagas.png 768w, https:\/\/dhg1h5j42swfq.cloudfront.net\/2018\/04\/09114034\/vagas.png 610w\" sizes=\"auto, (max-width: 696px) 100vw, 696px\" \/><\/p>\n<p>Oficial&#8230;<\/p>\n<p><img loading=\"lazy\" decoding=\"async\" class=\"aligncenter wp-image-115295 size-full\" src=\"https:\/\/dhg1h5j42swfq.cloudfront.net\/2018\/04\/09114226\/oficial.png\" alt=\"concurso bombeiro ms\" width=\"823\" height=\"88\" srcset=\"https:\/\/dhg1h5j42swfq.cloudfront.net\/2018\/04\/09114226\/oficial.png 823w, https:\/\/dhg1h5j42swfq.cloudfront.net\/2018\/04\/09114226\/oficial.png 300w, https:\/\/dhg1h5j42swfq.cloudfront.net\/2018\/04\/09114226\/oficial.png 768w, https:\/\/dhg1h5j42swfq.cloudfront.net\/2018\/04\/09114226\/oficial.png 610w\" sizes=\"auto, (max-width: 823px) 100vw, 823px\" \/><\/p>\n<h3>Inscri\u00e7\u00f5es<\/h3>\n<p>As inscri\u00e7\u00f5es, para ambos os cargos, poder\u00e3o ser feitas no site da banca organizadora, FAPEMS, e ficar\u00e3o dispon\u00edveis entre os dias 13 de Abril<strong>\u00a0<\/strong>e<strong> 8 de Junho<\/strong>, a taxa de inscri\u00e7\u00e3o custa:<\/p>\n<p><em>R$ 127,60 Soldado<\/em><br \/>\n<em>R$ 204,16 Oficial\u00a0<\/em><\/p>\n<h3>Remunera\u00e7\u00e3o<\/h3>\n<p><em>Cargo de soldado&#8230;<\/em><\/p>\n<p>Os futuros soldados receber\u00e3o uma remunera\u00e7\u00e3o de\u00a0<strong>R$ 1.864,06<\/strong> durante o curso de forma\u00e7\u00e3o e\u00a0 <strong>R$ 3.352,53<\/strong>, ap\u00f3s o curso.<\/p>\n<p><em>Cargo de oficial&#8230;<\/em><\/p>\n<p>Durante o curso de forma\u00e7\u00e3o os oficiais receber\u00e3o vencimentos no valor de <strong>R$ 3.641,92<\/strong>, ap\u00f3s o curso o valor dever\u00e1 subir para\u00a0<strong>R$ 4.006,11<\/strong>.<\/p>\n<h3>Etapas do Certame<\/h3>\n<p>O concurso, para os dois cargos, ser\u00e1 regido por 05 etapas, sendo:<\/p>\n<p>1\u00aa fase: Prova Objetiva<br \/>\n2\u00aa fase: Avalia\u00e7\u00e3o Psicol\u00f3gica<br \/>\n3\u00aa fase: Exame de Sa\u00fade<br \/>\n4\u00aa fase:\u00a0 Teste de Aptid\u00e3o F\u00edsica (TAF)<br \/>\n5\u00aa fase: Investiga\u00e7\u00e3o Social<\/p>\n<h3>Prova objetiva<\/h3>\n<p>A 1\u00aa fase do concurso para o cargo de <strong>soldado<\/strong> se dar\u00e1 da seguinte maneira:<\/p>\n<p>A prova objetiva, de car\u00e1ter eliminat\u00f3rio e classificat\u00f3rio, ser\u00e1 aplicada nas cidades\u00a0 Campo Grande e Dourados. A prova ser\u00e1 composta por <strong>80 quest\u00f5es<\/strong> de m\u00faltipla escolha que somar\u00e3o 80 pontos, o exame ter\u00e1 dura\u00e7\u00e3o de 04h00, as quest\u00f5es estar\u00e3o segmentadas conforme a tabela abaixo:<\/p>\n<p><img loading=\"lazy\" decoding=\"async\" class=\"aligncenter wp-image-115260 size-full\" src=\"https:\/\/dhg1h5j42swfq.cloudfront.net\/2018\/04\/09105620\/provas-bombeiro-ms.png\" alt=\"prova bombeiro ms\" width=\"815\" height=\"186\" srcset=\"https:\/\/dhg1h5j42swfq.cloudfront.net\/2018\/04\/09105620\/provas-bombeiro-ms.png 815w, https:\/\/dhg1h5j42swfq.cloudfront.net\/2018\/04\/09105620\/provas-bombeiro-ms.png 300w, https:\/\/dhg1h5j42swfq.cloudfront.net\/2018\/04\/09105620\/provas-bombeiro-ms.png 768w, https:\/\/dhg1h5j42swfq.cloudfront.net\/2018\/04\/09105620\/provas-bombeiro-ms.png 610w\" sizes=\"auto, (max-width: 815px) 100vw, 815px\" \/><\/p>\n<p><em>Cargo de Oficial &#8230;<\/em><\/p>\n<p>J\u00e1 o cargo de oficial ter\u00e1 a prova objetiva com <strong>100 quest\u00f5es<\/strong> de peso 01. Nesta, ser\u00e3o exigidos as seguintes disciplinas:<\/p>\n<p><img loading=\"lazy\" decoding=\"async\" class=\"aligncenter wp-image-115283 size-full\" src=\"https:\/\/dhg1h5j42swfq.cloudfront.net\/2018\/04\/09112509\/prova-oficial.png\" alt=\"concurso bombeiro ms\" width=\"820\" height=\"398\" srcset=\"https:\/\/dhg1h5j42swfq.cloudfront.net\/2018\/04\/09112509\/prova-oficial.png 820w, https:\/\/dhg1h5j42swfq.cloudfront.net\/2018\/04\/09112509\/prova-oficial.png 300w, https:\/\/dhg1h5j42swfq.cloudfront.net\/2018\/04\/09112509\/prova-oficial.png 768w, https:\/\/dhg1h5j42swfq.cloudfront.net\/2018\/04\/09112509\/prova-oficial.png 610w\" sizes=\"auto, (max-width: 820px) 100vw, 820px\" \/><\/p>\n<h3>Avalia\u00e7\u00e3o Psicol\u00f3gica<\/h3>\n<p>A avalia\u00e7\u00e3o psicol\u00f3gica\u00a0 ter\u00e1 car\u00e1ter eliminat\u00f3rio e ser\u00e1 realizada em Campo Grande, para participar desta etapa, os candidatos precisar\u00e3o corresponder, na prova objetiva, as coloca\u00e7\u00f5es abaixo:<\/p>\n<p><em><strong>Cargo de soldado&#8230;<\/strong><\/em><\/p>\n<p><img loading=\"lazy\" decoding=\"async\" class=\"aligncenter wp-image-115277 size-full\" src=\"https:\/\/dhg1h5j42swfq.cloudfront.net\/2018\/04\/09110809\/convoca%C3%A7%C3%A3o-bombeiro-ms.png\" alt=\"provas bombeiro ms \" width=\"830\" height=\"108\" srcset=\"https:\/\/dhg1h5j42swfq.cloudfront.net\/2018\/04\/09110809\/convoca%C3%A7%C3%A3o-bombeiro-ms.png 830w, https:\/\/dhg1h5j42swfq.cloudfront.net\/2018\/04\/09110809\/convoca%C3%A7%C3%A3o-bombeiro-ms.png 300w, https:\/\/dhg1h5j42swfq.cloudfront.net\/2018\/04\/09110809\/convoca%C3%A7%C3%A3o-bombeiro-ms.png 768w, https:\/\/dhg1h5j42swfq.cloudfront.net\/2018\/04\/09110809\/convoca%C3%A7%C3%A3o-bombeiro-ms.png 610w\" sizes=\"auto, (max-width: 830px) 100vw, 830px\" \/><\/p>\n<p><em><strong>Cargo de Oficial&#8230;<\/strong><\/em><\/p>\n<p><img loading=\"lazy\" decoding=\"async\" class=\"aligncenter wp-image-115285 size-full\" src=\"https:\/\/dhg1h5j42swfq.cloudfront.net\/2018\/04\/09112812\/convoca%C3%A7%C3%A3o-oficial.png\" alt=\"concurso bombeiro ms\" width=\"829\" height=\"112\" srcset=\"https:\/\/dhg1h5j42swfq.cloudfront.net\/2018\/04\/09112812\/convoca%C3%A7%C3%A3o-oficial.png 829w, https:\/\/dhg1h5j42swfq.cloudfront.net\/2018\/04\/09112812\/convoca%C3%A7%C3%A3o-oficial.png 300w, https:\/\/dhg1h5j42swfq.cloudfront.net\/2018\/04\/09112812\/convoca%C3%A7%C3%A3o-oficial.png 768w, https:\/\/dhg1h5j42swfq.cloudfront.net\/2018\/04\/09112812\/convoca%C3%A7%C3%A3o-oficial.png 610w\" sizes=\"auto, (max-width: 829px) 100vw, 829px\" \/><\/p>\n<h3>Exame de Sa\u00fade<\/h3>\n<p style=\"text-align: left;\">O exame de sa\u00fade ser\u00e1 de aspecto unicamente <strong>eliminat\u00f3rio<\/strong> e constar\u00e1 do processo a seguir: exame cl\u00ednico, an\u00e1lise dos laudos, dos testes e dos exames solicitados, a presen\u00e7a de doen\u00e7as, sinais ou sintomas que inabilitem o candidato, bem como as condi\u00e7\u00f5es cl\u00ednicas, antropom\u00e9tricas e de aptid\u00e3o f\u00edsica, correlacionadas com a idade, a massa muscular, e a altura do candidato<\/p>\n<h3>Exame de aptid\u00e3o f\u00edsica (TAF)<\/h3>\n<p>Os candidatos ao <strong>cargo de soldado<\/strong> ter\u00e3o na prova de aptid\u00e3o f\u00edsica as provas abaixo:<\/p>\n<p><img loading=\"lazy\" decoding=\"async\" class=\"aligncenter wp-image-115280 size-full\" src=\"https:\/\/dhg1h5j42swfq.cloudfront.net\/2018\/04\/09111415\/taf-soldado.png\" alt=\"taf concurso bombeiro ms\" width=\"822\" height=\"694\" srcset=\"https:\/\/dhg1h5j42swfq.cloudfront.net\/2018\/04\/09111415\/taf-soldado.png 822w, https:\/\/dhg1h5j42swfq.cloudfront.net\/2018\/04\/09111415\/taf-soldado.png 300w, https:\/\/dhg1h5j42swfq.cloudfront.net\/2018\/04\/09111415\/taf-soldado.png 768w, https:\/\/dhg1h5j42swfq.cloudfront.net\/2018\/04\/09111415\/taf-soldado.png 610w\" sizes=\"auto, (max-width: 822px) 100vw, 822px\" \/><\/p>\n<p>Para o cargo de oficial a prova se dar\u00e1 da maneira seguinte:<\/p>\n<p><img loading=\"lazy\" decoding=\"async\" class=\"aligncenter wp-image-115289 size-full\" src=\"https:\/\/dhg1h5j42swfq.cloudfront.net\/2018\/04\/09112916\/taf-1.png\" alt=\"taf oficial bombeiro ms \" width=\"828\" height=\"250\" srcset=\"https:\/\/dhg1h5j42swfq.cloudfront.net\/2018\/04\/09112916\/taf-1.png 828w, https:\/\/dhg1h5j42swfq.cloudfront.net\/2018\/04\/09112916\/taf-1.png 300w, https:\/\/dhg1h5j42swfq.cloudfront.net\/2018\/04\/09112916\/taf-1.png 768w, https:\/\/dhg1h5j42swfq.cloudfront.net\/2018\/04\/09112916\/taf-1.png 610w\" sizes=\"auto, (max-width: 828px) 100vw, 828px\" \/><\/p>\n<p><img loading=\"lazy\" decoding=\"async\" class=\"aligncenter wp-image-115290 size-full\" src=\"https:\/\/dhg1h5j42swfq.cloudfront.net\/2018\/04\/09112944\/taf-oficial.png\" alt=\"provas concurso bombeiro ms \" width=\"828\" height=\"494\" srcset=\"https:\/\/dhg1h5j42swfq.cloudfront.net\/2018\/04\/09112944\/taf-oficial.png 828w, https:\/\/dhg1h5j42swfq.cloudfront.net\/2018\/04\/09112944\/taf-oficial.png 300w, https:\/\/dhg1h5j42swfq.cloudfront.net\/2018\/04\/09112944\/taf-oficial.png 768w, https:\/\/dhg1h5j42swfq.cloudfront.net\/2018\/04\/09112944\/taf-oficial.png 610w\" sizes=\"auto, (max-width: 828px) 100vw, 828px\" \/><\/p>\n<p>&nbsp;<\/p>\n<p>&nbsp;<\/p>\n<p style=\"text-align: center;\"><strong><em><span style=\"font-size: 14pt;\">Gostou dessa oportunidade e deseja se preparar para o concurso Bombeiros MS?\u00a0<\/span><\/em><\/strong><strong><em><span style=\"font-size: 14pt;\">O Estrat\u00e9gia Concurso lan\u00e7ou cursos espec\u00edficos para este certame. Confira:<\/span><\/em><\/strong><\/p>\n<p style=\"text-align: center;\"><strong><a href=\"https:\/\/www.estrategiaconcursos.com.br\/cursosPorConcurso\/cbm-ms-corpo-de-bombeiros-militar-do-mato-grosso-do-sul\/\" target=\"_blank\" rel=\"noopener\"><span style=\"font-size: 18pt;\">CURSOS ESTRAT\u00c9GIA CONCURSOS &#8211; BOMBEIROS MS<\/span><\/a><\/strong><\/p>\n<p>&nbsp;<\/p>\n<div id=\"attachment_60957\" style=\"width: 344px\" class=\"wp-caption alignnone\"><img loading=\"lazy\" decoding=\"async\" aria-describedby=\"caption-attachment-60957\" class=\"wp-image-60957\" src=\"https:\/\/www.estrategiaconcursos.com.br\/blog\/wp-content\/uploads\/2017\/01\/coruja-ficha-tecnica-1024x347.png\" alt=\"Ficha T\u00e9cnica edital bombeiro ms\" width=\"334\" height=\"113\" \/><p id=\"caption-attachment-60957\" class=\"wp-caption-text\"><span style=\"font-size: 12pt;\"><strong>Ficha T\u00e9cnica Concurso Bombeiros MS<\/strong><\/span><\/p><\/div>\n<p>\u25ba<strong>Data da prova:\u00a0<\/strong>02 de setembro<br \/>\n\u25ba<strong>Vagas<\/strong>:<strong>\u00a0<\/strong>176 (153 soldado e 23 oficial)<br \/>\n\u25ba<strong>Cargos<\/strong>: Soldado e Oficial<br \/>\n\u25ba<strong>Lota\u00e7\u00f5es<\/strong>: Mato Grosso do Sul<br \/>\n\u25ba<strong>Banca<\/strong>:\u00a0FAPEMS<\/p>\n<p>\u25ba<strong>Escolaridade<\/strong>: N\u00edvel M\u00e9dio e Superior<\/p>\n<p>\u25ba<strong>Cursos Estrat\u00e9gia Concursos<\/strong>:\u00a0<strong><a href=\"https:\/\/www.estrategiaconcursos.com.br\/cursosPorConcurso\/cbm-ms-corpo-de-bombeiros-militar-do-mato-grosso-do-sul\/\" target=\"_blank\" rel=\"noopener\">Concurso Bombeiro MS 2018<\/a><\/strong><br \/>\n\u25ba<strong>Editais<\/strong>: <a href=\"https:\/\/www.estrategiaconcursos.com.br\/blog\/wp-content\/uploads\/2018\/04\/edital001-2018-pm-oficial-rep1.pdf\" target=\"_blank\" rel=\"noopener\">PM Oficial MS<\/a>\u00a0\/\u00a0<a href=\"https:\/\/www.estrategiaconcursos.com.br\/blog\/wp-content\/uploads\/2018\/04\/edital001-2018-pm-soldado-rep.pdf\" target=\"_blank\" rel=\"noopener\">PM Soldado MS<\/a><\/p>\n<p><em>Fernanda Brito\u00a0<\/em><br \/>\n<em>Ascom Estrat\u00e9gia<\/em><br \/>\nascomestrategia@gmail.com<\/p>\n<p style=\"text-align: center;\"><span style=\"font-size: 18pt;\"><em><strong>Receba not\u00edcias de Concursos no seu WhatsApp e\/ou Telegram!<\/strong><\/em><\/span><\/p>\n<p style=\"text-align: center;\"><em><strong><span style=\"font-size: 14pt;\">Cadastre-se clicando no \u00edcone abaixo<\/span><br \/>\n<a href=\"https:\/\/www.estrategiaconcursos.com.br\/blog\/noticias-de-concursos-whatsapp-estrategia-concursos\/\" target=\"_blank\" rel=\"noopener\"><img loading=\"lazy\" decoding=\"async\" class=\"aligncenter wp-image-112824 \" src=\"https:\/\/www.estrategiaconcursos.com.br\/blog\/wp-content\/uploads\/2018\/03\/whatsapptelegram.png\" alt=\"\" width=\"220\" height=\"124\" \/><\/a><br \/>\n<\/strong><\/em><a href=\"https:\/\/www.estrategiaconcursos.com.br\/blog\/noticias-de-concursos-whatsapp-estrategia-concursos\/\" target=\"_blank\" rel=\"noopener\">Not\u00edcias de concursos no seu WhatsApp e\/ou Telegram<\/a><\/p>\n","protected":false},"excerpt":{"rendered":"<p>Revis\u00e3o de V\u00e9spera para o Concurso Bombeiro MS O Estrat\u00e9gia Concursos vai realizar hoje, a partir das 08h30, um aul\u00e3o ao vivo e gratuito com informa\u00e7\u00f5es e dicas sobre o certame. Uma \u00f3tima oportunidade para voc\u00ea sanar d\u00favidas, melhorar o seu desempenho e garantir os pontos necess\u00e1rios para sua aprova\u00e7\u00e3o!! Assista AO VIVO no v\u00eddeo [&hellip;]<\/p>\n","protected":false},"author":552,"featured_media":115488,"comment_status":"open","ping_status":"closed","sticky":false,"template":"","format":"standard","meta":{"post_tipo":"article","footnotes":""},"categories":[1],"tags":[],"tax_estado":[],"class_list":["post-115248","post","type-post","status-publish","format-standard","has-post-thumbnail","hentry","category-cursos-e-concursos"],"acf":[],"yoast_head":"<!-- This site is optimized with the Yoast SEO Premium plugin v27.2 (Yoast SEO v27.2) - https:\/\/yoast.com\/product\/yoast-seo-premium-wordpress\/ -->\n<title>Edital bombeiro MS: Certame divulga locais de prova e convoca candidatos!<\/title>\n<meta name=\"description\" content=\"Foi publicado o Edital Bombeiro MS (Concurso Bombeiros MS). O certame prover\u00e1 153 vagas para o cargo de soldado e 23 para o cargo de oficial.\u00a0\" \/>\n<meta name=\"robots\" content=\"index, follow, max-snippet:-1, max-image-preview:large, max-video-preview:-1\" \/>\n<link rel=\"canonical\" href=\"https:\/\/www.estrategiaconcursos.com.br\/blog\/bombeiro-ms-edital\/\" \/>\n<meta property=\"og:locale\" content=\"pt_BR\" \/>\n<meta property=\"og:type\" content=\"article\" \/>\n<meta property=\"og:title\" content=\"Edital bombeiro MS: um dia inteiro de aulas com a revis\u00e3o das mat\u00e9rias do concurso\" \/>\n<meta property=\"og:description\" content=\"Foi publicado o Edital Bombeiro MS (Concurso Bombeiros MS). O certame prover\u00e1 153 vagas para o cargo de soldado e 23 para o cargo de oficial.\u00a0\" \/>\n<meta property=\"og:url\" content=\"https:\/\/www.estrategiaconcursos.com.br\/blog\/bombeiro-ms-edital\/\" \/>\n<meta property=\"og:site_name\" content=\"Estrat\u00e9gia Concursos\" \/>\n<meta property=\"article:published_time\" content=\"2018-09-01T12:00:41+00:00\" \/>\n<meta property=\"article:modified_time\" content=\"2018-09-01T12:11:16+00:00\" \/>\n<meta property=\"og:image\" content=\"https:\/\/dhg1h5j42swfq.cloudfront.net\/2018\/04\/10100716\/jornalismo-CBM-MS.png\" \/>\n\t<meta property=\"og:image:width\" content=\"1200\" \/>\n\t<meta property=\"og:image:height\" content=\"628\" \/>\n\t<meta property=\"og:image:type\" content=\"image\/png\" \/>\n<meta name=\"author\" content=\"Paulo Bilynskyj\" \/>\n<meta name=\"twitter:card\" content=\"summary_large_image\" \/>\n<meta name=\"twitter:creator\" content=\"@EstratConcursos\" \/>\n<meta name=\"twitter:site\" content=\"@EstratConcursos\" \/>\n<meta name=\"twitter:label1\" content=\"Escrito por\" \/>\n\t<meta name=\"twitter:data1\" content=\"Paulo Bilynskyj\" \/>\n\t<meta name=\"twitter:label2\" content=\"Est. tempo de leitura\" \/>\n\t<meta name=\"twitter:data2\" content=\"4 minutos\" \/>\n<script type=\"application\/ld+json\" class=\"yoast-schema-graph\">{\"@context\":\"https:\/\/schema.org\",\"@graph\":[{\"@type\":\"NewsArticle\",\"@id\":\"https:\/\/www.estrategiaconcursos.com.br\/blog\/bombeiro-ms-edital\/#article\",\"isPartOf\":{\"@id\":\"https:\/\/www.estrategiaconcursos.com.br\/blog\/bombeiro-ms-edital\/\"},\"author\":{\"name\":\"Paulo Bilynskyj\",\"@id\":\"https:\/\/www.estrategiaconcursos.com.br\/blog\/#\/schema\/person\/a630b15e36f45b4c21fed01219843cb5\"},\"headline\":\"Edital bombeiro MS: um dia inteiro de aulas com a revis\u00e3o das mat\u00e9rias do concurso\",\"datePublished\":\"2018-09-01T12:00:41+00:00\",\"dateModified\":\"2018-09-01T12:11:16+00:00\",\"mainEntityOfPage\":{\"@id\":\"https:\/\/www.estrategiaconcursos.com.br\/blog\/bombeiro-ms-edital\/\"},\"wordCount\":740,\"commentCount\":2,\"publisher\":{\"@id\":\"https:\/\/www.estrategiaconcursos.com.br\/blog\/#organization\"},\"image\":{\"@id\":\"https:\/\/www.estrategiaconcursos.com.br\/blog\/bombeiro-ms-edital\/#primaryimage\"},\"thumbnailUrl\":\"https:\/\/dhg1h5j42swfq.cloudfront.net\/2018\/04\/10100716\/jornalismo-CBM-MS.png\",\"articleSection\":[\"Concursos P\u00fablicos\"],\"inLanguage\":\"pt-BR\",\"potentialAction\":[{\"@type\":\"CommentAction\",\"name\":\"Comment\",\"target\":[\"https:\/\/www.estrategiaconcursos.com.br\/blog\/bombeiro-ms-edital\/#respond\"]}],\"copyrightYear\":\"2018\",\"copyrightHolder\":{\"@id\":\"https:\/\/www.estrategiaconcursos.com.br\/blog\/#organization\"}},{\"@type\":\"WebPage\",\"@id\":\"https:\/\/www.estrategiaconcursos.com.br\/blog\/bombeiro-ms-edital\/\",\"url\":\"https:\/\/www.estrategiaconcursos.com.br\/blog\/bombeiro-ms-edital\/\",\"name\":\"Edital bombeiro MS: Certame divulga locais de prova e convoca candidatos!\",\"isPartOf\":{\"@id\":\"https:\/\/www.estrategiaconcursos.com.br\/blog\/#website\"},\"primaryImageOfPage\":{\"@id\":\"https:\/\/www.estrategiaconcursos.com.br\/blog\/bombeiro-ms-edital\/#primaryimage\"},\"image\":{\"@id\":\"https:\/\/www.estrategiaconcursos.com.br\/blog\/bombeiro-ms-edital\/#primaryimage\"},\"thumbnailUrl\":\"https:\/\/dhg1h5j42swfq.cloudfront.net\/2018\/04\/10100716\/jornalismo-CBM-MS.png\",\"datePublished\":\"2018-09-01T12:00:41+00:00\",\"dateModified\":\"2018-09-01T12:11:16+00:00\",\"description\":\"Foi publicado o Edital Bombeiro MS (Concurso Bombeiros MS). O certame prover\u00e1 153 vagas para o cargo de soldado e 23 para o cargo de oficial.\u00a0\",\"breadcrumb\":{\"@id\":\"https:\/\/www.estrategiaconcursos.com.br\/blog\/bombeiro-ms-edital\/#breadcrumb\"},\"inLanguage\":\"pt-BR\",\"potentialAction\":[{\"@type\":\"ReadAction\",\"target\":[\"https:\/\/www.estrategiaconcursos.com.br\/blog\/bombeiro-ms-edital\/\"]}]},{\"@type\":\"ImageObject\",\"inLanguage\":\"pt-BR\",\"@id\":\"https:\/\/www.estrategiaconcursos.com.br\/blog\/bombeiro-ms-edital\/#primaryimage\",\"url\":\"https:\/\/dhg1h5j42swfq.cloudfront.net\/2018\/04\/10100716\/jornalismo-CBM-MS.png\",\"contentUrl\":\"https:\/\/dhg1h5j42swfq.cloudfront.net\/2018\/04\/10100716\/jornalismo-CBM-MS.png\",\"width\":1200,\"height\":628},{\"@type\":\"BreadcrumbList\",\"@id\":\"https:\/\/www.estrategiaconcursos.com.br\/blog\/bombeiro-ms-edital\/#breadcrumb\",\"itemListElement\":[{\"@type\":\"ListItem\",\"position\":1,\"name\":\"In\u00edcio\",\"item\":\"https:\/\/www.estrategiaconcursos.com.br\/blog\/\"},{\"@type\":\"ListItem\",\"position\":2,\"name\":\"Edital bombeiro MS: um dia inteiro de aulas com a revis\u00e3o das mat\u00e9rias do concurso\"}]},{\"@type\":\"WebSite\",\"@id\":\"https:\/\/www.estrategiaconcursos.com.br\/blog\/#website\",\"url\":\"https:\/\/www.estrategiaconcursos.com.br\/blog\/\",\"name\":\"Estrat\u00e9gia Concursos\",\"description\":\"O blog da Estrat\u00e9gia Concursos traz not\u00edcias sobre concursos e artigos de professores oferecendo cursos para concursos (pdf + videaulas) no site.\",\"publisher\":{\"@id\":\"https:\/\/www.estrategiaconcursos.com.br\/blog\/#organization\"},\"potentialAction\":[{\"@type\":\"SearchAction\",\"target\":{\"@type\":\"EntryPoint\",\"urlTemplate\":\"https:\/\/www.estrategiaconcursos.com.br\/blog\/?s={search_term_string}\"},\"query-input\":{\"@type\":\"PropertyValueSpecification\",\"valueRequired\":true,\"valueName\":\"search_term_string\"}}],\"inLanguage\":\"pt-BR\"},{\"@type\":\"Organization\",\"@id\":\"https:\/\/www.estrategiaconcursos.com.br\/blog\/#organization\",\"name\":\"Estrat\u00e9gia Concursos\",\"url\":\"https:\/\/www.estrategiaconcursos.com.br\/blog\/\",\"logo\":{\"@type\":\"ImageObject\",\"inLanguage\":\"pt-BR\",\"@id\":\"https:\/\/www.estrategiaconcursos.com.br\/blog\/#\/schema\/logo\/image\/\",\"url\":\"https:\/\/dhg1h5j42swfq.cloudfront.net\/2025\/06\/03203428\/logo_concursos-1.jpg\",\"contentUrl\":\"https:\/\/dhg1h5j42swfq.cloudfront.net\/2025\/06\/03203428\/logo_concursos-1.jpg\",\"width\":230,\"height\":60,\"caption\":\"Estrat\u00e9gia Concursos\"},\"image\":{\"@id\":\"https:\/\/www.estrategiaconcursos.com.br\/blog\/#\/schema\/logo\/image\/\"},\"sameAs\":[\"https:\/\/x.com\/EstratConcursos\"]},{\"@type\":\"Person\",\"@id\":\"https:\/\/www.estrategiaconcursos.com.br\/blog\/#\/schema\/person\/a630b15e36f45b4c21fed01219843cb5\",\"name\":\"Paulo Bilynskyj\",\"image\":{\"@type\":\"ImageObject\",\"inLanguage\":\"pt-BR\",\"@id\":\"https:\/\/secure.gravatar.com\/avatar\/37e21f70c9042e7456beffdc6d31fe051f3f6dcbf252f69343a791b144852057?s=96&d=mm&r=g\",\"url\":\"https:\/\/secure.gravatar.com\/avatar\/37e21f70c9042e7456beffdc6d31fe051f3f6dcbf252f69343a791b144852057?s=96&d=mm&r=g\",\"contentUrl\":\"https:\/\/secure.gravatar.com\/avatar\/37e21f70c9042e7456beffdc6d31fe051f3f6dcbf252f69343a791b144852057?s=96&d=mm&r=g\",\"caption\":\"Paulo Bilynskyj\"},\"url\":\"https:\/\/www.estrategiaconcursos.com.br\/blog\/author\/pbilynskyjgmail-com\/\"}]}<\/script>\n<!-- \/ Yoast SEO Premium plugin. -->","yoast_head_json":{"title":"Edital bombeiro MS: Certame divulga locais de prova e convoca candidatos!","description":"Foi publicado o Edital Bombeiro MS (Concurso Bombeiros MS). O certame prover\u00e1 153 vagas para o cargo de soldado e 23 para o cargo de oficial.\u00a0","robots":{"index":"index","follow":"follow","max-snippet":"max-snippet:-1","max-image-preview":"max-image-preview:large","max-video-preview":"max-video-preview:-1"},"canonical":"https:\/\/www.estrategiaconcursos.com.br\/blog\/bombeiro-ms-edital\/","og_locale":"pt_BR","og_type":"article","og_title":"Edital bombeiro MS: um dia inteiro de aulas com a revis\u00e3o das mat\u00e9rias do concurso","og_description":"Foi publicado o Edital Bombeiro MS (Concurso Bombeiros MS). O certame prover\u00e1 153 vagas para o cargo de soldado e 23 para o cargo de oficial.\u00a0","og_url":"https:\/\/www.estrategiaconcursos.com.br\/blog\/bombeiro-ms-edital\/","og_site_name":"Estrat\u00e9gia Concursos","article_published_time":"2018-09-01T12:00:41+00:00","article_modified_time":"2018-09-01T12:11:16+00:00","og_image":[{"width":1200,"height":628,"url":"https:\/\/dhg1h5j42swfq.cloudfront.net\/2018\/04\/10100716\/jornalismo-CBM-MS.png","type":"image\/png"}],"author":"Paulo Bilynskyj","twitter_card":"summary_large_image","twitter_creator":"@EstratConcursos","twitter_site":"@EstratConcursos","twitter_misc":{"Escrito por":"Paulo Bilynskyj","Est. tempo de leitura":"4 minutos"},"schema":{"@context":"https:\/\/schema.org","@graph":[{"@type":"NewsArticle","@id":"https:\/\/www.estrategiaconcursos.com.br\/blog\/bombeiro-ms-edital\/#article","isPartOf":{"@id":"https:\/\/www.estrategiaconcursos.com.br\/blog\/bombeiro-ms-edital\/"},"author":{"name":"Paulo Bilynskyj","@id":"https:\/\/www.estrategiaconcursos.com.br\/blog\/#\/schema\/person\/a630b15e36f45b4c21fed01219843cb5"},"headline":"Edital bombeiro MS: um dia inteiro de aulas com a revis\u00e3o das mat\u00e9rias do concurso","datePublished":"2018-09-01T12:00:41+00:00","dateModified":"2018-09-01T12:11:16+00:00","mainEntityOfPage":{"@id":"https:\/\/www.estrategiaconcursos.com.br\/blog\/bombeiro-ms-edital\/"},"wordCount":740,"commentCount":2,"publisher":{"@id":"https:\/\/www.estrategiaconcursos.com.br\/blog\/#organization"},"image":{"@id":"https:\/\/www.estrategiaconcursos.com.br\/blog\/bombeiro-ms-edital\/#primaryimage"},"thumbnailUrl":"https:\/\/dhg1h5j42swfq.cloudfront.net\/2018\/04\/10100716\/jornalismo-CBM-MS.png","articleSection":["Concursos P\u00fablicos"],"inLanguage":"pt-BR","potentialAction":[{"@type":"CommentAction","name":"Comment","target":["https:\/\/www.estrategiaconcursos.com.br\/blog\/bombeiro-ms-edital\/#respond"]}],"copyrightYear":"2018","copyrightHolder":{"@id":"https:\/\/www.estrategiaconcursos.com.br\/blog\/#organization"}},{"@type":"WebPage","@id":"https:\/\/www.estrategiaconcursos.com.br\/blog\/bombeiro-ms-edital\/","url":"https:\/\/www.estrategiaconcursos.com.br\/blog\/bombeiro-ms-edital\/","name":"Edital bombeiro MS: Certame divulga locais de prova e convoca candidatos!","isPartOf":{"@id":"https:\/\/www.estrategiaconcursos.com.br\/blog\/#website"},"primaryImageOfPage":{"@id":"https:\/\/www.estrategiaconcursos.com.br\/blog\/bombeiro-ms-edital\/#primaryimage"},"image":{"@id":"https:\/\/www.estrategiaconcursos.com.br\/blog\/bombeiro-ms-edital\/#primaryimage"},"thumbnailUrl":"https:\/\/dhg1h5j42swfq.cloudfront.net\/2018\/04\/10100716\/jornalismo-CBM-MS.png","datePublished":"2018-09-01T12:00:41+00:00","dateModified":"2018-09-01T12:11:16+00:00","description":"Foi publicado o Edital Bombeiro MS (Concurso Bombeiros MS). O certame prover\u00e1 153 vagas para o cargo de soldado e 23 para o cargo de oficial.\u00a0","breadcrumb":{"@id":"https:\/\/www.estrategiaconcursos.com.br\/blog\/bombeiro-ms-edital\/#breadcrumb"},"inLanguage":"pt-BR","potentialAction":[{"@type":"ReadAction","target":["https:\/\/www.estrategiaconcursos.com.br\/blog\/bombeiro-ms-edital\/"]}]},{"@type":"ImageObject","inLanguage":"pt-BR","@id":"https:\/\/www.estrategiaconcursos.com.br\/blog\/bombeiro-ms-edital\/#primaryimage","url":"https:\/\/dhg1h5j42swfq.cloudfront.net\/2018\/04\/10100716\/jornalismo-CBM-MS.png","contentUrl":"https:\/\/dhg1h5j42swfq.cloudfront.net\/2018\/04\/10100716\/jornalismo-CBM-MS.png","width":1200,"height":628},{"@type":"BreadcrumbList","@id":"https:\/\/www.estrategiaconcursos.com.br\/blog\/bombeiro-ms-edital\/#breadcrumb","itemListElement":[{"@type":"ListItem","position":1,"name":"In\u00edcio","item":"https:\/\/www.estrategiaconcursos.com.br\/blog\/"},{"@type":"ListItem","position":2,"name":"Edital bombeiro MS: um dia inteiro de aulas com a revis\u00e3o das mat\u00e9rias do concurso"}]},{"@type":"WebSite","@id":"https:\/\/www.estrategiaconcursos.com.br\/blog\/#website","url":"https:\/\/www.estrategiaconcursos.com.br\/blog\/","name":"Estrat\u00e9gia Concursos","description":"O blog da Estrat\u00e9gia Concursos traz not\u00edcias sobre concursos e artigos de professores oferecendo cursos para concursos (pdf + videaulas) no site.","publisher":{"@id":"https:\/\/www.estrategiaconcursos.com.br\/blog\/#organization"},"potentialAction":[{"@type":"SearchAction","target":{"@type":"EntryPoint","urlTemplate":"https:\/\/www.estrategiaconcursos.com.br\/blog\/?s={search_term_string}"},"query-input":{"@type":"PropertyValueSpecification","valueRequired":true,"valueName":"search_term_string"}}],"inLanguage":"pt-BR"},{"@type":"Organization","@id":"https:\/\/www.estrategiaconcursos.com.br\/blog\/#organization","name":"Estrat\u00e9gia Concursos","url":"https:\/\/www.estrategiaconcursos.com.br\/blog\/","logo":{"@type":"ImageObject","inLanguage":"pt-BR","@id":"https:\/\/www.estrategiaconcursos.com.br\/blog\/#\/schema\/logo\/image\/","url":"https:\/\/dhg1h5j42swfq.cloudfront.net\/2025\/06\/03203428\/logo_concursos-1.jpg","contentUrl":"https:\/\/dhg1h5j42swfq.cloudfront.net\/2025\/06\/03203428\/logo_concursos-1.jpg","width":230,"height":60,"caption":"Estrat\u00e9gia Concursos"},"image":{"@id":"https:\/\/www.estrategiaconcursos.com.br\/blog\/#\/schema\/logo\/image\/"},"sameAs":["https:\/\/x.com\/EstratConcursos"]},{"@type":"Person","@id":"https:\/\/www.estrategiaconcursos.com.br\/blog\/#\/schema\/person\/a630b15e36f45b4c21fed01219843cb5","name":"Paulo Bilynskyj","image":{"@type":"ImageObject","inLanguage":"pt-BR","@id":"https:\/\/secure.gravatar.com\/avatar\/37e21f70c9042e7456beffdc6d31fe051f3f6dcbf252f69343a791b144852057?s=96&d=mm&r=g","url":"https:\/\/secure.gravatar.com\/avatar\/37e21f70c9042e7456beffdc6d31fe051f3f6dcbf252f69343a791b144852057?s=96&d=mm&r=g","contentUrl":"https:\/\/secure.gravatar.com\/avatar\/37e21f70c9042e7456beffdc6d31fe051f3f6dcbf252f69343a791b144852057?s=96&d=mm&r=g","caption":"Paulo Bilynskyj"},"url":"https:\/\/www.estrategiaconcursos.com.br\/blog\/author\/pbilynskyjgmail-com\/"}]}},"_links":{"self":[{"href":"https:\/\/www.estrategiaconcursos.com.br\/blog\/wp-json\/wp\/v2\/posts\/115248","targetHints":{"allow":["GET"]}}],"collection":[{"href":"https:\/\/www.estrategiaconcursos.com.br\/blog\/wp-json\/wp\/v2\/posts"}],"about":[{"href":"https:\/\/www.estrategiaconcursos.com.br\/blog\/wp-json\/wp\/v2\/types\/post"}],"author":[{"embeddable":true,"href":"https:\/\/www.estrategiaconcursos.com.br\/blog\/wp-json\/wp\/v2\/users\/552"}],"replies":[{"embeddable":true,"href":"https:\/\/www.estrategiaconcursos.com.br\/blog\/wp-json\/wp\/v2\/comments?post=115248"}],"version-history":[{"count":27,"href":"https:\/\/www.estrategiaconcursos.com.br\/blog\/wp-json\/wp\/v2\/posts\/115248\/revisions"}],"predecessor-version":[{"id":138872,"href":"https:\/\/www.estrategiaconcursos.com.br\/blog\/wp-json\/wp\/v2\/posts\/115248\/revisions\/138872"}],"wp:featuredmedia":[{"embeddable":true,"href":"https:\/\/www.estrategiaconcursos.com.br\/blog\/wp-json\/wp\/v2\/media\/115488"}],"wp:attachment":[{"href":"https:\/\/www.estrategiaconcursos.com.br\/blog\/wp-json\/wp\/v2\/media?parent=115248"}],"wp:term":[{"taxonomy":"category","embeddable":true,"href":"https:\/\/www.estrategiaconcursos.com.br\/blog\/wp-json\/wp\/v2\/categories?post=115248"},{"taxonomy":"post_tag","embeddable":true,"href":"https:\/\/www.estrategiaconcursos.com.br\/blog\/wp-json\/wp\/v2\/tags?post=115248"},{"taxonomy":"tax_estado","embeddable":true,"href":"https:\/\/www.estrategiaconcursos.com.br\/blog\/wp-json\/wp\/v2\/tax_estado?post=115248"}],"curies":[{"name":"wp","href":"https:\/\/api.w.org\/{rel}","templated":true}]}}