{"id":1152472,"date":"2023-01-16T10:00:00","date_gmt":"2023-01-16T13:00:00","guid":{"rendered":"https:\/\/www.estrategiaconcursos.com.br\/blog\/?p=1152472"},"modified":"2023-01-16T09:55:44","modified_gmt":"2023-01-16T12:55:44","slug":"concurso-tre-2023","status":"publish","type":"post","link":"https:\/\/www.estrategiaconcursos.com.br\/blog\/concurso-tre-2023\/","title":{"rendered":"Concurso TRE 2023: veja as vagas previstas!"},"content":{"rendered":"\n<p>O ano de 2023 promete ser bem movimentado para \u00e1rea de Tribunais, especialmente no concurso dos <strong>Tribunais Regionais Eleitorais<\/strong> (TRE)!<\/p>\n\n\n\n<p>Com a confirma\u00e7\u00e3o de realiza\u00e7\u00e3o do edital unificado promovido pelo <strong>TSE<\/strong> (<a href=\"https:\/\/www.estrategiaconcursos.com.br\/cursosPorConcurso\/tribunal-superior-eleitoral-tse-servidores\/\" target=\"_blank\" rel=\"noreferrer noopener\">Tribunal Superior Eleitoral<\/a>), as expectativas para que o novo edital seja publicado em alta.<\/p>\n\n\n\n<p>O edital ir\u00e1 contemplar <strong>TREs<\/strong> de forma centralizada e j\u00e1 conta com o pedido de participa\u00e7\u00e3o de, pelo menos, <strong>25 \u00f3rg\u00e3os<\/strong>. <\/p>\n\n\n\n<p>Al\u00e9m disso, o Projeto de Lei Or\u00e7ament\u00e1ria Anual (PLOA) para 2023 prev\u00ea 515 vagas na Justi\u00e7a Eleitoral, que se distribuem entre em cargos j\u00e1 existentes e a cria\u00e7\u00e3o de 10 novas vagas que podem se dividir entre os cargos de t\u00e9cnico e analista judici\u00e1rio, de n\u00edvel superior de escolaridade.<\/p>\n\n\n\n<p>Ressalta-se ainda que os sal\u00e1rios previstos, compostos pelo vencimento b\u00e1sico + GAJ (Gratifica\u00e7\u00e3o de Atividade Judici\u00e1ria), variam entre <strong>R$ 8.046,84<\/strong> e <strong>R$ 13.202,62<\/strong>!<\/p>\n\n\n\n<p>Confira abaixo as vagas previstas para cada TRE que confirmou participa\u00e7\u00e3o no certame unificado!<\/p>\n\n\n\n<h2 class=\"wp-block-heading\">Concurso TRE 2023: vagas previstas<\/h2>\n\n\n\n<p>De acordo com a <a href=\"https:\/\/www.tse.jus.br\/legislacao\/compilada\/prt\/2022\/portaria-no-502-de-25-de-maio-de-2022\" target=\"_blank\" rel=\"noreferrer noopener\">Portaria 502, de 25 maio de 2022<\/a>, est\u00e3o autorizadas para provimento as seguintes vagas nos Tribunais Regionais Eleitorais:<\/p>\n\n\n\n<ul class=\"has-blush-light-purple-gradient-background has-background has-medium-font-size wp-block-list\"><li><strong><a href=\"https:\/\/www.estrategiaconcursos.com.br\/blog\/concurso-tre-sc\/\" target=\"_blank\" rel=\"noreferrer noopener\">TRE SC<\/a><\/strong><\/li><\/ul>\n\n\n\n<p><strong>Status:<\/strong>&nbsp;Previstas<strong> 05 vagas<\/strong> no edital unificado, sendo 02 para T\u00e9cnico e 03 para Analista Judici\u00e1rio.<\/p>\n\n\n\n<p><strong>Vagas\/ Cargos e sal\u00e1rio inicial<\/strong>:<\/p>\n\n\n\n<ul class=\"wp-block-list\"><li><strong>Cargos:<\/strong> T\u00e9cnico e Analista <\/li><li><strong>Vagas Previstas:&nbsp;<\/strong>05<\/li><li><strong style=\"color: initial;\">Forma\u00e7\u00e3o:<\/strong><span style=\"color: initial;\">&nbsp;superior <\/span><\/li><li><strong>Sal\u00e1rio:&nbsp;<\/strong>R$ 8.046,84 e R$ 13.202,62<strong>&nbsp;<\/strong><\/li><\/ul>\n\n\n\n<ul class=\"has-background has-medium-font-size wp-block-list\" style=\"background:linear-gradient(306deg,rgb(255,206,236) 0%,rgb(152,150,240) 100%)\"><li><strong><a href=\"https:\/\/www.estrategiaconcursos.com.br\/blog\/concurso-tre-PI\/\" target=\"_blank\" rel=\"noreferrer noopener\">TRE PI<\/a><\/strong><\/li><\/ul>\n\n\n\n<p><strong>Status:<\/strong>&nbsp;Previstas<strong> 03 vagas<\/strong> no edital unificado, sendo 01 para T\u00e9cnico e 02 para Analista Judici\u00e1rio.<\/p>\n\n\n\n<p><strong>Vagas\/ Cargos e sal\u00e1rio inicial<\/strong>:<\/p>\n\n\n\n<ul class=\"wp-block-list\"><li><strong>Cargos:<\/strong> T\u00e9cnico e Analista <\/li><li><strong>Vagas Previstas:&nbsp;<\/strong>02<\/li><li><strong style=\"color: initial;\">Forma\u00e7\u00e3o:<\/strong><span style=\"color: initial;\">&nbsp;superior <\/span><\/li><li><strong>Sal\u00e1rio:&nbsp;<\/strong>R$ 8.046,84 e R$ 13.202,62<strong>&nbsp;<\/strong><\/li><\/ul>\n\n\n\n<ul class=\"has-blush-light-purple-gradient-background has-background has-medium-font-size wp-block-list\"><li><strong><a href=\"https:\/\/www.estrategiaconcursos.com.br\/blog\/concurso-tre-ce\/\" target=\"_blank\" rel=\"noreferrer noopener\">TRE CE<\/a><\/strong><\/li><\/ul>\n\n\n\n<p><strong>Status:<\/strong>&nbsp;Previstas<strong> 04 vagas<\/strong> no edital unificado para o cargo de Analista Judici\u00e1rio.<\/p>\n\n\n\n<p><strong>Vagas\/ Cargos e sal\u00e1rio inicial<\/strong>:<\/p>\n\n\n\n<ul class=\"wp-block-list\"><li><strong>Cargos:<\/strong> Analista <\/li><li><strong>Vagas Previstas:&nbsp;<\/strong>04<\/li><li><strong style=\"color: initial;\">Forma\u00e7\u00e3o:<\/strong><span style=\"color: initial;\">&nbsp;superior <\/span><\/li><li><strong>Sal\u00e1rio:&nbsp;<\/strong>R$ 8.046,84 e R$ 13.202,62<strong>&nbsp;<\/strong><\/li><\/ul>\n\n\n\n<ul class=\"has-background has-medium-font-size wp-block-list\" style=\"background:linear-gradient(299deg,rgb(255,206,236) 0%,rgb(152,150,240) 100%)\"><li><strong><a href=\"https:\/\/www.estrategiaconcursos.com.br\/blog\/concurso-tre-rj\/\" target=\"_blank\" rel=\"noreferrer noopener\">TRE RJ<\/a><\/strong><\/li><\/ul>\n\n\n\n<p><strong>Status:<\/strong>&nbsp;Previstas<strong> 13 vagas<\/strong> no edital unificado, sendo 03 para T\u00e9cnico e 10 para Analista Judici\u00e1rio.<\/p>\n\n\n\n<p><strong>Vagas\/ Cargos e sal\u00e1rio inicial<\/strong>:<\/p>\n\n\n\n<ul class=\"wp-block-list\"><li><strong>Cargos:<\/strong> T\u00e9cnico e Analista <\/li><li><strong>Vagas Previstas:&nbsp;<\/strong>13<\/li><li><strong style=\"color: initial;\">Forma\u00e7\u00e3o:<\/strong><span style=\"color: initial;\">&nbsp;superior <\/span><\/li><li><strong>Sal\u00e1rio:&nbsp;<\/strong>R$ 8.046,84 e R$ 13.202,62<strong>&nbsp;<\/strong><\/li><\/ul>\n\n\n\n<ul class=\"has-blush-light-purple-gradient-background has-background has-medium-font-size wp-block-list\"><li><a href=\"https:\/\/www.estrategiaconcursos.com.br\/blog\/concurso-tre-sp\/\" target=\"_blank\" rel=\"noreferrer noopener\"><strong>TRE SP<\/strong><\/a><\/li><\/ul>\n\n\n\n<p><strong>Status:<\/strong>&nbsp;Previsto no edital unificado. Ainda n\u00e3o foi confirmado o quantitativo de cargos e vagas oferecidos. Entretanto, de acordo com o \u00faltimo levantamento dispon\u00edvel no Portal de Transpar\u00eancia do Tribunal, o \u00f3rg\u00e3o conta com 124 cargos vagos.<\/p>\n\n\n\n<p><strong>Vagas\/ Cargos e sal\u00e1rio inicial<\/strong>:<\/p>\n\n\n\n<ul class=\"wp-block-list\"><li><strong>Cargos:<\/strong> T\u00e9cnico e Analista <\/li><li><strong>Vagas Previstas:&nbsp;<\/strong>a confirmar<\/li><li><strong style=\"color: initial;\">Forma\u00e7\u00e3o:<\/strong><span style=\"color: initial;\">&nbsp;superior <\/span><\/li><li><strong>Sal\u00e1rio:&nbsp;<\/strong>R$ 8.046,84 e R$ 13.202,62<strong>&nbsp;<\/strong><\/li><\/ul>\n\n\n\n<ul class=\"has-background has-medium-font-size wp-block-list\" style=\"background:linear-gradient(316deg,rgb(255,206,236) 0%,rgb(152,150,240) 100%)\"><li><strong><a href=\"https:\/\/www.estrategiaconcursos.com.br\/blog\/concurso-tre-mt\/\" target=\"_blank\" rel=\"noreferrer noopener\">TRE MT<\/a><\/strong><\/li><\/ul>\n\n\n\n<p><strong>Status:<\/strong>&nbsp;Previstas<strong> 05 vagas<\/strong> no edital unificado, sendo 03 para T\u00e9cnico e 02 para Analista Judici\u00e1rio.<\/p>\n\n\n\n<p><strong>Vagas\/ Cargos e sal\u00e1rio inicial<\/strong>:<\/p>\n\n\n\n<ul class=\"wp-block-list\"><li><strong>Cargos:<\/strong> T\u00e9cnico e Analista <\/li><li><strong>Vagas Previstas:&nbsp;<\/strong>05<\/li><li><strong style=\"color: initial;\">Forma\u00e7\u00e3o:<\/strong><span style=\"color: initial;\">&nbsp;superior <\/span><\/li><li><strong>Sal\u00e1rio:&nbsp;<\/strong>R$ 8.046,84 e R$ 13.202,62<strong>&nbsp;<\/strong><\/li><\/ul>\n\n\n\n<ul class=\"has-blush-light-purple-gradient-background has-background has-medium-font-size wp-block-list\"><li><strong><a href=\"https:\/\/www.estrategiaconcursos.com.br\/blog\/concurso-tre-to-3\/\" target=\"_blank\" rel=\"noreferrer noopener\">TRE TO<\/a><\/strong><\/li><\/ul>\n\n\n\n<p><strong>Status:<\/strong>&nbsp;Previstas<strong> 03 vagas<\/strong> no edital unificado, sendo 01 para T\u00e9cnico e 02 para Analista Judici\u00e1rio.<\/p>\n\n\n\n<p><strong>Vagas\/ Cargos e sal\u00e1rio inicial<\/strong>:<\/p>\n\n\n\n<ul class=\"wp-block-list\"><li><strong>Cargos:<\/strong> T\u00e9cnico e Analista <\/li><li><strong>Vagas Previstas:&nbsp;<\/strong>03<\/li><li><strong style=\"color: initial;\">Forma\u00e7\u00e3o:<\/strong><span style=\"color: initial;\">&nbsp;superior <\/span><\/li><li><strong>Sal\u00e1rio:&nbsp;<\/strong>R$ 8.046,84 e R$ 13.202,62<strong>&nbsp;<\/strong><\/li><\/ul>\n\n\n\n<ul class=\"has-background has-medium-font-size wp-block-list\" style=\"background:linear-gradient(345deg,rgb(255,206,236) 0%,rgb(152,150,240) 100%)\"><li><strong><a href=\"https:\/\/www.estrategiaconcursos.com.br\/blog\/concurso-tre-ro\/\" target=\"_blank\" rel=\"noreferrer noopener\">TRE RO<\/a><\/strong><\/li><\/ul>\n\n\n\n<p><strong>Status:<\/strong>&nbsp;Previstas<strong> 06 vagas<\/strong> no edital unificado, sendo 01 para T\u00e9cnico e 05 para Analista Judici\u00e1rio.<\/p>\n\n\n\n<p><strong>Vagas\/ Cargos e sal\u00e1rio inicial<\/strong>:<\/p>\n\n\n\n<ul class=\"wp-block-list\"><li><strong>Cargos:<\/strong> T\u00e9cnico e Analista <\/li><li><strong>Vagas Previstas:&nbsp;<\/strong>06<\/li><li><strong style=\"color: initial;\">Forma\u00e7\u00e3o:<\/strong><span style=\"color: initial;\">&nbsp;superior <\/span><\/li><li><strong>Sal\u00e1rio:&nbsp;<\/strong>R$ 8.046,84 e R$ 13.202,62<strong>&nbsp;<\/strong><\/li><\/ul>\n\n\n\n<ul class=\"has-blush-light-purple-gradient-background has-background has-medium-font-size wp-block-list\"><li><strong><a href=\"https:\/\/www.estrategiaconcursos.com.br\/blog\/concurso-tre-se\/\" target=\"_blank\" rel=\"noreferrer noopener\">TRE SE<\/a><\/strong><\/li><\/ul>\n\n\n\n<p><strong>Status:<\/strong>&nbsp;Previstas<strong> 04 vagas<\/strong> no edital unificado, sendo 01 para T\u00e9cnico e 03 para Analista Judici\u00e1rio.<\/p>\n\n\n\n<p><strong>Vagas\/ Cargos e sal\u00e1rio inicial<\/strong>:<\/p>\n\n\n\n<ul class=\"wp-block-list\"><li><strong>Cargos:<\/strong> T\u00e9cnico e Analista <\/li><li><strong>Vagas Previstas:&nbsp;<\/strong>04<\/li><li><strong style=\"color: initial;\">Forma\u00e7\u00e3o:<\/strong><span style=\"color: initial;\">&nbsp;superior <\/span><\/li><li><strong>Sal\u00e1rio:&nbsp;<\/strong>R$ 8.046,84 e R$ 13.202,62<strong>&nbsp;<\/strong><\/li><\/ul>\n\n\n\n<ul class=\"has-background has-medium-font-size wp-block-list\" style=\"background:linear-gradient(298deg,rgb(255,206,236) 0%,rgb(152,150,240) 100%)\"><li><strong><a href=\"https:\/\/www.estrategiaconcursos.com.br\/blog\/concurso-tre-pb\/\" target=\"_blank\" rel=\"noreferrer noopener\">TRE PB<\/a><\/strong><\/li><\/ul>\n\n\n\n<p><strong>Status:<\/strong>&nbsp;Previstas<strong> 04 vagas<\/strong> no edital unificado, sendo 01 para T\u00e9cnico e 03 para Analista Judici\u00e1rio.<\/p>\n\n\n\n<p><strong>Vagas\/ Cargos e sal\u00e1rio inicial<\/strong>:<\/p>\n\n\n\n<ul class=\"wp-block-list\"><li><strong>Cargos:<\/strong> T\u00e9cnico e Analista <\/li><li><strong>Vagas Previstas:&nbsp;<\/strong>04<\/li><li><strong style=\"color: initial;\">Forma\u00e7\u00e3o:<\/strong><span style=\"color: initial;\">&nbsp;superior <\/span><\/li><li><strong>Sal\u00e1rio:&nbsp;<\/strong>R$ 8.046,84 e R$ 13.202,62<strong>&nbsp;<\/strong><\/li><\/ul>\n\n\n\n<ul class=\"has-blush-light-purple-gradient-background has-background has-medium-font-size wp-block-list\"><li><strong><a href=\"https:\/\/www.estrategiaconcursos.com.br\/blog\/concurso-tre-ms\/\" target=\"_blank\" rel=\"noreferrer noopener\">TRE MS<\/a><\/strong><\/li><\/ul>\n\n\n\n<p><strong>Status:<\/strong>&nbsp;Previstas<strong> 05 vagas<\/strong> no edital unificado, sendo 01 para T\u00e9cnico e 04 para Analista Judici\u00e1rio.<\/p>\n\n\n\n<p><strong>Vagas\/ Cargos e sal\u00e1rio inicial<\/strong>:<\/p>\n\n\n\n<ul class=\"wp-block-list\"><li><strong>Cargos:<\/strong> T\u00e9cnico e Analista <\/li><li><strong>Vagas Previstas:&nbsp;<\/strong>05<\/li><li><strong style=\"color: initial;\">Forma\u00e7\u00e3o:<\/strong><span style=\"color: initial;\">&nbsp;superior <\/span><\/li><li><strong>Sal\u00e1rio:&nbsp;<\/strong>R$ 8.046,84 e R$ 13.202,62<strong>&nbsp;<\/strong><\/li><\/ul>\n\n\n\n<ul class=\"has-background has-medium-font-size wp-block-list\" style=\"background:linear-gradient(317deg,rgb(255,206,236) 0%,rgb(152,150,240) 100%)\"><li><strong><a href=\"https:\/\/www.estrategiaconcursos.com.br\/blog\/concurso-tre-go\/\">TRE GO<\/a><\/strong><\/li><\/ul>\n\n\n\n<p><strong>Status:<\/strong>&nbsp;Previstas<strong> 07 vagas<\/strong> no edital unificado, sendo 02 para T\u00e9cnico e 05 para Analista Judici\u00e1rio.<\/p>\n\n\n\n<p><strong>Vagas\/ Cargos e sal\u00e1rio inicial<\/strong>:<\/p>\n\n\n\n<ul class=\"wp-block-list\"><li><strong>Cargos:<\/strong> T\u00e9cnico e Analista <\/li><li><strong>Vagas Previstas:&nbsp;<\/strong>07<\/li><li><strong style=\"color: initial;\">Forma\u00e7\u00e3o:<\/strong><span style=\"color: initial;\">&nbsp;superior <\/span><\/li><li><strong>Sal\u00e1rio:&nbsp;<\/strong>R$ 8.046,84 e R$ 13.202,62<strong>&nbsp;<\/strong><\/li><\/ul>\n\n\n\n<ul class=\"has-blush-light-purple-gradient-background has-background has-medium-font-size wp-block-list\"><li><strong><a href=\"https:\/\/www.estrategiaconcursos.com.br\/blog\/concurso-tre-mg\/\" target=\"_blank\" rel=\"noreferrer noopener\">TRE MG<\/a><\/strong><\/li><\/ul>\n\n\n\n<p><strong>Status:<\/strong>&nbsp;Previstas<strong> 32 vagas<\/strong> no edital unificado, sendo 04 para T\u00e9cnico e 28 para Analista Judici\u00e1rio.<\/p>\n\n\n\n<p><strong>Vagas\/ Cargos e sal\u00e1rio inicial<\/strong>:<\/p>\n\n\n\n<ul class=\"wp-block-list\"><li><strong>Cargos:<\/strong> T\u00e9cnico e Analista <\/li><li><strong>Vagas Previstas:&nbsp;<\/strong>32<\/li><li><strong style=\"color: initial;\">Forma\u00e7\u00e3o:<\/strong><span style=\"color: initial;\">&nbsp;superior <\/span><\/li><li><strong>Sal\u00e1rio:&nbsp;<\/strong>R$ 8.046,84 e R$ 13.202,62<strong>&nbsp;<\/strong><\/li><\/ul>\n\n\n\n<ul class=\"has-background has-medium-font-size wp-block-list\" style=\"background:linear-gradient(298deg,rgb(255,206,236) 0%,rgb(152,150,240) 100%)\"><li><a href=\"https:\/\/www.estrategiaconcursos.com.br\/blog\/concurso-tre-es\/\" target=\"_blank\" rel=\"noreferrer noopener\"><strong>TRE ES<\/strong><\/a><\/li><\/ul>\n\n\n\n<p><strong>Status:<\/strong>&nbsp;Previstas<strong> 03 vagas<\/strong> no edital unificado, sendo 01 para T\u00e9cnico e 02 para Analista Judici\u00e1rio.<\/p>\n\n\n\n<p><strong>Vagas\/ Cargos e sal\u00e1rio inicial<\/strong>:<\/p>\n\n\n\n<ul class=\"wp-block-list\"><li><strong>Cargos:<\/strong> T\u00e9cnico e Analista <\/li><li><strong>Vagas Previstas:&nbsp;<\/strong>03<\/li><li><strong style=\"color: initial;\">Forma\u00e7\u00e3o:<\/strong><span style=\"color: initial;\">&nbsp;superior <\/span><\/li><li><strong>Sal\u00e1rio:&nbsp;<\/strong>R$ 8.046,84 e R$ 13.202,62<strong>&nbsp;<\/strong><\/li><\/ul>\n\n\n\n<ul class=\"has-blush-light-purple-gradient-background has-background has-medium-font-size wp-block-list\"><li><a href=\"https:\/\/www.estrategiaconcursos.com.br\/blog\/concurso-tre-ac\/\" target=\"_blank\" rel=\"noreferrer noopener\"><strong>TRE AC<\/strong><\/a><\/li><\/ul>\n\n\n\n<p><strong>Status:<\/strong>&nbsp;Previstas<strong> 04 vagas<\/strong> no edital unificado, sendo 01 para T\u00e9cnico e 03 para Analista Judici\u00e1rio.<\/p>\n\n\n\n<p><strong>Vagas\/ Cargos e sal\u00e1rio inicial<\/strong>:<\/p>\n\n\n\n<ul class=\"wp-block-list\"><li><strong>Cargos:<\/strong> T\u00e9cnico e Analista <\/li><li><strong>Vagas Previstas:&nbsp;<\/strong>04<\/li><li><strong style=\"color: initial;\">Forma\u00e7\u00e3o:<\/strong><span style=\"color: initial;\">&nbsp;superior <\/span><\/li><li><strong>Sal\u00e1rio:&nbsp;<\/strong>R$ 8.046,84 e R$ 13.202,62<strong>&nbsp;<\/strong><\/li><\/ul>\n\n\n\n<ul class=\"has-background has-medium-font-size wp-block-list\" style=\"background:linear-gradient(322deg,rgb(255,206,236) 0%,rgb(152,150,240) 100%)\"><li><a href=\"https:\/\/www.estrategiaconcursos.com.br\/blog\/concurso-tre-rs\/\" target=\"_blank\" rel=\"noreferrer noopener\"><strong>TRE RS<\/strong><\/a><\/li><\/ul>\n\n\n\n<p><strong>Status:<\/strong>&nbsp;Previstas<strong> 10 vagas<\/strong> no edital unificado, sendo 03 para T\u00e9cnico e 07 para Analista Judici\u00e1rio.<\/p>\n\n\n\n<p><strong>Vagas\/ Cargos e sal\u00e1rio inicial<\/strong>:<\/p>\n\n\n\n<ul class=\"wp-block-list\"><li><strong>Cargos:<\/strong> T\u00e9cnico e Analista <\/li><li><strong>Vagas Previstas:&nbsp;<\/strong>10<\/li><li><strong style=\"color: initial;\">Forma\u00e7\u00e3o:<\/strong><span style=\"color: initial;\">&nbsp;superior <\/span><\/li><li><strong>Sal\u00e1rio:&nbsp;<\/strong>R$ 8.046,84 e R$ 13.202,62<strong>&nbsp;<\/strong><\/li><\/ul>\n\n\n\n<ul class=\"has-background has-medium-font-size wp-block-list\" style=\"background:linear-gradient(141deg,rgb(255,206,236) 0%,rgb(152,150,240) 100%)\"><li><a href=\"https:\/\/www.estrategiaconcursos.com.br\/blog\/concurso-tre-ma\/\" target=\"_blank\" rel=\"noreferrer noopener\"><strong>TRE MA<\/strong><\/a><\/li><\/ul>\n\n\n\n<p><strong>Status:<\/strong>&nbsp;Previstas<strong> 07 vagas<\/strong> no edital unificado, sendo 02 para T\u00e9cnico e 05 para Analista Judici\u00e1rio.<\/p>\n\n\n\n<p><strong>Vagas\/ Cargos e sal\u00e1rio inicial<\/strong>:<\/p>\n\n\n\n<ul class=\"wp-block-list\"><li><strong>Cargos:<\/strong> T\u00e9cnico e Analista <\/li><li><strong>Vagas Previstas:&nbsp;<\/strong>07<\/li><li><strong style=\"color: initial;\">Forma\u00e7\u00e3o:<\/strong><span style=\"color: initial;\">&nbsp;superior <\/span><\/li><li><strong>Sal\u00e1rio:&nbsp;<\/strong>R$ 8.046,84 e R$ 13.202,62<strong>&nbsp;<\/strong><\/li><\/ul>\n\n\n\n<ul class=\"has-background has-medium-font-size wp-block-list\" style=\"background:linear-gradient(297deg,rgb(255,206,236) 0%,rgb(152,150,240) 100%)\"><li><strong><a href=\"https:\/\/www.estrategiaconcursos.com.br\/blog\/concurso-tre-al\/\" target=\"_blank\" rel=\"noreferrer noopener\">TRE AL<\/a><\/strong><\/li><\/ul>\n\n\n\n<p><strong>Status:<\/strong>&nbsp;Previstas<strong> 10 vagas<\/strong> no edital unificado, sendo 02 para T\u00e9cnico e 08 para Analista Judici\u00e1rio.<\/p>\n\n\n\n<p><strong>Vagas\/ Cargos e sal\u00e1rio inicial<\/strong>:<\/p>\n\n\n\n<ul class=\"wp-block-list\"><li><strong>Cargos:<\/strong> T\u00e9cnico e Analista <\/li><li><strong>Vagas Previstas:&nbsp;<\/strong>10<\/li><li><strong style=\"color: initial;\">Forma\u00e7\u00e3o:<\/strong><span style=\"color: initial;\">&nbsp;superior <\/span><\/li><li><strong>Sal\u00e1rio:&nbsp;<\/strong>R$ 8.046,84 e R$ 13.202,62<strong>&nbsp;<\/strong><\/li><\/ul>\n\n\n\n<ul class=\"has-blush-light-purple-gradient-background has-background has-medium-font-size wp-block-list\"><li><a href=\"https:\/\/www.estrategiaconcursos.com.br\/blog\/concurso-tre-rn\/\" target=\"_blank\" rel=\"noreferrer noopener\"><strong>TRE RN<\/strong><\/a><\/li><\/ul>\n\n\n\n<p><strong>Status:<\/strong>&nbsp;Previstas<strong> 04 vagas<\/strong> no edital unificado, sendo 01 para T\u00e9cnico e 03 para Analista Judici\u00e1rio.<\/p>\n\n\n\n<p><strong>Vagas\/ Cargos e sal\u00e1rio inicial<\/strong>:<\/p>\n\n\n\n<ul class=\"wp-block-list\"><li><strong>Cargos:<\/strong> T\u00e9cnico e Analista <\/li><li><strong>Vagas Previstas:&nbsp;<\/strong>04<\/li><li><strong style=\"color: initial;\">Forma\u00e7\u00e3o:<\/strong><span style=\"color: initial;\">&nbsp;superior <\/span><\/li><li><strong>Sal\u00e1rio:&nbsp;<\/strong>R$ 8.046,84 e R$ 13.202,62<strong>&nbsp;<\/strong><\/li><\/ul>\n\n\n\n<ul class=\"has-background has-medium-font-size wp-block-list\" style=\"background:linear-gradient(305deg,rgb(255,206,236) 0%,rgb(152,150,240) 100%)\"><li><a href=\"https:\/\/www.estrategiaconcursos.com.br\/blog\/concurso-tre-ap\/\" target=\"_blank\" rel=\"noreferrer noopener\"><strong>TRE AP<\/strong><\/a><\/li><\/ul>\n\n\n\n<p><strong>Status:<\/strong>&nbsp;Previstas<strong> 06 vagas<\/strong> no edital unificado, sendo 01 para T\u00e9cnico e 05 para Analista Judici\u00e1rio.<\/p>\n\n\n\n<p><strong>Vagas\/ Cargos e sal\u00e1rio inicial<\/strong>:<\/p>\n\n\n\n<ul class=\"wp-block-list\"><li><strong>Cargos:<\/strong> T\u00e9cnico e Analista <\/li><li><strong>Vagas Previstas:&nbsp;<\/strong>06<\/li><li><strong style=\"color: initial;\">Forma\u00e7\u00e3o:<\/strong><span style=\"color: initial;\">&nbsp;superior <\/span><\/li><li><strong>Sal\u00e1rio:&nbsp;<\/strong>R$ 8.046,84 e R$ 13.202,62<strong>&nbsp;<\/strong><\/li><\/ul>\n\n\n\n<ul class=\"has-blush-light-purple-gradient-background has-background has-medium-font-size wp-block-list\"><li><a href=\"https:\/\/www.estrategiaconcursos.com.br\/blog\/concurso-tre-pr\/\" target=\"_blank\" rel=\"noreferrer noopener\"><strong>TRE PR<\/strong><\/a><\/li><\/ul>\n\n\n\n<p><strong>Status:<\/strong>&nbsp;Previstas<strong> 06 vagas<\/strong> no edital unificado, sendo 02 para T\u00e9cnico e 04 para Analista Judici\u00e1rio.<\/p>\n\n\n\n<p><strong>Vagas\/ Cargos e sal\u00e1rio inicial<\/strong>:<\/p>\n\n\n\n<ul class=\"wp-block-list\"><li><strong>Cargos:<\/strong> T\u00e9cnico e Analista <\/li><li><strong>Vagas Previstas:&nbsp;<\/strong>06<\/li><li><strong style=\"color: initial;\">Forma\u00e7\u00e3o:<\/strong><span style=\"color: initial;\">&nbsp;superior <\/span><\/li><li><strong>Sal\u00e1rio:&nbsp;<\/strong>R$ 8.046,84 e R$ 13.202,62<strong>&nbsp;<\/strong><\/li><\/ul>\n\n\n\n<ul class=\"has-background wp-block-list\" style=\"background:linear-gradient(321deg,rgb(255,206,236) 0%,rgb(152,150,240) 100%)\"><li><strong><a href=\"https:\/\/www.estrategiaconcursos.com.br\/blog\/concurso-tre-am\/\" target=\"_blank\" rel=\"noreferrer noopener\">TRE AM<\/a><\/strong><\/li><\/ul>\n\n\n\n<p><strong>Status:<\/strong>&nbsp;Previstas<strong> 07 vagas<\/strong> no edital unificado, sendo 03 para T\u00e9cnico e 04 para Analista Judici\u00e1rio.<\/p>\n\n\n\n<p><strong>Vagas\/ Cargos e sal\u00e1rio inicial<\/strong>:<\/p>\n\n\n\n<ul class=\"wp-block-list\"><li><strong>Cargos:<\/strong> T\u00e9cnico e Analista <\/li><li><strong>Vagas Previstas:&nbsp;<\/strong>07<\/li><li><strong style=\"color: initial;\">Forma\u00e7\u00e3o:<\/strong><span style=\"color: initial;\">&nbsp;superior <\/span><\/li><li><strong>Sal\u00e1rio:&nbsp;<\/strong>R$ 8.046,84 e R$ 13.202,62<strong>&nbsp;<\/strong><\/li><\/ul>\n\n\n\n<ul class=\"has-blush-light-purple-gradient-background has-background has-medium-font-size wp-block-list\"><li><strong><a href=\"https:\/\/www.estrategiaconcursos.com.br\/blog\/concurso-tre-ba\/\" target=\"_blank\" rel=\"noreferrer noopener\">TRE BA<\/a><\/strong><\/li><\/ul>\n\n\n\n<p><strong>Status:<\/strong>&nbsp;Previstas<strong> 26 vagas<\/strong> no edital unificado, sendo 10 para T\u00e9cnico e 16 para Analista Judici\u00e1rio.<\/p>\n\n\n\n<p><strong>Vagas\/ Cargos e sal\u00e1rio inicial<\/strong>:<\/p>\n\n\n\n<ul class=\"wp-block-list\"><li><strong>Cargos:<\/strong> T\u00e9cnico e Analista <\/li><li><strong>Vagas Previstas:&nbsp;<\/strong>26<\/li><li><strong style=\"color: initial;\">Forma\u00e7\u00e3o:<\/strong><span style=\"color: initial;\">&nbsp;superior <\/span><\/li><li><strong>Sal\u00e1rio:&nbsp;<\/strong>R$ 8.046,84 e R$ 13.202,62<strong>&nbsp;<\/strong><\/li><\/ul>\n\n\n\n<ul class=\"has-background has-medium-font-size wp-block-list\" style=\"background:linear-gradient(312deg,rgb(255,206,236) 0%,rgb(152,150,240) 100%)\"><li><a href=\"https:\/\/www.estrategiaconcursos.com.br\/blog\/concurso-tre-rr\/\" target=\"_blank\" rel=\"noreferrer noopener\"><strong>TRE RR<\/strong><\/a><\/li><\/ul>\n\n\n\n<p><strong>Status:<\/strong>&nbsp;Previstas<strong> 05 vagas<\/strong> no edital unificado, sendo 02 para T\u00e9cnico e 03 para Analista Judici\u00e1rio.<\/p>\n\n\n\n<p><strong>Vagas\/ Cargos e sal\u00e1rio inicial<\/strong>:<\/p>\n\n\n\n<ul class=\"wp-block-list\"><li><strong>Cargos:<\/strong> T\u00e9cnico e Analista <\/li><li><strong>Vagas Previstas:&nbsp;<\/strong>05<\/li><li><strong style=\"color: initial;\">Forma\u00e7\u00e3o:<\/strong><span style=\"color: initial;\">&nbsp;superior <\/span><\/li><li><strong>Sal\u00e1rio:&nbsp;<\/strong>R$ 8.046,84 e R$ 13.202,62<strong>&nbsp;<\/strong><\/li><\/ul>\n\n\n\n<ul class=\"has-blush-light-purple-gradient-background has-background has-medium-font-size wp-block-list\"><li><a href=\"https:\/\/www.estrategiaconcursos.com.br\/blog\/concurso-tre-pe\/\" target=\"_blank\" rel=\"noreferrer noopener\"><strong>TRE PE<\/strong><\/a><\/li><\/ul>\n\n\n\n<p><strong>Status:<\/strong>&nbsp;Previstas<strong> 06 vagas<\/strong> no edital unificado, sendo 01 para T\u00e9cnico e 05 para Analista Judici\u00e1rio.<\/p>\n\n\n\n<p><strong>Vagas\/ Cargos e sal\u00e1rio inicial<\/strong>:<\/p>\n\n\n\n<ul class=\"wp-block-list\"><li><strong>Cargos:<\/strong> T\u00e9cnico e Analista <\/li><li><strong>Vagas Previstas:&nbsp;<\/strong>06<\/li><li><strong style=\"color: initial;\">Forma\u00e7\u00e3o:<\/strong><span style=\"color: initial;\">&nbsp;superior <\/span><\/li><li><strong>Sal\u00e1rio:&nbsp;<\/strong>R$ 8.046,84 e R$ 13.202,62<strong>&nbsp;<\/strong><\/li><\/ul>\n\n\n\n<p>Confira todos os detalhes sobre o concurso TRE e o TSE Unificado previstos para 2023 no artigo completo que elaboramos para voc\u00ea se informar!<\/p>\n\n\n\n<p class=\"has-text-align-center has-background has-medium-font-size\" style=\"background-color:#a251e036\"><strong>Saiba mais: <a href=\"https:\/\/www.estrategiaconcursos.com.br\/blog\/concurso-tse-unificado\/\" target=\"_blank\" rel=\"noreferrer noopener\">concurso TSE Unificado<\/a><\/strong><\/p>\n\n\n\n<h2 class=\"has-text-align-center wp-block-heading\" id=\"h-quer-saber-tudo-sobre-concursos-previstos-confira-nossos-artigos\">Quer saber tudo sobre concursos previstos?<br \/>Confira nossos artigos!<\/h2>\n\n\n\n<ul class=\"wp-block-list\"><li><a href=\"https:\/\/www.estrategiaconcursos.com.br\/blog\/concursos-abertos\/\" target=\"_blank\" rel=\"noreferrer noopener\">Concursos abertos<\/a><\/li><li><a href=\"https:\/\/www.estrategiaconcursos.com.br\/blog\/concursos-2023\/\" target=\"_blank\" rel=\"noreferrer noopener\">Concursos 2023<\/a><\/li><\/ul>\n\n\n\n<h2 class=\"has-text-align-center wp-block-heading\" id=\"cursos-assinatura\"><br \/>Agora que voc\u00ea conferiu os sal\u00e1rios do concurso TSE unificado, que tal iniciar os estudos?<\/h2>\n\n\n\n<div class=\"container\" id=\"boxes\">\n  <div class=\"row\">\n\n    <div class=\"col-sm\">\n      <div class=\"banner-tribunal\" id=\"box-assinatura\">\n        <h3 class=\"titulo-assinatura\">Curso TSE<\/h3>\n        <p class=\"subtitulo-assinatura\">Conhe\u00e7a os cursos<\/p>\n        <div class=\"box-botao\">\n          <a class=\"btn-assinatura\" target=\"_blank\" href=\"https:\/\/www.estrategiaconcursos.com.br\/cursosPorConcurso\/tribunal-superior-eleitoral-tse-servidores\/\" role=\"button\" rel=\"noopener noreferrer\">Conhe\u00e7a mais<\/a>\n        <\/div>\n      <\/div>\n      <p class=\"texto-auxiliar\"><\/p>\n    <\/div>\n\n  <\/div>\n<\/div>\n\n\n\n<div class=\"container\" id=\"boxes\">\n  <div class=\"row\">\n\n    <div class=\"col-sm\">\n      <div class=\"estrategia\" id=\"box-assinatura\">\n        <h3 class=\"titulo-assinatura\">Assinatura Concursos<\/h3>\n        <p class=\"subtitulo-assinatura\">Assinatura de 1 ano ou 2 anos<\/p>\n        <div class=\"box-botao\">\n          <a class=\"btn-assinatura\" target=\"_blank\" href=\"https:\/\/www.estrategiaconcursos.com.br\/assinaturas\/\" role=\"button\" rel=\"noopener noreferrer\">ASSINE AGORA<\/a>\n        <\/div>\n      <\/div>\n     \n    <\/div><\/div><\/div>\n","protected":false},"excerpt":{"rendered":"<p>O ano de 2023 promete ser bem movimentado para \u00e1rea de Tribunais, especialmente no concurso dos Tribunais Regionais Eleitorais (TRE)! Com a confirma\u00e7\u00e3o de realiza\u00e7\u00e3o do edital unificado promovido pelo TSE (Tribunal Superior Eleitoral), as expectativas para que o novo edital seja publicado em alta. O edital ir\u00e1 contemplar TREs de forma centralizada e j\u00e1 [&hellip;]<\/p>\n","protected":false},"author":2402,"featured_media":915858,"comment_status":"open","ping_status":"closed","sticky":false,"template":"","format":"standard","meta":{"post_tipo":"news_page","footnotes":""},"categories":[1984,220737,220219],"tags":[],"tax_estado":[219964,219965,219966,219967,219968,219969,219963,219970,219971,219972,219973,219974,219975,219976,219977,219978,219979,219980,219981,219982,219983,219984,219985,219986,219987,219988,219989,219990],"class_list":["post-1152472","post","type-post","status-publish","format-standard","has-post-thumbnail","hentry","category-tribunais","category-tribunais-tribunais","category-noticias","tax_estado-ac","tax_estado-al","tax_estado-am","tax_estado-ap","tax_estado-ba","tax_estado-ce","tax_estado-concursos-federais","tax_estado-df","tax_estado-es","tax_estado-go","tax_estado-ma","tax_estado-mg","tax_estado-ms","tax_estado-mt","tax_estado-pa","tax_estado-pb","tax_estado-pe","tax_estado-pi","tax_estado-pr","tax_estado-rj","tax_estado-rn","tax_estado-ro","tax_estado-rr","tax_estado-rs","tax_estado-sc","tax_estado-se","tax_estado-sp","tax_estado-to"],"acf":[],"yoast_head":"<!-- This site is optimized with the Yoast SEO Premium plugin v27.2 (Yoast SEO v27.2) - https:\/\/yoast.com\/product\/yoast-seo-premium-wordpress\/ -->\n<title>Concurso TRE 2023: veja as vagas previstas!<\/title>\n<meta name=\"description\" content=\"Concurso TRE: confira aqui no site do Estrat\u00e9gia as vagas previstas para preenchimento do quadro de servidores dos Tribunais em 2023!\" \/>\n<meta name=\"robots\" content=\"index, follow, max-snippet:-1, max-image-preview:large, max-video-preview:-1\" \/>\n<link rel=\"canonical\" href=\"https:\/\/www.estrategiaconcursos.com.br\/blog\/concurso-tre-2023\/\" \/>\n<meta property=\"og:locale\" content=\"pt_BR\" \/>\n<meta property=\"og:type\" content=\"article\" \/>\n<meta property=\"og:title\" content=\"Concurso TRE 2023: veja as vagas previstas!\" \/>\n<meta property=\"og:description\" content=\"Concurso TRE: confira aqui no site do Estrat\u00e9gia as vagas previstas para preenchimento do quadro de servidores dos Tribunais em 2023!\" \/>\n<meta property=\"og:url\" content=\"https:\/\/www.estrategiaconcursos.com.br\/blog\/concurso-tre-2023\/\" \/>\n<meta property=\"og:site_name\" content=\"Estrat\u00e9gia Concursos\" \/>\n<meta property=\"article:published_time\" content=\"2023-01-16T13:00:00+00:00\" \/>\n<meta property=\"og:image\" content=\"https:\/\/dhg1h5j42swfq.cloudfront.net\/2021\/11\/25020346\/concursos-tre.jpg\" \/>\n\t<meta property=\"og:image:width\" content=\"401\" \/>\n\t<meta property=\"og:image:height\" content=\"208\" \/>\n\t<meta property=\"og:image:type\" content=\"image\/jpeg\" \/>\n<meta name=\"author\" content=\"Daniela Santos Nascimento\" \/>\n<meta name=\"twitter:card\" content=\"summary_large_image\" \/>\n<meta name=\"twitter:creator\" content=\"@EstratConcursos\" \/>\n<meta name=\"twitter:site\" content=\"@EstratConcursos\" \/>\n<meta name=\"twitter:label1\" content=\"Escrito por\" \/>\n\t<meta name=\"twitter:data1\" content=\"Daniela Santos Nascimento\" \/>\n\t<meta name=\"twitter:label2\" content=\"Est. tempo de leitura\" \/>\n\t<meta name=\"twitter:data2\" content=\"7 minutos\" \/>\n<script type=\"application\/ld+json\" class=\"yoast-schema-graph\">{\"@context\":\"https:\/\/schema.org\",\"@graph\":[{\"@type\":\"NewsArticle\",\"@id\":\"https:\/\/www.estrategiaconcursos.com.br\/blog\/concurso-tre-2023\/#article\",\"isPartOf\":{\"@id\":\"https:\/\/www.estrategiaconcursos.com.br\/blog\/concurso-tre-2023\/\"},\"author\":{\"name\":\"Daniela Santos Nascimento\",\"@id\":\"https:\/\/www.estrategiaconcursos.com.br\/blog\/#\/schema\/person\/399990d02336f200766707b881aee98f\"},\"headline\":\"Concurso TRE 2023: veja as vagas previstas!\",\"datePublished\":\"2023-01-16T13:00:00+00:00\",\"mainEntityOfPage\":{\"@id\":\"https:\/\/www.estrategiaconcursos.com.br\/blog\/concurso-tre-2023\/\"},\"wordCount\":1362,\"commentCount\":0,\"publisher\":{\"@id\":\"https:\/\/www.estrategiaconcursos.com.br\/blog\/#organization\"},\"image\":{\"@id\":\"https:\/\/www.estrategiaconcursos.com.br\/blog\/concurso-tre-2023\/#primaryimage\"},\"thumbnailUrl\":\"https:\/\/dhg1h5j42swfq.cloudfront.net\/2021\/11\/25020346\/concursos-tre.jpg\",\"articleSection\":[\"Tribunais\",\"Tribunais\",\"\u00daltimas not\u00edcias\"],\"inLanguage\":\"pt-BR\",\"potentialAction\":[{\"@type\":\"CommentAction\",\"name\":\"Comment\",\"target\":[\"https:\/\/www.estrategiaconcursos.com.br\/blog\/concurso-tre-2023\/#respond\"]}],\"copyrightYear\":\"2023\",\"copyrightHolder\":{\"@id\":\"https:\/\/www.estrategiaconcursos.com.br\/blog\/#organization\"}},{\"@type\":\"WebPage\",\"@id\":\"https:\/\/www.estrategiaconcursos.com.br\/blog\/concurso-tre-2023\/\",\"url\":\"https:\/\/www.estrategiaconcursos.com.br\/blog\/concurso-tre-2023\/\",\"name\":\"Concurso TRE 2023: veja as vagas previstas!\",\"isPartOf\":{\"@id\":\"https:\/\/www.estrategiaconcursos.com.br\/blog\/#website\"},\"primaryImageOfPage\":{\"@id\":\"https:\/\/www.estrategiaconcursos.com.br\/blog\/concurso-tre-2023\/#primaryimage\"},\"image\":{\"@id\":\"https:\/\/www.estrategiaconcursos.com.br\/blog\/concurso-tre-2023\/#primaryimage\"},\"thumbnailUrl\":\"https:\/\/dhg1h5j42swfq.cloudfront.net\/2021\/11\/25020346\/concursos-tre.jpg\",\"datePublished\":\"2023-01-16T13:00:00+00:00\",\"description\":\"Concurso TRE: confira aqui no site do Estrat\u00e9gia as vagas previstas para preenchimento do quadro de servidores dos Tribunais em 2023!\",\"breadcrumb\":{\"@id\":\"https:\/\/www.estrategiaconcursos.com.br\/blog\/concurso-tre-2023\/#breadcrumb\"},\"inLanguage\":\"pt-BR\",\"potentialAction\":[{\"@type\":\"ReadAction\",\"target\":[\"https:\/\/www.estrategiaconcursos.com.br\/blog\/concurso-tre-2023\/\"]}]},{\"@type\":\"ImageObject\",\"inLanguage\":\"pt-BR\",\"@id\":\"https:\/\/www.estrategiaconcursos.com.br\/blog\/concurso-tre-2023\/#primaryimage\",\"url\":\"https:\/\/dhg1h5j42swfq.cloudfront.net\/2021\/11\/25020346\/concursos-tre.jpg\",\"contentUrl\":\"https:\/\/dhg1h5j42swfq.cloudfront.net\/2021\/11\/25020346\/concursos-tre.jpg\",\"width\":401,\"height\":208,\"caption\":\"Portaria do TSE\"},{\"@type\":\"BreadcrumbList\",\"@id\":\"https:\/\/www.estrategiaconcursos.com.br\/blog\/concurso-tre-2023\/#breadcrumb\",\"itemListElement\":[{\"@type\":\"ListItem\",\"position\":1,\"name\":\"In\u00edcio\",\"item\":\"https:\/\/www.estrategiaconcursos.com.br\/blog\/\"},{\"@type\":\"ListItem\",\"position\":2,\"name\":\"Concurso TRE 2023: veja as vagas previstas!\"}]},{\"@type\":\"WebSite\",\"@id\":\"https:\/\/www.estrategiaconcursos.com.br\/blog\/#website\",\"url\":\"https:\/\/www.estrategiaconcursos.com.br\/blog\/\",\"name\":\"Estrat\u00e9gia Concursos\",\"description\":\"O blog da Estrat\u00e9gia Concursos traz not\u00edcias sobre concursos e artigos de professores oferecendo cursos para concursos (pdf + videaulas) no site.\",\"publisher\":{\"@id\":\"https:\/\/www.estrategiaconcursos.com.br\/blog\/#organization\"},\"potentialAction\":[{\"@type\":\"SearchAction\",\"target\":{\"@type\":\"EntryPoint\",\"urlTemplate\":\"https:\/\/www.estrategiaconcursos.com.br\/blog\/?s={search_term_string}\"},\"query-input\":{\"@type\":\"PropertyValueSpecification\",\"valueRequired\":true,\"valueName\":\"search_term_string\"}}],\"inLanguage\":\"pt-BR\"},{\"@type\":\"Organization\",\"@id\":\"https:\/\/www.estrategiaconcursos.com.br\/blog\/#organization\",\"name\":\"Estrat\u00e9gia Concursos\",\"url\":\"https:\/\/www.estrategiaconcursos.com.br\/blog\/\",\"logo\":{\"@type\":\"ImageObject\",\"inLanguage\":\"pt-BR\",\"@id\":\"https:\/\/www.estrategiaconcursos.com.br\/blog\/#\/schema\/logo\/image\/\",\"url\":\"https:\/\/dhg1h5j42swfq.cloudfront.net\/2025\/06\/03203428\/logo_concursos-1.jpg\",\"contentUrl\":\"https:\/\/dhg1h5j42swfq.cloudfront.net\/2025\/06\/03203428\/logo_concursos-1.jpg\",\"width\":230,\"height\":60,\"caption\":\"Estrat\u00e9gia Concursos\"},\"image\":{\"@id\":\"https:\/\/www.estrategiaconcursos.com.br\/blog\/#\/schema\/logo\/image\/\"},\"sameAs\":[\"https:\/\/x.com\/EstratConcursos\"]},{\"@type\":\"Person\",\"@id\":\"https:\/\/www.estrategiaconcursos.com.br\/blog\/#\/schema\/person\/399990d02336f200766707b881aee98f\",\"name\":\"Daniela Santos Nascimento\",\"image\":{\"@type\":\"ImageObject\",\"inLanguage\":\"pt-BR\",\"@id\":\"https:\/\/secure.gravatar.com\/avatar\/7f343622ad121e2893832a8c76808be436bdfcbf2f7d696174c94ecd84f2384a?s=96&d=mm&r=g\",\"url\":\"https:\/\/secure.gravatar.com\/avatar\/7f343622ad121e2893832a8c76808be436bdfcbf2f7d696174c94ecd84f2384a?s=96&d=mm&r=g\",\"contentUrl\":\"https:\/\/secure.gravatar.com\/avatar\/7f343622ad121e2893832a8c76808be436bdfcbf2f7d696174c94ecd84f2384a?s=96&d=mm&r=g\",\"caption\":\"Daniela Santos Nascimento\"},\"url\":\"https:\/\/www.estrategiaconcursos.com.br\/blog\/author\/daniela-nascimentoestrategia-com\/\"}]}<\/script>\n<!-- \/ Yoast SEO Premium plugin. -->","yoast_head_json":{"title":"Concurso TRE 2023: veja as vagas previstas!","description":"Concurso TRE: confira aqui no site do Estrat\u00e9gia as vagas previstas para preenchimento do quadro de servidores dos Tribunais em 2023!","robots":{"index":"index","follow":"follow","max-snippet":"max-snippet:-1","max-image-preview":"max-image-preview:large","max-video-preview":"max-video-preview:-1"},"canonical":"https:\/\/www.estrategiaconcursos.com.br\/blog\/concurso-tre-2023\/","og_locale":"pt_BR","og_type":"article","og_title":"Concurso TRE 2023: veja as vagas previstas!","og_description":"Concurso TRE: confira aqui no site do Estrat\u00e9gia as vagas previstas para preenchimento do quadro de servidores dos Tribunais em 2023!","og_url":"https:\/\/www.estrategiaconcursos.com.br\/blog\/concurso-tre-2023\/","og_site_name":"Estrat\u00e9gia Concursos","article_published_time":"2023-01-16T13:00:00+00:00","og_image":[{"width":401,"height":208,"url":"https:\/\/dhg1h5j42swfq.cloudfront.net\/2021\/11\/25020346\/concursos-tre.jpg","type":"image\/jpeg"}],"author":"Daniela Santos Nascimento","twitter_card":"summary_large_image","twitter_creator":"@EstratConcursos","twitter_site":"@EstratConcursos","twitter_misc":{"Escrito por":"Daniela Santos Nascimento","Est. tempo de leitura":"7 minutos"},"schema":{"@context":"https:\/\/schema.org","@graph":[{"@type":"NewsArticle","@id":"https:\/\/www.estrategiaconcursos.com.br\/blog\/concurso-tre-2023\/#article","isPartOf":{"@id":"https:\/\/www.estrategiaconcursos.com.br\/blog\/concurso-tre-2023\/"},"author":{"name":"Daniela Santos Nascimento","@id":"https:\/\/www.estrategiaconcursos.com.br\/blog\/#\/schema\/person\/399990d02336f200766707b881aee98f"},"headline":"Concurso TRE 2023: veja as vagas previstas!","datePublished":"2023-01-16T13:00:00+00:00","mainEntityOfPage":{"@id":"https:\/\/www.estrategiaconcursos.com.br\/blog\/concurso-tre-2023\/"},"wordCount":1362,"commentCount":0,"publisher":{"@id":"https:\/\/www.estrategiaconcursos.com.br\/blog\/#organization"},"image":{"@id":"https:\/\/www.estrategiaconcursos.com.br\/blog\/concurso-tre-2023\/#primaryimage"},"thumbnailUrl":"https:\/\/dhg1h5j42swfq.cloudfront.net\/2021\/11\/25020346\/concursos-tre.jpg","articleSection":["Tribunais","Tribunais","\u00daltimas not\u00edcias"],"inLanguage":"pt-BR","potentialAction":[{"@type":"CommentAction","name":"Comment","target":["https:\/\/www.estrategiaconcursos.com.br\/blog\/concurso-tre-2023\/#respond"]}],"copyrightYear":"2023","copyrightHolder":{"@id":"https:\/\/www.estrategiaconcursos.com.br\/blog\/#organization"}},{"@type":"WebPage","@id":"https:\/\/www.estrategiaconcursos.com.br\/blog\/concurso-tre-2023\/","url":"https:\/\/www.estrategiaconcursos.com.br\/blog\/concurso-tre-2023\/","name":"Concurso TRE 2023: veja as vagas previstas!","isPartOf":{"@id":"https:\/\/www.estrategiaconcursos.com.br\/blog\/#website"},"primaryImageOfPage":{"@id":"https:\/\/www.estrategiaconcursos.com.br\/blog\/concurso-tre-2023\/#primaryimage"},"image":{"@id":"https:\/\/www.estrategiaconcursos.com.br\/blog\/concurso-tre-2023\/#primaryimage"},"thumbnailUrl":"https:\/\/dhg1h5j42swfq.cloudfront.net\/2021\/11\/25020346\/concursos-tre.jpg","datePublished":"2023-01-16T13:00:00+00:00","description":"Concurso TRE: confira aqui no site do Estrat\u00e9gia as vagas previstas para preenchimento do quadro de servidores dos Tribunais em 2023!","breadcrumb":{"@id":"https:\/\/www.estrategiaconcursos.com.br\/blog\/concurso-tre-2023\/#breadcrumb"},"inLanguage":"pt-BR","potentialAction":[{"@type":"ReadAction","target":["https:\/\/www.estrategiaconcursos.com.br\/blog\/concurso-tre-2023\/"]}]},{"@type":"ImageObject","inLanguage":"pt-BR","@id":"https:\/\/www.estrategiaconcursos.com.br\/blog\/concurso-tre-2023\/#primaryimage","url":"https:\/\/dhg1h5j42swfq.cloudfront.net\/2021\/11\/25020346\/concursos-tre.jpg","contentUrl":"https:\/\/dhg1h5j42swfq.cloudfront.net\/2021\/11\/25020346\/concursos-tre.jpg","width":401,"height":208,"caption":"Portaria do TSE"},{"@type":"BreadcrumbList","@id":"https:\/\/www.estrategiaconcursos.com.br\/blog\/concurso-tre-2023\/#breadcrumb","itemListElement":[{"@type":"ListItem","position":1,"name":"In\u00edcio","item":"https:\/\/www.estrategiaconcursos.com.br\/blog\/"},{"@type":"ListItem","position":2,"name":"Concurso TRE 2023: veja as vagas previstas!"}]},{"@type":"WebSite","@id":"https:\/\/www.estrategiaconcursos.com.br\/blog\/#website","url":"https:\/\/www.estrategiaconcursos.com.br\/blog\/","name":"Estrat\u00e9gia Concursos","description":"O blog da Estrat\u00e9gia Concursos traz not\u00edcias sobre concursos e artigos de professores oferecendo cursos para concursos (pdf + videaulas) no site.","publisher":{"@id":"https:\/\/www.estrategiaconcursos.com.br\/blog\/#organization"},"potentialAction":[{"@type":"SearchAction","target":{"@type":"EntryPoint","urlTemplate":"https:\/\/www.estrategiaconcursos.com.br\/blog\/?s={search_term_string}"},"query-input":{"@type":"PropertyValueSpecification","valueRequired":true,"valueName":"search_term_string"}}],"inLanguage":"pt-BR"},{"@type":"Organization","@id":"https:\/\/www.estrategiaconcursos.com.br\/blog\/#organization","name":"Estrat\u00e9gia Concursos","url":"https:\/\/www.estrategiaconcursos.com.br\/blog\/","logo":{"@type":"ImageObject","inLanguage":"pt-BR","@id":"https:\/\/www.estrategiaconcursos.com.br\/blog\/#\/schema\/logo\/image\/","url":"https:\/\/dhg1h5j42swfq.cloudfront.net\/2025\/06\/03203428\/logo_concursos-1.jpg","contentUrl":"https:\/\/dhg1h5j42swfq.cloudfront.net\/2025\/06\/03203428\/logo_concursos-1.jpg","width":230,"height":60,"caption":"Estrat\u00e9gia Concursos"},"image":{"@id":"https:\/\/www.estrategiaconcursos.com.br\/blog\/#\/schema\/logo\/image\/"},"sameAs":["https:\/\/x.com\/EstratConcursos"]},{"@type":"Person","@id":"https:\/\/www.estrategiaconcursos.com.br\/blog\/#\/schema\/person\/399990d02336f200766707b881aee98f","name":"Daniela Santos Nascimento","image":{"@type":"ImageObject","inLanguage":"pt-BR","@id":"https:\/\/secure.gravatar.com\/avatar\/7f343622ad121e2893832a8c76808be436bdfcbf2f7d696174c94ecd84f2384a?s=96&d=mm&r=g","url":"https:\/\/secure.gravatar.com\/avatar\/7f343622ad121e2893832a8c76808be436bdfcbf2f7d696174c94ecd84f2384a?s=96&d=mm&r=g","contentUrl":"https:\/\/secure.gravatar.com\/avatar\/7f343622ad121e2893832a8c76808be436bdfcbf2f7d696174c94ecd84f2384a?s=96&d=mm&r=g","caption":"Daniela Santos Nascimento"},"url":"https:\/\/www.estrategiaconcursos.com.br\/blog\/author\/daniela-nascimentoestrategia-com\/"}]}},"_links":{"self":[{"href":"https:\/\/www.estrategiaconcursos.com.br\/blog\/wp-json\/wp\/v2\/posts\/1152472","targetHints":{"allow":["GET"]}}],"collection":[{"href":"https:\/\/www.estrategiaconcursos.com.br\/blog\/wp-json\/wp\/v2\/posts"}],"about":[{"href":"https:\/\/www.estrategiaconcursos.com.br\/blog\/wp-json\/wp\/v2\/types\/post"}],"author":[{"embeddable":true,"href":"https:\/\/www.estrategiaconcursos.com.br\/blog\/wp-json\/wp\/v2\/users\/2402"}],"replies":[{"embeddable":true,"href":"https:\/\/www.estrategiaconcursos.com.br\/blog\/wp-json\/wp\/v2\/comments?post=1152472"}],"version-history":[{"count":9,"href":"https:\/\/www.estrategiaconcursos.com.br\/blog\/wp-json\/wp\/v2\/posts\/1152472\/revisions"}],"predecessor-version":[{"id":1153089,"href":"https:\/\/www.estrategiaconcursos.com.br\/blog\/wp-json\/wp\/v2\/posts\/1152472\/revisions\/1153089"}],"wp:featuredmedia":[{"embeddable":true,"href":"https:\/\/www.estrategiaconcursos.com.br\/blog\/wp-json\/wp\/v2\/media\/915858"}],"wp:attachment":[{"href":"https:\/\/www.estrategiaconcursos.com.br\/blog\/wp-json\/wp\/v2\/media?parent=1152472"}],"wp:term":[{"taxonomy":"category","embeddable":true,"href":"https:\/\/www.estrategiaconcursos.com.br\/blog\/wp-json\/wp\/v2\/categories?post=1152472"},{"taxonomy":"post_tag","embeddable":true,"href":"https:\/\/www.estrategiaconcursos.com.br\/blog\/wp-json\/wp\/v2\/tags?post=1152472"},{"taxonomy":"tax_estado","embeddable":true,"href":"https:\/\/www.estrategiaconcursos.com.br\/blog\/wp-json\/wp\/v2\/tax_estado?post=1152472"}],"curies":[{"name":"wp","href":"https:\/\/api.w.org\/{rel}","templated":true}]}}