{"id":1152410,"date":"2023-01-16T09:00:00","date_gmt":"2023-01-16T12:00:00","guid":{"rendered":"https:\/\/www.estrategiaconcursos.com.br\/blog\/?p=1152410"},"modified":"2023-01-20T16:46:25","modified_gmt":"2023-01-20T19:46:25","slug":"carta-aos-assinantes-116","status":"publish","type":"post","link":"https:\/\/www.estrategiaconcursos.com.br\/blog\/carta-aos-assinantes-116\/","title":{"rendered":"Carta aos Assinantes do Estrat\u00e9gia Concursos &#8211; 116"},"content":{"rendered":"\n<p class=\"has-text-align-right has-luminous-vivid-amber-background-color has-background\"><em>Confira, em nossa <strong>cent\u00e9sima<\/strong> <strong>d\u00e9cima<\/strong> <strong>sexta<\/strong> carta aos assinantes, a nossa programa\u00e7\u00e3o semanal, as novidades do nosso Sistema de Quest\u00f5es e as principais movimenta\u00e7\u00f5es de concursos.<\/em><\/p>\n\n\n\n<p>Ol\u00e1, pessoal. Tudo bem?<\/p>\n\n\n\n<p>Aqui \u00e9 o<strong> Prof. Diego Cerqueira <\/strong>em nossa <strong><mark style=\"background-color:rgba(0, 0, 0, 0)\" class=\"has-inline-color has-vivid-purple-color\">cent\u00e9sima d\u00e9cima sexta carta aos Assinantes<\/mark><\/strong> do Estrat\u00e9gia Concursos.<\/p>\n\n\n\n<p>Hoje eu gostaria de conversar com os nossos alunos que est\u00e3o se preparando para o concurso da <strong><mark style=\"background-color:rgba(0, 0, 0, 0)\" class=\"has-inline-color has-vivid-purple-color\">Receita Federal do Brasil<\/mark><\/strong>. Vou deixar algumas informa\u00e7\u00f5es e dicas que considero importantes para se dar bem nesta prova.<\/p>\n\n\n\n<p>As <strong><mark style=\"background-color:rgba(0, 0, 0, 0)\" class=\"has-inline-color has-vivid-purple-color\">inscri\u00e7\u00f5es<\/mark><\/strong> para o concurso foram abertas. S\u00e3o 469 vagas para o cargo de <strong>Analista Tribut\u00e1rio<\/strong> e 230 vagas para o cargo de <strong>Auditor Fiscal<\/strong>, ambos com exig\u00eancia em n\u00edvel superior de forma\u00e7\u00e3o. Para se inscrever, basta acessar o site da banca <strong>FGV<\/strong>. N\u00e3o se esque\u00e7am, as inscri\u00e7\u00f5es v\u00e3o at\u00e9 o dia <strong>19 de janeiro<\/strong>. Se quiser saber mais detalhes sobre este concurso, acesse <a href=\"https:\/\/www.estrategiaconcursos.com.br\/blog\/concurso-receita-federal\/\">aqui<\/a> o nosso artigo do Blog.<\/p>\n\n\n\n<p>Para quem est\u00e1 estudando para esta prova, sabe que temos presente no edital a disciplina de <strong>Contabilidade Aplicada ao Setor P\u00fablico<\/strong>. Dentro deste t\u00f3pico voc\u00ea deve ter se deparado com o seguinte t\u00f3pico: <strong><mark style=\"background-color:rgba(0, 0, 0, 0)\" class=\"has-inline-color has-vivid-purple-color\">Relat\u00f3rio Resumido de Execu\u00e7\u00e3o Or\u00e7ament\u00e1ria (RREO)<\/mark><\/strong>. Caso voc\u00ea tenha interesse em saber mais sobre este importante t\u00f3pico do seu edital, a nossa equipe preparou <a href=\"https:\/\/www.estrategiaconcursos.com.br\/blog\/relatorio-resumido-execucao-orcamentaria\/\">este artigo<\/a> bem completo no Blog.<\/p>\n\n\n\n<p>Por fim, mas n\u00e3o menos importante, gostaria de deixar a indica\u00e7\u00e3o deste artigo <a href=\"https:\/\/www.estrategiaconcursos.com.br\/blog\/receita-federal-questoes-fluencia-em-dados\/\">aqui<\/a> sobre a mat\u00e9ria de <strong><mark style=\"background-color:rgba(0, 0, 0, 0)\" class=\"has-inline-color has-vivid-purple-color\">Flu\u00eancia de Dados<\/mark><\/strong>. Uma novidade presente neste edital e que pode prejudicar o seu resultado final, caso seja negligenciada. A nossa equipe separou <strong>15 quest\u00f5es<\/strong> focadas neste assunto realizadas pela banca <strong>FGV<\/strong>. \u00c9 hora de afiarmos o machado para chegarmos firmes neste certame!<\/p>\n\n\n\n<h2 class=\"wp-block-heading\" id=\"h-sistema-de-questoes-do-estrategia\">Sistema de Quest\u00f5es do Estrat\u00e9gia<\/h2>\n\n\n\n<p>Na \u00faltima semana a nossa equipe do Sistema de Quest\u00f5es <strong>criou<\/strong> os seguintes <strong>Cadernos de Quest\u00f5es de Quest\u00f5es Anteriores<\/strong>:<\/p>\n\n\n\n<ul class=\"wp-block-list\"><li>Minist\u00e9rio P\u00fablico de S\u00e3o Paulo (<a href=\"https:\/\/www.estrategiaconcursos.com.br\/blog\/cadernos-de-questoes-mp-sp-op\/\">Clique aqui!<\/a>)<\/li><\/ul>\n\n\n\n<p>Al\u00e9m disso, foram <strong>criados<\/strong> os seguintes <strong>Cadernos de Quest\u00f5es In\u00e9ditas<\/strong>:<\/p>\n\n\n\n<ul class=\"wp-block-list\"><li>Corregedoria-Geral do Distrito Federal (<a href=\"https:\/\/www.estrategiaconcursos.com.br\/blog\/questoes-ineditas-cg-df\/\">Clique aqui!<\/a>)<\/li><\/ul>\n\n\n\n<p>Tamb\u00e9m foram <strong>criados<\/strong> os seguintes <strong>Cadernos de Provas Anteriores<\/strong>:<\/p>\n\n\n\n<ul class=\"wp-block-list\"><li>Banco do Brasil (<a href=\"https:\/\/www.estrategiaconcursos.com.br\/blog\/10-provas-da-banca-cesgranrio-para-o-concurso-do-banco-do-brasil\/\">Clique aqui!<\/a>)<\/li><li>Banrisul (<a href=\"https:\/\/www.estrategiaconcursos.com.br\/blog\/17-provas-anteriores-para-o-concurso-do-banrisul\/\">Clique aqui!<\/a>)<\/li><\/ul>\n\n\n\n<p>Por fim, a nossa equipe do Sistema de Quest\u00f5es <strong>atualizou<\/strong> o seguinte <strong>Caderno de Quest\u00f5es In\u00e9ditas<\/strong>:<\/p>\n\n\n\n<ul class=\"wp-block-list\"><li>C\u00e2mara Municipal de Guarulhos\/SP (<a href=\"https:\/\/www.estrategiaconcursos.com.br\/blog\/questoes-ineditas-camara-municipal-de-guarulhos-sp\/\">Clique aqui!<\/a>)<\/li><\/ul>\n\n\n\n<h2 class=\"wp-block-heading\" id=\"h-agora-vamos-ver-as-principais-movimentacoes-de-concursos-da-ultima-semana\">Agora, vamos ver as principais movimenta\u00e7\u00f5es de concursos da \u00faltima semana?<\/h2>\n\n\n\n<ul class=\"wp-block-list\"><li><a href=\"https:\/\/www.estrategiaconcursos.com.br\/blog\/concurso-tce-sp\/\">TCE SP:<\/a> Foi publicada a dispensa de licita\u00e7\u00e3o que definiu a banca organizadora do concurso Tribunal de Contas do Estado de S\u00e3o Paulo. De acordo com o documento, a empresa escolhida foi a Funda\u00e7\u00e3o Get\u00falio Vargas \u2013 FGV. Agora, a empresa deve assinar o contrato que ser\u00e1 firmado entre as partes. Ap\u00f3s essa etapa, o edital de abertura para provimento de vagas para os cargos de Auxiliar T\u00e9cnico da Fiscaliza\u00e7\u00e3o (R$ 7,2 mil) e Agente da Fiscaliza\u00e7\u00e3o (R$ 15,9 mil), n\u00edveis m\u00e9dio e superior, respectivamente, poder\u00e1 ser publicado.<\/li><\/ul>\n\n\n\n<ul class=\"wp-block-list\"><li><a href=\"https:\/\/www.estrategiaconcursos.com.br\/blog\/concurso-fasepa\/\">FASEPA:<\/a> Foi formada a comiss\u00e3o organizadora do concurso FASEPA (Funda\u00e7\u00e3o de Atendimento Socioeducativo do Par\u00e1). A informa\u00e7\u00e3o foi publicada no Di\u00e1rio Oficial do Estado desta sexta-feira, 13 de janeiro. O grupo \u00e9 formado por quatro servidores, sendo dois pertencentes \u00e0 Funda\u00e7\u00e3o e outros dois da SEPLAD. Al\u00e9m disso, vale lembrar que a banca do concurso j\u00e1 est\u00e1 contratada. A empresa escolhida foi a Cetap. Agora, o pr\u00f3ximo passo ser\u00e1 a publica\u00e7\u00e3o do edital. Est\u00e3o previstas 67 vagas mais cadastro reserva, para cargos de n\u00edvel m\u00e9dio e superior. A sele\u00e7\u00e3o dos candidatos se dar\u00e1 por meio de duas etapas, sendo elas: provas objetivas e discursivas, al\u00e9m de uma avalia\u00e7\u00e3o de t\u00edtulos.<\/li><\/ul>\n\n\n\n<ul class=\"wp-block-list\"><li><a href=\"https:\/\/www.estrategiaconcursos.com.br\/blog\/concurso-ana\/\">ANA:<\/a> A Ag\u00eancia Nacional de \u00c1guas (ANA) deve encaminhar ao Minist\u00e9rio da Economia um novo pedido de concurso p\u00fablico para provimento de 109 vagas. A informa\u00e7\u00e3o foi confirmada ao time de jornalismo do Estrat\u00e9gia nesta quinta-feira (12). De acordo com o \u00f3rg\u00e3o, as oportunidades ser\u00e3o distribu\u00eddas da seguinte maneira: 57 para especialistas em recursos h\u00eddricos, 38 para analistas administrativos e 14 para t\u00e9cnicos administrativos. Vale lembrar que o Minist\u00e9rio da Economia \u00e9 respons\u00e1vel por autorizar a realiza\u00e7\u00e3o de concursos e de provimento de cargos p\u00fablicos para \u00f3rg\u00e3os e entidades da administra\u00e7\u00e3o p\u00fablica federal direta, aut\u00e1rquica e fundacional. O \u00faltimo edital da ANA foi publicado em 2012. Na \u00e9poca, foram ofertadas 45 vagas para o cargo de T\u00e9cnico Administrativo, que exige o n\u00edvel m\u00e9dio.<\/li><\/ul>\n\n\n\n<ul class=\"wp-block-list\"><li><a href=\"https:\/\/www.estrategiaconcursos.com.br\/blog\/concurso-iapen-acre\/\">Pol\u00edcia Penal AC<\/a>: A realiza\u00e7\u00e3o do novo concurso Pol\u00edcia Penal AC (IAPEN Acre) est\u00e1 cada vez mais perto! Isso porque o IBFC foi oficializado como banca organizadora, segundo extrato de contrato. O edital prev\u00ea a oferta de oportunidades para n\u00edvel m\u00e9dio e superior, al\u00e9m de Agente de Pol\u00edcia Penal. Vale lembrar que, conforme an\u00fancio do governador do estado, Gladson Cameli, s\u00e3o previstas 260 vagas.<\/li><\/ul>\n\n\n\n<ul class=\"wp-block-list\"><li><a href=\"https:\/\/www.estrategiaconcursos.com.br\/blog\/concurso-fms-teresina\/\">FMS Teresina<\/a>: Foi divulgada a comiss\u00e3o examinadora respons\u00e1vel pelo novo concurso p\u00fablico da Funda\u00e7\u00e3o Municipal de Sa\u00fade de Teresina (FMS). O grupo \u00e9 composto por 10 membros, os quais ser\u00e3o respons\u00e1veis pela avalia\u00e7\u00e3o das necessidades de cada \u00e1rea da institui\u00e7\u00e3o. Ou seja, ir\u00e3o estudar quais cargos e quantas vagas ser\u00e3o ofertadas. Segundo informa\u00e7\u00f5es publicadas nas redes sociais, atualmente, a FMS conta com 11 mil servidores efetivos em seu quadro de pessoal, sendo que uma m\u00e9dia de 1\/12 avos desse quantitativo se encontra sob afastamento legal.<\/li><\/ul>\n\n\n\n<ul class=\"wp-block-list\"><li><a href=\"https:\/\/www.estrategiaconcursos.com.br\/blog\/concurso-camara-de-nilopolis-edital-publicado\/\">C\u00e2mara de Nil\u00f3polis<\/a>: Foi publicado o edital C\u00e2mara de Nil\u00f3polis, estado do Rio de Janeiro, com oferta de 28 vagas imediatas. As oportunidades s\u00e3o distribu\u00eddas entre cargos de n\u00edvel m\u00e9dio e superior, com sal\u00e1rios de R$ 2.050,00 a R$ 2.500,00. Os interessados em participar da sele\u00e7\u00e3o devem realizar as inscri\u00e7\u00f5es no per\u00edodo de 19 de janeiro a 5 de mar\u00e7o, no site da banca organizadora, IBPG. A aplica\u00e7\u00e3o da prova \u00e9 prevista no dia 26 de mar\u00e7o.<\/li><\/ul>\n\n\n\n<ul class=\"wp-block-list\"><li><a href=\"https:\/\/www.estrategiaconcursos.com.br\/blog\/concurso-pgm-niteroi-servidores\/\">PGM Niter\u00f3i:<\/a> edital publicado com 29 vagas imediatas, mais 1300 oportunidades em cadastro de reserva, distribu\u00eddas entre os cargos T\u00e9cnico e Analista da Procuradoria, de n\u00edveis m\u00e9dio e superior de escolaridade. Os sal\u00e1rios iniciais variam de R$ 2.846,86 a R$ 6.838,92<\/li><\/ul>\n\n\n\n<ul class=\"wp-block-list\"><li><a href=\"https:\/\/www.estrategiaconcursos.com.br\/blog\/concurso-tj-ce\/\">TJ CE:<\/a> o Tribunal de Justi\u00e7a do Cear\u00e1 divulgou no dia 10 de janeiro de 2023 o projeto b\u00e1sico do novo concurso TJ CE para cargos de n\u00edvel m\u00e9dio! Segundo o documento ser\u00e3o ofertadas 50 vagas para o cargo de T\u00e9cnico Judici\u00e1rio, sendo 15 para a \u00e1rea administrativa e 35 para \u00e1rea judici\u00e1ria, al\u00e9m de forma\u00e7\u00e3o de cadastro de reserva, com sal\u00e1rios iniciais de R$ 5.633,84.<\/li><\/ul>\n\n\n\n<ul class=\"wp-block-list\"><li><a href=\"https:\/\/www.estrategiaconcursos.com.br\/blog\/concurso-dpe-mg-servidor\/\">DPE MG:<\/a> est\u00e1 formada a comiss\u00e3o organizadora do novo edital para servidores da Defensoria P\u00fablica de Minas Gerais. Segundo o regulamento, o edital deve ofertar vagas de n\u00edveis m\u00e9dio e superior em diversas especialidades.<\/li><\/ul>\n\n\n\n<p>Desejo a todos uma excelente semana de estudos!<\/p>\n\n\n\n<p>Abra\u00e7os,<\/p>\n\n\n\n<p><strong>Prof. Diego Cerqueira<\/strong><\/p>\n","protected":false},"excerpt":{"rendered":"<p>Confira, em nossa cent\u00e9sima d\u00e9cima sexta carta aos assinantes, a nossa programa\u00e7\u00e3o semanal, as novidades do nosso Sistema de Quest\u00f5es e as principais movimenta\u00e7\u00f5es de concursos. Ol\u00e1, pessoal. Tudo bem? Aqui \u00e9 o Prof. Diego Cerqueira em nossa cent\u00e9sima d\u00e9cima sexta carta aos Assinantes do Estrat\u00e9gia Concursos. Hoje eu gostaria de conversar com os nossos [&hellip;]<\/p>\n","protected":false},"author":1789,"featured_media":1152415,"comment_status":"open","ping_status":"closed","sticky":false,"template":"","format":"standard","meta":{"post_tipo":"article","footnotes":""},"categories":[1],"tags":[],"tax_estado":[219964,219965,219966,219967,219968,219969,219963,219970,219971,219972,219973,219974,219975,219976,219977,219978,219979,219980,219981,219982,219983,219984,219985,219986,219987,219988,219989,219990],"class_list":["post-1152410","post","type-post","status-publish","format-standard","has-post-thumbnail","hentry","category-cursos-e-concursos","tax_estado-ac","tax_estado-al","tax_estado-am","tax_estado-ap","tax_estado-ba","tax_estado-ce","tax_estado-concursos-federais","tax_estado-df","tax_estado-es","tax_estado-go","tax_estado-ma","tax_estado-mg","tax_estado-ms","tax_estado-mt","tax_estado-pa","tax_estado-pb","tax_estado-pe","tax_estado-pi","tax_estado-pr","tax_estado-rj","tax_estado-rn","tax_estado-ro","tax_estado-rr","tax_estado-rs","tax_estado-sc","tax_estado-se","tax_estado-sp","tax_estado-to"],"acf":[],"yoast_head":"<!-- This site is optimized with the Yoast SEO Premium plugin v27.2 (Yoast SEO v27.2) - https:\/\/yoast.com\/product\/yoast-seo-premium-wordpress\/ -->\n<title>Carta aos Assinantes do Estrat\u00e9gia Concursos - 116<\/title>\n<meta name=\"description\" content=\"Confira, em nossa 116\u00aa carta aos assinantes, a nossa programa\u00e7\u00e3o semanal, as novidades do nosso SQ e as principais movimenta\u00e7\u00f5es de concursos.\" \/>\n<meta name=\"robots\" content=\"index, follow, max-snippet:-1, max-image-preview:large, max-video-preview:-1\" \/>\n<link rel=\"canonical\" href=\"https:\/\/www.estrategiaconcursos.com.br\/blog\/carta-aos-assinantes-116\/\" \/>\n<meta property=\"og:locale\" content=\"pt_BR\" \/>\n<meta property=\"og:type\" content=\"article\" \/>\n<meta property=\"og:title\" content=\"Carta aos Assinantes do Estrat\u00e9gia Concursos - 116\" \/>\n<meta property=\"og:description\" content=\"Confira, em nossa 116\u00aa carta aos assinantes, a nossa programa\u00e7\u00e3o semanal, as novidades do nosso SQ e as principais movimenta\u00e7\u00f5es de concursos.\" \/>\n<meta property=\"og:url\" content=\"https:\/\/www.estrategiaconcursos.com.br\/blog\/carta-aos-assinantes-116\/\" \/>\n<meta property=\"og:site_name\" content=\"Estrat\u00e9gia Concursos\" \/>\n<meta property=\"article:published_time\" content=\"2023-01-16T12:00:00+00:00\" \/>\n<meta property=\"article:modified_time\" content=\"2023-01-20T19:46:25+00:00\" \/>\n<meta property=\"og:image\" content=\"https:\/\/dhg1h5j42swfq.cloudfront.net\/2023\/01\/13155832\/imagem-carta-aos-assinantes-1.png\" \/>\n\t<meta property=\"og:image:width\" content=\"800\" \/>\n\t<meta property=\"og:image:height\" content=\"450\" \/>\n\t<meta property=\"og:image:type\" content=\"image\/png\" \/>\n<meta name=\"author\" content=\"Coordena\u00e7\u00e3o Estrat\u00e9gia\" \/>\n<meta name=\"twitter:card\" content=\"summary_large_image\" \/>\n<meta name=\"twitter:creator\" content=\"@EstratConcursos\" \/>\n<meta name=\"twitter:site\" content=\"@EstratConcursos\" \/>\n<meta name=\"twitter:label1\" content=\"Escrito por\" \/>\n\t<meta name=\"twitter:data1\" content=\"Coordena\u00e7\u00e3o Estrat\u00e9gia\" \/>\n\t<meta name=\"twitter:label2\" content=\"Est. tempo de leitura\" \/>\n\t<meta name=\"twitter:data2\" content=\"6 minutos\" \/>\n<script type=\"application\/ld+json\" class=\"yoast-schema-graph\">{\"@context\":\"https:\/\/schema.org\",\"@graph\":[{\"@type\":\"NewsArticle\",\"@id\":\"https:\/\/www.estrategiaconcursos.com.br\/blog\/carta-aos-assinantes-116\/#article\",\"isPartOf\":{\"@id\":\"https:\/\/www.estrategiaconcursos.com.br\/blog\/carta-aos-assinantes-116\/\"},\"author\":{\"name\":\"Coordena\u00e7\u00e3o Estrat\u00e9gia\",\"@id\":\"https:\/\/www.estrategiaconcursos.com.br\/blog\/#\/schema\/person\/ba5fab3b1fa4a358429e37bc50f74021\"},\"headline\":\"Carta aos Assinantes do Estrat\u00e9gia Concursos &#8211; 116\",\"datePublished\":\"2023-01-16T12:00:00+00:00\",\"dateModified\":\"2023-01-20T19:46:25+00:00\",\"mainEntityOfPage\":{\"@id\":\"https:\/\/www.estrategiaconcursos.com.br\/blog\/carta-aos-assinantes-116\/\"},\"wordCount\":1195,\"commentCount\":0,\"publisher\":{\"@id\":\"https:\/\/www.estrategiaconcursos.com.br\/blog\/#organization\"},\"image\":{\"@id\":\"https:\/\/www.estrategiaconcursos.com.br\/blog\/carta-aos-assinantes-116\/#primaryimage\"},\"thumbnailUrl\":\"https:\/\/dhg1h5j42swfq.cloudfront.net\/2023\/01\/13155832\/imagem-carta-aos-assinantes-1.png\",\"articleSection\":[\"Concursos P\u00fablicos\"],\"inLanguage\":\"pt-BR\",\"potentialAction\":[{\"@type\":\"CommentAction\",\"name\":\"Comment\",\"target\":[\"https:\/\/www.estrategiaconcursos.com.br\/blog\/carta-aos-assinantes-116\/#respond\"]}],\"copyrightYear\":\"2023\",\"copyrightHolder\":{\"@id\":\"https:\/\/www.estrategiaconcursos.com.br\/blog\/#organization\"}},{\"@type\":\"WebPage\",\"@id\":\"https:\/\/www.estrategiaconcursos.com.br\/blog\/carta-aos-assinantes-116\/\",\"url\":\"https:\/\/www.estrategiaconcursos.com.br\/blog\/carta-aos-assinantes-116\/\",\"name\":\"Carta aos Assinantes do Estrat\u00e9gia Concursos - 116\",\"isPartOf\":{\"@id\":\"https:\/\/www.estrategiaconcursos.com.br\/blog\/#website\"},\"primaryImageOfPage\":{\"@id\":\"https:\/\/www.estrategiaconcursos.com.br\/blog\/carta-aos-assinantes-116\/#primaryimage\"},\"image\":{\"@id\":\"https:\/\/www.estrategiaconcursos.com.br\/blog\/carta-aos-assinantes-116\/#primaryimage\"},\"thumbnailUrl\":\"https:\/\/dhg1h5j42swfq.cloudfront.net\/2023\/01\/13155832\/imagem-carta-aos-assinantes-1.png\",\"datePublished\":\"2023-01-16T12:00:00+00:00\",\"dateModified\":\"2023-01-20T19:46:25+00:00\",\"description\":\"Confira, em nossa 116\u00aa carta aos assinantes, a nossa programa\u00e7\u00e3o semanal, as novidades do nosso SQ e as principais movimenta\u00e7\u00f5es de concursos.\",\"breadcrumb\":{\"@id\":\"https:\/\/www.estrategiaconcursos.com.br\/blog\/carta-aos-assinantes-116\/#breadcrumb\"},\"inLanguage\":\"pt-BR\",\"potentialAction\":[{\"@type\":\"ReadAction\",\"target\":[\"https:\/\/www.estrategiaconcursos.com.br\/blog\/carta-aos-assinantes-116\/\"]}]},{\"@type\":\"ImageObject\",\"inLanguage\":\"pt-BR\",\"@id\":\"https:\/\/www.estrategiaconcursos.com.br\/blog\/carta-aos-assinantes-116\/#primaryimage\",\"url\":\"https:\/\/dhg1h5j42swfq.cloudfront.net\/2023\/01\/13155832\/imagem-carta-aos-assinantes-1.png\",\"contentUrl\":\"https:\/\/dhg1h5j42swfq.cloudfront.net\/2023\/01\/13155832\/imagem-carta-aos-assinantes-1.png\",\"width\":800,\"height\":450,\"caption\":\"Carta aos Assinantes\"},{\"@type\":\"BreadcrumbList\",\"@id\":\"https:\/\/www.estrategiaconcursos.com.br\/blog\/carta-aos-assinantes-116\/#breadcrumb\",\"itemListElement\":[{\"@type\":\"ListItem\",\"position\":1,\"name\":\"In\u00edcio\",\"item\":\"https:\/\/www.estrategiaconcursos.com.br\/blog\/\"},{\"@type\":\"ListItem\",\"position\":2,\"name\":\"Carta aos Assinantes do Estrat\u00e9gia Concursos &#8211; 116\"}]},{\"@type\":\"WebSite\",\"@id\":\"https:\/\/www.estrategiaconcursos.com.br\/blog\/#website\",\"url\":\"https:\/\/www.estrategiaconcursos.com.br\/blog\/\",\"name\":\"Estrat\u00e9gia Concursos\",\"description\":\"O blog da Estrat\u00e9gia Concursos traz not\u00edcias sobre concursos e artigos de professores oferecendo cursos para concursos (pdf + videaulas) no site.\",\"publisher\":{\"@id\":\"https:\/\/www.estrategiaconcursos.com.br\/blog\/#organization\"},\"potentialAction\":[{\"@type\":\"SearchAction\",\"target\":{\"@type\":\"EntryPoint\",\"urlTemplate\":\"https:\/\/www.estrategiaconcursos.com.br\/blog\/?s={search_term_string}\"},\"query-input\":{\"@type\":\"PropertyValueSpecification\",\"valueRequired\":true,\"valueName\":\"search_term_string\"}}],\"inLanguage\":\"pt-BR\"},{\"@type\":\"Organization\",\"@id\":\"https:\/\/www.estrategiaconcursos.com.br\/blog\/#organization\",\"name\":\"Estrat\u00e9gia Concursos\",\"url\":\"https:\/\/www.estrategiaconcursos.com.br\/blog\/\",\"logo\":{\"@type\":\"ImageObject\",\"inLanguage\":\"pt-BR\",\"@id\":\"https:\/\/www.estrategiaconcursos.com.br\/blog\/#\/schema\/logo\/image\/\",\"url\":\"https:\/\/dhg1h5j42swfq.cloudfront.net\/2025\/06\/03203428\/logo_concursos-1.jpg\",\"contentUrl\":\"https:\/\/dhg1h5j42swfq.cloudfront.net\/2025\/06\/03203428\/logo_concursos-1.jpg\",\"width\":230,\"height\":60,\"caption\":\"Estrat\u00e9gia Concursos\"},\"image\":{\"@id\":\"https:\/\/www.estrategiaconcursos.com.br\/blog\/#\/schema\/logo\/image\/\"},\"sameAs\":[\"https:\/\/x.com\/EstratConcursos\"]},{\"@type\":\"Person\",\"@id\":\"https:\/\/www.estrategiaconcursos.com.br\/blog\/#\/schema\/person\/ba5fab3b1fa4a358429e37bc50f74021\",\"name\":\"Coordena\u00e7\u00e3o Estrat\u00e9gia\",\"image\":{\"@type\":\"ImageObject\",\"inLanguage\":\"pt-BR\",\"@id\":\"https:\/\/secure.gravatar.com\/avatar\/adff33ff18541ba37c900dd2b1e82dbfb0fe33d873b92636b4827a8da462feb3?s=96&d=mm&r=g\",\"url\":\"https:\/\/secure.gravatar.com\/avatar\/adff33ff18541ba37c900dd2b1e82dbfb0fe33d873b92636b4827a8da462feb3?s=96&d=mm&r=g\",\"contentUrl\":\"https:\/\/secure.gravatar.com\/avatar\/adff33ff18541ba37c900dd2b1e82dbfb0fe33d873b92636b4827a8da462feb3?s=96&d=mm&r=g\",\"caption\":\"Coordena\u00e7\u00e3o Estrat\u00e9gia\"},\"url\":\"https:\/\/www.estrategiaconcursos.com.br\/blog\/author\/victor-tanakaaestrategiaconcursos-com-br\/\"}]}<\/script>\n<!-- \/ Yoast SEO Premium plugin. -->","yoast_head_json":{"title":"Carta aos Assinantes do Estrat\u00e9gia Concursos - 116","description":"Confira, em nossa 116\u00aa carta aos assinantes, a nossa programa\u00e7\u00e3o semanal, as novidades do nosso SQ e as principais movimenta\u00e7\u00f5es de concursos.","robots":{"index":"index","follow":"follow","max-snippet":"max-snippet:-1","max-image-preview":"max-image-preview:large","max-video-preview":"max-video-preview:-1"},"canonical":"https:\/\/www.estrategiaconcursos.com.br\/blog\/carta-aos-assinantes-116\/","og_locale":"pt_BR","og_type":"article","og_title":"Carta aos Assinantes do Estrat\u00e9gia Concursos - 116","og_description":"Confira, em nossa 116\u00aa carta aos assinantes, a nossa programa\u00e7\u00e3o semanal, as novidades do nosso SQ e as principais movimenta\u00e7\u00f5es de concursos.","og_url":"https:\/\/www.estrategiaconcursos.com.br\/blog\/carta-aos-assinantes-116\/","og_site_name":"Estrat\u00e9gia Concursos","article_published_time":"2023-01-16T12:00:00+00:00","article_modified_time":"2023-01-20T19:46:25+00:00","og_image":[{"width":800,"height":450,"url":"https:\/\/dhg1h5j42swfq.cloudfront.net\/2023\/01\/13155832\/imagem-carta-aos-assinantes-1.png","type":"image\/png"}],"author":"Coordena\u00e7\u00e3o Estrat\u00e9gia","twitter_card":"summary_large_image","twitter_creator":"@EstratConcursos","twitter_site":"@EstratConcursos","twitter_misc":{"Escrito por":"Coordena\u00e7\u00e3o Estrat\u00e9gia","Est. tempo de leitura":"6 minutos"},"schema":{"@context":"https:\/\/schema.org","@graph":[{"@type":"NewsArticle","@id":"https:\/\/www.estrategiaconcursos.com.br\/blog\/carta-aos-assinantes-116\/#article","isPartOf":{"@id":"https:\/\/www.estrategiaconcursos.com.br\/blog\/carta-aos-assinantes-116\/"},"author":{"name":"Coordena\u00e7\u00e3o Estrat\u00e9gia","@id":"https:\/\/www.estrategiaconcursos.com.br\/blog\/#\/schema\/person\/ba5fab3b1fa4a358429e37bc50f74021"},"headline":"Carta aos Assinantes do Estrat\u00e9gia Concursos &#8211; 116","datePublished":"2023-01-16T12:00:00+00:00","dateModified":"2023-01-20T19:46:25+00:00","mainEntityOfPage":{"@id":"https:\/\/www.estrategiaconcursos.com.br\/blog\/carta-aos-assinantes-116\/"},"wordCount":1195,"commentCount":0,"publisher":{"@id":"https:\/\/www.estrategiaconcursos.com.br\/blog\/#organization"},"image":{"@id":"https:\/\/www.estrategiaconcursos.com.br\/blog\/carta-aos-assinantes-116\/#primaryimage"},"thumbnailUrl":"https:\/\/dhg1h5j42swfq.cloudfront.net\/2023\/01\/13155832\/imagem-carta-aos-assinantes-1.png","articleSection":["Concursos P\u00fablicos"],"inLanguage":"pt-BR","potentialAction":[{"@type":"CommentAction","name":"Comment","target":["https:\/\/www.estrategiaconcursos.com.br\/blog\/carta-aos-assinantes-116\/#respond"]}],"copyrightYear":"2023","copyrightHolder":{"@id":"https:\/\/www.estrategiaconcursos.com.br\/blog\/#organization"}},{"@type":"WebPage","@id":"https:\/\/www.estrategiaconcursos.com.br\/blog\/carta-aos-assinantes-116\/","url":"https:\/\/www.estrategiaconcursos.com.br\/blog\/carta-aos-assinantes-116\/","name":"Carta aos Assinantes do Estrat\u00e9gia Concursos - 116","isPartOf":{"@id":"https:\/\/www.estrategiaconcursos.com.br\/blog\/#website"},"primaryImageOfPage":{"@id":"https:\/\/www.estrategiaconcursos.com.br\/blog\/carta-aos-assinantes-116\/#primaryimage"},"image":{"@id":"https:\/\/www.estrategiaconcursos.com.br\/blog\/carta-aos-assinantes-116\/#primaryimage"},"thumbnailUrl":"https:\/\/dhg1h5j42swfq.cloudfront.net\/2023\/01\/13155832\/imagem-carta-aos-assinantes-1.png","datePublished":"2023-01-16T12:00:00+00:00","dateModified":"2023-01-20T19:46:25+00:00","description":"Confira, em nossa 116\u00aa carta aos assinantes, a nossa programa\u00e7\u00e3o semanal, as novidades do nosso SQ e as principais movimenta\u00e7\u00f5es de concursos.","breadcrumb":{"@id":"https:\/\/www.estrategiaconcursos.com.br\/blog\/carta-aos-assinantes-116\/#breadcrumb"},"inLanguage":"pt-BR","potentialAction":[{"@type":"ReadAction","target":["https:\/\/www.estrategiaconcursos.com.br\/blog\/carta-aos-assinantes-116\/"]}]},{"@type":"ImageObject","inLanguage":"pt-BR","@id":"https:\/\/www.estrategiaconcursos.com.br\/blog\/carta-aos-assinantes-116\/#primaryimage","url":"https:\/\/dhg1h5j42swfq.cloudfront.net\/2023\/01\/13155832\/imagem-carta-aos-assinantes-1.png","contentUrl":"https:\/\/dhg1h5j42swfq.cloudfront.net\/2023\/01\/13155832\/imagem-carta-aos-assinantes-1.png","width":800,"height":450,"caption":"Carta aos Assinantes"},{"@type":"BreadcrumbList","@id":"https:\/\/www.estrategiaconcursos.com.br\/blog\/carta-aos-assinantes-116\/#breadcrumb","itemListElement":[{"@type":"ListItem","position":1,"name":"In\u00edcio","item":"https:\/\/www.estrategiaconcursos.com.br\/blog\/"},{"@type":"ListItem","position":2,"name":"Carta aos Assinantes do Estrat\u00e9gia Concursos &#8211; 116"}]},{"@type":"WebSite","@id":"https:\/\/www.estrategiaconcursos.com.br\/blog\/#website","url":"https:\/\/www.estrategiaconcursos.com.br\/blog\/","name":"Estrat\u00e9gia Concursos","description":"O blog da Estrat\u00e9gia Concursos traz not\u00edcias sobre concursos e artigos de professores oferecendo cursos para concursos (pdf + videaulas) no site.","publisher":{"@id":"https:\/\/www.estrategiaconcursos.com.br\/blog\/#organization"},"potentialAction":[{"@type":"SearchAction","target":{"@type":"EntryPoint","urlTemplate":"https:\/\/www.estrategiaconcursos.com.br\/blog\/?s={search_term_string}"},"query-input":{"@type":"PropertyValueSpecification","valueRequired":true,"valueName":"search_term_string"}}],"inLanguage":"pt-BR"},{"@type":"Organization","@id":"https:\/\/www.estrategiaconcursos.com.br\/blog\/#organization","name":"Estrat\u00e9gia Concursos","url":"https:\/\/www.estrategiaconcursos.com.br\/blog\/","logo":{"@type":"ImageObject","inLanguage":"pt-BR","@id":"https:\/\/www.estrategiaconcursos.com.br\/blog\/#\/schema\/logo\/image\/","url":"https:\/\/dhg1h5j42swfq.cloudfront.net\/2025\/06\/03203428\/logo_concursos-1.jpg","contentUrl":"https:\/\/dhg1h5j42swfq.cloudfront.net\/2025\/06\/03203428\/logo_concursos-1.jpg","width":230,"height":60,"caption":"Estrat\u00e9gia Concursos"},"image":{"@id":"https:\/\/www.estrategiaconcursos.com.br\/blog\/#\/schema\/logo\/image\/"},"sameAs":["https:\/\/x.com\/EstratConcursos"]},{"@type":"Person","@id":"https:\/\/www.estrategiaconcursos.com.br\/blog\/#\/schema\/person\/ba5fab3b1fa4a358429e37bc50f74021","name":"Coordena\u00e7\u00e3o Estrat\u00e9gia","image":{"@type":"ImageObject","inLanguage":"pt-BR","@id":"https:\/\/secure.gravatar.com\/avatar\/adff33ff18541ba37c900dd2b1e82dbfb0fe33d873b92636b4827a8da462feb3?s=96&d=mm&r=g","url":"https:\/\/secure.gravatar.com\/avatar\/adff33ff18541ba37c900dd2b1e82dbfb0fe33d873b92636b4827a8da462feb3?s=96&d=mm&r=g","contentUrl":"https:\/\/secure.gravatar.com\/avatar\/adff33ff18541ba37c900dd2b1e82dbfb0fe33d873b92636b4827a8da462feb3?s=96&d=mm&r=g","caption":"Coordena\u00e7\u00e3o Estrat\u00e9gia"},"url":"https:\/\/www.estrategiaconcursos.com.br\/blog\/author\/victor-tanakaaestrategiaconcursos-com-br\/"}]}},"_links":{"self":[{"href":"https:\/\/www.estrategiaconcursos.com.br\/blog\/wp-json\/wp\/v2\/posts\/1152410","targetHints":{"allow":["GET"]}}],"collection":[{"href":"https:\/\/www.estrategiaconcursos.com.br\/blog\/wp-json\/wp\/v2\/posts"}],"about":[{"href":"https:\/\/www.estrategiaconcursos.com.br\/blog\/wp-json\/wp\/v2\/types\/post"}],"author":[{"embeddable":true,"href":"https:\/\/www.estrategiaconcursos.com.br\/blog\/wp-json\/wp\/v2\/users\/1789"}],"replies":[{"embeddable":true,"href":"https:\/\/www.estrategiaconcursos.com.br\/blog\/wp-json\/wp\/v2\/comments?post=1152410"}],"version-history":[{"count":1,"href":"https:\/\/www.estrategiaconcursos.com.br\/blog\/wp-json\/wp\/v2\/posts\/1152410\/revisions"}],"predecessor-version":[{"id":1152417,"href":"https:\/\/www.estrategiaconcursos.com.br\/blog\/wp-json\/wp\/v2\/posts\/1152410\/revisions\/1152417"}],"wp:featuredmedia":[{"embeddable":true,"href":"https:\/\/www.estrategiaconcursos.com.br\/blog\/wp-json\/wp\/v2\/media\/1152415"}],"wp:attachment":[{"href":"https:\/\/www.estrategiaconcursos.com.br\/blog\/wp-json\/wp\/v2\/media?parent=1152410"}],"wp:term":[{"taxonomy":"category","embeddable":true,"href":"https:\/\/www.estrategiaconcursos.com.br\/blog\/wp-json\/wp\/v2\/categories?post=1152410"},{"taxonomy":"post_tag","embeddable":true,"href":"https:\/\/www.estrategiaconcursos.com.br\/blog\/wp-json\/wp\/v2\/tags?post=1152410"},{"taxonomy":"tax_estado","embeddable":true,"href":"https:\/\/www.estrategiaconcursos.com.br\/blog\/wp-json\/wp\/v2\/tax_estado?post=1152410"}],"curies":[{"name":"wp","href":"https:\/\/api.w.org\/{rel}","templated":true}]}}