{"id":1152271,"date":"2023-02-01T08:00:00","date_gmt":"2023-02-01T11:00:00","guid":{"rendered":"https:\/\/www.estrategiaconcursos.com.br\/blog\/?p=1152271"},"modified":"2023-01-15T10:41:51","modified_gmt":"2023-01-15T13:41:51","slug":"receita-lei-liberdade-economica","status":"publish","type":"post","link":"https:\/\/www.estrategiaconcursos.com.br\/blog\/receita-lei-liberdade-economica\/","title":{"rendered":"Receita Federal: A Lei da Liberdade Econ\u00f4mica (Lei 13.874\/19)"},"content":{"rendered":"\n<p>Veja neste artigo um resumo sobre a <strong>Lei 13.874\/19,<\/strong> a famosa <strong><mark style=\"background-color:rgba(0, 0, 0, 0)\" class=\"has-inline-color has-vivid-cyan-blue-color\">Lei da Liberdade Econ\u00f4mica<\/mark><\/strong>, para o concurso da Receita Federal.<\/p>\n\n\n\n<figure class=\"wp-block-image aligncenter size-full is-resized\"><img loading=\"lazy\" decoding=\"async\" src=\"https:\/\/dhg1h5j42swfq.cloudfront.net\/2022\/11\/01174234\/concurso-receita-federal-concurso-ainda-em-2022.png\" alt=\"Receita Federal: A Lei da Liberdade Econ\u00f4mica (Lei 13.874\/19)\" class=\"wp-image-1118799\" width=\"513\" height=\"315\" srcset=\"https:\/\/dhg1h5j42swfq.cloudfront.net\/2022\/11\/01174234\/concurso-receita-federal-concurso-ainda-em-2022.png 677w, https:\/\/dhg1h5j42swfq.cloudfront.net\/2022\/11\/01174234\/concurso-receita-federal-concurso-ainda-em-2022-300x184.png 300w, https:\/\/dhg1h5j42swfq.cloudfront.net\/2022\/11\/01174234\/concurso-receita-federal-concurso-ainda-em-2022-610x375.png 610w, https:\/\/dhg1h5j42swfq.cloudfront.net\/2022\/11\/01174234\/concurso-receita-federal-concurso-ainda-em-2022-150x92.png 150w\" sizes=\"auto, (max-width: 513px) 100vw, 513px\" \/><figcaption>Receita Federal: A Lei da Liberdade Econ\u00f4mica (Lei 13.874\/19)<\/figcaption><\/figure>\n\n\n\n<p>O edital do&nbsp;<strong><a href=\"https:\/\/www.estrategiaconcursos.com.br\/blog\/concurso-receita-federal\/\" target=\"_blank\" rel=\"noreferrer noopener\">concurso da Receita Federal<\/a><\/strong>&nbsp;est\u00e1 na pra\u00e7a. Est\u00e3o sendo ofertadas&nbsp;<strong>699 vagas<\/strong>, sendo 230 para o cargo de Auditor Fiscal e 469 para Analista Fiscal, com remunera\u00e7\u00f5es iniciais de&nbsp;<strong>R$ 21.029,09&nbsp;<\/strong>e&nbsp;<strong>R$ 11.684,39<\/strong>, respectivamente. Nada mal, n\u00e3o \u00e9 mesmo?<\/p>\n\n\n\n<p>Assim, neste artigo, realizaremos um resumo sobre um importante t\u00f3pico para o seu certame, a <strong>Lei da Liberdade Econ\u00f4mica<\/strong>, prevista na&nbsp;<strong>Lei 13.874\/19<\/strong>, para o concurso de Auditor e Analista Fiscal da Receita Federal.<\/p>\n\n\n\n<div class=\"container\" id=\"boxes\">\n  <div class=\"row\">\n\n    <div class=\"col-sm\">\n      <div class=\"banner-fiscal\" id=\"box-assinatura\">\n        <h3 class=\"titulo-assinatura\">Receita Federal<\/h3>\n        <p class=\"subtitulo-assinatura\">Conhe\u00e7a os cursos<\/p>\n        <div class=\"box-botao\">\n          <a class=\"btn-assinatura\" target=\"_blank\" href=\"https:\/\/www.estrategiaconcursos.com.br\/cursosPorConcurso\/receita-federal-auditor-fiscal-7\/\" role=\"button\" rel=\"noopener noreferrer\">Conhe\u00e7a mais<\/a>\n        <\/div>\n      <\/div>\n      \n    <\/div>\n\n  <\/div>\n<\/div>\n\n\n\n<h2 class=\"wp-block-heading\" id=\"h-a-lei-da-liberdade-economica-para-a-receita-federal\"><mark style=\"background-color:rgba(0, 0, 0, 0)\" class=\"has-inline-color has-vivid-cyan-blue-color\">A Lei da Liberdade Econ\u00f4mica para a Receita Federal<\/mark><\/h2>\n\n\n\n<p>A Lei da Liberdade Econ\u00f4mica estabelece normas de <strong><mark style=\"background-color:rgba(0, 0, 0, 0)\" class=\"has-inline-color has-vivid-cyan-blue-color\">prote\u00e7\u00e3o \u00e0 livre iniciativa<\/mark><\/strong> e ao <strong><mark style=\"background-color:rgba(0, 0, 0, 0)\" class=\"has-inline-color has-vivid-cyan-blue-color\">livre exerc\u00edcio de atividade econ\u00f4mica<\/mark><\/strong>. Al\u00e9m disso, ela tamb\u00e9m disp\u00f5e sobre a atua\u00e7\u00e3o do <strong>Estado<\/strong> como <strong>agente normativo e regulador<\/strong> em rela\u00e7\u00e3o ao assunto.<\/p>\n\n\n\n<p>Esta lei dever\u00e1 ser <strong>observada <\/strong>nos mais diversos ramos do Direito, como na <strong>aplica\u00e7\u00e3o<\/strong> e na <strong>interpreta\u00e7\u00e3o <\/strong>do direito civil, empresarial, econ\u00f4mico, urban\u00edstico e do trabalho nas rela\u00e7\u00f5es jur\u00eddicas que se encontrem no seu \u00e2mbito de aplica\u00e7\u00e3o e na ordena\u00e7\u00e3o p\u00fablica, inclusive sobre exerc\u00edcio das profiss\u00f5es, com\u00e9rcio, juntas comerciais, registros p\u00fablicos, tr\u00e2nsito, transporte e prote\u00e7\u00e3o ao meio ambiente.<\/p>\n\n\n\n<p><strong><mark style=\"background-color:rgba(0, 0, 0, 0)\" class=\"has-inline-color has-vivid-red-color\">A SABER: <\/mark><\/strong>As normas relativas \u00e0 ordena\u00e7\u00e3o p\u00fablica sobre atividades econ\u00f4micas privadas devem ser <strong>interpretadas <\/strong>em <strong><mark style=\"background-color:rgba(0, 0, 0, 0)\" class=\"has-inline-color has-vivid-cyan-blue-color\">favor da liberdade econ\u00f4mica<\/mark><\/strong>, da <strong>boa-f\u00e9<\/strong> e do <strong>respeito aos contratos<\/strong>, aos <strong>investimentos<\/strong> e \u00e0 <strong>propriedade<\/strong>.<\/p>\n\n\n\n<p>Finalizando a nossa introdu\u00e7\u00e3o sobre o assunto, h\u00e1 alguns <strong><mark style=\"background-color:rgba(0, 0, 0, 0)\" class=\"has-inline-color has-vivid-cyan-blue-color\">princ\u00edpios <\/mark><\/strong>que norteiam a Lei da Liberdade Econ\u00f4mica, sendo eles:<\/p>\n\n\n\n<ul class=\"wp-block-list\"><li>a <strong>liberdade <\/strong>como uma <strong>garantia <\/strong>no exerc\u00edcio de atividades econ\u00f4micas;<\/li><li>a <strong>boa-f\u00e9 do particular<\/strong> perante o poder p\u00fablico;<\/li><li>a <strong>interven\u00e7\u00e3o subsidi\u00e1ria<\/strong> e excepcional do <strong>Estado <\/strong>sobre o exerc\u00edcio de atividades econ\u00f4micas; e<\/li><li>o reconhecimento da<strong> vulnerabilidade do particular<\/strong> perante o Estado.<\/li><\/ul>\n\n\n\n<h2 class=\"wp-block-heading\" id=\"h-direitos-de-liberdade-economica\"><mark style=\"background-color:rgba(0, 0, 0, 0)\" class=\"has-inline-color has-vivid-cyan-blue-color\">Direitos de Liberdade Econ\u00f4mica<\/mark><\/h2>\n\n\n\n<p><strong>Toda pessoa<\/strong>, natural ou jur\u00eddica, possui <strong>direitos<\/strong> essenciais para o<strong> desenvolvimento e o crescimento econ\u00f4mico do Pa\u00eds<\/strong>. Como s\u00e3o muitos, iremos dispor apenas dos mais importantes, os quais voc\u00ea precisa saber para a sua prova:<\/p>\n\n\n\n<ul class=\"wp-block-list\"><li>desenvolver atividade econ\u00f4mica de <strong>baixo risco<\/strong>, para a qual se valha exclusivamente de propriedade privada pr\u00f3pria ou de terceiros consensuais,<strong> sem a necessidade de quaisquer atos p\u00fablicos de libera\u00e7\u00e3o<\/strong> da atividade econ\u00f4mica;<\/li><li>desenvolver atividade econ\u00f4mica em <strong>qualquer hor\u00e1rio ou dia da semana<\/strong>, inclusive feriados, sem que para isso esteja sujeita a cobran\u00e7as ou encargos adicionais;<\/li><li><strong>definir<\/strong> <strong>livremente<\/strong>, em mercados n\u00e3o regulados, o <strong>pre\u00e7o <\/strong>de produtos e de servi\u00e7os como consequ\u00eancia de altera\u00e7\u00f5es da oferta e da demanda;<\/li><li>receber <strong>tratamento ison\u00f4mico<\/strong> de \u00f3rg\u00e3os e de entidades da administra\u00e7\u00e3o p\u00fablica quanto ao exerc\u00edcio de atos de libera\u00e7\u00e3o da atividade econ\u00f4mica;<\/li><li>ter a garantia de que os <strong>neg\u00f3cios <\/strong>jur\u00eddicos empresariais parit\u00e1rios ser\u00e3o objeto de<strong> livre estipula\u00e7\u00e3o das partes pactuantes<\/strong>, de forma a aplicar todas as regras de direito empresarial apenas de maneira subsidi\u00e1ria ao aven\u00e7ado, exceto normas de ordem p\u00fablica;<\/li><li><strong>n\u00e3o <\/strong>ser exigida medida ou presta\u00e7\u00e3o compensat\u00f3ria ou mitigat\u00f3ria abusiva, em sede de estudos de impacto ou outras libera\u00e7\u00f5es de atividade econ\u00f4mica no direito urban\u00edstico,<\/li><li><strong>n\u00e3o<\/strong> ser exigida pela administra\u00e7\u00e3o p\u00fablica direta ou indireta <strong>certid\u00e3o sem previs\u00e3o<\/strong> expressa em lei.<\/li><\/ul>\n\n\n\n<h2 class=\"wp-block-heading\" id=\"h-garantias-da-livre-iniciativa\"><mark style=\"background-color:rgba(0, 0, 0, 0)\" class=\"has-inline-color has-vivid-cyan-blue-color\">Garantias da Livre Iniciativa<\/mark><\/h2>\n\n\n\n<p>Al\u00e9m dos direitos das pessoas relativos \u00e0 livre iniciativa, a lei tamb\u00e9m disp\u00f5e sobre algumas <strong>garantias<\/strong>.<\/p>\n\n\n\n<p>A principal garantia consiste no dever da <strong><mark style=\"background-color:rgba(0, 0, 0, 0)\" class=\"has-inline-color has-vivid-cyan-blue-color\">administra\u00e7\u00e3o p\u00fablica<\/mark><\/strong> em<strong> evitar o abuso do poder regulat\u00f3rio<\/strong>, com o intuito de <strong>impedir que algumas situa\u00e7\u00f5es ocorram,<\/strong> de maneira indevida, como a cria\u00e7\u00e3o de reserva de mercado ao <strong>favorecer<\/strong>, na regula\u00e7\u00e3o, grupo econ\u00f4mico, ou profissional, em preju\u00edzo dos demais concorrentes.<\/p>\n\n\n\n<p>Outra situa\u00e7\u00e3o que tem que ser <strong>evitada <\/strong>pelo poder p\u00fablico \u00e9 a <strong>cria\u00e7\u00e3o <\/strong>de <strong>enunciados <\/strong>que<strong> impe\u00e7am<\/strong> a entrada de <strong>novos competidores<\/strong> nacionais ou estrangeiros no mercado; bem como daqueles que <strong>impe\u00e7am <\/strong>ou retardem a <strong>inova\u00e7\u00e3o <\/strong>e a ado\u00e7\u00e3o de novas tecnologias, processos ou modelos de neg\u00f3cios, ressalvadas as situa\u00e7\u00f5es consideradas em regulamento como de alto risco.<\/p>\n\n\n\n<p>Al\u00e9m disso, tamb\u00e9m \u00e9 uma garantia que <strong>n\u00e3o haja aumento de custos de transa\u00e7\u00e3o sem demonstra\u00e7\u00e3o de benef\u00edcios<\/strong>; assim como a cria\u00e7\u00e3o <strong>demanda artificial<\/strong> ou compuls\u00f3ria de produto, servi\u00e7o ou atividade profissional, inclusive de uso de cart\u00f3rios, registros ou cadastros; al\u00e9m da introdu\u00e7\u00e3o de <strong>limites <\/strong>\u00e0 livre forma\u00e7\u00e3o de sociedades empresariais ou de atividades econ\u00f4micas.<\/p>\n\n\n\n<p>Ademais, \u00e9 importante tamb\u00e9m que a<strong> administra\u00e7\u00e3o p\u00fablica<\/strong>, na aplica\u00e7\u00e3o da ordena\u00e7\u00e3o p\u00fablica sobre atividades econ\u00f4micas privadas:<\/p>\n\n\n\n<ul class=\"wp-block-list\"><li>dispense <strong>tratamento justo<\/strong>, previs\u00edvel e ison\u00f4mico entre os agentes econ\u00f4micos;&nbsp;&nbsp;&nbsp;<\/li><li>proceda \u00e0 lavratura de<strong> autos de infra\u00e7\u00e3o ou aplicar san\u00e7\u00f5es<\/strong> com base em termos subjetivos ou abstratos <strong>somente <\/strong>quando estes forem propriamente regulamentados por meio de crit\u00e9rios claros, objetivos e previs\u00edveis; e&nbsp;&nbsp;&nbsp;<\/li><li>observe o crit\u00e9rio de <strong>dupla visita<\/strong> para lavratura de autos de infra\u00e7\u00e3o decorrentes do exerc\u00edcio de atividade considerada de <strong>baixo ou m\u00e9dio risco.<\/strong>&nbsp;&nbsp;&nbsp;<\/li><\/ul>\n\n\n\n<p><strong><mark style=\"background-color:rgba(0, 0, 0, 0)\" class=\"has-inline-color has-vivid-red-color\">FIQUE ATENTO:<\/mark><\/strong> As propostas de edi\u00e7\u00e3o e de altera\u00e7\u00e3o de<strong> atos normativos <\/strong>de interesse geral de agentes econ\u00f4micos, editadas pela administra\u00e7\u00e3o p\u00fablica federal, dever\u00e3o ser <strong>precedidas <\/strong>da realiza\u00e7\u00e3o de an\u00e1lise de<strong><mark style=\"background-color:rgba(0, 0, 0, 0)\" class=\"has-inline-color has-vivid-cyan-blue-color\"> impacto regulat\u00f3rio<\/mark><\/strong>, de modo a englobar informa\u00e7\u00f5es e dados sobre os poss\u00edveis efeitos do ato normativo para verificar a razoabilidade do seu impacto econ\u00f4mico.&nbsp;&nbsp;<\/p>\n\n\n\n<h2 class=\"wp-block-heading\" id=\"h-desconsideracao-da-personalidade-juridica\"><mark style=\"background-color:rgba(0, 0, 0, 0)\" class=\"has-inline-color has-vivid-cyan-blue-color\">Desconsidera\u00e7\u00e3o da personalidade jur\u00eddica<\/mark><\/h2>\n\n\n\n<p>A Lei da Liberdade Econ\u00f4mica foi a respons\u00e1vel por alterar, no C\u00f3digo Civil, as disposi\u00e7\u00f5es sobre a <strong>desconsidera\u00e7\u00e3o da personalidade jur\u00eddica<\/strong>.<\/p>\n\n\n\n<p>Mas que \u00e9 isso?<\/p>\n\n\n\n<p>Bom, \u00e9 comum que os<strong> s\u00f3cios utilizem da pessoa jur\u00eddica em benef\u00edcio pr\u00f3prio.<\/strong> Desse modo, \u00e9 poss\u00edvel que o poder <strong>judici\u00e1rio<\/strong> desconsidere a personalidade da pessoa jur\u00eddica para <strong>alcan\u00e7ar <\/strong>os bens da pessoa <strong>f\u00edsica<\/strong>, como os dos seus administradores ou s\u00f3cios.<\/p>\n\n\n\n<p>Dessa maneira, apesar de o patrim\u00f4nio da pessoa jur\u00eddica <strong>n\u00e3o se confundir <\/strong>com os seus s\u00f3cios, h\u00e1 a possibilidade desta distin\u00e7\u00e3o patrimonial ser <strong>ignorada<\/strong>, de modo a <strong>\u201catacar\u201d os bens da pessoa f\u00edsica<\/strong>.&nbsp;<\/p>\n\n\n\n<p>Tal instrumento apenas poder\u00e1 ser utilizado quando houver <strong><mark style=\"background-color:rgba(0, 0, 0, 0)\" class=\"has-inline-color has-vivid-cyan-blue-color\">abuso da personalidade jur\u00eddica<\/mark><\/strong>, caracterizado pelo<strong> desvio de finalidade<\/strong> ou pela <strong>confus\u00e3o patrimonial.<\/strong> Apenas o <strong>juiz <\/strong>pode realizar a sua desconsidera\u00e7\u00e3o, a requerimento da parte, ou do Minist\u00e9rio P\u00fablico quando lhe couber intervir no processo, com o intuito de alcan\u00e7ar os bens particulares de administradores ou de s\u00f3cios da pessoa jur\u00eddica beneficiados direta ou indiretamente pelo abuso.<\/p>\n\n\n\n<p>Vamos observar abaixo os conceitos de desvio de finalidade e da confus\u00e3o patrimonial.<\/p>\n\n\n\n<p><strong><mark style=\"background-color:rgba(0, 0, 0, 0)\" class=\"has-inline-color has-vivid-cyan-blue-color\">Desvio de finalidade <\/mark><\/strong>\u00e9 a utiliza\u00e7\u00e3o da pessoa jur\u00eddica com o prop\u00f3sito de <strong>lesar credores<\/strong> e para a<strong> pr\u00e1tica de atos il\u00edcitos<\/strong> de qualquer natureza. Contudo, vale salientar que <strong>n\u00e3o constitui <\/strong>desvio de finalidade a <strong>mera expans\u00e3o<\/strong> ou a<strong> altera\u00e7\u00e3o da finalidade original<\/strong> da atividade econ\u00f4mica espec\u00edfica da pessoa jur\u00eddica.<\/p>\n\n\n\n<p>Por sua vez, <strong><mark style=\"background-color:rgba(0, 0, 0, 0)\" class=\"has-inline-color has-vivid-cyan-blue-color\">confus\u00e3o patrimonial<\/mark><\/strong> a <strong>aus\u00eancia de separa\u00e7\u00e3o <\/strong>de fato entre os <strong>patrim\u00f4nios<\/strong>, caracterizada por:<\/p>\n\n\n\n<ul class=\"wp-block-list\"><li><strong>cumprimento repetitivo<\/strong> pela sociedade de obriga\u00e7\u00f5es do s\u00f3cio ou do administrador ou vice-versa;<\/li><li><strong>transfer\u00eancia de ativos<\/strong> ou de passivos sem efetivas contrapresta\u00e7\u00f5es, exceto os de valor proporcionalmente insignificante; e<\/li><li>outros atos de descumprimento da autonomia patrimonial.<\/li><\/ul>\n\n\n\n<p><strong><mark style=\"background-color:rgba(0, 0, 0, 0)\" class=\"has-inline-color has-vivid-red-color\">A SABER:&nbsp;<\/mark><\/strong>A mera exist\u00eancia de grupo econ\u00f4mico sem a presen\u00e7a dos requisitos citados acima <strong>n\u00e3o <\/strong>autoriza a desconsidera\u00e7\u00e3o da personalidade da pessoa jur\u00eddica.<\/p>\n\n\n\n<p>Vamos a um <strong>exemplo <\/strong>de desconsidera\u00e7\u00e3o de personalidade jur\u00eddica.<\/p>\n\n\n\n<p>Vamos supor que o administrador de uma empresa utilize do nome da pessoa jur\u00eddica para realizar a compra de objetos pessoais, n\u00e3o realizando o pagamento tempestivo dos credores, de modo intencional, permitindo que a cobran\u00e7a seja realizada perante a pessoa jur\u00eddica, que n\u00e3o foi, de nenhum modo, beneficiada licitamente pelas aquisi\u00e7\u00f5es pessoais de seu administrador.<\/p>\n\n\n\n<p>Dessa maneira, observa-se o desvio de finalidade no uso da pessoa jur\u00eddica, pelo seu administrador. Assim, o juiz poder\u00e1 realizar a desconsidera\u00e7\u00e3o da personalidade da pessoa jur\u00eddica, permitindo que os bens pessoais do administrador sejam alcan\u00e7ados para o pagamento do credor lesado.<\/p>\n\n\n\n<p><strong><mark style=\"background-color:rgba(0, 0, 0, 0)\" class=\"has-inline-color has-vivid-red-color\">FIQUE ATENTO: <\/mark><\/strong>Na desconsidera\u00e7\u00e3o de pessoa jur\u00eddica n\u00e3o h\u00e1 a sua extin\u00e7\u00e3o, diferentemente da <strong>despersonaliza\u00e7\u00e3o<\/strong>.<\/p>\n\n\n\n<p>H\u00e1 tamb\u00e9m a possibilidade da chamada <strong><mark style=\"background-color:rgba(0, 0, 0, 0)\" class=\"has-inline-color has-vivid-cyan-blue-color\">Desconsidera\u00e7\u00e3o Reversa da Personalidade Jur\u00eddica<\/mark><\/strong>.<\/p>\n\n\n\n<p>Como o pr\u00f3prio nome j\u00e1 diz, esta desconsidera\u00e7\u00e3o \u00e9 realizada no <strong>sentido oposto<\/strong>, ou seja, quando a <strong>pessoa f\u00edsica esconde seu patrim\u00f4nio pessoal no patrim\u00f4nio da pessoa jur\u00eddica<\/strong>, para se livrar de obriga\u00e7\u00f5es pessoais.<\/p>\n\n\n\n<p>Dessa maneira, n\u00e3o h\u00e1 desconsidera\u00e7\u00e3o para atingir o patrim\u00f4nio da pessoa f\u00edsica, mas da pr\u00f3pria pessoa jur\u00eddica, a qual est\u00e1 sendo utilizada para ocultar o patrim\u00f4nio pessoal dos s\u00f3cios.<\/p>\n\n\n\n<h2 class=\"wp-block-heading\" id=\"h-finalizando-a-lei-da-liberdade-economica-para-a-receita\"><mark style=\"background-color:rgba(0, 0, 0, 0)\" class=\"has-inline-color has-vivid-cyan-blue-color\">Finalizando a Lei da Liberdade Econ\u00f4mica para a Receita<\/mark><\/h2>\n\n\n\n<p>Pessoal, finalizamos o nosso resumo sobre a Lei 13.874\/19, a Lei da Liberdade Econ\u00f4mica, para o concurso de Auditor e Analista Fiscal da Receita Federal.<\/p>\n\n\n\n<p>Contudo, ressaltamos a import\u00e2ncia da<strong>&nbsp;leitura na \u00edntegra desta lei<\/strong>, para a sua aprova\u00e7\u00e3o. Esse artigo \u00e9 apenas uma an\u00e1lise mais simplificada da Organiza\u00e7\u00e3o da Seguridade Social.<\/p>\n\n\n\n<p>Caso queira se preparar para chegar&nbsp;<strong>competitivo&nbsp;<\/strong>nesta prova, invista nos &nbsp;<a href=\"https:\/\/www.estrategiaconcursos.com.br\/cursosPorConcurso\/receita-federal-auditor-fiscal-7\/\" target=\"_blank\" rel=\"noreferrer noopener\"><strong>cursos para a Receita Federal do Estrat\u00e9gia Concursos<\/strong><\/a>.<\/p>\n\n\n\n<p>L\u00e1 voc\u00ea encontrar\u00e1&nbsp;<strong>aulas completas e detalhadas, com os melhores professores do mercado<\/strong>,&nbsp;de todos os t\u00f3picos exigidos no edital deste concurso.<\/p>\n\n\n\n<p>Conhe\u00e7a tamb\u00e9m o&nbsp;<a href=\"https:\/\/questoes.estrategiaconcursos.com.br\/\" target=\"_blank\" rel=\"noreferrer noopener\"><strong>Sistema de Quest\u00f5es do Estrat\u00e9gia<\/strong><\/a>. Afinal, a \u00fanica maneira de&nbsp;<strong>consolidar o conte\u00fado&nbsp;<\/strong>de maneira satisfat\u00f3ria \u00e9 atrav\u00e9s da&nbsp;<strong>resolu\u00e7\u00e3o de quest\u00f5es.<\/strong>&nbsp; L\u00e1 voc\u00ea encontrar\u00e1 milhares de quest\u00f5es das disciplinas que possivelmente ser\u00e3o cobradas no seu certame.<\/p>\n\n\n\n<p>N\u00e3o deixem de conferir.<\/p>\n\n\n\n<p>Bons estudos a todos e at\u00e9 a pr\u00f3xima!<\/p>\n\n\n\n<h2 class=\"has-text-align-center wp-block-heading\" id=\"h-cursos-e-assinaturas\">Cursos e Assinaturas <\/h2>\n\n\n\n<p>Prepare-se com o melhor material e com quem mais aprova em Concursos P\u00fablicos em todo o pa\u00eds!<\/p>\n\n\n\n<p class=\"has-text-align-center has-vivid-cyan-blue-color has-text-color has-background\" style=\"background-color:#0078bd\"><a href=\"https:\/\/www.estrategiaconcursos.com.br\/blog\/concursos-abertos\/\" target=\"_blank\" rel=\"noreferrer noopener\"><strong><mark style=\"background-color:rgba(0, 0, 0, 0)\" class=\"has-inline-color has-white-color\">Concursos Abertos<\/mark><\/strong><\/a><\/p>\n\n\n\n<p class=\"has-text-align-center has-vivid-cyan-blue-color has-text-color has-background\" style=\"background-color:#0078bd\"><a href=\"https:\/\/www.estrategiaconcursos.com.br\/blog\/concursos-2023\/\" target=\"_blank\" rel=\"noreferrer noopener\"><strong><mark style=\"background-color:rgba(0, 0, 0, 0)\" class=\"has-inline-color has-white-color\">Concursos 2023<\/mark><\/strong><\/a><\/p>\n\n\n\n<div class=\"container\" id=\"boxes\">\n  <div class=\"row\">\n\n    <div class=\"col-sm\">\n      <div class=\"banner-fiscal\" id=\"box-assinatura\">\n        <h3 class=\"titulo-assinatura\">Receita Federal<\/h3>\n        <p class=\"subtitulo-assinatura\">Conhe\u00e7a os cursos<\/p>\n        <div class=\"box-botao\">\n          <a class=\"btn-assinatura\" target=\"_blank\" href=\"https:\/\/www.estrategiaconcursos.com.br\/cursosPorConcurso\/receita-federal-auditor-fiscal-7\/\" role=\"button\" rel=\"noopener noreferrer\">Conhe\u00e7a mais<\/a>\n        <\/div>\n      <\/div>\n      \n    <\/div>\n\n  <\/div>\n<\/div>\n\n\n\n<div class=\"container\" id=\"boxes\">\n  <div class=\"row\">\n    <div class=\"col-sm\">\n      <div class=\"estrategia\" id=\"box-assinatura\">\n        <h3 class=\"titulo-assinatura\">Assinatura de Concursos<\/h3>\n        <p class=\"subtitulo-assinatura\">Assinatura de 1 ano ou 2 anos<\/p>\n        <div class=\"box-botao\">\n          <a class=\"btn-assinatura\" target=\"_blank\" href=\"https:\/\/www.estrategiaconcursos.com.br\/assinaturas\/\" role=\"button\" rel=\"noopener noreferrer\">ASSINE AGORA<\/a>\n        <\/div>\n      <\/div>\n      \n    <\/div><\/div><\/div>\n","protected":false},"excerpt":{"rendered":"<p>Veja neste artigo um resumo sobre a Lei 13.874\/19, a famosa Lei da Liberdade Econ\u00f4mica, para o concurso da Receita Federal. O edital do&nbsp;concurso da Receita Federal&nbsp;est\u00e1 na pra\u00e7a. Est\u00e3o sendo ofertadas&nbsp;699 vagas, sendo 230 para o cargo de Auditor Fiscal e 469 para Analista Fiscal, com remunera\u00e7\u00f5es iniciais de&nbsp;R$ 21.029,09&nbsp;e&nbsp;R$ 11.684,39, respectivamente. Nada mal, [&hellip;]<\/p>\n","protected":false},"author":1976,"featured_media":1118799,"comment_status":"open","ping_status":"closed","sticky":false,"template":"","format":"standard","meta":{"post_tipo":"article","footnotes":""},"categories":[1,220182],"tags":[],"tax_estado":[219963],"class_list":["post-1152271","post","type-post","status-publish","format-standard","has-post-thumbnail","hentry","category-cursos-e-concursos","category-fiscal-federal","tax_estado-concursos-federais"],"acf":[],"yoast_head":"<!-- This site is optimized with the Yoast SEO Premium plugin v27.2 (Yoast SEO v27.2) - https:\/\/yoast.com\/product\/yoast-seo-premium-wordpress\/ -->\n<title>Receita Federal: A Lei da Liberdade Econ\u00f4mica (Lei 13.874\/19)<\/title>\n<meta name=\"description\" content=\"Veja neste artigo um resumo sobre a Lei 13.874\/19, a famosa Lei da Liberdade Econ\u00f4mica, para o concurso da Receita Federal.\" \/>\n<meta name=\"robots\" content=\"index, follow, max-snippet:-1, max-image-preview:large, max-video-preview:-1\" \/>\n<link rel=\"canonical\" href=\"https:\/\/www.estrategiaconcursos.com.br\/blog\/receita-lei-liberdade-economica\/\" \/>\n<meta property=\"og:locale\" content=\"pt_BR\" \/>\n<meta property=\"og:type\" content=\"article\" \/>\n<meta property=\"og:title\" content=\"Receita Federal: A Lei da Liberdade Econ\u00f4mica (Lei 13.874\/19)\" \/>\n<meta property=\"og:description\" content=\"Veja neste artigo um resumo sobre a Lei 13.874\/19, a famosa Lei da Liberdade Econ\u00f4mica, para o concurso da Receita Federal.\" \/>\n<meta property=\"og:url\" content=\"https:\/\/www.estrategiaconcursos.com.br\/blog\/receita-lei-liberdade-economica\/\" \/>\n<meta property=\"og:site_name\" content=\"Estrat\u00e9gia Concursos\" \/>\n<meta property=\"article:published_time\" content=\"2023-02-01T11:00:00+00:00\" \/>\n<meta property=\"og:image\" content=\"https:\/\/dhg1h5j42swfq.cloudfront.net\/2022\/11\/01174234\/concurso-receita-federal-concurso-ainda-em-2022.png\" \/>\n\t<meta property=\"og:image:width\" content=\"677\" \/>\n\t<meta property=\"og:image:height\" content=\"416\" \/>\n\t<meta property=\"og:image:type\" content=\"image\/png\" \/>\n<meta name=\"author\" content=\"Kassio Henrique Sobral Rocha\" \/>\n<meta name=\"twitter:card\" content=\"summary_large_image\" \/>\n<meta name=\"twitter:creator\" content=\"@EstratConcursos\" \/>\n<meta name=\"twitter:site\" content=\"@EstratConcursos\" \/>\n<meta name=\"twitter:label1\" content=\"Escrito por\" \/>\n\t<meta name=\"twitter:data1\" content=\"Kassio Henrique Sobral Rocha\" \/>\n\t<meta name=\"twitter:label2\" content=\"Est. tempo de leitura\" \/>\n\t<meta name=\"twitter:data2\" content=\"9 minutos\" \/>\n<script type=\"application\/ld+json\" class=\"yoast-schema-graph\">{\"@context\":\"https:\/\/schema.org\",\"@graph\":[{\"@type\":\"NewsArticle\",\"@id\":\"https:\/\/www.estrategiaconcursos.com.br\/blog\/receita-lei-liberdade-economica\/#article\",\"isPartOf\":{\"@id\":\"https:\/\/www.estrategiaconcursos.com.br\/blog\/receita-lei-liberdade-economica\/\"},\"author\":{\"name\":\"Kassio Henrique Sobral Rocha\",\"@id\":\"https:\/\/www.estrategiaconcursos.com.br\/blog\/#\/schema\/person\/f0c830e07cfe11c231c0ea5dbb036df5\"},\"headline\":\"Receita Federal: A Lei da Liberdade Econ\u00f4mica (Lei 13.874\/19)\",\"datePublished\":\"2023-02-01T11:00:00+00:00\",\"mainEntityOfPage\":{\"@id\":\"https:\/\/www.estrategiaconcursos.com.br\/blog\/receita-lei-liberdade-economica\/\"},\"wordCount\":1830,\"commentCount\":0,\"publisher\":{\"@id\":\"https:\/\/www.estrategiaconcursos.com.br\/blog\/#organization\"},\"image\":{\"@id\":\"https:\/\/www.estrategiaconcursos.com.br\/blog\/receita-lei-liberdade-economica\/#primaryimage\"},\"thumbnailUrl\":\"https:\/\/dhg1h5j42swfq.cloudfront.net\/2022\/11\/01174234\/concurso-receita-federal-concurso-ainda-em-2022.png\",\"articleSection\":[\"Concursos P\u00fablicos\",\"Fiscal - Federal (RFB e AFT)\"],\"inLanguage\":\"pt-BR\",\"potentialAction\":[{\"@type\":\"CommentAction\",\"name\":\"Comment\",\"target\":[\"https:\/\/www.estrategiaconcursos.com.br\/blog\/receita-lei-liberdade-economica\/#respond\"]}],\"copyrightYear\":\"2023\",\"copyrightHolder\":{\"@id\":\"https:\/\/www.estrategiaconcursos.com.br\/blog\/#organization\"}},{\"@type\":\"WebPage\",\"@id\":\"https:\/\/www.estrategiaconcursos.com.br\/blog\/receita-lei-liberdade-economica\/\",\"url\":\"https:\/\/www.estrategiaconcursos.com.br\/blog\/receita-lei-liberdade-economica\/\",\"name\":\"Receita Federal: A Lei da Liberdade Econ\u00f4mica (Lei 13.874\/19)\",\"isPartOf\":{\"@id\":\"https:\/\/www.estrategiaconcursos.com.br\/blog\/#website\"},\"primaryImageOfPage\":{\"@id\":\"https:\/\/www.estrategiaconcursos.com.br\/blog\/receita-lei-liberdade-economica\/#primaryimage\"},\"image\":{\"@id\":\"https:\/\/www.estrategiaconcursos.com.br\/blog\/receita-lei-liberdade-economica\/#primaryimage\"},\"thumbnailUrl\":\"https:\/\/dhg1h5j42swfq.cloudfront.net\/2022\/11\/01174234\/concurso-receita-federal-concurso-ainda-em-2022.png\",\"datePublished\":\"2023-02-01T11:00:00+00:00\",\"description\":\"Veja neste artigo um resumo sobre a Lei 13.874\/19, a famosa Lei da Liberdade Econ\u00f4mica, para o concurso da Receita Federal.\",\"breadcrumb\":{\"@id\":\"https:\/\/www.estrategiaconcursos.com.br\/blog\/receita-lei-liberdade-economica\/#breadcrumb\"},\"inLanguage\":\"pt-BR\",\"potentialAction\":[{\"@type\":\"ReadAction\",\"target\":[\"https:\/\/www.estrategiaconcursos.com.br\/blog\/receita-lei-liberdade-economica\/\"]}]},{\"@type\":\"ImageObject\",\"inLanguage\":\"pt-BR\",\"@id\":\"https:\/\/www.estrategiaconcursos.com.br\/blog\/receita-lei-liberdade-economica\/#primaryimage\",\"url\":\"https:\/\/dhg1h5j42swfq.cloudfront.net\/2022\/11\/01174234\/concurso-receita-federal-concurso-ainda-em-2022.png\",\"contentUrl\":\"https:\/\/dhg1h5j42swfq.cloudfront.net\/2022\/11\/01174234\/concurso-receita-federal-concurso-ainda-em-2022.png\",\"width\":677,\"height\":416,\"caption\":\"Pontos positivos e negativos de estudar para Receita Federal\"},{\"@type\":\"BreadcrumbList\",\"@id\":\"https:\/\/www.estrategiaconcursos.com.br\/blog\/receita-lei-liberdade-economica\/#breadcrumb\",\"itemListElement\":[{\"@type\":\"ListItem\",\"position\":1,\"name\":\"In\u00edcio\",\"item\":\"https:\/\/www.estrategiaconcursos.com.br\/blog\/\"},{\"@type\":\"ListItem\",\"position\":2,\"name\":\"Receita Federal: A Lei da Liberdade Econ\u00f4mica (Lei 13.874\/19)\"}]},{\"@type\":\"WebSite\",\"@id\":\"https:\/\/www.estrategiaconcursos.com.br\/blog\/#website\",\"url\":\"https:\/\/www.estrategiaconcursos.com.br\/blog\/\",\"name\":\"Estrat\u00e9gia Concursos\",\"description\":\"O blog da Estrat\u00e9gia Concursos traz not\u00edcias sobre concursos e artigos de professores oferecendo cursos para concursos (pdf + videaulas) no site.\",\"publisher\":{\"@id\":\"https:\/\/www.estrategiaconcursos.com.br\/blog\/#organization\"},\"potentialAction\":[{\"@type\":\"SearchAction\",\"target\":{\"@type\":\"EntryPoint\",\"urlTemplate\":\"https:\/\/www.estrategiaconcursos.com.br\/blog\/?s={search_term_string}\"},\"query-input\":{\"@type\":\"PropertyValueSpecification\",\"valueRequired\":true,\"valueName\":\"search_term_string\"}}],\"inLanguage\":\"pt-BR\"},{\"@type\":\"Organization\",\"@id\":\"https:\/\/www.estrategiaconcursos.com.br\/blog\/#organization\",\"name\":\"Estrat\u00e9gia Concursos\",\"url\":\"https:\/\/www.estrategiaconcursos.com.br\/blog\/\",\"logo\":{\"@type\":\"ImageObject\",\"inLanguage\":\"pt-BR\",\"@id\":\"https:\/\/www.estrategiaconcursos.com.br\/blog\/#\/schema\/logo\/image\/\",\"url\":\"https:\/\/dhg1h5j42swfq.cloudfront.net\/2025\/06\/03203428\/logo_concursos-1.jpg\",\"contentUrl\":\"https:\/\/dhg1h5j42swfq.cloudfront.net\/2025\/06\/03203428\/logo_concursos-1.jpg\",\"width\":230,\"height\":60,\"caption\":\"Estrat\u00e9gia Concursos\"},\"image\":{\"@id\":\"https:\/\/www.estrategiaconcursos.com.br\/blog\/#\/schema\/logo\/image\/\"},\"sameAs\":[\"https:\/\/x.com\/EstratConcursos\"]},{\"@type\":\"Person\",\"@id\":\"https:\/\/www.estrategiaconcursos.com.br\/blog\/#\/schema\/person\/f0c830e07cfe11c231c0ea5dbb036df5\",\"name\":\"Kassio Henrique Sobral Rocha\",\"image\":{\"@type\":\"ImageObject\",\"inLanguage\":\"pt-BR\",\"@id\":\"https:\/\/secure.gravatar.com\/avatar\/d10350cbdad043facd8ec77a377f86f9026afee3348e463b04854fd4490ce759?s=96&d=mm&r=g\",\"url\":\"https:\/\/secure.gravatar.com\/avatar\/d10350cbdad043facd8ec77a377f86f9026afee3348e463b04854fd4490ce759?s=96&d=mm&r=g\",\"contentUrl\":\"https:\/\/secure.gravatar.com\/avatar\/d10350cbdad043facd8ec77a377f86f9026afee3348e463b04854fd4490ce759?s=96&d=mm&r=g\",\"caption\":\"Kassio Henrique Sobral Rocha\"},\"url\":\"https:\/\/www.estrategiaconcursos.com.br\/blog\/author\/kassio-rochayahoo-com-br\/\"}]}<\/script>\n<!-- \/ Yoast SEO Premium plugin. -->","yoast_head_json":{"title":"Receita Federal: A Lei da Liberdade Econ\u00f4mica (Lei 13.874\/19)","description":"Veja neste artigo um resumo sobre a Lei 13.874\/19, a famosa Lei da Liberdade Econ\u00f4mica, para o concurso da Receita Federal.","robots":{"index":"index","follow":"follow","max-snippet":"max-snippet:-1","max-image-preview":"max-image-preview:large","max-video-preview":"max-video-preview:-1"},"canonical":"https:\/\/www.estrategiaconcursos.com.br\/blog\/receita-lei-liberdade-economica\/","og_locale":"pt_BR","og_type":"article","og_title":"Receita Federal: A Lei da Liberdade Econ\u00f4mica (Lei 13.874\/19)","og_description":"Veja neste artigo um resumo sobre a Lei 13.874\/19, a famosa Lei da Liberdade Econ\u00f4mica, para o concurso da Receita Federal.","og_url":"https:\/\/www.estrategiaconcursos.com.br\/blog\/receita-lei-liberdade-economica\/","og_site_name":"Estrat\u00e9gia Concursos","article_published_time":"2023-02-01T11:00:00+00:00","og_image":[{"width":677,"height":416,"url":"https:\/\/dhg1h5j42swfq.cloudfront.net\/2022\/11\/01174234\/concurso-receita-federal-concurso-ainda-em-2022.png","type":"image\/png"}],"author":"Kassio Henrique Sobral Rocha","twitter_card":"summary_large_image","twitter_creator":"@EstratConcursos","twitter_site":"@EstratConcursos","twitter_misc":{"Escrito por":"Kassio Henrique Sobral Rocha","Est. tempo de leitura":"9 minutos"},"schema":{"@context":"https:\/\/schema.org","@graph":[{"@type":"NewsArticle","@id":"https:\/\/www.estrategiaconcursos.com.br\/blog\/receita-lei-liberdade-economica\/#article","isPartOf":{"@id":"https:\/\/www.estrategiaconcursos.com.br\/blog\/receita-lei-liberdade-economica\/"},"author":{"name":"Kassio Henrique Sobral Rocha","@id":"https:\/\/www.estrategiaconcursos.com.br\/blog\/#\/schema\/person\/f0c830e07cfe11c231c0ea5dbb036df5"},"headline":"Receita Federal: A Lei da Liberdade Econ\u00f4mica (Lei 13.874\/19)","datePublished":"2023-02-01T11:00:00+00:00","mainEntityOfPage":{"@id":"https:\/\/www.estrategiaconcursos.com.br\/blog\/receita-lei-liberdade-economica\/"},"wordCount":1830,"commentCount":0,"publisher":{"@id":"https:\/\/www.estrategiaconcursos.com.br\/blog\/#organization"},"image":{"@id":"https:\/\/www.estrategiaconcursos.com.br\/blog\/receita-lei-liberdade-economica\/#primaryimage"},"thumbnailUrl":"https:\/\/dhg1h5j42swfq.cloudfront.net\/2022\/11\/01174234\/concurso-receita-federal-concurso-ainda-em-2022.png","articleSection":["Concursos P\u00fablicos","Fiscal - Federal (RFB e AFT)"],"inLanguage":"pt-BR","potentialAction":[{"@type":"CommentAction","name":"Comment","target":["https:\/\/www.estrategiaconcursos.com.br\/blog\/receita-lei-liberdade-economica\/#respond"]}],"copyrightYear":"2023","copyrightHolder":{"@id":"https:\/\/www.estrategiaconcursos.com.br\/blog\/#organization"}},{"@type":"WebPage","@id":"https:\/\/www.estrategiaconcursos.com.br\/blog\/receita-lei-liberdade-economica\/","url":"https:\/\/www.estrategiaconcursos.com.br\/blog\/receita-lei-liberdade-economica\/","name":"Receita Federal: A Lei da Liberdade Econ\u00f4mica (Lei 13.874\/19)","isPartOf":{"@id":"https:\/\/www.estrategiaconcursos.com.br\/blog\/#website"},"primaryImageOfPage":{"@id":"https:\/\/www.estrategiaconcursos.com.br\/blog\/receita-lei-liberdade-economica\/#primaryimage"},"image":{"@id":"https:\/\/www.estrategiaconcursos.com.br\/blog\/receita-lei-liberdade-economica\/#primaryimage"},"thumbnailUrl":"https:\/\/dhg1h5j42swfq.cloudfront.net\/2022\/11\/01174234\/concurso-receita-federal-concurso-ainda-em-2022.png","datePublished":"2023-02-01T11:00:00+00:00","description":"Veja neste artigo um resumo sobre a Lei 13.874\/19, a famosa Lei da Liberdade Econ\u00f4mica, para o concurso da Receita Federal.","breadcrumb":{"@id":"https:\/\/www.estrategiaconcursos.com.br\/blog\/receita-lei-liberdade-economica\/#breadcrumb"},"inLanguage":"pt-BR","potentialAction":[{"@type":"ReadAction","target":["https:\/\/www.estrategiaconcursos.com.br\/blog\/receita-lei-liberdade-economica\/"]}]},{"@type":"ImageObject","inLanguage":"pt-BR","@id":"https:\/\/www.estrategiaconcursos.com.br\/blog\/receita-lei-liberdade-economica\/#primaryimage","url":"https:\/\/dhg1h5j42swfq.cloudfront.net\/2022\/11\/01174234\/concurso-receita-federal-concurso-ainda-em-2022.png","contentUrl":"https:\/\/dhg1h5j42swfq.cloudfront.net\/2022\/11\/01174234\/concurso-receita-federal-concurso-ainda-em-2022.png","width":677,"height":416,"caption":"Pontos positivos e negativos de estudar para Receita Federal"},{"@type":"BreadcrumbList","@id":"https:\/\/www.estrategiaconcursos.com.br\/blog\/receita-lei-liberdade-economica\/#breadcrumb","itemListElement":[{"@type":"ListItem","position":1,"name":"In\u00edcio","item":"https:\/\/www.estrategiaconcursos.com.br\/blog\/"},{"@type":"ListItem","position":2,"name":"Receita Federal: A Lei da Liberdade Econ\u00f4mica (Lei 13.874\/19)"}]},{"@type":"WebSite","@id":"https:\/\/www.estrategiaconcursos.com.br\/blog\/#website","url":"https:\/\/www.estrategiaconcursos.com.br\/blog\/","name":"Estrat\u00e9gia Concursos","description":"O blog da Estrat\u00e9gia Concursos traz not\u00edcias sobre concursos e artigos de professores oferecendo cursos para concursos (pdf + videaulas) no site.","publisher":{"@id":"https:\/\/www.estrategiaconcursos.com.br\/blog\/#organization"},"potentialAction":[{"@type":"SearchAction","target":{"@type":"EntryPoint","urlTemplate":"https:\/\/www.estrategiaconcursos.com.br\/blog\/?s={search_term_string}"},"query-input":{"@type":"PropertyValueSpecification","valueRequired":true,"valueName":"search_term_string"}}],"inLanguage":"pt-BR"},{"@type":"Organization","@id":"https:\/\/www.estrategiaconcursos.com.br\/blog\/#organization","name":"Estrat\u00e9gia Concursos","url":"https:\/\/www.estrategiaconcursos.com.br\/blog\/","logo":{"@type":"ImageObject","inLanguage":"pt-BR","@id":"https:\/\/www.estrategiaconcursos.com.br\/blog\/#\/schema\/logo\/image\/","url":"https:\/\/dhg1h5j42swfq.cloudfront.net\/2025\/06\/03203428\/logo_concursos-1.jpg","contentUrl":"https:\/\/dhg1h5j42swfq.cloudfront.net\/2025\/06\/03203428\/logo_concursos-1.jpg","width":230,"height":60,"caption":"Estrat\u00e9gia Concursos"},"image":{"@id":"https:\/\/www.estrategiaconcursos.com.br\/blog\/#\/schema\/logo\/image\/"},"sameAs":["https:\/\/x.com\/EstratConcursos"]},{"@type":"Person","@id":"https:\/\/www.estrategiaconcursos.com.br\/blog\/#\/schema\/person\/f0c830e07cfe11c231c0ea5dbb036df5","name":"Kassio Henrique Sobral Rocha","image":{"@type":"ImageObject","inLanguage":"pt-BR","@id":"https:\/\/secure.gravatar.com\/avatar\/d10350cbdad043facd8ec77a377f86f9026afee3348e463b04854fd4490ce759?s=96&d=mm&r=g","url":"https:\/\/secure.gravatar.com\/avatar\/d10350cbdad043facd8ec77a377f86f9026afee3348e463b04854fd4490ce759?s=96&d=mm&r=g","contentUrl":"https:\/\/secure.gravatar.com\/avatar\/d10350cbdad043facd8ec77a377f86f9026afee3348e463b04854fd4490ce759?s=96&d=mm&r=g","caption":"Kassio Henrique Sobral Rocha"},"url":"https:\/\/www.estrategiaconcursos.com.br\/blog\/author\/kassio-rochayahoo-com-br\/"}]}},"_links":{"self":[{"href":"https:\/\/www.estrategiaconcursos.com.br\/blog\/wp-json\/wp\/v2\/posts\/1152271","targetHints":{"allow":["GET"]}}],"collection":[{"href":"https:\/\/www.estrategiaconcursos.com.br\/blog\/wp-json\/wp\/v2\/posts"}],"about":[{"href":"https:\/\/www.estrategiaconcursos.com.br\/blog\/wp-json\/wp\/v2\/types\/post"}],"author":[{"embeddable":true,"href":"https:\/\/www.estrategiaconcursos.com.br\/blog\/wp-json\/wp\/v2\/users\/1976"}],"replies":[{"embeddable":true,"href":"https:\/\/www.estrategiaconcursos.com.br\/blog\/wp-json\/wp\/v2\/comments?post=1152271"}],"version-history":[{"count":14,"href":"https:\/\/www.estrategiaconcursos.com.br\/blog\/wp-json\/wp\/v2\/posts\/1152271\/revisions"}],"predecessor-version":[{"id":1152756,"href":"https:\/\/www.estrategiaconcursos.com.br\/blog\/wp-json\/wp\/v2\/posts\/1152271\/revisions\/1152756"}],"wp:featuredmedia":[{"embeddable":true,"href":"https:\/\/www.estrategiaconcursos.com.br\/blog\/wp-json\/wp\/v2\/media\/1118799"}],"wp:attachment":[{"href":"https:\/\/www.estrategiaconcursos.com.br\/blog\/wp-json\/wp\/v2\/media?parent=1152271"}],"wp:term":[{"taxonomy":"category","embeddable":true,"href":"https:\/\/www.estrategiaconcursos.com.br\/blog\/wp-json\/wp\/v2\/categories?post=1152271"},{"taxonomy":"post_tag","embeddable":true,"href":"https:\/\/www.estrategiaconcursos.com.br\/blog\/wp-json\/wp\/v2\/tags?post=1152271"},{"taxonomy":"tax_estado","embeddable":true,"href":"https:\/\/www.estrategiaconcursos.com.br\/blog\/wp-json\/wp\/v2\/tax_estado?post=1152271"}],"curies":[{"name":"wp","href":"https:\/\/api.w.org\/{rel}","templated":true}]}}