{"id":1152224,"date":"2023-02-02T20:24:21","date_gmt":"2023-02-02T23:24:21","guid":{"rendered":"https:\/\/www.estrategiaconcursos.com.br\/blog\/?p=1152224"},"modified":"2023-01-31T15:07:16","modified_gmt":"2023-01-31T18:07:16","slug":"tce-sp-direito-civil","status":"publish","type":"post","link":"https:\/\/www.estrategiaconcursos.com.br\/blog\/tce-sp-direito-civil\/","title":{"rendered":"TCE SP: Direito Civil resumido"},"content":{"rendered":"\n<p>No artigo de hoje, TCE SP: Direito Civil resumido, ser\u00e1 apresentado um resumo dos principais pontos que voc\u00ea precisa saber para a prova, conforme an\u00e1lise da <a href=\"https:\/\/portal.fgv.br\/\">FGV<\/a>.<\/p>\n\n\n\n<figure class=\"wp-block-image aligncenter size-full\"><img loading=\"lazy\" decoding=\"async\" width=\"153\" height=\"144\" src=\"https:\/\/dhg1h5j42swfq.cloudfront.net\/2023\/01\/13122451\/tce-sp.png\" alt=\"TCE SP: Direito Civi\" class=\"wp-image-1152238\" srcset=\"https:\/\/dhg1h5j42swfq.cloudfront.net\/2023\/01\/13122451\/tce-sp.png 153w, https:\/\/dhg1h5j42swfq.cloudfront.net\/2023\/01\/13122451\/tce-sp-150x141.png 150w\" sizes=\"auto, (max-width: 153px) 100vw, 153px\" \/><figcaption class=\"wp-element-caption\">TCE SP<\/figcaption><\/figure>\n\n\n\n<p>Ser\u00e3o abordados os<strong> principais pontos cobrados acerca do direito civil <\/strong>para o concurso do Tribunal de Contas do Estado de S\u00e3o Paulo. O objetivo \u00e9 gabaritar a prova.<\/p>\n\n\n\n<h2 class=\"wp-block-heading\" id=\"h-tce-sp-direito-civil-resumido-lindb-e-o-estatuto-de-direito-internacional\">TCE SP: Direito Civil resumido &#8211; LINDB e o estatuto de Direito Internacional<\/h2>\n\n\n\n<p>Atualmente no Brasil, em virtude da chamada Lei de Introdu\u00e7\u00e3o das Normas do Direito Brasileiro (LINDB), o estatuto pessoal \u00e9 fundado na lei do domic\u00edlio ou na da sede jur\u00eddica da pessoa (<em>lex domicilii<\/em>) para se determinar a lei aplic\u00e1vel, pois esta ainda \u00e9 a mais conveniente aos interesses nacionais.<\/p>\n\n\n\n<p>Assim, estabelece o art. 7\u00b0, LINDB: A lei do pa\u00eds em que <strong>domiciliada<\/strong> a pessoa <strong>determina as regras sobre o come\u00e7o e o fim da personalidade, o nome, a capacidade e os direitos de fam\u00edlia.<\/strong> <\/p>\n\n\n\n<p>Isso \u00e9 assim porque nosso Pa\u00eds, por ainda ser \u201cde imigra\u00e7\u00e3o\u201d, tem interesse de sujeitar o estrangeiro aqui domiciliado \u00e0 nossa lei, integrando-o \u00e0 vida nacional, fazendo com que ele adquira direitos e assuma obriga\u00e7\u00f5es, independentemente de sua origem.<\/p>\n\n\n\n<p>Como o Brasil adotou a teoria da territorialidade moderada (ou mitigada), haver\u00e1 casos em que se admite a aplica\u00e7\u00e3o de norma estrangeira no territ\u00f3rio brasileiro, pois nem sempre as leis poder\u00e3o ficar enclausuradas dentro dos limites espaciais do Estado.<\/p>\n\n\n\n<p>No entanto, a extraterritorialidade encontra restri\u00e7\u00f5es, n\u00e3o se admitindo a aplica\u00e7\u00e3o de norma estrangeira que atente contra a soberania nacional, a ordem p\u00fablica e os bons costumes.<\/p>\n\n\n\n<h2 class=\"wp-block-heading\" id=\"h-tce-sp-direito-civil-resumido-pessoa-fisica-e-capacidade\">TCE SP: Direito Civil resumido &#8211; Pessoa F\u00edsica e Capacidade<\/h2>\n\n\n\n<p>A&nbsp;<strong>capacidade<\/strong>&nbsp;de<strong>&nbsp;gozo ou de direito<\/strong>&nbsp;\u00e9 inerente ao conceito de&nbsp;<strong>personalidade<\/strong>, uma vez que se refere \u00e0 capacidade de adquirir direitos e&nbsp;contrair obriga\u00e7\u00f5es. Sendo assim, \u00e9 adquirida quando do&nbsp;<strong>nascimento<\/strong>&nbsp;com vida.&nbsp;<\/p>\n\n\n\n<p>No entanto, o rec\u00e9m-nascido, ainda que possua capacidade de direito, n\u00e3o tem condi\u00e7\u00f5es para exercer seus direitos por conta pr\u00f3pria. Portanto, n\u00e3o&nbsp;possui capacidade&nbsp;<strong>de fato ou de exerc\u00edcio<\/strong>.&nbsp;<\/p>\n\n\n\n<p><strong>Assim, toda<\/strong>&nbsp;pessoa que tem&nbsp;<strong>personalidade civil<\/strong>&nbsp;tem<strong>&nbsp;capacidade<\/strong>&nbsp;<strong>de direito<\/strong>.&nbsp;<\/p>\n\n\n\n<p>Mas,<strong>&nbsp;nem toda<\/strong>&nbsp;pessoa que tem<strong>&nbsp;capacidade<\/strong>&nbsp;<strong>de direito&nbsp;<\/strong>tem<strong>&nbsp;capacidade<\/strong>&nbsp;<strong>de fato<\/strong>, podendo haver restri\u00e7\u00f5es que limitam o exerc\u00edcio de seus direitos.&nbsp;<\/p>\n\n\n\n<p>Dessa forma, para possuir<strong>&nbsp;capacidade plena<\/strong>, a pessoa precisa possuir&nbsp;<strong>capacidade<\/strong>&nbsp;<strong>de direito<\/strong>&nbsp;e&nbsp;<strong>capacidade&nbsp;de fato.<\/strong>&nbsp;<\/p>\n\n\n\n<p>A capacidade \u00e9 a regra e a incapacidade \u00e9 a exce\u00e7\u00e3o. Ou seja, toda pessoa tem a capacidade de direito (basta estar vivo). Dessa forma, h\u00e1 uma&nbsp;<strong>presun\u00e7\u00e3o (relativa) da capacidade de fato<\/strong>.<\/p>\n\n\n\n<p><strong>Por outro lado, a incapacidade \u00e9 a restri\u00e7\u00e3o<\/strong>&nbsp;a determinados atos da vida civil. Observe que a regra \u00e9 a capacidade e a incapacidade \u00e9 a exce\u00e7\u00e3o! A incapacidade pode ser de dois tipos: absoluta ou relativa.&nbsp;<\/p>\n\n\n\n<p>Dessa forma, como a incapacidade \u00e9 a exce\u00e7\u00e3o, ela deve ser comprovada e&nbsp;<strong>n\u00e3o restringe<\/strong>&nbsp;a personalidade ou a capacidade de direito; ela apenas&nbsp;<strong>limita o exerc\u00edcio pessoal e direto dos direitos<\/strong>.<\/p>\n\n\n\n<p>Sendo uma ressalva ao exerc\u00edcio dos atos da vida civil,<strong>&nbsp;a incapacidade deve ser interpretada restritivamente<\/strong>, sendo admitida apenas quando a lei expressa e taxativamente prev\u00ea a situa\u00e7\u00e3o (mat\u00e9ria de ordem p\u00fablica).&nbsp;<\/p>\n\n\n\n<h2 class=\"wp-block-heading\"><strong>Incapacidade absoluta<\/strong>&nbsp;<\/h2>\n\n\n\n<p>A incapacidade ser\u00e1 <strong>absoluta<\/strong>&nbsp;quando houver<strong>&nbsp;total restri\u00e7\u00e3o<\/strong>&nbsp;ao exerc\u00edcio do direito.&nbsp;<\/p>\n\n\n\n<p>Ou seja,&nbsp;a pessoa tem capacidade de direito, mas h\u00e1 proibi\u00e7\u00e3o total de exercer o direito (n\u00e3o h\u00e1 capacidade de fato).&nbsp;<\/p>\n\n\n\n<p>Assim, para que possam praticar os atos civis, os&nbsp;<strong>absolutamente incapazes<\/strong>&nbsp;devem estar&nbsp;<strong>representados<\/strong>. Os atos praticados sem representa\u00e7\u00e3o ser\u00e3o&nbsp;considerados nulos&nbsp;<strong>(nulidade absoluta<\/strong>).&nbsp;<\/p>\n\n\n\n<p>Dessa forma, \u00e9 importante destacar que a&nbsp;<strong>reda\u00e7\u00e3o anterior<\/strong>&nbsp;inclu\u00eda ainda: \u201c<strong>os que, por enfermidade ou defici\u00eancia mental, n\u00e3o tiverem o necess\u00e1rio discernimento para a pr\u00e1tica desses atos<\/strong>\u201d e \u201cos que, mesmo por causa transit\u00f3ria, n\u00e3o puderem exprimir sua vontade\u201d. No entanto, a reda\u00e7\u00e3o dada pela Lei n\u00b0 13.146, de 2015, revogou os incisos do artigo 3\u00b0 do C\u00f3digo Civil.&nbsp;<\/p>\n\n\n\n<p>Ent\u00e3o, atualmente, de acordo com a reda\u00e7\u00e3o dada pela Lei n\u00b013.146, de 2015,&nbsp;apenas os menores de 16 anos s\u00e3o considerados&nbsp; absolutamente incapazes.<\/p>\n\n\n\n<h2 class=\"wp-block-heading\" id=\"h-tce-sp-direito-civil-resumido-tutela-e-curatela\">TCE SP: Direito Civil resumido \u2013 Tutela e Curatela<\/h2>\n\n\n\n<p>A tutela \u00e9 um instituto de car\u00e1ter assistencial que tem por finalidade substituir o poder familiar. Dessa forma, protege o menor (imp\u00fabere ou p\u00fabere) n\u00e3o&nbsp;emancipado e seus bens, se seus pais falecerem ou forem suspensos ou destitu\u00eddos do poder familiar, dando-lhes representa\u00e7\u00e3o ou assist\u00eancia no plano jur\u00eddico.<\/p>\n\n\n\n<p>Assim, pode ser oriunda de provimento volunt\u00e1rio, de forma testament\u00e1ria, ou em decorr\u00eancia da lei. Observem que o tutor pode representar o incapaz (se este for menor de 16 anos) ou assisti-lo (se ele for maior de 16, por\u00e9m menor de 18 anos).<\/p>\n\n\n\n<p>Dessa forma, o tutor pode realizar quase todos os atos em nome do menor, mas n\u00e3o poder\u00e1 emancip\u00e1-lo, pois isso depende de senten\u00e7a judicial.<\/p>\n\n\n\n<p>Portanto, observe que poder familiar e tutela s\u00e3o institutos que se excluem.&nbsp;<strong>Somente se o menor n\u00e3o tiver pais \u00e9 que ser\u00e1 nomeado o tutor.<\/strong>&nbsp;<\/p>\n\n\n\n<p>J\u00e1 a curatela \u00e9 um encargo p\u00fablico (tamb\u00e9m denominado de <em>munus<\/em>) previsto em lei e que \u00e9 dado para pessoas maiores, mas que n\u00e3o est\u00e3o em condi\u00e7\u00f5es de realizar os atos da vida civil pessoalmente, geralmente em raz\u00e3o da impossibilidade de poder exprimir sua vontade ou da prodigalidade.<\/p>\n\n\n\n<p>Assim, o curador al\u00e9m de administrar os bens do incapaz, deve, tamb\u00e9m, reger e defender a pessoa.<\/p>\n\n\n\n<p>Decorre de nomea\u00e7\u00e3o pelo Juiz em decis\u00e3o prolatada em um processo especial. Segundo o art. 1.767, CC (reda\u00e7\u00e3o dada pela Lei n\u00b0 13.146\/2015), est\u00e3o sujeitos a curatela:<\/p>\n\n\n\n<p>a) aqueles que, por causa transit\u00f3ria ou permanente, n\u00e3o puderem exprimir sua vontade;<\/p>\n\n\n\n<p>b) os \u00e9brios habituais e os viciados em t\u00f3xico;&nbsp;<\/p>\n\n\n\n<p>c) os pr\u00f3digos.<\/p>\n\n\n\n<h2 class=\"wp-block-heading\" id=\"h-tce-sp-direito-civil-resumido-bens-e-pessoas-juridicas\">TCE SP: Direito Civil resumido \u2013 Bens e Pessoas Jur\u00eddicas<\/h2>\n\n\n\n<p>Bem \u00e9 g\u00eanero e coisa, esp\u00e9cie; embora algumas classifica\u00e7\u00f5es apresentem sinon\u00edmia.&nbsp;<\/p>\n\n\n\n<p>As principais caracter\u00edsticas que se destacam nas diversas defini\u00e7\u00f5es de bens s\u00e3o: a capacidade de ser \u00fatil (<strong>utilidade<\/strong>) e de possuir&nbsp;&nbsp;<strong>valor econ\u00f4mico<\/strong>; podendo ser&nbsp;<strong>corp\u00f3reos<\/strong>, caso possuam exist\u00eancia&nbsp;<strong>concreta<\/strong>&nbsp;(exemplo: im\u00f3vel), ou&nbsp;<strong>incorp\u00f3reos<\/strong>, quando possu\u00edrem exist\u00eancia&nbsp;<strong>abstrata<\/strong>&nbsp;(exemplo: cria\u00e7\u00f5es intelectuais).&nbsp;<\/p>\n\n\n\n<p><strong>Bens Corp\u00f3reos<\/strong>&nbsp;(sin\u00f4nimos: materiais, tang\u00edveis ou concretos): s\u00e3o aqueles que possuem&nbsp;<strong>exist\u00eancia f\u00edsica ou material<\/strong>; podem ser tocados e s\u00e3o vis\u00edveis, percebidos pelos sentidos (ex: terrenos, edifica\u00e7\u00f5es, j\u00f3ias, ve\u00edculos, dinheiro, livros, entre outros.&nbsp;<\/p>\n\n\n\n<p><strong>Bens Incorp\u00f3reos<\/strong>&nbsp;(sin\u00f4nimos: imateriais, intang\u00edveis ou abstratos): aqueles que&nbsp;<strong>n\u00e3o existem fisicamente<\/strong>, pois possuem uma exist\u00eancia abstrata. No entanto, podem ser traduzidos em dinheiro, possuindo&nbsp;<strong>valor econ\u00f4mico<\/strong>&nbsp;e sendo&nbsp;<strong>objeto de direito<\/strong>. Ex: no caso de um programa de computador (software). O importante n\u00e3o \u00e9 o CD ou o meio que o cont\u00e9m, mas sim a produ\u00e7\u00e3o intelectual de quem elaborou o programa.&nbsp;&nbsp;<\/p>\n\n\n\n<h2 class=\"wp-block-heading\"><strong>Patrim\u00f4nio Jur\u00eddico<\/strong>&nbsp;<\/h2>\n\n\n\n<p><strong>O patrim\u00f4nio \u00e9 a universalidade de direitos e<\/strong>&nbsp;<strong>obriga\u00e7\u00f5es<\/strong>&nbsp;(cada pessoa possui apenas um patrim\u00f4nio). Trata-se, portanto, do&nbsp;conjunto das rela\u00e7\u00f5es jur\u00eddicas ativas e passivas (abrange bens, direitos&nbsp;e&nbsp;obriga\u00e7\u00f5es) de uma pessoa (natural ou jur\u00eddica),&nbsp;<strong>apreci\u00e1vel economicamente<\/strong>.&nbsp;<\/p>\n\n\n\n<p><strong>Import\u00e2ncia pr\u00e1tica na distin\u00e7\u00e3o entre Im\u00f3veis X M\u00f3veis<\/strong>&nbsp;<\/p>\n\n\n\n<p>Os bens im\u00f3veis se distinguem dos m\u00f3veis pela: forma de aquisi\u00e7\u00e3o da&nbsp;<\/p>\n\n\n\n<p>propriedade, necessidade ou n\u00e3o de outorga, prazos de usucapi\u00e3o e os direitos&nbsp;reais.&nbsp;<\/p>\n\n\n\n<h2 class=\"wp-block-heading\"><strong>Formas de aquisi\u00e7\u00e3o da propriedade<\/strong>&nbsp;<\/h2>\n\n\n\n<p>A principal forma de se adquirir a propriedade dos&nbsp;<strong>bens m\u00f3veis<\/strong>&nbsp;\u00e9 com a&nbsp;<strong>tradi\u00e7\u00e3o<\/strong>. Ou seja, em uma compra e venda de bens m\u00f3veis, somente com a&nbsp;entrega destes \u00e9 que se adquire a sua propriedade.<\/p>\n\n\n\n<p>Por&nbsp; outro lado, os&nbsp;<strong>bens im\u00f3veis<\/strong>&nbsp;s\u00e3o&nbsp;adquiridos com o Registro ou transcri\u00e7\u00e3o do t\u00edtulo da&nbsp;<strong>escritura p\u00fablica no Registro<\/strong>&nbsp;<strong>de Im\u00f3veis<\/strong>&nbsp;onde estiver situado o bem (art. 1.245, CC).<\/p>\n\n\n\n<p>Enquanto n\u00e3o houver o&nbsp;registro do t\u00edtulo, o vendedor continua sendo o propriet\u00e1rio do im\u00f3vel.&nbsp;<\/p>\n\n\n\n<p><strong>Outorga<\/strong>&nbsp;de Bens Im\u00f3veis<\/p>\n\n\n\n<p>Os bens im\u00f3veis n\u00e3o podem ser vendidos, doados ou hipotecados por pessoa casada sem a outorga do outro c\u00f4njuge, exceto se o regime de bens escolhido pelo casal for o da separa\u00e7\u00e3o absoluta de bens (art. 1.647, CC).&nbsp;<\/p>\n\n\n\n<p>J\u00e1 os bens m\u00f3veis n\u00e3o necessitam dessa outorga. Assim, a outorga pode ser:&nbsp;<\/p>\n\n\n\n<p><strong>Marital<\/strong>: o marido concede \u00e0 mulher, ou seja, o bem pertence \u00e0 mulher e o marido assina tamb\u00e9m os documentos anuindo na venda do im\u00f3vel.&nbsp;<\/p>\n\n\n\n<p><strong>Ux\u00f3ria<\/strong>: a mulher concede ao homem, ou seja, a mulher assina a documenta\u00e7\u00e3o para a venda do im\u00f3vel, que pertence ao marido (uxor \u2013 em latim quer dizer mulher casada).&nbsp;<\/p>\n\n\n\n<h2 class=\"wp-block-heading\" id=\"h-diferenca-entre-prescricao-e-decadencia\">Diferen\u00e7a entre Prescri\u00e7\u00e3o e Decad\u00eancia<\/h2>\n\n\n\n<p>A prescri\u00e7\u00e3o representa uma san\u00e7\u00e3o pela in\u00e9rcia do titular de um direito subjetivo violado que consiste na perda da pretens\u00e3o (possibilidade de fazer valer em ju\u00edzo o direito violado) ou da exce\u00e7\u00e3o (direito de defesa) em raz\u00e3o do decurso de tempo. Tem como fundamento a paz social e a seguran\u00e7a jur\u00eddica que ficariam comprometidos caso uma a\u00e7\u00e3o tivesse prazo indeterminado para ser ajuizada.&nbsp;<\/p>\n\n\n\n<p>A prescri\u00e7\u00e3o distingue-se da decad\u00eancia, porque esta (decad\u00eancia) \u00e9 a perda do direito material, em raz\u00e3o do tempo, eliminando-se, por consequ\u00eancia, o direito de a\u00e7\u00e3o e demais pretens\u00f5es, ao passo que aquela (prescri\u00e7\u00e3o) \u00e9 a perda da a\u00e7\u00e3o e de toda a capacidade defensiva, mantendo-se intacto o direito material, tanto \u00e9 que, no Direito Civil, o pagamento de d\u00edvida prescrita \u00e9 v\u00e1lido, pois apesar de haver a prescri\u00e7\u00e3o, o direito continua existindo, n\u00e3o podendo ser objeto de restitui\u00e7\u00e3o, conforme o art. 882 do CC.&nbsp;<\/p>\n\n\n\n<p>Para o estudo destes dois importantes institutos jur\u00eddicos, faz-se necess\u00e1rio distinguirmos duas esp\u00e9cies de direitos: os direitos subjetivos e os&nbsp;direitos potestativos.<\/p>\n\n\n\n<h2 class=\"wp-block-heading\">Direitos subjetivos e potestativos<\/h2>\n\n\n\n<p>1)&nbsp;<strong>Direitos subjetivos<\/strong>: compreendem os direitos reais (sobre a coisa) e pessoais. O titular de um desses direitos tem a prerrogativa de receber do&nbsp;<\/p>\n\n\n\n<p>devedor uma presta\u00e7\u00e3o consistente em dar, fazer ou n\u00e3o fazer. Assim,&nbsp;<strong>para se obter esses direitos, \u00e9 preciso uma presta\u00e7\u00e3o do sujeito passivo<\/strong>&nbsp;<strong>(devedor)<\/strong>.<\/p>\n\n\n\n<p>Assim, por conta dessa colabora\u00e7\u00e3o necess\u00e1ria do devedor, h\u00e1 possibilidade que tais direitos sejam violados. Quando isso ocorre (viola\u00e7\u00e3o),&nbsp;surge para o titular uma&nbsp;<strong>\u201cpretens\u00e3o\u201d<\/strong>&nbsp;que representa a<strong>&nbsp;possibilidade de o titular exigir a presta\u00e7\u00e3o do devedor<\/strong>.<\/p>\n\n\n\n<p>Portanto, deve-se notar que o direito ao cr\u00e9dito j\u00e1 existia desde o dia em que se convencionou o pagamento ao credor.&nbsp;Entretanto, a&nbsp;pretens\u00e3o s\u00f3 nasce no dia do vencimento.&nbsp;<\/p>\n\n\n\n<p>2)&nbsp;<strong>Direitos potestativos<\/strong>: compreendem as hip\u00f3teses em que&nbsp;<strong>a vontade da pessoa tem o cond\u00e3o de criar ou modificar direitos de outra, independente do querer desta<\/strong>.<\/p>\n\n\n\n<p>Dessa forma, a manifesta\u00e7\u00e3o de vontade cria para a outra pessoa um estado de sujei\u00e7\u00e3o, criando ou alterando os seus direitos, independentemente de qualquer presta\u00e7\u00e3o ou declara\u00e7\u00e3o de vontade da pessoa atingida.&nbsp;<\/p>\n\n\n\n<p>Concluindo este artigo, pode-se afirmar que foram trazidos temas recorrentes em prova e certos na sua prova de Direito Civil.<\/p>\n\n\n\n<p>Assim, foque em saber n\u00e3o s\u00f3 o conceito e as especificidades dos temas seu lan\u00e7amento, mas tamb\u00e9m na resolu\u00e7\u00e3o massiva do m\u00e1ximo de quest\u00f5es poss\u00edveis.<\/p>\n\n\n\n<p>Um abra\u00e7o e bons estudos!<\/p>\n\n\n\n<h2 class=\"has-text-align-center wp-block-heading\" id=\"quer-saber-tudo-sobre-concursos-previstos-confira-nossos-artigos\">Quer saber tudo sobre concursos previstos?<br \/>Confira nossos artigos!<\/h2>\n\n\n\n<p class=\"has-text-align-center has-pale-cyan-blue-background-color has-background has-medium-font-size\"><a href=\"https:\/\/www.estrategiaconcursos.com.br\/blog\/concursos-abertos\/\" target=\"_blank\" rel=\"noreferrer noopener\">Concursos abertos<\/a><\/p>\n\n\n\n<p class=\"has-text-align-center has-pale-cyan-blue-background-color has-background has-medium-font-size\"><a href=\"https:\/\/www.estrategiaconcursos.com.br\/blog\/concursos-2023\/\" target=\"_blank\" rel=\"noreferrer noopener\">Concursos 2023<\/a><\/p>\n","protected":false},"excerpt":{"rendered":"<p>No artigo de hoje, TCE SP: Direito Civil resumido, ser\u00e1 apresentado um resumo dos principais pontos que voc\u00ea precisa saber para a prova, conforme an\u00e1lise da FGV. Ser\u00e3o abordados os principais pontos cobrados acerca do direito civil para o concurso do Tribunal de Contas do Estado de S\u00e3o Paulo. O objetivo \u00e9 gabaritar a prova. [&hellip;]<\/p>\n","protected":false},"author":1462,"featured_media":1152240,"comment_status":"open","ping_status":"closed","sticky":false,"template":"","format":"standard","meta":{"post_tipo":"article","footnotes":""},"categories":[1,220180],"tags":[221281],"tax_estado":[219989],"class_list":["post-1152224","post","type-post","status-publish","format-standard","has-post-thumbnail","hentry","category-cursos-e-concursos","category-controle-gestao","tag-tce-sp-2","tax_estado-sp"],"acf":[],"yoast_head":"<!-- This site is optimized with the Yoast SEO Premium plugin v27.2 (Yoast SEO v27.2) - https:\/\/yoast.com\/product\/yoast-seo-premium-wordpress\/ -->\n<title>TCE SP: Direito Civil resumido<\/title>\n<meta name=\"description\" content=\"TCE SP: Direito Civil. \u00c1rea Controle. Tribunal de Contas do Estado de S\u00e3o Paulo. Direito Civil. Agente de Fiscaliza\u00e7\u00e3o\" \/>\n<meta name=\"robots\" content=\"index, follow, max-snippet:-1, max-image-preview:large, max-video-preview:-1\" \/>\n<link rel=\"canonical\" href=\"https:\/\/www.estrategiaconcursos.com.br\/blog\/tce-sp-direito-civil\/\" \/>\n<meta property=\"og:locale\" content=\"pt_BR\" \/>\n<meta property=\"og:type\" content=\"article\" \/>\n<meta property=\"og:title\" content=\"TCE SP: Direito Civil resumido\" \/>\n<meta property=\"og:description\" content=\"TCE SP: Direito Civil. \u00c1rea Controle. Tribunal de Contas do Estado de S\u00e3o Paulo. Direito Civil. Agente de Fiscaliza\u00e7\u00e3o\" \/>\n<meta property=\"og:url\" content=\"https:\/\/www.estrategiaconcursos.com.br\/blog\/tce-sp-direito-civil\/\" \/>\n<meta property=\"og:site_name\" content=\"Estrat\u00e9gia Concursos\" \/>\n<meta property=\"article:published_time\" content=\"2023-02-02T23:24:21+00:00\" \/>\n<meta property=\"og:image\" content=\"https:\/\/dhg1h5j42swfq.cloudfront.net\/2023\/01\/13122527\/tce-sp-1.png\" \/>\n\t<meta property=\"og:image:width\" content=\"153\" \/>\n\t<meta property=\"og:image:height\" content=\"144\" \/>\n\t<meta property=\"og:image:type\" content=\"image\/png\" \/>\n<meta name=\"author\" content=\"Felipe Fernando Azevedo da Rocha\" \/>\n<meta name=\"twitter:card\" content=\"summary_large_image\" \/>\n<meta name=\"twitter:creator\" content=\"@EstratConcursos\" \/>\n<meta name=\"twitter:site\" content=\"@EstratConcursos\" \/>\n<meta name=\"twitter:label1\" content=\"Escrito por\" \/>\n\t<meta name=\"twitter:data1\" content=\"Felipe Fernando Azevedo da Rocha\" \/>\n\t<meta name=\"twitter:label2\" content=\"Est. tempo de leitura\" \/>\n\t<meta name=\"twitter:data2\" content=\"10 minutos\" \/>\n<script type=\"application\/ld+json\" class=\"yoast-schema-graph\">{\"@context\":\"https:\/\/schema.org\",\"@graph\":[{\"@type\":\"NewsArticle\",\"@id\":\"https:\/\/www.estrategiaconcursos.com.br\/blog\/tce-sp-direito-civil\/#article\",\"isPartOf\":{\"@id\":\"https:\/\/www.estrategiaconcursos.com.br\/blog\/tce-sp-direito-civil\/\"},\"author\":{\"name\":\"Felipe Fernando Azevedo da Rocha\",\"@id\":\"https:\/\/www.estrategiaconcursos.com.br\/blog\/#\/schema\/person\/425ec856669a603120a09fed3a635808\"},\"headline\":\"TCE SP: Direito Civil resumido\",\"datePublished\":\"2023-02-02T23:24:21+00:00\",\"mainEntityOfPage\":{\"@id\":\"https:\/\/www.estrategiaconcursos.com.br\/blog\/tce-sp-direito-civil\/\"},\"wordCount\":2082,\"commentCount\":0,\"publisher\":{\"@id\":\"https:\/\/www.estrategiaconcursos.com.br\/blog\/#organization\"},\"image\":{\"@id\":\"https:\/\/www.estrategiaconcursos.com.br\/blog\/tce-sp-direito-civil\/#primaryimage\"},\"thumbnailUrl\":\"https:\/\/dhg1h5j42swfq.cloudfront.net\/2023\/01\/13122527\/tce-sp-1.png\",\"keywords\":[\"TCE SP\"],\"articleSection\":[\"Concursos P\u00fablicos\",\"Controladorias\/Gest\u00e3o (CGU, CGE, STN, EPPGG)\"],\"inLanguage\":\"pt-BR\",\"potentialAction\":[{\"@type\":\"CommentAction\",\"name\":\"Comment\",\"target\":[\"https:\/\/www.estrategiaconcursos.com.br\/blog\/tce-sp-direito-civil\/#respond\"]}],\"copyrightYear\":\"2023\",\"copyrightHolder\":{\"@id\":\"https:\/\/www.estrategiaconcursos.com.br\/blog\/#organization\"}},{\"@type\":\"WebPage\",\"@id\":\"https:\/\/www.estrategiaconcursos.com.br\/blog\/tce-sp-direito-civil\/\",\"url\":\"https:\/\/www.estrategiaconcursos.com.br\/blog\/tce-sp-direito-civil\/\",\"name\":\"TCE SP: Direito Civil resumido\",\"isPartOf\":{\"@id\":\"https:\/\/www.estrategiaconcursos.com.br\/blog\/#website\"},\"primaryImageOfPage\":{\"@id\":\"https:\/\/www.estrategiaconcursos.com.br\/blog\/tce-sp-direito-civil\/#primaryimage\"},\"image\":{\"@id\":\"https:\/\/www.estrategiaconcursos.com.br\/blog\/tce-sp-direito-civil\/#primaryimage\"},\"thumbnailUrl\":\"https:\/\/dhg1h5j42swfq.cloudfront.net\/2023\/01\/13122527\/tce-sp-1.png\",\"datePublished\":\"2023-02-02T23:24:21+00:00\",\"description\":\"TCE SP: Direito Civil. \u00c1rea Controle. Tribunal de Contas do Estado de S\u00e3o Paulo. Direito Civil. Agente de Fiscaliza\u00e7\u00e3o\",\"breadcrumb\":{\"@id\":\"https:\/\/www.estrategiaconcursos.com.br\/blog\/tce-sp-direito-civil\/#breadcrumb\"},\"inLanguage\":\"pt-BR\",\"potentialAction\":[{\"@type\":\"ReadAction\",\"target\":[\"https:\/\/www.estrategiaconcursos.com.br\/blog\/tce-sp-direito-civil\/\"]}]},{\"@type\":\"ImageObject\",\"inLanguage\":\"pt-BR\",\"@id\":\"https:\/\/www.estrategiaconcursos.com.br\/blog\/tce-sp-direito-civil\/#primaryimage\",\"url\":\"https:\/\/dhg1h5j42swfq.cloudfront.net\/2023\/01\/13122527\/tce-sp-1.png\",\"contentUrl\":\"https:\/\/dhg1h5j42swfq.cloudfront.net\/2023\/01\/13122527\/tce-sp-1.png\",\"width\":153,\"height\":144,\"caption\":\"TCE SP: Direito Civi\"},{\"@type\":\"BreadcrumbList\",\"@id\":\"https:\/\/www.estrategiaconcursos.com.br\/blog\/tce-sp-direito-civil\/#breadcrumb\",\"itemListElement\":[{\"@type\":\"ListItem\",\"position\":1,\"name\":\"In\u00edcio\",\"item\":\"https:\/\/www.estrategiaconcursos.com.br\/blog\/\"},{\"@type\":\"ListItem\",\"position\":2,\"name\":\"TCE SP: Direito Civil resumido\"}]},{\"@type\":\"WebSite\",\"@id\":\"https:\/\/www.estrategiaconcursos.com.br\/blog\/#website\",\"url\":\"https:\/\/www.estrategiaconcursos.com.br\/blog\/\",\"name\":\"Estrat\u00e9gia Concursos\",\"description\":\"O blog da Estrat\u00e9gia Concursos traz not\u00edcias sobre concursos e artigos de professores oferecendo cursos para concursos (pdf + videaulas) no site.\",\"publisher\":{\"@id\":\"https:\/\/www.estrategiaconcursos.com.br\/blog\/#organization\"},\"potentialAction\":[{\"@type\":\"SearchAction\",\"target\":{\"@type\":\"EntryPoint\",\"urlTemplate\":\"https:\/\/www.estrategiaconcursos.com.br\/blog\/?s={search_term_string}\"},\"query-input\":{\"@type\":\"PropertyValueSpecification\",\"valueRequired\":true,\"valueName\":\"search_term_string\"}}],\"inLanguage\":\"pt-BR\"},{\"@type\":\"Organization\",\"@id\":\"https:\/\/www.estrategiaconcursos.com.br\/blog\/#organization\",\"name\":\"Estrat\u00e9gia Concursos\",\"url\":\"https:\/\/www.estrategiaconcursos.com.br\/blog\/\",\"logo\":{\"@type\":\"ImageObject\",\"inLanguage\":\"pt-BR\",\"@id\":\"https:\/\/www.estrategiaconcursos.com.br\/blog\/#\/schema\/logo\/image\/\",\"url\":\"https:\/\/dhg1h5j42swfq.cloudfront.net\/2025\/06\/03203428\/logo_concursos-1.jpg\",\"contentUrl\":\"https:\/\/dhg1h5j42swfq.cloudfront.net\/2025\/06\/03203428\/logo_concursos-1.jpg\",\"width\":230,\"height\":60,\"caption\":\"Estrat\u00e9gia Concursos\"},\"image\":{\"@id\":\"https:\/\/www.estrategiaconcursos.com.br\/blog\/#\/schema\/logo\/image\/\"},\"sameAs\":[\"https:\/\/x.com\/EstratConcursos\"]},{\"@type\":\"Person\",\"@id\":\"https:\/\/www.estrategiaconcursos.com.br\/blog\/#\/schema\/person\/425ec856669a603120a09fed3a635808\",\"name\":\"Felipe Fernando Azevedo da Rocha\",\"image\":{\"@type\":\"ImageObject\",\"inLanguage\":\"pt-BR\",\"@id\":\"https:\/\/secure.gravatar.com\/avatar\/44e78a4aab2c02a437a87a334aee9a4ea82ca0e4757c2747232497482cfe5ba2?s=96&d=mm&r=g\",\"url\":\"https:\/\/secure.gravatar.com\/avatar\/44e78a4aab2c02a437a87a334aee9a4ea82ca0e4757c2747232497482cfe5ba2?s=96&d=mm&r=g\",\"contentUrl\":\"https:\/\/secure.gravatar.com\/avatar\/44e78a4aab2c02a437a87a334aee9a4ea82ca0e4757c2747232497482cfe5ba2?s=96&d=mm&r=g\",\"caption\":\"Felipe Fernando Azevedo da Rocha\"},\"description\":\"Auditor de Finan\u00e7as da SEFAZ BA. P\u00f3s-Graduado em Direito Tribut\u00e1rio\",\"url\":\"https:\/\/www.estrategiaconcursos.com.br\/blog\/author\/felipeazrogmail-com\/\"}]}<\/script>\n<!-- \/ Yoast SEO Premium plugin. -->","yoast_head_json":{"title":"TCE SP: Direito Civil resumido","description":"TCE SP: Direito Civil. \u00c1rea Controle. Tribunal de Contas do Estado de S\u00e3o Paulo. Direito Civil. Agente de Fiscaliza\u00e7\u00e3o","robots":{"index":"index","follow":"follow","max-snippet":"max-snippet:-1","max-image-preview":"max-image-preview:large","max-video-preview":"max-video-preview:-1"},"canonical":"https:\/\/www.estrategiaconcursos.com.br\/blog\/tce-sp-direito-civil\/","og_locale":"pt_BR","og_type":"article","og_title":"TCE SP: Direito Civil resumido","og_description":"TCE SP: Direito Civil. \u00c1rea Controle. Tribunal de Contas do Estado de S\u00e3o Paulo. Direito Civil. Agente de Fiscaliza\u00e7\u00e3o","og_url":"https:\/\/www.estrategiaconcursos.com.br\/blog\/tce-sp-direito-civil\/","og_site_name":"Estrat\u00e9gia Concursos","article_published_time":"2023-02-02T23:24:21+00:00","og_image":[{"width":153,"height":144,"url":"https:\/\/dhg1h5j42swfq.cloudfront.net\/2023\/01\/13122527\/tce-sp-1.png","type":"image\/png"}],"author":"Felipe Fernando Azevedo da Rocha","twitter_card":"summary_large_image","twitter_creator":"@EstratConcursos","twitter_site":"@EstratConcursos","twitter_misc":{"Escrito por":"Felipe Fernando Azevedo da Rocha","Est. tempo de leitura":"10 minutos"},"schema":{"@context":"https:\/\/schema.org","@graph":[{"@type":"NewsArticle","@id":"https:\/\/www.estrategiaconcursos.com.br\/blog\/tce-sp-direito-civil\/#article","isPartOf":{"@id":"https:\/\/www.estrategiaconcursos.com.br\/blog\/tce-sp-direito-civil\/"},"author":{"name":"Felipe Fernando Azevedo da Rocha","@id":"https:\/\/www.estrategiaconcursos.com.br\/blog\/#\/schema\/person\/425ec856669a603120a09fed3a635808"},"headline":"TCE SP: Direito Civil resumido","datePublished":"2023-02-02T23:24:21+00:00","mainEntityOfPage":{"@id":"https:\/\/www.estrategiaconcursos.com.br\/blog\/tce-sp-direito-civil\/"},"wordCount":2082,"commentCount":0,"publisher":{"@id":"https:\/\/www.estrategiaconcursos.com.br\/blog\/#organization"},"image":{"@id":"https:\/\/www.estrategiaconcursos.com.br\/blog\/tce-sp-direito-civil\/#primaryimage"},"thumbnailUrl":"https:\/\/dhg1h5j42swfq.cloudfront.net\/2023\/01\/13122527\/tce-sp-1.png","keywords":["TCE SP"],"articleSection":["Concursos P\u00fablicos","Controladorias\/Gest\u00e3o (CGU, CGE, STN, EPPGG)"],"inLanguage":"pt-BR","potentialAction":[{"@type":"CommentAction","name":"Comment","target":["https:\/\/www.estrategiaconcursos.com.br\/blog\/tce-sp-direito-civil\/#respond"]}],"copyrightYear":"2023","copyrightHolder":{"@id":"https:\/\/www.estrategiaconcursos.com.br\/blog\/#organization"}},{"@type":"WebPage","@id":"https:\/\/www.estrategiaconcursos.com.br\/blog\/tce-sp-direito-civil\/","url":"https:\/\/www.estrategiaconcursos.com.br\/blog\/tce-sp-direito-civil\/","name":"TCE SP: Direito Civil resumido","isPartOf":{"@id":"https:\/\/www.estrategiaconcursos.com.br\/blog\/#website"},"primaryImageOfPage":{"@id":"https:\/\/www.estrategiaconcursos.com.br\/blog\/tce-sp-direito-civil\/#primaryimage"},"image":{"@id":"https:\/\/www.estrategiaconcursos.com.br\/blog\/tce-sp-direito-civil\/#primaryimage"},"thumbnailUrl":"https:\/\/dhg1h5j42swfq.cloudfront.net\/2023\/01\/13122527\/tce-sp-1.png","datePublished":"2023-02-02T23:24:21+00:00","description":"TCE SP: Direito Civil. \u00c1rea Controle. Tribunal de Contas do Estado de S\u00e3o Paulo. Direito Civil. Agente de Fiscaliza\u00e7\u00e3o","breadcrumb":{"@id":"https:\/\/www.estrategiaconcursos.com.br\/blog\/tce-sp-direito-civil\/#breadcrumb"},"inLanguage":"pt-BR","potentialAction":[{"@type":"ReadAction","target":["https:\/\/www.estrategiaconcursos.com.br\/blog\/tce-sp-direito-civil\/"]}]},{"@type":"ImageObject","inLanguage":"pt-BR","@id":"https:\/\/www.estrategiaconcursos.com.br\/blog\/tce-sp-direito-civil\/#primaryimage","url":"https:\/\/dhg1h5j42swfq.cloudfront.net\/2023\/01\/13122527\/tce-sp-1.png","contentUrl":"https:\/\/dhg1h5j42swfq.cloudfront.net\/2023\/01\/13122527\/tce-sp-1.png","width":153,"height":144,"caption":"TCE SP: Direito Civi"},{"@type":"BreadcrumbList","@id":"https:\/\/www.estrategiaconcursos.com.br\/blog\/tce-sp-direito-civil\/#breadcrumb","itemListElement":[{"@type":"ListItem","position":1,"name":"In\u00edcio","item":"https:\/\/www.estrategiaconcursos.com.br\/blog\/"},{"@type":"ListItem","position":2,"name":"TCE SP: Direito Civil resumido"}]},{"@type":"WebSite","@id":"https:\/\/www.estrategiaconcursos.com.br\/blog\/#website","url":"https:\/\/www.estrategiaconcursos.com.br\/blog\/","name":"Estrat\u00e9gia Concursos","description":"O blog da Estrat\u00e9gia Concursos traz not\u00edcias sobre concursos e artigos de professores oferecendo cursos para concursos (pdf + videaulas) no site.","publisher":{"@id":"https:\/\/www.estrategiaconcursos.com.br\/blog\/#organization"},"potentialAction":[{"@type":"SearchAction","target":{"@type":"EntryPoint","urlTemplate":"https:\/\/www.estrategiaconcursos.com.br\/blog\/?s={search_term_string}"},"query-input":{"@type":"PropertyValueSpecification","valueRequired":true,"valueName":"search_term_string"}}],"inLanguage":"pt-BR"},{"@type":"Organization","@id":"https:\/\/www.estrategiaconcursos.com.br\/blog\/#organization","name":"Estrat\u00e9gia Concursos","url":"https:\/\/www.estrategiaconcursos.com.br\/blog\/","logo":{"@type":"ImageObject","inLanguage":"pt-BR","@id":"https:\/\/www.estrategiaconcursos.com.br\/blog\/#\/schema\/logo\/image\/","url":"https:\/\/dhg1h5j42swfq.cloudfront.net\/2025\/06\/03203428\/logo_concursos-1.jpg","contentUrl":"https:\/\/dhg1h5j42swfq.cloudfront.net\/2025\/06\/03203428\/logo_concursos-1.jpg","width":230,"height":60,"caption":"Estrat\u00e9gia Concursos"},"image":{"@id":"https:\/\/www.estrategiaconcursos.com.br\/blog\/#\/schema\/logo\/image\/"},"sameAs":["https:\/\/x.com\/EstratConcursos"]},{"@type":"Person","@id":"https:\/\/www.estrategiaconcursos.com.br\/blog\/#\/schema\/person\/425ec856669a603120a09fed3a635808","name":"Felipe Fernando Azevedo da Rocha","image":{"@type":"ImageObject","inLanguage":"pt-BR","@id":"https:\/\/secure.gravatar.com\/avatar\/44e78a4aab2c02a437a87a334aee9a4ea82ca0e4757c2747232497482cfe5ba2?s=96&d=mm&r=g","url":"https:\/\/secure.gravatar.com\/avatar\/44e78a4aab2c02a437a87a334aee9a4ea82ca0e4757c2747232497482cfe5ba2?s=96&d=mm&r=g","contentUrl":"https:\/\/secure.gravatar.com\/avatar\/44e78a4aab2c02a437a87a334aee9a4ea82ca0e4757c2747232497482cfe5ba2?s=96&d=mm&r=g","caption":"Felipe Fernando Azevedo da Rocha"},"description":"Auditor de Finan\u00e7as da SEFAZ BA. P\u00f3s-Graduado em Direito Tribut\u00e1rio","url":"https:\/\/www.estrategiaconcursos.com.br\/blog\/author\/felipeazrogmail-com\/"}]}},"_links":{"self":[{"href":"https:\/\/www.estrategiaconcursos.com.br\/blog\/wp-json\/wp\/v2\/posts\/1152224","targetHints":{"allow":["GET"]}}],"collection":[{"href":"https:\/\/www.estrategiaconcursos.com.br\/blog\/wp-json\/wp\/v2\/posts"}],"about":[{"href":"https:\/\/www.estrategiaconcursos.com.br\/blog\/wp-json\/wp\/v2\/types\/post"}],"author":[{"embeddable":true,"href":"https:\/\/www.estrategiaconcursos.com.br\/blog\/wp-json\/wp\/v2\/users\/1462"}],"replies":[{"embeddable":true,"href":"https:\/\/www.estrategiaconcursos.com.br\/blog\/wp-json\/wp\/v2\/comments?post=1152224"}],"version-history":[{"count":5,"href":"https:\/\/www.estrategiaconcursos.com.br\/blog\/wp-json\/wp\/v2\/posts\/1152224\/revisions"}],"predecessor-version":[{"id":1162108,"href":"https:\/\/www.estrategiaconcursos.com.br\/blog\/wp-json\/wp\/v2\/posts\/1152224\/revisions\/1162108"}],"wp:featuredmedia":[{"embeddable":true,"href":"https:\/\/www.estrategiaconcursos.com.br\/blog\/wp-json\/wp\/v2\/media\/1152240"}],"wp:attachment":[{"href":"https:\/\/www.estrategiaconcursos.com.br\/blog\/wp-json\/wp\/v2\/media?parent=1152224"}],"wp:term":[{"taxonomy":"category","embeddable":true,"href":"https:\/\/www.estrategiaconcursos.com.br\/blog\/wp-json\/wp\/v2\/categories?post=1152224"},{"taxonomy":"post_tag","embeddable":true,"href":"https:\/\/www.estrategiaconcursos.com.br\/blog\/wp-json\/wp\/v2\/tags?post=1152224"},{"taxonomy":"tax_estado","embeddable":true,"href":"https:\/\/www.estrategiaconcursos.com.br\/blog\/wp-json\/wp\/v2\/tax_estado?post=1152224"}],"curies":[{"name":"wp","href":"https:\/\/api.w.org\/{rel}","templated":true}]}}