{"id":1152201,"date":"2023-02-02T08:00:00","date_gmt":"2023-02-02T11:00:00","guid":{"rendered":"https:\/\/www.estrategiaconcursos.com.br\/blog\/?p=1152201"},"modified":"2023-01-31T15:42:34","modified_gmt":"2023-01-31T18:42:34","slug":"camara-guarulhos-portugues","status":"publish","type":"post","link":"https:\/\/www.estrategiaconcursos.com.br\/blog\/camara-guarulhos-portugues\/","title":{"rendered":"C\u00e2mara de Guarulhos: Portugu\u00eas"},"content":{"rendered":"\n<p>No artigo de hoje, C\u00e2mara de Guarulhos: Portugu\u00eas resumido, ser\u00e1 apresentado um resumo dos principais pontos que voc\u00ea precisa saber para a prova, conforme an\u00e1lise da <a href=\"https:\/\/www.consulpam.com.br\/index.php?menu=concursos\">Consulpam<\/a>.<\/p>\n\n\n\n<figure class=\"wp-block-image aligncenter size-full\"><img loading=\"lazy\" decoding=\"async\" width=\"169\" height=\"119\" src=\"https:\/\/dhg1h5j42swfq.cloudfront.net\/2023\/01\/13114935\/camara-guarulhos.png\" alt=\"C\u00e2mara de Guarulhos: Portugu\u00eas\" class=\"wp-image-1152206\" srcset=\"https:\/\/dhg1h5j42swfq.cloudfront.net\/2023\/01\/13114935\/camara-guarulhos.png 169w, https:\/\/dhg1h5j42swfq.cloudfront.net\/2023\/01\/13114935\/camara-guarulhos-150x106.png 150w\" sizes=\"auto, (max-width: 169px) 100vw, 169px\" \/><figcaption class=\"wp-element-caption\">C\u00e2mara de Guarulhos<\/figcaption><\/figure>\n\n\n\n<p>Ser\u00e3o abordados os<strong> principais pontos cobrados sobre portugu\u00eas <\/strong>para o concurso da C\u00e2mara Municipal de Guarulhos. O objetivo \u00e9 gabaritar a prova.<\/p>\n\n\n\n<h2 class=\"wp-block-heading\" id=\"h-camara-de-guarulhos-portugues-verbos-irregulares-e-anomalos\">C\u00e2mara de Guarulhos: Portugu\u00eas \u2013 Verbos Irregulares e An\u00f4malos<\/h2>\n\n\n\n<p>Os verbos irregulares <strong>possuem altera\u00e7\u00f5es no seu radical ou nas suas desin\u00eancias (flex\u00e3o)<\/strong>.<\/p>\n\n\n\n<p>Dessa forma, essas <strong>altera\u00e7\u00f5es devem ser gr\u00e1ficas e fon\u00e9ticas, ao mesmo tempo, para dar ao verbo o car\u00e1ter irregular<\/strong>.<\/p>\n\n\n\n<p>Exemplo: saber (eu sei, ele soube), medir (eu me\u00e7o, tu medes), dar (eu dei, ele deu).<\/p>\n\n\n\n<p><strong>Agir (eu ajo): n\u00e3o \u00e9 irregular, porque a altera\u00e7\u00e3o foi apenas fon\u00e9tica.<\/strong><\/p>\n\n\n\n<p><strong>Verbos an\u00f4malos<\/strong><\/p>\n\n\n\n<p>Os verbos an\u00f4malos s\u00e3o os irregulares que possuem varia\u00e7\u00f5es mais graves.<\/p>\n\n\n\n<p><strong>Exemplo: ser e ir (s\u00e3o apenas esses dois).<\/strong>&nbsp;<\/p>\n\n\n\n<h2 class=\"wp-block-heading\" id=\"h-camara-de-guarulhos-portugues-coerencia-e-coesao\">C\u00e2mara de Guarulhos: Portugu\u00eas &#8211; Coer\u00eancia e Coes\u00e3o<\/h2>\n\n\n\n<p>A <strong>coer\u00eancia<\/strong> estabelece um <strong>sentido<\/strong> para o texto e faz com que este tenha uma adequada rela\u00e7\u00e3o com seu receptor. De outro lado, a coer\u00eancia \u00e9 a respons\u00e1vel pela continuidade dos sentidos no texto.<\/p>\n\n\n\n<p>Assim, a<strong> coes\u00e3o<\/strong> \u00e9 a respons\u00e1vel pela <strong>conex\u00e3o e liga\u00e7\u00e3o<\/strong>, entre as partes do texto, por meio dos chamados mecanismos de coes\u00e3o textual.<\/p>\n\n\n\n<p><strong>Dessa forma, os mecanismos coesivos nem sempre s\u00e3o suficientes ou necess\u00e1rios para que a coer\u00eancia se estabele\u00e7a de forma completa.<\/strong><\/p>\n\n\n\n<p>Os elementos podem ser endof\u00f3ricos ou exof\u00f3ricos.<\/p>\n\n\n\n<p>O elemento endof\u00f3rico \u00e9 aquele referente dentro do texto. Assim, pode-se subdividir em:<\/p>\n\n\n\n<ul class=\"wp-block-list\">\n<li>Anaf\u00f3rico: mencionado antes do termo referente.<\/li>\n\n\n\n<li>Cataf\u00f3rico: &#8211; mencionado depois do termo referente.<\/li>\n<\/ul>\n\n\n\n<p>De outro lado, o elemento exof\u00f3rico \u00e9 aquele que faz refer\u00eancia a um elemento fora do texto.<\/p>\n\n\n\n<h2 class=\"wp-block-heading\">Recurso d\u00eaitico<\/h2>\n\n\n\n<p>\u00c9 um elemento lingu\u00edstico que designa algo mostrando, e n\u00e3o conceituando. Ou seja, o elemento d\u00eaitico aponta por meio da linguagem. Assim, ele mostra, verbalmente, as condi\u00e7\u00f5es ou informa\u00e7\u00f5es contextuais em que determinado enunciado ou texto \u00e9 produzido.<\/p>\n\n\n\n<p><strong>D\u00eaitico espacial:<\/strong> indica o lugar onde o redator est\u00e1, ou seja, marca a localiza\u00e7\u00e3o espacial.<\/p>\n\n\n\n<p><strong>D\u00eaitico temporal:<\/strong> marca a localiza\u00e7\u00e3o temporal, o momento em que o redator se encontra.<\/p>\n\n\n\n<p><strong>D\u00eaitico subjetivo:<\/strong>&nbsp; mostra tra\u00e7os de quem redige ou fala. Ele marca o papel dos participantes na situa\u00e7\u00e3o relatada &#8211; o relator \u00e9 o marco de refer\u00eancia.<\/p>\n\n\n\n<p>Neste caso, registra-se que n\u00e3o \u00e9 necess\u00e1ria a presen\u00e7a do pronome eu para que exista uma marca d\u00eaitica na ora\u00e7\u00e3o acima. Portanto, bastaria estar escrito: \u201cDefendo o voto facultativo\u201d, pois, pela conjuga\u00e7\u00e3o verbal, j\u00e1 se percebe tratar-se da 1\u00aa pessoa do singular.<\/p>\n\n\n\n<p>Assim, alerta-se para termos cuidado com o uso do d\u00eaitico subjetivo (pessoal): a depender de como, quando e quanto ele \u00e9 utilizado, o elemento pode trazer alto grau de subjetividade ao texto<strong>.<\/strong><\/p>\n\n\n\n<h2 class=\"wp-block-heading\" id=\"h-coesao-sequencial\">Coes\u00e3o Sequencial<\/h2>\n\n\n\n<p>A coes\u00e3o sequ\u00eancia \u00e9 a constru\u00e7\u00e3o de elementos e refer\u00eancia com operadores argumentativos.<\/p>\n\n\n\n<p>Esses operadores s\u00e3o, em grande parte, as conjun\u00e7\u00f5es coordenativas, subordinativas adverbiais, locu\u00e7\u00f5es conjuntivas, preposi\u00e7\u00f5es, locu\u00e7\u00f5es prepositivas.<\/p>\n\n\n\n<p>A coes\u00e3o sequencial se refere basicamente \u00e0 liga\u00e7\u00e3o de palavras, ora\u00e7\u00f5es, par\u00e1grafos.<\/p>\n\n\n\n<p><strong>Oposi\u00e7\u00e3o, contraste, adversidade, compensa\u00e7\u00e3o, concess\u00e3o:<\/strong><\/p>\n\n\n\n<p>mas, por\u00e9m, todavia, contudo, entretanto, no entanto, n\u00e3o obstante, pelo contr\u00e1rio, em contraste com, exceto por, por outro lado, ainda que, mesmo (que), apesar de, em detrimento de, <strong>a despeito de<\/strong>, conquanto, se bem que.<\/p>\n\n\n\n<p><strong>Tempo:<\/strong><\/p>\n\n\n\n<p>quando, logo que, depois que, antes que, sempre que, desde que, at\u00e9 que, assim que, enquanto, mal, apenas, finalmente, enfim, por fim, atualmente, logo ap\u00f3s, ao mesmo tempo, enquanto isso, frequentemente, eventualmente, se.<\/p>\n\n\n\n<p><strong>Objetivo, finalidade, prop\u00f3sito, inten\u00e7\u00e3o:<\/strong><\/p>\n\n\n\n<p>para, para que (porque), a fim de que, com o objetivo (intuito, escopo), com o fim de, com a finalidade de, a fim de.<\/p>\n\n\n\n<p><strong>Prioridade, relev\u00e2ncia, ordem:<\/strong><\/p>\n\n\n\n<p>primeiramente, precipuamente, em primeiro lugar, primeiro, antes de mais nada, acima de tudo, sobretudo, por \u00faltimo, antes de tudo.<\/p>\n\n\n\n<p><strong>Ilustra\u00e7\u00e3o, esclarecimento, exemplifica\u00e7\u00e3o ou retifica\u00e7\u00e3o:<\/strong><\/p>\n\n\n\n<p>ou seja, isto \u00e9, vale dizer ainda, a saber, melhor dizendo, quer dizer, ou melhor, ou antes, na realidade, ali\u00e1s, por exemplo, em outras palavras.<\/p>\n\n\n\n<p><strong>Contraposi\u00e7\u00e3o:<\/strong><\/p>\n\n\n\n<p>de um lado, de (ou por) outro lado.<\/p>\n\n\n\n<p><strong>Inclus\u00e3o:<\/strong><\/p>\n\n\n\n<p>inclusive, ainda, mesmo, at\u00e9, tamb\u00e9m.<\/p>\n\n\n\n<p><strong>Resumo, recapitula\u00e7\u00e3o:<\/strong><\/p>\n\n\n\n<p>em suma, em s\u00edntese, enfim, dessa maneira, em resumo, recapitulando, em conclus\u00e3o, portanto.<\/p>\n\n\n\n<p><strong>Proporcionalidade, simultaneidade, concomit\u00e2ncia de fatos:<\/strong><\/p>\n\n\n\n<p>\u00e0 propor\u00e7\u00e3o que, \u00e0 medida que, ao passo que, quanto mais (menos, menor, maior, melhor, pior).<\/p>\n\n\n\n<h2 class=\"wp-block-heading\"><mark>C\u00e2mara<\/mark> de <mark>Guarulhos<\/mark>: <mark>Portugu\u00eas<\/mark> -Outros tipos<\/h2>\n\n\n\n<p><strong>Acordo, conformidade:<\/strong><\/p>\n\n\n\n<p>conforme (ou como), consoante, segundo, que.<\/p>\n\n\n\n<p><strong>D\u00favida, condi\u00e7\u00e3o, hip\u00f3tese:<\/strong><\/p>\n\n\n\n<p>se, caso, <strong>contanto que<\/strong>, exceto se, desde que (verbo no subjuntivo), a menos que, a n\u00e3o ser que, exceto se, provavelmente, <strong>\u00e9 prov\u00e1vel que<\/strong>, possivelmente, <strong>n\u00e3o \u00e9 certo que<\/strong>, se \u00e9 que.<\/p>\n\n\n\n<p><strong>Explica\u00e7\u00e3o, motivo, raz\u00e3o, causa:<\/strong><\/p>\n\n\n\n<p>porque, que, porquanto, sen\u00e3o, pois (antes do verbo), visto que (ou como), uma vez que, j\u00e1 que, dado que, na medida em que, em virtude de, devido a, por motivo (causa, raz\u00e3o de), gra\u00e7as a, em decorr\u00eancia de, como, por isso.<\/p>\n\n\n\n<p><strong>Conclus\u00e3o, consequ\u00eancia:<\/strong><\/p>\n\n\n\n<p>como resultado, por consequ\u00eancia, logo, portanto, por isso, por conseguinte, ent\u00e3o, assim, em vista disso, sendo assim, pois (depois do verbo), de modo (forma, maneira, sorte que).<\/p>\n\n\n\n<p><strong>Altern\u00e2ncia, exclus\u00e3o:<\/strong><\/p>\n\n\n\n<p>ou&#8230;ou, ora&#8230;ora, quer&#8230;quer, j\u00e1&#8230;j\u00e1, umas vezes&#8230;outras vezes, talvez&#8230;talvez, seja&#8230;seja&#8230;, ou.<\/p>\n\n\n\n<p><strong>Continua\u00e7\u00e3o, soma, acr\u00e9scimo, adi\u00e7\u00e3o:<\/strong><\/p>\n\n\n\n<p>e, nem (e n\u00e3o), n\u00e3o s\u00f3 (apenas, somente), tanto quanto (como), al\u00e9m de, al\u00e9m disso, tamb\u00e9m, ainda, <strong>outrossim<\/strong>, ainda mais, ademais.<\/p>\n\n\n\n<h2 class=\"wp-block-heading\" id=\"h-camara-de-guarulhos-portugues-flexao-de-numero-de-substantivo\">C\u00e2mara de Guarulhos: Portugu\u00eas &#8211; Flex\u00e3o de n\u00famero de substantivo<\/h2>\n\n\n\n<p><strong>Regra Geral<\/strong><\/p>\n\n\n\n<p><strong>A regra geral forma o plural ao se acrescentar a desin\u00eancia \u201cs\u201d ao singular, caso os substantivos terminem por vogal ou ditongo.<\/strong><\/p>\n\n\n\n<p>Exemplos: menino(s), casa(s), cidade(s), areia(s).<\/p>\n\n\n\n<p><strong>Regras Especiais<\/strong><\/p>\n\n\n\n<p><strong>Substantivos terminados em \u201cR\u201d ou \u201cZ\u201d: acrescenta-se \u201cES\u201d ao singular.<\/strong><\/p>\n\n\n\n<p>Exemplos: corEs, florEs, amorEs, nozEs.<\/p>\n\n\n\n<p><strong>Substantivos terminados em \u201cAL\u201d, \u201cEL\u201d, \u201cOL\u201d: troca-se o \u201cL\u201d final por \u201cIS\u201d.<\/strong><\/p>\n\n\n\n<p>Exemplos: portal(is), papel(is), anzol(is).<\/p>\n\n\n\n<p>Exce\u00e7\u00f5es: mal\/males, consul\/c\u00f4nsules<\/p>\n\n\n\n<p><strong>Substantivos terminados em \u201cIL\u201d: caso sejam ox\u00edtonos, troca-se o \u201cL\u201d final por \u201cS\u201d e parox\u00edtonos, troca-se o \u201cIL\u201d final por \u201cEIS\u201d.<\/strong><\/p>\n\n\n\n<p>Exemplos: f\u00f3ssEIS.<\/p>\n\n\n\n<p><strong>Substantivos terminados em \u201cS\u201d: caso sejam ox\u00edtonos ou monoss\u00edlabos, acrescenta-se \u201cES\u201d e parox\u00edtonos ou proparox\u00edtonos, permanecem invari\u00e1veis (flexiona-se o artigo que os acompanha). No segundo caso, s\u00e3o denominados substantivos comuns de dois n\u00fameros.<\/strong><\/p>\n\n\n\n<p>Exemplos: meses, gases, pa\u00edses, o(s) pires, o(s) \u00f4nibus, o(s) b\u00f4nus, o(s) v\u00edrus.<\/p>\n\n\n\n<p><strong>Substantivos terminados em \u201cM\u201d: troca-se \u201cM\u201d por \u201cNS\u201d.<\/strong><\/p>\n\n\n\n<p>Exemplos: bomboNS, \u00e1lbuNS, iteNS.<\/p>\n\n\n\n<p><strong>Substantivos terminados em \u201c\u00c3O\u201d: alguns substantivos apresentam a forma pluralizada em \u201c\u00c3OS\u201d, \u201c\u00d5ES\u201d ou \u201c\u00c3ES\u201d. N\u00e3o h\u00e1 uma regra fixa, h\u00e1 que se memorizar. Por isso, preste aten\u00e7\u00e3o nessas palavras ao fazer suas leituras e estudos, isso ajuda na memoriza\u00e7\u00e3o.<\/strong><\/p>\n\n\n\n<p>Exemplos: \u00f3rg\u00e3os, \u00f3rf\u00e3os, b\u00ean\u00e7\u00e3os, cidad\u00e3os, caix\u00f5es, lim\u00f5es, foli\u00f5es, mel\u00f5es, p\u00e3es, <strong>guardi\u00e3es<\/strong>,<strong> tabeli\u00e3es<\/strong>, alem\u00e3es.<\/p>\n\n\n\n<h2 class=\"wp-block-heading\">C\u00e2mara de Guarulhos: Portugu\u00eas &#8211; <strong>Substantivos Compostos<\/strong><\/h2>\n\n\n\n<p>O substantivo composto se forma pela justaposi\u00e7\u00e3o ou aglutina\u00e7\u00e3o de dois ou mais radicais. Usamos as regras a seguir.<\/p>\n\n\n\n<p><strong>Os dois elementos variam:<\/strong><\/p>\n\n\n\n<p>Se o substantivo for formado por: <strong>substantivo + substantivo.<\/strong><\/p>\n\n\n\n<p>Exemplos: couves-flores, mestres-salas, porcos-espinhos.<\/p>\n\n\n\n<p>Se o substantivo for formado por: <strong>substantivo + adjetivo.<\/strong><\/p>\n\n\n\n<p>Exemplos: obras-primas, guardas-noturnos, amores-perfeitos, cachorros-quentes.<\/p>\n\n\n\n<p>Se o substantivo for formado por: <strong>adjetivo + substantivo.<\/strong><\/p>\n\n\n\n<p>Exemplos: boas-vindas, longas-metragens, m\u00e1s-l\u00ednguas, gentis-homens.<\/p>\n\n\n\n<p>Se o substantivo for formado por: <strong>numeral + substantivo.<\/strong><\/p>\n\n\n\n<p>Exemplos: quartas-feiras.<\/p>\n\n\n\n<p><strong>Apenas o primeiro elemento varia:<\/strong><\/p>\n\n\n\n<p>Se o substantivo for formado por: <strong>substantivo + preposi\u00e7\u00e3o + substantivo.<\/strong><\/p>\n\n\n\n<p>Exemplos: p\u00e3es de l\u00f3, escolas de samba, p\u00e9s de moleque.<\/p>\n\n\n\n<p>Se o substantivo for formado por: <strong>substantivo + substantivo, e o segundo funcionar como determinante (ex: adjetivo) do primeiro.<\/strong><\/p>\n\n\n\n<p>Exemplos: navio(s)-escola, sal\u00e1rios(s)-fam\u00edlia, peixe(s)-espada, banana(s)-ouro, homem(s)-r\u00e3, not\u00edcias-bomba, palavras-chave.<\/p>\n\n\n\n<p><strong>Apenas o segundo elemento varia:<\/strong><\/p>\n\n\n\n<p>Se o substantivo for formado por: <strong>palavras repetidas.<\/strong><\/p>\n\n\n\n<p>Exemplos: tico-ticos, reco-recos.<\/p>\n\n\n\n<p>Se o substantivo for formado por: <strong>verbo + substantivo<\/strong>.<\/p>\n\n\n\n<p>Exemplos: beija-flores, guarda-roupas.<\/p>\n\n\n\n<p>Se o substantivo for formado por: <strong>palavra invari\u00e1vel + palavra vari\u00e1vel.<\/strong><\/p>\n\n\n\n<p>Exemplos: ave-marias, abaixo-assinados.<\/p>\n\n\n\n<p><strong>Se o substantivo for formado por: elementos n\u00e3o ligados por h\u00edfen e que formam uma s\u00f3 palavra.<\/strong><\/p>\n\n\n\n<p>Exemplos: aguardentes, planaltos, girass\u00f3is.<\/p>\n\n\n\n<p>Se o substantivo for formado por: <strong>redu\u00e7\u00e3o + substantivo<\/strong>.<\/p>\n\n\n\n<p>Exemplos: gr\u00e3o-mestres, bel-prazeres.<\/p>\n\n\n\n<p><strong>Nenhum elemento varia:<\/strong><\/p>\n\n\n\n<p>Se o substantivo for formado por: <strong>verbo + adv\u00e9rbio.<\/strong><\/p>\n\n\n\n<p>Exemplo: o(s) bota-fora.<\/p>\n\n\n\n<p>Se o substantivo for formado por: <strong>verbo + substantivo plural.<\/strong><\/p>\n\n\n\n<p>Exemplos: o(s) salva-vidas, o(s) saca-rolhas.<\/p>\n\n\n\n<h2 class=\"wp-block-heading\" id=\"h-camara-de-guarulhos-portugues-colocacao-pronominal\"><mark>C\u00e2mara<\/mark> de <mark>Guarulhos<\/mark>: <mark>Portugu\u00eas<\/mark> &#8211; Coloca\u00e7\u00e3o Pronominal<\/h2>\n\n\n\n<p>Trata, em resumo, da<strong><em> posi\u00e7\u00e3o adequada<\/em><\/strong> dos <strong>pronomes obl\u00edquos \u00e1tonos<\/strong> junto aos verbos.<\/p>\n\n\n\n<p>Assim, n\u00e3o h\u00e1 d\u00favidas quanto \u00e0 posi\u00e7\u00e3o do <strong><em>pronome obl\u00edquo t\u00f4nico<\/em><\/strong>. Isso porque ele <strong><em>sempre vir\u00e1 ap\u00f3s a preposi\u00e7\u00e3o.<\/em><\/strong><\/p>\n\n\n\n<p>Dessa forma, a regra \u00e9 o uso da \u00eanclise, mas o pronome obl\u00edquo \u00e1tono com rela\u00e7\u00e3o ao verbo pode-se destacar das seguintes formas:<\/p>\n\n\n\n<ul class=\"wp-block-list\">\n<li><strong>PR\u00d3CLISE<\/strong>: antes do verbo.<\/li>\n\n\n\n<li><strong>\u00caNCLISE<\/strong>: depois do verbo.<\/li>\n\n\n\n<li><strong>MES\u00d3CLISE<\/strong>: no meio do verbo.<\/li>\n<\/ul>\n\n\n\n<p>Assim, a regra \u00e9 o uso da \u00caNCLISE.<\/p>\n\n\n\n<p>Regras proibitivas<\/p>\n\n\n\n<ol class=\"wp-block-list\" type=\"1\">\n<li><strong>Proibido iniciar o per\u00edodo com o pronome obl\u00edquo \u00e1tono.<\/strong><\/li>\n<\/ol>\n\n\n\n<ul class=\"wp-block-list\">\n<li><strong>\u00c9 proibida a \u00eanclise se o verbo estiver no futuro ou no partic\u00edpio.<\/strong><\/li>\n<\/ul>\n\n\n\n<p>&nbsp;Uso obrigat\u00f3rio da pr\u00f3clise<\/p>\n\n\n\n<p><strong>Se houver, antes do verbo, as seguintes<\/strong> <strong>palavras atrativas<\/strong>:<\/p>\n\n\n\n<ul class=\"wp-block-list\">\n<li><strong>Palavras de valor negativo<\/strong> (nunca, jamais, ningu\u00e9m, nenhum, nada, nem, tampouco, sequer)<\/li>\n\n\n\n<li><strong>Pronomes indefinidos<\/strong> (algu\u00e9m, algum, ningu\u00e9m, tudo, todos, qualquer, outro, outrem, nada, algo, cada, v\u00e1rios, tanto)<\/li>\n\n\n\n<li><strong>Pronomes demonstrativos<\/strong> (esse, essa, isso, este, esta, isto, aquele, aquela, aquilo)<\/li>\n\n\n\n<li><strong>Pronomes relativos<\/strong> (que, o qual, a qual, os quais, as quais, quem, cujo, cuja, cujos, cujas, onde, como)<\/li>\n\n\n\n<li><strong>Pronomes interrogativos<\/strong><\/li>\n\n\n\n<li><strong>Numeral \u201cAMBOS\u201d<\/strong><\/li>\n\n\n\n<li><strong>Adv\u00e9rbios<\/strong> (aqui, j\u00e1, apenas, somente, s\u00f3, talvez, ainda, sempre, tamb\u00e9m, at\u00e9, inclusive, mesmo, hoje, provavelmente, onde, como, quando)<\/li>\n\n\n\n<li><strong>Conjun\u00e7\u00f5es subordinativas<\/strong> (que, \u00e0 medida que, j\u00e1 que, assim que, quando, se, consoante, porque, embora, enquanto, como)<\/li>\n\n\n\n<li><strong>Conjun\u00e7\u00f5es coordenativas alternativas<\/strong> (Ou&#8230; ou, ora&#8230; ora, quer&#8230; quer&#8230;)<\/li>\n<\/ul>\n\n\n\n<h2 class=\"wp-block-heading\">Uso da mes\u00f3clise<\/h2>\n\n\n\n<ol class=\"wp-block-list\" type=\"1\">\n<li><strong>Quando o verbo estiver no futuro do presente do indicativo, sem palavra atrativa que obrigue a pr\u00f3clise.<\/strong>&nbsp;<\/li>\n<\/ol>\n\n\n\n<ul class=\"wp-block-list\">\n<li><strong>Quando o verbo estiver no futuro do pret\u00e9rito do indicativo, sem palavra atrativa que obrigue a pr\u00f3clise.<\/strong><\/li>\n<\/ul>\n\n\n\n<p><strong>Observa\u00e7\u00e3o:<\/strong><\/p>\n\n\n\n<p>Sem palavra atrativa que force a pr\u00f3clise, ser\u00e1 facultativo o uso da pr\u00f3clise ou de mes\u00f3clise (nunca da \u00eanclise).<\/p>\n\n\n\n<p>Concluindo este artigo, pode-se afirmar que foram trazidos temas recorrentes em prova e certos na sua prova de Portugu\u00eas.<\/p>\n\n\n\n<p>Assim, foque em saber n\u00e3o s\u00f3 o conceito e as especificidades dos temas acima, mas tamb\u00e9m na resolu\u00e7\u00e3o massiva do m\u00e1ximo de quest\u00f5es poss\u00edveis da banca.<\/p>\n\n\n\n<p>Um abra\u00e7o e bons estudos!<\/p>\n\n\n\n<h2 class=\"has-text-align-center wp-block-heading\" id=\"quer-saber-tudo-sobre-concursos-previstos-confira-nossos-artigos\">Quer saber tudo sobre concursos previstos?<br \/>Confira nossos artigos!<\/h2>\n\n\n\n<p class=\"has-text-align-center has-pale-cyan-blue-background-color has-background has-medium-font-size\"><a href=\"https:\/\/www.estrategiaconcursos.com.br\/blog\/concursos-abertos\/\" target=\"_blank\" rel=\"noreferrer noopener\">Concursos abertos<\/a><\/p>\n\n\n\n<p class=\"has-text-align-center has-pale-cyan-blue-background-color has-background has-medium-font-size\"><a href=\"https:\/\/www.estrategiaconcursos.com.br\/blog\/concursos-2023\/\" target=\"_blank\" rel=\"noreferrer noopener\">Concursos 2023<\/a><\/p>\n","protected":false},"excerpt":{"rendered":"<p>No artigo de hoje, C\u00e2mara de Guarulhos: Portugu\u00eas resumido, ser\u00e1 apresentado um resumo dos principais pontos que voc\u00ea precisa saber para a prova, conforme an\u00e1lise da Consulpam. Ser\u00e3o abordados os principais pontos cobrados sobre portugu\u00eas para o concurso da C\u00e2mara Municipal de Guarulhos. O objetivo \u00e9 gabaritar a prova. C\u00e2mara de Guarulhos: Portugu\u00eas \u2013 Verbos [&hellip;]<\/p>\n","protected":false},"author":1462,"featured_media":1152207,"comment_status":"open","ping_status":"closed","sticky":false,"template":"","format":"standard","meta":{"post_tipo":"article","footnotes":""},"categories":[1],"tags":[1836,221280],"tax_estado":[219989],"class_list":["post-1152201","post","type-post","status-publish","format-standard","has-post-thumbnail","hentry","category-cursos-e-concursos","tag-concurso-legislativo","tag-guarulhos","tax_estado-sp"],"acf":[],"yoast_head":"<!-- This site is optimized with the Yoast SEO Premium plugin v27.2 (Yoast SEO v27.2) - https:\/\/yoast.com\/product\/yoast-seo-premium-wordpress\/ -->\n<title>C\u00e2mara de Guarulhos: Portugu\u00eas<\/title>\n<meta name=\"description\" content=\"C\u00e2mara de Guarulhos: Portugu\u00eas. Concurso da \u00e1rea legislativa. Resumo de Portugu\u00eas. Poder Legislativo. C\u00e2mara de Guarulhos.\" \/>\n<meta name=\"robots\" content=\"index, follow, max-snippet:-1, max-image-preview:large, max-video-preview:-1\" \/>\n<link rel=\"canonical\" href=\"https:\/\/www.estrategiaconcursos.com.br\/blog\/camara-guarulhos-portugues\/\" \/>\n<meta property=\"og:locale\" content=\"pt_BR\" \/>\n<meta property=\"og:type\" content=\"article\" \/>\n<meta property=\"og:title\" content=\"C\u00e2mara de Guarulhos: Portugu\u00eas\" \/>\n<meta property=\"og:description\" content=\"C\u00e2mara de Guarulhos: Portugu\u00eas. Concurso da \u00e1rea legislativa. Resumo de Portugu\u00eas. Poder Legislativo. C\u00e2mara de Guarulhos.\" \/>\n<meta property=\"og:url\" content=\"https:\/\/www.estrategiaconcursos.com.br\/blog\/camara-guarulhos-portugues\/\" \/>\n<meta property=\"og:site_name\" content=\"Estrat\u00e9gia Concursos\" \/>\n<meta property=\"article:published_time\" content=\"2023-02-02T11:00:00+00:00\" \/>\n<meta property=\"og:image\" content=\"https:\/\/dhg1h5j42swfq.cloudfront.net\/2023\/01\/13115002\/camara-guarulhos-1.png\" \/>\n\t<meta property=\"og:image:width\" content=\"169\" \/>\n\t<meta property=\"og:image:height\" content=\"119\" \/>\n\t<meta property=\"og:image:type\" content=\"image\/png\" \/>\n<meta name=\"author\" content=\"Felipe Fernando Azevedo da Rocha\" \/>\n<meta name=\"twitter:card\" content=\"summary_large_image\" \/>\n<meta name=\"twitter:creator\" content=\"@EstratConcursos\" \/>\n<meta name=\"twitter:site\" content=\"@EstratConcursos\" \/>\n<meta name=\"twitter:label1\" content=\"Escrito por\" \/>\n\t<meta name=\"twitter:data1\" content=\"Felipe Fernando Azevedo da Rocha\" \/>\n\t<meta name=\"twitter:label2\" content=\"Est. tempo de leitura\" \/>\n\t<meta name=\"twitter:data2\" content=\"9 minutos\" \/>\n<script type=\"application\/ld+json\" class=\"yoast-schema-graph\">{\"@context\":\"https:\/\/schema.org\",\"@graph\":[{\"@type\":\"NewsArticle\",\"@id\":\"https:\/\/www.estrategiaconcursos.com.br\/blog\/camara-guarulhos-portugues\/#article\",\"isPartOf\":{\"@id\":\"https:\/\/www.estrategiaconcursos.com.br\/blog\/camara-guarulhos-portugues\/\"},\"author\":{\"name\":\"Felipe Fernando Azevedo da Rocha\",\"@id\":\"https:\/\/www.estrategiaconcursos.com.br\/blog\/#\/schema\/person\/425ec856669a603120a09fed3a635808\"},\"headline\":\"C\u00e2mara de Guarulhos: Portugu\u00eas\",\"datePublished\":\"2023-02-02T11:00:00+00:00\",\"mainEntityOfPage\":{\"@id\":\"https:\/\/www.estrategiaconcursos.com.br\/blog\/camara-guarulhos-portugues\/\"},\"wordCount\":1886,\"commentCount\":0,\"publisher\":{\"@id\":\"https:\/\/www.estrategiaconcursos.com.br\/blog\/#organization\"},\"image\":{\"@id\":\"https:\/\/www.estrategiaconcursos.com.br\/blog\/camara-guarulhos-portugues\/#primaryimage\"},\"thumbnailUrl\":\"https:\/\/dhg1h5j42swfq.cloudfront.net\/2023\/01\/13115002\/camara-guarulhos-1.png\",\"keywords\":[\"concurso legislativo\",\"Guarulhos\"],\"articleSection\":[\"Concursos P\u00fablicos\"],\"inLanguage\":\"pt-BR\",\"potentialAction\":[{\"@type\":\"CommentAction\",\"name\":\"Comment\",\"target\":[\"https:\/\/www.estrategiaconcursos.com.br\/blog\/camara-guarulhos-portugues\/#respond\"]}],\"copyrightYear\":\"2023\",\"copyrightHolder\":{\"@id\":\"https:\/\/www.estrategiaconcursos.com.br\/blog\/#organization\"}},{\"@type\":\"WebPage\",\"@id\":\"https:\/\/www.estrategiaconcursos.com.br\/blog\/camara-guarulhos-portugues\/\",\"url\":\"https:\/\/www.estrategiaconcursos.com.br\/blog\/camara-guarulhos-portugues\/\",\"name\":\"C\u00e2mara de Guarulhos: Portugu\u00eas\",\"isPartOf\":{\"@id\":\"https:\/\/www.estrategiaconcursos.com.br\/blog\/#website\"},\"primaryImageOfPage\":{\"@id\":\"https:\/\/www.estrategiaconcursos.com.br\/blog\/camara-guarulhos-portugues\/#primaryimage\"},\"image\":{\"@id\":\"https:\/\/www.estrategiaconcursos.com.br\/blog\/camara-guarulhos-portugues\/#primaryimage\"},\"thumbnailUrl\":\"https:\/\/dhg1h5j42swfq.cloudfront.net\/2023\/01\/13115002\/camara-guarulhos-1.png\",\"datePublished\":\"2023-02-02T11:00:00+00:00\",\"description\":\"C\u00e2mara de Guarulhos: Portugu\u00eas. Concurso da \u00e1rea legislativa. Resumo de Portugu\u00eas. Poder Legislativo. C\u00e2mara de Guarulhos.\",\"breadcrumb\":{\"@id\":\"https:\/\/www.estrategiaconcursos.com.br\/blog\/camara-guarulhos-portugues\/#breadcrumb\"},\"inLanguage\":\"pt-BR\",\"potentialAction\":[{\"@type\":\"ReadAction\",\"target\":[\"https:\/\/www.estrategiaconcursos.com.br\/blog\/camara-guarulhos-portugues\/\"]}]},{\"@type\":\"ImageObject\",\"inLanguage\":\"pt-BR\",\"@id\":\"https:\/\/www.estrategiaconcursos.com.br\/blog\/camara-guarulhos-portugues\/#primaryimage\",\"url\":\"https:\/\/dhg1h5j42swfq.cloudfront.net\/2023\/01\/13115002\/camara-guarulhos-1.png\",\"contentUrl\":\"https:\/\/dhg1h5j42swfq.cloudfront.net\/2023\/01\/13115002\/camara-guarulhos-1.png\",\"width\":169,\"height\":119,\"caption\":\"C\u00e2mara de Guarulhos: Portugu\u00eas\"},{\"@type\":\"BreadcrumbList\",\"@id\":\"https:\/\/www.estrategiaconcursos.com.br\/blog\/camara-guarulhos-portugues\/#breadcrumb\",\"itemListElement\":[{\"@type\":\"ListItem\",\"position\":1,\"name\":\"In\u00edcio\",\"item\":\"https:\/\/www.estrategiaconcursos.com.br\/blog\/\"},{\"@type\":\"ListItem\",\"position\":2,\"name\":\"C\u00e2mara de Guarulhos: Portugu\u00eas\"}]},{\"@type\":\"WebSite\",\"@id\":\"https:\/\/www.estrategiaconcursos.com.br\/blog\/#website\",\"url\":\"https:\/\/www.estrategiaconcursos.com.br\/blog\/\",\"name\":\"Estrat\u00e9gia Concursos\",\"description\":\"O blog da Estrat\u00e9gia Concursos traz not\u00edcias sobre concursos e artigos de professores oferecendo cursos para concursos (pdf + videaulas) no site.\",\"publisher\":{\"@id\":\"https:\/\/www.estrategiaconcursos.com.br\/blog\/#organization\"},\"potentialAction\":[{\"@type\":\"SearchAction\",\"target\":{\"@type\":\"EntryPoint\",\"urlTemplate\":\"https:\/\/www.estrategiaconcursos.com.br\/blog\/?s={search_term_string}\"},\"query-input\":{\"@type\":\"PropertyValueSpecification\",\"valueRequired\":true,\"valueName\":\"search_term_string\"}}],\"inLanguage\":\"pt-BR\"},{\"@type\":\"Organization\",\"@id\":\"https:\/\/www.estrategiaconcursos.com.br\/blog\/#organization\",\"name\":\"Estrat\u00e9gia Concursos\",\"url\":\"https:\/\/www.estrategiaconcursos.com.br\/blog\/\",\"logo\":{\"@type\":\"ImageObject\",\"inLanguage\":\"pt-BR\",\"@id\":\"https:\/\/www.estrategiaconcursos.com.br\/blog\/#\/schema\/logo\/image\/\",\"url\":\"https:\/\/dhg1h5j42swfq.cloudfront.net\/2025\/06\/03203428\/logo_concursos-1.jpg\",\"contentUrl\":\"https:\/\/dhg1h5j42swfq.cloudfront.net\/2025\/06\/03203428\/logo_concursos-1.jpg\",\"width\":230,\"height\":60,\"caption\":\"Estrat\u00e9gia Concursos\"},\"image\":{\"@id\":\"https:\/\/www.estrategiaconcursos.com.br\/blog\/#\/schema\/logo\/image\/\"},\"sameAs\":[\"https:\/\/x.com\/EstratConcursos\"]},{\"@type\":\"Person\",\"@id\":\"https:\/\/www.estrategiaconcursos.com.br\/blog\/#\/schema\/person\/425ec856669a603120a09fed3a635808\",\"name\":\"Felipe Fernando Azevedo da Rocha\",\"image\":{\"@type\":\"ImageObject\",\"inLanguage\":\"pt-BR\",\"@id\":\"https:\/\/secure.gravatar.com\/avatar\/44e78a4aab2c02a437a87a334aee9a4ea82ca0e4757c2747232497482cfe5ba2?s=96&d=mm&r=g\",\"url\":\"https:\/\/secure.gravatar.com\/avatar\/44e78a4aab2c02a437a87a334aee9a4ea82ca0e4757c2747232497482cfe5ba2?s=96&d=mm&r=g\",\"contentUrl\":\"https:\/\/secure.gravatar.com\/avatar\/44e78a4aab2c02a437a87a334aee9a4ea82ca0e4757c2747232497482cfe5ba2?s=96&d=mm&r=g\",\"caption\":\"Felipe Fernando Azevedo da Rocha\"},\"description\":\"Auditor de Finan\u00e7as da SEFAZ BA. P\u00f3s-Graduado em Direito Tribut\u00e1rio\",\"url\":\"https:\/\/www.estrategiaconcursos.com.br\/blog\/author\/felipeazrogmail-com\/\"}]}<\/script>\n<!-- \/ Yoast SEO Premium plugin. -->","yoast_head_json":{"title":"C\u00e2mara de Guarulhos: Portugu\u00eas","description":"C\u00e2mara de Guarulhos: Portugu\u00eas. Concurso da \u00e1rea legislativa. Resumo de Portugu\u00eas. Poder Legislativo. C\u00e2mara de Guarulhos.","robots":{"index":"index","follow":"follow","max-snippet":"max-snippet:-1","max-image-preview":"max-image-preview:large","max-video-preview":"max-video-preview:-1"},"canonical":"https:\/\/www.estrategiaconcursos.com.br\/blog\/camara-guarulhos-portugues\/","og_locale":"pt_BR","og_type":"article","og_title":"C\u00e2mara de Guarulhos: Portugu\u00eas","og_description":"C\u00e2mara de Guarulhos: Portugu\u00eas. Concurso da \u00e1rea legislativa. Resumo de Portugu\u00eas. Poder Legislativo. C\u00e2mara de Guarulhos.","og_url":"https:\/\/www.estrategiaconcursos.com.br\/blog\/camara-guarulhos-portugues\/","og_site_name":"Estrat\u00e9gia Concursos","article_published_time":"2023-02-02T11:00:00+00:00","og_image":[{"width":169,"height":119,"url":"https:\/\/dhg1h5j42swfq.cloudfront.net\/2023\/01\/13115002\/camara-guarulhos-1.png","type":"image\/png"}],"author":"Felipe Fernando Azevedo da Rocha","twitter_card":"summary_large_image","twitter_creator":"@EstratConcursos","twitter_site":"@EstratConcursos","twitter_misc":{"Escrito por":"Felipe Fernando Azevedo da Rocha","Est. tempo de leitura":"9 minutos"},"schema":{"@context":"https:\/\/schema.org","@graph":[{"@type":"NewsArticle","@id":"https:\/\/www.estrategiaconcursos.com.br\/blog\/camara-guarulhos-portugues\/#article","isPartOf":{"@id":"https:\/\/www.estrategiaconcursos.com.br\/blog\/camara-guarulhos-portugues\/"},"author":{"name":"Felipe Fernando Azevedo da Rocha","@id":"https:\/\/www.estrategiaconcursos.com.br\/blog\/#\/schema\/person\/425ec856669a603120a09fed3a635808"},"headline":"C\u00e2mara de Guarulhos: Portugu\u00eas","datePublished":"2023-02-02T11:00:00+00:00","mainEntityOfPage":{"@id":"https:\/\/www.estrategiaconcursos.com.br\/blog\/camara-guarulhos-portugues\/"},"wordCount":1886,"commentCount":0,"publisher":{"@id":"https:\/\/www.estrategiaconcursos.com.br\/blog\/#organization"},"image":{"@id":"https:\/\/www.estrategiaconcursos.com.br\/blog\/camara-guarulhos-portugues\/#primaryimage"},"thumbnailUrl":"https:\/\/dhg1h5j42swfq.cloudfront.net\/2023\/01\/13115002\/camara-guarulhos-1.png","keywords":["concurso legislativo","Guarulhos"],"articleSection":["Concursos P\u00fablicos"],"inLanguage":"pt-BR","potentialAction":[{"@type":"CommentAction","name":"Comment","target":["https:\/\/www.estrategiaconcursos.com.br\/blog\/camara-guarulhos-portugues\/#respond"]}],"copyrightYear":"2023","copyrightHolder":{"@id":"https:\/\/www.estrategiaconcursos.com.br\/blog\/#organization"}},{"@type":"WebPage","@id":"https:\/\/www.estrategiaconcursos.com.br\/blog\/camara-guarulhos-portugues\/","url":"https:\/\/www.estrategiaconcursos.com.br\/blog\/camara-guarulhos-portugues\/","name":"C\u00e2mara de Guarulhos: Portugu\u00eas","isPartOf":{"@id":"https:\/\/www.estrategiaconcursos.com.br\/blog\/#website"},"primaryImageOfPage":{"@id":"https:\/\/www.estrategiaconcursos.com.br\/blog\/camara-guarulhos-portugues\/#primaryimage"},"image":{"@id":"https:\/\/www.estrategiaconcursos.com.br\/blog\/camara-guarulhos-portugues\/#primaryimage"},"thumbnailUrl":"https:\/\/dhg1h5j42swfq.cloudfront.net\/2023\/01\/13115002\/camara-guarulhos-1.png","datePublished":"2023-02-02T11:00:00+00:00","description":"C\u00e2mara de Guarulhos: Portugu\u00eas. Concurso da \u00e1rea legislativa. Resumo de Portugu\u00eas. Poder Legislativo. C\u00e2mara de Guarulhos.","breadcrumb":{"@id":"https:\/\/www.estrategiaconcursos.com.br\/blog\/camara-guarulhos-portugues\/#breadcrumb"},"inLanguage":"pt-BR","potentialAction":[{"@type":"ReadAction","target":["https:\/\/www.estrategiaconcursos.com.br\/blog\/camara-guarulhos-portugues\/"]}]},{"@type":"ImageObject","inLanguage":"pt-BR","@id":"https:\/\/www.estrategiaconcursos.com.br\/blog\/camara-guarulhos-portugues\/#primaryimage","url":"https:\/\/dhg1h5j42swfq.cloudfront.net\/2023\/01\/13115002\/camara-guarulhos-1.png","contentUrl":"https:\/\/dhg1h5j42swfq.cloudfront.net\/2023\/01\/13115002\/camara-guarulhos-1.png","width":169,"height":119,"caption":"C\u00e2mara de Guarulhos: Portugu\u00eas"},{"@type":"BreadcrumbList","@id":"https:\/\/www.estrategiaconcursos.com.br\/blog\/camara-guarulhos-portugues\/#breadcrumb","itemListElement":[{"@type":"ListItem","position":1,"name":"In\u00edcio","item":"https:\/\/www.estrategiaconcursos.com.br\/blog\/"},{"@type":"ListItem","position":2,"name":"C\u00e2mara de Guarulhos: Portugu\u00eas"}]},{"@type":"WebSite","@id":"https:\/\/www.estrategiaconcursos.com.br\/blog\/#website","url":"https:\/\/www.estrategiaconcursos.com.br\/blog\/","name":"Estrat\u00e9gia Concursos","description":"O blog da Estrat\u00e9gia Concursos traz not\u00edcias sobre concursos e artigos de professores oferecendo cursos para concursos (pdf + videaulas) no site.","publisher":{"@id":"https:\/\/www.estrategiaconcursos.com.br\/blog\/#organization"},"potentialAction":[{"@type":"SearchAction","target":{"@type":"EntryPoint","urlTemplate":"https:\/\/www.estrategiaconcursos.com.br\/blog\/?s={search_term_string}"},"query-input":{"@type":"PropertyValueSpecification","valueRequired":true,"valueName":"search_term_string"}}],"inLanguage":"pt-BR"},{"@type":"Organization","@id":"https:\/\/www.estrategiaconcursos.com.br\/blog\/#organization","name":"Estrat\u00e9gia Concursos","url":"https:\/\/www.estrategiaconcursos.com.br\/blog\/","logo":{"@type":"ImageObject","inLanguage":"pt-BR","@id":"https:\/\/www.estrategiaconcursos.com.br\/blog\/#\/schema\/logo\/image\/","url":"https:\/\/dhg1h5j42swfq.cloudfront.net\/2025\/06\/03203428\/logo_concursos-1.jpg","contentUrl":"https:\/\/dhg1h5j42swfq.cloudfront.net\/2025\/06\/03203428\/logo_concursos-1.jpg","width":230,"height":60,"caption":"Estrat\u00e9gia Concursos"},"image":{"@id":"https:\/\/www.estrategiaconcursos.com.br\/blog\/#\/schema\/logo\/image\/"},"sameAs":["https:\/\/x.com\/EstratConcursos"]},{"@type":"Person","@id":"https:\/\/www.estrategiaconcursos.com.br\/blog\/#\/schema\/person\/425ec856669a603120a09fed3a635808","name":"Felipe Fernando Azevedo da Rocha","image":{"@type":"ImageObject","inLanguage":"pt-BR","@id":"https:\/\/secure.gravatar.com\/avatar\/44e78a4aab2c02a437a87a334aee9a4ea82ca0e4757c2747232497482cfe5ba2?s=96&d=mm&r=g","url":"https:\/\/secure.gravatar.com\/avatar\/44e78a4aab2c02a437a87a334aee9a4ea82ca0e4757c2747232497482cfe5ba2?s=96&d=mm&r=g","contentUrl":"https:\/\/secure.gravatar.com\/avatar\/44e78a4aab2c02a437a87a334aee9a4ea82ca0e4757c2747232497482cfe5ba2?s=96&d=mm&r=g","caption":"Felipe Fernando Azevedo da Rocha"},"description":"Auditor de Finan\u00e7as da SEFAZ BA. P\u00f3s-Graduado em Direito Tribut\u00e1rio","url":"https:\/\/www.estrategiaconcursos.com.br\/blog\/author\/felipeazrogmail-com\/"}]}},"_links":{"self":[{"href":"https:\/\/www.estrategiaconcursos.com.br\/blog\/wp-json\/wp\/v2\/posts\/1152201","targetHints":{"allow":["GET"]}}],"collection":[{"href":"https:\/\/www.estrategiaconcursos.com.br\/blog\/wp-json\/wp\/v2\/posts"}],"about":[{"href":"https:\/\/www.estrategiaconcursos.com.br\/blog\/wp-json\/wp\/v2\/types\/post"}],"author":[{"embeddable":true,"href":"https:\/\/www.estrategiaconcursos.com.br\/blog\/wp-json\/wp\/v2\/users\/1462"}],"replies":[{"embeddable":true,"href":"https:\/\/www.estrategiaconcursos.com.br\/blog\/wp-json\/wp\/v2\/comments?post=1152201"}],"version-history":[{"count":5,"href":"https:\/\/www.estrategiaconcursos.com.br\/blog\/wp-json\/wp\/v2\/posts\/1152201\/revisions"}],"predecessor-version":[{"id":1162147,"href":"https:\/\/www.estrategiaconcursos.com.br\/blog\/wp-json\/wp\/v2\/posts\/1152201\/revisions\/1162147"}],"wp:featuredmedia":[{"embeddable":true,"href":"https:\/\/www.estrategiaconcursos.com.br\/blog\/wp-json\/wp\/v2\/media\/1152207"}],"wp:attachment":[{"href":"https:\/\/www.estrategiaconcursos.com.br\/blog\/wp-json\/wp\/v2\/media?parent=1152201"}],"wp:term":[{"taxonomy":"category","embeddable":true,"href":"https:\/\/www.estrategiaconcursos.com.br\/blog\/wp-json\/wp\/v2\/categories?post=1152201"},{"taxonomy":"post_tag","embeddable":true,"href":"https:\/\/www.estrategiaconcursos.com.br\/blog\/wp-json\/wp\/v2\/tags?post=1152201"},{"taxonomy":"tax_estado","embeddable":true,"href":"https:\/\/www.estrategiaconcursos.com.br\/blog\/wp-json\/wp\/v2\/tax_estado?post=1152201"}],"curies":[{"name":"wp","href":"https:\/\/api.w.org\/{rel}","templated":true}]}}