{"id":1151577,"date":"2023-01-12T12:16:45","date_gmt":"2023-01-12T15:16:45","guid":{"rendered":"https:\/\/www.estrategiaconcursos.com.br\/blog\/?p=1151577"},"modified":"2023-01-12T16:39:51","modified_gmt":"2023-01-12T19:39:51","slug":"concursos-policiais-pe-reuniao-sobre-editais","status":"publish","type":"post","link":"https:\/\/www.estrategiaconcursos.com.br\/blog\/concursos-policiais-pe-reuniao-sobre-editais\/","title":{"rendered":"Concursos Policiais PE: dia 17, reuni\u00e3o discutir\u00e1 novos editais"},"content":{"rendered":"\n<p>A delegada Gleide \u00c2ngelo informou, por meio das redes sociais, que agendou reuni\u00e3o com a <a href=\"https:\/\/www.sds.pe.gov.br\/\" target=\"_blank\" rel=\"noreferrer noopener\">Secretaria de Defesa Social<\/a> para tratar dos editais previstos para os concursos Policiais PE. <\/p>\n\n\n\n<p>De acordo com as informa\u00e7\u00f5es divulgadas, o <strong>encontro acontecer\u00e1 em 17 de janeiro de 2023<\/strong>. Confira abaixo!<\/p>\n\n\n\n<figure class=\"wp-block-image size-full\"><img loading=\"lazy\" decoding=\"async\" width=\"914\" height=\"682\" src=\"https:\/\/dhg1h5j42swfq.cloudfront.net\/2023\/01\/12121216\/image-127.png\" alt=\"Reuni\u00e3o prevista no dia 17 discutir\u00e1 novos editais dos concursos Policiais PE\" class=\"wp-image-1151597\" srcset=\"https:\/\/dhg1h5j42swfq.cloudfront.net\/2023\/01\/12121216\/image-127.png 914w, https:\/\/dhg1h5j42swfq.cloudfront.net\/2023\/01\/12121216\/image-127-300x224.png 300w, https:\/\/dhg1h5j42swfq.cloudfront.net\/2023\/01\/12121216\/image-127-768x573.png 768w, https:\/\/dhg1h5j42swfq.cloudfront.net\/2023\/01\/12121216\/image-127-610x455.png 610w, https:\/\/dhg1h5j42swfq.cloudfront.net\/2023\/01\/12121216\/image-127-150x112.png 150w\" sizes=\"auto, (max-width: 914px) 100vw, 914px\" \/><figcaption>Reuni\u00e3o prevista no dia 17 discutir\u00e1 novos editais dos concursos Policiais PE<\/figcaption><\/figure>\n\n\n\n<p>Vale lembrar que a parlamentar j\u00e1 havia se reunido com a governadora e vice-governadora do estado para apresentar as demandas das entidades de Seguran\u00e7a P\u00fablica que precisam recompor o efetivo.<\/p>\n\n\n\n<h2 class=\"wp-block-heading\">Previs\u00e3o para oferta de vagas dos concursos Policiais PE<\/h2>\n\n\n\n<p>Os concursos policiais PE devem ofertar <strong>4.741 vagas<\/strong>&nbsp;distribu\u00eddas entre as Pol\u00edcias Civil, Militar, Cient\u00edfica e Corpo de Bombeiros:<\/p>\n\n\n\n<ul class=\"wp-block-list\"><li><strong>Pol\u00edcia Militar:<\/strong><ul><li>2.400 vagas \u2013 pra\u00e7as<\/li><li>180 vagas \u2013 oficiais<\/li><\/ul><\/li><li><strong>Corpo de Bombeiros:<\/strong><ul><li>400 vagas \u2013 pra\u00e7as<\/li><\/ul><\/li><li><strong>Pol\u00edcia Civil:<\/strong><ul><li>1.200 vagas \u2013 agentes,<\/li><li>300 vagas \u2013 escriv\u00e3es,<\/li><li>50 vagas \u2013 peritos papiloscopistas<\/li><li>47 vagas \u2013 delegados<\/li><\/ul><\/li><li><strong>Pol\u00edcia Cient\u00edfica:<\/strong><ul><li>50 vagas \u2013 peritos criminais,<\/li><li>50 vagas \u2013 m\u00e9dicos legistas,<\/li><li>60 vagas \u2013 agentes de medicina legal<\/li><li>4 vagas \u2013 agentes de per\u00edcia criminal<\/li><\/ul><\/li><\/ul>\n\n\n\n<p>E para mais informa\u00e7\u00f5es dos concursos policias PE, cuja reuni\u00e3o para discuss\u00e3o de novos editais est\u00e1 agendada, acesse os links abaixo. N\u00f3s, do Estrat\u00e9gia Concursos, preparamos um artigo completo e exclusivo para voc\u00ea!<\/p>\n\n\n\n<h3 class=\"has-text-align-center has-cyan-bluish-gray-background-color has-background wp-block-heading\" id=\"h-saiba-mais-pm-pe-pc-pe-bombeiros-pe\">Saiba mais: <a href=\"https:\/\/www.estrategiaconcursos.com.br\/blog\/concurso-pm-pe\/\" target=\"_blank\" rel=\"noreferrer noopener\">PM PE<\/a> | <a href=\"https:\/\/www.estrategiaconcursos.com.br\/blog\/concurso-pc-pe\/\" target=\"_blank\" rel=\"noreferrer noopener\">PC PE<\/a> | <a href=\"https:\/\/www.estrategiaconcursos.com.br\/blog\/concurso-bombeiro-pe\/\" target=\"_blank\" rel=\"noreferrer noopener\">Bombeiros PE<\/a> <\/h3>\n\n\n\n<h2 class=\"has-text-align-center wp-block-heading\" id=\"h-quer-saber-tudo-sobre-concursos-previstos-confira-nossos-artigos\">Quer saber tudo sobre concursos previstos?<br \/>Confira nossos artigos!<\/h2>\n\n\n\n<ul class=\"wp-block-list\"><li><a href=\"https:\/\/www.estrategiaconcursos.com.br\/blog\/concursos-abertos\/\" target=\"_blank\" rel=\"noreferrer noopener\">Concursos abertos<\/a><\/li><li><a href=\"https:\/\/www.estrategiaconcursos.com.br\/blog\/concursos-2023\/\" target=\"_blank\" rel=\"noreferrer noopener\">Concursos 2023<\/a><\/li><\/ul>\n\n\n\n<div class=\"container\" id=\"boxes\">\n  <div class=\"row\">\n\n    <div class=\"col-sm\">\n      <div class=\"estrategia\" id=\"box-assinatura\">\n        <h3 class=\"titulo-assinatura\">Assinatura de Concursos<\/h3>\n        <p class=\"subtitulo-assinatura\">Assinatura de 1 ano ou 2 anos<\/p>\n        <div class=\"box-botao\">\n          <a class=\"btn-assinatura\" target=\"_blank\" href=\"https:\/\/www.estrategiaconcursos.com.br\/assinaturas\/\" role=\"button\" rel=\"noopener noreferrer\">ASSINE AGORA<\/a>\n        <\/div>\n      <\/div>\n     \n    <\/div><\/div><\/div>\n","protected":false},"excerpt":{"rendered":"<p>A delegada Gleide \u00c2ngelo informou, por meio das redes sociais, que agendou reuni\u00e3o com a Secretaria de Defesa Social para tratar dos editais previstos para os concursos Policiais PE. De acordo com as informa\u00e7\u00f5es divulgadas, o encontro acontecer\u00e1 em 17 de janeiro de 2023. Confira abaixo! Vale lembrar que a parlamentar j\u00e1 havia se reunido [&hellip;]<\/p>\n","protected":false},"author":1483,"featured_media":969837,"comment_status":"open","ping_status":"closed","sticky":false,"template":"","format":"standard","meta":{"post_tipo":"news","footnotes":""},"categories":[220190,220186,220187,220219],"tags":[],"tax_estado":[219979],"class_list":["post-1151577","post","type-post","status-publish","format-standard","has-post-thumbnail","hentry","category-policial-peritos","category-policial-oficial","category-policial-pracas","category-noticias","tax_estado-pe"],"acf":[],"yoast_head":"<!-- This site is optimized with the Yoast SEO Premium plugin v27.2 (Yoast SEO v27.2) - https:\/\/yoast.com\/product\/yoast-seo-premium-wordpress\/ -->\n<title>Concursos Policiais PE: dia 17, reuni\u00e3o discutir\u00e1 novos editais<\/title>\n<meta name=\"description\" content=\"Nova reuni\u00e3o para discuss\u00e3o dos editais dos concursos policias PE foi agendada. Acesse o site e confira os detalhes!\" \/>\n<meta name=\"robots\" content=\"index, follow, max-snippet:-1, max-image-preview:large, max-video-preview:-1\" \/>\n<link rel=\"canonical\" href=\"https:\/\/www.estrategiaconcursos.com.br\/blog\/concursos-policiais-pe-reuniao-sobre-editais\/\" \/>\n<meta property=\"og:locale\" content=\"pt_BR\" \/>\n<meta property=\"og:type\" content=\"article\" \/>\n<meta property=\"og:title\" content=\"Concursos Policiais PE: dia 17, reuni\u00e3o discutir\u00e1 novos editais\" \/>\n<meta property=\"og:description\" content=\"Nova reuni\u00e3o para discuss\u00e3o dos editais dos concursos policias PE foi agendada. Acesse o site e confira os detalhes!\" \/>\n<meta property=\"og:url\" content=\"https:\/\/www.estrategiaconcursos.com.br\/blog\/concursos-policiais-pe-reuniao-sobre-editais\/\" \/>\n<meta property=\"og:site_name\" content=\"Estrat\u00e9gia Concursos\" \/>\n<meta property=\"article:published_time\" content=\"2023-01-12T15:16:45+00:00\" \/>\n<meta property=\"article:modified_time\" content=\"2023-01-12T19:39:51+00:00\" \/>\n<meta property=\"og:image\" content=\"https:\/\/dhg1h5j42swfq.cloudfront.net\/2022\/02\/15173324\/concursos-policiais.jpg\" \/>\n\t<meta property=\"og:image:width\" content=\"768\" \/>\n\t<meta property=\"og:image:height\" content=\"432\" \/>\n\t<meta property=\"og:image:type\" content=\"image\/jpeg\" \/>\n<meta name=\"author\" content=\"Diogo Mendes\" \/>\n<meta name=\"twitter:card\" content=\"summary_large_image\" \/>\n<meta name=\"twitter:creator\" content=\"@EstratConcursos\" \/>\n<meta name=\"twitter:site\" content=\"@EstratConcursos\" \/>\n<meta name=\"twitter:label1\" content=\"Escrito por\" \/>\n\t<meta name=\"twitter:data1\" content=\"Diogo Mendes\" \/>\n\t<meta name=\"twitter:label2\" content=\"Est. tempo de leitura\" \/>\n\t<meta name=\"twitter:data2\" content=\"1 minuto\" \/>\n<script type=\"application\/ld+json\" class=\"yoast-schema-graph\">{\"@context\":\"https:\/\/schema.org\",\"@graph\":[{\"@type\":\"NewsArticle\",\"@id\":\"https:\/\/www.estrategiaconcursos.com.br\/blog\/concursos-policiais-pe-reuniao-sobre-editais\/#article\",\"isPartOf\":{\"@id\":\"https:\/\/www.estrategiaconcursos.com.br\/blog\/concursos-policiais-pe-reuniao-sobre-editais\/\"},\"author\":{\"name\":\"Diogo Mendes\",\"@id\":\"https:\/\/www.estrategiaconcursos.com.br\/blog\/#\/schema\/person\/cc9e76173880338ce9f656c88664a1f6\"},\"headline\":\"Concursos Policiais PE: dia 17, reuni\u00e3o discutir\u00e1 novos editais\",\"datePublished\":\"2023-01-12T15:16:45+00:00\",\"dateModified\":\"2023-01-12T19:39:51+00:00\",\"mainEntityOfPage\":{\"@id\":\"https:\/\/www.estrategiaconcursos.com.br\/blog\/concursos-policiais-pe-reuniao-sobre-editais\/\"},\"wordCount\":248,\"commentCount\":0,\"publisher\":{\"@id\":\"https:\/\/www.estrategiaconcursos.com.br\/blog\/#organization\"},\"image\":{\"@id\":\"https:\/\/www.estrategiaconcursos.com.br\/blog\/concursos-policiais-pe-reuniao-sobre-editais\/#primaryimage\"},\"thumbnailUrl\":\"https:\/\/dhg1h5j42swfq.cloudfront.net\/2022\/02\/15173324\/concursos-policiais.jpg\",\"articleSection\":[\"Policial (Peritos, Papiloscopistas)\",\"Policial (PM\/BM - Oficial)\",\"Policial (PM\/BM - Pra\u00e7as)\",\"\u00daltimas not\u00edcias\"],\"inLanguage\":\"pt-BR\",\"potentialAction\":[{\"@type\":\"CommentAction\",\"name\":\"Comment\",\"target\":[\"https:\/\/www.estrategiaconcursos.com.br\/blog\/concursos-policiais-pe-reuniao-sobre-editais\/#respond\"]}],\"copyrightYear\":\"2023\",\"copyrightHolder\":{\"@id\":\"https:\/\/www.estrategiaconcursos.com.br\/blog\/#organization\"}},{\"@type\":\"WebPage\",\"@id\":\"https:\/\/www.estrategiaconcursos.com.br\/blog\/concursos-policiais-pe-reuniao-sobre-editais\/\",\"url\":\"https:\/\/www.estrategiaconcursos.com.br\/blog\/concursos-policiais-pe-reuniao-sobre-editais\/\",\"name\":\"Concursos Policiais PE: dia 17, reuni\u00e3o discutir\u00e1 novos editais\",\"isPartOf\":{\"@id\":\"https:\/\/www.estrategiaconcursos.com.br\/blog\/#website\"},\"primaryImageOfPage\":{\"@id\":\"https:\/\/www.estrategiaconcursos.com.br\/blog\/concursos-policiais-pe-reuniao-sobre-editais\/#primaryimage\"},\"image\":{\"@id\":\"https:\/\/www.estrategiaconcursos.com.br\/blog\/concursos-policiais-pe-reuniao-sobre-editais\/#primaryimage\"},\"thumbnailUrl\":\"https:\/\/dhg1h5j42swfq.cloudfront.net\/2022\/02\/15173324\/concursos-policiais.jpg\",\"datePublished\":\"2023-01-12T15:16:45+00:00\",\"dateModified\":\"2023-01-12T19:39:51+00:00\",\"description\":\"Nova reuni\u00e3o para discuss\u00e3o dos editais dos concursos policias PE foi agendada. Acesse o site e confira os detalhes!\",\"breadcrumb\":{\"@id\":\"https:\/\/www.estrategiaconcursos.com.br\/blog\/concursos-policiais-pe-reuniao-sobre-editais\/#breadcrumb\"},\"inLanguage\":\"pt-BR\",\"potentialAction\":[{\"@type\":\"ReadAction\",\"target\":[\"https:\/\/www.estrategiaconcursos.com.br\/blog\/concursos-policiais-pe-reuniao-sobre-editais\/\"]}]},{\"@type\":\"ImageObject\",\"inLanguage\":\"pt-BR\",\"@id\":\"https:\/\/www.estrategiaconcursos.com.br\/blog\/concursos-policiais-pe-reuniao-sobre-editais\/#primaryimage\",\"url\":\"https:\/\/dhg1h5j42swfq.cloudfront.net\/2022\/02\/15173324\/concursos-policiais.jpg\",\"contentUrl\":\"https:\/\/dhg1h5j42swfq.cloudfront.net\/2022\/02\/15173324\/concursos-policiais.jpg\",\"width\":768,\"height\":432,\"caption\":\"concursos de pol\u00edcia\"},{\"@type\":\"BreadcrumbList\",\"@id\":\"https:\/\/www.estrategiaconcursos.com.br\/blog\/concursos-policiais-pe-reuniao-sobre-editais\/#breadcrumb\",\"itemListElement\":[{\"@type\":\"ListItem\",\"position\":1,\"name\":\"In\u00edcio\",\"item\":\"https:\/\/www.estrategiaconcursos.com.br\/blog\/\"},{\"@type\":\"ListItem\",\"position\":2,\"name\":\"Concursos Policiais PE: dia 17, reuni\u00e3o discutir\u00e1 novos editais\"}]},{\"@type\":\"WebSite\",\"@id\":\"https:\/\/www.estrategiaconcursos.com.br\/blog\/#website\",\"url\":\"https:\/\/www.estrategiaconcursos.com.br\/blog\/\",\"name\":\"Estrat\u00e9gia Concursos\",\"description\":\"O blog da Estrat\u00e9gia Concursos traz not\u00edcias sobre concursos e artigos de professores oferecendo cursos para concursos (pdf + videaulas) no site.\",\"publisher\":{\"@id\":\"https:\/\/www.estrategiaconcursos.com.br\/blog\/#organization\"},\"potentialAction\":[{\"@type\":\"SearchAction\",\"target\":{\"@type\":\"EntryPoint\",\"urlTemplate\":\"https:\/\/www.estrategiaconcursos.com.br\/blog\/?s={search_term_string}\"},\"query-input\":{\"@type\":\"PropertyValueSpecification\",\"valueRequired\":true,\"valueName\":\"search_term_string\"}}],\"inLanguage\":\"pt-BR\"},{\"@type\":\"Organization\",\"@id\":\"https:\/\/www.estrategiaconcursos.com.br\/blog\/#organization\",\"name\":\"Estrat\u00e9gia Concursos\",\"url\":\"https:\/\/www.estrategiaconcursos.com.br\/blog\/\",\"logo\":{\"@type\":\"ImageObject\",\"inLanguage\":\"pt-BR\",\"@id\":\"https:\/\/www.estrategiaconcursos.com.br\/blog\/#\/schema\/logo\/image\/\",\"url\":\"https:\/\/dhg1h5j42swfq.cloudfront.net\/2025\/06\/03203428\/logo_concursos-1.jpg\",\"contentUrl\":\"https:\/\/dhg1h5j42swfq.cloudfront.net\/2025\/06\/03203428\/logo_concursos-1.jpg\",\"width\":230,\"height\":60,\"caption\":\"Estrat\u00e9gia Concursos\"},\"image\":{\"@id\":\"https:\/\/www.estrategiaconcursos.com.br\/blog\/#\/schema\/logo\/image\/\"},\"sameAs\":[\"https:\/\/x.com\/EstratConcursos\"]},{\"@type\":\"Person\",\"@id\":\"https:\/\/www.estrategiaconcursos.com.br\/blog\/#\/schema\/person\/cc9e76173880338ce9f656c88664a1f6\",\"name\":\"Diogo Mendes\",\"image\":{\"@type\":\"ImageObject\",\"inLanguage\":\"pt-BR\",\"@id\":\"https:\/\/secure.gravatar.com\/avatar\/9754d6777d460a45ef4067b586b94c32005cc2345a0404b8d96adc620cf63806?s=96&d=mm&r=g\",\"url\":\"https:\/\/secure.gravatar.com\/avatar\/9754d6777d460a45ef4067b586b94c32005cc2345a0404b8d96adc620cf63806?s=96&d=mm&r=g\",\"contentUrl\":\"https:\/\/secure.gravatar.com\/avatar\/9754d6777d460a45ef4067b586b94c32005cc2345a0404b8d96adc620cf63806?s=96&d=mm&r=g\",\"caption\":\"Diogo Mendes\"},\"description\":\"Diogo Mendes \u00e9 jornalista formado pela Universidade Paulista, com experi\u00eancia em reda\u00e7\u00f5es de diversos ve\u00edculos e na produ\u00e7\u00e3o de conte\u00fados especializados em concursos p\u00fablicos. Desde 2019, atua no Estrat\u00e9gia Concursos como Jornalista e Analista de Conte\u00fado, com foco na apura\u00e7\u00e3o de informa\u00e7\u00f5es junto a \u00f3rg\u00e3os e fontes oficiais. Dedica-se especialmente \u00e0 produ\u00e7\u00e3o de not\u00edcias e reportagens sobre Concursos Legislativos, al\u00e9m de acompanhar diariamente os concursos policiais, banc\u00e1rios e da \u00e1rea da sa\u00fade.\",\"url\":\"https:\/\/www.estrategiaconcursos.com.br\/blog\/author\/diogo-mendesestrategiaconcursos-com-br\/\"}]}<\/script>\n<!-- \/ Yoast SEO Premium plugin. -->","yoast_head_json":{"title":"Concursos Policiais PE: dia 17, reuni\u00e3o discutir\u00e1 novos editais","description":"Nova reuni\u00e3o para discuss\u00e3o dos editais dos concursos policias PE foi agendada. Acesse o site e confira os detalhes!","robots":{"index":"index","follow":"follow","max-snippet":"max-snippet:-1","max-image-preview":"max-image-preview:large","max-video-preview":"max-video-preview:-1"},"canonical":"https:\/\/www.estrategiaconcursos.com.br\/blog\/concursos-policiais-pe-reuniao-sobre-editais\/","og_locale":"pt_BR","og_type":"article","og_title":"Concursos Policiais PE: dia 17, reuni\u00e3o discutir\u00e1 novos editais","og_description":"Nova reuni\u00e3o para discuss\u00e3o dos editais dos concursos policias PE foi agendada. Acesse o site e confira os detalhes!","og_url":"https:\/\/www.estrategiaconcursos.com.br\/blog\/concursos-policiais-pe-reuniao-sobre-editais\/","og_site_name":"Estrat\u00e9gia Concursos","article_published_time":"2023-01-12T15:16:45+00:00","article_modified_time":"2023-01-12T19:39:51+00:00","og_image":[{"width":768,"height":432,"url":"https:\/\/dhg1h5j42swfq.cloudfront.net\/2022\/02\/15173324\/concursos-policiais.jpg","type":"image\/jpeg"}],"author":"Diogo Mendes","twitter_card":"summary_large_image","twitter_creator":"@EstratConcursos","twitter_site":"@EstratConcursos","twitter_misc":{"Escrito por":"Diogo Mendes","Est. tempo de leitura":"1 minuto"},"schema":{"@context":"https:\/\/schema.org","@graph":[{"@type":"NewsArticle","@id":"https:\/\/www.estrategiaconcursos.com.br\/blog\/concursos-policiais-pe-reuniao-sobre-editais\/#article","isPartOf":{"@id":"https:\/\/www.estrategiaconcursos.com.br\/blog\/concursos-policiais-pe-reuniao-sobre-editais\/"},"author":{"name":"Diogo Mendes","@id":"https:\/\/www.estrategiaconcursos.com.br\/blog\/#\/schema\/person\/cc9e76173880338ce9f656c88664a1f6"},"headline":"Concursos Policiais PE: dia 17, reuni\u00e3o discutir\u00e1 novos editais","datePublished":"2023-01-12T15:16:45+00:00","dateModified":"2023-01-12T19:39:51+00:00","mainEntityOfPage":{"@id":"https:\/\/www.estrategiaconcursos.com.br\/blog\/concursos-policiais-pe-reuniao-sobre-editais\/"},"wordCount":248,"commentCount":0,"publisher":{"@id":"https:\/\/www.estrategiaconcursos.com.br\/blog\/#organization"},"image":{"@id":"https:\/\/www.estrategiaconcursos.com.br\/blog\/concursos-policiais-pe-reuniao-sobre-editais\/#primaryimage"},"thumbnailUrl":"https:\/\/dhg1h5j42swfq.cloudfront.net\/2022\/02\/15173324\/concursos-policiais.jpg","articleSection":["Policial (Peritos, Papiloscopistas)","Policial (PM\/BM - Oficial)","Policial (PM\/BM - Pra\u00e7as)","\u00daltimas not\u00edcias"],"inLanguage":"pt-BR","potentialAction":[{"@type":"CommentAction","name":"Comment","target":["https:\/\/www.estrategiaconcursos.com.br\/blog\/concursos-policiais-pe-reuniao-sobre-editais\/#respond"]}],"copyrightYear":"2023","copyrightHolder":{"@id":"https:\/\/www.estrategiaconcursos.com.br\/blog\/#organization"}},{"@type":"WebPage","@id":"https:\/\/www.estrategiaconcursos.com.br\/blog\/concursos-policiais-pe-reuniao-sobre-editais\/","url":"https:\/\/www.estrategiaconcursos.com.br\/blog\/concursos-policiais-pe-reuniao-sobre-editais\/","name":"Concursos Policiais PE: dia 17, reuni\u00e3o discutir\u00e1 novos editais","isPartOf":{"@id":"https:\/\/www.estrategiaconcursos.com.br\/blog\/#website"},"primaryImageOfPage":{"@id":"https:\/\/www.estrategiaconcursos.com.br\/blog\/concursos-policiais-pe-reuniao-sobre-editais\/#primaryimage"},"image":{"@id":"https:\/\/www.estrategiaconcursos.com.br\/blog\/concursos-policiais-pe-reuniao-sobre-editais\/#primaryimage"},"thumbnailUrl":"https:\/\/dhg1h5j42swfq.cloudfront.net\/2022\/02\/15173324\/concursos-policiais.jpg","datePublished":"2023-01-12T15:16:45+00:00","dateModified":"2023-01-12T19:39:51+00:00","description":"Nova reuni\u00e3o para discuss\u00e3o dos editais dos concursos policias PE foi agendada. Acesse o site e confira os detalhes!","breadcrumb":{"@id":"https:\/\/www.estrategiaconcursos.com.br\/blog\/concursos-policiais-pe-reuniao-sobre-editais\/#breadcrumb"},"inLanguage":"pt-BR","potentialAction":[{"@type":"ReadAction","target":["https:\/\/www.estrategiaconcursos.com.br\/blog\/concursos-policiais-pe-reuniao-sobre-editais\/"]}]},{"@type":"ImageObject","inLanguage":"pt-BR","@id":"https:\/\/www.estrategiaconcursos.com.br\/blog\/concursos-policiais-pe-reuniao-sobre-editais\/#primaryimage","url":"https:\/\/dhg1h5j42swfq.cloudfront.net\/2022\/02\/15173324\/concursos-policiais.jpg","contentUrl":"https:\/\/dhg1h5j42swfq.cloudfront.net\/2022\/02\/15173324\/concursos-policiais.jpg","width":768,"height":432,"caption":"concursos de pol\u00edcia"},{"@type":"BreadcrumbList","@id":"https:\/\/www.estrategiaconcursos.com.br\/blog\/concursos-policiais-pe-reuniao-sobre-editais\/#breadcrumb","itemListElement":[{"@type":"ListItem","position":1,"name":"In\u00edcio","item":"https:\/\/www.estrategiaconcursos.com.br\/blog\/"},{"@type":"ListItem","position":2,"name":"Concursos Policiais PE: dia 17, reuni\u00e3o discutir\u00e1 novos editais"}]},{"@type":"WebSite","@id":"https:\/\/www.estrategiaconcursos.com.br\/blog\/#website","url":"https:\/\/www.estrategiaconcursos.com.br\/blog\/","name":"Estrat\u00e9gia Concursos","description":"O blog da Estrat\u00e9gia Concursos traz not\u00edcias sobre concursos e artigos de professores oferecendo cursos para concursos (pdf + videaulas) no site.","publisher":{"@id":"https:\/\/www.estrategiaconcursos.com.br\/blog\/#organization"},"potentialAction":[{"@type":"SearchAction","target":{"@type":"EntryPoint","urlTemplate":"https:\/\/www.estrategiaconcursos.com.br\/blog\/?s={search_term_string}"},"query-input":{"@type":"PropertyValueSpecification","valueRequired":true,"valueName":"search_term_string"}}],"inLanguage":"pt-BR"},{"@type":"Organization","@id":"https:\/\/www.estrategiaconcursos.com.br\/blog\/#organization","name":"Estrat\u00e9gia Concursos","url":"https:\/\/www.estrategiaconcursos.com.br\/blog\/","logo":{"@type":"ImageObject","inLanguage":"pt-BR","@id":"https:\/\/www.estrategiaconcursos.com.br\/blog\/#\/schema\/logo\/image\/","url":"https:\/\/dhg1h5j42swfq.cloudfront.net\/2025\/06\/03203428\/logo_concursos-1.jpg","contentUrl":"https:\/\/dhg1h5j42swfq.cloudfront.net\/2025\/06\/03203428\/logo_concursos-1.jpg","width":230,"height":60,"caption":"Estrat\u00e9gia Concursos"},"image":{"@id":"https:\/\/www.estrategiaconcursos.com.br\/blog\/#\/schema\/logo\/image\/"},"sameAs":["https:\/\/x.com\/EstratConcursos"]},{"@type":"Person","@id":"https:\/\/www.estrategiaconcursos.com.br\/blog\/#\/schema\/person\/cc9e76173880338ce9f656c88664a1f6","name":"Diogo Mendes","image":{"@type":"ImageObject","inLanguage":"pt-BR","@id":"https:\/\/secure.gravatar.com\/avatar\/9754d6777d460a45ef4067b586b94c32005cc2345a0404b8d96adc620cf63806?s=96&d=mm&r=g","url":"https:\/\/secure.gravatar.com\/avatar\/9754d6777d460a45ef4067b586b94c32005cc2345a0404b8d96adc620cf63806?s=96&d=mm&r=g","contentUrl":"https:\/\/secure.gravatar.com\/avatar\/9754d6777d460a45ef4067b586b94c32005cc2345a0404b8d96adc620cf63806?s=96&d=mm&r=g","caption":"Diogo Mendes"},"description":"Diogo Mendes \u00e9 jornalista formado pela Universidade Paulista, com experi\u00eancia em reda\u00e7\u00f5es de diversos ve\u00edculos e na produ\u00e7\u00e3o de conte\u00fados especializados em concursos p\u00fablicos. Desde 2019, atua no Estrat\u00e9gia Concursos como Jornalista e Analista de Conte\u00fado, com foco na apura\u00e7\u00e3o de informa\u00e7\u00f5es junto a \u00f3rg\u00e3os e fontes oficiais. Dedica-se especialmente \u00e0 produ\u00e7\u00e3o de not\u00edcias e reportagens sobre Concursos Legislativos, al\u00e9m de acompanhar diariamente os concursos policiais, banc\u00e1rios e da \u00e1rea da sa\u00fade.","url":"https:\/\/www.estrategiaconcursos.com.br\/blog\/author\/diogo-mendesestrategiaconcursos-com-br\/"}]}},"_links":{"self":[{"href":"https:\/\/www.estrategiaconcursos.com.br\/blog\/wp-json\/wp\/v2\/posts\/1151577","targetHints":{"allow":["GET"]}}],"collection":[{"href":"https:\/\/www.estrategiaconcursos.com.br\/blog\/wp-json\/wp\/v2\/posts"}],"about":[{"href":"https:\/\/www.estrategiaconcursos.com.br\/blog\/wp-json\/wp\/v2\/types\/post"}],"author":[{"embeddable":true,"href":"https:\/\/www.estrategiaconcursos.com.br\/blog\/wp-json\/wp\/v2\/users\/1483"}],"replies":[{"embeddable":true,"href":"https:\/\/www.estrategiaconcursos.com.br\/blog\/wp-json\/wp\/v2\/comments?post=1151577"}],"version-history":[{"count":5,"href":"https:\/\/www.estrategiaconcursos.com.br\/blog\/wp-json\/wp\/v2\/posts\/1151577\/revisions"}],"predecessor-version":[{"id":1151822,"href":"https:\/\/www.estrategiaconcursos.com.br\/blog\/wp-json\/wp\/v2\/posts\/1151577\/revisions\/1151822"}],"wp:featuredmedia":[{"embeddable":true,"href":"https:\/\/www.estrategiaconcursos.com.br\/blog\/wp-json\/wp\/v2\/media\/969837"}],"wp:attachment":[{"href":"https:\/\/www.estrategiaconcursos.com.br\/blog\/wp-json\/wp\/v2\/media?parent=1151577"}],"wp:term":[{"taxonomy":"category","embeddable":true,"href":"https:\/\/www.estrategiaconcursos.com.br\/blog\/wp-json\/wp\/v2\/categories?post=1151577"},{"taxonomy":"post_tag","embeddable":true,"href":"https:\/\/www.estrategiaconcursos.com.br\/blog\/wp-json\/wp\/v2\/tags?post=1151577"},{"taxonomy":"tax_estado","embeddable":true,"href":"https:\/\/www.estrategiaconcursos.com.br\/blog\/wp-json\/wp\/v2\/tax_estado?post=1151577"}],"curies":[{"name":"wp","href":"https:\/\/api.w.org\/{rel}","templated":true}]}}