{"id":1151511,"date":"2023-01-12T11:40:34","date_gmt":"2023-01-12T14:40:34","guid":{"rendered":"https:\/\/www.estrategiaconcursos.com.br\/blog\/?p=1151511"},"modified":"2023-01-12T12:05:50","modified_gmt":"2023-01-12T15:05:50","slug":"concurso-ana-novo-pedido-ao-me","status":"publish","type":"post","link":"https:\/\/www.estrategiaconcursos.com.br\/blog\/concurso-ana-novo-pedido-ao-me\/","title":{"rendered":"Concurso ANA: novo pedido com 109 vagas ser\u00e1 enviado ao ME"},"content":{"rendered":"\n<p>A<strong> Ag\u00eancia Nacional de \u00c1guas (ANA)<\/strong> deve encaminhar ao Minist\u00e9rio da Economia um novo pedido de concurso p\u00fablico para provimento de<strong> 109 vagas<\/strong>. A informa\u00e7\u00e3o foi confirmada ao time de jornalismo do Estrat\u00e9gia.<\/p>\n\n\n\n<p>De acordo com o \u00f3rg\u00e3o, as oportunidades ser\u00e3o distribu\u00eddas da seguinte maneira: <strong>57 para especialistas em recursos h\u00eddricos<\/strong>, <strong>38 para analistas administrativos <\/strong>e <strong>14 para t\u00e9cnicos administrativos<\/strong>. Confira abaixo:<\/p>\n\n\n\n<figure class=\"wp-block-image aligncenter size-full\"><img loading=\"lazy\" decoding=\"async\" width=\"716\" height=\"232\" src=\"https:\/\/dhg1h5j42swfq.cloudfront.net\/2022\/05\/12104548\/ana-1.png\" alt=\"Concurso ANA: novo pedido ser\u00e1 enviado ao ME\" class=\"wp-image-1151481\" srcset=\"https:\/\/dhg1h5j42swfq.cloudfront.net\/2022\/05\/12104548\/ana-1.png 716w, https:\/\/dhg1h5j42swfq.cloudfront.net\/2022\/05\/12104548\/ana-1-300x97.png 300w, https:\/\/dhg1h5j42swfq.cloudfront.net\/2022\/05\/12104548\/ana-1-610x198.png 610w, https:\/\/dhg1h5j42swfq.cloudfront.net\/2022\/05\/12104548\/ana-1-150x49.png 150w\" sizes=\"auto, (max-width: 716px) 100vw, 716px\" \/><figcaption>Concurso ANA: novo pedido ser\u00e1 enviado ao ME<\/figcaption><\/figure>\n\n\n\n<p>O Minist\u00e9rio da Economia \u00e9 respons\u00e1vel por autorizar a realiza\u00e7\u00e3o de&nbsp;concursos&nbsp;e de provimento de cargos p\u00fablicos para \u00f3rg\u00e3os e entidades da administra\u00e7\u00e3o p\u00fablica federal direta, aut\u00e1rquica e fundacional.<\/p>\n\n\n\n<p>Ademais, a Ag\u00eancia Nacional vem tentando realizar certame h\u00e1 um tempo, uma vez que o \u00faltimo edital foi publicado em 2012. Na \u00e9poca, foram ofertadas 45 vagas para o cargo de&nbsp;T\u00e9cnico Administrativo, que exige o n\u00edvel m\u00e9dio.<\/p>\n\n\n\n<p>Os candidatos tiveram que enfrentar duas etapas de provas, sendo a primeira delas composta por avalia\u00e7\u00e3o objetivas, com conhecimentos b\u00e1sicos e espec\u00edficos, e uma prova discursiva.<\/p>\n\n\n\n<h2 class=\"wp-block-heading\" id=\"sobre\">Sobre a ANA<\/h2>\n\n\n\n<p>A\u00a0<a href=\"https:\/\/www.gov.br\/ana\/pt-br\" target=\"_blank\" rel=\"noreferrer noopener\">Ag\u00eancia Nacional de \u00c1guas<\/a> \u00e9 vinculada ao Minist\u00e9rio do Desenvolvimento Regional (MDR) dedicada a fazer cumprir os objetivos e diretrizes da Lei das \u00c1guas do Brasil.<\/p>\n\n\n\n<ul class=\"wp-block-list\"><li>Regula o acesso e o uso dos recursos h\u00eddricos de dom\u00ednio da Uni\u00e3o;<\/li><li>regula os servi\u00e7os p\u00fablicos de irriga\u00e7\u00e3o (se em regime de concess\u00e3o) e adu\u00e7\u00e3o de \u00e1gua bruta;<\/li><li>emite e fiscaliza o cumprimento de normas, em especial as outorgas;<\/li><li>\u00e9 respons\u00e1vel pela fiscaliza\u00e7\u00e3o da seguran\u00e7a de barragens outorgadas por ela;<\/li><li>\u00e9 respons\u00e1vel ainda por acompanhar a situa\u00e7\u00e3o dos recursos h\u00eddricos do Brasil;<\/li><li>coordena a Rede Hidrometeorol\u00f3gica Nacional que capta, com o apoio dos estados e outros parceiros, informa\u00e7\u00f5es como n\u00edvel, vaz\u00e3o e sedimentos dos rios ou quantidade de chuvas.<\/li><\/ul>\n\n\n\n<p class=\"has-text-align-center\"><em>Se voc\u00ea deseja saber mais detalhes acerca do novo pedido de concurso ANA, al\u00e9m de informa\u00e7\u00f5es do \u00faltimo edital, acesse agora mesmo o artigo exclusivo e muito mais completo que preparamos para voc\u00ea:<\/em><\/p>\n\n\n\n<p class=\"has-text-align-center has-background has-medium-font-size\" style=\"background-color:#e7ebee\"><strong>Saiba mais: <a href=\"https:\/\/www.estrategiaconcursos.com.br\/blog\/concurso-ana\/\" target=\"_blank\" rel=\"noreferrer noopener\">Concurso ANA<\/a><\/strong><\/p>\n\n\n\n<h2 class=\"has-text-align-center wp-block-heading\" id=\"cursos-assinatura\"><em>Quer estudar para o Concurso ANA?<\/em><\/h2>\n\n\n\n<div class=\"container\" id=\"boxes\">\n  <div class=\"row\">\n\n    <div class=\"col-sm\">\n      <div class=\"banner-estrategia\" id=\"box-assinatura\">\n        <h3 class=\"titulo-assinatura\">Concurso ANA<\/h3>\n        <p class=\"subtitulo-assinatura\">Conhe\u00e7a os cursos<\/p>\n        <div class=\"box-botao\">\n          <a class=\"btn-assinatura\" target=\"_blank\" href=\"https:\/\/www.estrategiaconcursos.com.br\/cursosPorConcurso\/agencia-nacional-de-aguas-ana\/\" role=\"button\" rel=\"noopener noreferrer\">Conhe\u00e7a mais<\/a>\n        <\/div>\n      <\/div>\n      \n    <\/div>\n\n  <\/div>\n<\/div>\n\n\n\n<div class=\"container\" id=\"boxes\">\n  <div class=\"row\">\n\n    <div class=\"col-sm\">\n      <div class=\"estrategia\" id=\"box-assinatura\">\n        <h3 class=\"titulo-assinatura\">Assinatura Concursos<\/h3>\n        <p class=\"subtitulo-assinatura\">Assinatura de 1 ano ou 2 anos<\/p>\n        <div class=\"box-botao\">\n          <a class=\"btn-assinatura\" target=\"_blank\" href=\"https:\/\/www.estrategiaconcursos.com.br\/assinaturas\/\" role=\"button\" rel=\"noopener noreferrer\">ASSINE AGORA<\/a>\n        <\/div>\n      <\/div><\/div><\/div><\/div>\n\n\n\n<h2 class=\"has-text-align-center wp-block-heading\" id=\"h-quer-saber-tudo-sobre-concursos-previstos-confira-nossos-artigos\">Quer saber tudo sobre concursos previstos?<br \/>Confira nossos artigos!<\/h2>\n\n\n\n<ul class=\"wp-block-list\"><li><a href=\"https:\/\/www.estrategiaconcursos.com.br\/blog\/concursos-abertos\/\" target=\"_blank\" rel=\"noreferrer noopener\">Concursos Abertos<\/a><\/li><li><a href=\"https:\/\/www.estrategiaconcursos.com.br\/blog\/concursos-2023\/\" target=\"_blank\" rel=\"noreferrer noopener\">Concursos 2023<\/a><\/li><\/ul>\n","protected":false},"excerpt":{"rendered":"<p>A Ag\u00eancia Nacional de \u00c1guas (ANA) deve encaminhar ao Minist\u00e9rio da Economia um novo pedido de concurso p\u00fablico para provimento de 109 vagas. A informa\u00e7\u00e3o foi confirmada ao time de jornalismo do Estrat\u00e9gia. De acordo com o \u00f3rg\u00e3o, as oportunidades ser\u00e3o distribu\u00eddas da seguinte maneira: 57 para especialistas em recursos h\u00eddricos, 38 para analistas administrativos [&hellip;]<\/p>\n","protected":false},"author":656,"featured_media":1022359,"comment_status":"open","ping_status":"closed","sticky":false,"template":"","format":"standard","meta":{"post_tipo":"news","footnotes":""},"categories":[220215,214992,220219],"tags":[],"tax_estado":[219963],"class_list":["post-1151511","post","type-post","status-publish","format-standard","has-post-thumbnail","hentry","category-agencia-reguladora","category-concursos-administrativos","category-noticias","tax_estado-concursos-federais"],"acf":[],"yoast_head":"<!-- This site is optimized with the Yoast SEO Premium plugin v27.2 (Yoast SEO v27.2) - https:\/\/yoast.com\/product\/yoast-seo-premium-wordpress\/ -->\n<title>Concurso ANA: novo pedido com 109 vagas ser\u00e1 enviado ao ME<\/title>\n<meta name=\"description\" content=\"Concurso ANA: novo pedido para provimento de 109 vagas ser\u00e1 enviado ao Minist\u00e9rio da Economia. Acesse e saiba mais!\" \/>\n<meta name=\"robots\" content=\"index, follow, max-snippet:-1, max-image-preview:large, max-video-preview:-1\" \/>\n<link rel=\"canonical\" href=\"https:\/\/www.estrategiaconcursos.com.br\/blog\/concurso-ana-novo-pedido-ao-me\/\" \/>\n<meta property=\"og:locale\" content=\"pt_BR\" \/>\n<meta property=\"og:type\" content=\"article\" \/>\n<meta property=\"og:title\" content=\"Concurso ANA: novo pedido com 109 vagas ser\u00e1 enviado ao ME\" \/>\n<meta property=\"og:description\" content=\"Concurso ANA: novo pedido para provimento de 109 vagas ser\u00e1 enviado ao Minist\u00e9rio da Economia. Acesse e saiba mais!\" \/>\n<meta property=\"og:url\" content=\"https:\/\/www.estrategiaconcursos.com.br\/blog\/concurso-ana-novo-pedido-ao-me\/\" \/>\n<meta property=\"og:site_name\" content=\"Estrat\u00e9gia Concursos\" \/>\n<meta property=\"article:published_time\" content=\"2023-01-12T14:40:34+00:00\" \/>\n<meta property=\"article:modified_time\" content=\"2023-01-12T15:05:50+00:00\" \/>\n<meta property=\"og:image\" content=\"https:\/\/dhg1h5j42swfq.cloudfront.net\/2022\/05\/05151816\/ana-2.jpg\" \/>\n\t<meta property=\"og:image:width\" content=\"768\" \/>\n\t<meta property=\"og:image:height\" content=\"432\" \/>\n\t<meta property=\"og:image:type\" content=\"image\/jpeg\" \/>\n<meta name=\"author\" content=\"F\u00e1bio Scaldelai\" \/>\n<meta name=\"twitter:card\" content=\"summary_large_image\" \/>\n<meta name=\"twitter:creator\" content=\"@EstratConcursos\" \/>\n<meta name=\"twitter:site\" content=\"@EstratConcursos\" \/>\n<meta name=\"twitter:label1\" content=\"Escrito por\" \/>\n\t<meta name=\"twitter:data1\" content=\"F\u00e1bio Scaldelai\" \/>\n\t<meta name=\"twitter:label2\" content=\"Est. tempo de leitura\" \/>\n\t<meta name=\"twitter:data2\" content=\"2 minutos\" \/>\n<script type=\"application\/ld+json\" class=\"yoast-schema-graph\">{\"@context\":\"https:\/\/schema.org\",\"@graph\":[{\"@type\":\"NewsArticle\",\"@id\":\"https:\/\/www.estrategiaconcursos.com.br\/blog\/concurso-ana-novo-pedido-ao-me\/#article\",\"isPartOf\":{\"@id\":\"https:\/\/www.estrategiaconcursos.com.br\/blog\/concurso-ana-novo-pedido-ao-me\/\"},\"author\":{\"name\":\"F\u00e1bio Scaldelai\",\"@id\":\"https:\/\/www.estrategiaconcursos.com.br\/blog\/#\/schema\/person\/e3b6b7ce0192dd4ad270655969d61750\"},\"headline\":\"Concurso ANA: novo pedido com 109 vagas ser\u00e1 enviado ao ME\",\"datePublished\":\"2023-01-12T14:40:34+00:00\",\"dateModified\":\"2023-01-12T15:05:50+00:00\",\"mainEntityOfPage\":{\"@id\":\"https:\/\/www.estrategiaconcursos.com.br\/blog\/concurso-ana-novo-pedido-ao-me\/\"},\"wordCount\":407,\"commentCount\":0,\"publisher\":{\"@id\":\"https:\/\/www.estrategiaconcursos.com.br\/blog\/#organization\"},\"image\":{\"@id\":\"https:\/\/www.estrategiaconcursos.com.br\/blog\/concurso-ana-novo-pedido-ao-me\/#primaryimage\"},\"thumbnailUrl\":\"https:\/\/dhg1h5j42swfq.cloudfront.net\/2022\/05\/05151816\/ana-2.jpg\",\"articleSection\":[\"Ag\u00eancia Reguladora\",\"Executivo (Administrativa)\",\"\u00daltimas not\u00edcias\"],\"inLanguage\":\"pt-BR\",\"potentialAction\":[{\"@type\":\"CommentAction\",\"name\":\"Comment\",\"target\":[\"https:\/\/www.estrategiaconcursos.com.br\/blog\/concurso-ana-novo-pedido-ao-me\/#respond\"]}],\"copyrightYear\":\"2023\",\"copyrightHolder\":{\"@id\":\"https:\/\/www.estrategiaconcursos.com.br\/blog\/#organization\"}},{\"@type\":\"WebPage\",\"@id\":\"https:\/\/www.estrategiaconcursos.com.br\/blog\/concurso-ana-novo-pedido-ao-me\/\",\"url\":\"https:\/\/www.estrategiaconcursos.com.br\/blog\/concurso-ana-novo-pedido-ao-me\/\",\"name\":\"Concurso ANA: novo pedido com 109 vagas ser\u00e1 enviado ao ME\",\"isPartOf\":{\"@id\":\"https:\/\/www.estrategiaconcursos.com.br\/blog\/#website\"},\"primaryImageOfPage\":{\"@id\":\"https:\/\/www.estrategiaconcursos.com.br\/blog\/concurso-ana-novo-pedido-ao-me\/#primaryimage\"},\"image\":{\"@id\":\"https:\/\/www.estrategiaconcursos.com.br\/blog\/concurso-ana-novo-pedido-ao-me\/#primaryimage\"},\"thumbnailUrl\":\"https:\/\/dhg1h5j42swfq.cloudfront.net\/2022\/05\/05151816\/ana-2.jpg\",\"datePublished\":\"2023-01-12T14:40:34+00:00\",\"dateModified\":\"2023-01-12T15:05:50+00:00\",\"description\":\"Concurso ANA: novo pedido para provimento de 109 vagas ser\u00e1 enviado ao Minist\u00e9rio da Economia. Acesse e saiba mais!\",\"breadcrumb\":{\"@id\":\"https:\/\/www.estrategiaconcursos.com.br\/blog\/concurso-ana-novo-pedido-ao-me\/#breadcrumb\"},\"inLanguage\":\"pt-BR\",\"potentialAction\":[{\"@type\":\"ReadAction\",\"target\":[\"https:\/\/www.estrategiaconcursos.com.br\/blog\/concurso-ana-novo-pedido-ao-me\/\"]}]},{\"@type\":\"ImageObject\",\"inLanguage\":\"pt-BR\",\"@id\":\"https:\/\/www.estrategiaconcursos.com.br\/blog\/concurso-ana-novo-pedido-ao-me\/#primaryimage\",\"url\":\"https:\/\/dhg1h5j42swfq.cloudfront.net\/2022\/05\/05151816\/ana-2.jpg\",\"contentUrl\":\"https:\/\/dhg1h5j42swfq.cloudfront.net\/2022\/05\/05151816\/ana-2.jpg\",\"width\":768,\"height\":432,\"caption\":\"Concurso ANA novidades\"},{\"@type\":\"BreadcrumbList\",\"@id\":\"https:\/\/www.estrategiaconcursos.com.br\/blog\/concurso-ana-novo-pedido-ao-me\/#breadcrumb\",\"itemListElement\":[{\"@type\":\"ListItem\",\"position\":1,\"name\":\"In\u00edcio\",\"item\":\"https:\/\/www.estrategiaconcursos.com.br\/blog\/\"},{\"@type\":\"ListItem\",\"position\":2,\"name\":\"Concurso ANA: novo pedido com 109 vagas ser\u00e1 enviado ao ME\"}]},{\"@type\":\"WebSite\",\"@id\":\"https:\/\/www.estrategiaconcursos.com.br\/blog\/#website\",\"url\":\"https:\/\/www.estrategiaconcursos.com.br\/blog\/\",\"name\":\"Estrat\u00e9gia Concursos\",\"description\":\"O blog da Estrat\u00e9gia Concursos traz not\u00edcias sobre concursos e artigos de professores oferecendo cursos para concursos (pdf + videaulas) no site.\",\"publisher\":{\"@id\":\"https:\/\/www.estrategiaconcursos.com.br\/blog\/#organization\"},\"potentialAction\":[{\"@type\":\"SearchAction\",\"target\":{\"@type\":\"EntryPoint\",\"urlTemplate\":\"https:\/\/www.estrategiaconcursos.com.br\/blog\/?s={search_term_string}\"},\"query-input\":{\"@type\":\"PropertyValueSpecification\",\"valueRequired\":true,\"valueName\":\"search_term_string\"}}],\"inLanguage\":\"pt-BR\"},{\"@type\":\"Organization\",\"@id\":\"https:\/\/www.estrategiaconcursos.com.br\/blog\/#organization\",\"name\":\"Estrat\u00e9gia Concursos\",\"url\":\"https:\/\/www.estrategiaconcursos.com.br\/blog\/\",\"logo\":{\"@type\":\"ImageObject\",\"inLanguage\":\"pt-BR\",\"@id\":\"https:\/\/www.estrategiaconcursos.com.br\/blog\/#\/schema\/logo\/image\/\",\"url\":\"https:\/\/dhg1h5j42swfq.cloudfront.net\/2025\/06\/03203428\/logo_concursos-1.jpg\",\"contentUrl\":\"https:\/\/dhg1h5j42swfq.cloudfront.net\/2025\/06\/03203428\/logo_concursos-1.jpg\",\"width\":230,\"height\":60,\"caption\":\"Estrat\u00e9gia Concursos\"},\"image\":{\"@id\":\"https:\/\/www.estrategiaconcursos.com.br\/blog\/#\/schema\/logo\/image\/\"},\"sameAs\":[\"https:\/\/x.com\/EstratConcursos\"]},{\"@type\":\"Person\",\"@id\":\"https:\/\/www.estrategiaconcursos.com.br\/blog\/#\/schema\/person\/e3b6b7ce0192dd4ad270655969d61750\",\"name\":\"F\u00e1bio Scaldelai\",\"image\":{\"@type\":\"ImageObject\",\"inLanguage\":\"pt-BR\",\"@id\":\"https:\/\/secure.gravatar.com\/avatar\/8ed7492c4d88d8495bc0cb24cda6847b8ae23eec459a919e08e77d0ca0fd79ec?s=96&d=mm&r=g\",\"url\":\"https:\/\/secure.gravatar.com\/avatar\/8ed7492c4d88d8495bc0cb24cda6847b8ae23eec459a919e08e77d0ca0fd79ec?s=96&d=mm&r=g\",\"contentUrl\":\"https:\/\/secure.gravatar.com\/avatar\/8ed7492c4d88d8495bc0cb24cda6847b8ae23eec459a919e08e77d0ca0fd79ec?s=96&d=mm&r=g\",\"caption\":\"F\u00e1bio Scaldelai\"},\"description\":\"Jornalista no Estrat\u00e9gia Concursos e Produtor de Televis\u00e3o, formado em Jornalismo, R\u00e1dio e TV pela Faculdade Integrada Rio Branco, com especializa\u00e7\u00f5es em Gest\u00e3o Empresarial e Marketing pelo M\u00f3dulo. Atuou como produtor no SBT, TV Bandeirantes e R\u00e1dio Band FM, al\u00e9m de acumular tr\u00eas anos de experi\u00eancia no setor de concursos p\u00fablicos pela LFG (Luiz Fl\u00e1vio Gomes). No Estrat\u00e9gia Concursos, atua na apura\u00e7\u00e3o de not\u00edcias da \u00e1rea fiscal, al\u00e9m de coberturas sobre concursos das \u00e1reas de controle (TCU, TCE, etc), concurso AFT, \u00e1rea de gest\u00e3o e administrativa, bem como dos \u00f3rg\u00e3os participantes do CNU. Tamb\u00e9m possui experi\u00eancia em link building e an\u00e1lise de m\u00eddia, adquirida durante sua atua\u00e7\u00e3o na ag\u00eancia SEO Marketing.\",\"url\":\"https:\/\/www.estrategiaconcursos.com.br\/blog\/author\/fabio-scaldelaiestrategiaconcursos-com-br\/\"}]}<\/script>\n<!-- \/ Yoast SEO Premium plugin. -->","yoast_head_json":{"title":"Concurso ANA: novo pedido com 109 vagas ser\u00e1 enviado ao ME","description":"Concurso ANA: novo pedido para provimento de 109 vagas ser\u00e1 enviado ao Minist\u00e9rio da Economia. Acesse e saiba mais!","robots":{"index":"index","follow":"follow","max-snippet":"max-snippet:-1","max-image-preview":"max-image-preview:large","max-video-preview":"max-video-preview:-1"},"canonical":"https:\/\/www.estrategiaconcursos.com.br\/blog\/concurso-ana-novo-pedido-ao-me\/","og_locale":"pt_BR","og_type":"article","og_title":"Concurso ANA: novo pedido com 109 vagas ser\u00e1 enviado ao ME","og_description":"Concurso ANA: novo pedido para provimento de 109 vagas ser\u00e1 enviado ao Minist\u00e9rio da Economia. Acesse e saiba mais!","og_url":"https:\/\/www.estrategiaconcursos.com.br\/blog\/concurso-ana-novo-pedido-ao-me\/","og_site_name":"Estrat\u00e9gia Concursos","article_published_time":"2023-01-12T14:40:34+00:00","article_modified_time":"2023-01-12T15:05:50+00:00","og_image":[{"width":768,"height":432,"url":"https:\/\/dhg1h5j42swfq.cloudfront.net\/2022\/05\/05151816\/ana-2.jpg","type":"image\/jpeg"}],"author":"F\u00e1bio Scaldelai","twitter_card":"summary_large_image","twitter_creator":"@EstratConcursos","twitter_site":"@EstratConcursos","twitter_misc":{"Escrito por":"F\u00e1bio Scaldelai","Est. tempo de leitura":"2 minutos"},"schema":{"@context":"https:\/\/schema.org","@graph":[{"@type":"NewsArticle","@id":"https:\/\/www.estrategiaconcursos.com.br\/blog\/concurso-ana-novo-pedido-ao-me\/#article","isPartOf":{"@id":"https:\/\/www.estrategiaconcursos.com.br\/blog\/concurso-ana-novo-pedido-ao-me\/"},"author":{"name":"F\u00e1bio Scaldelai","@id":"https:\/\/www.estrategiaconcursos.com.br\/blog\/#\/schema\/person\/e3b6b7ce0192dd4ad270655969d61750"},"headline":"Concurso ANA: novo pedido com 109 vagas ser\u00e1 enviado ao ME","datePublished":"2023-01-12T14:40:34+00:00","dateModified":"2023-01-12T15:05:50+00:00","mainEntityOfPage":{"@id":"https:\/\/www.estrategiaconcursos.com.br\/blog\/concurso-ana-novo-pedido-ao-me\/"},"wordCount":407,"commentCount":0,"publisher":{"@id":"https:\/\/www.estrategiaconcursos.com.br\/blog\/#organization"},"image":{"@id":"https:\/\/www.estrategiaconcursos.com.br\/blog\/concurso-ana-novo-pedido-ao-me\/#primaryimage"},"thumbnailUrl":"https:\/\/dhg1h5j42swfq.cloudfront.net\/2022\/05\/05151816\/ana-2.jpg","articleSection":["Ag\u00eancia Reguladora","Executivo (Administrativa)","\u00daltimas not\u00edcias"],"inLanguage":"pt-BR","potentialAction":[{"@type":"CommentAction","name":"Comment","target":["https:\/\/www.estrategiaconcursos.com.br\/blog\/concurso-ana-novo-pedido-ao-me\/#respond"]}],"copyrightYear":"2023","copyrightHolder":{"@id":"https:\/\/www.estrategiaconcursos.com.br\/blog\/#organization"}},{"@type":"WebPage","@id":"https:\/\/www.estrategiaconcursos.com.br\/blog\/concurso-ana-novo-pedido-ao-me\/","url":"https:\/\/www.estrategiaconcursos.com.br\/blog\/concurso-ana-novo-pedido-ao-me\/","name":"Concurso ANA: novo pedido com 109 vagas ser\u00e1 enviado ao ME","isPartOf":{"@id":"https:\/\/www.estrategiaconcursos.com.br\/blog\/#website"},"primaryImageOfPage":{"@id":"https:\/\/www.estrategiaconcursos.com.br\/blog\/concurso-ana-novo-pedido-ao-me\/#primaryimage"},"image":{"@id":"https:\/\/www.estrategiaconcursos.com.br\/blog\/concurso-ana-novo-pedido-ao-me\/#primaryimage"},"thumbnailUrl":"https:\/\/dhg1h5j42swfq.cloudfront.net\/2022\/05\/05151816\/ana-2.jpg","datePublished":"2023-01-12T14:40:34+00:00","dateModified":"2023-01-12T15:05:50+00:00","description":"Concurso ANA: novo pedido para provimento de 109 vagas ser\u00e1 enviado ao Minist\u00e9rio da Economia. Acesse e saiba mais!","breadcrumb":{"@id":"https:\/\/www.estrategiaconcursos.com.br\/blog\/concurso-ana-novo-pedido-ao-me\/#breadcrumb"},"inLanguage":"pt-BR","potentialAction":[{"@type":"ReadAction","target":["https:\/\/www.estrategiaconcursos.com.br\/blog\/concurso-ana-novo-pedido-ao-me\/"]}]},{"@type":"ImageObject","inLanguage":"pt-BR","@id":"https:\/\/www.estrategiaconcursos.com.br\/blog\/concurso-ana-novo-pedido-ao-me\/#primaryimage","url":"https:\/\/dhg1h5j42swfq.cloudfront.net\/2022\/05\/05151816\/ana-2.jpg","contentUrl":"https:\/\/dhg1h5j42swfq.cloudfront.net\/2022\/05\/05151816\/ana-2.jpg","width":768,"height":432,"caption":"Concurso ANA novidades"},{"@type":"BreadcrumbList","@id":"https:\/\/www.estrategiaconcursos.com.br\/blog\/concurso-ana-novo-pedido-ao-me\/#breadcrumb","itemListElement":[{"@type":"ListItem","position":1,"name":"In\u00edcio","item":"https:\/\/www.estrategiaconcursos.com.br\/blog\/"},{"@type":"ListItem","position":2,"name":"Concurso ANA: novo pedido com 109 vagas ser\u00e1 enviado ao ME"}]},{"@type":"WebSite","@id":"https:\/\/www.estrategiaconcursos.com.br\/blog\/#website","url":"https:\/\/www.estrategiaconcursos.com.br\/blog\/","name":"Estrat\u00e9gia Concursos","description":"O blog da Estrat\u00e9gia Concursos traz not\u00edcias sobre concursos e artigos de professores oferecendo cursos para concursos (pdf + videaulas) no site.","publisher":{"@id":"https:\/\/www.estrategiaconcursos.com.br\/blog\/#organization"},"potentialAction":[{"@type":"SearchAction","target":{"@type":"EntryPoint","urlTemplate":"https:\/\/www.estrategiaconcursos.com.br\/blog\/?s={search_term_string}"},"query-input":{"@type":"PropertyValueSpecification","valueRequired":true,"valueName":"search_term_string"}}],"inLanguage":"pt-BR"},{"@type":"Organization","@id":"https:\/\/www.estrategiaconcursos.com.br\/blog\/#organization","name":"Estrat\u00e9gia Concursos","url":"https:\/\/www.estrategiaconcursos.com.br\/blog\/","logo":{"@type":"ImageObject","inLanguage":"pt-BR","@id":"https:\/\/www.estrategiaconcursos.com.br\/blog\/#\/schema\/logo\/image\/","url":"https:\/\/dhg1h5j42swfq.cloudfront.net\/2025\/06\/03203428\/logo_concursos-1.jpg","contentUrl":"https:\/\/dhg1h5j42swfq.cloudfront.net\/2025\/06\/03203428\/logo_concursos-1.jpg","width":230,"height":60,"caption":"Estrat\u00e9gia Concursos"},"image":{"@id":"https:\/\/www.estrategiaconcursos.com.br\/blog\/#\/schema\/logo\/image\/"},"sameAs":["https:\/\/x.com\/EstratConcursos"]},{"@type":"Person","@id":"https:\/\/www.estrategiaconcursos.com.br\/blog\/#\/schema\/person\/e3b6b7ce0192dd4ad270655969d61750","name":"F\u00e1bio Scaldelai","image":{"@type":"ImageObject","inLanguage":"pt-BR","@id":"https:\/\/secure.gravatar.com\/avatar\/8ed7492c4d88d8495bc0cb24cda6847b8ae23eec459a919e08e77d0ca0fd79ec?s=96&d=mm&r=g","url":"https:\/\/secure.gravatar.com\/avatar\/8ed7492c4d88d8495bc0cb24cda6847b8ae23eec459a919e08e77d0ca0fd79ec?s=96&d=mm&r=g","contentUrl":"https:\/\/secure.gravatar.com\/avatar\/8ed7492c4d88d8495bc0cb24cda6847b8ae23eec459a919e08e77d0ca0fd79ec?s=96&d=mm&r=g","caption":"F\u00e1bio Scaldelai"},"description":"Jornalista no Estrat\u00e9gia Concursos e Produtor de Televis\u00e3o, formado em Jornalismo, R\u00e1dio e TV pela Faculdade Integrada Rio Branco, com especializa\u00e7\u00f5es em Gest\u00e3o Empresarial e Marketing pelo M\u00f3dulo. Atuou como produtor no SBT, TV Bandeirantes e R\u00e1dio Band FM, al\u00e9m de acumular tr\u00eas anos de experi\u00eancia no setor de concursos p\u00fablicos pela LFG (Luiz Fl\u00e1vio Gomes). No Estrat\u00e9gia Concursos, atua na apura\u00e7\u00e3o de not\u00edcias da \u00e1rea fiscal, al\u00e9m de coberturas sobre concursos das \u00e1reas de controle (TCU, TCE, etc), concurso AFT, \u00e1rea de gest\u00e3o e administrativa, bem como dos \u00f3rg\u00e3os participantes do CNU. Tamb\u00e9m possui experi\u00eancia em link building e an\u00e1lise de m\u00eddia, adquirida durante sua atua\u00e7\u00e3o na ag\u00eancia SEO Marketing.","url":"https:\/\/www.estrategiaconcursos.com.br\/blog\/author\/fabio-scaldelaiestrategiaconcursos-com-br\/"}]}},"_links":{"self":[{"href":"https:\/\/www.estrategiaconcursos.com.br\/blog\/wp-json\/wp\/v2\/posts\/1151511","targetHints":{"allow":["GET"]}}],"collection":[{"href":"https:\/\/www.estrategiaconcursos.com.br\/blog\/wp-json\/wp\/v2\/posts"}],"about":[{"href":"https:\/\/www.estrategiaconcursos.com.br\/blog\/wp-json\/wp\/v2\/types\/post"}],"author":[{"embeddable":true,"href":"https:\/\/www.estrategiaconcursos.com.br\/blog\/wp-json\/wp\/v2\/users\/656"}],"replies":[{"embeddable":true,"href":"https:\/\/www.estrategiaconcursos.com.br\/blog\/wp-json\/wp\/v2\/comments?post=1151511"}],"version-history":[{"count":14,"href":"https:\/\/www.estrategiaconcursos.com.br\/blog\/wp-json\/wp\/v2\/posts\/1151511\/revisions"}],"predecessor-version":[{"id":1151585,"href":"https:\/\/www.estrategiaconcursos.com.br\/blog\/wp-json\/wp\/v2\/posts\/1151511\/revisions\/1151585"}],"wp:featuredmedia":[{"embeddable":true,"href":"https:\/\/www.estrategiaconcursos.com.br\/blog\/wp-json\/wp\/v2\/media\/1022359"}],"wp:attachment":[{"href":"https:\/\/www.estrategiaconcursos.com.br\/blog\/wp-json\/wp\/v2\/media?parent=1151511"}],"wp:term":[{"taxonomy":"category","embeddable":true,"href":"https:\/\/www.estrategiaconcursos.com.br\/blog\/wp-json\/wp\/v2\/categories?post=1151511"},{"taxonomy":"post_tag","embeddable":true,"href":"https:\/\/www.estrategiaconcursos.com.br\/blog\/wp-json\/wp\/v2\/tags?post=1151511"},{"taxonomy":"tax_estado","embeddable":true,"href":"https:\/\/www.estrategiaconcursos.com.br\/blog\/wp-json\/wp\/v2\/tax_estado?post=1151511"}],"curies":[{"name":"wp","href":"https:\/\/api.w.org\/{rel}","templated":true}]}}