{"id":115146,"date":"2018-04-09T03:12:46","date_gmt":"2018-04-09T06:12:46","guid":{"rendered":"https:\/\/www.estrategiaconcursos.com.br\/blog\/?p=115146"},"modified":"2018-04-09T22:49:58","modified_gmt":"2018-04-10T01:49:58","slug":"direito-empresarial-pode-haver-desconsideracao-da-personalidade-juridica-extrajudicialmente","status":"publish","type":"post","link":"https:\/\/www.estrategiaconcursos.com.br\/blog\/direito-empresarial-pode-haver-desconsideracao-da-personalidade-juridica-extrajudicialmente\/","title":{"rendered":"Direito Empresarial: Pode haver desconsidera\u00e7\u00e3o da personalidade jur\u00eddica extrajudicialmente?"},"content":{"rendered":"<p style=\"text-align: justify\"><strong><em><u>R:<\/u><\/em><\/strong> Com base na simples disposi\u00e7\u00e3o legal do C\u00f3digo Civil (art. 50), do C\u00f3digo de Defesa do Consumidor (art. 28), da Lei n\u00ba 9.605\/98 (art. 4\u00ba) e da Lei n\u00ba 12.529\/11 (art. 34), a desconsidera\u00e7\u00e3o da personalidade jur\u00eddica \u00e9 ato privativo do Poder Judici\u00e1rio. Ali\u00e1s, o Novo C\u00f3digo de Processo Civil a prev\u00ea como incidente (arts. 133\/137).<\/p>\n<p style=\"text-align: justify\"><span style=\"color: #0000ff\"><strong><u>Doutrina<\/u><\/strong><\/span>: \u201c<strong><u>Em termos processuais, a desconsidera\u00e7\u00e3o da pessoa jur\u00eddica \u00e9 ato privativo do juiz<\/u><\/strong>, que tamb\u00e9m n\u00e3o age de of\u00edcio, dependendo da iniciativa da parte ou do MP quando lhe couber intervir no processo. A decis\u00e3o fixar\u00e1 quais rela\u00e7\u00f5es ou obriga\u00e7\u00f5es ser\u00e3o estendidas aos s\u00f3cios ou administradores, de modo que a pessoa jur\u00eddica n\u00e3o se extingue, pois \u00e9 apenas afastado o v\u00e9u protetor para que os bens particulares daqueles respondam pelos atos abusivos ou fraudulentos.\u201d (<strong>Nestor Duarte<\/strong>)<\/p>\n<p style=\"text-align: justify\">No entanto, como apontou o Ministro <strong>CELSO DE MELLO<\/strong>, diversos doutrinadores j\u00e1 defendem a possibilidade de desconsidera\u00e7\u00e3o da personalidade jur\u00eddica no \u00e2mbito administrativo, sem atua\u00e7\u00e3o do Poder Judici\u00e1rio:<\/p>\n<p style=\"text-align: justify\"><span style=\"color: #0000ff\"><strong><u>Precedente<\/u><\/strong><\/span>: \u201cImp\u00f5e-se registrar, por necess\u00e1rio, ainda que esta afirma\u00e7\u00e3o n\u00e3o envolva qualquer manifesta\u00e7\u00e3o conclusiva sobre a presente controv\u00e9rsia mandamental, <strong>que a possibilidade de aplica\u00e7\u00e3o da desconsidera\u00e7\u00e3o da personalidade jur\u00eddica por \u00f3rg\u00e3os administrativos, desde que utilizada como meio de coibir o abuso de direito e o desrespeito aos princ\u00edpios que condicionam a atividade do Estado, tem sido reconhecida por autorizado magist\u00e9rio doutrin\u00e1rio<\/strong> (<strong>JOS\u00c9 DOS SANTOS CARVALHO FILHO<\/strong>, \u201cManual de Direito Administrativo\u201d, p 969, item n. 7.5, 25\u00aa ed., 2012, Atlas; <strong>MARIANNA MONTE BELLO<\/strong> \u201cOs Tribunais de Contas e a \u2018Disregard Doctrine\u2019\u201d; <strong>FLAVIA ALBERTIN DE MORAES<\/strong> \u201cA Teoria da Desconsidera\u00e7\u00e3o da Personalidade Jur\u00eddica e o Processo Administrativo Punitivo\u201d, \u201cin\u201d RDA 252\/45-55; <strong>SUZY ELIZABETH CAVALCANTEKOURY<\/strong>, \u201cA Teoria da Desconsidera\u00e7\u00e3o da Personalidade Jur\u00eddica:aplica\u00e7\u00e3o no direito administrativo\u201d; <strong>JESS\u00c9 TORRES PEREIRA JUNIOR <\/strong>e <strong>MARIN\u00caS RESTELATTO DOTTI<\/strong>, \u201cA Desconsidera\u00e7\u00e3o da Personalidade Jur\u00eddica em Face de Impedimentos para Participar de Licita\u00e7\u00f5es e Contratar com a Administra\u00e7\u00e3o P\u00fablica: limites jurisprudenciais\u201d; MARIANA ROCHA CORR\u00caA, \u201cA Efic\u00e1cia da Desconsidera\u00e7\u00e3o Expansiva da Personalidade Jur\u00eddica no Sistema Jur\u00eddico Brasileiro\u201d, 2011, EMERJ, v.g.) (&#8230;).\u201d (<strong>STF, MS 32494 MC, Relator(a): Min. CELSO DE MELLO, julgado em 11\/11\/2013, publicado em PROCESSO ELETR\u00d4NICO DJe-224 DIVULG 12\/11\/2013 PUBLIC 13\/11\/2013<\/strong>)<\/p>\n<p style=\"text-align: justify\">Nesse ponto, destaco <strong>MAR\u00c7AL JUSTEN FILHO<\/strong>:<\/p>\n<p style=\"text-align: justify\"><span style=\"color: #0000ff\"><strong><u>Doutrina<\/u><\/strong><\/span>: \u201c6) Desconsidera\u00e7\u00e3o da pessoa jur\u00eddica. (&#8230;) <strong>Nada impede sua aplica\u00e7\u00e3o no \u00e2mbito do Direito Administrativo<\/strong>, desde que adotadas as cautelas cab\u00edveis e adequadas. N\u00e3o se admite que se pretenda ignorar a barreira da personalidade jur\u00eddica sempre que tal se revele inconveniente para a Administra\u00e7\u00e3o. A desconsidera\u00e7\u00e3o da personalidade societ\u00e1ria pressup\u00f5e a utiliza\u00e7\u00e3o ilegal, abusiva e contr\u00e1ria \u00e0s boas pr\u00e1ticas da vida empresarial. <strong>E a desconsidera\u00e7\u00e3o deve ser precedida de processo administrativo espec\u00edfico em que sejam assegurados a ampla defesa e o contradit\u00f3rio a todos os interessados<\/strong>.\u201d (<strong>Mar\u00e7al Justen Filho<\/strong>)<\/p>\n<p style=\"text-align: justify\">Ademais, j\u00e1 h\u00e1 um precedente nesse sentido no Colendo <strong>SUPERIOR TRIBUNAL DE JUSTI\u00c7A<\/strong>:<\/p>\n<p style=\"text-align: justify\"><span style=\"color: #0000ff\"><strong><u>Precedente<\/u><\/strong><\/span>: \u201cADMINISTRATIVO. RECURSO ORDIN\u00c1RIO EM MANDADO DE SEGURAN\u00c7A. LICITA\u00c7\u00c3O. SAN\u00c7\u00c3O DE INIDONEIDADE PARA LICITAR. EXTENS\u00c3O DE EFEITOS \u00c0 SOCIEDADE COM O MESMO OBJETO SOCIAL, MESMOS S\u00d3CIOS E MESMO ENDERE\u00c7O. FRAUDE \u00c0 LEI E ABUSO DE FORMA. <strong><u>DESCONSIDERA\u00c7\u00c3O DA PERSONALIDADE JUR\u00cdDICA NA ESFERA ADMINISTRATIVA. POSSIBILIDADE<\/u><\/strong>. PRINC\u00cdPIO DA MORALIDADE ADMINISTRATIVA E DA INDISPONIBILIDADE DOS INTERESSES P\u00daBLICOS. &#8211; A constitui\u00e7\u00e3o de nova sociedade, com o mesmo objeto social, com os mesmos s\u00f3cios e com o mesmo endere\u00e7o, em substitui\u00e7\u00e3o a outra declarada inid\u00f4nea para licitar com a Administra\u00e7\u00e3o P\u00fablica Estadual, com o objetivo de burlar \u00e0 aplica\u00e7\u00e3o da san\u00e7\u00e3o administrativa, constitui abuso de forma e fraude \u00e0 Lei de Licita\u00e7\u00f5es Lei n.\u00ba 8.666\/93, de modo a possibilitar a aplica\u00e7\u00e3o da teoria da desconsidera\u00e7\u00e3o da personalidade jur\u00eddica para estenderem-se os efeitos da san\u00e7\u00e3o administrativa \u00e0 nova sociedade constitu\u00edda. &#8211; <strong>A Administra\u00e7\u00e3o P\u00fablica pode, em observ\u00e2ncia ao princ\u00edpio da moralidade administrativa e da indisponibilidade dos interesses p\u00fablicos tutelados, desconsiderar a personalidade jur\u00eddica de sociedade constitu\u00edda com abuso de forma e fraude \u00e0 lei, desde que facultado ao administrado o contradit\u00f3rio e a ampla defesa em processo administrativo regular<\/strong>. &#8211; Recurso a que se nega provimento.\u201d (<strong>STJ, RMS 15.166\/BA, Rel. Ministro CASTRO MEIRA, SEGUNDA TURMA, julgado em 07\/08\/2003, DJ 08\/09\/2003<\/strong>).<\/p>\n<p>No entanto, como bem apontado pelo leitor\u00a0<strong>Helvecio Vieira<\/strong>, o art. 14 da\u00a0 Lei n\u00ba 12.846\/13 autoriza a desconsidera\u00e7\u00e3o no \u00e2mbito do processo administrativo:<\/p>\n<p><span style=\"text-decoration: underline\"><span style=\"color: #339966;text-decoration: underline\"><strong>Legisla\u00e7\u00e3o<\/strong><\/span><\/span>: \u201c<strong>Art. 14 da Lei n\u00ba 12.846\/13<\/strong>.A personalidade jur\u00eddica poder\u00e1 ser desconsiderada sempre que utilizada com abuso do direito para facilitar, encobrir ou dissimular a pr\u00e1tica dos atos il\u00edcitos previstos nesta Lei ou para provocar confus\u00e3o patrimonial, sendo estendidos todos os efeitos das san\u00e7\u00f5es aplicadas \u00e0 pessoa jur\u00eddica aos seus administradores e s\u00f3cios com poderes de administra\u00e7\u00e3o, observados o contradit\u00f3rio e a ampla defesa.\u201d<\/p>\n<p>A referida possibilidade, no entanto, n\u00e3o \u00e9 imune de cr\u00edticas como aponta <strong>S\u00c9RGIO CAMPINHO<\/strong>:<\/p>\n<p style=\"text-align: justify\"><span style=\"text-decoration: underline\"><strong><span style=\"color: #0000ff;text-decoration: underline\">Doutrina<\/span><\/strong><\/span>:\u00a0\u201cPor fim, o art. 14 da Lei n. 12.846\/2013, que disp\u00f5e sobre a responsabiliza\u00e7\u00e3o administrativa e civil de pessoas jur\u00eddicas pela pr\u00e1tica de atos contra a administra\u00e7\u00e3o p\u00fablica nacional ou estrangeira, n\u00e3o foi bem nos conceitos, erigindo a pr\u00e1tica de atos il\u00edcitos (imputa\u00e7\u00e3o direta) como autorizadora da desconsidera\u00e7\u00e3o. Incorreu, assim, no mesmo defeito do caput do art. 28 da Lei n. 8.078\/90 e do caput do art. 34 da Lei n. 12.529\/2011. N\u00e3o fora isso, a regra traduz lament\u00e1vel equ\u00edvoco: autoriza a desconsidera\u00e7\u00e3o por autoridade administrativa, fora, portanto, do \u00e2mbito do Poder Judici\u00e1rio. Tem-se, portanto, um not\u00f3rio conflito de interesse do Estado Administrativo sancionador, que n\u00e3o teria a necess\u00e1ria imparcialidade do Estado-Juiz.\u201d (<strong>S\u00c9RGIO CAMPINHO<\/strong>)<\/p>\n<p style=\"text-align: justify\"><span style=\"color: #ff0000\"><strong><u>EM RESUMO<\/u><\/strong><\/span>:<\/p>\n<p style=\"text-align: justify\"><strong>(a)<\/strong> com base na disposi\u00e7\u00e3o legal do C\u00f3digo Civil (art. 50), do C\u00f3digo de Defesa do Consumidor (art. 28), da Lei n\u00ba 9.605\/98 (art. 4\u00ba) e da Lei n\u00ba 12.529\/11 (art. 34), n\u00e3o \u00e9 poss\u00edvel a desconsidera\u00e7\u00e3o da personalidade jur\u00eddica extrajudicialmente; <strong>(b)<\/strong> no entanto, grande parte da doutrina do Direito Administrativo sempre a defendeu;\u00a0<strong>(c)<\/strong> h\u00e1 inclusive um precedente antigo do <strong>SUPERIOR TRIBUNAL DE JUSTI\u00c7A<\/strong> que aceitou a desconsidera\u00e7\u00e3o da personalidade jur\u00eddica promovida pela Administra\u00e7\u00e3o P\u00fablica; <strong>(d)<\/strong> e, a partir da Lei 12.846\/13, h\u00e1 previs\u00e3o legal expressa autorizando a desconsidera\u00e7\u00e3o da personalidade jur\u00eddica no campo do processo administrativo.<\/p>\n<p>&nbsp;<\/p>\n<p>Para dicas di\u00e1rias sobre Direito Empresarial:<\/p>\n<p><img loading=\"lazy\" decoding=\"async\" class=\"alignnone wp-image-114523\" src=\"https:\/\/dhg1h5j42swfq.cloudfront.net\/2018\/04\/05031406\/Instagram-S%C3%ADmbolo.jpg\" alt=\"\" width=\"44\" height=\"43\" srcset=\"https:\/\/dhg1h5j42swfq.cloudfront.net\/2018\/04\/05031406\/Instagram-S%C3%ADmbolo.jpg 175w, https:\/\/dhg1h5j42swfq.cloudfront.net\/2018\/04\/05031406\/Instagram-S%C3%ADmbolo.jpg 150w\" sizes=\"auto, (max-width: 44px) 100vw, 44px\" \/><a href=\"https:\/\/www.instagram.com\/proflucasevangelinos\/?hl=pt-br\" target=\"_blank\" rel=\"noopener\">@proflucasevangelinos<\/a><\/p>\n<p>Se gostou do material, fica o convite para dar uma olhada nos meus cursos aqui do Estrat\u00e9gia:<\/p>\n<p><img loading=\"lazy\" decoding=\"async\" class=\"alignnone wp-image-114766\" src=\"https:\/\/dhg1h5j42swfq.cloudfront.net\/2018\/04\/06031127\/ECJ.jpg\" alt=\"\" width=\"163\" height=\"55\" srcset=\"https:\/\/dhg1h5j42swfq.cloudfront.net\/2018\/04\/06031127\/ECJ.jpg 543w, https:\/\/dhg1h5j42swfq.cloudfront.net\/2018\/04\/06031127\/ECJ.jpg 300w\" sizes=\"auto, (max-width: 163px) 100vw, 163px\" \/><a href=\"https:\/\/www.estrategiaconcursos.com.br\/cursosPorProfessor\/lucas-de-abreu-evangelinos-3722\/\" target=\"_blank\" rel=\"noopener\">CURSOS &#8211; LUCAS DE ABREU EVANGELINOS<\/a><\/p>\n<p>Por fim, d\u00favidas, sugest\u00f5es ou cr\u00edticas:<\/p>\n<p><img loading=\"lazy\" decoding=\"async\" class=\"alignnone wp-image-115153 size-full\" src=\"https:\/\/dhg1h5j42swfq.cloudfront.net\/2018\/04\/09030905\/GMAIL.jpg\" alt=\"\" width=\"48\" height=\"36\" \/>proflucasevangelinos@gmail.com<\/p>\n<p>Abra\u00e7o e bons estudos!<\/p>\n","protected":false},"excerpt":{"rendered":"<p>R: Com base na simples disposi\u00e7\u00e3o legal do C\u00f3digo Civil (art. 50), do C\u00f3digo de Defesa do Consumidor (art. 28), da Lei n\u00ba 9.605\/98 (art. 4\u00ba) e da Lei n\u00ba 12.529\/11 (art. 34), a desconsidera\u00e7\u00e3o da personalidade jur\u00eddica \u00e9 ato privativo do Poder Judici\u00e1rio. Ali\u00e1s, o Novo C\u00f3digo de Processo Civil a prev\u00ea como incidente [&hellip;]<\/p>\n","protected":false},"author":581,"featured_media":0,"comment_status":"open","ping_status":"closed","sticky":false,"template":"","format":"standard","meta":{"post_tipo":"article","footnotes":""},"categories":[1,2185],"tags":[3707,3709,3708,3479],"tax_estado":[],"class_list":["post-115146","post","type-post","status-publish","format-standard","hentry","category-cursos-e-concursos","category-carreiras-juridicas","tag-desconsideracao","tag-doutrina","tag-extrajudicialmente","tag-jurisprudencia-stj"],"acf":[],"yoast_head":"<!-- This site is optimized with the Yoast SEO Premium plugin v27.2 (Yoast SEO v27.2) - https:\/\/yoast.com\/product\/yoast-seo-premium-wordpress\/ -->\n<title>Direito Empresarial: Pode haver desconsidera\u00e7\u00e3o da personalidade jur\u00eddica extrajudicialmente?<\/title>\n<meta name=\"robots\" content=\"index, follow, max-snippet:-1, max-image-preview:large, max-video-preview:-1\" \/>\n<link rel=\"canonical\" href=\"https:\/\/www.estrategiaconcursos.com.br\/blog\/direito-empresarial-pode-haver-desconsideracao-da-personalidade-juridica-extrajudicialmente\/\" \/>\n<meta property=\"og:locale\" content=\"pt_BR\" \/>\n<meta property=\"og:type\" content=\"article\" \/>\n<meta property=\"og:title\" content=\"Direito Empresarial: Pode haver desconsidera\u00e7\u00e3o da personalidade jur\u00eddica extrajudicialmente?\" \/>\n<meta property=\"og:description\" content=\"R: Com base na simples disposi\u00e7\u00e3o legal do C\u00f3digo Civil (art. 50), do C\u00f3digo de Defesa do Consumidor (art. 28), da Lei n\u00ba 9.605\/98 (art. 4\u00ba) e da Lei n\u00ba 12.529\/11 (art. 34), a desconsidera\u00e7\u00e3o da personalidade jur\u00eddica \u00e9 ato privativo do Poder Judici\u00e1rio. Ali\u00e1s, o Novo C\u00f3digo de Processo Civil a prev\u00ea como incidente [&hellip;]\" \/>\n<meta property=\"og:url\" content=\"https:\/\/www.estrategiaconcursos.com.br\/blog\/direito-empresarial-pode-haver-desconsideracao-da-personalidade-juridica-extrajudicialmente\/\" \/>\n<meta property=\"og:site_name\" content=\"Estrat\u00e9gia Concursos\" \/>\n<meta property=\"article:published_time\" content=\"2018-04-09T06:12:46+00:00\" \/>\n<meta property=\"article:modified_time\" content=\"2018-04-10T01:49:58+00:00\" \/>\n<meta property=\"og:image\" content=\"https:\/\/www.estrategiaconcursos.com.br\/blog\/wp-content\/uploads\/2018\/04\/ECJ.jpg\" \/>\n<meta name=\"author\" content=\"Lucas de Abreu Evangelinos\" \/>\n<meta name=\"twitter:card\" content=\"summary_large_image\" \/>\n<meta name=\"twitter:creator\" content=\"@EstratConcursos\" \/>\n<meta name=\"twitter:site\" content=\"@EstratConcursos\" \/>\n<meta name=\"twitter:label1\" content=\"Escrito por\" \/>\n\t<meta name=\"twitter:data1\" content=\"Lucas de Abreu Evangelinos\" \/>\n\t<meta name=\"twitter:label2\" content=\"Est. tempo de leitura\" \/>\n\t<meta name=\"twitter:data2\" content=\"6 minutos\" \/>\n<script type=\"application\/ld+json\" class=\"yoast-schema-graph\">{\"@context\":\"https:\/\/schema.org\",\"@graph\":[{\"@type\":\"NewsArticle\",\"@id\":\"https:\/\/www.estrategiaconcursos.com.br\/blog\/direito-empresarial-pode-haver-desconsideracao-da-personalidade-juridica-extrajudicialmente\/#article\",\"isPartOf\":{\"@id\":\"https:\/\/www.estrategiaconcursos.com.br\/blog\/direito-empresarial-pode-haver-desconsideracao-da-personalidade-juridica-extrajudicialmente\/\"},\"author\":{\"name\":\"Lucas de Abreu Evangelinos\",\"@id\":\"https:\/\/www.estrategiaconcursos.com.br\/blog\/#\/schema\/person\/1df46045115e528b1e901bfd2d534434\"},\"headline\":\"Direito Empresarial: Pode haver desconsidera\u00e7\u00e3o da personalidade jur\u00eddica extrajudicialmente?\",\"datePublished\":\"2018-04-09T06:12:46+00:00\",\"dateModified\":\"2018-04-10T01:49:58+00:00\",\"mainEntityOfPage\":{\"@id\":\"https:\/\/www.estrategiaconcursos.com.br\/blog\/direito-empresarial-pode-haver-desconsideracao-da-personalidade-juridica-extrajudicialmente\/\"},\"wordCount\":1154,\"commentCount\":2,\"publisher\":{\"@id\":\"https:\/\/www.estrategiaconcursos.com.br\/blog\/#organization\"},\"image\":{\"@id\":\"https:\/\/www.estrategiaconcursos.com.br\/blog\/direito-empresarial-pode-haver-desconsideracao-da-personalidade-juridica-extrajudicialmente\/#primaryimage\"},\"thumbnailUrl\":\"https:\/\/www.estrategiaconcursos.com.br\/blog\/wp-content\/uploads\/2018\/04\/ECJ.jpg\",\"keywords\":[\"desconsidera\u00e7\u00e3o\",\"doutrina\",\"extrajudicialmente\",\"Jurisprud\u00eancia STJ\"],\"articleSection\":[\"Concursos P\u00fablicos\",\"Jur\u00eddico\"],\"inLanguage\":\"pt-BR\",\"potentialAction\":[{\"@type\":\"CommentAction\",\"name\":\"Comment\",\"target\":[\"https:\/\/www.estrategiaconcursos.com.br\/blog\/direito-empresarial-pode-haver-desconsideracao-da-personalidade-juridica-extrajudicialmente\/#respond\"]}],\"copyrightYear\":\"2018\",\"copyrightHolder\":{\"@id\":\"https:\/\/www.estrategiaconcursos.com.br\/blog\/#organization\"}},{\"@type\":\"WebPage\",\"@id\":\"https:\/\/www.estrategiaconcursos.com.br\/blog\/direito-empresarial-pode-haver-desconsideracao-da-personalidade-juridica-extrajudicialmente\/\",\"url\":\"https:\/\/www.estrategiaconcursos.com.br\/blog\/direito-empresarial-pode-haver-desconsideracao-da-personalidade-juridica-extrajudicialmente\/\",\"name\":\"Direito Empresarial: Pode haver desconsidera\u00e7\u00e3o da personalidade jur\u00eddica extrajudicialmente?\",\"isPartOf\":{\"@id\":\"https:\/\/www.estrategiaconcursos.com.br\/blog\/#website\"},\"primaryImageOfPage\":{\"@id\":\"https:\/\/www.estrategiaconcursos.com.br\/blog\/direito-empresarial-pode-haver-desconsideracao-da-personalidade-juridica-extrajudicialmente\/#primaryimage\"},\"image\":{\"@id\":\"https:\/\/www.estrategiaconcursos.com.br\/blog\/direito-empresarial-pode-haver-desconsideracao-da-personalidade-juridica-extrajudicialmente\/#primaryimage\"},\"thumbnailUrl\":\"https:\/\/www.estrategiaconcursos.com.br\/blog\/wp-content\/uploads\/2018\/04\/ECJ.jpg\",\"datePublished\":\"2018-04-09T06:12:46+00:00\",\"dateModified\":\"2018-04-10T01:49:58+00:00\",\"breadcrumb\":{\"@id\":\"https:\/\/www.estrategiaconcursos.com.br\/blog\/direito-empresarial-pode-haver-desconsideracao-da-personalidade-juridica-extrajudicialmente\/#breadcrumb\"},\"inLanguage\":\"pt-BR\",\"potentialAction\":[{\"@type\":\"ReadAction\",\"target\":[\"https:\/\/www.estrategiaconcursos.com.br\/blog\/direito-empresarial-pode-haver-desconsideracao-da-personalidade-juridica-extrajudicialmente\/\"]}]},{\"@type\":\"ImageObject\",\"inLanguage\":\"pt-BR\",\"@id\":\"https:\/\/www.estrategiaconcursos.com.br\/blog\/direito-empresarial-pode-haver-desconsideracao-da-personalidade-juridica-extrajudicialmente\/#primaryimage\",\"url\":\"https:\/\/dhg1h5j42swfq.cloudfront.net\/2018\/04\/06031127\/ECJ.jpg\",\"contentUrl\":\"https:\/\/dhg1h5j42swfq.cloudfront.net\/2018\/04\/06031127\/ECJ.jpg\",\"width\":543,\"height\":184},{\"@type\":\"BreadcrumbList\",\"@id\":\"https:\/\/www.estrategiaconcursos.com.br\/blog\/direito-empresarial-pode-haver-desconsideracao-da-personalidade-juridica-extrajudicialmente\/#breadcrumb\",\"itemListElement\":[{\"@type\":\"ListItem\",\"position\":1,\"name\":\"In\u00edcio\",\"item\":\"https:\/\/www.estrategiaconcursos.com.br\/blog\/\"},{\"@type\":\"ListItem\",\"position\":2,\"name\":\"Direito Empresarial: Pode haver desconsidera\u00e7\u00e3o da personalidade jur\u00eddica extrajudicialmente?\"}]},{\"@type\":\"WebSite\",\"@id\":\"https:\/\/www.estrategiaconcursos.com.br\/blog\/#website\",\"url\":\"https:\/\/www.estrategiaconcursos.com.br\/blog\/\",\"name\":\"Estrat\u00e9gia Concursos\",\"description\":\"O blog da Estrat\u00e9gia Concursos traz not\u00edcias sobre concursos e artigos de professores oferecendo cursos para concursos (pdf + videaulas) no site.\",\"publisher\":{\"@id\":\"https:\/\/www.estrategiaconcursos.com.br\/blog\/#organization\"},\"potentialAction\":[{\"@type\":\"SearchAction\",\"target\":{\"@type\":\"EntryPoint\",\"urlTemplate\":\"https:\/\/www.estrategiaconcursos.com.br\/blog\/?s={search_term_string}\"},\"query-input\":{\"@type\":\"PropertyValueSpecification\",\"valueRequired\":true,\"valueName\":\"search_term_string\"}}],\"inLanguage\":\"pt-BR\"},{\"@type\":\"Organization\",\"@id\":\"https:\/\/www.estrategiaconcursos.com.br\/blog\/#organization\",\"name\":\"Estrat\u00e9gia Concursos\",\"url\":\"https:\/\/www.estrategiaconcursos.com.br\/blog\/\",\"logo\":{\"@type\":\"ImageObject\",\"inLanguage\":\"pt-BR\",\"@id\":\"https:\/\/www.estrategiaconcursos.com.br\/blog\/#\/schema\/logo\/image\/\",\"url\":\"https:\/\/dhg1h5j42swfq.cloudfront.net\/2025\/06\/03203428\/logo_concursos-1.jpg\",\"contentUrl\":\"https:\/\/dhg1h5j42swfq.cloudfront.net\/2025\/06\/03203428\/logo_concursos-1.jpg\",\"width\":230,\"height\":60,\"caption\":\"Estrat\u00e9gia Concursos\"},\"image\":{\"@id\":\"https:\/\/www.estrategiaconcursos.com.br\/blog\/#\/schema\/logo\/image\/\"},\"sameAs\":[\"https:\/\/x.com\/EstratConcursos\"]},{\"@type\":\"Person\",\"@id\":\"https:\/\/www.estrategiaconcursos.com.br\/blog\/#\/schema\/person\/1df46045115e528b1e901bfd2d534434\",\"name\":\"Lucas de Abreu Evangelinos\",\"image\":{\"@type\":\"ImageObject\",\"inLanguage\":\"pt-BR\",\"@id\":\"https:\/\/secure.gravatar.com\/avatar\/c4f3f0152330b69fbb5249cbc3511d7e387474f77d84b5dd386b312193eaa930?s=96&d=mm&r=g\",\"url\":\"https:\/\/secure.gravatar.com\/avatar\/c4f3f0152330b69fbb5249cbc3511d7e387474f77d84b5dd386b312193eaa930?s=96&d=mm&r=g\",\"contentUrl\":\"https:\/\/secure.gravatar.com\/avatar\/c4f3f0152330b69fbb5249cbc3511d7e387474f77d84b5dd386b312193eaa930?s=96&d=mm&r=g\",\"caption\":\"Lucas de Abreu Evangelinos\"},\"url\":\"https:\/\/www.estrategiaconcursos.com.br\/blog\/author\/proflucasevangelinosgmail-com\/\"}]}<\/script>\n<!-- \/ Yoast SEO Premium plugin. -->","yoast_head_json":{"title":"Direito Empresarial: Pode haver desconsidera\u00e7\u00e3o da personalidade jur\u00eddica extrajudicialmente?","robots":{"index":"index","follow":"follow","max-snippet":"max-snippet:-1","max-image-preview":"max-image-preview:large","max-video-preview":"max-video-preview:-1"},"canonical":"https:\/\/www.estrategiaconcursos.com.br\/blog\/direito-empresarial-pode-haver-desconsideracao-da-personalidade-juridica-extrajudicialmente\/","og_locale":"pt_BR","og_type":"article","og_title":"Direito Empresarial: Pode haver desconsidera\u00e7\u00e3o da personalidade jur\u00eddica extrajudicialmente?","og_description":"R: Com base na simples disposi\u00e7\u00e3o legal do C\u00f3digo Civil (art. 50), do C\u00f3digo de Defesa do Consumidor (art. 28), da Lei n\u00ba 9.605\/98 (art. 4\u00ba) e da Lei n\u00ba 12.529\/11 (art. 34), a desconsidera\u00e7\u00e3o da personalidade jur\u00eddica \u00e9 ato privativo do Poder Judici\u00e1rio. Ali\u00e1s, o Novo C\u00f3digo de Processo Civil a prev\u00ea como incidente [&hellip;]","og_url":"https:\/\/www.estrategiaconcursos.com.br\/blog\/direito-empresarial-pode-haver-desconsideracao-da-personalidade-juridica-extrajudicialmente\/","og_site_name":"Estrat\u00e9gia Concursos","article_published_time":"2018-04-09T06:12:46+00:00","article_modified_time":"2018-04-10T01:49:58+00:00","og_image":[{"url":"https:\/\/www.estrategiaconcursos.com.br\/blog\/wp-content\/uploads\/2018\/04\/ECJ.jpg","type":"","width":"","height":""}],"author":"Lucas de Abreu Evangelinos","twitter_card":"summary_large_image","twitter_creator":"@EstratConcursos","twitter_site":"@EstratConcursos","twitter_misc":{"Escrito por":"Lucas de Abreu Evangelinos","Est. tempo de leitura":"6 minutos"},"schema":{"@context":"https:\/\/schema.org","@graph":[{"@type":"NewsArticle","@id":"https:\/\/www.estrategiaconcursos.com.br\/blog\/direito-empresarial-pode-haver-desconsideracao-da-personalidade-juridica-extrajudicialmente\/#article","isPartOf":{"@id":"https:\/\/www.estrategiaconcursos.com.br\/blog\/direito-empresarial-pode-haver-desconsideracao-da-personalidade-juridica-extrajudicialmente\/"},"author":{"name":"Lucas de Abreu Evangelinos","@id":"https:\/\/www.estrategiaconcursos.com.br\/blog\/#\/schema\/person\/1df46045115e528b1e901bfd2d534434"},"headline":"Direito Empresarial: Pode haver desconsidera\u00e7\u00e3o da personalidade jur\u00eddica extrajudicialmente?","datePublished":"2018-04-09T06:12:46+00:00","dateModified":"2018-04-10T01:49:58+00:00","mainEntityOfPage":{"@id":"https:\/\/www.estrategiaconcursos.com.br\/blog\/direito-empresarial-pode-haver-desconsideracao-da-personalidade-juridica-extrajudicialmente\/"},"wordCount":1154,"commentCount":2,"publisher":{"@id":"https:\/\/www.estrategiaconcursos.com.br\/blog\/#organization"},"image":{"@id":"https:\/\/www.estrategiaconcursos.com.br\/blog\/direito-empresarial-pode-haver-desconsideracao-da-personalidade-juridica-extrajudicialmente\/#primaryimage"},"thumbnailUrl":"https:\/\/www.estrategiaconcursos.com.br\/blog\/wp-content\/uploads\/2018\/04\/ECJ.jpg","keywords":["desconsidera\u00e7\u00e3o","doutrina","extrajudicialmente","Jurisprud\u00eancia STJ"],"articleSection":["Concursos P\u00fablicos","Jur\u00eddico"],"inLanguage":"pt-BR","potentialAction":[{"@type":"CommentAction","name":"Comment","target":["https:\/\/www.estrategiaconcursos.com.br\/blog\/direito-empresarial-pode-haver-desconsideracao-da-personalidade-juridica-extrajudicialmente\/#respond"]}],"copyrightYear":"2018","copyrightHolder":{"@id":"https:\/\/www.estrategiaconcursos.com.br\/blog\/#organization"}},{"@type":"WebPage","@id":"https:\/\/www.estrategiaconcursos.com.br\/blog\/direito-empresarial-pode-haver-desconsideracao-da-personalidade-juridica-extrajudicialmente\/","url":"https:\/\/www.estrategiaconcursos.com.br\/blog\/direito-empresarial-pode-haver-desconsideracao-da-personalidade-juridica-extrajudicialmente\/","name":"Direito Empresarial: Pode haver desconsidera\u00e7\u00e3o da personalidade jur\u00eddica extrajudicialmente?","isPartOf":{"@id":"https:\/\/www.estrategiaconcursos.com.br\/blog\/#website"},"primaryImageOfPage":{"@id":"https:\/\/www.estrategiaconcursos.com.br\/blog\/direito-empresarial-pode-haver-desconsideracao-da-personalidade-juridica-extrajudicialmente\/#primaryimage"},"image":{"@id":"https:\/\/www.estrategiaconcursos.com.br\/blog\/direito-empresarial-pode-haver-desconsideracao-da-personalidade-juridica-extrajudicialmente\/#primaryimage"},"thumbnailUrl":"https:\/\/www.estrategiaconcursos.com.br\/blog\/wp-content\/uploads\/2018\/04\/ECJ.jpg","datePublished":"2018-04-09T06:12:46+00:00","dateModified":"2018-04-10T01:49:58+00:00","breadcrumb":{"@id":"https:\/\/www.estrategiaconcursos.com.br\/blog\/direito-empresarial-pode-haver-desconsideracao-da-personalidade-juridica-extrajudicialmente\/#breadcrumb"},"inLanguage":"pt-BR","potentialAction":[{"@type":"ReadAction","target":["https:\/\/www.estrategiaconcursos.com.br\/blog\/direito-empresarial-pode-haver-desconsideracao-da-personalidade-juridica-extrajudicialmente\/"]}]},{"@type":"ImageObject","inLanguage":"pt-BR","@id":"https:\/\/www.estrategiaconcursos.com.br\/blog\/direito-empresarial-pode-haver-desconsideracao-da-personalidade-juridica-extrajudicialmente\/#primaryimage","url":"https:\/\/dhg1h5j42swfq.cloudfront.net\/2018\/04\/06031127\/ECJ.jpg","contentUrl":"https:\/\/dhg1h5j42swfq.cloudfront.net\/2018\/04\/06031127\/ECJ.jpg","width":543,"height":184},{"@type":"BreadcrumbList","@id":"https:\/\/www.estrategiaconcursos.com.br\/blog\/direito-empresarial-pode-haver-desconsideracao-da-personalidade-juridica-extrajudicialmente\/#breadcrumb","itemListElement":[{"@type":"ListItem","position":1,"name":"In\u00edcio","item":"https:\/\/www.estrategiaconcursos.com.br\/blog\/"},{"@type":"ListItem","position":2,"name":"Direito Empresarial: Pode haver desconsidera\u00e7\u00e3o da personalidade jur\u00eddica extrajudicialmente?"}]},{"@type":"WebSite","@id":"https:\/\/www.estrategiaconcursos.com.br\/blog\/#website","url":"https:\/\/www.estrategiaconcursos.com.br\/blog\/","name":"Estrat\u00e9gia Concursos","description":"O blog da Estrat\u00e9gia Concursos traz not\u00edcias sobre concursos e artigos de professores oferecendo cursos para concursos (pdf + videaulas) no site.","publisher":{"@id":"https:\/\/www.estrategiaconcursos.com.br\/blog\/#organization"},"potentialAction":[{"@type":"SearchAction","target":{"@type":"EntryPoint","urlTemplate":"https:\/\/www.estrategiaconcursos.com.br\/blog\/?s={search_term_string}"},"query-input":{"@type":"PropertyValueSpecification","valueRequired":true,"valueName":"search_term_string"}}],"inLanguage":"pt-BR"},{"@type":"Organization","@id":"https:\/\/www.estrategiaconcursos.com.br\/blog\/#organization","name":"Estrat\u00e9gia Concursos","url":"https:\/\/www.estrategiaconcursos.com.br\/blog\/","logo":{"@type":"ImageObject","inLanguage":"pt-BR","@id":"https:\/\/www.estrategiaconcursos.com.br\/blog\/#\/schema\/logo\/image\/","url":"https:\/\/dhg1h5j42swfq.cloudfront.net\/2025\/06\/03203428\/logo_concursos-1.jpg","contentUrl":"https:\/\/dhg1h5j42swfq.cloudfront.net\/2025\/06\/03203428\/logo_concursos-1.jpg","width":230,"height":60,"caption":"Estrat\u00e9gia Concursos"},"image":{"@id":"https:\/\/www.estrategiaconcursos.com.br\/blog\/#\/schema\/logo\/image\/"},"sameAs":["https:\/\/x.com\/EstratConcursos"]},{"@type":"Person","@id":"https:\/\/www.estrategiaconcursos.com.br\/blog\/#\/schema\/person\/1df46045115e528b1e901bfd2d534434","name":"Lucas de Abreu Evangelinos","image":{"@type":"ImageObject","inLanguage":"pt-BR","@id":"https:\/\/secure.gravatar.com\/avatar\/c4f3f0152330b69fbb5249cbc3511d7e387474f77d84b5dd386b312193eaa930?s=96&d=mm&r=g","url":"https:\/\/secure.gravatar.com\/avatar\/c4f3f0152330b69fbb5249cbc3511d7e387474f77d84b5dd386b312193eaa930?s=96&d=mm&r=g","contentUrl":"https:\/\/secure.gravatar.com\/avatar\/c4f3f0152330b69fbb5249cbc3511d7e387474f77d84b5dd386b312193eaa930?s=96&d=mm&r=g","caption":"Lucas de Abreu Evangelinos"},"url":"https:\/\/www.estrategiaconcursos.com.br\/blog\/author\/proflucasevangelinosgmail-com\/"}]}},"_links":{"self":[{"href":"https:\/\/www.estrategiaconcursos.com.br\/blog\/wp-json\/wp\/v2\/posts\/115146","targetHints":{"allow":["GET"]}}],"collection":[{"href":"https:\/\/www.estrategiaconcursos.com.br\/blog\/wp-json\/wp\/v2\/posts"}],"about":[{"href":"https:\/\/www.estrategiaconcursos.com.br\/blog\/wp-json\/wp\/v2\/types\/post"}],"author":[{"embeddable":true,"href":"https:\/\/www.estrategiaconcursos.com.br\/blog\/wp-json\/wp\/v2\/users\/581"}],"replies":[{"embeddable":true,"href":"https:\/\/www.estrategiaconcursos.com.br\/blog\/wp-json\/wp\/v2\/comments?post=115146"}],"version-history":[{"count":10,"href":"https:\/\/www.estrategiaconcursos.com.br\/blog\/wp-json\/wp\/v2\/posts\/115146\/revisions"}],"predecessor-version":[{"id":115434,"href":"https:\/\/www.estrategiaconcursos.com.br\/blog\/wp-json\/wp\/v2\/posts\/115146\/revisions\/115434"}],"wp:attachment":[{"href":"https:\/\/www.estrategiaconcursos.com.br\/blog\/wp-json\/wp\/v2\/media?parent=115146"}],"wp:term":[{"taxonomy":"category","embeddable":true,"href":"https:\/\/www.estrategiaconcursos.com.br\/blog\/wp-json\/wp\/v2\/categories?post=115146"},{"taxonomy":"post_tag","embeddable":true,"href":"https:\/\/www.estrategiaconcursos.com.br\/blog\/wp-json\/wp\/v2\/tags?post=115146"},{"taxonomy":"tax_estado","embeddable":true,"href":"https:\/\/www.estrategiaconcursos.com.br\/blog\/wp-json\/wp\/v2\/tax_estado?post=115146"}],"curies":[{"name":"wp","href":"https:\/\/api.w.org\/{rel}","templated":true}]}}