{"id":1151322,"date":"2023-02-09T23:59:00","date_gmt":"2023-02-10T02:59:00","guid":{"rendered":"https:\/\/www.estrategiaconcursos.com.br\/blog\/?p=1151322"},"modified":"2023-06-21T16:25:51","modified_gmt":"2023-06-21T19:25:51","slug":"concurso-prefeitura-sao-vicente-edital-publicado","status":"publish","type":"post","link":"https:\/\/www.estrategiaconcursos.com.br\/blog\/concurso-prefeitura-sao-vicente-edital-publicado\/","title":{"rendered":"Edital S\u00e3o Vicente segue para etapa de provas no dia 12\/03"},"content":{"rendered":"\n<p>A <a href=\"https:\/\/www.estrategiaconcursos.com.br\/cursosPorConcurso\/prefeitura-municipal-de-sao-vicente-sp\/\" target=\"_blank\" rel=\"noreferrer noopener\">Prefeitura de S\u00e3o Vicente<\/a> realiza, no dia 12 de mar\u00e7o, as provas do seu concurso p\u00fablico. O edital visa contemplar vagas para diversos cargos de n\u00edveis m\u00e9dio, t\u00e9cnico e superior de forma\u00e7\u00e3o. <\/p>\n\n\n\n<p>S\u00e3o tr\u00eas editais distribu\u00eddos para os quadros da <a href=\"https:\/\/www.estrategiaconcursos.com.br\/blog\/wp-admin\/post.php?post=1151322&amp;action=edit#geral\">administra\u00e7\u00e3o geral<\/a>, <a href=\"https:\/\/www.estrategiaconcursos.com.br\/blog\/wp-admin\/post.php?post=1151322&amp;action=edit#medicos\">sa\u00fade<\/a> e <a href=\"https:\/\/www.estrategiaconcursos.com.br\/blog\/wp-admin\/post.php?post=1151322&amp;action=edit#gcm\">guarda municipal<\/a>. Juntos, ofertam<strong> 29 vagas<\/strong> imediatas mais forma\u00e7\u00e3o de cadastro reserva. <\/p>\n\n\n\n<p>Os futuros aprovados nas etapas de provas, bem como convocados para a posse receber\u00e3o sal\u00e1rios iniciais que variam ente <strong>R$ 1.575,89 e R$ 5.863,68<\/strong>, mais benef\u00edcios. <\/p>\n\n\n\n<p>Vale lembrar que as inscri\u00e7\u00f5es do certame foram encerradas no dia 09 de fevereiro, pela banca organizadora do concurso, o IBAM.<\/p>\n\n\n\n<div class=\"container\" id=\"boxes\">\n  <div class=\"row\">\n\n    <div class=\"col-sm\">\n      <div class=\"banner-estrategia\" id=\"box-assinatura\">\n        <h3 class=\"titulo-assinatura\">Cursos para concursos<\/h3>\n        <p class=\"subtitulo-assinatura\">Estude conosco<\/p>\n        <div class=\"box-botao\">\n          <a class=\"btn-assinatura\" target=\"_blank\" href=\"https:\/\/www.estrategiaconcursos.com.br\/cursosPorConcurso\/prefeitura-municipal-de-sao-vicente-sp\/\" role=\"button\" rel=\"noopener noreferrer\">Conhe\u00e7a os cursos<\/a>\n        <\/div>\n      <\/div>\n     \n    <\/div>\n\n  <\/div>\n<\/div>\n\n\n\n<h2 class=\"wp-block-heading\" id=\"datas\">Edital S\u00e3o Vicente: principais datas<\/h2>\n\n\n\n<ul class=\"wp-block-list\">\n<li><strong>Inscri\u00e7\u00f5es<\/strong><s>:&nbsp;10 de janeiro a 09 de fevereiro<\/s><\/li>\n\n\n\n<li><strong>Isen\u00e7\u00e3o da taxa<\/strong>:<s>&nbsp;10 a 12 de janeiro<\/s><\/li>\n\n\n\n<li><strong>Pagamento da taxa: <\/strong><s>at\u00e9 10 de fevereiro<\/s><\/li>\n\n\n\n<li><strong>Prova<\/strong>: 12 de mar\u00e7o<\/li>\n<\/ul>\n\n\n\n<h2 class=\"wp-block-heading\" id=\"datas\">Edital S\u00e3o Vicente: distribui\u00e7\u00e3o das vagas<\/h2>\n\n\n\n<h3 class=\"wp-block-heading\" id=\"gcm\">Edital N\u00b0 01\/2023 &#8211; GCM<\/h3>\n\n\n\n<ul class=\"wp-block-list\">\n<li><strong><a href=\"https:\/\/www.estrategiaconcursos.com.br\/curso\/prefeitura-de-sao-vicente-sp-gcm-sao-vicente-guarda-civil-municipal-pacote-2023-pos-edital\/\" target=\"_blank\" rel=\"noreferrer noopener\">Guarda Civil Municipal<\/a> Masculino:<\/strong> 10 vagas <\/li>\n\n\n\n<li><strong><a href=\"https:\/\/www.estrategiaconcursos.com.br\/curso\/prefeitura-de-sao-vicente-sp-gcm-sao-vicente-guarda-civil-municipal-pacote-2023-pos-edital\/\" target=\"_blank\" rel=\"noreferrer noopener\">Guarda Civil Municipal<\/a> Feminino:<\/strong> 02 vagas\n<ul class=\"wp-block-list\">\n<li>R$ 1.575,89 + R$ 534,23 AR + R$ 472,76 RET + R$ 470,00 abono alimenta\u00e7\u00e3o + R$ 343,00 cesta b\u00e1sica<\/li>\n<\/ul>\n<\/li>\n<\/ul>\n\n\n\n<h3 class=\"wp-block-heading\" id=\"geral\">Edital N\u00b0 02\/2023 &#8211; Quadro geral<\/h3>\n\n\n\n<ul class=\"wp-block-list\">\n<li><strong><a href=\"https:\/\/www.estrategiaconcursos.com.br\/curso\/prefeitura-de-sao-vicente-sp-biomedico-pacote-2023-pos-edital\/\" target=\"_blank\" rel=\"noreferrer noopener\">Biom\u00e9dico<\/a>:<\/strong> CR (R$ 2.569,48 + R$ 328,00 abono alimenta\u00e7\u00e3o + R$ 343,00 cesta b\u00e1sica)<\/li>\n\n\n\n<li><strong><a href=\"https:\/\/www.estrategiaconcursos.com.br\/curso\/prefeitura-de-sao-vicente-sp-contador-pacote-2023-pos-edital\/\" target=\"_blank\" rel=\"noreferrer noopener\">Contador<\/a>:<\/strong> 02 vagas (R$ 3.280,93 + R$ 328,00 abono alimenta\u00e7\u00e3o + R$ 343,00 cesta b\u00e1sica)<\/li>\n\n\n\n<li><strong>Dentista &#8211; v\u00e1rios:<\/strong> CR (R$ 3.216,68 + R$ 340,00 cesta b\u00e1sica)<\/li>\n\n\n\n<li><strong><a href=\"https:\/\/www.estrategiaconcursos.com.br\/curso\/prefeitura-de-sao-vicente-sp-enfermeiro-intensivista-pacote-completo-2023-pos-edital\/\" target=\"_blank\" rel=\"noreferrer noopener\">Enfermeiro Intensivista<\/a>:<\/strong> CR (R$ 3.280,93 + R$ 328,00 abono alimenta\u00e7\u00e3o + R$ 343,00 cesta b\u00e1sica)<\/li>\n\n\n\n<li><strong><a href=\"https:\/\/www.estrategiaconcursos.com.br\/curso\/prefeitura-de-sao-vicente-sp-enfermeiro-psf-pacote-completo-2023-pos-edital\/\" target=\"_blank\" rel=\"noreferrer noopener\">Enfermeiro PSF<\/a>:<\/strong> CR (R$ 3.280,93 + R$ 328,00 abono alimenta\u00e7\u00e3o + R$ 343,00 cesta b\u00e1sica)<\/li>\n\n\n\n<li><strong><a href=\"https:\/\/www.estrategiaconcursos.com.br\/curso\/prefeitura-de-sao-vicente-sp-engenheiro-de-seguranca-do-trabalho-pacote-2023-pos-edital\/\" target=\"_blank\" rel=\"noreferrer noopener\">Engenheiro de Seguran\u00e7a do Trabalho<\/a>:<\/strong> 01 vaga (R$ 4.189,44 + R$ 328,00 abono alimenta\u00e7\u00e3o + R$ 343,00 cesta b\u00e1sica)<\/li>\n\n\n\n<li><strong>Engenheiro de Tr\u00e1fego:<\/strong> 01 vaga (R$ 4.189,44 + R$ 328,00 abono alimenta\u00e7\u00e3o + R$ 343,00 cesta b\u00e1sica)<\/li>\n\n\n\n<li><strong><a href=\"https:\/\/www.estrategiaconcursos.com.br\/curso\/prefeitura-de-sao-vicente-sp-fonoaudiologo-pacote-completo-2023-pos-edital\/\" target=\"_blank\" rel=\"noreferrer noopener\">Fonoaudi\u00f3logo<\/a>:<\/strong> CR (R$ 2.569,48 + R$ 328,00 abono alimenta\u00e7\u00e3o + R$ 343,00 cesta b\u00e1sica)<\/li>\n\n\n\n<li><strong>T\u00e9cnico de Imobiliza\u00e7\u00e3o Ortop\u00e9dica:<\/strong> CR (R$ 2.273,88 + R$ 370,00 abono alimenta\u00e7\u00e3o + R$ 343,00 cesta b\u00e1sica)<\/li>\n\n\n\n<li><strong><a href=\"https:\/\/www.estrategiaconcursos.com.br\/curso\/prefeitura-de-sao-vicente-sp-tecnico-de-laboratorio-pacote-2023-pos-edital\/\" target=\"_blank\" rel=\"noreferrer noopener\">T\u00e9cnico de Laborat\u00f3rio<\/a>:<\/strong> CR (R$ 2.273,88 + R$ 370,00 abono alimenta\u00e7\u00e3o + R$ 343,00 cesta b\u00e1sica)<\/li>\n\n\n\n<li><strong><a href=\"https:\/\/www.estrategiaconcursos.com.br\/curso\/prefeitura-de-sao-vicente-sp-tecnico-suporte-de-informatica-pacote-2023-pos-edital\/\" target=\"_blank\" rel=\"noreferrer noopener\">T\u00e9cnico de Suporte de Inform\u00e1tica<\/a>:<\/strong> 03 vagas (R$ 2.012,29 + R$ 370,00 abono alimenta\u00e7\u00e3o + R$ 343,00 cesta b\u00e1sica)<\/li>\n\n\n\n<li><strong>Terapeuta Ocupacional:<\/strong> 03 vagas (R$ 2.246,59 + R$ 328,00 abono alimenta\u00e7\u00e3o + R$ 343,00 cesta b\u00e1sica)<\/li>\n<\/ul>\n\n\n\n<h3 class=\"wp-block-heading\" id=\"medico\">Edital N\u00b0 03\/2023 &#8211; M\u00e9dicos<\/h3>\n\n\n\n<ul class=\"wp-block-list\">\n<li><strong>M\u00e9dico Generalista<\/strong> <strong>40 H\/S<\/strong><strong> &#8211; V\u00e1rios:<\/strong> CR (R$ 9772,80 + R$ 328,00 abono alimenta\u00e7\u00e3o + R$ 343,00 cesta b\u00e1sica)<\/li>\n\n\n\n<li><strong>M\u00e9dico 24 H\/S<\/strong><strong> &#8211; V\u00e1rios:<\/strong> CR (R$ 5.863,68 + R$ 151,00 abono alimenta\u00e7\u00e3o + R$ 343,00 cesta b\u00e1sica)<\/li>\n\n\n\n<li><strong>M\u00e9dico 20 H\/S &#8211; V\u00e1rios:<\/strong> CR (R$ 4.886,40 + R$ 343,00 cesta b\u00e1sica)<\/li>\n<\/ul>\n\n\n\n<h2 class=\"wp-block-heading\" id=\"datas\">Edital S\u00e3o Vicente: etapas<\/h2>\n\n\n\n<p>O edital de S\u00e3o Vicente ser\u00e1 constitu\u00eddo de algumas importantes etapas, confira abaixo:<\/p>\n\n\n\n<h3 class=\"wp-block-heading\">Para os cargos do edital 01 &#8211; Guarda Municipal<\/h3>\n\n\n\n<ul class=\"wp-block-list\">\n<li><strong>1\u00aa FASE<\/strong>\n<ul class=\"wp-block-list\">\n<li><strong>Prova objetiva <\/strong>de car\u00e1ter classificat\u00f3rio e eliminat\u00f3rio, para todos os cargos.<\/li>\n<\/ul>\n<\/li>\n\n\n\n<li><strong>2\u00aa FASE<\/strong>\n<ul class=\"wp-block-list\">\n<li><strong>Teste de aptid\u00e3o f\u00edsica (TAF)<\/strong> de car\u00e1ter eliminat\u00f3rio, para os candidatos habilitados.<\/li>\n\n\n\n<li><strong>Avalia\u00e7\u00e3o Psicol\u00f3gica<\/strong>, de car\u00e1ter eliminat\u00f3rio, para os candidatos aprovados no TAF<\/li>\n\n\n\n<li><strong>Investiga\u00e7\u00e3o Social<\/strong>, de car\u00e1ter eliminat\u00f3rio.<\/li>\n<\/ul>\n<\/li>\n\n\n\n<li><strong>3\u00aa FASE<\/strong>\n<ul class=\"wp-block-list\">\n<li><strong>Exame M\u00e9dico<\/strong>, de car\u00e1ter eliminat\u00f3rio;<\/li>\n\n\n\n<li><strong>Exame Toxicol\u00f3gico<\/strong>, de car\u00e1ter eliminat\u00f3rio;<\/li>\n\n\n\n<li><strong>Curso de Forma\u00e7\u00e3o<\/strong>, de car\u00e1ter eliminat\u00f3rio.<\/li>\n<\/ul>\n<\/li>\n<\/ul>\n\n\n\n<h3 class=\"wp-block-heading\">Para os cargos do edital 02 &#8211; Quadro geral<\/h3>\n\n\n\n<ul class=\"wp-block-list\">\n<li><strong>Provas objetivas<\/strong> de car\u00e1ter classificat\u00f3rio e eliminat\u00f3rio para todos os cargos;<\/li>\n\n\n\n<li><strong>Prova de estudo de caso <\/strong>de car\u00e1ter classificat\u00f3rio e eliminat\u00f3rio para os cargos de Contador e Engenheiro (todos).<\/li>\n\n\n\n<li><strong>Prova de t\u00edtulos<\/strong> de car\u00e1ter classificat\u00f3rio para os cargos de Biom\u00e9dico, Contador, Dentista (todos), Enfermeiro (todos), Engenheiro (todos), Fonoaudi\u00f3logo e Terapeuta Ocupacional.<\/li>\n<\/ul>\n\n\n\n<h3 class=\"wp-block-heading\">Para os cargos do edital 03 &#8211; M\u00e9dicos<\/h3>\n\n\n\n<ul class=\"wp-block-list\">\n<li><strong>Provas objetivas<\/strong> de car\u00e1ter classificat\u00f3rio e eliminat\u00f3rio para todos os cargos.<\/li>\n<\/ul>\n\n\n\n<hr class=\"wp-block-separator has-alpha-channel-opacity\"\/>\n\n\n\n<p class=\"has-text-align-center\"><em>Para ficar por dentro de todas as informa\u00e7\u00f5es sobre os editais do concurso da Prefeitura de S\u00e3o Vicente, n\u00e3o deixe de conferir nossos artigos completos sobre cada sele\u00e7\u00e3o:<\/em><\/p>\n\n\n\n<p class=\"has-text-align-center has-background has-medium-font-size\" style=\"background-color:#e2e6ea\"><strong>Mais informa\u00e7\u00f5es: <a href=\"https:\/\/www.estrategiaconcursos.com.br\/blog\/concurso-prefeitura-sao-vicente\/\" target=\"_blank\" rel=\"noreferrer noopener\">Quadro geral<\/a> | <a href=\"https:\/\/www.estrategiaconcursos.com.br\/blog\/concurso-sao-vicente-saude\/\" target=\"_blank\" rel=\"noreferrer noopener\">Cargos da sa\u00fade<\/a> | <a href=\"https:\/\/www.estrategiaconcursos.com.br\/blog\/concurso-guarda-sao-vicente\/\" target=\"_blank\" rel=\"noreferrer noopener\">Guarda Municipal<\/a><\/strong><\/p>\n\n\n\n<h2 class=\"wp-block-heading has-text-align-center\"><em>Estude para o edital de S\u00e3o Vicente SP<\/em><\/h2>\n\n\n\n<div class=\"container\" id=\"boxes\">\n  <div class=\"row\">\n\n    <div class=\"col-sm\">\n      <div class=\"banner-estrategia\" id=\"box-assinatura\">\n        <h3 class=\"titulo-assinatura\">Cursos para concursos<\/h3>\n        <p class=\"subtitulo-assinatura\">Estude conosco<\/p>\n        <div class=\"box-botao\">\n          <a class=\"btn-assinatura\" target=\"_blank\" href=\"https:\/\/www.estrategiaconcursos.com.br\/cursosPorConcurso\/prefeitura-municipal-de-sao-vicente-sp\/\" role=\"button\" rel=\"noopener noreferrer\">Conhe\u00e7a os cursos<\/a>\n        <\/div>\n      <\/div>\n     \n    <\/div>\n\n  <\/div>\n<\/div>\n\n\n\n<div class=\"container\" id=\"boxes\">\n  <div class=\"row\">\n\n    <div class=\"col-sm\">\n      <div class=\"estrategia\" id=\"box-assinatura\">\n        <h3 class=\"titulo-assinatura\">Assinatura Concursos<\/h3>\n        <p class=\"subtitulo-assinatura\">Assinatura de 1 ano ou 2 anos<\/p>\n        <div class=\"box-botao\">\n          <a class=\"btn-assinatura\" target=\"_blank\" href=\"https:\/\/www.estrategiaconcursos.com.br\/assinaturas\/\" role=\"button\" rel=\"noopener noreferrer\">ASSINE AGORA<\/a>\n        <\/div>\n      <\/div><\/div><\/div><\/div>\n\n\n\n<h2 class=\"wp-block-heading has-text-align-center\" id=\"h-quer-saber-tudo-sobre-concursos-previstos-confira-nossos-artigos\">Quer saber tudo sobre concursos previstos?<br \/>Confira nossos artigos!<\/h2>\n\n\n\n<ul class=\"wp-block-list\">\n<li><a href=\"https:\/\/www.estrategiaconcursos.com.br\/blog\/concursos-abertos\/\" target=\"_blank\" rel=\"noreferrer noopener\">Concursos Abertos<\/a><\/li>\n\n\n\n<li><a href=\"https:\/\/www.estrategiaconcursos.com.br\/blog\/concursos-2023\/\" target=\"_blank\" rel=\"noreferrer noopener\">Concursos 2023<\/a><\/li>\n<\/ul>\n\n\n\n<figure class=\"wp-block-image\"><img loading=\"lazy\" decoding=\"async\" width=\"300\" height=\"185\" src=\"https:\/\/dhg1h5j42swfq.cloudfront.net\/2021\/04\/06153925\/ficha-tecnica-1-300x185-1-2.png\" alt=\"Informa\u00e7\u00f5es do Concurso Prefeitura de S\u00e3o Vicente\" class=\"wp-image-708667\"\/><\/figure>\n\n\n\n<h3 class=\"wp-block-heading\" id=\"ficha\">Informa\u00e7\u00f5es do Concurso Prefeitura de S\u00e3o Vicente<\/h3>\n\n\n\n<ul class=\"wp-block-list\">\n<li><strong>Data da prova:<\/strong>&nbsp;12\/03\/2023<\/li>\n\n\n\n<li><strong>Vagas:&nbsp;<\/strong>29 + CR<\/li>\n\n\n\n<li><strong>Cargos<\/strong>: V\u00e1rios<\/li>\n\n\n\n<li><strong>Banca<\/strong>: IBAM<\/li>\n\n\n\n<li><strong>Escolaridade<\/strong>: N\u00edvel m\u00e9dio, t\u00e9cnico e superior<\/li>\n\n\n\n<li><strong>Editais:<\/strong>&nbsp;<a href=\"https:\/\/dhg1h5j42swfq.cloudfront.net\/2023\/01\/12093017\/2-1.pdf\" target=\"_blank\" rel=\"noreferrer noopener\">Quadro geral<\/a>; <a href=\"https:\/\/dhg1h5j42swfq.cloudfront.net\/2023\/02\/10095829\/kimhaohkpsfqzhrqgkmpppevwptyunwpd80j8yhm-1.pdf\" target=\"_blank\" rel=\"noreferrer noopener nofollow\">Retifica\u00e7\u00e3o<\/a> | <a href=\"https:\/\/dhg1h5j42swfq.cloudfront.net\/2023\/01\/12093011\/3-1.pdf\" target=\"_blank\" rel=\"noreferrer noopener nofollow\">Sa\u00fade<\/a> | <a href=\"https:\/\/dhg1h5j42swfq.cloudfront.net\/2023\/01\/12093022\/1.pdf\" target=\"_blank\" rel=\"noreferrer noopener nofollow\">GCM<\/a><\/li>\n<\/ul>\n","protected":false},"excerpt":{"rendered":"<p>A Prefeitura de S\u00e3o Vicente realiza, no dia 12 de mar\u00e7o, as provas do seu concurso p\u00fablico. O edital visa contemplar vagas para diversos cargos de n\u00edveis m\u00e9dio, t\u00e9cnico e superior de forma\u00e7\u00e3o. S\u00e3o tr\u00eas editais distribu\u00eddos para os quadros da administra\u00e7\u00e3o geral, sa\u00fade e guarda municipal. Juntos, ofertam 29 vagas imediatas mais forma\u00e7\u00e3o de [&hellip;]<\/p>\n","protected":false},"author":659,"featured_media":1151567,"comment_status":"open","ping_status":"closed","sticky":false,"template":"","format":"standard","meta":{"post_tipo":"news","footnotes":""},"categories":[214992,220219],"tags":[],"tax_estado":[219989],"class_list":["post-1151322","post","type-post","status-publish","format-standard","has-post-thumbnail","hentry","category-concursos-administrativos","category-noticias","tax_estado-sp"],"acf":[],"yoast_head":"<!-- This site is optimized with the Yoast SEO Premium plugin v27.2 (Yoast SEO v27.2) - https:\/\/yoast.com\/product\/yoast-seo-premium-wordpress\/ -->\n<title>Edital S\u00e3o Vicente segue para etapa de provas no dia 12\/03<\/title>\n<meta name=\"description\" content=\"Edital S\u00e3o Vicente - SP: IBAM aplicar\u00e1 provas no dia 12 de mar\u00e7o. S\u00e3o tr\u00eas editais com oferta de vagas para administra\u00e7\u00e3o geral, sa\u00fade e GCM.\" \/>\n<meta name=\"robots\" content=\"index, follow, max-snippet:-1, max-image-preview:large, max-video-preview:-1\" \/>\n<link rel=\"canonical\" href=\"https:\/\/www.estrategiaconcursos.com.br\/blog\/concurso-prefeitura-sao-vicente-edital-publicado\/\" \/>\n<meta property=\"og:locale\" content=\"pt_BR\" \/>\n<meta property=\"og:type\" content=\"article\" \/>\n<meta property=\"og:title\" content=\"Edital S\u00e3o Vicente segue para etapa de provas no dia 12\/03\" \/>\n<meta property=\"og:description\" content=\"Edital S\u00e3o Vicente - SP: IBAM aplicar\u00e1 provas no dia 12 de mar\u00e7o. S\u00e3o tr\u00eas editais com oferta de vagas para administra\u00e7\u00e3o geral, sa\u00fade e GCM.\" \/>\n<meta property=\"og:url\" content=\"https:\/\/www.estrategiaconcursos.com.br\/blog\/concurso-prefeitura-sao-vicente-edital-publicado\/\" \/>\n<meta property=\"og:site_name\" content=\"Estrat\u00e9gia Concursos\" \/>\n<meta property=\"article:published_time\" content=\"2023-02-10T02:59:00+00:00\" \/>\n<meta property=\"article:modified_time\" content=\"2023-06-21T19:25:51+00:00\" \/>\n<meta property=\"og:image\" content=\"https:\/\/dhg1h5j42swfq.cloudfront.net\/2023\/01\/12115858\/768-432-max-5.jpg\" \/>\n\t<meta property=\"og:image:width\" content=\"768\" \/>\n\t<meta property=\"og:image:height\" content=\"432\" \/>\n\t<meta property=\"og:image:type\" content=\"image\/jpeg\" \/>\n<meta name=\"author\" content=\"Camila Leite\" \/>\n<meta name=\"twitter:card\" content=\"summary_large_image\" \/>\n<meta name=\"twitter:creator\" content=\"@EstratConcursos\" \/>\n<meta name=\"twitter:site\" content=\"@EstratConcursos\" \/>\n<meta name=\"twitter:label1\" content=\"Escrito por\" \/>\n\t<meta name=\"twitter:data1\" content=\"Camila Leite\" \/>\n\t<meta name=\"twitter:label2\" content=\"Est. tempo de leitura\" \/>\n\t<meta name=\"twitter:data2\" content=\"4 minutos\" \/>\n<script type=\"application\/ld+json\" class=\"yoast-schema-graph\">{\"@context\":\"https:\/\/schema.org\",\"@graph\":[{\"@type\":\"NewsArticle\",\"@id\":\"https:\/\/www.estrategiaconcursos.com.br\/blog\/concurso-prefeitura-sao-vicente-edital-publicado\/#article\",\"isPartOf\":{\"@id\":\"https:\/\/www.estrategiaconcursos.com.br\/blog\/concurso-prefeitura-sao-vicente-edital-publicado\/\"},\"author\":{\"name\":\"Camila Leite\",\"@id\":\"https:\/\/www.estrategiaconcursos.com.br\/blog\/#\/schema\/person\/84ecdc6eb58d3cf1689bf76c5cd8fb38\"},\"headline\":\"Edital S\u00e3o Vicente segue para etapa de provas no dia 12\/03\",\"datePublished\":\"2023-02-10T02:59:00+00:00\",\"dateModified\":\"2023-06-21T19:25:51+00:00\",\"mainEntityOfPage\":{\"@id\":\"https:\/\/www.estrategiaconcursos.com.br\/blog\/concurso-prefeitura-sao-vicente-edital-publicado\/\"},\"wordCount\":743,\"commentCount\":0,\"publisher\":{\"@id\":\"https:\/\/www.estrategiaconcursos.com.br\/blog\/#organization\"},\"image\":{\"@id\":\"https:\/\/www.estrategiaconcursos.com.br\/blog\/concurso-prefeitura-sao-vicente-edital-publicado\/#primaryimage\"},\"thumbnailUrl\":\"https:\/\/dhg1h5j42swfq.cloudfront.net\/2023\/01\/12115858\/768-432-max-5.jpg\",\"articleSection\":[\"Executivo (Administrativa)\",\"\u00daltimas not\u00edcias\"],\"inLanguage\":\"pt-BR\",\"potentialAction\":[{\"@type\":\"CommentAction\",\"name\":\"Comment\",\"target\":[\"https:\/\/www.estrategiaconcursos.com.br\/blog\/concurso-prefeitura-sao-vicente-edital-publicado\/#respond\"]}],\"copyrightYear\":\"2023\",\"copyrightHolder\":{\"@id\":\"https:\/\/www.estrategiaconcursos.com.br\/blog\/#organization\"}},{\"@type\":\"WebPage\",\"@id\":\"https:\/\/www.estrategiaconcursos.com.br\/blog\/concurso-prefeitura-sao-vicente-edital-publicado\/\",\"url\":\"https:\/\/www.estrategiaconcursos.com.br\/blog\/concurso-prefeitura-sao-vicente-edital-publicado\/\",\"name\":\"Edital S\u00e3o Vicente segue para etapa de provas no dia 12\/03\",\"isPartOf\":{\"@id\":\"https:\/\/www.estrategiaconcursos.com.br\/blog\/#website\"},\"primaryImageOfPage\":{\"@id\":\"https:\/\/www.estrategiaconcursos.com.br\/blog\/concurso-prefeitura-sao-vicente-edital-publicado\/#primaryimage\"},\"image\":{\"@id\":\"https:\/\/www.estrategiaconcursos.com.br\/blog\/concurso-prefeitura-sao-vicente-edital-publicado\/#primaryimage\"},\"thumbnailUrl\":\"https:\/\/dhg1h5j42swfq.cloudfront.net\/2023\/01\/12115858\/768-432-max-5.jpg\",\"datePublished\":\"2023-02-10T02:59:00+00:00\",\"dateModified\":\"2023-06-21T19:25:51+00:00\",\"description\":\"Edital S\u00e3o Vicente - SP: IBAM aplicar\u00e1 provas no dia 12 de mar\u00e7o. S\u00e3o tr\u00eas editais com oferta de vagas para administra\u00e7\u00e3o geral, sa\u00fade e GCM.\",\"breadcrumb\":{\"@id\":\"https:\/\/www.estrategiaconcursos.com.br\/blog\/concurso-prefeitura-sao-vicente-edital-publicado\/#breadcrumb\"},\"inLanguage\":\"pt-BR\",\"potentialAction\":[{\"@type\":\"ReadAction\",\"target\":[\"https:\/\/www.estrategiaconcursos.com.br\/blog\/concurso-prefeitura-sao-vicente-edital-publicado\/\"]}]},{\"@type\":\"ImageObject\",\"inLanguage\":\"pt-BR\",\"@id\":\"https:\/\/www.estrategiaconcursos.com.br\/blog\/concurso-prefeitura-sao-vicente-edital-publicado\/#primaryimage\",\"url\":\"https:\/\/dhg1h5j42swfq.cloudfront.net\/2023\/01\/12115858\/768-432-max-5.jpg\",\"contentUrl\":\"https:\/\/dhg1h5j42swfq.cloudfront.net\/2023\/01\/12115858\/768-432-max-5.jpg\",\"width\":768,\"height\":432,\"caption\":\"Concurso Prefeitura S\u00e3o Vicente altera\u00e7\u00f5es\"},{\"@type\":\"BreadcrumbList\",\"@id\":\"https:\/\/www.estrategiaconcursos.com.br\/blog\/concurso-prefeitura-sao-vicente-edital-publicado\/#breadcrumb\",\"itemListElement\":[{\"@type\":\"ListItem\",\"position\":1,\"name\":\"In\u00edcio\",\"item\":\"https:\/\/www.estrategiaconcursos.com.br\/blog\/\"},{\"@type\":\"ListItem\",\"position\":2,\"name\":\"Edital S\u00e3o Vicente segue para etapa de provas no dia 12\/03\"}]},{\"@type\":\"WebSite\",\"@id\":\"https:\/\/www.estrategiaconcursos.com.br\/blog\/#website\",\"url\":\"https:\/\/www.estrategiaconcursos.com.br\/blog\/\",\"name\":\"Estrat\u00e9gia Concursos\",\"description\":\"O blog da Estrat\u00e9gia Concursos traz not\u00edcias sobre concursos e artigos de professores oferecendo cursos para concursos (pdf + videaulas) no site.\",\"publisher\":{\"@id\":\"https:\/\/www.estrategiaconcursos.com.br\/blog\/#organization\"},\"potentialAction\":[{\"@type\":\"SearchAction\",\"target\":{\"@type\":\"EntryPoint\",\"urlTemplate\":\"https:\/\/www.estrategiaconcursos.com.br\/blog\/?s={search_term_string}\"},\"query-input\":{\"@type\":\"PropertyValueSpecification\",\"valueRequired\":true,\"valueName\":\"search_term_string\"}}],\"inLanguage\":\"pt-BR\"},{\"@type\":\"Organization\",\"@id\":\"https:\/\/www.estrategiaconcursos.com.br\/blog\/#organization\",\"name\":\"Estrat\u00e9gia Concursos\",\"url\":\"https:\/\/www.estrategiaconcursos.com.br\/blog\/\",\"logo\":{\"@type\":\"ImageObject\",\"inLanguage\":\"pt-BR\",\"@id\":\"https:\/\/www.estrategiaconcursos.com.br\/blog\/#\/schema\/logo\/image\/\",\"url\":\"https:\/\/dhg1h5j42swfq.cloudfront.net\/2025\/06\/03203428\/logo_concursos-1.jpg\",\"contentUrl\":\"https:\/\/dhg1h5j42swfq.cloudfront.net\/2025\/06\/03203428\/logo_concursos-1.jpg\",\"width\":230,\"height\":60,\"caption\":\"Estrat\u00e9gia Concursos\"},\"image\":{\"@id\":\"https:\/\/www.estrategiaconcursos.com.br\/blog\/#\/schema\/logo\/image\/\"},\"sameAs\":[\"https:\/\/x.com\/EstratConcursos\"]},{\"@type\":\"Person\",\"@id\":\"https:\/\/www.estrategiaconcursos.com.br\/blog\/#\/schema\/person\/84ecdc6eb58d3cf1689bf76c5cd8fb38\",\"name\":\"Camila Leite\",\"image\":{\"@type\":\"ImageObject\",\"inLanguage\":\"pt-BR\",\"@id\":\"https:\/\/secure.gravatar.com\/avatar\/f2f8faef639c8a2bfb7fb909912a56917f4c3a0aed064500168e2fb8ea55cf61?s=96&d=mm&r=g\",\"url\":\"https:\/\/secure.gravatar.com\/avatar\/f2f8faef639c8a2bfb7fb909912a56917f4c3a0aed064500168e2fb8ea55cf61?s=96&d=mm&r=g\",\"contentUrl\":\"https:\/\/secure.gravatar.com\/avatar\/f2f8faef639c8a2bfb7fb909912a56917f4c3a0aed064500168e2fb8ea55cf61?s=96&d=mm&r=g\",\"caption\":\"Camila Leite\"},\"description\":\"Formada em Design Gr\u00e1fico e em Propaganda e Marketing pela UNIP, integra a equipe de jornalismo do Estrat\u00e9gia Concursos desde 2018. Ao longo dos anos, construiu uma s\u00f3lida experi\u00eancia na produ\u00e7\u00e3o de conte\u00fado informativo e relevante para concurseiros. Desde 2020, atua na cobertura das \u00e1reas Fiscal \u2014 com \u00eanfase nas Secretarias de Fazenda (Sefaz) das regi\u00f5es Sul e Sudeste \u2014, al\u00e9m da cobertura de concursos federais, como CNU, Petrobras, CGU, Receita Federal, ag\u00eancias reguladoras (Anvisa, ANAC, entre outras) e INSS. Mant\u00e9m contato direto com os principais \u00f3rg\u00e3os p\u00fablicos, acompanhando editais, atualiza\u00e7\u00f5es e movimenta\u00e7\u00f5es importantes para os candidatos.\",\"sameAs\":[\"https:\/\/www.linkedin.com\/in\/camila-pinheiro-leite-9ba135b6\/\"],\"url\":\"https:\/\/www.estrategiaconcursos.com.br\/blog\/author\/camila-leiteestrategiaconcursos-com-br\/\"}]}<\/script>\n<!-- \/ Yoast SEO Premium plugin. -->","yoast_head_json":{"title":"Edital S\u00e3o Vicente segue para etapa de provas no dia 12\/03","description":"Edital S\u00e3o Vicente - SP: IBAM aplicar\u00e1 provas no dia 12 de mar\u00e7o. S\u00e3o tr\u00eas editais com oferta de vagas para administra\u00e7\u00e3o geral, sa\u00fade e GCM.","robots":{"index":"index","follow":"follow","max-snippet":"max-snippet:-1","max-image-preview":"max-image-preview:large","max-video-preview":"max-video-preview:-1"},"canonical":"https:\/\/www.estrategiaconcursos.com.br\/blog\/concurso-prefeitura-sao-vicente-edital-publicado\/","og_locale":"pt_BR","og_type":"article","og_title":"Edital S\u00e3o Vicente segue para etapa de provas no dia 12\/03","og_description":"Edital S\u00e3o Vicente - SP: IBAM aplicar\u00e1 provas no dia 12 de mar\u00e7o. S\u00e3o tr\u00eas editais com oferta de vagas para administra\u00e7\u00e3o geral, sa\u00fade e GCM.","og_url":"https:\/\/www.estrategiaconcursos.com.br\/blog\/concurso-prefeitura-sao-vicente-edital-publicado\/","og_site_name":"Estrat\u00e9gia Concursos","article_published_time":"2023-02-10T02:59:00+00:00","article_modified_time":"2023-06-21T19:25:51+00:00","og_image":[{"width":768,"height":432,"url":"https:\/\/dhg1h5j42swfq.cloudfront.net\/2023\/01\/12115858\/768-432-max-5.jpg","type":"image\/jpeg"}],"author":"Camila Leite","twitter_card":"summary_large_image","twitter_creator":"@EstratConcursos","twitter_site":"@EstratConcursos","twitter_misc":{"Escrito por":"Camila Leite","Est. tempo de leitura":"4 minutos"},"schema":{"@context":"https:\/\/schema.org","@graph":[{"@type":"NewsArticle","@id":"https:\/\/www.estrategiaconcursos.com.br\/blog\/concurso-prefeitura-sao-vicente-edital-publicado\/#article","isPartOf":{"@id":"https:\/\/www.estrategiaconcursos.com.br\/blog\/concurso-prefeitura-sao-vicente-edital-publicado\/"},"author":{"name":"Camila Leite","@id":"https:\/\/www.estrategiaconcursos.com.br\/blog\/#\/schema\/person\/84ecdc6eb58d3cf1689bf76c5cd8fb38"},"headline":"Edital S\u00e3o Vicente segue para etapa de provas no dia 12\/03","datePublished":"2023-02-10T02:59:00+00:00","dateModified":"2023-06-21T19:25:51+00:00","mainEntityOfPage":{"@id":"https:\/\/www.estrategiaconcursos.com.br\/blog\/concurso-prefeitura-sao-vicente-edital-publicado\/"},"wordCount":743,"commentCount":0,"publisher":{"@id":"https:\/\/www.estrategiaconcursos.com.br\/blog\/#organization"},"image":{"@id":"https:\/\/www.estrategiaconcursos.com.br\/blog\/concurso-prefeitura-sao-vicente-edital-publicado\/#primaryimage"},"thumbnailUrl":"https:\/\/dhg1h5j42swfq.cloudfront.net\/2023\/01\/12115858\/768-432-max-5.jpg","articleSection":["Executivo (Administrativa)","\u00daltimas not\u00edcias"],"inLanguage":"pt-BR","potentialAction":[{"@type":"CommentAction","name":"Comment","target":["https:\/\/www.estrategiaconcursos.com.br\/blog\/concurso-prefeitura-sao-vicente-edital-publicado\/#respond"]}],"copyrightYear":"2023","copyrightHolder":{"@id":"https:\/\/www.estrategiaconcursos.com.br\/blog\/#organization"}},{"@type":"WebPage","@id":"https:\/\/www.estrategiaconcursos.com.br\/blog\/concurso-prefeitura-sao-vicente-edital-publicado\/","url":"https:\/\/www.estrategiaconcursos.com.br\/blog\/concurso-prefeitura-sao-vicente-edital-publicado\/","name":"Edital S\u00e3o Vicente segue para etapa de provas no dia 12\/03","isPartOf":{"@id":"https:\/\/www.estrategiaconcursos.com.br\/blog\/#website"},"primaryImageOfPage":{"@id":"https:\/\/www.estrategiaconcursos.com.br\/blog\/concurso-prefeitura-sao-vicente-edital-publicado\/#primaryimage"},"image":{"@id":"https:\/\/www.estrategiaconcursos.com.br\/blog\/concurso-prefeitura-sao-vicente-edital-publicado\/#primaryimage"},"thumbnailUrl":"https:\/\/dhg1h5j42swfq.cloudfront.net\/2023\/01\/12115858\/768-432-max-5.jpg","datePublished":"2023-02-10T02:59:00+00:00","dateModified":"2023-06-21T19:25:51+00:00","description":"Edital S\u00e3o Vicente - SP: IBAM aplicar\u00e1 provas no dia 12 de mar\u00e7o. S\u00e3o tr\u00eas editais com oferta de vagas para administra\u00e7\u00e3o geral, sa\u00fade e GCM.","breadcrumb":{"@id":"https:\/\/www.estrategiaconcursos.com.br\/blog\/concurso-prefeitura-sao-vicente-edital-publicado\/#breadcrumb"},"inLanguage":"pt-BR","potentialAction":[{"@type":"ReadAction","target":["https:\/\/www.estrategiaconcursos.com.br\/blog\/concurso-prefeitura-sao-vicente-edital-publicado\/"]}]},{"@type":"ImageObject","inLanguage":"pt-BR","@id":"https:\/\/www.estrategiaconcursos.com.br\/blog\/concurso-prefeitura-sao-vicente-edital-publicado\/#primaryimage","url":"https:\/\/dhg1h5j42swfq.cloudfront.net\/2023\/01\/12115858\/768-432-max-5.jpg","contentUrl":"https:\/\/dhg1h5j42swfq.cloudfront.net\/2023\/01\/12115858\/768-432-max-5.jpg","width":768,"height":432,"caption":"Concurso Prefeitura S\u00e3o Vicente altera\u00e7\u00f5es"},{"@type":"BreadcrumbList","@id":"https:\/\/www.estrategiaconcursos.com.br\/blog\/concurso-prefeitura-sao-vicente-edital-publicado\/#breadcrumb","itemListElement":[{"@type":"ListItem","position":1,"name":"In\u00edcio","item":"https:\/\/www.estrategiaconcursos.com.br\/blog\/"},{"@type":"ListItem","position":2,"name":"Edital S\u00e3o Vicente segue para etapa de provas no dia 12\/03"}]},{"@type":"WebSite","@id":"https:\/\/www.estrategiaconcursos.com.br\/blog\/#website","url":"https:\/\/www.estrategiaconcursos.com.br\/blog\/","name":"Estrat\u00e9gia Concursos","description":"O blog da Estrat\u00e9gia Concursos traz not\u00edcias sobre concursos e artigos de professores oferecendo cursos para concursos (pdf + videaulas) no site.","publisher":{"@id":"https:\/\/www.estrategiaconcursos.com.br\/blog\/#organization"},"potentialAction":[{"@type":"SearchAction","target":{"@type":"EntryPoint","urlTemplate":"https:\/\/www.estrategiaconcursos.com.br\/blog\/?s={search_term_string}"},"query-input":{"@type":"PropertyValueSpecification","valueRequired":true,"valueName":"search_term_string"}}],"inLanguage":"pt-BR"},{"@type":"Organization","@id":"https:\/\/www.estrategiaconcursos.com.br\/blog\/#organization","name":"Estrat\u00e9gia Concursos","url":"https:\/\/www.estrategiaconcursos.com.br\/blog\/","logo":{"@type":"ImageObject","inLanguage":"pt-BR","@id":"https:\/\/www.estrategiaconcursos.com.br\/blog\/#\/schema\/logo\/image\/","url":"https:\/\/dhg1h5j42swfq.cloudfront.net\/2025\/06\/03203428\/logo_concursos-1.jpg","contentUrl":"https:\/\/dhg1h5j42swfq.cloudfront.net\/2025\/06\/03203428\/logo_concursos-1.jpg","width":230,"height":60,"caption":"Estrat\u00e9gia Concursos"},"image":{"@id":"https:\/\/www.estrategiaconcursos.com.br\/blog\/#\/schema\/logo\/image\/"},"sameAs":["https:\/\/x.com\/EstratConcursos"]},{"@type":"Person","@id":"https:\/\/www.estrategiaconcursos.com.br\/blog\/#\/schema\/person\/84ecdc6eb58d3cf1689bf76c5cd8fb38","name":"Camila Leite","image":{"@type":"ImageObject","inLanguage":"pt-BR","@id":"https:\/\/secure.gravatar.com\/avatar\/f2f8faef639c8a2bfb7fb909912a56917f4c3a0aed064500168e2fb8ea55cf61?s=96&d=mm&r=g","url":"https:\/\/secure.gravatar.com\/avatar\/f2f8faef639c8a2bfb7fb909912a56917f4c3a0aed064500168e2fb8ea55cf61?s=96&d=mm&r=g","contentUrl":"https:\/\/secure.gravatar.com\/avatar\/f2f8faef639c8a2bfb7fb909912a56917f4c3a0aed064500168e2fb8ea55cf61?s=96&d=mm&r=g","caption":"Camila Leite"},"description":"Formada em Design Gr\u00e1fico e em Propaganda e Marketing pela UNIP, integra a equipe de jornalismo do Estrat\u00e9gia Concursos desde 2018. Ao longo dos anos, construiu uma s\u00f3lida experi\u00eancia na produ\u00e7\u00e3o de conte\u00fado informativo e relevante para concurseiros. Desde 2020, atua na cobertura das \u00e1reas Fiscal \u2014 com \u00eanfase nas Secretarias de Fazenda (Sefaz) das regi\u00f5es Sul e Sudeste \u2014, al\u00e9m da cobertura de concursos federais, como CNU, Petrobras, CGU, Receita Federal, ag\u00eancias reguladoras (Anvisa, ANAC, entre outras) e INSS. Mant\u00e9m contato direto com os principais \u00f3rg\u00e3os p\u00fablicos, acompanhando editais, atualiza\u00e7\u00f5es e movimenta\u00e7\u00f5es importantes para os candidatos.","sameAs":["https:\/\/www.linkedin.com\/in\/camila-pinheiro-leite-9ba135b6\/"],"url":"https:\/\/www.estrategiaconcursos.com.br\/blog\/author\/camila-leiteestrategiaconcursos-com-br\/"}]}},"_links":{"self":[{"href":"https:\/\/www.estrategiaconcursos.com.br\/blog\/wp-json\/wp\/v2\/posts\/1151322","targetHints":{"allow":["GET"]}}],"collection":[{"href":"https:\/\/www.estrategiaconcursos.com.br\/blog\/wp-json\/wp\/v2\/posts"}],"about":[{"href":"https:\/\/www.estrategiaconcursos.com.br\/blog\/wp-json\/wp\/v2\/types\/post"}],"author":[{"embeddable":true,"href":"https:\/\/www.estrategiaconcursos.com.br\/blog\/wp-json\/wp\/v2\/users\/659"}],"replies":[{"embeddable":true,"href":"https:\/\/www.estrategiaconcursos.com.br\/blog\/wp-json\/wp\/v2\/comments?post=1151322"}],"version-history":[{"count":17,"href":"https:\/\/www.estrategiaconcursos.com.br\/blog\/wp-json\/wp\/v2\/posts\/1151322\/revisions"}],"predecessor-version":[{"id":1236622,"href":"https:\/\/www.estrategiaconcursos.com.br\/blog\/wp-json\/wp\/v2\/posts\/1151322\/revisions\/1236622"}],"wp:featuredmedia":[{"embeddable":true,"href":"https:\/\/www.estrategiaconcursos.com.br\/blog\/wp-json\/wp\/v2\/media\/1151567"}],"wp:attachment":[{"href":"https:\/\/www.estrategiaconcursos.com.br\/blog\/wp-json\/wp\/v2\/media?parent=1151322"}],"wp:term":[{"taxonomy":"category","embeddable":true,"href":"https:\/\/www.estrategiaconcursos.com.br\/blog\/wp-json\/wp\/v2\/categories?post=1151322"},{"taxonomy":"post_tag","embeddable":true,"href":"https:\/\/www.estrategiaconcursos.com.br\/blog\/wp-json\/wp\/v2\/tags?post=1151322"},{"taxonomy":"tax_estado","embeddable":true,"href":"https:\/\/www.estrategiaconcursos.com.br\/blog\/wp-json\/wp\/v2\/tax_estado?post=1151322"}],"curies":[{"name":"wp","href":"https:\/\/api.w.org\/{rel}","templated":true}]}}