{"id":1151297,"date":"2023-01-12T09:43:11","date_gmt":"2023-01-12T12:43:11","guid":{"rendered":"https:\/\/www.estrategiaconcursos.com.br\/blog\/?p=1151297"},"modified":"2023-01-12T12:02:31","modified_gmt":"2023-01-12T15:02:31","slug":"concurso-auditoria-de-atividades-urbanas-df-alteracoes","status":"publish","type":"post","link":"https:\/\/www.estrategiaconcursos.com.br\/blog\/concurso-auditoria-de-atividades-urbanas-df-alteracoes\/","title":{"rendered":"Altera\u00e7\u00f5es no concurso Auditoria de Atividades Urbanas DF"},"content":{"rendered":"\n<p>Foram publicadas no Di\u00e1rio Oficial do Distrito Federal desta quinta-feira, 12 de janeiro, altera\u00e7\u00f5es acerca do edital de abertura do concurso para a carreira de <a href=\"https:\/\/www.estrategiaconcursos.com.br\/cursosPorConcurso\/auditoria-de-atividades-urbanas-df\/\" target=\"_blank\" rel=\"noreferrer noopener\">Auditoria de Atividades Urbanas DF<\/a>. <\/p>\n\n\n\n<p>A primeira mudan\u00e7a foi o remanejamento de uma das vagas do cadastro de reserva na especializa\u00e7\u00e3o de Vigil\u00e2ncia Sanit\u00e1ria (ampla concorr\u00eancia) para pessoas com defici\u00eancia. J\u00e1 as oportunidades de provimento imediato permanecem inalteradas.<\/p>\n\n\n\n<p>Confira abaixo:<\/p>\n\n\n\n<figure class=\"wp-block-image aligncenter size-full is-resized\"><img loading=\"lazy\" decoding=\"async\" src=\"https:\/\/dhg1h5j42swfq.cloudfront.net\/2023\/01\/12092414\/image-115.png\" alt=\"Altera\u00e7\u00f5es no edital do concurso Auditoria de Atividades Urbanas DF\" class=\"wp-image-1151337\" width=\"669\" height=\"357\" srcset=\"https:\/\/dhg1h5j42swfq.cloudfront.net\/2023\/01\/12092414\/image-115.png 802w, https:\/\/dhg1h5j42swfq.cloudfront.net\/2023\/01\/12092414\/image-115-300x160.png 300w, https:\/\/dhg1h5j42swfq.cloudfront.net\/2023\/01\/12092414\/image-115-768x410.png 768w, https:\/\/dhg1h5j42swfq.cloudfront.net\/2023\/01\/12092414\/image-115-610x326.png 610w, https:\/\/dhg1h5j42swfq.cloudfront.net\/2023\/01\/12092414\/image-115-150x80.png 150w\" sizes=\"auto, (max-width: 669px) 100vw, 669px\" \/><figcaption>Altera\u00e7\u00f5es no concurso Auditoria de Atividades Urbanas DF<\/figcaption><\/figure>\n\n\n\n<p>Mesmo com as modifica\u00e7\u00f5es, o quantitativo de vagas segue o mesmo, isto \u00e9,&nbsp;<strong>770 oportunidades <\/strong>entre imediatas e em cadastro reserva para cargos de n\u00edvel superior, ambos com remunera\u00e7\u00e3o inicial de R$ 9.361,95 mil.<\/p>\n\n\n\n<ul class=\"wp-block-list\"><li><strong>Auditor de Atividades Urbanas<\/strong>: 74 vagas + 156 CR;<\/li><li><strong>Auditor Fiscal de Atividades Urbanas<\/strong>: 40 vagas + 500 CR.<\/li><\/ul>\n\n\n\n<p>Al\u00e9m disso, houve retifica\u00e7\u00f5es em alguns subitens do edital de abertura que referem-se \u00e0s classifica\u00e7\u00f5es dos candidatos durante as provas e acerca do curso de forma\u00e7\u00e3o. Veja como ficou:<\/p>\n\n\n\n<figure class=\"wp-block-image size-full\"><img loading=\"lazy\" decoding=\"async\" width=\"807\" height=\"67\" src=\"https:\/\/dhg1h5j42swfq.cloudfront.net\/2023\/01\/12092936\/image-116.png\" alt=\"\" class=\"wp-image-1151342\" srcset=\"https:\/\/dhg1h5j42swfq.cloudfront.net\/2023\/01\/12092936\/image-116.png 807w, https:\/\/dhg1h5j42swfq.cloudfront.net\/2023\/01\/12092936\/image-116-300x25.png 300w, https:\/\/dhg1h5j42swfq.cloudfront.net\/2023\/01\/12092936\/image-116-768x64.png 768w, https:\/\/dhg1h5j42swfq.cloudfront.net\/2023\/01\/12092936\/image-116-610x51.png 610w, https:\/\/dhg1h5j42swfq.cloudfront.net\/2023\/01\/12092936\/image-116-150x12.png 150w\" sizes=\"auto, (max-width: 807px) 100vw, 807px\" \/><\/figure>\n\n\n\n<figure class=\"wp-block-image aligncenter size-full is-resized\"><img loading=\"lazy\" decoding=\"async\" src=\"https:\/\/dhg1h5j42swfq.cloudfront.net\/2023\/01\/12093003\/image-117.png\" alt=\"Altera\u00e7\u00f5es no edital do concurso Auditoria de Atividades Urbanas DF\" class=\"wp-image-1151343\" width=\"649\" height=\"479\" srcset=\"https:\/\/dhg1h5j42swfq.cloudfront.net\/2023\/01\/12093003\/image-117.png 832w, https:\/\/dhg1h5j42swfq.cloudfront.net\/2023\/01\/12093003\/image-117-300x221.png 300w, https:\/\/dhg1h5j42swfq.cloudfront.net\/2023\/01\/12093003\/image-117-768x567.png 768w, https:\/\/dhg1h5j42swfq.cloudfront.net\/2023\/01\/12093003\/image-117-610x450.png 610w, https:\/\/dhg1h5j42swfq.cloudfront.net\/2023\/01\/12093003\/image-117-150x111.png 150w\" sizes=\"auto, (max-width: 649px) 100vw, 649px\" \/><\/figure>\n\n\n\n<figure class=\"wp-block-image aligncenter size-full is-resized\"><img loading=\"lazy\" decoding=\"async\" src=\"https:\/\/dhg1h5j42swfq.cloudfront.net\/2023\/01\/12093322\/image-118.png\" alt=\"Altera\u00e7\u00f5es no edital do concurso Auditoria de Atividades Urbanas DF\" class=\"wp-image-1151349\" width=\"726\" height=\"471\" srcset=\"https:\/\/dhg1h5j42swfq.cloudfront.net\/2023\/01\/12093322\/image-118.png 845w, https:\/\/dhg1h5j42swfq.cloudfront.net\/2023\/01\/12093322\/image-118-300x195.png 300w, https:\/\/dhg1h5j42swfq.cloudfront.net\/2023\/01\/12093322\/image-118-768x499.png 768w, https:\/\/dhg1h5j42swfq.cloudfront.net\/2023\/01\/12093322\/image-118-610x396.png 610w, https:\/\/dhg1h5j42swfq.cloudfront.net\/2023\/01\/12093322\/image-118-150x97.png 150w\" sizes=\"auto, (max-width: 726px) 100vw, 726px\" \/><\/figure>\n\n\n\n<p>Ademais, o cronograma do concurso Auditoria de Atividades Urbanas do DF foi divulgado novamente com pequenas altera\u00e7\u00f5es. O per\u00edodo de inscri\u00e7\u00f5es e a data das provas permanecem as mesmas divulgadas anteriormente. <\/p>\n\n\n\n<p><strong>>>> <a href=\"https:\/\/dhg1h5j42swfq.cloudfront.net\/2023\/01\/12064546\/df12.pdf\" target=\"_blank\" rel=\"noreferrer noopener nofollow\">Confira a retifica\u00e7\u00e3o na \u00edntegra<\/a><\/strong><\/p>\n\n\n\n<p>Importante ressaltar que, sob organiza\u00e7\u00e3o do\u00a0<strong><a href=\"https:\/\/www.iades.com.br\/inscricao\" target=\"_blank\" rel=\"noreferrer noopener\">IADES<\/a><\/strong>, as inscri\u00e7\u00f5es poder\u00e3o ser feitas at\u00e9 o dia 31 de janeiro, ao custo de\u00a0<strong>R$ 265,00<\/strong>. J\u00e1 as provas ser\u00e3o aplicadas no dia 26 de fevereiro. <\/p>\n\n\n\n<p class=\"has-text-align-center\"><em>Para saber TODOS os detalhes acerca do concurso Auditoria de Atividades Urbanas do DF, basta acessar agora mesmo o artigo exclusivo e muito mais completo que preparamos para voc\u00ea. O link est\u00e1 logo abaixo:<\/em><\/p>\n\n\n\n<p class=\"has-text-align-center has-background has-medium-font-size\" style=\"background-color:#f6f6f6\"><strong>Saiba mais: <a href=\"https:\/\/www.estrategiaconcursos.com.br\/blog\/concurso-auditor-atividades-urbanas-df\/\" target=\"_blank\" rel=\"noreferrer noopener\">Concurso Auditoria de Atividades Urbanas do DF<\/a><\/strong><\/p>\n\n\n\n<h2 class=\"has-text-align-center wp-block-heading\" id=\"estudar\">Quer estudar para o concurso Auditoria de Atividades Urbanas do DF? <\/h2>\n\n\n\n<div class=\"container\" id=\"boxes\">\n  <div class=\"row\">\n\n    <div class=\"col-sm\">\n      <div class=\"banner-estrategia\" id=\"box-assinatura\">\n        <h3 class=\"titulo-assinatura\">Concurso Auditoria de Atividades Urbanas<\/h3>\n        <p class=\"subtitulo-assinatura\">Estude conosco<\/p>\n        <div class=\"box-botao\">\n          <a class=\"btn-assinatura\" target=\"_blank\" href=\"https:\/\/www.estrategiaconcursos.com.br\/cursosPorConcurso\/auditoria-de-atividades-urbanas-df\/\" role=\"button\" rel=\"noopener noreferrer\">Conhe\u00e7a os cursos<\/a>\n        <\/div>\n      <\/div>\n     \n    <\/div>\n\n  <\/div>\n<\/div>\n\n\n\n<div class=\"container\" id=\"boxes\">\n  <div class=\"row\">\n\n    <div class=\"col-sm\">\n      <div class=\"estrategia\" id=\"box-assinatura\">\n        <h3 class=\"titulo-assinatura\">Assinatura de Concursos<\/h3>\n        <p class=\"subtitulo-assinatura\">Assinatura de 1 ano ou 2 anos<\/p>\n        <div class=\"box-botao\">\n          <a class=\"btn-assinatura\" target=\"_blank\" href=\"https:\/\/www.estrategiaconcursos.com.br\/assinaturas\/\" role=\"button\" rel=\"noopener noreferrer\">ASSINE AGORA<\/a>\n        <\/div>\n      <\/div>\n     \n    <\/div><\/div><\/div>\n\n\n\n<h2 class=\"has-text-align-center wp-block-heading\" id=\"h-quer-saber-tudo-sobre-concursos-previstos-confira-nossos-artigos\">Quer saber tudo sobre concursos previstos?<br \/>Confira nossos artigos!<\/h2>\n\n\n\n<ul class=\"wp-block-list\"><li><a href=\"https:\/\/www.estrategiaconcursos.com.br\/blog\/concursos-abertos\/\" target=\"_blank\" rel=\"noreferrer noopener\">Concursos Abertos<\/a><\/li><li><a href=\"https:\/\/www.estrategiaconcursos.com.br\/blog\/concursos-2023\/\" target=\"_blank\" rel=\"noreferrer noopener\">Concursos 2023<\/a><\/li><\/ul>\n","protected":false},"excerpt":{"rendered":"<p>Foram publicadas no Di\u00e1rio Oficial do Distrito Federal desta quinta-feira, 12 de janeiro, altera\u00e7\u00f5es acerca do edital de abertura do concurso para a carreira de Auditoria de Atividades Urbanas DF. A primeira mudan\u00e7a foi o remanejamento de uma das vagas do cadastro de reserva na especializa\u00e7\u00e3o de Vigil\u00e2ncia Sanit\u00e1ria (ampla concorr\u00eancia) para pessoas com defici\u00eancia. [&hellip;]<\/p>\n","protected":false},"author":656,"featured_media":1151354,"comment_status":"open","ping_status":"closed","sticky":false,"template":"","format":"standard","meta":{"post_tipo":"news","footnotes":""},"categories":[214992,220219],"tags":[],"tax_estado":[219970],"class_list":["post-1151297","post","type-post","status-publish","format-standard","has-post-thumbnail","hentry","category-concursos-administrativos","category-noticias","tax_estado-df"],"acf":[],"yoast_head":"<!-- This site is optimized with the Yoast SEO Premium plugin v27.2 (Yoast SEO v27.2) - https:\/\/yoast.com\/product\/yoast-seo-premium-wordpress\/ -->\n<title>Altera\u00e7\u00f5es no concurso Auditoria de Atividades Urbanas DF<\/title>\n<meta name=\"description\" content=\"Concurso Auditoria de Atividades Urbanas DF: divulgadas altera\u00e7\u00f5es no edital de abertura do certame. Acesse e saiba o que mudou!\" \/>\n<meta name=\"robots\" content=\"index, follow, max-snippet:-1, max-image-preview:large, max-video-preview:-1\" \/>\n<link rel=\"canonical\" href=\"https:\/\/www.estrategiaconcursos.com.br\/blog\/concurso-auditoria-de-atividades-urbanas-df-alteracoes\/\" \/>\n<meta property=\"og:locale\" content=\"pt_BR\" \/>\n<meta property=\"og:type\" content=\"article\" \/>\n<meta property=\"og:title\" content=\"Altera\u00e7\u00f5es no concurso Auditoria de Atividades Urbanas DF\" \/>\n<meta property=\"og:description\" content=\"Concurso Auditoria de Atividades Urbanas DF: divulgadas altera\u00e7\u00f5es no edital de abertura do certame. Acesse e saiba o que mudou!\" \/>\n<meta property=\"og:url\" content=\"https:\/\/www.estrategiaconcursos.com.br\/blog\/concurso-auditoria-de-atividades-urbanas-df-alteracoes\/\" \/>\n<meta property=\"og:site_name\" content=\"Estrat\u00e9gia Concursos\" \/>\n<meta property=\"article:published_time\" content=\"2023-01-12T12:43:11+00:00\" \/>\n<meta property=\"article:modified_time\" content=\"2023-01-12T15:02:31+00:00\" \/>\n<meta property=\"og:image\" content=\"https:\/\/dhg1h5j42swfq.cloudfront.net\/2023\/01\/12094041\/auditoria-de-atividades-urbanas-df.jpg\" \/>\n\t<meta property=\"og:image:width\" content=\"768\" \/>\n\t<meta property=\"og:image:height\" content=\"432\" \/>\n\t<meta property=\"og:image:type\" content=\"image\/jpeg\" \/>\n<meta name=\"author\" content=\"F\u00e1bio Scaldelai\" \/>\n<meta name=\"twitter:card\" content=\"summary_large_image\" \/>\n<meta name=\"twitter:creator\" content=\"@EstratConcursos\" \/>\n<meta name=\"twitter:site\" content=\"@EstratConcursos\" \/>\n<meta name=\"twitter:label1\" content=\"Escrito por\" \/>\n\t<meta name=\"twitter:data1\" content=\"F\u00e1bio Scaldelai\" \/>\n\t<meta name=\"twitter:label2\" content=\"Est. tempo de leitura\" \/>\n\t<meta name=\"twitter:data2\" content=\"2 minutos\" \/>\n<script type=\"application\/ld+json\" class=\"yoast-schema-graph\">{\"@context\":\"https:\/\/schema.org\",\"@graph\":[{\"@type\":\"NewsArticle\",\"@id\":\"https:\/\/www.estrategiaconcursos.com.br\/blog\/concurso-auditoria-de-atividades-urbanas-df-alteracoes\/#article\",\"isPartOf\":{\"@id\":\"https:\/\/www.estrategiaconcursos.com.br\/blog\/concurso-auditoria-de-atividades-urbanas-df-alteracoes\/\"},\"author\":{\"name\":\"F\u00e1bio Scaldelai\",\"@id\":\"https:\/\/www.estrategiaconcursos.com.br\/blog\/#\/schema\/person\/e3b6b7ce0192dd4ad270655969d61750\"},\"headline\":\"Altera\u00e7\u00f5es no concurso Auditoria de Atividades Urbanas DF\",\"datePublished\":\"2023-01-12T12:43:11+00:00\",\"dateModified\":\"2023-01-12T15:02:31+00:00\",\"mainEntityOfPage\":{\"@id\":\"https:\/\/www.estrategiaconcursos.com.br\/blog\/concurso-auditoria-de-atividades-urbanas-df-alteracoes\/\"},\"wordCount\":332,\"commentCount\":0,\"publisher\":{\"@id\":\"https:\/\/www.estrategiaconcursos.com.br\/blog\/#organization\"},\"image\":{\"@id\":\"https:\/\/www.estrategiaconcursos.com.br\/blog\/concurso-auditoria-de-atividades-urbanas-df-alteracoes\/#primaryimage\"},\"thumbnailUrl\":\"https:\/\/dhg1h5j42swfq.cloudfront.net\/2023\/01\/12094041\/auditoria-de-atividades-urbanas-df.jpg\",\"articleSection\":[\"Executivo (Administrativa)\",\"\u00daltimas not\u00edcias\"],\"inLanguage\":\"pt-BR\",\"potentialAction\":[{\"@type\":\"CommentAction\",\"name\":\"Comment\",\"target\":[\"https:\/\/www.estrategiaconcursos.com.br\/blog\/concurso-auditoria-de-atividades-urbanas-df-alteracoes\/#respond\"]}],\"copyrightYear\":\"2023\",\"copyrightHolder\":{\"@id\":\"https:\/\/www.estrategiaconcursos.com.br\/blog\/#organization\"}},{\"@type\":\"WebPage\",\"@id\":\"https:\/\/www.estrategiaconcursos.com.br\/blog\/concurso-auditoria-de-atividades-urbanas-df-alteracoes\/\",\"url\":\"https:\/\/www.estrategiaconcursos.com.br\/blog\/concurso-auditoria-de-atividades-urbanas-df-alteracoes\/\",\"name\":\"Altera\u00e7\u00f5es no concurso Auditoria de Atividades Urbanas DF\",\"isPartOf\":{\"@id\":\"https:\/\/www.estrategiaconcursos.com.br\/blog\/#website\"},\"primaryImageOfPage\":{\"@id\":\"https:\/\/www.estrategiaconcursos.com.br\/blog\/concurso-auditoria-de-atividades-urbanas-df-alteracoes\/#primaryimage\"},\"image\":{\"@id\":\"https:\/\/www.estrategiaconcursos.com.br\/blog\/concurso-auditoria-de-atividades-urbanas-df-alteracoes\/#primaryimage\"},\"thumbnailUrl\":\"https:\/\/dhg1h5j42swfq.cloudfront.net\/2023\/01\/12094041\/auditoria-de-atividades-urbanas-df.jpg\",\"datePublished\":\"2023-01-12T12:43:11+00:00\",\"dateModified\":\"2023-01-12T15:02:31+00:00\",\"description\":\"Concurso Auditoria de Atividades Urbanas DF: divulgadas altera\u00e7\u00f5es no edital de abertura do certame. Acesse e saiba o que mudou!\",\"breadcrumb\":{\"@id\":\"https:\/\/www.estrategiaconcursos.com.br\/blog\/concurso-auditoria-de-atividades-urbanas-df-alteracoes\/#breadcrumb\"},\"inLanguage\":\"pt-BR\",\"potentialAction\":[{\"@type\":\"ReadAction\",\"target\":[\"https:\/\/www.estrategiaconcursos.com.br\/blog\/concurso-auditoria-de-atividades-urbanas-df-alteracoes\/\"]}]},{\"@type\":\"ImageObject\",\"inLanguage\":\"pt-BR\",\"@id\":\"https:\/\/www.estrategiaconcursos.com.br\/blog\/concurso-auditoria-de-atividades-urbanas-df-alteracoes\/#primaryimage\",\"url\":\"https:\/\/dhg1h5j42swfq.cloudfront.net\/2023\/01\/12094041\/auditoria-de-atividades-urbanas-df.jpg\",\"contentUrl\":\"https:\/\/dhg1h5j42swfq.cloudfront.net\/2023\/01\/12094041\/auditoria-de-atividades-urbanas-df.jpg\",\"width\":768,\"height\":432,\"caption\":\"Concurso Atividades Urbanas DF Auditor\"},{\"@type\":\"BreadcrumbList\",\"@id\":\"https:\/\/www.estrategiaconcursos.com.br\/blog\/concurso-auditoria-de-atividades-urbanas-df-alteracoes\/#breadcrumb\",\"itemListElement\":[{\"@type\":\"ListItem\",\"position\":1,\"name\":\"In\u00edcio\",\"item\":\"https:\/\/www.estrategiaconcursos.com.br\/blog\/\"},{\"@type\":\"ListItem\",\"position\":2,\"name\":\"Altera\u00e7\u00f5es no concurso Auditoria de Atividades Urbanas DF\"}]},{\"@type\":\"WebSite\",\"@id\":\"https:\/\/www.estrategiaconcursos.com.br\/blog\/#website\",\"url\":\"https:\/\/www.estrategiaconcursos.com.br\/blog\/\",\"name\":\"Estrat\u00e9gia Concursos\",\"description\":\"O blog da Estrat\u00e9gia Concursos traz not\u00edcias sobre concursos e artigos de professores oferecendo cursos para concursos (pdf + videaulas) no site.\",\"publisher\":{\"@id\":\"https:\/\/www.estrategiaconcursos.com.br\/blog\/#organization\"},\"potentialAction\":[{\"@type\":\"SearchAction\",\"target\":{\"@type\":\"EntryPoint\",\"urlTemplate\":\"https:\/\/www.estrategiaconcursos.com.br\/blog\/?s={search_term_string}\"},\"query-input\":{\"@type\":\"PropertyValueSpecification\",\"valueRequired\":true,\"valueName\":\"search_term_string\"}}],\"inLanguage\":\"pt-BR\"},{\"@type\":\"Organization\",\"@id\":\"https:\/\/www.estrategiaconcursos.com.br\/blog\/#organization\",\"name\":\"Estrat\u00e9gia Concursos\",\"url\":\"https:\/\/www.estrategiaconcursos.com.br\/blog\/\",\"logo\":{\"@type\":\"ImageObject\",\"inLanguage\":\"pt-BR\",\"@id\":\"https:\/\/www.estrategiaconcursos.com.br\/blog\/#\/schema\/logo\/image\/\",\"url\":\"https:\/\/dhg1h5j42swfq.cloudfront.net\/2025\/06\/03203428\/logo_concursos-1.jpg\",\"contentUrl\":\"https:\/\/dhg1h5j42swfq.cloudfront.net\/2025\/06\/03203428\/logo_concursos-1.jpg\",\"width\":230,\"height\":60,\"caption\":\"Estrat\u00e9gia Concursos\"},\"image\":{\"@id\":\"https:\/\/www.estrategiaconcursos.com.br\/blog\/#\/schema\/logo\/image\/\"},\"sameAs\":[\"https:\/\/x.com\/EstratConcursos\"]},{\"@type\":\"Person\",\"@id\":\"https:\/\/www.estrategiaconcursos.com.br\/blog\/#\/schema\/person\/e3b6b7ce0192dd4ad270655969d61750\",\"name\":\"F\u00e1bio Scaldelai\",\"image\":{\"@type\":\"ImageObject\",\"inLanguage\":\"pt-BR\",\"@id\":\"https:\/\/secure.gravatar.com\/avatar\/8ed7492c4d88d8495bc0cb24cda6847b8ae23eec459a919e08e77d0ca0fd79ec?s=96&d=mm&r=g\",\"url\":\"https:\/\/secure.gravatar.com\/avatar\/8ed7492c4d88d8495bc0cb24cda6847b8ae23eec459a919e08e77d0ca0fd79ec?s=96&d=mm&r=g\",\"contentUrl\":\"https:\/\/secure.gravatar.com\/avatar\/8ed7492c4d88d8495bc0cb24cda6847b8ae23eec459a919e08e77d0ca0fd79ec?s=96&d=mm&r=g\",\"caption\":\"F\u00e1bio Scaldelai\"},\"description\":\"Jornalista no Estrat\u00e9gia Concursos e Produtor de Televis\u00e3o, formado em Jornalismo, R\u00e1dio e TV pela Faculdade Integrada Rio Branco, com especializa\u00e7\u00f5es em Gest\u00e3o Empresarial e Marketing pelo M\u00f3dulo. Atuou como produtor no SBT, TV Bandeirantes e R\u00e1dio Band FM, al\u00e9m de acumular tr\u00eas anos de experi\u00eancia no setor de concursos p\u00fablicos pela LFG (Luiz Fl\u00e1vio Gomes). No Estrat\u00e9gia Concursos, atua na apura\u00e7\u00e3o de not\u00edcias da \u00e1rea fiscal, al\u00e9m de coberturas sobre concursos das \u00e1reas de controle (TCU, TCE, etc), concurso AFT, \u00e1rea de gest\u00e3o e administrativa, bem como dos \u00f3rg\u00e3os participantes do CNU. Tamb\u00e9m possui experi\u00eancia em link building e an\u00e1lise de m\u00eddia, adquirida durante sua atua\u00e7\u00e3o na ag\u00eancia SEO Marketing.\",\"url\":\"https:\/\/www.estrategiaconcursos.com.br\/blog\/author\/fabio-scaldelaiestrategiaconcursos-com-br\/\"}]}<\/script>\n<!-- \/ Yoast SEO Premium plugin. -->","yoast_head_json":{"title":"Altera\u00e7\u00f5es no concurso Auditoria de Atividades Urbanas DF","description":"Concurso Auditoria de Atividades Urbanas DF: divulgadas altera\u00e7\u00f5es no edital de abertura do certame. Acesse e saiba o que mudou!","robots":{"index":"index","follow":"follow","max-snippet":"max-snippet:-1","max-image-preview":"max-image-preview:large","max-video-preview":"max-video-preview:-1"},"canonical":"https:\/\/www.estrategiaconcursos.com.br\/blog\/concurso-auditoria-de-atividades-urbanas-df-alteracoes\/","og_locale":"pt_BR","og_type":"article","og_title":"Altera\u00e7\u00f5es no concurso Auditoria de Atividades Urbanas DF","og_description":"Concurso Auditoria de Atividades Urbanas DF: divulgadas altera\u00e7\u00f5es no edital de abertura do certame. Acesse e saiba o que mudou!","og_url":"https:\/\/www.estrategiaconcursos.com.br\/blog\/concurso-auditoria-de-atividades-urbanas-df-alteracoes\/","og_site_name":"Estrat\u00e9gia Concursos","article_published_time":"2023-01-12T12:43:11+00:00","article_modified_time":"2023-01-12T15:02:31+00:00","og_image":[{"width":768,"height":432,"url":"https:\/\/dhg1h5j42swfq.cloudfront.net\/2023\/01\/12094041\/auditoria-de-atividades-urbanas-df.jpg","type":"image\/jpeg"}],"author":"F\u00e1bio Scaldelai","twitter_card":"summary_large_image","twitter_creator":"@EstratConcursos","twitter_site":"@EstratConcursos","twitter_misc":{"Escrito por":"F\u00e1bio Scaldelai","Est. tempo de leitura":"2 minutos"},"schema":{"@context":"https:\/\/schema.org","@graph":[{"@type":"NewsArticle","@id":"https:\/\/www.estrategiaconcursos.com.br\/blog\/concurso-auditoria-de-atividades-urbanas-df-alteracoes\/#article","isPartOf":{"@id":"https:\/\/www.estrategiaconcursos.com.br\/blog\/concurso-auditoria-de-atividades-urbanas-df-alteracoes\/"},"author":{"name":"F\u00e1bio Scaldelai","@id":"https:\/\/www.estrategiaconcursos.com.br\/blog\/#\/schema\/person\/e3b6b7ce0192dd4ad270655969d61750"},"headline":"Altera\u00e7\u00f5es no concurso Auditoria de Atividades Urbanas DF","datePublished":"2023-01-12T12:43:11+00:00","dateModified":"2023-01-12T15:02:31+00:00","mainEntityOfPage":{"@id":"https:\/\/www.estrategiaconcursos.com.br\/blog\/concurso-auditoria-de-atividades-urbanas-df-alteracoes\/"},"wordCount":332,"commentCount":0,"publisher":{"@id":"https:\/\/www.estrategiaconcursos.com.br\/blog\/#organization"},"image":{"@id":"https:\/\/www.estrategiaconcursos.com.br\/blog\/concurso-auditoria-de-atividades-urbanas-df-alteracoes\/#primaryimage"},"thumbnailUrl":"https:\/\/dhg1h5j42swfq.cloudfront.net\/2023\/01\/12094041\/auditoria-de-atividades-urbanas-df.jpg","articleSection":["Executivo (Administrativa)","\u00daltimas not\u00edcias"],"inLanguage":"pt-BR","potentialAction":[{"@type":"CommentAction","name":"Comment","target":["https:\/\/www.estrategiaconcursos.com.br\/blog\/concurso-auditoria-de-atividades-urbanas-df-alteracoes\/#respond"]}],"copyrightYear":"2023","copyrightHolder":{"@id":"https:\/\/www.estrategiaconcursos.com.br\/blog\/#organization"}},{"@type":"WebPage","@id":"https:\/\/www.estrategiaconcursos.com.br\/blog\/concurso-auditoria-de-atividades-urbanas-df-alteracoes\/","url":"https:\/\/www.estrategiaconcursos.com.br\/blog\/concurso-auditoria-de-atividades-urbanas-df-alteracoes\/","name":"Altera\u00e7\u00f5es no concurso Auditoria de Atividades Urbanas DF","isPartOf":{"@id":"https:\/\/www.estrategiaconcursos.com.br\/blog\/#website"},"primaryImageOfPage":{"@id":"https:\/\/www.estrategiaconcursos.com.br\/blog\/concurso-auditoria-de-atividades-urbanas-df-alteracoes\/#primaryimage"},"image":{"@id":"https:\/\/www.estrategiaconcursos.com.br\/blog\/concurso-auditoria-de-atividades-urbanas-df-alteracoes\/#primaryimage"},"thumbnailUrl":"https:\/\/dhg1h5j42swfq.cloudfront.net\/2023\/01\/12094041\/auditoria-de-atividades-urbanas-df.jpg","datePublished":"2023-01-12T12:43:11+00:00","dateModified":"2023-01-12T15:02:31+00:00","description":"Concurso Auditoria de Atividades Urbanas DF: divulgadas altera\u00e7\u00f5es no edital de abertura do certame. Acesse e saiba o que mudou!","breadcrumb":{"@id":"https:\/\/www.estrategiaconcursos.com.br\/blog\/concurso-auditoria-de-atividades-urbanas-df-alteracoes\/#breadcrumb"},"inLanguage":"pt-BR","potentialAction":[{"@type":"ReadAction","target":["https:\/\/www.estrategiaconcursos.com.br\/blog\/concurso-auditoria-de-atividades-urbanas-df-alteracoes\/"]}]},{"@type":"ImageObject","inLanguage":"pt-BR","@id":"https:\/\/www.estrategiaconcursos.com.br\/blog\/concurso-auditoria-de-atividades-urbanas-df-alteracoes\/#primaryimage","url":"https:\/\/dhg1h5j42swfq.cloudfront.net\/2023\/01\/12094041\/auditoria-de-atividades-urbanas-df.jpg","contentUrl":"https:\/\/dhg1h5j42swfq.cloudfront.net\/2023\/01\/12094041\/auditoria-de-atividades-urbanas-df.jpg","width":768,"height":432,"caption":"Concurso Atividades Urbanas DF Auditor"},{"@type":"BreadcrumbList","@id":"https:\/\/www.estrategiaconcursos.com.br\/blog\/concurso-auditoria-de-atividades-urbanas-df-alteracoes\/#breadcrumb","itemListElement":[{"@type":"ListItem","position":1,"name":"In\u00edcio","item":"https:\/\/www.estrategiaconcursos.com.br\/blog\/"},{"@type":"ListItem","position":2,"name":"Altera\u00e7\u00f5es no concurso Auditoria de Atividades Urbanas DF"}]},{"@type":"WebSite","@id":"https:\/\/www.estrategiaconcursos.com.br\/blog\/#website","url":"https:\/\/www.estrategiaconcursos.com.br\/blog\/","name":"Estrat\u00e9gia Concursos","description":"O blog da Estrat\u00e9gia Concursos traz not\u00edcias sobre concursos e artigos de professores oferecendo cursos para concursos (pdf + videaulas) no site.","publisher":{"@id":"https:\/\/www.estrategiaconcursos.com.br\/blog\/#organization"},"potentialAction":[{"@type":"SearchAction","target":{"@type":"EntryPoint","urlTemplate":"https:\/\/www.estrategiaconcursos.com.br\/blog\/?s={search_term_string}"},"query-input":{"@type":"PropertyValueSpecification","valueRequired":true,"valueName":"search_term_string"}}],"inLanguage":"pt-BR"},{"@type":"Organization","@id":"https:\/\/www.estrategiaconcursos.com.br\/blog\/#organization","name":"Estrat\u00e9gia Concursos","url":"https:\/\/www.estrategiaconcursos.com.br\/blog\/","logo":{"@type":"ImageObject","inLanguage":"pt-BR","@id":"https:\/\/www.estrategiaconcursos.com.br\/blog\/#\/schema\/logo\/image\/","url":"https:\/\/dhg1h5j42swfq.cloudfront.net\/2025\/06\/03203428\/logo_concursos-1.jpg","contentUrl":"https:\/\/dhg1h5j42swfq.cloudfront.net\/2025\/06\/03203428\/logo_concursos-1.jpg","width":230,"height":60,"caption":"Estrat\u00e9gia Concursos"},"image":{"@id":"https:\/\/www.estrategiaconcursos.com.br\/blog\/#\/schema\/logo\/image\/"},"sameAs":["https:\/\/x.com\/EstratConcursos"]},{"@type":"Person","@id":"https:\/\/www.estrategiaconcursos.com.br\/blog\/#\/schema\/person\/e3b6b7ce0192dd4ad270655969d61750","name":"F\u00e1bio Scaldelai","image":{"@type":"ImageObject","inLanguage":"pt-BR","@id":"https:\/\/secure.gravatar.com\/avatar\/8ed7492c4d88d8495bc0cb24cda6847b8ae23eec459a919e08e77d0ca0fd79ec?s=96&d=mm&r=g","url":"https:\/\/secure.gravatar.com\/avatar\/8ed7492c4d88d8495bc0cb24cda6847b8ae23eec459a919e08e77d0ca0fd79ec?s=96&d=mm&r=g","contentUrl":"https:\/\/secure.gravatar.com\/avatar\/8ed7492c4d88d8495bc0cb24cda6847b8ae23eec459a919e08e77d0ca0fd79ec?s=96&d=mm&r=g","caption":"F\u00e1bio Scaldelai"},"description":"Jornalista no Estrat\u00e9gia Concursos e Produtor de Televis\u00e3o, formado em Jornalismo, R\u00e1dio e TV pela Faculdade Integrada Rio Branco, com especializa\u00e7\u00f5es em Gest\u00e3o Empresarial e Marketing pelo M\u00f3dulo. Atuou como produtor no SBT, TV Bandeirantes e R\u00e1dio Band FM, al\u00e9m de acumular tr\u00eas anos de experi\u00eancia no setor de concursos p\u00fablicos pela LFG (Luiz Fl\u00e1vio Gomes). No Estrat\u00e9gia Concursos, atua na apura\u00e7\u00e3o de not\u00edcias da \u00e1rea fiscal, al\u00e9m de coberturas sobre concursos das \u00e1reas de controle (TCU, TCE, etc), concurso AFT, \u00e1rea de gest\u00e3o e administrativa, bem como dos \u00f3rg\u00e3os participantes do CNU. Tamb\u00e9m possui experi\u00eancia em link building e an\u00e1lise de m\u00eddia, adquirida durante sua atua\u00e7\u00e3o na ag\u00eancia SEO Marketing.","url":"https:\/\/www.estrategiaconcursos.com.br\/blog\/author\/fabio-scaldelaiestrategiaconcursos-com-br\/"}]}},"_links":{"self":[{"href":"https:\/\/www.estrategiaconcursos.com.br\/blog\/wp-json\/wp\/v2\/posts\/1151297","targetHints":{"allow":["GET"]}}],"collection":[{"href":"https:\/\/www.estrategiaconcursos.com.br\/blog\/wp-json\/wp\/v2\/posts"}],"about":[{"href":"https:\/\/www.estrategiaconcursos.com.br\/blog\/wp-json\/wp\/v2\/types\/post"}],"author":[{"embeddable":true,"href":"https:\/\/www.estrategiaconcursos.com.br\/blog\/wp-json\/wp\/v2\/users\/656"}],"replies":[{"embeddable":true,"href":"https:\/\/www.estrategiaconcursos.com.br\/blog\/wp-json\/wp\/v2\/comments?post=1151297"}],"version-history":[{"count":5,"href":"https:\/\/www.estrategiaconcursos.com.br\/blog\/wp-json\/wp\/v2\/posts\/1151297\/revisions"}],"predecessor-version":[{"id":1151574,"href":"https:\/\/www.estrategiaconcursos.com.br\/blog\/wp-json\/wp\/v2\/posts\/1151297\/revisions\/1151574"}],"wp:featuredmedia":[{"embeddable":true,"href":"https:\/\/www.estrategiaconcursos.com.br\/blog\/wp-json\/wp\/v2\/media\/1151354"}],"wp:attachment":[{"href":"https:\/\/www.estrategiaconcursos.com.br\/blog\/wp-json\/wp\/v2\/media?parent=1151297"}],"wp:term":[{"taxonomy":"category","embeddable":true,"href":"https:\/\/www.estrategiaconcursos.com.br\/blog\/wp-json\/wp\/v2\/categories?post=1151297"},{"taxonomy":"post_tag","embeddable":true,"href":"https:\/\/www.estrategiaconcursos.com.br\/blog\/wp-json\/wp\/v2\/tags?post=1151297"},{"taxonomy":"tax_estado","embeddable":true,"href":"https:\/\/www.estrategiaconcursos.com.br\/blog\/wp-json\/wp\/v2\/tax_estado?post=1151297"}],"curies":[{"name":"wp","href":"https:\/\/api.w.org\/{rel}","templated":true}]}}