{"id":1151128,"date":"2023-01-30T08:00:00","date_gmt":"2023-01-30T11:00:00","guid":{"rendered":"https:\/\/www.estrategiaconcursos.com.br\/blog\/?p=1151128"},"modified":"2023-01-15T10:38:00","modified_gmt":"2023-01-15T13:38:00","slug":"receita-processo-administrativo-fiscal","status":"publish","type":"post","link":"https:\/\/www.estrategiaconcursos.com.br\/blog\/receita-processo-administrativo-fiscal\/","title":{"rendered":"Receita Federal: Processo Administrativo Fiscal no Decreto 70.235"},"content":{"rendered":"\n<p class=\"has-medium-font-size\">Veja neste artigo um resumo sobre o <strong>Decreto 70.235\/72<\/strong>, o qual disp\u00f5e sobre o <strong><mark style=\"background-color:rgba(0, 0, 0, 0)\" class=\"has-inline-color has-vivid-cyan-blue-color\">Processo Administrativo Fiscal<\/mark><\/strong>, para o concurso da Receita Federal.<\/p>\n\n\n\n<figure class=\"wp-block-image aligncenter size-full is-resized\"><img loading=\"lazy\" decoding=\"async\" src=\"https:\/\/dhg1h5j42swfq.cloudfront.net\/2022\/02\/21170104\/concurso-receita-federal-1024x536-1.jpg\" alt=\"Receita Federal: Processo Administrativo Fiscal no Decreto 70.235\" class=\"wp-image-974219\" width=\"616\" height=\"322\" srcset=\"https:\/\/dhg1h5j42swfq.cloudfront.net\/2022\/02\/21170104\/concurso-receita-federal-1024x536-1.jpg 1024w, https:\/\/dhg1h5j42swfq.cloudfront.net\/2022\/02\/21170104\/concurso-receita-federal-1024x536-1-300x157.jpg 300w, https:\/\/dhg1h5j42swfq.cloudfront.net\/2022\/02\/21170104\/concurso-receita-federal-1024x536-1-768x402.jpg 768w, https:\/\/dhg1h5j42swfq.cloudfront.net\/2022\/02\/21170104\/concurso-receita-federal-1024x536-1-610x319.jpg 610w\" sizes=\"auto, (max-width: 616px) 100vw, 616px\" \/><figcaption>Receita Federal: Processo Administrativo Fiscal no Decreto 70.235<\/figcaption><\/figure>\n\n\n\n<p>O&nbsp;<strong><a href=\"https:\/\/www.estrategiaconcursos.com.br\/blog\/concurso-receita-federal\/\" target=\"_blank\" rel=\"noreferrer noopener\">concurso da Receita Federal<\/a><\/strong>&nbsp;est\u00e1 com o seu edital publicado. H\u00e1 a oferta de&nbsp;<strong>699 vagas<\/strong>, sendo 230 para o cargo de Auditor Fiscal e 469 para Analista Fiscal, com remunera\u00e7\u00f5es iniciais de&nbsp;<strong>R$ 21.029,09&nbsp;<\/strong>e&nbsp;<strong>R$ 11.684,39<\/strong>, respectivamente. Nada mal, n\u00e3o \u00e9 mesmo?<\/p>\n\n\n\n<p>Desse modo, no artigo de hoje, realizaremos um resumo sobre o <strong>Processo Administrativo Fiscal<\/strong>, disposto no <strong>Decreto 70.235\/72<\/strong>, para o concurso de Auditor e Analista Fiscal da Receita Federal.<\/p>\n\n\n\n<p>Preparados? Ent\u00e3o vamos l\u00e1!<\/p>\n\n\n\n<div class=\"container\" id=\"boxes\">\n  <div class=\"row\">\n\n    <div class=\"col-sm\">\n      <div class=\"banner-fiscal\" id=\"box-assinatura\">\n        <h3 class=\"titulo-assinatura\">Receita Federal<\/h3>\n        <p class=\"subtitulo-assinatura\">Conhe\u00e7a os cursos<\/p>\n        <div class=\"box-botao\">\n          <a class=\"btn-assinatura\" target=\"_blank\" href=\"https:\/\/www.estrategiaconcursos.com.br\/cursosPorConcurso\/receita-federal-auditor-fiscal-7\/\" role=\"button\" rel=\"noopener noreferrer\">Conhe\u00e7a mais<\/a>\n        <\/div>\n      <\/div>\n      \n    <\/div>\n\n  <\/div>\n<\/div>\n\n\n\n<h2 class=\"wp-block-heading\" id=\"h-o-processo-administrativo-fiscal\"><mark style=\"background-color:rgba(0, 0, 0, 0)\" class=\"has-inline-color has-vivid-cyan-blue-color\">O Processo Administrativo Fiscal<\/mark><\/h2>\n\n\n\n<p>O Decreto 70.235\/72 disp\u00f5e sobre o <strong>Processo Administrativo Fiscal (PAF)<\/strong>, o qual discute, principalmente, a determina\u00e7\u00e3o e exig\u00eancia dos <strong><mark style=\"background-color:rgba(0, 0, 0, 0)\" class=\"has-inline-color has-vivid-cyan-blue-color\">cr\u00e9ditos tribut\u00e1rios da Uni\u00e3o<\/mark><\/strong>.<\/p>\n\n\n\n<p>Em rela\u00e7\u00e3o ao <strong>procedimento fiscal<\/strong>, h\u00e1 algumas situa\u00e7\u00f5es em que ele \u00e9 considerado <strong><mark style=\"background-color:rgba(0, 0, 0, 0)\" class=\"has-inline-color has-vivid-cyan-blue-color\">iniciado<\/mark><\/strong>, as quais voc\u00ea precisa saber:<\/p>\n\n\n\n<ul class=\"wp-block-list\"><li>com o <strong>primeiro ato de of\u00edcio<\/strong>, escrito, praticado por servidor competente, <strong>cientificado o sujeito<\/strong> passivo da <strong>obriga\u00e7\u00e3o <\/strong>tribut\u00e1ria ou seu preposto;<\/li><li>com a <strong>apreens\u00e3o<\/strong> de mercadorias, documentos ou livros;<\/li><li>com o come\u00e7o de <strong>despacho aduaneiro<\/strong> de mercadoria importada.<\/li><\/ul>\n\n\n\n<p>Importante salientar que o <strong>in\u00edcio do procedimento administrativo<\/strong>, por meio de qualquer das situa\u00e7\u00f5es acima,<strong><mark style=\"background-color:rgba(0, 0, 0, 0)\" class=\"has-inline-color has-vivid-cyan-blue-color\"> exclui a espontaneidade<\/mark><\/strong> do sujeito passivo em rela\u00e7\u00e3o aos atos anteriores.<\/p>\n\n\n\n<p>Contudo, para os efeitos da exclus\u00e3o da den\u00fancia espont\u00e2nea, os<strong> dois primeiros<\/strong> atos citados acima valer\u00e3o pelo prazo de <strong><mark style=\"background-color:rgba(0, 0, 0, 0)\" class=\"has-inline-color has-vivid-cyan-blue-color\">60 dias<\/mark><\/strong>, prorrog\u00e1vel, sucessivamente, por igual per\u00edodo.<\/p>\n\n\n\n<p><strong><mark style=\"background-color:rgba(0, 0, 0, 0)\" class=\"has-inline-color has-vivid-red-color\">PRAZO<\/mark><\/strong>: Em rela\u00e7\u00e3o aos <strong>atos processuais <\/strong>do processo fiscal, a autoridade respons\u00e1vel dever\u00e1 <strong>praticar <\/strong>aqueles presentes em sua jurisdi\u00e7\u00e3o em at\u00e9 <strong><mark style=\"background-color:rgba(0, 0, 0, 0)\" class=\"has-inline-color has-vivid-cyan-blue-color\">30 dias<\/mark><\/strong>.<\/p>\n\n\n\n<p>Outro ponto importante \u00e9 sobre a <strong>exig\u00eancia do cr\u00e9dito tribut\u00e1rio<\/strong> e a aplica\u00e7\u00e3o de <strong>penalidade isolada<\/strong>. Tais procedimentos ser\u00e3o <strong>formalizados <\/strong>em:<\/p>\n\n\n\n<ul class=\"wp-block-list\"><li>autos de infra\u00e7\u00e3o ou<\/li><li>notifica\u00e7\u00f5es de lan\u00e7amento.<\/li><\/ul>\n\n\n\n<p>Apesar de, em regra, os autos de infra\u00e7\u00e3o e as notifica\u00e7\u00f5es de lan\u00e7amento tribut\u00e1rio serem <strong>formalizados <\/strong>de maneira <strong>individualizada <\/strong>para cada tributo ou penalidade, aqueles relacionados ao <strong>mesmo sujeito passivo <\/strong>podem ser objeto de um <strong>\u00fanico processo<\/strong>, quando a comprova\u00e7\u00e3o dos il\u00edcitos depender dos <strong>mesmos elementos de prova<\/strong>.&nbsp;<\/p>\n\n\n\n<h2 class=\"wp-block-heading\" id=\"h-impugnacao-no-processo-administrativo-fiscal\"><mark style=\"background-color:rgba(0, 0, 0, 0)\" class=\"has-inline-color has-vivid-cyan-blue-color\">Impugna\u00e7\u00e3o no Processo Administrativo Fiscal<\/mark> <\/h2>\n\n\n\n<p>Ap\u00f3s o lan\u00e7amento do cr\u00e9dito tribut\u00e1rio, pela Fazenda, o <strong>sujeito passivo<\/strong> possui o direito de realizar a sua <strong>impugna\u00e7\u00e3o<\/strong>.<\/p>\n\n\n\n<p>A impugna\u00e7\u00e3o, a qual dever\u00e1 ser formalizada por <strong>escrito <\/strong>e instru\u00edda com os documentos em que se fundamentar, dever\u00e1 ser apresentada ao \u00f3rg\u00e3o preparador no prazo de <strong><mark style=\"background-color:rgba(0, 0, 0, 0)\" class=\"has-inline-color has-vivid-cyan-blue-color\">30 dias<\/mark><\/strong>, contados da data em que for feita a intima\u00e7\u00e3o da exig\u00eancia.<\/p>\n\n\n\n<p>H\u00e1 algumas<strong> informa\u00e7\u00f5es obrigat\u00f3rias<\/strong>, as quais dever\u00e3o estar presentes na impugna\u00e7\u00e3o do contribuinte, como:<\/p>\n\n\n\n<ul class=\"wp-block-list\"><li>a <strong>autoridade julgadora<\/strong> a quem \u00e9 dirigida;<\/li><li>a qualifica\u00e7\u00e3o do <strong>impugnante<\/strong>;<\/li><li>os <strong>motivos <\/strong>de fato e de direito em que se fundamenta, os pontos de discord\u00e2ncia e as raz\u00f5es e provas que possuir;&nbsp;<\/li><li>as <strong>dilig\u00eancias<\/strong>, ou <strong>per\u00edcias <\/strong>que o impugnante pretenda sejam efetuadas, expostos os motivos que as justifiquem, com a formula\u00e7\u00e3o dos quesitos referentes aos exames desejados, assim como, no caso de per\u00edcia, o nome, o endere\u00e7o e a qualifica\u00e7\u00e3o profissional do seu&nbsp;perito;<\/li><li>se a mat\u00e9ria impugnada foi submetida \u00e0 <strong>aprecia\u00e7\u00e3o judicial<\/strong>, devendo ser juntada c\u00f3pia da peti\u00e7\u00e3o.&nbsp;<\/li><\/ul>\n\n\n\n<p><strong><mark style=\"background-color:rgba(0, 0, 0, 0)\" class=\"has-inline-color has-vivid-red-color\">A SABER: <\/mark><\/strong>A mat\u00e9ria <strong>n\u00e3o contestada <\/strong>expressamente pelo impugnante ser\u00e1 considerada <strong><mark style=\"background-color:rgba(0, 0, 0, 0)\" class=\"has-inline-color has-vivid-cyan-blue-color\">n\u00e3o impugnada<\/mark><\/strong>.<\/p>\n\n\n\n<h2 class=\"wp-block-heading\" id=\"h-intimacao-no-processo-administrativo-fiscal\"><mark style=\"background-color:rgba(0, 0, 0, 0)\" class=\"has-inline-color has-vivid-cyan-blue-color\">Intima\u00e7\u00e3o<\/mark> <mark style=\"background-color:rgba(0, 0, 0, 0)\" class=\"has-inline-color has-vivid-cyan-blue-color\">no Processo Administrativo Fiscal<\/mark> <\/h2>\n\n\n\n<p>No decorrer do Processo Administrativo Fiscal, haver\u00e1 situa\u00e7\u00f5es em que o sujeito passivo dever\u00e1 ser intimado. Voc\u00ea pode conferir abaixo quais s\u00e3o as maneiras de intima\u00e7\u00e3o que a administra\u00e7\u00e3o fazend\u00e1ria pode utilizar:<\/p>\n\n\n\n<ul class=\"wp-block-list\"><li><strong><mark style=\"background-color:rgba(0, 0, 0, 0)\" class=\"has-inline-color has-vivid-cyan-blue-color\">pessoal<\/mark><\/strong>, pelo autor do procedimento ou por agente do \u00f3rg\u00e3o preparador, na reparti\u00e7\u00e3o ou fora dela, provada com a assinatura do sujeito passivo, seu mandat\u00e1rio ou preposto, ou, no caso de recusa, com declara\u00e7\u00e3o escrita de quem o intimar;<\/li><li>por <strong><mark style=\"background-color:rgba(0, 0, 0, 0)\" class=\"has-inline-color has-vivid-cyan-blue-color\">via postal<\/mark><\/strong>, telegr\u00e1fica ou por qualquer outro meio ou via, com prova de recebimento no domic\u00edlio tribut\u00e1rio eleito pelo sujeito passivo;&nbsp;<\/li><li>por <strong><mark style=\"background-color:rgba(0, 0, 0, 0)\" class=\"has-inline-color has-vivid-cyan-blue-color\">meio eletr\u00f4nico<\/mark><\/strong>, com prova de recebimento, mediante:<ul><li>envio ao domic\u00edlio tribut\u00e1rio do sujeito passivo; ou&nbsp;<\/li><\/ul><ul><li>registro em meio magn\u00e9tico ou equivalente utilizado pelo sujeito passivo.<\/li><\/ul><\/li><\/ul>\n\n\n\n<p>Contudo, quando <strong>n\u00e3o for poss\u00edvel intimar<\/strong> o sujeito passivo pelos meios citados acima, ou quando ele tiver a sua <strong>inscri\u00e7\u00e3o declarada inapta<\/strong> perante o cadastro fiscal, a intima\u00e7\u00e3o poder\u00e1 ser feita por <strong><mark style=\"background-color:rgba(0, 0, 0, 0)\" class=\"has-inline-color has-vivid-cyan-blue-color\">edital <\/mark><\/strong>publicado:<\/p>\n\n\n\n<ul class=\"wp-block-list\"><li>no endere\u00e7o da administra\u00e7\u00e3o tribut\u00e1ria na internet;&nbsp;<\/li><li>em depend\u00eancia, franqueada ao p\u00fablico, do \u00f3rg\u00e3o encarregado da intima\u00e7\u00e3o; ou&nbsp;<\/li><li><strong>uma \u00fanica vez,<\/strong> em \u00f3rg\u00e3o da imprensa oficial local.<\/li><\/ul>\n\n\n\n<p>Agora vamos a outra parte importante sobre as intima\u00e7\u00f5es: <strong>Quando que ela ser\u00e1 considerada realizada? <\/strong>Bom, isso vai depender do meio utilizado, sendo:<\/p>\n\n\n\n<ul class=\"wp-block-list\"><li>na data da <strong>ci\u00eancia <\/strong>do intimado ou da declara\u00e7\u00e3o de quem fizer a intima\u00e7\u00e3o, se <strong>pessoal<\/strong>;<\/li><li>na data do <strong>recebimento<\/strong>, se via <strong>postal<\/strong>; ou, se omitida, <strong><mark style=\"background-color:rgba(0, 0, 0, 0)\" class=\"has-inline-color has-vivid-cyan-blue-color\">15 dias<\/mark><\/strong> ap\u00f3s a data da expedi\u00e7\u00e3o da intima\u00e7\u00e3o;<\/li><li>se por <strong>meio eletr\u00f4nico<\/strong>:&nbsp;<ul><li><strong><mark style=\"background-color:rgba(0, 0, 0, 0)\" class=\"has-inline-color has-vivid-cyan-blue-color\">15 dias<\/mark><\/strong> contados da data registrada no comprovante de entrega no domic\u00edlio tribut\u00e1rio do sujeito passivo;&nbsp;<\/li><\/ul><ul><li>na data em que o sujeito passivo<strong> efetuar consulta<\/strong> no endere\u00e7o eletr\u00f4nico a ele atribu\u00eddo pela administra\u00e7\u00e3o tribut\u00e1ria, se ocorrida antes do prazo de <strong><mark style=\"background-color:rgba(0, 0, 0, 0)\" class=\"has-inline-color has-vivid-cyan-blue-color\">15 dias<\/mark><\/strong>; ou&nbsp;<\/li><\/ul><ul><li>na data registrada no meio magn\u00e9tico ou equivalente utilizado pelo sujeito passivo;&nbsp;&nbsp;<\/li><\/ul><\/li><li><strong><mark style=\"background-color:rgba(0, 0, 0, 0)\" class=\"has-inline-color has-vivid-cyan-blue-color\">15 dias<\/mark><\/strong> ap\u00f3s a publica\u00e7\u00e3o do <strong>edital<\/strong>, se este for o meio utilizado.<\/li><\/ul>\n\n\n\n<h2 class=\"wp-block-heading\" id=\"h-julgamento-e-recursos-no-processo-administrativo-fiscal\"><mark style=\"background-color:rgba(0, 0, 0, 0)\" class=\"has-inline-color has-vivid-cyan-blue-color\">Julgamento e Recursos<\/mark> <mark style=\"background-color:rgba(0, 0, 0, 0)\" class=\"has-inline-color has-vivid-cyan-blue-color\">no Processo Administrativo Fiscal<\/mark> <\/h2>\n\n\n\n<p>Ap\u00f3s todos os tr\u00e2mites do Processo Administrativo Fiscal, \u00e9 necess\u00e1rio que ele seja <strong>julgado<\/strong>.<\/p>\n\n\n\n<p>O julgamento do processo de exig\u00eancia de tributos ou contribui\u00e7\u00f5es administrados pela Secretaria da Receita Federal ser\u00e1 realizado:<\/p>\n\n\n\n<p>Em <strong><mark style=\"background-color:rgba(0, 0, 0, 0)\" class=\"has-inline-color has-vivid-cyan-blue-color\">1\u00ba inst\u00e2ncia<\/mark><\/strong>, pelas <strong><span style=\"text-decoration: underline;\">Delegacias da Receita Federal de Julgamento<\/span><\/strong>, \u00f3rg\u00e3os de delibera\u00e7\u00e3o interna e natureza colegiada da Secretaria da Receita Federal:&nbsp;<\/p>\n\n\n\n<ul class=\"wp-block-list\"><li>aos <strong>Delegados da Receita Federal<\/strong>, titulares de Delegacias especializadas nas atividades concernentes a julgamento de processos, quanto aos tributos e contribui\u00e7\u00f5es administrados pela <strong>Secretaria da Receita Federal<\/strong>.<\/li><li>\u00e0s <strong>autoridades <\/strong>mencionadas na legisla\u00e7\u00e3o de cada um dos demais tributos ou, na falta dessa indica\u00e7\u00e3o aos chefes da proje\u00e7\u00e3o <strong>regional <\/strong>ou local da entidade que administra o tributo, conforme for por ela estabelecido.<\/li><\/ul>\n\n\n\n<p>Em <strong><mark style=\"background-color:rgba(0, 0, 0, 0)\" class=\"has-inline-color has-vivid-cyan-blue-color\">2\u00ba inst\u00e2ncia<\/mark><\/strong>, ao <strong><span style=\"text-decoration: underline;\">Conselho Administrativo de Recursos Fiscais<\/span><\/strong>, \u00f3rg\u00e3o colegiado, parit\u00e1rio, integrante da estrutura do Minist\u00e9rio da Fazenda, com atribui\u00e7\u00e3o de julgar <strong>recursos <\/strong>de of\u00edcio e volunt\u00e1rios de decis\u00e3o de primeira inst\u00e2ncia, bem como recursos de natureza especial.<\/p>\n\n\n\n<p>Vale salientar que o Conselho Administrativo de Recursos Fiscais ser\u00e1 constitu\u00eddo por <strong>se\u00e7\u00f5es <\/strong>e pela <strong>C\u00e2mara Superior de Recursos Fiscais<\/strong>.<\/p>\n\n\n\n<p><strong><mark style=\"background-color:rgba(0, 0, 0, 0)\" class=\"has-inline-color has-vivid-red-color\">FIQUE ATENTO: <\/mark><\/strong>\u00c9 importante que voc\u00ea saiba sobre algumas <strong>veda\u00e7\u00f5es <\/strong>existentes no \u00e2mbito do processo administrativo fiscal. Por exemplo, fica <strong>vedado <\/strong>aos \u00f3rg\u00e3os de julgamento<strong> afastar a aplica\u00e7\u00e3o <\/strong>ou deixar de observar tratado, <strong>acordo internacional<\/strong>, <strong>lei<\/strong> ou <strong>decreto<\/strong>, sob fundamento de <strong>inconstitucionalidade<\/strong>.<\/p>\n\n\n\n<p>Contudo, a situa\u00e7\u00e3o acima<strong><mark style=\"background-color:rgba(0, 0, 0, 0)\" class=\"has-inline-color has-vivid-cyan-blue-color\"> n\u00e3o se aplica<\/mark><\/strong> aos casos de tratado, acordo internacional, lei ou ato normativo:&nbsp;<\/p>\n\n\n\n<ul class=\"wp-block-list\"><li>que j\u00e1 tenha <strong>sido declarado inconstitucional <\/strong>por decis\u00e3o definitiva plen\u00e1ria do <strong>Supremo Tribunal Federal<\/strong>;&nbsp;<\/li><li>que <strong>fundamente cr\u00e9dito tribut\u00e1rio<\/strong> objeto de:<ul><li><strong>dispensa legal <\/strong>de constitui\u00e7\u00e3o ou de ato declarat\u00f3rio do Procurador-Geral da Fazenda Nacional;<\/li><\/ul><ul><li><strong>s\u00famula<\/strong> da Advocacia-Geral da Uni\u00e3o;<\/li><\/ul><ul><li><strong>pareceres <\/strong>do Advogado-Geral da Uni\u00e3o aprovados pelo Presidente da Rep\u00fablica.<\/li><\/ul><\/li><\/ul>\n\n\n\n<p>O processo ser\u00e1 <strong>julgado<\/strong>, primeiramente, na <strong>1\u00ba Inst\u00e2ncia<\/strong>. Da sua decis\u00e3o, ser\u00e1 cab\u00edvel, \u00e0 parte desfavorecida da decis\u00e3o, <strong><mark style=\"background-color:rgba(0, 0, 0, 0)\" class=\"has-inline-color has-vivid-cyan-blue-color\">recurso volunt\u00e1rio<\/mark><\/strong>, total ou parcial, com efeito suspensivo, dentro dos<strong><mark style=\"background-color:rgba(0, 0, 0, 0)\" class=\"has-inline-color has-vivid-cyan-blue-color\"> 30 dias <\/mark><\/strong>seguintes \u00e0 ci\u00eancia da decis\u00e3o.<\/p>\n\n\n\n<p>Contudo, a autoridade de 1\u00ba inst\u00e2ncia <strong>recorrer\u00e1 de of\u00edcio <\/strong>nos casos de a decis\u00e3o:<\/p>\n\n\n\n<ul class=\"wp-block-list\"><li><strong>exonerar o sujeito passivo do pagamento<\/strong> de tributo e encargos de multa de valor total (lan\u00e7amento principal e decorrentes) a ser fixado em ato do Ministro de Estado da Fazenda;<\/li><li><strong>deixar de aplicar pena<\/strong> de perda de mercadorias ou outros bens cominados \u00e0 infra\u00e7\u00e3o denunciada na formaliza\u00e7\u00e3o da exig\u00eancia.<\/li><\/ul>\n\n\n\n<p><strong><mark style=\"background-color:rgba(0, 0, 0, 0)\" class=\"has-inline-color has-vivid-red-color\">A SABER: <\/mark><\/strong>\u00c9 importante salientar que <strong><mark style=\"background-color:rgba(0, 0, 0, 0)\" class=\"has-inline-color has-vivid-cyan-blue-color\">n\u00e3o cabe pedido de reconsidera\u00e7\u00e3o<\/mark><\/strong> da decis\u00e3o de <strong>1\u00ba inst\u00e2ncia<\/strong>.<\/p>\n\n\n\n<p>Os recursos ser\u00e3o <strong>julgados<\/strong> pela <strong>2\u00ba Inst\u00e2ncia<\/strong>. Contudo, da sua decis\u00e3o, caber\u00e1 ainda <strong><mark style=\"background-color:rgba(0, 0, 0, 0)\" class=\"has-inline-color has-vivid-cyan-blue-color\">recurso especial<\/mark><\/strong> \u00e0 <strong><span style=\"text-decoration: underline;\">C\u00e2mara Superior de Recursos Fiscais<\/span><\/strong>, no prazo de <strong><mark style=\"background-color:rgba(0, 0, 0, 0)\" class=\"has-inline-color has-vivid-cyan-blue-color\">15 dias <\/mark><\/strong>da ci\u00eancia do ac\u00f3rd\u00e3o ao interessado, no caso de decis\u00e3o que der \u00e0 lei tribut\u00e1ria interpreta\u00e7\u00e3o divergente da que lhe tenha dado outra C\u00e2mara, turma de C\u00e2mara, turma especial ou a pr\u00f3pria C\u00e2mara Superior de Recursos Fiscais.<\/p>\n\n\n\n<h2 class=\"wp-block-heading\" id=\"h-finalizando-o-processo-administrativo-fiscal\"><mark style=\"background-color:rgba(0, 0, 0, 0)\" class=\"has-inline-color has-vivid-cyan-blue-color\">Finalizando o Processo Administrativo Fiscal<\/mark><\/h2>\n\n\n\n<p>Pessoal, finalizamos o nosso resumo sobre o Processo Administrativo Fiscal, disposto no Decreto 70.235\/72, para o concurso de Auditor e Analista Fiscal da Receita Federal.<\/p>\n\n\n\n<p>Contudo, ressaltamos a import\u00e2ncia da<strong>&nbsp;leitura na \u00edntegra deste decreto<\/strong>, para a sua aprova\u00e7\u00e3o. Esse artigo \u00e9 apenas uma an\u00e1lise mais simplificada da Organiza\u00e7\u00e3o da Seguridade Social.<\/p>\n\n\n\n<p>Caso queira se preparar para chegar&nbsp;<strong>competitivo&nbsp;<\/strong>nesta prova, invista nos &nbsp;<a href=\"https:\/\/www.estrategiaconcursos.com.br\/cursosPorConcurso\/receita-federal-auditor-fiscal-7\/\" target=\"_blank\" rel=\"noreferrer noopener\"><strong>cursos para a Receita Federal do Estrat\u00e9gia Concursos<\/strong><\/a>.<\/p>\n\n\n\n<p>L\u00e1 voc\u00ea encontrar\u00e1&nbsp;<strong>aulas completas e detalhadas, com os melhores professores do mercado<\/strong>,&nbsp;de todos os t\u00f3picos exigidos no edital deste concurso.<\/p>\n\n\n\n<p>Conhe\u00e7a tamb\u00e9m o&nbsp;<a href=\"https:\/\/questoes.estrategiaconcursos.com.br\/\" target=\"_blank\" rel=\"noreferrer noopener\"><strong>Sistema de Quest\u00f5es do Estrat\u00e9gia<\/strong><\/a>. Afinal, a \u00fanica maneira de&nbsp;<strong>consolidar o conte\u00fado&nbsp;<\/strong>de maneira satisfat\u00f3ria \u00e9 atrav\u00e9s da&nbsp;<strong>resolu\u00e7\u00e3o de quest\u00f5es.<\/strong>&nbsp; L\u00e1 voc\u00ea encontrar\u00e1 milhares de quest\u00f5es das disciplinas que possivelmente ser\u00e3o cobradas no seu certame.<\/p>\n\n\n\n<p>N\u00e3o deixem de conferir.<\/p>\n\n\n\n<p>Bons estudos a todos e at\u00e9 a pr\u00f3xima!<\/p>\n\n\n\n<h2 class=\"has-text-align-center wp-block-heading\" id=\"h-cursos-e-assinaturas\">Cursos e Assinaturas <\/h2>\n\n\n\n<p>Prepare-se com o melhor material e com quem mais aprova em Concursos P\u00fablicos em todo o pa\u00eds!<\/p>\n\n\n\n<p class=\"has-text-align-center has-vivid-cyan-blue-color has-text-color has-background\" style=\"background-color:#0078bd\"><a href=\"https:\/\/www.estrategiaconcursos.com.br\/blog\/concursos-abertos\/\" target=\"_blank\" rel=\"noreferrer noopener\"><strong><mark style=\"background-color:rgba(0, 0, 0, 0)\" class=\"has-inline-color has-white-color\">Concursos Abertos<\/mark><\/strong><\/a><\/p>\n\n\n\n<p class=\"has-text-align-center has-vivid-cyan-blue-color has-text-color has-background\" style=\"background-color:#0078bd\"><a href=\"https:\/\/www.estrategiaconcursos.com.br\/blog\/concursos-2023\/\" target=\"_blank\" rel=\"noreferrer noopener\"><strong><mark style=\"background-color:rgba(0, 0, 0, 0)\" class=\"has-inline-color has-white-color\">Concursos 2023<\/mark><\/strong><\/a><\/p>\n\n\n\n<div class=\"container\" id=\"boxes\">\n  <div class=\"row\">\n\n    <div class=\"col-sm\">\n      <div class=\"banner-fiscal\" id=\"box-assinatura\">\n        <h3 class=\"titulo-assinatura\">Receita Federal<\/h3>\n        <p class=\"subtitulo-assinatura\">Conhe\u00e7a os cursos<\/p>\n        <div class=\"box-botao\">\n          <a class=\"btn-assinatura\" target=\"_blank\" href=\"https:\/\/www.estrategiaconcursos.com.br\/cursosPorConcurso\/receita-federal-auditor-fiscal-7\/\" role=\"button\" rel=\"noopener noreferrer\">Conhe\u00e7a mais<\/a>\n        <\/div>\n      <\/div>\n      \n    <\/div>\n\n  <\/div>\n<\/div>\n\n\n\n<div class=\"container\" id=\"boxes\">\n  <div class=\"row\">\n    <div class=\"col-sm\">\n      <div class=\"estrategia\" id=\"box-assinatura\">\n        <h3 class=\"titulo-assinatura\">Assinatura de Concursos<\/h3>\n        <p class=\"subtitulo-assinatura\">Assinatura de 1 ano ou 2 anos<\/p>\n        <div class=\"box-botao\">\n          <a class=\"btn-assinatura\" target=\"_blank\" href=\"https:\/\/www.estrategiaconcursos.com.br\/assinaturas\/\" role=\"button\" rel=\"noopener noreferrer\">ASSINE AGORA<\/a>\n        <\/div>\n      <\/div>\n      \n    <\/div><\/div><\/div>\n","protected":false},"excerpt":{"rendered":"<p>Veja neste artigo um resumo sobre o Decreto 70.235\/72, o qual disp\u00f5e sobre o Processo Administrativo Fiscal, para o concurso da Receita Federal. O&nbsp;concurso da Receita Federal&nbsp;est\u00e1 com o seu edital publicado. H\u00e1 a oferta de&nbsp;699 vagas, sendo 230 para o cargo de Auditor Fiscal e 469 para Analista Fiscal, com remunera\u00e7\u00f5es iniciais de&nbsp;R$ 21.029,09&nbsp;e&nbsp;R$ [&hellip;]<\/p>\n","protected":false},"author":1976,"featured_media":974219,"comment_status":"open","ping_status":"closed","sticky":false,"template":"","format":"standard","meta":{"post_tipo":"article","footnotes":""},"categories":[1,220182],"tags":[],"tax_estado":[219963],"class_list":["post-1151128","post","type-post","status-publish","format-standard","has-post-thumbnail","hentry","category-cursos-e-concursos","category-fiscal-federal","tax_estado-concursos-federais"],"acf":[],"yoast_head":"<!-- This site is optimized with the Yoast SEO Premium plugin v27.2 (Yoast SEO v27.2) - https:\/\/yoast.com\/product\/yoast-seo-premium-wordpress\/ -->\n<title>Receita Federal: Processo Administrativo Fiscal no Decreto 70.235<\/title>\n<meta name=\"description\" content=\"Veja aqui um resumo sobre o Decreto 70.235\/72, a qual disp\u00f5e sobre o Processo Administrativo Fiscal, para o concurso da Receita Federal.\" \/>\n<meta name=\"robots\" content=\"index, follow, max-snippet:-1, max-image-preview:large, max-video-preview:-1\" \/>\n<link rel=\"canonical\" href=\"https:\/\/www.estrategiaconcursos.com.br\/blog\/receita-processo-administrativo-fiscal\/\" \/>\n<meta property=\"og:locale\" content=\"pt_BR\" \/>\n<meta property=\"og:type\" content=\"article\" \/>\n<meta property=\"og:title\" content=\"Receita Federal: Processo Administrativo Fiscal no Decreto 70.235\" \/>\n<meta property=\"og:description\" content=\"Veja aqui um resumo sobre o Decreto 70.235\/72, a qual disp\u00f5e sobre o Processo Administrativo Fiscal, para o concurso da Receita Federal.\" \/>\n<meta property=\"og:url\" content=\"https:\/\/www.estrategiaconcursos.com.br\/blog\/receita-processo-administrativo-fiscal\/\" \/>\n<meta property=\"og:site_name\" content=\"Estrat\u00e9gia Concursos\" \/>\n<meta property=\"article:published_time\" content=\"2023-01-30T11:00:00+00:00\" \/>\n<meta property=\"og:image\" content=\"https:\/\/dhg1h5j42swfq.cloudfront.net\/2022\/02\/21170104\/concurso-receita-federal-1024x536-1.jpg\" \/>\n\t<meta property=\"og:image:width\" content=\"1024\" \/>\n\t<meta property=\"og:image:height\" content=\"536\" \/>\n\t<meta property=\"og:image:type\" content=\"image\/jpeg\" \/>\n<meta name=\"author\" content=\"Kassio Henrique Sobral Rocha\" \/>\n<meta name=\"twitter:card\" content=\"summary_large_image\" \/>\n<meta name=\"twitter:creator\" content=\"@EstratConcursos\" \/>\n<meta name=\"twitter:site\" content=\"@EstratConcursos\" \/>\n<meta name=\"twitter:label1\" content=\"Escrito por\" \/>\n\t<meta name=\"twitter:data1\" content=\"Kassio Henrique Sobral Rocha\" \/>\n\t<meta name=\"twitter:label2\" content=\"Est. tempo de leitura\" \/>\n\t<meta name=\"twitter:data2\" content=\"9 minutos\" \/>\n<script type=\"application\/ld+json\" class=\"yoast-schema-graph\">{\"@context\":\"https:\/\/schema.org\",\"@graph\":[{\"@type\":\"NewsArticle\",\"@id\":\"https:\/\/www.estrategiaconcursos.com.br\/blog\/receita-processo-administrativo-fiscal\/#article\",\"isPartOf\":{\"@id\":\"https:\/\/www.estrategiaconcursos.com.br\/blog\/receita-processo-administrativo-fiscal\/\"},\"author\":{\"name\":\"Kassio Henrique Sobral Rocha\",\"@id\":\"https:\/\/www.estrategiaconcursos.com.br\/blog\/#\/schema\/person\/f0c830e07cfe11c231c0ea5dbb036df5\"},\"headline\":\"Receita Federal: Processo Administrativo Fiscal no Decreto 70.235\",\"datePublished\":\"2023-01-30T11:00:00+00:00\",\"mainEntityOfPage\":{\"@id\":\"https:\/\/www.estrategiaconcursos.com.br\/blog\/receita-processo-administrativo-fiscal\/\"},\"wordCount\":1719,\"commentCount\":0,\"publisher\":{\"@id\":\"https:\/\/www.estrategiaconcursos.com.br\/blog\/#organization\"},\"image\":{\"@id\":\"https:\/\/www.estrategiaconcursos.com.br\/blog\/receita-processo-administrativo-fiscal\/#primaryimage\"},\"thumbnailUrl\":\"https:\/\/dhg1h5j42swfq.cloudfront.net\/2022\/02\/21170104\/concurso-receita-federal-1024x536-1.jpg\",\"articleSection\":[\"Concursos P\u00fablicos\",\"Fiscal - Federal (RFB e AFT)\"],\"inLanguage\":\"pt-BR\",\"potentialAction\":[{\"@type\":\"CommentAction\",\"name\":\"Comment\",\"target\":[\"https:\/\/www.estrategiaconcursos.com.br\/blog\/receita-processo-administrativo-fiscal\/#respond\"]}],\"copyrightYear\":\"2023\",\"copyrightHolder\":{\"@id\":\"https:\/\/www.estrategiaconcursos.com.br\/blog\/#organization\"}},{\"@type\":\"WebPage\",\"@id\":\"https:\/\/www.estrategiaconcursos.com.br\/blog\/receita-processo-administrativo-fiscal\/\",\"url\":\"https:\/\/www.estrategiaconcursos.com.br\/blog\/receita-processo-administrativo-fiscal\/\",\"name\":\"Receita Federal: Processo Administrativo Fiscal no Decreto 70.235\",\"isPartOf\":{\"@id\":\"https:\/\/www.estrategiaconcursos.com.br\/blog\/#website\"},\"primaryImageOfPage\":{\"@id\":\"https:\/\/www.estrategiaconcursos.com.br\/blog\/receita-processo-administrativo-fiscal\/#primaryimage\"},\"image\":{\"@id\":\"https:\/\/www.estrategiaconcursos.com.br\/blog\/receita-processo-administrativo-fiscal\/#primaryimage\"},\"thumbnailUrl\":\"https:\/\/dhg1h5j42swfq.cloudfront.net\/2022\/02\/21170104\/concurso-receita-federal-1024x536-1.jpg\",\"datePublished\":\"2023-01-30T11:00:00+00:00\",\"description\":\"Veja aqui um resumo sobre o Decreto 70.235\/72, a qual disp\u00f5e sobre o Processo Administrativo Fiscal, para o concurso da Receita Federal.\",\"breadcrumb\":{\"@id\":\"https:\/\/www.estrategiaconcursos.com.br\/blog\/receita-processo-administrativo-fiscal\/#breadcrumb\"},\"inLanguage\":\"pt-BR\",\"potentialAction\":[{\"@type\":\"ReadAction\",\"target\":[\"https:\/\/www.estrategiaconcursos.com.br\/blog\/receita-processo-administrativo-fiscal\/\"]}]},{\"@type\":\"ImageObject\",\"inLanguage\":\"pt-BR\",\"@id\":\"https:\/\/www.estrategiaconcursos.com.br\/blog\/receita-processo-administrativo-fiscal\/#primaryimage\",\"url\":\"https:\/\/dhg1h5j42swfq.cloudfront.net\/2022\/02\/21170104\/concurso-receita-federal-1024x536-1.jpg\",\"contentUrl\":\"https:\/\/dhg1h5j42swfq.cloudfront.net\/2022\/02\/21170104\/concurso-receita-federal-1024x536-1.jpg\",\"width\":1024,\"height\":536,\"caption\":\"concurso receita federal\"},{\"@type\":\"BreadcrumbList\",\"@id\":\"https:\/\/www.estrategiaconcursos.com.br\/blog\/receita-processo-administrativo-fiscal\/#breadcrumb\",\"itemListElement\":[{\"@type\":\"ListItem\",\"position\":1,\"name\":\"In\u00edcio\",\"item\":\"https:\/\/www.estrategiaconcursos.com.br\/blog\/\"},{\"@type\":\"ListItem\",\"position\":2,\"name\":\"Receita Federal: Processo Administrativo Fiscal no Decreto 70.235\"}]},{\"@type\":\"WebSite\",\"@id\":\"https:\/\/www.estrategiaconcursos.com.br\/blog\/#website\",\"url\":\"https:\/\/www.estrategiaconcursos.com.br\/blog\/\",\"name\":\"Estrat\u00e9gia Concursos\",\"description\":\"O blog da Estrat\u00e9gia Concursos traz not\u00edcias sobre concursos e artigos de professores oferecendo cursos para concursos (pdf + videaulas) no site.\",\"publisher\":{\"@id\":\"https:\/\/www.estrategiaconcursos.com.br\/blog\/#organization\"},\"potentialAction\":[{\"@type\":\"SearchAction\",\"target\":{\"@type\":\"EntryPoint\",\"urlTemplate\":\"https:\/\/www.estrategiaconcursos.com.br\/blog\/?s={search_term_string}\"},\"query-input\":{\"@type\":\"PropertyValueSpecification\",\"valueRequired\":true,\"valueName\":\"search_term_string\"}}],\"inLanguage\":\"pt-BR\"},{\"@type\":\"Organization\",\"@id\":\"https:\/\/www.estrategiaconcursos.com.br\/blog\/#organization\",\"name\":\"Estrat\u00e9gia Concursos\",\"url\":\"https:\/\/www.estrategiaconcursos.com.br\/blog\/\",\"logo\":{\"@type\":\"ImageObject\",\"inLanguage\":\"pt-BR\",\"@id\":\"https:\/\/www.estrategiaconcursos.com.br\/blog\/#\/schema\/logo\/image\/\",\"url\":\"https:\/\/dhg1h5j42swfq.cloudfront.net\/2025\/06\/03203428\/logo_concursos-1.jpg\",\"contentUrl\":\"https:\/\/dhg1h5j42swfq.cloudfront.net\/2025\/06\/03203428\/logo_concursos-1.jpg\",\"width\":230,\"height\":60,\"caption\":\"Estrat\u00e9gia Concursos\"},\"image\":{\"@id\":\"https:\/\/www.estrategiaconcursos.com.br\/blog\/#\/schema\/logo\/image\/\"},\"sameAs\":[\"https:\/\/x.com\/EstratConcursos\"]},{\"@type\":\"Person\",\"@id\":\"https:\/\/www.estrategiaconcursos.com.br\/blog\/#\/schema\/person\/f0c830e07cfe11c231c0ea5dbb036df5\",\"name\":\"Kassio Henrique Sobral Rocha\",\"image\":{\"@type\":\"ImageObject\",\"inLanguage\":\"pt-BR\",\"@id\":\"https:\/\/secure.gravatar.com\/avatar\/d10350cbdad043facd8ec77a377f86f9026afee3348e463b04854fd4490ce759?s=96&d=mm&r=g\",\"url\":\"https:\/\/secure.gravatar.com\/avatar\/d10350cbdad043facd8ec77a377f86f9026afee3348e463b04854fd4490ce759?s=96&d=mm&r=g\",\"contentUrl\":\"https:\/\/secure.gravatar.com\/avatar\/d10350cbdad043facd8ec77a377f86f9026afee3348e463b04854fd4490ce759?s=96&d=mm&r=g\",\"caption\":\"Kassio Henrique Sobral Rocha\"},\"url\":\"https:\/\/www.estrategiaconcursos.com.br\/blog\/author\/kassio-rochayahoo-com-br\/\"}]}<\/script>\n<!-- \/ Yoast SEO Premium plugin. -->","yoast_head_json":{"title":"Receita Federal: Processo Administrativo Fiscal no Decreto 70.235","description":"Veja aqui um resumo sobre o Decreto 70.235\/72, a qual disp\u00f5e sobre o Processo Administrativo Fiscal, para o concurso da Receita Federal.","robots":{"index":"index","follow":"follow","max-snippet":"max-snippet:-1","max-image-preview":"max-image-preview:large","max-video-preview":"max-video-preview:-1"},"canonical":"https:\/\/www.estrategiaconcursos.com.br\/blog\/receita-processo-administrativo-fiscal\/","og_locale":"pt_BR","og_type":"article","og_title":"Receita Federal: Processo Administrativo Fiscal no Decreto 70.235","og_description":"Veja aqui um resumo sobre o Decreto 70.235\/72, a qual disp\u00f5e sobre o Processo Administrativo Fiscal, para o concurso da Receita Federal.","og_url":"https:\/\/www.estrategiaconcursos.com.br\/blog\/receita-processo-administrativo-fiscal\/","og_site_name":"Estrat\u00e9gia Concursos","article_published_time":"2023-01-30T11:00:00+00:00","og_image":[{"width":1024,"height":536,"url":"https:\/\/dhg1h5j42swfq.cloudfront.net\/2022\/02\/21170104\/concurso-receita-federal-1024x536-1.jpg","type":"image\/jpeg"}],"author":"Kassio Henrique Sobral Rocha","twitter_card":"summary_large_image","twitter_creator":"@EstratConcursos","twitter_site":"@EstratConcursos","twitter_misc":{"Escrito por":"Kassio Henrique Sobral Rocha","Est. tempo de leitura":"9 minutos"},"schema":{"@context":"https:\/\/schema.org","@graph":[{"@type":"NewsArticle","@id":"https:\/\/www.estrategiaconcursos.com.br\/blog\/receita-processo-administrativo-fiscal\/#article","isPartOf":{"@id":"https:\/\/www.estrategiaconcursos.com.br\/blog\/receita-processo-administrativo-fiscal\/"},"author":{"name":"Kassio Henrique Sobral Rocha","@id":"https:\/\/www.estrategiaconcursos.com.br\/blog\/#\/schema\/person\/f0c830e07cfe11c231c0ea5dbb036df5"},"headline":"Receita Federal: Processo Administrativo Fiscal no Decreto 70.235","datePublished":"2023-01-30T11:00:00+00:00","mainEntityOfPage":{"@id":"https:\/\/www.estrategiaconcursos.com.br\/blog\/receita-processo-administrativo-fiscal\/"},"wordCount":1719,"commentCount":0,"publisher":{"@id":"https:\/\/www.estrategiaconcursos.com.br\/blog\/#organization"},"image":{"@id":"https:\/\/www.estrategiaconcursos.com.br\/blog\/receita-processo-administrativo-fiscal\/#primaryimage"},"thumbnailUrl":"https:\/\/dhg1h5j42swfq.cloudfront.net\/2022\/02\/21170104\/concurso-receita-federal-1024x536-1.jpg","articleSection":["Concursos P\u00fablicos","Fiscal - Federal (RFB e AFT)"],"inLanguage":"pt-BR","potentialAction":[{"@type":"CommentAction","name":"Comment","target":["https:\/\/www.estrategiaconcursos.com.br\/blog\/receita-processo-administrativo-fiscal\/#respond"]}],"copyrightYear":"2023","copyrightHolder":{"@id":"https:\/\/www.estrategiaconcursos.com.br\/blog\/#organization"}},{"@type":"WebPage","@id":"https:\/\/www.estrategiaconcursos.com.br\/blog\/receita-processo-administrativo-fiscal\/","url":"https:\/\/www.estrategiaconcursos.com.br\/blog\/receita-processo-administrativo-fiscal\/","name":"Receita Federal: Processo Administrativo Fiscal no Decreto 70.235","isPartOf":{"@id":"https:\/\/www.estrategiaconcursos.com.br\/blog\/#website"},"primaryImageOfPage":{"@id":"https:\/\/www.estrategiaconcursos.com.br\/blog\/receita-processo-administrativo-fiscal\/#primaryimage"},"image":{"@id":"https:\/\/www.estrategiaconcursos.com.br\/blog\/receita-processo-administrativo-fiscal\/#primaryimage"},"thumbnailUrl":"https:\/\/dhg1h5j42swfq.cloudfront.net\/2022\/02\/21170104\/concurso-receita-federal-1024x536-1.jpg","datePublished":"2023-01-30T11:00:00+00:00","description":"Veja aqui um resumo sobre o Decreto 70.235\/72, a qual disp\u00f5e sobre o Processo Administrativo Fiscal, para o concurso da Receita Federal.","breadcrumb":{"@id":"https:\/\/www.estrategiaconcursos.com.br\/blog\/receita-processo-administrativo-fiscal\/#breadcrumb"},"inLanguage":"pt-BR","potentialAction":[{"@type":"ReadAction","target":["https:\/\/www.estrategiaconcursos.com.br\/blog\/receita-processo-administrativo-fiscal\/"]}]},{"@type":"ImageObject","inLanguage":"pt-BR","@id":"https:\/\/www.estrategiaconcursos.com.br\/blog\/receita-processo-administrativo-fiscal\/#primaryimage","url":"https:\/\/dhg1h5j42swfq.cloudfront.net\/2022\/02\/21170104\/concurso-receita-federal-1024x536-1.jpg","contentUrl":"https:\/\/dhg1h5j42swfq.cloudfront.net\/2022\/02\/21170104\/concurso-receita-federal-1024x536-1.jpg","width":1024,"height":536,"caption":"concurso receita federal"},{"@type":"BreadcrumbList","@id":"https:\/\/www.estrategiaconcursos.com.br\/blog\/receita-processo-administrativo-fiscal\/#breadcrumb","itemListElement":[{"@type":"ListItem","position":1,"name":"In\u00edcio","item":"https:\/\/www.estrategiaconcursos.com.br\/blog\/"},{"@type":"ListItem","position":2,"name":"Receita Federal: Processo Administrativo Fiscal no Decreto 70.235"}]},{"@type":"WebSite","@id":"https:\/\/www.estrategiaconcursos.com.br\/blog\/#website","url":"https:\/\/www.estrategiaconcursos.com.br\/blog\/","name":"Estrat\u00e9gia Concursos","description":"O blog da Estrat\u00e9gia Concursos traz not\u00edcias sobre concursos e artigos de professores oferecendo cursos para concursos (pdf + videaulas) no site.","publisher":{"@id":"https:\/\/www.estrategiaconcursos.com.br\/blog\/#organization"},"potentialAction":[{"@type":"SearchAction","target":{"@type":"EntryPoint","urlTemplate":"https:\/\/www.estrategiaconcursos.com.br\/blog\/?s={search_term_string}"},"query-input":{"@type":"PropertyValueSpecification","valueRequired":true,"valueName":"search_term_string"}}],"inLanguage":"pt-BR"},{"@type":"Organization","@id":"https:\/\/www.estrategiaconcursos.com.br\/blog\/#organization","name":"Estrat\u00e9gia Concursos","url":"https:\/\/www.estrategiaconcursos.com.br\/blog\/","logo":{"@type":"ImageObject","inLanguage":"pt-BR","@id":"https:\/\/www.estrategiaconcursos.com.br\/blog\/#\/schema\/logo\/image\/","url":"https:\/\/dhg1h5j42swfq.cloudfront.net\/2025\/06\/03203428\/logo_concursos-1.jpg","contentUrl":"https:\/\/dhg1h5j42swfq.cloudfront.net\/2025\/06\/03203428\/logo_concursos-1.jpg","width":230,"height":60,"caption":"Estrat\u00e9gia Concursos"},"image":{"@id":"https:\/\/www.estrategiaconcursos.com.br\/blog\/#\/schema\/logo\/image\/"},"sameAs":["https:\/\/x.com\/EstratConcursos"]},{"@type":"Person","@id":"https:\/\/www.estrategiaconcursos.com.br\/blog\/#\/schema\/person\/f0c830e07cfe11c231c0ea5dbb036df5","name":"Kassio Henrique Sobral Rocha","image":{"@type":"ImageObject","inLanguage":"pt-BR","@id":"https:\/\/secure.gravatar.com\/avatar\/d10350cbdad043facd8ec77a377f86f9026afee3348e463b04854fd4490ce759?s=96&d=mm&r=g","url":"https:\/\/secure.gravatar.com\/avatar\/d10350cbdad043facd8ec77a377f86f9026afee3348e463b04854fd4490ce759?s=96&d=mm&r=g","contentUrl":"https:\/\/secure.gravatar.com\/avatar\/d10350cbdad043facd8ec77a377f86f9026afee3348e463b04854fd4490ce759?s=96&d=mm&r=g","caption":"Kassio Henrique Sobral Rocha"},"url":"https:\/\/www.estrategiaconcursos.com.br\/blog\/author\/kassio-rochayahoo-com-br\/"}]}},"_links":{"self":[{"href":"https:\/\/www.estrategiaconcursos.com.br\/blog\/wp-json\/wp\/v2\/posts\/1151128","targetHints":{"allow":["GET"]}}],"collection":[{"href":"https:\/\/www.estrategiaconcursos.com.br\/blog\/wp-json\/wp\/v2\/posts"}],"about":[{"href":"https:\/\/www.estrategiaconcursos.com.br\/blog\/wp-json\/wp\/v2\/types\/post"}],"author":[{"embeddable":true,"href":"https:\/\/www.estrategiaconcursos.com.br\/blog\/wp-json\/wp\/v2\/users\/1976"}],"replies":[{"embeddable":true,"href":"https:\/\/www.estrategiaconcursos.com.br\/blog\/wp-json\/wp\/v2\/comments?post=1151128"}],"version-history":[{"count":10,"href":"https:\/\/www.estrategiaconcursos.com.br\/blog\/wp-json\/wp\/v2\/posts\/1151128\/revisions"}],"predecessor-version":[{"id":1152755,"href":"https:\/\/www.estrategiaconcursos.com.br\/blog\/wp-json\/wp\/v2\/posts\/1151128\/revisions\/1152755"}],"wp:featuredmedia":[{"embeddable":true,"href":"https:\/\/www.estrategiaconcursos.com.br\/blog\/wp-json\/wp\/v2\/media\/974219"}],"wp:attachment":[{"href":"https:\/\/www.estrategiaconcursos.com.br\/blog\/wp-json\/wp\/v2\/media?parent=1151128"}],"wp:term":[{"taxonomy":"category","embeddable":true,"href":"https:\/\/www.estrategiaconcursos.com.br\/blog\/wp-json\/wp\/v2\/categories?post=1151128"},{"taxonomy":"post_tag","embeddable":true,"href":"https:\/\/www.estrategiaconcursos.com.br\/blog\/wp-json\/wp\/v2\/tags?post=1151128"},{"taxonomy":"tax_estado","embeddable":true,"href":"https:\/\/www.estrategiaconcursos.com.br\/blog\/wp-json\/wp\/v2\/tax_estado?post=1151128"}],"curies":[{"name":"wp","href":"https:\/\/api.w.org\/{rel}","templated":true}]}}