{"id":1151068,"date":"2023-01-11T17:31:25","date_gmt":"2023-01-11T20:31:25","guid":{"rendered":"https:\/\/www.estrategiaconcursos.com.br\/blog\/?p=1151068"},"modified":"2023-01-11T17:31:28","modified_gmt":"2023-01-11T20:31:28","slug":"concurso-guarda-de-belem-previsao-2023","status":"publish","type":"post","link":"https:\/\/www.estrategiaconcursos.com.br\/blog\/concurso-guarda-de-belem-previsao-2023\/","title":{"rendered":"Concurso Guarda de Bel\u00e9m: previs\u00e3o em 2023? Confira!"},"content":{"rendered":"\n<p>Em resposta ao time de jornalismo do Estrat\u00e9gia Concursos, a prefeitura informou que n\u00e3o h\u00e1 previs\u00e3o para realiza\u00e7\u00e3o de <strong>concurso da Guarda Municipal de Bel\u00e9m<\/strong>.<\/p>\n\n\n\n<figure class=\"wp-block-image aligncenter size-full\"><img loading=\"lazy\" decoding=\"async\" width=\"828\" height=\"148\" src=\"https:\/\/dhg1h5j42swfq.cloudfront.net\/2023\/01\/11163256\/image-20230111-180634.png\" alt=\"Concurso Guarda de Bel\u00e9m segue sem previs\u00e3o\" class=\"wp-image-1151042\" srcset=\"https:\/\/dhg1h5j42swfq.cloudfront.net\/2023\/01\/11163256\/image-20230111-180634.png 828w, https:\/\/dhg1h5j42swfq.cloudfront.net\/2023\/01\/11163256\/image-20230111-180634-300x54.png 300w, https:\/\/dhg1h5j42swfq.cloudfront.net\/2023\/01\/11163256\/image-20230111-180634-768x137.png 768w, https:\/\/dhg1h5j42swfq.cloudfront.net\/2023\/01\/11163256\/image-20230111-180634-610x109.png 610w, https:\/\/dhg1h5j42swfq.cloudfront.net\/2023\/01\/11163256\/image-20230111-180634-150x27.png 150w\" sizes=\"auto, (max-width: 828px) 100vw, 828px\" \/><figcaption>Concurso Guarda de Bel\u00e9m segue sem previs\u00e3o<\/figcaption><\/figure>\n\n\n\n<p>No entanto, vale lembrar que, em 2021, foi iniciado processo licitat\u00f3rio para contrata\u00e7\u00e3o de banca organizadora, mas foi suspenso em raz\u00e3o da pandemia.<\/p>\n\n\n\n<h3 class=\"wp-block-heading\">\u00daltimo concurso Guarda de Bel\u00e9m<\/h3>\n\n\n\n<p>Sob organiza\u00e7\u00e3o do <a href=\"https:\/\/www.cetapnet.com.br\/informacoes\/116\/\" target=\"_blank\" rel=\"noreferrer noopener\">CETAP<\/a>, o \u00faltimo concurso Guarda de Bel\u00e9m foi realizado em 2012 e ofertou 272 vagas, sendo 245 para candidatos do sexo masculino e 27 para sexo feminino.<\/p>\n\n\n\n<p><em>Para saber mais informa\u00e7\u00f5es sobre o concurso Guarda Bel\u00e9m, acesse o artigo completo e exclusivo no blog do Estrat\u00e9gia Concursos!<\/em><\/p>\n\n\n\n<h3 class=\"has-text-align-center has-cyan-bluish-gray-background-color has-background wp-block-heading\">Saiba mais: <a href=\"https:\/\/www.estrategiaconcursos.com.br\/blog\/concurso-guarda-municipal-de-belem\" target=\"_blank\" rel=\"noreferrer noopener\">Concurso Guarda de Bel\u00e9m<\/a><\/h3>\n\n\n\n<h2 class=\"has-text-align-center wp-block-heading\" id=\"h-quer-saber-tudo-sobre-concursos-previstos-confira-nossos-artigos\">Quer saber tudo sobre concursos previstos?<br \/>Confira nossos artigos!<\/h2>\n\n\n\n<ul class=\"wp-block-list\"><li><a href=\"https:\/\/www.estrategiaconcursos.com.br\/blog\/concursos-abertos\/\" target=\"_blank\" rel=\"noreferrer noopener\">Concursos abertos<\/a><\/li><li><a href=\"https:\/\/www.estrategiaconcursos.com.br\/blog\/concursos-2023\/\" target=\"_blank\" rel=\"noreferrer noopener\">Concursos 2023<\/a><\/li><\/ul>\n\n\n\n<h2 class=\"has-text-align-center wp-block-heading\" id=\"cursos-assinatura\">Quer estudar para Concurso Guarda Municipal de Bel\u00e9m?<\/h2>\n\n\n\n<div class=\"container\" id=\"boxes\">\n  <div class=\"row\"> \n\n    <div class=\"col-sm\">\n      <div class=\"banner-policial\" id=\"box-assinatura\">\n        <h3 class=\"titulo-assinatura\">Concurso Guarda de Bel\u00e9m<\/h3>\n        <p class=\"subtitulo-assinatura\">Conhe\u00e7a os cursos<\/p>\n        <div class=\"box-botao\">\n          <a class=\"btn-assinatura\" target=\"_blank\" href=\"https:\/\/www.estrategiaconcursos.com.br\/cursosPorConcurso\/curso-para-concursos-policiais\/\" role=\"button\" rel=\"noopener noreferrer\">Conhe\u00e7a mais<\/a>\n        <\/div>\n      <\/div>\n     \n\n  <\/div>\n<\/div><\/div>\n\n\n\n<div class=\"container\" id=\"boxes\">\n  <div class=\"row\">\n\n    <div class=\"col-sm\">\n      <div class=\"estrategia\" id=\"box-assinatura\">\n        <h3 class=\"titulo-assinatura\">Assinatura de Concursos<\/h3>\n        <p class=\"subtitulo-assinatura\">Assinatura de 1 ano ou 2 anos<\/p>\n        <div class=\"box-botao\">\n          <a class=\"btn-assinatura\" target=\"_blank\" href=\"https:\/\/www.estrategiaconcursos.com.br\/assinaturas\/\" role=\"button\" rel=\"noopener noreferrer\">ASSINE AGORA<\/a>\n        <\/div>\n      <\/div>\n     \n    <\/div><\/div><\/div>\n","protected":false},"excerpt":{"rendered":"<p>Em resposta ao time de jornalismo do Estrat\u00e9gia Concursos, a prefeitura informou que n\u00e3o h\u00e1 previs\u00e3o para realiza\u00e7\u00e3o de concurso da Guarda Municipal de Bel\u00e9m. No entanto, vale lembrar que, em 2021, foi iniciado processo licitat\u00f3rio para contrata\u00e7\u00e3o de banca organizadora, mas foi suspenso em raz\u00e3o da pandemia. \u00daltimo concurso Guarda de Bel\u00e9m Sob organiza\u00e7\u00e3o [&hellip;]<\/p>\n","protected":false},"author":2041,"featured_media":615655,"comment_status":"open","ping_status":"closed","sticky":false,"template":"","format":"standard","meta":{"post_tipo":"news","footnotes":""},"categories":[220189,220219],"tags":[],"tax_estado":[219977],"class_list":["post-1151068","post","type-post","status-publish","format-standard","has-post-thumbnail","hentry","category-policial-guarda-civis","category-noticias","tax_estado-pa"],"acf":[],"yoast_head":"<!-- This site is optimized with the Yoast SEO Premium plugin v27.2 (Yoast SEO v27.2) - https:\/\/yoast.com\/product\/yoast-seo-premium-wordpress\/ -->\n<title>Concurso Guarda de Bel\u00e9m: previs\u00e3o em 2023? Confira!<\/title>\n<meta name=\"description\" content=\"Em resposta ao jornalismo do Estrat\u00e9gia, a prefeitura informou que n\u00e3o h\u00e1 previs\u00e3o para realiza\u00e7\u00e3o de concurso da Guarda Municipal de Bel\u00e9m.\" \/>\n<meta name=\"robots\" content=\"index, follow, max-snippet:-1, max-image-preview:large, max-video-preview:-1\" \/>\n<link rel=\"canonical\" href=\"https:\/\/www.estrategiaconcursos.com.br\/blog\/concurso-guarda-de-belem-previsao-2023\/\" \/>\n<meta property=\"og:locale\" content=\"pt_BR\" \/>\n<meta property=\"og:type\" content=\"article\" \/>\n<meta property=\"og:title\" content=\"Concurso Guarda de Bel\u00e9m: previs\u00e3o em 2023? Confira!\" \/>\n<meta property=\"og:description\" content=\"Em resposta ao jornalismo do Estrat\u00e9gia, a prefeitura informou que n\u00e3o h\u00e1 previs\u00e3o para realiza\u00e7\u00e3o de concurso da Guarda Municipal de Bel\u00e9m.\" \/>\n<meta property=\"og:url\" content=\"https:\/\/www.estrategiaconcursos.com.br\/blog\/concurso-guarda-de-belem-previsao-2023\/\" \/>\n<meta property=\"og:site_name\" content=\"Estrat\u00e9gia Concursos\" \/>\n<meta property=\"article:published_time\" content=\"2023-01-11T20:31:25+00:00\" \/>\n<meta property=\"article:modified_time\" content=\"2023-01-11T20:31:28+00:00\" \/>\n<meta property=\"og:image\" content=\"https:\/\/dhg1h5j42swfq.cloudfront.net\/2020\/11\/24090600\/gcm-belem.jpg\" \/>\n\t<meta property=\"og:image:width\" content=\"276\" \/>\n\t<meta property=\"og:image:height\" content=\"183\" \/>\n\t<meta property=\"og:image:type\" content=\"image\/jpeg\" \/>\n<meta name=\"author\" content=\"Thiago Cavalcante Gomes\" \/>\n<meta name=\"twitter:card\" content=\"summary_large_image\" \/>\n<meta name=\"twitter:creator\" content=\"@EstratConcursos\" \/>\n<meta name=\"twitter:site\" content=\"@EstratConcursos\" \/>\n<meta name=\"twitter:label1\" content=\"Escrito por\" \/>\n\t<meta name=\"twitter:data1\" content=\"Thiago Cavalcante Gomes\" \/>\n\t<meta name=\"twitter:label2\" content=\"Est. tempo de leitura\" \/>\n\t<meta name=\"twitter:data2\" content=\"1 minuto\" \/>\n<script type=\"application\/ld+json\" class=\"yoast-schema-graph\">{\"@context\":\"https:\/\/schema.org\",\"@graph\":[{\"@type\":\"NewsArticle\",\"@id\":\"https:\/\/www.estrategiaconcursos.com.br\/blog\/concurso-guarda-de-belem-previsao-2023\/#article\",\"isPartOf\":{\"@id\":\"https:\/\/www.estrategiaconcursos.com.br\/blog\/concurso-guarda-de-belem-previsao-2023\/\"},\"author\":{\"name\":\"Thiago Cavalcante Gomes\",\"@id\":\"https:\/\/www.estrategiaconcursos.com.br\/blog\/#\/schema\/person\/4970184533d0a3ffa5b0299ae0a2b21f\"},\"headline\":\"Concurso Guarda de Bel\u00e9m: previs\u00e3o em 2023? Confira!\",\"datePublished\":\"2023-01-11T20:31:25+00:00\",\"dateModified\":\"2023-01-11T20:31:28+00:00\",\"mainEntityOfPage\":{\"@id\":\"https:\/\/www.estrategiaconcursos.com.br\/blog\/concurso-guarda-de-belem-previsao-2023\/\"},\"wordCount\":180,\"commentCount\":0,\"publisher\":{\"@id\":\"https:\/\/www.estrategiaconcursos.com.br\/blog\/#organization\"},\"image\":{\"@id\":\"https:\/\/www.estrategiaconcursos.com.br\/blog\/concurso-guarda-de-belem-previsao-2023\/#primaryimage\"},\"thumbnailUrl\":\"https:\/\/dhg1h5j42swfq.cloudfront.net\/2020\/11\/24090600\/gcm-belem.jpg\",\"articleSection\":[\"Policial (Guardas Civis)\",\"\u00daltimas not\u00edcias\"],\"inLanguage\":\"pt-BR\",\"potentialAction\":[{\"@type\":\"CommentAction\",\"name\":\"Comment\",\"target\":[\"https:\/\/www.estrategiaconcursos.com.br\/blog\/concurso-guarda-de-belem-previsao-2023\/#respond\"]}],\"copyrightYear\":\"2023\",\"copyrightHolder\":{\"@id\":\"https:\/\/www.estrategiaconcursos.com.br\/blog\/#organization\"}},{\"@type\":\"WebPage\",\"@id\":\"https:\/\/www.estrategiaconcursos.com.br\/blog\/concurso-guarda-de-belem-previsao-2023\/\",\"url\":\"https:\/\/www.estrategiaconcursos.com.br\/blog\/concurso-guarda-de-belem-previsao-2023\/\",\"name\":\"Concurso Guarda de Bel\u00e9m: previs\u00e3o em 2023? Confira!\",\"isPartOf\":{\"@id\":\"https:\/\/www.estrategiaconcursos.com.br\/blog\/#website\"},\"primaryImageOfPage\":{\"@id\":\"https:\/\/www.estrategiaconcursos.com.br\/blog\/concurso-guarda-de-belem-previsao-2023\/#primaryimage\"},\"image\":{\"@id\":\"https:\/\/www.estrategiaconcursos.com.br\/blog\/concurso-guarda-de-belem-previsao-2023\/#primaryimage\"},\"thumbnailUrl\":\"https:\/\/dhg1h5j42swfq.cloudfront.net\/2020\/11\/24090600\/gcm-belem.jpg\",\"datePublished\":\"2023-01-11T20:31:25+00:00\",\"dateModified\":\"2023-01-11T20:31:28+00:00\",\"description\":\"Em resposta ao jornalismo do Estrat\u00e9gia, a prefeitura informou que n\u00e3o h\u00e1 previs\u00e3o para realiza\u00e7\u00e3o de concurso da Guarda Municipal de Bel\u00e9m.\",\"breadcrumb\":{\"@id\":\"https:\/\/www.estrategiaconcursos.com.br\/blog\/concurso-guarda-de-belem-previsao-2023\/#breadcrumb\"},\"inLanguage\":\"pt-BR\",\"potentialAction\":[{\"@type\":\"ReadAction\",\"target\":[\"https:\/\/www.estrategiaconcursos.com.br\/blog\/concurso-guarda-de-belem-previsao-2023\/\"]}]},{\"@type\":\"ImageObject\",\"inLanguage\":\"pt-BR\",\"@id\":\"https:\/\/www.estrategiaconcursos.com.br\/blog\/concurso-guarda-de-belem-previsao-2023\/#primaryimage\",\"url\":\"https:\/\/dhg1h5j42swfq.cloudfront.net\/2020\/11\/24090600\/gcm-belem.jpg\",\"contentUrl\":\"https:\/\/dhg1h5j42swfq.cloudfront.net\/2020\/11\/24090600\/gcm-belem.jpg\",\"width\":276,\"height\":183,\"caption\":\"concurso guarda municipal bel\u00e9m\"},{\"@type\":\"BreadcrumbList\",\"@id\":\"https:\/\/www.estrategiaconcursos.com.br\/blog\/concurso-guarda-de-belem-previsao-2023\/#breadcrumb\",\"itemListElement\":[{\"@type\":\"ListItem\",\"position\":1,\"name\":\"In\u00edcio\",\"item\":\"https:\/\/www.estrategiaconcursos.com.br\/blog\/\"},{\"@type\":\"ListItem\",\"position\":2,\"name\":\"Concurso Guarda de Bel\u00e9m: previs\u00e3o em 2023? Confira!\"}]},{\"@type\":\"WebSite\",\"@id\":\"https:\/\/www.estrategiaconcursos.com.br\/blog\/#website\",\"url\":\"https:\/\/www.estrategiaconcursos.com.br\/blog\/\",\"name\":\"Estrat\u00e9gia Concursos\",\"description\":\"O blog da Estrat\u00e9gia Concursos traz not\u00edcias sobre concursos e artigos de professores oferecendo cursos para concursos (pdf + videaulas) no site.\",\"publisher\":{\"@id\":\"https:\/\/www.estrategiaconcursos.com.br\/blog\/#organization\"},\"potentialAction\":[{\"@type\":\"SearchAction\",\"target\":{\"@type\":\"EntryPoint\",\"urlTemplate\":\"https:\/\/www.estrategiaconcursos.com.br\/blog\/?s={search_term_string}\"},\"query-input\":{\"@type\":\"PropertyValueSpecification\",\"valueRequired\":true,\"valueName\":\"search_term_string\"}}],\"inLanguage\":\"pt-BR\"},{\"@type\":\"Organization\",\"@id\":\"https:\/\/www.estrategiaconcursos.com.br\/blog\/#organization\",\"name\":\"Estrat\u00e9gia Concursos\",\"url\":\"https:\/\/www.estrategiaconcursos.com.br\/blog\/\",\"logo\":{\"@type\":\"ImageObject\",\"inLanguage\":\"pt-BR\",\"@id\":\"https:\/\/www.estrategiaconcursos.com.br\/blog\/#\/schema\/logo\/image\/\",\"url\":\"https:\/\/dhg1h5j42swfq.cloudfront.net\/2025\/06\/03203428\/logo_concursos-1.jpg\",\"contentUrl\":\"https:\/\/dhg1h5j42swfq.cloudfront.net\/2025\/06\/03203428\/logo_concursos-1.jpg\",\"width\":230,\"height\":60,\"caption\":\"Estrat\u00e9gia Concursos\"},\"image\":{\"@id\":\"https:\/\/www.estrategiaconcursos.com.br\/blog\/#\/schema\/logo\/image\/\"},\"sameAs\":[\"https:\/\/x.com\/EstratConcursos\"]},{\"@type\":\"Person\",\"@id\":\"https:\/\/www.estrategiaconcursos.com.br\/blog\/#\/schema\/person\/4970184533d0a3ffa5b0299ae0a2b21f\",\"name\":\"Thiago Cavalcante Gomes\",\"image\":{\"@type\":\"ImageObject\",\"inLanguage\":\"pt-BR\",\"@id\":\"https:\/\/secure.gravatar.com\/avatar\/?s=96&d=mm&r=g\",\"url\":\"https:\/\/secure.gravatar.com\/avatar\/?s=96&d=mm&r=g\",\"contentUrl\":\"https:\/\/secure.gravatar.com\/avatar\/?s=96&d=mm&r=g\",\"caption\":\"Thiago Cavalcante Gomes\"},\"url\":\"https:\/\/www.estrategiaconcursos.com.br\/blog\/author\/thiago-gomes\/\"}]}<\/script>\n<!-- \/ Yoast SEO Premium plugin. -->","yoast_head_json":{"title":"Concurso Guarda de Bel\u00e9m: previs\u00e3o em 2023? Confira!","description":"Em resposta ao jornalismo do Estrat\u00e9gia, a prefeitura informou que n\u00e3o h\u00e1 previs\u00e3o para realiza\u00e7\u00e3o de concurso da Guarda Municipal de Bel\u00e9m.","robots":{"index":"index","follow":"follow","max-snippet":"max-snippet:-1","max-image-preview":"max-image-preview:large","max-video-preview":"max-video-preview:-1"},"canonical":"https:\/\/www.estrategiaconcursos.com.br\/blog\/concurso-guarda-de-belem-previsao-2023\/","og_locale":"pt_BR","og_type":"article","og_title":"Concurso Guarda de Bel\u00e9m: previs\u00e3o em 2023? Confira!","og_description":"Em resposta ao jornalismo do Estrat\u00e9gia, a prefeitura informou que n\u00e3o h\u00e1 previs\u00e3o para realiza\u00e7\u00e3o de concurso da Guarda Municipal de Bel\u00e9m.","og_url":"https:\/\/www.estrategiaconcursos.com.br\/blog\/concurso-guarda-de-belem-previsao-2023\/","og_site_name":"Estrat\u00e9gia Concursos","article_published_time":"2023-01-11T20:31:25+00:00","article_modified_time":"2023-01-11T20:31:28+00:00","og_image":[{"width":276,"height":183,"url":"https:\/\/dhg1h5j42swfq.cloudfront.net\/2020\/11\/24090600\/gcm-belem.jpg","type":"image\/jpeg"}],"author":"Thiago Cavalcante Gomes","twitter_card":"summary_large_image","twitter_creator":"@EstratConcursos","twitter_site":"@EstratConcursos","twitter_misc":{"Escrito por":"Thiago Cavalcante Gomes","Est. tempo de leitura":"1 minuto"},"schema":{"@context":"https:\/\/schema.org","@graph":[{"@type":"NewsArticle","@id":"https:\/\/www.estrategiaconcursos.com.br\/blog\/concurso-guarda-de-belem-previsao-2023\/#article","isPartOf":{"@id":"https:\/\/www.estrategiaconcursos.com.br\/blog\/concurso-guarda-de-belem-previsao-2023\/"},"author":{"name":"Thiago Cavalcante Gomes","@id":"https:\/\/www.estrategiaconcursos.com.br\/blog\/#\/schema\/person\/4970184533d0a3ffa5b0299ae0a2b21f"},"headline":"Concurso Guarda de Bel\u00e9m: previs\u00e3o em 2023? Confira!","datePublished":"2023-01-11T20:31:25+00:00","dateModified":"2023-01-11T20:31:28+00:00","mainEntityOfPage":{"@id":"https:\/\/www.estrategiaconcursos.com.br\/blog\/concurso-guarda-de-belem-previsao-2023\/"},"wordCount":180,"commentCount":0,"publisher":{"@id":"https:\/\/www.estrategiaconcursos.com.br\/blog\/#organization"},"image":{"@id":"https:\/\/www.estrategiaconcursos.com.br\/blog\/concurso-guarda-de-belem-previsao-2023\/#primaryimage"},"thumbnailUrl":"https:\/\/dhg1h5j42swfq.cloudfront.net\/2020\/11\/24090600\/gcm-belem.jpg","articleSection":["Policial (Guardas Civis)","\u00daltimas not\u00edcias"],"inLanguage":"pt-BR","potentialAction":[{"@type":"CommentAction","name":"Comment","target":["https:\/\/www.estrategiaconcursos.com.br\/blog\/concurso-guarda-de-belem-previsao-2023\/#respond"]}],"copyrightYear":"2023","copyrightHolder":{"@id":"https:\/\/www.estrategiaconcursos.com.br\/blog\/#organization"}},{"@type":"WebPage","@id":"https:\/\/www.estrategiaconcursos.com.br\/blog\/concurso-guarda-de-belem-previsao-2023\/","url":"https:\/\/www.estrategiaconcursos.com.br\/blog\/concurso-guarda-de-belem-previsao-2023\/","name":"Concurso Guarda de Bel\u00e9m: previs\u00e3o em 2023? Confira!","isPartOf":{"@id":"https:\/\/www.estrategiaconcursos.com.br\/blog\/#website"},"primaryImageOfPage":{"@id":"https:\/\/www.estrategiaconcursos.com.br\/blog\/concurso-guarda-de-belem-previsao-2023\/#primaryimage"},"image":{"@id":"https:\/\/www.estrategiaconcursos.com.br\/blog\/concurso-guarda-de-belem-previsao-2023\/#primaryimage"},"thumbnailUrl":"https:\/\/dhg1h5j42swfq.cloudfront.net\/2020\/11\/24090600\/gcm-belem.jpg","datePublished":"2023-01-11T20:31:25+00:00","dateModified":"2023-01-11T20:31:28+00:00","description":"Em resposta ao jornalismo do Estrat\u00e9gia, a prefeitura informou que n\u00e3o h\u00e1 previs\u00e3o para realiza\u00e7\u00e3o de concurso da Guarda Municipal de Bel\u00e9m.","breadcrumb":{"@id":"https:\/\/www.estrategiaconcursos.com.br\/blog\/concurso-guarda-de-belem-previsao-2023\/#breadcrumb"},"inLanguage":"pt-BR","potentialAction":[{"@type":"ReadAction","target":["https:\/\/www.estrategiaconcursos.com.br\/blog\/concurso-guarda-de-belem-previsao-2023\/"]}]},{"@type":"ImageObject","inLanguage":"pt-BR","@id":"https:\/\/www.estrategiaconcursos.com.br\/blog\/concurso-guarda-de-belem-previsao-2023\/#primaryimage","url":"https:\/\/dhg1h5j42swfq.cloudfront.net\/2020\/11\/24090600\/gcm-belem.jpg","contentUrl":"https:\/\/dhg1h5j42swfq.cloudfront.net\/2020\/11\/24090600\/gcm-belem.jpg","width":276,"height":183,"caption":"concurso guarda municipal bel\u00e9m"},{"@type":"BreadcrumbList","@id":"https:\/\/www.estrategiaconcursos.com.br\/blog\/concurso-guarda-de-belem-previsao-2023\/#breadcrumb","itemListElement":[{"@type":"ListItem","position":1,"name":"In\u00edcio","item":"https:\/\/www.estrategiaconcursos.com.br\/blog\/"},{"@type":"ListItem","position":2,"name":"Concurso Guarda de Bel\u00e9m: previs\u00e3o em 2023? Confira!"}]},{"@type":"WebSite","@id":"https:\/\/www.estrategiaconcursos.com.br\/blog\/#website","url":"https:\/\/www.estrategiaconcursos.com.br\/blog\/","name":"Estrat\u00e9gia Concursos","description":"O blog da Estrat\u00e9gia Concursos traz not\u00edcias sobre concursos e artigos de professores oferecendo cursos para concursos (pdf + videaulas) no site.","publisher":{"@id":"https:\/\/www.estrategiaconcursos.com.br\/blog\/#organization"},"potentialAction":[{"@type":"SearchAction","target":{"@type":"EntryPoint","urlTemplate":"https:\/\/www.estrategiaconcursos.com.br\/blog\/?s={search_term_string}"},"query-input":{"@type":"PropertyValueSpecification","valueRequired":true,"valueName":"search_term_string"}}],"inLanguage":"pt-BR"},{"@type":"Organization","@id":"https:\/\/www.estrategiaconcursos.com.br\/blog\/#organization","name":"Estrat\u00e9gia Concursos","url":"https:\/\/www.estrategiaconcursos.com.br\/blog\/","logo":{"@type":"ImageObject","inLanguage":"pt-BR","@id":"https:\/\/www.estrategiaconcursos.com.br\/blog\/#\/schema\/logo\/image\/","url":"https:\/\/dhg1h5j42swfq.cloudfront.net\/2025\/06\/03203428\/logo_concursos-1.jpg","contentUrl":"https:\/\/dhg1h5j42swfq.cloudfront.net\/2025\/06\/03203428\/logo_concursos-1.jpg","width":230,"height":60,"caption":"Estrat\u00e9gia Concursos"},"image":{"@id":"https:\/\/www.estrategiaconcursos.com.br\/blog\/#\/schema\/logo\/image\/"},"sameAs":["https:\/\/x.com\/EstratConcursos"]},{"@type":"Person","@id":"https:\/\/www.estrategiaconcursos.com.br\/blog\/#\/schema\/person\/4970184533d0a3ffa5b0299ae0a2b21f","name":"Thiago Cavalcante Gomes","image":{"@type":"ImageObject","inLanguage":"pt-BR","@id":"https:\/\/secure.gravatar.com\/avatar\/?s=96&d=mm&r=g","url":"https:\/\/secure.gravatar.com\/avatar\/?s=96&d=mm&r=g","contentUrl":"https:\/\/secure.gravatar.com\/avatar\/?s=96&d=mm&r=g","caption":"Thiago Cavalcante Gomes"},"url":"https:\/\/www.estrategiaconcursos.com.br\/blog\/author\/thiago-gomes\/"}]}},"_links":{"self":[{"href":"https:\/\/www.estrategiaconcursos.com.br\/blog\/wp-json\/wp\/v2\/posts\/1151068","targetHints":{"allow":["GET"]}}],"collection":[{"href":"https:\/\/www.estrategiaconcursos.com.br\/blog\/wp-json\/wp\/v2\/posts"}],"about":[{"href":"https:\/\/www.estrategiaconcursos.com.br\/blog\/wp-json\/wp\/v2\/types\/post"}],"author":[{"embeddable":true,"href":"https:\/\/www.estrategiaconcursos.com.br\/blog\/wp-json\/wp\/v2\/users\/2041"}],"replies":[{"embeddable":true,"href":"https:\/\/www.estrategiaconcursos.com.br\/blog\/wp-json\/wp\/v2\/comments?post=1151068"}],"version-history":[{"count":2,"href":"https:\/\/www.estrategiaconcursos.com.br\/blog\/wp-json\/wp\/v2\/posts\/1151068\/revisions"}],"predecessor-version":[{"id":1151111,"href":"https:\/\/www.estrategiaconcursos.com.br\/blog\/wp-json\/wp\/v2\/posts\/1151068\/revisions\/1151111"}],"wp:featuredmedia":[{"embeddable":true,"href":"https:\/\/www.estrategiaconcursos.com.br\/blog\/wp-json\/wp\/v2\/media\/615655"}],"wp:attachment":[{"href":"https:\/\/www.estrategiaconcursos.com.br\/blog\/wp-json\/wp\/v2\/media?parent=1151068"}],"wp:term":[{"taxonomy":"category","embeddable":true,"href":"https:\/\/www.estrategiaconcursos.com.br\/blog\/wp-json\/wp\/v2\/categories?post=1151068"},{"taxonomy":"post_tag","embeddable":true,"href":"https:\/\/www.estrategiaconcursos.com.br\/blog\/wp-json\/wp\/v2\/tags?post=1151068"},{"taxonomy":"tax_estado","embeddable":true,"href":"https:\/\/www.estrategiaconcursos.com.br\/blog\/wp-json\/wp\/v2\/tax_estado?post=1151068"}],"curies":[{"name":"wp","href":"https:\/\/api.w.org\/{rel}","templated":true}]}}