{"id":1150348,"date":"2023-01-11T16:03:00","date_gmt":"2023-01-11T19:03:00","guid":{"rendered":"https:\/\/www.estrategiaconcursos.com.br\/blog\/?p=1150348"},"modified":"2023-03-07T16:31:10","modified_gmt":"2023-03-07T19:31:10","slug":"concurso-sefaz-mg-recursos","status":"publish","type":"post","link":"https:\/\/www.estrategiaconcursos.com.br\/blog\/concurso-sefaz-mg-recursos\/","title":{"rendered":"Concurso Sefaz MG: confira as possibilidades de recursos"},"content":{"rendered":"\n<p class=\"has-medium-font-size\" style=\"font-style:italic;font-weight:700\">Quer interpor recursos contra o gabarito do concurso Sefaz MG? Confira as possibilidades neste artigo!<\/p>\n\n\n\n<p>O <strong>concurso<\/strong> <strong>Sefaz MG <\/strong>teve suas provas aplicadas no \u00faltimo domingo, 8 de janeiro. Recentemente, foram divulgados os <a href=\"https:\/\/www.estrategiaconcursos.com.br\/blog\/concurso-sefaz-mg-gabaritos-retificados\/\" target=\"_blank\" rel=\"noreferrer noopener\">gabaritos preliminares<\/a>.&nbsp;<\/p>\n\n\n\n<p><strong>Pretende interpor recurso para a Sefaz MG?<\/strong> Todo o processo deve ser realizado no <span style=\"text-decoration: underline;\">prazo de 10 a 12 de <\/span>janeiro, atrav\u00e9s do <a href=\"https:\/\/recursos-fgvprojetos.fgv.br\/inscricao\/sefazmg2023_recurso\/\" target=\"_blank\" rel=\"noreferrer noopener\">site da FGV<\/a>.<\/p>\n\n\n\n<p>E para te ajudar, nossos professores analisaram os gabaritos provis\u00f3rios e identificaram algumas possibilidades de recursos. Confira abaixo e n\u00e3o perca o prazo:<\/p>\n\n\n\n<p id=\"auditoria-fiscalizacao\"><strong>Prova de Auditoria e Fiscaliza\u00e7\u00e3o<\/strong><\/p>\n\n\n\n<ul class=\"wp-block-list\">\n<li><a href=\"#web\">Assista ao webin\u00e1rio<\/a><\/li>\n\n\n\n<li><a href=\"#portugues\">Recursos de Portugu\u00eas<\/a><\/li>\n\n\n\n<li><a href=\"#estatistica\">Recursos de Estat\u00edstica<\/a><\/li>\n\n\n\n<li><a href=\"#aud-contabil\">Recursos de Auditoria Cont\u00e1bil<\/a><\/li>\n\n\n\n<li><a href=\"#dir-civil\">Recursos de Direito Civil<\/a><\/li>\n\n\n\n<li><a href=\"#dir-empresarial\">Recursos de Direito Empresarial<\/a><\/li>\n\n\n\n<li><a href=\"#contabilidade\">Recursos de Contabilidade<\/a><\/li>\n<\/ul>\n\n\n\n<p id=\"prova-tributacao\"><strong>Prova de Tributa\u00e7\u00e3o<\/strong><\/p>\n\n\n\n<ul class=\"wp-block-list\">\n<li><a href=\"#tributacao-dir-civil\">Recursos de Direito Civil<\/a><\/li>\n<\/ul>\n\n\n\n<h2 class=\"has-cyan-bluish-gray-background-color has-background wp-block-heading\" id=\"auditoria-fiscalizacao\">Prova de Auditoria e Fiscaliza\u00e7\u00e3o<\/h2>\n\n\n\n<h3 class=\"has-background wp-block-heading\" id=\"web\" style=\"background-color:#eeeeee\">Assista ao webin\u00e1rio: <a href=\"https:\/\/youtu.be\/oTWXmdfI6H0\" target=\"_blank\" rel=\"noreferrer noopener\">Concurso SEFAZ MG &#8211; Possibilidades de Recursos<\/a><\/h3>\n\n\n\n<h3 class=\"has-background wp-block-heading\" id=\"portugues\" style=\"background-color:#eeeeee\">Concurso Sefaz MG: recursos de Portugu\u00eas<\/h3>\n\n\n\n<p><strong>PROVA DE L\u00cdNGUA PORTUGUESA<\/strong> &#8211; <strong>ADRIANA FIGUEIREDO<\/strong><\/p>\n\n\n\n<p><strong>QUEST\u00c3O 1<\/strong>: As frases a seguir mostram ora\u00e7\u00f5es reduzidas, que foram (I) nominalizadas ou (II) modificadas para ora\u00e7\u00f5es desenvolvidas. Assinale a op\u00e7\u00e3o em que isso n\u00e3o foi feito de forma adequada.<\/p>\n\n\n\n<ul class=\"wp-block-list\">\n<li>(A) N\u00e3o se pode descobrir novas terras sem aceitar perder de vista a costa por um longo tempo. \/ (I) sem a aceita\u00e7\u00e3o; (II) sem que se aceite.<\/li>\n\n\n\n<li>(B) N\u00e3o se pode descobrir novas terras sem aceitar perder de vista a costa por um longo tempo. \/ (I) sem a perca; (II) sem que se perca.<\/li>\n\n\n\n<li>(C) A viagem da descoberta consiste n\u00e3o em achar novas paisagens, mas em ver com novos olhos. \/ (I) no achado de; (II) em que se ache.<\/li>\n\n\n\n<li>(D) A viagem da descoberta consiste n\u00e3o em achar novas paisagens, mas em ver com novos olhos. \/ (I) na vis\u00e3o; (II) em que se veja.<\/li>\n\n\n\n<li>(E) Errar \u00e9 humano, mas \u00e9 preciso um computador para realmente pisar no tomate. \/ (I) uma pisada real; (II) que realmente se pise.<\/li>\n<\/ul>\n\n\n\n<p><strong>GABARITO DA BANCA:<\/strong> LETRA C<\/p>\n\n\n\n<p><strong>PRETENS\u00c3O:<\/strong> ANULA\u00c7\u00c3O DA QUEST\u00c3O<\/p>\n\n\n\n<p><strong>JUSTIFICATIVA:<\/strong><\/p>\n\n\n\n<p>Embora a LETRA C apresente um erro de concord\u00e2ncia em rela\u00e7\u00e3o ao sujeito da ora\u00e7\u00e3o passiva \u201ca viagem da descoberta consiste n\u00e3o em que se <strong>achem novas paisagens <em>[&#8230;]<\/em><\/strong>\u201d, a LETRA B tamb\u00e9m apresenta um erro, que \u00e9 ainda mais gritante: o uso da palavra \u201c<strong>perca<\/strong>\u201d para designar um substantivo. <\/p>\n\n\n\n<p>A forma substantivada do verbo \u201cperder\u201d \u00e9 \u201c<strong>perda<\/strong>\u201d, de modo que a nominaliza\u00e7\u00e3o da frase deveria ser \u201cn\u00e3o se pode descobrir novas terras sem <strong>a perda<\/strong> de vista a costa por um longo tempo\u201d. <\/p>\n\n\n\n<p>J\u00e1 a forma \u201cperca\u201d, conforme Ferreira (2010) e a Academia Brasileira de Letras (2010), corresponde \u00e0 flex\u00e3o do verbo \u201cperder\u201d seja na 1\u00aa pessoa do singular do presente do subjuntivo (que eu perca), na 3\u00aa pessoa do singular do presente do subjuntivo (que ele perca), na 3\u00aa pessoa do singular do imperativo afirmativo (perca voc\u00ea), ou na 3\u00aa pessoa do singular do imperativo negativo (n\u00e3o perca voc\u00ea).<\/p>\n\n\n\n<p>Devido ao exposto acima, pedimos <strong>a anula\u00e7\u00e3o da quest\u00e3o por haver duas alternativas corretas<\/strong>.<\/p>\n\n\n\n<p>Refer\u00eancias<\/p>\n\n\n\n<p>FERREIRA, Aur\u00e9lio Buarque de Holanda. <em>Dicion\u00e1rio Aur\u00e9lio<\/em>. Editora Positivo, 2010.<br \/>ACADEMIA BRASILEIRA DE LETRAS. <em>Vocabul\u00e1rio ortogr\u00e1fico da l\u00edngua portuguesa<\/em> \u2013 VOLP. Global Editora, 2010.<\/p>\n\n\n\n<p><strong>QUEST\u00c3O 6<\/strong>: A frase \u201cDada a causa, a natureza produz o efeito no modo mais breve em que pode ser produzido\u201d mostra uma rela\u00e7\u00e3o de causa e efeito. Assinale a op\u00e7\u00e3o que apresenta a mesma rela\u00e7\u00e3o entre seus componentes.<\/p>\n\n\n\n<ul class=\"wp-block-list\">\n<li>(A) O mundo \u00e9 como um campon\u00eas embriagado; basta ajud\u00e1-lo a montar sobre a sela de um lado para ele cair do outro logo em seguida.<\/li>\n\n\n\n<li>(B) \u00c9 praticamente imposs\u00edvel olhar para um pinguim e sentir raiva.<\/li>\n\n\n\n<li>(C) Sempre que algu\u00e9m quer esgotar um assunto, esgota a paci\u00eancia do leitor.<\/li>\n\n\n\n<li>(D) Cuidado ao ler livros sobre sa\u00fade, pois voc\u00ea pode morrer de um erro de impress\u00e3o.<\/li>\n\n\n\n<li>(E) Quando as mulheres erram, os homens v\u00e3o atr\u00e1s.<\/li>\n<\/ul>\n\n\n\n<p><strong>GABARITO DA BANCA:<\/strong> LETRA B<\/p>\n\n\n\n<p><strong>PRETENS\u00c3O:<\/strong> ALTERA\u00c7\u00c3O PARA LETRA A<\/p>\n\n\n\n<p><strong>JUSTIFICATIVA:<\/strong><\/p>\n\n\n\n<p>Embora haja uma rela\u00e7\u00e3o de causa e efeito entre as proposi\u00e7\u00f5es \u201colhar para um pinguim\u201d (causa) e \u201csentir raiva\u201d (efeito), a presen\u00e7a da ora\u00e7\u00e3o inicial \u201c\u00e9 praticamente imposs\u00edvel\u201d mostra que essa rela\u00e7\u00e3o \u00e9 inexistente. Em Sem\u00e2ntica Formal, dizer que uma proposi\u00e7\u00e3o \u00e9 imposs\u00edvel equivale dizer que ela \u00e9 falsa. Vejamos o seguinte exemplo:<\/p>\n\n\n\n<p>(1) \u00c9 (praticamente) imposs\u00edvel [que chova amanh\u00e3].<\/p>\n\n\n\n<p>A senten\u00e7a em (1) significa o seguinte: em todas as possibilidades de tempo poss\u00edveis para amanh\u00e3 \u00e9 falso que ir\u00e1 chover. <\/p>\n\n\n\n<p>Logo, em rela\u00e7\u00e3o \u00e0 senten\u00e7a presente na LETRA B da quest\u00e3o 6, temos o seguinte significado: \u00e9 falso que se olha para um pinguim e se sente raiva. Portanto, se toda a proposi\u00e7\u00e3o \u00e9 falsa, a rela\u00e7\u00e3o de causa e efeito tamb\u00e9m \u00e9.<\/p>\n\n\n\n<p>Por outro lado, vejamos a senten\u00e7a expressa na LETRA A: \u201c[&#8230;] basta ajud\u00e1-lo a montar sobre a sela de um lado para ele cair do outro logo em seguida\u201d. Essa senten\u00e7a pode ser interpretada, em termos l\u00f3gicos, da seguinte forma: <strong>se<\/strong> o ajuda a montar sobre a sela, <strong>ent\u00e3o<\/strong> cai do outro lado. <\/p>\n\n\n\n<p>A presen\u00e7a do operador l\u00f3gico \u201cse &#8230; ent\u00e3o\u201d na interpreta\u00e7\u00e3o da senten\u00e7a evidencia a rela\u00e7\u00e3o de causa e efeito que ela apresenta. Portanto, baseado na explica\u00e7\u00e3o apresentada, pedimos a <strong>altera\u00e7\u00e3o do gabarito para a LETRA A<\/strong>.<\/p>\n\n\n\n<p>Refer\u00eancia<\/p>\n\n\n\n<p>FERREIRA, Marcelo. <em>Curso de Sem\u00e2ntica Formal<\/em>. Berlin: Language Science Press, 2019.<\/p>\n\n\n\n<ul class=\"wp-block-list\">\n<li><a href=\"https:\/\/www.youtube.com\/watch?v=9o9DKRRuviw\" target=\"_blank\" rel=\"noreferrer noopener\">Confira o v\u00eddeo explicativo de recursos<\/a><\/li>\n<\/ul>\n\n\n\n<h3 class=\"has-background wp-block-heading\" id=\"estatistica\" style=\"background-color:#eeeeee\">Concurso Sefaz MG: recursos de Estat\u00edstica<\/h3>\n\n\n\n<p><strong>PROVA DE ESTAT\u00cdSTICA<\/strong> &#8211; <strong>CARLOS HENRIQUE<\/strong><\/p>\n\n\n\n<p><strong>23) A banca considerou a op\u00e7\u00e3o (C) como gabarito oficial.&nbsp;<\/strong><\/p>\n\n\n\n<p>Entretanto, sabemos que&nbsp; a m\u00e9dia do teste de hip\u00f3teses \u00e9 igual a 100 e, como a vari\u00e2ncia populacional \u00e9 igual a 100, deduzimos que o desvio padr\u00e3o \u00e9 igual a 10.&nbsp; Como o n\u00edvel de signific\u00e2ncia \u00e9 igual a 1% e calculando a m\u00e9dia m\u00ednima para rejeitarmos a hip\u00f3tese nula, teremos que<\/p>\n\n\n\n<figure class=\"wp-block-image size-full\"><img loading=\"lazy\" decoding=\"async\" width=\"311\" height=\"80\" src=\"https:\/\/dhg1h5j42swfq.cloudfront.net\/2023\/01\/10172247\/image-85.png\" alt=\"\" class=\"wp-image-1150522\" srcset=\"https:\/\/dhg1h5j42swfq.cloudfront.net\/2023\/01\/10172247\/image-85.png 311w, https:\/\/dhg1h5j42swfq.cloudfront.net\/2023\/01\/10172247\/image-85-300x77.png 300w, https:\/\/dhg1h5j42swfq.cloudfront.net\/2023\/01\/10172247\/image-85-150x39.png 150w\" sizes=\"auto, (max-width: 311px) 100vw, 311px\" \/><\/figure>\n\n\n\n<p>A m\u00e9dia da amostra \u00e9 dada por m\u00e9dia = 10.200\/100 = 102.<\/p>\n\n\n\n<p>Assim, a regra da decis\u00e3o atual e a respectiva decis\u00e3o s\u00e3o, respectivamente,<\/p>\n\n\n\n<figure class=\"wp-block-image size-full\"><img loading=\"lazy\" decoding=\"async\" width=\"344\" height=\"32\" src=\"https:\/\/dhg1h5j42swfq.cloudfront.net\/2023\/01\/10172312\/image-86.png\" alt=\"\" class=\"wp-image-1150523\" srcset=\"https:\/\/dhg1h5j42swfq.cloudfront.net\/2023\/01\/10172312\/image-86.png 344w, https:\/\/dhg1h5j42swfq.cloudfront.net\/2023\/01\/10172312\/image-86-300x28.png 300w, https:\/\/dhg1h5j42swfq.cloudfront.net\/2023\/01\/10172312\/image-86-150x14.png 150w\" sizes=\"auto, (max-width: 344px) 100vw, 344px\" \/><\/figure>\n\n\n\n<p>Esse resultado n\u00e3o consta nas op\u00e7\u00f5es. <\/p>\n\n\n\n<p>Diante do exposto, pede-se a anula\u00e7\u00e3o da quest\u00e3o.<\/p>\n\n\n\n<p><strong>28) A banca considerou a op\u00e7\u00e3o (A) como gabarito oficial.&nbsp;<\/strong><\/p>\n\n\n\n<p>Entretanto, no exemplo citado no enunciado, a banca declara a respeito da tabela de dupla entrada:<\/p>\n\n\n\n<figure class=\"wp-block-image size-full\"><img loading=\"lazy\" decoding=\"async\" width=\"384\" height=\"41\" src=\"https:\/\/dhg1h5j42swfq.cloudfront.net\/2023\/01\/10172343\/image-87.png\" alt=\"\" class=\"wp-image-1150524\" srcset=\"https:\/\/dhg1h5j42swfq.cloudfront.net\/2023\/01\/10172343\/image-87.png 384w, https:\/\/dhg1h5j42swfq.cloudfront.net\/2023\/01\/10172343\/image-87-300x32.png 300w, https:\/\/dhg1h5j42swfq.cloudfront.net\/2023\/01\/10172343\/image-87-150x16.png 150w\" sizes=\"auto, (max-width: 384px) 100vw, 384px\" \/><\/figure>\n\n\n\n<p>N\u00e3o consta o valor X = 5 na tabela de dupla entrada, o que certamente confundiu a interpreta\u00e7\u00e3o da quest\u00e3o.<\/p>\n\n\n\n<p>Diante do exposto, pede-se a anula\u00e7\u00e3o da quest\u00e3o.<\/p>\n\n\n\n<ul class=\"wp-block-list\">\n<li><a href=\"https:\/\/www.youtube.com\/watch?v=TujREIJQAok\" target=\"_blank\" rel=\"noreferrer noopener\">Confira o v\u00eddeo explicativo de recursos<\/a><\/li>\n<\/ul>\n\n\n\n<h3 class=\"has-background wp-block-heading\" id=\"aud-contabil\" style=\"background-color:#eeeeee\">Concurso Sefaz MG: recursos de Auditoria Cont\u00e1bil<\/h3>\n\n\n\n<p><strong>Prof. Guilherme Sant\u2019Anna (@profguilhermesantanna | t.me\/profguilhermesantanna)<\/strong><\/p>\n\n\n\n<p><strong>Quest\u00e3o 09 \u2013Auditoria Cont\u00e1bil (prova Tipo 3 \u2013 Amarela)<\/strong><\/p>\n\n\n\n<p>9 Considerando a auditoria do patrim\u00f4nio l\u00edquido, analise as afirmativas a seguir.<\/p>\n\n\n\n<ul class=\"wp-block-list\">\n<li><em>I. Verificar a composi\u00e7\u00e3o da conta Capital entre os diversos acionistas existentes.<\/em><\/li>\n\n\n\n<li><em>II. Determinar a quantidade de a\u00e7\u00f5es ou t\u00edtulos de propriedade do capital e se estes foram adequadamente autorizados ou emitidos.<\/em><\/li>\n\n\n\n<li><em>III. Determinar se todas as normas descritas nos estatutos sociais, as obriga\u00e7\u00f5es sociais e legais foram cumpridas.<\/em><\/li>\n<\/ul>\n\n\n\n<p><em>Em rela\u00e7\u00e3o aos objetivos da auditoria das contas do patrim\u00f4nio l\u00edquido de uma entidade, est\u00e1 correto o que se afirma em<\/em><\/p>\n\n\n\n<ul class=\"wp-block-list\">\n<li><em>(A) I, apenas.<\/em><\/li>\n\n\n\n<li><em>(B) I e II, apenas.<\/em><\/li>\n\n\n\n<li><em>(C) I e III, apenas.<\/em><\/li>\n\n\n\n<li><em>(D) II e III, apenas.<\/em><\/li>\n\n\n\n<li><em>(E) I, II e III.<\/em><\/li>\n<\/ul>\n\n\n\n<p><strong>Gabarito preliminar: E (I, II e III)<\/strong><\/p>\n\n\n\n<p><strong>Modelo de Recurso<\/strong><\/p>\n\n\n\n<p>Estamos diante de uma quest\u00e3o que se baseia, claramente, na Doutrina.<\/p>\n\n\n\n<p>N\u00e3o resta nenhuma d\u00favida de que os itens II e III est\u00e3o de fato, corretos, ou seja, s\u00e3o objetivos da auditoria das contas do patrim\u00f4nio l\u00edquido de uma entidade.<\/p>\n\n\n\n<p>\u00c9 o que podemos concluir, de forma inconteste, do trecho abaixo destacado (Auditoria cont\u00e1bil: teoria e pr\u00e1tica \/ Silvio AparecidoCrepaldi; Guilherme Sim\u00f5es Crepaldi \u2013 10. Ed. \u2013 S\u00e3o Paulo: Atlas, 2016. Vers\u00e3o digital. Localiza\u00e7\u00e3o 18911 de 21944. Grifos nossos):<\/p>\n\n\n\n<p>Os objetivos da auditoria das Contas de Patrim\u00f4nio L\u00edquidi consistem nas seguintes finalidades:<\/p>\n\n\n\n<ul class=\"wp-block-list\">\n<li><strong>determinar a quantidade de a\u00e7\u00f5es ou t\u00edtulos de propriedade do capital, bem como se tais foram adequadamente autorizados ou emitidos<\/strong>;<\/li>\n\n\n\n<li><strong>determinar se todas as normas descritas nos estatutos sociais, as obriga\u00e7\u00f5es sociais e legais foram cumpridas, tal como for entendido pelo auditor<\/strong>;<\/li>\n\n\n\n<li>determinar se foram utilizados os princ\u00edpios de contabilidade em bases uniformes;<\/li>\n\n\n\n<li>determinar a exist\u00eancia de restri\u00e7\u00f5es de uso das contas patrimoniais;<\/li>\n\n\n\n<li>determinar se o Patrim\u00f4nio L\u00edquido est\u00e1 corretamente classificado nas demonstra\u00e7\u00f5es financeiras, se as divulga\u00e7\u00f5es cab\u00edveis foram expostas por notas explicativas;<\/li>\n\n\n\n<li>estabelecer se o tratamento das contas do PL nos casos de reorganiza\u00e7\u00e3o tem sido adequado;<\/li>\n\n\n\n<li>verificar a disponibilidade do PL quanto a sua distribui\u00e7\u00e3o aos acionistas, quotistas ou propriet\u00e1rios;<\/li>\n\n\n\n<li>verificar a seguran\u00e7a dos comprovantes de requisi\u00e7\u00e3o de propriedade dos t\u00edtulos emitidos, entre outras.<\/li>\n<\/ul>\n\n\n\n<p>Segundo o doutrinador mencionado, de fato, s\u00e3o objetivos da auditoria das contas do patrim\u00f4nio l\u00edquido de uma entidade: \u201c<em>d<\/em><em>eterminar a quantidade de a\u00e7\u00f5es ou t\u00edtulos de propriedade do capital e se estes foram adequadamente autorizados ou emitidos<\/em>\u201d (item II da quest\u00e3o) e \u201c<em>determinar se todas as normas descritas nos estatutos sociais, as obriga\u00e7\u00f5es sociais e legais foram cumpridas<\/em>\u201d (item III da quest\u00e3o).<\/p>\n\n\n\n<p>No entanto, de forma diversa do gabarito preliminar divulgado, o item I (<em>Verificar a composi\u00e7\u00e3o da conta Capital entre os diversos acionistas existentes<\/em>) n\u00e3o se encontra no rol acima mencionado, n\u00e3o sendo \u2013 portanto \u2013 um objetivo espec\u00edfico da auditoria das contas do patrim\u00f4nio l\u00edquido de uma entidade. <\/p>\n\n\n\n<p>Al\u00e9m de n\u00e3o estar previsto de forma expressa na doutrina, o item em comento carece de sentido, n\u00e3o ficando claro o que o douto examinador quis dizer. Afinal, o que seria \u201ccomposi\u00e7\u00e3o da conta capital entre os diversos acionistas\u201d? Em nosso entendimento, a frase destacada carece de sentido l\u00f3gico.<\/p>\n\n\n\n<p>Pelo exposto, pedimos a altera\u00e7\u00e3o do gabarito para a letra D (II e III) ou a anula\u00e7\u00e3o da quest\u00e3o.<\/p>\n\n\n\n<h3 class=\"has-background wp-block-heading\" id=\"dir-civil\" style=\"background-color:#eeeeee\">Concurso Sefaz MG: recursos de Direito Civil<\/h3>\n\n\n\n<p><strong>DIREITO CIVIL<\/strong> &#8211; <strong>Professora G\u00e9ssica Ehle<\/strong> &#8211; <strong>@prof.gessica ehle<\/strong><\/p>\n\n\n\n<p><strong>QUEST\u00c3O 40<\/strong><\/p>\n\n\n\n<p>Ana \u00e9 devedora de Tereza da quantia de R$ 500.000,00, formalizada em t\u00edtulo pr\u00f3prio, cuja quita\u00e7\u00e3o consiste na devolu\u00e7\u00e3o do t\u00edtulo.<\/p>\n\n\n\n<p>Na data do vencimento da referida obriga\u00e7\u00e3o, Ana procura Tereza e oferece o pagamento de R$ 300.000,00. Explica que s\u00f3 poder\u00e1 efetuar o pagamento da quantia restante em 5 dias e solicita, n\u00e3o obstante o pagamento parcial, a devolu\u00e7\u00e3o do respectivo t\u00edtulo.<\/p>\n\n\n\n<p>Tereza, por conhecer Ana h\u00e1 muitos anos, aceita o pagamento parcial, mas n\u00e3o devolve o t\u00edtulo. Passados os 5 dias, Tereza procura Ana, solicitando a integraliza\u00e7\u00e3o do pagamento, ao que Ana responde que toda a obriga\u00e7\u00e3o foi quitada.<\/p>\n\n\n\n<p>Ante a situa\u00e7\u00e3o hipot\u00e9tica, analise as afirmativas a seguir.<\/p>\n\n\n\n<ul class=\"wp-block-list\">\n<li>I. Caso Tereza tenha entregado o t\u00edtulo \u00e0 Ana, ter\u00e1 sido firmada a presun\u00e7\u00e3o do pagamento, de forma que caber\u00e1 a Tereza o \u00f4nus de provar a falta do pagamento integral e tornar sem efeito a quita\u00e7\u00e3o.<\/li>\n\n\n\n<li>II. Caso Tereza tenha entregado o t\u00edtulo \u00e0 Ana, ter\u00e1 sido firmada a presun\u00e7\u00e3o do pagamento, n\u00e3o cabendo prova em contr\u00e1rio.<\/li>\n\n\n\n<li><mark style=\"background-color:rgba(0, 0, 0, 0)\" class=\"has-inline-color has-vivid-red-color\">III. Caso Tereza concorde com a proposta, mas se recuse a devolver o t\u00edtulo, Ana poder\u00e1 reter o pagamento at\u00e9 que o t\u00edtulo lhe seja entregue ou Tereza declare a sua inutiliza\u00e7\u00e3o.<\/mark><\/li>\n<\/ul>\n\n\n\n<p>Est\u00e1 correto o que se afirma em<\/p>\n\n\n\n<ul class=\"wp-block-list\">\n<li>(A) I, apenas.<\/li>\n\n\n\n<li>(B) I e II, apenas.<\/li>\n\n\n\n<li>(C) I e III, apenas.<\/li>\n\n\n\n<li>(D) II e III, apenas.<\/li>\n\n\n\n<li>(E) I, II e III.<\/li>\n<\/ul>\n\n\n\n<p><strong>GABARITO DA BANCA:<\/strong> LETRA A<\/p>\n\n\n\n<p><strong>PRETENS\u00c3O:<\/strong> ALTERA\u00c7\u00c3O DE GABARITO PARA LETRA \u201cC\u201d<\/p>\n\n\n\n<p><strong>JUSTIFICATIVA:<\/strong><\/p>\n\n\n\n<p>Trata-se de quest\u00e3o referente ao Adimplemento e Extin\u00e7\u00e3o das Obriga\u00e7\u00f5es, conte\u00fado versado pelo Diploma Civilista a partir do art. 304.<\/p>\n\n\n\n<p>A problem\u00e1tica da quest\u00e3o se encontra no item III, \u201cCaso Tereza concorde com a proposta [&#8230;]\u201d, pois a Banca apontou que a narrativa do item est\u00e1 incorreta, julgamento do qual se deve divergir, ao passo que fere o disposto no art. 321, CC.<\/p>\n\n\n\n<p>Em outras palavras, o examinador buscou construir caso concreto onde a credora, Tereza, teria concordado com a proposta feita pela devedora, mas tenha se recusado a entregar o t\u00edtulo, o que daria a devedora, Ana, o direito de reter o pagamento at\u00e9 que se evidencie o ocorrido com o t\u00edtulo, uma vez que a credora pode at\u00e9 mesmo t\u00ea-lo perdido. Assim, resta evidente a rela\u00e7\u00e3o da situa\u00e7\u00e3o narrada pelo enunciado da quest\u00e3o com o art. 321 do CC.<\/p>\n\n\n\n<p>Vejamos a \u00edntegra do art. supramencionado:<\/p>\n\n\n\n<p><em>Art. 321. Nos d\u00e9bitos, cuja <u>quita\u00e7\u00e3o consista na devolu\u00e7\u00e3o do t\u00edtulo<\/u>, perdido este, poder\u00e1 o devedor exigir, <u>retendo o pagamento<\/u>, declara\u00e7\u00e3o do credor que inutilize o t\u00edtulo desaparecido.<\/em><\/p>\n\n\n\n<p>Ao se verificar que a \u201cquita\u00e7\u00e3o \u00e9, primordialmente, o meio de prova do pagamento\u201d (GAGLIANO, 2020), \u00e9 direito da devedora reter o pagamento at\u00e9 que o t\u00edtulo lhe seja devolvido, sobretudo pois tal devolu\u00e7\u00e3o traduz a pr\u00f3pria quita\u00e7\u00e3o. Corroborando tal entendimento, Tartuce (2020) aduz que <\/p>\n\n\n\n<blockquote class=\"wp-block-quote is-layout-flow wp-block-quote-is-layout-flow\" style=\"font-size:clamp(14px, 0.875rem + ((1vw - 3.2px) * 0.196), 16px);\">\n<p>em se tratando da prova do pagamento, disp\u00f5e o art. 321 do CC que nos d\u00e9bitos cuja quita\u00e7\u00e3o consista na devolu\u00e7\u00e3o do t\u00edtulo, uma vez perdido este, poder\u00e1 o devedor exigir, retendo o pagamento, uma declara\u00e7\u00e3o do credor que inutilize o t\u00edtulo desaparecido. <strong><u>Essa previs\u00e3o tem por objetivo proteger futuramente o devedor para que o t\u00edtulo n\u00e3o seja cobrado novamente.<\/u><\/strong> (TARTUCE, 2020).<\/p>\n<\/blockquote>\n\n\n\n<p>Sendo assim, quando <strong><u>a banca n\u00e3o torna evidente o que aconteceu com o t\u00edtulo,<\/u><\/strong> \u00e9 cab\u00edvel o entendimento de que <strong><u>sua n\u00e3o apresenta\u00e7\u00e3o possa advir do fato de a credora t\u00ea-lo perdido<\/u><\/strong>. Restando correta a op\u00e7\u00e3o na qual a devedora poder\u00e1 reter o pagamento.<\/p>\n\n\n\n<p>Portanto, baseado na explica\u00e7\u00e3o apresentada, pede-se a altera\u00e7\u00e3o do gabarito para a LETRA C.<\/p>\n\n\n\n<p><strong>REFER\u00caNCIAS<\/strong><\/p>\n\n\n\n<p>STOLZE, Pablo; PAMPLONA Filho, Rodolfo. <strong>Manual de direito civil<\/strong>. S\u00e3o Paulo, 2020.<\/p>\n\n\n\n<p>TARTUCE, Fl\u00e1vio. <strong>Manual de direito civil<\/strong>. S\u00e3o Paulo, 2020.<\/p>\n\n\n\n<ul class=\"wp-block-list\">\n<li><a href=\"https:\/\/www.youtube.com\/watch?v=mCTPz_vo744\" target=\"_blank\" rel=\"noreferrer noopener\">Confira o v\u00eddeo explicativo de recursos<\/a><\/li>\n<\/ul>\n\n\n\n<h3 class=\"has-background wp-block-heading\" id=\"dir-empresarial\" style=\"background-color:#eeeeee\">Concurso Sefaz MG: recursos de Direito Empresarial<\/h3>\n\n\n\n<p><strong>Trata-se de recurso sobre a quest\u00e3o 46 da prova tipo 3 da mat\u00e9ria de Direito Empresarial.<\/strong><\/p>\n\n\n\n<figure class=\"wp-block-image size-full\"><img loading=\"lazy\" decoding=\"async\" width=\"451\" height=\"749\" src=\"https:\/\/dhg1h5j42swfq.cloudfront.net\/2023\/01\/11150213\/image-107.png\" alt=\"concurso sefaz mg recursos\" class=\"wp-image-1150972\" srcset=\"https:\/\/dhg1h5j42swfq.cloudfront.net\/2023\/01\/11150213\/image-107.png 451w, https:\/\/dhg1h5j42swfq.cloudfront.net\/2023\/01\/11150213\/image-107-181x300.png 181w, https:\/\/dhg1h5j42swfq.cloudfront.net\/2023\/01\/11150213\/image-107-150x249.png 150w\" sizes=\"auto, (max-width: 451px) 100vw, 451px\" \/><\/figure>\n\n\n\n<p>A douta banca considerou como gabarito a alternativa A, ou seja, apenas o item I est\u00e1 correto. Consequentemente a banca parece considerar o item III como errado.<\/p>\n\n\n\n<p>A literalidade do par\u00e1grafo 7\u00ba do artigo 141 da Lei 6.404\/1976 trata do tema da seguinte forma:<\/p>\n\n\n\n<p>\u00a7 7\u00ba Sempre que, cumulativamente, a elei\u00e7\u00e3o do conselho de administra\u00e7\u00e3o ocorrer pelo sistema do voto m\u00faltiplo e os titulares de a\u00e7\u00f5es ordin\u00e1rias ou preferenciais exercerem a prerrogativa de eleger conselheiro, ser\u00e1 assegurado a acionista ou a grupo de acionistas vinculados por acordo de votos que detenham mais de 50% (cinquenta por cento) do total de votos conferidos pelas a\u00e7\u00f5es com direito a voto o direito de eleger conselheiros em n\u00famero igual ao dos eleitos pelos demais acionistas, mais um, independentemente do n\u00famero de conselheiros que, segundo o estatuto, componha o \u00f3rg\u00e3o. (Reda\u00e7\u00e3o dada pela Lei n\u00ba 14.195, de 2021)<\/p>\n\n\n\n<p>A reda\u00e7\u00e3o desse dispositivo legal foi modifica pela Lei n\u00ba 14.195\/2021 alterando o trecho que continha os seguintes termos \u201cdetenham mais do que 50% (cinq\u00fcenta por cento) das a\u00e7\u00f5es com direito de voto\u201d passando a dispor que \u201cdetenham mais de 50% (cinquenta por cento) do total de votos conferidos pelas a\u00e7\u00f5es com direito a voto\u201d.<\/p>\n\n\n\n<p>Percebe-se que a reda\u00e7\u00e3o anterior desse dispositivo que perdurou de 2001 a 2021 versava sobre o qu\u00f3rum de maioria absoluta. E em conson\u00e2ncia com a sistem\u00e1tica do voto m\u00faltiplo. A mudan\u00e7a promovida pela Lei 14.195\/2021 adequada a reda\u00e7\u00e3o do dispositivo a ser aplicado aos casos em que a companhia possui a\u00e7\u00f5es com direito a voto plural.<\/p>\n\n\n\n<p>Relembrando que a\u00e7\u00e3o com direito a voto plural \u00e9 exce\u00e7\u00e3o da regra geral que estipula a cada a\u00e7\u00e3o ordin\u00e1ria o direito a 1 voto na delibera\u00e7\u00e3o. Ora, se direito a voto plural \u00e9 exce\u00e7\u00e3o, seria importante que a quest\u00e3o dissesse expressamente que a companhia possui a\u00e7\u00f5es com voto plural.<\/p>\n\n\n\n<p>N\u00e3o sendo esse o caso, o item III deve ser considerado correto, pois em termos pr\u00e1ticos e de interpreta\u00e7\u00e3o n\u00e3o h\u00e1 erro. J\u00e1 que, para o caso da quest\u00e3o, a express\u00e3o \u201cmais do que 50% das a\u00e7\u00f5es com direito a voto\u201d acarreta a mesma consequ\u00eancia legal e jur\u00eddica do que diz a lei atualmente.<\/p>\n\n\n\n<p>Mesmo que n\u00e3o esteja escrito exatamente como na lei. O legislador optou por um mero ajuste formal que facilita e esclarece o significa do que vem a ser considerado maioria e a mudan\u00e7a aplic\u00e1vel decorrente da inser\u00e7\u00e3o na lei do voto plural. <\/p>\n\n\n\n<p>No entanto, a altera\u00e7\u00e3o promovida pela nova lei n\u00e3o altera a ess\u00eancia e o m\u00e9rito quando ao alcance do qu\u00f3rum necess\u00e1rio.<\/p>\n\n\n\n<p>Dito isso, entende-se que o item III deve ser considerado correto. Sendo assim, esse recurso requer que seja alterado o gabarito da alternativa A para alternativa C, constando como corretos os itens I e III.<\/p>\n\n\n\n<p>Caso n\u00e3o prevale\u00e7a esse entendimento, que a quest\u00e3o seja anulada por falta de resposta que atenda o enunciado.<\/p>\n\n\n\n<h3 class=\"has-background wp-block-heading\" id=\"contabilidade\" style=\"background-color:#eeeeee\">Concurso Sefaz MG: recursos de Contabilidade<\/h3>\n\n\n\n<p>Quest\u00e3o: Em determinado per\u00edodo, uma sociedade empres\u00e1ria apresentava grau de alavancagem operacional de 1,27. Em rela\u00e7\u00e3o \u00e0 sociedade empres\u00e1ria, assinale a op\u00e7\u00e3o correta.<\/p>\n\n\n\n<ul class=\"wp-block-list\">\n<li>(A) O lucro operacional \u00e9 27% maior do que o lucro antes do imposto sobre a renda.<\/li>\n\n\n\n<li>(B) Se as despesas financeiras diminu\u00edrem em 40%, o seu lucro aumentar\u00e1 em 10%.<\/li>\n\n\n\n<li>(C) Se o volume de vendas aumentar em 10%, o seu lucro aumentar\u00e1 em 27%.<\/li>\n\n\n\n<li>(D) Se as despesas financeiras diminu\u00edrem em 27%, o seu lucro aumentar\u00e1 em 10%.<\/li>\n\n\n\n<li>(E) Se o volume de vendas aumentar em 10%, o seu lucro aumentar\u00e1 em 40%.<\/li>\n<\/ul>\n\n\n\n<p>Recurso:<\/p>\n\n\n\n<p>Considerando o gabarito provis\u00f3rio apresentado, solicitamos a ANULA\u00c7\u00c3O da quest\u00e3o, pois n\u00e3o h\u00e1 gabarito correto entre as op\u00e7\u00f5es.<\/p>\n\n\n\n<p>Conforme nos ensina Assaf Neto (2014), a alavancagem operacional \u00e9 uma medida de sensibilidade dos resultados de uma empresa a varia\u00e7\u00f5es em seu volume de atividade. Apura a varia\u00e7\u00e3o esperada no lucro operacional diante de modifica\u00e7\u00f5es que venham a ocorrer nas receitas de vendas.<\/p>\n\n\n\n<p>O mesmo autor define que o grau de alavancagem operacional (GAO), por sua vez, \u00e9 a quantifica\u00e7\u00e3o desse efeito:<\/p>\n\n\n\n<p>GAO = Porcentagem de varia\u00e7\u00e3o no lucro\/Porcentagem de varia\u00e7\u00e3o no volume de atividade.<\/p>\n\n\n\n<p>A alavancagem operacional, que \u00e9 definida como o efeito desproporcional entre a \u201cfor\u00e7a\u201d feita numa ponta, a do volume de atividade, e a \u201cfor\u00e7a\u201d resultante na outra, a do lucro.<\/p>\n\n\n\n<p>Al\u00e9m disso, de acordo com Iud\u00edcibus (2017), o grau de alavancagem operacional pode ser definido como sendo a varia\u00e7\u00e3o percentual nos lucros operacionais, relacionada com determinada varia\u00e7\u00e3o percentual no volume de vendas.<\/p>\n\n\n\n<p>Nesse sentido, por exemplo, um grau de alavancagem 1,27, como apresentado na quest\u00e3o, indica que a cada 10% de aumento no seu volume de atividade, ocorrer\u00e1 um incremento de 12,7 % no seu lucro: 12.7%\/10% = 1,27.<\/p>\n\n\n\n<p>O gabarito apresentado pela banca n\u00e3o merece prosperar, pois considerou como correto que \u201cSe o volume de vendas aumentar em 10%, o seu lucro \u201caumentar\u00e1 em 40%\u201d e, essa informa\u00e7\u00e3o somente seria verdadeira se o grau de alavancagem operacional foi 40%\/10% = 4.<\/p>\n\n\n\n<p>Diante do exposto, solicitamos, respeitosamente, a ANULA\u00c7\u00c3O da quest\u00e3o.<\/p>\n\n\n\n<p>Bibliografia: Alexandre Finan\u00e7as corporativas e valor \/ Alexandre Assaf Neto. \u2013 7. ed. \u2013 S\u00e3o Paulo : Atlas, 2014.<br \/>Iud\u00edcibus, S\u00e9rgio de An\u00e1lise de balan\u00e7os \/ S\u00e9rgio de Iud\u00edcibus. \u2013 11. ed. \u2013 S\u00e3o Paulo: Atlas, 2017.<\/p>\n\n\n\n<h2 class=\"has-cyan-bluish-gray-background-color has-background wp-block-heading\" id=\"prova-tributacao\">Prova de Tributa\u00e7\u00e3o<\/h2>\n\n\n\n<h3 class=\"has-background wp-block-heading\" id=\"tributacao-dir-civil\" style=\"background-color:#eeeeee\">Concurso Sefaz MG: recursos de Direito Civil<\/h3>\n\n\n\n<p>Direito Civil &#8211; Professora G\u00e9ssica Ehle<\/p>\n\n\n\n<p><strong>Quest\u00e3o 02<\/strong><\/p>\n\n\n\n<figure class=\"wp-block-image size-full\"><img loading=\"lazy\" decoding=\"async\" width=\"902\" height=\"1003\" src=\"https:\/\/dhg1h5j42swfq.cloudfront.net\/2023\/01\/11090615\/image-98.png\" alt=\"concurso sefaz mg recursos\" class=\"wp-image-1150742\" srcset=\"https:\/\/dhg1h5j42swfq.cloudfront.net\/2023\/01\/11090615\/image-98.png 902w, https:\/\/dhg1h5j42swfq.cloudfront.net\/2023\/01\/11090615\/image-98-270x300.png 270w, https:\/\/dhg1h5j42swfq.cloudfront.net\/2023\/01\/11090615\/image-98-768x854.png 768w, https:\/\/dhg1h5j42swfq.cloudfront.net\/2023\/01\/11090615\/image-98-610x678.png 610w, https:\/\/dhg1h5j42swfq.cloudfront.net\/2023\/01\/11090615\/image-98-150x167.png 150w\" sizes=\"auto, (max-width: 902px) 100vw, 902px\" \/><\/figure>\n\n\n\n<p>Gabarito da Banca: C<\/p>\n\n\n\n<p>Justificativa:<\/p>\n\n\n\n<ul class=\"wp-block-list\">\n<li>I.&nbsp; Errado. Todos menos a J\u00falia, que \u00e9 incapaz e tem domic\u00edlio necess\u00e1rio com os pais.<\/li>\n\n\n\n<li>II.&nbsp; Certo. Todos t\u00eam domic\u00edlio necess\u00e1rio nos locais indicados pela assertiva, a quest\u00e3o fala \u201crespectivamente\u201d (incapaz, oficial do ex\u00e9rcito e servidor). Observa-se a literalidade do art. 76 do Diploma Civil.<\/li>\n\n\n\n<li>III. Certo. Em S\u00e3o Carlos \u00e9 o domic\u00edlio profissional de Paulo, art. 72. O enunciado diz que ele tem atividades \u201cpermanentes\u201d no hospital, ou seja, tem domic\u00edlio profissional necess\u00e1rio.<\/li>\n<\/ul>\n\n\n\n<p>Pedido: Anula\u00e7\u00e3o por falta de gabarito.<\/p>\n\n\n\n<h2 class=\"has-text-align-center has-cyan-bluish-gray-background-color has-background has-medium-font-size wp-block-heading\" id=\"cursos-assinatura\"><a href=\"https:\/\/www.estrategiaconcursos.com.br\/blog\/concurso-sefaz-mg\/\" target=\"_blank\" rel=\"noreferrer noopener\">Concurso Sefaz Minas Gerais<\/a><\/h2>\n\n\n\n<hr class=\"wp-block-separator has-alpha-channel-opacity\"\/>\n\n\n\n<h2 class=\"has-text-align-center wp-block-heading\" id=\"h-quer-saber-tudo-sobre-concursos-previstos-confira-nossos-artigos\">Quer saber tudo sobre concursos previstos?<br \/>Confira nossos artigos!<\/h2>\n\n\n\n<ul class=\"wp-block-list\">\n<li><a href=\"https:\/\/www.estrategiaconcursos.com.br\/blog\/concursos-abertos\/\" target=\"_blank\" rel=\"noreferrer noopener\">Concursos abertos<\/a><\/li>\n\n\n\n<li><a href=\"https:\/\/www.estrategiaconcursos.com.br\/blog\/concursos-2023\/\" target=\"_blank\" rel=\"noreferrer noopener\">Concursos 2023<\/a><\/li>\n<\/ul>\n\n\n\n<div class=\"container\" id=\"boxes\">\n  <div class=\"row\">\n\n    <div class=\"col-sm\">\n      <div class=\"banner-fiscal-01\" id=\"box-assinatura\">\n        <h3 class=\"titulo-assinatura\">Concurso Sefaz MG<\/h3>\n        <p class=\"subtitulo-assinatura\">Estude conosco<\/p>\n        <div class=\"box-botao\">\n          <a class=\"btn-assinatura\" target=\"_blank\" href=\"https:\/\/www.estrategiaconcursos.com.br\/cursosPorConcurso\/secretaria-da-fazenda-do-estado-de-minas-gerais-sefaz-mg\/\" role=\"button\" rel=\"noopener noreferrer\">Conhe\u00e7a os cursos<\/a>\n        <\/div>\n      <\/div>\n      \n    <\/div>\n\n  <\/div>\n<\/div>\n\n\n\n<div class=\"container\" id=\"boxes\">\n  <div class=\"row\">\n\n    <div class=\"col-sm\">\n      <div class=\"estrategia\" id=\"box-assinatura\">\n        <h3 class=\"titulo-assinatura\">Assinatura Concursos<\/h3>\n        <p class=\"subtitulo-assinatura\">Assinatura de 1 ano ou 2 anos<\/p>\n        <div class=\"box-botao\">\n          <a class=\"btn-assinatura\" target=\"_blank\" href=\"https:\/\/www.estrategiaconcursos.com.br\/assinaturas\/\" role=\"button\" rel=\"noopener noreferrer\">ASSINE AGORA<\/a>\n        <\/div>\n      <\/div><\/div><\/div><\/div>\n","protected":false},"excerpt":{"rendered":"<p>Quer interpor recursos contra o gabarito do concurso Sefaz MG? Confira as possibilidades neste artigo! O concurso Sefaz MG teve suas provas aplicadas no \u00faltimo domingo, 8 de janeiro. Recentemente, foram divulgados os gabaritos preliminares.&nbsp; Pretende interpor recurso para a Sefaz MG? Todo o processo deve ser realizado no prazo de 10 a 12 de [&hellip;]<\/p>\n","protected":false},"author":1206,"featured_media":1076486,"comment_status":"open","ping_status":"closed","sticky":false,"template":"","format":"standard","meta":{"post_tipo":"news","footnotes":""},"categories":[1983,220219],"tags":[8],"tax_estado":[219974],"class_list":["post-1150348","post","type-post","status-publish","format-standard","has-post-thumbnail","hentry","category-fiscal-estadual","category-noticias","tag-recurso","tax_estado-mg"],"acf":[],"yoast_head":"<!-- This site is optimized with the Yoast SEO Premium plugin v27.2 (Yoast SEO v27.2) - https:\/\/yoast.com\/product\/yoast-seo-premium-wordpress\/ -->\n<title>Concurso Sefaz MG: confira as possibilidades de recursos<\/title>\n<meta name=\"description\" content=\"Confira as possibilidades de recursos contra o gabarito das provas do concurso p\u00fablico para a Sefaz MG. Acesse nosso site!\" \/>\n<meta name=\"robots\" content=\"index, follow, max-snippet:-1, max-image-preview:large, max-video-preview:-1\" \/>\n<link rel=\"canonical\" href=\"https:\/\/www.estrategiaconcursos.com.br\/blog\/concurso-sefaz-mg-recursos\/\" \/>\n<meta property=\"og:locale\" content=\"pt_BR\" \/>\n<meta property=\"og:type\" content=\"article\" \/>\n<meta property=\"og:title\" content=\"Concurso Sefaz MG: confira as possibilidades de recursos\" \/>\n<meta property=\"og:description\" content=\"Confira as possibilidades de recursos contra o gabarito das provas do concurso p\u00fablico para a Sefaz MG. Acesse nosso site!\" \/>\n<meta property=\"og:url\" content=\"https:\/\/www.estrategiaconcursos.com.br\/blog\/concurso-sefaz-mg-recursos\/\" \/>\n<meta property=\"og:site_name\" content=\"Estrat\u00e9gia Concursos\" \/>\n<meta property=\"article:published_time\" content=\"2023-01-11T19:03:00+00:00\" \/>\n<meta property=\"article:modified_time\" content=\"2023-03-07T19:31:10+00:00\" \/>\n<meta property=\"og:image\" content=\"https:\/\/dhg1h5j42swfq.cloudfront.net\/2022\/08\/11202319\/sefaz-mg-5.jpg\" \/>\n\t<meta property=\"og:image:width\" content=\"768\" \/>\n\t<meta property=\"og:image:height\" content=\"432\" \/>\n\t<meta property=\"og:image:type\" content=\"image\/jpeg\" \/>\n<meta name=\"author\" content=\"Bruna de Andrade Fran\u00e7a\" \/>\n<meta name=\"twitter:card\" content=\"summary_large_image\" \/>\n<meta name=\"twitter:creator\" content=\"@EstratConcursos\" \/>\n<meta name=\"twitter:site\" content=\"@EstratConcursos\" \/>\n<meta name=\"twitter:label1\" content=\"Escrito por\" \/>\n\t<meta name=\"twitter:data1\" content=\"Bruna de Andrade Fran\u00e7a\" \/>\n\t<meta name=\"twitter:label2\" content=\"Est. tempo de leitura\" \/>\n\t<meta name=\"twitter:data2\" content=\"17 minutos\" \/>\n<script type=\"application\/ld+json\" class=\"yoast-schema-graph\">{\"@context\":\"https:\/\/schema.org\",\"@graph\":[{\"@type\":\"NewsArticle\",\"@id\":\"https:\/\/www.estrategiaconcursos.com.br\/blog\/concurso-sefaz-mg-recursos\/#article\",\"isPartOf\":{\"@id\":\"https:\/\/www.estrategiaconcursos.com.br\/blog\/concurso-sefaz-mg-recursos\/\"},\"author\":{\"name\":\"Bruna de Andrade Fran\u00e7a\",\"@id\":\"https:\/\/www.estrategiaconcursos.com.br\/blog\/#\/schema\/person\/6630f91134abc08115cca62ce6372855\"},\"headline\":\"Concurso Sefaz MG: confira as possibilidades de recursos\",\"datePublished\":\"2023-01-11T19:03:00+00:00\",\"dateModified\":\"2023-03-07T19:31:10+00:00\",\"mainEntityOfPage\":{\"@id\":\"https:\/\/www.estrategiaconcursos.com.br\/blog\/concurso-sefaz-mg-recursos\/\"},\"wordCount\":3456,\"commentCount\":0,\"publisher\":{\"@id\":\"https:\/\/www.estrategiaconcursos.com.br\/blog\/#organization\"},\"image\":{\"@id\":\"https:\/\/www.estrategiaconcursos.com.br\/blog\/concurso-sefaz-mg-recursos\/#primaryimage\"},\"thumbnailUrl\":\"https:\/\/dhg1h5j42swfq.cloudfront.net\/2022\/08\/11202319\/sefaz-mg-5.jpg\",\"keywords\":[\"Recurso\"],\"articleSection\":[\"Fiscal - Estadual (ICMS)\",\"\u00daltimas not\u00edcias\"],\"inLanguage\":\"pt-BR\",\"potentialAction\":[{\"@type\":\"CommentAction\",\"name\":\"Comment\",\"target\":[\"https:\/\/www.estrategiaconcursos.com.br\/blog\/concurso-sefaz-mg-recursos\/#respond\"]}],\"copyrightYear\":\"2023\",\"copyrightHolder\":{\"@id\":\"https:\/\/www.estrategiaconcursos.com.br\/blog\/#organization\"}},{\"@type\":\"WebPage\",\"@id\":\"https:\/\/www.estrategiaconcursos.com.br\/blog\/concurso-sefaz-mg-recursos\/\",\"url\":\"https:\/\/www.estrategiaconcursos.com.br\/blog\/concurso-sefaz-mg-recursos\/\",\"name\":\"Concurso Sefaz MG: confira as possibilidades de recursos\",\"isPartOf\":{\"@id\":\"https:\/\/www.estrategiaconcursos.com.br\/blog\/#website\"},\"primaryImageOfPage\":{\"@id\":\"https:\/\/www.estrategiaconcursos.com.br\/blog\/concurso-sefaz-mg-recursos\/#primaryimage\"},\"image\":{\"@id\":\"https:\/\/www.estrategiaconcursos.com.br\/blog\/concurso-sefaz-mg-recursos\/#primaryimage\"},\"thumbnailUrl\":\"https:\/\/dhg1h5j42swfq.cloudfront.net\/2022\/08\/11202319\/sefaz-mg-5.jpg\",\"datePublished\":\"2023-01-11T19:03:00+00:00\",\"dateModified\":\"2023-03-07T19:31:10+00:00\",\"description\":\"Confira as possibilidades de recursos contra o gabarito das provas do concurso p\u00fablico para a Sefaz MG. Acesse nosso site!\",\"breadcrumb\":{\"@id\":\"https:\/\/www.estrategiaconcursos.com.br\/blog\/concurso-sefaz-mg-recursos\/#breadcrumb\"},\"inLanguage\":\"pt-BR\",\"potentialAction\":[{\"@type\":\"ReadAction\",\"target\":[\"https:\/\/www.estrategiaconcursos.com.br\/blog\/concurso-sefaz-mg-recursos\/\"]}]},{\"@type\":\"ImageObject\",\"inLanguage\":\"pt-BR\",\"@id\":\"https:\/\/www.estrategiaconcursos.com.br\/blog\/concurso-sefaz-mg-recursos\/#primaryimage\",\"url\":\"https:\/\/dhg1h5j42swfq.cloudfront.net\/2022\/08\/11202319\/sefaz-mg-5.jpg\",\"contentUrl\":\"https:\/\/dhg1h5j42swfq.cloudfront.net\/2022\/08\/11202319\/sefaz-mg-5.jpg\",\"width\":768,\"height\":432,\"caption\":\"Concurso Sefaz MG discursivas\"},{\"@type\":\"BreadcrumbList\",\"@id\":\"https:\/\/www.estrategiaconcursos.com.br\/blog\/concurso-sefaz-mg-recursos\/#breadcrumb\",\"itemListElement\":[{\"@type\":\"ListItem\",\"position\":1,\"name\":\"In\u00edcio\",\"item\":\"https:\/\/www.estrategiaconcursos.com.br\/blog\/\"},{\"@type\":\"ListItem\",\"position\":2,\"name\":\"Concurso Sefaz MG: confira as possibilidades de recursos\"}]},{\"@type\":\"WebSite\",\"@id\":\"https:\/\/www.estrategiaconcursos.com.br\/blog\/#website\",\"url\":\"https:\/\/www.estrategiaconcursos.com.br\/blog\/\",\"name\":\"Estrat\u00e9gia Concursos\",\"description\":\"O blog da Estrat\u00e9gia Concursos traz not\u00edcias sobre concursos e artigos de professores oferecendo cursos para concursos (pdf + videaulas) no site.\",\"publisher\":{\"@id\":\"https:\/\/www.estrategiaconcursos.com.br\/blog\/#organization\"},\"potentialAction\":[{\"@type\":\"SearchAction\",\"target\":{\"@type\":\"EntryPoint\",\"urlTemplate\":\"https:\/\/www.estrategiaconcursos.com.br\/blog\/?s={search_term_string}\"},\"query-input\":{\"@type\":\"PropertyValueSpecification\",\"valueRequired\":true,\"valueName\":\"search_term_string\"}}],\"inLanguage\":\"pt-BR\"},{\"@type\":\"Organization\",\"@id\":\"https:\/\/www.estrategiaconcursos.com.br\/blog\/#organization\",\"name\":\"Estrat\u00e9gia Concursos\",\"url\":\"https:\/\/www.estrategiaconcursos.com.br\/blog\/\",\"logo\":{\"@type\":\"ImageObject\",\"inLanguage\":\"pt-BR\",\"@id\":\"https:\/\/www.estrategiaconcursos.com.br\/blog\/#\/schema\/logo\/image\/\",\"url\":\"https:\/\/dhg1h5j42swfq.cloudfront.net\/2025\/06\/03203428\/logo_concursos-1.jpg\",\"contentUrl\":\"https:\/\/dhg1h5j42swfq.cloudfront.net\/2025\/06\/03203428\/logo_concursos-1.jpg\",\"width\":230,\"height\":60,\"caption\":\"Estrat\u00e9gia Concursos\"},\"image\":{\"@id\":\"https:\/\/www.estrategiaconcursos.com.br\/blog\/#\/schema\/logo\/image\/\"},\"sameAs\":[\"https:\/\/x.com\/EstratConcursos\"]},{\"@type\":\"Person\",\"@id\":\"https:\/\/www.estrategiaconcursos.com.br\/blog\/#\/schema\/person\/6630f91134abc08115cca62ce6372855\",\"name\":\"Bruna de Andrade Fran\u00e7a\",\"image\":{\"@type\":\"ImageObject\",\"inLanguage\":\"pt-BR\",\"@id\":\"https:\/\/secure.gravatar.com\/avatar\/d6316d36d50cea0fadae28ed3015b8870cc90a2d3d8a95c37b44006af36a00e3?s=96&d=mm&r=g\",\"url\":\"https:\/\/secure.gravatar.com\/avatar\/d6316d36d50cea0fadae28ed3015b8870cc90a2d3d8a95c37b44006af36a00e3?s=96&d=mm&r=g\",\"contentUrl\":\"https:\/\/secure.gravatar.com\/avatar\/d6316d36d50cea0fadae28ed3015b8870cc90a2d3d8a95c37b44006af36a00e3?s=96&d=mm&r=g\",\"caption\":\"Bruna de Andrade Fran\u00e7a\"},\"description\":\"Bruna de Andrade Fran\u00e7a \u00e9 publicit\u00e1ria com p\u00f3s-gradua\u00e7\u00e3o em Marketing &amp; Growth, atuando h\u00e1 mais de 6 anos no universo dos concursos p\u00fablicos. Desde 2021, lidera no Blog do Estrat\u00e9gia Concursos a cobertura editorial especializada em Concursos Policiais (PF, PRF, PM, PC, etc.), al\u00e9m das frentes de concursos banc\u00e1rios, de sa\u00fade e da \u00e1rea legislativa. Especialista em reda\u00e7\u00e3o, com pr\u00e1ticas de SEO e Copywriting, possui tamb\u00e9m atua\u00e7\u00e3o pr\u00e1tica de contato direto com \u00f3rg\u00e3os p\u00fablicos respons\u00e1veis por editais, permitindo acesso antecipado a informa\u00e7\u00f5es, desdobramentos importantes e atualiza\u00e7\u00e3o eficiente dos concursos p\u00fablicos.\",\"url\":\"https:\/\/www.estrategiaconcursos.com.br\/blog\/author\/bruna-andrade\/\"}]}<\/script>\n<!-- \/ Yoast SEO Premium plugin. -->","yoast_head_json":{"title":"Concurso Sefaz MG: confira as possibilidades de recursos","description":"Confira as possibilidades de recursos contra o gabarito das provas do concurso p\u00fablico para a Sefaz MG. Acesse nosso site!","robots":{"index":"index","follow":"follow","max-snippet":"max-snippet:-1","max-image-preview":"max-image-preview:large","max-video-preview":"max-video-preview:-1"},"canonical":"https:\/\/www.estrategiaconcursos.com.br\/blog\/concurso-sefaz-mg-recursos\/","og_locale":"pt_BR","og_type":"article","og_title":"Concurso Sefaz MG: confira as possibilidades de recursos","og_description":"Confira as possibilidades de recursos contra o gabarito das provas do concurso p\u00fablico para a Sefaz MG. Acesse nosso site!","og_url":"https:\/\/www.estrategiaconcursos.com.br\/blog\/concurso-sefaz-mg-recursos\/","og_site_name":"Estrat\u00e9gia Concursos","article_published_time":"2023-01-11T19:03:00+00:00","article_modified_time":"2023-03-07T19:31:10+00:00","og_image":[{"width":768,"height":432,"url":"https:\/\/dhg1h5j42swfq.cloudfront.net\/2022\/08\/11202319\/sefaz-mg-5.jpg","type":"image\/jpeg"}],"author":"Bruna de Andrade Fran\u00e7a","twitter_card":"summary_large_image","twitter_creator":"@EstratConcursos","twitter_site":"@EstratConcursos","twitter_misc":{"Escrito por":"Bruna de Andrade Fran\u00e7a","Est. tempo de leitura":"17 minutos"},"schema":{"@context":"https:\/\/schema.org","@graph":[{"@type":"NewsArticle","@id":"https:\/\/www.estrategiaconcursos.com.br\/blog\/concurso-sefaz-mg-recursos\/#article","isPartOf":{"@id":"https:\/\/www.estrategiaconcursos.com.br\/blog\/concurso-sefaz-mg-recursos\/"},"author":{"name":"Bruna de Andrade Fran\u00e7a","@id":"https:\/\/www.estrategiaconcursos.com.br\/blog\/#\/schema\/person\/6630f91134abc08115cca62ce6372855"},"headline":"Concurso Sefaz MG: confira as possibilidades de recursos","datePublished":"2023-01-11T19:03:00+00:00","dateModified":"2023-03-07T19:31:10+00:00","mainEntityOfPage":{"@id":"https:\/\/www.estrategiaconcursos.com.br\/blog\/concurso-sefaz-mg-recursos\/"},"wordCount":3456,"commentCount":0,"publisher":{"@id":"https:\/\/www.estrategiaconcursos.com.br\/blog\/#organization"},"image":{"@id":"https:\/\/www.estrategiaconcursos.com.br\/blog\/concurso-sefaz-mg-recursos\/#primaryimage"},"thumbnailUrl":"https:\/\/dhg1h5j42swfq.cloudfront.net\/2022\/08\/11202319\/sefaz-mg-5.jpg","keywords":["Recurso"],"articleSection":["Fiscal - Estadual (ICMS)","\u00daltimas not\u00edcias"],"inLanguage":"pt-BR","potentialAction":[{"@type":"CommentAction","name":"Comment","target":["https:\/\/www.estrategiaconcursos.com.br\/blog\/concurso-sefaz-mg-recursos\/#respond"]}],"copyrightYear":"2023","copyrightHolder":{"@id":"https:\/\/www.estrategiaconcursos.com.br\/blog\/#organization"}},{"@type":"WebPage","@id":"https:\/\/www.estrategiaconcursos.com.br\/blog\/concurso-sefaz-mg-recursos\/","url":"https:\/\/www.estrategiaconcursos.com.br\/blog\/concurso-sefaz-mg-recursos\/","name":"Concurso Sefaz MG: confira as possibilidades de recursos","isPartOf":{"@id":"https:\/\/www.estrategiaconcursos.com.br\/blog\/#website"},"primaryImageOfPage":{"@id":"https:\/\/www.estrategiaconcursos.com.br\/blog\/concurso-sefaz-mg-recursos\/#primaryimage"},"image":{"@id":"https:\/\/www.estrategiaconcursos.com.br\/blog\/concurso-sefaz-mg-recursos\/#primaryimage"},"thumbnailUrl":"https:\/\/dhg1h5j42swfq.cloudfront.net\/2022\/08\/11202319\/sefaz-mg-5.jpg","datePublished":"2023-01-11T19:03:00+00:00","dateModified":"2023-03-07T19:31:10+00:00","description":"Confira as possibilidades de recursos contra o gabarito das provas do concurso p\u00fablico para a Sefaz MG. Acesse nosso site!","breadcrumb":{"@id":"https:\/\/www.estrategiaconcursos.com.br\/blog\/concurso-sefaz-mg-recursos\/#breadcrumb"},"inLanguage":"pt-BR","potentialAction":[{"@type":"ReadAction","target":["https:\/\/www.estrategiaconcursos.com.br\/blog\/concurso-sefaz-mg-recursos\/"]}]},{"@type":"ImageObject","inLanguage":"pt-BR","@id":"https:\/\/www.estrategiaconcursos.com.br\/blog\/concurso-sefaz-mg-recursos\/#primaryimage","url":"https:\/\/dhg1h5j42swfq.cloudfront.net\/2022\/08\/11202319\/sefaz-mg-5.jpg","contentUrl":"https:\/\/dhg1h5j42swfq.cloudfront.net\/2022\/08\/11202319\/sefaz-mg-5.jpg","width":768,"height":432,"caption":"Concurso Sefaz MG discursivas"},{"@type":"BreadcrumbList","@id":"https:\/\/www.estrategiaconcursos.com.br\/blog\/concurso-sefaz-mg-recursos\/#breadcrumb","itemListElement":[{"@type":"ListItem","position":1,"name":"In\u00edcio","item":"https:\/\/www.estrategiaconcursos.com.br\/blog\/"},{"@type":"ListItem","position":2,"name":"Concurso Sefaz MG: confira as possibilidades de recursos"}]},{"@type":"WebSite","@id":"https:\/\/www.estrategiaconcursos.com.br\/blog\/#website","url":"https:\/\/www.estrategiaconcursos.com.br\/blog\/","name":"Estrat\u00e9gia Concursos","description":"O blog da Estrat\u00e9gia Concursos traz not\u00edcias sobre concursos e artigos de professores oferecendo cursos para concursos (pdf + videaulas) no site.","publisher":{"@id":"https:\/\/www.estrategiaconcursos.com.br\/blog\/#organization"},"potentialAction":[{"@type":"SearchAction","target":{"@type":"EntryPoint","urlTemplate":"https:\/\/www.estrategiaconcursos.com.br\/blog\/?s={search_term_string}"},"query-input":{"@type":"PropertyValueSpecification","valueRequired":true,"valueName":"search_term_string"}}],"inLanguage":"pt-BR"},{"@type":"Organization","@id":"https:\/\/www.estrategiaconcursos.com.br\/blog\/#organization","name":"Estrat\u00e9gia Concursos","url":"https:\/\/www.estrategiaconcursos.com.br\/blog\/","logo":{"@type":"ImageObject","inLanguage":"pt-BR","@id":"https:\/\/www.estrategiaconcursos.com.br\/blog\/#\/schema\/logo\/image\/","url":"https:\/\/dhg1h5j42swfq.cloudfront.net\/2025\/06\/03203428\/logo_concursos-1.jpg","contentUrl":"https:\/\/dhg1h5j42swfq.cloudfront.net\/2025\/06\/03203428\/logo_concursos-1.jpg","width":230,"height":60,"caption":"Estrat\u00e9gia Concursos"},"image":{"@id":"https:\/\/www.estrategiaconcursos.com.br\/blog\/#\/schema\/logo\/image\/"},"sameAs":["https:\/\/x.com\/EstratConcursos"]},{"@type":"Person","@id":"https:\/\/www.estrategiaconcursos.com.br\/blog\/#\/schema\/person\/6630f91134abc08115cca62ce6372855","name":"Bruna de Andrade Fran\u00e7a","image":{"@type":"ImageObject","inLanguage":"pt-BR","@id":"https:\/\/secure.gravatar.com\/avatar\/d6316d36d50cea0fadae28ed3015b8870cc90a2d3d8a95c37b44006af36a00e3?s=96&d=mm&r=g","url":"https:\/\/secure.gravatar.com\/avatar\/d6316d36d50cea0fadae28ed3015b8870cc90a2d3d8a95c37b44006af36a00e3?s=96&d=mm&r=g","contentUrl":"https:\/\/secure.gravatar.com\/avatar\/d6316d36d50cea0fadae28ed3015b8870cc90a2d3d8a95c37b44006af36a00e3?s=96&d=mm&r=g","caption":"Bruna de Andrade Fran\u00e7a"},"description":"Bruna de Andrade Fran\u00e7a \u00e9 publicit\u00e1ria com p\u00f3s-gradua\u00e7\u00e3o em Marketing &amp; Growth, atuando h\u00e1 mais de 6 anos no universo dos concursos p\u00fablicos. Desde 2021, lidera no Blog do Estrat\u00e9gia Concursos a cobertura editorial especializada em Concursos Policiais (PF, PRF, PM, PC, etc.), al\u00e9m das frentes de concursos banc\u00e1rios, de sa\u00fade e da \u00e1rea legislativa. Especialista em reda\u00e7\u00e3o, com pr\u00e1ticas de SEO e Copywriting, possui tamb\u00e9m atua\u00e7\u00e3o pr\u00e1tica de contato direto com \u00f3rg\u00e3os p\u00fablicos respons\u00e1veis por editais, permitindo acesso antecipado a informa\u00e7\u00f5es, desdobramentos importantes e atualiza\u00e7\u00e3o eficiente dos concursos p\u00fablicos.","url":"https:\/\/www.estrategiaconcursos.com.br\/blog\/author\/bruna-andrade\/"}]}},"_links":{"self":[{"href":"https:\/\/www.estrategiaconcursos.com.br\/blog\/wp-json\/wp\/v2\/posts\/1150348","targetHints":{"allow":["GET"]}}],"collection":[{"href":"https:\/\/www.estrategiaconcursos.com.br\/blog\/wp-json\/wp\/v2\/posts"}],"about":[{"href":"https:\/\/www.estrategiaconcursos.com.br\/blog\/wp-json\/wp\/v2\/types\/post"}],"author":[{"embeddable":true,"href":"https:\/\/www.estrategiaconcursos.com.br\/blog\/wp-json\/wp\/v2\/users\/1206"}],"replies":[{"embeddable":true,"href":"https:\/\/www.estrategiaconcursos.com.br\/blog\/wp-json\/wp\/v2\/comments?post=1150348"}],"version-history":[{"count":16,"href":"https:\/\/www.estrategiaconcursos.com.br\/blog\/wp-json\/wp\/v2\/posts\/1150348\/revisions"}],"predecessor-version":[{"id":1183233,"href":"https:\/\/www.estrategiaconcursos.com.br\/blog\/wp-json\/wp\/v2\/posts\/1150348\/revisions\/1183233"}],"wp:featuredmedia":[{"embeddable":true,"href":"https:\/\/www.estrategiaconcursos.com.br\/blog\/wp-json\/wp\/v2\/media\/1076486"}],"wp:attachment":[{"href":"https:\/\/www.estrategiaconcursos.com.br\/blog\/wp-json\/wp\/v2\/media?parent=1150348"}],"wp:term":[{"taxonomy":"category","embeddable":true,"href":"https:\/\/www.estrategiaconcursos.com.br\/blog\/wp-json\/wp\/v2\/categories?post=1150348"},{"taxonomy":"post_tag","embeddable":true,"href":"https:\/\/www.estrategiaconcursos.com.br\/blog\/wp-json\/wp\/v2\/tags?post=1150348"},{"taxonomy":"tax_estado","embeddable":true,"href":"https:\/\/www.estrategiaconcursos.com.br\/blog\/wp-json\/wp\/v2\/tax_estado?post=1150348"}],"curies":[{"name":"wp","href":"https:\/\/api.w.org\/{rel}","templated":true}]}}