{"id":1149865,"date":"2026-01-09T11:00:00","date_gmt":"2026-01-09T14:00:00","guid":{"rendered":"https:\/\/www.estrategiaconcursos.com.br\/blog\/?p=1149865"},"modified":"2026-01-10T11:10:18","modified_gmt":"2026-01-10T14:10:18","slug":"concurso-cnen","status":"publish","type":"post","link":"https:\/\/www.estrategiaconcursos.com.br\/blog\/concurso-cnen\/","title":{"rendered":"Concurso CNEN: novo edital \u00e9 solicitado para 2026"},"content":{"rendered":"<a id=\"cta-icon\" href=\"https:\/\/www.redirectmais.com\/wpp\/cnen-grupo\" target=\"blank\" style=\"background:rgb(41,166,26)\">\n            <img decoding=\"async\" src=\"https:\/\/dhg1h5j42swfq.cloudfront.net\/2024\/01\/03154041\/whatsapp_13851.png\" alt=\"\" alt=\"whatsapp_13851\"><span > Acesse agora o Grupo de Estudos para o Concurso CNEN<\/span><\/a>\n\n\n\n<div style=\"height:44px\" aria-hidden=\"true\" class=\"wp-block-spacer\"><\/div>\n\n\n\n<p>Um novo <strong>concurso CNEN<\/strong> <strong>(<a href=\"https:\/\/www.estrategiaconcursos.com.br\/cursosPorConcurso\/cnen\/\" target=\"_blank\" rel=\"noreferrer noopener\">Comiss\u00e3o Nacional de Energia Nuclear<\/a>)<\/strong> foi solicitado ao <strong>MGI <\/strong>(Minist\u00e9rio da Gest\u00e3o e da Inova\u00e7\u00e3o em Servi\u00e7os P\u00fablicos).<\/p>\n\n\n\n<p>De acordo com o <a href=\"https:\/\/dhg1h5j42swfq.cloudfront.net\/2025\/12\/09112138\/aaaaaaa.webp\" target=\"_blank\" rel=\"noreferrer noopener nofollow\">documento oficial<\/a> do Congresso Nacional, a autarquia <strong>solicitou diretamente ao Minist\u00e9rio da Gest\u00e3o e da Inova\u00e7\u00e3o em Servi\u00e7os P\u00fablicos (MGI)<\/strong>.<\/p>\n\n\n\n<p>O pedido foi feito em conjunto com a Autoridade Nacional de Seguran\u00e7a Nuclear (ANSN) e tem como principal objetivo a <strong>recomposi\u00e7\u00e3o do quadro de servidores<\/strong>, atualmente considerado insuficiente para atender \u00e0s demandas do \u00f3rg\u00e3o.<\/p>\n\n\n\n<ul id=\"block-231634f3-eaf5-40ef-94a6-b10c4dbd7401\" class=\"wp-block-list has-very-light-gray-to-cyan-bluish-gray-gradient-background has-background\">\n<li><strong>Comiss\u00e3o de Energia Nuclear<\/strong> <strong>&#8211; CNEN<\/strong><\/li>\n\n\n\n<li><strong>Status:<\/strong>&nbsp;homologado (2025)\/novo edital solicitado<\/li>\n\n\n\n<li><strong>Banca:&nbsp;<\/strong>a definir<\/li>\n\n\n\n<li><strong>Vagas:&nbsp;<\/strong>a definir<\/li>\n\n\n\n<li><strong>Sal\u00e1rio inicial:&nbsp;<\/strong>R$ 3.867,27 a R$ 14.734,44 (\u00faltimo edital)<\/li>\n\n\n\n<li><strong>\u00daltimo edital retificado:&nbsp;<\/strong><a href=\"https:\/\/dhg1h5j42swfq.cloudfront.net\/2025\/02\/25113034\/2025022510504253.pdf\" target=\"_blank\" rel=\"noreferrer noopener nofollow\">CNEN 2025<\/a><\/li>\n<\/ul>\n\n\n\n<p>Vale refor\u00e7ar que o \u00faltimo edital publicado teve algumas <span style=\"text-decoration: underline;\">nomea\u00e7\u00f5es autorizadas<\/span>. De acordo com o documento divulgado no Di\u00e1rio Oficial da Uni\u00e3o (DOU), <strong>150 pessoas candidatas<\/strong> integrar\u00e3o o \u00f3rg\u00e3o, al\u00e9m da Autoridade Nacional de Seguran\u00e7a Nuclear (<strong>ANSN<\/strong>).<\/p>\n\n\n\n<p>Embora haja <strong>50 aprovados em concurso p\u00fablico com nomea\u00e7\u00e3o j\u00e1 autorizada<\/strong> e outros <strong>205 candidatos em cadastro de reserva<\/strong>, o pr\u00f3prio \u00f3rg\u00e3o reconhece que essas medidas n\u00e3o s\u00e3o suficientes para suprir o d\u00e9ficit atual.<\/p>\n\n\n\n<ul class=\"wp-block-list\">\n<li><strong><a href=\"https:\/\/dhg1h5j42swfq.cloudfront.net\/2025\/10\/15060159\/portaria-mgi-no-11-168-de-12-de-dezembro-de-2025-portaria-mgi-no-11-168-de-12-de-dezembro-de-2025-dou-imprensa-nacional.pdf\" target=\"_blank\" rel=\"noreferrer noopener nofollow\">Nomea\u00e7\u00f5es autorizadas<\/a> | <a href=\"https:\/\/dhg1h5j42swfq.cloudfront.net\/2025\/06\/03062619\/edital-no-6_2025-homolocacao-do-resultado-final-do-concurso-publico-edital-no-6_2025-homolocacao-do-resultado-final-do-concurso-publico-dou-imprensa-nacional.pdf\" target=\"_blank\" rel=\"noreferrer noopener nofollow\">Homologa\u00e7\u00e3o<\/a><\/strong><\/li>\n<\/ul>\n\n\n\n<p>O certame ter\u00e1 a validade de 2 (dois) anos contados, isto \u00e9, at\u00e9 outubro de 2027, podendo ser prorrogado uma \u00fanica vez por igual per\u00edodo. A organiza\u00e7\u00e3o ficou por conta do <a href=\"https:\/\/www.iades.com.br\/inscricao\/ProcessoSeletivo.aspx?id=a4918d9286\" target=\"_blank\" rel=\"noreferrer noopener\">IADES<\/a>.<\/p>\n\n\n\n<p>Ademais, o edital ofereceu <strong>150 vagas <\/strong>para cargos com sal\u00e1rios iniciais bem atrativos, entre <strong>R$ 3.867,27 e R$ 14.734,44.<\/strong> No total, <strong><a href=\"https:\/\/www.iades.com.br\/inscricao\/upload\/1351\/2025040472359593.pdf\" target=\"_blank\" rel=\"noreferrer noopener nofollow\">5.677 candidatos<\/a> se inscreveram na sele\u00e7\u00e3o.<\/strong><\/p>\n\n\n\n<p>As oportunidades s\u00e3o para os cargos de Pesquisador I, Analista em Ci\u00eancia e Tecnologia, Tecnologista Classe A Padr\u00e3o I e T\u00e9cnico Classe A Padr\u00e3o I.<\/p>\n\n\n\n<p>Confira neste artigo os principais detalhes sobre o concurso CNEN. Acompanhe os t\u00f3picos abaixo e n\u00e3o perca nenhum detalhe:<\/p>\n\n\n\n<ul id=\"indice\" class=\"wp-block-list\">\n<li><a href=\"#cargos\"><strong>Cargos e vagas<\/strong><\/a>\n<ul class=\"wp-block-list\">\n<li><a href=\"#medio\">N\u00edvel m\u00e9dio<\/a><\/li>\n\n\n\n<li><a href=\"#superior\">N\u00edvel superior<\/a><\/li>\n<\/ul>\n<\/li>\n\n\n\n<li><strong><a href=\"#carreira\">Carreira<\/a><\/strong>\n<ul class=\"wp-block-list\">\n<li><a href=\"#h-requisitos\">Requisitos<\/a><\/li>\n\n\n\n<li><a href=\"#h-atribuicoes\">Atribui\u00e7\u00f5es<\/a><\/li>\n<\/ul>\n<\/li>\n\n\n\n<li><a href=\"#etapas\"><strong>Etapas e provas<\/strong><\/a>\n<ul class=\"wp-block-list\">\n<li><a href=\"#objetivas\">Provas objetivas<\/a><\/li>\n\n\n\n<li><a href=\"#discursiva\">Provas discursivas<\/a><\/li>\n\n\n\n<li><a href=\"#oral\">Prova oral<\/a><\/li>\n\n\n\n<li><a href=\"#defesa\">Defesa Memorial<\/a><\/li>\n<\/ul>\n<\/li>\n\n\n\n<li><a href=\"#sobre\"><strong>Sobre a CNEN<\/strong><\/a><\/li>\n\n\n\n<li><strong><a href=\"#cursos\">Cursos e assinaturas<\/a><\/strong><\/li>\n\n\n\n<li><strong><a href=\"#ficha\">Ficha t\u00e9cnica<\/a><\/strong><\/li>\n<\/ul>\n\n\n\n<div class=\"container\" id=\"boxes\">\n  <div class=\"row\">\n\n    <div class=\"col-sm\">\n      <div class=\"banner-federais\" id=\"box-assinatura\">\n        <h2 class=\"titulo-assinatura\">Concurso CNEN<\/h2>\n        <p class=\"subtitulo-assinatura\">Prepara\u00e7\u00e3o completa para o concurso!<\/p>\n        <div class=\"box-botao\">\n          <a class=\"btn-assinatura\" target=\"_blank\" href=\"https:\/\/www.estrategiaconcursos.com.br\/cursosPorConcurso\/cnen\/\" role=\"button\" rel=\"noopener noreferrer\">VER CURSOS<\/a>\n        <\/div>\n      <\/div>\n     \n    <\/div>\n\n  <\/div>\n<\/div>\n\n\n\n<h2 class=\"wp-block-heading\" id=\"cargos\">Cargos e vagas do \u00faltimo concurso CNEN<\/h2>\n\n\n\n<p>As oportunidades ser\u00e3o para as unidades localizadas nas seguintes cidades: <strong>Rio de Janeiro, S\u00e3o Paulo, Belo Horizonte, Recife, Abadia de Goi\u00e1s, Po\u00e7os de Caldas e Bras\u00edlia<\/strong>.<\/p>\n\n\n\n<figure class=\"wp-block-image aligncenter size-full\"><img loading=\"lazy\" decoding=\"async\" width=\"908\" height=\"711\" src=\"https:\/\/dhg1h5j42swfq.cloudfront.net\/2025\/02\/03101453\/image-15.png\" alt=\"\" class=\"wp-image-1526430\" srcset=\"https:\/\/dhg1h5j42swfq.cloudfront.net\/2025\/02\/03101453\/image-15.png 908w, https:\/\/dhg1h5j42swfq.cloudfront.net\/2025\/02\/03101453\/image-15-300x235.png 300w, https:\/\/dhg1h5j42swfq.cloudfront.net\/2025\/02\/03101453\/image-15-768x601.png 768w, https:\/\/dhg1h5j42swfq.cloudfront.net\/2025\/02\/03101453\/image-15-150x117.png 150w\" sizes=\"auto, (max-width: 908px) 100vw, 908px\" \/><\/figure>\n\n\n\n<h3 class=\"wp-block-heading\" id=\"medio\">N\u00edvel m\u00e9dio<\/h3>\n\n\n\n<figure class=\"wp-block-table is-style-stripes\"><table class=\"has-fixed-layout\"><thead><tr><th class=\"has-text-align-center\" data-align=\"center\">Cargos<\/th><th class=\"has-text-align-center\" data-align=\"center\">Vagas<\/th><\/tr><\/thead><tbody><tr><td class=\"has-text-align-center\" data-align=\"center\">T\u00e9cnico <\/td><td class=\"has-text-align-center\" data-align=\"center\">30<\/td><\/tr><tr><td class=\"has-text-align-center\" data-align=\"center\"><\/td><td class=\"has-text-align-center\" data-align=\"center\"><\/td><\/tr><\/tbody><\/table><\/figure>\n\n\n\n<figure class=\"wp-block-image aligncenter size-full\"><img loading=\"lazy\" decoding=\"async\" width=\"892\" height=\"181\" src=\"https:\/\/dhg1h5j42swfq.cloudfront.net\/2025\/01\/02101542\/image-7.png\" alt=\"\" class=\"wp-image-1526295\" srcset=\"https:\/\/dhg1h5j42swfq.cloudfront.net\/2025\/01\/02101542\/image-7.png 892w, https:\/\/dhg1h5j42swfq.cloudfront.net\/2025\/01\/02101542\/image-7-300x61.png 300w, https:\/\/dhg1h5j42swfq.cloudfront.net\/2025\/01\/02101542\/image-7-768x156.png 768w, https:\/\/dhg1h5j42swfq.cloudfront.net\/2025\/01\/02101542\/image-7-150x30.png 150w\" sizes=\"auto, (max-width: 892px) 100vw, 892px\" \/><figcaption class=\"wp-element-caption\">Remunera\u00e7\u00f5es cargo de T\u00e9cnico<\/figcaption><\/figure>\n\n\n\n<h3 class=\"wp-block-heading\" id=\"superior\">N\u00edvel superior<\/h3>\n\n\n\n<figure class=\"wp-block-table is-style-stripes\"><table class=\"has-fixed-layout\"><thead><tr><th class=\"has-text-align-center\" data-align=\"center\">Cargos<\/th><th class=\"has-text-align-center\" data-align=\"center\">Vagas<\/th><\/tr><\/thead><tbody><tr><td class=\"has-text-align-center\" data-align=\"center\">Tecnologista <\/td><td class=\"has-text-align-center\" data-align=\"center\">80<\/td><\/tr><tr><td class=\"has-text-align-center\" data-align=\"center\">Pesquisador <\/td><td class=\"has-text-align-center\" data-align=\"center\">15<\/td><\/tr><tr><td class=\"has-text-align-center\" data-align=\"center\">Analista em Ci\u00eancia e Tecnologia<\/td><td class=\"has-text-align-center\" data-align=\"center\">30<\/td><\/tr><\/tbody><\/table><\/figure>\n\n\n\n<figure class=\"wp-block-image aligncenter size-full is-resized\"><img loading=\"lazy\" decoding=\"async\" width=\"871\" height=\"223\" src=\"https:\/\/dhg1h5j42swfq.cloudfront.net\/2025\/01\/03075509\/aaa.png\" alt=\"\" class=\"wp-image-1526299\" style=\"width:688px;height:auto\" srcset=\"https:\/\/dhg1h5j42swfq.cloudfront.net\/2025\/01\/03075509\/aaa.png 871w, https:\/\/dhg1h5j42swfq.cloudfront.net\/2025\/01\/03075509\/aaa-300x77.png 300w, https:\/\/dhg1h5j42swfq.cloudfront.net\/2025\/01\/03075509\/aaa-768x197.png 768w, https:\/\/dhg1h5j42swfq.cloudfront.net\/2025\/01\/03075509\/aaa-150x38.png 150w\" sizes=\"auto, (max-width: 871px) 100vw, 871px\" \/><\/figure>\n\n\n\n<figure class=\"wp-block-image aligncenter size-full\"><img loading=\"lazy\" decoding=\"async\" width=\"696\" height=\"133\" src=\"https:\/\/dhg1h5j42swfq.cloudfront.net\/2025\/01\/03075538\/asdsaa.png\" alt=\"\" class=\"wp-image-1526300\" srcset=\"https:\/\/dhg1h5j42swfq.cloudfront.net\/2025\/01\/03075538\/asdsaa.png 696w, https:\/\/dhg1h5j42swfq.cloudfront.net\/2025\/01\/03075538\/asdsaa-300x57.png 300w, https:\/\/dhg1h5j42swfq.cloudfront.net\/2025\/01\/03075538\/asdsaa-150x29.png 150w\" sizes=\"auto, (max-width: 696px) 100vw, 696px\" \/><figcaption class=\"wp-element-caption\">Remunera\u00e7\u00f5es cargos de n\u00edvel superior<\/figcaption><\/figure>\n\n\n\n<h2 class=\"wp-block-heading\" id=\"carreira\">Carreira na CNEN<\/h2>\n\n\n\n<h3 class=\"wp-block-heading\" id=\"h-requisitos\">Requisitos<\/h3>\n\n\n\n<p><strong>Tecnologista J\u00fanior: <\/strong>Diploma ou certificado de conclus\u00e3o do curso de bacharelado em \u00e1reas espec\u00edficas, conforme determinado no edital.<\/p>\n\n\n\n<p><strong>Tecnologista Pleno: <\/strong>Diploma ou certificado de conclus\u00e3o do curso de bacharelado em \u00e1reas espec\u00edficas, conforme determinado no edital + requisitos espec\u00edficos, como possuir Mestrado, ter participado de atividades na \u00e1rea, participado de pesquisas, entre outros.<\/p>\n\n\n\n<p><strong>Analista em Ci\u00eancia e Tecnologia:<\/strong> Diploma ou certificado de conclus\u00e3o do curso de bacharelado em \u00e1reas espec\u00edficas, conforme determinado no edital.<\/p>\n\n\n\n<p><strong>T\u00e9cnico:<\/strong> Diploma ou certificado de conclus\u00e3o de curso de ensino m\u00e9dio + t\u00e9cnico em em \u00e1reas espec\u00edficas, conforme determinado no edital.<\/p>\n\n\n\n<p><strong>Pesquisador:<\/strong> Diploma, devidamente registrado, de conclus\u00e3o de Doutorado em em \u00e1reas espec\u00edficas, conforme determinado no edital.<\/p>\n\n\n\n<h3 class=\"wp-block-heading\" id=\"h-atribuicoes\">Atribui\u00e7\u00f5es<\/h3>\n\n\n\n<p><strong>Tecnologista:<\/strong> atribui\u00e7\u00f5es de n\u00edvel superior, destinadas a profissionais habilitados a exercer atividades espec\u00edficas de pesquisa e desenvolvimento tecnol\u00f3gico ou necess\u00e1rias \u00e0 atua\u00e7\u00e3o t\u00e9cnica dos \u00f3rg\u00e3os ou entidades.<\/p>\n\n\n\n<p><strong>T\u00e9cnico:<\/strong> atribui\u00e7\u00f5es de n\u00edvel m\u00e9dio, destinadas a profissionais habilitados a exercer atividades espec\u00edficas de pesquisa e desenvolvimento tecnol\u00f3gico ou necess\u00e1rias \u00e0 atua\u00e7\u00e3o t\u00e9cnica dos \u00f3rg\u00e3os.<\/p>\n\n\n\n<p><strong>Analista em Ci\u00eancia e Tecnologia: <\/strong>atribui\u00e7\u00f5es de n\u00edvel superior, voltadas \u00e0s atividades especializadas de apoio \u00e0 dire\u00e7\u00e3o, coordena\u00e7\u00e3o, organiza\u00e7\u00e3o, planejamento, controle e avalia\u00e7\u00e3o de projetos de pesquisa e desenvolvimento na \u00e1rea de Ci\u00eancia e Tecnologia.<\/p>\n\n\n\n<p><strong>Pesquisador: <\/strong>atribui\u00e7\u00f5es de n\u00edvel superior, voltadas para atividades espec\u00edficas de pesquisa cient\u00edfica e tecnol\u00f3gica ou necess\u00e1rias \u00e0 atua\u00e7\u00e3o t\u00e9cnica dos \u00f3rg\u00e3os.<\/p>\n\n\n\n<h2 class=\"wp-block-heading\" id=\"etapas\">Etapas e provas do \u00faltimo concurso CNEN<\/h2>\n\n\n\n<p>Os candidatos enfrentaram as seguintes etapas:<\/p>\n\n\n\n<ul class=\"wp-block-list\">\n<li>Prova objetiva, de car\u00e1ter eliminat\u00f3rio e classificat\u00f3rio;<\/li>\n\n\n\n<li>Prova discursiva, de car\u00e1ter eliminat\u00f3rio e classificat\u00f3rio;<\/li>\n\n\n\n<li>Prova oral de car\u00e1ter, eliminat\u00f3rio e classificat\u00f3rio;<\/li>\n\n\n\n<li>Defesa de memorial, de car\u00e1ter eliminat\u00f3rio e classificat\u00f3rio; e<\/li>\n\n\n\n<li>Avalia\u00e7\u00e3o de t\u00edtulos e experi\u00eancia profissional, de car\u00e1ter classificat\u00f3rio<\/li>\n<\/ul>\n\n\n\n<h3 class=\"wp-block-heading\" id=\"objetivas\">Provas objetivas<\/h3>\n\n\n\n<p>Os cargos enfrentaram uma ou mais fases do concurso conforme o seguinte:<\/p>\n\n\n\n<ul class=\"wp-block-list\">\n<li>a) Para o cargo de Pesquisador Classe B Padr\u00e3o I \u2013 PES: prova objetiva, prova oral, defesa de memorial e avalia\u00e7\u00e3o de t\u00edtulos e experi\u00eancia profissional.<\/li>\n\n\n\n<li>b) Para o cargo de Analista em Ci\u00eancia e Tecnologia Classe A Padr\u00e3o I \u2013 ANA: prova objetiva, prova discursiva e avalia\u00e7\u00e3o de t\u00edtulos e experi\u00eancia profissional.<\/li>\n\n\n\n<li>c) Para o cargo de Tecnologista Classe A Padr\u00e3o I (Fun\u00e7\u00e3o: Gest\u00e3o e Governan\u00e7a T\u00e9cnica) \u2013 TEL: prova objetiva, prova discursiva e avalia\u00e7\u00e3o de t\u00edtulos e experi\u00eancia profissional.<\/li>\n\n\n\n<li>d) Para o cargo de Tecnologista Classe A Padr\u00e3o I (Fun\u00e7\u00e3o: Desenvolvimento Nuclear \/ Regula\u00e7\u00e3o e Fiscaliza\u00e7\u00e3o) \u2013 TEL: prova objetiva, prova oral e avalia\u00e7\u00e3o de t\u00edtulos e experi\u00eancia profissional.<\/li>\n\n\n\n<li>e) Para o cargo de T\u00e9cnico Classe A Padr\u00e3o I \u2013 TEC: prova objetiva e avalia\u00e7\u00e3o de t\u00edtulos e experi\u00eancia profissional.<\/li>\n\n\n\n<li>f) Excepcionalmente, para os perfis de c\u00f3digos 306 (TEL04), 418 (TEL11), 419 (TEL11), 420 (TEL11) e 421 (TEL11), embora n\u00e3o tenham como fun\u00e7\u00e3o Gest\u00e3o e Governan\u00e7a T\u00e9cnica, as fases do concurso ser\u00e3o: prova objetiva, prova discursiva e avalia\u00e7\u00e3o de t\u00edtulos e experi\u00eancia profissional.<\/li>\n<\/ul>\n\n\n\n<h3 class=\"wp-block-heading\" id=\"h-provas-objetivas\">Provas objetivas<\/h3>\n\n\n\n<p>A prova objetiva foi composta de 60 quest\u00f5es de m\u00faltipla escolha com cinco alternativas em cada quest\u00e3o para escolha de 1 (uma) \u00fanica resposta correta.<\/p>\n\n\n\n<p>A pontua\u00e7\u00e3o total teve a varia\u00e7\u00e3o entre o m\u00ednimo de 0,00 ponto e o m\u00e1ximo de 80,00, de acordo com os conte\u00fados program\u00e1ticos definidos abaixo:<\/p>\n\n\n\n<figure class=\"wp-block-image aligncenter size-full\"><img loading=\"lazy\" decoding=\"async\" width=\"839\" height=\"328\" src=\"https:\/\/dhg1h5j42swfq.cloudfront.net\/2025\/02\/03075928\/image-7.png\" alt=\"provas concurso CNEN\" class=\"wp-image-1526306\" srcset=\"https:\/\/dhg1h5j42swfq.cloudfront.net\/2025\/02\/03075928\/image-7.png 839w, https:\/\/dhg1h5j42swfq.cloudfront.net\/2025\/02\/03075928\/image-7-300x117.png 300w, https:\/\/dhg1h5j42swfq.cloudfront.net\/2025\/02\/03075928\/image-7-768x300.png 768w, https:\/\/dhg1h5j42swfq.cloudfront.net\/2025\/02\/03075928\/image-7-150x59.png 150w\" sizes=\"auto, (max-width: 839px) 100vw, 839px\" \/><figcaption class=\"wp-element-caption\">Provas objetivas<\/figcaption><\/figure>\n\n\n\n<h3 class=\"wp-block-heading\" id=\"discursiva\">Prova discursiva<\/h3>\n\n\n\n<p>A prova discursiva teve o objetivo de avaliar a capacidade de express\u00e3o na modalidade escrita e o uso das normas do registro formal culto da l\u00edngua portuguesa, com base em proposta apresentada pela Banca Examinadora e relacionada aos Conhecimentos Espec\u00edficos de acordo com a especialidade do cargo.<\/p>\n\n\n\n<p>Sendo assim, esta etapa consistiu na elabora\u00e7\u00e3o de texto dissertativo-argumentativo, com extens\u00e3o m\u00ednima de 7 (sete) linhas e m\u00e1xima de 30, com base no conhecimento espec\u00edfico de cada especialidade, primando pela clareza, precis\u00e3o, consist\u00eancia e concis\u00e3o.<\/p>\n\n\n\n<h3 class=\"wp-block-heading\" id=\"oral\">Prova oral<\/h3>\n\n\n\n<p>A prova oral, de car\u00e1ter eliminat\u00f3rio e classificat\u00f3rio, valeu 30,00 pontos. Esta etapa foi realizada na cidade em que o candidato realizou a prova objetiva.<\/p>\n\n\n\n<h3 class=\"wp-block-heading\" id=\"defesa\">Defesa de memorial<\/h3>\n\n\n\n<p>Foram convocados para a realiza\u00e7\u00e3o da defesa de memorial e da prova oral os candidatos aprovados na prova objetiva e classificados nas posi\u00e7\u00f5es.<\/p>\n\n\n\n<h2 class=\"wp-block-heading\" id=\"sobre\">Sobre a CNEN<\/h2>\n\n\n\n<p>A <a href=\"https:\/\/www.gov.br\/cnen\/pt-br\" target=\"_blank\" rel=\"noreferrer noopener\">Comiss\u00e3o Nacional de Energia Nuclear<\/a> \u00e9 uma autarquia federal vinculada ao Minist\u00e9rio da Ci\u00eancia, Tecnologia e Inova\u00e7\u00f5es (MCTI), criada para desenvolver a pol\u00edtica nacional de energia nuclear. <\/p>\n\n\n\n<p>\u00d3rg\u00e3o superior de planejamento, orienta\u00e7\u00e3o, supervis\u00e3o e fiscaliza\u00e7\u00e3o, a CNEN estabelece normas e regulamentos em radioprote\u00e7\u00e3o e \u00e9 respons\u00e1vel por regular, licenciar e fiscalizar a produ\u00e7\u00e3o e o uso da energia nuclear no Brasil.<\/p>\n\n\n\n<hr class=\"wp-block-separator has-alpha-channel-opacity\"\/>\n\n\n\n<h2 class=\"wp-block-heading has-text-align-center\" id=\"cursos\"><em>Quer estudar para o concurso CNEN?<\/em><\/h2>\n\n\n\n<div class=\"container\" id=\"boxes\">\n  <div class=\"row\">\n\n    <div class=\"col-sm\">\n      <div class=\"banner-federais\" id=\"box-assinatura\">\n        <h2 class=\"titulo-assinatura\">Concurso CNEN<\/h2>\n        <p class=\"subtitulo-assinatura\">Prepara\u00e7\u00e3o completa para o concurso!<\/p>\n        <div class=\"box-botao\">\n          <a class=\"btn-assinatura\" target=\"_blank\" href=\"https:\/\/www.estrategiaconcursos.com.br\/cursosPorConcurso\/cnen\/\" role=\"button\" rel=\"noopener noreferrer\">VER CURSOS<\/a>\n        <\/div>\n      <\/div>\n     \n    <\/div>\n\n  <\/div>\n<\/div>\n\n\n\n<div class=\"container\" id=\"boxes\">\n  <div class=\"row\">\n\n    <div class=\"col-sm\">\n      <div class=\"estrategia\" id=\"box-assinatura\">\n        <h3 class=\"titulo-assinatura\">Assinatura Concursos<\/h3>\n        <p class=\"subtitulo-assinatura\">Assinatura de 1 ano ou 2 anos<\/p>\n        <div class=\"box-botao\">\n          <a class=\"btn-assinatura\" target=\"_blank\" href=\"https:\/\/www.estrategiaconcursos.com.br\/assinaturas\/\" role=\"button\" rel=\"noopener noreferrer\">ASSINE AGORA<\/a>\n        <\/div>\n      <\/div><\/div><\/div><\/div>\n\n\n\n<h2 class=\"wp-block-heading has-text-align-center\" id=\"h-quer-saber-tudo-sobre-concursos-previstos-confira-nossos-artigos\">Quer saber tudo sobre concursos previstos?<br \/>Confira nossos artigos!<\/h2>\n\n\n\n<ul class=\"wp-block-list\">\n<li><a href=\"https:\/\/www.estrategiaconcursos.com.br\/blog\/concursos-abertos\/\" target=\"_blank\" rel=\"noreferrer noopener\">Concursos Abertos<\/a><\/li>\n\n\n\n<li><a href=\"https:\/\/www.estrategiaconcursos.com.br\/blog\/concursos-federais\/\">Concursos Federais<\/a><\/li>\n\n\n\n<li><a href=\"https:\/\/www.estrategiaconcursos.com.br\/blog\/concursos-2026\/\" target=\"_blank\" rel=\"noreferrer noopener\">Concursos 2026<\/a><\/li>\n<\/ul>\n\n\n\n<figure class=\"wp-block-image is-resized\"><img loading=\"lazy\" decoding=\"async\" width=\"1024\" height=\"632\" src=\"https:\/\/dhg1h5j42swfq.cloudfront.net\/2021\/07\/09085319\/ficha-tecnica-2-1024x632.png\" alt=\"Informa\u00e7\u00f5es do novo concurso CNEN\" class=\"wp-image-790861\" style=\"width:240px;height:148px\" srcset=\"https:\/\/dhg1h5j42swfq.cloudfront.net\/2021\/07\/09085319\/ficha-tecnica-2-1024x632.png 1024w, https:\/\/dhg1h5j42swfq.cloudfront.net\/2021\/07\/09085319\/ficha-tecnica-2-300x185.png 300w, https:\/\/dhg1h5j42swfq.cloudfront.net\/2021\/07\/09085319\/ficha-tecnica-2-768x474.png 768w, https:\/\/dhg1h5j42swfq.cloudfront.net\/2021\/07\/09085319\/ficha-tecnica-2-1536x948.png 1536w, https:\/\/dhg1h5j42swfq.cloudfront.net\/2021\/07\/09085319\/ficha-tecnica-2-610x377.png 610w, https:\/\/dhg1h5j42swfq.cloudfront.net\/2021\/07\/09085319\/ficha-tecnica-2.png 1571w\" sizes=\"auto, (max-width: 1024px) 100vw, 1024px\" \/><\/figure>\n\n\n\n<h3 class=\"wp-block-heading\" id=\"ficha\">Informa\u00e7\u00f5es do \u00faltimo concurso CNEN<\/h3>\n\n\n\n<ul class=\"wp-block-list\">\n<li><strong>Ano: <\/strong>2025<\/li>\n\n\n\n<li><strong>Banca:<\/strong> IADES<\/li>\n\n\n\n<li><strong>Vagas<\/strong>: 150<\/li>\n\n\n\n<li><strong>Cargos<\/strong>: Pesquisador I, Analista em Ci\u00eancia e Tecnologia, Tecnologista Classe A Padr\u00e3o I e T\u00e9cnico Classe A Padr\u00e3o I<\/li>\n\n\n\n<li><strong>Requisito<\/strong>:\u00a0n\u00edvel m\u00e9dio e superior<\/li>\n\n\n\n<li><strong>Edital retificado:\u00a0<\/strong><a href=\"https:\/\/dhg1h5j42swfq.cloudfront.net\/2025\/02\/25113034\/2025022510504253.pdf\" target=\"_blank\" rel=\"noreferrer noopener nofollow\">CNEN 2025<\/a><\/li>\n<\/ul>\n","protected":false},"excerpt":{"rendered":"<p>Um novo concurso CNEN (Comiss\u00e3o Nacional de Energia Nuclear) foi solicitado ao MGI (Minist\u00e9rio da Gest\u00e3o e da Inova\u00e7\u00e3o em Servi\u00e7os P\u00fablicos). De acordo com o documento oficial do Congresso Nacional, a autarquia solicitou diretamente ao Minist\u00e9rio da Gest\u00e3o e da Inova\u00e7\u00e3o em Servi\u00e7os P\u00fablicos (MGI). O pedido foi feito em conjunto com a Autoridade [&hellip;]<\/p>\n","protected":false},"author":1,"featured_media":1211503,"comment_status":"open","ping_status":"closed","sticky":false,"template":"","format":"standard","meta":{"post_tipo":"news_page","footnotes":""},"categories":[214992],"tags":[],"tax_estado":[219963],"class_list":["post-1149865","post","type-post","status-publish","format-standard","has-post-thumbnail","hentry","category-concursos-administrativos","tax_estado-concursos-federais"],"acf":[],"yoast_head":"<!-- This site is optimized with the Yoast SEO Premium plugin v27.2 (Yoast SEO v27.2) - https:\/\/yoast.com\/product\/yoast-seo-premium-wordpress\/ -->\n<title>Concurso CNEN: novo edital \u00e9 solicitado para 2026<\/title>\n<meta name=\"description\" content=\"Concurso CNEN: certame tem nomea\u00e7\u00f5es autorizadas! O edital ofereceu 150 vagas para m\u00e9dio e superior. Novo certame \u00e9 solicitado!\" \/>\n<meta name=\"robots\" content=\"index, follow, max-snippet:-1, max-image-preview:large, max-video-preview:-1\" \/>\n<link rel=\"canonical\" href=\"https:\/\/www.estrategiaconcursos.com.br\/blog\/concurso-cnen\/\" \/>\n<meta property=\"og:locale\" content=\"pt_BR\" \/>\n<meta property=\"og:type\" content=\"article\" \/>\n<meta property=\"og:title\" content=\"Concurso CNEN: novo edital \u00e9 solicitado para 2026\" \/>\n<meta property=\"og:description\" content=\"Concurso CNEN: certame tem nomea\u00e7\u00f5es autorizadas! O edital ofereceu 150 vagas para m\u00e9dio e superior. Novo certame \u00e9 solicitado!\" \/>\n<meta property=\"og:url\" content=\"https:\/\/www.estrategiaconcursos.com.br\/blog\/concurso-cnen\/\" \/>\n<meta property=\"og:site_name\" content=\"Estrat\u00e9gia Concursos\" \/>\n<meta property=\"article:author\" content=\"https:\/\/www.facebook.com\/EstrategiaConcursos\" \/>\n<meta property=\"article:published_time\" content=\"2026-01-09T14:00:00+00:00\" \/>\n<meta property=\"article:modified_time\" content=\"2026-01-10T14:10:18+00:00\" \/>\n<meta property=\"og:image\" content=\"https:\/\/dhg1h5j42swfq.cloudfront.net\/2023\/05\/05143455\/cnen.jpg\" \/>\n\t<meta property=\"og:image:width\" content=\"768\" \/>\n\t<meta property=\"og:image:height\" content=\"432\" \/>\n\t<meta property=\"og:image:type\" content=\"image\/jpeg\" \/>\n<meta name=\"author\" content=\"Coordena\u00e7\u00e3o\" \/>\n<meta name=\"twitter:card\" content=\"summary_large_image\" \/>\n<meta name=\"twitter:creator\" content=\"@EstratConcursos\" \/>\n<meta name=\"twitter:site\" content=\"@EstratConcursos\" \/>\n<meta name=\"twitter:label1\" content=\"Escrito por\" \/>\n\t<meta name=\"twitter:data1\" content=\"Coordena\u00e7\u00e3o\" \/>\n\t<meta name=\"twitter:label2\" content=\"Est. tempo de leitura\" \/>\n\t<meta name=\"twitter:data2\" content=\"7 minutos\" \/>\n<script type=\"application\/ld+json\" class=\"yoast-schema-graph\">{\"@context\":\"https:\/\/schema.org\",\"@graph\":[{\"@type\":\"NewsArticle\",\"@id\":\"https:\/\/www.estrategiaconcursos.com.br\/blog\/concurso-cnen\/#article\",\"isPartOf\":{\"@id\":\"https:\/\/www.estrategiaconcursos.com.br\/blog\/concurso-cnen\/\"},\"author\":{\"name\":\"Coordena\u00e7\u00e3o\",\"@id\":\"https:\/\/www.estrategiaconcursos.com.br\/blog\/#\/schema\/person\/b4a388c97673c5f483d72185668afa1f\"},\"headline\":\"Concurso CNEN: novo edital \u00e9 solicitado para 2026\",\"datePublished\":\"2026-01-09T14:00:00+00:00\",\"dateModified\":\"2026-01-10T14:10:18+00:00\",\"mainEntityOfPage\":{\"@id\":\"https:\/\/www.estrategiaconcursos.com.br\/blog\/concurso-cnen\/\"},\"wordCount\":1372,\"commentCount\":0,\"publisher\":{\"@id\":\"https:\/\/www.estrategiaconcursos.com.br\/blog\/#organization\"},\"image\":{\"@id\":\"https:\/\/www.estrategiaconcursos.com.br\/blog\/concurso-cnen\/#primaryimage\"},\"thumbnailUrl\":\"https:\/\/dhg1h5j42swfq.cloudfront.net\/2023\/05\/05143455\/cnen.jpg\",\"articleSection\":[\"Executivo (Administrativa)\"],\"inLanguage\":\"pt-BR\",\"potentialAction\":[{\"@type\":\"CommentAction\",\"name\":\"Comment\",\"target\":[\"https:\/\/www.estrategiaconcursos.com.br\/blog\/concurso-cnen\/#respond\"]}],\"copyrightYear\":\"2026\",\"copyrightHolder\":{\"@id\":\"https:\/\/www.estrategiaconcursos.com.br\/blog\/#organization\"}},{\"@type\":\"WebPage\",\"@id\":\"https:\/\/www.estrategiaconcursos.com.br\/blog\/concurso-cnen\/\",\"url\":\"https:\/\/www.estrategiaconcursos.com.br\/blog\/concurso-cnen\/\",\"name\":\"Concurso CNEN: novo edital \u00e9 solicitado para 2026\",\"isPartOf\":{\"@id\":\"https:\/\/www.estrategiaconcursos.com.br\/blog\/#website\"},\"primaryImageOfPage\":{\"@id\":\"https:\/\/www.estrategiaconcursos.com.br\/blog\/concurso-cnen\/#primaryimage\"},\"image\":{\"@id\":\"https:\/\/www.estrategiaconcursos.com.br\/blog\/concurso-cnen\/#primaryimage\"},\"thumbnailUrl\":\"https:\/\/dhg1h5j42swfq.cloudfront.net\/2023\/05\/05143455\/cnen.jpg\",\"datePublished\":\"2026-01-09T14:00:00+00:00\",\"dateModified\":\"2026-01-10T14:10:18+00:00\",\"description\":\"Concurso CNEN: certame tem nomea\u00e7\u00f5es autorizadas! O edital ofereceu 150 vagas para m\u00e9dio e superior. Novo certame \u00e9 solicitado!\",\"breadcrumb\":{\"@id\":\"https:\/\/www.estrategiaconcursos.com.br\/blog\/concurso-cnen\/#breadcrumb\"},\"inLanguage\":\"pt-BR\",\"potentialAction\":[{\"@type\":\"ReadAction\",\"target\":[\"https:\/\/www.estrategiaconcursos.com.br\/blog\/concurso-cnen\/\"]}]},{\"@type\":\"ImageObject\",\"inLanguage\":\"pt-BR\",\"@id\":\"https:\/\/www.estrategiaconcursos.com.br\/blog\/concurso-cnen\/#primaryimage\",\"url\":\"https:\/\/dhg1h5j42swfq.cloudfront.net\/2023\/05\/05143455\/cnen.jpg\",\"contentUrl\":\"https:\/\/dhg1h5j42swfq.cloudfront.net\/2023\/05\/05143455\/cnen.jpg\",\"width\":768,\"height\":432,\"caption\":\"Concurso CNEN edital\"},{\"@type\":\"BreadcrumbList\",\"@id\":\"https:\/\/www.estrategiaconcursos.com.br\/blog\/concurso-cnen\/#breadcrumb\",\"itemListElement\":[{\"@type\":\"ListItem\",\"position\":1,\"name\":\"In\u00edcio\",\"item\":\"https:\/\/www.estrategiaconcursos.com.br\/blog\/\"},{\"@type\":\"ListItem\",\"position\":2,\"name\":\"Concurso CNEN: novo edital \u00e9 solicitado para 2026\"}]},{\"@type\":\"WebSite\",\"@id\":\"https:\/\/www.estrategiaconcursos.com.br\/blog\/#website\",\"url\":\"https:\/\/www.estrategiaconcursos.com.br\/blog\/\",\"name\":\"Estrat\u00e9gia Concursos\",\"description\":\"O blog da Estrat\u00e9gia Concursos traz not\u00edcias sobre concursos e artigos de professores oferecendo cursos para concursos (pdf + videaulas) no site.\",\"publisher\":{\"@id\":\"https:\/\/www.estrategiaconcursos.com.br\/blog\/#organization\"},\"potentialAction\":[{\"@type\":\"SearchAction\",\"target\":{\"@type\":\"EntryPoint\",\"urlTemplate\":\"https:\/\/www.estrategiaconcursos.com.br\/blog\/?s={search_term_string}\"},\"query-input\":{\"@type\":\"PropertyValueSpecification\",\"valueRequired\":true,\"valueName\":\"search_term_string\"}}],\"inLanguage\":\"pt-BR\"},{\"@type\":\"Organization\",\"@id\":\"https:\/\/www.estrategiaconcursos.com.br\/blog\/#organization\",\"name\":\"Estrat\u00e9gia Concursos\",\"url\":\"https:\/\/www.estrategiaconcursos.com.br\/blog\/\",\"logo\":{\"@type\":\"ImageObject\",\"inLanguage\":\"pt-BR\",\"@id\":\"https:\/\/www.estrategiaconcursos.com.br\/blog\/#\/schema\/logo\/image\/\",\"url\":\"https:\/\/dhg1h5j42swfq.cloudfront.net\/2025\/06\/03203428\/logo_concursos-1.jpg\",\"contentUrl\":\"https:\/\/dhg1h5j42swfq.cloudfront.net\/2025\/06\/03203428\/logo_concursos-1.jpg\",\"width\":230,\"height\":60,\"caption\":\"Estrat\u00e9gia Concursos\"},\"image\":{\"@id\":\"https:\/\/www.estrategiaconcursos.com.br\/blog\/#\/schema\/logo\/image\/\"},\"sameAs\":[\"https:\/\/x.com\/EstratConcursos\"]},{\"@type\":\"Person\",\"@id\":\"https:\/\/www.estrategiaconcursos.com.br\/blog\/#\/schema\/person\/b4a388c97673c5f483d72185668afa1f\",\"name\":\"Coordena\u00e7\u00e3o\",\"image\":{\"@type\":\"ImageObject\",\"inLanguage\":\"pt-BR\",\"@id\":\"https:\/\/secure.gravatar.com\/avatar\/b720319e4c9a967eb58678d110f4fe35452fc5d5f97b202bac7b8acceb18c6ad?s=96&d=mm&r=g\",\"url\":\"https:\/\/secure.gravatar.com\/avatar\/b720319e4c9a967eb58678d110f4fe35452fc5d5f97b202bac7b8acceb18c6ad?s=96&d=mm&r=g\",\"contentUrl\":\"https:\/\/secure.gravatar.com\/avatar\/b720319e4c9a967eb58678d110f4fe35452fc5d5f97b202bac7b8acceb18c6ad?s=96&d=mm&r=g\",\"caption\":\"Coordena\u00e7\u00e3o\"},\"sameAs\":[\"https:\/\/www.facebook.com\/EstrategiaConcursos\",\"https:\/\/x.com\/EstratConcursos\"],\"url\":\"https:\/\/www.estrategiaconcursos.com.br\/blog\/author\/estrategia2013\/\"}]}<\/script>\n<!-- \/ Yoast SEO Premium plugin. -->","yoast_head_json":{"title":"Concurso CNEN: novo edital \u00e9 solicitado para 2026","description":"Concurso CNEN: certame tem nomea\u00e7\u00f5es autorizadas! O edital ofereceu 150 vagas para m\u00e9dio e superior. Novo certame \u00e9 solicitado!","robots":{"index":"index","follow":"follow","max-snippet":"max-snippet:-1","max-image-preview":"max-image-preview:large","max-video-preview":"max-video-preview:-1"},"canonical":"https:\/\/www.estrategiaconcursos.com.br\/blog\/concurso-cnen\/","og_locale":"pt_BR","og_type":"article","og_title":"Concurso CNEN: novo edital \u00e9 solicitado para 2026","og_description":"Concurso CNEN: certame tem nomea\u00e7\u00f5es autorizadas! O edital ofereceu 150 vagas para m\u00e9dio e superior. Novo certame \u00e9 solicitado!","og_url":"https:\/\/www.estrategiaconcursos.com.br\/blog\/concurso-cnen\/","og_site_name":"Estrat\u00e9gia Concursos","article_author":"https:\/\/www.facebook.com\/EstrategiaConcursos","article_published_time":"2026-01-09T14:00:00+00:00","article_modified_time":"2026-01-10T14:10:18+00:00","og_image":[{"width":768,"height":432,"url":"https:\/\/dhg1h5j42swfq.cloudfront.net\/2023\/05\/05143455\/cnen.jpg","type":"image\/jpeg"}],"author":"Coordena\u00e7\u00e3o","twitter_card":"summary_large_image","twitter_creator":"@EstratConcursos","twitter_site":"@EstratConcursos","twitter_misc":{"Escrito por":"Coordena\u00e7\u00e3o","Est. tempo de leitura":"7 minutos"},"schema":{"@context":"https:\/\/schema.org","@graph":[{"@type":"NewsArticle","@id":"https:\/\/www.estrategiaconcursos.com.br\/blog\/concurso-cnen\/#article","isPartOf":{"@id":"https:\/\/www.estrategiaconcursos.com.br\/blog\/concurso-cnen\/"},"author":{"name":"Coordena\u00e7\u00e3o","@id":"https:\/\/www.estrategiaconcursos.com.br\/blog\/#\/schema\/person\/b4a388c97673c5f483d72185668afa1f"},"headline":"Concurso CNEN: novo edital \u00e9 solicitado para 2026","datePublished":"2026-01-09T14:00:00+00:00","dateModified":"2026-01-10T14:10:18+00:00","mainEntityOfPage":{"@id":"https:\/\/www.estrategiaconcursos.com.br\/blog\/concurso-cnen\/"},"wordCount":1372,"commentCount":0,"publisher":{"@id":"https:\/\/www.estrategiaconcursos.com.br\/blog\/#organization"},"image":{"@id":"https:\/\/www.estrategiaconcursos.com.br\/blog\/concurso-cnen\/#primaryimage"},"thumbnailUrl":"https:\/\/dhg1h5j42swfq.cloudfront.net\/2023\/05\/05143455\/cnen.jpg","articleSection":["Executivo (Administrativa)"],"inLanguage":"pt-BR","potentialAction":[{"@type":"CommentAction","name":"Comment","target":["https:\/\/www.estrategiaconcursos.com.br\/blog\/concurso-cnen\/#respond"]}],"copyrightYear":"2026","copyrightHolder":{"@id":"https:\/\/www.estrategiaconcursos.com.br\/blog\/#organization"}},{"@type":"WebPage","@id":"https:\/\/www.estrategiaconcursos.com.br\/blog\/concurso-cnen\/","url":"https:\/\/www.estrategiaconcursos.com.br\/blog\/concurso-cnen\/","name":"Concurso CNEN: novo edital \u00e9 solicitado para 2026","isPartOf":{"@id":"https:\/\/www.estrategiaconcursos.com.br\/blog\/#website"},"primaryImageOfPage":{"@id":"https:\/\/www.estrategiaconcursos.com.br\/blog\/concurso-cnen\/#primaryimage"},"image":{"@id":"https:\/\/www.estrategiaconcursos.com.br\/blog\/concurso-cnen\/#primaryimage"},"thumbnailUrl":"https:\/\/dhg1h5j42swfq.cloudfront.net\/2023\/05\/05143455\/cnen.jpg","datePublished":"2026-01-09T14:00:00+00:00","dateModified":"2026-01-10T14:10:18+00:00","description":"Concurso CNEN: certame tem nomea\u00e7\u00f5es autorizadas! O edital ofereceu 150 vagas para m\u00e9dio e superior. Novo certame \u00e9 solicitado!","breadcrumb":{"@id":"https:\/\/www.estrategiaconcursos.com.br\/blog\/concurso-cnen\/#breadcrumb"},"inLanguage":"pt-BR","potentialAction":[{"@type":"ReadAction","target":["https:\/\/www.estrategiaconcursos.com.br\/blog\/concurso-cnen\/"]}]},{"@type":"ImageObject","inLanguage":"pt-BR","@id":"https:\/\/www.estrategiaconcursos.com.br\/blog\/concurso-cnen\/#primaryimage","url":"https:\/\/dhg1h5j42swfq.cloudfront.net\/2023\/05\/05143455\/cnen.jpg","contentUrl":"https:\/\/dhg1h5j42swfq.cloudfront.net\/2023\/05\/05143455\/cnen.jpg","width":768,"height":432,"caption":"Concurso CNEN edital"},{"@type":"BreadcrumbList","@id":"https:\/\/www.estrategiaconcursos.com.br\/blog\/concurso-cnen\/#breadcrumb","itemListElement":[{"@type":"ListItem","position":1,"name":"In\u00edcio","item":"https:\/\/www.estrategiaconcursos.com.br\/blog\/"},{"@type":"ListItem","position":2,"name":"Concurso CNEN: novo edital \u00e9 solicitado para 2026"}]},{"@type":"WebSite","@id":"https:\/\/www.estrategiaconcursos.com.br\/blog\/#website","url":"https:\/\/www.estrategiaconcursos.com.br\/blog\/","name":"Estrat\u00e9gia Concursos","description":"O blog da Estrat\u00e9gia Concursos traz not\u00edcias sobre concursos e artigos de professores oferecendo cursos para concursos (pdf + videaulas) no site.","publisher":{"@id":"https:\/\/www.estrategiaconcursos.com.br\/blog\/#organization"},"potentialAction":[{"@type":"SearchAction","target":{"@type":"EntryPoint","urlTemplate":"https:\/\/www.estrategiaconcursos.com.br\/blog\/?s={search_term_string}"},"query-input":{"@type":"PropertyValueSpecification","valueRequired":true,"valueName":"search_term_string"}}],"inLanguage":"pt-BR"},{"@type":"Organization","@id":"https:\/\/www.estrategiaconcursos.com.br\/blog\/#organization","name":"Estrat\u00e9gia Concursos","url":"https:\/\/www.estrategiaconcursos.com.br\/blog\/","logo":{"@type":"ImageObject","inLanguage":"pt-BR","@id":"https:\/\/www.estrategiaconcursos.com.br\/blog\/#\/schema\/logo\/image\/","url":"https:\/\/dhg1h5j42swfq.cloudfront.net\/2025\/06\/03203428\/logo_concursos-1.jpg","contentUrl":"https:\/\/dhg1h5j42swfq.cloudfront.net\/2025\/06\/03203428\/logo_concursos-1.jpg","width":230,"height":60,"caption":"Estrat\u00e9gia Concursos"},"image":{"@id":"https:\/\/www.estrategiaconcursos.com.br\/blog\/#\/schema\/logo\/image\/"},"sameAs":["https:\/\/x.com\/EstratConcursos"]},{"@type":"Person","@id":"https:\/\/www.estrategiaconcursos.com.br\/blog\/#\/schema\/person\/b4a388c97673c5f483d72185668afa1f","name":"Coordena\u00e7\u00e3o","image":{"@type":"ImageObject","inLanguage":"pt-BR","@id":"https:\/\/secure.gravatar.com\/avatar\/b720319e4c9a967eb58678d110f4fe35452fc5d5f97b202bac7b8acceb18c6ad?s=96&d=mm&r=g","url":"https:\/\/secure.gravatar.com\/avatar\/b720319e4c9a967eb58678d110f4fe35452fc5d5f97b202bac7b8acceb18c6ad?s=96&d=mm&r=g","contentUrl":"https:\/\/secure.gravatar.com\/avatar\/b720319e4c9a967eb58678d110f4fe35452fc5d5f97b202bac7b8acceb18c6ad?s=96&d=mm&r=g","caption":"Coordena\u00e7\u00e3o"},"sameAs":["https:\/\/www.facebook.com\/EstrategiaConcursos","https:\/\/x.com\/EstratConcursos"],"url":"https:\/\/www.estrategiaconcursos.com.br\/blog\/author\/estrategia2013\/"}]}},"_links":{"self":[{"href":"https:\/\/www.estrategiaconcursos.com.br\/blog\/wp-json\/wp\/v2\/posts\/1149865","targetHints":{"allow":["GET"]}}],"collection":[{"href":"https:\/\/www.estrategiaconcursos.com.br\/blog\/wp-json\/wp\/v2\/posts"}],"about":[{"href":"https:\/\/www.estrategiaconcursos.com.br\/blog\/wp-json\/wp\/v2\/types\/post"}],"author":[{"embeddable":true,"href":"https:\/\/www.estrategiaconcursos.com.br\/blog\/wp-json\/wp\/v2\/users\/1"}],"replies":[{"embeddable":true,"href":"https:\/\/www.estrategiaconcursos.com.br\/blog\/wp-json\/wp\/v2\/comments?post=1149865"}],"version-history":[{"count":80,"href":"https:\/\/www.estrategiaconcursos.com.br\/blog\/wp-json\/wp\/v2\/posts\/1149865\/revisions"}],"predecessor-version":[{"id":1697186,"href":"https:\/\/www.estrategiaconcursos.com.br\/blog\/wp-json\/wp\/v2\/posts\/1149865\/revisions\/1697186"}],"wp:featuredmedia":[{"embeddable":true,"href":"https:\/\/www.estrategiaconcursos.com.br\/blog\/wp-json\/wp\/v2\/media\/1211503"}],"wp:attachment":[{"href":"https:\/\/www.estrategiaconcursos.com.br\/blog\/wp-json\/wp\/v2\/media?parent=1149865"}],"wp:term":[{"taxonomy":"category","embeddable":true,"href":"https:\/\/www.estrategiaconcursos.com.br\/blog\/wp-json\/wp\/v2\/categories?post=1149865"},{"taxonomy":"post_tag","embeddable":true,"href":"https:\/\/www.estrategiaconcursos.com.br\/blog\/wp-json\/wp\/v2\/tags?post=1149865"},{"taxonomy":"tax_estado","embeddable":true,"href":"https:\/\/www.estrategiaconcursos.com.br\/blog\/wp-json\/wp\/v2\/tax_estado?post=1149865"}],"curies":[{"name":"wp","href":"https:\/\/api.w.org\/{rel}","templated":true}]}}