{"id":1149139,"date":"2023-01-09T17:26:00","date_gmt":"2023-01-09T20:26:00","guid":{"rendered":"https:\/\/www.estrategiaconcursos.com.br\/blog\/?p=1149139"},"modified":"2023-01-11T09:25:15","modified_gmt":"2023-01-11T12:25:15","slug":"gabarito-extraoficial-pc-go-papiloscopista","status":"publish","type":"post","link":"https:\/\/www.estrategiaconcursos.com.br\/blog\/gabarito-extraoficial-pc-go-papiloscopista\/","title":{"rendered":"Gabarito Extraoficial PC GO Papiloscopista: confira os recursos!"},"content":{"rendered":"\n<p class=\"wp-embed-aspect-16-9 wp-has-aspect-ratio\">Neste domingo, 08 de janeiro de 2023, foram aplicadas as provas do concurso p\u00fablico do <strong>Pol\u00edcia Civil de Goi\u00e1s (<a href=\"https:\/\/www.policiacivil.go.gov.br\/\" target=\"_blank\" rel=\"noreferrer noopener\">PC GO<\/a>)<\/strong> para o cargo de <strong>Papiloscopista.<\/strong> <\/p>\n\n\n\n<p class=\"wp-embed-aspect-16-9 wp-has-aspect-ratio\">Sob organiza\u00e7\u00e3o do Instituto AOCP, a sele\u00e7\u00e3o oferta <strong>60 vagas<\/strong> para Papiloscopista, com <strong>sal\u00e1rio inicial de R$<\/strong> <strong>6.353,13<\/strong>.<\/p>\n\n\n\n<p class=\"wp-embed-aspect-16-9 wp-has-aspect-ratio\">Com o objetivo de ajud\u00e1-los em todas as etapas do certame e, claro, diminuir um pouco a ansiedade para saber deu desempenho, <strong>nossos professores realizaram o<\/strong>&nbsp;<strong>gabarito extraoficial da prova<\/strong>.<\/p>\n\n\n\n<figure class=\"wp-block-table is-style-stripes\"><table><tbody><tr><td class=\"has-text-align-center\" data-align=\"center\"><strong>Disciplina<\/strong><\/td><td class=\"has-text-align-center\" data-align=\"center\"><strong>Professor<\/strong><\/td><\/tr><tr><td class=\"has-text-align-center\" data-align=\"center\">L\u00edngua Portuguesa<\/td><td class=\"has-text-align-center\" data-align=\"center\">Janaina Arruda<\/td><\/tr><tr><td class=\"has-text-align-center\" data-align=\"center\">Direito Administrativo<\/td><td class=\"has-text-align-center\" data-align=\"center\">Th\u00e1llius Moraes<\/td><\/tr><tr><td class=\"has-text-align-center\" data-align=\"center\">Direito Penal e Direito Processual Penal<\/td><td class=\"has-text-align-center\" data-align=\"center\">Renan Araujo<\/td><\/tr><tr><td class=\"has-text-align-center\" data-align=\"center\">No\u00e7\u00f5es de criminal\u00edstica e No\u00e7\u00f5es de identifica\u00e7\u00e3o<\/td><td class=\"has-text-align-center\" data-align=\"center\">Alexandre Herculano<\/td><\/tr><tr><td class=\"has-text-align-center\" data-align=\"center\">No\u00e7\u00f5es De Medicina Legal<\/td><td class=\"has-text-align-center\" data-align=\"center\">Paulo Bilynskyj<\/td><\/tr><tr><td class=\"has-text-align-center\" data-align=\"center\">Direito Constitucional<\/td><td class=\"has-text-align-center\" data-align=\"center\">Emerson Bruno<\/td><\/tr><tr><td class=\"has-text-align-center\" data-align=\"center\">Racioc\u00ednio L\u00f3gico e F\u00edsica<\/td><td class=\"has-text-align-center\" data-align=\"center\">Carlos Henrique<\/td><\/tr><tr><td class=\"has-text-align-center\" data-align=\"center\">Legisla\u00e7\u00e3o Estadual e Direitos Humanos<\/td><td class=\"has-text-align-center\" data-align=\"center\">G\u00e9ssica Ehle<\/td><\/tr><tr><td class=\"has-text-align-center\" data-align=\"center\">Realidade do Estado do Goi\u00e1s<\/td><td class=\"has-text-align-center\" data-align=\"center\">Leandro Signori<\/td><\/tr><tr><td class=\"has-text-align-center\" data-align=\"center\">Arquivologia<\/td><td class=\"has-text-align-center\" data-align=\"center\">Ricardo Campanario<\/td><\/tr><tr><td class=\"has-text-align-center\" data-align=\"center\">Biologia<\/td><td class=\"has-text-align-center\" data-align=\"center\">Andr\u00e9 Davila<\/td><\/tr><tr><td class=\"has-text-align-center\" data-align=\"center\">Qu\u00edmica<\/td><td class=\"has-text-align-center\" data-align=\"center\">Diego Souza<\/td><\/tr><\/tbody><\/table><\/figure>\n\n\n\n<p class=\"wp-embed-aspect-16-9 wp-has-aspect-ratio\">Agora \u00e9 a hora! Confira seu desempenho, com o Gabarito Extraoficial PC GO Papiloscopista. Lembrando que o&nbsp;<a href=\"https:\/\/www.estrategiaconcursos.com.br\/blog\/concurso-pc-go-gabaritos-papiloscopista\/\" target=\"_blank\" rel=\"noreferrer noopener\">gabarito oficial preliminar<\/a> j\u00e1 publicado pela banca organizadora.  <\/p>\n\n\n\n<h2 class=\"has-text-align-left wp-block-heading\" id=\"h-correcao-e-gabarito-extraoficial-pc-go-papiloscopista\">Corre\u00e7\u00e3o e Gabarito Extraoficial PC GO Papiloscopista<\/h2>\n\n\n\n<p>N\u00e3o deixe de ver tamb\u00e9m as dicas de recursos elaboradas pelos nossos professores, no link abaixo!<\/p>\n\n\n\n<ul class=\"has-medium-font-size wp-block-list\"><li><strong>Recursos &#8211; PC GO Papiloscopista<\/strong><\/li><\/ul>\n\n\n<figure class=\"wp-block-embed-youtube wp-block-embed is-type-video is-provider-youtube wp-embed-aspect-16-9 wp-has-aspect-ratio\"><div class=\"lyte-wrapper\" style=\"width:853px;max-width:100%;margin:5px;\"><div class=\"lyMe\" id=\"WYL_a3ukWY4XM2o\"><div id=\"lyte_a3ukWY4XM2o\" data-src=\"\/\/i.ytimg.com\/vi\/a3ukWY4XM2o\/hqdefault.jpg\" class=\"pL\"><div class=\"tC\"><div class=\"tT\"><\/div><\/div><div class=\"play\"><\/div><div class=\"ctrl\"><div class=\"Lctrl\"><\/div><div class=\"Rctrl\"><\/div><\/div><\/div><noscript><a href=\"https:\/\/youtu.be\/a3ukWY4XM2o\" rel=\"nofollow\"><img loading=\"lazy\" decoding=\"async\" src=\"https:\/\/i.ytimg.com\/vi\/a3ukWY4XM2o\/0.jpg\" alt=\"YouTube video thumbnail\" width=\"853\" height=\"460\" \/><br \/>Assista a este v\u00eddeo no YouTube<\/a><\/noscript><\/div><\/div><div class=\"lL\" style=\"max-width:100%;width:853px;margin:5px;\"><\/div><figcaption><\/figcaption><\/figure>\n\n\n<h3 class=\"wp-block-heading\" id=\"h-gabarito-extraoficial-e-recursos-pc-go-papiloscopista\">Gabarito extraoficial e recursos: PC GO Papiloscopista<\/h3>\n\n\n\n<p>Abaixo, voc\u00ea confere os gabaritos das quest\u00f5es corrigidas pelos nossos professores. Como existem diferentes tipos de provas, voc\u00ea pode conferindo o in\u00edcio da quest\u00e3o.<\/p>\n\n\n\n<p><strong>Quest\u00e3o 1:&nbsp;<\/strong>A partir da leitura do texto&#8230;<br \/><strong><em>Resposta:<\/em><\/strong> B<\/p>\n\n\n\n<p><strong>Quest\u00e3o 2<\/strong>: A conjun\u00e7\u00e3o &#8220;ou&#8221; tipicamente&#8230;<br \/><strong><em>Resposta:<\/em><\/strong> A<\/p>\n\n\n\n<p><strong>Quest\u00e3o 3:&nbsp;<\/strong>Em &#8220;[&#8230;] algumas at\u00e9 realizam&#8230;<br \/><strong><em>Resposta:<\/em><\/strong> E<\/p>\n\n\n\n<p><strong>Quest\u00e3o 4:<\/strong> Sobre o excerto&#8230;<br \/><strong><em>Resposta:<\/em><\/strong> D<\/p>\n\n\n\n<p><strong>Quest\u00e3o 5:&nbsp;<\/strong>Qual a rela\u00e7\u00e3o sint\u00e1tico-sem\u00e2ntica&#8230;<br \/><strong><em>Resposta:<\/em><\/strong> C<\/p>\n\n\n\n<p><strong>Quest\u00e3o 6:&nbsp;<\/strong>Assinale a alternativa que analisa&#8230;<br \/><strong><em>Resposta:<\/em><\/strong> A<\/p>\n\n\n\n<p><strong>Quest\u00e3o 7:&nbsp;<\/strong>A partir da leitura do texto, \u00e9 correto&#8230;<br \/><strong><em>Resposta:<\/em><\/strong> D<\/p>\n\n\n\n<p class=\"has-cyan-bluish-gray-background-color has-background has-medium-font-size\"><strong>RECURSO<\/strong> <strong>&#8211;<\/strong> <strong>prof. Jana\u00edna<\/strong><\/p>\n\n\n\n<p>No entanto, o texto afirma: A perda de produtividade dessas \u00e1reas afeta 1,5 bilh\u00e3o de pessoas <strong><u>que dependem da terra para produzir alimento<\/u><\/strong>. E suas consequ\u00eancias v\u00e3o al\u00e9m. A degrada\u00e7\u00e3o da terra pode aumentar a fome, a migra\u00e7\u00e3o de popula\u00e7\u00f5es, reduzir a biodiversidade e a disponibilidade de recursos naturais como a \u00e1gua.<\/p>\n\n\n\n<p>O trecho destacado deixa clara a ideia de que as pessoas \u201cdependem da terras para produzir alimento\u201d, em nenhum momento \u00e9 explicitada a ideia de que essas pessoas \u201chabitam os locais degradados\u201d. A ideia de \u201chabitar o local degradado\u201d \u00e9 restritiva, segundo a alternativa, pois nota-se a ora\u00e7\u00e3o adjetiva restritiva presente no trecho.<\/p>\n\n\n\n<p>Afirmar que as pessoas habitam esses locais \u00e9 limitar o entendimento, uma vez que aqueles que produzem alimentos nem sempre habitam esses locais, como empresas e agentes de agroneg\u00f3cio.<\/p>\n\n\n\n<p>A alternativa dada pela banca n\u00e3o encontra respaldo material, expl\u00edcito, no texto.<\/p>\n\n\n\n<p>Existe uma alternativa em que a escolha se torna mais assertiva, pois o texto em quest\u00e3o \u00e9 uma not\u00edcia.<\/p>\n\n\n\n<p>Dentre as caracter\u00edsticas de uma not\u00edcia, no g\u00eanero, existe um crit\u00e9rio temporal fortemente atrelado, de acordo com linguistas como Marcuschi. Esse crit\u00e9rio temporal pode ser visto nos trechos abaixo destacados:<\/p>\n\n\n\n<p><strong><em><u>Hoje<\/u><\/em><\/strong><em> 24% das superf\u00edcies dos continentes est\u00e3o polu\u00eddas&#8230;<\/em><\/p>\n\n\n\n<p><em>Eram 15% <strong><u>duas d\u00e9cadas atr\u00e1s<\/u><\/strong>, segundo o relat\u00f3rio da Organiza\u00e7\u00e3o das Na\u00e7\u00f5es Unidas para a Alimenta\u00e7\u00e3o e a Agricultura (FAO) lan\u00e7ado <strong><u>em julho<\/u><\/strong>.<\/em><\/p>\n\n\n\n<p><strong><em><u>Atualmente <\/u><\/em><\/strong><em>20% das \u00e1reas cultivadas, 30% das florestas e 10% dos campos est\u00e3o degradados.<\/em><\/p>\n\n\n\n<p><em>Por Maria Guimar\u00e3es, Revista FAPESP \u2013<strong>Edi\u00e7\u00e3o 150, ago. 2008<\/strong><\/em><\/p>\n\n\n\n<p>Assim, percebe-se que a simples aus\u00eancia de uma ancoragem temporal deixa as informa\u00e7\u00f5es soltas no tempo, sem que essas tenham import\u00e2ncia para o contexto atual.<\/p>\n\n\n\n<p>Ademais, um dos suportes de veicula\u00e7\u00e3o de not\u00edcias s\u00e3o as revistas, o que tamb\u00e9m pode ser destacado nas refer\u00eancia do texto: <a href=\"https:\/\/revistapesquisa.fapesp.br\/terra-empobrecida\/\">https:\/\/revistapesquisa.fapesp.br\/terra-empobrecida\/<\/a>.<\/p>\n\n\n\n<p>Logo, solicita-se a altera\u00e7\u00e3o de gabarito da letra B para a letra D.<\/p>\n\n\n\n<p><strong>Quest\u00e3o 8:&nbsp;<\/strong>Sobre os sinais de pontua\u00e7\u00e3o&#8230;<br \/><strong><em>Resposta:<\/em><\/strong> E<\/p>\n\n\n\n<p><strong>Quest\u00e3o 9:&nbsp;<\/strong>Assinale a alternativa em que&#8230;<br \/><strong><em>Resposta:<\/em><\/strong> C<\/p>\n\n\n\n<p><strong>Quest\u00e3o 10:&nbsp;<\/strong>Sobre as express\u00f5es destacadas&#8230;<br \/><strong><em>Resposta:<\/em><\/strong> C<\/p>\n\n\n\n<p><strong>Quest\u00e3o 11:&nbsp;<\/strong>No Brasil, h\u00e1 regi\u00f5es com&#8230;<br \/><strong><em>Resposta:<\/em><\/strong> D<\/p>\n\n\n\n<p><strong>Quest\u00e3o 12:&nbsp;<\/strong>O estado de Goi\u00e1s possui&#8230;<br \/><strong><em>Resposta:<\/em><\/strong> C<\/p>\n\n\n\n<p><strong>Quest\u00e3o 13:&nbsp;<\/strong>No percurso hist\u00f3rico de Goi\u00e1s&#8230;<br \/><strong><em>Resposta:<\/em><\/strong> A<\/p>\n\n\n\n<p><strong>Quest\u00e3o 14:&nbsp;<\/strong>Durante parte do s\u00e9culo XVIII&#8230;<br \/><strong><em>Resposta:<\/em><\/strong> E<\/p>\n\n\n\n<p><strong>Quest\u00e3o 15:&nbsp;<\/strong>Dentre as atribui\u00e7\u00f5es do Papiloscopista&#8230;<br \/><strong><em>Resposta:<\/em><\/strong> E<\/p>\n\n\n\n<p><strong>Quest\u00e3o 16:&nbsp;<\/strong>Cada uma das s\u00edlabas da palavra&#8230;<br \/><strong><em>Resposta:<\/em><\/strong> E<\/p>\n\n\n\n<p><strong>Quest\u00e3o 17:&nbsp;<\/strong>Para aferir o prot\u00f3tipo de um novo&#8230;<br \/><strong><em>Resposta:<\/em><\/strong> D<\/p>\n\n\n\n<p><strong>Quest\u00e3o 18:&nbsp;<\/strong>Durante certa identifica\u00e7\u00e3o&#8230;<br \/><strong><em>Resposta:<\/em><\/strong> B<\/p>\n\n\n\n<p><strong>Quest\u00e3o 19:&nbsp;<\/strong>Em geral, para a identifica\u00e7\u00e3o de um suspeito&#8230;<br \/><strong><em>Resposta:<\/em><\/strong> A<\/p>\n\n\n\n<p><strong>Quest\u00e3o 20:&nbsp;<\/strong>Sobre as entidades pol\u00edticas&#8230;<br \/><strong><em>Resposta:<\/em><\/strong> B<\/p>\n\n\n\n<p><strong>Quest\u00e3o 21:&nbsp;<\/strong>Carla \u00e9 servidora p\u00fablica&#8230;<br \/><strong><em>Resposta:<\/em><\/strong> A<\/p>\n\n\n\n<p><strong>Quest\u00e3o 22:&nbsp;<\/strong>Considerando o que disp\u00f5e a Lei&#8230;<br \/><strong><em>Resposta:<\/em><\/strong> D<\/p>\n\n\n\n<p><strong>Quest\u00e3o 23<\/strong>: Marta atuava em cargo&#8230;<br \/><strong><em>Resposta:<\/em><\/strong> C<\/p>\n\n\n\n<p><strong>Quest\u00e3o 24:&nbsp;<\/strong>A Lei n\u00ba 8.429\/1992 disp\u00f5e&#8230;<br \/><strong><em>Resposta:<\/em><\/strong> E<\/p>\n\n\n\n<p><strong>Quest\u00e3o 25:&nbsp;<\/strong>De acordo com a Lei n\u00ba 14.133\/2021, assinale&#8230;<br \/><strong><em>Resposta:<\/em><\/strong> A<\/p>\n\n\n\n<p><strong>Quest\u00e3o 26:&nbsp;<\/strong>A Pol\u00edcia Civil de Goi\u00e1s instaurou&#8230;<br \/><strong><em>Resposta:<\/em><\/strong> D<\/p>\n\n\n\n<p><strong>Quest\u00e3o 27:&nbsp;<\/strong>O prefeito da cidade Alfa foi acusado&#8230;<br \/><strong><em>Resposta:<\/em><\/strong> B<\/p>\n\n\n\n<p><strong>Quest\u00e3o 28:&nbsp;<\/strong>Sobre a classifica\u00e7\u00e3o dos elementos&#8230;<br \/><strong><em>Resposta:<\/em><\/strong> E<\/p>\n\n\n\n<p><strong>Quest\u00e3o 29:&nbsp;<\/strong>De acordo com o Poder Legislativo&#8230;<br \/><strong><em>Resposta:<\/em><\/strong> C<\/p>\n\n\n\n<p><strong>Quest\u00e3o 30:&nbsp;<\/strong>Acerca dos princ\u00edpios fundamentais previstos&#8230;<br \/><strong><em>Resposta:<\/em><\/strong> B<\/p>\n\n\n\n<p><strong>Quest\u00e3o 31:&nbsp;<\/strong>Pablo \u00e9 advogado de grande&#8230;<br \/><strong><em>Resposta:<\/em><\/strong> A<\/p>\n\n\n\n<p><strong>Quest\u00e3o 32<\/strong>: Assinale a alternativa correta acerca&#8230;<br \/><strong><em>Resposta:<\/em><\/strong> C<\/p>\n\n\n\n<p><strong>Quest\u00e3o 33:&nbsp;<\/strong>Ronaldo possui, dentro de sua&#8230;<br \/><strong><em>Resposta:<\/em><\/strong> B<\/p>\n\n\n\n<p><strong>Quest\u00e3o 34:&nbsp;<\/strong>Sobre as caracter\u00edsticas do regime&#8230;<br \/><strong><em>Resposta:<\/em><\/strong> D<\/p>\n\n\n\n<p><strong>Quest\u00e3o 35:&nbsp;<\/strong>Orlando e Itamar s\u00e3o&#8230;<br \/><strong><em>Resposta:<\/em><\/strong> C<\/p>\n\n\n\n<p><strong>Quest\u00e3o 36:&nbsp;<\/strong>Amaury foi acusado&#8230;<br \/><strong><em>Resposta:<\/em><\/strong> A<\/p>\n\n\n\n<p><strong>Quest\u00e3o 37:&nbsp;<\/strong>Sobre os crimes contra a dignidade&#8230;<br \/><strong><em>Resposta:<\/em><\/strong> C<\/p>\n\n\n\n<p><strong>Quest\u00e3o 38:&nbsp;<\/strong>\u00c9 crime previsto no Estatuto&#8230;<br \/><strong><em>Resposta:<\/em><\/strong> E<\/p>\n\n\n\n<p><strong>Quest\u00e3o 39:&nbsp;<\/strong>A Delegacia de Pol\u00edcia de Rio Verde-GO&#8230;<br \/><strong><em>Resposta:<\/em><\/strong> D<\/p>\n\n\n\n<p><strong>Quest\u00e3o 40:&nbsp;<\/strong>Considera-se crime hediondo&#8230;<br \/><strong><em>Resposta:<\/em><\/strong> <\/p>\n\n\n\n<p><strong>Quest\u00e3o 41:&nbsp;<\/strong>Sobre os crimes previstos no C\u00f3digo&#8230;<br \/><strong><em>Resposta:<\/em><\/strong> <\/p>\n\n\n\n<p><strong>Quest\u00e3o 42:&nbsp;<\/strong>Constitui crime contra as rela\u00e7\u00f5es&#8230;<br \/><strong><em>Resposta:<\/em><\/strong> <\/p>\n\n\n\n<p><strong>Quest\u00e3o 43:&nbsp;<\/strong>Preencha as lacunas e assinale&#8230;<br \/><strong><em>Resposta:<\/em><\/strong> B<\/p>\n\n\n\n<p><strong>Quest\u00e3o 44:&nbsp;<\/strong>Samuel \u00e9 delegado de Pol\u00edcia&#8230;<br \/><strong><em>Resposta:<\/em><\/strong> E<\/p>\n\n\n\n<p><strong>Quest\u00e3o 45<\/strong>: Gertrudes \u00e9 moradora&#8230;<br \/><strong><em>Resposta:<\/em><\/strong> A<\/p>\n\n\n\n<p><strong>Quest\u00e3o 46:&nbsp;<\/strong>Teobaldo \u00e9 papiloscopista&#8230;<br \/><strong><em>Resposta:<\/em><\/strong> C<\/p>\n\n\n\n<p class=\"has-cyan-bluish-gray-background-color has-background has-medium-font-size\"><strong>RECURSO<\/strong> <strong>&#8211; prof. Renan Ara\u00fajo<\/strong><\/p>\n\n\n\n<p><strong>GABARITO DA BANCA: LETRA B<\/strong><\/p>\n\n\n\n<p><strong>PLEITO \u2013 ALTERA\u00c7\u00c3O DE GABARITO PARA LETRA C<\/strong><\/p>\n\n\n\n<p><strong>FUNDAMENTO RECURSAL<\/strong><\/p>\n\n\n\n<p>A Banca considerou como correta a assertiva que diz que: \u201cO prazo para t\u00e9rmino do inqu\u00e9rito \u00e9 de 30 dias, pois os investigados n\u00e3o est\u00e3o presos preventivamente em estabelecimento penal.\u201d<\/p>\n\n\n\n<p>Todavia, a alternativa dada como correta est\u00e1 em conflito com a jurisprud\u00eancia do STJ, que entende a pris\u00e3o domiciliar como mera forma humanit\u00e1ria de execu\u00e7\u00e3o da pris\u00e3o preventiva. Ou seja, o indiciado\/acusado se encontra preso preventivamente, mas, por quest\u00f5es humanit\u00e1rias, \u00e9 autorizada a execu\u00e7\u00e3o da referida pris\u00e3o cautelar na resid\u00eancia do imputado:<\/p>\n\n\n\n<p>(&#8230;) 1. Nos termos do art. 10 do C\u00f3digo de Processo Penal, <strong>a contagem do prazo de 10 dias para conclus\u00e3o do inqu\u00e9rito e de 5 dias para oferecimento da den\u00fancia n\u00e3o tem in\u00edcio com a execu\u00e7\u00e3o da pris\u00e3o tempor\u00e1ria, mas com a pris\u00e3o preventiva.<\/strong> Al\u00e9m disso, n\u00e3o h\u00e1 excesso de prazo se a den\u00fancia \u00e9 oferecida em tempo razo\u00e1vel, e, tampouco, na decis\u00e3o que prorroga o prazo para conclus\u00e3o do inqu\u00e9rito policial, considerado o grande n\u00famero de investigados e a complexidade dos fatos em apura\u00e7\u00e3o.<\/p>\n\n\n\n<p>2. <strong>A pris\u00e3o domiciliar \u00e9 uma particular e excepcional possibilidade de cumprimento da pris\u00e3o preventiva no domic\u00edlio do investigado.<\/strong><\/p>\n\n\n\n<p>(&#8230;)<\/p>\n\n\n\n<p>(AgRg na CauInomCrim n. 36\/DF, relator Ministro Benedito Gon\u00e7alves, Corte Especial, julgado em 18\/11\/2020, DJe de 4\/12\/2020.)<\/p>\n\n\n\n<p>Como se v\u00ea, portanto, a despeito de o indiciado se encontrar em sua resid\u00eancia, est\u00e1 submetido a uma modalidade de pris\u00e3o cautelar, que \u00e9 a pris\u00e3o preventiva. Logo, encontra-se preso preventivamente (ainda que a execu\u00e7\u00e3o se d\u00ea na sua resid\u00eancia).<\/p>\n\n\n\n<p>Ademais, o pr\u00f3prio STJ entende que o per\u00edodo em que o agente esteve em pris\u00e3o domiciliar deve ser considerado como per\u00edodo de pris\u00e3o cautelar para fins de detra\u00e7\u00e3o:<\/p>\n\n\n\n<p>\u201c(&#8230;) 3. Entende esta Corte que <strong>o per\u00edodo que o apenado permaneceu preventivamente recolhido em pris\u00e3o domiciliar deve ser considerado para a detra\u00e7\u00e3o da pena.\u201d <\/strong>(&#8230;) (AgRg nos EDcl no AREsp 1674599\/SP, Rel. Ministro ANTONIO SALDANHA PALHEIRO, SEXTA TURMA, julgado em 14\/10\/2021, DJe 19\/10\/2021)<\/p>\n\n\n\n<p>Posto isso, deve o gabarito da quest\u00e3o ser alterado para ALTERNATIVA C.<\/p>\n\n\n\n<p><strong>Quest\u00e3o 47<\/strong>: Sobre a tem\u00e1tica do inqu\u00e9rito policial&#8230;<br \/><strong><em>Resposta:<\/em><\/strong> C<\/p>\n\n\n\n<p><strong>Quest\u00e3o 48:&nbsp;<\/strong>Sobre o regramento do acordo&#8230;<br \/><strong><em>Resposta:<\/em><\/strong> D<\/p>\n\n\n\n<p><strong>Quest\u00e3o 49:&nbsp;<\/strong>Sobre os elementos de prova&#8230;<br \/><strong><em>Resposta<\/em><\/strong>: D<\/p>\n\n\n\n<p><strong>Quest\u00e3o 50:&nbsp;<\/strong>Claudecir e Roberto s\u00e3o dois&#8230;<br \/><strong><em>Resposta:<\/em><\/strong> B<\/p>\n\n\n\n<p class=\"has-cyan-bluish-gray-background-color has-background has-medium-font-size\"><strong>RECURSO &#8211; prof. Renan Araujo<\/strong><\/p>\n\n\n\n<p><\/p>\n\n\n\n<p><strong>GABARITO DA BANCA: LETRA E<\/strong><\/p>\n\n\n\n<p><strong>PLEITO \u2013 ALTERA\u00c7\u00c3O DE GABARITO PARA LETRA B<\/strong><\/p>\n\n\n\n<p><strong>FUNDAMENTO RECURSAL<\/strong><\/p>\n\n\n\n<p>A Banca considerou como correta a assertiva que diz que: \u201cQualquer objeto eventualmente il\u00edcito que seja encontrado no quarto-dormit\u00f3rio da irm\u00e3 de Osvaldo \u00e9 prova il\u00edcita.\u201d<\/p>\n\n\n\n<p>Todavia, a alternativa dada como correta est\u00e1 errada.<\/p>\n\n\n\n<p>O enunciado diz que o objeto do mandado n\u00e3o est\u00e1 perfeitamente delimitado, \u201cmas indica que se fa\u00e7am buscas nos bens pertencentes a Osvaldo.\u201d<\/p>\n\n\n\n<p>Ora, primeiramente, o fato de um dos c\u00f4modos da casa ser usado como dormit\u00f3rio pela irm\u00e3 de Osvaldo n\u00e3o \u00e9 impeditivo, por si s\u00f3, \u00e0 busca naquele local. Primeiro porque no quarto da irm\u00e3 podem estar escondidos objetos que perten\u00e7am a Osvaldo. Assim, havendo elementos que indiquem que Osvaldo guarda alguns de seus pertences no quarto da irm\u00e3, poder\u00e3o os executores do mandado realizar a busca tamb\u00e9m no quarto da irm\u00e3, tornando l\u00edcita a apreens\u00e3o.<\/p>\n\n\n\n<p>Em segundo lugar, n\u00e3o \u00e9 poss\u00edvel afirmar categoricamente que qualquer objeto IL\u00cdCITO apreendido no quarto da irm\u00e3 de Osvaldo ir\u00e1 configurar prova IL\u00cdCITA. \u00c9 perfeitamente poss\u00edvel que os executores, mesmo sem adentrar no quarto da irm\u00e3 de Osvaldo, percebam a exist\u00eancia de objetos il\u00edcitos e que at\u00e9 mesmo configurem a exist\u00eancia de crime permanente, motivo pelo qual a apreens\u00e3o, mesmo sem mandado espec\u00edfico para os objetos da irm\u00e3 ser\u00e1 l\u00edcita.<\/p>\n\n\n\n<p>Ademais, a alternativa B, dada como errada, encontra-se correta. A alternativa diz: \u201cDescabe esmiu\u00e7ar, no mandado de busca e apreens\u00e3o, o objeto preciso da dilig\u00eancia, bastando que o documento oficial discrimine o im\u00f3vel a ser vasculhado. \u201c<\/p>\n\n\n\n<p>Naturalmente, o mandado de busca dever\u00e1 cumprir alguns requisitos, como \u201cindicar, o mais precisamente poss\u00edvel, a casa em que ser\u00e1 realizada a dilig\u00eancia e o nome do respectivo propriet\u00e1rio ou morador\u201d, \u201cmencionar o motivo e os fins da dilig\u00eancia\u201d, etc.<\/p>\n\n\n\n<p>Todavia, em certos casos, o objeto material que se busca apreender nem sempre \u00e9 conhecido, e s\u00f3 ser\u00e1 descoberto durante a execu\u00e7\u00e3o do mandado.<\/p>\n\n\n\n<p>O pr\u00f3prio STJ possui decis\u00f5es nesse sentido:<\/p>\n\n\n\n<p>4. &#8220;<strong>N\u00e3o h\u00e1 no ordenamento jur\u00eddico p\u00e1trio qualquer exig\u00eancia de que a manifesta\u00e7\u00e3o judicial que defere a cautelar de busca e apreens\u00e3o esmi\u00face quais documentos ou objetos devam ser coletados, at\u00e9 mesmo porque tal pormenoriza\u00e7\u00e3o s\u00f3 \u00e9 poss\u00edvel de ser implementada ap\u00f3s a verifica\u00e7\u00e3o do que foi encontrado no local em que cumprida a medida, ou do que localizado em poder do indiv\u00edduo que sofreu a busca pessoal<\/strong>&#8221; (AgRg no HC 524.581\/RJ, Rel. Ministro JORGE MUSSI, QUINTA TURMA, julgado em 4\/2\/2020, DJe 13\/2\/2020).<\/p>\n\n\n\n<p>(&#8230;)<\/p>\n\n\n\n<p>(AgRg no RMS n. 66.271\/RJ, relator Ministro Ribeiro Dantas, Quinta Turma, julgado em 19\/10\/2021, DJe de 27\/10\/2021.)<\/p>\n\n\n\n<p>Assim, embora seja recomend\u00e1vel a indica\u00e7\u00e3o de quais objetos ser\u00e3o alvo da busca, nem sempre isso ser\u00e1 poss\u00edvel, pois em muitos casos a autoridade judici\u00e1ria n\u00e3o possui, ainda, elementos nesse sentido, sendo suficiente a indica\u00e7\u00e3o gen\u00e9rica das coisas a serem apreendidas (ex.: documentos, aparelhos eletr\u00f4nicos e outros objetos que possam ter relev\u00e2ncia como prova na persecu\u00e7\u00e3o penal).<\/p>\n\n\n\n<p>Posto isso, deve o gabarito da quest\u00e3o ser alterado para ALTERNATIVA B.<\/p>\n\n\n\n<p>Subsidiariamente, caso se mantenha a alternativa B como errada, requer a ANULA\u00c7\u00c3O da quest\u00e3o.<\/p>\n\n\n\n<p><strong>Quest\u00e3o 51:&nbsp;<\/strong>\u00c9 cab\u00edvel a pris\u00e3o domiciliar&#8230;<br \/><strong><em>Resposta:<\/em><\/strong> B<\/p>\n\n\n\n<p><strong>Quest\u00e3o 52:&nbsp;<\/strong>Sobre a cadeia de cust\u00f3dia&#8230;<br \/><strong><em>Resposta:<\/em><\/strong> A<\/p>\n\n\n\n<p><strong>Quest\u00e3o 53:&nbsp;<\/strong>Sobre as tem\u00e1ticas das per\u00edcias&#8230; <br \/><strong><em>Resposta:<\/em><\/strong> C<\/p>\n\n\n\n<p><strong>Quest\u00e3o 54:&nbsp;<\/strong>Preencha as lacunas e assinale&#8230;<br \/><strong><em>Resposta:<\/em><\/strong> B<\/p>\n\n\n\n<p><strong>Quest\u00e3o 55:&nbsp;<\/strong>Quanto ao exame de corpo de delito&#8230;<br \/><strong><em>Resposta:<\/em><\/strong> E<\/p>\n\n\n\n<p><strong>Quest\u00e3o 56:&nbsp;<\/strong>O local de crime compreende&#8230;<br \/><strong><em>Resposta:<\/em><\/strong> C<\/p>\n\n\n\n<p><strong>Quest\u00e3o 57:&nbsp;<\/strong>Criminal\u00edstica \u00e9 a parte das ci\u00eancias&#8230;<br \/><strong><em>Resposta:<\/em><\/strong> D<\/p>\n\n\n\n<p><strong>Quest\u00e3o 58:&nbsp;<\/strong>Jo\u00e3o e Jos\u00e9 foram denunciados&#8230;<br \/><strong><em>Resposta:<\/em><\/strong> D<\/p>\n\n\n\n<p><strong>Quest\u00e3o 59:&nbsp;<\/strong>Gustavo, juiz de direito&#8230;<br \/><strong><em>Resposta:<\/em><\/strong> B<\/p>\n\n\n\n<p><strong>Quest\u00e3o 60:&nbsp;<\/strong>Um cad\u00e1ver foi encontrado&#8230;<br \/><strong><em>Resposta:<\/em><\/strong> E<\/p>\n\n\n\n<p><strong>Quest\u00e3o 61:&nbsp;<\/strong>No munic\u00edpio de An\u00e1polis, uma gestante&#8230;<br \/><strong><em>Resposta:<\/em><\/strong> B<\/p>\n\n\n\n<p><strong>Quest\u00e3o 62<\/strong>: S\u00e3o exemplos de instrumentos&#8230;<br \/><strong><em>Resposta:<\/em><\/strong> E<\/p>\n\n\n\n<p><strong>Quest\u00e3o 63:&nbsp;<\/strong>Em rela\u00e7\u00e3o aos c\u00e1usticos&#8230;<br \/><strong><em>Resposta:<\/em><\/strong> D<\/p>\n\n\n\n<p><strong>Quest\u00e3o 64:<\/strong> Em rela\u00e7\u00e3o ao estudo da Sexologia&#8230;<br \/><strong><em>Resposta:<\/em><\/strong> C<\/p>\n\n\n\n<p><strong>Quest\u00e3o 65:&nbsp;<\/strong>Sobre a responsabiliza\u00e7\u00e3o administrativa e civil&#8230;<br \/><strong><em>Resposta:<\/em><\/strong> C<\/p>\n\n\n\n<p><strong>Quest\u00e3o 66:&nbsp;<\/strong>A Lei Estadual n\u00ba 18.456\/2014<br \/><strong><em>Resposta:<\/em><\/strong> B<\/p>\n\n\n\n<p><strong>Quest\u00e3o 67:&nbsp;<\/strong>Acerca do tempo de servi\u00e7o&#8230;<br \/><strong><em>Resposta:<\/em><\/strong> E<\/p>\n\n\n\n<p><strong>Quest\u00e3o 68:&nbsp;<\/strong>Sobre as secretarias de Estado&#8230;<br \/><strong><em>Resposta:<\/em><\/strong> A<\/p>\n\n\n\n<p><strong>Quest\u00e3o 69:&nbsp;<\/strong>Assinale a alternativa que apresenta&#8230;<br \/><strong><em>Resposta:<\/em><\/strong> D<\/p>\n\n\n\n<p><strong>Quest\u00e3o 70:&nbsp;<\/strong>Um indiv\u00edduo estrangeiro com estatura&#8230;<br \/><strong><em>Resposta:<\/em><\/strong> E<\/p>\n\n\n\n<p><strong>Quest\u00e3o 71:&nbsp;<\/strong>Assinale a alternativa correta&#8230;<br \/><strong><em>Resposta:<\/em><\/strong> D<\/p>\n\n\n\n<p><strong>Quest\u00e3o 72:<\/strong> Embora n\u00e3o inserido como um meio&#8230;<br \/><strong><em>Resposta:<\/em><\/strong> A<\/p>\n\n\n\n<p><strong>Quest\u00e3o 73:&nbsp;<\/strong>Em um desastroso acidente a\u00e9reo&#8230;<br \/><strong><em>Resposta:<\/em><\/strong> B<\/p>\n\n\n\n<p><strong>Quest\u00e3o 74:&nbsp;<\/strong>Um cad\u00e1ver em avan\u00e7ado&#8230;<br \/><strong><em>Resposta:<\/em><\/strong> B<\/p>\n\n\n\n<p><strong>Quest\u00e3o 75:&nbsp;<\/strong>Qual corrente arquiv\u00edstica&#8230; <br \/><strong><em>Resposta:<\/em><\/strong> A<\/p>\n\n\n\n<p><strong>Quest\u00e3o 76:&nbsp;<\/strong>Qual dos itens a seguir N\u00c3O \u00e9&#8230;<br \/><strong><em>Resposta:<\/em><\/strong> E<\/p>\n\n\n\n<p><strong>Quest\u00e3o 77:&nbsp;<\/strong>Qual \u00e9 o nome da t\u00e9cnica&#8230;<br \/><strong><em>Resposta:<\/em><\/strong> D<\/p>\n\n\n\n<p><strong>Quest\u00e3o 78:&nbsp;<\/strong>O per\u00f3xido de hidrog\u00eanio&#8230;<br \/><strong><em>Resposta:<\/em><\/strong> A<\/p>\n\n\n\n<p><strong>Quest\u00e3o 79:&nbsp;<\/strong>Uma part\u00edcula realiza movimento&#8230;<br \/><strong><em>Resposta:<\/em><\/strong> D<\/p>\n\n\n\n<p><strong>Quest\u00e3o 80:&nbsp;<\/strong>Um profissional papiloscopista \u00e9 designado&#8230;<br \/><strong><em>Resposta:<\/em><\/strong> B<\/p>\n\n\n\n<h2 class=\"has-text-align-center wp-block-heading\" id=\"h-quer-saber-tudo-sobre-concursos-previstos-confira-nossos-artigos\">Quer saber tudo sobre concursos previstos?<br \/>Confira nossos artigos!<\/h2>\n\n\n\n<ul class=\"wp-block-list\"><li><a href=\"https:\/\/www.estrategiaconcursos.com.br\/blog\/concursos-abertos\/\" target=\"_blank\" rel=\"noreferrer noopener\">Concursos abertos<\/a><\/li><li><a href=\"https:\/\/www.estrategiaconcursos.com.br\/blog\/concursos-2023\/\" target=\"_blank\" rel=\"noreferrer noopener\">Concursos 2023<\/a><\/li><\/ul>\n\n\n\n<h2 class=\"has-text-align-center wp-block-heading\" id=\"cursos-assinatura\">Quer estudar para o concurso PC GO?<\/h2>\n\n\n\n<div class=\"container\" id=\"boxes\">\n  <div class=\"row\">\n\n    <div class=\"col-sm\">\n      <div class=\"banner-policial\" id=\"box-assinatura\">\n        <h3 class=\"titulo-assinatura\">Concurso PC GO<\/h3>\n        <p class=\"subtitulo-assinatura\">Conhe\u00e7a os cursos<\/p>\n        <div class=\"box-botao\">\n          <a class=\"btn-assinatura\" target=\"_blank\" href=\"https:\/\/www.estrategiaconcursos.com.br\/cursosPorConcurso\/policia-civil-de-goias-pc-go\/\/\" role=\"button\" rel=\"noopener noreferrer\">Conhe\u00e7a mais<\/a>\n        <\/div>\n      <\/div>\n     \n    <\/div>\n\n  <\/div>\n<\/div>\n\n\n\n<div class=\"container\" id=\"boxes\">\n  <div class=\"row\">\n\n    <div class=\"col-sm\">\n      <div class=\"estrategia\" id=\"box-assinatura\">\n        <h3 class=\"titulo-assinatura\">Assinatura de Concursos<\/h3>\n        <p class=\"subtitulo-assinatura\">Assinatura de 1 ano ou 2 anos<\/p>\n        <div class=\"box-botao\">\n          <a class=\"btn-assinatura\" target=\"_blank\" href=\"https:\/\/www.estrategiaconcursos.com.br\/assinaturas\/\" role=\"button\" rel=\"noopener noreferrer\">ASSINE AGORA<\/a>\n        <\/div>\n      <\/div>\n     \n    <\/div><\/div><\/div>\n","protected":false},"excerpt":{"rendered":"<p>Neste domingo, 08 de janeiro de 2023, foram aplicadas as provas do concurso p\u00fablico do Pol\u00edcia Civil de Goi\u00e1s (PC GO) para o cargo de Papiloscopista. Sob organiza\u00e7\u00e3o do Instituto AOCP, a sele\u00e7\u00e3o oferta 60 vagas para Papiloscopista, com sal\u00e1rio inicial de R$ 6.353,13. Com o objetivo de ajud\u00e1-los em todas as etapas do certame [&hellip;]<\/p>\n","protected":false},"author":1483,"featured_media":1149146,"comment_status":"open","ping_status":"closed","sticky":false,"template":"","format":"standard","meta":{"post_tipo":"news","footnotes":""},"categories":[220190],"tags":[],"tax_estado":[219972],"class_list":["post-1149139","post","type-post","status-publish","format-standard","has-post-thumbnail","hentry","category-policial-peritos","tax_estado-go"],"acf":[],"yoast_head":"<!-- This site is optimized with the Yoast SEO Premium plugin v27.2 (Yoast SEO v27.2) - https:\/\/yoast.com\/product\/yoast-seo-premium-wordpress\/ -->\n<title>Gabarito Extraoficial PC GO Papiloscopista: confira os recursos!<\/title>\n<meta name=\"description\" content=\"Confira o gabarito extraoficial da PC GO para o cargo de Papiloscopista realizado pelos professores do Estrat\u00e9gia!\" \/>\n<meta name=\"robots\" content=\"index, follow, max-snippet:-1, max-image-preview:large, max-video-preview:-1\" \/>\n<link rel=\"canonical\" href=\"https:\/\/www.estrategiaconcursos.com.br\/blog\/gabarito-extraoficial-pc-go-papiloscopista\/\" \/>\n<meta property=\"og:locale\" content=\"pt_BR\" \/>\n<meta property=\"og:type\" content=\"article\" \/>\n<meta property=\"og:title\" content=\"Gabarito Extraoficial PC GO Papiloscopista: confira os recursos!\" \/>\n<meta property=\"og:description\" content=\"Confira o gabarito extraoficial da PC GO para o cargo de Papiloscopista realizado pelos professores do Estrat\u00e9gia!\" \/>\n<meta property=\"og:url\" content=\"https:\/\/www.estrategiaconcursos.com.br\/blog\/gabarito-extraoficial-pc-go-papiloscopista\/\" \/>\n<meta property=\"og:site_name\" content=\"Estrat\u00e9gia Concursos\" \/>\n<meta property=\"article:published_time\" content=\"2023-01-09T20:26:00+00:00\" \/>\n<meta property=\"article:modified_time\" content=\"2023-01-11T12:25:15+00:00\" \/>\n<meta property=\"og:image\" content=\"https:\/\/dhg1h5j42swfq.cloudfront.net\/2023\/01\/08182731\/1280-720-max-7.jpg\" \/>\n\t<meta property=\"og:image:width\" content=\"1280\" \/>\n\t<meta property=\"og:image:height\" content=\"720\" \/>\n\t<meta property=\"og:image:type\" content=\"image\/jpeg\" \/>\n<meta name=\"author\" content=\"Diogo Mendes\" \/>\n<meta name=\"twitter:card\" content=\"summary_large_image\" \/>\n<meta name=\"twitter:creator\" content=\"@EstratConcursos\" \/>\n<meta name=\"twitter:site\" content=\"@EstratConcursos\" \/>\n<meta name=\"twitter:label1\" content=\"Escrito por\" \/>\n\t<meta name=\"twitter:data1\" content=\"Diogo Mendes\" \/>\n\t<meta name=\"twitter:label2\" content=\"Est. tempo de leitura\" \/>\n\t<meta name=\"twitter:data2\" content=\"12 minutos\" \/>\n<script type=\"application\/ld+json\" class=\"yoast-schema-graph\">{\"@context\":\"https:\/\/schema.org\",\"@graph\":[{\"@type\":\"NewsArticle\",\"@id\":\"https:\/\/www.estrategiaconcursos.com.br\/blog\/gabarito-extraoficial-pc-go-papiloscopista\/#article\",\"isPartOf\":{\"@id\":\"https:\/\/www.estrategiaconcursos.com.br\/blog\/gabarito-extraoficial-pc-go-papiloscopista\/\"},\"author\":{\"name\":\"Diogo Mendes\",\"@id\":\"https:\/\/www.estrategiaconcursos.com.br\/blog\/#\/schema\/person\/cc9e76173880338ce9f656c88664a1f6\"},\"headline\":\"Gabarito Extraoficial PC GO Papiloscopista: confira os recursos!\",\"datePublished\":\"2023-01-09T20:26:00+00:00\",\"dateModified\":\"2023-01-11T12:25:15+00:00\",\"mainEntityOfPage\":{\"@id\":\"https:\/\/www.estrategiaconcursos.com.br\/blog\/gabarito-extraoficial-pc-go-papiloscopista\/\"},\"wordCount\":2432,\"commentCount\":0,\"publisher\":{\"@id\":\"https:\/\/www.estrategiaconcursos.com.br\/blog\/#organization\"},\"image\":{\"@id\":\"https:\/\/www.estrategiaconcursos.com.br\/blog\/gabarito-extraoficial-pc-go-papiloscopista\/#primaryimage\"},\"thumbnailUrl\":\"https:\/\/dhg1h5j42swfq.cloudfront.net\/2023\/01\/08182731\/1280-720-max-7.jpg\",\"articleSection\":[\"Policial (Peritos, Papiloscopistas)\"],\"inLanguage\":\"pt-BR\",\"potentialAction\":[{\"@type\":\"CommentAction\",\"name\":\"Comment\",\"target\":[\"https:\/\/www.estrategiaconcursos.com.br\/blog\/gabarito-extraoficial-pc-go-papiloscopista\/#respond\"]}],\"copyrightYear\":\"2023\",\"copyrightHolder\":{\"@id\":\"https:\/\/www.estrategiaconcursos.com.br\/blog\/#organization\"}},{\"@type\":\"WebPage\",\"@id\":\"https:\/\/www.estrategiaconcursos.com.br\/blog\/gabarito-extraoficial-pc-go-papiloscopista\/\",\"url\":\"https:\/\/www.estrategiaconcursos.com.br\/blog\/gabarito-extraoficial-pc-go-papiloscopista\/\",\"name\":\"Gabarito Extraoficial PC GO Papiloscopista: confira os recursos!\",\"isPartOf\":{\"@id\":\"https:\/\/www.estrategiaconcursos.com.br\/blog\/#website\"},\"primaryImageOfPage\":{\"@id\":\"https:\/\/www.estrategiaconcursos.com.br\/blog\/gabarito-extraoficial-pc-go-papiloscopista\/#primaryimage\"},\"image\":{\"@id\":\"https:\/\/www.estrategiaconcursos.com.br\/blog\/gabarito-extraoficial-pc-go-papiloscopista\/#primaryimage\"},\"thumbnailUrl\":\"https:\/\/dhg1h5j42swfq.cloudfront.net\/2023\/01\/08182731\/1280-720-max-7.jpg\",\"datePublished\":\"2023-01-09T20:26:00+00:00\",\"dateModified\":\"2023-01-11T12:25:15+00:00\",\"description\":\"Confira o gabarito extraoficial da PC GO para o cargo de Papiloscopista realizado pelos professores do Estrat\u00e9gia!\",\"breadcrumb\":{\"@id\":\"https:\/\/www.estrategiaconcursos.com.br\/blog\/gabarito-extraoficial-pc-go-papiloscopista\/#breadcrumb\"},\"inLanguage\":\"pt-BR\",\"potentialAction\":[{\"@type\":\"ReadAction\",\"target\":[\"https:\/\/www.estrategiaconcursos.com.br\/blog\/gabarito-extraoficial-pc-go-papiloscopista\/\"]}]},{\"@type\":\"ImageObject\",\"inLanguage\":\"pt-BR\",\"@id\":\"https:\/\/www.estrategiaconcursos.com.br\/blog\/gabarito-extraoficial-pc-go-papiloscopista\/#primaryimage\",\"url\":\"https:\/\/dhg1h5j42swfq.cloudfront.net\/2023\/01\/08182731\/1280-720-max-7.jpg\",\"contentUrl\":\"https:\/\/dhg1h5j42swfq.cloudfront.net\/2023\/01\/08182731\/1280-720-max-7.jpg\",\"width\":1280,\"height\":720},{\"@type\":\"BreadcrumbList\",\"@id\":\"https:\/\/www.estrategiaconcursos.com.br\/blog\/gabarito-extraoficial-pc-go-papiloscopista\/#breadcrumb\",\"itemListElement\":[{\"@type\":\"ListItem\",\"position\":1,\"name\":\"In\u00edcio\",\"item\":\"https:\/\/www.estrategiaconcursos.com.br\/blog\/\"},{\"@type\":\"ListItem\",\"position\":2,\"name\":\"Gabarito Extraoficial PC GO Papiloscopista: confira os recursos!\"}]},{\"@type\":\"WebSite\",\"@id\":\"https:\/\/www.estrategiaconcursos.com.br\/blog\/#website\",\"url\":\"https:\/\/www.estrategiaconcursos.com.br\/blog\/\",\"name\":\"Estrat\u00e9gia Concursos\",\"description\":\"O blog da Estrat\u00e9gia Concursos traz not\u00edcias sobre concursos e artigos de professores oferecendo cursos para concursos (pdf + videaulas) no site.\",\"publisher\":{\"@id\":\"https:\/\/www.estrategiaconcursos.com.br\/blog\/#organization\"},\"potentialAction\":[{\"@type\":\"SearchAction\",\"target\":{\"@type\":\"EntryPoint\",\"urlTemplate\":\"https:\/\/www.estrategiaconcursos.com.br\/blog\/?s={search_term_string}\"},\"query-input\":{\"@type\":\"PropertyValueSpecification\",\"valueRequired\":true,\"valueName\":\"search_term_string\"}}],\"inLanguage\":\"pt-BR\"},{\"@type\":\"Organization\",\"@id\":\"https:\/\/www.estrategiaconcursos.com.br\/blog\/#organization\",\"name\":\"Estrat\u00e9gia Concursos\",\"url\":\"https:\/\/www.estrategiaconcursos.com.br\/blog\/\",\"logo\":{\"@type\":\"ImageObject\",\"inLanguage\":\"pt-BR\",\"@id\":\"https:\/\/www.estrategiaconcursos.com.br\/blog\/#\/schema\/logo\/image\/\",\"url\":\"https:\/\/dhg1h5j42swfq.cloudfront.net\/2025\/06\/03203428\/logo_concursos-1.jpg\",\"contentUrl\":\"https:\/\/dhg1h5j42swfq.cloudfront.net\/2025\/06\/03203428\/logo_concursos-1.jpg\",\"width\":230,\"height\":60,\"caption\":\"Estrat\u00e9gia Concursos\"},\"image\":{\"@id\":\"https:\/\/www.estrategiaconcursos.com.br\/blog\/#\/schema\/logo\/image\/\"},\"sameAs\":[\"https:\/\/x.com\/EstratConcursos\"]},{\"@type\":\"Person\",\"@id\":\"https:\/\/www.estrategiaconcursos.com.br\/blog\/#\/schema\/person\/cc9e76173880338ce9f656c88664a1f6\",\"name\":\"Diogo Mendes\",\"image\":{\"@type\":\"ImageObject\",\"inLanguage\":\"pt-BR\",\"@id\":\"https:\/\/secure.gravatar.com\/avatar\/9754d6777d460a45ef4067b586b94c32005cc2345a0404b8d96adc620cf63806?s=96&d=mm&r=g\",\"url\":\"https:\/\/secure.gravatar.com\/avatar\/9754d6777d460a45ef4067b586b94c32005cc2345a0404b8d96adc620cf63806?s=96&d=mm&r=g\",\"contentUrl\":\"https:\/\/secure.gravatar.com\/avatar\/9754d6777d460a45ef4067b586b94c32005cc2345a0404b8d96adc620cf63806?s=96&d=mm&r=g\",\"caption\":\"Diogo Mendes\"},\"description\":\"Diogo Mendes \u00e9 jornalista formado pela Universidade Paulista, com experi\u00eancia em reda\u00e7\u00f5es de diversos ve\u00edculos e na produ\u00e7\u00e3o de conte\u00fados especializados em concursos p\u00fablicos. Desde 2019, atua no Estrat\u00e9gia Concursos como Jornalista e Analista de Conte\u00fado, com foco na apura\u00e7\u00e3o de informa\u00e7\u00f5es junto a \u00f3rg\u00e3os e fontes oficiais. Dedica-se especialmente \u00e0 produ\u00e7\u00e3o de not\u00edcias e reportagens sobre Concursos Legislativos, al\u00e9m de acompanhar diariamente os concursos policiais, banc\u00e1rios e da \u00e1rea da sa\u00fade.\",\"url\":\"https:\/\/www.estrategiaconcursos.com.br\/blog\/author\/diogo-mendesestrategiaconcursos-com-br\/\"}]}<\/script>\n<!-- \/ Yoast SEO Premium plugin. -->","yoast_head_json":{"title":"Gabarito Extraoficial PC GO Papiloscopista: confira os recursos!","description":"Confira o gabarito extraoficial da PC GO para o cargo de Papiloscopista realizado pelos professores do Estrat\u00e9gia!","robots":{"index":"index","follow":"follow","max-snippet":"max-snippet:-1","max-image-preview":"max-image-preview:large","max-video-preview":"max-video-preview:-1"},"canonical":"https:\/\/www.estrategiaconcursos.com.br\/blog\/gabarito-extraoficial-pc-go-papiloscopista\/","og_locale":"pt_BR","og_type":"article","og_title":"Gabarito Extraoficial PC GO Papiloscopista: confira os recursos!","og_description":"Confira o gabarito extraoficial da PC GO para o cargo de Papiloscopista realizado pelos professores do Estrat\u00e9gia!","og_url":"https:\/\/www.estrategiaconcursos.com.br\/blog\/gabarito-extraoficial-pc-go-papiloscopista\/","og_site_name":"Estrat\u00e9gia Concursos","article_published_time":"2023-01-09T20:26:00+00:00","article_modified_time":"2023-01-11T12:25:15+00:00","og_image":[{"width":1280,"height":720,"url":"https:\/\/dhg1h5j42swfq.cloudfront.net\/2023\/01\/08182731\/1280-720-max-7.jpg","type":"image\/jpeg"}],"author":"Diogo Mendes","twitter_card":"summary_large_image","twitter_creator":"@EstratConcursos","twitter_site":"@EstratConcursos","twitter_misc":{"Escrito por":"Diogo Mendes","Est. tempo de leitura":"12 minutos"},"schema":{"@context":"https:\/\/schema.org","@graph":[{"@type":"NewsArticle","@id":"https:\/\/www.estrategiaconcursos.com.br\/blog\/gabarito-extraoficial-pc-go-papiloscopista\/#article","isPartOf":{"@id":"https:\/\/www.estrategiaconcursos.com.br\/blog\/gabarito-extraoficial-pc-go-papiloscopista\/"},"author":{"name":"Diogo Mendes","@id":"https:\/\/www.estrategiaconcursos.com.br\/blog\/#\/schema\/person\/cc9e76173880338ce9f656c88664a1f6"},"headline":"Gabarito Extraoficial PC GO Papiloscopista: confira os recursos!","datePublished":"2023-01-09T20:26:00+00:00","dateModified":"2023-01-11T12:25:15+00:00","mainEntityOfPage":{"@id":"https:\/\/www.estrategiaconcursos.com.br\/blog\/gabarito-extraoficial-pc-go-papiloscopista\/"},"wordCount":2432,"commentCount":0,"publisher":{"@id":"https:\/\/www.estrategiaconcursos.com.br\/blog\/#organization"},"image":{"@id":"https:\/\/www.estrategiaconcursos.com.br\/blog\/gabarito-extraoficial-pc-go-papiloscopista\/#primaryimage"},"thumbnailUrl":"https:\/\/dhg1h5j42swfq.cloudfront.net\/2023\/01\/08182731\/1280-720-max-7.jpg","articleSection":["Policial (Peritos, Papiloscopistas)"],"inLanguage":"pt-BR","potentialAction":[{"@type":"CommentAction","name":"Comment","target":["https:\/\/www.estrategiaconcursos.com.br\/blog\/gabarito-extraoficial-pc-go-papiloscopista\/#respond"]}],"copyrightYear":"2023","copyrightHolder":{"@id":"https:\/\/www.estrategiaconcursos.com.br\/blog\/#organization"}},{"@type":"WebPage","@id":"https:\/\/www.estrategiaconcursos.com.br\/blog\/gabarito-extraoficial-pc-go-papiloscopista\/","url":"https:\/\/www.estrategiaconcursos.com.br\/blog\/gabarito-extraoficial-pc-go-papiloscopista\/","name":"Gabarito Extraoficial PC GO Papiloscopista: confira os recursos!","isPartOf":{"@id":"https:\/\/www.estrategiaconcursos.com.br\/blog\/#website"},"primaryImageOfPage":{"@id":"https:\/\/www.estrategiaconcursos.com.br\/blog\/gabarito-extraoficial-pc-go-papiloscopista\/#primaryimage"},"image":{"@id":"https:\/\/www.estrategiaconcursos.com.br\/blog\/gabarito-extraoficial-pc-go-papiloscopista\/#primaryimage"},"thumbnailUrl":"https:\/\/dhg1h5j42swfq.cloudfront.net\/2023\/01\/08182731\/1280-720-max-7.jpg","datePublished":"2023-01-09T20:26:00+00:00","dateModified":"2023-01-11T12:25:15+00:00","description":"Confira o gabarito extraoficial da PC GO para o cargo de Papiloscopista realizado pelos professores do Estrat\u00e9gia!","breadcrumb":{"@id":"https:\/\/www.estrategiaconcursos.com.br\/blog\/gabarito-extraoficial-pc-go-papiloscopista\/#breadcrumb"},"inLanguage":"pt-BR","potentialAction":[{"@type":"ReadAction","target":["https:\/\/www.estrategiaconcursos.com.br\/blog\/gabarito-extraoficial-pc-go-papiloscopista\/"]}]},{"@type":"ImageObject","inLanguage":"pt-BR","@id":"https:\/\/www.estrategiaconcursos.com.br\/blog\/gabarito-extraoficial-pc-go-papiloscopista\/#primaryimage","url":"https:\/\/dhg1h5j42swfq.cloudfront.net\/2023\/01\/08182731\/1280-720-max-7.jpg","contentUrl":"https:\/\/dhg1h5j42swfq.cloudfront.net\/2023\/01\/08182731\/1280-720-max-7.jpg","width":1280,"height":720},{"@type":"BreadcrumbList","@id":"https:\/\/www.estrategiaconcursos.com.br\/blog\/gabarito-extraoficial-pc-go-papiloscopista\/#breadcrumb","itemListElement":[{"@type":"ListItem","position":1,"name":"In\u00edcio","item":"https:\/\/www.estrategiaconcursos.com.br\/blog\/"},{"@type":"ListItem","position":2,"name":"Gabarito Extraoficial PC GO Papiloscopista: confira os recursos!"}]},{"@type":"WebSite","@id":"https:\/\/www.estrategiaconcursos.com.br\/blog\/#website","url":"https:\/\/www.estrategiaconcursos.com.br\/blog\/","name":"Estrat\u00e9gia Concursos","description":"O blog da Estrat\u00e9gia Concursos traz not\u00edcias sobre concursos e artigos de professores oferecendo cursos para concursos (pdf + videaulas) no site.","publisher":{"@id":"https:\/\/www.estrategiaconcursos.com.br\/blog\/#organization"},"potentialAction":[{"@type":"SearchAction","target":{"@type":"EntryPoint","urlTemplate":"https:\/\/www.estrategiaconcursos.com.br\/blog\/?s={search_term_string}"},"query-input":{"@type":"PropertyValueSpecification","valueRequired":true,"valueName":"search_term_string"}}],"inLanguage":"pt-BR"},{"@type":"Organization","@id":"https:\/\/www.estrategiaconcursos.com.br\/blog\/#organization","name":"Estrat\u00e9gia Concursos","url":"https:\/\/www.estrategiaconcursos.com.br\/blog\/","logo":{"@type":"ImageObject","inLanguage":"pt-BR","@id":"https:\/\/www.estrategiaconcursos.com.br\/blog\/#\/schema\/logo\/image\/","url":"https:\/\/dhg1h5j42swfq.cloudfront.net\/2025\/06\/03203428\/logo_concursos-1.jpg","contentUrl":"https:\/\/dhg1h5j42swfq.cloudfront.net\/2025\/06\/03203428\/logo_concursos-1.jpg","width":230,"height":60,"caption":"Estrat\u00e9gia Concursos"},"image":{"@id":"https:\/\/www.estrategiaconcursos.com.br\/blog\/#\/schema\/logo\/image\/"},"sameAs":["https:\/\/x.com\/EstratConcursos"]},{"@type":"Person","@id":"https:\/\/www.estrategiaconcursos.com.br\/blog\/#\/schema\/person\/cc9e76173880338ce9f656c88664a1f6","name":"Diogo Mendes","image":{"@type":"ImageObject","inLanguage":"pt-BR","@id":"https:\/\/secure.gravatar.com\/avatar\/9754d6777d460a45ef4067b586b94c32005cc2345a0404b8d96adc620cf63806?s=96&d=mm&r=g","url":"https:\/\/secure.gravatar.com\/avatar\/9754d6777d460a45ef4067b586b94c32005cc2345a0404b8d96adc620cf63806?s=96&d=mm&r=g","contentUrl":"https:\/\/secure.gravatar.com\/avatar\/9754d6777d460a45ef4067b586b94c32005cc2345a0404b8d96adc620cf63806?s=96&d=mm&r=g","caption":"Diogo Mendes"},"description":"Diogo Mendes \u00e9 jornalista formado pela Universidade Paulista, com experi\u00eancia em reda\u00e7\u00f5es de diversos ve\u00edculos e na produ\u00e7\u00e3o de conte\u00fados especializados em concursos p\u00fablicos. Desde 2019, atua no Estrat\u00e9gia Concursos como Jornalista e Analista de Conte\u00fado, com foco na apura\u00e7\u00e3o de informa\u00e7\u00f5es junto a \u00f3rg\u00e3os e fontes oficiais. Dedica-se especialmente \u00e0 produ\u00e7\u00e3o de not\u00edcias e reportagens sobre Concursos Legislativos, al\u00e9m de acompanhar diariamente os concursos policiais, banc\u00e1rios e da \u00e1rea da sa\u00fade.","url":"https:\/\/www.estrategiaconcursos.com.br\/blog\/author\/diogo-mendesestrategiaconcursos-com-br\/"}]}},"_links":{"self":[{"href":"https:\/\/www.estrategiaconcursos.com.br\/blog\/wp-json\/wp\/v2\/posts\/1149139","targetHints":{"allow":["GET"]}}],"collection":[{"href":"https:\/\/www.estrategiaconcursos.com.br\/blog\/wp-json\/wp\/v2\/posts"}],"about":[{"href":"https:\/\/www.estrategiaconcursos.com.br\/blog\/wp-json\/wp\/v2\/types\/post"}],"author":[{"embeddable":true,"href":"https:\/\/www.estrategiaconcursos.com.br\/blog\/wp-json\/wp\/v2\/users\/1483"}],"replies":[{"embeddable":true,"href":"https:\/\/www.estrategiaconcursos.com.br\/blog\/wp-json\/wp\/v2\/comments?post=1149139"}],"version-history":[{"count":67,"href":"https:\/\/www.estrategiaconcursos.com.br\/blog\/wp-json\/wp\/v2\/posts\/1149139\/revisions"}],"predecessor-version":[{"id":1150758,"href":"https:\/\/www.estrategiaconcursos.com.br\/blog\/wp-json\/wp\/v2\/posts\/1149139\/revisions\/1150758"}],"wp:featuredmedia":[{"embeddable":true,"href":"https:\/\/www.estrategiaconcursos.com.br\/blog\/wp-json\/wp\/v2\/media\/1149146"}],"wp:attachment":[{"href":"https:\/\/www.estrategiaconcursos.com.br\/blog\/wp-json\/wp\/v2\/media?parent=1149139"}],"wp:term":[{"taxonomy":"category","embeddable":true,"href":"https:\/\/www.estrategiaconcursos.com.br\/blog\/wp-json\/wp\/v2\/categories?post=1149139"},{"taxonomy":"post_tag","embeddable":true,"href":"https:\/\/www.estrategiaconcursos.com.br\/blog\/wp-json\/wp\/v2\/tags?post=1149139"},{"taxonomy":"tax_estado","embeddable":true,"href":"https:\/\/www.estrategiaconcursos.com.br\/blog\/wp-json\/wp\/v2\/tax_estado?post=1149139"}],"curies":[{"name":"wp","href":"https:\/\/api.w.org\/{rel}","templated":true}]}}