{"id":1148688,"date":"2023-02-27T14:59:00","date_gmt":"2023-02-27T17:59:00","guid":{"rendered":"https:\/\/www.estrategiaconcursos.com.br\/blog\/?p=1148688"},"modified":"2023-02-27T15:02:05","modified_gmt":"2023-02-27T18:02:05","slug":"concurso-lemeprev","status":"publish","type":"post","link":"https:\/\/www.estrategiaconcursos.com.br\/blog\/concurso-lemeprev\/","title":{"rendered":"Concurso LemePrev SP: gabaritos preliminares divulgados"},"content":{"rendered":"\n<p>Com provas objetivas aplicadas no dia 26 de fevereiro, foram divulgados os <strong>gabaritos preliminares<\/strong> da primeiro etapa do <strong>concurso Lemeprev <\/strong>(Instituto de Previd\u00eancia de Leme). Confira:<\/p>\n\n\n\n<ul class=\"wp-block-list\">\n<li><a href=\"https:\/\/dhg1h5j42swfq.cloudfront.net\/2023\/02\/27145358\/t6e2ldf0wp5hexl9nplq6g6sfen5lbxycw5aftjd.pdf\" target=\"_blank\" rel=\"noreferrer noopener nofollow\">Gabaritos preliminares<\/a><\/li>\n<\/ul>\n\n\n\n<p>Segundo o cronograma, os gabaritos definitivos e o resultado preliminar da prova objetiva ser\u00e3o divulgados no dia <strong>02 de mar\u00e7o<\/strong>.<\/p>\n\n\n\n<p>J\u00e1 no dia <strong>07 de mar\u00e7o<\/strong> \u00e9 prevista a divulga\u00e7\u00e3o das listas provis\u00f3rias com as notas da<strong> prova de t\u00edtulos<\/strong> e de resultado da prova <strong>dissertativa<\/strong>.<\/p>\n\n\n\n<p>Vale lembrar que <strong>1.181 candidatos<\/strong> <strong>se inscreveram<\/strong> para concorrer a uma das duas vagas imediatas ofertadas, al\u00e9m de oportunidades em cadastro reserva<em>.<\/em><\/p>\n\n\n\n<ul class=\"has-background wp-block-list\" style=\"background-color:#e7e9ea\">\n<li><strong>Instituto de Previd\u00eancia de Leme &#8211; SP <\/strong><\/li>\n\n\n\n<li><strong style=\"color: initial;\">Status:<\/strong><span style=\"color: initial;\">\u00a0<\/span>Provas aplicadas\/Gabaritos divulgados<\/li>\n\n\n\n<li><strong>Banca:&nbsp;<\/strong><a href=\"https:\/\/abcp.selecao.net.br\/informacoes\/2686\/\" target=\"_blank\" rel=\"noreferrer noopener\">ABCP<\/a><\/li>\n\n\n\n<li><strong>Vagas:&nbsp;<\/strong>02 + CR<\/li>\n\n\n\n<li><strong>Sal\u00e1rio inicial:&nbsp;<\/strong>R$ 1.501,91 a R$ 6.064,22<\/li>\n\n\n\n<li><strong>Edital:&nbsp;<\/strong><a href=\"https:\/\/dhg1h5j42swfq.cloudfront.net\/2023\/01\/06150328\/edital.pdf\" target=\"_blank\" rel=\"noreferrer noopener nofollow\">Edital Lemeprev<\/a><\/li>\n<\/ul>\n\n\n\n<p>Confira neste artigo os principais detalhes sobre o concurso Lemeprev. Acompanhe os t\u00f3picos abaixo e n\u00e3o perca nenhum detalhe:<\/p>\n\n\n\n<ul class=\"wp-block-list\" id=\"indice\">\n<li><a href=\"#vagas\"><strong>Distribui\u00e7\u00e3o das vagas<\/strong><\/a>\n<ul class=\"wp-block-list\">\n<li><a href=\"#fundamental\">N\u00edvel fundamental<\/a><\/li>\n\n\n\n<li><a href=\"#medio\">N\u00edvel m\u00e9dio\/t\u00e9cnico<\/a><\/li>\n\n\n\n<li><a href=\"#superior\">N\u00edvel superior<\/a><\/li>\n<\/ul>\n<\/li>\n\n\n\n<li><a href=\"#carreira\"><strong>Carreira<\/strong><\/a>\n<ul class=\"wp-block-list\">\n<li><a href=\"#requisitos\">Requisitos<\/a><\/li>\n<\/ul>\n<\/li>\n\n\n\n<li><a href=\"#etapas\"><strong>Etapas<\/strong><\/a>\n<ul class=\"wp-block-list\">\n<li><a href=\"#objetiva\">Prova objetiva<\/a><\/li>\n\n\n\n<li><a href=\"#discursiva\">Prova discursiva<\/a><\/li>\n\n\n\n<li><a href=\"#titulos\">Prova de t\u00edtulos<\/a><\/li>\n<\/ul>\n<\/li>\n\n\n\n<li><a href=\"#cursos\"><strong>Cursos e assinaturas<\/strong><\/a><\/li>\n\n\n\n<li><a href=\"#ficha\"><strong>Ficha t\u00e9cnica<\/strong><\/a><\/li>\n<\/ul>\n\n\n\n<div class=\"container\" id=\"boxes\">\n  <div class=\"row\">\n\n    <div class=\"col-sm\">\n      <div class=\"banner-estrategia\" id=\"box-assinatura\">\n        <h3 class=\"titulo-assinatura\">Cursos para concursos<\/h3>\n        <p class=\"subtitulo-assinatura\">Estude conosco<\/p>\n        <div class=\"box-botao\">\n          <a class=\"btn-assinatura\" target=\"_blank\" href=\"https:\/\/www.estrategiaconcursos.com.br\/cursos\/\" role=\"button\" rel=\"noopener noreferrer\">Conhe\u00e7a os cursos<\/a>\n        <\/div>\n      <\/div>\n     \n    <\/div>\n\n  <\/div>\n<\/div>\n\n\n\n<h2 class=\"wp-block-heading\" id=\"vagas\">Concurso Lemeprev: distribui\u00e7\u00e3o das vagas<\/h2>\n\n\n\n<h3 class=\"wp-block-heading\" id=\"fundamental\">N\u00edvel Fundamental<\/h3>\n\n\n\n<ul class=\"wp-block-list\">\n<li><strong>Agente de Servi\u00e7os P\u00fablicos:<\/strong> CR (R$ 1.501,91)<\/li>\n<\/ul>\n\n\n\n<h3 class=\"wp-block-heading\" id=\"medio\">N\u00edvel m\u00e9dio\/t\u00e9cnico<\/h3>\n\n\n\n<ul class=\"wp-block-list\">\n<li><strong>Agente Administrativo: <\/strong>CR (R$ 1.827,79);<\/li>\n<\/ul>\n\n\n\n<h3 class=\"wp-block-heading\" id=\"superior\">N\u00edvel superior<\/h3>\n\n\n\n<ul class=\"wp-block-list\">\n<li><strong><span style=\"color: initial;\">Contador<\/span><\/strong><span style=\"color: initial;\">: <\/span>CR<span style=\"color: initial;\"> (R$ 4.353,36);<\/span><\/li>\n\n\n\n<li><strong>Procurador Aut\u00e1rquico<\/strong>: CR (R$ 6.064,22);<\/li>\n\n\n\n<li><strong>Analista de Controle Interno:<\/strong> 01 (R$ 4.353,36);<\/li>\n\n\n\n<li><strong>Analista de Tecnologia<\/strong>: 01 (R$ 2.723,97);<\/li>\n\n\n\n<li><strong>Analista Previdenci\u00e1rio<\/strong>: CR (R$ 2.723,97).<\/li>\n<\/ul>\n\n\n\n<h2 class=\"wp-block-heading\" id=\"carreira\">Concurso Lemeprev: carreira<\/h2>\n\n\n\n<h3 class=\"wp-block-heading\" id=\"requisitos\">Requisitos<\/h3>\n\n\n\n<ul class=\"wp-block-list\">\n<li><strong>Agente de Servi\u00e7os P\u00fablicos<\/strong>: Ensino Fundamental Completo<\/li>\n\n\n\n<li><strong>Agente Administrativo<\/strong>: Ensino M\u00e9dio Completo<\/li>\n\n\n\n<li><strong><span style=\"color: initial;\">Contador<\/span><\/strong>: Superior em Ci\u00eancias Cont\u00e1beis e Registro Profissional<\/li>\n\n\n\n<li><strong>Procurador Aut\u00e1rquico<\/strong>: Superior em Direito e Registro Profissional<\/li>\n\n\n\n<li><strong>Analista de Controle Interno<\/strong>: Superior em Gest\u00e3o de Pol\u00edticas P\u00fablicas ou Administra\u00e7\u00e3o P\u00fablica ou Gest\u00e3o P\u00fablica ou Administra\u00e7\u00e3o\/Contabilidade ou Economia ou Direito, com Registro no \u00d3rg\u00e3o\/Conselho de Classe Competente.<\/li>\n\n\n\n<li><strong>Analista de Tecnologia<\/strong>: Superior em Gradua\u00e7\u00e3o em Tecnologia da Informa\u00e7\u00e3o,Gradua\u00e7\u00e3o em Ci\u00eancia da Computa\u00e7\u00e3o, Superior de Tecnologia em An\u00e1lise e Desenvolvimento de Sistemas, Superior de Tecnologia em Banco de Dados, Superior de Tecnologia em gest\u00e3o de Tecnologia da Informa\u00e7\u00e3o, Superior de Tecnologia em Redes de Computadores, Superior de Tecnologia em Redes de Telecomunica\u00e7\u00e3o, Superior de Tecnologia em Sistemas para Internet.<\/li>\n<\/ul>\n\n\n\n<ul class=\"wp-block-list\">\n<li><strong>Analista Previdenci\u00e1rio<\/strong>: Superior em qualquer \u00e1rea de atua\u00e7\u00e3o.<\/li>\n<\/ul>\n\n\n\n<h2 class=\"wp-block-heading\" id=\"etapas\">Concurso Lemeprev: etapas<\/h2>\n\n\n\n<p>Os candidatos inscritos no Concurso Lemeprev foram avaliados de diferentes maneiras a depender do cargo desejado. Todos os candidatos fora, avaliados atrav\u00e9s de provas objetivas e os candidatos para o cargo de<strong> Procurador Aut\u00e1rquico <\/strong>tiveram tamb\u00e9m uma prova discursiva e a etapa de avalia\u00e7\u00e3o de t\u00edtulos.<\/p>\n\n\n\n<h3 class=\"wp-block-heading\" id=\"objetiva\">Prova objetiva<\/h3>\n\n\n\n<p>Com dura\u00e7\u00e3o de 3 horas, a prova objetiva de m\u00faltipla escolha foi atribu\u00eddo um valor de 0 a 10 pontos. O candidato deve obter no m\u00ednimo 50% de acertos no total, ou seja, 5 pontos para ser aprovado.<\/p>\n\n\n\n<figure class=\"wp-block-table is-style-stripes\"><table class=\"has-fixed-layout\"><thead><tr><th class=\"has-text-align-center\" data-align=\"center\">Mat\u00e9ria<\/th><th class=\"has-text-align-center\" data-align=\"center\">N\u00ba de quest\u00f5es<\/th><th class=\"has-text-align-center\" data-align=\"center\">Peso<\/th><th class=\"has-text-align-center\" data-align=\"center\">Pontua\u00e7\u00e3o total<\/th><\/tr><\/thead><tbody><tr><td class=\"has-text-align-center\" data-align=\"center\">L\u00edngua Portuguesa<\/td><td class=\"has-text-align-center\" data-align=\"center\">10<\/td><td class=\"has-text-align-center\" data-align=\"center\">0,2<\/td><td class=\"has-text-align-center\" data-align=\"center\">2,0<\/td><\/tr><tr><td class=\"has-text-align-center\" data-align=\"center\">Matem\u00e1tica<\/td><td class=\"has-text-align-center\" data-align=\"center\">5<\/td><td class=\"has-text-align-center\" data-align=\"center\">0,2<\/td><td class=\"has-text-align-center\" data-align=\"center\">1,0<\/td><\/tr><tr><td class=\"has-text-align-center\" data-align=\"center\">Conhecimentos Gerais e Atualidades<\/td><td class=\"has-text-align-center\" data-align=\"center\">5<\/td><td class=\"has-text-align-center\" data-align=\"center\">0,2<\/td><td class=\"has-text-align-center\" data-align=\"center\">1,0<\/td><\/tr><tr><td class=\"has-text-align-center\" data-align=\"center\">Conhecimentos Espec\u00edficos<\/td><td class=\"has-text-align-center\" data-align=\"center\">30<\/td><td class=\"has-text-align-center\" data-align=\"center\">0,2<\/td><td class=\"has-text-align-center\" data-align=\"center\">6,0<\/td><\/tr><\/tbody><\/table><\/figure>\n\n\n\n<h3 class=\"wp-block-heading\" id=\"discursiva\">Prova discursiva<\/h3>\n\n\n\n<p>A prova discursiva foi aplicada apenas aos candidatos inscritos para o cargo de Procurador Aut\u00e1rquico. Essa etapa tem car\u00e1ter classificat\u00f3rio e eliminat\u00f3rio.<\/p>\n\n\n\n<p>A prova foi composta por uma quest\u00e3o discursiva com dura\u00e7\u00e3o m\u00e1xima de 3 horas. A pontua\u00e7\u00e3o varia entre 0 e 1 ponto. Para que um candidato seja aprovado nessa etapa \u00e9 necess\u00e1rio obter nota igual ou superior a 0,5.<\/p>\n\n\n\n<h3 class=\"wp-block-heading\" id=\"titulos\">Prova de T\u00edtulos<\/h3>\n\n\n\n<p>Assim como a prova discursiva, a avalia\u00e7\u00e3o de t\u00edtulos foi aplicada somente aos candidatos inscritos para o cargo de<strong> Procurador Aut\u00e1rquico<\/strong>. A avalia\u00e7\u00e3o funcionou da seguinte maneira:<\/p>\n\n\n\n<figure class=\"wp-block-image aligncenter size-full\"><img loading=\"lazy\" decoding=\"async\" width=\"871\" height=\"246\" src=\"https:\/\/dhg1h5j42swfq.cloudfront.net\/2023\/01\/06161639\/captura-de-tela-2023-01-06-as-16-15-44.png\" alt=\"Prova de t\u00edtulos do Concurso Lemeprev\" class=\"wp-image-1148752\" srcset=\"https:\/\/dhg1h5j42swfq.cloudfront.net\/2023\/01\/06161639\/captura-de-tela-2023-01-06-as-16-15-44.png 871w, https:\/\/dhg1h5j42swfq.cloudfront.net\/2023\/01\/06161639\/captura-de-tela-2023-01-06-as-16-15-44-300x85.png 300w, https:\/\/dhg1h5j42swfq.cloudfront.net\/2023\/01\/06161639\/captura-de-tela-2023-01-06-as-16-15-44-768x217.png 768w, https:\/\/dhg1h5j42swfq.cloudfront.net\/2023\/01\/06161639\/captura-de-tela-2023-01-06-as-16-15-44-610x172.png 610w, https:\/\/dhg1h5j42swfq.cloudfront.net\/2023\/01\/06161639\/captura-de-tela-2023-01-06-as-16-15-44-150x42.png 150w\" sizes=\"auto, (max-width: 871px) 100vw, 871px\" \/><\/figure>\n\n\n\n<hr class=\"wp-block-separator has-css-opacity\"\/>\n\n\n\n<h2 class=\"has-text-align-center wp-block-heading\" id=\"cursos\"><em>Quer estudar para o Concurso Lemeprev?<\/em><\/h2>\n\n\n\n<div class=\"container\" id=\"boxes\">\n  <div class=\"row\">\n\n    <div class=\"col-sm\">\n      <div class=\"banner-estrategia\" id=\"box-assinatura\">\n        <h3 class=\"titulo-assinatura\">Cursos para concursos<\/h3>\n        <p class=\"subtitulo-assinatura\">Estude conosco<\/p>\n        <div class=\"box-botao\">\n          <a class=\"btn-assinatura\" target=\"_blank\" href=\"https:\/\/www.estrategiaconcursos.com.br\/cursos\/\" role=\"button\" rel=\"noopener noreferrer\">Conhe\u00e7a os cursos<\/a>\n        <\/div>\n      <\/div>\n     \n    <\/div>\n\n  <\/div>\n<\/div>\n\n\n\n<div class=\"container\" id=\"boxes\">\n  <div class=\"row\">\n\n    <div class=\"col-sm\">\n      <div class=\"estrategia\" id=\"box-assinatura\">\n        <h3 class=\"titulo-assinatura\">Assinatura Concursos<\/h3>\n        <p class=\"subtitulo-assinatura\">Assinatura de 1 ano ou 2 anos<\/p>\n        <div class=\"box-botao\">\n          <a class=\"btn-assinatura\" target=\"_blank\" href=\"https:\/\/www.estrategiaconcursos.com.br\/assinaturas\/\" role=\"button\" rel=\"noopener noreferrer\">ASSINE AGORA<\/a>\n        <\/div>\n      <\/div><\/div><\/div><\/div>\n\n\n\n<h2 class=\"has-text-align-center wp-block-heading\" id=\"h-quer-saber-tudo-sobre-concursos-previstos-confira-nossos-artigos\">Quer saber tudo sobre concursos previstos?<br \/>Confira nossos artigos!<\/h2>\n\n\n\n<ul class=\"wp-block-list\">\n<li><a href=\"https:\/\/www.estrategiaconcursos.com.br\/blog\/concursos-abertos\/\" target=\"_blank\" rel=\"noreferrer noopener\">Concursos Abertos<\/a><\/li>\n\n\n\n<li><a href=\"https:\/\/www.estrategiaconcursos.com.br\/blog\/concursos-2023\/\" target=\"_blank\" rel=\"noreferrer noopener\">Concursos 2023<\/a><\/li>\n<\/ul>\n\n\n\n<figure class=\"wp-block-image is-resized\"><img loading=\"lazy\" decoding=\"async\" src=\"https:\/\/dhg1h5j42swfq.cloudfront.net\/2021\/07\/09085319\/ficha-tecnica-2-1024x632.png\" alt=\"Ficha t\u00e9cnica Concurso Lemeprev\" class=\"wp-image-790861\" width=\"299\" height=\"184\" srcset=\"https:\/\/dhg1h5j42swfq.cloudfront.net\/2021\/07\/09085319\/ficha-tecnica-2-1024x632.png 1024w, https:\/\/dhg1h5j42swfq.cloudfront.net\/2021\/07\/09085319\/ficha-tecnica-2-300x185.png 300w, https:\/\/dhg1h5j42swfq.cloudfront.net\/2021\/07\/09085319\/ficha-tecnica-2-768x474.png 768w, https:\/\/dhg1h5j42swfq.cloudfront.net\/2021\/07\/09085319\/ficha-tecnica-2-1536x948.png 1536w, https:\/\/dhg1h5j42swfq.cloudfront.net\/2021\/07\/09085319\/ficha-tecnica-2-610x377.png 610w, https:\/\/dhg1h5j42swfq.cloudfront.net\/2021\/07\/09085319\/ficha-tecnica-2.png 1571w\" sizes=\"auto, (max-width: 299px) 100vw, 299px\" \/><\/figure>\n\n\n\n<h3 class=\"wp-block-heading\" id=\"ficha\">Informa\u00e7\u00f5es do Concurso Lemeprev<\/h3>\n\n\n\n<ul class=\"wp-block-list\">\n<li><strong>Data<\/strong> <strong>da prova: <\/strong>26\/02\/2023<\/li>\n\n\n\n<li><strong>Vagas<\/strong>: 02 + CR<\/li>\n\n\n\n<li><strong>Cargos<\/strong>:&nbsp;V\u00e1rios<\/li>\n\n\n\n<li><strong>Requisito<\/strong>:&nbsp;N\u00edvel Fundamental, M\u00e9dio e Superior<\/li>\n\n\n\n<li><strong>Banca<\/strong>: ABCP<\/li>\n\n\n\n<li><strong>Edital retificado:&nbsp;<\/strong><a href=\"https:\/\/dhg1h5j42swfq.cloudfront.net\/2023\/01\/06150328\/edital.pdf\" target=\"_blank\" rel=\"noreferrer noopener nofollow\">Edital Lemeprev<\/a><\/li>\n<\/ul>\n","protected":false},"excerpt":{"rendered":"<p>Com provas objetivas aplicadas no dia 26 de fevereiro, foram divulgados os gabaritos preliminares da primeiro etapa do concurso Lemeprev (Instituto de Previd\u00eancia de Leme). Confira: Segundo o cronograma, os gabaritos definitivos e o resultado preliminar da prova objetiva ser\u00e3o divulgados no dia 02 de mar\u00e7o. J\u00e1 no dia 07 de mar\u00e7o \u00e9 prevista a [&hellip;]<\/p>\n","protected":false},"author":1,"featured_media":713947,"comment_status":"open","ping_status":"closed","sticky":false,"template":"","format":"standard","meta":{"post_tipo":"news_page","footnotes":""},"categories":[214992,220191],"tags":[],"tax_estado":[219989],"class_list":["post-1148688","post","type-post","status-publish","format-standard","has-post-thumbnail","hentry","category-concursos-administrativos","category-previdenciaria","tax_estado-sp"],"acf":[],"yoast_head":"<!-- This site is optimized with the Yoast SEO Premium plugin v27.2 (Yoast SEO v27.2) - https:\/\/yoast.com\/product\/yoast-seo-premium-wordpress\/ -->\n<title>Concurso LemePrev SP: gabaritos preliminares divulgados<\/title>\n<meta name=\"description\" content=\"Concurso Lemeprev SP: provas aconteceram no dia 26 de fevereiro. Confira os gabaritos preliminares e quando saem os resultados!\" \/>\n<meta name=\"robots\" content=\"index, follow, max-snippet:-1, max-image-preview:large, max-video-preview:-1\" \/>\n<link rel=\"canonical\" href=\"https:\/\/www.estrategiaconcursos.com.br\/blog\/concurso-lemeprev\/\" \/>\n<meta property=\"og:locale\" content=\"pt_BR\" \/>\n<meta property=\"og:type\" content=\"article\" \/>\n<meta property=\"og:title\" content=\"Concurso LemePrev SP: gabaritos preliminares divulgados\" \/>\n<meta property=\"og:description\" content=\"Concurso Lemeprev SP: provas aconteceram no dia 26 de fevereiro. Confira os gabaritos preliminares e quando saem os resultados!\" \/>\n<meta property=\"og:url\" content=\"https:\/\/www.estrategiaconcursos.com.br\/blog\/concurso-lemeprev\/\" \/>\n<meta property=\"og:site_name\" content=\"Estrat\u00e9gia Concursos\" \/>\n<meta property=\"article:author\" content=\"https:\/\/www.facebook.com\/EstrategiaConcursos\" \/>\n<meta property=\"article:published_time\" content=\"2023-02-27T17:59:00+00:00\" \/>\n<meta property=\"article:modified_time\" content=\"2023-02-27T18:02:05+00:00\" \/>\n<meta property=\"og:image\" content=\"https:\/\/dhg1h5j42swfq.cloudfront.net\/2021\/04\/14120721\/concursos-sp.jpg\" \/>\n\t<meta property=\"og:image:width\" content=\"1200\" \/>\n\t<meta property=\"og:image:height\" content=\"628\" \/>\n\t<meta property=\"og:image:type\" content=\"image\/jpeg\" \/>\n<meta name=\"author\" content=\"Coordena\u00e7\u00e3o\" \/>\n<meta name=\"twitter:card\" content=\"summary_large_image\" \/>\n<meta name=\"twitter:creator\" content=\"@EstratConcursos\" \/>\n<meta name=\"twitter:site\" content=\"@EstratConcursos\" \/>\n<meta name=\"twitter:label1\" content=\"Escrito por\" \/>\n\t<meta name=\"twitter:data1\" content=\"Coordena\u00e7\u00e3o\" \/>\n\t<meta name=\"twitter:label2\" content=\"Est. tempo de leitura\" \/>\n\t<meta name=\"twitter:data2\" content=\"3 minutos\" \/>\n<script type=\"application\/ld+json\" class=\"yoast-schema-graph\">{\"@context\":\"https:\/\/schema.org\",\"@graph\":[{\"@type\":\"NewsArticle\",\"@id\":\"https:\/\/www.estrategiaconcursos.com.br\/blog\/concurso-lemeprev\/#article\",\"isPartOf\":{\"@id\":\"https:\/\/www.estrategiaconcursos.com.br\/blog\/concurso-lemeprev\/\"},\"author\":{\"name\":\"Coordena\u00e7\u00e3o\",\"@id\":\"https:\/\/www.estrategiaconcursos.com.br\/blog\/#\/schema\/person\/b4a388c97673c5f483d72185668afa1f\"},\"headline\":\"Concurso LemePrev SP: gabaritos preliminares divulgados\",\"datePublished\":\"2023-02-27T17:59:00+00:00\",\"dateModified\":\"2023-02-27T18:02:05+00:00\",\"mainEntityOfPage\":{\"@id\":\"https:\/\/www.estrategiaconcursos.com.br\/blog\/concurso-lemeprev\/\"},\"wordCount\":691,\"commentCount\":0,\"publisher\":{\"@id\":\"https:\/\/www.estrategiaconcursos.com.br\/blog\/#organization\"},\"image\":{\"@id\":\"https:\/\/www.estrategiaconcursos.com.br\/blog\/concurso-lemeprev\/#primaryimage\"},\"thumbnailUrl\":\"https:\/\/dhg1h5j42swfq.cloudfront.net\/2021\/04\/14120721\/concursos-sp.jpg\",\"articleSection\":[\"Executivo (Administrativa)\",\"Previdenci\u00e1ria (INSS, PREVIC)\"],\"inLanguage\":\"pt-BR\",\"potentialAction\":[{\"@type\":\"CommentAction\",\"name\":\"Comment\",\"target\":[\"https:\/\/www.estrategiaconcursos.com.br\/blog\/concurso-lemeprev\/#respond\"]}],\"copyrightYear\":\"2023\",\"copyrightHolder\":{\"@id\":\"https:\/\/www.estrategiaconcursos.com.br\/blog\/#organization\"}},{\"@type\":\"WebPage\",\"@id\":\"https:\/\/www.estrategiaconcursos.com.br\/blog\/concurso-lemeprev\/\",\"url\":\"https:\/\/www.estrategiaconcursos.com.br\/blog\/concurso-lemeprev\/\",\"name\":\"Concurso LemePrev SP: gabaritos preliminares divulgados\",\"isPartOf\":{\"@id\":\"https:\/\/www.estrategiaconcursos.com.br\/blog\/#website\"},\"primaryImageOfPage\":{\"@id\":\"https:\/\/www.estrategiaconcursos.com.br\/blog\/concurso-lemeprev\/#primaryimage\"},\"image\":{\"@id\":\"https:\/\/www.estrategiaconcursos.com.br\/blog\/concurso-lemeprev\/#primaryimage\"},\"thumbnailUrl\":\"https:\/\/dhg1h5j42swfq.cloudfront.net\/2021\/04\/14120721\/concursos-sp.jpg\",\"datePublished\":\"2023-02-27T17:59:00+00:00\",\"dateModified\":\"2023-02-27T18:02:05+00:00\",\"description\":\"Concurso Lemeprev SP: provas aconteceram no dia 26 de fevereiro. Confira os gabaritos preliminares e quando saem os resultados!\",\"breadcrumb\":{\"@id\":\"https:\/\/www.estrategiaconcursos.com.br\/blog\/concurso-lemeprev\/#breadcrumb\"},\"inLanguage\":\"pt-BR\",\"potentialAction\":[{\"@type\":\"ReadAction\",\"target\":[\"https:\/\/www.estrategiaconcursos.com.br\/blog\/concurso-lemeprev\/\"]}]},{\"@type\":\"ImageObject\",\"inLanguage\":\"pt-BR\",\"@id\":\"https:\/\/www.estrategiaconcursos.com.br\/blog\/concurso-lemeprev\/#primaryimage\",\"url\":\"https:\/\/dhg1h5j42swfq.cloudfront.net\/2021\/04\/14120721\/concursos-sp.jpg\",\"contentUrl\":\"https:\/\/dhg1h5j42swfq.cloudfront.net\/2021\/04\/14120721\/concursos-sp.jpg\",\"width\":1200,\"height\":628,\"caption\":\"Concurso EMCOP Rio Preto\"},{\"@type\":\"BreadcrumbList\",\"@id\":\"https:\/\/www.estrategiaconcursos.com.br\/blog\/concurso-lemeprev\/#breadcrumb\",\"itemListElement\":[{\"@type\":\"ListItem\",\"position\":1,\"name\":\"In\u00edcio\",\"item\":\"https:\/\/www.estrategiaconcursos.com.br\/blog\/\"},{\"@type\":\"ListItem\",\"position\":2,\"name\":\"Concurso LemePrev SP: gabaritos preliminares divulgados\"}]},{\"@type\":\"WebSite\",\"@id\":\"https:\/\/www.estrategiaconcursos.com.br\/blog\/#website\",\"url\":\"https:\/\/www.estrategiaconcursos.com.br\/blog\/\",\"name\":\"Estrat\u00e9gia Concursos\",\"description\":\"O blog da Estrat\u00e9gia Concursos traz not\u00edcias sobre concursos e artigos de professores oferecendo cursos para concursos (pdf + videaulas) no site.\",\"publisher\":{\"@id\":\"https:\/\/www.estrategiaconcursos.com.br\/blog\/#organization\"},\"potentialAction\":[{\"@type\":\"SearchAction\",\"target\":{\"@type\":\"EntryPoint\",\"urlTemplate\":\"https:\/\/www.estrategiaconcursos.com.br\/blog\/?s={search_term_string}\"},\"query-input\":{\"@type\":\"PropertyValueSpecification\",\"valueRequired\":true,\"valueName\":\"search_term_string\"}}],\"inLanguage\":\"pt-BR\"},{\"@type\":\"Organization\",\"@id\":\"https:\/\/www.estrategiaconcursos.com.br\/blog\/#organization\",\"name\":\"Estrat\u00e9gia Concursos\",\"url\":\"https:\/\/www.estrategiaconcursos.com.br\/blog\/\",\"logo\":{\"@type\":\"ImageObject\",\"inLanguage\":\"pt-BR\",\"@id\":\"https:\/\/www.estrategiaconcursos.com.br\/blog\/#\/schema\/logo\/image\/\",\"url\":\"https:\/\/dhg1h5j42swfq.cloudfront.net\/2025\/06\/03203428\/logo_concursos-1.jpg\",\"contentUrl\":\"https:\/\/dhg1h5j42swfq.cloudfront.net\/2025\/06\/03203428\/logo_concursos-1.jpg\",\"width\":230,\"height\":60,\"caption\":\"Estrat\u00e9gia Concursos\"},\"image\":{\"@id\":\"https:\/\/www.estrategiaconcursos.com.br\/blog\/#\/schema\/logo\/image\/\"},\"sameAs\":[\"https:\/\/x.com\/EstratConcursos\"]},{\"@type\":\"Person\",\"@id\":\"https:\/\/www.estrategiaconcursos.com.br\/blog\/#\/schema\/person\/b4a388c97673c5f483d72185668afa1f\",\"name\":\"Coordena\u00e7\u00e3o\",\"image\":{\"@type\":\"ImageObject\",\"inLanguage\":\"pt-BR\",\"@id\":\"https:\/\/secure.gravatar.com\/avatar\/b720319e4c9a967eb58678d110f4fe35452fc5d5f97b202bac7b8acceb18c6ad?s=96&d=mm&r=g\",\"url\":\"https:\/\/secure.gravatar.com\/avatar\/b720319e4c9a967eb58678d110f4fe35452fc5d5f97b202bac7b8acceb18c6ad?s=96&d=mm&r=g\",\"contentUrl\":\"https:\/\/secure.gravatar.com\/avatar\/b720319e4c9a967eb58678d110f4fe35452fc5d5f97b202bac7b8acceb18c6ad?s=96&d=mm&r=g\",\"caption\":\"Coordena\u00e7\u00e3o\"},\"sameAs\":[\"https:\/\/www.facebook.com\/EstrategiaConcursos\",\"https:\/\/x.com\/EstratConcursos\"],\"url\":\"https:\/\/www.estrategiaconcursos.com.br\/blog\/author\/estrategia2013\/\"}]}<\/script>\n<!-- \/ Yoast SEO Premium plugin. -->","yoast_head_json":{"title":"Concurso LemePrev SP: gabaritos preliminares divulgados","description":"Concurso Lemeprev SP: provas aconteceram no dia 26 de fevereiro. Confira os gabaritos preliminares e quando saem os resultados!","robots":{"index":"index","follow":"follow","max-snippet":"max-snippet:-1","max-image-preview":"max-image-preview:large","max-video-preview":"max-video-preview:-1"},"canonical":"https:\/\/www.estrategiaconcursos.com.br\/blog\/concurso-lemeprev\/","og_locale":"pt_BR","og_type":"article","og_title":"Concurso LemePrev SP: gabaritos preliminares divulgados","og_description":"Concurso Lemeprev SP: provas aconteceram no dia 26 de fevereiro. Confira os gabaritos preliminares e quando saem os resultados!","og_url":"https:\/\/www.estrategiaconcursos.com.br\/blog\/concurso-lemeprev\/","og_site_name":"Estrat\u00e9gia Concursos","article_author":"https:\/\/www.facebook.com\/EstrategiaConcursos","article_published_time":"2023-02-27T17:59:00+00:00","article_modified_time":"2023-02-27T18:02:05+00:00","og_image":[{"width":1200,"height":628,"url":"https:\/\/dhg1h5j42swfq.cloudfront.net\/2021\/04\/14120721\/concursos-sp.jpg","type":"image\/jpeg"}],"author":"Coordena\u00e7\u00e3o","twitter_card":"summary_large_image","twitter_creator":"@EstratConcursos","twitter_site":"@EstratConcursos","twitter_misc":{"Escrito por":"Coordena\u00e7\u00e3o","Est. tempo de leitura":"3 minutos"},"schema":{"@context":"https:\/\/schema.org","@graph":[{"@type":"NewsArticle","@id":"https:\/\/www.estrategiaconcursos.com.br\/blog\/concurso-lemeprev\/#article","isPartOf":{"@id":"https:\/\/www.estrategiaconcursos.com.br\/blog\/concurso-lemeprev\/"},"author":{"name":"Coordena\u00e7\u00e3o","@id":"https:\/\/www.estrategiaconcursos.com.br\/blog\/#\/schema\/person\/b4a388c97673c5f483d72185668afa1f"},"headline":"Concurso LemePrev SP: gabaritos preliminares divulgados","datePublished":"2023-02-27T17:59:00+00:00","dateModified":"2023-02-27T18:02:05+00:00","mainEntityOfPage":{"@id":"https:\/\/www.estrategiaconcursos.com.br\/blog\/concurso-lemeprev\/"},"wordCount":691,"commentCount":0,"publisher":{"@id":"https:\/\/www.estrategiaconcursos.com.br\/blog\/#organization"},"image":{"@id":"https:\/\/www.estrategiaconcursos.com.br\/blog\/concurso-lemeprev\/#primaryimage"},"thumbnailUrl":"https:\/\/dhg1h5j42swfq.cloudfront.net\/2021\/04\/14120721\/concursos-sp.jpg","articleSection":["Executivo (Administrativa)","Previdenci\u00e1ria (INSS, PREVIC)"],"inLanguage":"pt-BR","potentialAction":[{"@type":"CommentAction","name":"Comment","target":["https:\/\/www.estrategiaconcursos.com.br\/blog\/concurso-lemeprev\/#respond"]}],"copyrightYear":"2023","copyrightHolder":{"@id":"https:\/\/www.estrategiaconcursos.com.br\/blog\/#organization"}},{"@type":"WebPage","@id":"https:\/\/www.estrategiaconcursos.com.br\/blog\/concurso-lemeprev\/","url":"https:\/\/www.estrategiaconcursos.com.br\/blog\/concurso-lemeprev\/","name":"Concurso LemePrev SP: gabaritos preliminares divulgados","isPartOf":{"@id":"https:\/\/www.estrategiaconcursos.com.br\/blog\/#website"},"primaryImageOfPage":{"@id":"https:\/\/www.estrategiaconcursos.com.br\/blog\/concurso-lemeprev\/#primaryimage"},"image":{"@id":"https:\/\/www.estrategiaconcursos.com.br\/blog\/concurso-lemeprev\/#primaryimage"},"thumbnailUrl":"https:\/\/dhg1h5j42swfq.cloudfront.net\/2021\/04\/14120721\/concursos-sp.jpg","datePublished":"2023-02-27T17:59:00+00:00","dateModified":"2023-02-27T18:02:05+00:00","description":"Concurso Lemeprev SP: provas aconteceram no dia 26 de fevereiro. Confira os gabaritos preliminares e quando saem os resultados!","breadcrumb":{"@id":"https:\/\/www.estrategiaconcursos.com.br\/blog\/concurso-lemeprev\/#breadcrumb"},"inLanguage":"pt-BR","potentialAction":[{"@type":"ReadAction","target":["https:\/\/www.estrategiaconcursos.com.br\/blog\/concurso-lemeprev\/"]}]},{"@type":"ImageObject","inLanguage":"pt-BR","@id":"https:\/\/www.estrategiaconcursos.com.br\/blog\/concurso-lemeprev\/#primaryimage","url":"https:\/\/dhg1h5j42swfq.cloudfront.net\/2021\/04\/14120721\/concursos-sp.jpg","contentUrl":"https:\/\/dhg1h5j42swfq.cloudfront.net\/2021\/04\/14120721\/concursos-sp.jpg","width":1200,"height":628,"caption":"Concurso EMCOP Rio Preto"},{"@type":"BreadcrumbList","@id":"https:\/\/www.estrategiaconcursos.com.br\/blog\/concurso-lemeprev\/#breadcrumb","itemListElement":[{"@type":"ListItem","position":1,"name":"In\u00edcio","item":"https:\/\/www.estrategiaconcursos.com.br\/blog\/"},{"@type":"ListItem","position":2,"name":"Concurso LemePrev SP: gabaritos preliminares divulgados"}]},{"@type":"WebSite","@id":"https:\/\/www.estrategiaconcursos.com.br\/blog\/#website","url":"https:\/\/www.estrategiaconcursos.com.br\/blog\/","name":"Estrat\u00e9gia Concursos","description":"O blog da Estrat\u00e9gia Concursos traz not\u00edcias sobre concursos e artigos de professores oferecendo cursos para concursos (pdf + videaulas) no site.","publisher":{"@id":"https:\/\/www.estrategiaconcursos.com.br\/blog\/#organization"},"potentialAction":[{"@type":"SearchAction","target":{"@type":"EntryPoint","urlTemplate":"https:\/\/www.estrategiaconcursos.com.br\/blog\/?s={search_term_string}"},"query-input":{"@type":"PropertyValueSpecification","valueRequired":true,"valueName":"search_term_string"}}],"inLanguage":"pt-BR"},{"@type":"Organization","@id":"https:\/\/www.estrategiaconcursos.com.br\/blog\/#organization","name":"Estrat\u00e9gia Concursos","url":"https:\/\/www.estrategiaconcursos.com.br\/blog\/","logo":{"@type":"ImageObject","inLanguage":"pt-BR","@id":"https:\/\/www.estrategiaconcursos.com.br\/blog\/#\/schema\/logo\/image\/","url":"https:\/\/dhg1h5j42swfq.cloudfront.net\/2025\/06\/03203428\/logo_concursos-1.jpg","contentUrl":"https:\/\/dhg1h5j42swfq.cloudfront.net\/2025\/06\/03203428\/logo_concursos-1.jpg","width":230,"height":60,"caption":"Estrat\u00e9gia Concursos"},"image":{"@id":"https:\/\/www.estrategiaconcursos.com.br\/blog\/#\/schema\/logo\/image\/"},"sameAs":["https:\/\/x.com\/EstratConcursos"]},{"@type":"Person","@id":"https:\/\/www.estrategiaconcursos.com.br\/blog\/#\/schema\/person\/b4a388c97673c5f483d72185668afa1f","name":"Coordena\u00e7\u00e3o","image":{"@type":"ImageObject","inLanguage":"pt-BR","@id":"https:\/\/secure.gravatar.com\/avatar\/b720319e4c9a967eb58678d110f4fe35452fc5d5f97b202bac7b8acceb18c6ad?s=96&d=mm&r=g","url":"https:\/\/secure.gravatar.com\/avatar\/b720319e4c9a967eb58678d110f4fe35452fc5d5f97b202bac7b8acceb18c6ad?s=96&d=mm&r=g","contentUrl":"https:\/\/secure.gravatar.com\/avatar\/b720319e4c9a967eb58678d110f4fe35452fc5d5f97b202bac7b8acceb18c6ad?s=96&d=mm&r=g","caption":"Coordena\u00e7\u00e3o"},"sameAs":["https:\/\/www.facebook.com\/EstrategiaConcursos","https:\/\/x.com\/EstratConcursos"],"url":"https:\/\/www.estrategiaconcursos.com.br\/blog\/author\/estrategia2013\/"}]}},"_links":{"self":[{"href":"https:\/\/www.estrategiaconcursos.com.br\/blog\/wp-json\/wp\/v2\/posts\/1148688","targetHints":{"allow":["GET"]}}],"collection":[{"href":"https:\/\/www.estrategiaconcursos.com.br\/blog\/wp-json\/wp\/v2\/posts"}],"about":[{"href":"https:\/\/www.estrategiaconcursos.com.br\/blog\/wp-json\/wp\/v2\/types\/post"}],"author":[{"embeddable":true,"href":"https:\/\/www.estrategiaconcursos.com.br\/blog\/wp-json\/wp\/v2\/users\/1"}],"replies":[{"embeddable":true,"href":"https:\/\/www.estrategiaconcursos.com.br\/blog\/wp-json\/wp\/v2\/comments?post=1148688"}],"version-history":[{"count":12,"href":"https:\/\/www.estrategiaconcursos.com.br\/blog\/wp-json\/wp\/v2\/posts\/1148688\/revisions"}],"predecessor-version":[{"id":1178177,"href":"https:\/\/www.estrategiaconcursos.com.br\/blog\/wp-json\/wp\/v2\/posts\/1148688\/revisions\/1178177"}],"wp:featuredmedia":[{"embeddable":true,"href":"https:\/\/www.estrategiaconcursos.com.br\/blog\/wp-json\/wp\/v2\/media\/713947"}],"wp:attachment":[{"href":"https:\/\/www.estrategiaconcursos.com.br\/blog\/wp-json\/wp\/v2\/media?parent=1148688"}],"wp:term":[{"taxonomy":"category","embeddable":true,"href":"https:\/\/www.estrategiaconcursos.com.br\/blog\/wp-json\/wp\/v2\/categories?post=1148688"},{"taxonomy":"post_tag","embeddable":true,"href":"https:\/\/www.estrategiaconcursos.com.br\/blog\/wp-json\/wp\/v2\/tags?post=1148688"},{"taxonomy":"tax_estado","embeddable":true,"href":"https:\/\/www.estrategiaconcursos.com.br\/blog\/wp-json\/wp\/v2\/tax_estado?post=1148688"}],"curies":[{"name":"wp","href":"https:\/\/api.w.org\/{rel}","templated":true}]}}